{"id":952,"date":"2022-06-15T11:27:42","date_gmt":"2022-06-15T14:27:42","guid":{"rendered":"https:\/\/redelog.rj.gov.br\/redetrans\/?p=952"},"modified":"2023-08-24T15:45:36","modified_gmt":"2023-08-24T18:45:36","slug":"substituicao-temporaria-de-veiculos","status":"publish","type":"post","link":"https:\/\/redelog.rj.gov.br\/redetrans\/substituicao-temporaria-de-veiculos\/","title":{"rendered":"SUBSTITUI\u00c7\u00c3O TEMPOR\u00c1RIA DE VE\u00cdCULOS"},"content":{"rendered":"\t\t<div data-elementor-type=\"wp-post\" data-elementor-id=\"952\" class=\"elementor elementor-952\" data-elementor-post-type=\"post\">\n\t\t\t\t\t\t<section class=\"elementor-section elementor-top-section elementor-element elementor-element-ed410a7 elementor-section-boxed elementor-section-height-default elementor-section-height-default\" data-id=\"ed410a7\" data-element_type=\"section\" data-settings=\"{&quot;jet_parallax_layout_list&quot;:[]}\">\n\t\t\t\t\t\t<div class=\"elementor-container elementor-column-gap-default\">\n\t\t\t\t\t<div class=\"elementor-column elementor-col-100 elementor-top-column elementor-element elementor-element-218751f\" data-id=\"218751f\" data-element_type=\"column\">\n\t\t\t<div class=\"elementor-widget-wrap elementor-element-populated\">\n\t\t\t\t\t\t<div class=\"elementor-element elementor-element-abab28c elementor-widget-divider--view-line elementor-widget elementor-widget-divider\" data-id=\"abab28c\" data-element_type=\"widget\" data-widget_type=\"divider.default\">\n\t\t\t\t<div class=\"elementor-widget-container\">\n\t\t\t\t\t\t\t<div class=\"elementor-divider\">\n\t\t\t<span class=\"elementor-divider-separator\">\n\t\t\t\t\t\t<\/span>\n\t\t<\/div>\n\t\t\t\t\t\t<\/div>\n\t\t\t\t<\/div>\n\t\t\t\t<div class=\"elementor-element elementor-element-6859841 elementor-widget elementor-widget-image\" data-id=\"6859841\" data-element_type=\"widget\" data-widget_type=\"image.default\">\n\t\t\t\t<div class=\"elementor-widget-container\">\n\t\t\t\t\t\t\t\t\t\t\t\t\t\t\t<img fetchpriority=\"high\" decoding=\"async\" width=\"822\" height=\"391\" src=\"https:\/\/redelog.rj.gov.br\/redetrans\/wp-content\/uploads\/2022\/06\/m.png\" class=\"attachment-large size-large wp-image-1491\" alt=\"\" srcset=\"https:\/\/redelog.rj.gov.br\/redetrans\/wp-content\/uploads\/2022\/06\/m.png 822w, https:\/\/redelog.rj.gov.br\/redetrans\/wp-content\/uploads\/2022\/06\/m-300x143.png 300w, https:\/\/redelog.rj.gov.br\/redetrans\/wp-content\/uploads\/2022\/06\/m-768x365.png 768w, https:\/\/redelog.rj.gov.br\/redetrans\/wp-content\/uploads\/2022\/06\/m-600x285.png 600w\" sizes=\"(max-width: 822px) 100vw, 822px\" \/>\t\t\t\t\t\t\t\t\t\t\t\t\t\t\t<\/div>\n\t\t\t\t<\/div>\n\t\t\t\t<div class=\"elementor-element elementor-element-30a6bf8 elementor-widget elementor-widget-spacer\" data-id=\"30a6bf8\" data-element_type=\"widget\" data-widget_type=\"spacer.default\">\n\t\t\t\t<div class=\"elementor-widget-container\">\n\t\t\t\t\t\t\t<div class=\"elementor-spacer\">\n\t\t\t<div class=\"elementor-spacer-inner\"><\/div>\n\t\t<\/div>\n\t\t\t\t\t\t<\/div>\n\t\t\t\t<\/div>\n\t\t\t\t<div class=\"elementor-element elementor-element-e45ce4d elementor-widget elementor-widget-text-editor\" data-id=\"e45ce4d\" data-element_type=\"widget\" data-widget_type=\"text-editor.default\">\n\t\t\t\t<div class=\"elementor-widget-container\">\n\t\t\t\t\t\t\t\t\t<p>Nos casos de manuten\u00e7\u00e3o preventiva ou corretiva, o ve\u00edculo poder\u00e1 ser substitu\u00eddo por outro. Para tanto, essa solicita\u00e7\u00e3o dever\u00e1 ser realizada atrav\u00e9s de um processo SEI, submetido ao \u00d3rg\u00e3o Central. O ve\u00edculo considerado reserva ou provis\u00f3rio, utilizar\u00e1 para abastecimento um cart\u00e3o reserva, e sua associa\u00e7\u00e3o ser\u00e1 atribui\u00e7\u00e3o do \u00d3rg\u00e3o Central de Log\u00edstica. Os procedimentos para credenciamento de ve\u00edculo reserva, dever\u00e3o obedecer os mesmos par\u00e2metros definidos para o ve\u00edculo definitivo.<\/p>\t\t\t\t\t\t\t\t<\/div>\n\t\t\t\t<\/div>\n\t\t\t\t<div class=\"elementor-element elementor-element-0f5dce8 elementor-widget-divider--view-line elementor-widget elementor-widget-divider\" data-id=\"0f5dce8\" data-element_type=\"widget\" data-widget_type=\"divider.default\">\n\t\t\t\t<div class=\"elementor-widget-container\">\n\t\t\t\t\t\t\t<div class=\"elementor-divider\">\n\t\t\t<span class=\"elementor-divider-separator\">\n\t\t\t\t\t\t<\/span>\n\t\t<\/div>\n\t\t\t\t\t\t<\/div>\n\t\t\t\t<\/div>\n\t\t\t\t<section class=\"elementor-section elementor-inner-section elementor-element elementor-element-f4c6ac3 elementor-section-boxed elementor-section-height-default elementor-section-height-default\" data-id=\"f4c6ac3\" data-element_type=\"section\" data-settings=\"{&quot;jet_parallax_layout_list&quot;:[]}\">\n\t\t\t\t\t\t<div class=\"elementor-container elementor-column-gap-default\">\n\t\t\t\t\t<div class=\"elementor-column elementor-col-50 elementor-inner-column elementor-element elementor-element-0b82cfe\" data-id=\"0b82cfe\" data-element_type=\"column\">\n\t\t\t<div class=\"elementor-widget-wrap elementor-element-populated\">\n\t\t\t\t\t\t<div class=\"elementor-element elementor-element-733d791 elementor-widget elementor-widget-text-editor\" data-id=\"733d791\" data-element_type=\"widget\" data-widget_type=\"text-editor.default\">\n\t\t\t\t<div class=\"elementor-widget-container\">\n\t\t\t\t\t\t\t\t\t<p><a href=\"https:\/\/redelog.rj.gov.br\/redetrans\/procedimento-para-inclusao-veiculos-blindados-2\/\"><strong>\u2190 Procedimento para Inclus\u00e3o de Ve\u00edculos Blindados<\/strong><\/a><\/p>\t\t\t\t\t\t\t\t<\/div>\n\t\t\t\t<\/div>\n\t\t\t\t\t<\/div>\n\t\t<\/div>\n\t\t\t\t<div class=\"elementor-column elementor-col-50 elementor-inner-column elementor-element elementor-element-29433ea\" data-id=\"29433ea\" data-element_type=\"column\">\n\t\t\t<div class=\"elementor-widget-wrap elementor-element-populated\">\n\t\t\t\t\t\t<div class=\"elementor-element elementor-element-857abfb elementor-widget elementor-widget-text-editor\" data-id=\"857abfb\" data-element_type=\"widget\" data-widget_type=\"text-editor.default\">\n\t\t\t\t<div class=\"elementor-widget-container\">\n\t\t\t\t\t\t\t\t\t<p style=\"text-align: right;\"><a href=\"https:\/\/redelog.rj.gov.br\/redetrans\/gestao-de-transporte\/\"><strong>Gest\u00e3o de Transporte \u2192<\/strong><\/a><\/p>\t\t\t\t\t\t\t\t<\/div>\n\t\t\t\t<\/div>\n\t\t\t\t\t<\/div>\n\t\t<\/div>\n\t\t\t\t\t<\/div>\n\t\t<\/section>\n\t\t\t\t<div class=\"elementor-element elementor-element-5b6ee9e elementor-widget elementor-widget-shortcode\" data-id=\"5b6ee9e\" data-element_type=\"widget\" data-widget_type=\"shortcode.default\">\n\t\t\t\t<div class=\"elementor-widget-container\">\n\t\t\t\t\t\t\t<div class=\"elementor-shortcode\"><div class='printomatic pom-default ' id='id590' alt='Imprimir' title='Imprimir' data-print_target='article'><\/div> <div class='printomatictext' id='id590' alt='Imprimir' title='Imprimir' data-print_target='article'>Imprimir<\/div><div style='clear: both;'><\/div><\/div>\n\t\t\t\t\t\t<\/div>\n\t\t\t\t<\/div>\n\t\t\t\t\t<\/div>\n\t\t<\/div>\n\t\t\t\t\t<\/div>\n\t\t<\/section>\n\t\t\t\t<\/div>\n\t\t","protected":false},"excerpt":{"rendered":"<p>Nos casos de manuten\u00e7\u00e3o preventiva ou corretiva, o ve\u00edculo poder\u00e1 ser substitu\u00eddo por outro. Para tanto, essa solicita\u00e7\u00e3o dever\u00e1 ser realizada atrav\u00e9s de um processo SEI, submetido ao \u00d3rg\u00e3o Central. O ve\u00edculo considerado reserva ou provis\u00f3rio, utilizar\u00e1 para abastecimento um cart\u00e3o reserva, e sua associa\u00e7\u00e3o ser\u00e1 atribui\u00e7\u00e3o do \u00d3rg\u00e3o Central de Log\u00edstica. Os procedimentos para [&hellip;]<\/p>\n","protected":false},"author":2,"featured_media":0,"comment_status":"closed","ping_status":"open","sticky":false,"template":"","format":"standard","meta":{"footnotes":""},"categories":[22],"tags":[],"class_list":["post-952","post","type-post","status-publish","format-standard","hentry","category-base-conhecimentos-cat"],"_links":{"self":[{"href":"https:\/\/redelog.rj.gov.br\/redetrans\/wp-json\/wp\/v2\/posts\/952","targetHints":{"allow":["GET"]}}],"collection":[{"href":"https:\/\/redelog.rj.gov.br\/redetrans\/wp-json\/wp\/v2\/posts"}],"about":[{"href":"https:\/\/redelog.rj.gov.br\/redetrans\/wp-json\/wp\/v2\/types\/post"}],"author":[{"embeddable":true,"href":"https:\/\/redelog.rj.gov.br\/redetrans\/wp-json\/wp\/v2\/users\/2"}],"replies":[{"embeddable":true,"href":"https:\/\/redelog.rj.gov.br\/redetrans\/wp-json\/wp\/v2\/comments?post=952"}],"version-history":[{"count":43,"href":"https:\/\/redelog.rj.gov.br\/redetrans\/wp-json\/wp\/v2\/posts\/952\/revisions"}],"predecessor-version":[{"id":1998,"href":"https:\/\/redelog.rj.gov.br\/redetrans\/wp-json\/wp\/v2\/posts\/952\/revisions\/1998"}],"wp:attachment":[{"href":"https:\/\/redelog.rj.gov.br\/redetrans\/wp-json\/wp\/v2\/media?parent=952"}],"wp:term":[{"taxonomy":"category","embeddable":true,"href":"https:\/\/redelog.rj.gov.br\/redetrans\/wp-json\/wp\/v2\/categories?post=952"},{"taxonomy":"post_tag","embeddable":true,"href":"https:\/\/redelog.rj.gov.br\/redetrans\/wp-json\/wp\/v2\/tags?post=952"}],"curies":[{"name":"wp","href":"https:\/\/api.w.org\/{rel}","templated":true}]}}