{"id":950,"date":"2022-06-15T11:27:15","date_gmt":"2022-06-15T14:27:15","guid":{"rendered":"https:\/\/redelog.rj.gov.br\/redetrans\/?p=950"},"modified":"2025-08-26T09:23:00","modified_gmt":"2025-08-26T12:23:00","slug":"identificacao-de-veiculos","status":"publish","type":"post","link":"https:\/\/redelog.rj.gov.br\/redetrans\/identificacao-de-veiculos\/","title":{"rendered":"IDENTIFICA\u00c7\u00c3O DE VE\u00cdCULOS"},"content":{"rendered":"\t\t<div data-elementor-type=\"wp-post\" data-elementor-id=\"950\" class=\"elementor elementor-950\" data-elementor-post-type=\"post\">\n\t\t\t\t\t\t<section class=\"elementor-section elementor-top-section elementor-element elementor-element-ed410a7 elementor-section-boxed elementor-section-height-default elementor-section-height-default\" data-id=\"ed410a7\" data-element_type=\"section\" data-settings=\"{&quot;jet_parallax_layout_list&quot;:[]}\">\n\t\t\t\t\t\t<div class=\"elementor-container elementor-column-gap-default\">\n\t\t\t\t\t<div class=\"elementor-column elementor-col-100 elementor-top-column elementor-element elementor-element-218751f\" data-id=\"218751f\" data-element_type=\"column\">\n\t\t\t<div class=\"elementor-widget-wrap elementor-element-populated\">\n\t\t\t\t\t\t<div class=\"elementor-element elementor-element-abab28c elementor-widget-divider--view-line elementor-widget elementor-widget-divider\" data-id=\"abab28c\" data-element_type=\"widget\" data-widget_type=\"divider.default\">\n\t\t\t\t<div class=\"elementor-widget-container\">\n\t\t\t\t\t\t\t<div class=\"elementor-divider\">\n\t\t\t<span class=\"elementor-divider-separator\">\n\t\t\t\t\t\t<\/span>\n\t\t<\/div>\n\t\t\t\t\t\t<\/div>\n\t\t\t\t<\/div>\n\t\t\t\t<div class=\"elementor-element elementor-element-e45ce4d elementor-widget elementor-widget-text-editor\" data-id=\"e45ce4d\" data-element_type=\"widget\" data-widget_type=\"text-editor.default\">\n\t\t\t\t<div class=\"elementor-widget-container\">\n\t\t\t\t\t\t\t\t\t<p><strong>\u00a0 \u00a0 \u00a0 \u00a0 \u00a0 \u00a0 \u00a0 \u00a0 \u00a0 \u00a0 \u00a0 \u00a0 \u00a0 \u00a0 \u00a0 \u00a0 \u00a0 \u00a0 \u00a0 \u00a0 \u00a0 \u00a0 \u00a0 \u00a0 \u00a0 \u00a0 \u00a0 \u00a0 \u00a0 \u00a0 \u00a0 \u00a0 \u00a0 \u00a0 \u00a0 \u00a0Se\u00e7\u00e3o II<\/strong><\/p><p><strong>\u00a0 \u00a0 \u00a0 \u00a0 \u00a0 \u00a0 \u00a0 \u00a0 \u00a0 \u00a0 \u00a0 \u00a0 \u00a0 \u00a0 \u00a0 \u00a0 \u00a0 \u00a0 Da identifica\u00e7\u00e3o dos ve\u00edculos da frota estadual<\/strong><\/p><p>Art. 25. Os ve\u00edculos de servi\u00e7o, pr\u00f3prios ou locados, da frota estadual devem ser identificados por adesivos, conforme padr\u00f5es definidos no Anexo IV desta Resolu\u00e7\u00e3o.<\/p><p>Par\u00e1grafo\u00a0\u00danico. O disposto no caput deste artigo n\u00e3o se aplica aos ve\u00edculos operacionais e de representa\u00e7\u00e3o dos \u00f3rg\u00e3os ou entidades do Poder Executivo do Estado do Rio de Janeiro, conforme previsto no art. 19 do Decreto n.\u00ba 47.298, de 2020.<\/p><p>Art. 26. A confec\u00e7\u00e3o dos adesivos dever\u00e1 ser providenciada pelos respectivos \u00f3rg\u00e3os ou entidades detentores de ve\u00edculos pr\u00f3prios ou que tenham ve\u00edculos de terceiros que estejam sob sua responsabilidade.<\/p><p>Art. 27. Os ve\u00edculos de servi\u00e7o que n\u00e3o tiverem qualquer tipo de identifica\u00e7\u00e3o dever\u00e3o ser adequados \u00e0 padroniza\u00e7\u00e3o estabelecida nesta Resolu\u00e7\u00e3o.<\/p><p>Art. 28. A Secretaria de Estado de Pol\u00edcia Militar \u2013 SEPM, a Secretaria de Estado de Defesa Civil \u2013 SEDEC, a Secretaria de Estado de Pol\u00edcia Civil \u2013 SEPOL, a Secretaria de Estado de Administra\u00e7\u00e3o Penitenci\u00e1ria \u2013 SEAP, e o Departamento Geral de A\u00e7\u00f5es Socioeducativas \u2013 DEGASE, atribuir\u00e3o \u00e0s suas viaturas, na forma de regulamento interno, prefixo e n\u00famero de ordem para identifica\u00e7\u00e3o.<\/p><div class=\"elementor-element elementor-element-f340ace elementor-widget elementor-widget-text-editor\" data-id=\"f340ace\" data-element_type=\"widget\" data-widget_type=\"text-editor.default\"><div class=\"elementor-widget-container\"><p>Conforme disposto na resolu\u00e7\u00e3o\u00a0<a href=\"https:\/\/redelog.rj.gov.br\/redelog\/resolucao-seplag-no-340-de-26-de-novembro-de-2024\/\">SEPLAG N\u00b0 340<\/a><\/p><\/div><\/div><div class=\"elementor-element elementor-element-af6671c elementor-widget-divider--view-line elementor-widget elementor-widget-divider\" data-id=\"af6671c\" data-element_type=\"widget\" data-widget_type=\"divider.default\"><div class=\"elementor-widget-container\"><div class=\"elementor-divider\">\u00a0<\/div><\/div><\/div><p><img fetchpriority=\"high\" decoding=\"async\" class=\"size-medium wp-image-1021 aligncenter\" src=\"https:\/\/redelog.rj.gov.br\/redetrans\/wp-content\/uploads\/2022\/06\/IDENTIFICACAO-VEICULO-300x229.jpg\" alt=\"\" width=\"300\" height=\"229\" srcset=\"https:\/\/redelog.rj.gov.br\/redetrans\/wp-content\/uploads\/2022\/06\/IDENTIFICACAO-VEICULO-300x229.jpg 300w, https:\/\/redelog.rj.gov.br\/redetrans\/wp-content\/uploads\/2022\/06\/IDENTIFICACAO-VEICULO.jpg 534w\" sizes=\"(max-width: 300px) 100vw, 300px\" \/><\/p><p>.<\/p><p>Cabe destacar que, a defini\u00e7\u00e3o de ve\u00edculos operacionais, \u00e9 dada pelo inciso IV do Art. 6\u00ba, do <strong><a href=\"https:\/\/redelog.rj.gov.br\/redelog\/decreto-estadual-no-47298\/\">DECRETO n\u00ba 47.298<\/a><\/strong> DE 01 DE OUTUBRO DE 2020, conforme transcrito abaixo:<\/p><p><em>IV &#8211; Ve\u00edculos Operacionais &#8211; aqueles destinados a atender \u00e0 execu\u00e7\u00e3o de servi\u00e7os espec\u00edficos de determinados \u00d3rg\u00e3os do Estado e que, por isso, apresentam suas caracter\u00edsticas originais de f\u00e1brica alteradas e\/ou possuem instalados equipamentos adicionais necess\u00e1rios para o desempenho de atividades pr\u00f3prias, normalmente, voltadas para seguran\u00e7a p\u00fablica, sa\u00fade p\u00fablica e fiscaliza\u00e7\u00e3o.<\/em><\/p><p><em>\u00a0<\/em><\/p>\t\t\t\t\t\t\t\t<\/div>\n\t\t\t\t<\/div>\n\t\t\t\t<div class=\"elementor-element elementor-element-0f5dce8 elementor-widget-divider--view-line elementor-widget elementor-widget-divider\" data-id=\"0f5dce8\" data-element_type=\"widget\" data-widget_type=\"divider.default\">\n\t\t\t\t<div class=\"elementor-widget-container\">\n\t\t\t\t\t\t\t<div class=\"elementor-divider\">\n\t\t\t<span class=\"elementor-divider-separator\">\n\t\t\t\t\t\t<\/span>\n\t\t<\/div>\n\t\t\t\t\t\t<\/div>\n\t\t\t\t<\/div>\n\t\t\t\t<section class=\"elementor-section elementor-inner-section elementor-element elementor-element-f4c6ac3 elementor-section-boxed elementor-section-height-default elementor-section-height-default\" data-id=\"f4c6ac3\" data-element_type=\"section\" data-settings=\"{&quot;jet_parallax_layout_list&quot;:[]}\">\n\t\t\t\t\t\t<div class=\"elementor-container elementor-column-gap-default\">\n\t\t\t\t\t<div class=\"elementor-column elementor-col-50 elementor-inner-column elementor-element elementor-element-0b82cfe\" data-id=\"0b82cfe\" data-element_type=\"column\">\n\t\t\t<div class=\"elementor-widget-wrap elementor-element-populated\">\n\t\t\t\t\t\t<div class=\"elementor-element elementor-element-733d791 elementor-widget elementor-widget-text-editor\" data-id=\"733d791\" data-element_type=\"widget\" data-widget_type=\"text-editor.default\">\n\t\t\t\t<div class=\"elementor-widget-container\">\n\t\t\t\t\t\t\t\t\t<p><a href=\"https:\/\/redelog.rj.gov.br\/redetrans\/descredenciamento-de-veiculos\/\"><strong>\u2190 Descredenciamento de Ve\u00edculos<\/strong><\/a><\/p>\t\t\t\t\t\t\t\t<\/div>\n\t\t\t\t<\/div>\n\t\t\t\t\t<\/div>\n\t\t<\/div>\n\t\t\t\t<div class=\"elementor-column elementor-col-50 elementor-inner-column elementor-element elementor-element-29433ea\" data-id=\"29433ea\" data-element_type=\"column\">\n\t\t\t<div class=\"elementor-widget-wrap elementor-element-populated\">\n\t\t\t\t\t\t<div class=\"elementor-element elementor-element-857abfb elementor-widget elementor-widget-text-editor\" data-id=\"857abfb\" data-element_type=\"widget\" data-widget_type=\"text-editor.default\">\n\t\t\t\t<div class=\"elementor-widget-container\">\n\t\t\t\t\t\t\t\t\t<p style=\"text-align: right;\"><a href=\"https:\/\/redelog.rj.gov.br\/redetrans\/procedimento-para-inclusao-veiculos-blindados-2\/\"><strong>Procedimento para Inclus\u00e3o de Ve\u00edculos Blindados \u2192<\/strong><\/a><\/p>\t\t\t\t\t\t\t\t<\/div>\n\t\t\t\t<\/div>\n\t\t\t\t\t<\/div>\n\t\t<\/div>\n\t\t\t\t\t<\/div>\n\t\t<\/section>\n\t\t\t\t<div class=\"elementor-element elementor-element-5b6ee9e elementor-widget elementor-widget-shortcode\" data-id=\"5b6ee9e\" data-element_type=\"widget\" data-widget_type=\"shortcode.default\">\n\t\t\t\t<div class=\"elementor-widget-container\">\n\t\t\t\t\t\t\t<div class=\"elementor-shortcode\"><div class='printomatic pom-default ' id='id1732' alt='Imprimir' title='Imprimir' data-print_target='article'><\/div> <div class='printomatictext' id='id1732' alt='Imprimir' title='Imprimir' data-print_target='article'>Imprimir<\/div><div style='clear: both;'><\/div><\/div>\n\t\t\t\t\t\t<\/div>\n\t\t\t\t<\/div>\n\t\t\t\t\t<\/div>\n\t\t<\/div>\n\t\t\t\t\t<\/div>\n\t\t<\/section>\n\t\t\t\t<\/div>\n\t\t","protected":false},"excerpt":{"rendered":"<p>\u00a0 \u00a0 \u00a0 \u00a0 \u00a0 \u00a0 \u00a0 \u00a0 \u00a0 \u00a0 \u00a0 \u00a0 \u00a0 \u00a0 \u00a0 \u00a0 \u00a0 \u00a0 \u00a0 \u00a0 \u00a0 \u00a0 \u00a0 \u00a0 \u00a0 \u00a0 \u00a0 \u00a0 \u00a0 \u00a0 \u00a0 \u00a0 \u00a0 \u00a0 \u00a0 \u00a0Se\u00e7\u00e3o II \u00a0 \u00a0 \u00a0 \u00a0 \u00a0 \u00a0 \u00a0 \u00a0 \u00a0 \u00a0 \u00a0 \u00a0 \u00a0 \u00a0 \u00a0 \u00a0 \u00a0 \u00a0 [&hellip;]<\/p>\n","protected":false},"author":2,"featured_media":0,"comment_status":"closed","ping_status":"open","sticky":false,"template":"","format":"standard","meta":{"footnotes":""},"categories":[22],"tags":[],"class_list":["post-950","post","type-post","status-publish","format-standard","hentry","category-base-conhecimentos-cat"],"_links":{"self":[{"href":"https:\/\/redelog.rj.gov.br\/redetrans\/wp-json\/wp\/v2\/posts\/950","targetHints":{"allow":["GET"]}}],"collection":[{"href":"https:\/\/redelog.rj.gov.br\/redetrans\/wp-json\/wp\/v2\/posts"}],"about":[{"href":"https:\/\/redelog.rj.gov.br\/redetrans\/wp-json\/wp\/v2\/types\/post"}],"author":[{"embeddable":true,"href":"https:\/\/redelog.rj.gov.br\/redetrans\/wp-json\/wp\/v2\/users\/2"}],"replies":[{"embeddable":true,"href":"https:\/\/redelog.rj.gov.br\/redetrans\/wp-json\/wp\/v2\/comments?post=950"}],"version-history":[{"count":64,"href":"https:\/\/redelog.rj.gov.br\/redetrans\/wp-json\/wp\/v2\/posts\/950\/revisions"}],"predecessor-version":[{"id":2758,"href":"https:\/\/redelog.rj.gov.br\/redetrans\/wp-json\/wp\/v2\/posts\/950\/revisions\/2758"}],"wp:attachment":[{"href":"https:\/\/redelog.rj.gov.br\/redetrans\/wp-json\/wp\/v2\/media?parent=950"}],"wp:term":[{"taxonomy":"category","embeddable":true,"href":"https:\/\/redelog.rj.gov.br\/redetrans\/wp-json\/wp\/v2\/categories?post=950"},{"taxonomy":"post_tag","embeddable":true,"href":"https:\/\/redelog.rj.gov.br\/redetrans\/wp-json\/wp\/v2\/tags?post=950"}],"curies":[{"name":"wp","href":"https:\/\/api.w.org\/{rel}","templated":true}]}}