{"id":948,"date":"2022-06-15T11:26:42","date_gmt":"2022-06-15T14:26:42","guid":{"rendered":"https:\/\/redelog.rj.gov.br\/redetrans\/?p=948"},"modified":"2023-08-24T18:44:33","modified_gmt":"2023-08-24T21:44:33","slug":"bloqueio-de-veiculos","status":"publish","type":"post","link":"https:\/\/redelog.rj.gov.br\/redetrans\/bloqueio-de-veiculos\/","title":{"rendered":"BLOQUEIO DE VE\u00cdCULOS"},"content":{"rendered":"\t\t<div data-elementor-type=\"wp-post\" data-elementor-id=\"948\" class=\"elementor elementor-948\" data-elementor-post-type=\"post\">\n\t\t\t\t\t\t<section class=\"elementor-section elementor-top-section elementor-element elementor-element-ed410a7 elementor-section-boxed elementor-section-height-default elementor-section-height-default\" data-id=\"ed410a7\" data-element_type=\"section\" data-settings=\"{&quot;jet_parallax_layout_list&quot;:[]}\">\n\t\t\t\t\t\t<div class=\"elementor-container elementor-column-gap-default\">\n\t\t\t\t\t<div class=\"elementor-column elementor-col-100 elementor-top-column elementor-element elementor-element-218751f\" data-id=\"218751f\" data-element_type=\"column\">\n\t\t\t<div class=\"elementor-widget-wrap elementor-element-populated\">\n\t\t\t\t\t\t<div class=\"elementor-element elementor-element-abab28c elementor-widget-divider--view-line elementor-widget elementor-widget-divider\" data-id=\"abab28c\" data-element_type=\"widget\" data-widget_type=\"divider.default\">\n\t\t\t\t<div class=\"elementor-widget-container\">\n\t\t\t\t\t\t\t<div class=\"elementor-divider\">\n\t\t\t<span class=\"elementor-divider-separator\">\n\t\t\t\t\t\t<\/span>\n\t\t<\/div>\n\t\t\t\t\t\t<\/div>\n\t\t\t\t<\/div>\n\t\t\t\t<div class=\"elementor-element elementor-element-1d1e696 elementor-widget elementor-widget-image\" data-id=\"1d1e696\" data-element_type=\"widget\" data-widget_type=\"image.default\">\n\t\t\t\t<div class=\"elementor-widget-container\">\n\t\t\t\t\t\t\t\t\t\t\t\t\t\t\t<img fetchpriority=\"high\" decoding=\"async\" width=\"566\" height=\"264\" src=\"https:\/\/redelog.rj.gov.br\/redetrans\/wp-content\/uploads\/2022\/06\/g.png\" class=\"attachment-large size-large wp-image-1471\" alt=\"\" srcset=\"https:\/\/redelog.rj.gov.br\/redetrans\/wp-content\/uploads\/2022\/06\/g.png 566w, https:\/\/redelog.rj.gov.br\/redetrans\/wp-content\/uploads\/2022\/06\/g-300x140.png 300w\" sizes=\"(max-width: 566px) 100vw, 566px\" \/>\t\t\t\t\t\t\t\t\t\t\t\t\t\t\t<\/div>\n\t\t\t\t<\/div>\n\t\t\t\t<div class=\"elementor-element elementor-element-7fa59c9 elementor-widget elementor-widget-spacer\" data-id=\"7fa59c9\" data-element_type=\"widget\" data-widget_type=\"spacer.default\">\n\t\t\t\t<div class=\"elementor-widget-container\">\n\t\t\t\t\t\t\t<div class=\"elementor-spacer\">\n\t\t\t<div class=\"elementor-spacer-inner\"><\/div>\n\t\t<\/div>\n\t\t\t\t\t\t<\/div>\n\t\t\t\t<\/div>\n\t\t\t\t<div class=\"elementor-element elementor-element-e45ce4d elementor-widget elementor-widget-text-editor\" data-id=\"e45ce4d\" data-element_type=\"widget\" data-widget_type=\"text-editor.default\">\n\t\t\t\t<div class=\"elementor-widget-container\">\n\t\t\t\t\t\t\t\t\t<p>O uso indevido do ve\u00edculo, e o erro na informa\u00e7\u00e3o do n\u00famero do hod\u00f4metro no momento do abastecimento, pode ocasionar desempenho veicular abaixo do m\u00ednimo estabelecido no <strong><a href=\"https:\/\/redelog.rj.gov.br\/redelog\/decreto-estadual-no-47298\/\">Decreto n\u00ba47.298 de 01 de outubro de 2020<\/a><\/strong> e, consequentemente, o bloqueio do mesmo.<\/p><p>Veja abaixo, na parte transcrita do Decreto supracitado, o que \u00e9 estabelecido sobre o tema:<\/p><p class=\"Texto_Justificado\"><em>Art. 37 \u2013\u00a0Os padr\u00f5es de desempenho de cada ve\u00edculo dever\u00e3o ser apurados, rotineiramente, pelos respectivos gestores de transportes dos \u00f3rg\u00e3os, com base nos dados de abastecimento registrados no Sistema de Gest\u00e3o de Abastecimento de Combust\u00edveis.<\/em><\/p><p class=\"Texto_Justificado\"><em>\u00a7 1\u00ba\u00a0\u2013 Os ve\u00edculos oficiais que apresentarem padr\u00e3o veicular de desempenho inferior ao m\u00ednimo estabelecido na forma do Art. 35 devem ser objeto de an\u00e1lise apurada pelo gestor de transportes do \u00f3rg\u00e3o, com vistas a identifica\u00e7\u00e3o do fato gerador do consumo acentuado e ado\u00e7\u00e3o imediata das provid\u00eancias necess\u00e1rias para o saneamento do problema.<\/em><\/p><p class=\"Texto_Justificado\"><em>\u00a7 2\u00ba \u2013\u00a0O \u00d3rg\u00e3o Central supervisionar\u00e1, rotineiramente, o consumo de combust\u00edveis dos ve\u00edculos oficiais dos \u00f3rg\u00e3os e entes do Poder Executivo do Estado do Rio de Janeiro, por meio da extra\u00e7\u00e3o de relat\u00f3rios do Sistema de Gest\u00e3o de Abastecimento de Combust\u00edveis.<\/em><\/p><p class=\"Texto_Justificado\"><em>\u00a7 3\u00b0\u00a0\u2013 Fica terminantemente proibida a utiliza\u00e7\u00e3o do dispositivo de controle de abastecimento de combust\u00edveis atribu\u00eddo a um determinado ve\u00edculo em outros ve\u00edculos, sob pena de instaura\u00e7\u00e3o de sindic\u00e2ncia pelo \u00f3rg\u00e3o ou entidade respectivos, nos termos da legisla\u00e7\u00e3o vigente.<\/em><\/p><p class=\"Texto_Justificado\"><em>\u00a7 4\u00b0\u00a0\u2013 O resultado da sindic\u00e2ncia de que trata o par\u00e1grafo anterior dever\u00e1 ser encaminhado para a SECC e a Controladoria Geral do Estado \u2013 CGE para conhecimento e provid\u00eancias cab\u00edveis.<\/em><\/p><p class=\"Texto_Justificado\"><em>\u00a7 5\u00ba\u00a0\u2013 Os \u00f3rg\u00e3os que tiverem ve\u00edculos identificados com padr\u00e3o de desempenho veicular inferior ao m\u00ednimo estabelecido ser\u00e3o notificados pelo \u00d3rg\u00e3o Central, por meio de of\u00edcio no SEI para que apresentem, no prazo de 5 dias \u00fateis, a contar da data da notifica\u00e7\u00e3o, as medidas adotadas visando o saneamento do problema, sob pena de, passado o prazo estabelecido, ter seu abastecimento bloqueado compulsoriamente, at\u00e9 que sejam apresentadas as provid\u00eancias tomadas para a regulariza\u00e7\u00e3o do consumo ou a justificativa t\u00e9cnica para a comprova\u00e7\u00e3o da impossibilidade de cumprimento dos padr\u00f5es m\u00ednimos.<\/em><\/p><p class=\"Texto_Justificado\"><em>\u00a7 6\u00ba \u2013\u00a0O \u00d3rg\u00e3o Central bloquear\u00e1, de forma permanente, os ve\u00edculos que apresentarem, regularmente, consumo fora dos padr\u00f5es estabelecidos no Art. 35, devendo solicitar ao \u00f3rg\u00e3o ou entidade ao qual o ve\u00edculo esteja vinculado, a realiza\u00e7\u00e3o dos procedimentos necess\u00e1rios ao descredenciamento do ve\u00edculo no banco de dados da frota estadual.<\/em><\/p><p class=\"Texto_Justificado\"><em>I \u2013\u00a0Quando se tratar de ve\u00edculo locado, o \u00f3rg\u00e3o ou entidade dever\u00e1 tomar as provid\u00eancias necess\u00e1rias para a devolu\u00e7\u00e3o do mesmo \u00e0 empresa contratada em atendimento aos prazos e quantidades estabelecidas na Lei Federal n\u00b0 8.666\/93; e<\/em><\/p><p class=\"Texto_Justificado\"><em>II \u2013\u00a0Quando se tratar de ve\u00edculo pr\u00f3prio, o \u00f3rg\u00e3o ou entidade dever\u00e1 providenciar o desfazimento e a aliena\u00e7\u00e3o do bem nos termos do Decreto Estadual 46.223\/18.<\/em><\/p>\t\t\t\t\t\t\t\t<\/div>\n\t\t\t\t<\/div>\n\t\t\t\t<div class=\"elementor-element elementor-element-0f5dce8 elementor-widget-divider--view-line elementor-widget elementor-widget-divider\" data-id=\"0f5dce8\" data-element_type=\"widget\" data-widget_type=\"divider.default\">\n\t\t\t\t<div class=\"elementor-widget-container\">\n\t\t\t\t\t\t\t<div class=\"elementor-divider\">\n\t\t\t<span class=\"elementor-divider-separator\">\n\t\t\t\t\t\t<\/span>\n\t\t<\/div>\n\t\t\t\t\t\t<\/div>\n\t\t\t\t<\/div>\n\t\t\t\t<section class=\"elementor-section elementor-inner-section elementor-element elementor-element-f4c6ac3 elementor-section-boxed elementor-section-height-default elementor-section-height-default\" data-id=\"f4c6ac3\" data-element_type=\"section\" data-settings=\"{&quot;jet_parallax_layout_list&quot;:[]}\">\n\t\t\t\t\t\t<div class=\"elementor-container elementor-column-gap-default\">\n\t\t\t\t\t<div class=\"elementor-column elementor-col-50 elementor-inner-column elementor-element elementor-element-0b82cfe\" data-id=\"0b82cfe\" data-element_type=\"column\">\n\t\t\t<div class=\"elementor-widget-wrap elementor-element-populated\">\n\t\t\t\t\t\t<div class=\"elementor-element elementor-element-733d791 elementor-widget elementor-widget-text-editor\" data-id=\"733d791\" data-element_type=\"widget\" data-widget_type=\"text-editor.default\">\n\t\t\t\t<div class=\"elementor-widget-container\">\n\t\t\t\t\t\t\t\t\t<p><a href=\"https:\/\/redelog.rj.gov.br\/redetrans\/parqueamento-de-veiculos\/\"><strong>\u2190 Parqueamento de Ve\u00edculos<\/strong><\/a><\/p>\t\t\t\t\t\t\t\t<\/div>\n\t\t\t\t<\/div>\n\t\t\t\t\t<\/div>\n\t\t<\/div>\n\t\t\t\t<div class=\"elementor-column elementor-col-50 elementor-inner-column elementor-element elementor-element-29433ea\" data-id=\"29433ea\" data-element_type=\"column\">\n\t\t\t<div class=\"elementor-widget-wrap elementor-element-populated\">\n\t\t\t\t\t\t<div class=\"elementor-element elementor-element-857abfb elementor-widget elementor-widget-text-editor\" data-id=\"857abfb\" data-element_type=\"widget\" data-widget_type=\"text-editor.default\">\n\t\t\t\t<div class=\"elementor-widget-container\">\n\t\t\t\t\t\t\t\t\t<p style=\"text-align: right;\"><a href=\"https:\/\/redelog.rj.gov.br\/redetrans\/credenciamento-veiculos\/\"><strong>Credenciamento de Ve\u00edculos \u2192<\/strong><\/a><\/p>\t\t\t\t\t\t\t\t<\/div>\n\t\t\t\t<\/div>\n\t\t\t\t\t<\/div>\n\t\t<\/div>\n\t\t\t\t\t<\/div>\n\t\t<\/section>\n\t\t\t\t<div class=\"elementor-element elementor-element-5b6ee9e elementor-widget elementor-widget-shortcode\" data-id=\"5b6ee9e\" data-element_type=\"widget\" data-widget_type=\"shortcode.default\">\n\t\t\t\t<div class=\"elementor-widget-container\">\n\t\t\t\t\t\t\t<div class=\"elementor-shortcode\"><div class='printomatic pom-default ' id='id8209' alt='Imprimir' title='Imprimir' data-print_target='article'><\/div> <div class='printomatictext' id='id8209' alt='Imprimir' title='Imprimir' data-print_target='article'>Imprimir<\/div><div style='clear: both;'><\/div><\/div>\n\t\t\t\t\t\t<\/div>\n\t\t\t\t<\/div>\n\t\t\t\t\t<\/div>\n\t\t<\/div>\n\t\t\t\t\t<\/div>\n\t\t<\/section>\n\t\t\t\t<\/div>\n\t\t","protected":false},"excerpt":{"rendered":"<p>O uso indevido do ve\u00edculo, e o erro na informa\u00e7\u00e3o do n\u00famero do hod\u00f4metro no momento do abastecimento, pode ocasionar desempenho veicular abaixo do m\u00ednimo estabelecido no Decreto n\u00ba47.298 de 01 de outubro de 2020 e, consequentemente, o bloqueio do mesmo. Veja abaixo, na parte transcrita do Decreto supracitado, o que \u00e9 estabelecido sobre o [&hellip;]<\/p>\n","protected":false},"author":2,"featured_media":0,"comment_status":"closed","ping_status":"open","sticky":false,"template":"","format":"standard","meta":{"footnotes":""},"categories":[22],"tags":[],"class_list":["post-948","post","type-post","status-publish","format-standard","hentry","category-base-conhecimentos-cat"],"_links":{"self":[{"href":"https:\/\/redelog.rj.gov.br\/redetrans\/wp-json\/wp\/v2\/posts\/948","targetHints":{"allow":["GET"]}}],"collection":[{"href":"https:\/\/redelog.rj.gov.br\/redetrans\/wp-json\/wp\/v2\/posts"}],"about":[{"href":"https:\/\/redelog.rj.gov.br\/redetrans\/wp-json\/wp\/v2\/types\/post"}],"author":[{"embeddable":true,"href":"https:\/\/redelog.rj.gov.br\/redetrans\/wp-json\/wp\/v2\/users\/2"}],"replies":[{"embeddable":true,"href":"https:\/\/redelog.rj.gov.br\/redetrans\/wp-json\/wp\/v2\/comments?post=948"}],"version-history":[{"count":31,"href":"https:\/\/redelog.rj.gov.br\/redetrans\/wp-json\/wp\/v2\/posts\/948\/revisions"}],"predecessor-version":[{"id":2019,"href":"https:\/\/redelog.rj.gov.br\/redetrans\/wp-json\/wp\/v2\/posts\/948\/revisions\/2019"}],"wp:attachment":[{"href":"https:\/\/redelog.rj.gov.br\/redetrans\/wp-json\/wp\/v2\/media?parent=948"}],"wp:term":[{"taxonomy":"category","embeddable":true,"href":"https:\/\/redelog.rj.gov.br\/redetrans\/wp-json\/wp\/v2\/categories?post=948"},{"taxonomy":"post_tag","embeddable":true,"href":"https:\/\/redelog.rj.gov.br\/redetrans\/wp-json\/wp\/v2\/tags?post=948"}],"curies":[{"name":"wp","href":"https:\/\/api.w.org\/{rel}","templated":true}]}}