{"id":942,"date":"2022-06-15T11:13:51","date_gmt":"2022-06-15T14:13:51","guid":{"rendered":"https:\/\/redelog.rj.gov.br\/redetrans\/?p=942"},"modified":"2025-08-25T12:01:27","modified_gmt":"2025-08-25T15:01:27","slug":"utilizacao-correta-do-meio-de-pagamento","status":"publish","type":"post","link":"https:\/\/redelog.rj.gov.br\/redetrans\/utilizacao-correta-do-meio-de-pagamento\/","title":{"rendered":"UTILIZA\u00c7\u00c3O CORRETA DO MEIO DE PAGAMENTO"},"content":{"rendered":"\t\t<div data-elementor-type=\"wp-post\" data-elementor-id=\"942\" class=\"elementor elementor-942\" data-elementor-post-type=\"post\">\n\t\t\t\t\t\t<section class=\"elementor-section elementor-top-section elementor-element elementor-element-ed410a7 elementor-section-boxed elementor-section-height-default elementor-section-height-default\" data-id=\"ed410a7\" data-element_type=\"section\" data-settings=\"{&quot;jet_parallax_layout_list&quot;:[]}\">\n\t\t\t\t\t\t<div class=\"elementor-container elementor-column-gap-default\">\n\t\t\t\t\t<div class=\"elementor-column elementor-col-100 elementor-top-column elementor-element elementor-element-218751f\" data-id=\"218751f\" data-element_type=\"column\">\n\t\t\t<div class=\"elementor-widget-wrap elementor-element-populated\">\n\t\t\t\t\t\t<div class=\"elementor-element elementor-element-abab28c elementor-widget-divider--view-line elementor-widget elementor-widget-divider\" data-id=\"abab28c\" data-element_type=\"widget\" data-widget_type=\"divider.default\">\n\t\t\t\t<div class=\"elementor-widget-container\">\n\t\t\t\t\t\t\t<div class=\"elementor-divider\">\n\t\t\t<span class=\"elementor-divider-separator\">\n\t\t\t\t\t\t<\/span>\n\t\t<\/div>\n\t\t\t\t\t\t<\/div>\n\t\t\t\t<\/div>\n\t\t\t\t<div class=\"elementor-element elementor-element-d436b81 elementor-widget elementor-widget-image\" data-id=\"d436b81\" data-element_type=\"widget\" data-widget_type=\"image.default\">\n\t\t\t\t<div class=\"elementor-widget-container\">\n\t\t\t\t\t\t\t\t\t\t\t\t\t\t\t<img fetchpriority=\"high\" decoding=\"async\" width=\"964\" height=\"365\" src=\"https:\/\/redelog.rj.gov.br\/redetrans\/wp-content\/uploads\/2022\/06\/d.png\" class=\"attachment-large size-large wp-image-1462\" alt=\"\" srcset=\"https:\/\/redelog.rj.gov.br\/redetrans\/wp-content\/uploads\/2022\/06\/d.png 964w, https:\/\/redelog.rj.gov.br\/redetrans\/wp-content\/uploads\/2022\/06\/d-300x114.png 300w, https:\/\/redelog.rj.gov.br\/redetrans\/wp-content\/uploads\/2022\/06\/d-768x291.png 768w, https:\/\/redelog.rj.gov.br\/redetrans\/wp-content\/uploads\/2022\/06\/d-600x227.png 600w\" sizes=\"(max-width: 964px) 100vw, 964px\" \/>\t\t\t\t\t\t\t\t\t\t\t\t\t\t\t<\/div>\n\t\t\t\t<\/div>\n\t\t\t\t<div class=\"elementor-element elementor-element-e45ce4d elementor-widget elementor-widget-text-editor\" data-id=\"e45ce4d\" data-element_type=\"widget\" data-widget_type=\"text-editor.default\">\n\t\t\t\t<div class=\"elementor-widget-container\">\n\t\t\t\t\t\t\t\t\t<p>A utiliza\u00e7\u00e3o correta do seu <strong>Cart\u00e3o de Abastecimento<\/strong> \u00e9 muito importante e valem as dicas abaixo:<\/p><ol><li>Cada ve\u00edculo tem um cart\u00e3o associado que pode ser definitivo ou reserva. O cart\u00e3o reserva \u00e9 associado pelo \u00d3rg\u00e3o Central e \u00e9 tempor\u00e1rio, devendo ser utilizado enquanto o cart\u00e3o definitivo n\u00e3o \u00e9 entregue pela empresa contratada;<\/li><li>O Sistema de Abastecimento, n\u00e3o permite que um cart\u00e3o que est\u00e1 associado \u00e0 um \u00d3rg\u00e3o e uma placa de ve\u00edculo, seja utilizado para abastecimento de um outro ve\u00edculo;<\/li><li>Ent\u00e3o, para o abastecimento de um ve\u00edculo, o mesmo dever\u00e1 estar com o <em>status<\/em> ativo no Sistema de Abastecimento e associado \u00e0 um cart\u00e3o espec\u00edfico;<\/li><li>Adicionalmente, verifique se o \u00f3rg\u00e3o possui saldo para abastecimento no Sistema de Abastecimento. \u00c9 necess\u00e1rio empenhar valores para este fim &#8211; verifique o item &#8220;Procedimentos de Empenho para Combust\u00edvel&#8221;.<\/li><li>Em caso de perda ou extravio do cart\u00e3o de abastecimento ou necessidade de falar com a Ouvidoria da empresa contratada, utilize os dados a seguir que est\u00e3o dispon\u00edveis no verso do seu cart\u00e3o. Perda ou extravio:<\/li><\/ol><p><strong><a href=\"https:\/\/www.valecard.com.br\/\">Valecard.com.br<\/a> ou 0800-7015402; Ouvidoria: 0800-7015760\u00a0<\/strong><\/p><p><strong><a href=\"https:\/\/primebeneficios.com.br\/\">PRIME<\/a> ou contato@primebeneficios.com.br ; Telefone: 0800-7458877\u00a0<\/strong><\/p><ol><li>Vamos fazer um <em>checklist<\/em>?<ul><li>O ve\u00edculo est\u00e1 ativo? <span style=\"font-weight: 400;\">\u2705<\/span><\/li><li>O cart\u00e3o de abastecimento que est\u00e1 sendo utilizado est\u00e1 associado ao ve\u00edculo? <span style=\"font-weight: 400;\">\u2705<\/span><\/li><li>O condutor possui CNH v\u00e1lida? <span style=\"font-weight: 400;\">\u2705<\/span><\/li><li>O condutor est\u00e1 digitando a senha e a matr\u00edcula correta? <span style=\"font-weight: 400;\">\u2705<\/span><\/li><li>O combust\u00edvel que est\u00e1 sendo colocado no ve\u00edculo \u00e9 permitido? &#8211; combust\u00edveis permitidos: Diesel S-10; Etanol Comum; Gasolina Comum <span style=\"font-weight: 400;\">\u2705<\/span><\/li><\/ul><\/li><li>Se todos os itens anteriores do <em>checklist<\/em> foram verificados, o abastecimento ser\u00e1 bem sucedido.<\/li><\/ol>\t\t\t\t\t\t\t\t<\/div>\n\t\t\t\t<\/div>\n\t\t\t\t<div class=\"elementor-element elementor-element-0f5dce8 elementor-widget-divider--view-line elementor-widget elementor-widget-divider\" data-id=\"0f5dce8\" data-element_type=\"widget\" data-widget_type=\"divider.default\">\n\t\t\t\t<div class=\"elementor-widget-container\">\n\t\t\t\t\t\t\t<div class=\"elementor-divider\">\n\t\t\t<span class=\"elementor-divider-separator\">\n\t\t\t\t\t\t<\/span>\n\t\t<\/div>\n\t\t\t\t\t\t<\/div>\n\t\t\t\t<\/div>\n\t\t\t\t<section class=\"elementor-section elementor-inner-section elementor-element elementor-element-f4c6ac3 elementor-section-boxed elementor-section-height-default elementor-section-height-default\" data-id=\"f4c6ac3\" data-element_type=\"section\" data-settings=\"{&quot;jet_parallax_layout_list&quot;:[]}\">\n\t\t\t\t\t\t<div class=\"elementor-container elementor-column-gap-default\">\n\t\t\t\t\t<div class=\"elementor-column elementor-col-50 elementor-inner-column elementor-element elementor-element-0b82cfe\" data-id=\"0b82cfe\" data-element_type=\"column\">\n\t\t\t<div class=\"elementor-widget-wrap elementor-element-populated\">\n\t\t\t\t\t\t<div class=\"elementor-element elementor-element-733d791 elementor-widget elementor-widget-text-editor\" data-id=\"733d791\" data-element_type=\"widget\" data-widget_type=\"text-editor.default\">\n\t\t\t\t<div class=\"elementor-widget-container\">\n\t\t\t\t\t\t\t\t\t<p><a href=\"https:\/\/redelog.rj.gov.br\/redetrans\/restricoes-de-abastecimento-2\/\"><strong>\u2190 Restri\u00e7\u00f5es e Abastecimento<\/strong><\/a><\/p>\t\t\t\t\t\t\t\t<\/div>\n\t\t\t\t<\/div>\n\t\t\t\t\t<\/div>\n\t\t<\/div>\n\t\t\t\t<div class=\"elementor-column elementor-col-50 elementor-inner-column elementor-element elementor-element-29433ea\" data-id=\"29433ea\" data-element_type=\"column\">\n\t\t\t<div class=\"elementor-widget-wrap elementor-element-populated\">\n\t\t\t\t\t\t<div class=\"elementor-element elementor-element-857abfb elementor-widget elementor-widget-text-editor\" data-id=\"857abfb\" data-element_type=\"widget\" data-widget_type=\"text-editor.default\">\n\t\t\t\t<div class=\"elementor-widget-container\">\n\t\t\t\t\t\t\t\t\t<p style=\"text-align: right;\"><a href=\"https:\/\/redelog.rj.gov.br\/redetrans\/gestao-de-frota\/\"><strong>Gest\u00e3o de Frota <\/strong><strong>\u2192<\/strong><\/a><\/p>\t\t\t\t\t\t\t\t<\/div>\n\t\t\t\t<\/div>\n\t\t\t\t\t<\/div>\n\t\t<\/div>\n\t\t\t\t\t<\/div>\n\t\t<\/section>\n\t\t\t\t<div class=\"elementor-element elementor-element-5b6ee9e elementor-widget elementor-widget-shortcode\" data-id=\"5b6ee9e\" data-element_type=\"widget\" data-widget_type=\"shortcode.default\">\n\t\t\t\t<div class=\"elementor-widget-container\">\n\t\t\t\t\t\t\t<div class=\"elementor-shortcode\"><div class='printomatic pom-default ' id='id9142' alt='Imprimir' title='Imprimir' data-print_target='article'><\/div> <div class='printomatictext' id='id9142' alt='Imprimir' title='Imprimir' data-print_target='article'>Imprimir<\/div><div style='clear: both;'><\/div><\/div>\n\t\t\t\t\t\t<\/div>\n\t\t\t\t<\/div>\n\t\t\t\t\t<\/div>\n\t\t<\/div>\n\t\t\t\t\t<\/div>\n\t\t<\/section>\n\t\t\t\t<\/div>\n\t\t","protected":false},"excerpt":{"rendered":"<p>A utiliza\u00e7\u00e3o correta do seu Cart\u00e3o de Abastecimento \u00e9 muito importante e valem as dicas abaixo: Cada ve\u00edculo tem um cart\u00e3o associado que pode ser definitivo ou reserva. O cart\u00e3o reserva \u00e9 associado pelo \u00d3rg\u00e3o Central e \u00e9 tempor\u00e1rio, devendo ser utilizado enquanto o cart\u00e3o definitivo n\u00e3o \u00e9 entregue pela empresa contratada; O Sistema de [&hellip;]<\/p>\n","protected":false},"author":2,"featured_media":0,"comment_status":"closed","ping_status":"open","sticky":false,"template":"","format":"standard","meta":{"footnotes":""},"categories":[22],"tags":[],"class_list":["post-942","post","type-post","status-publish","format-standard","hentry","category-base-conhecimentos-cat"],"_links":{"self":[{"href":"https:\/\/redelog.rj.gov.br\/redetrans\/wp-json\/wp\/v2\/posts\/942","targetHints":{"allow":["GET"]}}],"collection":[{"href":"https:\/\/redelog.rj.gov.br\/redetrans\/wp-json\/wp\/v2\/posts"}],"about":[{"href":"https:\/\/redelog.rj.gov.br\/redetrans\/wp-json\/wp\/v2\/types\/post"}],"author":[{"embeddable":true,"href":"https:\/\/redelog.rj.gov.br\/redetrans\/wp-json\/wp\/v2\/users\/2"}],"replies":[{"embeddable":true,"href":"https:\/\/redelog.rj.gov.br\/redetrans\/wp-json\/wp\/v2\/comments?post=942"}],"version-history":[{"count":46,"href":"https:\/\/redelog.rj.gov.br\/redetrans\/wp-json\/wp\/v2\/posts\/942\/revisions"}],"predecessor-version":[{"id":2751,"href":"https:\/\/redelog.rj.gov.br\/redetrans\/wp-json\/wp\/v2\/posts\/942\/revisions\/2751"}],"wp:attachment":[{"href":"https:\/\/redelog.rj.gov.br\/redetrans\/wp-json\/wp\/v2\/media?parent=942"}],"wp:term":[{"taxonomy":"category","embeddable":true,"href":"https:\/\/redelog.rj.gov.br\/redetrans\/wp-json\/wp\/v2\/categories?post=942"},{"taxonomy":"post_tag","embeddable":true,"href":"https:\/\/redelog.rj.gov.br\/redetrans\/wp-json\/wp\/v2\/tags?post=942"}],"curies":[{"name":"wp","href":"https:\/\/api.w.org\/{rel}","templated":true}]}}