{"id":865,"date":"2022-06-09T11:12:24","date_gmt":"2022-06-09T14:12:24","guid":{"rendered":"https:\/\/redelog.rj.gov.br\/redetrans\/?p=865"},"modified":"2025-08-25T11:43:21","modified_gmt":"2025-08-25T14:43:21","slug":"restricoes-de-abastecimento-2","status":"publish","type":"post","link":"https:\/\/redelog.rj.gov.br\/redetrans\/restricoes-de-abastecimento-2\/","title":{"rendered":"RESTRI\u00c7\u00d5ES DE ABASTECIMENTO"},"content":{"rendered":"\t\t<div data-elementor-type=\"wp-post\" data-elementor-id=\"865\" class=\"elementor elementor-865\" data-elementor-post-type=\"post\">\n\t\t\t\t\t\t<section class=\"elementor-section elementor-top-section elementor-element elementor-element-60d52b8 elementor-section-boxed elementor-section-height-default elementor-section-height-default\" data-id=\"60d52b8\" data-element_type=\"section\" data-settings=\"{&quot;jet_parallax_layout_list&quot;:[]}\">\n\t\t\t\t\t\t<div class=\"elementor-container elementor-column-gap-default\">\n\t\t\t\t\t<div class=\"elementor-column elementor-col-100 elementor-top-column elementor-element elementor-element-f003bfa\" data-id=\"f003bfa\" data-element_type=\"column\">\n\t\t\t<div class=\"elementor-widget-wrap elementor-element-populated\">\n\t\t\t\t\t\t<div class=\"elementor-element elementor-element-6355bfe elementor-widget-divider--view-line elementor-widget elementor-widget-divider\" data-id=\"6355bfe\" data-element_type=\"widget\" data-widget_type=\"divider.default\">\n\t\t\t\t<div class=\"elementor-widget-container\">\n\t\t\t\t\t\t\t<div class=\"elementor-divider\">\n\t\t\t<span class=\"elementor-divider-separator\">\n\t\t\t\t\t\t<\/span>\n\t\t<\/div>\n\t\t\t\t\t\t<\/div>\n\t\t\t\t<\/div>\n\t\t\t\t<div class=\"elementor-element elementor-element-ad63e6f elementor-widget elementor-widget-image\" data-id=\"ad63e6f\" data-element_type=\"widget\" data-widget_type=\"image.default\">\n\t\t\t\t<div class=\"elementor-widget-container\">\n\t\t\t\t\t\t\t\t\t\t\t\t\t\t\t<img fetchpriority=\"high\" decoding=\"async\" width=\"367\" height=\"404\" src=\"https:\/\/redelog.rj.gov.br\/redetrans\/wp-content\/uploads\/2022\/06\/c.png\" class=\"attachment-large size-large wp-image-1458\" alt=\"\" srcset=\"https:\/\/redelog.rj.gov.br\/redetrans\/wp-content\/uploads\/2022\/06\/c.png 367w, https:\/\/redelog.rj.gov.br\/redetrans\/wp-content\/uploads\/2022\/06\/c-273x300.png 273w\" sizes=\"(max-width: 367px) 100vw, 367px\" \/>\t\t\t\t\t\t\t\t\t\t\t\t\t\t\t<\/div>\n\t\t\t\t<\/div>\n\t\t\t\t<div class=\"elementor-element elementor-element-24d0a76 elementor-widget elementor-widget-text-editor\" data-id=\"24d0a76\" data-element_type=\"widget\" data-widget_type=\"text-editor.default\">\n\t\t\t\t<div class=\"elementor-widget-container\">\n\t\t\t\t\t\t\t\t\t<p><strong>\u00a0 \u00a0 \u00a0 \u00a0 \u00a0 \u00a0 \u00a0 \u00a0 \u00a0 \u00a0 \u00a0 \u00a0 \u00a0 \u00a0 \u00a0 \u00a0 \u00a0 \u00a0 \u00a0 \u00a0 \u00a0 \u00a0 \u00a0 \u00a0 \u00a0 \u00a0 \u00a0 \u00a0 \u00a0 \u00a0 \u00a0 \u00a0 \u00a0 \u00a0 \u00a0 \u00a0 \u00a0 Se\u00e7\u00e3o I<\/strong><\/p><p><strong>\u00a0 \u00a0 \u00a0 \u00a0 \u00a0 \u00a0 \u00a0 \u00a0 \u00a0 \u00a0 \u00a0 \u00a0 \u00a0 \u00a0 \u00a0 \u00a0 \u00a0 \u00a0 \u00a0 Do sistema de abastecimento de combust\u00edveis<\/strong><\/p><p>Art. 38. A ativa\u00e7\u00e3o de ve\u00edculo no Sistema de Gest\u00e3o de Abastecimento de Combust\u00edveis dever\u00e1 ser solicitada pelo \u00d3rg\u00e3o ou Entidade participante ou aderente da Ata Centralizada de Registro de Pre\u00e7o de Combust\u00edveis, por of\u00edcio no SEI, ao \u00d3rg\u00e3o Central do Sislog.<\/p><p>Par\u00e1grafo \u00danico. Ser\u00e3o ativados no Sistema de Gest\u00e3o de Abastecimento de Combust\u00edveis apenas os ve\u00edculos que estiverem credenciados no BDFE.<\/p><p>Art. 39. A desativa\u00e7\u00e3o de ve\u00edculo no Sistema de Gest\u00e3o de Abastecimento de Combust\u00edveis poder\u00e1 ocorrer por solicita\u00e7\u00e3o do \u00d3rg\u00e3o ou Entidade respons\u00e1vel ou, compulsoriamente, pelo \u00d3rg\u00e3o Central do Sislog.<\/p><p>Art. 40. Poder\u00e3o ensejar a desativa\u00e7\u00e3o compuls\u00f3ria de ve\u00edculo no Sistema de Gest\u00e3o de Abastecimento de Combust\u00edveis:<\/p><p>I \u2013 o volume de abastecimento realizado acima da capacidade dos tanques de combust\u00edvel respectivos;<\/p><p>II \u2013 a discrep\u00e2ncia na rela\u00e7\u00e3o da varia\u00e7\u00e3o do od\u00f4metro e do volume abastecido, considerando par\u00e2metros de consumo de f\u00e1brica para o tipo de ve\u00edculo;<\/p><p>III \u2013 a tentativa de aquisi\u00e7\u00e3o de produto n\u00e3o autorizado;<\/p><p>IV \u2013 o registro de abastecimento com combust\u00edvel incompat\u00edvel com o ve\u00edculo;<\/p><p>V \u2013 o uso indevido de dispositivo de abastecimento e senhas;<\/p><p>VI \u2013 o descredenciamento do ve\u00edculo no BDFE; e<\/p><p>VII \u2013 a utiliza\u00e7\u00e3o de dispositivo de abastecimento em ve\u00edculo distinto ao de sua especifica\u00e7\u00e3o.<\/p><p>Art. 41. Os ve\u00edculos da frota estadual estar\u00e3o bloqueados para o abastecimento no hor\u00e1rio entre 22h (vinte e duas horas) e 5h (cinco horas), aos finais de semana, feriados, bem como fora do Estado do Rio de Janeiro.<\/p><p>\u00a71\u00ba O disposto no caput deste artigo n\u00e3o se aplica:<\/p><p>I \u2013 aos ve\u00edculos especiais, compreendidos como aqueles de uso exclusivo do Governador e Vice-Governador do Estado;<\/p><p>II \u2013 aos ve\u00edculos de escolta, compreendidos como aqueles que acompanham os ve\u00edculos especiais;<\/p><p>III \u2013 aos ve\u00edculos de representa\u00e7\u00e3o, compreendidos como aqueles de uso das autoridades constantes do inciso II do caput do art. 6\u00ba do Decreto n.\u00ba 47.298, de 2020; e<\/p><p>IV \u2013 aos ve\u00edculos dos \u00f3rg\u00e3os ou entidades \u00a0cuja agenda esteja diretamente ligada ao Governador do Estado, tais como o Gabinete de Seguran\u00e7a Institucional do Governo do Estado do Rio de Janeiro\u00a0e a Secretaria Extraordin\u00e1ria de Representa\u00e7\u00e3o do Governo em Bras\u00edlia.<\/p><p>\u00a72\u00ba Havendo necessidade de servi\u00e7o, o \u00d3rg\u00e3o ou Entidade poder\u00e1 solicitar, por of\u00edcio no SEI, ao \u00d3rg\u00e3o Central do Sislog, o desbloqueio do abastecimento de que trata o caput deste artigo, apresentando a devida justificativa e observando uma anteced\u00eancia de pelo menos 48 (quarenta e oito) horas.<\/p><p>\u00a73\u00ba O desbloqueio de que trata o \u00a7 2\u00ba deste artigo n\u00e3o deve ultrapassar o per\u00edodo de 10 (dez) dias corridos, a contar da ativa\u00e7\u00e3o pelo \u00d3rg\u00e3o Central do Sislog.<\/p><p>\u00a74\u00ba Havendo necessidade de prorroga\u00e7\u00e3o do prazo que trata o \u00a7 3\u00ba deste artigo, a solicita\u00e7\u00e3o ser\u00e1 avaliada pelo \u00d3rg\u00e3o Central do Sislog.<\/p><p>Art. 42. Os Gestores de Transportes dos \u00f3rg\u00e3os ou entidades s\u00e3o respons\u00e1veis por garantir o uso adequado dos dispositivos de controle de abastecimento, sejam eles eletr\u00f4nicos ou cart\u00f5es magn\u00e9ticos, utilizados para o fornecimento de combust\u00edvel.<\/p><p>Par\u00e1grafo \u00danico. Os Gestores, de que trata o caput deste artigo, devem assegurar que os condutores sigam corretamente os procedimentos durante os abastecimentos, fiscalizando rigorosamente a compatibilidade entre o consumo de combust\u00edvel e as varia\u00e7\u00f5es registradas nos od\u00f4metros dos ve\u00edculos da sua frota, devendo adotar imediatamente as a\u00e7\u00f5es coercitivas necess\u00e1rias em caso de discrep\u00e2ncias.<\/p><p>Art. 43. \u00c9 expressamente proibido utilizar dispositivo de controle de abastecimento de combust\u00edveis, seja eletr\u00f4nico ou por cart\u00f5es magn\u00e9ticos, atribu\u00eddo a um ve\u00edculo espec\u00edfico, em qualquer outro ve\u00edculo.<\/p><p>Art. 44. O usu\u00e1rio que utilizar indevidamente as ferramentas para o abastecimento de combust\u00edvel, contrariando o disposto nas normas em vigor ou na Lei n.\u00ba 9.503, de 1997, estar\u00e1 sujeito \u00e0s penalidades disciplinares previstas nos Estatutos e Regulamentos dos Servidores Civis e Militares do Estado do Rio de Janeiro.<\/p><p>\u00a0\u00a0<span style=\"font-weight: var( --e-global-typography-text-font-weight ); font-size: 1.125rem; letter-spacing: 0px; font-family: 'Open Sans', sans-serif;\">Conforme disposto na resolu\u00e7\u00e3o\u00a0\u00a0<a href=\"https:\/\/redelog.rj.gov.br\/redelog\/resolucao-seplag-no-340-de-26-de-novembro-de-2024\/\">SEPLAG N\u00b0340.<\/a><\/span><\/p>\t\t\t\t\t\t\t\t<\/div>\n\t\t\t\t<\/div>\n\t\t\t\t<div class=\"elementor-element elementor-element-6560724 elementor-widget-divider--view-line elementor-widget elementor-widget-divider\" data-id=\"6560724\" data-element_type=\"widget\" data-widget_type=\"divider.default\">\n\t\t\t\t<div class=\"elementor-widget-container\">\n\t\t\t\t\t\t\t<div class=\"elementor-divider\">\n\t\t\t<span class=\"elementor-divider-separator\">\n\t\t\t\t\t\t<\/span>\n\t\t<\/div>\n\t\t\t\t\t\t<\/div>\n\t\t\t\t<\/div>\n\t\t\t\t<section class=\"elementor-section elementor-inner-section elementor-element elementor-element-2509a6c elementor-section-boxed elementor-section-height-default elementor-section-height-default\" data-id=\"2509a6c\" data-element_type=\"section\" data-settings=\"{&quot;jet_parallax_layout_list&quot;:[]}\">\n\t\t\t\t\t\t<div class=\"elementor-container elementor-column-gap-default\">\n\t\t\t\t\t<div class=\"elementor-column elementor-col-50 elementor-inner-column elementor-element elementor-element-4601f60\" data-id=\"4601f60\" data-element_type=\"column\">\n\t\t\t<div class=\"elementor-widget-wrap elementor-element-populated\">\n\t\t\t\t\t\t<div class=\"elementor-element elementor-element-66211a0 elementor-widget elementor-widget-text-editor\" data-id=\"66211a0\" data-element_type=\"widget\" data-widget_type=\"text-editor.default\">\n\t\t\t\t<div class=\"elementor-widget-container\">\n\t\t\t\t\t\t\t\t\t<p><a href=\"https:\/\/redelog.rj.gov.br\/redetrans\/procedimentos-de-empenho-para-combustivel\/\"><strong>\u2190 Procedimentos de Empenho para Combust\u00edvel<\/strong><\/a><\/p>\t\t\t\t\t\t\t\t<\/div>\n\t\t\t\t<\/div>\n\t\t\t\t\t<\/div>\n\t\t<\/div>\n\t\t\t\t<div class=\"elementor-column elementor-col-50 elementor-inner-column elementor-element elementor-element-9a61a57\" data-id=\"9a61a57\" data-element_type=\"column\">\n\t\t\t<div class=\"elementor-widget-wrap elementor-element-populated\">\n\t\t\t\t\t\t<div class=\"elementor-element elementor-element-02d5c9f elementor-widget elementor-widget-text-editor\" data-id=\"02d5c9f\" data-element_type=\"widget\" data-widget_type=\"text-editor.default\">\n\t\t\t\t<div class=\"elementor-widget-container\">\n\t\t\t\t\t\t\t\t\t<p style=\"text-align: right;\"><a href=\"https:\/\/redelog.rj.gov.br\/redetrans\/utilizacao-correta-do-meio-de-pagamento\/\"><strong>Utiliza\u00e7\u00e3o Correta do Meio de Pagamento\u00a0 \u2192<\/strong><\/a><\/p>\t\t\t\t\t\t\t\t<\/div>\n\t\t\t\t<\/div>\n\t\t\t\t\t<\/div>\n\t\t<\/div>\n\t\t\t\t\t<\/div>\n\t\t<\/section>\n\t\t\t\t<div class=\"elementor-element elementor-element-f02d3cd elementor-widget elementor-widget-shortcode\" data-id=\"f02d3cd\" data-element_type=\"widget\" data-widget_type=\"shortcode.default\">\n\t\t\t\t<div class=\"elementor-widget-container\">\n\t\t\t\t\t\t\t<div class=\"elementor-shortcode\"><div class='printomatic pom-default ' id='id132' alt='Imprimir' title='Imprimir' data-print_target='article'><\/div> <div class='printomatictext' id='id132' alt='Imprimir' title='Imprimir' data-print_target='article'>Imprimir<\/div><div style='clear: both;'><\/div><\/div>\n\t\t\t\t\t\t<\/div>\n\t\t\t\t<\/div>\n\t\t\t\t\t<\/div>\n\t\t<\/div>\n\t\t\t\t\t<\/div>\n\t\t<\/section>\n\t\t\t\t<\/div>\n\t\t","protected":false},"excerpt":{"rendered":"<p>\u00a0 \u00a0 \u00a0 \u00a0 \u00a0 \u00a0 \u00a0 \u00a0 \u00a0 \u00a0 \u00a0 \u00a0 \u00a0 \u00a0 \u00a0 \u00a0 \u00a0 \u00a0 \u00a0 \u00a0 \u00a0 \u00a0 \u00a0 \u00a0 \u00a0 \u00a0 \u00a0 \u00a0 \u00a0 \u00a0 \u00a0 \u00a0 \u00a0 \u00a0 \u00a0 \u00a0 \u00a0 Se\u00e7\u00e3o I \u00a0 \u00a0 \u00a0 \u00a0 \u00a0 \u00a0 \u00a0 \u00a0 \u00a0 \u00a0 \u00a0 \u00a0 \u00a0 \u00a0 \u00a0 \u00a0 [&hellip;]<\/p>\n","protected":false},"author":5,"featured_media":0,"comment_status":"closed","ping_status":"open","sticky":false,"template":"","format":"standard","meta":{"footnotes":""},"categories":[22],"tags":[],"class_list":["post-865","post","type-post","status-publish","format-standard","hentry","category-base-conhecimentos-cat"],"_links":{"self":[{"href":"https:\/\/redelog.rj.gov.br\/redetrans\/wp-json\/wp\/v2\/posts\/865","targetHints":{"allow":["GET"]}}],"collection":[{"href":"https:\/\/redelog.rj.gov.br\/redetrans\/wp-json\/wp\/v2\/posts"}],"about":[{"href":"https:\/\/redelog.rj.gov.br\/redetrans\/wp-json\/wp\/v2\/types\/post"}],"author":[{"embeddable":true,"href":"https:\/\/redelog.rj.gov.br\/redetrans\/wp-json\/wp\/v2\/users\/5"}],"replies":[{"embeddable":true,"href":"https:\/\/redelog.rj.gov.br\/redetrans\/wp-json\/wp\/v2\/comments?post=865"}],"version-history":[{"count":53,"href":"https:\/\/redelog.rj.gov.br\/redetrans\/wp-json\/wp\/v2\/posts\/865\/revisions"}],"predecessor-version":[{"id":2742,"href":"https:\/\/redelog.rj.gov.br\/redetrans\/wp-json\/wp\/v2\/posts\/865\/revisions\/2742"}],"wp:attachment":[{"href":"https:\/\/redelog.rj.gov.br\/redetrans\/wp-json\/wp\/v2\/media?parent=865"}],"wp:term":[{"taxonomy":"category","embeddable":true,"href":"https:\/\/redelog.rj.gov.br\/redetrans\/wp-json\/wp\/v2\/categories?post=865"},{"taxonomy":"post_tag","embeddable":true,"href":"https:\/\/redelog.rj.gov.br\/redetrans\/wp-json\/wp\/v2\/tags?post=865"}],"curies":[{"name":"wp","href":"https:\/\/api.w.org\/{rel}","templated":true}]}}