{"id":860,"date":"2022-06-09T11:09:36","date_gmt":"2022-06-09T14:09:36","guid":{"rendered":"https:\/\/redelog.rj.gov.br\/redetrans\/?p=860"},"modified":"2025-12-10T15:06:40","modified_gmt":"2025-12-10T18:06:40","slug":"descredenciamento-de-veiculos","status":"publish","type":"post","link":"https:\/\/redelog.rj.gov.br\/redetrans\/descredenciamento-de-veiculos\/","title":{"rendered":"DESCREDENCIAMENTO DE VE\u00cdCULOS"},"content":{"rendered":"\t\t<div data-elementor-type=\"wp-post\" data-elementor-id=\"860\" class=\"elementor elementor-860\" data-elementor-post-type=\"post\">\n\t\t\t\t\t\t<section class=\"elementor-section elementor-top-section elementor-element elementor-element-93928de elementor-section-boxed elementor-section-height-default elementor-section-height-default\" data-id=\"93928de\" data-element_type=\"section\" data-settings=\"{&quot;jet_parallax_layout_list&quot;:[]}\">\n\t\t\t\t\t\t<div class=\"elementor-container elementor-column-gap-default\">\n\t\t\t\t\t<div class=\"elementor-column elementor-col-100 elementor-top-column elementor-element elementor-element-f40d3d3\" data-id=\"f40d3d3\" data-element_type=\"column\">\n\t\t\t<div class=\"elementor-widget-wrap elementor-element-populated\">\n\t\t\t\t\t\t<div class=\"elementor-element elementor-element-cacb915 elementor-widget-divider--view-line elementor-widget elementor-widget-divider\" data-id=\"cacb915\" data-element_type=\"widget\" data-widget_type=\"divider.default\">\n\t\t\t\t<div class=\"elementor-widget-container\">\n\t\t\t\t\t\t\t<div class=\"elementor-divider\">\n\t\t\t<span class=\"elementor-divider-separator\">\n\t\t\t\t\t\t<\/span>\n\t\t<\/div>\n\t\t\t\t\t\t<\/div>\n\t\t\t\t<\/div>\n\t\t\t\t<div class=\"elementor-element elementor-element-4623e12 elementor-widget elementor-widget-text-editor\" data-id=\"4623e12\" data-element_type=\"widget\" data-widget_type=\"text-editor.default\">\n\t\t\t\t<div class=\"elementor-widget-container\">\n\t\t\t\t\t\t\t\t\t<p><span style=\"color: var( --e-global-color-text ); font-family: var( --e-global-typography-text-font-family ), Sans-serif; font-weight: var( --e-global-typography-text-font-weight ); font-size: 1.125rem; letter-spacing: 0px;\" data-contrast=\"auto\">O descredenciamento de ve\u00edculos \u00e9 regulamentado pelo <strong><a href=\"https:\/\/redelog.rj.gov.br\/redelog\/decreto-estadual-no-47298\/\">Decreto Estadual n\u00ba47.298\/2020<\/a><\/strong> e pela Resolu\u00e7\u00e3o da<b><a href=\"https:\/\/redelog.rj.gov.br\/redelog\/resolucao-seplag-no-340-de-26-de-novembro-de-2024\/\">\u00a0SEPLAG N\u00b0340<\/a>\u00a0<\/b>. O descredenciamento \u00e9 o ato de remo\u00e7\u00e3o do credenciamento de ve\u00edculos, realizado pelo \u00d3rg\u00e3o Central, mediante solicita\u00e7\u00e3o dos \u00d3rg\u00e3os ou Entidades.<\/span><span style=\"color: var( --e-global-color-text ); font-family: var( --e-global-typography-text-font-family ), Sans-serif; font-weight: var( --e-global-typography-text-font-weight ); font-size: 1.125rem; letter-spacing: 0px;\" data-ccp-props=\"{&quot;201341983&quot;:0,&quot;335551550&quot;:6,&quot;335551620&quot;:6,&quot;335559739&quot;:160,&quot;335559740&quot;:360}\">\u00a0<\/span><\/p><p style=\"font-family: 'Open Sans', sans-serif;\">Art. 36. O descredenciamento de ve\u00edculos no BDFE ocorrer\u00e1:<\/p><p style=\"font-family: 'Open Sans', sans-serif;\">I \u2013 pelo \u00d3rg\u00e3o ou Entidade, em que dever\u00e1 encaminhar solicita\u00e7\u00e3o ao \u00d3rg\u00e3o Central do Sislog, por of\u00edcio no SEI, justificando a motiva\u00e7\u00e3o do descredenciamento, anexando c\u00f3pia dos documentos pertinentes; ou<\/p><p style=\"font-family: 'Open Sans', sans-serif;\">II \u2013 pelo \u00d3rg\u00e3o Central do Sislog, quando:<\/p><p style=\"font-family: 'Open Sans', sans-serif;\">a) n\u00e3o constar a documenta\u00e7\u00e3o atualizada, de que trata o \u00a7 2\u00ba do art. 34 desta Resolu\u00e7\u00e3o, at\u00e9 o dia 31 de dezembro de cada ano; ou<\/p><p style=\"font-family: 'Open Sans', sans-serif;\">b) n\u00e3o houver registro de abastecimento pelo per\u00edodo de 6 (seis) meses, nos casos de ve\u00edculos de propriedade de terceiros.<\/p>\t\t\t\t\t\t\t\t<\/div>\n\t\t\t\t<\/div>\n\t\t\t\t<div class=\"elementor-element elementor-element-af6671c elementor-widget-divider--view-line elementor-widget elementor-widget-divider\" data-id=\"af6671c\" data-element_type=\"widget\" data-widget_type=\"divider.default\">\n\t\t\t\t<div class=\"elementor-widget-container\">\n\t\t\t\t\t\t\t<div class=\"elementor-divider\">\n\t\t\t<span class=\"elementor-divider-separator\">\n\t\t\t\t\t\t<\/span>\n\t\t<\/div>\n\t\t\t\t\t\t<\/div>\n\t\t\t\t<\/div>\n\t\t\t\t\t<\/div>\n\t\t<\/div>\n\t\t\t\t\t<\/div>\n\t\t<\/section>\n\t\t\t\t<section class=\"elementor-section elementor-top-section elementor-element elementor-element-3beafb3 elementor-section-boxed elementor-section-height-default elementor-section-height-default\" data-id=\"3beafb3\" data-element_type=\"section\" data-settings=\"{&quot;jet_parallax_layout_list&quot;:[]}\">\n\t\t\t\t\t\t<div class=\"elementor-container elementor-column-gap-default\">\n\t\t\t\t\t<div class=\"elementor-column elementor-col-100 elementor-top-column elementor-element elementor-element-82b2c16\" data-id=\"82b2c16\" data-element_type=\"column\">\n\t\t\t<div class=\"elementor-widget-wrap elementor-element-populated\">\n\t\t\t\t\t\t<div class=\"elementor-element elementor-element-774c5a2 elementor-widget elementor-widget-text-editor\" data-id=\"774c5a2\" data-element_type=\"widget\" data-widget_type=\"text-editor.default\">\n\t\t\t\t<div class=\"elementor-widget-container\">\n\t\t\t\t\t\t\t\t\t<p style=\"text-align: center;\"><strong>FORMUL\u00c1RIO SIGETRANSP<\/strong><\/p><p>Em busca de obter maior celeridade e efici\u00eancia na gest\u00e3o de frotas do Estado, elaboramos um Formul\u00e1rio para facilitar a operacionaliza\u00e7\u00e3o das solicita\u00e7\u00f5es de credenciamento, descredenciamento e abastecimento.<\/p><p>Seguem abaixo tais orienta\u00e7\u00f5es, e tamb\u00e9m o arquivo edit\u00e1vel para ser inserido no momento do pedido pelo SEI.<\/p><p>Observa\u00e7\u00e3o: selecionem o documento SEI com nomenclatura de \u201cAnexo\u201d, e escrevam ao lado:<br \/>\u201cFORMUL\u00c1RIO SIGETRANSP\u201d<\/p><p><strong>Orienta\u00e7\u00e3o:<\/strong><\/p><p>Os campos a serem preenchidos devem ser:<\/p><p>a) Se for pedido credenciamento com abastecimento, o quadro 1 dever\u00e1 ser preenchido.<br \/>b) Caso seja somente descredenciamento, o quadro a ser utilizado dever\u00e1 ser o 2.<br \/>c) O campo \u201canexos\u201d \u00e9 para ser utilizado somente quando houver credenciamento.<\/p><p>Aten\u00e7\u00e3o: Cadastramento de ve\u00edculos tempor\u00e1rios seguem o mesmo tr\u00e2mite de ve\u00edculos definitivos.<\/p>\t\t\t\t\t\t\t\t<\/div>\n\t\t\t\t<\/div>\n\t\t\t\t\t<\/div>\n\t\t<\/div>\n\t\t\t\t\t<\/div>\n\t\t<\/section>\n\t\t\t\t<section class=\"elementor-section elementor-top-section elementor-element elementor-element-90da94f elementor-section-boxed elementor-section-height-default elementor-section-height-default\" data-id=\"90da94f\" data-element_type=\"section\" data-settings=\"{&quot;jet_parallax_layout_list&quot;:[]}\">\n\t\t\t\t\t\t<div class=\"elementor-container elementor-column-gap-default\">\n\t\t\t\t\t<div class=\"elementor-column elementor-col-100 elementor-top-column elementor-element elementor-element-c0621a0\" data-id=\"c0621a0\" data-element_type=\"column\">\n\t\t\t<div class=\"elementor-widget-wrap elementor-element-populated\">\n\t\t\t\t\t\t<div class=\"elementor-element elementor-element-6f457bc elementor-align-center elementor-widget elementor-widget-button\" data-id=\"6f457bc\" data-element_type=\"widget\" data-widget_type=\"button.default\">\n\t\t\t\t<div class=\"elementor-widget-container\">\n\t\t\t\t\t\t\t\t\t<div class=\"elementor-button-wrapper\">\n\t\t\t\t\t<a class=\"elementor-button elementor-button-link elementor-size-sm\" href=\"https:\/\/redelog.rj.gov.br\/redetrans\/wp-content\/uploads\/2025\/12\/FORMULARIO_-SIGETRANSP_Editavel.docx\">\n\t\t\t\t\t\t<span class=\"elementor-button-content-wrapper\">\n\t\t\t\t\t\t<span class=\"elementor-button-icon\">\n\t\t\t\t<i aria-hidden=\"true\" class=\"fas fa-file-word\"><\/i>\t\t\t<\/span>\n\t\t\t\t\t\t\t\t\t<span class=\"elementor-button-text\">Formul\u00e1rio SIGETRANSP<\/span>\n\t\t\t\t\t<\/span>\n\t\t\t\t\t<\/a>\n\t\t\t\t<\/div>\n\t\t\t\t\t\t\t\t<\/div>\n\t\t\t\t<\/div>\n\t\t\t\t\t<\/div>\n\t\t<\/div>\n\t\t\t\t\t<\/div>\n\t\t<\/section>\n\t\t\t\t<section class=\"elementor-section elementor-top-section elementor-element elementor-element-a1ab89f elementor-section-boxed elementor-section-height-default elementor-section-height-default\" data-id=\"a1ab89f\" data-element_type=\"section\" data-settings=\"{&quot;jet_parallax_layout_list&quot;:[]}\">\n\t\t\t\t\t\t<div class=\"elementor-container elementor-column-gap-default\">\n\t\t\t\t\t<div class=\"elementor-column elementor-col-100 elementor-top-column elementor-element elementor-element-2e6729b\" data-id=\"2e6729b\" data-element_type=\"column\">\n\t\t\t<div class=\"elementor-widget-wrap elementor-element-populated\">\n\t\t\t\t\t\t<div class=\"elementor-element elementor-element-ce83b6f elementor-widget elementor-widget-spacer\" data-id=\"ce83b6f\" data-element_type=\"widget\" data-widget_type=\"spacer.default\">\n\t\t\t\t<div class=\"elementor-widget-container\">\n\t\t\t\t\t\t\t<div class=\"elementor-spacer\">\n\t\t\t<div class=\"elementor-spacer-inner\"><\/div>\n\t\t<\/div>\n\t\t\t\t\t\t<\/div>\n\t\t\t\t<\/div>\n\t\t\t\t\t<\/div>\n\t\t<\/div>\n\t\t\t\t\t<\/div>\n\t\t<\/section>\n\t\t\t\t<section class=\"elementor-section elementor-top-section elementor-element elementor-element-5a69b50 elementor-section-boxed elementor-section-height-default elementor-section-height-default\" data-id=\"5a69b50\" data-element_type=\"section\" data-settings=\"{&quot;jet_parallax_layout_list&quot;:[]}\">\n\t\t\t\t\t\t<div class=\"elementor-container elementor-column-gap-default\">\n\t\t\t\t\t<div class=\"elementor-column elementor-col-100 elementor-top-column elementor-element elementor-element-29785d9\" data-id=\"29785d9\" data-element_type=\"column\">\n\t\t\t<div class=\"elementor-widget-wrap elementor-element-populated\">\n\t\t\t\t\t\t<section class=\"elementor-section elementor-inner-section elementor-element elementor-element-9d82fb6 elementor-section-boxed elementor-section-height-default elementor-section-height-default\" data-id=\"9d82fb6\" data-element_type=\"section\" data-settings=\"{&quot;jet_parallax_layout_list&quot;:[]}\">\n\t\t\t\t\t\t<div class=\"elementor-container elementor-column-gap-default\">\n\t\t\t\t\t<div class=\"elementor-column elementor-col-50 elementor-inner-column elementor-element elementor-element-7a1baa9\" data-id=\"7a1baa9\" data-element_type=\"column\">\n\t\t\t<div class=\"elementor-widget-wrap elementor-element-populated\">\n\t\t\t\t\t\t<div class=\"elementor-element elementor-element-095871d elementor-widget elementor-widget-text-editor\" data-id=\"095871d\" data-element_type=\"widget\" data-widget_type=\"text-editor.default\">\n\t\t\t\t<div class=\"elementor-widget-container\">\n\t\t\t\t\t\t\t\t\t<p><a href=\"https:\/\/redelog.rj.gov.br\/redetrans\/credenciamento-veiculos\/\"><strong>\u2190 Credenciamento de Ve\u00edculos<\/strong><\/a><\/p>\t\t\t\t\t\t\t\t<\/div>\n\t\t\t\t<\/div>\n\t\t\t\t\t<\/div>\n\t\t<\/div>\n\t\t\t\t<div class=\"elementor-column elementor-col-50 elementor-inner-column elementor-element elementor-element-afdafdb\" data-id=\"afdafdb\" data-element_type=\"column\">\n\t\t\t<div class=\"elementor-widget-wrap elementor-element-populated\">\n\t\t\t\t\t\t<div class=\"elementor-element elementor-element-6cbc0f9 elementor-widget elementor-widget-text-editor\" data-id=\"6cbc0f9\" data-element_type=\"widget\" data-widget_type=\"text-editor.default\">\n\t\t\t\t<div class=\"elementor-widget-container\">\n\t\t\t\t\t\t\t\t\t<p style=\"text-align: right;\"><a href=\"https:\/\/redelog.rj.gov.br\/redetrans\/identificacao-de-veiculos\/\"><strong>Identifica\u00e7\u00e3o de Ve\u00edculos \u2192<\/strong><\/a><\/p>\t\t\t\t\t\t\t\t<\/div>\n\t\t\t\t<\/div>\n\t\t\t\t\t<\/div>\n\t\t<\/div>\n\t\t\t\t\t<\/div>\n\t\t<\/section>\n\t\t\t\t<div class=\"elementor-element elementor-element-bbc0fcf elementor-widget elementor-widget-shortcode\" data-id=\"bbc0fcf\" data-element_type=\"widget\" data-widget_type=\"shortcode.default\">\n\t\t\t\t<div class=\"elementor-widget-container\">\n\t\t\t\t\t\t\t<div class=\"elementor-shortcode\"><div class='printomatic pom-default ' id='id6757' alt='Imprimir' title='Imprimir' data-print_target='article'><\/div> <div class='printomatictext' id='id6757' alt='Imprimir' title='Imprimir' data-print_target='article'>Imprimir<\/div><div style='clear: both;'><\/div><\/div>\n\t\t\t\t\t\t<\/div>\n\t\t\t\t<\/div>\n\t\t\t\t\t<\/div>\n\t\t<\/div>\n\t\t\t\t\t<\/div>\n\t\t<\/section>\n\t\t\t\t<\/div>\n\t\t","protected":false},"excerpt":{"rendered":"<p>O descredenciamento de ve\u00edculos \u00e9 regulamentado pelo Decreto Estadual n\u00ba47.298\/2020 e pela Resolu\u00e7\u00e3o da\u00a0SEPLAG N\u00b0340\u00a0. O descredenciamento \u00e9 o ato de remo\u00e7\u00e3o do credenciamento de ve\u00edculos, realizado pelo \u00d3rg\u00e3o Central, mediante solicita\u00e7\u00e3o dos \u00d3rg\u00e3os ou Entidades.\u00a0 Art. 36. O descredenciamento de ve\u00edculos no BDFE ocorrer\u00e1: I \u2013 pelo \u00d3rg\u00e3o ou Entidade, em que dever\u00e1 encaminhar [&hellip;]<\/p>\n","protected":false},"author":5,"featured_media":0,"comment_status":"closed","ping_status":"open","sticky":false,"template":"","format":"standard","meta":{"footnotes":""},"categories":[22],"tags":[],"class_list":["post-860","post","type-post","status-publish","format-standard","hentry","category-base-conhecimentos-cat"],"_links":{"self":[{"href":"https:\/\/redelog.rj.gov.br\/redetrans\/wp-json\/wp\/v2\/posts\/860","targetHints":{"allow":["GET"]}}],"collection":[{"href":"https:\/\/redelog.rj.gov.br\/redetrans\/wp-json\/wp\/v2\/posts"}],"about":[{"href":"https:\/\/redelog.rj.gov.br\/redetrans\/wp-json\/wp\/v2\/types\/post"}],"author":[{"embeddable":true,"href":"https:\/\/redelog.rj.gov.br\/redetrans\/wp-json\/wp\/v2\/users\/5"}],"replies":[{"embeddable":true,"href":"https:\/\/redelog.rj.gov.br\/redetrans\/wp-json\/wp\/v2\/comments?post=860"}],"version-history":[{"count":46,"href":"https:\/\/redelog.rj.gov.br\/redetrans\/wp-json\/wp\/v2\/posts\/860\/revisions"}],"predecessor-version":[{"id":2952,"href":"https:\/\/redelog.rj.gov.br\/redetrans\/wp-json\/wp\/v2\/posts\/860\/revisions\/2952"}],"wp:attachment":[{"href":"https:\/\/redelog.rj.gov.br\/redetrans\/wp-json\/wp\/v2\/media?parent=860"}],"wp:term":[{"taxonomy":"category","embeddable":true,"href":"https:\/\/redelog.rj.gov.br\/redetrans\/wp-json\/wp\/v2\/categories?post=860"},{"taxonomy":"post_tag","embeddable":true,"href":"https:\/\/redelog.rj.gov.br\/redetrans\/wp-json\/wp\/v2\/tags?post=860"}],"curies":[{"name":"wp","href":"https:\/\/api.w.org\/{rel}","templated":true}]}}