{"id":83,"date":"2022-04-01T16:54:42","date_gmt":"2022-04-01T19:54:42","guid":{"rendered":"http:\/\/redelog.rj.gov.br\/redetrans\/?p=83"},"modified":"2025-08-25T11:41:13","modified_gmt":"2025-08-25T14:41:13","slug":"padrao-veicular-de-desempenho-pvd","status":"publish","type":"post","link":"https:\/\/redelog.rj.gov.br\/redetrans\/padrao-veicular-de-desempenho-pvd\/","title":{"rendered":"PADR\u00c3O VEICULAR DE DESEMPENHO &#8211; PVD"},"content":{"rendered":"\t\t<div data-elementor-type=\"wp-post\" data-elementor-id=\"83\" class=\"elementor elementor-83\" data-elementor-post-type=\"post\">\n\t\t\t\t\t\t<section class=\"elementor-section elementor-top-section elementor-element elementor-element-2eabf4f elementor-section-boxed elementor-section-height-default elementor-section-height-default\" data-id=\"2eabf4f\" data-element_type=\"section\" data-settings=\"{&quot;jet_parallax_layout_list&quot;:[]}\">\n\t\t\t\t\t\t<div class=\"elementor-container elementor-column-gap-default\">\n\t\t\t\t\t<div class=\"elementor-column elementor-col-100 elementor-top-column elementor-element elementor-element-6086aee\" data-id=\"6086aee\" data-element_type=\"column\">\n\t\t\t<div class=\"elementor-widget-wrap elementor-element-populated\">\n\t\t\t\t\t\t<div class=\"elementor-element elementor-element-6355bfe elementor-widget-divider--view-line elementor-widget elementor-widget-divider\" data-id=\"6355bfe\" data-element_type=\"widget\" data-widget_type=\"divider.default\">\n\t\t\t\t<div class=\"elementor-widget-container\">\n\t\t\t\t\t\t\t<div class=\"elementor-divider\">\n\t\t\t<span class=\"elementor-divider-separator\">\n\t\t\t\t\t\t<\/span>\n\t\t<\/div>\n\t\t\t\t\t\t<\/div>\n\t\t\t\t<\/div>\n\t\t\t\t<div class=\"elementor-element elementor-element-5faab81 elementor-widget elementor-widget-text-editor\" data-id=\"5faab81\" data-element_type=\"widget\" data-widget_type=\"text-editor.default\">\n\t\t\t\t<div class=\"elementor-widget-container\">\n\t\t\t\t\t\t\t\t\t<p><span data-contrast=\"auto\">Para garantir que os ve\u00edculos da frota do Estado tenham um m\u00ednimo de efici\u00eancia aceit\u00e1vel, o<strong> <a href=\"https:\/\/redelog.rj.gov.br\/redelog\/decreto-estadual-no-47298\/\">Decreto n\u00ba 47.298<\/a><\/strong> no seu Cap\u00edtulo V Se\u00e7\u00e3o II, definiu o seguinte crit\u00e9rio que tem como princ\u00edpio a compara\u00e7\u00e3o com o Padr\u00e3o Veicular de Desempenho \u2013 PVD. O PVD \u00e9 um n\u00famero definido pelo Inmetro ou pelo Fabricante, que depende do tipo, motoriza\u00e7\u00e3o e ano do ve\u00edculo e, significa a quantidade m\u00e9dia de km que o ve\u00edculo percorre com 1 litro de combust\u00edvel.<\/span><span data-ccp-props=\"{&quot;201341983&quot;:0,&quot;335551550&quot;:6,&quot;335551620&quot;:6,&quot;335559739&quot;:160,&quot;335559740&quot;:360}\">\u00a0<\/span><\/p><p><span data-contrast=\"auto\">O PVD m\u00ednimo aceit\u00e1vel de cada ve\u00edculo, \u00e9 obtido com a multiplica\u00e7\u00e3o por um fator de toler\u00e2ncia &#8211; FDT, que depende da classifica\u00e7\u00e3o do ve\u00edculo, quais sejam:<\/span><span data-ccp-props=\"{&quot;201341983&quot;:0,&quot;335551550&quot;:6,&quot;335551620&quot;:6,&quot;335559739&quot;:160,&quot;335559740&quot;:360}\">\u00a0<\/span><\/p><p><span data-contrast=\"auto\">Representa\u00e7\u00e3o sem blindagem \u2013 RP1 \u2013\u00a0 FDT = 0,85 (15% menor)<\/span><span data-ccp-props=\"{&quot;201341983&quot;:0,&quot;335551550&quot;:6,&quot;335551620&quot;:6,&quot;335559739&quot;:160,&quot;335559740&quot;:360}\">\u00a0<\/span><\/p><p><span data-contrast=\"auto\">Representa\u00e7\u00e3o com blindagem \u2013 RP2 \u2013 FDT = 0,75 (25% menor)<\/span><span data-ccp-props=\"{&quot;201341983&quot;:0,&quot;335551550&quot;:6,&quot;335551620&quot;:6,&quot;335559739&quot;:160,&quot;335559740&quot;:360}\">\u00a0<\/span><\/p><p><span data-contrast=\"auto\">Servi\u00e7o tipo 1 \u2013 SV1 \u2013 FDT = 0,85 (15% menor)<\/span><span data-ccp-props=\"{&quot;201341983&quot;:0,&quot;335551550&quot;:6,&quot;335551620&quot;:6,&quot;335559739&quot;:160,&quot;335559740&quot;:360}\">\u00a0<\/span><\/p><p><span data-contrast=\"auto\">Servi\u00e7o tipo 2 \u2013 SV2 \u2013 FDT = 0,80 (20% menor)<\/span><span data-ccp-props=\"{&quot;201341983&quot;:0,&quot;335551550&quot;:6,&quot;335551620&quot;:6,&quot;335559739&quot;:160,&quot;335559740&quot;:360}\">\u00a0<\/span><\/p><p><span data-contrast=\"auto\">Ent\u00e3o:\u00a0<\/span><span data-ccp-props=\"{&quot;201341983&quot;:0,&quot;335551550&quot;:6,&quot;335551620&quot;:6,&quot;335559739&quot;:160,&quot;335559740&quot;:360}\">\u00a0<\/span><\/p><p><span data-contrast=\"auto\">PVD (m\u00ednimo) = PVD (padr\u00e3o) x FDT (fator de toler\u00e2ncia)<\/span><span data-ccp-props=\"{&quot;201341983&quot;:0,&quot;335551550&quot;:6,&quot;335551620&quot;:6,&quot;335559739&quot;:160,&quot;335559740&quot;:360}\">\u00a0<\/span><\/p><p><span data-contrast=\"auto\">Se DPR (desempenho real) &gt;= PVD (m\u00ednimo) = Ve\u00edculo com efici\u00eancia maior que o m\u00ednimo permitido.<\/span><span data-ccp-props=\"{&quot;201341983&quot;:0,&quot;335551550&quot;:6,&quot;335551620&quot;:6,&quot;335559739&quot;:160,&quot;335559740&quot;:360}\">\u00a0<\/span><\/p><p><span data-contrast=\"auto\">Se DPR (desempenho real) &lt; PVD (m\u00ednimo) = Ve\u00edculo com efici\u00eancia menor que o m\u00ednimo permitido.<\/span><span data-ccp-props=\"{&quot;201341983&quot;:0,&quot;335551550&quot;:6,&quot;335551620&quot;:6,&quot;335559739&quot;:160,&quot;335559740&quot;:360}\">\u00a0<\/span><\/p><p><span data-contrast=\"auto\">O desempenho real (DPR) de um ve\u00edculo num per\u00edodo espec\u00edfico de estudo, \u00e9 obtido do relat\u00f3rio dos registros dos abastecimentos dos ve\u00edculos extra\u00eddo do Sistema de Gest\u00e3o de Abastecimento de Combust\u00edvel \u2013 SIAG, pela divis\u00e3o da quantidade de quil\u00f4metros percorridos pela quantidade de litros consumidos no mesmo per\u00edodo de an\u00e1lise.<\/span><span data-ccp-props=\"{&quot;201341983&quot;:0,&quot;335551550&quot;:6,&quot;335551620&quot;:6,&quot;335559739&quot;:160,&quot;335559740&quot;:360}\">\u00a0<\/span><\/p><p><span data-contrast=\"auto\">Os \u00f3rg\u00e3os que tiverem ve\u00edculos com desempenho real menor que o padr\u00e3o veicular de desempenho m\u00ednimo, de forma rotineira, dever\u00e1 seguir as tratativas do Art. 37 do <strong><a href=\"https:\/\/redelog.rj.gov.br\/redelog\/decreto-estadual-no-47298\/\">Decreto n\u00ba 47.298<\/a>.<\/strong><\/span><\/p>\t\t\t\t\t\t\t\t<\/div>\n\t\t\t\t<\/div>\n\t\t\t\t<div class=\"elementor-element elementor-element-34afd37 elementor-widget-divider--view-line elementor-widget elementor-widget-divider\" data-id=\"34afd37\" data-element_type=\"widget\" data-widget_type=\"divider.default\">\n\t\t\t\t<div class=\"elementor-widget-container\">\n\t\t\t\t\t\t\t<div class=\"elementor-divider\">\n\t\t\t<span class=\"elementor-divider-separator\">\n\t\t\t\t\t\t<\/span>\n\t\t<\/div>\n\t\t\t\t\t\t<\/div>\n\t\t\t\t<\/div>\n\t\t\t\t\t<\/div>\n\t\t<\/div>\n\t\t\t\t\t<\/div>\n\t\t<\/section>\n\t\t\t\t<section class=\"elementor-section elementor-top-section elementor-element elementor-element-2e3c89c elementor-section-boxed elementor-section-height-default elementor-section-height-default\" data-id=\"2e3c89c\" data-element_type=\"section\" data-settings=\"{&quot;jet_parallax_layout_list&quot;:[]}\">\n\t\t\t\t\t\t<div class=\"elementor-container elementor-column-gap-default\">\n\t\t\t\t\t<div class=\"elementor-column elementor-col-50 elementor-top-column elementor-element elementor-element-8feef52\" data-id=\"8feef52\" data-element_type=\"column\">\n\t\t\t<div class=\"elementor-widget-wrap elementor-element-populated\">\n\t\t\t\t\t\t<div class=\"elementor-element elementor-element-f43ad52 elementor-widget elementor-widget-text-editor\" data-id=\"f43ad52\" data-element_type=\"widget\" data-widget_type=\"text-editor.default\">\n\t\t\t\t<div class=\"elementor-widget-container\">\n\t\t\t\t\t\t\t\t\t<p><a href=\"https:\/\/redelog.rj.gov.br\/redetrans\/dicas-sobre-consumo-de-combustivel\/?preview_id=88&amp;preview_nonce=ede82e322f&amp;preview=true\"><strong>\u2190 Dicas sobre Consumo de Combust\u00edvel<\/strong><\/a><\/p><h1 class=\"entry-title h2-style\">\u00a0<\/h1>\t\t\t\t\t\t\t\t<\/div>\n\t\t\t\t<\/div>\n\t\t\t\t\t<\/div>\n\t\t<\/div>\n\t\t\t\t<div class=\"elementor-column elementor-col-50 elementor-top-column elementor-element elementor-element-6f11d46\" data-id=\"6f11d46\" data-element_type=\"column\">\n\t\t\t<div class=\"elementor-widget-wrap elementor-element-populated\">\n\t\t\t\t\t\t<div class=\"elementor-element elementor-element-0c4abfd elementor-widget elementor-widget-text-editor\" data-id=\"0c4abfd\" data-element_type=\"widget\" data-widget_type=\"text-editor.default\">\n\t\t\t\t<div class=\"elementor-widget-container\">\n\t\t\t\t\t\t\t\t\t<p><strong><a href=\"https:\/\/redelog.rj.gov.br\/redetrans\/procedimentos-de-empenho-para-combustivel\/\">Procedimentos de Empenho para Combust\u00edvel \u2192\u00a0<\/a><\/strong><\/p>\t\t\t\t\t\t\t\t<\/div>\n\t\t\t\t<\/div>\n\t\t\t\t\t<\/div>\n\t\t<\/div>\n\t\t\t\t\t<\/div>\n\t\t<\/section>\n\t\t\t\t<section class=\"elementor-section elementor-top-section elementor-element elementor-element-656765e elementor-section-boxed elementor-section-height-default elementor-section-height-default\" data-id=\"656765e\" data-element_type=\"section\" data-settings=\"{&quot;jet_parallax_layout_list&quot;:[]}\">\n\t\t\t\t\t\t<div class=\"elementor-container elementor-column-gap-default\">\n\t\t\t\t\t<div class=\"elementor-column elementor-col-100 elementor-top-column elementor-element elementor-element-7c803da\" data-id=\"7c803da\" data-element_type=\"column\">\n\t\t\t<div class=\"elementor-widget-wrap elementor-element-populated\">\n\t\t\t\t\t\t<div class=\"elementor-element elementor-element-d8c8ef9 elementor-widget elementor-widget-shortcode\" data-id=\"d8c8ef9\" data-element_type=\"widget\" data-widget_type=\"shortcode.default\">\n\t\t\t\t<div class=\"elementor-widget-container\">\n\t\t\t\t\t\t\t<div class=\"elementor-shortcode\"><div class='printomatic pom-default ' id='id3694' alt='Imprimir' title='Imprimir' data-print_target='article'><\/div> <div class='printomatictext' id='id3694' alt='Imprimir' title='Imprimir' data-print_target='article'>Imprimir<\/div><div style='clear: both;'><\/div><\/div>\n\t\t\t\t\t\t<\/div>\n\t\t\t\t<\/div>\n\t\t\t\t\t<\/div>\n\t\t<\/div>\n\t\t\t\t\t<\/div>\n\t\t<\/section>\n\t\t\t\t<\/div>\n\t\t","protected":false},"excerpt":{"rendered":"<p>Para garantir que os ve\u00edculos da frota do Estado tenham um m\u00ednimo de efici\u00eancia aceit\u00e1vel, o Decreto n\u00ba 47.298 no seu Cap\u00edtulo V Se\u00e7\u00e3o II, definiu o seguinte crit\u00e9rio que tem como princ\u00edpio a compara\u00e7\u00e3o com o Padr\u00e3o Veicular de Desempenho \u2013 PVD. O PVD \u00e9 um n\u00famero definido pelo Inmetro ou pelo Fabricante, que [&hellip;]<\/p>\n","protected":false},"author":1,"featured_media":0,"comment_status":"closed","ping_status":"open","sticky":false,"template":"","format":"standard","meta":{"footnotes":""},"categories":[22],"tags":[],"class_list":["post-83","post","type-post","status-publish","format-standard","hentry","category-base-conhecimentos-cat"],"_links":{"self":[{"href":"https:\/\/redelog.rj.gov.br\/redetrans\/wp-json\/wp\/v2\/posts\/83","targetHints":{"allow":["GET"]}}],"collection":[{"href":"https:\/\/redelog.rj.gov.br\/redetrans\/wp-json\/wp\/v2\/posts"}],"about":[{"href":"https:\/\/redelog.rj.gov.br\/redetrans\/wp-json\/wp\/v2\/types\/post"}],"author":[{"embeddable":true,"href":"https:\/\/redelog.rj.gov.br\/redetrans\/wp-json\/wp\/v2\/users\/1"}],"replies":[{"embeddable":true,"href":"https:\/\/redelog.rj.gov.br\/redetrans\/wp-json\/wp\/v2\/comments?post=83"}],"version-history":[{"count":102,"href":"https:\/\/redelog.rj.gov.br\/redetrans\/wp-json\/wp\/v2\/posts\/83\/revisions"}],"predecessor-version":[{"id":2739,"href":"https:\/\/redelog.rj.gov.br\/redetrans\/wp-json\/wp\/v2\/posts\/83\/revisions\/2739"}],"wp:attachment":[{"href":"https:\/\/redelog.rj.gov.br\/redetrans\/wp-json\/wp\/v2\/media?parent=83"}],"wp:term":[{"taxonomy":"category","embeddable":true,"href":"https:\/\/redelog.rj.gov.br\/redetrans\/wp-json\/wp\/v2\/categories?post=83"},{"taxonomy":"post_tag","embeddable":true,"href":"https:\/\/redelog.rj.gov.br\/redetrans\/wp-json\/wp\/v2\/tags?post=83"}],"curies":[{"name":"wp","href":"https:\/\/api.w.org\/{rel}","templated":true}]}}