{"id":829,"date":"2022-06-15T10:28:34","date_gmt":"2022-06-15T13:28:34","guid":{"rendered":"https:\/\/redelog.rj.gov.br\/redetrans\/?p=829"},"modified":"2025-02-11T10:49:01","modified_gmt":"2025-02-11T13:49:01","slug":"credenciamento-de-condutores","status":"publish","type":"post","link":"https:\/\/redelog.rj.gov.br\/redetrans\/credenciamento-de-condutores\/","title":{"rendered":"CREDENCIAMENTO DE CONDUTORES"},"content":{"rendered":"\t\t<div data-elementor-type=\"wp-post\" data-elementor-id=\"829\" class=\"elementor elementor-829\" data-elementor-post-type=\"post\">\n\t\t\t\t\t\t<section class=\"elementor-section elementor-top-section elementor-element elementor-element-941c17b elementor-section-boxed elementor-section-height-default elementor-section-height-default\" data-id=\"941c17b\" data-element_type=\"section\" data-settings=\"{&quot;jet_parallax_layout_list&quot;:[]}\">\n\t\t\t\t\t\t<div class=\"elementor-container elementor-column-gap-default\">\n\t\t\t\t\t<div class=\"elementor-column elementor-col-100 elementor-top-column elementor-element elementor-element-386cce5\" data-id=\"386cce5\" data-element_type=\"column\">\n\t\t\t<div class=\"elementor-widget-wrap elementor-element-populated\">\n\t\t\t\t\t\t<div class=\"elementor-element elementor-element-0d077e1 elementor-widget-divider--view-line elementor-widget elementor-widget-divider\" data-id=\"0d077e1\" data-element_type=\"widget\" data-widget_type=\"divider.default\">\n\t\t\t\t<div class=\"elementor-widget-container\">\n\t\t\t\t\t\t\t<div class=\"elementor-divider\">\n\t\t\t<span class=\"elementor-divider-separator\">\n\t\t\t\t\t\t<\/span>\n\t\t<\/div>\n\t\t\t\t\t\t<\/div>\n\t\t\t\t<\/div>\n\t\t\t\t<div class=\"elementor-element elementor-element-1a26b2a elementor-widget elementor-widget-image\" data-id=\"1a26b2a\" data-element_type=\"widget\" data-widget_type=\"image.default\">\n\t\t\t\t<div class=\"elementor-widget-container\">\n\t\t\t\t\t\t\t\t\t\t\t\t\t\t\t<img fetchpriority=\"high\" decoding=\"async\" width=\"849\" height=\"440\" src=\"https:\/\/redelog.rj.gov.br\/redetrans\/wp-content\/uploads\/2022\/06\/tipos-de-CNH-e1692897023651.png\" class=\"attachment-large size-large wp-image-1974\" alt=\"\" srcset=\"https:\/\/redelog.rj.gov.br\/redetrans\/wp-content\/uploads\/2022\/06\/tipos-de-CNH-e1692897023651.png 849w, https:\/\/redelog.rj.gov.br\/redetrans\/wp-content\/uploads\/2022\/06\/tipos-de-CNH-e1692897023651-300x155.png 300w, https:\/\/redelog.rj.gov.br\/redetrans\/wp-content\/uploads\/2022\/06\/tipos-de-CNH-e1692897023651-768x398.png 768w, https:\/\/redelog.rj.gov.br\/redetrans\/wp-content\/uploads\/2022\/06\/tipos-de-CNH-e1692897023651-600x311.png 600w\" sizes=\"(max-width: 849px) 100vw, 849px\" \/>\t\t\t\t\t\t\t\t\t\t\t\t\t\t\t<\/div>\n\t\t\t\t<\/div>\n\t\t\t\t<div class=\"elementor-element elementor-element-b83c0e9 elementor-widget elementor-widget-heading\" data-id=\"b83c0e9\" data-element_type=\"widget\" data-widget_type=\"heading.default\">\n\t\t\t\t<div class=\"elementor-widget-container\">\n\t\t\t\t\t<h3 class=\"elementor-heading-title elementor-size-default\">Cadastramento de Condutores no Sistema Integrado de Abastecimento e Gest\u00e3o:<\/h3>\t\t\t\t<\/div>\n\t\t\t\t<\/div>\n\t\t\t\t\t<\/div>\n\t\t<\/div>\n\t\t\t\t\t<\/div>\n\t\t<\/section>\n\t\t\t\t<section class=\"elementor-section elementor-top-section elementor-element elementor-element-b2eb578 elementor-section-boxed elementor-section-height-default elementor-section-height-default\" data-id=\"b2eb578\" data-element_type=\"section\" data-settings=\"{&quot;jet_parallax_layout_list&quot;:[]}\">\n\t\t\t\t\t\t<div class=\"elementor-container elementor-column-gap-default\">\n\t\t\t\t\t<div class=\"elementor-column elementor-col-100 elementor-top-column elementor-element elementor-element-0ed9371\" data-id=\"0ed9371\" data-element_type=\"column\">\n\t\t\t<div class=\"elementor-widget-wrap elementor-element-populated\">\n\t\t\t\t\t\t<div class=\"elementor-element elementor-element-44a6c1f elementor-widget elementor-widget-text-editor\" data-id=\"44a6c1f\" data-element_type=\"widget\" data-widget_type=\"text-editor.default\">\n\t\t\t\t<div class=\"elementor-widget-container\">\n\t\t\t\t\t\t\t\t\t<p><strong>&nbsp; &nbsp; &nbsp; &nbsp; &nbsp; &nbsp; &nbsp; &nbsp; &nbsp; &nbsp; &nbsp; &nbsp; &nbsp; &nbsp; &nbsp; &nbsp; &nbsp; &nbsp; &nbsp; &nbsp; &nbsp; &nbsp; &nbsp; &nbsp; &nbsp; &nbsp; &nbsp; &nbsp; &nbsp; &nbsp; &nbsp; &nbsp; &nbsp; &nbsp; &nbsp;Subse\u00e7\u00e3o II<\/strong><\/p>\n<p><strong>&nbsp; &nbsp; &nbsp; &nbsp; &nbsp; &nbsp; &nbsp; &nbsp; &nbsp; &nbsp; &nbsp; &nbsp; &nbsp; &nbsp; &nbsp; &nbsp; &nbsp; &nbsp; &nbsp; &nbsp; &nbsp; &nbsp; &nbsp; &nbsp; &nbsp; &nbsp; &nbsp; &nbsp; &nbsp;Da emiss\u00e3o da credencial<\/strong><\/p>\n<p>Art. 11. Para emiss\u00e3o da credencial, dever\u00e1 ser instru\u00eddo processo administrativo internamente, composto por c\u00f3pias dos seguintes documentos:<\/p>\n<p>I \u2013 Carteira Nacional de Habilita\u00e7\u00e3o \u2013 CNH ou Permiss\u00e3o para Dirigir (Habilita\u00e7\u00e3o Provis\u00f3ria) com indica\u00e7\u00e3o que exerce atividade remunerada, quando for o caso;<\/p>\n<p>II \u2013 Certid\u00e3o de \u201cNada Consta\u201d de infra\u00e7\u00e3o de tr\u00e2nsito, multa, pontua\u00e7\u00e3o, suspens\u00e3o do direito de dirigir e cassa\u00e7\u00e3o da CNH;<\/p>\n<p>III \u2013 Carteira Funcional ou espelho do contracheque, quando o condutor for servidor p\u00fablico estadual;<\/p>\n<p>IV \u2013 Termo de Responsabilidade preenchido e assinado, conforme modelo constante do Anexo I desta Resolu\u00e7\u00e3o;<\/p>\n<p>V \u2013 contrato de trabalho entre o motorista e a empresa contratada ou do registro em Carteira de Trabalho e Previd\u00eancia Social \u2013 CTPS, quando for o caso;<\/p>\n<p>VI \u2013 contrato entre o \u00d3rg\u00e3o ou Entidade e a empresa contratada ou extrato da publica\u00e7\u00e3o do termo de contrato no DOERJ, quando for o caso; e<\/p>\n<p>VII \u2013 documento que comprove a cess\u00e3o oficial do servidor e seu v\u00ednculo com o \u00d3rg\u00e3o ou Entidade, quando for o caso.<\/p>\n<p>\u00a71\u00ba A autoridade m\u00e1xima do \u00d3rg\u00e3o ou Entidade ou o Gestor de Transportes, quando delegado, ap\u00f3s verifica\u00e7\u00e3o da conformidade da documenta\u00e7\u00e3o disposta no caput deste artigo, conceder\u00e1 credencial para condu\u00e7\u00e3o de ve\u00edculos oficiais.<\/p>\n<p>\u00a72\u00ba Fica vedada a concess\u00e3o de credencial para condutor que n\u00e3o atenda aos requisitos previstos no caput deste artigo, na legisla\u00e7\u00e3o vigente ou que possua restri\u00e7\u00f5es impeditivas junto aos \u00f3rg\u00e3os e entidades integrantes do Sistema Nacional de Tr\u00e2nsito, previsto no art. 7\u00ba da Lei n.\u00ba 9.503, de 1997.<\/p>\n<p>Art. 12. A concess\u00e3o de credencial n\u00e3o gera direitos, especialmente no que se refere \u00e0 efetiva\u00e7\u00e3o no cargo de motorista ou a v\u00ednculo empregat\u00edcio, mas t\u00e3o somente autoriza o credenciado a conduzir ve\u00edculos oficiais, pr\u00f3prios, locados ou cedidos.<\/p>\n<p>Par\u00e1grafo \u00danico. O exerc\u00edcio regular das atividades funcionais do servidor ou do empregado credenciado n\u00e3o ser\u00e1 comprometido pela concess\u00e3o de credencial.<\/p>\n<p>Art. 13. O \u00d3rg\u00e3o Central do Sislog disponibilizar\u00e1 no Portal da Rede de Gerenciadores de Transportes Oficiais \u2013 REDETRANS os modelos padronizados do Termo de Responsabilidade (Anexo I desta Resolu\u00e7\u00e3o) e da credencial para conduzir ve\u00edculos automotores oficiais (Anexo II desta Resolu\u00e7\u00e3o).<\/p>\n<p>&nbsp;&nbsp;<span style=\"color: var( --e-global-color-text ); font-family: var( --e-global-typography-text-font-family ), Sans-serif; font-weight: var( --e-global-typography-text-font-weight ); font-size: 1.125rem; letter-spacing: 0px;\">Conforme disposto na resolu\u00e7\u00e3o&nbsp;<a href=\"https:\/\/redelog.rj.gov.br\/redelog\/resolucao-seplag-no-340-de-26-de-novembro-de-2024\/\">SEPLAG N\u00b0 340<\/a><\/span><\/p>\n<p class=\"MsoNormal\">\n<\/p>\t\t\t\t\t\t\t\t<\/div>\n\t\t\t\t<\/div>\n\t\t\t\t<div class=\"elementor-element elementor-element-a8c475a elementor-widget-divider--view-line elementor-widget elementor-widget-divider\" data-id=\"a8c475a\" data-element_type=\"widget\" data-widget_type=\"divider.default\">\n\t\t\t\t<div class=\"elementor-widget-container\">\n\t\t\t\t\t\t\t<div class=\"elementor-divider\">\n\t\t\t<span class=\"elementor-divider-separator\">\n\t\t\t\t\t\t<\/span>\n\t\t<\/div>\n\t\t\t\t\t\t<\/div>\n\t\t\t\t<\/div>\n\t\t\t\t\t<\/div>\n\t\t<\/div>\n\t\t\t\t\t<\/div>\n\t\t<\/section>\n\t\t\t\t<section class=\"elementor-section elementor-top-section elementor-element elementor-element-161964c elementor-section-boxed elementor-section-height-default elementor-section-height-default\" data-id=\"161964c\" data-element_type=\"section\" data-settings=\"{&quot;jet_parallax_layout_list&quot;:[]}\">\n\t\t\t\t\t\t<div class=\"elementor-container elementor-column-gap-default\">\n\t\t\t\t\t<div class=\"elementor-column elementor-col-50 elementor-top-column elementor-element elementor-element-402df3f\" data-id=\"402df3f\" data-element_type=\"column\">\n\t\t\t<div class=\"elementor-widget-wrap elementor-element-populated\">\n\t\t\t\t\t\t<div class=\"elementor-element elementor-element-d5d59ba elementor-widget elementor-widget-text-editor\" data-id=\"d5d59ba\" data-element_type=\"widget\" data-widget_type=\"text-editor.default\">\n\t\t\t\t<div class=\"elementor-widget-container\">\n\t\t\t\t\t\t\t\t\t<p><a href=\"https:\/\/redelog.rj.gov.br\/redetrans\/atribuicoes-dos-gestores-de-transportes\/\"><strong>\u2190 Atribui\u00e7\u00e3o dos Gestores de Transportes<\/strong><\/a><\/p>\t\t\t\t\t\t\t\t<\/div>\n\t\t\t\t<\/div>\n\t\t\t\t\t<\/div>\n\t\t<\/div>\n\t\t\t\t<div class=\"elementor-column elementor-col-50 elementor-top-column elementor-element elementor-element-371ece2\" data-id=\"371ece2\" data-element_type=\"column\">\n\t\t\t<div class=\"elementor-widget-wrap elementor-element-populated\">\n\t\t\t\t\t\t<div class=\"elementor-element elementor-element-b438612 elementor-widget elementor-widget-text-editor\" data-id=\"b438612\" data-element_type=\"widget\" data-widget_type=\"text-editor.default\">\n\t\t\t\t<div class=\"elementor-widget-container\">\n\t\t\t\t\t\t\t\t\t<p><a href=\"https:\/\/redelog.rj.gov.br\/redetrans\/dotacao-veicular-oficial\/\"><strong>Dota\u00e7\u00e3o Veicular Oficial \u2192<\/strong><\/a><\/p>\t\t\t\t\t\t\t\t<\/div>\n\t\t\t\t<\/div>\n\t\t\t\t\t<\/div>\n\t\t<\/div>\n\t\t\t\t\t<\/div>\n\t\t<\/section>\n\t\t\t\t<section class=\"elementor-section elementor-top-section elementor-element elementor-element-e180d85 elementor-section-boxed elementor-section-height-default elementor-section-height-default\" data-id=\"e180d85\" data-element_type=\"section\" data-settings=\"{&quot;jet_parallax_layout_list&quot;:[]}\">\n\t\t\t\t\t\t<div class=\"elementor-container elementor-column-gap-default\">\n\t\t\t\t\t<div class=\"elementor-column elementor-col-100 elementor-top-column elementor-element elementor-element-36fcb8c\" data-id=\"36fcb8c\" data-element_type=\"column\">\n\t\t\t<div class=\"elementor-widget-wrap elementor-element-populated\">\n\t\t\t\t\t\t<div class=\"elementor-element elementor-element-cd160c4 elementor-widget elementor-widget-shortcode\" data-id=\"cd160c4\" data-element_type=\"widget\" data-widget_type=\"shortcode.default\">\n\t\t\t\t<div class=\"elementor-widget-container\">\n\t\t\t\t\t\t\t<div class=\"elementor-shortcode\"><div class='printomatic pom-default ' id='id7211' alt='Imprimir' title='Imprimir' data-print_target='article'><\/div> <div class='printomatictext' id='id7211' alt='Imprimir' title='Imprimir' data-print_target='article'>Imprimir<\/div><div style='clear: both;'><\/div><\/div>\n\t\t\t\t\t\t<\/div>\n\t\t\t\t<\/div>\n\t\t\t\t\t<\/div>\n\t\t<\/div>\n\t\t\t\t\t<\/div>\n\t\t<\/section>\n\t\t\t\t<\/div>\n\t\t","protected":false},"excerpt":{"rendered":"<p>Cadastramento de Condutores no Sistema Integrado de Abastecimento e Gest\u00e3o: &nbsp; &nbsp; &nbsp; &nbsp; &nbsp; &nbsp; &nbsp; &nbsp; &nbsp; &nbsp; &nbsp; &nbsp; &nbsp; &nbsp; &nbsp; &nbsp; &nbsp; &nbsp; &nbsp; &nbsp; &nbsp; &nbsp; &nbsp; &nbsp; &nbsp; &nbsp; &nbsp; &nbsp; &nbsp; &nbsp; &nbsp; &nbsp; &nbsp; &nbsp; &nbsp;Subse\u00e7\u00e3o II &nbsp; &nbsp; &nbsp; &nbsp; &nbsp; &nbsp; &nbsp; &nbsp; &nbsp; [&hellip;]<\/p>\n","protected":false},"author":5,"featured_media":0,"comment_status":"closed","ping_status":"open","sticky":false,"template":"","format":"standard","meta":{"footnotes":""},"categories":[22],"tags":[],"class_list":["post-829","post","type-post","status-publish","format-standard","hentry","category-base-conhecimentos-cat"],"_links":{"self":[{"href":"https:\/\/redelog.rj.gov.br\/redetrans\/wp-json\/wp\/v2\/posts\/829","targetHints":{"allow":["GET"]}}],"collection":[{"href":"https:\/\/redelog.rj.gov.br\/redetrans\/wp-json\/wp\/v2\/posts"}],"about":[{"href":"https:\/\/redelog.rj.gov.br\/redetrans\/wp-json\/wp\/v2\/types\/post"}],"author":[{"embeddable":true,"href":"https:\/\/redelog.rj.gov.br\/redetrans\/wp-json\/wp\/v2\/users\/5"}],"replies":[{"embeddable":true,"href":"https:\/\/redelog.rj.gov.br\/redetrans\/wp-json\/wp\/v2\/comments?post=829"}],"version-history":[{"count":39,"href":"https:\/\/redelog.rj.gov.br\/redetrans\/wp-json\/wp\/v2\/posts\/829\/revisions"}],"predecessor-version":[{"id":2658,"href":"https:\/\/redelog.rj.gov.br\/redetrans\/wp-json\/wp\/v2\/posts\/829\/revisions\/2658"}],"wp:attachment":[{"href":"https:\/\/redelog.rj.gov.br\/redetrans\/wp-json\/wp\/v2\/media?parent=829"}],"wp:term":[{"taxonomy":"category","embeddable":true,"href":"https:\/\/redelog.rj.gov.br\/redetrans\/wp-json\/wp\/v2\/categories?post=829"},{"taxonomy":"post_tag","embeddable":true,"href":"https:\/\/redelog.rj.gov.br\/redetrans\/wp-json\/wp\/v2\/tags?post=829"}],"curies":[{"name":"wp","href":"https:\/\/api.w.org\/{rel}","templated":true}]}}