{"id":80,"date":"2022-04-01T17:02:59","date_gmt":"2022-04-01T20:02:59","guid":{"rendered":"http:\/\/redelog.rj.gov.br\/redetrans\/?p=80"},"modified":"2025-12-10T15:05:27","modified_gmt":"2025-12-10T18:05:27","slug":"credenciamento-veiculos","status":"publish","type":"post","link":"https:\/\/redelog.rj.gov.br\/redetrans\/credenciamento-veiculos\/","title":{"rendered":"CREDENCIAMENTO DE VE\u00cdCULOS"},"content":{"rendered":"\t\t<div data-elementor-type=\"wp-post\" data-elementor-id=\"80\" class=\"elementor elementor-80\" data-elementor-post-type=\"post\">\n\t\t\t\t\t\t<section class=\"elementor-section elementor-top-section elementor-element elementor-element-93928de elementor-section-boxed elementor-section-height-default elementor-section-height-default\" data-id=\"93928de\" data-element_type=\"section\" data-settings=\"{&quot;jet_parallax_layout_list&quot;:[]}\">\n\t\t\t\t\t\t<div class=\"elementor-container elementor-column-gap-default\">\n\t\t\t\t\t<div class=\"elementor-column elementor-col-100 elementor-top-column elementor-element elementor-element-f40d3d3\" data-id=\"f40d3d3\" data-element_type=\"column\">\n\t\t\t<div class=\"elementor-widget-wrap elementor-element-populated\">\n\t\t\t\t\t\t<div class=\"elementor-element elementor-element-cacb915 elementor-widget-divider--view-line elementor-widget elementor-widget-divider\" data-id=\"cacb915\" data-element_type=\"widget\" data-widget_type=\"divider.default\">\n\t\t\t\t<div class=\"elementor-widget-container\">\n\t\t\t\t\t\t\t<div class=\"elementor-divider\">\n\t\t\t<span class=\"elementor-divider-separator\">\n\t\t\t\t\t\t<\/span>\n\t\t<\/div>\n\t\t\t\t\t\t<\/div>\n\t\t\t\t<\/div>\n\t\t\t\t<div class=\"elementor-element elementor-element-9ac44de elementor-widget elementor-widget-image\" data-id=\"9ac44de\" data-element_type=\"widget\" data-widget_type=\"image.default\">\n\t\t\t\t<div class=\"elementor-widget-container\">\n\t\t\t\t\t\t\t\t\t\t\t\t\t\t\t<img fetchpriority=\"high\" decoding=\"async\" width=\"717\" height=\"344\" src=\"https:\/\/redelog.rj.gov.br\/redetrans\/wp-content\/uploads\/2022\/04\/i.png\" class=\"attachment-large size-large wp-image-1476\" alt=\"\" srcset=\"https:\/\/redelog.rj.gov.br\/redetrans\/wp-content\/uploads\/2022\/04\/i.png 717w, https:\/\/redelog.rj.gov.br\/redetrans\/wp-content\/uploads\/2022\/04\/i-300x144.png 300w, https:\/\/redelog.rj.gov.br\/redetrans\/wp-content\/uploads\/2022\/04\/i-600x288.png 600w\" sizes=\"(max-width: 717px) 100vw, 717px\" \/>\t\t\t\t\t\t\t\t\t\t\t\t\t\t\t<\/div>\n\t\t\t\t<\/div>\n\t\t\t\t<div class=\"elementor-element elementor-element-dde4c98 elementor-widget elementor-widget-spacer\" data-id=\"dde4c98\" data-element_type=\"widget\" data-widget_type=\"spacer.default\">\n\t\t\t\t<div class=\"elementor-widget-container\">\n\t\t\t\t\t\t\t<div class=\"elementor-spacer\">\n\t\t\t<div class=\"elementor-spacer-inner\"><\/div>\n\t\t<\/div>\n\t\t\t\t\t\t<\/div>\n\t\t\t\t<\/div>\n\t\t\t\t<div class=\"elementor-element elementor-element-f340ace elementor-widget elementor-widget-text-editor\" data-id=\"f340ace\" data-element_type=\"widget\" data-widget_type=\"text-editor.default\">\n\t\t\t\t<div class=\"elementor-widget-container\">\n\t\t\t\t\t\t\t\t\t<p style=\"text-align: justify;\"><span style=\"text-align: center; color: var( --e-global-color-text ); font-size: 1.125rem; letter-spacing: 0px;\">\u00a0 \u00a0 \u00a0 \u00a0 \u00a0 \u00a0 \u00a0 \u00a0 \u00a0 \u00a0 \u00a0 \u00a0 \u00a0 \u00a0 \u00a0 \u00a0 \u00a0 \u00a0 \u00a0 \u00a0 \u00a0 \u00a0 \u00a0 \u00a0 \u00a0 \u00a0 \u00a0 \u00a0 \u00a0 \u00a0 \u00a0 \u00a0 \u00a0 \u00a0 \u00a0 \u00a0<\/span><strong style=\"font-family: 'Open Sans', sans-serif; text-align: center; color: var( --e-global-color-text ); font-size: 1.125rem; letter-spacing: 0px;\">Se\u00e7\u00e3o III<\/strong><\/p><p style=\"font-family: 'Open Sans', sans-serif; text-align: center;\"><strong>Do credenciamento de ve\u00edculos<\/strong><\/p><p style=\"font-family: 'Open Sans', sans-serif;\">Art. 29. O credenciamento de ve\u00edculos \u00e9 o ato de inser\u00e7\u00e3o de um ve\u00edculo na BDFE, tornando-o apto para uso oficial.<\/p><p style=\"font-family: 'Open Sans', sans-serif;\">\u00a71\u00ba A Secretaria de Estado de Pol\u00edcia Militar \u2013 SEPM, a Secretaria de Estado de Defesa Civil \u2013 SEDEC e a Secretaria de Estado de Pol\u00edcia Civil -SEPOL est\u00e3o autorizadas a realizar o credenciamento de seus ve\u00edculos em banco de dados pr\u00f3prios, devendo cumprir os procedimentos previstos nesta Resolu\u00e7\u00e3o, no que couber.<\/p><p style=\"font-family: 'Open Sans', sans-serif;\">\u00a72\u00ba O \u00d3rg\u00e3o Central do Sislog poder\u00e1 solicitar acesso ao banco de dados das corpora\u00e7\u00f5es discriminadas no \u00a7 1\u00b0 deste artigo, caso necess\u00e1rio, a fim de n\u00e3o haver preju\u00edzo na gest\u00e3o dos transportes do Poder Executivo.<\/p><p style=\"font-family: 'Open Sans', sans-serif;\">Art. 30. Para o credenciamento, o ve\u00edculo deve estar com a documenta\u00e7\u00e3o regular, registrado e licenciado pelo Departamento de Tr\u00e2nsito do Estado do Rio de Janeiro \u2013 DETRAN\/RJ, e em conformidade com a Dota\u00e7\u00e3o Veicular Oficial \u2013 DVO do respectivo \u00d3rg\u00e3o ou Entidade.<\/p><p style=\"font-family: 'Open Sans', sans-serif;\">Art. 31. A inser\u00e7\u00e3o do ve\u00edculo na BDFE ser\u00e1 realizada pelo \u00d3rg\u00e3o Central do Sislog, observado o disposto no art. 30 desta Resolu\u00e7\u00e3o, mediante solicita\u00e7\u00e3o dos \u00f3rg\u00e3os e entidades por of\u00edcio no SEI, acompanhado da c\u00f3pia atualizada do CRLV.<\/p><p style=\"font-family: 'Open Sans', sans-serif;\">\u00a71\u00ba O CRLV de ve\u00edculo pr\u00f3prio do estado deve estar em nome do \u00d3rg\u00e3o ou Entidade solicitante.<\/p><p style=\"font-family: 'Open Sans', sans-serif;\">\u00a72\u00ba O CRLV de ve\u00edculo de propriedade de terceiros deve estar em nome da empresa conveniada, locadora ou comodante, conforme o caso.<\/p><p style=\"font-family: 'Open Sans', sans-serif;\">\u00a73\u00ba O CRLV de ve\u00edculo blindado, pr\u00f3prio ou de terceiros, dever\u00e1 possuir as indica\u00e7\u00f5es sobre sua blindagem.<\/p><p style=\"font-family: 'Open Sans', sans-serif;\">\u00a74\u00ba Na hip\u00f3tese prevista no \u00a7 2\u00b0 deste artigo, dever\u00e3o ser encaminhados ao \u00d3rg\u00e3o Central do Sislog, observado o disposto no caput deste artigo, os seguintes documentos:<\/p><p style=\"font-family: 'Open Sans', sans-serif;\">I \u2013 c\u00f3pia do contrato ou conv\u00eanio e, caso existam, seus termos aditivos; e<\/p><p style=\"font-family: 'Open Sans', sans-serif;\">II \u2013 extrato da publica\u00e7\u00e3o do conv\u00eanio, do contrato e de seus termos aditivos no DOERJ.<\/p><p style=\"font-family: 'Open Sans', sans-serif;\">\u00a75\u00ba O credenciamento observar\u00e1 o CRLV emitido, no m\u00e1ximo, at\u00e9 o ano anterior \u00e0 solicita\u00e7\u00e3o.<\/p><p style=\"font-family: 'Open Sans', sans-serif;\">Art. 32. O credenciamento de ve\u00edculos adquiridos com recursos de conv\u00eanios ou contratos que, por disposi\u00e7\u00e3o desses, tenham um per\u00edodo de car\u00eancia para que a propriedade do ve\u00edculo passe a ser do Estado, ter\u00e1 seu credenciamento deferido de forma provis\u00f3ria em per\u00edodo compat\u00edvel com o tempo de car\u00eancia.<\/p><p style=\"font-family: 'Open Sans', sans-serif;\">Par\u00e1grafo \u00danico. Encerrado o per\u00edodo de car\u00eancia de que trata o caput deste artigo, o ve\u00edculo ser\u00e1 descredenciado automaticamente da BDFE, ocasi\u00e3o na qual o \u00d3rg\u00e3o ou Entidade dever\u00e1 solicitar novo credenciamento, nos termos do caput do art. 31 desta Resolu\u00e7\u00e3o.<\/p><p style=\"font-family: 'Open Sans', sans-serif;\">Art. 33. O credenciamento n\u00e3o ser\u00e1 realizado quando:<\/p><p style=\"font-family: 'Open Sans', sans-serif;\">I \u2013 a documenta\u00e7\u00e3o do ve\u00edculo de propriedade do Estado, mesmo que recebido em doa\u00e7\u00e3o ou transfer\u00eancia, estiver em nome de terceiros;<\/p><p style=\"font-family: 'Open Sans', sans-serif;\">II \u2013 a documenta\u00e7\u00e3o do ve\u00edculo que n\u00e3o seja de propriedade do Estado estiver em nome de terceiros estranhos ao contrato ou conv\u00eanio;<\/p><p style=\"font-family: 'Open Sans', sans-serif;\">III \u2013 o ve\u00edculo possuir caracter\u00edsticas diferentes ao estabelecido no contrato ou conv\u00eanio;<\/p><p style=\"font-family: 'Open Sans', sans-serif;\">IV \u2013 o credenciamento do ve\u00edculo resultar na extrapola\u00e7\u00e3o da quantidade prevista na Dota\u00e7\u00e3o Veicular Oficial \u2013 DVO do respectivo \u00d3rg\u00e3o ou Entidade; ou<\/p><p style=\"font-family: 'Open Sans', sans-serif;\">V \u2013 no caso de desconformidade na documenta\u00e7\u00e3o.<\/p><p style=\"font-family: 'Open Sans', sans-serif;\">Art. 34. Cabe ao \u00d3rg\u00e3o ou Entidade respons\u00e1vel pelo ve\u00edculo manter o credenciamento atualizado.<\/p><p style=\"font-family: 'Open Sans', sans-serif;\">\u00a71\u00ba O credenciamento \u00e9 considerado atualizado durante a vig\u00eancia do licenciamento anual do ve\u00edculo e do contrato ou conv\u00eanio, se for o caso.<\/p><p style=\"font-family: 'Open Sans', sans-serif;\">\u00a72\u00baA atualiza\u00e7\u00e3o do credenciamento \u00e9 realizada com o encaminhamento ao \u00d3rg\u00e3o Central do Sislog dos seguintes documentos:<\/p><p style=\"font-family: 'Open Sans', sans-serif;\">I \u2013 anualmente, a c\u00f3pia do CRLV emitido no ano corrente; e<\/p><p style=\"font-family: 'Open Sans', sans-serif;\">II \u2013 tempestivamente \u00e0 celebra\u00e7\u00e3o, c\u00f3pia de novo contrato, conv\u00eanio ou termo aditivo, com o respectivo extrato de publica\u00e7\u00e3o no DOERJ.<\/p><p style=\"font-family: 'Open Sans', sans-serif;\">Art. 35. Qualquer altera\u00e7\u00e3o da situa\u00e7\u00e3o ou das caracter\u00edsticas f\u00edsicas dos ve\u00edculos dever\u00e1 ser informada ao \u00d3rg\u00e3o Central do Sislog, por of\u00edcio no SEI, para atualiza\u00e7\u00e3o das informa\u00e7\u00f5es no BDFE.<\/p><p style=\"font-family: 'Open Sans', sans-serif;\">Conforme disposto na resolu\u00e7\u00e3o <a href=\"https:\/\/redelog.rj.gov.br\/redelog\/resolucao-seplag-no-340-de-26-de-novembro-de-2024\/\">SEPLAG N\u00b0 340<\/a><\/p>\t\t\t\t\t\t\t\t<\/div>\n\t\t\t\t<\/div>\n\t\t\t\t<div class=\"elementor-element elementor-element-af6671c elementor-widget-divider--view-line elementor-widget elementor-widget-divider\" data-id=\"af6671c\" data-element_type=\"widget\" data-widget_type=\"divider.default\">\n\t\t\t\t<div class=\"elementor-widget-container\">\n\t\t\t\t\t\t\t<div class=\"elementor-divider\">\n\t\t\t<span class=\"elementor-divider-separator\">\n\t\t\t\t\t\t<\/span>\n\t\t<\/div>\n\t\t\t\t\t\t<\/div>\n\t\t\t\t<\/div>\n\t\t\t\t<div class=\"elementor-element elementor-element-b5ac90b elementor-widget elementor-widget-text-editor\" data-id=\"b5ac90b\" data-element_type=\"widget\" data-widget_type=\"text-editor.default\">\n\t\t\t\t<div class=\"elementor-widget-container\">\n\t\t\t\t\t\t\t\t\t<p style=\"text-align: center;\"><strong>FORMUL\u00c1RIO SIGETRANSP<\/strong><\/p><p style=\"text-align: left;\">Em busca de obter maior celeridade e efici\u00eancia na gest\u00e3o de frotas do Estado, elaboramos um Formul\u00e1rio para facilitar a operacionaliza\u00e7\u00e3o das solicita\u00e7\u00f5es de credenciamento, descredenciamento e abastecimento.<\/p><p style=\"text-align: left;\">Seguem abaixo tais orienta\u00e7\u00f5es, e tamb\u00e9m o arquivo edit\u00e1vel para ser inserido no momento do pedido pelo SEI.<\/p><p style=\"text-align: left;\">Observa\u00e7\u00e3o: selecionem o documento SEI com nomenclatura de \u201cAnexo\u201d, e escrevam ao lado:<br \/>\u201cFORMUL\u00c1RIO SIGETRANSP\u201d<\/p><p style=\"text-align: left;\"><strong>Orienta\u00e7\u00e3o:<\/strong><\/p><p style=\"text-align: left;\">Os campos a serem preenchidos devem ser:<\/p><p style=\"text-align: left;\">a) Se for pedido credenciamento com abastecimento, o quadro 1 dever\u00e1 ser preenchido.<br \/>b) Caso seja somente descredenciamento, o quadro a ser utilizado dever\u00e1 ser o 2.<br \/>c) O campo \u201canexos\u201d \u00e9 para ser utilizado somente quando houver credenciamento.<\/p><p style=\"text-align: left;\">Aten\u00e7\u00e3o: Cadastramento de ve\u00edculos tempor\u00e1rios seguem o mesmo tr\u00e2mite de ve\u00edculos definitivos.<\/p><p style=\"text-align: left;\">\u00a0<\/p>\t\t\t\t\t\t\t\t<\/div>\n\t\t\t\t<\/div>\n\t\t\t\t<div class=\"elementor-element elementor-element-f7ceb33 elementor-button-success elementor-align-center elementor-widget elementor-widget-button\" data-id=\"f7ceb33\" data-element_type=\"widget\" data-widget_type=\"button.default\">\n\t\t\t\t<div class=\"elementor-widget-container\">\n\t\t\t\t\t\t\t\t\t<div class=\"elementor-button-wrapper\">\n\t\t\t\t\t<a class=\"elementor-button elementor-button-link elementor-size-sm\" href=\"https:\/\/redelog.rj.gov.br\/redetrans\/wp-content\/uploads\/2025\/12\/FORMULARIO_-SIGETRANSP_Editavel.docx\">\n\t\t\t\t\t\t<span class=\"elementor-button-content-wrapper\">\n\t\t\t\t\t\t<span class=\"elementor-button-icon\">\n\t\t\t\t<i aria-hidden=\"true\" class=\"fas fa-file-word\"><\/i>\t\t\t<\/span>\n\t\t\t\t\t\t\t\t\t<span class=\"elementor-button-text\"> Formul\u00e1rio SIGETRANSP<\/span>\n\t\t\t\t\t<\/span>\n\t\t\t\t\t<\/a>\n\t\t\t\t<\/div>\n\t\t\t\t\t\t\t\t<\/div>\n\t\t\t\t<\/div>\n\t\t\t\t<div class=\"elementor-element elementor-element-0039706 elementor-widget-divider--view-line elementor-widget elementor-widget-divider\" data-id=\"0039706\" data-element_type=\"widget\" data-widget_type=\"divider.default\">\n\t\t\t\t<div class=\"elementor-widget-container\">\n\t\t\t\t\t\t\t<div class=\"elementor-divider\">\n\t\t\t<span class=\"elementor-divider-separator\">\n\t\t\t\t\t\t<\/span>\n\t\t<\/div>\n\t\t\t\t\t\t<\/div>\n\t\t\t\t<\/div>\n\t\t\t\t\t<\/div>\n\t\t<\/div>\n\t\t\t\t\t<\/div>\n\t\t<\/section>\n\t\t\t\t<section class=\"elementor-section elementor-top-section elementor-element elementor-element-122fe73 elementor-section-boxed elementor-section-height-default elementor-section-height-default\" data-id=\"122fe73\" data-element_type=\"section\" data-settings=\"{&quot;jet_parallax_layout_list&quot;:[]}\">\n\t\t\t\t\t\t<div class=\"elementor-container elementor-column-gap-default\">\n\t\t\t\t\t<div class=\"elementor-column elementor-col-100 elementor-top-column elementor-element elementor-element-b2d06e5\" data-id=\"b2d06e5\" data-element_type=\"column\">\n\t\t\t<div class=\"elementor-widget-wrap\">\n\t\t\t\t\t\t\t<\/div>\n\t\t<\/div>\n\t\t\t\t\t<\/div>\n\t\t<\/section>\n\t\t\t\t<section class=\"elementor-section elementor-top-section elementor-element elementor-element-8edc865 elementor-section-boxed elementor-section-height-default elementor-section-height-default\" data-id=\"8edc865\" data-element_type=\"section\" data-settings=\"{&quot;jet_parallax_layout_list&quot;:[]}\">\n\t\t\t\t\t\t<div class=\"elementor-container elementor-column-gap-default\">\n\t\t\t\t\t<div class=\"elementor-column elementor-col-100 elementor-top-column elementor-element elementor-element-c8fd052\" data-id=\"c8fd052\" data-element_type=\"column\">\n\t\t\t<div class=\"elementor-widget-wrap elementor-element-populated\">\n\t\t\t\t\t\t<section class=\"elementor-section elementor-inner-section elementor-element elementor-element-9d82fb6 elementor-section-boxed elementor-section-height-default elementor-section-height-default\" data-id=\"9d82fb6\" data-element_type=\"section\" data-settings=\"{&quot;jet_parallax_layout_list&quot;:[]}\">\n\t\t\t\t\t\t<div class=\"elementor-container elementor-column-gap-default\">\n\t\t\t\t\t<div class=\"elementor-column elementor-col-50 elementor-inner-column elementor-element elementor-element-7a1baa9\" data-id=\"7a1baa9\" data-element_type=\"column\">\n\t\t\t<div class=\"elementor-widget-wrap elementor-element-populated\">\n\t\t\t\t\t\t<div class=\"elementor-element elementor-element-095871d elementor-widget elementor-widget-text-editor\" data-id=\"095871d\" data-element_type=\"widget\" data-widget_type=\"text-editor.default\">\n\t\t\t\t<div class=\"elementor-widget-container\">\n\t\t\t\t\t\t\t\t\t<p><a href=\"https:\/\/redelog.rj.gov.br\/redetrans\/bloqueio-de-veiculos\/\"><strong>\u2190 Bloqueio de Ve\u00edculos<\/strong><\/a><\/p>\t\t\t\t\t\t\t\t<\/div>\n\t\t\t\t<\/div>\n\t\t\t\t\t<\/div>\n\t\t<\/div>\n\t\t\t\t<div class=\"elementor-column elementor-col-50 elementor-inner-column elementor-element elementor-element-afdafdb\" data-id=\"afdafdb\" data-element_type=\"column\">\n\t\t\t<div class=\"elementor-widget-wrap elementor-element-populated\">\n\t\t\t\t\t\t<div class=\"elementor-element elementor-element-6cbc0f9 elementor-widget elementor-widget-text-editor\" data-id=\"6cbc0f9\" data-element_type=\"widget\" data-widget_type=\"text-editor.default\">\n\t\t\t\t<div class=\"elementor-widget-container\">\n\t\t\t\t\t\t\t\t\t<p style=\"text-align: right;\"><a href=\"https:\/\/redelog.rj.gov.br\/redetrans\/descredenciamento-de-veiculos\/\"><strong>Descredenciamento de Ve\u00edculos \u2192<\/strong><\/a><\/p>\t\t\t\t\t\t\t\t<\/div>\n\t\t\t\t<\/div>\n\t\t\t\t\t<\/div>\n\t\t<\/div>\n\t\t\t\t\t<\/div>\n\t\t<\/section>\n\t\t\t\t<div class=\"elementor-element elementor-element-bbc0fcf elementor-widget elementor-widget-shortcode\" data-id=\"bbc0fcf\" data-element_type=\"widget\" data-widget_type=\"shortcode.default\">\n\t\t\t\t<div class=\"elementor-widget-container\">\n\t\t\t\t\t\t\t<div class=\"elementor-shortcode\"><div class='printomatic pom-default ' id='id6635' alt='Imprimir' title='Imprimir' data-print_target='article'><\/div> <div class='printomatictext' id='id6635' alt='Imprimir' title='Imprimir' data-print_target='article'>Imprimir<\/div><div style='clear: both;'><\/div><\/div>\n\t\t\t\t\t\t<\/div>\n\t\t\t\t<\/div>\n\t\t\t\t\t<\/div>\n\t\t<\/div>\n\t\t\t\t\t<\/div>\n\t\t<\/section>\n\t\t\t\t<\/div>\n\t\t","protected":false},"excerpt":{"rendered":"<p>\u00a0 \u00a0 \u00a0 \u00a0 \u00a0 \u00a0 \u00a0 \u00a0 \u00a0 \u00a0 \u00a0 \u00a0 \u00a0 \u00a0 \u00a0 \u00a0 \u00a0 \u00a0 \u00a0 \u00a0 \u00a0 \u00a0 \u00a0 \u00a0 \u00a0 \u00a0 \u00a0 \u00a0 \u00a0 \u00a0 \u00a0 \u00a0 \u00a0 \u00a0 \u00a0 \u00a0Se\u00e7\u00e3o III Do credenciamento de ve\u00edculos Art. 29. O credenciamento de ve\u00edculos \u00e9 o ato de inser\u00e7\u00e3o de um ve\u00edculo [&hellip;]<\/p>\n","protected":false},"author":1,"featured_media":0,"comment_status":"closed","ping_status":"open","sticky":false,"template":"","format":"standard","meta":{"footnotes":""},"categories":[22],"tags":[],"class_list":["post-80","post","type-post","status-publish","format-standard","hentry","category-base-conhecimentos-cat"],"_links":{"self":[{"href":"https:\/\/redelog.rj.gov.br\/redetrans\/wp-json\/wp\/v2\/posts\/80","targetHints":{"allow":["GET"]}}],"collection":[{"href":"https:\/\/redelog.rj.gov.br\/redetrans\/wp-json\/wp\/v2\/posts"}],"about":[{"href":"https:\/\/redelog.rj.gov.br\/redetrans\/wp-json\/wp\/v2\/types\/post"}],"author":[{"embeddable":true,"href":"https:\/\/redelog.rj.gov.br\/redetrans\/wp-json\/wp\/v2\/users\/1"}],"replies":[{"embeddable":true,"href":"https:\/\/redelog.rj.gov.br\/redetrans\/wp-json\/wp\/v2\/comments?post=80"}],"version-history":[{"count":98,"href":"https:\/\/redelog.rj.gov.br\/redetrans\/wp-json\/wp\/v2\/posts\/80\/revisions"}],"predecessor-version":[{"id":2949,"href":"https:\/\/redelog.rj.gov.br\/redetrans\/wp-json\/wp\/v2\/posts\/80\/revisions\/2949"}],"wp:attachment":[{"href":"https:\/\/redelog.rj.gov.br\/redetrans\/wp-json\/wp\/v2\/media?parent=80"}],"wp:term":[{"taxonomy":"category","embeddable":true,"href":"https:\/\/redelog.rj.gov.br\/redetrans\/wp-json\/wp\/v2\/categories?post=80"},{"taxonomy":"post_tag","embeddable":true,"href":"https:\/\/redelog.rj.gov.br\/redetrans\/wp-json\/wp\/v2\/tags?post=80"}],"curies":[{"name":"wp","href":"https:\/\/api.w.org\/{rel}","templated":true}]}}