{"id":76,"date":"2022-04-01T16:51:58","date_gmt":"2022-04-01T19:51:58","guid":{"rendered":"http:\/\/redelog.rj.gov.br\/redetrans\/?p=76"},"modified":"2023-08-24T19:03:13","modified_gmt":"2023-08-24T22:03:13","slug":"gestao-de-transporte","status":"publish","type":"post","link":"https:\/\/redelog.rj.gov.br\/redetrans\/gestao-de-transporte\/","title":{"rendered":"GEST\u00c3O DE TRANSPORTE"},"content":{"rendered":"\t\t<div data-elementor-type=\"wp-post\" data-elementor-id=\"76\" class=\"elementor elementor-76\" data-elementor-post-type=\"post\">\n\t\t\t\t\t\t<section class=\"elementor-section elementor-top-section elementor-element elementor-element-8ddf4d8 elementor-section-boxed elementor-section-height-default elementor-section-height-default\" data-id=\"8ddf4d8\" data-element_type=\"section\" data-settings=\"{&quot;jet_parallax_layout_list&quot;:[]}\">\n\t\t\t\t\t\t<div class=\"elementor-container elementor-column-gap-default\">\n\t\t\t\t\t<div class=\"elementor-column elementor-col-100 elementor-top-column elementor-element elementor-element-5794c47\" data-id=\"5794c47\" data-element_type=\"column\">\n\t\t\t<div class=\"elementor-widget-wrap elementor-element-populated\">\n\t\t\t\t\t\t<div class=\"elementor-element elementor-element-279f6bf elementor-widget-divider--view-line elementor-widget elementor-widget-divider\" data-id=\"279f6bf\" data-element_type=\"widget\" data-widget_type=\"divider.default\">\n\t\t\t\t<div class=\"elementor-widget-container\">\n\t\t\t\t\t\t\t<div class=\"elementor-divider\">\n\t\t\t<span class=\"elementor-divider-separator\">\n\t\t\t\t\t\t<\/span>\n\t\t<\/div>\n\t\t\t\t\t\t<\/div>\n\t\t\t\t<\/div>\n\t\t\t\t<div class=\"elementor-element elementor-element-87b8b00 elementor-widget elementor-widget-image\" data-id=\"87b8b00\" data-element_type=\"widget\" data-widget_type=\"image.default\">\n\t\t\t\t<div class=\"elementor-widget-container\">\n\t\t\t\t\t\t\t\t\t\t\t\t\t\t\t<img fetchpriority=\"high\" decoding=\"async\" width=\"792\" height=\"454\" src=\"https:\/\/redelog.rj.gov.br\/redetrans\/wp-content\/uploads\/2022\/04\/n.png\" class=\"attachment-large size-large wp-image-1495\" alt=\"\" srcset=\"https:\/\/redelog.rj.gov.br\/redetrans\/wp-content\/uploads\/2022\/04\/n.png 792w, https:\/\/redelog.rj.gov.br\/redetrans\/wp-content\/uploads\/2022\/04\/n-300x172.png 300w, https:\/\/redelog.rj.gov.br\/redetrans\/wp-content\/uploads\/2022\/04\/n-768x440.png 768w, https:\/\/redelog.rj.gov.br\/redetrans\/wp-content\/uploads\/2022\/04\/n-150x85.png 150w, https:\/\/redelog.rj.gov.br\/redetrans\/wp-content\/uploads\/2022\/04\/n-600x344.png 600w\" sizes=\"(max-width: 792px) 100vw, 792px\" \/>\t\t\t\t\t\t\t\t\t\t\t\t\t\t\t<\/div>\n\t\t\t\t<\/div>\n\t\t\t\t<div class=\"elementor-element elementor-element-d153402 elementor-widget elementor-widget-spacer\" data-id=\"d153402\" data-element_type=\"widget\" data-widget_type=\"spacer.default\">\n\t\t\t\t<div class=\"elementor-widget-container\">\n\t\t\t\t\t\t\t<div class=\"elementor-spacer\">\n\t\t\t<div class=\"elementor-spacer-inner\"><\/div>\n\t\t<\/div>\n\t\t\t\t\t\t<\/div>\n\t\t\t\t<\/div>\n\t\t\t\t<div class=\"elementor-element elementor-element-3adf5a9 elementor-widget elementor-widget-heading\" data-id=\"3adf5a9\" data-element_type=\"widget\" data-widget_type=\"heading.default\">\n\t\t\t\t<div class=\"elementor-widget-container\">\n\t\t\t\t\t<h3 class=\"elementor-heading-title elementor-size-default\"> Gest\u00e3o de Transporte<\/h3>\t\t\t\t<\/div>\n\t\t\t\t<\/div>\n\t\t\t\t<div class=\"elementor-element elementor-element-150f5db elementor-widget elementor-widget-text-editor\" data-id=\"150f5db\" data-element_type=\"widget\" data-widget_type=\"text-editor.default\">\n\t\t\t\t<div class=\"elementor-widget-container\">\n\t\t\t\t\t\t\t\t\t<p><span style=\"font-weight: 400;\">A <\/span>Gest\u00e3o de Transportes<span style=\"font-weight: 400;\"> possibilita a realiza\u00e7\u00e3o de diversas atividades que, sincronizadas, permitem a redu\u00e7\u00e3o dos custos log\u00edsticos e a maximiza\u00e7\u00e3o dos n\u00edveis de servi\u00e7o, por meio de mecanismos, como a correta escolha do modal.<\/span><\/p><p><span style=\"font-weight: 400;\">A Gest\u00e3o de Transportes envolve o planejamento, organiza\u00e7\u00e3o e supervis\u00e3o de atividades relacionadas ao transporte de mercadorias, pessoas ou informa\u00e7\u00f5es. Isso inclui otimizar rotas, gerenciar frota de ve\u00edculos, controlar custos e garantir efici\u00eancia no transporte.<\/span><\/p>\t\t\t\t\t\t\t\t<\/div>\n\t\t\t\t<\/div>\n\t\t\t\t<div class=\"elementor-element elementor-element-fceeb4e elementor-widget-divider--view-line elementor-widget elementor-widget-divider\" data-id=\"fceeb4e\" data-element_type=\"widget\" data-widget_type=\"divider.default\">\n\t\t\t\t<div class=\"elementor-widget-container\">\n\t\t\t\t\t\t\t<div class=\"elementor-divider\">\n\t\t\t<span class=\"elementor-divider-separator\">\n\t\t\t\t\t\t<\/span>\n\t\t<\/div>\n\t\t\t\t\t\t<\/div>\n\t\t\t\t<\/div>\n\t\t\t\t<section class=\"elementor-section elementor-inner-section elementor-element elementor-element-024236a elementor-section-boxed elementor-section-height-default elementor-section-height-default\" data-id=\"024236a\" data-element_type=\"section\" data-settings=\"{&quot;jet_parallax_layout_list&quot;:[]}\">\n\t\t\t\t\t\t<div class=\"elementor-container elementor-column-gap-default\">\n\t\t\t\t\t<div class=\"elementor-column elementor-col-50 elementor-inner-column elementor-element elementor-element-cd698c6\" data-id=\"cd698c6\" data-element_type=\"column\">\n\t\t\t<div class=\"elementor-widget-wrap elementor-element-populated\">\n\t\t\t\t\t\t<div class=\"elementor-element elementor-element-570f8f3 elementor-widget elementor-widget-text-editor\" data-id=\"570f8f3\" data-element_type=\"widget\" data-widget_type=\"text-editor.default\">\n\t\t\t\t<div class=\"elementor-widget-container\">\n\t\t\t\t\t\t\t\t\t<p><a href=\"https:\/\/redelog.rj.gov.br\/redetrans\/substituicao-temporaria-de-veiculos\/\"><strong>\u2190 Substitui\u00e7\u00e3o Tempor\u00e1ria de Ve\u00edculos<\/strong><\/a><\/p>\t\t\t\t\t\t\t\t<\/div>\n\t\t\t\t<\/div>\n\t\t\t\t\t<\/div>\n\t\t<\/div>\n\t\t\t\t<div class=\"elementor-column elementor-col-50 elementor-inner-column elementor-element elementor-element-e6e540f\" data-id=\"e6e540f\" data-element_type=\"column\">\n\t\t\t<div class=\"elementor-widget-wrap elementor-element-populated\">\n\t\t\t\t\t\t<div class=\"elementor-element elementor-element-d0201ae elementor-widget elementor-widget-text-editor\" data-id=\"d0201ae\" data-element_type=\"widget\" data-widget_type=\"text-editor.default\">\n\t\t\t\t<div class=\"elementor-widget-container\">\n\t\t\t\t\t\t\t\t\t<p><a href=\"https:\/\/redelog.rj.gov.br\/redetrans\/atribuicoes-de-condutores\/\"><strong>Atribui\u00e7\u00e3o de Condutores\u2192<\/strong><\/a><\/p>\t\t\t\t\t\t\t\t<\/div>\n\t\t\t\t<\/div>\n\t\t\t\t\t<\/div>\n\t\t<\/div>\n\t\t\t\t\t<\/div>\n\t\t<\/section>\n\t\t\t\t<div class=\"elementor-element elementor-element-2ea0905 elementor-widget elementor-widget-shortcode\" data-id=\"2ea0905\" data-element_type=\"widget\" data-widget_type=\"shortcode.default\">\n\t\t\t\t<div class=\"elementor-widget-container\">\n\t\t\t\t\t\t\t<div class=\"elementor-shortcode\"><div class='printomatic pom-default ' id='id8035' alt='Imprimir' title='Imprimir' data-print_target='article'><\/div> <div class='printomatictext' id='id8035' alt='Imprimir' title='Imprimir' data-print_target='article'>Imprimir<\/div><div style='clear: both;'><\/div><\/div>\n\t\t\t\t\t\t<\/div>\n\t\t\t\t<\/div>\n\t\t\t\t\t<\/div>\n\t\t<\/div>\n\t\t\t\t\t<\/div>\n\t\t<\/section>\n\t\t\t\t<\/div>\n\t\t","protected":false},"excerpt":{"rendered":"<p>Gest\u00e3o de Transporte A Gest\u00e3o de Transportes possibilita a realiza\u00e7\u00e3o de diversas atividades que, sincronizadas, permitem a redu\u00e7\u00e3o dos custos log\u00edsticos e a maximiza\u00e7\u00e3o dos n\u00edveis de servi\u00e7o, por meio de mecanismos, como a correta escolha do modal. A Gest\u00e3o de Transportes envolve o planejamento, organiza\u00e7\u00e3o e supervis\u00e3o de atividades relacionadas ao transporte de mercadorias, [&hellip;]<\/p>\n","protected":false},"author":1,"featured_media":0,"comment_status":"closed","ping_status":"open","sticky":false,"template":"","format":"standard","meta":{"footnotes":""},"categories":[22],"tags":[],"class_list":["post-76","post","type-post","status-publish","format-standard","hentry","category-base-conhecimentos-cat"],"_links":{"self":[{"href":"https:\/\/redelog.rj.gov.br\/redetrans\/wp-json\/wp\/v2\/posts\/76","targetHints":{"allow":["GET"]}}],"collection":[{"href":"https:\/\/redelog.rj.gov.br\/redetrans\/wp-json\/wp\/v2\/posts"}],"about":[{"href":"https:\/\/redelog.rj.gov.br\/redetrans\/wp-json\/wp\/v2\/types\/post"}],"author":[{"embeddable":true,"href":"https:\/\/redelog.rj.gov.br\/redetrans\/wp-json\/wp\/v2\/users\/1"}],"replies":[{"embeddable":true,"href":"https:\/\/redelog.rj.gov.br\/redetrans\/wp-json\/wp\/v2\/comments?post=76"}],"version-history":[{"count":47,"href":"https:\/\/redelog.rj.gov.br\/redetrans\/wp-json\/wp\/v2\/posts\/76\/revisions"}],"predecessor-version":[{"id":2038,"href":"https:\/\/redelog.rj.gov.br\/redetrans\/wp-json\/wp\/v2\/posts\/76\/revisions\/2038"}],"wp:attachment":[{"href":"https:\/\/redelog.rj.gov.br\/redetrans\/wp-json\/wp\/v2\/media?parent=76"}],"wp:term":[{"taxonomy":"category","embeddable":true,"href":"https:\/\/redelog.rj.gov.br\/redetrans\/wp-json\/wp\/v2\/categories?post=76"},{"taxonomy":"post_tag","embeddable":true,"href":"https:\/\/redelog.rj.gov.br\/redetrans\/wp-json\/wp\/v2\/tags?post=76"}],"curies":[{"name":"wp","href":"https:\/\/api.w.org\/{rel}","templated":true}]}}