{"id":353,"date":"2022-04-13T09:56:35","date_gmt":"2022-04-13T12:56:35","guid":{"rendered":"http:\/\/redelog.rj.gov.br\/redetrans\/?p=353"},"modified":"2025-08-25T10:44:04","modified_gmt":"2025-08-25T13:44:04","slug":"orientacoes-sobre-multas","status":"publish","type":"post","link":"https:\/\/redelog.rj.gov.br\/redetrans\/orientacoes-sobre-multas\/","title":{"rendered":"ORIENTA\u00c7\u00d5ES SOBRE MULTAS"},"content":{"rendered":"\t\t<div data-elementor-type=\"wp-post\" data-elementor-id=\"353\" class=\"elementor elementor-353\" data-elementor-post-type=\"post\">\n\t\t\t\t\t\t<section class=\"elementor-section elementor-top-section elementor-element elementor-element-ed410a7 elementor-section-boxed elementor-section-height-default elementor-section-height-default\" data-id=\"ed410a7\" data-element_type=\"section\" data-settings=\"{&quot;jet_parallax_layout_list&quot;:[]}\">\n\t\t\t\t\t\t<div class=\"elementor-container elementor-column-gap-default\">\n\t\t\t\t\t<div class=\"elementor-column elementor-col-100 elementor-top-column elementor-element elementor-element-218751f\" data-id=\"218751f\" data-element_type=\"column\">\n\t\t\t<div class=\"elementor-widget-wrap elementor-element-populated\">\n\t\t\t\t\t\t<div class=\"elementor-element elementor-element-abab28c elementor-widget-divider--view-line elementor-widget elementor-widget-divider\" data-id=\"abab28c\" data-element_type=\"widget\" data-widget_type=\"divider.default\">\n\t\t\t\t<div class=\"elementor-widget-container\">\n\t\t\t\t\t\t\t<div class=\"elementor-divider\">\n\t\t\t<span class=\"elementor-divider-separator\">\n\t\t\t\t\t\t<\/span>\n\t\t<\/div>\n\t\t\t\t\t\t<\/div>\n\t\t\t\t<\/div>\n\t\t\t\t<div class=\"elementor-element elementor-element-44b1fea elementor-widget elementor-widget-image\" data-id=\"44b1fea\" data-element_type=\"widget\" data-widget_type=\"image.default\">\n\t\t\t\t<div class=\"elementor-widget-container\">\n\t\t\t\t\t\t\t\t\t\t\t\t\t\t\t<img fetchpriority=\"high\" decoding=\"async\" width=\"313\" height=\"211\" src=\"https:\/\/redelog.rj.gov.br\/redetrans\/wp-content\/uploads\/2022\/04\/d.png\" class=\"attachment-large size-large wp-image-1521\" alt=\"\" srcset=\"https:\/\/redelog.rj.gov.br\/redetrans\/wp-content\/uploads\/2022\/04\/d.png 313w, https:\/\/redelog.rj.gov.br\/redetrans\/wp-content\/uploads\/2022\/04\/d-300x202.png 300w\" sizes=\"(max-width: 313px) 100vw, 313px\" \/>\t\t\t\t\t\t\t\t\t\t\t\t\t\t\t<\/div>\n\t\t\t\t<\/div>\n\t\t\t\t<div class=\"elementor-element elementor-element-f8d4e52 elementor-widget elementor-widget-spacer\" data-id=\"f8d4e52\" data-element_type=\"widget\" data-widget_type=\"spacer.default\">\n\t\t\t\t<div class=\"elementor-widget-container\">\n\t\t\t\t\t\t\t<div class=\"elementor-spacer\">\n\t\t\t<div class=\"elementor-spacer-inner\"><\/div>\n\t\t<\/div>\n\t\t\t\t\t\t<\/div>\n\t\t\t\t<\/div>\n\t\t\t\t<div class=\"elementor-element elementor-element-e45ce4d elementor-widget elementor-widget-text-editor\" data-id=\"e45ce4d\" data-element_type=\"widget\" data-widget_type=\"text-editor.default\">\n\t\t\t\t<div class=\"elementor-widget-container\">\n\t\t\t\t\t\t\t\t\t<p><span data-contrast=\"auto\">O <strong><a href=\"https:\/\/redelog.rj.gov.br\/redelog\/decreto-estadual-no-47298\/\">Decreto n\u00ba47.298 de 01\/10\/2020<\/a><\/strong>, trata as multas de tr\u00e2nsito de forma objetiva no artigo 27 transcrito abaixo:<\/span><span data-ccp-props=\"{&quot;201341983&quot;:0,&quot;335551550&quot;:6,&quot;335551620&quot;:6,&quot;335559739&quot;:160,&quot;335559740&quot;:257}\">\u00a0<\/span><\/p><p><span data-ccp-props=\"{&quot;201341983&quot;:0,&quot;335551550&quot;:6,&quot;335551620&quot;:6,&quot;335559739&quot;:160,&quot;335559740&quot;:257}\">\u00a0<\/span><\/p><p><em>Art. 27 \u2013 O condutor do ve\u00edculo ser\u00e1 respons\u00e1vel pelas infra\u00e7\u00f5es de tr\u00e2nsito que cometer, bem como pelos danos materiais e morais causados a terceiros, cabendo a cada \u00f3rg\u00e3o ou entidade executar os procedimentos de:\u00a0<\/em><\/p><p><em>\u00a0I &#8211; verifica\u00e7\u00e3o de responsabilidade;\u00a0<\/em><\/p><p><em>\u00a0II &#8211; registro do real infrator junto ao \u00f3rg\u00e3o autuador; e \u00a0<\/em><\/p><p><em>III &#8211; ressarcimento aos cofres p\u00fablicos do valor devido.\u00a0<\/em><\/p>\t\t\t\t\t\t\t\t<\/div>\n\t\t\t\t<\/div>\n\t\t\t\t<div class=\"elementor-element elementor-element-0f5dce8 elementor-widget-divider--view-line elementor-widget elementor-widget-divider\" data-id=\"0f5dce8\" data-element_type=\"widget\" data-widget_type=\"divider.default\">\n\t\t\t\t<div class=\"elementor-widget-container\">\n\t\t\t\t\t\t\t<div class=\"elementor-divider\">\n\t\t\t<span class=\"elementor-divider-separator\">\n\t\t\t\t\t\t<\/span>\n\t\t<\/div>\n\t\t\t\t\t\t<\/div>\n\t\t\t\t<\/div>\n\t\t\t\t<section class=\"elementor-section elementor-inner-section elementor-element elementor-element-f4c6ac3 elementor-section-boxed elementor-section-height-default elementor-section-height-default\" data-id=\"f4c6ac3\" data-element_type=\"section\" data-settings=\"{&quot;jet_parallax_layout_list&quot;:[]}\">\n\t\t\t\t\t\t<div class=\"elementor-container elementor-column-gap-default\">\n\t\t\t\t\t<div class=\"elementor-column elementor-col-50 elementor-inner-column elementor-element elementor-element-0b82cfe\" data-id=\"0b82cfe\" data-element_type=\"column\">\n\t\t\t<div class=\"elementor-widget-wrap elementor-element-populated\">\n\t\t\t\t\t\t<div class=\"elementor-element elementor-element-733d791 elementor-widget elementor-widget-text-editor\" data-id=\"733d791\" data-element_type=\"widget\" data-widget_type=\"text-editor.default\">\n\t\t\t\t<div class=\"elementor-widget-container\">\n\t\t\t\t\t\t\t\t\t<p><a href=\"https:\/\/redelog.rj.gov.br\/redetrans\/dotacao-veicular-oficial\/\"><strong>\u2190 Dota\u00e7\u00e3o Veicular Oficial<\/strong><\/a><\/p>\t\t\t\t\t\t\t\t<\/div>\n\t\t\t\t<\/div>\n\t\t\t\t\t<\/div>\n\t\t<\/div>\n\t\t\t\t<div class=\"elementor-column elementor-col-50 elementor-inner-column elementor-element elementor-element-29433ea\" data-id=\"29433ea\" data-element_type=\"column\">\n\t\t\t<div class=\"elementor-widget-wrap elementor-element-populated\">\n\t\t\t\t\t\t<div class=\"elementor-element elementor-element-857abfb elementor-widget elementor-widget-text-editor\" data-id=\"857abfb\" data-element_type=\"widget\" data-widget_type=\"text-editor.default\">\n\t\t\t\t<div class=\"elementor-widget-container\">\n\t\t\t\t\t\t\t\t\t<p style=\"text-align: right;\"><a href=\"https:\/\/redelog.rj.gov.br\/redetrans\/atas\/\"><strong>Atas \u2192<\/strong><\/a><\/p>\t\t\t\t\t\t\t\t<\/div>\n\t\t\t\t<\/div>\n\t\t\t\t\t<\/div>\n\t\t<\/div>\n\t\t\t\t\t<\/div>\n\t\t<\/section>\n\t\t\t\t<div class=\"elementor-element elementor-element-5b6ee9e elementor-widget elementor-widget-shortcode\" data-id=\"5b6ee9e\" data-element_type=\"widget\" data-widget_type=\"shortcode.default\">\n\t\t\t\t<div class=\"elementor-widget-container\">\n\t\t\t\t\t\t\t<div class=\"elementor-shortcode\"><div class='printomatic pom-default ' id='id2077' alt='Imprimir' title='Imprimir' data-print_target='article'><\/div> <div class='printomatictext' id='id2077' alt='Imprimir' title='Imprimir' data-print_target='article'>Imprimir<\/div><div style='clear: both;'><\/div><\/div>\n\t\t\t\t\t\t<\/div>\n\t\t\t\t<\/div>\n\t\t\t\t\t<\/div>\n\t\t<\/div>\n\t\t\t\t\t<\/div>\n\t\t<\/section>\n\t\t\t\t<\/div>\n\t\t","protected":false},"excerpt":{"rendered":"<p>O Decreto n\u00ba47.298 de 01\/10\/2020, trata as multas de tr\u00e2nsito de forma objetiva no artigo 27 transcrito abaixo:\u00a0 \u00a0 Art. 27 \u2013 O condutor do ve\u00edculo ser\u00e1 respons\u00e1vel pelas infra\u00e7\u00f5es de tr\u00e2nsito que cometer, bem como pelos danos materiais e morais causados a terceiros, cabendo a cada \u00f3rg\u00e3o ou entidade executar os procedimentos de:\u00a0 \u00a0I [&hellip;]<\/p>\n","protected":false},"author":1,"featured_media":0,"comment_status":"closed","ping_status":"open","sticky":false,"template":"","format":"standard","meta":{"footnotes":""},"categories":[22],"tags":[],"class_list":["post-353","post","type-post","status-publish","format-standard","hentry","category-base-conhecimentos-cat"],"_links":{"self":[{"href":"https:\/\/redelog.rj.gov.br\/redetrans\/wp-json\/wp\/v2\/posts\/353","targetHints":{"allow":["GET"]}}],"collection":[{"href":"https:\/\/redelog.rj.gov.br\/redetrans\/wp-json\/wp\/v2\/posts"}],"about":[{"href":"https:\/\/redelog.rj.gov.br\/redetrans\/wp-json\/wp\/v2\/types\/post"}],"author":[{"embeddable":true,"href":"https:\/\/redelog.rj.gov.br\/redetrans\/wp-json\/wp\/v2\/users\/1"}],"replies":[{"embeddable":true,"href":"https:\/\/redelog.rj.gov.br\/redetrans\/wp-json\/wp\/v2\/comments?post=353"}],"version-history":[{"count":39,"href":"https:\/\/redelog.rj.gov.br\/redetrans\/wp-json\/wp\/v2\/posts\/353\/revisions"}],"predecessor-version":[{"id":2726,"href":"https:\/\/redelog.rj.gov.br\/redetrans\/wp-json\/wp\/v2\/posts\/353\/revisions\/2726"}],"wp:attachment":[{"href":"https:\/\/redelog.rj.gov.br\/redetrans\/wp-json\/wp\/v2\/media?parent=353"}],"wp:term":[{"taxonomy":"category","embeddable":true,"href":"https:\/\/redelog.rj.gov.br\/redetrans\/wp-json\/wp\/v2\/categories?post=353"},{"taxonomy":"post_tag","embeddable":true,"href":"https:\/\/redelog.rj.gov.br\/redetrans\/wp-json\/wp\/v2\/tags?post=353"}],"curies":[{"name":"wp","href":"https:\/\/api.w.org\/{rel}","templated":true}]}}