{"id":2137,"date":"2023-10-03T11:30:50","date_gmt":"2023-10-03T14:30:50","guid":{"rendered":"https:\/\/redelog.rj.gov.br\/redetrans\/?p=2137"},"modified":"2023-10-03T11:31:43","modified_gmt":"2023-10-03T14:31:43","slug":"informe-n-o-02-treinamento-do-novo-sistema-de-abastecimento-de-combustiveis-do-governo-do-estado-do-rio-de-janeiro","status":"publish","type":"post","link":"https:\/\/redelog.rj.gov.br\/redetrans\/informe-n-o-02-treinamento-do-novo-sistema-de-abastecimento-de-combustiveis-do-governo-do-estado-do-rio-de-janeiro\/","title":{"rendered":"INFORME N.\u00ba 02 &#8211; TREINAMENTO DO NOVO SISTEMA DE ABASTECIMENTO DE COMBUST\u00cdVEIS DO GOVERNO DO ESTADO DO RIO DE JANEIRO"},"content":{"rendered":"\t\t<div data-elementor-type=\"wp-post\" data-elementor-id=\"2137\" class=\"elementor elementor-2137\" data-elementor-post-type=\"post\">\n\t\t\t\t\t\t<section class=\"elementor-section elementor-top-section elementor-element elementor-element-50a82dab elementor-section-boxed elementor-section-height-default elementor-section-height-default\" data-id=\"50a82dab\" data-element_type=\"section\" data-settings=\"{&quot;jet_parallax_layout_list&quot;:[]}\">\n\t\t\t\t\t\t<div class=\"elementor-container elementor-column-gap-default\">\n\t\t\t\t\t<div class=\"elementor-column elementor-col-100 elementor-top-column elementor-element elementor-element-7d3db316\" data-id=\"7d3db316\" data-element_type=\"column\">\n\t\t\t<div class=\"elementor-widget-wrap elementor-element-populated\">\n\t\t\t\t\t\t<div class=\"elementor-element elementor-element-5ca9adba elementor-widget elementor-widget-text-editor\" data-id=\"5ca9adba\" data-element_type=\"widget\" data-widget_type=\"text-editor.default\">\n\t\t\t\t<div class=\"elementor-widget-container\">\n\t\t\t\t\t\t\t\t\t<p>A Subsecretaria de Log\u00edstica da SEPLAG\/RJ, por meio da Superintend\u00eancia de Gest\u00e3o Centralizada, promoveu nos dias 27 e\u00a028 de setembro\u00a0deste ano, um encontro para os gestores de transportes do Estado do Rio\u00a0de Janeiro, tendo por objetivo a apresenta\u00e7\u00e3o das funcionalidades do novo sistema informatizado de gest\u00e3o de abastecimento do Estado do Rio\u00a0de Janeiro.<\/p><p>O novo sistema integra o objeto da Ata de Registro de Pre\u00e7os n.\u00ba\u00a00006\/2023\/210100-01, para eventual presta\u00e7\u00e3o de servi\u00e7os de gest\u00e3o do abastecimento, com utiliza\u00e7\u00e3o de solu\u00e7\u00e3o tecnol\u00f3gica e fornecimento de combust\u00edveis, atrav\u00e9s de postos credenciados, e ser\u00e1 utilizado por servidores respons\u00e1veis pela gest\u00e3o de transportes e combust\u00edveis nos \u00f3rg\u00e3os e entidades estaduais.\u00a0<\/p><p>Durante os dois dias de evento, os participantes puderam aprender mais detalhes do Sistema Informatizado de Gest\u00e3o de Abastecimento como o controle eficaz da frota e cria\u00e7\u00e3o de relat\u00f3rio em diversos formatos, trazendo mais flexibilidade e personaliza\u00e7\u00e3o. Al\u00e9m disso, os condutores tamb\u00e9m\u00a0ter\u00e3o um aplicativo \u00e0 disposi\u00e7\u00e3o para apoiar a gest\u00e3o de suas atividades.\u00a0<\/p><p>No encontro, que contou com servidores de diversos \u00f3rg\u00e3os estaduais, tamb\u00e9m foi destacada a relev\u00e2ncia do conte\u00fado constante da base de conhecimento da Rede de Gestores de Transportes \u2013 REDETRANS.<\/p>\t\t\t\t\t\t\t\t<\/div>\n\t\t\t\t<\/div>\n\t\t\t\t\t<\/div>\n\t\t<\/div>\n\t\t\t\t\t<\/div>\n\t\t<\/section>\n\t\t\t\t<\/div>\n\t\t","protected":false},"excerpt":{"rendered":"<p>A Subsecretaria de Log\u00edstica da SEPLAG\/RJ, por meio da Superintend\u00eancia de Gest\u00e3o Centralizada, promoveu nos dias 27 e\u00a028 de setembro\u00a0deste ano, um encontro para os gestores de transportes do Estado do Rio\u00a0de Janeiro, tendo por objetivo a apresenta\u00e7\u00e3o das funcionalidades do novo sistema informatizado de gest\u00e3o de abastecimento do Estado do Rio\u00a0de Janeiro. O novo [&hellip;]<\/p>\n","protected":false},"author":6,"featured_media":2139,"comment_status":"closed","ping_status":"open","sticky":false,"template":"","format":"standard","meta":{"footnotes":""},"categories":[21,1],"tags":[],"class_list":["post-2137","post","type-post","status-publish","format-standard","has-post-thumbnail","hentry","category-informes","category-sem-categoria"],"_links":{"self":[{"href":"https:\/\/redelog.rj.gov.br\/redetrans\/wp-json\/wp\/v2\/posts\/2137","targetHints":{"allow":["GET"]}}],"collection":[{"href":"https:\/\/redelog.rj.gov.br\/redetrans\/wp-json\/wp\/v2\/posts"}],"about":[{"href":"https:\/\/redelog.rj.gov.br\/redetrans\/wp-json\/wp\/v2\/types\/post"}],"author":[{"embeddable":true,"href":"https:\/\/redelog.rj.gov.br\/redetrans\/wp-json\/wp\/v2\/users\/6"}],"replies":[{"embeddable":true,"href":"https:\/\/redelog.rj.gov.br\/redetrans\/wp-json\/wp\/v2\/comments?post=2137"}],"version-history":[{"count":5,"href":"https:\/\/redelog.rj.gov.br\/redetrans\/wp-json\/wp\/v2\/posts\/2137\/revisions"}],"predecessor-version":[{"id":2711,"href":"https:\/\/redelog.rj.gov.br\/redetrans\/wp-json\/wp\/v2\/posts\/2137\/revisions\/2711"}],"wp:featuredmedia":[{"embeddable":true,"href":"https:\/\/redelog.rj.gov.br\/redetrans\/wp-json\/wp\/v2\/media\/2139"}],"wp:attachment":[{"href":"https:\/\/redelog.rj.gov.br\/redetrans\/wp-json\/wp\/v2\/media?parent=2137"}],"wp:term":[{"taxonomy":"category","embeddable":true,"href":"https:\/\/redelog.rj.gov.br\/redetrans\/wp-json\/wp\/v2\/categories?post=2137"},{"taxonomy":"post_tag","embeddable":true,"href":"https:\/\/redelog.rj.gov.br\/redetrans\/wp-json\/wp\/v2\/tags?post=2137"}],"curies":[{"name":"wp","href":"https:\/\/api.w.org\/{rel}","templated":true}]}}