{"id":2040,"date":"2023-08-24T19:24:49","date_gmt":"2023-08-24T22:24:49","guid":{"rendered":"https:\/\/redelog.rj.gov.br\/redetrans\/?p=2040"},"modified":"2023-08-25T11:07:58","modified_gmt":"2023-08-25T14:07:58","slug":"informe-01-2023-lancamento-da-rede-de-gerenciadores-de-transportes-oficiais-redetrans","status":"publish","type":"post","link":"https:\/\/redelog.rj.gov.br\/redetrans\/informe-01-2023-lancamento-da-rede-de-gerenciadores-de-transportes-oficiais-redetrans\/","title":{"rendered":"INFORME 01\/2023 &#8211; LAN\u00c7AMENTO DA REDE DE GERENCIADORES DE TRANSPORTES OFICIAIS- REDETRANS"},"content":{"rendered":"\t\t<div data-elementor-type=\"wp-post\" data-elementor-id=\"2040\" class=\"elementor elementor-2040\" data-elementor-post-type=\"post\">\n\t\t\t\t\t\t<section class=\"elementor-section elementor-top-section elementor-element elementor-element-50a82dab elementor-section-boxed elementor-section-height-default elementor-section-height-default\" data-id=\"50a82dab\" data-element_type=\"section\" data-settings=\"{&quot;jet_parallax_layout_list&quot;:[]}\">\n\t\t\t\t\t\t<div class=\"elementor-container elementor-column-gap-default\">\n\t\t\t\t\t<div class=\"elementor-column elementor-col-100 elementor-top-column elementor-element elementor-element-7d3db316\" data-id=\"7d3db316\" data-element_type=\"column\">\n\t\t\t<div class=\"elementor-widget-wrap elementor-element-populated\">\n\t\t\t\t\t\t<div class=\"elementor-element elementor-element-5ca9adba elementor-widget elementor-widget-text-editor\" data-id=\"5ca9adba\" data-element_type=\"widget\" data-widget_type=\"text-editor.default\">\n\t\t\t\t<div class=\"elementor-widget-container\">\n\t\t\t\t\t\t\t\t\t<p><span style=\"font-weight: 400;\">A Rede de Gerenciadores de Transportes Oficiais &#8211; REDETRANS convida os gestores de transportes e demais interessados para conhecerem o Portal da REDETRANS!<\/span><\/p><p><span style=\"font-weight: 400;\">Neste ambiente voc\u00ea encontrar\u00e1 vasto conte\u00fado, bem como\u00a0 <\/span><span style=\"font-weight: 400;\">diretrizes sobre o planejamento, o gerenciamento, a execu\u00e7\u00e3o e o fomento de melhores pr\u00e1ticas nas atividades relacionadas a transportes.\u00a0<\/span><\/p><p><span style=\"font-weight: 400;\">Dentre as atividades desempenhadas pelos profissionais que atuam no \u00f3rg\u00e3o central, listamos a seguir:<\/span><\/p><ul><li style=\"font-weight: 400;\" aria-checked=\"false\" aria-level=\"1\"><span style=\"font-weight: 400;\">Suporte t\u00e9cnico aos \u00f3rg\u00e3os setoriais participantes da <strong><a href=\"https:\/\/redelog.rj.gov.br\/redetrans\/atas\/\">Ata de combust\u00edveis;<\/a><\/strong><\/span><\/li><li style=\"font-weight: 400;\" aria-checked=\"false\" aria-level=\"1\"><span style=\"font-weight: 400;\">Acompanhamento do lan\u00e7amento dos empenhos e gest\u00e3o de contratos;<\/span><\/li><li style=\"font-weight: 400;\" aria-checked=\"false\" aria-level=\"1\"><span style=\"font-weight: 400;\">Ativa\u00e7\u00e3o e inativa\u00e7\u00e3o de ve\u00edculos;<\/span><\/li><li style=\"font-weight: 400;\" aria-checked=\"false\" aria-level=\"1\"><span style=\"font-weight: 400;\">Gest\u00e3o de remanejamento e adiantamento de saldo;<\/span><\/li><li style=\"font-weight: 400;\" aria-checked=\"false\" aria-level=\"1\"><span style=\"font-weight: 400;\">Verifica\u00e7\u00e3o de n\u00e3o conformidade de abastecimento, com emiss\u00e3o de notifica\u00e7\u00e3o;<\/span><\/li><li style=\"font-weight: 400;\" aria-checked=\"false\" aria-level=\"1\"><span style=\"font-weight: 400;\">Parametriza\u00e7\u00e3o dos ve\u00edculos da frota do Estado;<\/span><\/li><li style=\"font-weight: 400;\" aria-checked=\"false\" aria-level=\"1\"><span style=\"font-weight: 400;\">An\u00e1lise de desempenho veicular;<\/span><\/li><li style=\"font-weight: 400;\" aria-checked=\"false\" aria-level=\"1\"><span style=\"font-weight: 400;\">Acompanhamento de altera\u00e7\u00e3o de DVO;<\/span><\/li><li style=\"font-weight: 400;\" aria-checked=\"false\" aria-level=\"1\"><span style=\"font-weight: 400;\">Emiss\u00e3o de relat\u00f3rios de controle da frota.<\/span><\/li><\/ul><p><span style=\"font-weight: 400;\">\u00a0<\/span><\/p><p><b>Quanto ao Banco de Dados da Frota do Estado \u2013 BDFE:\u00a0<\/b><\/p><ul><li>Suporte t\u00e9cnico aos \u00f3rg\u00e3os setoriais participantes da<strong><a href=\"https:\/\/redelog.rj.gov.br\/redetrans\/atas\/\"> Ata de loca\u00e7\u00e3o de ve\u00edculos;<\/a><\/strong><\/li><li style=\"font-weight: 400;\" aria-checked=\"false\" aria-level=\"1\"><span style=\"font-weight: 400;\">Credenciamento\/descredenciamento de ve\u00edculos;<\/span><\/li><li style=\"font-weight: 400;\" aria-checked=\"false\" aria-level=\"1\"><span style=\"font-weight: 400;\">Cadastro e controle de vig\u00eancia dos contratos de loca\u00e7\u00e3o de ve\u00edculos;<\/span><\/li><li style=\"font-weight: 400;\" aria-checked=\"false\" aria-level=\"1\"><span style=\"font-weight: 400;\">Acompanhamento dos aditivos contratuais realizados pelos \u00f3rg\u00e3os;<\/span><\/li><li style=\"font-weight: 400;\" aria-checked=\"false\" aria-level=\"1\"><span style=\"font-weight: 400;\">Emiss\u00e3o de certid\u00f5es cadastrais relativas ao credenciamento\/descredenciamento de ve\u00edculos.<\/span><\/li><\/ul><p>Aproveitem!<\/p>\t\t\t\t\t\t\t\t<\/div>\n\t\t\t\t<\/div>\n\t\t\t\t\t<\/div>\n\t\t<\/div>\n\t\t\t\t\t<\/div>\n\t\t<\/section>\n\t\t\t\t<\/div>\n\t\t","protected":false},"excerpt":{"rendered":"<p>A Rede de Gerenciadores de Transportes Oficiais &#8211; REDETRANS convida os gestores de transportes e demais interessados para conhecerem o Portal da REDETRANS! Neste ambiente voc\u00ea encontrar\u00e1 vasto conte\u00fado, bem como\u00a0 diretrizes sobre o planejamento, o gerenciamento, a execu\u00e7\u00e3o e o fomento de melhores pr\u00e1ticas nas atividades relacionadas a transportes.\u00a0 Dentre as atividades desempenhadas pelos [&hellip;]<\/p>\n","protected":false},"author":10,"featured_media":0,"comment_status":"closed","ping_status":"open","sticky":false,"template":"","format":"standard","meta":{"footnotes":""},"categories":[21,1],"tags":[],"class_list":["post-2040","post","type-post","status-publish","format-standard","hentry","category-informes","category-sem-categoria"],"_links":{"self":[{"href":"https:\/\/redelog.rj.gov.br\/redetrans\/wp-json\/wp\/v2\/posts\/2040","targetHints":{"allow":["GET"]}}],"collection":[{"href":"https:\/\/redelog.rj.gov.br\/redetrans\/wp-json\/wp\/v2\/posts"}],"about":[{"href":"https:\/\/redelog.rj.gov.br\/redetrans\/wp-json\/wp\/v2\/types\/post"}],"author":[{"embeddable":true,"href":"https:\/\/redelog.rj.gov.br\/redetrans\/wp-json\/wp\/v2\/users\/10"}],"replies":[{"embeddable":true,"href":"https:\/\/redelog.rj.gov.br\/redetrans\/wp-json\/wp\/v2\/comments?post=2040"}],"version-history":[{"count":10,"href":"https:\/\/redelog.rj.gov.br\/redetrans\/wp-json\/wp\/v2\/posts\/2040\/revisions"}],"predecessor-version":[{"id":2059,"href":"https:\/\/redelog.rj.gov.br\/redetrans\/wp-json\/wp\/v2\/posts\/2040\/revisions\/2059"}],"wp:attachment":[{"href":"https:\/\/redelog.rj.gov.br\/redetrans\/wp-json\/wp\/v2\/media?parent=2040"}],"wp:term":[{"taxonomy":"category","embeddable":true,"href":"https:\/\/redelog.rj.gov.br\/redetrans\/wp-json\/wp\/v2\/categories?post=2040"},{"taxonomy":"post_tag","embeddable":true,"href":"https:\/\/redelog.rj.gov.br\/redetrans\/wp-json\/wp\/v2\/tags?post=2040"}],"curies":[{"name":"wp","href":"https:\/\/api.w.org\/{rel}","templated":true}]}}