{"id":157,"date":"2022-04-06T14:08:41","date_gmt":"2022-04-06T17:08:41","guid":{"rendered":"http:\/\/redelog.rj.gov.br\/redetrans\/?p=157"},"modified":"2023-10-31T17:27:13","modified_gmt":"2023-10-31T20:27:13","slug":"sobre-a-redetrans","status":"publish","type":"post","link":"https:\/\/redelog.rj.gov.br\/redetrans\/sobre-a-redetrans\/","title":{"rendered":"SOBRE A REDETRANS"},"content":{"rendered":"\t\t<div data-elementor-type=\"wp-post\" data-elementor-id=\"157\" class=\"elementor elementor-157\" data-elementor-post-type=\"post\">\n\t\t\t\t\t\t<section class=\"elementor-section elementor-top-section elementor-element elementor-element-a59b540 elementor-section-boxed elementor-section-height-default elementor-section-height-default\" data-id=\"a59b540\" data-element_type=\"section\" data-settings=\"{&quot;jet_parallax_layout_list&quot;:[{&quot;jet_parallax_layout_image&quot;:{&quot;url&quot;:&quot;&quot;,&quot;id&quot;:&quot;&quot;,&quot;size&quot;:&quot;&quot;},&quot;_id&quot;:&quot;0ca4a1f&quot;,&quot;jet_parallax_layout_image_tablet&quot;:{&quot;url&quot;:&quot;&quot;,&quot;id&quot;:&quot;&quot;,&quot;size&quot;:&quot;&quot;},&quot;jet_parallax_layout_image_mobile&quot;:{&quot;url&quot;:&quot;&quot;,&quot;id&quot;:&quot;&quot;,&quot;size&quot;:&quot;&quot;},&quot;jet_parallax_layout_speed&quot;:{&quot;unit&quot;:&quot;%&quot;,&quot;size&quot;:50,&quot;sizes&quot;:[]},&quot;jet_parallax_layout_type&quot;:&quot;scroll&quot;,&quot;jet_parallax_layout_direction&quot;:&quot;1&quot;,&quot;jet_parallax_layout_fx_direction&quot;:null,&quot;jet_parallax_layout_z_index&quot;:&quot;&quot;,&quot;jet_parallax_layout_bg_x&quot;:50,&quot;jet_parallax_layout_bg_x_tablet&quot;:&quot;&quot;,&quot;jet_parallax_layout_bg_x_mobile&quot;:&quot;&quot;,&quot;jet_parallax_layout_bg_y&quot;:50,&quot;jet_parallax_layout_bg_y_tablet&quot;:&quot;&quot;,&quot;jet_parallax_layout_bg_y_mobile&quot;:&quot;&quot;,&quot;jet_parallax_layout_bg_size&quot;:&quot;auto&quot;,&quot;jet_parallax_layout_bg_size_tablet&quot;:&quot;&quot;,&quot;jet_parallax_layout_bg_size_mobile&quot;:&quot;&quot;,&quot;jet_parallax_layout_animation_prop&quot;:&quot;transform&quot;,&quot;jet_parallax_layout_on&quot;:[&quot;desktop&quot;,&quot;tablet&quot;]}]}\">\n\t\t\t\t\t\t<div class=\"elementor-container elementor-column-gap-default\">\n\t\t\t\t\t<div class=\"elementor-column elementor-col-100 elementor-top-column elementor-element elementor-element-ee9a38b\" data-id=\"ee9a38b\" data-element_type=\"column\">\n\t\t\t<div class=\"elementor-widget-wrap elementor-element-populated\">\n\t\t\t\t\t\t<div class=\"elementor-element elementor-element-e4d49d5 elementor-widget-divider--view-line elementor-widget elementor-widget-divider\" data-id=\"e4d49d5\" data-element_type=\"widget\" data-widget_type=\"divider.default\">\n\t\t\t\t<div class=\"elementor-widget-container\">\n\t\t\t\t\t\t\t<div class=\"elementor-divider\">\n\t\t\t<span class=\"elementor-divider-separator\">\n\t\t\t\t\t\t<\/span>\n\t\t<\/div>\n\t\t\t\t\t\t<\/div>\n\t\t\t\t<\/div>\n\t\t\t\t<div class=\"elementor-element elementor-element-cb558de elementor-widget elementor-widget-image\" data-id=\"cb558de\" data-element_type=\"widget\" data-widget_type=\"image.default\">\n\t\t\t\t<div class=\"elementor-widget-container\">\n\t\t\t\t\t\t\t\t\t\t\t\t\t\t\t<img decoding=\"async\" width=\"190\" height=\"227\" src=\"https:\/\/redelog.rj.gov.br\/redetrans\/wp-content\/uploads\/2022\/04\/WhatsApp-Image-2023-08-22-at-1.40.41-PM-e1692803465988.jpeg\" class=\"attachment-large size-large wp-image-1577\" alt=\"\" \/>\t\t\t\t\t\t\t\t\t\t\t\t\t\t\t<\/div>\n\t\t\t\t<\/div>\n\t\t\t\t<section class=\"elementor-section elementor-inner-section elementor-element elementor-element-4add188 elementor-section-boxed elementor-section-height-default elementor-section-height-default\" data-id=\"4add188\" data-element_type=\"section\" data-settings=\"{&quot;jet_parallax_layout_list&quot;:[{&quot;jet_parallax_layout_image&quot;:{&quot;url&quot;:&quot;&quot;,&quot;id&quot;:&quot;&quot;,&quot;size&quot;:&quot;&quot;},&quot;_id&quot;:&quot;767db49&quot;,&quot;jet_parallax_layout_image_tablet&quot;:{&quot;url&quot;:&quot;&quot;,&quot;id&quot;:&quot;&quot;,&quot;size&quot;:&quot;&quot;},&quot;jet_parallax_layout_image_mobile&quot;:{&quot;url&quot;:&quot;&quot;,&quot;id&quot;:&quot;&quot;,&quot;size&quot;:&quot;&quot;},&quot;jet_parallax_layout_speed&quot;:{&quot;unit&quot;:&quot;%&quot;,&quot;size&quot;:50,&quot;sizes&quot;:[]},&quot;jet_parallax_layout_type&quot;:&quot;scroll&quot;,&quot;jet_parallax_layout_direction&quot;:&quot;1&quot;,&quot;jet_parallax_layout_fx_direction&quot;:null,&quot;jet_parallax_layout_z_index&quot;:&quot;&quot;,&quot;jet_parallax_layout_bg_x&quot;:50,&quot;jet_parallax_layout_bg_x_tablet&quot;:&quot;&quot;,&quot;jet_parallax_layout_bg_x_mobile&quot;:&quot;&quot;,&quot;jet_parallax_layout_bg_y&quot;:50,&quot;jet_parallax_layout_bg_y_tablet&quot;:&quot;&quot;,&quot;jet_parallax_layout_bg_y_mobile&quot;:&quot;&quot;,&quot;jet_parallax_layout_bg_size&quot;:&quot;auto&quot;,&quot;jet_parallax_layout_bg_size_tablet&quot;:&quot;&quot;,&quot;jet_parallax_layout_bg_size_mobile&quot;:&quot;&quot;,&quot;jet_parallax_layout_animation_prop&quot;:&quot;transform&quot;,&quot;jet_parallax_layout_on&quot;:[&quot;desktop&quot;,&quot;tablet&quot;]}]}\">\n\t\t\t\t\t\t<div class=\"elementor-container elementor-column-gap-default\">\n\t\t\t\t\t<div class=\"elementor-column elementor-col-100 elementor-inner-column elementor-element elementor-element-49f0efc\" data-id=\"49f0efc\" data-element_type=\"column\">\n\t\t\t<div class=\"elementor-widget-wrap elementor-element-populated\">\n\t\t\t\t\t\t<div class=\"elementor-element elementor-element-ba900f3 elementor-widget elementor-widget-text-editor\" data-id=\"ba900f3\" data-element_type=\"widget\" data-widget_type=\"text-editor.default\">\n\t\t\t\t<div class=\"elementor-widget-container\">\n\t\t\t\t\t\t\t\t\t<p>A Rede de Transportes &#8211; REDETRANS, foi institu\u00edda como rede de gest\u00e3o descentralizada pelo <strong><a href=\"https:\/\/leisestaduais.com.br\/rj\/decreto-n-44500-2013-rio-de-janeiro-cria-sem-aumento-de-despesas-a-rede-de-gerenciadores-de-transportes-oficiais-redetrans-e-da-outras-providencias?q=44500#\">Decreto n\u00ba 44.500, de 29 de novembro de 2013<\/a>. <\/strong>Com o advento da Rede de Log\u00edstica &#8211; REDELOG, as antigas redes de gest\u00e3o descentralizada foram substitu\u00eddas pelas novas Redes Funcionais da REDELOG.<\/p><p>Assim, o\u00a0 <strong><a href=\"https:\/\/leisestaduais.com.br\/rj\/decreto-n-44500-2013-rio-de-janeiro-cria-sem-aumento-de-despesas-a-rede-de-gerenciadores-de-transportes-oficiais-redetrans-e-da-outras-providencias?q=44500#\">Decreto n\u00ba 44.500, de 29 de novembro de 2013<\/a><\/strong> foi revogado pelo <a href=\"https:\/\/leisestaduais.com.br\/rj\/decreto-n-46050-2017-rio-de-janeiro-cria-sem-aumento-de-despesa-a-rede-logistica-do-poder-executivo-do-estado-do-rio-de-janeiro-redelog-e-da-outras-providencias?q=46050#\"><b>Decreto n\u00ba 46.050, de 26 de julho de 2017<\/b><\/a><span style=\"font-weight: 400;\">, alterado pelo <\/span><a href=\"https:\/\/leisestaduais.com.br\/rj\/decreto-n-48178-2022-rio-de-janeiro-altera-o-decreto-no-46-050-de-26-de-julho-de-2017?q=48178#\"><b>Decreto n\u00ba 48.178, de 15 de agosto de 2022<\/b><\/a><span style=\"font-weight: 400;\">, e foi publicada a <\/span><a href=\"https:\/\/redelog.rj.gov.br\/redelog\/resolucao-seplag-no-149-de-16-de-agosto-de-2022\/\"><b>Resolu\u00e7\u00e3o SEPLAG n\u00ba 149, de 16 de agosto de 2022<\/b><\/a><span style=\"font-weight: 400;\">, que institui a Rede Funcional de Gerenciadores de Transportes Oficiais\u2013 REDETRANS.<\/span><\/p><p><span style=\"font-weight: 400;\">A REDETRANS tem como objetivo integrar os servidores que desempenham fun\u00e7\u00f5es relacionadas \u00e0 gest\u00e3o de transportes e gest\u00e3o de combust\u00edveis no \u00e2mbito dos \u00d3rg\u00e3os e Entidades do Poder Executivo do Estado do Rio de Janeiro. <\/span><\/p><p>As fun\u00e7\u00f5es relacionadas a \u00e1rea de transportes est\u00e3o definidas no Decreto que institui o Sistema \u2013 <strong><a href=\"https:\/\/redelog.rj.gov.br\/redelog\/decreto-estadual-no-47298\/\">SIGETRANSP<\/a><\/strong>.<\/p><p>S\u00e3o profissionais que atuam no levantamento de necessidades relacionadas a gest\u00e3o de transportes do \u00d3rg\u00e3o como, por exemplo, gest\u00e3o de combust\u00edvel, gest\u00e3o da utiliza\u00e7\u00e3o da frota e dos modais alternativos.<\/p><p>A REDETRANS promove a comunica\u00e7\u00e3o entre seus integrantes, abordando diretrizes sobre o planejamento, o gerenciamento, a execu\u00e7\u00e3o e o fomento de melhores pr\u00e1ticas nas atividades relacionadas a transportes.\u00a0<\/p>\t\t\t\t\t\t\t\t<\/div>\n\t\t\t\t<\/div>\n\t\t\t\t<div class=\"elementor-element elementor-element-a62b02e elementor-align-center elementor-icon-list--layout-traditional elementor-list-item-link-full_width elementor-widget elementor-widget-icon-list\" data-id=\"a62b02e\" data-element_type=\"widget\" data-widget_type=\"icon-list.default\">\n\t\t\t\t<div class=\"elementor-widget-container\">\n\t\t\t\t\t\t\t<ul class=\"elementor-icon-list-items\">\n\t\t\t\t\t\t\t<li class=\"elementor-icon-list-item\">\n\t\t\t\t\t\t\t\t\t\t\t<a href=\"mailto:redetrans@planejamento.rj.gov.br\">\n\n\t\t\t\t\t\t\t\t\t\t\t\t<span class=\"elementor-icon-list-icon\">\n\t\t\t\t\t\t\t<i aria-hidden=\"true\" class=\"nc-icon-outline ui-1_email-85\"><\/i>\t\t\t\t\t\t<\/span>\n\t\t\t\t\t\t\t\t\t\t<span class=\"elementor-icon-list-text\">redetrans@planejamento.rj.gov.br<\/span>\n\t\t\t\t\t\t\t\t\t\t\t<\/a>\n\t\t\t\t\t\t\t\t\t<\/li>\n\t\t\t\t\t\t\t\t<li class=\"elementor-icon-list-item\">\n\t\t\t\t\t\t\t\t\t\t\t<span class=\"elementor-icon-list-icon\">\n\t\t\t\t\t\t\t<i aria-hidden=\"true\" class=\"fas fa-phone-alt\"><\/i>\t\t\t\t\t\t<\/span>\n\t\t\t\t\t\t\t\t\t\t<span class=\"elementor-icon-list-text\">(21) 2332 7013<\/span>\n\t\t\t\t\t\t\t\t\t<\/li>\n\t\t\t\t\t\t<\/ul>\n\t\t\t\t\t\t<\/div>\n\t\t\t\t<\/div>\n\t\t\t\t\t<\/div>\n\t\t<\/div>\n\t\t\t\t\t<\/div>\n\t\t<\/section>\n\t\t\t\t<div class=\"elementor-element elementor-element-c7b51db elementor-widget-divider--view-line elementor-widget elementor-widget-divider\" data-id=\"c7b51db\" data-element_type=\"widget\" data-widget_type=\"divider.default\">\n\t\t\t\t<div class=\"elementor-widget-container\">\n\t\t\t\t\t\t\t<div class=\"elementor-divider\">\n\t\t\t<span class=\"elementor-divider-separator\">\n\t\t\t\t\t\t<\/span>\n\t\t<\/div>\n\t\t\t\t\t\t<\/div>\n\t\t\t\t<\/div>\n\t\t\t\t\t<\/div>\n\t\t<\/div>\n\t\t\t\t\t<\/div>\n\t\t<\/section>\n\t\t\t\t<section class=\"elementor-section elementor-top-section elementor-element elementor-element-b6c5a4f elementor-section-boxed elementor-section-height-default elementor-section-height-default\" data-id=\"b6c5a4f\" data-element_type=\"section\" data-settings=\"{&quot;jet_parallax_layout_list&quot;:[]}\">\n\t\t\t\t\t\t<div class=\"elementor-container elementor-column-gap-default\">\n\t\t\t\t\t<div class=\"elementor-column elementor-col-50 elementor-top-column elementor-element elementor-element-caabac1\" data-id=\"caabac1\" data-element_type=\"column\">\n\t\t\t<div class=\"elementor-widget-wrap\">\n\t\t\t\t\t\t\t<\/div>\n\t\t<\/div>\n\t\t\t\t<div class=\"elementor-column elementor-col-50 elementor-top-column elementor-element elementor-element-98bf842\" data-id=\"98bf842\" data-element_type=\"column\">\n\t\t\t<div class=\"elementor-widget-wrap elementor-element-populated\">\n\t\t\t\t\t\t<div class=\"elementor-element elementor-element-27a03f1 elementor-widget elementor-widget-text-editor\" data-id=\"27a03f1\" data-element_type=\"widget\" data-widget_type=\"text-editor.default\">\n\t\t\t\t<div class=\"elementor-widget-container\">\n\t\t\t\t\t\t\t\t\t<p><strong><a href=\"https:\/\/redelog.rj.gov.br\/redetrans\/quem-somos\/\">Quem Somos \u2192<\/a><\/strong><\/p>\t\t\t\t\t\t\t\t<\/div>\n\t\t\t\t<\/div>\n\t\t\t\t\t<\/div>\n\t\t<\/div>\n\t\t\t\t\t<\/div>\n\t\t<\/section>\n\t\t\t\t<section class=\"elementor-section elementor-top-section elementor-element elementor-element-e081776 elementor-section-boxed elementor-section-height-default elementor-section-height-default\" data-id=\"e081776\" data-element_type=\"section\" data-settings=\"{&quot;jet_parallax_layout_list&quot;:[]}\">\n\t\t\t\t\t\t<div class=\"elementor-container elementor-column-gap-default\">\n\t\t\t\t\t<div class=\"elementor-column elementor-col-100 elementor-top-column elementor-element elementor-element-492135a\" data-id=\"492135a\" data-element_type=\"column\">\n\t\t\t<div class=\"elementor-widget-wrap elementor-element-populated\">\n\t\t\t\t\t\t<div class=\"elementor-element elementor-element-2c0b50f elementor-widget elementor-widget-shortcode\" data-id=\"2c0b50f\" data-element_type=\"widget\" data-widget_type=\"shortcode.default\">\n\t\t\t\t<div class=\"elementor-widget-container\">\n\t\t\t\t\t\t\t<div class=\"elementor-shortcode\"><div class='printomatic pom-default ' id='id8466' alt='Imprimir' title='Imprimir' data-print_target='article'><\/div> <div class='printomatictext' id='id8466' alt='Imprimir' title='Imprimir' data-print_target='article'>Imprimir<\/div><div style='clear: both;'><\/div><\/div>\n\t\t\t\t\t\t<\/div>\n\t\t\t\t<\/div>\n\t\t\t\t\t<\/div>\n\t\t<\/div>\n\t\t\t\t\t<\/div>\n\t\t<\/section>\n\t\t\t\t<\/div>\n\t\t","protected":false},"excerpt":{"rendered":"<p>A Rede de Transportes &#8211; REDETRANS, foi institu\u00edda como rede de gest\u00e3o descentralizada pelo Decreto n\u00ba 44.500, de 29 de novembro de 2013. Com o advento da Rede de Log\u00edstica &#8211; REDELOG, as antigas redes de gest\u00e3o descentralizada foram substitu\u00eddas pelas novas Redes Funcionais da REDELOG. Assim, o\u00a0 Decreto n\u00ba 44.500, de 29 de novembro [&hellip;]<\/p>\n","protected":false},"author":1,"featured_media":0,"comment_status":"closed","ping_status":"open","sticky":false,"template":"","format":"standard","meta":{"footnotes":""},"categories":[23],"tags":[],"class_list":["post-157","post","type-post","status-publish","format-standard","hentry","category-redetrans-cat"],"_links":{"self":[{"href":"https:\/\/redelog.rj.gov.br\/redetrans\/wp-json\/wp\/v2\/posts\/157","targetHints":{"allow":["GET"]}}],"collection":[{"href":"https:\/\/redelog.rj.gov.br\/redetrans\/wp-json\/wp\/v2\/posts"}],"about":[{"href":"https:\/\/redelog.rj.gov.br\/redetrans\/wp-json\/wp\/v2\/types\/post"}],"author":[{"embeddable":true,"href":"https:\/\/redelog.rj.gov.br\/redetrans\/wp-json\/wp\/v2\/users\/1"}],"replies":[{"embeddable":true,"href":"https:\/\/redelog.rj.gov.br\/redetrans\/wp-json\/wp\/v2\/comments?post=157"}],"version-history":[{"count":73,"href":"https:\/\/redelog.rj.gov.br\/redetrans\/wp-json\/wp\/v2\/posts\/157\/revisions"}],"predecessor-version":[{"id":2240,"href":"https:\/\/redelog.rj.gov.br\/redetrans\/wp-json\/wp\/v2\/posts\/157\/revisions\/2240"}],"wp:attachment":[{"href":"https:\/\/redelog.rj.gov.br\/redetrans\/wp-json\/wp\/v2\/media?parent=157"}],"wp:term":[{"taxonomy":"category","embeddable":true,"href":"https:\/\/redelog.rj.gov.br\/redetrans\/wp-json\/wp\/v2\/categories?post=157"},{"taxonomy":"post_tag","embeddable":true,"href":"https:\/\/redelog.rj.gov.br\/redetrans\/wp-json\/wp\/v2\/tags?post=157"}],"curies":[{"name":"wp","href":"https:\/\/api.w.org\/{rel}","templated":true}]}}