{"id":1379,"date":"2023-07-11T10:07:30","date_gmt":"2023-07-11T13:07:30","guid":{"rendered":"https:\/\/redelog.rj.gov.br\/redetrans\/?p=1379"},"modified":"2023-08-24T18:42:12","modified_gmt":"2023-08-24T21:42:12","slug":"parqueamento-de-veiculos","status":"publish","type":"post","link":"https:\/\/redelog.rj.gov.br\/redetrans\/parqueamento-de-veiculos\/","title":{"rendered":"Parqueamento de Ve\u00edculos"},"content":{"rendered":"\t\t<div data-elementor-type=\"wp-post\" data-elementor-id=\"1379\" class=\"elementor elementor-1379\" data-elementor-post-type=\"post\">\n\t\t\t\t\t\t<section class=\"elementor-section elementor-top-section elementor-element elementor-element-ed410a7 elementor-section-boxed elementor-section-height-default elementor-section-height-default\" data-id=\"ed410a7\" data-element_type=\"section\" data-settings=\"{&quot;jet_parallax_layout_list&quot;:[]}\">\n\t\t\t\t\t\t<div class=\"elementor-container elementor-column-gap-default\">\n\t\t\t\t\t<div class=\"elementor-column elementor-col-100 elementor-top-column elementor-element elementor-element-218751f\" data-id=\"218751f\" data-element_type=\"column\">\n\t\t\t<div class=\"elementor-widget-wrap elementor-element-populated\">\n\t\t\t\t\t\t<div class=\"elementor-element elementor-element-abab28c elementor-widget-divider--view-line elementor-widget elementor-widget-divider\" data-id=\"abab28c\" data-element_type=\"widget\" data-widget_type=\"divider.default\">\n\t\t\t\t<div class=\"elementor-widget-container\">\n\t\t\t\t\t\t\t<div class=\"elementor-divider\">\n\t\t\t<span class=\"elementor-divider-separator\">\n\t\t\t\t\t\t<\/span>\n\t\t<\/div>\n\t\t\t\t\t\t<\/div>\n\t\t\t\t<\/div>\n\t\t\t\t<div class=\"elementor-element elementor-element-7076742 elementor-widget elementor-widget-image\" data-id=\"7076742\" data-element_type=\"widget\" data-widget_type=\"image.default\">\n\t\t\t\t<div class=\"elementor-widget-container\">\n\t\t\t\t\t\t\t\t\t\t\t\t\t\t\t<img fetchpriority=\"high\" decoding=\"async\" width=\"590\" height=\"392\" src=\"https:\/\/redelog.rj.gov.br\/redetrans\/wp-content\/uploads\/2023\/07\/f.png\" class=\"attachment-large size-large wp-image-1467\" alt=\"\" srcset=\"https:\/\/redelog.rj.gov.br\/redetrans\/wp-content\/uploads\/2023\/07\/f.png 590w, https:\/\/redelog.rj.gov.br\/redetrans\/wp-content\/uploads\/2023\/07\/f-300x199.png 300w\" sizes=\"(max-width: 590px) 100vw, 590px\" \/>\t\t\t\t\t\t\t\t\t\t\t\t\t\t\t<\/div>\n\t\t\t\t<\/div>\n\t\t\t\t<div class=\"elementor-element elementor-element-e45ce4d elementor-widget elementor-widget-text-editor\" data-id=\"e45ce4d\" data-element_type=\"widget\" data-widget_type=\"text-editor.default\">\n\t\t\t\t<div class=\"elementor-widget-container\">\n\t\t\t\t\t\t\t\t\t<p>Apenas para ve\u00edculos do tipo de Servi\u00e7o, o artigo 20 do <strong><a href=\"https:\/\/redelog.rj.gov.br\/redelog\/decreto-estadual-no-47298\/\">Decreto n\u00ba 47.298 de 01 de 0utubro de 2020<\/a><\/strong>, define dentre outras medidas, que os ve\u00edculos sejam recolhidos, ap\u00f3s suas utiliza\u00e7\u00f5es, em garagens pr\u00f3prias ou contratadas pela administra\u00e7\u00e3o. A seguir, na \u00edntegra o artigo supracitado;<\/p><p><em>Art. 20 &#8211; Os ve\u00edculos de servi\u00e7o somente poder\u00e3o ser utilizados nos dias \u00fateis e, ap\u00f3s sua utiliza\u00e7\u00e3o, dever\u00e3o ser recolhidos, por ocasi\u00e3o do encerramento do expediente di\u00e1rio ou ao t\u00e9rmino do servi\u00e7o, para garagens pr\u00f3prias ou contratadas pela Administra\u00e7\u00e3o, previamente designadas pelo Gestor de Transportes.<\/em><br \/><em>\u00a7 1\u00ba &#8211; Em caso de comprovada necessidade do servi\u00e7o, a autoridade m\u00e1xima do \u00f3rg\u00e3o ou entidade poder\u00e1 autorizar, excepcionalmente, o uso de ve\u00edculo fora dos dias fixados no caput deste artigo.<\/em><br \/><em>\u00a7 2\u00ba \u2013 O recolhimento de ve\u00edculos, em condi\u00e7\u00f5es diversas das citadas no caput deste artigo, dever\u00e1 ser autorizado previamente pelo Gestor de Transportes, desde que caracterizada a excepcionalidade decorrente de interesse do servi\u00e7o.<\/em><br \/><em>\u00a7 3\u00ba &#8211; A tomada de provid\u00eancias relativas \u00e0 guarda dos ve\u00edculos \u00e9 responsabilidade do Gestor de Transporte do \u00f3rg\u00e3o ou da entidade.<\/em><\/p>\t\t\t\t\t\t\t\t<\/div>\n\t\t\t\t<\/div>\n\t\t\t\t<div class=\"elementor-element elementor-element-0f5dce8 elementor-widget-divider--view-line elementor-widget elementor-widget-divider\" data-id=\"0f5dce8\" data-element_type=\"widget\" data-widget_type=\"divider.default\">\n\t\t\t\t<div class=\"elementor-widget-container\">\n\t\t\t\t\t\t\t<div class=\"elementor-divider\">\n\t\t\t<span class=\"elementor-divider-separator\">\n\t\t\t\t\t\t<\/span>\n\t\t<\/div>\n\t\t\t\t\t\t<\/div>\n\t\t\t\t<\/div>\n\t\t\t\t<section class=\"elementor-section elementor-inner-section elementor-element elementor-element-f4c6ac3 elementor-section-boxed elementor-section-height-default elementor-section-height-default\" data-id=\"f4c6ac3\" data-element_type=\"section\" data-settings=\"{&quot;jet_parallax_layout_list&quot;:[]}\">\n\t\t\t\t\t\t<div class=\"elementor-container elementor-column-gap-default\">\n\t\t\t\t\t<div class=\"elementor-column elementor-col-50 elementor-inner-column elementor-element elementor-element-0b82cfe\" data-id=\"0b82cfe\" data-element_type=\"column\">\n\t\t\t<div class=\"elementor-widget-wrap elementor-element-populated\">\n\t\t\t\t\t\t<div class=\"elementor-element elementor-element-733d791 elementor-widget elementor-widget-text-editor\" data-id=\"733d791\" data-element_type=\"widget\" data-widget_type=\"text-editor.default\">\n\t\t\t\t<div class=\"elementor-widget-container\">\n\t\t\t\t\t\t\t\t\t<p><a href=\"https:\/\/redelog.rj.gov.br\/redetrans\/parqueamento-de-veiculos\/?preview_id=1379&amp;preview_nonce=f1e368488e&amp;preview=true\"><strong>\u2190 Gest\u00e3o de Frota<\/strong><\/a><\/p>\t\t\t\t\t\t\t\t<\/div>\n\t\t\t\t<\/div>\n\t\t\t\t\t<\/div>\n\t\t<\/div>\n\t\t\t\t<div class=\"elementor-column elementor-col-50 elementor-inner-column elementor-element elementor-element-29433ea\" data-id=\"29433ea\" data-element_type=\"column\">\n\t\t\t<div class=\"elementor-widget-wrap elementor-element-populated\">\n\t\t\t\t\t\t<div class=\"elementor-element elementor-element-857abfb elementor-widget elementor-widget-text-editor\" data-id=\"857abfb\" data-element_type=\"widget\" data-widget_type=\"text-editor.default\">\n\t\t\t\t<div class=\"elementor-widget-container\">\n\t\t\t\t\t\t\t\t\t<p style=\"text-align: right;\"><a href=\"https:\/\/redelog.rj.gov.br\/redetrans\/bloqueio-de-veiculos\/\"><strong>Bloqueio de Ve\u00edculos \u2192<\/strong><\/a><\/p>\t\t\t\t\t\t\t\t<\/div>\n\t\t\t\t<\/div>\n\t\t\t\t\t<\/div>\n\t\t<\/div>\n\t\t\t\t\t<\/div>\n\t\t<\/section>\n\t\t\t\t<div class=\"elementor-element elementor-element-5b6ee9e elementor-widget elementor-widget-shortcode\" data-id=\"5b6ee9e\" data-element_type=\"widget\" data-widget_type=\"shortcode.default\">\n\t\t\t\t<div class=\"elementor-widget-container\">\n\t\t\t\t\t\t\t<div class=\"elementor-shortcode\"><div class='printomatic pom-default ' id='id376' alt='Imprimir' title='Imprimir' data-print_target='article'><\/div> <div class='printomatictext' id='id376' alt='Imprimir' title='Imprimir' data-print_target='article'>Imprimir<\/div><div style='clear: both;'><\/div><\/div>\n\t\t\t\t\t\t<\/div>\n\t\t\t\t<\/div>\n\t\t\t\t\t<\/div>\n\t\t<\/div>\n\t\t\t\t\t<\/div>\n\t\t<\/section>\n\t\t\t\t<\/div>\n\t\t","protected":false},"excerpt":{"rendered":"<p>Apenas para ve\u00edculos do tipo de Servi\u00e7o, o artigo 20 do Decreto n\u00ba 47.298 de 01 de 0utubro de 2020, define dentre outras medidas, que os ve\u00edculos sejam recolhidos, ap\u00f3s suas utiliza\u00e7\u00f5es, em garagens pr\u00f3prias ou contratadas pela administra\u00e7\u00e3o. A seguir, na \u00edntegra o artigo supracitado; Art. 20 &#8211; Os ve\u00edculos de servi\u00e7o somente poder\u00e3o [&hellip;]<\/p>\n","protected":false},"author":6,"featured_media":0,"comment_status":"closed","ping_status":"open","sticky":false,"template":"","format":"standard","meta":{"footnotes":""},"categories":[22],"tags":[],"class_list":["post-1379","post","type-post","status-publish","format-standard","hentry","category-base-conhecimentos-cat"],"_links":{"self":[{"href":"https:\/\/redelog.rj.gov.br\/redetrans\/wp-json\/wp\/v2\/posts\/1379","targetHints":{"allow":["GET"]}}],"collection":[{"href":"https:\/\/redelog.rj.gov.br\/redetrans\/wp-json\/wp\/v2\/posts"}],"about":[{"href":"https:\/\/redelog.rj.gov.br\/redetrans\/wp-json\/wp\/v2\/types\/post"}],"author":[{"embeddable":true,"href":"https:\/\/redelog.rj.gov.br\/redetrans\/wp-json\/wp\/v2\/users\/6"}],"replies":[{"embeddable":true,"href":"https:\/\/redelog.rj.gov.br\/redetrans\/wp-json\/wp\/v2\/comments?post=1379"}],"version-history":[{"count":29,"href":"https:\/\/redelog.rj.gov.br\/redetrans\/wp-json\/wp\/v2\/posts\/1379\/revisions"}],"predecessor-version":[{"id":2016,"href":"https:\/\/redelog.rj.gov.br\/redetrans\/wp-json\/wp\/v2\/posts\/1379\/revisions\/2016"}],"wp:attachment":[{"href":"https:\/\/redelog.rj.gov.br\/redetrans\/wp-json\/wp\/v2\/media?parent=1379"}],"wp:term":[{"taxonomy":"category","embeddable":true,"href":"https:\/\/redelog.rj.gov.br\/redetrans\/wp-json\/wp\/v2\/categories?post=1379"},{"taxonomy":"post_tag","embeddable":true,"href":"https:\/\/redelog.rj.gov.br\/redetrans\/wp-json\/wp\/v2\/tags?post=1379"}],"curies":[{"name":"wp","href":"https:\/\/api.w.org\/{rel}","templated":true}]}}