{"id":110,"date":"2022-04-01T17:00:01","date_gmt":"2022-04-01T20:00:01","guid":{"rendered":"http:\/\/redelog.rj.gov.br\/redetrans\/?p=110"},"modified":"2026-04-09T11:39:59","modified_gmt":"2026-04-09T14:39:59","slug":"dotacao-veicular-oficial","status":"publish","type":"post","link":"https:\/\/redelog.rj.gov.br\/redetrans\/dotacao-veicular-oficial\/","title":{"rendered":"DOTA\u00c7\u00c3O VEICULAR OFICIAL"},"content":{"rendered":"\t\t<div data-elementor-type=\"wp-post\" data-elementor-id=\"110\" class=\"elementor elementor-110\" data-elementor-post-type=\"post\">\n\t\t\t\t\t\t<section class=\"elementor-section elementor-top-section elementor-element elementor-element-9fbe5ca elementor-section-boxed elementor-section-height-default elementor-section-height-default\" data-id=\"9fbe5ca\" data-element_type=\"section\" data-settings=\"{&quot;jet_parallax_layout_list&quot;:[]}\">\n\t\t\t\t\t\t<div class=\"elementor-container elementor-column-gap-default\">\n\t\t\t\t\t<div class=\"elementor-column elementor-col-100 elementor-top-column elementor-element elementor-element-df29c11\" data-id=\"df29c11\" data-element_type=\"column\">\n\t\t\t<div class=\"elementor-widget-wrap elementor-element-populated\">\n\t\t\t\t\t\t<div class=\"elementor-element elementor-element-b3a8a1e elementor-widget-divider--view-line elementor-widget elementor-widget-divider\" data-id=\"b3a8a1e\" data-element_type=\"widget\" data-widget_type=\"divider.default\">\n\t\t\t\t<div class=\"elementor-widget-container\">\n\t\t\t\t\t\t\t<div class=\"elementor-divider\">\n\t\t\t<span class=\"elementor-divider-separator\">\n\t\t\t\t\t\t<\/span>\n\t\t<\/div>\n\t\t\t\t\t\t<\/div>\n\t\t\t\t<\/div>\n\t\t\t\t<div class=\"elementor-element elementor-element-41c1805 elementor-widget elementor-widget-text-editor\" data-id=\"41c1805\" data-element_type=\"widget\" data-widget_type=\"text-editor.default\">\n\t\t\t\t<div class=\"elementor-widget-container\">\n\t\t\t\t\t\t\t\t\t<p><span data-contrast=\"auto\">Aten\u00e7\u00e3o, antes de pensar em cadastrar ve\u00edculos e\/ou criar uma frota, voc\u00ea precisa obter a Dota\u00e7\u00e3o Veicular Oficial \u2013 DVO.<\/span><\/p><p><span data-contrast=\"auto\">A Dota\u00e7\u00e3o Veicular Oficial \u2013 DVO, tem por objetivo estabelecer o quantitativo m\u00e1ximo de ve\u00edculos autorizados por \u00d3rg\u00e3o. Nesse sentido, o \u00d3rg\u00e3o dever\u00e1 observar o quantitativo total autorizado.\u00a0<\/span><span data-ccp-props=\"{\">\u00a0<\/span><\/p><p><span data-contrast=\"auto\">Cabe destacar que, a defini\u00e7\u00e3o da Dota\u00e7\u00e3o Veicular tem por objetivo, entre outros fatores, permitir um planejamento sobre a gest\u00e3o de transportes dos \u00d3rg\u00e3os e Entidades. Com a Dota\u00e7\u00e3o estabelecida e bem dimensionada \u00e9 poss\u00edvel estimar os custos como, por exemplo, gastos com combust\u00edvel, parqueamento, condutores entre outros.<\/span><span data-ccp-props=\"{\">\u00a0<\/span><\/p><p><span data-contrast=\"auto\">Uma das atribui\u00e7\u00f5es dos Gestores de Transportes \u00e9 exatamente orientar a gest\u00e3o de transportes no seu \u00d3rg\u00e3o de atua\u00e7\u00e3o. Sinalizar o quantitativo autorizado, apresentar as condi\u00e7\u00f5es de uso e os tipos de modais dispon\u00edveis, s\u00e3o algumas das orienta\u00e7\u00f5es que o Gestor de Transportes deve apresentar como respons\u00e1vel da frota.<\/span><span data-ccp-props=\"{\">\u00a0<\/span><\/p><p><span data-contrast=\"auto\">Caso seja necess\u00e1rio alterar o quantitativo estabelecido na Dota\u00e7\u00e3o Veicular, o processo dever\u00e1 atender o rito estabelecido na <strong><a href=\"https:\/\/redelog.rj.gov.br\/redelog\/resolucao-seplag-no-340-de-26-de-novembro-de-2024\/\">Resolu\u00e7\u00e3o SEPLAG n\u00ba 340<\/a>:<\/strong><\/span><strong>\u00a0<\/strong><\/p><p><em>\u00a0<\/em><\/p>\t\t\t\t\t\t\t\t<\/div>\n\t\t\t\t<\/div>\n\t\t\t\t<div class=\"elementor-element elementor-element-003e23c elementor-widget__width-initial elementor-view-default elementor-position-top elementor-mobile-position-top elementor-widget elementor-widget-icon-box\" data-id=\"003e23c\" data-element_type=\"widget\" data-widget_type=\"icon-box.default\">\n\t\t\t\t<div class=\"elementor-widget-container\">\n\t\t\t\t\t\t\t<div class=\"elementor-icon-box-wrapper\">\n\n\t\t\t\t\t\t<div class=\"elementor-icon-box-icon\">\n\t\t\t\t<a href=\"https:\/\/redelog.rj.gov.br\/redetrans\/wp-content\/uploads\/2026\/04\/dvo-att.pdf\" class=\"elementor-icon\" tabindex=\"-1\" aria-label=\"Dota\u00e7\u00e3o Veicular Oficial - DVO\">\n\t\t\t\t<i aria-hidden=\"true\" class=\"fas fa-car-side\"><\/i>\t\t\t\t<\/a>\n\t\t\t<\/div>\n\t\t\t\n\t\t\t\t\t\t<div class=\"elementor-icon-box-content\">\n\n\t\t\t\t\t\t\t\t\t<h4 class=\"elementor-icon-box-title\">\n\t\t\t\t\t\t<a href=\"https:\/\/redelog.rj.gov.br\/redetrans\/wp-content\/uploads\/2026\/04\/dvo-att.pdf\" >\n\t\t\t\t\t\t\tDota\u00e7\u00e3o Veicular Oficial - DVO\t\t\t\t\t\t<\/a>\n\t\t\t\t\t<\/h4>\n\t\t\t\t\n\t\t\t\t\n\t\t\t<\/div>\n\t\t\t\n\t\t<\/div>\n\t\t\t\t\t\t<\/div>\n\t\t\t\t<\/div>\n\t\t\t\t<div class=\"elementor-element elementor-element-cadb047 elementor-widget-divider--view-line elementor-widget elementor-widget-divider\" data-id=\"cadb047\" data-element_type=\"widget\" data-widget_type=\"divider.default\">\n\t\t\t\t<div class=\"elementor-widget-container\">\n\t\t\t\t\t\t\t<div class=\"elementor-divider\">\n\t\t\t<span class=\"elementor-divider-separator\">\n\t\t\t\t\t\t<\/span>\n\t\t<\/div>\n\t\t\t\t\t\t<\/div>\n\t\t\t\t<\/div>\n\t\t\t\t<section class=\"elementor-section elementor-inner-section elementor-element elementor-element-928d0e3 elementor-section-boxed elementor-section-height-default elementor-section-height-default\" data-id=\"928d0e3\" data-element_type=\"section\" data-settings=\"{&quot;jet_parallax_layout_list&quot;:[]}\">\n\t\t\t\t\t\t<div class=\"elementor-container elementor-column-gap-default\">\n\t\t\t\t\t<div class=\"elementor-column elementor-col-50 elementor-inner-column elementor-element elementor-element-85dcc7b\" data-id=\"85dcc7b\" data-element_type=\"column\">\n\t\t\t<div class=\"elementor-widget-wrap elementor-element-populated\">\n\t\t\t\t\t\t<div class=\"elementor-element elementor-element-714234c elementor-widget elementor-widget-text-editor\" data-id=\"714234c\" data-element_type=\"widget\" data-widget_type=\"text-editor.default\">\n\t\t\t\t<div class=\"elementor-widget-container\">\n\t\t\t\t\t\t\t\t\t<p><a href=\"https:\/\/redelog.rj.gov.br\/redetrans\/credenciamento-de-condutores\/\"><strong>\u2190 Credenciamento de Condutores<\/strong><\/a><\/p>\t\t\t\t\t\t\t\t<\/div>\n\t\t\t\t<\/div>\n\t\t\t\t\t<\/div>\n\t\t<\/div>\n\t\t\t\t<div class=\"elementor-column elementor-col-50 elementor-inner-column elementor-element elementor-element-333b518\" data-id=\"333b518\" data-element_type=\"column\">\n\t\t\t<div class=\"elementor-widget-wrap elementor-element-populated\">\n\t\t\t\t\t\t<div class=\"elementor-element elementor-element-30689ce elementor-widget elementor-widget-text-editor\" data-id=\"30689ce\" data-element_type=\"widget\" data-widget_type=\"text-editor.default\">\n\t\t\t\t<div class=\"elementor-widget-container\">\n\t\t\t\t\t\t\t\t\t<p style=\"text-align: right;\"><a href=\"https:\/\/redelog.rj.gov.br\/redetrans\/orientacoes-sobre-multas\/\"><strong>\u00a0Orienta\u00e7\u00f5es sobre multas<\/strong><\/a><a href=\"https:\/\/redelog.rj.gov.br\/redetrans\/rj-mobi\/\"><strong>\u00a0\u2192<\/strong><\/a><\/p>\t\t\t\t\t\t\t\t<\/div>\n\t\t\t\t<\/div>\n\t\t\t\t\t<\/div>\n\t\t<\/div>\n\t\t\t\t\t<\/div>\n\t\t<\/section>\n\t\t\t\t<div class=\"elementor-element elementor-element-66f4acc elementor-widget elementor-widget-shortcode\" data-id=\"66f4acc\" data-element_type=\"widget\" data-widget_type=\"shortcode.default\">\n\t\t\t\t<div class=\"elementor-widget-container\">\n\t\t\t\t\t\t\t<div class=\"elementor-shortcode\"><div class='printomatic pom-default ' id='id8803' alt='Imprimir' title='Imprimir' data-print_target='article'><\/div> <div class='printomatictext' id='id8803' alt='Imprimir' title='Imprimir' data-print_target='article'>Imprimir<\/div><div style='clear: both;'><\/div><\/div>\n\t\t\t\t\t\t<\/div>\n\t\t\t\t<\/div>\n\t\t\t\t\t<\/div>\n\t\t<\/div>\n\t\t\t\t\t<\/div>\n\t\t<\/section>\n\t\t\t\t<\/div>\n\t\t","protected":false},"excerpt":{"rendered":"<p>Aten\u00e7\u00e3o, antes de pensar em cadastrar ve\u00edculos e\/ou criar uma frota, voc\u00ea precisa obter a Dota\u00e7\u00e3o Veicular Oficial \u2013 DVO. A Dota\u00e7\u00e3o Veicular Oficial \u2013 DVO, tem por objetivo estabelecer o quantitativo m\u00e1ximo de ve\u00edculos autorizados por \u00d3rg\u00e3o. Nesse sentido, o \u00d3rg\u00e3o dever\u00e1 observar o quantitativo total autorizado.\u00a0\u00a0 Cabe destacar que, a defini\u00e7\u00e3o da Dota\u00e7\u00e3o [&hellip;]<\/p>\n","protected":false},"author":1,"featured_media":0,"comment_status":"closed","ping_status":"open","sticky":false,"template":"","format":"standard","meta":{"footnotes":""},"categories":[22],"tags":[],"class_list":["post-110","post","type-post","status-publish","format-standard","hentry","category-base-conhecimentos-cat"],"_links":{"self":[{"href":"https:\/\/redelog.rj.gov.br\/redetrans\/wp-json\/wp\/v2\/posts\/110","targetHints":{"allow":["GET"]}}],"collection":[{"href":"https:\/\/redelog.rj.gov.br\/redetrans\/wp-json\/wp\/v2\/posts"}],"about":[{"href":"https:\/\/redelog.rj.gov.br\/redetrans\/wp-json\/wp\/v2\/types\/post"}],"author":[{"embeddable":true,"href":"https:\/\/redelog.rj.gov.br\/redetrans\/wp-json\/wp\/v2\/users\/1"}],"replies":[{"embeddable":true,"href":"https:\/\/redelog.rj.gov.br\/redetrans\/wp-json\/wp\/v2\/comments?post=110"}],"version-history":[{"count":238,"href":"https:\/\/redelog.rj.gov.br\/redetrans\/wp-json\/wp\/v2\/posts\/110\/revisions"}],"predecessor-version":[{"id":2999,"href":"https:\/\/redelog.rj.gov.br\/redetrans\/wp-json\/wp\/v2\/posts\/110\/revisions\/2999"}],"wp:attachment":[{"href":"https:\/\/redelog.rj.gov.br\/redetrans\/wp-json\/wp\/v2\/media?parent=110"}],"wp:term":[{"taxonomy":"category","embeddable":true,"href":"https:\/\/redelog.rj.gov.br\/redetrans\/wp-json\/wp\/v2\/categories?post=110"},{"taxonomy":"post_tag","embeddable":true,"href":"https:\/\/redelog.rj.gov.br\/redetrans\/wp-json\/wp\/v2\/tags?post=110"}],"curies":[{"name":"wp","href":"https:\/\/api.w.org\/{rel}","templated":true}]}}