{"id":109,"date":"2022-04-01T17:00:13","date_gmt":"2022-04-01T20:00:13","guid":{"rendered":"http:\/\/redelog.rj.gov.br\/redetrans\/?p=109"},"modified":"2025-02-11T10:47:24","modified_gmt":"2025-02-11T13:47:24","slug":"atribuicoes-dos-gestores-de-transportes","status":"publish","type":"post","link":"https:\/\/redelog.rj.gov.br\/redetrans\/atribuicoes-dos-gestores-de-transportes\/","title":{"rendered":"ATRIBUI\u00c7\u00d5ES DOS GESTORES DE TRANSPORTES"},"content":{"rendered":"\t\t<div data-elementor-type=\"wp-post\" data-elementor-id=\"109\" class=\"elementor elementor-109\" data-elementor-post-type=\"post\">\n\t\t\t\t\t\t<section class=\"elementor-section elementor-top-section elementor-element elementor-element-6f34b94 elementor-section-boxed elementor-section-height-default elementor-section-height-default\" data-id=\"6f34b94\" data-element_type=\"section\" data-settings=\"{&quot;jet_parallax_layout_list&quot;:[]}\">\n\t\t\t\t\t\t<div class=\"elementor-container elementor-column-gap-default\">\n\t\t\t\t\t<div class=\"elementor-column elementor-col-100 elementor-top-column elementor-element elementor-element-7636815\" data-id=\"7636815\" data-element_type=\"column\">\n\t\t\t<div class=\"elementor-widget-wrap elementor-element-populated\">\n\t\t\t\t\t\t<div class=\"elementor-element elementor-element-74bc74d elementor-widget-divider--view-line elementor-widget elementor-widget-divider\" data-id=\"74bc74d\" data-element_type=\"widget\" data-widget_type=\"divider.default\">\n\t\t\t\t<div class=\"elementor-widget-container\">\n\t\t\t\t\t\t\t<div class=\"elementor-divider\">\n\t\t\t<span class=\"elementor-divider-separator\">\n\t\t\t\t\t\t<\/span>\n\t\t<\/div>\n\t\t\t\t\t\t<\/div>\n\t\t\t\t<\/div>\n\t\t\t\t<div class=\"elementor-element elementor-element-1c4f9d8 elementor-widget elementor-widget-image\" data-id=\"1c4f9d8\" data-element_type=\"widget\" data-widget_type=\"image.default\">\n\t\t\t\t<div class=\"elementor-widget-container\">\n\t\t\t\t\t\t\t\t\t\t\t\t\t\t\t<img fetchpriority=\"high\" decoding=\"async\" width=\"543\" height=\"395\" src=\"https:\/\/redelog.rj.gov.br\/redetrans\/wp-content\/uploads\/2022\/04\/p-e1692893073944.png\" class=\"attachment-large size-large wp-image-1503\" alt=\"\" srcset=\"https:\/\/redelog.rj.gov.br\/redetrans\/wp-content\/uploads\/2022\/04\/p-e1692893073944.png 543w, https:\/\/redelog.rj.gov.br\/redetrans\/wp-content\/uploads\/2022\/04\/p-e1692893073944-300x218.png 300w\" sizes=\"(max-width: 543px) 100vw, 543px\" \/>\t\t\t\t\t\t\t\t\t\t\t\t\t\t\t<\/div>\n\t\t\t\t<\/div>\n\t\t\t\t<div class=\"elementor-element elementor-element-841811b elementor-widget elementor-widget-spacer\" data-id=\"841811b\" data-element_type=\"widget\" data-widget_type=\"spacer.default\">\n\t\t\t\t<div class=\"elementor-widget-container\">\n\t\t\t\t\t\t\t<div class=\"elementor-spacer\">\n\t\t\t<div class=\"elementor-spacer-inner\"><\/div>\n\t\t<\/div>\n\t\t\t\t\t\t<\/div>\n\t\t\t\t<\/div>\n\t\t\t\t<div class=\"elementor-element elementor-element-a1f96d4 elementor-widget elementor-widget-text-editor\" data-id=\"a1f96d4\" data-element_type=\"widget\" data-widget_type=\"text-editor.default\">\n\t\t\t\t<div class=\"elementor-widget-container\">\n\t\t\t\t\t\t\t\t\t<p><strong>\u00a0 \u00a0 \u00a0 \u00a0 \u00a0 \u00a0 \u00a0 \u00a0 \u00a0 \u00a0 \u00a0 \u00a0 \u00a0 \u00a0 \u00a0 \u00a0 \u00a0 \u00a0 \u00a0 \u00a0 \u00a0 \u00a0 \u00a0 \u00a0 \u00a0 \u00a0 \u00a0 \u00a0 \u00a0 \u00a0 \u00a0 \u00a0 \u00a0 \u00a0 \u00a0 \u00a0 \u00a0 \u00a0 \u00a0Se\u00e7\u00e3o I<\/strong><\/p><p><strong>\u00a0 \u00a0 \u00a0 \u00a0 \u00a0 \u00a0 \u00a0 \u00a0 \u00a0 \u00a0 \u00a0 \u00a0 \u00a0 \u00a0 \u00a0 \u00a0 \u00a0 \u00a0 \u00a0 \u00a0 \u00a0 \u00a0 \u00a0Dos Gestores e Auxiliares de Transportes<\/strong><\/p><p>Art. 3\u00ba O Gestor de Transportes, juntamente com os Auxiliares de Transportes, ser\u00e1 respons\u00e1vel pela coordena\u00e7\u00e3o, supervis\u00e3o e administra\u00e7\u00e3o das atividades relacionadas \u00e0 gest\u00e3o de transportes.<\/p><p>Art. 4\u00ba Todos os \u00f3rg\u00e3os ou entidades participantes do SIGETRANSP devem designar 1 (um) servidor para atuar nas fun\u00e7\u00f5es de Gestor de Transportes, com seu respectivo suplente e, quando necess\u00e1rio, designar 1 (um) ou mais servidores para a fun\u00e7\u00e3o de Auxiliar de Transportes, assegurando a efici\u00eancia na gest\u00e3o da frota estadual, em conformidade com o disposto no art. 22 do Decreto n.\u00ba 47.298, de 2020.<\/p><p>Art. 5\u00ba A designa\u00e7\u00e3o de que trata o art. 4\u00ba desta Resolu\u00e7\u00e3o ser\u00e1 realizada pela autoridade competente do \u00d3rg\u00e3o ou Entidade, e encaminhada por meio do Sistema Eletr\u00f4nico de Informa\u00e7\u00f5es \u2013 SEI, ap\u00f3s publicada no Di\u00e1rio Oficial do Estado do Rio de Janeiro ao \u00d3rg\u00e3o Central do Sislog.<\/p><p>Art. 6\u00ba Compete aos Gestores de Transportes:<\/p><p>I \u2013 relativamente aos ve\u00edculos integrantes da frota estadual:<\/p><p>a) realizar a gest\u00e3o do uso, da guarda, da manuten\u00e7\u00e3o e da conserva\u00e7\u00e3o dos ve\u00edculos de sua frota;<\/p><p>b) providenciar a identifica\u00e7\u00e3o dos ve\u00edculos conforme os normativos pertinentes;<\/p><p>c) manter atualizados e organizados a documenta\u00e7\u00e3o e os registros dos ve\u00edculos;<\/p><p>d) assegurar que os ve\u00edculos satisfa\u00e7am as condi\u00e7\u00f5es t\u00e9cnicas e os requisitos de seguran\u00e7a exigidos em lei ou regulamento;<\/p><p>e) realizar a gest\u00e3o cab\u00edvel para encaminhamento dos ve\u00edculos pr\u00f3prios, sob sua responsabilidade, para manuten\u00e7\u00e3o, sempre que necess\u00e1rio;<\/p><p>f) manter atualizados e organizados os registros de manuten\u00e7\u00e3o executados nos ve\u00edculos pr\u00f3prios sob sua responsabilidade;<\/p><p>g) fiscalizar para que os ve\u00edculos somente sejam autorizados a trafegar com a documenta\u00e7\u00e3o exigida pelos \u00f3rg\u00e3os competentes e apresentando boas condi\u00e7\u00f5es de funcionamento dos equipamentos de uso obrigat\u00f3rio;<\/p><p>h) coordenar as solicita\u00e7\u00f5es e a utiliza\u00e7\u00e3o dos ve\u00edculos, otimizando a sa\u00edda para atender a v\u00e1rios servi\u00e7os, quando for o caso;<\/p><p>i) identificar as necessidades de combust\u00edveis, controlar o seu fornecimento e o consumo das quantidades disponibilizadas para os \u00f3rg\u00e3os ou entidades que lhe s\u00e3o vinculados;<\/p><p>j) responsabilizar-se pela guarda e pela utiliza\u00e7\u00e3o dos cart\u00f5es de abastecimento;<\/p><p>k) verificar as informa\u00e7\u00f5es reportadas pelos condutores nos Boletins de Transporte \u2013 BDT ou aplicativo espec\u00edfico, quando dispon\u00edvel, e adotar as a\u00e7\u00f5es decorrentes necess\u00e1rias;<\/p><p>l) avaliar a viabilidade econ\u00f4mica para a contrata\u00e7\u00e3o de seguro total para frota pr\u00f3pria;<\/p><p>m) apurar rotineiramente o Padr\u00e3o Veicular de Desempenho \u2013 PVD dos ve\u00edculos sujeitos a desempenho m\u00ednimo, de acordo com o estabelecido no art. 36 do Decreto n.\u00ba 47.298, de 2020; e<\/p><p>n) informar ao \u00d3rg\u00e3o Central do Sislog qualquer altera\u00e7\u00e3o no cadastro e\/ou de especifica\u00e7\u00e3o dos ve\u00edculos;<\/p><p>II \u2013 relativamente aos condutores de ve\u00edculos:<\/p><p>a) cadastrar os condutores, ainda n\u00e3o registrados, no Sistema de Gest\u00e3o de Abastecimento de Combust\u00edveis ou encaminhar ao \u00d3rg\u00e3o Central do Sislog o pedido para redistribui\u00e7\u00e3o no respectivo \u00d3rg\u00e3o ou Entidade dos condutores j\u00e1 cadastrados;<\/p><p>b) credenciar e descredenciar servidores ou funcion\u00e1rios terceirizados para condu\u00e7\u00e3o de ve\u00edculos da frota estadual, quando delegado pela autoridade m\u00e1xima do \u00d3rg\u00e3o ou Entidade;<\/p><p>c) providenciar, quando delegado pela autoridade m\u00e1xima do \u00d3rg\u00e3o ou Entidade, o recolhimento, cancelamento e arquivamento da credencial, quando da perda de sua finalidade ou validade, dispensa de condutor contratado ou ainda, quando da responsabiliza\u00e7\u00e3o por acidente de tr\u00e2nsito com ve\u00edculo oficial, pr\u00f3prio, locado ou cedido, ap\u00f3s decis\u00e3o definitiva em processo administrativo;<\/p><p>d) distribuir, supervisionar a utiliza\u00e7\u00e3o e controlar a validade das credenciais para condu\u00e7\u00e3o de ve\u00edculos oficiais;<\/p><p>e) realizar a verifica\u00e7\u00e3o e controle das informa\u00e7\u00f5es registradas no Boletim Di\u00e1rio de Transportes \u2013 BDT.<\/p><p>f) orientar os servidores e condutores credenciados para conduzir ve\u00edculos da frota estadual em rela\u00e7\u00e3o \u00e0s normas a serem cumpridas e aos procedimentos a serem adotados, conforme o regulamentado no SIGETRANSP e os procedimentos previstos na Lei n.\u00ba 9.503, de 23 de setembro de 1997, em caso de sinistro; e<\/p><p>g) propor o dimensionamento e gerenciar recursos humanos necess\u00e1rios ao desempenho das atividades de transporte e manuten\u00e7\u00e3o sob sua responsabilidade;<\/p><p>III \u2013 sempre que solicitado, subsidiar o \u00d3rg\u00e3o Central do Sislog com dados e informa\u00e7\u00f5es relativos:<\/p><p>a) \u00e0s demandas de transporte, sejam elas atendidas por ve\u00edculos oficiais ou modais alternativos;<\/p><p>b) aos ve\u00edculos de sua frota, local de lota\u00e7\u00e3o e respectiva situa\u00e7\u00e3o patrimonial;<\/p><p>c) \u00e0s atividades de manuten\u00e7\u00e3o dos ve\u00edculos de sua frota;<\/p><p>d) ao abastecimento de combust\u00edveis;<\/p><p>e) ao Padr\u00e3o Veicular de Desempenho \u2013 PVD dos ve\u00edculos lotados no \u00d3rg\u00e3o ou Entidade;<\/p><p>f) ao controle or\u00e7ament\u00e1rio atinente \u00e0s atividades de transporte, manuten\u00e7\u00e3o e combust\u00edveis;<\/p><p>g) aos recursos humanos ligados \u00e0s atividades de transporte e sua respectiva capacita\u00e7\u00e3o;<\/p><p>IV \u2013 integrar-se \u00e0 Rede de Gerenciadores de Transportes Oficiais \u2013 REDETRANS; e<\/p><p>V \u2013 cumprir os demais procedimentos estabelecidos pelo \u00d3rg\u00e3o Central do Sislog relativos \u00e0s atividades de transporte, manuten\u00e7\u00e3o e abastecimento de combust\u00edveis.<\/p><p>Art. 7\u00ba Cabe ao Auxiliar de Transporte assistir o Gestor de Transporte nas suas atividades.<\/p><p class=\"MsoNormal\">Conforme disposto na resolu\u00e7\u00e3o\u00a0\u00a0<a href=\"https:\/\/redelog.rj.gov.br\/redelog\/resolucao-seplag-no-340-de-26-de-novembro-de-2024\/\">SEPLAG N\u00b0 340<\/a><\/p>\t\t\t\t\t\t\t\t<\/div>\n\t\t\t\t<\/div>\n\t\t\t\t<div class=\"elementor-element elementor-element-83ddc2a elementor-widget-divider--view-line elementor-widget elementor-widget-divider\" data-id=\"83ddc2a\" data-element_type=\"widget\" data-widget_type=\"divider.default\">\n\t\t\t\t<div class=\"elementor-widget-container\">\n\t\t\t\t\t\t\t<div class=\"elementor-divider\">\n\t\t\t<span class=\"elementor-divider-separator\">\n\t\t\t\t\t\t<\/span>\n\t\t<\/div>\n\t\t\t\t\t\t<\/div>\n\t\t\t\t<\/div>\n\t\t\t\t<section class=\"elementor-section elementor-inner-section elementor-element elementor-element-5fa3d8f elementor-section-boxed elementor-section-height-default elementor-section-height-default\" data-id=\"5fa3d8f\" data-element_type=\"section\" data-settings=\"{&quot;jet_parallax_layout_list&quot;:[]}\">\n\t\t\t\t\t\t<div class=\"elementor-container elementor-column-gap-default\">\n\t\t\t\t\t<div class=\"elementor-column elementor-col-50 elementor-inner-column elementor-element elementor-element-7d1a074\" data-id=\"7d1a074\" data-element_type=\"column\">\n\t\t\t<div class=\"elementor-widget-wrap elementor-element-populated\">\n\t\t\t\t\t\t<div class=\"elementor-element elementor-element-e876e59 elementor-widget elementor-widget-text-editor\" data-id=\"e876e59\" data-element_type=\"widget\" data-widget_type=\"text-editor.default\">\n\t\t\t\t<div class=\"elementor-widget-container\">\n\t\t\t\t\t\t\t\t\t<p><a href=\"https:\/\/redelog.rj.gov.br\/redetrans\/atribuicoes-de-condutores\/\"><strong>\u2190 Atribui\u00e7\u00f5es de Condutores<\/strong><\/a><\/p>\t\t\t\t\t\t\t\t<\/div>\n\t\t\t\t<\/div>\n\t\t\t\t\t<\/div>\n\t\t<\/div>\n\t\t\t\t<div class=\"elementor-column elementor-col-50 elementor-inner-column elementor-element elementor-element-abb07a7\" data-id=\"abb07a7\" data-element_type=\"column\">\n\t\t\t<div class=\"elementor-widget-wrap elementor-element-populated\">\n\t\t\t\t\t\t<div class=\"elementor-element elementor-element-62e7404 elementor-widget elementor-widget-text-editor\" data-id=\"62e7404\" data-element_type=\"widget\" data-widget_type=\"text-editor.default\">\n\t\t\t\t<div class=\"elementor-widget-container\">\n\t\t\t\t\t\t\t\t\t<p style=\"text-align: right;\"><a href=\"https:\/\/redelog.rj.gov.br\/redetrans\/credenciamento-de-condutores\/\"><strong>Credenciamento de Condutores \u2192<\/strong><\/a><\/p>\t\t\t\t\t\t\t\t<\/div>\n\t\t\t\t<\/div>\n\t\t\t\t\t<\/div>\n\t\t<\/div>\n\t\t\t\t\t<\/div>\n\t\t<\/section>\n\t\t\t\t<div class=\"elementor-element elementor-element-deb5ea6 elementor-view-default elementor-position-top elementor-mobile-position-top elementor-widget elementor-widget-icon-box\" data-id=\"deb5ea6\" data-element_type=\"widget\" data-widget_type=\"icon-box.default\">\n\t\t\t\t<div class=\"elementor-widget-container\">\n\t\t\t\t\t\t\t<div class=\"elementor-icon-box-wrapper\">\n\n\t\t\t\t\t\t<div class=\"elementor-icon-box-icon\">\n\t\t\t\t<a href=\"https:\/\/redelog.rj.gov.br\/redetrans\/wp-content\/uploads\/2024\/07\/GESTORES-DE-TRANSPORTES-NOMEADOS-25-07-24.pdf\" class=\"elementor-icon elementor-animation-pulse\" tabindex=\"-1\" aria-label=\"Gestores de Transportes Nomeados\">\n\t\t\t\t<i aria-hidden=\"true\" class=\"fas fa-file-pdf\"><\/i>\t\t\t\t<\/a>\n\t\t\t<\/div>\n\t\t\t\n\t\t\t\t\t\t<div class=\"elementor-icon-box-content\">\n\n\t\t\t\t\t\t\t\t\t<h3 class=\"elementor-icon-box-title\">\n\t\t\t\t\t\t<a href=\"https:\/\/redelog.rj.gov.br\/redetrans\/wp-content\/uploads\/2024\/07\/GESTORES-DE-TRANSPORTES-NOMEADOS-25-07-24.pdf\" >\n\t\t\t\t\t\t\tGestores de Transportes Nomeados\t\t\t\t\t\t<\/a>\n\t\t\t\t\t<\/h3>\n\t\t\t\t\n\t\t\t\t\n\t\t\t<\/div>\n\t\t\t\n\t\t<\/div>\n\t\t\t\t\t\t<\/div>\n\t\t\t\t<\/div>\n\t\t\t\t<div class=\"elementor-element elementor-element-342439f elementor-widget elementor-widget-shortcode\" data-id=\"342439f\" data-element_type=\"widget\" data-widget_type=\"shortcode.default\">\n\t\t\t\t<div class=\"elementor-widget-container\">\n\t\t\t\t\t\t\t<div class=\"elementor-shortcode\"><div class='printomatic pom-default ' id='id4682' alt='Imprimir' title='Imprimir' data-print_target='article'><\/div> <div class='printomatictext' id='id4682' alt='Imprimir' title='Imprimir' data-print_target='article'>Imprimir<\/div><div style='clear: both;'><\/div><\/div>\n\t\t\t\t\t\t<\/div>\n\t\t\t\t<\/div>\n\t\t\t\t\t<\/div>\n\t\t<\/div>\n\t\t\t\t\t<\/div>\n\t\t<\/section>\n\t\t\t\t<\/div>\n\t\t","protected":false},"excerpt":{"rendered":"<p>\u00a0 \u00a0 \u00a0 \u00a0 \u00a0 \u00a0 \u00a0 \u00a0 \u00a0 \u00a0 \u00a0 \u00a0 \u00a0 \u00a0 \u00a0 \u00a0 \u00a0 \u00a0 \u00a0 \u00a0 \u00a0 \u00a0 \u00a0 \u00a0 \u00a0 \u00a0 \u00a0 \u00a0 \u00a0 \u00a0 \u00a0 \u00a0 \u00a0 \u00a0 \u00a0 \u00a0 \u00a0 \u00a0 \u00a0Se\u00e7\u00e3o I \u00a0 \u00a0 \u00a0 \u00a0 \u00a0 \u00a0 \u00a0 \u00a0 \u00a0 \u00a0 \u00a0 \u00a0 \u00a0 \u00a0 \u00a0 [&hellip;]<\/p>\n","protected":false},"author":1,"featured_media":0,"comment_status":"closed","ping_status":"open","sticky":false,"template":"","format":"standard","meta":{"footnotes":""},"categories":[22],"tags":[],"class_list":["post-109","post","type-post","status-publish","format-standard","hentry","category-base-conhecimentos-cat"],"_links":{"self":[{"href":"https:\/\/redelog.rj.gov.br\/redetrans\/wp-json\/wp\/v2\/posts\/109","targetHints":{"allow":["GET"]}}],"collection":[{"href":"https:\/\/redelog.rj.gov.br\/redetrans\/wp-json\/wp\/v2\/posts"}],"about":[{"href":"https:\/\/redelog.rj.gov.br\/redetrans\/wp-json\/wp\/v2\/types\/post"}],"author":[{"embeddable":true,"href":"https:\/\/redelog.rj.gov.br\/redetrans\/wp-json\/wp\/v2\/users\/1"}],"replies":[{"embeddable":true,"href":"https:\/\/redelog.rj.gov.br\/redetrans\/wp-json\/wp\/v2\/comments?post=109"}],"version-history":[{"count":98,"href":"https:\/\/redelog.rj.gov.br\/redetrans\/wp-json\/wp\/v2\/posts\/109\/revisions"}],"predecessor-version":[{"id":2655,"href":"https:\/\/redelog.rj.gov.br\/redetrans\/wp-json\/wp\/v2\/posts\/109\/revisions\/2655"}],"wp:attachment":[{"href":"https:\/\/redelog.rj.gov.br\/redetrans\/wp-json\/wp\/v2\/media?parent=109"}],"wp:term":[{"taxonomy":"category","embeddable":true,"href":"https:\/\/redelog.rj.gov.br\/redetrans\/wp-json\/wp\/v2\/categories?post=109"},{"taxonomy":"post_tag","embeddable":true,"href":"https:\/\/redelog.rj.gov.br\/redetrans\/wp-json\/wp\/v2\/tags?post=109"}],"curies":[{"name":"wp","href":"https:\/\/api.w.org\/{rel}","templated":true}]}}