{"id":108,"date":"2022-04-01T17:00:29","date_gmt":"2022-04-01T20:00:29","guid":{"rendered":"http:\/\/redelog.rj.gov.br\/redetrans\/?p=108"},"modified":"2023-08-24T13:16:43","modified_gmt":"2023-08-24T16:16:43","slug":"atribuicoes-de-condutores","status":"publish","type":"post","link":"https:\/\/redelog.rj.gov.br\/redetrans\/atribuicoes-de-condutores\/","title":{"rendered":"ATRIBUI\u00c7\u00d5ES DE CONDUTORES"},"content":{"rendered":"\t\t<div data-elementor-type=\"wp-post\" data-elementor-id=\"108\" class=\"elementor elementor-108\" data-elementor-post-type=\"post\">\n\t\t\t\t\t\t<section class=\"elementor-section elementor-top-section elementor-element elementor-element-ac16051 elementor-section-boxed elementor-section-height-default elementor-section-height-default\" data-id=\"ac16051\" data-element_type=\"section\" data-settings=\"{&quot;jet_parallax_layout_list&quot;:[]}\">\n\t\t\t\t\t\t<div class=\"elementor-container elementor-column-gap-default\">\n\t\t\t\t\t<div class=\"elementor-column elementor-col-100 elementor-top-column elementor-element elementor-element-e348550\" data-id=\"e348550\" data-element_type=\"column\">\n\t\t\t<div class=\"elementor-widget-wrap elementor-element-populated\">\n\t\t\t\t\t\t<div class=\"elementor-element elementor-element-a3469bd elementor-widget-divider--view-line elementor-widget elementor-widget-divider\" data-id=\"a3469bd\" data-element_type=\"widget\" data-widget_type=\"divider.default\">\n\t\t\t\t<div class=\"elementor-widget-container\">\n\t\t\t\t\t\t\t<div class=\"elementor-divider\">\n\t\t\t<span class=\"elementor-divider-separator\">\n\t\t\t\t\t\t<\/span>\n\t\t<\/div>\n\t\t\t\t\t\t<\/div>\n\t\t\t\t<\/div>\n\t\t\t\t<div class=\"elementor-element elementor-element-afb0ffc elementor-widget elementor-widget-image\" data-id=\"afb0ffc\" data-element_type=\"widget\" data-widget_type=\"image.default\">\n\t\t\t\t<div class=\"elementor-widget-container\">\n\t\t\t\t\t\t\t\t\t\t\t\t\t\t\t<img fetchpriority=\"high\" decoding=\"async\" width=\"494\" height=\"313\" src=\"https:\/\/redelog.rj.gov.br\/redetrans\/wp-content\/uploads\/2022\/04\/o.png\" class=\"attachment-large size-large wp-image-1499\" alt=\"\" srcset=\"https:\/\/redelog.rj.gov.br\/redetrans\/wp-content\/uploads\/2022\/04\/o.png 494w, https:\/\/redelog.rj.gov.br\/redetrans\/wp-content\/uploads\/2022\/04\/o-300x190.png 300w\" sizes=\"(max-width: 494px) 100vw, 494px\" \/>\t\t\t\t\t\t\t\t\t\t\t\t\t\t\t<\/div>\n\t\t\t\t<\/div>\n\t\t\t\t<div class=\"elementor-element elementor-element-8b7cdde elementor-widget elementor-widget-spacer\" data-id=\"8b7cdde\" data-element_type=\"widget\" data-widget_type=\"spacer.default\">\n\t\t\t\t<div class=\"elementor-widget-container\">\n\t\t\t\t\t\t\t<div class=\"elementor-spacer\">\n\t\t\t<div class=\"elementor-spacer-inner\"><\/div>\n\t\t<\/div>\n\t\t\t\t\t\t<\/div>\n\t\t\t\t<\/div>\n\t\t\t\t<div class=\"elementor-element elementor-element-e712614 elementor-widget elementor-widget-text-editor\" data-id=\"e712614\" data-element_type=\"widget\" data-widget_type=\"text-editor.default\">\n\t\t\t\t<div class=\"elementor-widget-container\">\n\t\t\t\t\t\t\t\t\t<p><span data-contrast=\"auto\">Sobre as atribui\u00e7\u00f5es dos Condutores, destacamos as partes transcritas abaixo do <strong><a href=\"https:\/\/redelog.rj.gov.br\/redelog\/decreto-estadual-no-47298\/\">Decreto n\u00ba47.298<\/a> <\/strong>de 01 de outubro de 2020:<\/span><span data-ccp-props=\"{&quot;201341983&quot;:0,&quot;335551550&quot;:6,&quot;335551620&quot;:6,&quot;335559739&quot;:160,&quot;335559740&quot;:360}\">\u00a0<\/span><\/p><p><em>Art. 23 \u2013 Somente poder\u00e3o conduzir ve\u00edculos pertencentes \u00e0 frota estadual os condutores devidamente credenciados pela autoridade m\u00e1xima do \u00f3rg\u00e3o ou entidade de cada \u00f3rg\u00e3o ou entidade.\u00a0<\/em><\/p><p><em>\u00a0Art. 24 \u2013 Os condutores s\u00e3o os respons\u00e1veis pelos seus respectivos ve\u00edculos desde o recebimento da chave at\u00e9 a devolu\u00e7\u00e3o dos mesmos \u00e0 garagem ou local designado pelo Gestor de Transportes.\u00a0<\/em><\/p><p><em>\u00a0Art. 25 &#8211; Os condutores dever\u00e3o portar obrigatoriamente os seguintes documentos:\u00a0<\/em><\/p><p><em>\u00a0I &#8211; Carteira Nacional de Habilita\u00e7\u00e3o &#8211; CNH ou Permiss\u00e3o para Dirigir, compat\u00edveis com as categorias definidas no art. 143 do CTB;\u00a0<\/em><\/p><p><em>\u00a0II &#8211; Certificado de Registro e Licenciamento de Ve\u00edculo \u2014 CRLV atualizado; <\/em><\/p><p><em>III \u2013 Boletim de Transporte \u2013 BDT (ou aplicativo espec\u00edfico) devidamente preenchido e atualizado; e\u00a0<\/em><\/p><p><em>\u00a0IV \u2013 No caso de o ve\u00edculo n\u00e3o ser pr\u00f3prio, c\u00f3pia do documento que ateste a loca\u00e7\u00e3o, comodato ou cess\u00e3o conforme o caso.\u00a0<\/em><\/p><p><em>\u00a0Art. 26 &#8211; O condutor de ve\u00edculo que se envolver em acidente de tr\u00e2nsito dever\u00e1 adotar os procedimentos previstos no C\u00f3digo de Tr\u00e2nsito Brasileiro, registrando no BDT as informa\u00e7\u00f5es sobre o sinistro, devendo, adicionalmente, informar imediatamente ao Gestor de Transportes sobre o ocorrido.\u00a0<\/em><\/p><p><em>Par\u00e1grafo \u00danico &#8211; Em caso de acidente provocado por condutor n\u00e3o autorizado, responder\u00e3o tamb\u00e9m pelos danos causados, sem preju\u00edzo das san\u00e7\u00f5es disciplinares previstas no Estatuto dos Funcion\u00e1rios P\u00fablicos Civis do Poder Executivo do Estado do Rio de Janeiro ou nos Estatutos dos Policiais Militares e dos Bombeiros Militares, os seguintes servidores:\u00a0<\/em><\/p><p><em>\u00a0I \u2013 o condutor credenciado ou designado respons\u00e1vel pelo ve\u00edculo que tiver cedido a dire\u00e7\u00e3o \u00e0 pessoa n\u00e3o autorizada; ou\u00a0<\/em><\/p><p><em>\u00a0II \u2013 o servidor que tiver autorizado a entrega da dire\u00e7\u00e3o do ve\u00edculo \u00e0 pessoa n\u00e3o autorizada na forma deste Decreto.\u00a0<\/em><\/p><p><em>\u00a0Art. 27 \u2013 O condutor do ve\u00edculo ser\u00e1 respons\u00e1vel pelas infra\u00e7\u00f5es de tr\u00e2nsito que cometer, bem como pelos danos materiais e morais causados a terceiros, cabendo a cada \u00f3rg\u00e3o ou entidade executar os procedimentos de:\u00a0<\/em><\/p><p><em>\u00a0I &#8211; verifica\u00e7\u00e3o de responsabilidade;\u00a0<\/em><\/p><p><em>\u00a0II &#8211; registro do real infrator junto ao \u00f3rg\u00e3o autuador; e \u00a0<\/em><\/p><p><em>III &#8211; ressarcimento aos cofres p\u00fablicos do valor devido.\u00a0<\/em><\/p>\t\t\t\t\t\t\t\t<\/div>\n\t\t\t\t<\/div>\n\t\t\t\t<div class=\"elementor-element elementor-element-5610562 elementor-widget-divider--view-line elementor-widget elementor-widget-divider\" data-id=\"5610562\" data-element_type=\"widget\" data-widget_type=\"divider.default\">\n\t\t\t\t<div class=\"elementor-widget-container\">\n\t\t\t\t\t\t\t<div class=\"elementor-divider\">\n\t\t\t<span class=\"elementor-divider-separator\">\n\t\t\t\t\t\t<\/span>\n\t\t<\/div>\n\t\t\t\t\t\t<\/div>\n\t\t\t\t<\/div>\n\t\t\t\t<section class=\"elementor-section elementor-inner-section elementor-element elementor-element-64c5dba elementor-section-boxed elementor-section-height-default elementor-section-height-default\" data-id=\"64c5dba\" data-element_type=\"section\" data-settings=\"{&quot;jet_parallax_layout_list&quot;:[]}\">\n\t\t\t\t\t\t<div class=\"elementor-container elementor-column-gap-default\">\n\t\t\t\t\t<div class=\"elementor-column elementor-col-50 elementor-inner-column elementor-element elementor-element-13eeaa4\" data-id=\"13eeaa4\" data-element_type=\"column\">\n\t\t\t<div class=\"elementor-widget-wrap elementor-element-populated\">\n\t\t\t\t\t\t<div class=\"elementor-element elementor-element-8e2c4bf elementor-widget elementor-widget-text-editor\" data-id=\"8e2c4bf\" data-element_type=\"widget\" data-widget_type=\"text-editor.default\">\n\t\t\t\t<div class=\"elementor-widget-container\">\n\t\t\t\t\t\t\t\t\t<p><strong><a href=\"https:\/\/redelog.rj.gov.br\/redetrans\/gestao-de-transporte\/\">\u2190 Gest\u00e3o de Transporte<\/a><\/strong><\/p>\t\t\t\t\t\t\t\t<\/div>\n\t\t\t\t<\/div>\n\t\t\t\t\t<\/div>\n\t\t<\/div>\n\t\t\t\t<div class=\"elementor-column elementor-col-50 elementor-inner-column elementor-element elementor-element-553bc59\" data-id=\"553bc59\" data-element_type=\"column\">\n\t\t\t<div class=\"elementor-widget-wrap elementor-element-populated\">\n\t\t\t\t\t\t<div class=\"elementor-element elementor-element-602dcf7 elementor-widget elementor-widget-text-editor\" data-id=\"602dcf7\" data-element_type=\"widget\" data-widget_type=\"text-editor.default\">\n\t\t\t\t<div class=\"elementor-widget-container\">\n\t\t\t\t\t\t\t\t\t<p style=\"text-align: right;\"><a href=\"https:\/\/redelog.rj.gov.br\/redetrans\/atribuicoes-dos-gestores-de-transportes\/\"><strong>Atribui\u00e7\u00f5es dos Gestores de Transportes \u2192<\/strong><\/a><\/p>\t\t\t\t\t\t\t\t<\/div>\n\t\t\t\t<\/div>\n\t\t\t\t\t<\/div>\n\t\t<\/div>\n\t\t\t\t\t<\/div>\n\t\t<\/section>\n\t\t\t\t<div class=\"elementor-element elementor-element-5cbbf2d elementor-widget elementor-widget-shortcode\" data-id=\"5cbbf2d\" data-element_type=\"widget\" data-widget_type=\"shortcode.default\">\n\t\t\t\t<div class=\"elementor-widget-container\">\n\t\t\t\t\t\t\t<div class=\"elementor-shortcode\"><div class='printomatic pom-default ' id='id8476' alt='Imprimir' title='Imprimir' data-print_target='article'><\/div> <div class='printomatictext' id='id8476' alt='Imprimir' title='Imprimir' data-print_target='article'>Imprimir<\/div><div style='clear: both;'><\/div><\/div>\n\t\t\t\t\t\t<\/div>\n\t\t\t\t<\/div>\n\t\t\t\t\t<\/div>\n\t\t<\/div>\n\t\t\t\t\t<\/div>\n\t\t<\/section>\n\t\t\t\t<\/div>\n\t\t","protected":false},"excerpt":{"rendered":"<p>Sobre as atribui\u00e7\u00f5es dos Condutores, destacamos as partes transcritas abaixo do Decreto n\u00ba47.298 de 01 de outubro de 2020:\u00a0 Art. 23 \u2013 Somente poder\u00e3o conduzir ve\u00edculos pertencentes \u00e0 frota estadual os condutores devidamente credenciados pela autoridade m\u00e1xima do \u00f3rg\u00e3o ou entidade de cada \u00f3rg\u00e3o ou entidade.\u00a0 \u00a0Art. 24 \u2013 Os condutores s\u00e3o os respons\u00e1veis pelos [&hellip;]<\/p>\n","protected":false},"author":1,"featured_media":0,"comment_status":"closed","ping_status":"open","sticky":false,"template":"","format":"standard","meta":{"footnotes":""},"categories":[22],"tags":[],"class_list":["post-108","post","type-post","status-publish","format-standard","hentry","category-base-conhecimentos-cat"],"_links":{"self":[{"href":"https:\/\/redelog.rj.gov.br\/redetrans\/wp-json\/wp\/v2\/posts\/108","targetHints":{"allow":["GET"]}}],"collection":[{"href":"https:\/\/redelog.rj.gov.br\/redetrans\/wp-json\/wp\/v2\/posts"}],"about":[{"href":"https:\/\/redelog.rj.gov.br\/redetrans\/wp-json\/wp\/v2\/types\/post"}],"author":[{"embeddable":true,"href":"https:\/\/redelog.rj.gov.br\/redetrans\/wp-json\/wp\/v2\/users\/1"}],"replies":[{"embeddable":true,"href":"https:\/\/redelog.rj.gov.br\/redetrans\/wp-json\/wp\/v2\/comments?post=108"}],"version-history":[{"count":59,"href":"https:\/\/redelog.rj.gov.br\/redetrans\/wp-json\/wp\/v2\/posts\/108\/revisions"}],"predecessor-version":[{"id":1934,"href":"https:\/\/redelog.rj.gov.br\/redetrans\/wp-json\/wp\/v2\/posts\/108\/revisions\/1934"}],"wp:attachment":[{"href":"https:\/\/redelog.rj.gov.br\/redetrans\/wp-json\/wp\/v2\/media?parent=108"}],"wp:term":[{"taxonomy":"category","embeddable":true,"href":"https:\/\/redelog.rj.gov.br\/redetrans\/wp-json\/wp\/v2\/categories?post=108"},{"taxonomy":"post_tag","embeddable":true,"href":"https:\/\/redelog.rj.gov.br\/redetrans\/wp-json\/wp\/v2\/tags?post=108"}],"curies":[{"name":"wp","href":"https:\/\/api.w.org\/{rel}","templated":true}]}}