{"id":9905,"date":"2022-01-16T10:29:42","date_gmt":"2022-01-16T13:29:42","guid":{"rendered":"http:\/\/10.11.80.6\/redelog\/?p=9905"},"modified":"2024-12-09T11:44:09","modified_gmt":"2024-12-09T14:44:09","slug":"resolucao-seplag-95","status":"publish","type":"post","link":"https:\/\/redelog.rj.gov.br\/redelog\/resolucao-seplag-95\/","title":{"rendered":"RESOLU\u00c7\u00c3O SEPLAG N\u00ba 95, DE 06 DE JANEIRO DE 2022"},"content":{"rendered":"\t\t<div data-elementor-type=\"wp-post\" data-elementor-id=\"9905\" class=\"elementor elementor-9905\" data-elementor-post-type=\"post\">\n\t\t\t\t\t\t<section class=\"elementor-section elementor-top-section elementor-element elementor-element-54679bb elementor-section-boxed elementor-section-height-default elementor-section-height-default\" data-id=\"54679bb\" data-element_type=\"section\" data-settings=\"{&quot;jet_parallax_layout_list&quot;:[{&quot;jet_parallax_layout_image&quot;:{&quot;url&quot;:&quot;&quot;,&quot;id&quot;:&quot;&quot;,&quot;size&quot;:&quot;&quot;},&quot;_id&quot;:&quot;17d107f&quot;,&quot;jet_parallax_layout_image_tablet&quot;:{&quot;url&quot;:&quot;&quot;,&quot;id&quot;:&quot;&quot;,&quot;size&quot;:&quot;&quot;},&quot;jet_parallax_layout_image_mobile&quot;:{&quot;url&quot;:&quot;&quot;,&quot;id&quot;:&quot;&quot;,&quot;size&quot;:&quot;&quot;},&quot;jet_parallax_layout_speed&quot;:{&quot;unit&quot;:&quot;%&quot;,&quot;size&quot;:50,&quot;sizes&quot;:[]},&quot;jet_parallax_layout_type&quot;:&quot;scroll&quot;,&quot;jet_parallax_layout_direction&quot;:&quot;1&quot;,&quot;jet_parallax_layout_fx_direction&quot;:null,&quot;jet_parallax_layout_z_index&quot;:&quot;&quot;,&quot;jet_parallax_layout_bg_x&quot;:50,&quot;jet_parallax_layout_bg_x_tablet&quot;:&quot;&quot;,&quot;jet_parallax_layout_bg_x_mobile&quot;:&quot;&quot;,&quot;jet_parallax_layout_bg_y&quot;:50,&quot;jet_parallax_layout_bg_y_tablet&quot;:&quot;&quot;,&quot;jet_parallax_layout_bg_y_mobile&quot;:&quot;&quot;,&quot;jet_parallax_layout_bg_size&quot;:&quot;auto&quot;,&quot;jet_parallax_layout_bg_size_tablet&quot;:&quot;&quot;,&quot;jet_parallax_layout_bg_size_mobile&quot;:&quot;&quot;,&quot;jet_parallax_layout_animation_prop&quot;:&quot;transform&quot;,&quot;jet_parallax_layout_on&quot;:[&quot;desktop&quot;,&quot;tablet&quot;]}]}\">\n\t\t\t\t\t\t<div class=\"elementor-container elementor-column-gap-default\">\n\t\t\t\t\t<div class=\"elementor-column elementor-col-100 elementor-top-column elementor-element elementor-element-abe6abd\" data-id=\"abe6abd\" data-element_type=\"column\">\n\t\t\t<div class=\"elementor-widget-wrap elementor-element-populated\">\n\t\t\t\t\t\t<section class=\"elementor-section elementor-inner-section elementor-element elementor-element-e54ab34 elementor-section-boxed elementor-section-height-default elementor-section-height-default\" data-id=\"e54ab34\" data-element_type=\"section\" data-settings=\"{&quot;jet_parallax_layout_list&quot;:[{&quot;jet_parallax_layout_image&quot;:{&quot;url&quot;:&quot;&quot;,&quot;id&quot;:&quot;&quot;,&quot;size&quot;:&quot;&quot;},&quot;_id&quot;:&quot;b8c0cc7&quot;,&quot;jet_parallax_layout_image_tablet&quot;:{&quot;url&quot;:&quot;&quot;,&quot;id&quot;:&quot;&quot;,&quot;size&quot;:&quot;&quot;},&quot;jet_parallax_layout_image_mobile&quot;:{&quot;url&quot;:&quot;&quot;,&quot;id&quot;:&quot;&quot;,&quot;size&quot;:&quot;&quot;},&quot;jet_parallax_layout_speed&quot;:{&quot;unit&quot;:&quot;%&quot;,&quot;size&quot;:50,&quot;sizes&quot;:[]},&quot;jet_parallax_layout_type&quot;:&quot;scroll&quot;,&quot;jet_parallax_layout_direction&quot;:&quot;1&quot;,&quot;jet_parallax_layout_fx_direction&quot;:null,&quot;jet_parallax_layout_z_index&quot;:&quot;&quot;,&quot;jet_parallax_layout_bg_x&quot;:50,&quot;jet_parallax_layout_bg_x_tablet&quot;:&quot;&quot;,&quot;jet_parallax_layout_bg_x_mobile&quot;:&quot;&quot;,&quot;jet_parallax_layout_bg_y&quot;:50,&quot;jet_parallax_layout_bg_y_tablet&quot;:&quot;&quot;,&quot;jet_parallax_layout_bg_y_mobile&quot;:&quot;&quot;,&quot;jet_parallax_layout_bg_size&quot;:&quot;auto&quot;,&quot;jet_parallax_layout_bg_size_tablet&quot;:&quot;&quot;,&quot;jet_parallax_layout_bg_size_mobile&quot;:&quot;&quot;,&quot;jet_parallax_layout_animation_prop&quot;:&quot;transform&quot;,&quot;jet_parallax_layout_on&quot;:[&quot;desktop&quot;,&quot;tablet&quot;]}]}\">\n\t\t\t\t\t\t<div class=\"elementor-container elementor-column-gap-default\">\n\t\t\t\t\t<div class=\"elementor-column elementor-col-50 elementor-inner-column elementor-element elementor-element-265154f\" data-id=\"265154f\" data-element_type=\"column\">\n\t\t\t<div class=\"elementor-widget-wrap\">\n\t\t\t\t\t\t\t<\/div>\n\t\t<\/div>\n\t\t\t\t<div class=\"elementor-column elementor-col-50 elementor-inner-column elementor-element elementor-element-5f9f038\" data-id=\"5f9f038\" data-element_type=\"column\">\n\t\t\t<div class=\"elementor-widget-wrap elementor-element-populated\">\n\t\t\t\t\t\t<div class=\"elementor-element elementor-element-c6fae6f elementor-widget elementor-widget-text-editor\" data-id=\"c6fae6f\" data-element_type=\"widget\" data-widget_type=\"text-editor.default\">\n\t\t\t\t\t\t\t\t\t<p style=\"text-align: justify;\"><del><strong>ESTABELECE AS ATRIBUI\u00c7\u00d5ES DOS GESTORES E AUXILIARES DE TRANSPORTES DOS \u00d3RG\u00c3OS E ENTIDADES PARTICIPANTES DO SISTEMA DE GOVERNAN\u00c7A E GEST\u00c3O DE TRANSPORTES &#8211; SIGETRANSP.<\/strong><\/del><\/p>\t\t\t\t\t\t\t\t<\/div>\n\t\t\t\t\t<\/div>\n\t\t<\/div>\n\t\t\t\t\t<\/div>\n\t\t<\/section>\n\t\t\t\t\t<\/div>\n\t\t<\/div>\n\t\t\t\t\t<\/div>\n\t\t<\/section>\n\t\t\t\t<section class=\"elementor-section elementor-top-section elementor-element elementor-element-c85a434 elementor-section-boxed elementor-section-height-default elementor-section-height-default\" data-id=\"c85a434\" data-element_type=\"section\" data-settings=\"{&quot;jet_parallax_layout_list&quot;:[{&quot;jet_parallax_layout_image&quot;:{&quot;url&quot;:&quot;&quot;,&quot;id&quot;:&quot;&quot;,&quot;size&quot;:&quot;&quot;},&quot;_id&quot;:&quot;e6bbb1d&quot;,&quot;jet_parallax_layout_image_tablet&quot;:{&quot;url&quot;:&quot;&quot;,&quot;id&quot;:&quot;&quot;,&quot;size&quot;:&quot;&quot;},&quot;jet_parallax_layout_image_mobile&quot;:{&quot;url&quot;:&quot;&quot;,&quot;id&quot;:&quot;&quot;,&quot;size&quot;:&quot;&quot;},&quot;jet_parallax_layout_speed&quot;:{&quot;unit&quot;:&quot;%&quot;,&quot;size&quot;:50,&quot;sizes&quot;:[]},&quot;jet_parallax_layout_type&quot;:&quot;scroll&quot;,&quot;jet_parallax_layout_direction&quot;:&quot;1&quot;,&quot;jet_parallax_layout_fx_direction&quot;:null,&quot;jet_parallax_layout_z_index&quot;:&quot;&quot;,&quot;jet_parallax_layout_bg_x&quot;:50,&quot;jet_parallax_layout_bg_x_tablet&quot;:&quot;&quot;,&quot;jet_parallax_layout_bg_x_mobile&quot;:&quot;&quot;,&quot;jet_parallax_layout_bg_y&quot;:50,&quot;jet_parallax_layout_bg_y_tablet&quot;:&quot;&quot;,&quot;jet_parallax_layout_bg_y_mobile&quot;:&quot;&quot;,&quot;jet_parallax_layout_bg_size&quot;:&quot;auto&quot;,&quot;jet_parallax_layout_bg_size_tablet&quot;:&quot;&quot;,&quot;jet_parallax_layout_bg_size_mobile&quot;:&quot;&quot;,&quot;jet_parallax_layout_animation_prop&quot;:&quot;transform&quot;,&quot;jet_parallax_layout_on&quot;:[&quot;desktop&quot;,&quot;tablet&quot;]}]}\">\n\t\t\t\t\t\t<div class=\"elementor-container elementor-column-gap-default\">\n\t\t\t\t\t<div class=\"elementor-column elementor-col-100 elementor-top-column elementor-element elementor-element-48728cc\" data-id=\"48728cc\" data-element_type=\"column\">\n\t\t\t<div class=\"elementor-widget-wrap elementor-element-populated\">\n\t\t\t\t\t\t<div class=\"elementor-element elementor-element-29385b0 elementor-widget elementor-widget-text-editor\" data-id=\"29385b0\" data-element_type=\"widget\" data-widget_type=\"text-editor.default\">\n\t\t\t\t\t\t\t\t\t<p class=\"Texto_Justificado_Recuo_Primeira_Linha\"><del><strong>O SECRET\u00c1RIO DE ESTADO DE PLANEJAMENTO E GEST\u00c3O<\/strong>, no uso das atribui\u00e7\u00f5es legais, tendo em vista o disposto no Decreto n\u00ba 47.298, de 02 de outubro de 2020, e o disposto no Processo n.\u00ba SEI-120001\/008499\/2021.<\/del><\/p><p class=\"Texto_Justificado_Recuo_Primeira_Linha\"><del><strong>CONSIDERANDO<\/strong>:<\/del><\/p><p class=\"Texto_Justificado_Recuo_Primeira_Linha\"><del>&#8211; art. 145, VI, al\u00ednea \u201ca\u201d, da Constitui\u00e7\u00e3o do Estado do Rio de Janeiro;<\/del><\/p><p class=\"Texto_Justificado_Recuo_Primeira_Linha\"><del>&#8211; as orienta\u00e7\u00f5es contidas no art. 22, do Decreto Estadual n\u00ba 47.298, de 02 de outubro de 2020;<\/del><\/p><p class=\"Texto_Justificado_Recuo_Primeira_Linha\"><del>&#8211; a necessidade de a Administra\u00e7\u00e3o P\u00fablica dispor de uma gest\u00e3o eficiente de transportes tendo como diretrizes o apoio permanente \u00e0 execu\u00e7\u00e3o de suas atividades, o emprego racional de seus meios e a redu\u00e7\u00e3o de despesas;<\/del><\/p><p class=\"Texto_Justificado_Recuo_Primeira_Linha\"><del>&#8211; a necessidade de regulamentar procedimentos e rotinas para a gest\u00e3o eficiente da frota de ve\u00edculos automotores;<\/del><\/p><p class=\"Texto_Justificado_Recuo_Primeira_Linha\"><del>&#8211; a natureza log\u00edstica das atividades de transporte, que constituem meio necess\u00e1rio para a realiza\u00e7\u00e3o de outras atividades;<\/del><\/p><p class=\"Texto_Justificado_Recuo_Primeira_Linha\"><del>&#8211; o alcance do Sistema Log\u00edstico do Estado do Rio de Janeiro &#8211; SISLOG, institu\u00eddo pelo Decreto Estadual n\u00ba 42.092, de 27 de outubro de 2009, a quem compete planejar, regulamentar, supervisionar, coordenar, promover, manter e acompanhar as atividades log\u00edsticas necess\u00e1rias ao funcionamento dos \u00d3rg\u00e3os e Entidades do Poder Executivo do Estado do Rio de Janeiro;<\/del><\/p><p class=\"Texto_Justificado_Recuo_Primeira_Linha\"><del><strong>RESOLVE:<\/strong><\/del><\/p><p class=\"Tabela_Texto_Centralizado\" style=\"text-align: center;\"><del><strong>Cap\u00edtulo I<\/strong><\/del><\/p><p class=\"Tabela_Texto_Centralizado\" style=\"text-align: center;\"><del><strong>DAS DISPOSI\u00c7\u00d5ES GERAIS<\/strong><\/del><\/p><p class=\"Texto_Justificado_Recuo_Primeira_Linha\"><del><strong>Art. 1\u00ba\u00a0&#8211;<\/strong>\u00a0Esta Resolu\u00e7\u00e3o estabelece as atribui\u00e7\u00f5es e compet\u00eancias dos gestores e auxiliares de transportes dos \u00d3rg\u00e3os e Entidades participantes do Sistema de Governan\u00e7a e Gest\u00e3o de Transportes \u2013 SIGETRANSP.<\/del><\/p><p class=\"Texto_Justificado_Recuo_Primeira_Linha\"><del><strong>Par\u00e1grafo \u00danico<\/strong>\u00a0&#8211; O disposto nesta Resolu\u00e7\u00e3o aplica-se aos \u00d3rg\u00e3os e Entidades participantes do SIGETRANSP, definidos nos termos do artigo 3\u00ba do Decreto n\u00ba 47.298, de 02 de outubro de 2020.<\/del><\/p><p class=\"Texto_Justificado_Recuo_Primeira_Linha\"><del><strong>Art. 2\u00ba<\/strong>\u00a0&#8211; A atua\u00e7\u00e3o dos \u00d3rg\u00e3os e Entidades participantes do SIGETRANSP\u00a0e dos respectivos Gestores e Auxiliares de Transportes dever\u00e1 orientar-se\u00a0pelos seguintes princ\u00edpios:\u00a0<\/del><\/p><p class=\"Texto_Justificado_Recuo_Primeira_Linha\"><del><strong>I &#8211;<\/strong>\u00a0Efici\u00eancia, Efic\u00e1cia e Efetividade na presta\u00e7\u00e3o de servi\u00e7o de transportes\u00a0e na execu\u00e7\u00e3o da manuten\u00e7\u00e3o da frota de ve\u00edculos;\u00a0<\/del><\/p><p class=\"Texto_Justificado_Recuo_Primeira_Linha\"><del><strong>II\u00a0<\/strong>&#8211; Seguran\u00e7a na execu\u00e7\u00e3o das atividades de transporte e manuten\u00e7\u00e3o;\u00a0<\/del><\/p><p class=\"Texto_Justificado_Recuo_Primeira_Linha\"><del><strong>III<\/strong>\u00a0&#8211; Economicidade, de forma a evitar custos de transporte, combust\u00edvel\u00a0e manuten\u00e7\u00e3o desnecess\u00e1rios;\u00a0<\/del><\/p><p class=\"Texto_Justificado_Recuo_Primeira_Linha\"><del><strong>IV<\/strong>\u00a0&#8211; Finalidade, por meio do uso de transportes somente para as atividades\u00a0relacionadas ao desempenho da fun\u00e7\u00e3o p\u00fablica, sendo\u00a0vedado\u00a0o uso para fins pessoais;\u00a0<\/del><\/p><p class=\"Texto_Justificado_Recuo_Primeira_Linha\"><del><strong>V\u00a0<\/strong>&#8211; Disponibilidade, atrav\u00e9s da busca incessante por manter em condi\u00e7\u00f5es\u00a0de uso o maior n\u00famero poss\u00edvel de ve\u00edculos, contribuindo para\u00a0continuidade da presta\u00e7\u00e3o de servi\u00e7os de transporte; e\u00a0<\/del><\/p><p class=\"Texto_Justificado_Recuo_Primeira_Linha\"><del><strong>VI<\/strong>\u00a0&#8211; Sustentabilidade, por interm\u00e9dio do est\u00edmulo \u00e0 implementa\u00e7\u00e3o de\u00a0solu\u00e7\u00f5es sustent\u00e1veis afetas \u00e0s atividades de transporte e manuten\u00e7\u00e3o,\u00a0sempre que sejam adequadas, exequ\u00edveis, de boa aceitabilidade\u00a0e economicamente vantajosas.<\/del><\/p><p class=\"Tabela_Texto_Centralizado\" style=\"text-align: center;\"><del><strong>Cap\u00edtulo II<\/strong><\/del><\/p><p class=\"Tabela_Texto_Centralizado\" style=\"text-align: center;\"><del><strong>DAS DEFINI\u00c7\u00d5ES<\/strong><\/del><\/p><p class=\"Texto_Justificado_Recuo_Primeira_Linha\"><del><strong>Art. 3\u00ba<\/strong>\u00a0&#8211; Para fins desta Resolu\u00e7\u00e3o, consideram-se:<\/del><\/p><p class=\"Texto_Justificado_Recuo_Primeira_Linha\"><del>I \u2013 Gestor de Transportes: Servidor competente para tratar junto ao \u00d3rg\u00e3o Central sobre os assuntos relativos \u00e0\u00a0gest\u00e3o de transportes.<\/del><\/p><p class=\"Texto_Justificado_Recuo_Primeira_Linha\"><del>II \u2013 Auxiliar de Transportes: Servidor designado para auxiliar o Gestor de Transportes nos assuntos relacionados \u00e0 gest\u00e3o de transportes.<\/del><\/p><p class=\"Texto_Justificado_Recuo_Primeira_Linha\"><del>III &#8211; Rede de Gerenciadores de Transportes Oficiais \u2013\u00a0REDETRANS: rede que facilita a aplica\u00e7\u00e3o das diretrizes e o uso padronizado dos procedimentos relativos \u00e0s atividades de gest\u00e3o de frotas e de combust\u00edveis, na forma do Decreto n\u00ba 44.500, de 29 de novembro de 2013.<\/del><\/p><p class=\"Tabela_Texto_Centralizado\" style=\"text-align: center;\"><del><strong>Cap\u00edtulo III<\/strong><\/del><\/p><p class=\"Tabela_Texto_Centralizado\" style=\"text-align: center;\"><del><strong>DAS DESIGNA\u00c7\u00d5ES<\/strong><\/del><\/p><p class=\"Texto_Justificado_Recuo_Primeira_Linha\"><del><strong>Art. 4\u00ba<\/strong>\u00a0&#8211; Todo \u00d3rg\u00e3o ou Entidade participante do SIGETRANSP dever\u00e1\u00a0designar servidor para a fun\u00e7\u00e3o\u00a0de Gestor de Transportes, com\u00a0seu respectivo suplente e, quando necess\u00e1rio, designar um ou mais\u00a0servidores para a fun\u00e7\u00e3o de Auxiliar de Transportes.<\/del><\/p><p class=\"Texto_Justificado_Recuo_Primeira_Linha\"><del><strong>Art. 5\u00ba<\/strong>\u00a0&#8211; A designa\u00e7\u00e3o de que trata o artigo 4\u00ba desta Resolu\u00e7\u00e3o ser\u00e1 realizada pela Autoridade Competente do \u00d3rg\u00e3o ou Entidade e encaminhada\u00a0atrav\u00e9s do Sistema Eletr\u00f4nico de Informa\u00e7\u00f5es \u2013 SEI-RJ para o \u00d3rg\u00e3o Central do Sistema Log\u00edstico.\u00a0<\/del><\/p><p class=\"Tabela_Texto_Centralizado\" style=\"text-align: center;\"><del><strong>Cap\u00edtulo IV<\/strong><\/del><\/p><p class=\"Tabela_Texto_Centralizado\" style=\"text-align: center;\"><del><strong>DAS ATRIBUI\u00c7\u00d5ES E COMPET\u00caNCIAS<\/strong><\/del><\/p><p class=\"Texto_Justificado_Recuo_Primeira_Linha\"><del><strong>Art. 6\u00ba<\/strong>\u00a0&#8211; Compete aos Gestores de Transportes:<\/del><\/p><p class=\"Texto_Justificado_Recuo_Primeira_Linha\"><del><strong>I &#8211;<\/strong>\u00a0Relativamente aos ve\u00edculos integrantes da frota estadual:<\/del><\/p><p class=\"Texto_Justificado_Recuo_Primeira_Linha\"><del><strong>a)<\/strong>\u00a0realizar a gest\u00e3o do uso, da guarda, da manuten\u00e7\u00e3o e da conserva\u00e7\u00e3o\u00a0dos ve\u00edculos de sua frota;\u00a0<\/del><\/p><p class=\"Texto_Justificado_Recuo_Primeira_Linha\"><del><strong>b)<\/strong>\u00a0manter atualizados e organizados a documenta\u00e7\u00e3o e os registros\u00a0dos ve\u00edculos e dos motoristas credenciados;<\/del><\/p><p class=\"Texto_Justificado_Recuo_Primeira_Linha\"><del><strong>c)<\/strong>\u00a0providenciar para que os ve\u00edculos satisfa\u00e7am as condi\u00e7\u00f5es t\u00e9cnicas\u00a0e os requisitos de seguran\u00e7a exigidos em lei ou regulamento;<\/del><\/p><p class=\"Texto_Justificado_Recuo_Primeira_Linha\"><del><strong>d)<\/strong>\u00a0realizar as gest\u00f5es cab\u00edveis para encaminhamento dos ve\u00edculos\u00a0pr\u00f3prios, sob sua responsabilidade, para manuten\u00e7\u00e3o, sempre que necess\u00e1rio;<\/del><\/p><p class=\"Texto_Justificado_Recuo_Primeira_Linha\"><del><strong>e)<\/strong>\u00a0manter atualizados e organizados os registros de manuten\u00e7\u00e3o executados\u00a0nos ve\u00edculos pr\u00f3prios sob sua responsabilidade;<\/del><\/p><p class=\"Texto_Justificado_Recuo_Primeira_Linha\"><del><strong>f)<\/strong>\u00a0fiscalizar para que os ve\u00edculos somente sejam autorizados a trafegar\u00a0com a documenta\u00e7\u00e3o exigida pelos \u00f3rg\u00e3os competentes e apresentando\u00a0boas condi\u00e7\u00f5es de funcionamento dos equipamentos de uso\u00a0obrigat\u00f3rio;<\/del><\/p><p class=\"Texto_Justificado_Recuo_Primeira_Linha\"><del><strong>g)<\/strong>\u00a0coordenar as solicita\u00e7\u00f5es e a utiliza\u00e7\u00e3o dos ve\u00edculos, otimizando a\u00a0sa\u00edda dos mesmos para atender a v\u00e1rios servi\u00e7os, quando for o caso;\u00a0<\/del><\/p><p class=\"Texto_Justificado_Recuo_Primeira_Linha\"><del><strong>h)<\/strong>\u00a0identificar as necessidades de combust\u00edveis, controlar o fornecimento,\u00a0o consumo das quantidades de combust\u00edvel disponibilizadas para os \u00d3rg\u00e3os ou Entidades que lhe s\u00e3o vinculados;\u00a0<\/del><\/p><p class=\"Texto_Justificado_Recuo_Primeira_Linha\"><del><strong>i)<\/strong>\u00a0responsabilizar-se pela guarda e pela utiliza\u00e7\u00e3o dos cart\u00f5es de\u00a0abastecimento;\u00a0<\/del><\/p><p class=\"Texto_Justificado_Recuo_Primeira_Linha\"><del><strong>j)<\/strong>\u00a0verificar as informa\u00e7\u00f5es reportadas pelos condutores nos Boletins\u00a0de Transporte- BDT ou aplicativo espec\u00edfico, quando dispon\u00edvel, e\u00a0adotar as a\u00e7\u00f5es decorrentes necess\u00e1rias;\u00a0<\/del><\/p><p class=\"Texto_Justificado_Recuo_Primeira_Linha\"><del><strong>k)<\/strong>\u00a0propor o dimensionamento e gerenciar recursos humanos necess\u00e1rios\u00a0ao desempenho das atividades de transporte e manuten\u00e7\u00e3o sob\u00a0sua responsabilidade;<\/del><\/p><p class=\"Texto_Justificado_Recuo_Primeira_Linha\"><del><strong>l)<\/strong>\u00a0orientar\u00a0os condutores sobre os procedimentos previstos no C\u00f3digo de Tr\u00e2nsito Brasileiro &#8211; CTB, em caso de sinistro;<\/del><\/p><p class=\"Texto_Justificado_Recuo_Primeira_Linha\"><del><strong>m)<\/strong>\u00a0avaliar a viabilidade econ\u00f4mica para a contrata\u00e7\u00e3o de seguro total para frota pr\u00f3pria;<\/del><\/p><p class=\"Texto_Justificado_Recuo_Primeira_Linha\"><del><strong>n)<\/strong>\u00a0apurar rotineiramente o Padr\u00e3o Veicular de Desempenho &#8211; PVD\u00a0dos ve\u00edculos sujeitos a desempenho m\u00ednimo de acordo com o estabelecido no art\u00ba 36, do Decreto Estadual 47.298, de 02 de outubro de 2020;<\/del><\/p><p class=\"Texto_Justificado_Recuo_Primeira_Linha\"><del><strong>o)<\/strong>\u00a0orientar e supervisionar os respectivos condutores de ve\u00edculos oficiais para que a inser\u00e7\u00e3o dos par\u00e2metros de hod\u00f4metro seja realizada de forma precisa e fidedigna, por ocasi\u00e3o dos abastecimentos;<\/del><\/p><p class=\"Texto_Justificado_Recuo_Primeira_Linha\"><del><strong>p)<\/strong>\u00a0avaliar a viabilidade de substitui\u00e7\u00e3o da frota pr\u00f3pria e\/ou locada pelo\u00a0transporte remunerado de servidores em servi\u00e7o &#8211; RJ Mobi, conforme os par\u00e2metros estabelecidos no Decreto Estadual n\u00ba 47.298\/2020 e na Resolu\u00e7\u00e3o SEPLAG n\u00ba 29;<\/del><\/p><p class=\"Texto_Justificado_Recuo_Primeira_Linha\"><del><strong>q)<\/strong>\u00a0providenciar a identifica\u00e7\u00e3o dos ve\u00edculos conforme os normativos pertinentes;<\/del><\/p><p class=\"Texto_Justificado_Recuo_Primeira_Linha\"><del><strong>r)<\/strong>\u00a0informar ao \u00d3rg\u00e3o Central do SIGETRANSP qualquer altera\u00e7\u00e3o no cadastro e\/ou de especifica\u00e7\u00e3o dos ve\u00edculos; e<\/del><\/p><p class=\"Texto_Justificado_Recuo_Primeira_Linha\"><del><strong>s)<\/strong>\u00a0observar as veda\u00e7\u00f5es sobre a utiliza\u00e7\u00e3o da frota estadual;<\/del><\/p><p class=\"Texto_Justificado_Recuo_Primeira_Linha\"><del><strong>II &#8211;<\/strong>\u00a0\u00a0ao transporte remunerado de servidores em servi\u00e7o &#8211; RJ Mobi:\u00a0<\/del><\/p><p class=\"Texto_Justificado_Recuo_Primeira_Linha\"><del><strong>a)<\/strong>\u00a0cadastrar e controlar os usu\u00e1rios autorizados a requisitar o servi\u00e7o;<\/del><\/p><p class=\"Texto_Justificado_Recuo_Primeira_Linha\"><del><strong>b)<\/strong>\u00a0controlar o consumo e o saldo para a utiliza\u00e7\u00e3o do servi\u00e7o; e<\/del><\/p><p class=\"Texto_Justificado_Recuo_Primeira_Linha\"><del><strong>c)<\/strong>\u00a0controlar e autorizar as utiliza\u00e7\u00f5es do servi\u00e7o.<\/del><\/p><p class=\"Texto_Justificado_Recuo_Primeira_Linha\"><del><strong>III\u00a0&#8211;<\/strong>\u00a0Sempre que solicitado, subsidiar o \u00d3rg\u00e3o Central com dados e\u00a0informa\u00e7\u00f5es relativas:\u00a0<\/del><\/p><p class=\"Texto_Justificado_Recuo_Primeira_Linha\"><del><strong>a)<\/strong>\u00a0\u00e0s demandas de transporte, sejam elas atendidas por ve\u00edculos oficiais,\u00a0agenciamento por aplicativos ou modais alternativos;\u00a0<\/del><\/p><p class=\"Texto_Justificado_Recuo_Primeira_Linha\"><del><strong>b)<\/strong>\u00a0aos ve\u00edculos de sua frota, local de lota\u00e7\u00e3o e respectiva situa\u00e7\u00e3o patrimonial;\u00a0<\/del><\/p><p class=\"Texto_Justificado_Recuo_Primeira_Linha\"><del><strong>c)<\/strong>\u00a0\u00e0s atividades de manuten\u00e7\u00e3o dos ve\u00edculos de sua frota;\u00a0<\/del><\/p><p class=\"Texto_Justificado_Recuo_Primeira_Linha\"><del><strong>d)<\/strong>\u00a0ao abastecimento de combust\u00edveis;\u00a0<\/del><\/p><p class=\"Texto_Justificado_Recuo_Primeira_Linha\"><del><strong>e)<\/strong>\u00a0ao Padr\u00e3o Veicular de Desempenho &#8211; PVD dos ve\u00edculos lotados no \u00d3rg\u00e3o ou Entidade;<\/del><\/p><p class=\"Texto_Justificado_Recuo_Primeira_Linha\"><del><strong>f)<\/strong>\u00a0ao controle or\u00e7ament\u00e1rio atinente \u00e0s atividades de transporte, manuten\u00e7\u00e3o\u00a0e combust\u00edveis; e\u00a0<\/del><\/p><p class=\"Texto_Justificado_Recuo_Primeira_Linha\"><del><strong>g)<\/strong>\u00a0aos recursos humanos ligados \u00e0s atividades de transporte e sua\u00a0respectiva capacita\u00e7\u00e3o.<\/del><\/p><p class=\"Texto_Justificado_Recuo_Primeira_Linha\"><del><strong>IV\u00a0&#8211;<\/strong>\u00a0Integrar-se \u00e0 Rede de Gerenciadores de Transportes Oficiais &#8211;\u00a0REDETRANS.\u00a0<\/del><\/p><p class=\"Texto_Justificado_Recuo_Primeira_Linha\"><del><strong>V\u00a0&#8211;<\/strong>\u00a0Cumprir os demais procedimentos estabelecidos pelo \u00d3rg\u00e3o Central\u00a0relativos \u00e0s atividades de transporte, manuten\u00e7\u00e3o e abastecimento\u00a0de combust\u00edveis.<\/del><\/p><p class=\"Texto_Justificado_Recuo_Primeira_Linha\"><del><strong>Art. 7\u00ba &#8211;<\/strong>\u00a0Compete aos Auxiliares de Transportes:<\/del><\/p><p class=\"Texto_Justificado_Recuo_Primeira_Linha\"><del>I &#8211; Auxiliar o Gestor de Transportes nas suas atividades;<\/del><\/p><p class=\"Texto_Justificado_Recuo_Primeira_Linha\"><del>II &#8211; Substituir o Gestor de Transporte sempre que necess\u00e1rio;<\/del><\/p><p class=\"Tabela_Texto_Centralizado\" style=\"text-align: center;\"><del><strong>Cap\u00edtulo V<\/strong><\/del><\/p><p class=\"Tabela_Texto_Centralizado\" style=\"text-align: center;\"><del><strong>DAS DISPOSI\u00c7\u00d5ES FINAIS<\/strong><\/del><\/p><p class=\"Texto_Justificado_Recuo_Primeira_Linha\"><del><strong>Art. 8\u00ba<\/strong>\u00a0&#8211;\u00a0Esta Resolu\u00e7\u00e3o entra em vigor na data de sua publica\u00e7\u00e3o.<\/del><\/p><p class=\"Texto_Alinhado_Esquerda\" style=\"text-align: center;\"><del>Rio de Janeiro, \u00a006\u00a0 de\u00a0janeiro de 2022<\/del><\/p><p class=\"Texto_Centralizado\" style=\"text-align: center;\"><del><strong>JOS\u00c9 LU\u00cdS CARDOSO ZAMITH<br \/><\/strong>Secret\u00e1rio de Estado de Planejamento e Gest\u00e3o<\/del><\/p><p style=\"text-align: right;\">Id: 2367106<\/p>\t\t\t\t\t\t\t\t<\/div>\n\t\t\t\t\t<\/div>\n\t\t<\/div>\n\t\t\t\t\t<\/div>\n\t\t<\/section>\n\t\t\t\t<section class=\"elementor-section elementor-top-section elementor-element elementor-element-ebf181d elementor-section-boxed elementor-section-height-default elementor-section-height-default\" data-id=\"ebf181d\" data-element_type=\"section\" data-settings=\"{&quot;jet_parallax_layout_list&quot;:[{&quot;jet_parallax_layout_image&quot;:{&quot;url&quot;:&quot;&quot;,&quot;id&quot;:&quot;&quot;,&quot;size&quot;:&quot;&quot;},&quot;_id&quot;:&quot;04dd098&quot;,&quot;jet_parallax_layout_image_tablet&quot;:{&quot;url&quot;:&quot;&quot;,&quot;id&quot;:&quot;&quot;,&quot;size&quot;:&quot;&quot;},&quot;jet_parallax_layout_image_mobile&quot;:{&quot;url&quot;:&quot;&quot;,&quot;id&quot;:&quot;&quot;,&quot;size&quot;:&quot;&quot;},&quot;jet_parallax_layout_speed&quot;:{&quot;unit&quot;:&quot;%&quot;,&quot;size&quot;:50,&quot;sizes&quot;:[]},&quot;jet_parallax_layout_type&quot;:&quot;scroll&quot;,&quot;jet_parallax_layout_direction&quot;:&quot;1&quot;,&quot;jet_parallax_layout_fx_direction&quot;:null,&quot;jet_parallax_layout_z_index&quot;:&quot;&quot;,&quot;jet_parallax_layout_bg_x&quot;:50,&quot;jet_parallax_layout_bg_x_tablet&quot;:&quot;&quot;,&quot;jet_parallax_layout_bg_x_mobile&quot;:&quot;&quot;,&quot;jet_parallax_layout_bg_y&quot;:50,&quot;jet_parallax_layout_bg_y_tablet&quot;:&quot;&quot;,&quot;jet_parallax_layout_bg_y_mobile&quot;:&quot;&quot;,&quot;jet_parallax_layout_bg_size&quot;:&quot;auto&quot;,&quot;jet_parallax_layout_bg_size_tablet&quot;:&quot;&quot;,&quot;jet_parallax_layout_bg_size_mobile&quot;:&quot;&quot;,&quot;jet_parallax_layout_animation_prop&quot;:&quot;transform&quot;,&quot;jet_parallax_layout_on&quot;:[&quot;desktop&quot;,&quot;tablet&quot;]}]}\">\n\t\t\t\t\t\t<div class=\"elementor-container elementor-column-gap-default\">\n\t\t\t\t\t<div class=\"elementor-column elementor-col-100 elementor-top-column elementor-element elementor-element-226f32a\" data-id=\"226f32a\" data-element_type=\"column\">\n\t\t\t<div class=\"elementor-widget-wrap elementor-element-populated\">\n\t\t\t\t\t\t<div class=\"elementor-element elementor-element-19222da elementor-widget elementor-widget-text-editor\" data-id=\"19222da\" data-element_type=\"widget\" data-widget_type=\"text-editor.default\">\n\t\t\t\t\t\t\t\t\t<p><em>Publicada no DOE em <strong><a href=\"http:\/\/redelog.rj.gov.br\/redelog\/wp-content\/uploads\/2022\/01\/Resolucao-SEPLAG-no-95-2022-Gestores-e-auxiliares-de-transportes.pdf\" target=\"_blank\" rel=\"noopener\">13\/01\/2022<\/a><\/strong>.<\/em><\/p><p><em>Revogada pela <strong><a href=\"https:\/\/redelog.rj.gov.br\/redelog\/resolucao-seplag-no-340-de-26-de-novembro-de-2024\/\">Resolu\u00e7\u00e3o SEPLAG n\u00ba <\/a><\/strong><strong><a href=\"https:\/\/redelog.rj.gov.br\/redelog\/resolucao-seplag-no-340-de-26-de-novembro-de-2024\/\">340, 26 de novembro de 2024<\/a><\/strong>, publicada no DOE em <strong><a href=\"https:\/\/www.redelog.rj.gov.br\/redelog\/wp-content\/uploads\/2024\/12\/Resolucao-SEPLAG-no-340-Regulamenta-o-SIGETRANSP.pdf\">09\/12\/2024<\/a><\/strong>.<\/em><\/p>\t\t\t\t\t\t\t\t<\/div>\n\t\t\t\t\t<\/div>\n\t\t<\/div>\n\t\t\t\t\t<\/div>\n\t\t<\/section>\n\t\t\t\t<section class=\"elementor-section elementor-top-section elementor-element elementor-element-46351a7 elementor-section-boxed elementor-section-height-default elementor-section-height-default\" data-id=\"46351a7\" data-element_type=\"section\" data-settings=\"{&quot;jet_parallax_layout_list&quot;:[{&quot;jet_parallax_layout_image&quot;:{&quot;url&quot;:&quot;&quot;,&quot;id&quot;:&quot;&quot;,&quot;size&quot;:&quot;&quot;},&quot;_id&quot;:&quot;ab030fc&quot;,&quot;jet_parallax_layout_image_tablet&quot;:{&quot;url&quot;:&quot;&quot;,&quot;id&quot;:&quot;&quot;,&quot;size&quot;:&quot;&quot;},&quot;jet_parallax_layout_image_mobile&quot;:{&quot;url&quot;:&quot;&quot;,&quot;id&quot;:&quot;&quot;,&quot;size&quot;:&quot;&quot;},&quot;jet_parallax_layout_speed&quot;:{&quot;unit&quot;:&quot;%&quot;,&quot;size&quot;:50,&quot;sizes&quot;:[]},&quot;jet_parallax_layout_type&quot;:&quot;scroll&quot;,&quot;jet_parallax_layout_direction&quot;:&quot;1&quot;,&quot;jet_parallax_layout_fx_direction&quot;:null,&quot;jet_parallax_layout_z_index&quot;:&quot;&quot;,&quot;jet_parallax_layout_bg_x&quot;:50,&quot;jet_parallax_layout_bg_x_tablet&quot;:&quot;&quot;,&quot;jet_parallax_layout_bg_x_mobile&quot;:&quot;&quot;,&quot;jet_parallax_layout_bg_y&quot;:50,&quot;jet_parallax_layout_bg_y_tablet&quot;:&quot;&quot;,&quot;jet_parallax_layout_bg_y_mobile&quot;:&quot;&quot;,&quot;jet_parallax_layout_bg_size&quot;:&quot;auto&quot;,&quot;jet_parallax_layout_bg_size_tablet&quot;:&quot;&quot;,&quot;jet_parallax_layout_bg_size_mobile&quot;:&quot;&quot;,&quot;jet_parallax_layout_animation_prop&quot;:&quot;transform&quot;,&quot;jet_parallax_layout_on&quot;:[&quot;desktop&quot;,&quot;tablet&quot;]}]}\">\n\t\t\t\t\t\t<div class=\"elementor-container elementor-column-gap-default\">\n\t\t\t\t\t<div class=\"elementor-column elementor-col-100 elementor-top-column elementor-element elementor-element-48969c2\" data-id=\"48969c2\" data-element_type=\"column\">\n\t\t\t<div class=\"elementor-widget-wrap elementor-element-populated\">\n\t\t\t\t\t\t<div class=\"elementor-element elementor-element-28d2426 elementor-widget-divider--view-line elementor-widget elementor-widget-divider\" data-id=\"28d2426\" data-element_type=\"widget\" data-widget_type=\"divider.default\">\n\t\t\t\t\t\t\t<div class=\"elementor-divider\">\n\t\t\t<span class=\"elementor-divider-separator\">\n\t\t\t\t\t\t<\/span>\n\t\t<\/div>\n\t\t\t\t\t\t<\/div>\n\t\t\t\t\t<\/div>\n\t\t<\/div>\n\t\t\t\t\t<\/div>\n\t\t<\/section>\n\t\t\t\t<section class=\"elementor-section elementor-top-section elementor-element elementor-element-b455592 elementor-section-boxed elementor-section-height-default elementor-section-height-default\" data-id=\"b455592\" data-element_type=\"section\" id=\"options\" data-settings=\"{&quot;jet_parallax_layout_list&quot;:[{&quot;jet_parallax_layout_image&quot;:{&quot;url&quot;:&quot;&quot;,&quot;id&quot;:&quot;&quot;,&quot;size&quot;:&quot;&quot;},&quot;_id&quot;:&quot;19d7213&quot;,&quot;jet_parallax_layout_image_tablet&quot;:{&quot;url&quot;:&quot;&quot;,&quot;id&quot;:&quot;&quot;,&quot;size&quot;:&quot;&quot;},&quot;jet_parallax_layout_image_mobile&quot;:{&quot;url&quot;:&quot;&quot;,&quot;id&quot;:&quot;&quot;,&quot;size&quot;:&quot;&quot;},&quot;jet_parallax_layout_speed&quot;:{&quot;unit&quot;:&quot;%&quot;,&quot;size&quot;:50,&quot;sizes&quot;:[]},&quot;jet_parallax_layout_type&quot;:&quot;scroll&quot;,&quot;jet_parallax_layout_direction&quot;:&quot;1&quot;,&quot;jet_parallax_layout_fx_direction&quot;:null,&quot;jet_parallax_layout_z_index&quot;:&quot;&quot;,&quot;jet_parallax_layout_bg_x&quot;:50,&quot;jet_parallax_layout_bg_x_tablet&quot;:&quot;&quot;,&quot;jet_parallax_layout_bg_x_mobile&quot;:&quot;&quot;,&quot;jet_parallax_layout_bg_y&quot;:50,&quot;jet_parallax_layout_bg_y_tablet&quot;:&quot;&quot;,&quot;jet_parallax_layout_bg_y_mobile&quot;:&quot;&quot;,&quot;jet_parallax_layout_bg_size&quot;:&quot;auto&quot;,&quot;jet_parallax_layout_bg_size_tablet&quot;:&quot;&quot;,&quot;jet_parallax_layout_bg_size_mobile&quot;:&quot;&quot;,&quot;jet_parallax_layout_animation_prop&quot;:&quot;transform&quot;,&quot;jet_parallax_layout_on&quot;:[&quot;desktop&quot;,&quot;tablet&quot;]}]}\">\n\t\t\t\t\t\t<div class=\"elementor-container elementor-column-gap-default\">\n\t\t\t\t\t<div class=\"elementor-column elementor-col-100 elementor-top-column elementor-element elementor-element-aea6bd6\" data-id=\"aea6bd6\" data-element_type=\"column\">\n\t\t\t<div class=\"elementor-widget-wrap elementor-element-populated\">\n\t\t\t\t\t\t<div class=\"elementor-element elementor-element-c61f07b elementor-widget elementor-widget-shortcode\" data-id=\"c61f07b\" data-element_type=\"widget\" data-widget_type=\"shortcode.default\">\n\t\t\t\t\t\t\t<div class=\"elementor-shortcode\"><div class='printomatic pom-default ' id='id8686' alt='Imprimir' title='Imprimir' data-print_target='#post-9905'><\/div> <div class='printomatictext' id='id8686' alt='Imprimir' title='Imprimir' data-print_target='#post-9905'>Imprimir<\/div><div style='clear: both;'><\/div><\/div>\n\t\t\t\t\t\t<\/div>\n\t\t\t\t<section class=\"elementor-section elementor-inner-section elementor-element elementor-element-e143f3b elementor-section-boxed elementor-section-height-default elementor-section-height-default\" data-id=\"e143f3b\" data-element_type=\"section\" data-settings=\"{&quot;jet_parallax_layout_list&quot;:[{&quot;jet_parallax_layout_image&quot;:{&quot;url&quot;:&quot;&quot;,&quot;id&quot;:&quot;&quot;,&quot;size&quot;:&quot;&quot;},&quot;_id&quot;:&quot;4b24ff0&quot;,&quot;jet_parallax_layout_image_tablet&quot;:{&quot;url&quot;:&quot;&quot;,&quot;id&quot;:&quot;&quot;,&quot;size&quot;:&quot;&quot;},&quot;jet_parallax_layout_image_mobile&quot;:{&quot;url&quot;:&quot;&quot;,&quot;id&quot;:&quot;&quot;,&quot;size&quot;:&quot;&quot;},&quot;jet_parallax_layout_speed&quot;:{&quot;unit&quot;:&quot;%&quot;,&quot;size&quot;:50,&quot;sizes&quot;:[]},&quot;jet_parallax_layout_type&quot;:&quot;scroll&quot;,&quot;jet_parallax_layout_direction&quot;:&quot;1&quot;,&quot;jet_parallax_layout_fx_direction&quot;:null,&quot;jet_parallax_layout_z_index&quot;:&quot;&quot;,&quot;jet_parallax_layout_bg_x&quot;:50,&quot;jet_parallax_layout_bg_x_tablet&quot;:&quot;&quot;,&quot;jet_parallax_layout_bg_x_mobile&quot;:&quot;&quot;,&quot;jet_parallax_layout_bg_y&quot;:50,&quot;jet_parallax_layout_bg_y_tablet&quot;:&quot;&quot;,&quot;jet_parallax_layout_bg_y_mobile&quot;:&quot;&quot;,&quot;jet_parallax_layout_bg_size&quot;:&quot;auto&quot;,&quot;jet_parallax_layout_bg_size_tablet&quot;:&quot;&quot;,&quot;jet_parallax_layout_bg_size_mobile&quot;:&quot;&quot;,&quot;jet_parallax_layout_animation_prop&quot;:&quot;transform&quot;,&quot;jet_parallax_layout_on&quot;:[&quot;desktop&quot;,&quot;tablet&quot;]}]}\">\n\t\t\t\t\t\t<div class=\"elementor-container elementor-column-gap-default\">\n\t\t\t\t\t<div class=\"elementor-column elementor-col-50 elementor-inner-column elementor-element elementor-element-c5625b4\" data-id=\"c5625b4\" data-element_type=\"column\">\n\t\t\t<div class=\"elementor-widget-wrap elementor-element-populated\">\n\t\t\t\t\t\t<div class=\"elementor-element elementor-element-7dad18b elementor-widget elementor-widget-text-editor\" data-id=\"7dad18b\" data-element_type=\"widget\" data-widget_type=\"text-editor.default\">\n\t\t\t\t\t\t\t\t\t<p><strong><a href=\"http:\/\/redelog.rj.gov.br\/redelog\/legislacao-contratos-administrativos\/\">\u2190 Voltar &#8211; Gest\u00e3o Contratual<\/a><\/strong><\/p>\t\t\t\t\t\t\t\t<\/div>\n\t\t\t\t\t<\/div>\n\t\t<\/div>\n\t\t\t\t<div class=\"elementor-column elementor-col-50 elementor-inner-column elementor-element elementor-element-ea1d22a\" data-id=\"ea1d22a\" data-element_type=\"column\">\n\t\t\t<div class=\"elementor-widget-wrap\">\n\t\t\t\t\t\t\t<\/div>\n\t\t<\/div>\n\t\t\t\t\t<\/div>\n\t\t<\/section>\n\t\t\t\t\t<\/div>\n\t\t<\/div>\n\t\t\t\t\t<\/div>\n\t\t<\/section>\n\t\t\t\t<section class=\"elementor-section elementor-top-section elementor-element elementor-element-fd03f9e elementor-section-boxed elementor-section-height-default elementor-section-height-default\" data-id=\"fd03f9e\" data-element_type=\"section\" data-settings=\"{&quot;jet_parallax_layout_list&quot;:[{&quot;jet_parallax_layout_image&quot;:{&quot;url&quot;:&quot;&quot;,&quot;id&quot;:&quot;&quot;,&quot;size&quot;:&quot;&quot;},&quot;_id&quot;:&quot;22a0abb&quot;,&quot;jet_parallax_layout_image_tablet&quot;:{&quot;url&quot;:&quot;&quot;,&quot;id&quot;:&quot;&quot;,&quot;size&quot;:&quot;&quot;},&quot;jet_parallax_layout_image_mobile&quot;:{&quot;url&quot;:&quot;&quot;,&quot;id&quot;:&quot;&quot;,&quot;size&quot;:&quot;&quot;},&quot;jet_parallax_layout_speed&quot;:{&quot;unit&quot;:&quot;%&quot;,&quot;size&quot;:50,&quot;sizes&quot;:[]},&quot;jet_parallax_layout_type&quot;:&quot;scroll&quot;,&quot;jet_parallax_layout_direction&quot;:&quot;1&quot;,&quot;jet_parallax_layout_fx_direction&quot;:null,&quot;jet_parallax_layout_z_index&quot;:&quot;&quot;,&quot;jet_parallax_layout_bg_x&quot;:50,&quot;jet_parallax_layout_bg_x_tablet&quot;:&quot;&quot;,&quot;jet_parallax_layout_bg_x_mobile&quot;:&quot;&quot;,&quot;jet_parallax_layout_bg_y&quot;:50,&quot;jet_parallax_layout_bg_y_tablet&quot;:&quot;&quot;,&quot;jet_parallax_layout_bg_y_mobile&quot;:&quot;&quot;,&quot;jet_parallax_layout_bg_size&quot;:&quot;auto&quot;,&quot;jet_parallax_layout_bg_size_tablet&quot;:&quot;&quot;,&quot;jet_parallax_layout_bg_size_mobile&quot;:&quot;&quot;,&quot;jet_parallax_layout_animation_prop&quot;:&quot;transform&quot;,&quot;jet_parallax_layout_on&quot;:[&quot;desktop&quot;,&quot;tablet&quot;]}]}\">\n\t\t\t\t\t\t<div class=\"elementor-container elementor-column-gap-default\">\n\t\t\t\t\t<div class=\"elementor-column elementor-col-100 elementor-top-column elementor-element elementor-element-686a8eb\" data-id=\"686a8eb\" data-element_type=\"column\">\n\t\t\t<div class=\"elementor-widget-wrap elementor-element-populated\">\n\t\t\t\t\t\t<div class=\"elementor-element elementor-element-ecf83af elementor-widget elementor-widget-html\" data-id=\"ecf83af\" data-element_type=\"widget\" data-widget_type=\"html.default\">\n\t\t\t\t\t<style>\n    h2, .h2-style{\n        font-size: 28px;\n    }\n<\/style>\t\t\t\t<\/div>\n\t\t\t\t\t<\/div>\n\t\t<\/div>\n\t\t\t\t\t<\/div>\n\t\t<\/section>\n\t\t\t\t<\/div>\n\t\t","protected":false},"excerpt":{"rendered":"<p>ESTABELECE AS ATRIBUI\u00c7\u00d5ES DOS GESTORES E AUXILIARES DE TRANSPORTES DOS \u00d3RG\u00c3OS E ENTIDADES PARTICIPANTES DO SISTEMA DE GOVERNAN\u00c7A E GEST\u00c3O DE TRANSPORTES &#8211; SIGETRANSP. O SECRET\u00c1RIO DE ESTADO DE PLANEJAMENTO E GEST\u00c3O, no uso das atribui\u00e7\u00f5es legais, tendo em vista o disposto no Decreto n\u00ba 47.298, de 02 de outubro de 2020, e o disposto [&hellip;]<\/p>\n","protected":false},"author":9,"featured_media":0,"comment_status":"closed","ping_status":"open","sticky":false,"template":"","format":"standard","meta":{"_joinchat":[],"footnotes":""},"categories":[23],"tags":[],"class_list":["post-9905","post","type-post","status-publish","format-standard","hentry","category-cat-legislacao"],"yoast_head":"<!-- This site is optimized with the Yoast SEO plugin v25.7 - https:\/\/yoast.com\/wordpress\/plugins\/seo\/ -->\n<title>RESOLU\u00c7\u00c3O SEPLAG N\u00ba 95, DE 06 DE JANEIRO DE 2022 - Redelog<\/title>\n<meta name=\"robots\" content=\"index, follow, max-snippet:-1, max-image-preview:large, max-video-preview:-1\" \/>\n<link rel=\"canonical\" href=\"https:\/\/redelog.rj.gov.br\/redelog\/resolucao-seplag-95\/\" \/>\n<meta property=\"og:locale\" content=\"pt_BR\" \/>\n<meta property=\"og:type\" content=\"article\" \/>\n<meta property=\"og:title\" content=\"RESOLU\u00c7\u00c3O SEPLAG N\u00ba 95, DE 06 DE JANEIRO DE 2022 - Redelog\" \/>\n<meta property=\"og:description\" content=\"ESTABELECE AS ATRIBUI\u00c7\u00d5ES DOS GESTORES E AUXILIARES DE TRANSPORTES DOS \u00d3RG\u00c3OS E ENTIDADES PARTICIPANTES DO SISTEMA DE GOVERNAN\u00c7A E GEST\u00c3O DE TRANSPORTES &#8211; SIGETRANSP. O SECRET\u00c1RIO DE ESTADO DE PLANEJAMENTO E GEST\u00c3O, no uso das atribui\u00e7\u00f5es legais, tendo em vista o disposto no Decreto n\u00ba 47.298, de 02 de outubro de 2020, e o disposto [&hellip;]\" \/>\n<meta property=\"og:url\" content=\"https:\/\/redelog.rj.gov.br\/redelog\/resolucao-seplag-95\/\" \/>\n<meta property=\"og:site_name\" content=\"Redelog\" \/>\n<meta property=\"article:published_time\" content=\"2022-01-16T13:29:42+00:00\" \/>\n<meta property=\"article:modified_time\" content=\"2024-12-09T14:44:09+00:00\" \/>\n<meta name=\"author\" content=\"Rejane\" \/>\n<meta name=\"twitter:card\" content=\"summary_large_image\" \/>\n<meta name=\"twitter:label1\" content=\"Escrito por\" \/>\n\t<meta name=\"twitter:data1\" content=\"Rejane\" \/>\n\t<meta name=\"twitter:label2\" content=\"Est. tempo de leitura\" \/>\n\t<meta name=\"twitter:data2\" content=\"6 minutos\" \/>\n<script type=\"application\/ld+json\" class=\"yoast-schema-graph\">{\"@context\":\"https:\/\/schema.org\",\"@graph\":[{\"@type\":\"Article\",\"@id\":\"https:\/\/redelog.rj.gov.br\/redelog\/resolucao-seplag-95\/#article\",\"isPartOf\":{\"@id\":\"https:\/\/redelog.rj.gov.br\/redelog\/resolucao-seplag-95\/\"},\"author\":{\"name\":\"Rejane\",\"@id\":\"https:\/\/redelog.rj.gov.br\/redelog\/#\/schema\/person\/711e4a03f3b5eeb4ffeb92a63daecd59\"},\"headline\":\"RESOLU\u00c7\u00c3O SEPLAG N\u00ba 95, DE 06 DE JANEIRO DE 2022\",\"datePublished\":\"2022-01-16T13:29:42+00:00\",\"dateModified\":\"2024-12-09T14:44:09+00:00\",\"mainEntityOfPage\":{\"@id\":\"https:\/\/redelog.rj.gov.br\/redelog\/resolucao-seplag-95\/\"},\"wordCount\":1473,\"publisher\":{\"@id\":\"https:\/\/redelog.rj.gov.br\/redelog\/#organization\"},\"articleSection\":[\"Legisla\u00e7\u00e3o\"],\"inLanguage\":\"pt-BR\"},{\"@type\":\"WebPage\",\"@id\":\"https:\/\/redelog.rj.gov.br\/redelog\/resolucao-seplag-95\/\",\"url\":\"https:\/\/redelog.rj.gov.br\/redelog\/resolucao-seplag-95\/\",\"name\":\"RESOLU\u00c7\u00c3O SEPLAG N\u00ba 95, DE 06 DE JANEIRO DE 2022 - Redelog\",\"isPartOf\":{\"@id\":\"https:\/\/redelog.rj.gov.br\/redelog\/#website\"},\"datePublished\":\"2022-01-16T13:29:42+00:00\",\"dateModified\":\"2024-12-09T14:44:09+00:00\",\"breadcrumb\":{\"@id\":\"https:\/\/redelog.rj.gov.br\/redelog\/resolucao-seplag-95\/#breadcrumb\"},\"inLanguage\":\"pt-BR\",\"potentialAction\":[{\"@type\":\"ReadAction\",\"target\":[\"https:\/\/redelog.rj.gov.br\/redelog\/resolucao-seplag-95\/\"]}]},{\"@type\":\"BreadcrumbList\",\"@id\":\"https:\/\/redelog.rj.gov.br\/redelog\/resolucao-seplag-95\/#breadcrumb\",\"itemListElement\":[{\"@type\":\"ListItem\",\"position\":1,\"name\":\"Home\",\"item\":\"https:\/\/redelog.rj.gov.br\/redelog\/\"},{\"@type\":\"ListItem\",\"position\":2,\"name\":\"RESOLU\u00c7\u00c3O SEPLAG N\u00ba 95, DE 06 DE JANEIRO DE 2022\"}]},{\"@type\":\"WebSite\",\"@id\":\"https:\/\/redelog.rj.gov.br\/redelog\/#website\",\"url\":\"https:\/\/redelog.rj.gov.br\/redelog\/\",\"name\":\"Redelog\",\"description\":\"Site da Rede de Log\u00edstica e Planejamento do Estado do Rio de Janeiro\",\"publisher\":{\"@id\":\"https:\/\/redelog.rj.gov.br\/redelog\/#organization\"},\"potentialAction\":[{\"@type\":\"SearchAction\",\"target\":{\"@type\":\"EntryPoint\",\"urlTemplate\":\"https:\/\/redelog.rj.gov.br\/redelog\/?s={search_term_string}\"},\"query-input\":{\"@type\":\"PropertyValueSpecification\",\"valueRequired\":true,\"valueName\":\"search_term_string\"}}],\"inLanguage\":\"pt-BR\"},{\"@type\":\"Organization\",\"@id\":\"https:\/\/redelog.rj.gov.br\/redelog\/#organization\",\"name\":\"REDELOG\",\"url\":\"https:\/\/redelog.rj.gov.br\/redelog\/\",\"logo\":{\"@type\":\"ImageObject\",\"inLanguage\":\"pt-BR\",\"@id\":\"https:\/\/redelog.rj.gov.br\/redelog\/#\/schema\/logo\/image\/\",\"url\":\"http:\/\/10.10.8.100:8888\/redelog\/wp-content\/uploads\/2019\/09\/Redelog2.png\",\"contentUrl\":\"http:\/\/10.10.8.100:8888\/redelog\/wp-content\/uploads\/2019\/09\/Redelog2.png\",\"width\":565,\"height\":155,\"caption\":\"REDELOG\"},\"image\":{\"@id\":\"https:\/\/redelog.rj.gov.br\/redelog\/#\/schema\/logo\/image\/\"}},{\"@type\":\"Person\",\"@id\":\"https:\/\/redelog.rj.gov.br\/redelog\/#\/schema\/person\/711e4a03f3b5eeb4ffeb92a63daecd59\",\"name\":\"Rejane\",\"image\":{\"@type\":\"ImageObject\",\"inLanguage\":\"pt-BR\",\"@id\":\"https:\/\/redelog.rj.gov.br\/redelog\/#\/schema\/person\/image\/\",\"url\":\"https:\/\/secure.gravatar.com\/avatar\/9e2f6efb183531871283cb363403afe7c22e3efb129d9e809e5824cd145dd3a8?s=96&d=mm&r=g\",\"contentUrl\":\"https:\/\/secure.gravatar.com\/avatar\/9e2f6efb183531871283cb363403afe7c22e3efb129d9e809e5824cd145dd3a8?s=96&d=mm&r=g\",\"caption\":\"Rejane\"},\"url\":\"https:\/\/redelog.rj.gov.br\/redelog\/author\/rejane\/\"}]}<\/script>\n<!-- \/ Yoast SEO plugin. -->","yoast_head_json":{"title":"RESOLU\u00c7\u00c3O SEPLAG N\u00ba 95, DE 06 DE JANEIRO DE 2022 - Redelog","robots":{"index":"index","follow":"follow","max-snippet":"max-snippet:-1","max-image-preview":"max-image-preview:large","max-video-preview":"max-video-preview:-1"},"canonical":"https:\/\/redelog.rj.gov.br\/redelog\/resolucao-seplag-95\/","og_locale":"pt_BR","og_type":"article","og_title":"RESOLU\u00c7\u00c3O SEPLAG N\u00ba 95, DE 06 DE JANEIRO DE 2022 - Redelog","og_description":"ESTABELECE AS ATRIBUI\u00c7\u00d5ES DOS GESTORES E AUXILIARES DE TRANSPORTES DOS \u00d3RG\u00c3OS E ENTIDADES PARTICIPANTES DO SISTEMA DE GOVERNAN\u00c7A E GEST\u00c3O DE TRANSPORTES &#8211; SIGETRANSP. O SECRET\u00c1RIO DE ESTADO DE PLANEJAMENTO E GEST\u00c3O, no uso das atribui\u00e7\u00f5es legais, tendo em vista o disposto no Decreto n\u00ba 47.298, de 02 de outubro de 2020, e o disposto [&hellip;]","og_url":"https:\/\/redelog.rj.gov.br\/redelog\/resolucao-seplag-95\/","og_site_name":"Redelog","article_published_time":"2022-01-16T13:29:42+00:00","article_modified_time":"2024-12-09T14:44:09+00:00","author":"Rejane","twitter_card":"summary_large_image","twitter_misc":{"Escrito por":"Rejane","Est. tempo de leitura":"6 minutos"},"schema":{"@context":"https:\/\/schema.org","@graph":[{"@type":"Article","@id":"https:\/\/redelog.rj.gov.br\/redelog\/resolucao-seplag-95\/#article","isPartOf":{"@id":"https:\/\/redelog.rj.gov.br\/redelog\/resolucao-seplag-95\/"},"author":{"name":"Rejane","@id":"https:\/\/redelog.rj.gov.br\/redelog\/#\/schema\/person\/711e4a03f3b5eeb4ffeb92a63daecd59"},"headline":"RESOLU\u00c7\u00c3O SEPLAG N\u00ba 95, DE 06 DE JANEIRO DE 2022","datePublished":"2022-01-16T13:29:42+00:00","dateModified":"2024-12-09T14:44:09+00:00","mainEntityOfPage":{"@id":"https:\/\/redelog.rj.gov.br\/redelog\/resolucao-seplag-95\/"},"wordCount":1473,"publisher":{"@id":"https:\/\/redelog.rj.gov.br\/redelog\/#organization"},"articleSection":["Legisla\u00e7\u00e3o"],"inLanguage":"pt-BR"},{"@type":"WebPage","@id":"https:\/\/redelog.rj.gov.br\/redelog\/resolucao-seplag-95\/","url":"https:\/\/redelog.rj.gov.br\/redelog\/resolucao-seplag-95\/","name":"RESOLU\u00c7\u00c3O SEPLAG N\u00ba 95, DE 06 DE JANEIRO DE 2022 - Redelog","isPartOf":{"@id":"https:\/\/redelog.rj.gov.br\/redelog\/#website"},"datePublished":"2022-01-16T13:29:42+00:00","dateModified":"2024-12-09T14:44:09+00:00","breadcrumb":{"@id":"https:\/\/redelog.rj.gov.br\/redelog\/resolucao-seplag-95\/#breadcrumb"},"inLanguage":"pt-BR","potentialAction":[{"@type":"ReadAction","target":["https:\/\/redelog.rj.gov.br\/redelog\/resolucao-seplag-95\/"]}]},{"@type":"BreadcrumbList","@id":"https:\/\/redelog.rj.gov.br\/redelog\/resolucao-seplag-95\/#breadcrumb","itemListElement":[{"@type":"ListItem","position":1,"name":"Home","item":"https:\/\/redelog.rj.gov.br\/redelog\/"},{"@type":"ListItem","position":2,"name":"RESOLU\u00c7\u00c3O SEPLAG N\u00ba 95, DE 06 DE JANEIRO DE 2022"}]},{"@type":"WebSite","@id":"https:\/\/redelog.rj.gov.br\/redelog\/#website","url":"https:\/\/redelog.rj.gov.br\/redelog\/","name":"Redelog","description":"Site da Rede de Log\u00edstica e Planejamento do Estado do Rio de Janeiro","publisher":{"@id":"https:\/\/redelog.rj.gov.br\/redelog\/#organization"},"potentialAction":[{"@type":"SearchAction","target":{"@type":"EntryPoint","urlTemplate":"https:\/\/redelog.rj.gov.br\/redelog\/?s={search_term_string}"},"query-input":{"@type":"PropertyValueSpecification","valueRequired":true,"valueName":"search_term_string"}}],"inLanguage":"pt-BR"},{"@type":"Organization","@id":"https:\/\/redelog.rj.gov.br\/redelog\/#organization","name":"REDELOG","url":"https:\/\/redelog.rj.gov.br\/redelog\/","logo":{"@type":"ImageObject","inLanguage":"pt-BR","@id":"https:\/\/redelog.rj.gov.br\/redelog\/#\/schema\/logo\/image\/","url":"http:\/\/10.10.8.100:8888\/redelog\/wp-content\/uploads\/2019\/09\/Redelog2.png","contentUrl":"http:\/\/10.10.8.100:8888\/redelog\/wp-content\/uploads\/2019\/09\/Redelog2.png","width":565,"height":155,"caption":"REDELOG"},"image":{"@id":"https:\/\/redelog.rj.gov.br\/redelog\/#\/schema\/logo\/image\/"}},{"@type":"Person","@id":"https:\/\/redelog.rj.gov.br\/redelog\/#\/schema\/person\/711e4a03f3b5eeb4ffeb92a63daecd59","name":"Rejane","image":{"@type":"ImageObject","inLanguage":"pt-BR","@id":"https:\/\/redelog.rj.gov.br\/redelog\/#\/schema\/person\/image\/","url":"https:\/\/secure.gravatar.com\/avatar\/9e2f6efb183531871283cb363403afe7c22e3efb129d9e809e5824cd145dd3a8?s=96&d=mm&r=g","contentUrl":"https:\/\/secure.gravatar.com\/avatar\/9e2f6efb183531871283cb363403afe7c22e3efb129d9e809e5824cd145dd3a8?s=96&d=mm&r=g","caption":"Rejane"},"url":"https:\/\/redelog.rj.gov.br\/redelog\/author\/rejane\/"}]}},"_links":{"self":[{"href":"https:\/\/redelog.rj.gov.br\/redelog\/wp-json\/wp\/v2\/posts\/9905","targetHints":{"allow":["GET"]}}],"collection":[{"href":"https:\/\/redelog.rj.gov.br\/redelog\/wp-json\/wp\/v2\/posts"}],"about":[{"href":"https:\/\/redelog.rj.gov.br\/redelog\/wp-json\/wp\/v2\/types\/post"}],"author":[{"embeddable":true,"href":"https:\/\/redelog.rj.gov.br\/redelog\/wp-json\/wp\/v2\/users\/9"}],"replies":[{"embeddable":true,"href":"https:\/\/redelog.rj.gov.br\/redelog\/wp-json\/wp\/v2\/comments?post=9905"}],"version-history":[{"count":45,"href":"https:\/\/redelog.rj.gov.br\/redelog\/wp-json\/wp\/v2\/posts\/9905\/revisions"}],"predecessor-version":[{"id":31503,"href":"https:\/\/redelog.rj.gov.br\/redelog\/wp-json\/wp\/v2\/posts\/9905\/revisions\/31503"}],"wp:attachment":[{"href":"https:\/\/redelog.rj.gov.br\/redelog\/wp-json\/wp\/v2\/media?parent=9905"}],"wp:term":[{"taxonomy":"category","embeddable":true,"href":"https:\/\/redelog.rj.gov.br\/redelog\/wp-json\/wp\/v2\/categories?post=9905"},{"taxonomy":"post_tag","embeddable":true,"href":"https:\/\/redelog.rj.gov.br\/redelog\/wp-json\/wp\/v2\/tags?post=9905"}],"curies":[{"name":"wp","href":"https:\/\/api.w.org\/{rel}","templated":true}]}}