{"id":9457,"date":"2022-01-13T16:48:17","date_gmt":"2022-01-13T19:48:17","guid":{"rendered":"http:\/\/10.11.80.6\/redelog\/?p=9457"},"modified":"2022-02-24T13:25:21","modified_gmt":"2022-02-24T16:25:21","slug":"decreto-31864","status":"publish","type":"post","link":"https:\/\/redelog.rj.gov.br\/redelog\/decreto-31864\/","title":{"rendered":"DECRETO N\u00ba 31.864, DE 16 DE SETEMBRO DE 2002"},"content":{"rendered":"\t\t<div data-elementor-type=\"wp-post\" data-elementor-id=\"9457\" class=\"elementor elementor-9457\" data-elementor-post-type=\"post\">\n\t\t\t\t\t\t<section class=\"elementor-section elementor-top-section elementor-element elementor-element-cd28662 elementor-section-boxed elementor-section-height-default elementor-section-height-default\" data-id=\"cd28662\" data-element_type=\"section\" data-settings=\"{&quot;jet_parallax_layout_list&quot;:[{&quot;jet_parallax_layout_image&quot;:{&quot;url&quot;:&quot;&quot;,&quot;id&quot;:&quot;&quot;,&quot;size&quot;:&quot;&quot;},&quot;_id&quot;:&quot;b61f5b9&quot;,&quot;jet_parallax_layout_image_tablet&quot;:{&quot;url&quot;:&quot;&quot;,&quot;id&quot;:&quot;&quot;,&quot;size&quot;:&quot;&quot;},&quot;jet_parallax_layout_image_mobile&quot;:{&quot;url&quot;:&quot;&quot;,&quot;id&quot;:&quot;&quot;,&quot;size&quot;:&quot;&quot;},&quot;jet_parallax_layout_speed&quot;:{&quot;unit&quot;:&quot;%&quot;,&quot;size&quot;:50,&quot;sizes&quot;:[]},&quot;jet_parallax_layout_type&quot;:&quot;scroll&quot;,&quot;jet_parallax_layout_direction&quot;:&quot;1&quot;,&quot;jet_parallax_layout_fx_direction&quot;:null,&quot;jet_parallax_layout_z_index&quot;:&quot;&quot;,&quot;jet_parallax_layout_bg_x&quot;:50,&quot;jet_parallax_layout_bg_x_tablet&quot;:&quot;&quot;,&quot;jet_parallax_layout_bg_x_mobile&quot;:&quot;&quot;,&quot;jet_parallax_layout_bg_y&quot;:50,&quot;jet_parallax_layout_bg_y_tablet&quot;:&quot;&quot;,&quot;jet_parallax_layout_bg_y_mobile&quot;:&quot;&quot;,&quot;jet_parallax_layout_bg_size&quot;:&quot;auto&quot;,&quot;jet_parallax_layout_bg_size_tablet&quot;:&quot;&quot;,&quot;jet_parallax_layout_bg_size_mobile&quot;:&quot;&quot;,&quot;jet_parallax_layout_animation_prop&quot;:&quot;transform&quot;,&quot;jet_parallax_layout_on&quot;:[&quot;desktop&quot;,&quot;tablet&quot;]}]}\">\n\t\t\t\t\t\t<div class=\"elementor-container elementor-column-gap-default\">\n\t\t\t\t\t<div class=\"elementor-column elementor-col-100 elementor-top-column elementor-element elementor-element-d68b72b\" data-id=\"d68b72b\" data-element_type=\"column\">\n\t\t\t<div class=\"elementor-widget-wrap elementor-element-populated\">\n\t\t\t\t\t\t<section class=\"elementor-section elementor-inner-section elementor-element elementor-element-29f045f elementor-section-boxed elementor-section-height-default elementor-section-height-default\" data-id=\"29f045f\" data-element_type=\"section\" data-settings=\"{&quot;jet_parallax_layout_list&quot;:[{&quot;jet_parallax_layout_image&quot;:{&quot;url&quot;:&quot;&quot;,&quot;id&quot;:&quot;&quot;,&quot;size&quot;:&quot;&quot;},&quot;_id&quot;:&quot;c85962c&quot;,&quot;jet_parallax_layout_image_tablet&quot;:{&quot;url&quot;:&quot;&quot;,&quot;id&quot;:&quot;&quot;,&quot;size&quot;:&quot;&quot;},&quot;jet_parallax_layout_image_mobile&quot;:{&quot;url&quot;:&quot;&quot;,&quot;id&quot;:&quot;&quot;,&quot;size&quot;:&quot;&quot;},&quot;jet_parallax_layout_speed&quot;:{&quot;unit&quot;:&quot;%&quot;,&quot;size&quot;:50,&quot;sizes&quot;:[]},&quot;jet_parallax_layout_type&quot;:&quot;scroll&quot;,&quot;jet_parallax_layout_direction&quot;:&quot;1&quot;,&quot;jet_parallax_layout_fx_direction&quot;:null,&quot;jet_parallax_layout_z_index&quot;:&quot;&quot;,&quot;jet_parallax_layout_bg_x&quot;:50,&quot;jet_parallax_layout_bg_x_tablet&quot;:&quot;&quot;,&quot;jet_parallax_layout_bg_x_mobile&quot;:&quot;&quot;,&quot;jet_parallax_layout_bg_y&quot;:50,&quot;jet_parallax_layout_bg_y_tablet&quot;:&quot;&quot;,&quot;jet_parallax_layout_bg_y_mobile&quot;:&quot;&quot;,&quot;jet_parallax_layout_bg_size&quot;:&quot;auto&quot;,&quot;jet_parallax_layout_bg_size_tablet&quot;:&quot;&quot;,&quot;jet_parallax_layout_bg_size_mobile&quot;:&quot;&quot;,&quot;jet_parallax_layout_animation_prop&quot;:&quot;transform&quot;,&quot;jet_parallax_layout_on&quot;:[&quot;desktop&quot;,&quot;tablet&quot;]}]}\">\n\t\t\t\t\t\t<div class=\"elementor-container elementor-column-gap-default\">\n\t\t\t\t\t<div class=\"elementor-column elementor-col-50 elementor-inner-column elementor-element elementor-element-67bb6d0\" data-id=\"67bb6d0\" data-element_type=\"column\">\n\t\t\t<div class=\"elementor-widget-wrap\">\n\t\t\t\t\t\t\t<\/div>\n\t\t<\/div>\n\t\t\t\t<div class=\"elementor-column elementor-col-50 elementor-inner-column elementor-element elementor-element-6a9efb8\" data-id=\"6a9efb8\" data-element_type=\"column\">\n\t\t\t<div class=\"elementor-widget-wrap elementor-element-populated\">\n\t\t\t\t\t\t<div class=\"elementor-element elementor-element-30f738a elementor-widget elementor-widget-text-editor\" data-id=\"30f738a\" data-element_type=\"widget\" data-widget_type=\"text-editor.default\">\n\t\t\t\t\t\t\t\t\t<p style=\"text-align: justify;\"><strong>Regulamenta a modalidade de licita\u00e7\u00e3o denominada preg\u00e3o, para aquisi\u00e7\u00e3o de bens e servi\u00e7os comuns, no \u00e2mbito do Estado do Rio de Janeiro.<\/strong><\/p>\t\t\t\t\t\t\t\t<\/div>\n\t\t\t\t\t<\/div>\n\t\t<\/div>\n\t\t\t\t\t<\/div>\n\t\t<\/section>\n\t\t\t\t\t<\/div>\n\t\t<\/div>\n\t\t\t\t\t<\/div>\n\t\t<\/section>\n\t\t\t\t<section class=\"elementor-section elementor-top-section elementor-element elementor-element-88c26ed elementor-section-boxed elementor-section-height-default elementor-section-height-default\" data-id=\"88c26ed\" data-element_type=\"section\" data-settings=\"{&quot;jet_parallax_layout_list&quot;:[{&quot;jet_parallax_layout_image&quot;:{&quot;url&quot;:&quot;&quot;,&quot;id&quot;:&quot;&quot;,&quot;size&quot;:&quot;&quot;},&quot;_id&quot;:&quot;91ad5a5&quot;,&quot;jet_parallax_layout_image_tablet&quot;:{&quot;url&quot;:&quot;&quot;,&quot;id&quot;:&quot;&quot;,&quot;size&quot;:&quot;&quot;},&quot;jet_parallax_layout_image_mobile&quot;:{&quot;url&quot;:&quot;&quot;,&quot;id&quot;:&quot;&quot;,&quot;size&quot;:&quot;&quot;},&quot;jet_parallax_layout_speed&quot;:{&quot;unit&quot;:&quot;%&quot;,&quot;size&quot;:50,&quot;sizes&quot;:[]},&quot;jet_parallax_layout_type&quot;:&quot;scroll&quot;,&quot;jet_parallax_layout_direction&quot;:&quot;1&quot;,&quot;jet_parallax_layout_fx_direction&quot;:null,&quot;jet_parallax_layout_z_index&quot;:&quot;&quot;,&quot;jet_parallax_layout_bg_x&quot;:50,&quot;jet_parallax_layout_bg_x_tablet&quot;:&quot;&quot;,&quot;jet_parallax_layout_bg_x_mobile&quot;:&quot;&quot;,&quot;jet_parallax_layout_bg_y&quot;:50,&quot;jet_parallax_layout_bg_y_tablet&quot;:&quot;&quot;,&quot;jet_parallax_layout_bg_y_mobile&quot;:&quot;&quot;,&quot;jet_parallax_layout_bg_size&quot;:&quot;auto&quot;,&quot;jet_parallax_layout_bg_size_tablet&quot;:&quot;&quot;,&quot;jet_parallax_layout_bg_size_mobile&quot;:&quot;&quot;,&quot;jet_parallax_layout_animation_prop&quot;:&quot;transform&quot;,&quot;jet_parallax_layout_on&quot;:[&quot;desktop&quot;,&quot;tablet&quot;]}]}\">\n\t\t\t\t\t\t<div class=\"elementor-container elementor-column-gap-default\">\n\t\t\t\t\t<div class=\"elementor-column elementor-col-100 elementor-top-column elementor-element elementor-element-f3b4d3d\" data-id=\"f3b4d3d\" data-element_type=\"column\">\n\t\t\t<div class=\"elementor-widget-wrap elementor-element-populated\">\n\t\t\t\t\t\t<div class=\"elementor-element elementor-element-3d3234b elementor-widget elementor-widget-text-editor\" data-id=\"3d3234b\" data-element_type=\"widget\" data-widget_type=\"text-editor.default\">\n\t\t\t\t\t\t\t\t\t<p><strong style=\"font-size: 1.125rem; letter-spacing: 0px;\">A GOVERNADORA DO ESTADO DO RIO DE JANEIRO<\/strong><span style=\"font-size: 1.125rem; letter-spacing: 0px;\">, no uso de suas atribui\u00e7\u00f5es legais que lhe s\u00e3o conferidas pelo <a href=\"http:\/\/www2.alerj.rj.gov.br\/biblioteca\/assets\/documentos\/pdf\/constituicoes\/rio_de_janeiro\/constituicao_1989\/Constituicao_1989.pdf\"><strong>art. 145<\/strong><\/a> da Constitui\u00e7\u00e3o Estadual, <\/span><strong style=\"font-size: 1.125rem; letter-spacing: 0px;\">DECRETA:<\/strong><\/p><p><strong>Art. 1\u00ba &#8211;<\/strong>\u00a0 Este Decreto regulamenta os procedimentos para a realiza\u00e7\u00e3o de licita\u00e7\u00f5es na modalidade preg\u00e3o eletr\u00f4nico, destinadas \u00e0 aquisi\u00e7\u00e3o de bens e servi\u00e7os comuns, em que a disputa ocorre por meio de propostas e lances em se\u00e7\u00e3o p\u00fablica, com a utiliza\u00e7\u00e3o de recursos de tecnologia da informa\u00e7\u00e3o, no \u00e2mbito do Estado do Rio de Janeiro.<\/p><p><strong>Art. 2\u00ba &#8211;<\/strong> \u00c0s licita\u00e7\u00f5es referidas no artigo 1\u00ba aplica-se integralmente as normas da <a href=\"https:\/\/www.planalto.gov.br\/ccivil_03\/LEIS\/2002\/L10520.htm\"><strong>Lei n\u00ba 10.520<\/strong><\/a> de 17 de julho de 2002, do <a href=\"http:\/\/redelog.rj.gov.br\/redelog\/decreto-31863\/\"><strong>Decreto n.\u00ba 31.863<\/strong><\/a> de 16 de setembro de 2002 e, subsidiariamente, as normas da <a href=\"http:\/\/www.planalto.gov.br\/ccivil_03\/Leis\/L8666cons.htm\"><strong>Lei n\u00ba 8.666\/93<\/strong><\/a>.<\/p><p><strong>Art. 3\u00ba &#8211;<\/strong> Caber\u00e1 ao pregoeiro.<\/p><p><strong>I &#8211;<\/strong> a condu\u00e7\u00e3o da sess\u00e3o p\u00fablica do preg\u00e3o eletr\u00f4nico;<\/p><p><strong>II &#8211;<\/strong> a abertura e exame das propostas iniciais de pre\u00e7os apresentadas por meio eletr\u00f4nico;<\/p><p><strong>III &#8211;<\/strong> a abertura e an\u00e1lise da documenta\u00e7\u00e3o do licitante vencedor;<\/p><p><strong>IV &#8211;<\/strong> o recebimento e processamento da documenta\u00e7\u00e3o do processo licitat\u00f3rio respectivo, com todos com todos os atos essenciais do preg\u00e3o eletr\u00f4nico, com vista \u00e1 aferi\u00e7\u00e3o de sua regularidade pelos \u00f3rg\u00e3os de controle;<\/p><p><strong>V &#8211;<\/strong> o processamento dos recursos interpostos;<\/p><p><strong>VI &#8211;<\/strong> a adjudica\u00e7\u00e3o do objeto do certame ao licitante vencedor, em caso de n\u00e3o haver interposi\u00e7\u00e3o de recurso; VII &#8211; o encaminhamento do processo devidamente instru\u00eddo para julgamento dos recursos, adjudica\u00e7\u00e3o, homologa\u00e7\u00e3o contrata\u00e7\u00e3o pela autoridade competente e, no caso de n\u00e3o haver recursos, para a homologa\u00e7\u00e3o e a contrata\u00e7\u00e3o;<\/p><p><strong>VIII &#8211;<\/strong> a pr\u00e1tica dos demais atos pertinentes ao procedimento.<\/p><p><strong>Art. 4\u00ba &#8211;<\/strong> A modalidade de licita\u00e7\u00e3o a que se refere o artigo 1\u00ba deste Decreto ser\u00e1 realizada por meio da utiliza\u00e7\u00e3o de recursos de tecnologia da informa\u00e7\u00e3o cujo sistema promova a comunica\u00e7\u00e3o pela Internet, denominado preg\u00e3o eletr\u00f4nico.<\/p><p><strong>\u00a7 1\u00ba &#8211;<\/strong> O sistema a que se refere o caput deste artigo 1\u00ba poder\u00e1 ser do Estado do Rio de Janeiro, da entidade ou \u00f3rg\u00e3o aut\u00f4nomo licitante ou de terceiro. A utiliza\u00e7\u00e3o de sistema de terceiro ser\u00e1 viabilizada mediante a celebra\u00e7\u00e3o de conv\u00eanio sem \u00f4nus para a Administra\u00e7\u00e3o P\u00fablica.<\/p><p><strong>\u00a7 2\u00ba &#8211;<\/strong> O sistema eletr\u00f4nico utilizar\u00e1 recursos de criptografia e autentica\u00e7\u00e3o que assegurem condi\u00e7\u00f5es de seguran\u00e7a em todas as etapas do certame.<\/p><p><del><strong>Art. 5\u00ba &#8211;<\/strong> A autoridade competente do \u00f3rg\u00e3o promotor da licita\u00e7\u00e3o, o pregoeiro, o pregoeiro substituto, os membros da equipe de apoio, o representante <strong>SUPRIM\/SARE<\/strong>, os operadores do sistema e os licitantes que participam do preg\u00e3o eletr\u00f4nico, ser\u00e3o previamente credenciados perante o provedor do sistema eletr\u00f4nico.<\/del><\/p><p><strong>Art.\u00a0 5\u00ba &#8211;<\/strong> A\u00a0 autoridade\u00a0 competente\u00a0 do\u00a0 \u00f3rg\u00e3o\u00a0 promotor\u00a0 da\u00a0 licita\u00e7\u00e3o,\u00a0 o pregoeiro,\u00a0 o\u00a0 pregoeiro\u00a0 substituto,\u00a0 os\u00a0 membros\u00a0 da\u00a0 equipe\u00a0 de\u00a0 apoio,\u00a0 os operadores\u00a0\u00a0 do\u00a0\u00a0 sistema\u00a0\u00a0 e\u00a0\u00a0 os\u00a0\u00a0 licitantes\u00a0\u00a0 que\u00a0\u00a0 participam\u00a0\u00a0 do\u00a0\u00a0 preg\u00e3o eletr\u00f4nico,\u00a0\u00a0 ser\u00e3o\u00a0 \u00a0previamente\u00a0\u00a0 credenciados\u00a0\u00a0 perante\u00a0\u00a0 o\u00a0\u00a0 provedor\u00a0\u00a0 do sistema eletr\u00f4nico. <strong><em>(Reda\u00e7\u00e3o alterada pelo <a href=\"http:\/\/redelog.rj.gov.br\/redelog\/decreto-estadual-no-42301\/\">Decreto n\u00ba 42.301 de 12 de fevereiro de 2010<\/a>, publicado no DOE de 18\/02\/2010)<\/em><\/strong><\/p><p><strong>\u00a7 1\u00ba &#8211;<\/strong> O credenciamento junto ao provedor do sistema implica na responsabilidade legal do licitante ou seu representante legal e a presun\u00e7\u00e3o de sua capacidade t\u00e9cnica para realiza\u00e7\u00e3o das transa\u00e7\u00f5es inerentes ao preg\u00e3o;<\/p><p><strong>\u00a7 2\u00ba &#8211;<\/strong> Os licitantes ou seus representantes legais dever\u00e3o estar previamente credenciados junto ao provedor do sistema, no prazo de at\u00e9 tr\u00eas dias \u00fateis antes da data de realiza\u00e7\u00e3o do preg\u00e3o;<\/p><p><strong>\u00a7 3\u00ba &#8211;<\/strong> O credenciamento dar-se-\u00e1 pela atribui\u00e7\u00e3o de chave de identifica\u00e7\u00e3o e de senha pessoal e intransfer\u00edvel, para acesso ao sistema eletr\u00f4nico.<\/p><p><strong>\u00a7 4\u00ba &#8211;<\/strong> A chave de identifica\u00e7\u00e3o e a senha poder\u00e3o ser utilizadas em qualquer preg\u00e3o eletr\u00f4nico, salvo quando canceladas por solicita\u00e7\u00e3o credenciado, ou em virtude de sua inabilita\u00e7\u00e3o perante o Registro Central de Fornecedores deste Estado &#8211; RCF.<\/p><p><strong>Art. 6\u00ba &#8211;<\/strong> O uso da senha de acesso pelo licitante \u00e9 de sua responsabilidade exclusiva, incluindo qualquer transa\u00e7\u00e3o efetuada diariamente ou por seu representante, n\u00e3o cabendo ao provedor do sistema ou ao \u00f3rg\u00e3o promotor da licita\u00e7\u00e3o responsabilidade por eventuais danos decorrentes de uso indevido da senha, ainda que por terceiro.<\/p><p>Par\u00e1grafo \u00fanico &#8211; A perda da senha ou a quebra de sigilo dever\u00e3o ser comunicadas imediatamente ao provedor do sistema, para imediato bloqueio de acesso.<\/p><p><strong>Art. 7\u00ba &#8211;<\/strong> A participa\u00e7\u00e3o no preg\u00e3o eletr\u00f4nico pelo licitante dar-se-\u00e1 por meio da digita\u00e7\u00e3o da respectiva senha privativa e subsequente encaminhamento de proposta de pre\u00e7o, exclusivamente por meio do sistema eletr\u00f4nico, em hor\u00e1rio previsto no edital.<\/p><p><strong>Art. 8\u00ba &#8211;<\/strong> Como requisito para a participa\u00e7\u00e3o no preg\u00e3o eletr\u00f4nico, o licitante dever\u00e1 manifestar, em campo pr\u00f3prio do sistema, o plano conhecimento e atendimento \u00e1s exig\u00eancias de habilita\u00e7\u00e3o previstas no edital.<\/p><p><strong>Art. 9\u00ba &#8211;<\/strong> O licitante ser\u00e1 respons\u00e1vel por todas as transa\u00e7\u00f5es que forem efetuadas em seu nome no sistema eletr\u00f4nico, assumindo como firmes e verdadeiras suas propostas e lances. Par\u00e1grafo \u00fanico &#8211; Incumbir\u00e1 ao licitante acompanhar as opera\u00e7\u00f5es no sistema eletr\u00f4nico durante a sess\u00e3o p\u00fablica do preg\u00e3o, ficando respons\u00e1vel pelo \u00f4nus decorrente da perda de neg\u00f3cios diante da inobserv\u00e2ncia de quaisquer mensagens emitidas pelo sistema ou de sua desconex\u00e3o.<\/p><p><strong>Art. 10\u00ba &#8211;<\/strong> A licita\u00e7\u00e3o por preg\u00e3o eletr\u00f4nico ser\u00e1 regida, sem preju\u00edzo da legisla\u00e7\u00e3o mencionada no art. 2\u00ba, pelas seguintes normas:<\/p><p><strong>I &#8211;<\/strong> a convoca\u00e7\u00e3o dos interessados ser\u00e1 efetuada, obrigatoriamente, por meio de publica\u00e7\u00e3o de aviso espec\u00edfico no DOERJ e por meio eletr\u00f4nico, na Internet, sendo que, para bens e servi\u00e7os de valores estimados acima de R$ 160.000,00 ( cento e sessenta mil reais) at\u00e9 R$ 650.000,00 (seiscentos e cinq\u00fcenta mil reais) , al\u00e9m dos avisos obrigat\u00f3rios, publica\u00e7\u00e3o em jornal de grande circula\u00e7\u00e3o regional ou nacional;<\/p><p><strong>II &#8211;<\/strong> Os fornecedores cadastrados ser\u00e3o, tamb\u00e9m, convocados, obrigatoriamente, por correio eletr\u00f4nico;<\/p><p><strong>III &#8211;<\/strong> do aviso especifico e da correspond\u00eancia encaminhada aos cadastrados por correio eletr\u00f4nico, dever\u00e3o constar a defini\u00e7\u00e3o precisa e clara do objeto da licita\u00e7\u00e3o, bem como a indica\u00e7\u00e3o do endere\u00e7o eletr\u00f4nico, dia e hor\u00e1rio em que poder\u00e1 ser lida ou obtida a entrega do edital.<\/p><p><strong>IV &#8211;<\/strong> o prazo fixado para apresenta\u00e7\u00e3o das propostas, contado a partir da publica\u00e7\u00e3o do aviso n\u00e3o ser\u00e1 inferior a 8 (oito) dias \u00fateis;<\/p><p><strong>V &#8211;<\/strong> do edital constar\u00e3o a modalidade da solicita\u00e7\u00e3o, defini\u00e7\u00e3o clara do objetivo do certame, as exig\u00eancias de habilita\u00e7\u00e3o, os crit\u00e9rios de aceita\u00e7\u00e3o das propostas, as san\u00e7\u00f5es por inadimplemento, as cl\u00e1usulas do contrato, inclusive com fixa\u00e7\u00e3o dos prazos para fornecimento e o endere\u00e7o eletr\u00f4nico onde ocorrer\u00e1 a sess\u00e3o p\u00fablica, a data e a hora de sua realiza\u00e7\u00e3o e a indica\u00e7\u00e3o de que o preg\u00e3o ser\u00e1 realizado por meio de sistema eletr\u00f4nico;<\/p><p><strong>VI &#8211;<\/strong> todas as refer\u00eancia de tempo no edital, no aviso e durante a sess\u00e3o p\u00fablica observar\u00e3o, obrigatoriamente, o hor\u00e1rio de Bras\u00edlia &#8211; DF, e dessa forma ser\u00e3o registrada no sistema eletr\u00f4nico e na documenta\u00e7\u00e3o relativa ao certame;<\/p><p><strong>VII &#8211;<\/strong> no caso de contrata\u00e7\u00e3o de servi\u00e7os, as planilhas de custos, previstas no edital, dever\u00e3o ser encaminhadas em formul\u00e1rio eletr\u00f4nico especifico, juntamente com a proposta de pre\u00e7o;<\/p><p><strong>VIII &#8211;<\/strong> a partir do hor\u00e1rio previsto no edital , ter\u00e1 inicio a sess\u00e3o p\u00fablica do preg\u00e3o eletr\u00f4nico, com a divulga\u00e7\u00e3o das propostas de pre\u00e7os recebidas;<\/p><p><strong>IX &#8211;<\/strong> para julgamento e classifica\u00e7\u00e3o das propostas, ser\u00e1 adotado o crit\u00e9rio de menor pre\u00e7o, observados os requisitos do edital;<\/p><p><strong>X &#8211;<\/strong> aberta a etapa competitiva, os licitantes poder\u00e3o oferecer lances sucessivos e decrescente, exclusivamente por meio do sistema eletr\u00f4nico, observado o hor\u00e1rio fixados e as regras de aceita\u00e7\u00e3o;<\/p><p><strong>XI &#8211;<\/strong> s\u00f3 ser\u00e3o aceitos lances cujos valores sejam inferiores ao \u00faltimo apresentado ou registrado ou no sistema;<\/p><p><strong>XII &#8211;<\/strong> n\u00e3o ser\u00e3o aceitos dois ou mais lances de mesmo valor, prevalecendo aquele que for recebido em primeiro lugar;<\/p><p><strong>XIII &#8211;<\/strong> durante a sess\u00e3o p\u00fablica do preg\u00e3o eletr\u00f4nico, os licitantes ser\u00e3o informados, em tempo real, do valor do menor lance registrado, que tenha sido apresentado pelos demais licitantes , vedada a identifica\u00e7\u00e3o do detentor do lance;<\/p><p><strong>XIV &#8211;<\/strong> caso n\u00e3o se realizem os lances, ser\u00e1 verificada a conformidade entre a proposta enviada em menor pre\u00e7o e valor estimado para a contrata\u00e7\u00e3o.<\/p><p><strong>XV &#8211;<\/strong> o encerramento da etapa de lances da sess\u00e3o p\u00fablica do preg\u00e3o eletr\u00f4nico poder\u00e1 ocorrer em momento aleatoriamente definido pelo sistema eletr\u00f4nico, ap\u00f3s o encerramento do tempo previsto inicialmente;<\/p><p><strong>XVI &#8211;<\/strong> o pregoeiro poder\u00e1 encaminhar, pelo sistema eletr\u00f4nico, contraproposta diretamente ao licitante que tiver apresentado o lance de menor valor, para que seja obtido pre\u00e7o melhor, bem assim decidir sobre sua aceita\u00e7\u00e3o;<\/p><p><strong>XVII &#8211;<\/strong> o pregoeiro anunciar\u00e1, imediatamente ap\u00f3s o encerramento da etapa de lances da sess\u00e3o p\u00fablica, o licitante vencedor, ou, quando for o caso, ap\u00f3s negocia\u00e7\u00e3o e decis\u00e3o pelo pregoeiro acerca da aceita\u00e7\u00e3o de lance de menor valor;<\/p><p><strong>XVIII &#8211;<\/strong> a documenta\u00e7\u00e3o habilitat\u00f3ria do licitante vencedor dever\u00e1 ser encaminhada, no original ou por c\u00f3pia autenticada, ao endere\u00e7o estabelecido , no prazo de 03(tr\u00eas) dias \u00fateis, contados do encerramento da etapa de lances da sess\u00e3o p\u00fablica;<\/p><p><strong>XIX &#8211;<\/strong> se a proposta ou lance de menor valor n\u00e3o for exequ\u00edvel, ou se o licitante desatender \u00e1s exig\u00eancias da fase de habilita\u00e7\u00e3o ou n\u00e3o atender o prazo fixado no inicio XVII, o pregoeiro examinar\u00e1 a proposta ou lance subsequente, verificando a sua exequibilidade e procedendo \u00e1 sua habilita\u00e7\u00e3o, na ordem de classifica\u00e7\u00e3o e assim sucessivamente, at\u00e9 a apura\u00e7\u00e3o de uma proposta, ou lance que atenda ao edital;<\/p><p><strong>XX &#8211;<\/strong> no caso da contrata\u00e7\u00e3o para presta\u00e7\u00e3o de servi\u00e7os, o licitante vencedor dever\u00e1 encaminhar em formul\u00e1rio eletr\u00f4nico especifico, a planilha de custos, com os respectivos valores readequados ao valor total representado pelo lance vencedor ,no prazo de lances da sess\u00e3o p\u00fablica.<\/p><p><strong>XXI &#8211;<\/strong> o interesse do licitante em interpor recurso dever\u00e1 ser manifestado, atrav\u00e9s do sistema eletr\u00f4nico, imediatamente ap\u00f3s o encerramento da fase competitiva do preg\u00e3o, quando lhe ser\u00e1 concedido o prazo de tr\u00eas dias \u00fateis para apresenta\u00e7\u00e3o das raz\u00f5es do recurso, ficando os demais licitantes desde logo, intimados a apresentarem contra-raz\u00f5es em igual prazo , que correr\u00e1 a partir do t\u00e9rmino do prazo do recorrente. Para fim de apresenta\u00e7\u00e3o das referidas raz\u00f5es e contra-raz\u00f5es ser\u00e1 facultada a utiliza\u00e7\u00e3o de endere\u00e7o eletr\u00f4nico na Internet ou fax, previamente divulgados em edital, com envio do original, observado o prazo de tr\u00eas dias \u00fateis;<\/p><p><strong>XXII &#8211;<\/strong> o acolhimento de recursos importar\u00e1 a invalida\u00e7\u00e3o apenas dos atos insuscet\u00edveis de aproveitamento;<\/p><p><strong>XXIII &#8211;<\/strong> decididos os recursos e constatada a regularidade dos atos procedimentais, a autoridade competente far\u00e1 a adjudica\u00e7\u00e3o da licita\u00e7\u00e3o ao licitante vencedor;<\/p><p><strong>XXIV &#8211;<\/strong> como condi\u00e7\u00e3o para celebra\u00e7\u00e3o do contrato, o licitante vencedor dever\u00e1 manter as mesmas condi\u00e7\u00f5es da habilita\u00e7\u00e3o;<\/p><p><strong>XXV &#8211;<\/strong> quando o proponente vencedor n\u00e3o apresentar situa\u00e7\u00e3o regular, no ato da assinatura do contrato, ser\u00e1 convocado outro licitante, observada a ordem de classifica\u00e7\u00e3o, para celebrar o contrato, e assim sucessivamente, em conformidade com o inciso XIX, sem preju\u00edzo da aplica\u00e7\u00e3o das san\u00e7\u00f5es cab\u00edveis;<\/p><p><strong>XXVI &#8211;<\/strong> se o licitante vencedor recusar-se a assinar o contrato injustificadamente, ser\u00e1 aplicada a regra estabelecida no inciso XXV;<\/p><p><strong>XXVII &#8211;<\/strong> a indica\u00e7\u00e3o do lance vencedor, a classifica\u00e7\u00e3o dos lances apresentados e de mais informa\u00e7\u00f5es relativas \u00e1 sess\u00e3o p\u00fablica do preg\u00e3o constar\u00e3o de ata divulgada no sistema eletr\u00f4nico.<\/p><p><strong>Art. 11\u00b0 &#8211;<\/strong> O prazo de validade das propostas ser\u00e1 de 60 (sessenta) dias, se outro n\u00e3o estiver fixado no edital.<\/p><p><strong>Art. 12\u00b0 &#8211;<\/strong> O pregoeiro poder\u00e1 negociar com o licitante vencedor para que seja obtido pre\u00e7o melhor.<\/p><p><strong>Art. 13\u00b0 &#8211;<\/strong> Ocorrendo a desconex\u00e3o com o pregoeiro, no decorrer da etapa competitiva do preg\u00e3o, o sistema eletr\u00f4nico poder\u00e1 permanecer acess\u00edvel aos licitantes para a recep\u00e7\u00e3o de lances, retornando o pregoeiro, quando poss\u00edvel, sua atua\u00e7\u00e3o no certame, sem preju\u00edzo dos atos realizados. Par\u00e1grafo \u00fanico &#8211; Quando a desconex\u00e3o persistir por tempo superior a dez minutos, a sess\u00e3o do preg\u00e3o ser\u00e1 suspensa e ter\u00e1 reinicio somente ap\u00f3s comunica\u00e7\u00e3o expressa aos participantes.<\/p><p><strong>Art. 14\u00b0 &#8211;<\/strong> Subordinam-se ao regime deste Decreto os \u00f3rg\u00e3os da Administra\u00e7\u00e3o Direta, as Autarquias, Funda\u00e7\u00f5es e, facultativamente, as empresas p\u00fablicas e sociedade de economia mista.<\/p><p><strong>Art. 15\u00b0 &#8211;<\/strong> Compete \u00e0 Secretaria de Estado da Administra\u00e7\u00e3o e Reestrutura\u00e7\u00e3o, atrav\u00e9s da Superintend\u00eancia de Suprimento de Bens e Servi\u00e7os &#8211; SUPRIM\/SARE, fiscalizar, orientar e estabelecer as normas complementares sobre a mat\u00e9ria regulada neste Decreto, bem como resolver os casos omissos.<\/p><p><strong>Art. 16\u00b0 &#8211;<\/strong> Este Decreto entra em vigor na data de sua publica\u00e7\u00e3o.<\/p><p>\u00a0<\/p><p style=\"text-align: center;\">Rio de Janeiro, 16 de setembro de 2002.<\/p><p>\u00a0<\/p><p style=\"text-align: center;\"><strong>BENEDITA DA SILVA<\/strong><\/p><p style=\"text-align: center;\">Governadora<\/p>\t\t\t\t\t\t\t\t<\/div>\n\t\t\t\t\t<\/div>\n\t\t<\/div>\n\t\t\t\t\t<\/div>\n\t\t<\/section>\n\t\t\t\t<section class=\"elementor-section elementor-top-section elementor-element elementor-element-9553fca elementor-section-boxed elementor-section-height-default elementor-section-height-default\" data-id=\"9553fca\" data-element_type=\"section\" data-settings=\"{&quot;jet_parallax_layout_list&quot;:[{&quot;jet_parallax_layout_image&quot;:{&quot;url&quot;:&quot;&quot;,&quot;id&quot;:&quot;&quot;,&quot;size&quot;:&quot;&quot;},&quot;_id&quot;:&quot;04dd098&quot;,&quot;jet_parallax_layout_image_tablet&quot;:{&quot;url&quot;:&quot;&quot;,&quot;id&quot;:&quot;&quot;,&quot;size&quot;:&quot;&quot;},&quot;jet_parallax_layout_image_mobile&quot;:{&quot;url&quot;:&quot;&quot;,&quot;id&quot;:&quot;&quot;,&quot;size&quot;:&quot;&quot;},&quot;jet_parallax_layout_speed&quot;:{&quot;unit&quot;:&quot;%&quot;,&quot;size&quot;:50,&quot;sizes&quot;:[]},&quot;jet_parallax_layout_type&quot;:&quot;scroll&quot;,&quot;jet_parallax_layout_direction&quot;:&quot;1&quot;,&quot;jet_parallax_layout_fx_direction&quot;:null,&quot;jet_parallax_layout_z_index&quot;:&quot;&quot;,&quot;jet_parallax_layout_bg_x&quot;:50,&quot;jet_parallax_layout_bg_x_tablet&quot;:&quot;&quot;,&quot;jet_parallax_layout_bg_x_mobile&quot;:&quot;&quot;,&quot;jet_parallax_layout_bg_y&quot;:50,&quot;jet_parallax_layout_bg_y_tablet&quot;:&quot;&quot;,&quot;jet_parallax_layout_bg_y_mobile&quot;:&quot;&quot;,&quot;jet_parallax_layout_bg_size&quot;:&quot;auto&quot;,&quot;jet_parallax_layout_bg_size_tablet&quot;:&quot;&quot;,&quot;jet_parallax_layout_bg_size_mobile&quot;:&quot;&quot;,&quot;jet_parallax_layout_animation_prop&quot;:&quot;transform&quot;,&quot;jet_parallax_layout_on&quot;:[&quot;desktop&quot;,&quot;tablet&quot;]}]}\">\n\t\t\t\t\t\t<div class=\"elementor-container elementor-column-gap-default\">\n\t\t\t\t\t<div class=\"elementor-column elementor-col-100 elementor-top-column elementor-element elementor-element-8cc6223\" data-id=\"8cc6223\" data-element_type=\"column\">\n\t\t\t<div class=\"elementor-widget-wrap elementor-element-populated\">\n\t\t\t\t\t\t<div class=\"elementor-element elementor-element-3a83d56 elementor-widget elementor-widget-text-editor\" data-id=\"3a83d56\" data-element_type=\"widget\" data-widget_type=\"text-editor.default\">\n\t\t\t\t\t\t\t\t\t<p><em>Publicado no DOE em <strong>17\/09\/2002<\/strong>.<\/em><\/p><p><em>Alterado pelo Decreto n\u00ba 42.301 de 12 de fevereiro de 2010, publicado no DOE de <strong>18\/02\/2010<\/strong>.<\/em><\/p>\t\t\t\t\t\t\t\t<\/div>\n\t\t\t\t\t<\/div>\n\t\t<\/div>\n\t\t\t\t\t<\/div>\n\t\t<\/section>\n\t\t\t\t<section class=\"elementor-section elementor-top-section elementor-element elementor-element-2230f3a elementor-section-boxed elementor-section-height-default elementor-section-height-default\" data-id=\"2230f3a\" data-element_type=\"section\" data-settings=\"{&quot;jet_parallax_layout_list&quot;:[{&quot;jet_parallax_layout_image&quot;:{&quot;url&quot;:&quot;&quot;,&quot;id&quot;:&quot;&quot;,&quot;size&quot;:&quot;&quot;},&quot;_id&quot;:&quot;fa8c9c7&quot;,&quot;jet_parallax_layout_image_tablet&quot;:{&quot;url&quot;:&quot;&quot;,&quot;id&quot;:&quot;&quot;,&quot;size&quot;:&quot;&quot;},&quot;jet_parallax_layout_image_mobile&quot;:{&quot;url&quot;:&quot;&quot;,&quot;id&quot;:&quot;&quot;,&quot;size&quot;:&quot;&quot;},&quot;jet_parallax_layout_speed&quot;:{&quot;unit&quot;:&quot;%&quot;,&quot;size&quot;:50,&quot;sizes&quot;:[]},&quot;jet_parallax_layout_type&quot;:&quot;scroll&quot;,&quot;jet_parallax_layout_direction&quot;:&quot;1&quot;,&quot;jet_parallax_layout_fx_direction&quot;:null,&quot;jet_parallax_layout_z_index&quot;:&quot;&quot;,&quot;jet_parallax_layout_bg_x&quot;:50,&quot;jet_parallax_layout_bg_x_tablet&quot;:&quot;&quot;,&quot;jet_parallax_layout_bg_x_mobile&quot;:&quot;&quot;,&quot;jet_parallax_layout_bg_y&quot;:50,&quot;jet_parallax_layout_bg_y_tablet&quot;:&quot;&quot;,&quot;jet_parallax_layout_bg_y_mobile&quot;:&quot;&quot;,&quot;jet_parallax_layout_bg_size&quot;:&quot;auto&quot;,&quot;jet_parallax_layout_bg_size_tablet&quot;:&quot;&quot;,&quot;jet_parallax_layout_bg_size_mobile&quot;:&quot;&quot;,&quot;jet_parallax_layout_animation_prop&quot;:&quot;transform&quot;,&quot;jet_parallax_layout_on&quot;:[&quot;desktop&quot;,&quot;tablet&quot;]}]}\">\n\t\t\t\t\t\t<div class=\"elementor-container elementor-column-gap-default\">\n\t\t\t\t\t<div class=\"elementor-column elementor-col-100 elementor-top-column elementor-element elementor-element-180e078\" data-id=\"180e078\" data-element_type=\"column\">\n\t\t\t<div class=\"elementor-widget-wrap elementor-element-populated\">\n\t\t\t\t\t\t<div class=\"elementor-element elementor-element-3a578fb elementor-widget-divider--view-line elementor-widget elementor-widget-divider\" data-id=\"3a578fb\" data-element_type=\"widget\" data-widget_type=\"divider.default\">\n\t\t\t\t\t\t\t<div class=\"elementor-divider\">\n\t\t\t<span class=\"elementor-divider-separator\">\n\t\t\t\t\t\t<\/span>\n\t\t<\/div>\n\t\t\t\t\t\t<\/div>\n\t\t\t\t\t<\/div>\n\t\t<\/div>\n\t\t\t\t\t<\/div>\n\t\t<\/section>\n\t\t\t\t<section class=\"elementor-section elementor-top-section elementor-element elementor-element-e21b4d3 elementor-section-boxed elementor-section-height-default elementor-section-height-default\" data-id=\"e21b4d3\" data-element_type=\"section\" id=\"options\" data-settings=\"{&quot;jet_parallax_layout_list&quot;:[{&quot;jet_parallax_layout_image&quot;:{&quot;url&quot;:&quot;&quot;,&quot;id&quot;:&quot;&quot;,&quot;size&quot;:&quot;&quot;},&quot;_id&quot;:&quot;19d7213&quot;,&quot;jet_parallax_layout_image_tablet&quot;:{&quot;url&quot;:&quot;&quot;,&quot;id&quot;:&quot;&quot;,&quot;size&quot;:&quot;&quot;},&quot;jet_parallax_layout_image_mobile&quot;:{&quot;url&quot;:&quot;&quot;,&quot;id&quot;:&quot;&quot;,&quot;size&quot;:&quot;&quot;},&quot;jet_parallax_layout_speed&quot;:{&quot;unit&quot;:&quot;%&quot;,&quot;size&quot;:50,&quot;sizes&quot;:[]},&quot;jet_parallax_layout_type&quot;:&quot;scroll&quot;,&quot;jet_parallax_layout_direction&quot;:&quot;1&quot;,&quot;jet_parallax_layout_fx_direction&quot;:null,&quot;jet_parallax_layout_z_index&quot;:&quot;&quot;,&quot;jet_parallax_layout_bg_x&quot;:50,&quot;jet_parallax_layout_bg_x_tablet&quot;:&quot;&quot;,&quot;jet_parallax_layout_bg_x_mobile&quot;:&quot;&quot;,&quot;jet_parallax_layout_bg_y&quot;:50,&quot;jet_parallax_layout_bg_y_tablet&quot;:&quot;&quot;,&quot;jet_parallax_layout_bg_y_mobile&quot;:&quot;&quot;,&quot;jet_parallax_layout_bg_size&quot;:&quot;auto&quot;,&quot;jet_parallax_layout_bg_size_tablet&quot;:&quot;&quot;,&quot;jet_parallax_layout_bg_size_mobile&quot;:&quot;&quot;,&quot;jet_parallax_layout_animation_prop&quot;:&quot;transform&quot;,&quot;jet_parallax_layout_on&quot;:[&quot;desktop&quot;,&quot;tablet&quot;]}]}\">\n\t\t\t\t\t\t<div class=\"elementor-container elementor-column-gap-default\">\n\t\t\t\t\t<div class=\"elementor-column elementor-col-100 elementor-top-column elementor-element elementor-element-b7e38dc\" data-id=\"b7e38dc\" data-element_type=\"column\">\n\t\t\t<div class=\"elementor-widget-wrap elementor-element-populated\">\n\t\t\t\t\t\t<div class=\"elementor-element elementor-element-0612c6a elementor-widget elementor-widget-shortcode\" data-id=\"0612c6a\" data-element_type=\"widget\" data-widget_type=\"shortcode.default\">\n\t\t\t\t\t\t\t<div class=\"elementor-shortcode\"><div class='printomatic pom-default ' id='id4224' alt='Imprimir' title='Imprimir' data-print_target='#post-9457'><\/div> <div class='printomatictext' id='id4224' alt='Imprimir' title='Imprimir' data-print_target='#post-9457'>Imprimir<\/div><div style='clear: both;'><\/div><\/div>\n\t\t\t\t\t\t<\/div>\n\t\t\t\t<section class=\"elementor-section elementor-inner-section elementor-element elementor-element-324cd47 elementor-section-boxed elementor-section-height-default elementor-section-height-default\" data-id=\"324cd47\" data-element_type=\"section\" data-settings=\"{&quot;jet_parallax_layout_list&quot;:[{&quot;jet_parallax_layout_image&quot;:{&quot;url&quot;:&quot;&quot;,&quot;id&quot;:&quot;&quot;,&quot;size&quot;:&quot;&quot;},&quot;_id&quot;:&quot;ccec7d1&quot;,&quot;jet_parallax_layout_image_tablet&quot;:{&quot;url&quot;:&quot;&quot;,&quot;id&quot;:&quot;&quot;,&quot;size&quot;:&quot;&quot;},&quot;jet_parallax_layout_image_mobile&quot;:{&quot;url&quot;:&quot;&quot;,&quot;id&quot;:&quot;&quot;,&quot;size&quot;:&quot;&quot;},&quot;jet_parallax_layout_speed&quot;:{&quot;unit&quot;:&quot;%&quot;,&quot;size&quot;:50,&quot;sizes&quot;:[]},&quot;jet_parallax_layout_type&quot;:&quot;scroll&quot;,&quot;jet_parallax_layout_direction&quot;:&quot;1&quot;,&quot;jet_parallax_layout_fx_direction&quot;:null,&quot;jet_parallax_layout_z_index&quot;:&quot;&quot;,&quot;jet_parallax_layout_bg_x&quot;:50,&quot;jet_parallax_layout_bg_x_tablet&quot;:&quot;&quot;,&quot;jet_parallax_layout_bg_x_mobile&quot;:&quot;&quot;,&quot;jet_parallax_layout_bg_y&quot;:50,&quot;jet_parallax_layout_bg_y_tablet&quot;:&quot;&quot;,&quot;jet_parallax_layout_bg_y_mobile&quot;:&quot;&quot;,&quot;jet_parallax_layout_bg_size&quot;:&quot;auto&quot;,&quot;jet_parallax_layout_bg_size_tablet&quot;:&quot;&quot;,&quot;jet_parallax_layout_bg_size_mobile&quot;:&quot;&quot;,&quot;jet_parallax_layout_animation_prop&quot;:&quot;transform&quot;,&quot;jet_parallax_layout_on&quot;:[&quot;desktop&quot;,&quot;tablet&quot;]}]}\">\n\t\t\t\t\t\t<div class=\"elementor-container elementor-column-gap-default\">\n\t\t\t\t\t<div class=\"elementor-column elementor-col-50 elementor-inner-column elementor-element elementor-element-f7d6a6c\" data-id=\"f7d6a6c\" data-element_type=\"column\">\n\t\t\t<div class=\"elementor-widget-wrap elementor-element-populated\">\n\t\t\t\t\t\t<div class=\"elementor-element elementor-element-5f40f93 elementor-widget elementor-widget-text-editor\" data-id=\"5f40f93\" data-element_type=\"widget\" data-widget_type=\"text-editor.default\">\n\t\t\t\t\t\t\t\t\t<p><strong><a href=\"http:\/\/redelog.rj.gov.br\/redelog\/legislacao-licitacoes\/\">\u2190 Voltar &#8211; Licita\u00e7\u00f5es<\/a><\/strong><\/p>\t\t\t\t\t\t\t\t<\/div>\n\t\t\t\t\t<\/div>\n\t\t<\/div>\n\t\t\t\t<div class=\"elementor-column elementor-col-50 elementor-inner-column elementor-element elementor-element-3f1cb52\" data-id=\"3f1cb52\" data-element_type=\"column\">\n\t\t\t<div class=\"elementor-widget-wrap elementor-element-populated\">\n\t\t\t\t\t\t\t<\/div>\n\t\t<\/div>\n\t\t\t\t\t<\/div>\n\t\t<\/section>\n\t\t\t\t\t<\/div>\n\t\t<\/div>\n\t\t\t\t\t<\/div>\n\t\t<\/section>\n\t\t\t\t<section class=\"elementor-section elementor-top-section elementor-element elementor-element-546bc6a elementor-section-boxed elementor-section-height-default elementor-section-height-default\" data-id=\"546bc6a\" data-element_type=\"section\" data-settings=\"{&quot;jet_parallax_layout_list&quot;:[{&quot;jet_parallax_layout_image&quot;:{&quot;url&quot;:&quot;&quot;,&quot;id&quot;:&quot;&quot;,&quot;size&quot;:&quot;&quot;},&quot;_id&quot;:&quot;22a0abb&quot;,&quot;jet_parallax_layout_image_tablet&quot;:{&quot;url&quot;:&quot;&quot;,&quot;id&quot;:&quot;&quot;,&quot;size&quot;:&quot;&quot;},&quot;jet_parallax_layout_image_mobile&quot;:{&quot;url&quot;:&quot;&quot;,&quot;id&quot;:&quot;&quot;,&quot;size&quot;:&quot;&quot;},&quot;jet_parallax_layout_speed&quot;:{&quot;unit&quot;:&quot;%&quot;,&quot;size&quot;:50,&quot;sizes&quot;:[]},&quot;jet_parallax_layout_type&quot;:&quot;scroll&quot;,&quot;jet_parallax_layout_direction&quot;:&quot;1&quot;,&quot;jet_parallax_layout_fx_direction&quot;:null,&quot;jet_parallax_layout_z_index&quot;:&quot;&quot;,&quot;jet_parallax_layout_bg_x&quot;:50,&quot;jet_parallax_layout_bg_x_tablet&quot;:&quot;&quot;,&quot;jet_parallax_layout_bg_x_mobile&quot;:&quot;&quot;,&quot;jet_parallax_layout_bg_y&quot;:50,&quot;jet_parallax_layout_bg_y_tablet&quot;:&quot;&quot;,&quot;jet_parallax_layout_bg_y_mobile&quot;:&quot;&quot;,&quot;jet_parallax_layout_bg_size&quot;:&quot;auto&quot;,&quot;jet_parallax_layout_bg_size_tablet&quot;:&quot;&quot;,&quot;jet_parallax_layout_bg_size_mobile&quot;:&quot;&quot;,&quot;jet_parallax_layout_animation_prop&quot;:&quot;transform&quot;,&quot;jet_parallax_layout_on&quot;:[&quot;desktop&quot;,&quot;tablet&quot;]}]}\">\n\t\t\t\t\t\t<div class=\"elementor-container elementor-column-gap-default\">\n\t\t\t\t\t<div class=\"elementor-column elementor-col-100 elementor-top-column elementor-element elementor-element-8dd97b9\" data-id=\"8dd97b9\" data-element_type=\"column\">\n\t\t\t<div class=\"elementor-widget-wrap elementor-element-populated\">\n\t\t\t\t\t\t<div class=\"elementor-element elementor-element-8e4340a elementor-widget elementor-widget-html\" data-id=\"8e4340a\" data-element_type=\"widget\" data-widget_type=\"html.default\">\n\t\t\t\t\t<style>\n    h2, .h2-style{\n        font-size: 28px;\n    }\n<\/style>\t\t\t\t<\/div>\n\t\t\t\t\t<\/div>\n\t\t<\/div>\n\t\t\t\t\t<\/div>\n\t\t<\/section>\n\t\t\t\t<\/div>\n\t\t","protected":false},"excerpt":{"rendered":"<p>Regulamenta a modalidade de licita\u00e7\u00e3o denominada preg\u00e3o, para aquisi\u00e7\u00e3o de bens e servi\u00e7os comuns, no \u00e2mbito do Estado do Rio de Janeiro. A GOVERNADORA DO ESTADO DO RIO DE JANEIRO, no uso de suas atribui\u00e7\u00f5es legais que lhe s\u00e3o conferidas pelo art. 145 da Constitui\u00e7\u00e3o Estadual, DECRETA: Art. 1\u00ba &#8211;\u00a0 Este Decreto regulamenta os procedimentos [&hellip;]<\/p>\n","protected":false},"author":1,"featured_media":0,"comment_status":"closed","ping_status":"open","sticky":false,"template":"","format":"standard","meta":{"_joinchat":[],"footnotes":""},"categories":[23],"tags":[],"class_list":["post-9457","post","type-post","status-publish","format-standard","hentry","category-cat-legislacao"],"yoast_head":"<!-- This site is optimized with the Yoast SEO plugin v25.7 - https:\/\/yoast.com\/wordpress\/plugins\/seo\/ -->\n<title>DECRETO N\u00ba 31.864, DE 16 DE SETEMBRO DE 2002 - Redelog<\/title>\n<meta name=\"robots\" content=\"index, follow, max-snippet:-1, max-image-preview:large, max-video-preview:-1\" \/>\n<link rel=\"canonical\" href=\"https:\/\/redelog.rj.gov.br\/redelog\/decreto-31864\/\" \/>\n<meta property=\"og:locale\" content=\"pt_BR\" \/>\n<meta property=\"og:type\" content=\"article\" \/>\n<meta property=\"og:title\" content=\"DECRETO N\u00ba 31.864, DE 16 DE SETEMBRO DE 2002 - Redelog\" \/>\n<meta property=\"og:description\" content=\"Regulamenta a modalidade de licita\u00e7\u00e3o denominada preg\u00e3o, para aquisi\u00e7\u00e3o de bens e servi\u00e7os comuns, no \u00e2mbito do Estado do Rio de Janeiro. A GOVERNADORA DO ESTADO DO RIO DE JANEIRO, no uso de suas atribui\u00e7\u00f5es legais que lhe s\u00e3o conferidas pelo art. 145 da Constitui\u00e7\u00e3o Estadual, DECRETA: Art. 1\u00ba &#8211;\u00a0 Este Decreto regulamenta os procedimentos [&hellip;]\" \/>\n<meta property=\"og:url\" content=\"https:\/\/redelog.rj.gov.br\/redelog\/decreto-31864\/\" \/>\n<meta property=\"og:site_name\" content=\"Redelog\" \/>\n<meta property=\"article:published_time\" content=\"2022-01-13T19:48:17+00:00\" \/>\n<meta property=\"article:modified_time\" content=\"2022-02-24T16:25:21+00:00\" \/>\n<meta name=\"author\" content=\"alheiro\" \/>\n<meta name=\"twitter:card\" content=\"summary_large_image\" \/>\n<meta name=\"twitter:label1\" content=\"Escrito por\" \/>\n\t<meta name=\"twitter:data1\" content=\"alheiro\" \/>\n\t<meta name=\"twitter:label2\" content=\"Est. tempo de leitura\" \/>\n\t<meta name=\"twitter:data2\" content=\"9 minutos\" \/>\n<script type=\"application\/ld+json\" class=\"yoast-schema-graph\">{\"@context\":\"https:\/\/schema.org\",\"@graph\":[{\"@type\":\"Article\",\"@id\":\"https:\/\/redelog.rj.gov.br\/redelog\/decreto-31864\/#article\",\"isPartOf\":{\"@id\":\"https:\/\/redelog.rj.gov.br\/redelog\/decreto-31864\/\"},\"author\":{\"name\":\"alheiro\",\"@id\":\"https:\/\/redelog.rj.gov.br\/redelog\/#\/schema\/person\/1299ae2b7bfb510dd74c28ed239470fb\"},\"headline\":\"DECRETO N\u00ba 31.864, DE 16 DE SETEMBRO DE 2002\",\"datePublished\":\"2022-01-13T19:48:17+00:00\",\"dateModified\":\"2022-02-24T16:25:21+00:00\",\"mainEntityOfPage\":{\"@id\":\"https:\/\/redelog.rj.gov.br\/redelog\/decreto-31864\/\"},\"wordCount\":2319,\"publisher\":{\"@id\":\"https:\/\/redelog.rj.gov.br\/redelog\/#organization\"},\"articleSection\":[\"Legisla\u00e7\u00e3o\"],\"inLanguage\":\"pt-BR\"},{\"@type\":\"WebPage\",\"@id\":\"https:\/\/redelog.rj.gov.br\/redelog\/decreto-31864\/\",\"url\":\"https:\/\/redelog.rj.gov.br\/redelog\/decreto-31864\/\",\"name\":\"DECRETO N\u00ba 31.864, DE 16 DE SETEMBRO DE 2002 - Redelog\",\"isPartOf\":{\"@id\":\"https:\/\/redelog.rj.gov.br\/redelog\/#website\"},\"datePublished\":\"2022-01-13T19:48:17+00:00\",\"dateModified\":\"2022-02-24T16:25:21+00:00\",\"breadcrumb\":{\"@id\":\"https:\/\/redelog.rj.gov.br\/redelog\/decreto-31864\/#breadcrumb\"},\"inLanguage\":\"pt-BR\",\"potentialAction\":[{\"@type\":\"ReadAction\",\"target\":[\"https:\/\/redelog.rj.gov.br\/redelog\/decreto-31864\/\"]}]},{\"@type\":\"BreadcrumbList\",\"@id\":\"https:\/\/redelog.rj.gov.br\/redelog\/decreto-31864\/#breadcrumb\",\"itemListElement\":[{\"@type\":\"ListItem\",\"position\":1,\"name\":\"Home\",\"item\":\"https:\/\/redelog.rj.gov.br\/redelog\/\"},{\"@type\":\"ListItem\",\"position\":2,\"name\":\"DECRETO N\u00ba 31.864, DE 16 DE SETEMBRO DE 2002\"}]},{\"@type\":\"WebSite\",\"@id\":\"https:\/\/redelog.rj.gov.br\/redelog\/#website\",\"url\":\"https:\/\/redelog.rj.gov.br\/redelog\/\",\"name\":\"Redelog\",\"description\":\"Site da Rede de Log\u00edstica e Planejamento do Estado do Rio de Janeiro\",\"publisher\":{\"@id\":\"https:\/\/redelog.rj.gov.br\/redelog\/#organization\"},\"potentialAction\":[{\"@type\":\"SearchAction\",\"target\":{\"@type\":\"EntryPoint\",\"urlTemplate\":\"https:\/\/redelog.rj.gov.br\/redelog\/?s={search_term_string}\"},\"query-input\":{\"@type\":\"PropertyValueSpecification\",\"valueRequired\":true,\"valueName\":\"search_term_string\"}}],\"inLanguage\":\"pt-BR\"},{\"@type\":\"Organization\",\"@id\":\"https:\/\/redelog.rj.gov.br\/redelog\/#organization\",\"name\":\"REDELOG\",\"url\":\"https:\/\/redelog.rj.gov.br\/redelog\/\",\"logo\":{\"@type\":\"ImageObject\",\"inLanguage\":\"pt-BR\",\"@id\":\"https:\/\/redelog.rj.gov.br\/redelog\/#\/schema\/logo\/image\/\",\"url\":\"http:\/\/10.10.8.100:8888\/redelog\/wp-content\/uploads\/2019\/09\/Redelog2.png\",\"contentUrl\":\"http:\/\/10.10.8.100:8888\/redelog\/wp-content\/uploads\/2019\/09\/Redelog2.png\",\"width\":565,\"height\":155,\"caption\":\"REDELOG\"},\"image\":{\"@id\":\"https:\/\/redelog.rj.gov.br\/redelog\/#\/schema\/logo\/image\/\"}},{\"@type\":\"Person\",\"@id\":\"https:\/\/redelog.rj.gov.br\/redelog\/#\/schema\/person\/1299ae2b7bfb510dd74c28ed239470fb\",\"name\":\"alheiro\",\"image\":{\"@type\":\"ImageObject\",\"inLanguage\":\"pt-BR\",\"@id\":\"https:\/\/redelog.rj.gov.br\/redelog\/#\/schema\/person\/image\/\",\"url\":\"https:\/\/secure.gravatar.com\/avatar\/682da79d56fd06a1a63ccaa75b42ffe0c9b0609a62bc395d810f23f98140dcae?s=96&d=mm&r=g\",\"contentUrl\":\"https:\/\/secure.gravatar.com\/avatar\/682da79d56fd06a1a63ccaa75b42ffe0c9b0609a62bc395d810f23f98140dcae?s=96&d=mm&r=g\",\"caption\":\"alheiro\"},\"sameAs\":[\"http:\/\/10.9.108.118:3000\/redelog\"],\"url\":\"https:\/\/redelog.rj.gov.br\/redelog\/author\/alheiro\/\"}]}<\/script>\n<!-- \/ Yoast SEO plugin. -->","yoast_head_json":{"title":"DECRETO N\u00ba 31.864, DE 16 DE SETEMBRO DE 2002 - Redelog","robots":{"index":"index","follow":"follow","max-snippet":"max-snippet:-1","max-image-preview":"max-image-preview:large","max-video-preview":"max-video-preview:-1"},"canonical":"https:\/\/redelog.rj.gov.br\/redelog\/decreto-31864\/","og_locale":"pt_BR","og_type":"article","og_title":"DECRETO N\u00ba 31.864, DE 16 DE SETEMBRO DE 2002 - Redelog","og_description":"Regulamenta a modalidade de licita\u00e7\u00e3o denominada preg\u00e3o, para aquisi\u00e7\u00e3o de bens e servi\u00e7os comuns, no \u00e2mbito do Estado do Rio de Janeiro. A GOVERNADORA DO ESTADO DO RIO DE JANEIRO, no uso de suas atribui\u00e7\u00f5es legais que lhe s\u00e3o conferidas pelo art. 145 da Constitui\u00e7\u00e3o Estadual, DECRETA: Art. 1\u00ba &#8211;\u00a0 Este Decreto regulamenta os procedimentos [&hellip;]","og_url":"https:\/\/redelog.rj.gov.br\/redelog\/decreto-31864\/","og_site_name":"Redelog","article_published_time":"2022-01-13T19:48:17+00:00","article_modified_time":"2022-02-24T16:25:21+00:00","author":"alheiro","twitter_card":"summary_large_image","twitter_misc":{"Escrito por":"alheiro","Est. tempo de leitura":"9 minutos"},"schema":{"@context":"https:\/\/schema.org","@graph":[{"@type":"Article","@id":"https:\/\/redelog.rj.gov.br\/redelog\/decreto-31864\/#article","isPartOf":{"@id":"https:\/\/redelog.rj.gov.br\/redelog\/decreto-31864\/"},"author":{"name":"alheiro","@id":"https:\/\/redelog.rj.gov.br\/redelog\/#\/schema\/person\/1299ae2b7bfb510dd74c28ed239470fb"},"headline":"DECRETO N\u00ba 31.864, DE 16 DE SETEMBRO DE 2002","datePublished":"2022-01-13T19:48:17+00:00","dateModified":"2022-02-24T16:25:21+00:00","mainEntityOfPage":{"@id":"https:\/\/redelog.rj.gov.br\/redelog\/decreto-31864\/"},"wordCount":2319,"publisher":{"@id":"https:\/\/redelog.rj.gov.br\/redelog\/#organization"},"articleSection":["Legisla\u00e7\u00e3o"],"inLanguage":"pt-BR"},{"@type":"WebPage","@id":"https:\/\/redelog.rj.gov.br\/redelog\/decreto-31864\/","url":"https:\/\/redelog.rj.gov.br\/redelog\/decreto-31864\/","name":"DECRETO N\u00ba 31.864, DE 16 DE SETEMBRO DE 2002 - Redelog","isPartOf":{"@id":"https:\/\/redelog.rj.gov.br\/redelog\/#website"},"datePublished":"2022-01-13T19:48:17+00:00","dateModified":"2022-02-24T16:25:21+00:00","breadcrumb":{"@id":"https:\/\/redelog.rj.gov.br\/redelog\/decreto-31864\/#breadcrumb"},"inLanguage":"pt-BR","potentialAction":[{"@type":"ReadAction","target":["https:\/\/redelog.rj.gov.br\/redelog\/decreto-31864\/"]}]},{"@type":"BreadcrumbList","@id":"https:\/\/redelog.rj.gov.br\/redelog\/decreto-31864\/#breadcrumb","itemListElement":[{"@type":"ListItem","position":1,"name":"Home","item":"https:\/\/redelog.rj.gov.br\/redelog\/"},{"@type":"ListItem","position":2,"name":"DECRETO N\u00ba 31.864, DE 16 DE SETEMBRO DE 2002"}]},{"@type":"WebSite","@id":"https:\/\/redelog.rj.gov.br\/redelog\/#website","url":"https:\/\/redelog.rj.gov.br\/redelog\/","name":"Redelog","description":"Site da Rede de Log\u00edstica e Planejamento do Estado do Rio de Janeiro","publisher":{"@id":"https:\/\/redelog.rj.gov.br\/redelog\/#organization"},"potentialAction":[{"@type":"SearchAction","target":{"@type":"EntryPoint","urlTemplate":"https:\/\/redelog.rj.gov.br\/redelog\/?s={search_term_string}"},"query-input":{"@type":"PropertyValueSpecification","valueRequired":true,"valueName":"search_term_string"}}],"inLanguage":"pt-BR"},{"@type":"Organization","@id":"https:\/\/redelog.rj.gov.br\/redelog\/#organization","name":"REDELOG","url":"https:\/\/redelog.rj.gov.br\/redelog\/","logo":{"@type":"ImageObject","inLanguage":"pt-BR","@id":"https:\/\/redelog.rj.gov.br\/redelog\/#\/schema\/logo\/image\/","url":"http:\/\/10.10.8.100:8888\/redelog\/wp-content\/uploads\/2019\/09\/Redelog2.png","contentUrl":"http:\/\/10.10.8.100:8888\/redelog\/wp-content\/uploads\/2019\/09\/Redelog2.png","width":565,"height":155,"caption":"REDELOG"},"image":{"@id":"https:\/\/redelog.rj.gov.br\/redelog\/#\/schema\/logo\/image\/"}},{"@type":"Person","@id":"https:\/\/redelog.rj.gov.br\/redelog\/#\/schema\/person\/1299ae2b7bfb510dd74c28ed239470fb","name":"alheiro","image":{"@type":"ImageObject","inLanguage":"pt-BR","@id":"https:\/\/redelog.rj.gov.br\/redelog\/#\/schema\/person\/image\/","url":"https:\/\/secure.gravatar.com\/avatar\/682da79d56fd06a1a63ccaa75b42ffe0c9b0609a62bc395d810f23f98140dcae?s=96&d=mm&r=g","contentUrl":"https:\/\/secure.gravatar.com\/avatar\/682da79d56fd06a1a63ccaa75b42ffe0c9b0609a62bc395d810f23f98140dcae?s=96&d=mm&r=g","caption":"alheiro"},"sameAs":["http:\/\/10.9.108.118:3000\/redelog"],"url":"https:\/\/redelog.rj.gov.br\/redelog\/author\/alheiro\/"}]}},"_links":{"self":[{"href":"https:\/\/redelog.rj.gov.br\/redelog\/wp-json\/wp\/v2\/posts\/9457","targetHints":{"allow":["GET"]}}],"collection":[{"href":"https:\/\/redelog.rj.gov.br\/redelog\/wp-json\/wp\/v2\/posts"}],"about":[{"href":"https:\/\/redelog.rj.gov.br\/redelog\/wp-json\/wp\/v2\/types\/post"}],"author":[{"embeddable":true,"href":"https:\/\/redelog.rj.gov.br\/redelog\/wp-json\/wp\/v2\/users\/1"}],"replies":[{"embeddable":true,"href":"https:\/\/redelog.rj.gov.br\/redelog\/wp-json\/wp\/v2\/comments?post=9457"}],"version-history":[{"count":92,"href":"https:\/\/redelog.rj.gov.br\/redelog\/wp-json\/wp\/v2\/posts\/9457\/revisions"}],"predecessor-version":[{"id":15966,"href":"https:\/\/redelog.rj.gov.br\/redelog\/wp-json\/wp\/v2\/posts\/9457\/revisions\/15966"}],"wp:attachment":[{"href":"https:\/\/redelog.rj.gov.br\/redelog\/wp-json\/wp\/v2\/media?parent=9457"}],"wp:term":[{"taxonomy":"category","embeddable":true,"href":"https:\/\/redelog.rj.gov.br\/redelog\/wp-json\/wp\/v2\/categories?post=9457"},{"taxonomy":"post_tag","embeddable":true,"href":"https:\/\/redelog.rj.gov.br\/redelog\/wp-json\/wp\/v2\/tags?post=9457"}],"curies":[{"name":"wp","href":"https:\/\/api.w.org\/{rel}","templated":true}]}}