{"id":9449,"date":"2022-01-13T16:26:17","date_gmt":"2022-01-13T19:26:17","guid":{"rendered":"http:\/\/10.11.80.6\/redelog\/?p=9449"},"modified":"2022-02-24T13:44:21","modified_gmt":"2022-02-24T16:44:21","slug":"decreto-46642","status":"publish","type":"post","link":"https:\/\/redelog.rj.gov.br\/redelog\/decreto-46642\/","title":{"rendered":"DECRETO N\u00ba 46.642, DE 17 DE ABRIL DE 2019"},"content":{"rendered":"\t\t<div data-elementor-type=\"wp-post\" data-elementor-id=\"9449\" class=\"elementor elementor-9449\" data-elementor-post-type=\"post\">\n\t\t\t\t\t\t<section class=\"elementor-section elementor-top-section elementor-element elementor-element-cd83a18 elementor-section-boxed elementor-section-height-default elementor-section-height-default\" data-id=\"cd83a18\" data-element_type=\"section\" data-settings=\"{&quot;jet_parallax_layout_list&quot;:[{&quot;jet_parallax_layout_image&quot;:{&quot;url&quot;:&quot;&quot;,&quot;id&quot;:&quot;&quot;,&quot;size&quot;:&quot;&quot;},&quot;_id&quot;:&quot;f9cf0e0&quot;,&quot;jet_parallax_layout_image_tablet&quot;:{&quot;url&quot;:&quot;&quot;,&quot;id&quot;:&quot;&quot;,&quot;size&quot;:&quot;&quot;},&quot;jet_parallax_layout_image_mobile&quot;:{&quot;url&quot;:&quot;&quot;,&quot;id&quot;:&quot;&quot;,&quot;size&quot;:&quot;&quot;},&quot;jet_parallax_layout_speed&quot;:{&quot;unit&quot;:&quot;%&quot;,&quot;size&quot;:50,&quot;sizes&quot;:[]},&quot;jet_parallax_layout_type&quot;:&quot;scroll&quot;,&quot;jet_parallax_layout_direction&quot;:&quot;1&quot;,&quot;jet_parallax_layout_fx_direction&quot;:null,&quot;jet_parallax_layout_z_index&quot;:&quot;&quot;,&quot;jet_parallax_layout_bg_x&quot;:50,&quot;jet_parallax_layout_bg_x_tablet&quot;:&quot;&quot;,&quot;jet_parallax_layout_bg_x_mobile&quot;:&quot;&quot;,&quot;jet_parallax_layout_bg_y&quot;:50,&quot;jet_parallax_layout_bg_y_tablet&quot;:&quot;&quot;,&quot;jet_parallax_layout_bg_y_mobile&quot;:&quot;&quot;,&quot;jet_parallax_layout_bg_size&quot;:&quot;auto&quot;,&quot;jet_parallax_layout_bg_size_tablet&quot;:&quot;&quot;,&quot;jet_parallax_layout_bg_size_mobile&quot;:&quot;&quot;,&quot;jet_parallax_layout_animation_prop&quot;:&quot;transform&quot;,&quot;jet_parallax_layout_on&quot;:[&quot;desktop&quot;,&quot;tablet&quot;]}]}\">\n\t\t\t\t\t\t<div class=\"elementor-container elementor-column-gap-default\">\n\t\t\t\t\t<div class=\"elementor-column elementor-col-100 elementor-top-column elementor-element elementor-element-60a10aa\" data-id=\"60a10aa\" data-element_type=\"column\">\n\t\t\t<div class=\"elementor-widget-wrap elementor-element-populated\">\n\t\t\t\t\t\t<section class=\"elementor-section elementor-inner-section elementor-element elementor-element-4875033 elementor-section-boxed elementor-section-height-default elementor-section-height-default\" data-id=\"4875033\" data-element_type=\"section\" data-settings=\"{&quot;jet_parallax_layout_list&quot;:[{&quot;jet_parallax_layout_image&quot;:{&quot;url&quot;:&quot;&quot;,&quot;id&quot;:&quot;&quot;,&quot;size&quot;:&quot;&quot;},&quot;_id&quot;:&quot;06ee331&quot;,&quot;jet_parallax_layout_image_tablet&quot;:{&quot;url&quot;:&quot;&quot;,&quot;id&quot;:&quot;&quot;,&quot;size&quot;:&quot;&quot;},&quot;jet_parallax_layout_image_mobile&quot;:{&quot;url&quot;:&quot;&quot;,&quot;id&quot;:&quot;&quot;,&quot;size&quot;:&quot;&quot;},&quot;jet_parallax_layout_speed&quot;:{&quot;unit&quot;:&quot;%&quot;,&quot;size&quot;:50,&quot;sizes&quot;:[]},&quot;jet_parallax_layout_type&quot;:&quot;scroll&quot;,&quot;jet_parallax_layout_direction&quot;:&quot;1&quot;,&quot;jet_parallax_layout_fx_direction&quot;:null,&quot;jet_parallax_layout_z_index&quot;:&quot;&quot;,&quot;jet_parallax_layout_bg_x&quot;:50,&quot;jet_parallax_layout_bg_x_tablet&quot;:&quot;&quot;,&quot;jet_parallax_layout_bg_x_mobile&quot;:&quot;&quot;,&quot;jet_parallax_layout_bg_y&quot;:50,&quot;jet_parallax_layout_bg_y_tablet&quot;:&quot;&quot;,&quot;jet_parallax_layout_bg_y_mobile&quot;:&quot;&quot;,&quot;jet_parallax_layout_bg_size&quot;:&quot;auto&quot;,&quot;jet_parallax_layout_bg_size_tablet&quot;:&quot;&quot;,&quot;jet_parallax_layout_bg_size_mobile&quot;:&quot;&quot;,&quot;jet_parallax_layout_animation_prop&quot;:&quot;transform&quot;,&quot;jet_parallax_layout_on&quot;:[&quot;desktop&quot;,&quot;tablet&quot;]}]}\">\n\t\t\t\t\t\t<div class=\"elementor-container elementor-column-gap-default\">\n\t\t\t\t\t<div class=\"elementor-column elementor-col-50 elementor-inner-column elementor-element elementor-element-d7d1353\" data-id=\"d7d1353\" data-element_type=\"column\">\n\t\t\t<div class=\"elementor-widget-wrap\">\n\t\t\t\t\t\t\t<\/div>\n\t\t<\/div>\n\t\t\t\t<div class=\"elementor-column elementor-col-50 elementor-inner-column elementor-element elementor-element-8f3c4eb\" data-id=\"8f3c4eb\" data-element_type=\"column\">\n\t\t\t<div class=\"elementor-widget-wrap elementor-element-populated\">\n\t\t\t\t\t\t<div class=\"elementor-element elementor-element-fef21ec elementor-widget elementor-widget-text-editor\" data-id=\"fef21ec\" data-element_type=\"widget\" data-widget_type=\"text-editor.default\">\n\t\t\t\t\t\t\t\t\t<p style=\"text-align: justify;\"><strong>REGULAMENTA A FASE PREPARAT\u00d3RIA DAS CONTRATA\u00c7\u00d5ES NO \u00c2MBITO DO ESTADO DO RIO DE JANEIRO.<\/strong><\/p>\t\t\t\t\t\t\t\t<\/div>\n\t\t\t\t\t<\/div>\n\t\t<\/div>\n\t\t\t\t\t<\/div>\n\t\t<\/section>\n\t\t\t\t\t<\/div>\n\t\t<\/div>\n\t\t\t\t\t<\/div>\n\t\t<\/section>\n\t\t\t\t<section class=\"elementor-section elementor-top-section elementor-element elementor-element-2acfad6 elementor-section-boxed elementor-section-height-default elementor-section-height-default\" data-id=\"2acfad6\" data-element_type=\"section\" data-settings=\"{&quot;jet_parallax_layout_list&quot;:[{&quot;jet_parallax_layout_image&quot;:{&quot;url&quot;:&quot;&quot;,&quot;id&quot;:&quot;&quot;,&quot;size&quot;:&quot;&quot;},&quot;_id&quot;:&quot;fabe605&quot;,&quot;jet_parallax_layout_image_tablet&quot;:{&quot;url&quot;:&quot;&quot;,&quot;id&quot;:&quot;&quot;,&quot;size&quot;:&quot;&quot;},&quot;jet_parallax_layout_image_mobile&quot;:{&quot;url&quot;:&quot;&quot;,&quot;id&quot;:&quot;&quot;,&quot;size&quot;:&quot;&quot;},&quot;jet_parallax_layout_speed&quot;:{&quot;unit&quot;:&quot;%&quot;,&quot;size&quot;:50,&quot;sizes&quot;:[]},&quot;jet_parallax_layout_type&quot;:&quot;scroll&quot;,&quot;jet_parallax_layout_direction&quot;:&quot;1&quot;,&quot;jet_parallax_layout_fx_direction&quot;:null,&quot;jet_parallax_layout_z_index&quot;:&quot;&quot;,&quot;jet_parallax_layout_bg_x&quot;:50,&quot;jet_parallax_layout_bg_x_tablet&quot;:&quot;&quot;,&quot;jet_parallax_layout_bg_x_mobile&quot;:&quot;&quot;,&quot;jet_parallax_layout_bg_y&quot;:50,&quot;jet_parallax_layout_bg_y_tablet&quot;:&quot;&quot;,&quot;jet_parallax_layout_bg_y_mobile&quot;:&quot;&quot;,&quot;jet_parallax_layout_bg_size&quot;:&quot;auto&quot;,&quot;jet_parallax_layout_bg_size_tablet&quot;:&quot;&quot;,&quot;jet_parallax_layout_bg_size_mobile&quot;:&quot;&quot;,&quot;jet_parallax_layout_animation_prop&quot;:&quot;transform&quot;,&quot;jet_parallax_layout_on&quot;:[&quot;desktop&quot;,&quot;tablet&quot;]}]}\">\n\t\t\t\t\t\t<div class=\"elementor-container elementor-column-gap-default\">\n\t\t\t\t\t<div class=\"elementor-column elementor-col-100 elementor-top-column elementor-element elementor-element-ffbaea5\" data-id=\"ffbaea5\" data-element_type=\"column\">\n\t\t\t<div class=\"elementor-widget-wrap elementor-element-populated\">\n\t\t\t\t\t\t<div class=\"elementor-element elementor-element-59474cb elementor-widget elementor-widget-text-editor\" data-id=\"59474cb\" data-element_type=\"widget\" data-widget_type=\"text-editor.default\">\n\t\t\t\t\t\t\t\t\t<p><strong>O GOVERNADOR DO ESTADO DO RIO DE JANEIRO<\/strong>, no uso de suas atribui\u00e7\u00f5es constitucionais e legais, tendo em vista o que consta do Processo Administrativo n\u00ba E-14\/001.031730\/2016,<\/p><p><strong>CONSIDERANDO<\/strong>:<\/p><p>&#8211; o poder-dever de a Administra\u00e7\u00e3o P\u00fablica estabelecer as condutas administrativas para o adequado planejamento das suas contrata\u00e7\u00f5es;<\/p><p>&#8211; a necessidade de padroniza\u00e7\u00e3o dos procedimentos atinentes \u00e0 fase preparat\u00f3ria das contrata\u00e7\u00f5es p\u00fablicas, com a indica\u00e7\u00e3o das principais rotinas administrativas;<\/p><p>&#8211; os benef\u00edcios das prescri\u00e7\u00f5es quanto \u00e0 sequ\u00eancia e \u00e0s principais condi\u00e7\u00f5es dos atos e procedimentos preparat\u00f3rios das contrata\u00e7\u00f5es p\u00fablicas;<\/p><p>&#8211; a import\u00e2ncia de propiciar aos agentes p\u00fablicos, de forma sintetizada e objetiva, orienta\u00e7\u00f5es de car\u00e1ter preventivo, para a instru\u00e7\u00e3o do processo administrativo de contrata\u00e7\u00e3o; e<\/p><p>&#8211; as importantes contribui\u00e7\u00f5es advindas dos \u00f3rg\u00e3os e entidades da Administra\u00e7\u00e3o P\u00fablica estadual e da sociedade civil durante a fase de consulta p\u00fablica, que propiciaram o aprimoramento do marco normativo;<\/p><p><strong>DECRETA<\/strong>:<\/p><p style=\"text-align: center;\"><strong>CAP\u00cdTULO I<\/strong><\/p><p style=\"text-align: center;\"><strong>DAS DISPOSI\u00c7\u00d5ES PRELIMINARES<\/strong><\/p><p><strong>\u00a0<\/strong><strong>Art. 1\u00ba <\/strong>&#8211; Este Decreto regulamenta a fase preparat\u00f3ria das contrata\u00e7\u00f5es no \u00e2mbito do Poder Executivo do Estado do Rio de Janeiro.<\/p><p><strong>Art. 2\u00ba <\/strong>&#8211; A fase preparat\u00f3ria se inicia com a identifica\u00e7\u00e3o da demanda e se encerra no momento da publica\u00e7\u00e3o do instrumento convocat\u00f3rio ou, tratando-se de contrata\u00e7\u00e3o direta, com a respectiva publica\u00e7\u00e3o.<\/p><p><strong>Art. 3\u00ba <\/strong>&#8211; Aplicam-se as disposi\u00e7\u00f5es deste Decreto a qualquer contrata\u00e7\u00e3o p\u00fablica, ainda que n\u00e3o seja formalizada pelo instrumento de contrato, na forma autorizada pelo art. 62 da Lei n\u00ba 8.666\/93, \u00e0quelas fundamentadas em inexigibilidade ou dispensa de licita\u00e7\u00e3o e \u00e0s contrata\u00e7\u00f5es efetuadas pelo Sistema de Registro de Pre\u00e7os &#8211; SRP.<\/p><p><strong> \u00a7 1\u00ba <\/strong>&#8211; Fica ressalvada do disposto neste artigo a contrata\u00e7\u00e3o por dispensa de licita\u00e7\u00e3o realizada por interm\u00e9dio do Processo Eletr\u00f4nico de Dispensa (PED), a qual dever\u00e1 observar a regulamenta\u00e7\u00e3o pr\u00f3pria do Decreto n\u00b0 43.644, de 18 de junho de 2012, e seus sucessores, sem preju\u00edzo da aplica\u00e7\u00e3o subsidi\u00e1ria do presente diploma, no que for compat\u00edvel, em rela\u00e7\u00e3o \u00e0 fase preparat\u00f3ria do PED.<\/p><p><strong> \u00a7 2\u00ba <\/strong>&#8211; As contrata\u00e7\u00f5es realizadas por empresas estatais dever\u00e3o observar a Lei n\u00b0 13.303, de 30 de junho de 2016, e os respectivos regulamentos internos de licita\u00e7\u00f5es e contratos, sem preju\u00edzo da aplica\u00e7\u00e3o subsidi\u00e1ria do presente diploma, no que for compat\u00edvel.<\/p><p><strong>Art. 4\u00ba <\/strong>&#8211; O procedimento para a contrata\u00e7\u00e3o ser\u00e1 iniciado com a autua\u00e7\u00e3o de processo administrativo pr\u00f3prio, que ser\u00e1 conduzido de acordo com as normas em vigor.<\/p><p><strong>Art. 5\u00ba <\/strong>&#8211; As atividades preparat\u00f3rias das contrata\u00e7\u00f5es p\u00fablicas devem ser conduzidas de acordo com o adequado planejamento, de modo a maximizar a utiliza\u00e7\u00e3o dos recursos dispon\u00edveis.<\/p><p><strong>Art. 6\u00ba <\/strong>&#8211; As presta\u00e7\u00f5es de servi\u00e7os e as aquisi\u00e7\u00f5es, sempre que poss\u00edvel, dever\u00e3o ser processadas pelo Sistema de Registro de Pre\u00e7os, aplicando-se \u00e0 elabora\u00e7\u00e3o do Plano de Suprimentos o disposto neste Decreto.<\/p><p><strong>Art. 7\u00ba <\/strong>&#8211; Dever\u00e1 ser examinada a possibilidade de ado\u00e7\u00e3o do Regime Diferenciado de Contrata\u00e7\u00f5es P\u00fablicas &#8211; RDC, caso em que ser\u00e3o adotadas as normas do Decreto n\u00ba 43.937, de 13 de novembro de 2012, aplicando-se, subsidiariamente, este Decreto no que for compat\u00edvel.<\/p><p><strong>Art. 8\u00ba <\/strong>&#8211; S\u00e3o objetivos das contrata\u00e7\u00f5es p\u00fablicas:<\/p><p><strong>I <\/strong>&#8211; disponibilizar bens, obras e servi\u00e7os com qualidade de desempenho e de conformidade;<\/p><p><strong>II <\/strong>&#8211; suprir as necessidades da Administra\u00e7\u00e3o P\u00fablica;<\/p><p><strong>III <\/strong>&#8211; assegurar a continuidade de servi\u00e7os, projetos e planos, sem interrup\u00e7\u00e3o;<\/p><p><strong>IV <\/strong>&#8211; otimizar os custos diretos e indiretos envolvidos no processo de contrata\u00e7\u00e3o p\u00fablica; e<\/p><p><strong>V <\/strong>&#8211; fomentar o desenvolvimento econ\u00f4mico e social.<\/p><p><strong>Art. 9\u00b0 <\/strong>&#8211; Antecede a fase preparat\u00f3ria da contrata\u00e7\u00e3o a elabora\u00e7\u00e3o do Plano Anual de Contrata\u00e7\u00f5es do \u00f3rg\u00e3o ou entidade, na forma da regulamenta\u00e7\u00e3o proposta pelo \u00d3rg\u00e3o Central de Log\u00edstica.<\/p><p><strong>Art. 10 <\/strong>&#8211; A fase preparat\u00f3ria da contrata\u00e7\u00e3o dever\u00e1 observar os seguintes atos, preferencialmente nesta sequ\u00eancia:<\/p><p><strong>I <\/strong>&#8211; previs\u00e3o da demanda no Plano Anual de Contrata\u00e7\u00f5es do \u00f3rg\u00e3o ou entidade;<\/p><p><strong>II <\/strong>&#8211; justificativa da contrata\u00e7\u00e3o;<\/p><p><strong>III <\/strong>&#8211; elabora\u00e7\u00e3o de estudo t\u00e9cnico preliminar, quando aplic\u00e1vel;<\/p><p><strong>IV <\/strong>&#8211; elabora\u00e7\u00e3o de mapa de riscos, quando aplic\u00e1vel;<\/p><p><strong>V <\/strong>&#8211; elabora\u00e7\u00e3o do termo de refer\u00eancia ou, quando for o caso, do projeto b\u00e1sico e do projeto executivo, e aprova\u00e7\u00e3o pela autoridade competente;<\/p><p><strong>VI <\/strong>&#8211; requisi\u00e7\u00e3o e defini\u00e7\u00e3o do objeto, de acordo com o cat\u00e1logo de materiais e servi\u00e7os do Sistema Integrado de Gest\u00e3o de Aquisi\u00e7\u00e3o do Estado do Rio de Janeiro &#8211; SIGA;<\/p><p><strong>VII <\/strong>&#8211; autoriza\u00e7\u00e3o da contrata\u00e7\u00e3o pela autoridade competente para o in\u00edcio do procedimento;<\/p><p><strong>VIII <\/strong>&#8211; estimativa do valor da contrata\u00e7\u00e3o;<\/p><p><strong>IX <\/strong>&#8211; indica\u00e7\u00e3o dos recursos or\u00e7ament\u00e1rios para fazer face \u00e0 despesa;<\/p><p><strong>X <\/strong>&#8211; verifica\u00e7\u00e3o da adequa\u00e7\u00e3o or\u00e7ament\u00e1ria e financeira, autoriza\u00e7\u00e3o pelo ordenador de despesa e respectiva reserva or\u00e7ament\u00e1ria;<\/p><p><strong>XI <\/strong>&#8211; elabora\u00e7\u00e3o das minutas do edital, do contrato ou instrumentos cong\u00eaneres; e\u00a0 \u00a0 \u00a0 \u00a0 \u00a0 \u00a0 \u00a0 \u00a0 \u00a0 \u00a0 \u00a0 \u00a0 \u00a0 \u00a0 \u00a0 \u00a0 \u00a0 \u00a0 \u00a0 \u00a0 \u00a0<\/p><p><strong>XII <\/strong>&#8211; exame e aprova\u00e7\u00e3o das minutas do edital, do contrato ou instrumentos cong\u00eaneres pelos \u00f3rg\u00e3os de assessoramento jur\u00eddico do \u00f3rg\u00e3o ou entidade.<\/p><p><strong> \u00a7 1\u00ba <\/strong>&#8211; As situa\u00e7\u00f5es que ensejam as hip\u00f3teses de contrata\u00e7\u00e3o direta previstas nos incisos I, II, IV e XI do art. 24 da Lei n\u00ba 8.666, de 1993, dispensam o cumprimento obrigat\u00f3rio dos incisos III e IV do caput deste dispositivo.<\/p><p><strong> \u00a7 2\u00ba <\/strong>&#8211; Os \u00f3rg\u00e3os e entidades administrativos poder\u00e3o simplificar, no que couber, a etapa de estudo t\u00e9cnico preliminar, quando adotados os modelos de contrata\u00e7\u00e3o regulamentados pelo \u00d3rg\u00e3o Central de Log\u00edstica.<\/p><p><strong>Art. 11 <\/strong>&#8211; O Projeto B\u00e1sico ou o Termo de Refer\u00eancia dever\u00e3o ser elaborados preferencialmente por t\u00e9cnico com qualifica\u00e7\u00e3o profissional pertinente \u00e0s especificidades do objeto a ser contratado, devendo conter, sem preju\u00edzo de outros elementos que se fa\u00e7am eventualmente necess\u00e1rios:<\/p><p><strong>I <\/strong>&#8211; Objetivo: a finalidade que se pretende alcan\u00e7ar com a contrata\u00e7\u00e3o, a indica\u00e7\u00e3o do \u00f3rg\u00e3o respons\u00e1vel pelo procedimento e a disponibilidade or\u00e7ament\u00e1ria e financeira do \u00f3rg\u00e3o ou entidade, com a defini\u00e7\u00e3o da rotina de execu\u00e7\u00e3o;<\/p><p><strong>II <\/strong>&#8211; Justificativa: a motiva\u00e7\u00e3o acerca da necessidade da contrata\u00e7\u00e3o;<\/p><p><strong>III <\/strong>&#8211; Objeto: a descri\u00e7\u00e3o detalhada do objeto a ser contratado, a demanda e a quantidade a serem contratadas, acompanhadas, no que couber, dos crit\u00e9rios de medi\u00e7\u00e3o utilizados, as especifica\u00e7\u00f5es t\u00e9cnicas, os prazos relevantes e a indica\u00e7\u00e3o do ID SIGA de cada um dos itens relacionados no objeto, al\u00e9m de, tratando-se de servi\u00e7os, as metodologias de trabalho, em especial a necessidade, a localidade e o hor\u00e1rio de funcionamento;<\/p><p><strong>IV <\/strong>&#8211; Prazo: o prazo da sua execu\u00e7\u00e3o, inclusive o de cada etapa, se for o caso;<\/p><p><strong>V <\/strong>&#8211; Avalia\u00e7\u00e3o da Qualidade e Aceite do Objeto: a metodologia de avalia\u00e7\u00e3o da qualidade e aceite do objeto executado, e, quando se tratar de servi\u00e7os e for aplic\u00e1vel, o Acordo de N\u00edvel de Servi\u00e7o;<\/p><p><strong>VI <\/strong>&#8211; Acordo de N\u00edvel de Servi\u00e7o: documento respons\u00e1vel por estabelecer os n\u00edveis m\u00ednimos de servi\u00e7o a serem prestados pelas contratadas, por meio de indicadores objetivos que permitam a mensura\u00e7\u00e3o de resultados, preferencialmente pela utiliza\u00e7\u00e3o de ferramenta informatizada, possibilitando \u00e0 Administra\u00e7\u00e3o verificar se os resultados contratados foram realizados nas quantidades e qualidades exigidas e adequar o pagamento aos resultados efetivamente obtidos;<\/p><p><strong>VII <\/strong>&#8211; Qualifica\u00e7\u00e3o T\u00e9cnica: os crit\u00e9rios objetivos que ser\u00e3o utilizados para avaliar a capacidade t\u00e9cnica da empresa a ser contratada e os documentos que dever\u00e3o ser apresentados para comprovar o atendimento aos crit\u00e9rios estabelecidos;<\/p><p><strong>VIII <\/strong>&#8211; Disponibilidade or\u00e7ament\u00e1ria e financeira do \u00f3rg\u00e3o ou entidade;<\/p><p><strong>IX <\/strong>&#8211; Pagamento: a defini\u00e7\u00e3o da forma de pagamento, se ser\u00e1 \u00e0 vista ou parcelada, o prazo do pagamento \u00e0 vista ou das parcelas e a periodicidade dos pagamentos, se for o caso;<\/p><p><strong>X <\/strong>&#8211; Garantia: o valor da garantia a ser exigida, a n\u00e3o ser que tenha sido dispensada com justificativa;<\/p><p><strong>XI <\/strong>&#8211; Procedimentos de Gest\u00e3o e Fiscaliza\u00e7\u00e3o: a descri\u00e7\u00e3o dos procedimentos de fiscaliza\u00e7\u00e3o e de gest\u00e3o da qualidade da execu\u00e7\u00e3o do objeto a serem adotados;<\/p><p><strong>XII <\/strong>&#8211; Obriga\u00e7\u00f5es da Contratante: a discrimina\u00e7\u00e3o das obriga\u00e7\u00f5es contratuais a serem assumidas pela contratante quando do in\u00edcio da rela\u00e7\u00e3o contratual.<\/p><p><strong>XIII <\/strong>&#8211; As condi\u00e7\u00f5es que possam ajudar na identifica\u00e7\u00e3o do quantitativo de pessoal e insumos necess\u00e1rios \u00e0 execu\u00e7\u00e3o contratual, tratando-se de servi\u00e7os, tais como:<\/p><p><strong>a) <\/strong>quantitativo de usu\u00e1rios;<\/p><p><strong>b) <\/strong>hor\u00e1rio de funcionamento do \u00f3rg\u00e3o e hor\u00e1rio em que dever\u00e3o ser prestados os servi\u00e7os;<\/p><p><strong>c) <\/strong>restri\u00e7\u00f5es de \u00e1rea, identificando quest\u00f5es de seguran\u00e7a institucional, privacidade, seguran\u00e7a, medicina do trabalho, dentre outras;<\/p><p><strong>d) <\/strong>disposi\u00e7\u00f5es normativas internas;<\/p><p><strong>e) <\/strong>instala\u00e7\u00f5es, especificando-se a disposi\u00e7\u00e3o de mobili\u00e1rio e equipamentos, arquitetura, decora\u00e7\u00e3o, dentre outras; e<\/p><p><strong>f) <\/strong>indica\u00e7\u00e3o da rela\u00e7\u00e3o do material adequado para a execu\u00e7\u00e3o dos servi\u00e7os com a respectiva especifica\u00e7\u00e3o.<\/p><p><strong>XIV <\/strong>&#8211; Obriga\u00e7\u00f5es da Contratada: a discrimina\u00e7\u00e3o das obriga\u00e7\u00f5es contratuais a serem assumidas pela contratada quando do in\u00edcio da rela\u00e7\u00e3o contratual.<\/p><p><strong>XV <\/strong>&#8211; Julgamento das Propostas e Crit\u00e9rios de Pre\u00e7os: a defini\u00e7\u00e3o dos crit\u00e9rios para julgar e classificar as propostas e os crit\u00e9rios de aceitabilidade de pre\u00e7os.<\/p><p><strong>XVI <\/strong>&#8211; Os crit\u00e9rios t\u00e9cnicos de julgamento das propostas, nas licita\u00e7\u00f5es do tipo t\u00e9cnica e pre\u00e7o, conforme estabelecido pelo artigo 46 da Lei n\u00ba 8.666, de 21 de junho de 1993;<\/p><p><strong>XVII <\/strong>&#8211; Anexo contendo o modelo de ordem de servi\u00e7o ou da autoriza\u00e7\u00e3o da compra;<\/p><p><strong>XVIII <\/strong>&#8211; Anexo contendo o modelo da planilha de custos a ser utilizada, se for o caso.<\/p><p><strong>Par\u00e1grafo \u00danico<\/strong>&#8211; Conforme a natureza do objeto, os elementos definidos no caput e incisos deste artigo poder\u00e3o n\u00e3o fazer parte do Projeto B\u00e1sico ou do Termo de Refer\u00eancia, devendo ser apresentada justificativa no caso concreto.<\/p><p style=\"text-align: center;\"><strong>CAP\u00cdTULO II<\/strong><\/p><p style=\"text-align: center;\"><strong>DA REQUISI\u00c7\u00c3O E DEFINI\u00c7\u00c3O DO OBJETO<\/strong><\/p><p><strong>\u00a0<\/strong><strong>Art. 12 <\/strong>&#8211; O objeto ser\u00e1 requisitado pelo setor ou unidade administrativa interessada que constate a necessidade da contrata\u00e7\u00e3o, devendo conter a solicita\u00e7\u00e3o da compra, servi\u00e7o ou obra, com a apresenta\u00e7\u00e3o da devida justificativa, dos quantitativos da demanda, dos estudos t\u00e9cnicos preliminares e do mapa de riscos, os dois \u00faltimos sempre que aplic\u00e1veis.<\/p><p><strong> \u00a7 1\u00ba <\/strong>&#8211; A justificativa dever\u00e1 apresentar a motiva\u00e7\u00e3o para a contrata\u00e7\u00e3o, contemplando a necessidade do objeto, sua especifica\u00e7\u00e3o e destina\u00e7\u00e3o, o quantitativo necess\u00e1rio e, quando for o caso, o poss\u00edvel de ser adquirido.<\/p><p><strong> \u00a7 2\u00ba <\/strong>&#8211; A estimativa das quantidades, inclusive na manifesta\u00e7\u00e3o de interesse de participa\u00e7\u00e3o em Planos de Suprimentos para Atas de Registros de Pre\u00e7os, dever\u00e1 ser acompanhada das mem\u00f3rias de c\u00e1lculo e de outros documentos que demonstrem a forma\u00e7\u00e3o do quantitativo da demanda.<\/p><p><strong> \u00a7 3\u00ba <\/strong>&#8211; Os estudos t\u00e9cnicos preliminares e os mapas de risco ser\u00e3o objeto de regulamenta\u00e7\u00e3o pelo \u00d3rg\u00e3o Central de Log\u00edstica, devendo os \u00f3rg\u00e3os e entidades se valer das melhores pr\u00e1ticas administrativas at\u00e9 a edi\u00e7\u00e3o dos referidos atos.<\/p><p><strong>Art. 13 <\/strong>&#8211; A defini\u00e7\u00e3o do objeto dever\u00e1 ser precisa, suficiente e clara, vedadas especifica\u00e7\u00f5es que, por excessivas, irrelevantes ou desnecess\u00e1rias, limitem a competi\u00e7\u00e3o, devendo ser observados:<\/p><p><strong>I <\/strong>&#8211; o adequado planejamento;<\/p><p><strong>II <\/strong>&#8211; o resultado a ser obtido com a contrata\u00e7\u00e3o;<\/p><p><strong>III <\/strong>&#8211; a padroniza\u00e7\u00e3o, quando cab\u00edvel;<\/p><p><strong>IV <\/strong>&#8211; a divis\u00e3o das contrata\u00e7\u00f5es em tantas parcelas quantas se comprovarem t\u00e9cnica e economicamente vi\u00e1veis, levando-se em considera\u00e7\u00e3o o melhor aproveitamento das potencialidades do mercado e a poss\u00edvel amplia\u00e7\u00e3o da competitividade do certame, sem perda de economia de escala, devendo haver justificativa expressa sobre o ponto;<\/p><p><strong>V <\/strong>&#8211; as melhores pr\u00e1ticas de sustentabilidade ambiental;<\/p><p><strong>VI <\/strong>&#8211; unidade de medida compat\u00edvel e adequada unidade de fornecimento.<\/p><p><strong> \u00a7 1\u00ba <\/strong>&#8211; Al\u00e9m desses crit\u00e9rios, a defini\u00e7\u00e3o do objeto poder\u00e1, caso aplic\u00e1veis, contemplar medidas relativas \u00e0 seguran\u00e7a; economia da execu\u00e7\u00e3o, conserva\u00e7\u00e3o e opera\u00e7\u00e3o; possibilidade de emprego de m\u00e3o-de-obra, materiais, tecnologia e mat\u00e9rias-primas existentes no local para execu\u00e7\u00e3o, conserva\u00e7\u00e3o e opera\u00e7\u00e3o; durabilidade do material; atendimento \u00e0s normas t\u00e9cnicas, de sa\u00fade, de seguran\u00e7a do trabalho e do impacto ambiental; condi\u00e7\u00f5es de manuten\u00e7\u00e3o, assist\u00eancia t\u00e9cnica, garantia e capacidade de guarda e armazenamento.<\/p><p><strong> \u00a7 2\u00ba <\/strong>&#8211; A padroniza\u00e7\u00e3o dever\u00e1 ser observada sempre que as especifica\u00e7\u00f5es t\u00e9cnicas e de desempenho puderem ser pautadas por crit\u00e9rios objetivos e forem demonstradas as vantagens econ\u00f4micas da medida, diante da economia de escala, assim como a facilidade de manuten\u00e7\u00e3o, substitui\u00e7\u00e3o e opera\u00e7\u00e3o de bens, assist\u00eancia t\u00e9cnica e de garantia oferecidas, adapta\u00e7\u00e3o dos usu\u00e1rios e especifica\u00e7\u00f5es t\u00e9cnicas e de desempenho j\u00e1 existentes.<\/p><p><strong> \u00a7 3\u00ba <\/strong>&#8211; Dentre outras pr\u00e1ticas de sustentabilidade ambiental, desde que tecnicamente motivadas, dever\u00e3o ser atendidas aquelas definidas no art. 2\u00ba do Decreto n\u00ba 43.629, de 05 de junho de 2012, ou outras que o Poder Executivo venha a estabelecer, tais como:<\/p><p><strong>I <\/strong>&#8211; economia no consumo de \u00e1gua e energia;<\/p><p><strong>II <\/strong>&#8211; minimiza\u00e7\u00e3o da gera\u00e7\u00e3o de res\u00edduos e destina\u00e7\u00e3o final ambientalmente adequada dos que forem gerados;<\/p><p><strong>III <\/strong>&#8211; racionaliza\u00e7\u00e3o do uso de mat\u00e9rias-primas;<\/p><p><strong>IV <\/strong>&#8211; redu\u00e7\u00e3o da emiss\u00e3o de poluentes;<\/p><p><strong>V <\/strong>&#8211; ado\u00e7\u00e3o de tecnologias menos agressivas ao meio ambiente;<\/p><p><strong>VI <\/strong>&#8211; implementa\u00e7\u00e3o de medidas que reduzam as emiss\u00f5es de gases de efeito estufa e aumentem os sumidouros;<\/p><p><strong>VII <\/strong>&#8211; utiliza\u00e7\u00e3o de produtos de baixa toxicidade;<\/p><p><strong>VIII <\/strong>&#8211; utiliza\u00e7\u00e3o de produtos com a origem ambiental sustent\u00e1vel comprovada, quando existir certifica\u00e7\u00e3o para o produto.<\/p><p><strong> \u00a7 4\u00ba <\/strong>&#8211; A defini\u00e7\u00e3o do objeto e as suas especifica\u00e7\u00f5es dever\u00e3o ser aprovadas pelo respectivo setor t\u00e9cnico, especialmente no caso de sua altera\u00e7\u00e3o.<\/p><p><strong> \u00a7 5\u00ba <\/strong>&#8211; Poder\u00e1 ser exigida do licitante a apresenta\u00e7\u00e3o de certifica\u00e7\u00e3o da qualidade do produto, de seu processo de fabrica\u00e7\u00e3o ou do servi\u00e7o a ser prestado, inclusive sob o aspecto ambiental, a exemplo daquelas expedidas pelo INMETRO ou pela ABNT, para garantir a qualidade e o desempenho do objeto, mediante a devida justificativa t\u00e9cnica, sendo vedada a previs\u00e3o de exig\u00eancia de certifica\u00e7\u00e3o volunt\u00e1ria como condi\u00e7\u00e3o de habilita\u00e7\u00e3o.<\/p><p><strong>Art. 14 <\/strong>&#8211; O setor de planejamento de compras e contrata\u00e7\u00f5es, respons\u00e1vel pelo Plano Anual de Contrata\u00e7\u00f5es do \u00f3rg\u00e3o ou entidade, dever\u00e1 verificar a necessidade do objeto pelos diversos setores ou unidades internas, para proporcionar economia de escala e evitar a necessidade de repeti\u00e7\u00e3o de procedimentos.<\/p><p style=\"text-align: center;\"><strong>SE\u00c7\u00c3O I<\/strong><\/p><p style=\"text-align: center;\"><strong>DAS AQUISI\u00c7\u00d5ES<\/strong><\/p><p><strong>\u00a0<\/strong><strong>Art. 15 <\/strong>&#8211; Tratando-se de aquisi\u00e7\u00f5es, al\u00e9m da adequada caracteriza\u00e7\u00e3o de seu objeto, mediante a especifica\u00e7\u00e3o completa do bem a ser adquirido, dever\u00e3o ser indicados:<\/p><p><strong>I <\/strong>&#8211; a defini\u00e7\u00e3o das unidades e das quantidades a serem adquiridas em fun\u00e7\u00e3o do consumo e utiliza\u00e7\u00e3o prov\u00e1vel e futura estimada;<\/p><p><strong>II <\/strong>&#8211; o prazo e local de entrega;<\/p><p><strong>III <\/strong>&#8211; a forma de acondicionamento para a entrega do produto;<\/p><p><strong>IV <\/strong>&#8211; o prazo de validade m\u00ednimo aceit\u00e1vel no recebimento, quando cab\u00edvel; e<\/p><p><strong>V <\/strong>&#8211; a necessidade de amostra, sua reten\u00e7\u00e3o ou n\u00e3o e sua contabiliza\u00e7\u00e3o como item de entrega ou n\u00e3o.<\/p><p><strong> \u00a7 1\u00ba <\/strong>&#8211; A defini\u00e7\u00e3o do quantitativo dever\u00e1 ser apontada a partir de adequadas t\u00e9cnicas para a apura\u00e7\u00e3o da estimativa, que considerem, dentre outros fatores:<\/p><p><strong>I <\/strong>&#8211; o hist\u00f3rico de utiliza\u00e7\u00e3o nos \u00faltimos exerc\u00edcios;<\/p><p><strong>II <\/strong>&#8211; a quantidade armazenada em estoque;<\/p><p><strong>III <\/strong>&#8211; a necessidade futura, de acordo com as demandas atuais, especialmente quando se tratar de bens de consumo permanente;<\/p><p><strong>IV <\/strong>&#8211; a capacidade de guarda de material, no almoxarifado ou similar, em raz\u00e3o da demanda usual, estoque atual e prazo de validade dos produtos.<\/p><p><strong>\u00a7 2\u00b0 <\/strong>&#8211; A especifica\u00e7\u00e3o do objeto n\u00e3o contemplar\u00e1 a indica\u00e7\u00e3o de marca, salvo exce\u00e7\u00e3o devidamente justificada e respaldada por estudo t\u00e9cnico ou ap\u00f3s procedimento administrativo de padroniza\u00e7\u00e3o.<\/p><p><strong> \u00a7 3\u00ba <\/strong>&#8211; Quando a descri\u00e7\u00e3o do objeto a ser licitado puder ser mais bem compreendida pela identifica\u00e7\u00e3o de determinada marca ou modelo aptos a servir como refer\u00eancia, estes poder\u00e3o ser apontados, situa\u00e7\u00e3o em que ser\u00e1 obrigat\u00f3rio o acr\u00e9scimo da express\u00e3o \u201cou similar ou de melhor qualidade\u201d.<\/p><p><strong> \u00a7 4\u00ba <\/strong>&#8211; A amostra s\u00f3 poder\u00e1 ser exigida do licitante classificado em primeiro lugar.<\/p><p style=\"text-align: center;\"><strong>SE\u00c7\u00c3O II<\/strong><\/p><p style=\"text-align: center;\"><strong>DAS PRESTA\u00c7\u00d5ES DE SERVI\u00c7OS<\/strong><\/p><p><strong>\u00a0<\/strong><strong>Art. 16 <\/strong>&#8211; Quando o objeto se referir \u00e0 presta\u00e7\u00e3o de servi\u00e7os, a defini\u00e7\u00e3o completa do objeto dever\u00e1 ser apresentada por termo de refer\u00eancia.<\/p><p><strong>Art. 17 <\/strong>&#8211; Observada a Pol\u00edtica de Tecnologia de Informa\u00e7\u00e3o e Comunica\u00e7\u00e3o definida pelo Conselho Estadual da Tecnologia da Informa\u00e7\u00e3o, na forma do Decreto n\u00ba 40.709, de 10 de abril de 2007, as contrata\u00e7\u00f5es relativas \u00e0s solu\u00e7\u00f5es de tecnologia da informa\u00e7\u00e3o dever\u00e3o ser precedidas de planejamento, elaborado em harmonia com o Plano Diretor de Tecnologia da Informa\u00e7\u00e3o &#8211; PDTI, alinhado ao planejamento estrat\u00e9gico do \u00f3rg\u00e3o ou da entidade.<\/p><p><strong> \u00a7 1\u00ba <\/strong>&#8211; Para os fins deste Decreto, considera-se solu\u00e7\u00e3o de tecnologia da informa\u00e7\u00e3o o conjunto de bens e servi\u00e7os de tecnologia da informa\u00e7\u00e3o e automa\u00e7\u00e3o que se integram para o alcance dos resultados pretendidos com a contrata\u00e7\u00e3o.<\/p><p><strong> \u00a7 2\u00ba <\/strong>&#8211; Inexistindo o planejamento estrat\u00e9gico formal e expresso por documentos, dever\u00e1 ser empregado documento similar existente, a exemplo do Plano Plurianual ou instrumento equivalente, hip\u00f3tese em que dever\u00e1 ser registrada a sua aus\u00eancia e indicados os documentos utilizados, justificadamente.<\/p><p><strong> \u00a7 3\u00ba <\/strong>&#8211; Para as contrata\u00e7\u00f5es relativas \u00e0s solu\u00e7\u00f5es de tecnologia da informa\u00e7\u00e3o, a elabora\u00e7\u00e3o dos Termos de Refer\u00eancia deve ser precedida, necessariamente, de elabora\u00e7\u00e3o e aprova\u00e7\u00e3o pela autoridade competente de plano de gerenciamento de riscos do \u00f3rg\u00e3o, incluindo a elabora\u00e7\u00e3o do mapa de riscos, al\u00e9m dos estudos t\u00e9cnicos preliminares, que dever\u00e3o conter, nessa hip\u00f3tese, pelo menos os seguintes elementos:<\/p><p><strong>I <\/strong>&#8211; identifica\u00e7\u00e3o do problema de neg\u00f3cio a ser resolvido;<\/p><p><strong>II <\/strong>&#8211; rela\u00e7\u00e3o entre a demanda prevista e a quantidade de servi\u00e7o a ser contratada;<\/p><p><strong>III <\/strong>&#8211; levantamento de requisitos da contrata\u00e7\u00e3o, limitando-se \u00e0queles indispens\u00e1veis \u00e0 execu\u00e7\u00e3o do objeto pretendido;<\/p><p><strong>IV <\/strong>&#8211; levantamento das diferentes solu\u00e7\u00f5es de TI existentes no mercado que poderiam atender \u00e0 necessidade identificada e alcan\u00e7ar os resultados esperados;<\/p><p><strong>V <\/strong>&#8211; an\u00e1lise de projetos similares realizados por outros \u00f3rg\u00e3os ou entidades da Administra\u00e7\u00e3o P\u00fablica;<\/p><p><strong>VI <\/strong>&#8211; descri\u00e7\u00e3o da solu\u00e7\u00e3o de TI como um todo, composta pelo conjunto de todos os servi\u00e7os, produtos e outros elementos necess\u00e1rios e que se integram para o alcance dos resultados pretendidos e an\u00e1lise dos custos diretos e indiretos da solu\u00e7\u00e3o ou equipamento de TI durante todo o seu ciclo de vida;<\/p><p><strong>VII <\/strong>&#8211; avalia\u00e7\u00e3o das necessidades de adequa\u00e7\u00e3o do ambiente do \u00f3rg\u00e3o ou entidade para viabilizar a execu\u00e7\u00e3o contratual;<\/p><p><strong>VIII <\/strong>&#8211; justificativa sobre parcelamento ou n\u00e3o do objeto, levando-se em considera\u00e7\u00e3o a viabilidade t\u00e9cnica e econ\u00f4mica para tanto, a necessidade de aproveitar melhor as potencialidades do mercado e a poss\u00edvel amplia\u00e7\u00e3o da competitividade do certame, sem perda de economia de escala;<\/p><p><strong>IX <\/strong>&#8211; an\u00e1lise da viabilidade t\u00e9cnica da contrata\u00e7\u00e3o.<\/p><p><strong>\u00a7 4\u00b0 <\/strong>&#8211; Nas contrata\u00e7\u00f5es para a presta\u00e7\u00e3o de servi\u00e7os de tecnologia da informa\u00e7\u00e3o, a remunera\u00e7\u00e3o deve estar vinculada a resultados ou ao atendimento de n\u00edveis de servi\u00e7o, admitindo-se excepcionalmente, em raz\u00e3o das caracter\u00edsticas do objeto e mediante pr\u00e9via justificativa, o pagamento por hora trabalhada ou por posto de servi\u00e7o.<\/p><p style=\"text-align: center;\"><strong>SE\u00c7\u00c3O III<\/strong><\/p><p style=\"text-align: center;\"><strong>DAS OBRAS E SERVI\u00c7OS DE ENGENHARIA<\/strong><\/p><p><strong>\u00a0<\/strong><strong>Art. 18 <\/strong>Para a execu\u00e7\u00e3o de obras e servi\u00e7os de engenharia, o setor requisitante efetuar\u00e1 a descri\u00e7\u00e3o sum\u00e1ria do seu objeto, que dever\u00e1 ser encaminhada ao setor t\u00e9cnico para a elabora\u00e7\u00e3o do projeto b\u00e1sico.<\/p><p><strong>Par\u00e1grafo \u00danico <\/strong>&#8211; Todos os documentos de natureza t\u00e9cnica, tais como o memorial descritivo e\/ou especifica\u00e7\u00e3o t\u00e9cnica, or\u00e7amento de refer\u00eancia e cronograma, bem como todos os projetos apresentados devem conter identifica\u00e7\u00e3o do(s) respons\u00e1vel(is) t\u00e9cnico(s) com nome e n\u00famero do registro no CREA e\/ou CAU devidamente assinados e registrados no conselho devido.<\/p><p style=\"text-align: center;\"><strong>CAP\u00cdTULO III<\/strong><\/p><p style=\"text-align: center;\"><strong>DA AUTORIZA\u00c7\u00c3O DA CONTRATA\u00c7\u00c3O<\/strong><\/p><p><strong>\u00a0<\/strong><strong>Art. 19 <\/strong>&#8211; A autoriza\u00e7\u00e3o da contrata\u00e7\u00e3o ser\u00e1 efetuada pela autoridade competente, na forma do art. 82 da Lei n\u00ba 287, de 04 de dezembro de 1979, que aprovar\u00e1 o in\u00edcio do procedimento.<\/p><p><strong> \u00a7 1\u00ba <\/strong>&#8211; A motiva\u00e7\u00e3o do ato de autoriza\u00e7\u00e3o dever\u00e1 considerar a oportunidade, a conveni\u00eancia e a relev\u00e2ncia da contrata\u00e7\u00e3o.<\/p><p><strong> \u00a7 2\u00ba <\/strong>&#8211; Tamb\u00e9m dever\u00e1 ser considerado se j\u00e1 foram tomadas as provid\u00eancias para a indispens\u00e1vel disponibilidade, utiliza\u00e7\u00e3o, aquisi\u00e7\u00e3o ou desapropria\u00e7\u00e3o dos bens necess\u00e1rios \u00e0 execu\u00e7\u00e3o da obra ou servi\u00e7o a contratar, quando for o caso.<\/p><p style=\"text-align: center;\"><strong>CAP\u00cdTULO IV<\/strong><\/p><p style=\"text-align: center;\"><strong>DA ESTIMATIVA DO VALOR DA CONTRATA\u00c7\u00c3O<\/strong><\/p><p><strong>\u00a0<\/strong><strong>Art. 20 <\/strong>&#8211; A estimativa do valor da contrata\u00e7\u00e3o ser\u00e1 realizada mediante consulta \u00e0s fontes diversificadas de pesquisa que sejam capazes de representar a realidade do mercado p\u00fablico.<\/p><p><strong>\u00a7 1\u00ba <\/strong>&#8211; A pesquisa de pre\u00e7os dever\u00e1 ser realizada pelos seguintes par\u00e2metros:<\/p><p><strong>I <\/strong>&#8211; pre\u00e7os de refer\u00eancia constantes do Sistema Integrado de Gest\u00e3o de Aquisi\u00e7\u00f5es do Estado do Rio de Janeiro &#8211; SIGA;<\/p><p><strong>II <\/strong>&#8211; valores constantes de Portais de Compras de Governo;<\/p><p><strong>III <\/strong>&#8211; avalia\u00e7\u00e3o de contratos vigentes ou recentes similares;<\/p><p><strong>IV <\/strong>&#8211; valores adjudicados em contrata\u00e7\u00f5es similares de outros \u00f3rg\u00e3os ou entes p\u00fablicos;<\/p><p><strong>V <\/strong>&#8211; pre\u00e7os registrados em atas de Sistema de Registro de Pre\u00e7os;<\/p><p><strong>VI <\/strong>&#8211; bancos de pre\u00e7os, pesquisa publicada em m\u00eddias ou em s\u00edtios eletr\u00f4nicos especializados ou de dom\u00ednio amplo, desde que contenha a data de acesso ou de refer\u00eancia;<\/p><p><strong>VII <\/strong>&#8211; consulta a fornecedores por meio do SIGA, correio eletr\u00f4nico ou qualquer outro meio id\u00f4neo.<\/p><p><strong>\u00a7 2\u00ba <\/strong>&#8211; Os par\u00e2metros previstos no par\u00e1grafo anterior dever\u00e3o ser utilizados de forma cumulativa, salvo impossibilidade devidamente justificada.<\/p><p><strong>\u00a7 3\u00ba <\/strong>&#8211; Poder\u00e3o ser utilizados os pre\u00e7os cujas datas n\u00e3o se diferenciem em mais de 180 (cento e oitenta) dias da indica\u00e7\u00e3o da estimativa do valor da contrata\u00e7\u00e3o, ou cujos contratos estejam em execu\u00e7\u00e3o.<\/p><p><strong>\u00a7 4\u00ba <\/strong>&#8211; Quando for realizada consulta a fornecedores, dever\u00e1 ser disponibilizado o Termo de Refer\u00eancia ou o Projeto B\u00e1sico, para permitir que o mercado apresente os pre\u00e7os estimados com custos adequados ao objeto, conferindo prazo de resposta compat\u00edvel com a complexidade do objeto a ser solicitado, n\u00e3o inferior a 5 (cinco) dias e nem superior a 30 (trinta) dias corridos.<\/p><p><strong>\u00a7 5\u00ba <\/strong>&#8211; A pesquisa de pre\u00e7os dever\u00e1 observar a similaridade das condi\u00e7\u00f5es contratuais ou de oferta, como a especifica\u00e7\u00e3o do objeto, volume da demanda, prazo e local da entrega ou presta\u00e7\u00e3o, dentre outros, a fim de evitar eventuais distor\u00e7\u00f5es no pre\u00e7o de refer\u00eancia apurado, cuja observ\u00e2ncia dever\u00e1 ser atestada pelo setor t\u00e9cnico.<\/p><p><strong>\u00a7 6\u00ba <\/strong>&#8211; Nos casos em que n\u00e3o tiverem sido obtidos resultados suficientes a refletir a realidade de mercado p\u00fablico ou, ainda, tiverem sido obtidos pre\u00e7os apenas pelo par\u00e2metro de consulta a fornecedores, dever\u00e3o ser realizadas cota\u00e7\u00f5es por meio de an\u00fancios de jornal, encartes, consultas \u00e0 internet ou quaisquer outros ve\u00edculos de divulga\u00e7\u00e3o, caso em que o servidor respons\u00e1vel dever\u00e1 atestar a fonte das informa\u00e7\u00f5es obtidas, com a indica\u00e7\u00e3o da data de refer\u00eancia ou de acesso.<\/p><p><strong>Art. 21 <\/strong>&#8211; Ser\u00e3o utilizados, como metodologia para obten\u00e7\u00e3o do pre\u00e7o de refer\u00eancia para a contrata\u00e7\u00e3o, a m\u00e9dia, a mediana ou o menor dos valores obtidos na pesquisa de pre\u00e7os, desde que o c\u00e1lculo incida sobre um conjunto de tr\u00eas ou mais pre\u00e7os, oriundos de um ou mais dos par\u00e2metros previstos no art. 20.<\/p><p><strong> \u00a7 1\u00ba <\/strong>&#8211; Caso n\u00e3o sejam obtidos, ao menos, 3 (tr\u00eas) pre\u00e7os de refer\u00eancia, dever\u00e1 ser realizada nova pesquisa de mercado, salvo se se tratar de mercado restrito ou desde que devidamente justificado.<\/p><p><strong> \u00a7 2\u00ba <\/strong>&#8211; Com justificativa, os valores obtidos por meio das consultas que n\u00e3o reflitam a realidade de mercado ou que apresentem grande varia\u00e7\u00e3o em rela\u00e7\u00e3o aos demais devem ser desprezados, assim como os pre\u00e7os inexequ\u00edveis ou excessivamente elevados, de modo a evitar distor\u00e7\u00f5es da estimativa do valor da contrata\u00e7\u00e3o.<\/p><p><strong> \u00a7 3\u00ba <\/strong>&#8211; Poder\u00e3o ser adotados outros m\u00e9todos para a obten\u00e7\u00e3o do resultado da pesquisa de pre\u00e7os diferentes daqueles previstos no caput deste artigo, o que dever\u00e1 ser devidamente justificado pela autoridade competente.<\/p><p><strong>Art. 22 <\/strong>&#8211; Para a observ\u00e2ncia do disposto no art. 20 deste Decreto, a pesquisa de pre\u00e7os dever\u00e1 ser apresentada por meio de or\u00e7amento detalhado em planilhas que expresse a composi\u00e7\u00e3o dos custos unit\u00e1rios, al\u00e9m de Relat\u00f3rio anal\u00edtico contendo o descritivo dos m\u00e9todos adotados para forma\u00e7\u00e3o dos pre\u00e7os de refer\u00eancia e do or\u00e7amento estimado para a contrata\u00e7\u00e3o.<\/p><p><strong>Par\u00e1grafo \u00danico <\/strong>&#8211; O Relat\u00f3rio anal\u00edtico previsto no caput deste dispositivo deve conter todos os atos e documentos que demonstrem os meios utilizados para a pesquisa de pre\u00e7os, apontando os par\u00e2metros utilizados e os eventualmente frustrados, com prova e data de acesso \u00e0s fontes, inclusive as indispon\u00edveis e as sem pre\u00e7os registrados; a fundamenta\u00e7\u00e3o para desconsidera\u00e7\u00e3o de determinados pre\u00e7os encontrados, quando cab\u00edvel; al\u00e9m da identifica\u00e7\u00e3o do(s) servidor(es) respons\u00e1vel(is) pela elabora\u00e7\u00e3o de cada etapa da pesquisa.<\/p><p><strong>Art. 23 <\/strong>&#8211; O Pre\u00e7o de Refer\u00eancia do SIGA, al\u00e9m de servir de par\u00e2metro para a pesquisa de pre\u00e7os, poder\u00e1 substitu\u00ed-la quando atendidas as condi\u00e7\u00f5es estabelecidas no Decreto n\u00b0 44.499, de 29 de novembro de 2013, e altera\u00e7\u00f5es posteriores.<\/p><p><strong>Art. 24 <\/strong>&#8211; Nas hip\u00f3teses de inexigibilidade de licita\u00e7\u00e3o, a pesquisa de pre\u00e7os poder\u00e1 ser realizada mediante a compara\u00e7\u00e3o da proposta apresentada com os pre\u00e7os de mercado praticados pela futura Contratada em outros contratos cujo objeto seja semelhante ao que se pretende contratar.<\/p><p><strong>Art. 25 <\/strong>&#8211; A estimativa do pre\u00e7o das obras e dos servi\u00e7os de engenharia ser\u00e1 obtida a partir da elabora\u00e7\u00e3o dos or\u00e7amentos de refer\u00eancia e observar\u00e1 as seguintes diretrizes:<\/p><p><strong>I <\/strong>&#8211; ser\u00e1 elaborada a partir da fixa\u00e7\u00e3o dos custos unit\u00e1rios e benef\u00edcios e despesas indiretas (BDI) de refer\u00eancia dos materiais, servi\u00e7os, equipamentos e m\u00e3o de obra, apurados pelos boletins da Empresa de Obras P\u00fablicas &#8211; EMOP, na forma do art. 1\u00ba, do Decreto Estadual n\u00ba 302, de 14 de agosto de 1975, combinado com o art. 3\u00ba, inciso IX, do Decreto Estadual n\u00ba 15.122, de 19 de julho de 1990;<\/p><p><strong>II <\/strong>&#8211; determinar\u00e1 os crit\u00e9rios de aceitabilidade dos pre\u00e7os unit\u00e1rios e global, na forma do disposto no art. 40, inciso X, da Lei n\u00ba 8666\/93 e do Decreto n\u00ba 42.445, de 4 de maio de 2010.<\/p><p><strong> \u00a7 1\u00ba <\/strong>&#8211; Caso n\u00e3o haja custo unit\u00e1rio de refer\u00eancia definido no \u00e2mbito do Estado do Rio de Janeiro por interm\u00e9dio da Empresa de Obras P\u00fablicas &#8211; EMOP, poder\u00e3o ser adotadas prioritariamente, e mediante justificativa t\u00e9cnica:<\/p><p><strong>I <\/strong>&#8211; fontes oficiais de outros entes da Administra\u00e7\u00e3o P\u00fablica, como o Sistema de Custos de Obras (SCO), do Munic\u00edpio do Rio de Janeiro, o Sistema Nacional de Pesquisa de Custos e \u00cdndices da Constru\u00e7\u00e3o Civil (SINAPI), da Caixa Econ\u00f4mica Federal (CAIXA), e o Sistema de Custos Rodovi\u00e1rios (SICRO), do Departamento Nacional de Infraestrutura de Transporte (DNIT); e<\/p><p><strong>II <\/strong>&#8211; fontes privadas, como as Tabelas de Composi\u00e7\u00f5es de Pre\u00e7os para Or\u00e7amentos, da Editora PINI, e o Informativo SBC.<\/p><p><strong> \u00a7 2\u00ba <\/strong>&#8211; Se as tabelas para elabora\u00e7\u00e3o dos or\u00e7amentos de refer\u00eancia de que trata o \u00a7 1\u00ba deste artigo n\u00e3o contemplarem, de modo adequado, os itens constantes no projeto, o pre\u00e7o de refer\u00eancia ser\u00e1 obtido na forma do art. 20.<\/p><p><strong> \u00a7 3\u00ba <\/strong>&#8211; Quando o recurso que custear a despesa da futura contrata\u00e7\u00e3o for oriundo de conv\u00eanio, contrato de repasse ou financiamento, a estipula\u00e7\u00e3o do pre\u00e7o m\u00e1ximo de refer\u00eancia dever\u00e1 adequar-se \u00e0s normas que constam no respectivo instrumento.<\/p><p><strong> \u00a7 4\u00ba <\/strong>&#8211; Poder\u00e3o ser adotadas especificidades locais ou de projeto na elabora\u00e7\u00e3o das respectivas composi\u00e7\u00f5es de custo unit\u00e1rio, desde que demonstrada a pertin\u00eancia dos ajustes para a obra ou servi\u00e7o de engenharia a ser or\u00e7ado em relat\u00f3rio t\u00e9cnico elaborado por profissional habilitado.<\/p><p><strong> \u00a7 5\u00ba <\/strong>&#8211; Os quantitativos dos itens do or\u00e7amento ter\u00e3o que ser obtidos por t\u00e9cnicas quantitativas de estima\u00e7\u00e3o, em fun\u00e7\u00e3o do consumo e utiliza\u00e7\u00e3o prov\u00e1veis e\/ou mem\u00f3ria de c\u00e1lculo de quantidades, detalhando f\u00f3rmulas, convers\u00f5es de unidades e fonte de dados utilizados e dever\u00e3o ser consolidados em Projeto B\u00e1sico\/Termo de Refer\u00eancia.<\/p><p style=\"text-align: center;\"><strong>CAP\u00cdTULO V<\/strong><\/p><p style=\"text-align: center;\"><strong>A AUTORIZA\u00c7\u00c3O PARA A REALIZA\u00c7\u00c3O DA DESPESA<\/strong><\/p><p><strong>\u00a0<\/strong><strong>Art. 26 <\/strong>&#8211; Fixada a estimativa do valor da contrata\u00e7\u00e3o, ser\u00e1 verificada, pelo setor competente, a disponibilidade or\u00e7ament\u00e1ria para a realiza\u00e7\u00e3o da despesa.<\/p><p><strong>Par\u00e1grafo \u00danico <\/strong>&#8211; Quando se tratar de despesa que n\u00e3o se encerre no pr\u00f3prio exerc\u00edcio da contrata\u00e7\u00e3o, dever\u00e3o ser observados os crit\u00e9rios estabelecidos nos incisos do art. 57 da Lei n\u00ba 8.666, de 21 de junho de 1993, atestando-se a sua compatibilidade com o Plano Plurianual, se for o caso.<\/p><p><strong>Art. 27 <\/strong>&#8211; Caso a contrata\u00e7\u00e3o de servi\u00e7os, fornecimento de bens ou execu\u00e7\u00e3o de obras implique a cria\u00e7\u00e3o, expans\u00e3o ou aperfei\u00e7oamento de a\u00e7\u00e3o governamental que acarrete aumento da despesa, nos termos do art. 16 da Lei Complementar n\u00ba 101, de 4 de maio de 2000, o Ordenador de Despesa ser\u00e1 informado:<\/p><p><strong>I <\/strong>&#8211; quanto \u00e0 estimativa do impacto or\u00e7ament\u00e1rio-financeiro no exerc\u00edcio em que deva entrar em vigor e nos dois subsequentes;<\/p><p><strong>II <\/strong>&#8211; se o aumento da despesa tem adequa\u00e7\u00e3o or\u00e7ament\u00e1ria e financeira com a lei or\u00e7ament\u00e1ria anual, bem como compatibilidade com o plano plurianual e com a lei de diretrizes or\u00e7ament\u00e1rias.<\/p><p><strong> \u00a7 1\u00ba <\/strong>&#8211; A estimativa de que trata o inciso I do caput deste artigo ser\u00e1 acompanhada das premissas e metodologia de c\u00e1lculo utilizadas.<\/p><p><strong> \u00a7 2\u00ba <\/strong>&#8211; Ficam ressalvadas do disposto neste artigo as despesas:<\/p><p><strong>I <\/strong>&#8211; consideradas irrelevantes, assim entendidas como aquelas cujo valor n\u00e3o ultrapasse os limites fixados nos incisos I e II do artigo 24 da Lei Federal n\u00ba 8.666, de 21 de junho de 1993;<\/p><p><strong>II <\/strong>&#8211; corriqueiras, habituais e relacionadas \u00e0 opera\u00e7\u00e3o e manuten\u00e7\u00e3o de servi\u00e7os preexistentes;<\/p><p><strong>III <\/strong>&#8211; que se esgotarem no pr\u00f3prio exerc\u00edcio financeiro.<\/p><p><strong>Art. 28 <\/strong>&#8211; Havendo disponibilidade or\u00e7ament\u00e1ria, o processo ser\u00e1 encaminhado ao Ordenador de Despesas, a fim de que seja:<\/p><p><strong>I <\/strong>&#8211; autorizada a reserva or\u00e7ament\u00e1ria necess\u00e1ria \u00e0 contrata\u00e7\u00e3o pretendida; e<\/p><p><strong>II <\/strong>&#8211; declarada a adequa\u00e7\u00e3o da despesa, na hip\u00f3tese do art. 28 deste Decreto.<\/p><p style=\"text-align: center;\"><strong>CAP\u00cdTULO VI<\/strong><\/p><p style=\"text-align: center;\"><strong>A ELABORA\u00c7\u00c3O E A APROVA\u00c7\u00c3O DAS MINUTAS<\/strong><\/p><p style=\"text-align: center;\"><strong>DE EDITAL E CONTRATO<\/strong><\/p><p><strong>\u00a0<\/strong><strong>Art. 29 <\/strong>&#8211; Realizada a reserva or\u00e7ament\u00e1ria, ser\u00e3o indicados a modalidade e o tipo de licita\u00e7\u00e3o, bem como elaboradas as minutas de edital e, se for o caso, de instrumento do contrato, de acordo com as circunst\u00e2ncias da contrata\u00e7\u00e3o.<\/p><p><strong> \u00a7 1\u00ba <\/strong>&#8211; Quando se tratar de bens e servi\u00e7os comuns, a modalidade de licita\u00e7\u00e3o a ser realizada ser\u00e1 preg\u00e3o, preferencialmente eletr\u00f4nico.<\/p><p><strong> \u00a7 2\u00ba <\/strong>&#8211; Nas hip\u00f3teses do caput deste dispositivo, para a escolha do tipo de licita\u00e7\u00e3o, poder\u00e3o ser levados em conta, dentre outros, os seguintes fatores:<\/p><p><strong>I <\/strong>&#8211; natureza predominantemente intelectual do objeto;<\/p><p><strong>II <\/strong>&#8211; grande complexidade ou inova\u00e7\u00e3o tecnol\u00f3gica ou t\u00e9cnica;<\/p><p><strong>III <\/strong>&#8211; caracter\u00edsticas especiais da contrata\u00e7\u00e3o.<\/p><p><strong> \u00a7 3\u00ba <\/strong>&#8211; Quando se tratar de contrata\u00e7\u00e3o direta, por dispensa ou inexigibilidade de licita\u00e7\u00e3o, ser\u00e1 elaborada a minuta de instrumento do contrato.<\/p><p><strong> \u00a7 4\u00ba <\/strong>&#8211; Dever\u00e1 ser indicado pelo Ordenador de Despesas o agente ou o setor respons\u00e1vel pela elabora\u00e7\u00e3o da minuta de edital.<\/p><p><strong>Art. 30 <\/strong>&#8211; Dever\u00e3o ser adotadas as minutas padronizadas de edital e de contrato aprovadas pela Procuradoria Geral do Estado.<\/p><p><strong>Par\u00e1grafo \u00danico <\/strong>&#8211; As altera\u00e7\u00f5es promovidas nas minutas que sejam necess\u00e1rias \u00e0 adequa\u00e7\u00e3o do objeto dever\u00e3o ser apresentadas em negrito, de modo a contribuir para a celeridade de seu exame.<\/p><p><strong>Art. 31 <\/strong>&#8211; O \u00f3rg\u00e3o de assessoramento jur\u00eddico dever\u00e1 emitir parecer pr\u00e9vio acerca da possibilidade jur\u00eddica da contrata\u00e7\u00e3o e examinar\u00e1 as minutas de editais de licita\u00e7\u00e3o e contratos ou instrumentos cong\u00eaneres, assim como o cumprimento dos atos da fase preparat\u00f3ria.<\/p><p><strong>Par\u00e1grafo \u00danico <\/strong>&#8211; O parecer de que trata o caput deste artigo:<\/p><p><strong>I <\/strong>&#8211; n\u00e3o ser\u00e1 dispensado no caso de haver minuta-padr\u00e3o;<\/p><p><strong>II <\/strong>&#8211; n\u00e3o examinar\u00e1 conte\u00fado t\u00e9cnico relativo a documentos do processo ou de qualquer outra natureza n\u00e3o jur\u00eddica.<\/p><p><strong>Art. 32 <\/strong>&#8211; Ser\u00e3o procedidas as recomenda\u00e7\u00f5es de adequa\u00e7\u00e3o apresentadas pelo parecer jur\u00eddico ou devidamente justificado o seu n\u00e3o acolhimento, mediante ato formal da Autoridade Competente, ouvido o setor t\u00e9cnico, conforme a natureza da mat\u00e9ria.<\/p><p style=\"text-align: center;\"><strong>CAP\u00cdTULO VII<\/strong><\/p><p style=\"text-align: center;\"><strong>DAS CONTRATA\u00c7\u00d5ES DECORRENTES<\/strong><\/p><p style=\"text-align: center;\"><strong>DO SISTEMA DE REGISTRO DE PRE\u00c7OS<\/strong><\/p><p><strong>\u00a0<\/strong><strong>Art. 33 <\/strong>&#8211; Na contrata\u00e7\u00e3o decorrente do Registro de Pre\u00e7os, e sem preju\u00edzo do que estabelece o respectivo decreto estadual regulamentador, os \u00f3rg\u00e3os e entidades participantes dever\u00e3o observar as seguintes disposi\u00e7\u00f5es:<\/p><p><strong>I <\/strong>&#8211; instru\u00e7\u00e3o do processo administrativo, inclusive com a justificativa de necessidade da contrata\u00e7\u00e3o, mem\u00f3ria de c\u00e1lculos dos quantitativos demandados, autoriza\u00e7\u00e3o da autoridade competente, edital e documentos que o integram, assim como a ata de registro de pre\u00e7os e minuta de contrato, se houver;<\/p><p><strong>II <\/strong>&#8211; constata\u00e7\u00e3o da vig\u00eancia da Ata de Registro de Pre\u00e7os;<\/p><p><strong>III <\/strong>&#8211; realiza\u00e7\u00e3o de pr\u00e9via pesquisa de mercado para confirmar se os pre\u00e7os registrados continuam sendo vantajosos, na forma deste Decreto, caso n\u00e3o seja atestada a atualidade do pre\u00e7o registrado pelo \u00f3rg\u00e3o gerenciador da ata, conforme disposto no Decreto que regulamenta o Sistema de Registro de Pre\u00e7os no estado;<\/p><p><strong>IV <\/strong>&#8211; verifica\u00e7\u00e3o da exist\u00eancia de cr\u00e9dito or\u00e7ament\u00e1rio para fazer face \u00e0s despesas no exerc\u00edcio; e<\/p><p><strong>V <\/strong>&#8211; autoriza\u00e7\u00e3o da reserva do cr\u00e9dito or\u00e7ament\u00e1rio pela autoridade competente.<\/p><p><strong>Par\u00e1grafo \u00danico <\/strong>&#8211; Tratando-se de contrata\u00e7\u00e3o realizada na condi\u00e7\u00e3o de \u00f3rg\u00e3o aderente \u00e0 Ata de Registro de Pre\u00e7os, al\u00e9m dos demais dispositivos deste Decreto, devem ainda ser atendidas as condi\u00e7\u00f5es abaixo:<\/p><p><strong>I <\/strong>&#8211; cotejo entre a necessidade da contrata\u00e7\u00e3o e o objeto registrado em ata;<\/p><p><strong>II <\/strong>&#8211; anu\u00eancia da contrata\u00e7\u00e3o pelo \u00f3rg\u00e3o gerenciador;<\/p><p><strong>III <\/strong>&#8211; anu\u00eancia da contrata\u00e7\u00e3o pelo fornecedor.<\/p><p style=\"text-align: center;\"><strong>CAP\u00cdTULO VIII<\/strong><\/p><p style=\"text-align: center;\"><strong>DOS ATOS PREPARAT\u00d3RIOS PARA A PUBLICA\u00c7\u00c3O DO EDITAL<\/strong><\/p><p><strong>\u00a0<\/strong><strong>Art. 34 <\/strong>&#8211; Tamb\u00e9m ser\u00e3o registrados no processo administrativo de contrata\u00e7\u00e3o a designa\u00e7\u00e3o da Comiss\u00e3o de Licita\u00e7\u00e3o ou do Pregoeiro e Equipe de apoio, incluindo, neste caso, o comprovante de sua admiss\u00e3o na Rede de Pregoeiro do Estado do Rio de Janeiro &#8211; REDEPREG.<\/p><p><strong>Art. 35 <\/strong>&#8211; Dever\u00e1 ser realizada audi\u00eancia p\u00fablica quando o valor estimado para a licita\u00e7\u00e3o ou para um conjunto de licita\u00e7\u00f5es simult\u00e2neas ou sucessivas for superior a 100 (cem) vezes o limite previsto no art. 23, inciso I, al\u00ednea &#8220;c&#8221; da Lei n\u00ba 8.666, de 21 de junho de 1993.<\/p><p><strong> \u00a7 1\u00ba <\/strong>&#8211; A audi\u00eancia p\u00fablica dever\u00e1 ser realizada pela autoridade respons\u00e1vel com anteced\u00eancia m\u00ednima de 15 (quinze) dias \u00fateis da data prevista para a publica\u00e7\u00e3o do edital, e divulgada com a anteced\u00eancia m\u00ednima de 10 (dez) dias \u00fateis de sua realiza\u00e7\u00e3o, pelos mesmos meios previstos para a publicidade da licita\u00e7\u00e3o e no endere\u00e7o eletr\u00f4nico www.compras.rj.gov.br, franqueando-se o acesso e o direito a todas as informa\u00e7\u00f5es pertinentes e a se manifestar a todos os interessados, sejam licitantes ou n\u00e3o.<\/p><p><strong> \u00a7 2\u00ba <\/strong>&#8211; Para os fins deste artigo, consideram-se licita\u00e7\u00f5es simult\u00e2neas aquelas com objetos similares e com realiza\u00e7\u00e3o prevista para intervalos n\u00e3o superiores a trinta dias, e licita\u00e7\u00f5es sucessivas aquelas em que, tamb\u00e9m com objetos similares, o edital subsequente tenha uma data anterior a cento e vinte dias ap\u00f3s o t\u00e9rmino do contrato resultante da licita\u00e7\u00e3o antecedente.<\/p><p><strong> \u00a7 3\u00ba <\/strong>&#8211; A crit\u00e9rio da autoridade competente, poder\u00e1 ser realizada audi\u00eancia p\u00fablica, independente do valor estimado da contrata\u00e7\u00e3o, em momento anterior ao previsto no par\u00e1grafo primeiro deste artigo, quando houver necessidade de obter contribui\u00e7\u00f5es junto ao mercado ou interessados para a adequada modelagem do objeto.<\/p><p><strong> \u00a7 4\u00ba <\/strong>&#8211; As contribui\u00e7\u00f5es apresentadas pelo mercado ou pelos interessados poder\u00e3o ser acolhidas ou rejeitadas, procedendo-se \u00e0s devidas adequa\u00e7\u00f5es no termo de refer\u00eancia, projeto b\u00e1sico e minutas de edital e contrato, quando cab\u00edveis.<\/p><p><strong> \u00a7 5\u00ba <\/strong>&#8211; O ato que acolher ou rejeitar as contribui\u00e7\u00f5es oferecidas dever\u00e1 ser justificado, sendo a sua motiva\u00e7\u00e3o expl\u00edcita, clara e congruente, nos termos do art. 48 da Lei n\u00ba 5.427, de 1\u00ba de abril de 2009.<\/p><p><strong>Art. 36 <\/strong>&#8211; Assinado o edital pela Autoridade Competente, ser\u00e1 providenciada a publica\u00e7\u00e3o do aviso de licita\u00e7\u00e3o no Di\u00e1rio Oficial do Estado do Rio de Janeiro, na p\u00e1gina do \u00f3rg\u00e3o ou entidade e no endere\u00e7o eletr\u00f4nico <a href=\"http:\/\/www.compras.rj.gov.br\">www.compras.rj.gov.br<\/a>.<\/p><p><strong>\u00a7 1\u00ba <\/strong>&#8211; A compet\u00eancia para assinar os editais de licita\u00e7\u00e3o \u00e9 do autorizador de despesa, conforme previsto no art. 82 da Lei n\u00ba 287, de04 de dezembro de 1979, podendo essa atribui\u00e7\u00e3o ser delegada apenas para os Ordenadores de Despesas.<\/p><p><strong> \u00a7 2\u00ba <\/strong>&#8211; O aviso de edital tamb\u00e9m dever\u00e1 ser publicado em jornal di\u00e1rio de grande circula\u00e7\u00e3o no Estado e tamb\u00e9m, se houver, em jornal de circula\u00e7\u00e3o no Munic\u00edpio ou na regi\u00e3o onde ser\u00e1 realizado o objeto.<\/p><p><strong> \u00a7 3\u00ba <\/strong>&#8211; O extrato do edital dever\u00e1 ser encaminhado ao Tribunal de Contas do Estado do Rio de Janeiro, na forma e no prazo especificado por este \u00f3rg\u00e3o.<\/p><p><strong> \u00a7 4\u00ba <\/strong>&#8211; Ser\u00e3o disponibilizados no Portal de Acesso \u00e0 Informa\u00e7\u00e3o P\u00fablica do Estado do Rio de Janeiro e no endere\u00e7o eletr\u00f4nico <a href=\"http:\/\/www.compras.rj.gov.br\">www.compras.rj.gov.br<\/a>:<\/p><p><strong>I &#8211; <\/strong>na mesma data da primeira publica\u00e7\u00e3o dos respectivos avisos na Imprensa Oficial: a \u00edntegra do edital, de todos os seus anexos e eventuais republica\u00e7\u00f5es; o resultado da licita\u00e7\u00e3o; e a publica\u00e7\u00e3o do extrato contratual;<\/p><p><strong>II &#8211; <\/strong>em at\u00e9 15 (quinze) dias contados da publica\u00e7\u00e3o do extrato: a \u00edntegra do contrato e de todos os seus anexos.<\/p><p style=\"text-align: center;\"><strong>CAP\u00cdTULO IX<\/strong><\/p><p style=\"text-align: center;\"><strong>DISPOSI\u00c7\u00d5ES FINAIS E TRANSIT\u00d3RIAS<\/strong><\/p><p><strong>\u00a0<\/strong><strong>Art. 37 <\/strong>&#8211; Os atos da fase preparat\u00f3ria que forem realizados por meio eletr\u00f4nico ser\u00e3o v\u00e1lidos para todos os efeitos legais, inclusive para comprova\u00e7\u00e3o e presta\u00e7\u00e3o de contas, devendo permanecer \u00e0 disposi\u00e7\u00e3o dos \u00f3rg\u00e3os de controle interno e externo.<\/p><p><strong>Art. 38 <\/strong>&#8211; A fase preparat\u00f3ria da contrata\u00e7\u00e3o poder\u00e1 ser anulada, a qualquer tempo, por v\u00edcio de ilegalidade, ou revogada, por raz\u00f5es de conveni\u00eancia e oportunidade, mediante decis\u00e3o da Autoridade Competente devidamente justificada.<\/p><p><strong>Art. 39 <\/strong>&#8211; Durante a fase preparat\u00f3ria das contrata\u00e7\u00f5es, dever\u00e1 ser observado o princ\u00edpio da instrumentalidade, de modo que os atos e procedimentos dever\u00e3o ser aproveitados \u00e0 medida que sejam capazes de atingir os fins a que foram propostos, desde que a forma n\u00e3o altere a formula\u00e7\u00e3o das propostas.<\/p><p><strong>Art. 40 <\/strong>&#8211; Aplicam-se as regras deste Decreto, no que couber, aos processos de contrata\u00e7\u00e3o j\u00e1 iniciados, aos termos aditivos e \u00e0s contrata\u00e7\u00f5es decorrentes do Sistema de Registro de Pre\u00e7os.<\/p><p><strong>Art. 41 <\/strong>&#8211; O \u00d3rg\u00e3o Central de Log\u00edstica e a Procuradoria Geral do Estado editar\u00e3o, por meio de ato pr\u00f3prio, regulamenta\u00e7\u00e3o e orienta\u00e7\u00f5es complementares ao presente Decreto.<\/p><p><strong>Art. 42 <\/strong>&#8211; Este Decreto entrar\u00e1 em vigor 15 (quinze) dias ap\u00f3s a data de sua publica\u00e7\u00e3o, ficando revogado o \u00a7 1\u00ba do art. 11 do Decreto n\u00b0 45.600, de 16 de mar\u00e7o de 2016, assim como as disposi\u00e7\u00f5es em contr\u00e1rio.<\/p><p><strong>Par\u00e1grafo \u00danico <\/strong>&#8211; N\u00e3o se aplicam as disposi\u00e7\u00f5es do presente Decreto \u00e0s etapas j\u00e1 conclu\u00eddas da fase preparat\u00f3ria de contrata\u00e7\u00f5es em curso.<\/p><p style=\"text-align: center;\">Rio de Janeiro, 17 de abril de 2019<\/p><p style=\"text-align: center;\"><strong>WILSON WITZEL<\/strong><\/p>\t\t\t\t\t\t\t\t<\/div>\n\t\t\t\t\t<\/div>\n\t\t<\/div>\n\t\t\t\t\t<\/div>\n\t\t<\/section>\n\t\t\t\t<section class=\"elementor-section elementor-top-section elementor-element elementor-element-0ac5efc elementor-section-boxed elementor-section-height-default elementor-section-height-default\" data-id=\"0ac5efc\" data-element_type=\"section\" data-settings=\"{&quot;jet_parallax_layout_list&quot;:[{&quot;jet_parallax_layout_image&quot;:{&quot;url&quot;:&quot;&quot;,&quot;id&quot;:&quot;&quot;,&quot;size&quot;:&quot;&quot;},&quot;_id&quot;:&quot;04dd098&quot;,&quot;jet_parallax_layout_image_tablet&quot;:{&quot;url&quot;:&quot;&quot;,&quot;id&quot;:&quot;&quot;,&quot;size&quot;:&quot;&quot;},&quot;jet_parallax_layout_image_mobile&quot;:{&quot;url&quot;:&quot;&quot;,&quot;id&quot;:&quot;&quot;,&quot;size&quot;:&quot;&quot;},&quot;jet_parallax_layout_speed&quot;:{&quot;unit&quot;:&quot;%&quot;,&quot;size&quot;:50,&quot;sizes&quot;:[]},&quot;jet_parallax_layout_type&quot;:&quot;scroll&quot;,&quot;jet_parallax_layout_direction&quot;:&quot;1&quot;,&quot;jet_parallax_layout_fx_direction&quot;:null,&quot;jet_parallax_layout_z_index&quot;:&quot;&quot;,&quot;jet_parallax_layout_bg_x&quot;:50,&quot;jet_parallax_layout_bg_x_tablet&quot;:&quot;&quot;,&quot;jet_parallax_layout_bg_x_mobile&quot;:&quot;&quot;,&quot;jet_parallax_layout_bg_y&quot;:50,&quot;jet_parallax_layout_bg_y_tablet&quot;:&quot;&quot;,&quot;jet_parallax_layout_bg_y_mobile&quot;:&quot;&quot;,&quot;jet_parallax_layout_bg_size&quot;:&quot;auto&quot;,&quot;jet_parallax_layout_bg_size_tablet&quot;:&quot;&quot;,&quot;jet_parallax_layout_bg_size_mobile&quot;:&quot;&quot;,&quot;jet_parallax_layout_animation_prop&quot;:&quot;transform&quot;,&quot;jet_parallax_layout_on&quot;:[&quot;desktop&quot;,&quot;tablet&quot;]}]}\">\n\t\t\t\t\t\t<div class=\"elementor-container elementor-column-gap-default\">\n\t\t\t\t\t<div class=\"elementor-column elementor-col-100 elementor-top-column elementor-element elementor-element-1226a34\" data-id=\"1226a34\" data-element_type=\"column\">\n\t\t\t<div class=\"elementor-widget-wrap elementor-element-populated\">\n\t\t\t\t\t\t<div class=\"elementor-element elementor-element-c63871b elementor-widget elementor-widget-text-editor\" data-id=\"c63871b\" data-element_type=\"widget\" data-widget_type=\"text-editor.default\">\n\t\t\t\t\t\t\t\t\t<p><em>Publicada no DOE em\u00a0<\/em><i><strong><a href=\"http:\/\/redelog.rj.gov.br\/redelog\/wp-content\/uploads\/2022\/01\/Decreto-no-46.642-2019-Fase-Preparatoria-da-Licitacao.pdf\" target=\"_blank\" rel=\"noopener\">18\/04\/2019<\/a><\/strong>.<\/i><\/p>\t\t\t\t\t\t\t\t<\/div>\n\t\t\t\t\t<\/div>\n\t\t<\/div>\n\t\t\t\t\t<\/div>\n\t\t<\/section>\n\t\t\t\t<section class=\"elementor-section elementor-top-section elementor-element elementor-element-80430a2 elementor-section-boxed elementor-section-height-default elementor-section-height-default\" data-id=\"80430a2\" data-element_type=\"section\" data-settings=\"{&quot;jet_parallax_layout_list&quot;:[{&quot;jet_parallax_layout_image&quot;:{&quot;url&quot;:&quot;&quot;,&quot;id&quot;:&quot;&quot;,&quot;size&quot;:&quot;&quot;},&quot;_id&quot;:&quot;ab030fc&quot;,&quot;jet_parallax_layout_image_tablet&quot;:{&quot;url&quot;:&quot;&quot;,&quot;id&quot;:&quot;&quot;,&quot;size&quot;:&quot;&quot;},&quot;jet_parallax_layout_image_mobile&quot;:{&quot;url&quot;:&quot;&quot;,&quot;id&quot;:&quot;&quot;,&quot;size&quot;:&quot;&quot;},&quot;jet_parallax_layout_speed&quot;:{&quot;unit&quot;:&quot;%&quot;,&quot;size&quot;:50,&quot;sizes&quot;:[]},&quot;jet_parallax_layout_type&quot;:&quot;scroll&quot;,&quot;jet_parallax_layout_direction&quot;:&quot;1&quot;,&quot;jet_parallax_layout_fx_direction&quot;:null,&quot;jet_parallax_layout_z_index&quot;:&quot;&quot;,&quot;jet_parallax_layout_bg_x&quot;:50,&quot;jet_parallax_layout_bg_x_tablet&quot;:&quot;&quot;,&quot;jet_parallax_layout_bg_x_mobile&quot;:&quot;&quot;,&quot;jet_parallax_layout_bg_y&quot;:50,&quot;jet_parallax_layout_bg_y_tablet&quot;:&quot;&quot;,&quot;jet_parallax_layout_bg_y_mobile&quot;:&quot;&quot;,&quot;jet_parallax_layout_bg_size&quot;:&quot;auto&quot;,&quot;jet_parallax_layout_bg_size_tablet&quot;:&quot;&quot;,&quot;jet_parallax_layout_bg_size_mobile&quot;:&quot;&quot;,&quot;jet_parallax_layout_animation_prop&quot;:&quot;transform&quot;,&quot;jet_parallax_layout_on&quot;:[&quot;desktop&quot;,&quot;tablet&quot;]}]}\">\n\t\t\t\t\t\t<div class=\"elementor-container elementor-column-gap-default\">\n\t\t\t\t\t<div class=\"elementor-column elementor-col-100 elementor-top-column elementor-element elementor-element-c37b781\" data-id=\"c37b781\" data-element_type=\"column\">\n\t\t\t<div class=\"elementor-widget-wrap elementor-element-populated\">\n\t\t\t\t\t\t<div class=\"elementor-element elementor-element-6f80465 elementor-widget-divider--view-line elementor-widget elementor-widget-divider\" data-id=\"6f80465\" data-element_type=\"widget\" data-widget_type=\"divider.default\">\n\t\t\t\t\t\t\t<div class=\"elementor-divider\">\n\t\t\t<span class=\"elementor-divider-separator\">\n\t\t\t\t\t\t<\/span>\n\t\t<\/div>\n\t\t\t\t\t\t<\/div>\n\t\t\t\t\t<\/div>\n\t\t<\/div>\n\t\t\t\t\t<\/div>\n\t\t<\/section>\n\t\t\t\t<section class=\"elementor-section elementor-top-section elementor-element elementor-element-e123850 elementor-section-boxed elementor-section-height-default elementor-section-height-default\" data-id=\"e123850\" data-element_type=\"section\" id=\"options\" data-settings=\"{&quot;jet_parallax_layout_list&quot;:[{&quot;jet_parallax_layout_image&quot;:{&quot;url&quot;:&quot;&quot;,&quot;id&quot;:&quot;&quot;,&quot;size&quot;:&quot;&quot;},&quot;_id&quot;:&quot;19d7213&quot;,&quot;jet_parallax_layout_image_tablet&quot;:{&quot;url&quot;:&quot;&quot;,&quot;id&quot;:&quot;&quot;,&quot;size&quot;:&quot;&quot;},&quot;jet_parallax_layout_image_mobile&quot;:{&quot;url&quot;:&quot;&quot;,&quot;id&quot;:&quot;&quot;,&quot;size&quot;:&quot;&quot;},&quot;jet_parallax_layout_speed&quot;:{&quot;unit&quot;:&quot;%&quot;,&quot;size&quot;:50,&quot;sizes&quot;:[]},&quot;jet_parallax_layout_type&quot;:&quot;scroll&quot;,&quot;jet_parallax_layout_direction&quot;:&quot;1&quot;,&quot;jet_parallax_layout_fx_direction&quot;:null,&quot;jet_parallax_layout_z_index&quot;:&quot;&quot;,&quot;jet_parallax_layout_bg_x&quot;:50,&quot;jet_parallax_layout_bg_x_tablet&quot;:&quot;&quot;,&quot;jet_parallax_layout_bg_x_mobile&quot;:&quot;&quot;,&quot;jet_parallax_layout_bg_y&quot;:50,&quot;jet_parallax_layout_bg_y_tablet&quot;:&quot;&quot;,&quot;jet_parallax_layout_bg_y_mobile&quot;:&quot;&quot;,&quot;jet_parallax_layout_bg_size&quot;:&quot;auto&quot;,&quot;jet_parallax_layout_bg_size_tablet&quot;:&quot;&quot;,&quot;jet_parallax_layout_bg_size_mobile&quot;:&quot;&quot;,&quot;jet_parallax_layout_animation_prop&quot;:&quot;transform&quot;,&quot;jet_parallax_layout_on&quot;:[&quot;desktop&quot;,&quot;tablet&quot;]}]}\">\n\t\t\t\t\t\t<div class=\"elementor-container elementor-column-gap-default\">\n\t\t\t\t\t<div class=\"elementor-column elementor-col-100 elementor-top-column elementor-element elementor-element-e828189\" data-id=\"e828189\" data-element_type=\"column\">\n\t\t\t<div class=\"elementor-widget-wrap elementor-element-populated\">\n\t\t\t\t\t\t<div class=\"elementor-element elementor-element-71f9caf elementor-widget elementor-widget-shortcode\" data-id=\"71f9caf\" data-element_type=\"widget\" data-widget_type=\"shortcode.default\">\n\t\t\t\t\t\t\t<div class=\"elementor-shortcode\"><div class='printomatic pom-default ' id='id8453' alt='Imprimir' title='Imprimir' data-print_target='#post-9449'><\/div> <div class='printomatictext' id='id8453' alt='Imprimir' title='Imprimir' data-print_target='#post-9449'>Imprimir<\/div><div style='clear: both;'><\/div><\/div>\n\t\t\t\t\t\t<\/div>\n\t\t\t\t<section class=\"elementor-section elementor-inner-section elementor-element elementor-element-96df443 elementor-section-boxed elementor-section-height-default elementor-section-height-default\" data-id=\"96df443\" data-element_type=\"section\" data-settings=\"{&quot;jet_parallax_layout_list&quot;:[{&quot;jet_parallax_layout_image&quot;:{&quot;url&quot;:&quot;&quot;,&quot;id&quot;:&quot;&quot;,&quot;size&quot;:&quot;&quot;},&quot;_id&quot;:&quot;ccec7d1&quot;,&quot;jet_parallax_layout_image_tablet&quot;:{&quot;url&quot;:&quot;&quot;,&quot;id&quot;:&quot;&quot;,&quot;size&quot;:&quot;&quot;},&quot;jet_parallax_layout_image_mobile&quot;:{&quot;url&quot;:&quot;&quot;,&quot;id&quot;:&quot;&quot;,&quot;size&quot;:&quot;&quot;},&quot;jet_parallax_layout_speed&quot;:{&quot;unit&quot;:&quot;%&quot;,&quot;size&quot;:50,&quot;sizes&quot;:[]},&quot;jet_parallax_layout_type&quot;:&quot;scroll&quot;,&quot;jet_parallax_layout_direction&quot;:&quot;1&quot;,&quot;jet_parallax_layout_fx_direction&quot;:null,&quot;jet_parallax_layout_z_index&quot;:&quot;&quot;,&quot;jet_parallax_layout_bg_x&quot;:50,&quot;jet_parallax_layout_bg_x_tablet&quot;:&quot;&quot;,&quot;jet_parallax_layout_bg_x_mobile&quot;:&quot;&quot;,&quot;jet_parallax_layout_bg_y&quot;:50,&quot;jet_parallax_layout_bg_y_tablet&quot;:&quot;&quot;,&quot;jet_parallax_layout_bg_y_mobile&quot;:&quot;&quot;,&quot;jet_parallax_layout_bg_size&quot;:&quot;auto&quot;,&quot;jet_parallax_layout_bg_size_tablet&quot;:&quot;&quot;,&quot;jet_parallax_layout_bg_size_mobile&quot;:&quot;&quot;,&quot;jet_parallax_layout_animation_prop&quot;:&quot;transform&quot;,&quot;jet_parallax_layout_on&quot;:[&quot;desktop&quot;,&quot;tablet&quot;]}]}\">\n\t\t\t\t\t\t<div class=\"elementor-container elementor-column-gap-default\">\n\t\t\t\t\t<div class=\"elementor-column elementor-col-50 elementor-inner-column elementor-element elementor-element-ed4e2b6\" data-id=\"ed4e2b6\" data-element_type=\"column\">\n\t\t\t<div class=\"elementor-widget-wrap elementor-element-populated\">\n\t\t\t\t\t\t<div class=\"elementor-element elementor-element-c9f4ff6 elementor-widget elementor-widget-text-editor\" data-id=\"c9f4ff6\" data-element_type=\"widget\" data-widget_type=\"text-editor.default\">\n\t\t\t\t\t\t\t\t\t<p><strong><a href=\"http:\/\/redelog.rj.gov.br\/redelog\/legislacao-licitacoes\/\">\u2190 Voltar &#8211; Licita\u00e7\u00f5es<\/a><\/strong><\/p>\t\t\t\t\t\t\t\t<\/div>\n\t\t\t\t\t<\/div>\n\t\t<\/div>\n\t\t\t\t<div class=\"elementor-column elementor-col-50 elementor-inner-column elementor-element elementor-element-b6ad052\" data-id=\"b6ad052\" data-element_type=\"column\">\n\t\t\t<div class=\"elementor-widget-wrap elementor-element-populated\">\n\t\t\t\t\t\t\t<\/div>\n\t\t<\/div>\n\t\t\t\t\t<\/div>\n\t\t<\/section>\n\t\t\t\t\t<\/div>\n\t\t<\/div>\n\t\t\t\t\t<\/div>\n\t\t<\/section>\n\t\t\t\t<section class=\"elementor-section elementor-top-section elementor-element elementor-element-1252ce6 elementor-section-boxed elementor-section-height-default elementor-section-height-default\" data-id=\"1252ce6\" data-element_type=\"section\" data-settings=\"{&quot;jet_parallax_layout_list&quot;:[{&quot;jet_parallax_layout_image&quot;:{&quot;url&quot;:&quot;&quot;,&quot;id&quot;:&quot;&quot;,&quot;size&quot;:&quot;&quot;},&quot;_id&quot;:&quot;22a0abb&quot;,&quot;jet_parallax_layout_image_tablet&quot;:{&quot;url&quot;:&quot;&quot;,&quot;id&quot;:&quot;&quot;,&quot;size&quot;:&quot;&quot;},&quot;jet_parallax_layout_image_mobile&quot;:{&quot;url&quot;:&quot;&quot;,&quot;id&quot;:&quot;&quot;,&quot;size&quot;:&quot;&quot;},&quot;jet_parallax_layout_speed&quot;:{&quot;unit&quot;:&quot;%&quot;,&quot;size&quot;:50,&quot;sizes&quot;:[]},&quot;jet_parallax_layout_type&quot;:&quot;scroll&quot;,&quot;jet_parallax_layout_direction&quot;:&quot;1&quot;,&quot;jet_parallax_layout_fx_direction&quot;:null,&quot;jet_parallax_layout_z_index&quot;:&quot;&quot;,&quot;jet_parallax_layout_bg_x&quot;:50,&quot;jet_parallax_layout_bg_x_tablet&quot;:&quot;&quot;,&quot;jet_parallax_layout_bg_x_mobile&quot;:&quot;&quot;,&quot;jet_parallax_layout_bg_y&quot;:50,&quot;jet_parallax_layout_bg_y_tablet&quot;:&quot;&quot;,&quot;jet_parallax_layout_bg_y_mobile&quot;:&quot;&quot;,&quot;jet_parallax_layout_bg_size&quot;:&quot;auto&quot;,&quot;jet_parallax_layout_bg_size_tablet&quot;:&quot;&quot;,&quot;jet_parallax_layout_bg_size_mobile&quot;:&quot;&quot;,&quot;jet_parallax_layout_animation_prop&quot;:&quot;transform&quot;,&quot;jet_parallax_layout_on&quot;:[&quot;desktop&quot;,&quot;tablet&quot;]}]}\">\n\t\t\t\t\t\t<div class=\"elementor-container elementor-column-gap-default\">\n\t\t\t\t\t<div class=\"elementor-column elementor-col-100 elementor-top-column elementor-element elementor-element-6dd1ed6\" data-id=\"6dd1ed6\" data-element_type=\"column\">\n\t\t\t<div class=\"elementor-widget-wrap elementor-element-populated\">\n\t\t\t\t\t\t<div class=\"elementor-element elementor-element-ec345b2 elementor-widget elementor-widget-html\" data-id=\"ec345b2\" data-element_type=\"widget\" data-widget_type=\"html.default\">\n\t\t\t\t\t<style>\n    h2, .h2-style{\n        font-size: 28px;\n    }\n<\/style>\t\t\t\t<\/div>\n\t\t\t\t\t<\/div>\n\t\t<\/div>\n\t\t\t\t\t<\/div>\n\t\t<\/section>\n\t\t\t\t<\/div>\n\t\t","protected":false},"excerpt":{"rendered":"<p>REGULAMENTA A FASE PREPARAT\u00d3RIA DAS CONTRATA\u00c7\u00d5ES NO \u00c2MBITO DO ESTADO DO RIO DE JANEIRO. O GOVERNADOR DO ESTADO DO RIO DE JANEIRO, no uso de suas atribui\u00e7\u00f5es constitucionais e legais, tendo em vista o que consta do Processo Administrativo n\u00ba E-14\/001.031730\/2016, CONSIDERANDO: &#8211; o poder-dever de a Administra\u00e7\u00e3o P\u00fablica estabelecer as condutas administrativas para o [&hellip;]<\/p>\n","protected":false},"author":1,"featured_media":0,"comment_status":"closed","ping_status":"open","sticky":false,"template":"","format":"standard","meta":{"_joinchat":[],"footnotes":""},"categories":[23],"tags":[],"class_list":["post-9449","post","type-post","status-publish","format-standard","hentry","category-cat-legislacao"],"yoast_head":"<!-- This site is optimized with the Yoast SEO plugin v25.7 - https:\/\/yoast.com\/wordpress\/plugins\/seo\/ -->\n<title>DECRETO N\u00ba 46.642, DE 17 DE ABRIL DE 2019 - Redelog<\/title>\n<meta name=\"robots\" content=\"index, follow, max-snippet:-1, max-image-preview:large, max-video-preview:-1\" \/>\n<link rel=\"canonical\" href=\"https:\/\/redelog.rj.gov.br\/redelog\/decreto-46642\/\" \/>\n<meta property=\"og:locale\" content=\"pt_BR\" \/>\n<meta property=\"og:type\" content=\"article\" \/>\n<meta property=\"og:title\" content=\"DECRETO N\u00ba 46.642, DE 17 DE ABRIL DE 2019 - Redelog\" \/>\n<meta property=\"og:description\" content=\"REGULAMENTA A FASE PREPARAT\u00d3RIA DAS CONTRATA\u00c7\u00d5ES NO \u00c2MBITO DO ESTADO DO RIO DE JANEIRO. O GOVERNADOR DO ESTADO DO RIO DE JANEIRO, no uso de suas atribui\u00e7\u00f5es constitucionais e legais, tendo em vista o que consta do Processo Administrativo n\u00ba E-14\/001.031730\/2016, CONSIDERANDO: &#8211; o poder-dever de a Administra\u00e7\u00e3o P\u00fablica estabelecer as condutas administrativas para o [&hellip;]\" \/>\n<meta property=\"og:url\" content=\"https:\/\/redelog.rj.gov.br\/redelog\/decreto-46642\/\" \/>\n<meta property=\"og:site_name\" content=\"Redelog\" \/>\n<meta property=\"article:published_time\" content=\"2022-01-13T19:26:17+00:00\" \/>\n<meta property=\"article:modified_time\" content=\"2022-02-24T16:44:21+00:00\" \/>\n<meta name=\"author\" content=\"alheiro\" \/>\n<meta name=\"twitter:card\" content=\"summary_large_image\" \/>\n<meta name=\"twitter:label1\" content=\"Escrito por\" \/>\n\t<meta name=\"twitter:data1\" content=\"alheiro\" \/>\n\t<meta name=\"twitter:label2\" content=\"Est. tempo de leitura\" \/>\n\t<meta name=\"twitter:data2\" content=\"26 minutos\" \/>\n<script type=\"application\/ld+json\" class=\"yoast-schema-graph\">{\"@context\":\"https:\/\/schema.org\",\"@graph\":[{\"@type\":\"Article\",\"@id\":\"https:\/\/redelog.rj.gov.br\/redelog\/decreto-46642\/#article\",\"isPartOf\":{\"@id\":\"https:\/\/redelog.rj.gov.br\/redelog\/decreto-46642\/\"},\"author\":{\"name\":\"alheiro\",\"@id\":\"https:\/\/redelog.rj.gov.br\/redelog\/#\/schema\/person\/1299ae2b7bfb510dd74c28ed239470fb\"},\"headline\":\"DECRETO N\u00ba 46.642, DE 17 DE ABRIL DE 2019\",\"datePublished\":\"2022-01-13T19:26:17+00:00\",\"dateModified\":\"2022-02-24T16:44:21+00:00\",\"mainEntityOfPage\":{\"@id\":\"https:\/\/redelog.rj.gov.br\/redelog\/decreto-46642\/\"},\"wordCount\":6893,\"publisher\":{\"@id\":\"https:\/\/redelog.rj.gov.br\/redelog\/#organization\"},\"articleSection\":[\"Legisla\u00e7\u00e3o\"],\"inLanguage\":\"pt-BR\"},{\"@type\":\"WebPage\",\"@id\":\"https:\/\/redelog.rj.gov.br\/redelog\/decreto-46642\/\",\"url\":\"https:\/\/redelog.rj.gov.br\/redelog\/decreto-46642\/\",\"name\":\"DECRETO N\u00ba 46.642, DE 17 DE ABRIL DE 2019 - Redelog\",\"isPartOf\":{\"@id\":\"https:\/\/redelog.rj.gov.br\/redelog\/#website\"},\"datePublished\":\"2022-01-13T19:26:17+00:00\",\"dateModified\":\"2022-02-24T16:44:21+00:00\",\"breadcrumb\":{\"@id\":\"https:\/\/redelog.rj.gov.br\/redelog\/decreto-46642\/#breadcrumb\"},\"inLanguage\":\"pt-BR\",\"potentialAction\":[{\"@type\":\"ReadAction\",\"target\":[\"https:\/\/redelog.rj.gov.br\/redelog\/decreto-46642\/\"]}]},{\"@type\":\"BreadcrumbList\",\"@id\":\"https:\/\/redelog.rj.gov.br\/redelog\/decreto-46642\/#breadcrumb\",\"itemListElement\":[{\"@type\":\"ListItem\",\"position\":1,\"name\":\"Home\",\"item\":\"https:\/\/redelog.rj.gov.br\/redelog\/\"},{\"@type\":\"ListItem\",\"position\":2,\"name\":\"DECRETO N\u00ba 46.642, DE 17 DE ABRIL DE 2019\"}]},{\"@type\":\"WebSite\",\"@id\":\"https:\/\/redelog.rj.gov.br\/redelog\/#website\",\"url\":\"https:\/\/redelog.rj.gov.br\/redelog\/\",\"name\":\"Redelog\",\"description\":\"Site da Rede de Log\u00edstica e Planejamento do Estado do Rio de Janeiro\",\"publisher\":{\"@id\":\"https:\/\/redelog.rj.gov.br\/redelog\/#organization\"},\"potentialAction\":[{\"@type\":\"SearchAction\",\"target\":{\"@type\":\"EntryPoint\",\"urlTemplate\":\"https:\/\/redelog.rj.gov.br\/redelog\/?s={search_term_string}\"},\"query-input\":{\"@type\":\"PropertyValueSpecification\",\"valueRequired\":true,\"valueName\":\"search_term_string\"}}],\"inLanguage\":\"pt-BR\"},{\"@type\":\"Organization\",\"@id\":\"https:\/\/redelog.rj.gov.br\/redelog\/#organization\",\"name\":\"REDELOG\",\"url\":\"https:\/\/redelog.rj.gov.br\/redelog\/\",\"logo\":{\"@type\":\"ImageObject\",\"inLanguage\":\"pt-BR\",\"@id\":\"https:\/\/redelog.rj.gov.br\/redelog\/#\/schema\/logo\/image\/\",\"url\":\"http:\/\/10.10.8.100:8888\/redelog\/wp-content\/uploads\/2019\/09\/Redelog2.png\",\"contentUrl\":\"http:\/\/10.10.8.100:8888\/redelog\/wp-content\/uploads\/2019\/09\/Redelog2.png\",\"width\":565,\"height\":155,\"caption\":\"REDELOG\"},\"image\":{\"@id\":\"https:\/\/redelog.rj.gov.br\/redelog\/#\/schema\/logo\/image\/\"}},{\"@type\":\"Person\",\"@id\":\"https:\/\/redelog.rj.gov.br\/redelog\/#\/schema\/person\/1299ae2b7bfb510dd74c28ed239470fb\",\"name\":\"alheiro\",\"image\":{\"@type\":\"ImageObject\",\"inLanguage\":\"pt-BR\",\"@id\":\"https:\/\/redelog.rj.gov.br\/redelog\/#\/schema\/person\/image\/\",\"url\":\"https:\/\/secure.gravatar.com\/avatar\/682da79d56fd06a1a63ccaa75b42ffe0c9b0609a62bc395d810f23f98140dcae?s=96&d=mm&r=g\",\"contentUrl\":\"https:\/\/secure.gravatar.com\/avatar\/682da79d56fd06a1a63ccaa75b42ffe0c9b0609a62bc395d810f23f98140dcae?s=96&d=mm&r=g\",\"caption\":\"alheiro\"},\"sameAs\":[\"http:\/\/10.9.108.118:3000\/redelog\"],\"url\":\"https:\/\/redelog.rj.gov.br\/redelog\/author\/alheiro\/\"}]}<\/script>\n<!-- \/ Yoast SEO plugin. -->","yoast_head_json":{"title":"DECRETO N\u00ba 46.642, DE 17 DE ABRIL DE 2019 - Redelog","robots":{"index":"index","follow":"follow","max-snippet":"max-snippet:-1","max-image-preview":"max-image-preview:large","max-video-preview":"max-video-preview:-1"},"canonical":"https:\/\/redelog.rj.gov.br\/redelog\/decreto-46642\/","og_locale":"pt_BR","og_type":"article","og_title":"DECRETO N\u00ba 46.642, DE 17 DE ABRIL DE 2019 - Redelog","og_description":"REGULAMENTA A FASE PREPARAT\u00d3RIA DAS CONTRATA\u00c7\u00d5ES NO \u00c2MBITO DO ESTADO DO RIO DE JANEIRO. O GOVERNADOR DO ESTADO DO RIO DE JANEIRO, no uso de suas atribui\u00e7\u00f5es constitucionais e legais, tendo em vista o que consta do Processo Administrativo n\u00ba E-14\/001.031730\/2016, CONSIDERANDO: &#8211; o poder-dever de a Administra\u00e7\u00e3o P\u00fablica estabelecer as condutas administrativas para o [&hellip;]","og_url":"https:\/\/redelog.rj.gov.br\/redelog\/decreto-46642\/","og_site_name":"Redelog","article_published_time":"2022-01-13T19:26:17+00:00","article_modified_time":"2022-02-24T16:44:21+00:00","author":"alheiro","twitter_card":"summary_large_image","twitter_misc":{"Escrito por":"alheiro","Est. tempo de leitura":"26 minutos"},"schema":{"@context":"https:\/\/schema.org","@graph":[{"@type":"Article","@id":"https:\/\/redelog.rj.gov.br\/redelog\/decreto-46642\/#article","isPartOf":{"@id":"https:\/\/redelog.rj.gov.br\/redelog\/decreto-46642\/"},"author":{"name":"alheiro","@id":"https:\/\/redelog.rj.gov.br\/redelog\/#\/schema\/person\/1299ae2b7bfb510dd74c28ed239470fb"},"headline":"DECRETO N\u00ba 46.642, DE 17 DE ABRIL DE 2019","datePublished":"2022-01-13T19:26:17+00:00","dateModified":"2022-02-24T16:44:21+00:00","mainEntityOfPage":{"@id":"https:\/\/redelog.rj.gov.br\/redelog\/decreto-46642\/"},"wordCount":6893,"publisher":{"@id":"https:\/\/redelog.rj.gov.br\/redelog\/#organization"},"articleSection":["Legisla\u00e7\u00e3o"],"inLanguage":"pt-BR"},{"@type":"WebPage","@id":"https:\/\/redelog.rj.gov.br\/redelog\/decreto-46642\/","url":"https:\/\/redelog.rj.gov.br\/redelog\/decreto-46642\/","name":"DECRETO N\u00ba 46.642, DE 17 DE ABRIL DE 2019 - Redelog","isPartOf":{"@id":"https:\/\/redelog.rj.gov.br\/redelog\/#website"},"datePublished":"2022-01-13T19:26:17+00:00","dateModified":"2022-02-24T16:44:21+00:00","breadcrumb":{"@id":"https:\/\/redelog.rj.gov.br\/redelog\/decreto-46642\/#breadcrumb"},"inLanguage":"pt-BR","potentialAction":[{"@type":"ReadAction","target":["https:\/\/redelog.rj.gov.br\/redelog\/decreto-46642\/"]}]},{"@type":"BreadcrumbList","@id":"https:\/\/redelog.rj.gov.br\/redelog\/decreto-46642\/#breadcrumb","itemListElement":[{"@type":"ListItem","position":1,"name":"Home","item":"https:\/\/redelog.rj.gov.br\/redelog\/"},{"@type":"ListItem","position":2,"name":"DECRETO N\u00ba 46.642, DE 17 DE ABRIL DE 2019"}]},{"@type":"WebSite","@id":"https:\/\/redelog.rj.gov.br\/redelog\/#website","url":"https:\/\/redelog.rj.gov.br\/redelog\/","name":"Redelog","description":"Site da Rede de Log\u00edstica e Planejamento do Estado do Rio de Janeiro","publisher":{"@id":"https:\/\/redelog.rj.gov.br\/redelog\/#organization"},"potentialAction":[{"@type":"SearchAction","target":{"@type":"EntryPoint","urlTemplate":"https:\/\/redelog.rj.gov.br\/redelog\/?s={search_term_string}"},"query-input":{"@type":"PropertyValueSpecification","valueRequired":true,"valueName":"search_term_string"}}],"inLanguage":"pt-BR"},{"@type":"Organization","@id":"https:\/\/redelog.rj.gov.br\/redelog\/#organization","name":"REDELOG","url":"https:\/\/redelog.rj.gov.br\/redelog\/","logo":{"@type":"ImageObject","inLanguage":"pt-BR","@id":"https:\/\/redelog.rj.gov.br\/redelog\/#\/schema\/logo\/image\/","url":"http:\/\/10.10.8.100:8888\/redelog\/wp-content\/uploads\/2019\/09\/Redelog2.png","contentUrl":"http:\/\/10.10.8.100:8888\/redelog\/wp-content\/uploads\/2019\/09\/Redelog2.png","width":565,"height":155,"caption":"REDELOG"},"image":{"@id":"https:\/\/redelog.rj.gov.br\/redelog\/#\/schema\/logo\/image\/"}},{"@type":"Person","@id":"https:\/\/redelog.rj.gov.br\/redelog\/#\/schema\/person\/1299ae2b7bfb510dd74c28ed239470fb","name":"alheiro","image":{"@type":"ImageObject","inLanguage":"pt-BR","@id":"https:\/\/redelog.rj.gov.br\/redelog\/#\/schema\/person\/image\/","url":"https:\/\/secure.gravatar.com\/avatar\/682da79d56fd06a1a63ccaa75b42ffe0c9b0609a62bc395d810f23f98140dcae?s=96&d=mm&r=g","contentUrl":"https:\/\/secure.gravatar.com\/avatar\/682da79d56fd06a1a63ccaa75b42ffe0c9b0609a62bc395d810f23f98140dcae?s=96&d=mm&r=g","caption":"alheiro"},"sameAs":["http:\/\/10.9.108.118:3000\/redelog"],"url":"https:\/\/redelog.rj.gov.br\/redelog\/author\/alheiro\/"}]}},"_links":{"self":[{"href":"https:\/\/redelog.rj.gov.br\/redelog\/wp-json\/wp\/v2\/posts\/9449","targetHints":{"allow":["GET"]}}],"collection":[{"href":"https:\/\/redelog.rj.gov.br\/redelog\/wp-json\/wp\/v2\/posts"}],"about":[{"href":"https:\/\/redelog.rj.gov.br\/redelog\/wp-json\/wp\/v2\/types\/post"}],"author":[{"embeddable":true,"href":"https:\/\/redelog.rj.gov.br\/redelog\/wp-json\/wp\/v2\/users\/1"}],"replies":[{"embeddable":true,"href":"https:\/\/redelog.rj.gov.br\/redelog\/wp-json\/wp\/v2\/comments?post=9449"}],"version-history":[{"count":45,"href":"https:\/\/redelog.rj.gov.br\/redelog\/wp-json\/wp\/v2\/posts\/9449\/revisions"}],"predecessor-version":[{"id":16036,"href":"https:\/\/redelog.rj.gov.br\/redelog\/wp-json\/wp\/v2\/posts\/9449\/revisions\/16036"}],"wp:attachment":[{"href":"https:\/\/redelog.rj.gov.br\/redelog\/wp-json\/wp\/v2\/media?parent=9449"}],"wp:term":[{"taxonomy":"category","embeddable":true,"href":"https:\/\/redelog.rj.gov.br\/redelog\/wp-json\/wp\/v2\/categories?post=9449"},{"taxonomy":"post_tag","embeddable":true,"href":"https:\/\/redelog.rj.gov.br\/redelog\/wp-json\/wp\/v2\/tags?post=9449"}],"curies":[{"name":"wp","href":"https:\/\/api.w.org\/{rel}","templated":true}]}}