{"id":9419,"date":"2022-01-13T15:42:08","date_gmt":"2022-01-13T18:42:08","guid":{"rendered":"http:\/\/10.11.80.6\/redelog\/?p=9419"},"modified":"2024-03-01T14:14:41","modified_gmt":"2024-03-01T17:14:41","slug":"age-no-41","status":"publish","type":"post","link":"https:\/\/redelog.rj.gov.br\/redelog\/age-no-41\/","title":{"rendered":"INSTRU\u00c7\u00c3O NORMATIVA AGE N\u00ba 41, DE 26 DE DEZEMBRO DE 2017"},"content":{"rendered":"\t\t<div data-elementor-type=\"wp-post\" data-elementor-id=\"9419\" class=\"elementor elementor-9419\" data-elementor-post-type=\"post\">\n\t\t\t\t\t\t<section class=\"elementor-section elementor-top-section elementor-element elementor-element-30d4b91 elementor-section-boxed elementor-section-height-default elementor-section-height-default\" data-id=\"30d4b91\" data-element_type=\"section\" data-settings=\"{&quot;jet_parallax_layout_list&quot;:[{&quot;jet_parallax_layout_image&quot;:{&quot;url&quot;:&quot;&quot;,&quot;id&quot;:&quot;&quot;,&quot;size&quot;:&quot;&quot;},&quot;_id&quot;:&quot;efa30a1&quot;,&quot;jet_parallax_layout_image_tablet&quot;:{&quot;url&quot;:&quot;&quot;,&quot;id&quot;:&quot;&quot;,&quot;size&quot;:&quot;&quot;},&quot;jet_parallax_layout_image_mobile&quot;:{&quot;url&quot;:&quot;&quot;,&quot;id&quot;:&quot;&quot;,&quot;size&quot;:&quot;&quot;},&quot;jet_parallax_layout_speed&quot;:{&quot;unit&quot;:&quot;%&quot;,&quot;size&quot;:50,&quot;sizes&quot;:[]},&quot;jet_parallax_layout_type&quot;:&quot;scroll&quot;,&quot;jet_parallax_layout_direction&quot;:&quot;1&quot;,&quot;jet_parallax_layout_fx_direction&quot;:null,&quot;jet_parallax_layout_z_index&quot;:&quot;&quot;,&quot;jet_parallax_layout_bg_x&quot;:50,&quot;jet_parallax_layout_bg_x_tablet&quot;:&quot;&quot;,&quot;jet_parallax_layout_bg_x_mobile&quot;:&quot;&quot;,&quot;jet_parallax_layout_bg_y&quot;:50,&quot;jet_parallax_layout_bg_y_tablet&quot;:&quot;&quot;,&quot;jet_parallax_layout_bg_y_mobile&quot;:&quot;&quot;,&quot;jet_parallax_layout_bg_size&quot;:&quot;auto&quot;,&quot;jet_parallax_layout_bg_size_tablet&quot;:&quot;&quot;,&quot;jet_parallax_layout_bg_size_mobile&quot;:&quot;&quot;,&quot;jet_parallax_layout_animation_prop&quot;:&quot;transform&quot;,&quot;jet_parallax_layout_on&quot;:[&quot;desktop&quot;,&quot;tablet&quot;]}]}\">\n\t\t\t\t\t\t<div class=\"elementor-container elementor-column-gap-default\">\n\t\t\t\t\t<div class=\"elementor-column elementor-col-100 elementor-top-column elementor-element elementor-element-f90f6c4\" data-id=\"f90f6c4\" data-element_type=\"column\">\n\t\t\t<div class=\"elementor-widget-wrap elementor-element-populated\">\n\t\t\t\t\t\t<section class=\"elementor-section elementor-inner-section elementor-element elementor-element-8f765d0 elementor-section-boxed elementor-section-height-default elementor-section-height-default\" data-id=\"8f765d0\" data-element_type=\"section\" data-settings=\"{&quot;jet_parallax_layout_list&quot;:[{&quot;jet_parallax_layout_image&quot;:{&quot;url&quot;:&quot;&quot;,&quot;id&quot;:&quot;&quot;,&quot;size&quot;:&quot;&quot;},&quot;_id&quot;:&quot;e0af197&quot;,&quot;jet_parallax_layout_image_tablet&quot;:{&quot;url&quot;:&quot;&quot;,&quot;id&quot;:&quot;&quot;,&quot;size&quot;:&quot;&quot;},&quot;jet_parallax_layout_image_mobile&quot;:{&quot;url&quot;:&quot;&quot;,&quot;id&quot;:&quot;&quot;,&quot;size&quot;:&quot;&quot;},&quot;jet_parallax_layout_speed&quot;:{&quot;unit&quot;:&quot;%&quot;,&quot;size&quot;:50,&quot;sizes&quot;:[]},&quot;jet_parallax_layout_type&quot;:&quot;scroll&quot;,&quot;jet_parallax_layout_direction&quot;:&quot;1&quot;,&quot;jet_parallax_layout_fx_direction&quot;:null,&quot;jet_parallax_layout_z_index&quot;:&quot;&quot;,&quot;jet_parallax_layout_bg_x&quot;:50,&quot;jet_parallax_layout_bg_x_tablet&quot;:&quot;&quot;,&quot;jet_parallax_layout_bg_x_mobile&quot;:&quot;&quot;,&quot;jet_parallax_layout_bg_y&quot;:50,&quot;jet_parallax_layout_bg_y_tablet&quot;:&quot;&quot;,&quot;jet_parallax_layout_bg_y_mobile&quot;:&quot;&quot;,&quot;jet_parallax_layout_bg_size&quot;:&quot;auto&quot;,&quot;jet_parallax_layout_bg_size_tablet&quot;:&quot;&quot;,&quot;jet_parallax_layout_bg_size_mobile&quot;:&quot;&quot;,&quot;jet_parallax_layout_animation_prop&quot;:&quot;transform&quot;,&quot;jet_parallax_layout_on&quot;:[&quot;desktop&quot;,&quot;tablet&quot;]}]}\">\n\t\t\t\t\t\t<div class=\"elementor-container elementor-column-gap-default\">\n\t\t\t\t\t<div class=\"elementor-column elementor-col-50 elementor-inner-column elementor-element elementor-element-349568b\" data-id=\"349568b\" data-element_type=\"column\">\n\t\t\t<div class=\"elementor-widget-wrap\">\n\t\t\t\t\t\t\t<\/div>\n\t\t<\/div>\n\t\t\t\t<div class=\"elementor-column elementor-col-50 elementor-inner-column elementor-element elementor-element-02aa17a\" data-id=\"02aa17a\" data-element_type=\"column\">\n\t\t\t<div class=\"elementor-widget-wrap elementor-element-populated\">\n\t\t\t\t\t\t<div class=\"elementor-element elementor-element-2311cc6 elementor-widget elementor-widget-text-editor\" data-id=\"2311cc6\" data-element_type=\"widget\" data-widget_type=\"text-editor.default\">\n\t\t\t\t\t\t\t\t\t<p style=\"text-align: justify;\"><strong>ESTABELECE NORMAS DE ORGANIZA\u00c7\u00c3O DA DOCUMENTA\u00c7\u00c3O RELATIVA \u00c0 GEST\u00c3O DOS BENS M\u00d3VEIS DOS \u00d3RG\u00c3OS E ENTIDADES DA ADMINISTRA\u00c7\u00c3O P\u00daBLICA ESTADUAL.<\/strong><\/p>\t\t\t\t\t\t\t\t<\/div>\n\t\t\t\t\t<\/div>\n\t\t<\/div>\n\t\t\t\t\t<\/div>\n\t\t<\/section>\n\t\t\t\t\t<\/div>\n\t\t<\/div>\n\t\t\t\t\t<\/div>\n\t\t<\/section>\n\t\t\t\t<section class=\"elementor-section elementor-top-section elementor-element elementor-element-45fc2d3 elementor-section-boxed elementor-section-height-default elementor-section-height-default\" data-id=\"45fc2d3\" data-element_type=\"section\" data-settings=\"{&quot;jet_parallax_layout_list&quot;:[{&quot;jet_parallax_layout_image&quot;:{&quot;url&quot;:&quot;&quot;,&quot;id&quot;:&quot;&quot;,&quot;size&quot;:&quot;&quot;},&quot;_id&quot;:&quot;6f579a1&quot;,&quot;jet_parallax_layout_image_tablet&quot;:{&quot;url&quot;:&quot;&quot;,&quot;id&quot;:&quot;&quot;,&quot;size&quot;:&quot;&quot;},&quot;jet_parallax_layout_image_mobile&quot;:{&quot;url&quot;:&quot;&quot;,&quot;id&quot;:&quot;&quot;,&quot;size&quot;:&quot;&quot;},&quot;jet_parallax_layout_speed&quot;:{&quot;unit&quot;:&quot;%&quot;,&quot;size&quot;:50,&quot;sizes&quot;:[]},&quot;jet_parallax_layout_type&quot;:&quot;scroll&quot;,&quot;jet_parallax_layout_direction&quot;:&quot;1&quot;,&quot;jet_parallax_layout_fx_direction&quot;:null,&quot;jet_parallax_layout_z_index&quot;:&quot;&quot;,&quot;jet_parallax_layout_bg_x&quot;:50,&quot;jet_parallax_layout_bg_x_tablet&quot;:&quot;&quot;,&quot;jet_parallax_layout_bg_x_mobile&quot;:&quot;&quot;,&quot;jet_parallax_layout_bg_y&quot;:50,&quot;jet_parallax_layout_bg_y_tablet&quot;:&quot;&quot;,&quot;jet_parallax_layout_bg_y_mobile&quot;:&quot;&quot;,&quot;jet_parallax_layout_bg_size&quot;:&quot;auto&quot;,&quot;jet_parallax_layout_bg_size_tablet&quot;:&quot;&quot;,&quot;jet_parallax_layout_bg_size_mobile&quot;:&quot;&quot;,&quot;jet_parallax_layout_animation_prop&quot;:&quot;transform&quot;,&quot;jet_parallax_layout_on&quot;:[&quot;desktop&quot;,&quot;tablet&quot;]}]}\">\n\t\t\t\t\t\t<div class=\"elementor-container elementor-column-gap-default\">\n\t\t\t\t\t<div class=\"elementor-column elementor-col-100 elementor-top-column elementor-element elementor-element-f3ae61b\" data-id=\"f3ae61b\" data-element_type=\"column\">\n\t\t\t<div class=\"elementor-widget-wrap elementor-element-populated\">\n\t\t\t\t\t\t<div class=\"elementor-element elementor-element-a6c0ca7 elementor-widget elementor-widget-text-editor\" data-id=\"a6c0ca7\" data-element_type=\"widget\" data-widget_type=\"text-editor.default\">\n\t\t\t\t\t\t\t\t\t<p><strong>O AUDITOR-GERAL DO ESTADO<\/strong>, no uso de suas atribui\u00e7\u00f5es legais e tendo em vista o disposto no inciso II do art. 106 da Resolu\u00e7\u00e3o SEFAZ n\u00ba 89, de 30 de junho de 2017, combinado com o item 4 do par\u00e1grafo \u00fanico do artigo 1.\u00ba da Lei n.\u00ba 287, de 04 de dezembro de 1979, e<\/p><p><strong>CONSIDERANDO:<\/strong><\/p><p>&#8211; a necessidade de atualiza\u00e7\u00e3o das normas para fortalecimento do controle governamental, visando ao aperfei\u00e7oamento dos processos da gest\u00e3o p\u00fablica;<\/p><p>&#8211; as disposi\u00e7\u00f5es do Decreto n.\u00ba 44.558, de 13 de janeiro de 2014;<\/p><p>&#8211; a necessidade de adequa\u00e7\u00e3o aos preceitos estabelecidos na Delibera\u00e7\u00e3o do Tribunal de Contas do Estado do Rio de Janeiro &#8211; TCE-RJ n\u00ba 278, de 24 de agosto de 2017.<\/p><p><strong>RESOLVE:<\/strong><\/p><p><strong>Art. 1\u00ba\u00a0<\/strong>Estabelecer normas de organiza\u00e7\u00e3o da documenta\u00e7\u00e3o relativa \u00e0 gest\u00e3o dos bens m\u00f3veis dos \u00f3rg\u00e3os e entidades da Administra\u00e7\u00e3o P\u00fablica Estadual, com o objetivo de demonstrar a sua boa administra\u00e7\u00e3o, guarda e controle.<\/p><p style=\"text-align: center;\"><strong>T\u00cdTULO I<\/strong><\/p><p style=\"text-align: center;\"><strong>DOS DOCUMENTOS DAS SUBUNIDADES<\/strong><\/p><p><strong>Art. 2\u00ba<\/strong>\u00a0O Encarregado da Subunidade dever\u00e1 providenciar anualmente os seguintes documentos relativos aos bens m\u00f3veis, sob sua guarda:<\/p><p><strong>I \u2013<\/strong>\u00a0\u201cCadastro do Respons\u00e1vel\u201d de todos os Encarregados no exerc\u00edcio;<\/p><p><strong>II &#8211;<\/strong>\u00a0Termo de Transfer\u00eancia de Responsabilidade, devidamente autenticado pelos Encarregados substituto e substitu\u00eddo;<\/p><p><strong>III<\/strong>\u00a0<strong>&#8211;<\/strong>\u00a0Termo de Baixa Definitiva dos bens m\u00f3veis da Subunidade, no caso de desincorpora\u00e7\u00e3o;<\/p><p><strong>IV<\/strong>\u00a0&#8211; Termo de Entrega de Bens e Valores, quando houver t\u00e9rmino de gest\u00e3o decorrente da extin\u00e7\u00e3o da Subunidade;<\/p><p><strong>V\u00a0<\/strong>&#8211; C\u00f3pia da publica\u00e7\u00e3o do ato de extin\u00e7\u00e3o da Subunidade, quando ocorrer no exerc\u00edcio;<\/p><p><strong>VI &#8211;\u00a0<\/strong>Termo de Inspe\u00e7\u00e3o realizada na Subunidade por comiss\u00f5es de vistoria e pelos \u00f3rg\u00e3os de controle, quando ocorrer.<\/p><p><strong>Par\u00e1grafo \u00danico:<\/strong>\u00a0A documenta\u00e7\u00e3o relacionada neste artigo ser\u00e1 encaminhada, preferencialmente, em meio eletr\u00f4nico, ao Gestor de Bens M\u00f3veis da Unidade, devendo ser mantida c\u00f3pia na Subunidade, \u00e0 disposi\u00e7\u00e3o dos \u00f3rg\u00e3os de controle.<\/p><p><strong>Art. 3\u00ba<\/strong>\u00a0Na hip\u00f3tese de no Termo de Transfer\u00eancia de Responsabilidade n\u00e3o se verificar impropriedade ou irregularidade que comprometa a transfer\u00eancia da responsabilidade dos bens, o Gestor de Bens M\u00f3veis emitir\u00e1\u00a0<strong><a href=\"http:\/\/www.age.fazenda.rj.gov.br\/age\/faces\/owResource.jspx?z=oracle.webcenter.doclib%21%21UCMServer%2523dDocName%253AWCC205826%21%21Anexo%2BVI%2B-%2BIN41_BMoveis_Nada_Consta.docx\">Termo de Nada Consta<\/a><\/strong>\u00a0para o Encarregado da Subunidade.<\/p><p><strong>\u00a7 1.\u00ba\u00a0<\/strong>A transfer\u00eancia da responsabilidade poder\u00e1 ocorrer ainda que esteja configurado o desaparecimento ou a n\u00e3o localiza\u00e7\u00e3o de bem, n\u00e3o recaindo para o substituto a responsabilidade por impropriedades ou irregularidades ocorridas na gest\u00e3o do substitu\u00eddo, desde que estas estejam relatadas no Termo de Transfer\u00eancia de Responsabilidade.<\/p><p><strong>\u00a7 2.\u00ba\u00a0<\/strong>Caber\u00e1 \u00e0 apura\u00e7\u00e3o de responsabilidade, na forma da legisla\u00e7\u00e3o vigente, se ficar configurado no Termo de Transfer\u00eancia de Responsabilidade o desaparecimento ou n\u00e3o localiza\u00e7\u00e3o de bem anteriormente arrolado na Subunidade.<\/p><p><strong>Art. 4\u00ba<\/strong>\u00a0A data do per\u00edodo de responsabilidade pela guarda e conserva\u00e7\u00e3o dos bens do servidor substitu\u00eddo se inicia no dia subsequente ao da data do Termo de Transfer\u00eancia de Responsabilidade.<\/p><p style=\"text-align: center;\"><strong>T\u00cdTULO II<\/strong><\/p><p style=\"text-align: center;\"><strong>DOS DOCUMENTOS DA UNIDADE APOIADA<\/strong><\/p><p><strong>Art. 5\u00ba\u00a0<\/strong>O Gestor da Unidade Apoiada dever\u00e1 providenciar anualmente os seguintes documentos relativos aos bens m\u00f3veis:<\/p><p><strong>I &#8211;<\/strong>\u00a0\u201cCadastro do Respons\u00e1vel\u201d de todos os Titulares da Unidade Apoiada e Gestores da Unidade Apoiada no exerc\u00edcio;<\/p><p><strong>II &#8211;<\/strong>\u00a0Invent\u00e1rio das exist\u00eancias f\u00edsicas da Unidade Apoiada, em 31 de dezembro;<\/p><p><strong>III &#8211;\u00a0<\/strong>Demonstrativo da Movimenta\u00e7\u00e3o dos bens m\u00f3veis da Unidade Apoiada no exerc\u00edcio;<\/p><p><strong>IV &#8211;\u00a0<\/strong>Termo de Baixa Definitiva dos bens m\u00f3veis da Unidade Apoiada, no caso de desincorpora\u00e7\u00e3o;<\/p><p><strong>V<\/strong>\u00a0&#8211; Termo de Entrega de Bens e Valores, quando houver t\u00e9rmino de gest\u00e3o decorrente da extin\u00e7\u00e3o da Unidade Apoiada;<\/p><p><strong>VI &#8211;<\/strong>\u00a0C\u00f3pia da publica\u00e7\u00e3o do ato de extin\u00e7\u00e3o da Unidade Apoiada, quando ocorrer no exerc\u00edcio;<\/p><p><strong>VII &#8211;\u00a0<\/strong>Termo de Inspe\u00e7\u00e3o realizada na Unidade Apoiada por comiss\u00f5es de vistoria e pelos \u00f3rg\u00e3os de controle, quando ocorrer.<\/p><p><strong>Par\u00e1grafo \u00danico:<\/strong>\u00a0A documenta\u00e7\u00e3o relacionada neste artigo ser\u00e1 encaminhada, preferencialmente, em meio eletr\u00f4nico, ao Gestor de Bens M\u00f3veis da Unidade, devendo ser mantida c\u00f3pia na Unidade Apoiada, \u00e0 disposi\u00e7\u00e3o dos \u00f3rg\u00e3os de controle.<\/p><p style=\"text-align: center;\"><strong>T\u00cdTULO III<\/strong><\/p><p style=\"text-align: center;\"><strong>DOS DOCUMENTOS DA UNIDADE<\/strong><\/p><p><strong>Art. 6\u00ba<\/strong>\u00a0O Gestor de Bens M\u00f3veis da Unidade dever\u00e1 providenciar anualmente os seguintes documentos relativos aos bens m\u00f3veis:<\/p><p><strong>I &#8211;\u00a0<\/strong><a href=\"http:\/\/www.age.fazenda.rj.gov.br\/age\/faces\/owResource.jspx?z=oracle.webcenter.doclib%21%21UCMServer%2523dDocName%253AWCC205827%21%21Anexo%2BIII%2B-%2BIN41_BMoveis_Cadastro_dos_Responsaveis.docx\">\u201c<strong>Cadastro do Respons\u00e1vel\u201d de todos os Titulares da Unidade e Gestores de Bens M\u00f3veis no exerc\u00edcio<\/strong><\/a>;<\/p><p><strong>II &#8211;\u00a0<a href=\"http:\/\/www.age.fazenda.rj.gov.br\/age\/faces\/owResource.jspx?z=oracle.webcenter.doclib%21%21UCMServer%2523dDocName%253AWCC205822%21%21Anexo%2BIV%2B-%2BIN41_BMoveis_Inventario.xlsx\">Invent\u00e1rio das exist\u00eancias f\u00edsicas da Unidade, em 31 de dezembro, discriminado por Subunidades e Unidades Apoiadas, se houver<\/a>;<\/strong><\/p><p><strong>III &#8211;\u00a0<a href=\"http:\/\/www.age.fazenda.rj.gov.br\/age\/faces\/owResource.jspx?z=oracle.webcenter.doclib%21%21UCMServer%2523dDocName%253AWCC205819%21%21Anexo%2BI%2B-%2BIN41_BMoveis_Demonstr_da_Movimenta%25C3%25A7%25C3%25A3o.xlsx\">Demonstrativo da Movimenta\u00e7\u00e3o dos bens m\u00f3veis da Unidade no exerc\u00edcio<\/a><\/strong>;<\/p><p><strong>IV &#8211;\u00a0<a href=\"http:\/\/www.age.fazenda.rj.gov.br\/age\/faces\/owResource.jspx?z=oracle.webcenter.doclib%21%21UCMServer%2523dDocName%253AWCC205828%21%21Anexo%2BV%2B-%2BIN41_BMoveis_Termo_de_Transf_de_Responsabilidade.docx\">Termo de Transfer\u00eancia de Responsabilidade Consolidado da Unidade<\/a><\/strong>;<\/p><p><strong>V<\/strong>\u00a0<strong>&#8211;<\/strong>\u00a0<strong><a href=\"http:\/\/www.age.fazenda.rj.gov.br\/age\/faces\/owResource.jspx?z=oracle.webcenter.doclib%21%21UCMServer%2523dDocName%253AWCC205820%21%21Anexo%2BIX%2B-%2BIN41_BMoveis_Termo_de_Baixa_Definitiva.xlsx\">Termo de Baixa Definitiva dos bens m\u00f3veis da Unidade, no caso de desincorpora\u00e7\u00e3o, quando n\u00e3o houver Subunidades e\/ou Unidades Apoiadas em sua estrutura<\/a><\/strong>;<\/p><p><strong>VI &#8211;\u00a0<\/strong><a href=\"http:\/\/www.age.fazenda.rj.gov.br\/age\/faces\/owResource.jspx?z=oracle.webcenter.doclib%21%21UCMServer%2523dDocName%253AWCC205825%21%21Anexo%2BVIII%2B-%2BIN41_BMoveis_Declara%25C3%25A7%25C3%25A3o_Titular_Unidade.docx\"><strong>Declara\u00e7\u00e3o do Titular da Unidade, quando ocorrer t\u00e9rmino de gest\u00e3o durante o exerc\u00edcio<\/strong><\/a>;<\/p><p><strong>VII<\/strong>\u00a0&#8211;\u00a0<strong><a href=\"http:\/\/www.age.fazenda.rj.gov.br\/age\/faces\/owResource.jspx?z=oracle.webcenter.doclib%21%21UCMServer%2523dDocName%253AWCC205824%21%21Anexo%2BX%2B-%2BIN41_BMoveis_Termo_de_Entrega_de_Bens_e_Valores.docx\">Termo de Entrega de Bens e Valores, quando houver t\u00e9rmino de gest\u00e3o decorrente da extin\u00e7\u00e3o da Unidade<\/a><\/strong>;<\/p><p><strong>VIII &#8211;<\/strong>\u00a0C\u00f3pia da publica\u00e7\u00e3o do ato de extin\u00e7\u00e3o da Unidade, quando ocorrer no exerc\u00edcio;<\/p><p><strong>IX &#8211;\u00a0<\/strong>Termo de Inspe\u00e7\u00e3o realizada na Unidade por comiss\u00f5es de vistoria e pelos \u00f3rg\u00e3os de controle, quando ocorrer.<\/p><p><strong>Art. 7\u00ba<\/strong>\u00a0O Gestor dos Bens M\u00f3veis consolidar\u00e1, em at\u00e9 90 (noventa) dias do exerc\u00edcio subsequente ao exerc\u00edcio de compet\u00eancia, a documenta\u00e7\u00e3o relativa aos bens m\u00f3veis da Unidade, a fim de retratar a composi\u00e7\u00e3o do patrim\u00f4nio do \u00f3rg\u00e3o ou entidade, que est\u00e1 sob a responsabilidade de seu Titular.<\/p><p><strong>\u00a7 1\u00ba\u00a0<\/strong>A consolida\u00e7\u00e3o da documenta\u00e7\u00e3o relativa \u00e0 gest\u00e3o de bens m\u00f3veis da Unidade pressup\u00f5e o recebimento pelo Gestor de Bens M\u00f3veis de toda a documenta\u00e7\u00e3o prevista nos arts. 2\u00ba e 5\u00ba, contemplando assim todas as Subunidades e Unidades Apoiadas do \u00f3rg\u00e3o ou entidade, e sua juntada aos documentos do art. 6\u00ba.<\/p><p><strong>\u00a7 2\u00ba\u00a0<\/strong>Todos os documentos relacionados nos arts. 2\u00ba, 5\u00ba e 6\u00ba dever\u00e3o ser mantidos arquivados na Unidade, preferencialmente, em meio eletr\u00f4nico, sob a guarda do Gestor de Bens M\u00f3veis, ficando \u00e0 disposi\u00e7\u00e3o dos \u00f3rg\u00e3os de controle interno e externo para fins de auditorias e inspe\u00e7\u00f5es.<\/p><p style=\"text-align: center;\"><strong>T\u00cdTULO IV<\/strong><\/p><p style=\"text-align: center;\"><strong>DO CONTROLE MENSAL DOS SALDOS<\/strong><\/p><p><strong>Art. 8\u00ba\u00a0<\/strong>O Encarregado e o Gestor da Unidade Apoiada dever\u00e3o informar mensalmente os saldos e a movimenta\u00e7\u00e3o ao Gestor de Bens M\u00f3veis da Unidade, por meio do Demonstrativo da Movimenta\u00e7\u00e3o, sendo mencionado, em moeda corrente, o saldo anterior, as entradas, as sa\u00eddas, os ajustes e o saldo para o m\u00eas seguinte.<\/p><p><strong>Art. 9\u00ba\u00a0<\/strong>O Gestor de Bens M\u00f3veis manter\u00e1 um controle mensal, consolidando os saldos das Subunidades e Unidades Apoiadas, e o submeter\u00e1 mensalmente \u00e0 Coordenadoria Setorial de Contabilidade, ou equivalente, a fim de promover a consist\u00eancia dos saldos entre os registros efetuados e a exist\u00eancia f\u00edsica dos bens m\u00f3veis.<\/p><p><strong>Par\u00e1grafo \u00danico:\u00a0<\/strong>Na hip\u00f3tese de n\u00e3o ocorrer paridade entre os saldos no per\u00edodo, o Gestor de Bens M\u00f3veis e a Coordenadoria Setorial de Contabilidade dever\u00e3o, conjuntamente, analisar as contas e proceder aos ajustes necess\u00e1rios.<\/p><p style=\"text-align: center;\"><strong>T\u00cdTULO V<\/strong><\/p><p style=\"text-align: center;\"><strong>DISPOSI\u00c7\u00d5ES FINAIS<\/strong><\/p><p><strong>Art. 10\u00a0<\/strong>Na hip\u00f3tese de impropriedade detectada na gest\u00e3o dos bens m\u00f3veis, dever\u00e3o ser adotados os procedimentos previstos na legisla\u00e7\u00e3o vigente para apura\u00e7\u00e3o da responsabilidade.<\/p><p><strong>Ar<\/strong><strong>t. 11\u00a0<\/strong>Os Anexos desta Instru\u00e7\u00e3o Normativa estar\u00e3o dispon\u00edveis no Portal da Auditoria Geral do Estado no site da Secretaria de Estado de Fazenda e Planejamento.<\/p><p><strong>Par\u00e1grafo \u00danico:\u00a0<\/strong>No contexto das empresas estatais, os documentos relacionados aos Anexos desta IN poder\u00e3o ser substitu\u00eddos por outros, sobretudo na hip\u00f3tese de a entidade utilizar controles informatizados, desde que contenham informa\u00e7\u00f5es semelhantes ou equivalentes.<\/p><p><strong>Art. 12<\/strong>\u00a0Esta Instru\u00e7\u00e3o Normativa entra em vigor na data de sua publica\u00e7\u00e3o, ficam revogadas as disposi\u00e7\u00f5es em contr\u00e1rio, em especial a Instru\u00e7\u00e3o Normativa AGE n.\u00ba 29, de 06 de novembro de 2014.<\/p><p style=\"text-align: center;\">Rio de Janeiro, 26 de dezembro de 2017.<\/p><p style=\"text-align: center;\"><strong>Rui C\u00e9sar dos Santos Chagas<\/strong><\/p><p style=\"text-align: center;\">Auditor-Geral do Estado<\/p><p>\u00a0<\/p><p style=\"text-align: center;\"><a href=\"http:\/\/www.cge.rj.gov.br\/formularios\/\" target=\"_blank\" rel=\"noopener\"><strong>ANEXOS<\/strong><\/a><\/p><p><strong>I &#8211; Moveis_Demonstr_da_Movimenta\u00e7\u00e3o<\/strong><\/p><p><strong>II &#8211; Moveis_Controle_Mensal_Gestor<\/strong><\/p><p><strong>III &#8211; Moveis_Cadastro_dos_Responsaveis<\/strong><\/p><p><strong>IV &#8211; Moveis_Inventario<\/strong><\/p><p><strong>V &#8211; Moveis_Termo_de_Transf_de_Responsabilidade<\/strong><\/p><p><strong>VI &#8211; Moveis_Nada_Consta<\/strong><\/p><p><strong>VII &#8211; Moveis_Transf_Respons_Consolidado<\/strong><\/p><p><strong>VIII &#8211; Moveis_Declara\u00e7\u00e3o_Titular_Unidade<\/strong><\/p><p><strong>IX &#8211; Moveis_Termo_de_Baixa_Definitiva<\/strong><\/p><p style=\"text-align: right;\">Id: 2078093<\/p>\t\t\t\t\t\t\t\t<\/div>\n\t\t\t\t<div class=\"elementor-element elementor-element-ff78265 elementor-widget elementor-widget-spacer\" data-id=\"ff78265\" data-element_type=\"widget\" data-widget_type=\"spacer.default\">\n\t\t\t\t\t\t\t<div class=\"elementor-spacer\">\n\t\t\t<div class=\"elementor-spacer-inner\"><\/div>\n\t\t<\/div>\n\t\t\t\t\t\t<\/div>\n\t\t\t\t\t<\/div>\n\t\t<\/div>\n\t\t\t\t\t<\/div>\n\t\t<\/section>\n\t\t\t\t<section class=\"elementor-section elementor-top-section elementor-element elementor-element-d69bfe6 elementor-section-boxed elementor-section-height-default elementor-section-height-default\" data-id=\"d69bfe6\" data-element_type=\"section\" data-settings=\"{&quot;jet_parallax_layout_list&quot;:[{&quot;jet_parallax_layout_image&quot;:{&quot;url&quot;:&quot;&quot;,&quot;id&quot;:&quot;&quot;,&quot;size&quot;:&quot;&quot;},&quot;_id&quot;:&quot;04dd098&quot;,&quot;jet_parallax_layout_image_tablet&quot;:{&quot;url&quot;:&quot;&quot;,&quot;id&quot;:&quot;&quot;,&quot;size&quot;:&quot;&quot;},&quot;jet_parallax_layout_image_mobile&quot;:{&quot;url&quot;:&quot;&quot;,&quot;id&quot;:&quot;&quot;,&quot;size&quot;:&quot;&quot;},&quot;jet_parallax_layout_speed&quot;:{&quot;unit&quot;:&quot;%&quot;,&quot;size&quot;:50,&quot;sizes&quot;:[]},&quot;jet_parallax_layout_type&quot;:&quot;scroll&quot;,&quot;jet_parallax_layout_direction&quot;:&quot;1&quot;,&quot;jet_parallax_layout_fx_direction&quot;:null,&quot;jet_parallax_layout_z_index&quot;:&quot;&quot;,&quot;jet_parallax_layout_bg_x&quot;:50,&quot;jet_parallax_layout_bg_x_tablet&quot;:&quot;&quot;,&quot;jet_parallax_layout_bg_x_mobile&quot;:&quot;&quot;,&quot;jet_parallax_layout_bg_y&quot;:50,&quot;jet_parallax_layout_bg_y_tablet&quot;:&quot;&quot;,&quot;jet_parallax_layout_bg_y_mobile&quot;:&quot;&quot;,&quot;jet_parallax_layout_bg_size&quot;:&quot;auto&quot;,&quot;jet_parallax_layout_bg_size_tablet&quot;:&quot;&quot;,&quot;jet_parallax_layout_bg_size_mobile&quot;:&quot;&quot;,&quot;jet_parallax_layout_animation_prop&quot;:&quot;transform&quot;,&quot;jet_parallax_layout_on&quot;:[&quot;desktop&quot;,&quot;tablet&quot;]}]}\">\n\t\t\t\t\t\t<div class=\"elementor-container elementor-column-gap-default\">\n\t\t\t\t\t<div class=\"elementor-column elementor-col-100 elementor-top-column elementor-element elementor-element-4eb38fa\" data-id=\"4eb38fa\" data-element_type=\"column\">\n\t\t\t<div class=\"elementor-widget-wrap elementor-element-populated\">\n\t\t\t\t\t\t<div class=\"elementor-element elementor-element-7b2071c elementor-widget elementor-widget-text-editor\" data-id=\"7b2071c\" data-element_type=\"widget\" data-widget_type=\"text-editor.default\">\n\t\t\t\t\t\t\t\t\t<p><em>Publicada no DOE em <a href=\"http:\/\/redelog.rj.gov.br\/redelog\/wp-content\/uploads\/2022\/01\/Instrucao-Normativa-AGE-N.o-41-2017-Estabelece-normas-de-organizacao-da-documentacao-relativa-a-gestao-dos-bens-moveis.pdf\" target=\"_blank\" rel=\"noopener\"><strong>27\/12\/2017<\/strong><\/a>.<\/em><\/p>\t\t\t\t\t\t\t\t<\/div>\n\t\t\t\t\t<\/div>\n\t\t<\/div>\n\t\t\t\t\t<\/div>\n\t\t<\/section>\n\t\t\t\t<section class=\"elementor-section elementor-top-section elementor-element elementor-element-875ee66 elementor-section-boxed elementor-section-height-default elementor-section-height-default\" data-id=\"875ee66\" data-element_type=\"section\" data-settings=\"{&quot;jet_parallax_layout_list&quot;:[{&quot;jet_parallax_layout_image&quot;:{&quot;url&quot;:&quot;&quot;,&quot;id&quot;:&quot;&quot;,&quot;size&quot;:&quot;&quot;},&quot;_id&quot;:&quot;ab030fc&quot;,&quot;jet_parallax_layout_image_tablet&quot;:{&quot;url&quot;:&quot;&quot;,&quot;id&quot;:&quot;&quot;,&quot;size&quot;:&quot;&quot;},&quot;jet_parallax_layout_image_mobile&quot;:{&quot;url&quot;:&quot;&quot;,&quot;id&quot;:&quot;&quot;,&quot;size&quot;:&quot;&quot;},&quot;jet_parallax_layout_speed&quot;:{&quot;unit&quot;:&quot;%&quot;,&quot;size&quot;:50,&quot;sizes&quot;:[]},&quot;jet_parallax_layout_type&quot;:&quot;scroll&quot;,&quot;jet_parallax_layout_direction&quot;:&quot;1&quot;,&quot;jet_parallax_layout_fx_direction&quot;:null,&quot;jet_parallax_layout_z_index&quot;:&quot;&quot;,&quot;jet_parallax_layout_bg_x&quot;:50,&quot;jet_parallax_layout_bg_x_tablet&quot;:&quot;&quot;,&quot;jet_parallax_layout_bg_x_mobile&quot;:&quot;&quot;,&quot;jet_parallax_layout_bg_y&quot;:50,&quot;jet_parallax_layout_bg_y_tablet&quot;:&quot;&quot;,&quot;jet_parallax_layout_bg_y_mobile&quot;:&quot;&quot;,&quot;jet_parallax_layout_bg_size&quot;:&quot;auto&quot;,&quot;jet_parallax_layout_bg_size_tablet&quot;:&quot;&quot;,&quot;jet_parallax_layout_bg_size_mobile&quot;:&quot;&quot;,&quot;jet_parallax_layout_animation_prop&quot;:&quot;transform&quot;,&quot;jet_parallax_layout_on&quot;:[&quot;desktop&quot;,&quot;tablet&quot;]}]}\">\n\t\t\t\t\t\t<div class=\"elementor-container elementor-column-gap-default\">\n\t\t\t\t\t<div class=\"elementor-column elementor-col-100 elementor-top-column elementor-element elementor-element-63762a6\" data-id=\"63762a6\" data-element_type=\"column\">\n\t\t\t<div class=\"elementor-widget-wrap elementor-element-populated\">\n\t\t\t\t\t\t<div class=\"elementor-element elementor-element-ec86bc1 elementor-widget-divider--view-line elementor-widget elementor-widget-divider\" data-id=\"ec86bc1\" data-element_type=\"widget\" data-widget_type=\"divider.default\">\n\t\t\t\t\t\t\t<div class=\"elementor-divider\">\n\t\t\t<span class=\"elementor-divider-separator\">\n\t\t\t\t\t\t<\/span>\n\t\t<\/div>\n\t\t\t\t\t\t<\/div>\n\t\t\t\t\t<\/div>\n\t\t<\/div>\n\t\t\t\t\t<\/div>\n\t\t<\/section>\n\t\t\t\t<section class=\"elementor-section elementor-top-section elementor-element elementor-element-fa3cb8e elementor-section-boxed elementor-section-height-default elementor-section-height-default\" data-id=\"fa3cb8e\" data-element_type=\"section\" id=\"options\" data-settings=\"{&quot;jet_parallax_layout_list&quot;:[{&quot;jet_parallax_layout_image&quot;:{&quot;url&quot;:&quot;&quot;,&quot;id&quot;:&quot;&quot;,&quot;size&quot;:&quot;&quot;},&quot;_id&quot;:&quot;19d7213&quot;,&quot;jet_parallax_layout_image_tablet&quot;:{&quot;url&quot;:&quot;&quot;,&quot;id&quot;:&quot;&quot;,&quot;size&quot;:&quot;&quot;},&quot;jet_parallax_layout_image_mobile&quot;:{&quot;url&quot;:&quot;&quot;,&quot;id&quot;:&quot;&quot;,&quot;size&quot;:&quot;&quot;},&quot;jet_parallax_layout_speed&quot;:{&quot;unit&quot;:&quot;%&quot;,&quot;size&quot;:50,&quot;sizes&quot;:[]},&quot;jet_parallax_layout_type&quot;:&quot;scroll&quot;,&quot;jet_parallax_layout_direction&quot;:&quot;1&quot;,&quot;jet_parallax_layout_fx_direction&quot;:null,&quot;jet_parallax_layout_z_index&quot;:&quot;&quot;,&quot;jet_parallax_layout_bg_x&quot;:50,&quot;jet_parallax_layout_bg_x_tablet&quot;:&quot;&quot;,&quot;jet_parallax_layout_bg_x_mobile&quot;:&quot;&quot;,&quot;jet_parallax_layout_bg_y&quot;:50,&quot;jet_parallax_layout_bg_y_tablet&quot;:&quot;&quot;,&quot;jet_parallax_layout_bg_y_mobile&quot;:&quot;&quot;,&quot;jet_parallax_layout_bg_size&quot;:&quot;auto&quot;,&quot;jet_parallax_layout_bg_size_tablet&quot;:&quot;&quot;,&quot;jet_parallax_layout_bg_size_mobile&quot;:&quot;&quot;,&quot;jet_parallax_layout_animation_prop&quot;:&quot;transform&quot;,&quot;jet_parallax_layout_on&quot;:[&quot;desktop&quot;,&quot;tablet&quot;]}]}\">\n\t\t\t\t\t\t<div class=\"elementor-container elementor-column-gap-default\">\n\t\t\t\t\t<div class=\"elementor-column elementor-col-100 elementor-top-column elementor-element elementor-element-776f5c5\" data-id=\"776f5c5\" data-element_type=\"column\">\n\t\t\t<div class=\"elementor-widget-wrap elementor-element-populated\">\n\t\t\t\t\t\t<div class=\"elementor-element elementor-element-1967152 elementor-widget elementor-widget-shortcode\" data-id=\"1967152\" data-element_type=\"widget\" data-widget_type=\"shortcode.default\">\n\t\t\t\t\t\t\t<div class=\"elementor-shortcode\"><div class='printomatic pom-default ' id='id5375' alt='Imprimir' title='Imprimir' data-print_target='#post-9419'><\/div> <div class='printomatictext' id='id5375' alt='Imprimir' title='Imprimir' data-print_target='#post-9419'>Imprimir<\/div><div style='clear: both;'><\/div><\/div>\n\t\t\t\t\t\t<\/div>\n\t\t\t\t<section class=\"elementor-section elementor-inner-section elementor-element elementor-element-624247b elementor-section-boxed elementor-section-height-default elementor-section-height-default\" data-id=\"624247b\" data-element_type=\"section\" data-settings=\"{&quot;jet_parallax_layout_list&quot;:[{&quot;jet_parallax_layout_image&quot;:{&quot;url&quot;:&quot;&quot;,&quot;id&quot;:&quot;&quot;,&quot;size&quot;:&quot;&quot;},&quot;_id&quot;:&quot;4b24ff0&quot;,&quot;jet_parallax_layout_image_tablet&quot;:{&quot;url&quot;:&quot;&quot;,&quot;id&quot;:&quot;&quot;,&quot;size&quot;:&quot;&quot;},&quot;jet_parallax_layout_image_mobile&quot;:{&quot;url&quot;:&quot;&quot;,&quot;id&quot;:&quot;&quot;,&quot;size&quot;:&quot;&quot;},&quot;jet_parallax_layout_speed&quot;:{&quot;unit&quot;:&quot;%&quot;,&quot;size&quot;:50,&quot;sizes&quot;:[]},&quot;jet_parallax_layout_type&quot;:&quot;scroll&quot;,&quot;jet_parallax_layout_direction&quot;:&quot;1&quot;,&quot;jet_parallax_layout_fx_direction&quot;:null,&quot;jet_parallax_layout_z_index&quot;:&quot;&quot;,&quot;jet_parallax_layout_bg_x&quot;:50,&quot;jet_parallax_layout_bg_x_tablet&quot;:&quot;&quot;,&quot;jet_parallax_layout_bg_x_mobile&quot;:&quot;&quot;,&quot;jet_parallax_layout_bg_y&quot;:50,&quot;jet_parallax_layout_bg_y_tablet&quot;:&quot;&quot;,&quot;jet_parallax_layout_bg_y_mobile&quot;:&quot;&quot;,&quot;jet_parallax_layout_bg_size&quot;:&quot;auto&quot;,&quot;jet_parallax_layout_bg_size_tablet&quot;:&quot;&quot;,&quot;jet_parallax_layout_bg_size_mobile&quot;:&quot;&quot;,&quot;jet_parallax_layout_animation_prop&quot;:&quot;transform&quot;,&quot;jet_parallax_layout_on&quot;:[&quot;desktop&quot;,&quot;tablet&quot;]}]}\">\n\t\t\t\t\t\t<div class=\"elementor-container elementor-column-gap-default\">\n\t\t\t\t\t<div class=\"elementor-column elementor-col-50 elementor-inner-column elementor-element elementor-element-dae2dc0\" data-id=\"dae2dc0\" data-element_type=\"column\">\n\t\t\t<div class=\"elementor-widget-wrap elementor-element-populated\">\n\t\t\t\t\t\t<div class=\"elementor-element elementor-element-01e5fd7 elementor-widget elementor-widget-text-editor\" data-id=\"01e5fd7\" data-element_type=\"widget\" data-widget_type=\"text-editor.default\">\n\t\t\t\t\t\t\t\t\t<p><strong><a href=\"http:\/\/redelog.rj.gov.br\/redelog\/legislacao-bens-moveis\/\">\u2190 Voltar &#8211; Bens M\u00f3veis<\/a><\/strong><\/p>\t\t\t\t\t\t\t\t<\/div>\n\t\t\t\t\t<\/div>\n\t\t<\/div>\n\t\t\t\t<div class=\"elementor-column elementor-col-50 elementor-inner-column elementor-element elementor-element-811cb2b\" data-id=\"811cb2b\" data-element_type=\"column\">\n\t\t\t<div class=\"elementor-widget-wrap\">\n\t\t\t\t\t\t\t<\/div>\n\t\t<\/div>\n\t\t\t\t\t<\/div>\n\t\t<\/section>\n\t\t\t\t\t<\/div>\n\t\t<\/div>\n\t\t\t\t\t<\/div>\n\t\t<\/section>\n\t\t\t\t<\/div>\n\t\t","protected":false},"excerpt":{"rendered":"<p>ESTABELECE NORMAS DE ORGANIZA\u00c7\u00c3O DA DOCUMENTA\u00c7\u00c3O RELATIVA \u00c0 GEST\u00c3O DOS BENS M\u00d3VEIS DOS \u00d3RG\u00c3OS E ENTIDADES DA ADMINISTRA\u00c7\u00c3O P\u00daBLICA ESTADUAL. O AUDITOR-GERAL DO ESTADO, no uso de suas atribui\u00e7\u00f5es legais e tendo em vista o disposto no inciso II do art. 106 da Resolu\u00e7\u00e3o SEFAZ n\u00ba 89, de 30 de junho de 2017, combinado com [&hellip;]<\/p>\n","protected":false},"author":1,"featured_media":0,"comment_status":"closed","ping_status":"open","sticky":false,"template":"","format":"standard","meta":{"_joinchat":[],"footnotes":""},"categories":[23],"tags":[],"class_list":["post-9419","post","type-post","status-publish","format-standard","hentry","category-cat-legislacao"],"yoast_head":"<!-- This site is optimized with the Yoast SEO plugin v25.7 - https:\/\/yoast.com\/wordpress\/plugins\/seo\/ -->\n<title>INSTRU\u00c7\u00c3O NORMATIVA AGE N\u00ba 41, DE 26 DE DEZEMBRO DE 2017 - Redelog<\/title>\n<meta name=\"robots\" content=\"index, follow, max-snippet:-1, max-image-preview:large, max-video-preview:-1\" \/>\n<link rel=\"canonical\" href=\"https:\/\/redelog.rj.gov.br\/redelog\/age-no-41\/\" \/>\n<meta property=\"og:locale\" content=\"pt_BR\" \/>\n<meta property=\"og:type\" content=\"article\" \/>\n<meta property=\"og:title\" content=\"INSTRU\u00c7\u00c3O NORMATIVA AGE N\u00ba 41, DE 26 DE DEZEMBRO DE 2017 - Redelog\" \/>\n<meta property=\"og:description\" content=\"ESTABELECE NORMAS DE ORGANIZA\u00c7\u00c3O DA DOCUMENTA\u00c7\u00c3O RELATIVA \u00c0 GEST\u00c3O DOS BENS M\u00d3VEIS DOS \u00d3RG\u00c3OS E ENTIDADES DA ADMINISTRA\u00c7\u00c3O P\u00daBLICA ESTADUAL. O AUDITOR-GERAL DO ESTADO, no uso de suas atribui\u00e7\u00f5es legais e tendo em vista o disposto no inciso II do art. 106 da Resolu\u00e7\u00e3o SEFAZ n\u00ba 89, de 30 de junho de 2017, combinado com [&hellip;]\" \/>\n<meta property=\"og:url\" content=\"https:\/\/redelog.rj.gov.br\/redelog\/age-no-41\/\" \/>\n<meta property=\"og:site_name\" content=\"Redelog\" \/>\n<meta property=\"article:published_time\" content=\"2022-01-13T18:42:08+00:00\" \/>\n<meta property=\"article:modified_time\" content=\"2024-03-01T17:14:41+00:00\" \/>\n<meta name=\"author\" content=\"alheiro\" \/>\n<meta name=\"twitter:card\" content=\"summary_large_image\" \/>\n<meta name=\"twitter:label1\" content=\"Escrito por\" \/>\n\t<meta name=\"twitter:data1\" content=\"alheiro\" \/>\n\t<meta name=\"twitter:label2\" content=\"Est. tempo de leitura\" \/>\n\t<meta name=\"twitter:data2\" content=\"6 minutos\" \/>\n<script type=\"application\/ld+json\" class=\"yoast-schema-graph\">{\"@context\":\"https:\/\/schema.org\",\"@graph\":[{\"@type\":\"Article\",\"@id\":\"https:\/\/redelog.rj.gov.br\/redelog\/age-no-41\/#article\",\"isPartOf\":{\"@id\":\"https:\/\/redelog.rj.gov.br\/redelog\/age-no-41\/\"},\"author\":{\"name\":\"alheiro\",\"@id\":\"https:\/\/redelog.rj.gov.br\/redelog\/#\/schema\/person\/1299ae2b7bfb510dd74c28ed239470fb\"},\"headline\":\"INSTRU\u00c7\u00c3O NORMATIVA AGE N\u00ba 41, DE 26 DE DEZEMBRO DE 2017\",\"datePublished\":\"2022-01-13T18:42:08+00:00\",\"dateModified\":\"2024-03-01T17:14:41+00:00\",\"mainEntityOfPage\":{\"@id\":\"https:\/\/redelog.rj.gov.br\/redelog\/age-no-41\/\"},\"wordCount\":1477,\"publisher\":{\"@id\":\"https:\/\/redelog.rj.gov.br\/redelog\/#organization\"},\"articleSection\":[\"Legisla\u00e7\u00e3o\"],\"inLanguage\":\"pt-BR\"},{\"@type\":\"WebPage\",\"@id\":\"https:\/\/redelog.rj.gov.br\/redelog\/age-no-41\/\",\"url\":\"https:\/\/redelog.rj.gov.br\/redelog\/age-no-41\/\",\"name\":\"INSTRU\u00c7\u00c3O NORMATIVA AGE N\u00ba 41, DE 26 DE DEZEMBRO DE 2017 - Redelog\",\"isPartOf\":{\"@id\":\"https:\/\/redelog.rj.gov.br\/redelog\/#website\"},\"datePublished\":\"2022-01-13T18:42:08+00:00\",\"dateModified\":\"2024-03-01T17:14:41+00:00\",\"breadcrumb\":{\"@id\":\"https:\/\/redelog.rj.gov.br\/redelog\/age-no-41\/#breadcrumb\"},\"inLanguage\":\"pt-BR\",\"potentialAction\":[{\"@type\":\"ReadAction\",\"target\":[\"https:\/\/redelog.rj.gov.br\/redelog\/age-no-41\/\"]}]},{\"@type\":\"BreadcrumbList\",\"@id\":\"https:\/\/redelog.rj.gov.br\/redelog\/age-no-41\/#breadcrumb\",\"itemListElement\":[{\"@type\":\"ListItem\",\"position\":1,\"name\":\"Home\",\"item\":\"https:\/\/redelog.rj.gov.br\/redelog\/\"},{\"@type\":\"ListItem\",\"position\":2,\"name\":\"INSTRU\u00c7\u00c3O NORMATIVA AGE N\u00ba 41, DE 26 DE DEZEMBRO DE 2017\"}]},{\"@type\":\"WebSite\",\"@id\":\"https:\/\/redelog.rj.gov.br\/redelog\/#website\",\"url\":\"https:\/\/redelog.rj.gov.br\/redelog\/\",\"name\":\"Redelog\",\"description\":\"Site da Rede de Log\u00edstica e Planejamento do Estado do Rio de Janeiro\",\"publisher\":{\"@id\":\"https:\/\/redelog.rj.gov.br\/redelog\/#organization\"},\"potentialAction\":[{\"@type\":\"SearchAction\",\"target\":{\"@type\":\"EntryPoint\",\"urlTemplate\":\"https:\/\/redelog.rj.gov.br\/redelog\/?s={search_term_string}\"},\"query-input\":{\"@type\":\"PropertyValueSpecification\",\"valueRequired\":true,\"valueName\":\"search_term_string\"}}],\"inLanguage\":\"pt-BR\"},{\"@type\":\"Organization\",\"@id\":\"https:\/\/redelog.rj.gov.br\/redelog\/#organization\",\"name\":\"REDELOG\",\"url\":\"https:\/\/redelog.rj.gov.br\/redelog\/\",\"logo\":{\"@type\":\"ImageObject\",\"inLanguage\":\"pt-BR\",\"@id\":\"https:\/\/redelog.rj.gov.br\/redelog\/#\/schema\/logo\/image\/\",\"url\":\"http:\/\/10.10.8.100:8888\/redelog\/wp-content\/uploads\/2019\/09\/Redelog2.png\",\"contentUrl\":\"http:\/\/10.10.8.100:8888\/redelog\/wp-content\/uploads\/2019\/09\/Redelog2.png\",\"width\":565,\"height\":155,\"caption\":\"REDELOG\"},\"image\":{\"@id\":\"https:\/\/redelog.rj.gov.br\/redelog\/#\/schema\/logo\/image\/\"}},{\"@type\":\"Person\",\"@id\":\"https:\/\/redelog.rj.gov.br\/redelog\/#\/schema\/person\/1299ae2b7bfb510dd74c28ed239470fb\",\"name\":\"alheiro\",\"image\":{\"@type\":\"ImageObject\",\"inLanguage\":\"pt-BR\",\"@id\":\"https:\/\/redelog.rj.gov.br\/redelog\/#\/schema\/person\/image\/\",\"url\":\"https:\/\/secure.gravatar.com\/avatar\/682da79d56fd06a1a63ccaa75b42ffe0c9b0609a62bc395d810f23f98140dcae?s=96&d=mm&r=g\",\"contentUrl\":\"https:\/\/secure.gravatar.com\/avatar\/682da79d56fd06a1a63ccaa75b42ffe0c9b0609a62bc395d810f23f98140dcae?s=96&d=mm&r=g\",\"caption\":\"alheiro\"},\"sameAs\":[\"http:\/\/10.9.108.118:3000\/redelog\"],\"url\":\"https:\/\/redelog.rj.gov.br\/redelog\/author\/alheiro\/\"}]}<\/script>\n<!-- \/ Yoast SEO plugin. -->","yoast_head_json":{"title":"INSTRU\u00c7\u00c3O NORMATIVA AGE N\u00ba 41, DE 26 DE DEZEMBRO DE 2017 - Redelog","robots":{"index":"index","follow":"follow","max-snippet":"max-snippet:-1","max-image-preview":"max-image-preview:large","max-video-preview":"max-video-preview:-1"},"canonical":"https:\/\/redelog.rj.gov.br\/redelog\/age-no-41\/","og_locale":"pt_BR","og_type":"article","og_title":"INSTRU\u00c7\u00c3O NORMATIVA AGE N\u00ba 41, DE 26 DE DEZEMBRO DE 2017 - Redelog","og_description":"ESTABELECE NORMAS DE ORGANIZA\u00c7\u00c3O DA DOCUMENTA\u00c7\u00c3O RELATIVA \u00c0 GEST\u00c3O DOS BENS M\u00d3VEIS DOS \u00d3RG\u00c3OS E ENTIDADES DA ADMINISTRA\u00c7\u00c3O P\u00daBLICA ESTADUAL. O AUDITOR-GERAL DO ESTADO, no uso de suas atribui\u00e7\u00f5es legais e tendo em vista o disposto no inciso II do art. 106 da Resolu\u00e7\u00e3o SEFAZ n\u00ba 89, de 30 de junho de 2017, combinado com [&hellip;]","og_url":"https:\/\/redelog.rj.gov.br\/redelog\/age-no-41\/","og_site_name":"Redelog","article_published_time":"2022-01-13T18:42:08+00:00","article_modified_time":"2024-03-01T17:14:41+00:00","author":"alheiro","twitter_card":"summary_large_image","twitter_misc":{"Escrito por":"alheiro","Est. tempo de leitura":"6 minutos"},"schema":{"@context":"https:\/\/schema.org","@graph":[{"@type":"Article","@id":"https:\/\/redelog.rj.gov.br\/redelog\/age-no-41\/#article","isPartOf":{"@id":"https:\/\/redelog.rj.gov.br\/redelog\/age-no-41\/"},"author":{"name":"alheiro","@id":"https:\/\/redelog.rj.gov.br\/redelog\/#\/schema\/person\/1299ae2b7bfb510dd74c28ed239470fb"},"headline":"INSTRU\u00c7\u00c3O NORMATIVA AGE N\u00ba 41, DE 26 DE DEZEMBRO DE 2017","datePublished":"2022-01-13T18:42:08+00:00","dateModified":"2024-03-01T17:14:41+00:00","mainEntityOfPage":{"@id":"https:\/\/redelog.rj.gov.br\/redelog\/age-no-41\/"},"wordCount":1477,"publisher":{"@id":"https:\/\/redelog.rj.gov.br\/redelog\/#organization"},"articleSection":["Legisla\u00e7\u00e3o"],"inLanguage":"pt-BR"},{"@type":"WebPage","@id":"https:\/\/redelog.rj.gov.br\/redelog\/age-no-41\/","url":"https:\/\/redelog.rj.gov.br\/redelog\/age-no-41\/","name":"INSTRU\u00c7\u00c3O NORMATIVA AGE N\u00ba 41, DE 26 DE DEZEMBRO DE 2017 - Redelog","isPartOf":{"@id":"https:\/\/redelog.rj.gov.br\/redelog\/#website"},"datePublished":"2022-01-13T18:42:08+00:00","dateModified":"2024-03-01T17:14:41+00:00","breadcrumb":{"@id":"https:\/\/redelog.rj.gov.br\/redelog\/age-no-41\/#breadcrumb"},"inLanguage":"pt-BR","potentialAction":[{"@type":"ReadAction","target":["https:\/\/redelog.rj.gov.br\/redelog\/age-no-41\/"]}]},{"@type":"BreadcrumbList","@id":"https:\/\/redelog.rj.gov.br\/redelog\/age-no-41\/#breadcrumb","itemListElement":[{"@type":"ListItem","position":1,"name":"Home","item":"https:\/\/redelog.rj.gov.br\/redelog\/"},{"@type":"ListItem","position":2,"name":"INSTRU\u00c7\u00c3O NORMATIVA AGE N\u00ba 41, DE 26 DE DEZEMBRO DE 2017"}]},{"@type":"WebSite","@id":"https:\/\/redelog.rj.gov.br\/redelog\/#website","url":"https:\/\/redelog.rj.gov.br\/redelog\/","name":"Redelog","description":"Site da Rede de Log\u00edstica e Planejamento do Estado do Rio de Janeiro","publisher":{"@id":"https:\/\/redelog.rj.gov.br\/redelog\/#organization"},"potentialAction":[{"@type":"SearchAction","target":{"@type":"EntryPoint","urlTemplate":"https:\/\/redelog.rj.gov.br\/redelog\/?s={search_term_string}"},"query-input":{"@type":"PropertyValueSpecification","valueRequired":true,"valueName":"search_term_string"}}],"inLanguage":"pt-BR"},{"@type":"Organization","@id":"https:\/\/redelog.rj.gov.br\/redelog\/#organization","name":"REDELOG","url":"https:\/\/redelog.rj.gov.br\/redelog\/","logo":{"@type":"ImageObject","inLanguage":"pt-BR","@id":"https:\/\/redelog.rj.gov.br\/redelog\/#\/schema\/logo\/image\/","url":"http:\/\/10.10.8.100:8888\/redelog\/wp-content\/uploads\/2019\/09\/Redelog2.png","contentUrl":"http:\/\/10.10.8.100:8888\/redelog\/wp-content\/uploads\/2019\/09\/Redelog2.png","width":565,"height":155,"caption":"REDELOG"},"image":{"@id":"https:\/\/redelog.rj.gov.br\/redelog\/#\/schema\/logo\/image\/"}},{"@type":"Person","@id":"https:\/\/redelog.rj.gov.br\/redelog\/#\/schema\/person\/1299ae2b7bfb510dd74c28ed239470fb","name":"alheiro","image":{"@type":"ImageObject","inLanguage":"pt-BR","@id":"https:\/\/redelog.rj.gov.br\/redelog\/#\/schema\/person\/image\/","url":"https:\/\/secure.gravatar.com\/avatar\/682da79d56fd06a1a63ccaa75b42ffe0c9b0609a62bc395d810f23f98140dcae?s=96&d=mm&r=g","contentUrl":"https:\/\/secure.gravatar.com\/avatar\/682da79d56fd06a1a63ccaa75b42ffe0c9b0609a62bc395d810f23f98140dcae?s=96&d=mm&r=g","caption":"alheiro"},"sameAs":["http:\/\/10.9.108.118:3000\/redelog"],"url":"https:\/\/redelog.rj.gov.br\/redelog\/author\/alheiro\/"}]}},"_links":{"self":[{"href":"https:\/\/redelog.rj.gov.br\/redelog\/wp-json\/wp\/v2\/posts\/9419","targetHints":{"allow":["GET"]}}],"collection":[{"href":"https:\/\/redelog.rj.gov.br\/redelog\/wp-json\/wp\/v2\/posts"}],"about":[{"href":"https:\/\/redelog.rj.gov.br\/redelog\/wp-json\/wp\/v2\/types\/post"}],"author":[{"embeddable":true,"href":"https:\/\/redelog.rj.gov.br\/redelog\/wp-json\/wp\/v2\/users\/1"}],"replies":[{"embeddable":true,"href":"https:\/\/redelog.rj.gov.br\/redelog\/wp-json\/wp\/v2\/comments?post=9419"}],"version-history":[{"count":68,"href":"https:\/\/redelog.rj.gov.br\/redelog\/wp-json\/wp\/v2\/posts\/9419\/revisions"}],"predecessor-version":[{"id":28378,"href":"https:\/\/redelog.rj.gov.br\/redelog\/wp-json\/wp\/v2\/posts\/9419\/revisions\/28378"}],"wp:attachment":[{"href":"https:\/\/redelog.rj.gov.br\/redelog\/wp-json\/wp\/v2\/media?parent=9419"}],"wp:term":[{"taxonomy":"category","embeddable":true,"href":"https:\/\/redelog.rj.gov.br\/redelog\/wp-json\/wp\/v2\/categories?post=9419"},{"taxonomy":"post_tag","embeddable":true,"href":"https:\/\/redelog.rj.gov.br\/redelog\/wp-json\/wp\/v2\/tags?post=9419"}],"curies":[{"name":"wp","href":"https:\/\/api.w.org\/{rel}","templated":true}]}}