{"id":9285,"date":"2022-01-13T13:55:20","date_gmt":"2022-01-13T16:55:20","guid":{"rendered":"http:\/\/10.11.80.6\/redelog\/?p=9285"},"modified":"2024-02-16T15:25:55","modified_gmt":"2024-02-16T18:25:55","slug":"resolucao-seplag-no-122","status":"publish","type":"post","link":"https:\/\/redelog.rj.gov.br\/redelog\/resolucao-seplag-no-122\/","title":{"rendered":"RESOLU\u00c7\u00c3O SEPLAG N\u00ba 122, DE 02 DE MAIO DE 2022"},"content":{"rendered":"\t\t<div data-elementor-type=\"wp-post\" data-elementor-id=\"9285\" class=\"elementor elementor-9285\" data-elementor-post-type=\"post\">\n\t\t\t\t\t\t<section class=\"elementor-section elementor-top-section elementor-element elementor-element-19f8b83 elementor-section-boxed elementor-section-height-default elementor-section-height-default\" data-id=\"19f8b83\" data-element_type=\"section\" data-settings=\"{&quot;jet_parallax_layout_list&quot;:[{&quot;jet_parallax_layout_image&quot;:{&quot;url&quot;:&quot;&quot;,&quot;id&quot;:&quot;&quot;,&quot;size&quot;:&quot;&quot;},&quot;_id&quot;:&quot;5cf70d4&quot;,&quot;jet_parallax_layout_image_tablet&quot;:{&quot;url&quot;:&quot;&quot;,&quot;id&quot;:&quot;&quot;,&quot;size&quot;:&quot;&quot;},&quot;jet_parallax_layout_image_mobile&quot;:{&quot;url&quot;:&quot;&quot;,&quot;id&quot;:&quot;&quot;,&quot;size&quot;:&quot;&quot;},&quot;jet_parallax_layout_speed&quot;:{&quot;unit&quot;:&quot;%&quot;,&quot;size&quot;:50,&quot;sizes&quot;:[]},&quot;jet_parallax_layout_type&quot;:&quot;scroll&quot;,&quot;jet_parallax_layout_direction&quot;:&quot;1&quot;,&quot;jet_parallax_layout_fx_direction&quot;:null,&quot;jet_parallax_layout_z_index&quot;:&quot;&quot;,&quot;jet_parallax_layout_bg_x&quot;:50,&quot;jet_parallax_layout_bg_x_tablet&quot;:&quot;&quot;,&quot;jet_parallax_layout_bg_x_mobile&quot;:&quot;&quot;,&quot;jet_parallax_layout_bg_y&quot;:50,&quot;jet_parallax_layout_bg_y_tablet&quot;:&quot;&quot;,&quot;jet_parallax_layout_bg_y_mobile&quot;:&quot;&quot;,&quot;jet_parallax_layout_bg_size&quot;:&quot;auto&quot;,&quot;jet_parallax_layout_bg_size_tablet&quot;:&quot;&quot;,&quot;jet_parallax_layout_bg_size_mobile&quot;:&quot;&quot;,&quot;jet_parallax_layout_animation_prop&quot;:&quot;transform&quot;,&quot;jet_parallax_layout_on&quot;:[&quot;desktop&quot;,&quot;tablet&quot;]}]}\">\n\t\t\t\t\t\t<div class=\"elementor-container elementor-column-gap-default\">\n\t\t\t\t\t<div class=\"elementor-column elementor-col-100 elementor-top-column elementor-element elementor-element-bc859ff\" data-id=\"bc859ff\" data-element_type=\"column\">\n\t\t\t<div class=\"elementor-widget-wrap elementor-element-populated\">\n\t\t\t\t\t\t<section class=\"elementor-section elementor-inner-section elementor-element elementor-element-7634cf1 elementor-section-boxed elementor-section-height-default elementor-section-height-default\" data-id=\"7634cf1\" data-element_type=\"section\" data-settings=\"{&quot;jet_parallax_layout_list&quot;:[{&quot;jet_parallax_layout_image&quot;:{&quot;url&quot;:&quot;&quot;,&quot;id&quot;:&quot;&quot;,&quot;size&quot;:&quot;&quot;},&quot;_id&quot;:&quot;cfbd4f5&quot;,&quot;jet_parallax_layout_image_tablet&quot;:{&quot;url&quot;:&quot;&quot;,&quot;id&quot;:&quot;&quot;,&quot;size&quot;:&quot;&quot;},&quot;jet_parallax_layout_image_mobile&quot;:{&quot;url&quot;:&quot;&quot;,&quot;id&quot;:&quot;&quot;,&quot;size&quot;:&quot;&quot;},&quot;jet_parallax_layout_speed&quot;:{&quot;unit&quot;:&quot;%&quot;,&quot;size&quot;:50,&quot;sizes&quot;:[]},&quot;jet_parallax_layout_type&quot;:&quot;scroll&quot;,&quot;jet_parallax_layout_direction&quot;:&quot;1&quot;,&quot;jet_parallax_layout_fx_direction&quot;:null,&quot;jet_parallax_layout_z_index&quot;:&quot;&quot;,&quot;jet_parallax_layout_bg_x&quot;:50,&quot;jet_parallax_layout_bg_x_tablet&quot;:&quot;&quot;,&quot;jet_parallax_layout_bg_x_mobile&quot;:&quot;&quot;,&quot;jet_parallax_layout_bg_y&quot;:50,&quot;jet_parallax_layout_bg_y_tablet&quot;:&quot;&quot;,&quot;jet_parallax_layout_bg_y_mobile&quot;:&quot;&quot;,&quot;jet_parallax_layout_bg_size&quot;:&quot;auto&quot;,&quot;jet_parallax_layout_bg_size_tablet&quot;:&quot;&quot;,&quot;jet_parallax_layout_bg_size_mobile&quot;:&quot;&quot;,&quot;jet_parallax_layout_animation_prop&quot;:&quot;transform&quot;,&quot;jet_parallax_layout_on&quot;:[&quot;desktop&quot;,&quot;tablet&quot;]}]}\">\n\t\t\t\t\t\t<div class=\"elementor-container elementor-column-gap-default\">\n\t\t\t\t\t<div class=\"elementor-column elementor-col-50 elementor-inner-column elementor-element elementor-element-0c4ddb6\" data-id=\"0c4ddb6\" data-element_type=\"column\">\n\t\t\t<div class=\"elementor-widget-wrap\">\n\t\t\t\t\t\t\t<\/div>\n\t\t<\/div>\n\t\t\t\t<div class=\"elementor-column elementor-col-50 elementor-inner-column elementor-element elementor-element-26c411c\" data-id=\"26c411c\" data-element_type=\"column\">\n\t\t\t<div class=\"elementor-widget-wrap elementor-element-populated\">\n\t\t\t\t\t\t<div class=\"elementor-element elementor-element-064aa7c elementor-widget elementor-widget-text-editor\" data-id=\"064aa7c\" data-element_type=\"widget\" data-widget_type=\"text-editor.default\">\n\t\t\t\t\t\t\t\t\t<p style=\"text-align: justify;\"><del><strong>DISP\u00d5E SOBRE O PLANO DE CONTRATA\u00c7\u00d5ES ANUAL &#8211; PCA.<\/strong><\/del><\/p>\t\t\t\t\t\t\t\t<\/div>\n\t\t\t\t\t<\/div>\n\t\t<\/div>\n\t\t\t\t\t<\/div>\n\t\t<\/section>\n\t\t\t\t\t<\/div>\n\t\t<\/div>\n\t\t\t\t\t<\/div>\n\t\t<\/section>\n\t\t\t\t<section class=\"elementor-section elementor-top-section elementor-element elementor-element-fcefaa8 elementor-section-boxed elementor-section-height-default elementor-section-height-default\" data-id=\"fcefaa8\" data-element_type=\"section\" data-settings=\"{&quot;jet_parallax_layout_list&quot;:[{&quot;jet_parallax_layout_image&quot;:{&quot;url&quot;:&quot;&quot;,&quot;id&quot;:&quot;&quot;,&quot;size&quot;:&quot;&quot;},&quot;_id&quot;:&quot;a98444a&quot;,&quot;jet_parallax_layout_image_tablet&quot;:{&quot;url&quot;:&quot;&quot;,&quot;id&quot;:&quot;&quot;,&quot;size&quot;:&quot;&quot;},&quot;jet_parallax_layout_image_mobile&quot;:{&quot;url&quot;:&quot;&quot;,&quot;id&quot;:&quot;&quot;,&quot;size&quot;:&quot;&quot;},&quot;jet_parallax_layout_speed&quot;:{&quot;unit&quot;:&quot;%&quot;,&quot;size&quot;:50,&quot;sizes&quot;:[]},&quot;jet_parallax_layout_type&quot;:&quot;scroll&quot;,&quot;jet_parallax_layout_direction&quot;:&quot;1&quot;,&quot;jet_parallax_layout_fx_direction&quot;:null,&quot;jet_parallax_layout_z_index&quot;:&quot;&quot;,&quot;jet_parallax_layout_bg_x&quot;:50,&quot;jet_parallax_layout_bg_x_tablet&quot;:&quot;&quot;,&quot;jet_parallax_layout_bg_x_mobile&quot;:&quot;&quot;,&quot;jet_parallax_layout_bg_y&quot;:50,&quot;jet_parallax_layout_bg_y_tablet&quot;:&quot;&quot;,&quot;jet_parallax_layout_bg_y_mobile&quot;:&quot;&quot;,&quot;jet_parallax_layout_bg_size&quot;:&quot;auto&quot;,&quot;jet_parallax_layout_bg_size_tablet&quot;:&quot;&quot;,&quot;jet_parallax_layout_bg_size_mobile&quot;:&quot;&quot;,&quot;jet_parallax_layout_animation_prop&quot;:&quot;transform&quot;,&quot;jet_parallax_layout_on&quot;:[&quot;desktop&quot;,&quot;tablet&quot;]}]}\">\n\t\t\t\t\t\t<div class=\"elementor-container elementor-column-gap-default\">\n\t\t\t\t\t<div class=\"elementor-column elementor-col-100 elementor-top-column elementor-element elementor-element-5aa2da1\" data-id=\"5aa2da1\" data-element_type=\"column\">\n\t\t\t<div class=\"elementor-widget-wrap elementor-element-populated\">\n\t\t\t\t\t\t<div class=\"elementor-element elementor-element-5d44d95 elementor-widget elementor-widget-text-editor\" data-id=\"5d44d95\" data-element_type=\"widget\" data-widget_type=\"text-editor.default\">\n\t\t\t\t\t\t\t\t\t<p class=\"Texto_Justificado\"><del><strong>O SECRET\u00c1RIO DE ESTADO DE PLANEJAMENTO E GEST\u00c3O<\/strong>, no uso das suas atribui\u00e7\u00f5es e tendo em vista o disposto no \u00a7 1\u00ba, do art. 3\u00ba, inciso VIII, do art. 5\u00ba e inciso II, do art. 6\u00ba, todos do Decreto Estadual n\u00ba 42.092, de 27 de outubro de 2009, e consoante os termos do Processo Administrativo n\u00ba SEI-120001\/005979\/2021,<\/del><\/p><p class=\"Texto_Justificado\"><del><strong>CONSIDERANDO:<\/strong><\/del><\/p><p class=\"Texto_Justificado\"><del>&#8211; a previs\u00e3o do Plano de Contrata\u00e7\u00f5es Anual como instrumento de planejamento da Administra\u00e7\u00e3o, conforme definido no art. 12 da Lei Federal n\u00ba 14.133, de 1\u00ba de abril de 2021 &#8211; Lei de Licita\u00e7\u00f5es e Contratos Administrativos;<\/del><\/p><p class=\"Texto_Justificado\"><del>&#8211; a necessidade de padronizar os procedimentos para a elabora\u00e7\u00e3o e execu\u00e7\u00e3o do Plano de Contrata\u00e7\u00f5es Anual no \u00e2mbito dos \u00f3rg\u00e3os e entidades integrantes do Poder Executivo do Estado do Rio de Janeiro; e<\/del><\/p><p class=\"Texto_Justificado\"><del>&#8211; a necessidade de constante aperfei\u00e7oamento das ferramentas necess\u00e1rias para o registro e gest\u00e3o das informa\u00e7\u00f5es de planejamento na \u00e1rea de contrata\u00e7\u00f5es.<\/del><\/p><p class=\"Texto_Justificado\"><del>&#8211; que as determina\u00e7\u00f5es constantes desta Resolu\u00e7\u00e3o n\u00e3o acarretar\u00e3o aumento de despesa.<\/del><\/p><p class=\"Texto_Justificado\"><del><strong>RESOLVE:<\/strong><\/del><\/p><p class=\"Texto_Justificado\"><del><strong>Art. 1\u00ba\u00a0<\/strong>\u2013\u00a0A presente Resolu\u00e7\u00e3o disp\u00f5e sobre o\u00a0Plano de Contrata\u00e7\u00f5es Anual \u2013 PCA, instrumento de governan\u00e7a, elaborado anualmente pelos \u00f3rg\u00e3os e entidades, contendo todas as contrata\u00e7\u00f5es que se pretende realizar ou prorrogar no exerc\u00edcio subsequente, com o objetivo de racionalizar as contrata\u00e7\u00f5es sob sua compet\u00eancia, garantir o alinhamento com o seu planejamento estrat\u00e9gico e subsidiar a elabora\u00e7\u00e3o da respectiva lei or\u00e7ament\u00e1ria do ente federativo.\u00a0<\/del><\/p><p class=\"Texto_Justificado\"><del><strong>\u00a7 1\u00ba \u2013\u00a0<\/strong>Sujeitam-se ao disposto nesta Resolu\u00e7\u00e3o os \u00f3rg\u00e3os e entidades da Administra\u00e7\u00e3o P\u00fablica estadual direta, aut\u00e1rquica e fundacional.<\/del><\/p><p class=\"Texto_Justificado\"><del><strong>\u00a72\u00ba &#8211;<\/strong>\u00a0As contrata\u00e7\u00f5es realizadas por empresas estatais dever\u00e3o observar a Lei n\u00b0 13.303, de 30 de junho de 2016, e os respectivos regulamentos internos de licita\u00e7\u00f5es e contratos.<\/del><\/p><p class=\"Texto_Justificado\"><del><strong>\u00a7 3\u00ba\u00a0\u2013\u00a0<\/strong>O planejamento, previsto no\u00a0<em>caput<\/em>\u00a0deste artigo, ser\u00e1 realizado separadamente para cada Unidade Or\u00e7ament\u00e1ria, de acordo com a previs\u00e3o da despesa\u00a0na Lei Or\u00e7ament\u00e1ria Anual.<\/del><\/p><p class=\"Texto_Justificado\"><del><strong>Art. 2\u00ba<\/strong>\u00a0&#8211; Para fins desta Resolu\u00e7\u00e3o, consideram-se:<\/del><\/p><p class=\"Texto_Justificado\"><del><strong>I \u2013<\/strong>\u00a0\u00d3rg\u00e3os Setoriais: os \u00f3rg\u00e3os e entidades da Administra\u00e7\u00e3o P\u00fablica Direta, Aut\u00e1rquica e Fundacional do Poder Executivo Estadual, bem como suas Empresas P\u00fablicas e Sociedades de Economia Mista;<\/del><\/p><p class=\"Texto_Justificado\"><del><strong>II \u2013<\/strong>\u00a0Unidade Or\u00e7ament\u00e1ria (U.O.): \u00f3rg\u00e3os, entidades ou fundos a que a Lei Or\u00e7ament\u00e1ria Anual consigna dota\u00e7\u00f5es com vistas \u00e0 sua manuten\u00e7\u00e3o e \u00e0 realiza\u00e7\u00e3o de um determinado programa de trabalho;<\/del><\/p><p class=\"Texto_Justificado\"><del><strong>III<\/strong>\u00a0\u2013 Autoridade Competente: agente p\u00fablico com poder de decis\u00e3o indicado formalmente como respons\u00e1vel por autorizar as licita\u00e7\u00f5es, os contratos ou a ordena\u00e7\u00e3o de despesas realizados no \u00e2mbito do \u00f3rg\u00e3o ou da entidade;<\/del><\/p><p class=\"Texto_Justificado\"><del><strong>IV\u00a0<\/strong>\u2013\u00a0Planejamento Or\u00e7ament\u00e1rio Detalhado \u2013 POD: detalhamento da despesa em n\u00edvel de desagrega\u00e7\u00e3o suficiente para identifica\u00e7\u00e3o do objeto necess\u00e1rio para viabiliza\u00e7\u00e3o da atividade, iniciativa ou projeto, a ser realizado pelos \u00f3rg\u00e3os e entidades da Administra\u00e7\u00e3o P\u00fablica Direta, Aut\u00e1rquica e Fundacional do Poder Executivo Estadual no SIPLAG;<\/del><\/p><p class=\"Texto_Justificado\"><del><strong>V\u00a0<\/strong>\u2013\u00a0Sistema de Intelig\u00eancia em Planejamento e Gest\u00e3o \u2013 SIPLAG: sistema operacional utilizado no processo de detalhamento do POD.<\/del><\/p><p class=\"Texto_Justificado\"><del><strong>Art. 3\u00ba\u00a0<\/strong>\u2013\u00a0A elabora\u00e7\u00e3o do PCA ocorrer\u00e1 concomitantemente \u00e0 elabora\u00e7\u00e3o do POD do mesmo exerc\u00edcio, de modo a garantir a adequa\u00e7\u00e3o dos valores das contrata\u00e7\u00f5es aos valores previstos para o Or\u00e7amento do mesmo per\u00edodo.<\/del><\/p><p class=\"Texto_Justificado\"><del><strong>\u00a7 1\u00ba \u2013<\/strong>\u00a0Os documentos de formaliza\u00e7\u00e3o de demanda \u2013 DFDs elaborados pelas \u00e1reas t\u00e9cnicas demandantes de contrata\u00e7\u00f5es dos \u00d3rg\u00e3o Setoriais dever\u00e3o ser utilizados como subs\u00eddio para a elabora\u00e7\u00e3o do PCA.<\/del><\/p><p class=\"Texto_Justificado\"><del><strong>\u00a7 2\u00ba \u2013<\/strong>\u00a0O lan\u00e7amento das informa\u00e7\u00f5es do PCA\/POD ser\u00e1 realizado pelos \u00d3rg\u00e3os Setoriais no SIPLAG, na etapa correspondente \u00e0 elabora\u00e7\u00e3o e submiss\u00e3o do Planejamento Or\u00e7ament\u00e1rio Detalhado, no prazo a ser definido em Resolu\u00e7\u00e3o SEPLAG quando do in\u00edcio das atividades de elabora\u00e7\u00e3o do Plano Plurianual e Or\u00e7amento Anual.<\/del><\/p><p class=\"Texto_Justificado\"><del><strong>\u00a7 3\u00ba \u2013\u00a0<\/strong>A responsabilidade pela elabora\u00e7\u00e3o do PCA caber\u00e1 ao Gestor Setorial da REDELOG formalmente indicado, conforme previsto no inc. II do art. 5\u00ba do Decreto n\u00ba 46.050, de 26 de julho de 2017.<\/del><\/p><p class=\"Texto_Justificado\"><del><strong>\u00a7 4\u00ba \u2013<\/strong>\u00a0A responsabilidade pelo lan\u00e7amento das informa\u00e7\u00f5es do PCA\/POD no SIPLAG caber\u00e1 ao Gestor Setorial do SIPLAG formalmente indicado.<\/del><\/p><p class=\"Texto_Justificado\"><del><strong>\u00a7 5\u00ba<\/strong>\u00a0\u2013 O PCA dever\u00e1 ser formalmente aprovado pela autoridade competente da U.O. sob sua responsabilidade.<\/del><\/p><p class=\"Texto_Justificado\"><del><strong>Art. 4\u00ba\u00a0<\/strong>\u2013\u00a0As despesas constantes do PCA do \u00f3rg\u00e3o ou entidade dever\u00e3o estar agrupadas por A\u00e7\u00e3o Or\u00e7ament\u00e1ria, Fonte de Recursos e Subelemento de Despesa, de modo a identificar a dota\u00e7\u00e3o a ser comprometida e permitir a verifica\u00e7\u00e3o da exist\u00eancia de saldo or\u00e7ament\u00e1rio para seu atendimento.<\/del><\/p><p class=\"Texto_Justificado\"><del><strong>Par\u00e1grafo \u00danico<\/strong>\u00a0\u2013 As despesas mencionadas no caput deste artigo correspondem ao total do exerc\u00edcio, incluindo as novas contrata\u00e7\u00f5es a serem realizadas e as contrata\u00e7\u00f5es j\u00e1 ativas e em continuidade, como os casos de entrega parcelada do objeto e altera\u00e7\u00f5es de valor e de vig\u00eancia (prorroga\u00e7\u00e3o) dos contratos em andamento.<\/del><\/p><p class=\"Texto_Justificado\"><del><strong>Art. 5\u00ba<\/strong>\u00a0\u2013 Constar\u00e3o do PCA as contrata\u00e7\u00f5es de materiais, servi\u00e7os e obras realizadas no \u00e2mbito do \u00d3rg\u00e3o Setorial, compreendendo os elementos de despesa e respectivos c\u00f3digos abaixo indicados:<\/del><\/p><p class=\"Texto_Justificado\"><del><strong>I\u00a0<\/strong>\u2013 Material de Consumo (30);<\/del><\/p><p class=\"Texto_Justificado\"><del><strong>II<\/strong>\u00a0\u2013 Premia\u00e7\u00f5es Culturais, Art\u00edsticas, Cient\u00edficas, Desportivas e Outras (31);<\/del><\/p><p class=\"Texto_Justificado\"><del><strong>III<\/strong>\u00a0\u2013 Material, Bem ou Servi\u00e7o para Distribui\u00e7\u00e3o Gratuita (32);<\/del><\/p><p class=\"Texto_Justificado\"><del><strong>IV<\/strong>\u00a0\u2013 Passagens e Despesas com Locomo\u00e7\u00e3o (33);<\/del><\/p><p class=\"Texto_Justificado\"><del><strong>V<\/strong>\u00a0\u2013 Outras Despesas de Pessoal decorrentes de Contratos de Terceiriza\u00e7\u00e3o (34);<\/del><\/p><p class=\"Texto_Justificado\"><del><strong>VI<\/strong>\u00a0\u2013 Servi\u00e7os de Consultoria (35);<\/del><\/p><p class=\"Texto_Justificado\"><del><strong>VII<\/strong>\u00a0\u2013 Outros Servi\u00e7os de Terceiros \u2013 Pessoa F\u00edsica (36);<\/del><\/p><p class=\"Texto_Justificado\"><del><strong>VIII<\/strong>\u00a0\u2013 Loca\u00e7\u00e3o de M\u00e3o de Obra (37);<\/del><\/p><p class=\"Texto_Justificado\"><del><strong>IX<\/strong>\u00a0\u2013 Arrendamento Mercantil (38);<\/del><\/p><p class=\"Texto_Justificado\"><del><strong>X<\/strong>\u00a0\u2013 Outros Servi\u00e7os de Terceiros \u2013 Pessoa Jur\u00eddica (39).<\/del><\/p><p class=\"Texto_Justificado\"><del><strong>XI<\/strong>\u00a0\u2013 Servi\u00e7os de Tecnologia da Informa\u00e7\u00e3o e Comunica\u00e7\u00e3o \u2013 Pessoa Jur\u00eddica (40).<\/del><\/p><p class=\"Texto_Justificado\"><del><strong>XII<\/strong>\u00a0\u2013 Obras e Instala\u00e7\u00f5es (51); e<\/del><\/p><p class=\"Texto_Justificado\"><del><strong>XIII\u00a0<\/strong>\u2013 Equipamentos e Material Permanente (52).<\/del><\/p><p class=\"Texto_Justificado\"><del><strong>\u00a7 1\u00ba\u00a0<\/strong>\u2013 Ser\u00e3o registradas no PCA somente as despesas realizadas nas modalidades Aplica\u00e7\u00e3o Direta (90) e Aplica\u00e7\u00e3o Direta Decorrente de Opera\u00e7\u00e3o entre \u00d3rg\u00e3os (91).<\/del><\/p><p class=\"Texto_Justificado\"><del><strong>\u00a7 2\u00ba\u00a0<\/strong>\u2013 Dever\u00e3o ser inclu\u00eddas no PCA todas as contrata\u00e7\u00f5es mencionadas no caput deste artigo, contemplando aquelas realizadas sob o enquadramento da Lei Federal n\u00ba 8.666, de 21 de junho de 1993, da Lei n.\u00ba 10.520, de 17 de julho de 2002, da Lei Federal n\u00ba 14.133, de 1\u00ba de abril de 2021, e demais legisla\u00e7\u00f5es e normatiza\u00e7\u00f5es referentes a contrata\u00e7\u00f5es p\u00fablicas vigentes.<\/del><\/p><p class=\"Texto_Justificado\"><del><strong>\u00a7 3\u00ba \u2013<\/strong>\u00a0Ficam dispensadas de registro no PCA:<\/del><\/p><p class=\"Texto_Justificado\"><del>a) as informa\u00e7\u00f5es classificadas como sigilosas, nos termos do disposto na Lei n\u00ba 12.527, de 18 de novembro de 2011, e no Decreto n.\u00ba 46.475, de 25 de outubro de 2018, ou abrangidas pelas demais hip\u00f3teses legais de sigilo; e<\/del><\/p><p class=\"Texto_Justificado\"><del>b) as despesas realizadas mediante o regime de adiantamento, nos termos do disposto no art. 103 da Lei Estadual n\u00ba 287, de 04 de dezembro de 1979.<\/del><\/p><p class=\"Texto_Justificado\"><del><strong>\u00a7 4\u00ba \u2013\u00a0<\/strong>As contrata\u00e7\u00f5es que n\u00e3o impliquem em despesa a ser empenhada n\u00e3o constar\u00e3o do PCA.<\/del><\/p><p class=\"Texto_Justificado\"><del><strong>\u00a7 5\u00ba \u2013\u00a0<\/strong>A rela\u00e7\u00e3o de elementos de despesa\u00a0disposta no caput deste artigo\u00a0poder\u00e1 ser atualizada, mediante edi\u00e7\u00e3o de ato pr\u00f3prio da Subsecretaria de Log\u00edstica \u2013 SUBLOG.<\/del><\/p><p class=\"Texto_Justificado\"><del><strong>Art. 6\u00ba\u00a0<\/strong>\u2013\u00a0O lan\u00e7amento das despesas no PCA ser\u00e1 detalhado considerando a\u00a0<strong>classe<\/strong>\u00a0e\/ou\u00a0<strong>grupo<\/strong>\u00a0dos objetos a serem contratados conforme a classifica\u00e7\u00e3o dos sistemas de cataloga\u00e7\u00e3o de material, de servi\u00e7os ou de obras a ser utilizado.<\/del><\/p><p class=\"Texto_Justificado\"><del><strong>Par\u00e1grafo \u00danico \u2013<\/strong>\u00a0Fica facultado ao \u00d3rg\u00e3o Setorial, previamente \u00e0 elabora\u00e7\u00e3o do PCA, organizar uma rela\u00e7\u00e3o detalhando as contrata\u00e7\u00f5es previstas em n\u00edvel de\u00a0<strong>item<\/strong>\u00a0de material ou de servi\u00e7o, de modo que o somat\u00f3rio dos valores dos Itens por Classe permitir\u00e1 o adequado dimensionamento de suas despesas, evitando que constem no PCA despesas cujos valores estejam incompat\u00edveis com os limites das dota\u00e7\u00f5es or\u00e7ament\u00e1rias.<\/del><\/p><p class=\"Texto_Justificado\"><del><strong>Art. 7\u00ba \u2013\u00a0<\/strong>Ap\u00f3s conclu\u00eddas as etapas de lan\u00e7amento das despesas do PCA\/POD no SIPLAG e de an\u00e1lise e conclus\u00e3o dos dados pela Subsecretaria de Planejamento e Or\u00e7amento \u2013 SUBPLO, ser\u00e1 encaminhado \u00e0 Subsecretaria de Log\u00edstica &#8211; SUBLOG o arquivo eletr\u00f4nico contendo as informa\u00e7\u00f5es referentes ao PCA dos \u00d3rg\u00e3os Setoriais, segregadas por U.O., para publica\u00e7\u00e3o das informa\u00e7\u00f5es no Portal de Compras P\u00fablicas do Governo do Estado do Rio de Janeiro, encerrando a etapa de elabora\u00e7\u00e3o do PCA do exerc\u00edcio.<\/del><\/p><p class=\"Texto_Justificado\"><del><strong>Art. 8\u00ba \u2013\u00a0<\/strong>O replanejamento das contrata\u00e7\u00f5es previstas no PCA, caso necess\u00e1rio, poder\u00e1 ser realizado a partir do m\u00eas de outubro do exerc\u00edcio de sua elabora\u00e7\u00e3o, at\u00e9 o encerramento do exerc\u00edcio seguinte, visando o atendimento de necessidades n\u00e3o contempladas inicialmente, bem como ajustes em raz\u00e3o de eventuais modifica\u00e7\u00f5es nos valores das dota\u00e7\u00f5es or\u00e7ament\u00e1rias inicialmente previstas.<\/del><\/p><p class=\"Texto_Justificado\"><del><strong>\u00a7 1\u00ba \u2013\u00a0<\/strong>O \u00d3rg\u00e3o Setorial dever\u00e1 promover a atualiza\u00e7\u00e3o do PCA sempre que houver modifica\u00e7\u00e3o or\u00e7ament\u00e1ria que impacte o planejamento das contrata\u00e7\u00f5es cujos objetos sejam os previstos nesta resolu\u00e7\u00e3o, em especial quando da libera\u00e7\u00e3o inicial do Or\u00e7amento do exerc\u00edcio, observando os eventuais contingenciamentos das dota\u00e7\u00f5es.<\/del><\/p><p class=\"Texto_Justificado\"><del><strong>\u00a7 2\u00ba\u00a0\u2013<\/strong>\u00a0A inclus\u00e3o de novas despesas no PCA somente ser\u00e1 poss\u00edvel se houver a respectiva compensa\u00e7\u00e3o or\u00e7ament\u00e1ria por meio de redu\u00e7\u00e3o de despesas de contrata\u00e7\u00e3o no valor equivalente, ou em casos de suplementa\u00e7\u00e3o do or\u00e7amento, de modo a sempre se manter o equil\u00edbrio entre as despesas previstas e as dota\u00e7\u00f5es dispon\u00edveis.<\/del><\/p><p class=\"Texto_Justificado\"><del><strong>Art. 9\u00ba \u2013<\/strong>\u00a0A atualiza\u00e7\u00e3o do PCA dever\u00e1 ser solicitada por meio de of\u00edcio assinado pela autoridade competente da U.O. \u00e0 Subsecretaria de Log\u00edstica \u2013 SUBLOG\/SEPLAG, contendo justificava da necessidade de modifica\u00e7\u00e3o e acompanhado da nova vers\u00e3o completa da planilha do PCA a ser atualizada no Portal de Compras.<\/del><\/p><p class=\"Texto_Justificado\"><del><strong>\u00a7 1\u00ba \u2013\u00a0<\/strong>O of\u00edcio mencionado no\u00a0<em>caput<\/em>\u00a0deste artigo dever\u00e1 conter declara\u00e7\u00e3o de que as despesas atualizadas do PCA est\u00e3o compat\u00edveis com a dota\u00e7\u00e3o or\u00e7ament\u00e1ria total dispon\u00edvel na U.O.<\/del><\/p><p class=\"Texto_Justificado\"><del><strong>\u00a7 2\u00ba \u2013\u00a0<\/strong>Dever\u00e1 ser utilizado o Modelo de Planilha de Atualiza\u00e7\u00e3o do PCA, constante do Portal de Compras P\u00fablicas do Governo do Estado do Rio de Janeiro, o qual dever\u00e1 ser enviado em formato .xls ou .xlsx, sem altera\u00e7\u00f5es em sua estrutura.<\/del><\/p><p class=\"Texto_Justificado\"><del><strong>\u00a7 3\u00ba \u2013\u00a0<\/strong>Todas as solicita\u00e7\u00f5es de atualiza\u00e7\u00e3o do PCA do \u00d3rg\u00e3o Setorial, referentes ao mesmo exerc\u00edcio, dever\u00e3o ser inclu\u00eddas em um \u00fanico processo SEI, cujo t\u00edtulo da especifica\u00e7\u00e3o ser\u00e1 no formato \u201cAtualiza\u00e7\u00e3o do PCA \u2013 Exerc\u00edcio 20xx \u2013 [sigla do \u00d3rg\u00e3o]\u201d.<\/del><\/p><p class=\"Texto_Justificado\"><del><strong>\u00a7 4\u00ba \u2013\u00a0<\/strong>A autoridade competente poder\u00e1 delegar ao Gestor Setorial da REDELOG a responsabilidade de solicitar, por meio de of\u00edcio, as atualiza\u00e7\u00f5es do PCA.<\/del><\/p><p class=\"Texto_Justificado\"><del><strong>Art. 10\u00a0<\/strong>\u2013\u00a0Esta Resolu\u00e7\u00e3o entrar\u00e1 em vigor na data de sua publica\u00e7\u00e3o, ficando revogada a Resolu\u00e7\u00e3o SEPLAG n\u00ba 60, de 24 de junho de 2021, bem como as disposi\u00e7\u00f5es em contr\u00e1rio.<\/del><\/p><p class=\"Texto_Centralizado\" style=\"text-align: center;\"><del>Rio de Janeiro, \u00a028\u00a0 de\u00a0abril de 2022<\/del><\/p><p class=\"Texto_Centralizado\" style=\"text-align: center;\"><del><strong>NELSON ROCHA<\/strong><\/del><br \/><del>Secret\u00e1rio de Estado de Planejamento e Gest\u00e3o<\/del><\/p>\t\t\t\t\t\t\t\t<\/div>\n\t\t\t\t\t<\/div>\n\t\t<\/div>\n\t\t\t\t\t<\/div>\n\t\t<\/section>\n\t\t\t\t<section class=\"elementor-section elementor-top-section elementor-element elementor-element-7fbcaf3 elementor-section-boxed elementor-section-height-default elementor-section-height-default\" data-id=\"7fbcaf3\" data-element_type=\"section\" data-settings=\"{&quot;jet_parallax_layout_list&quot;:[{&quot;jet_parallax_layout_image&quot;:{&quot;url&quot;:&quot;&quot;,&quot;id&quot;:&quot;&quot;,&quot;size&quot;:&quot;&quot;},&quot;_id&quot;:&quot;04dd098&quot;,&quot;jet_parallax_layout_image_tablet&quot;:{&quot;url&quot;:&quot;&quot;,&quot;id&quot;:&quot;&quot;,&quot;size&quot;:&quot;&quot;},&quot;jet_parallax_layout_image_mobile&quot;:{&quot;url&quot;:&quot;&quot;,&quot;id&quot;:&quot;&quot;,&quot;size&quot;:&quot;&quot;},&quot;jet_parallax_layout_speed&quot;:{&quot;unit&quot;:&quot;%&quot;,&quot;size&quot;:50,&quot;sizes&quot;:[]},&quot;jet_parallax_layout_type&quot;:&quot;scroll&quot;,&quot;jet_parallax_layout_direction&quot;:&quot;1&quot;,&quot;jet_parallax_layout_fx_direction&quot;:null,&quot;jet_parallax_layout_z_index&quot;:&quot;&quot;,&quot;jet_parallax_layout_bg_x&quot;:50,&quot;jet_parallax_layout_bg_x_tablet&quot;:&quot;&quot;,&quot;jet_parallax_layout_bg_x_mobile&quot;:&quot;&quot;,&quot;jet_parallax_layout_bg_y&quot;:50,&quot;jet_parallax_layout_bg_y_tablet&quot;:&quot;&quot;,&quot;jet_parallax_layout_bg_y_mobile&quot;:&quot;&quot;,&quot;jet_parallax_layout_bg_size&quot;:&quot;auto&quot;,&quot;jet_parallax_layout_bg_size_tablet&quot;:&quot;&quot;,&quot;jet_parallax_layout_bg_size_mobile&quot;:&quot;&quot;,&quot;jet_parallax_layout_animation_prop&quot;:&quot;transform&quot;,&quot;jet_parallax_layout_on&quot;:[&quot;desktop&quot;,&quot;tablet&quot;]}]}\">\n\t\t\t\t\t\t<div class=\"elementor-container elementor-column-gap-default\">\n\t\t\t\t\t<div class=\"elementor-column elementor-col-100 elementor-top-column elementor-element elementor-element-ee2b807\" data-id=\"ee2b807\" data-element_type=\"column\">\n\t\t\t<div class=\"elementor-widget-wrap elementor-element-populated\">\n\t\t\t\t\t\t<div class=\"elementor-element elementor-element-151adb0 elementor-widget elementor-widget-text-editor\" data-id=\"151adb0\" data-element_type=\"widget\" data-widget_type=\"text-editor.default\">\n\t\t\t\t\t\t\t\t\t<p><em>Publicada no DOE em <a href=\"https:\/\/www.redelog.rj.gov.br\/redelog\/wp-content\/uploads\/2022\/05\/Resolucao-SEPLAG-no-122-2022-Plano-de-Contratacoes-Anual-PCA.pdf\" target=\"_blank\" rel=\"noopener\"><b>04\/05\/2022<\/b><\/a>.<\/em><\/p><p><em>Revogada pelo Decreto n\u00ba <strong><a href=\"https:\/\/leisestaduais.com.br\/rj\/decreto-n-48760-2023-rio-de-janeiro-implementa-o-plano-de-contratacoes-anual-pca-e-institui-o-sistema-pca-rj-no-ambito-da-administracao-publica-estadual-direta-autarquica-e-fundacional?q=48.760&amp;origin=instituicao#\">48.760, de 23 de outubro de 2023<\/a><\/strong>, publicado no DOE em <a href=\"https:\/\/www.redelog.rj.gov.br\/redelog\/wp-content\/uploads\/2024\/02\/Decreto-no-48.760-Implementa-o-PCA-e-Institui-o-Sistema-PCA-1.pdf\"><strong>24\/10\/2023<\/strong><\/a>.<\/em><\/p>\t\t\t\t\t\t\t\t<\/div>\n\t\t\t\t\t<\/div>\n\t\t<\/div>\n\t\t\t\t\t<\/div>\n\t\t<\/section>\n\t\t\t\t<section class=\"elementor-section elementor-top-section elementor-element elementor-element-a341eae elementor-section-boxed elementor-section-height-default elementor-section-height-default\" data-id=\"a341eae\" data-element_type=\"section\" data-settings=\"{&quot;jet_parallax_layout_list&quot;:[{&quot;jet_parallax_layout_image&quot;:{&quot;url&quot;:&quot;&quot;,&quot;id&quot;:&quot;&quot;,&quot;size&quot;:&quot;&quot;},&quot;_id&quot;:&quot;ab030fc&quot;,&quot;jet_parallax_layout_image_tablet&quot;:{&quot;url&quot;:&quot;&quot;,&quot;id&quot;:&quot;&quot;,&quot;size&quot;:&quot;&quot;},&quot;jet_parallax_layout_image_mobile&quot;:{&quot;url&quot;:&quot;&quot;,&quot;id&quot;:&quot;&quot;,&quot;size&quot;:&quot;&quot;},&quot;jet_parallax_layout_speed&quot;:{&quot;unit&quot;:&quot;%&quot;,&quot;size&quot;:50,&quot;sizes&quot;:[]},&quot;jet_parallax_layout_type&quot;:&quot;scroll&quot;,&quot;jet_parallax_layout_direction&quot;:&quot;1&quot;,&quot;jet_parallax_layout_fx_direction&quot;:null,&quot;jet_parallax_layout_z_index&quot;:&quot;&quot;,&quot;jet_parallax_layout_bg_x&quot;:50,&quot;jet_parallax_layout_bg_x_tablet&quot;:&quot;&quot;,&quot;jet_parallax_layout_bg_x_mobile&quot;:&quot;&quot;,&quot;jet_parallax_layout_bg_y&quot;:50,&quot;jet_parallax_layout_bg_y_tablet&quot;:&quot;&quot;,&quot;jet_parallax_layout_bg_y_mobile&quot;:&quot;&quot;,&quot;jet_parallax_layout_bg_size&quot;:&quot;auto&quot;,&quot;jet_parallax_layout_bg_size_tablet&quot;:&quot;&quot;,&quot;jet_parallax_layout_bg_size_mobile&quot;:&quot;&quot;,&quot;jet_parallax_layout_animation_prop&quot;:&quot;transform&quot;,&quot;jet_parallax_layout_on&quot;:[&quot;desktop&quot;,&quot;tablet&quot;]}]}\">\n\t\t\t\t\t\t<div class=\"elementor-container elementor-column-gap-default\">\n\t\t\t\t\t<div class=\"elementor-column elementor-col-100 elementor-top-column elementor-element elementor-element-aee376c\" data-id=\"aee376c\" data-element_type=\"column\">\n\t\t\t<div class=\"elementor-widget-wrap elementor-element-populated\">\n\t\t\t\t\t\t<div class=\"elementor-element elementor-element-c749f79 elementor-widget-divider--view-line elementor-widget elementor-widget-divider\" data-id=\"c749f79\" data-element_type=\"widget\" data-widget_type=\"divider.default\">\n\t\t\t\t\t\t\t<div class=\"elementor-divider\">\n\t\t\t<span class=\"elementor-divider-separator\">\n\t\t\t\t\t\t<\/span>\n\t\t<\/div>\n\t\t\t\t\t\t<\/div>\n\t\t\t\t\t<\/div>\n\t\t<\/div>\n\t\t\t\t\t<\/div>\n\t\t<\/section>\n\t\t\t\t<section class=\"elementor-section elementor-top-section elementor-element elementor-element-752deee elementor-section-boxed elementor-section-height-default elementor-section-height-default\" data-id=\"752deee\" data-element_type=\"section\" id=\"options\" data-settings=\"{&quot;jet_parallax_layout_list&quot;:[{&quot;jet_parallax_layout_image&quot;:{&quot;url&quot;:&quot;&quot;,&quot;id&quot;:&quot;&quot;,&quot;size&quot;:&quot;&quot;},&quot;_id&quot;:&quot;19d7213&quot;,&quot;jet_parallax_layout_image_tablet&quot;:{&quot;url&quot;:&quot;&quot;,&quot;id&quot;:&quot;&quot;,&quot;size&quot;:&quot;&quot;},&quot;jet_parallax_layout_image_mobile&quot;:{&quot;url&quot;:&quot;&quot;,&quot;id&quot;:&quot;&quot;,&quot;size&quot;:&quot;&quot;},&quot;jet_parallax_layout_speed&quot;:{&quot;unit&quot;:&quot;%&quot;,&quot;size&quot;:50,&quot;sizes&quot;:[]},&quot;jet_parallax_layout_type&quot;:&quot;scroll&quot;,&quot;jet_parallax_layout_direction&quot;:&quot;1&quot;,&quot;jet_parallax_layout_fx_direction&quot;:null,&quot;jet_parallax_layout_z_index&quot;:&quot;&quot;,&quot;jet_parallax_layout_bg_x&quot;:50,&quot;jet_parallax_layout_bg_x_tablet&quot;:&quot;&quot;,&quot;jet_parallax_layout_bg_x_mobile&quot;:&quot;&quot;,&quot;jet_parallax_layout_bg_y&quot;:50,&quot;jet_parallax_layout_bg_y_tablet&quot;:&quot;&quot;,&quot;jet_parallax_layout_bg_y_mobile&quot;:&quot;&quot;,&quot;jet_parallax_layout_bg_size&quot;:&quot;auto&quot;,&quot;jet_parallax_layout_bg_size_tablet&quot;:&quot;&quot;,&quot;jet_parallax_layout_bg_size_mobile&quot;:&quot;&quot;,&quot;jet_parallax_layout_animation_prop&quot;:&quot;transform&quot;,&quot;jet_parallax_layout_on&quot;:[&quot;desktop&quot;,&quot;tablet&quot;]}]}\">\n\t\t\t\t\t\t<div class=\"elementor-container elementor-column-gap-default\">\n\t\t\t\t\t<div class=\"elementor-column elementor-col-100 elementor-top-column elementor-element elementor-element-f0f0a2d\" data-id=\"f0f0a2d\" data-element_type=\"column\">\n\t\t\t<div class=\"elementor-widget-wrap elementor-element-populated\">\n\t\t\t\t\t\t<div class=\"elementor-element elementor-element-af3f6c5 elementor-widget elementor-widget-shortcode\" data-id=\"af3f6c5\" data-element_type=\"widget\" data-widget_type=\"shortcode.default\">\n\t\t\t\t\t\t\t<div class=\"elementor-shortcode\"><div class='printomatic pom-default ' id='id6689' alt='Imprimir' title='Imprimir' data-print_target='#post-9285'><\/div> <div class='printomatictext' id='id6689' alt='Imprimir' title='Imprimir' data-print_target='#post-9285'>Imprimir<\/div><div style='clear: both;'><\/div><\/div>\n\t\t\t\t\t\t<\/div>\n\t\t\t\t<section class=\"elementor-section elementor-inner-section elementor-element elementor-element-e7610b6 elementor-section-boxed elementor-section-height-default elementor-section-height-default\" data-id=\"e7610b6\" data-element_type=\"section\" data-settings=\"{&quot;jet_parallax_layout_list&quot;:[{&quot;jet_parallax_layout_image&quot;:{&quot;url&quot;:&quot;&quot;,&quot;id&quot;:&quot;&quot;,&quot;size&quot;:&quot;&quot;},&quot;_id&quot;:&quot;ccec7d1&quot;,&quot;jet_parallax_layout_image_tablet&quot;:{&quot;url&quot;:&quot;&quot;,&quot;id&quot;:&quot;&quot;,&quot;size&quot;:&quot;&quot;},&quot;jet_parallax_layout_image_mobile&quot;:{&quot;url&quot;:&quot;&quot;,&quot;id&quot;:&quot;&quot;,&quot;size&quot;:&quot;&quot;},&quot;jet_parallax_layout_speed&quot;:{&quot;unit&quot;:&quot;%&quot;,&quot;size&quot;:50,&quot;sizes&quot;:[]},&quot;jet_parallax_layout_type&quot;:&quot;scroll&quot;,&quot;jet_parallax_layout_direction&quot;:&quot;1&quot;,&quot;jet_parallax_layout_fx_direction&quot;:null,&quot;jet_parallax_layout_z_index&quot;:&quot;&quot;,&quot;jet_parallax_layout_bg_x&quot;:50,&quot;jet_parallax_layout_bg_x_tablet&quot;:&quot;&quot;,&quot;jet_parallax_layout_bg_x_mobile&quot;:&quot;&quot;,&quot;jet_parallax_layout_bg_y&quot;:50,&quot;jet_parallax_layout_bg_y_tablet&quot;:&quot;&quot;,&quot;jet_parallax_layout_bg_y_mobile&quot;:&quot;&quot;,&quot;jet_parallax_layout_bg_size&quot;:&quot;auto&quot;,&quot;jet_parallax_layout_bg_size_tablet&quot;:&quot;&quot;,&quot;jet_parallax_layout_bg_size_mobile&quot;:&quot;&quot;,&quot;jet_parallax_layout_animation_prop&quot;:&quot;transform&quot;,&quot;jet_parallax_layout_on&quot;:[&quot;desktop&quot;,&quot;tablet&quot;]}]}\">\n\t\t\t\t\t\t<div class=\"elementor-container elementor-column-gap-default\">\n\t\t\t\t\t<div class=\"elementor-column elementor-col-50 elementor-inner-column elementor-element elementor-element-a8a53ac\" data-id=\"a8a53ac\" data-element_type=\"column\">\n\t\t\t<div class=\"elementor-widget-wrap elementor-element-populated\">\n\t\t\t\t\t\t<div class=\"elementor-element elementor-element-ff68e56 elementor-widget elementor-widget-text-editor\" data-id=\"ff68e56\" data-element_type=\"widget\" data-widget_type=\"text-editor.default\">\n\t\t\t\t\t\t\t\t\t<p><strong><a href=\"http:\/\/redelog.rj.gov.br\/redelog\/legislacao-licitacoes\/\">\u2190 Voltar &#8211; Licita\u00e7\u00f5es<\/a><\/strong><\/p>\t\t\t\t\t\t\t\t<\/div>\n\t\t\t\t\t<\/div>\n\t\t<\/div>\n\t\t\t\t<div class=\"elementor-column elementor-col-50 elementor-inner-column elementor-element elementor-element-cdbba73\" data-id=\"cdbba73\" data-element_type=\"column\">\n\t\t\t<div class=\"elementor-widget-wrap elementor-element-populated\">\n\t\t\t\t\t\t\t<\/div>\n\t\t<\/div>\n\t\t\t\t\t<\/div>\n\t\t<\/section>\n\t\t\t\t\t<\/div>\n\t\t<\/div>\n\t\t\t\t\t<\/div>\n\t\t<\/section>\n\t\t\t\t<section class=\"elementor-section elementor-top-section elementor-element elementor-element-c9052c6 elementor-section-boxed elementor-section-height-default elementor-section-height-default\" data-id=\"c9052c6\" data-element_type=\"section\" data-settings=\"{&quot;jet_parallax_layout_list&quot;:[{&quot;jet_parallax_layout_image&quot;:{&quot;url&quot;:&quot;&quot;,&quot;id&quot;:&quot;&quot;,&quot;size&quot;:&quot;&quot;},&quot;_id&quot;:&quot;22a0abb&quot;,&quot;jet_parallax_layout_image_tablet&quot;:{&quot;url&quot;:&quot;&quot;,&quot;id&quot;:&quot;&quot;,&quot;size&quot;:&quot;&quot;},&quot;jet_parallax_layout_image_mobile&quot;:{&quot;url&quot;:&quot;&quot;,&quot;id&quot;:&quot;&quot;,&quot;size&quot;:&quot;&quot;},&quot;jet_parallax_layout_speed&quot;:{&quot;unit&quot;:&quot;%&quot;,&quot;size&quot;:50,&quot;sizes&quot;:[]},&quot;jet_parallax_layout_type&quot;:&quot;scroll&quot;,&quot;jet_parallax_layout_direction&quot;:&quot;1&quot;,&quot;jet_parallax_layout_fx_direction&quot;:null,&quot;jet_parallax_layout_z_index&quot;:&quot;&quot;,&quot;jet_parallax_layout_bg_x&quot;:50,&quot;jet_parallax_layout_bg_x_tablet&quot;:&quot;&quot;,&quot;jet_parallax_layout_bg_x_mobile&quot;:&quot;&quot;,&quot;jet_parallax_layout_bg_y&quot;:50,&quot;jet_parallax_layout_bg_y_tablet&quot;:&quot;&quot;,&quot;jet_parallax_layout_bg_y_mobile&quot;:&quot;&quot;,&quot;jet_parallax_layout_bg_size&quot;:&quot;auto&quot;,&quot;jet_parallax_layout_bg_size_tablet&quot;:&quot;&quot;,&quot;jet_parallax_layout_bg_size_mobile&quot;:&quot;&quot;,&quot;jet_parallax_layout_animation_prop&quot;:&quot;transform&quot;,&quot;jet_parallax_layout_on&quot;:[&quot;desktop&quot;,&quot;tablet&quot;]}]}\">\n\t\t\t\t\t\t<div class=\"elementor-container elementor-column-gap-default\">\n\t\t\t\t\t<div class=\"elementor-column elementor-col-100 elementor-top-column elementor-element elementor-element-02cda4d\" data-id=\"02cda4d\" data-element_type=\"column\">\n\t\t\t<div class=\"elementor-widget-wrap elementor-element-populated\">\n\t\t\t\t\t\t<div class=\"elementor-element elementor-element-22b739d elementor-widget elementor-widget-html\" data-id=\"22b739d\" data-element_type=\"widget\" data-widget_type=\"html.default\">\n\t\t\t\t\t<style>\n    h2, .h2-style{\n        font-size: 28px;\n    }\n<\/style>\t\t\t\t<\/div>\n\t\t\t\t\t<\/div>\n\t\t<\/div>\n\t\t\t\t\t<\/div>\n\t\t<\/section>\n\t\t\t\t<\/div>\n\t\t","protected":false},"excerpt":{"rendered":"<p>DISP\u00d5E SOBRE O PLANO DE CONTRATA\u00c7\u00d5ES ANUAL &#8211; PCA. O SECRET\u00c1RIO DE ESTADO DE PLANEJAMENTO E GEST\u00c3O, no uso das suas atribui\u00e7\u00f5es e tendo em vista o disposto no \u00a7 1\u00ba, do art. 3\u00ba, inciso VIII, do art. 5\u00ba e inciso II, do art. 6\u00ba, todos do Decreto Estadual n\u00ba 42.092, de 27 de outubro [&hellip;]<\/p>\n","protected":false},"author":1,"featured_media":0,"comment_status":"closed","ping_status":"open","sticky":false,"template":"","format":"standard","meta":{"_joinchat":[],"footnotes":""},"categories":[23],"tags":[],"class_list":["post-9285","post","type-post","status-publish","format-standard","hentry","category-cat-legislacao"],"yoast_head":"<!-- This site is optimized with the Yoast SEO plugin v25.7 - https:\/\/yoast.com\/wordpress\/plugins\/seo\/ -->\n<title>RESOLU\u00c7\u00c3O SEPLAG N\u00ba 122, DE 02 DE MAIO DE 2022 - Redelog<\/title>\n<meta name=\"robots\" content=\"index, follow, max-snippet:-1, max-image-preview:large, max-video-preview:-1\" \/>\n<link rel=\"canonical\" href=\"https:\/\/redelog.rj.gov.br\/redelog\/resolucao-seplag-no-122\/\" \/>\n<meta property=\"og:locale\" content=\"pt_BR\" \/>\n<meta property=\"og:type\" content=\"article\" \/>\n<meta property=\"og:title\" content=\"RESOLU\u00c7\u00c3O SEPLAG N\u00ba 122, DE 02 DE MAIO DE 2022 - Redelog\" \/>\n<meta property=\"og:description\" content=\"DISP\u00d5E SOBRE O PLANO DE CONTRATA\u00c7\u00d5ES ANUAL &#8211; PCA. O SECRET\u00c1RIO DE ESTADO DE PLANEJAMENTO E GEST\u00c3O, no uso das suas atribui\u00e7\u00f5es e tendo em vista o disposto no \u00a7 1\u00ba, do art. 3\u00ba, inciso VIII, do art. 5\u00ba e inciso II, do art. 6\u00ba, todos do Decreto Estadual n\u00ba 42.092, de 27 de outubro [&hellip;]\" \/>\n<meta property=\"og:url\" content=\"https:\/\/redelog.rj.gov.br\/redelog\/resolucao-seplag-no-122\/\" \/>\n<meta property=\"og:site_name\" content=\"Redelog\" \/>\n<meta property=\"article:published_time\" content=\"2022-01-13T16:55:20+00:00\" \/>\n<meta property=\"article:modified_time\" content=\"2024-02-16T18:25:55+00:00\" \/>\n<meta name=\"author\" content=\"alheiro\" \/>\n<meta name=\"twitter:card\" content=\"summary_large_image\" \/>\n<meta name=\"twitter:label1\" content=\"Escrito por\" \/>\n\t<meta name=\"twitter:data1\" content=\"alheiro\" \/>\n\t<meta name=\"twitter:label2\" content=\"Est. tempo de leitura\" \/>\n\t<meta name=\"twitter:data2\" content=\"6 minutos\" \/>\n<script type=\"application\/ld+json\" class=\"yoast-schema-graph\">{\"@context\":\"https:\/\/schema.org\",\"@graph\":[{\"@type\":\"Article\",\"@id\":\"https:\/\/redelog.rj.gov.br\/redelog\/resolucao-seplag-no-122\/#article\",\"isPartOf\":{\"@id\":\"https:\/\/redelog.rj.gov.br\/redelog\/resolucao-seplag-no-122\/\"},\"author\":{\"name\":\"alheiro\",\"@id\":\"https:\/\/redelog.rj.gov.br\/redelog\/#\/schema\/person\/1299ae2b7bfb510dd74c28ed239470fb\"},\"headline\":\"RESOLU\u00c7\u00c3O SEPLAG N\u00ba 122, DE 02 DE MAIO DE 2022\",\"datePublished\":\"2022-01-13T16:55:20+00:00\",\"dateModified\":\"2024-02-16T18:25:55+00:00\",\"mainEntityOfPage\":{\"@id\":\"https:\/\/redelog.rj.gov.br\/redelog\/resolucao-seplag-no-122\/\"},\"wordCount\":1842,\"publisher\":{\"@id\":\"https:\/\/redelog.rj.gov.br\/redelog\/#organization\"},\"articleSection\":[\"Legisla\u00e7\u00e3o\"],\"inLanguage\":\"pt-BR\"},{\"@type\":\"WebPage\",\"@id\":\"https:\/\/redelog.rj.gov.br\/redelog\/resolucao-seplag-no-122\/\",\"url\":\"https:\/\/redelog.rj.gov.br\/redelog\/resolucao-seplag-no-122\/\",\"name\":\"RESOLU\u00c7\u00c3O SEPLAG N\u00ba 122, DE 02 DE MAIO DE 2022 - Redelog\",\"isPartOf\":{\"@id\":\"https:\/\/redelog.rj.gov.br\/redelog\/#website\"},\"datePublished\":\"2022-01-13T16:55:20+00:00\",\"dateModified\":\"2024-02-16T18:25:55+00:00\",\"breadcrumb\":{\"@id\":\"https:\/\/redelog.rj.gov.br\/redelog\/resolucao-seplag-no-122\/#breadcrumb\"},\"inLanguage\":\"pt-BR\",\"potentialAction\":[{\"@type\":\"ReadAction\",\"target\":[\"https:\/\/redelog.rj.gov.br\/redelog\/resolucao-seplag-no-122\/\"]}]},{\"@type\":\"BreadcrumbList\",\"@id\":\"https:\/\/redelog.rj.gov.br\/redelog\/resolucao-seplag-no-122\/#breadcrumb\",\"itemListElement\":[{\"@type\":\"ListItem\",\"position\":1,\"name\":\"Home\",\"item\":\"https:\/\/redelog.rj.gov.br\/redelog\/\"},{\"@type\":\"ListItem\",\"position\":2,\"name\":\"RESOLU\u00c7\u00c3O SEPLAG N\u00ba 122, DE 02 DE MAIO DE 2022\"}]},{\"@type\":\"WebSite\",\"@id\":\"https:\/\/redelog.rj.gov.br\/redelog\/#website\",\"url\":\"https:\/\/redelog.rj.gov.br\/redelog\/\",\"name\":\"Redelog\",\"description\":\"Site da Rede de Log\u00edstica e Planejamento do Estado do Rio de Janeiro\",\"publisher\":{\"@id\":\"https:\/\/redelog.rj.gov.br\/redelog\/#organization\"},\"potentialAction\":[{\"@type\":\"SearchAction\",\"target\":{\"@type\":\"EntryPoint\",\"urlTemplate\":\"https:\/\/redelog.rj.gov.br\/redelog\/?s={search_term_string}\"},\"query-input\":{\"@type\":\"PropertyValueSpecification\",\"valueRequired\":true,\"valueName\":\"search_term_string\"}}],\"inLanguage\":\"pt-BR\"},{\"@type\":\"Organization\",\"@id\":\"https:\/\/redelog.rj.gov.br\/redelog\/#organization\",\"name\":\"REDELOG\",\"url\":\"https:\/\/redelog.rj.gov.br\/redelog\/\",\"logo\":{\"@type\":\"ImageObject\",\"inLanguage\":\"pt-BR\",\"@id\":\"https:\/\/redelog.rj.gov.br\/redelog\/#\/schema\/logo\/image\/\",\"url\":\"http:\/\/10.10.8.100:8888\/redelog\/wp-content\/uploads\/2019\/09\/Redelog2.png\",\"contentUrl\":\"http:\/\/10.10.8.100:8888\/redelog\/wp-content\/uploads\/2019\/09\/Redelog2.png\",\"width\":565,\"height\":155,\"caption\":\"REDELOG\"},\"image\":{\"@id\":\"https:\/\/redelog.rj.gov.br\/redelog\/#\/schema\/logo\/image\/\"}},{\"@type\":\"Person\",\"@id\":\"https:\/\/redelog.rj.gov.br\/redelog\/#\/schema\/person\/1299ae2b7bfb510dd74c28ed239470fb\",\"name\":\"alheiro\",\"image\":{\"@type\":\"ImageObject\",\"inLanguage\":\"pt-BR\",\"@id\":\"https:\/\/redelog.rj.gov.br\/redelog\/#\/schema\/person\/image\/\",\"url\":\"https:\/\/secure.gravatar.com\/avatar\/682da79d56fd06a1a63ccaa75b42ffe0c9b0609a62bc395d810f23f98140dcae?s=96&d=mm&r=g\",\"contentUrl\":\"https:\/\/secure.gravatar.com\/avatar\/682da79d56fd06a1a63ccaa75b42ffe0c9b0609a62bc395d810f23f98140dcae?s=96&d=mm&r=g\",\"caption\":\"alheiro\"},\"sameAs\":[\"http:\/\/10.9.108.118:3000\/redelog\"],\"url\":\"https:\/\/redelog.rj.gov.br\/redelog\/author\/alheiro\/\"}]}<\/script>\n<!-- \/ Yoast SEO plugin. -->","yoast_head_json":{"title":"RESOLU\u00c7\u00c3O SEPLAG N\u00ba 122, DE 02 DE MAIO DE 2022 - Redelog","robots":{"index":"index","follow":"follow","max-snippet":"max-snippet:-1","max-image-preview":"max-image-preview:large","max-video-preview":"max-video-preview:-1"},"canonical":"https:\/\/redelog.rj.gov.br\/redelog\/resolucao-seplag-no-122\/","og_locale":"pt_BR","og_type":"article","og_title":"RESOLU\u00c7\u00c3O SEPLAG N\u00ba 122, DE 02 DE MAIO DE 2022 - Redelog","og_description":"DISP\u00d5E SOBRE O PLANO DE CONTRATA\u00c7\u00d5ES ANUAL &#8211; PCA. O SECRET\u00c1RIO DE ESTADO DE PLANEJAMENTO E GEST\u00c3O, no uso das suas atribui\u00e7\u00f5es e tendo em vista o disposto no \u00a7 1\u00ba, do art. 3\u00ba, inciso VIII, do art. 5\u00ba e inciso II, do art. 6\u00ba, todos do Decreto Estadual n\u00ba 42.092, de 27 de outubro [&hellip;]","og_url":"https:\/\/redelog.rj.gov.br\/redelog\/resolucao-seplag-no-122\/","og_site_name":"Redelog","article_published_time":"2022-01-13T16:55:20+00:00","article_modified_time":"2024-02-16T18:25:55+00:00","author":"alheiro","twitter_card":"summary_large_image","twitter_misc":{"Escrito por":"alheiro","Est. tempo de leitura":"6 minutos"},"schema":{"@context":"https:\/\/schema.org","@graph":[{"@type":"Article","@id":"https:\/\/redelog.rj.gov.br\/redelog\/resolucao-seplag-no-122\/#article","isPartOf":{"@id":"https:\/\/redelog.rj.gov.br\/redelog\/resolucao-seplag-no-122\/"},"author":{"name":"alheiro","@id":"https:\/\/redelog.rj.gov.br\/redelog\/#\/schema\/person\/1299ae2b7bfb510dd74c28ed239470fb"},"headline":"RESOLU\u00c7\u00c3O SEPLAG N\u00ba 122, DE 02 DE MAIO DE 2022","datePublished":"2022-01-13T16:55:20+00:00","dateModified":"2024-02-16T18:25:55+00:00","mainEntityOfPage":{"@id":"https:\/\/redelog.rj.gov.br\/redelog\/resolucao-seplag-no-122\/"},"wordCount":1842,"publisher":{"@id":"https:\/\/redelog.rj.gov.br\/redelog\/#organization"},"articleSection":["Legisla\u00e7\u00e3o"],"inLanguage":"pt-BR"},{"@type":"WebPage","@id":"https:\/\/redelog.rj.gov.br\/redelog\/resolucao-seplag-no-122\/","url":"https:\/\/redelog.rj.gov.br\/redelog\/resolucao-seplag-no-122\/","name":"RESOLU\u00c7\u00c3O SEPLAG N\u00ba 122, DE 02 DE MAIO DE 2022 - Redelog","isPartOf":{"@id":"https:\/\/redelog.rj.gov.br\/redelog\/#website"},"datePublished":"2022-01-13T16:55:20+00:00","dateModified":"2024-02-16T18:25:55+00:00","breadcrumb":{"@id":"https:\/\/redelog.rj.gov.br\/redelog\/resolucao-seplag-no-122\/#breadcrumb"},"inLanguage":"pt-BR","potentialAction":[{"@type":"ReadAction","target":["https:\/\/redelog.rj.gov.br\/redelog\/resolucao-seplag-no-122\/"]}]},{"@type":"BreadcrumbList","@id":"https:\/\/redelog.rj.gov.br\/redelog\/resolucao-seplag-no-122\/#breadcrumb","itemListElement":[{"@type":"ListItem","position":1,"name":"Home","item":"https:\/\/redelog.rj.gov.br\/redelog\/"},{"@type":"ListItem","position":2,"name":"RESOLU\u00c7\u00c3O SEPLAG N\u00ba 122, DE 02 DE MAIO DE 2022"}]},{"@type":"WebSite","@id":"https:\/\/redelog.rj.gov.br\/redelog\/#website","url":"https:\/\/redelog.rj.gov.br\/redelog\/","name":"Redelog","description":"Site da Rede de Log\u00edstica e Planejamento do Estado do Rio de Janeiro","publisher":{"@id":"https:\/\/redelog.rj.gov.br\/redelog\/#organization"},"potentialAction":[{"@type":"SearchAction","target":{"@type":"EntryPoint","urlTemplate":"https:\/\/redelog.rj.gov.br\/redelog\/?s={search_term_string}"},"query-input":{"@type":"PropertyValueSpecification","valueRequired":true,"valueName":"search_term_string"}}],"inLanguage":"pt-BR"},{"@type":"Organization","@id":"https:\/\/redelog.rj.gov.br\/redelog\/#organization","name":"REDELOG","url":"https:\/\/redelog.rj.gov.br\/redelog\/","logo":{"@type":"ImageObject","inLanguage":"pt-BR","@id":"https:\/\/redelog.rj.gov.br\/redelog\/#\/schema\/logo\/image\/","url":"http:\/\/10.10.8.100:8888\/redelog\/wp-content\/uploads\/2019\/09\/Redelog2.png","contentUrl":"http:\/\/10.10.8.100:8888\/redelog\/wp-content\/uploads\/2019\/09\/Redelog2.png","width":565,"height":155,"caption":"REDELOG"},"image":{"@id":"https:\/\/redelog.rj.gov.br\/redelog\/#\/schema\/logo\/image\/"}},{"@type":"Person","@id":"https:\/\/redelog.rj.gov.br\/redelog\/#\/schema\/person\/1299ae2b7bfb510dd74c28ed239470fb","name":"alheiro","image":{"@type":"ImageObject","inLanguage":"pt-BR","@id":"https:\/\/redelog.rj.gov.br\/redelog\/#\/schema\/person\/image\/","url":"https:\/\/secure.gravatar.com\/avatar\/682da79d56fd06a1a63ccaa75b42ffe0c9b0609a62bc395d810f23f98140dcae?s=96&d=mm&r=g","contentUrl":"https:\/\/secure.gravatar.com\/avatar\/682da79d56fd06a1a63ccaa75b42ffe0c9b0609a62bc395d810f23f98140dcae?s=96&d=mm&r=g","caption":"alheiro"},"sameAs":["http:\/\/10.9.108.118:3000\/redelog"],"url":"https:\/\/redelog.rj.gov.br\/redelog\/author\/alheiro\/"}]}},"_links":{"self":[{"href":"https:\/\/redelog.rj.gov.br\/redelog\/wp-json\/wp\/v2\/posts\/9285","targetHints":{"allow":["GET"]}}],"collection":[{"href":"https:\/\/redelog.rj.gov.br\/redelog\/wp-json\/wp\/v2\/posts"}],"about":[{"href":"https:\/\/redelog.rj.gov.br\/redelog\/wp-json\/wp\/v2\/types\/post"}],"author":[{"embeddable":true,"href":"https:\/\/redelog.rj.gov.br\/redelog\/wp-json\/wp\/v2\/users\/1"}],"replies":[{"embeddable":true,"href":"https:\/\/redelog.rj.gov.br\/redelog\/wp-json\/wp\/v2\/comments?post=9285"}],"version-history":[{"count":60,"href":"https:\/\/redelog.rj.gov.br\/redelog\/wp-json\/wp\/v2\/posts\/9285\/revisions"}],"predecessor-version":[{"id":27929,"href":"https:\/\/redelog.rj.gov.br\/redelog\/wp-json\/wp\/v2\/posts\/9285\/revisions\/27929"}],"wp:attachment":[{"href":"https:\/\/redelog.rj.gov.br\/redelog\/wp-json\/wp\/v2\/media?parent=9285"}],"wp:term":[{"taxonomy":"category","embeddable":true,"href":"https:\/\/redelog.rj.gov.br\/redelog\/wp-json\/wp\/v2\/categories?post=9285"},{"taxonomy":"post_tag","embeddable":true,"href":"https:\/\/redelog.rj.gov.br\/redelog\/wp-json\/wp\/v2\/tags?post=9285"}],"curies":[{"name":"wp","href":"https:\/\/api.w.org\/{rel}","templated":true}]}}