{"id":9253,"date":"2022-01-13T13:45:35","date_gmt":"2022-01-13T16:45:35","guid":{"rendered":"http:\/\/10.11.80.6\/redelog\/?p=9253"},"modified":"2022-09-12T12:33:36","modified_gmt":"2022-09-12T15:33:36","slug":"portaria-seplag-sublog-no-5","status":"publish","type":"post","link":"https:\/\/redelog.rj.gov.br\/redelog\/portaria-seplag-sublog-no-5\/","title":{"rendered":"PORTARIA SEPLAG\/SUBLOG N\u00ba 5, DE 09 DE AGOSTO DE 2021"},"content":{"rendered":"\t\t<div data-elementor-type=\"wp-post\" data-elementor-id=\"9253\" class=\"elementor elementor-9253\" data-elementor-post-type=\"post\">\n\t\t\t\t\t\t<section class=\"elementor-section elementor-top-section elementor-element elementor-element-bbaea4b elementor-section-boxed elementor-section-height-default elementor-section-height-default\" data-id=\"bbaea4b\" data-element_type=\"section\" data-settings=\"{&quot;jet_parallax_layout_list&quot;:[{&quot;jet_parallax_layout_image&quot;:{&quot;url&quot;:&quot;&quot;,&quot;id&quot;:&quot;&quot;,&quot;size&quot;:&quot;&quot;},&quot;_id&quot;:&quot;588961c&quot;,&quot;jet_parallax_layout_image_tablet&quot;:{&quot;url&quot;:&quot;&quot;,&quot;id&quot;:&quot;&quot;,&quot;size&quot;:&quot;&quot;},&quot;jet_parallax_layout_image_mobile&quot;:{&quot;url&quot;:&quot;&quot;,&quot;id&quot;:&quot;&quot;,&quot;size&quot;:&quot;&quot;},&quot;jet_parallax_layout_speed&quot;:{&quot;unit&quot;:&quot;%&quot;,&quot;size&quot;:50,&quot;sizes&quot;:[]},&quot;jet_parallax_layout_type&quot;:&quot;scroll&quot;,&quot;jet_parallax_layout_direction&quot;:&quot;1&quot;,&quot;jet_parallax_layout_fx_direction&quot;:null,&quot;jet_parallax_layout_z_index&quot;:&quot;&quot;,&quot;jet_parallax_layout_bg_x&quot;:50,&quot;jet_parallax_layout_bg_x_tablet&quot;:&quot;&quot;,&quot;jet_parallax_layout_bg_x_mobile&quot;:&quot;&quot;,&quot;jet_parallax_layout_bg_y&quot;:50,&quot;jet_parallax_layout_bg_y_tablet&quot;:&quot;&quot;,&quot;jet_parallax_layout_bg_y_mobile&quot;:&quot;&quot;,&quot;jet_parallax_layout_bg_size&quot;:&quot;auto&quot;,&quot;jet_parallax_layout_bg_size_tablet&quot;:&quot;&quot;,&quot;jet_parallax_layout_bg_size_mobile&quot;:&quot;&quot;,&quot;jet_parallax_layout_animation_prop&quot;:&quot;transform&quot;,&quot;jet_parallax_layout_on&quot;:[&quot;desktop&quot;,&quot;tablet&quot;]}]}\">\n\t\t\t\t\t\t<div class=\"elementor-container elementor-column-gap-default\">\n\t\t\t\t\t<div class=\"elementor-column elementor-col-100 elementor-top-column elementor-element elementor-element-6a13ed1\" data-id=\"6a13ed1\" data-element_type=\"column\">\n\t\t\t<div class=\"elementor-widget-wrap elementor-element-populated\">\n\t\t\t\t\t\t<section class=\"elementor-section elementor-inner-section elementor-element elementor-element-4f5979b elementor-section-boxed elementor-section-height-default elementor-section-height-default\" data-id=\"4f5979b\" data-element_type=\"section\" data-settings=\"{&quot;jet_parallax_layout_list&quot;:[{&quot;jet_parallax_layout_image&quot;:{&quot;url&quot;:&quot;&quot;,&quot;id&quot;:&quot;&quot;,&quot;size&quot;:&quot;&quot;},&quot;_id&quot;:&quot;209d4b2&quot;,&quot;jet_parallax_layout_image_tablet&quot;:{&quot;url&quot;:&quot;&quot;,&quot;id&quot;:&quot;&quot;,&quot;size&quot;:&quot;&quot;},&quot;jet_parallax_layout_image_mobile&quot;:{&quot;url&quot;:&quot;&quot;,&quot;id&quot;:&quot;&quot;,&quot;size&quot;:&quot;&quot;},&quot;jet_parallax_layout_speed&quot;:{&quot;unit&quot;:&quot;%&quot;,&quot;size&quot;:50,&quot;sizes&quot;:[]},&quot;jet_parallax_layout_type&quot;:&quot;scroll&quot;,&quot;jet_parallax_layout_direction&quot;:&quot;1&quot;,&quot;jet_parallax_layout_fx_direction&quot;:null,&quot;jet_parallax_layout_z_index&quot;:&quot;&quot;,&quot;jet_parallax_layout_bg_x&quot;:50,&quot;jet_parallax_layout_bg_x_tablet&quot;:&quot;&quot;,&quot;jet_parallax_layout_bg_x_mobile&quot;:&quot;&quot;,&quot;jet_parallax_layout_bg_y&quot;:50,&quot;jet_parallax_layout_bg_y_tablet&quot;:&quot;&quot;,&quot;jet_parallax_layout_bg_y_mobile&quot;:&quot;&quot;,&quot;jet_parallax_layout_bg_size&quot;:&quot;auto&quot;,&quot;jet_parallax_layout_bg_size_tablet&quot;:&quot;&quot;,&quot;jet_parallax_layout_bg_size_mobile&quot;:&quot;&quot;,&quot;jet_parallax_layout_animation_prop&quot;:&quot;transform&quot;,&quot;jet_parallax_layout_on&quot;:[&quot;desktop&quot;,&quot;tablet&quot;]}]}\">\n\t\t\t\t\t\t<div class=\"elementor-container elementor-column-gap-default\">\n\t\t\t\t\t<div class=\"elementor-column elementor-col-50 elementor-inner-column elementor-element elementor-element-cd19174\" data-id=\"cd19174\" data-element_type=\"column\">\n\t\t\t<div class=\"elementor-widget-wrap\">\n\t\t\t\t\t\t\t<\/div>\n\t\t<\/div>\n\t\t\t\t<div class=\"elementor-column elementor-col-50 elementor-inner-column elementor-element elementor-element-0b91f9c\" data-id=\"0b91f9c\" data-element_type=\"column\">\n\t\t\t<div class=\"elementor-widget-wrap elementor-element-populated\">\n\t\t\t\t\t\t<div class=\"elementor-element elementor-element-9ca20b5 elementor-widget elementor-widget-text-editor\" data-id=\"9ca20b5\" data-element_type=\"widget\" data-widget_type=\"text-editor.default\">\n\t\t\t\t\t\t\t\t\t<p style=\"text-align: justify;\"><strong><del datetime=\"2022-09-12T14:52:43+00:00\">DIVULGA A COMPOSI\u00c7\u00c3O DOS INTEGRANTES DO COMIT\u00ca T\u00c9CNICO DE GOVERNAN\u00c7A <\/del><\/strong><strong><del datetime=\"2022-09-12T14:52:43+00:00\">EM CONTRATA\u00c7\u00d5ES P\u00daBLICAS ESTABELECIDO PELO DECRETO N\u00ba 47.680, DE 12 DE<\/del> <\/strong><strong><del datetime=\"2022-09-12T14:52:43+00:00\">JULHO DE 2021.<\/del><\/strong><\/p>\t\t\t\t\t\t\t\t<\/div>\n\t\t\t\t\t<\/div>\n\t\t<\/div>\n\t\t\t\t\t<\/div>\n\t\t<\/section>\n\t\t\t\t\t<\/div>\n\t\t<\/div>\n\t\t\t\t\t<\/div>\n\t\t<\/section>\n\t\t\t\t<section class=\"elementor-section elementor-top-section elementor-element elementor-element-791d171 elementor-section-boxed elementor-section-height-default elementor-section-height-default\" data-id=\"791d171\" data-element_type=\"section\" data-settings=\"{&quot;jet_parallax_layout_list&quot;:[{&quot;jet_parallax_layout_image&quot;:{&quot;url&quot;:&quot;&quot;,&quot;id&quot;:&quot;&quot;,&quot;size&quot;:&quot;&quot;},&quot;_id&quot;:&quot;f460782&quot;,&quot;jet_parallax_layout_image_tablet&quot;:{&quot;url&quot;:&quot;&quot;,&quot;id&quot;:&quot;&quot;,&quot;size&quot;:&quot;&quot;},&quot;jet_parallax_layout_image_mobile&quot;:{&quot;url&quot;:&quot;&quot;,&quot;id&quot;:&quot;&quot;,&quot;size&quot;:&quot;&quot;},&quot;jet_parallax_layout_speed&quot;:{&quot;unit&quot;:&quot;%&quot;,&quot;size&quot;:50,&quot;sizes&quot;:[]},&quot;jet_parallax_layout_type&quot;:&quot;scroll&quot;,&quot;jet_parallax_layout_direction&quot;:&quot;1&quot;,&quot;jet_parallax_layout_fx_direction&quot;:null,&quot;jet_parallax_layout_z_index&quot;:&quot;&quot;,&quot;jet_parallax_layout_bg_x&quot;:50,&quot;jet_parallax_layout_bg_x_tablet&quot;:&quot;&quot;,&quot;jet_parallax_layout_bg_x_mobile&quot;:&quot;&quot;,&quot;jet_parallax_layout_bg_y&quot;:50,&quot;jet_parallax_layout_bg_y_tablet&quot;:&quot;&quot;,&quot;jet_parallax_layout_bg_y_mobile&quot;:&quot;&quot;,&quot;jet_parallax_layout_bg_size&quot;:&quot;auto&quot;,&quot;jet_parallax_layout_bg_size_tablet&quot;:&quot;&quot;,&quot;jet_parallax_layout_bg_size_mobile&quot;:&quot;&quot;,&quot;jet_parallax_layout_animation_prop&quot;:&quot;transform&quot;,&quot;jet_parallax_layout_on&quot;:[&quot;desktop&quot;,&quot;tablet&quot;]}]}\">\n\t\t\t\t\t\t<div class=\"elementor-container elementor-column-gap-default\">\n\t\t\t\t\t<div class=\"elementor-column elementor-col-100 elementor-top-column elementor-element elementor-element-7a6c55e\" data-id=\"7a6c55e\" data-element_type=\"column\">\n\t\t\t<div class=\"elementor-widget-wrap elementor-element-populated\">\n\t\t\t\t\t\t<div class=\"elementor-element elementor-element-6435ffd elementor-widget elementor-widget-text-editor\" data-id=\"6435ffd\" data-element_type=\"widget\" data-widget_type=\"text-editor.default\">\n\t\t\t\t\t\t\t\t\t<p><strong><del datetime=\"2022-09-12T14:52:43+00:00\">O SUBSECRET\u00c1RIO DE LOG\u00cdSTICA DA SECRETARIA DE ESTADO DE PLANEJAMENTO E GEST\u00c3O<\/del><\/strong><del datetime=\"2022-09-12T14:52:43+00:00\">, em atendimento ao disposto no artigo 6\u00ba do Decreto n\u00ba 47.680, de 12 de julho de 2021, e em conson\u00e2ncia com o Processo Administrativo n\u00ba SEI-120001\/008005\/2021,<\/del><\/p><p><strong><del datetime=\"2022-09-12T14:52:43+00:00\">RESOLVE<\/del><\/strong>:<\/p><p><strong><del datetime=\"2022-09-12T14:52:43+00:00\">Art. 1\u00ba<\/del><\/strong><del datetime=\"2022-09-12T14:52:43+00:00\"> &#8211; Ficam definidos como membros do Comit\u00ea T\u00e9cnico de Governan\u00e7a em Contrata\u00e7\u00f5es P\u00fablicas os seguintes servidores:<\/del><\/p><p><del datetime=\"2022-09-12T14:52:43+00:00\">I &#8211; da Secretaria de Estado de Planejamento e Gest\u00e3o:<\/del><\/p><p><del datetime=\"2022-09-12T14:52:43+00:00\"><del datetime=\"2022-09-12T14:52:43+00:00\">a) Alexandre de Andrade &#8211; Assessor &#8211; ID Funcional <\/del>5026184-3<\/del><\/p><p><del datetime=\"2022-09-12T14:52:43+00:00\"><del datetime=\"2022-09-12T14:52:43+00:00\">b) Helo\u00edsa Berto da Silva &#8211; Analista Executivo &#8211; ID Funcional 5018317-6<\/del><\/del><\/p><p><del datetime=\"2022-09-12T14:52:43+00:00\"><del datetime=\"2022-09-12T14:52:43+00:00\">c) Marta Sampaio de Freitas &#8211; Superintendente &#8211; ID Funcional 2555326-7 (Suplente)<\/del><\/del><\/p><p><del datetime=\"2022-09-12T14:52:43+00:00\"><del datetime=\"2022-09-12T14:52:43+00:00\">II &#8211; da Secretaria de Estado da Casa Civil &#8211; SECC:<\/del><\/del><\/p><p><del datetime=\"2022-09-12T14:52:43+00:00\"><del datetime=\"2022-09-12T14:52:43+00:00\">a) F\u00e1bio Tadeu Nicolosi Serr\u00e3o &#8211; Subsecret\u00e1rio de Administra\u00e7\u00e3o &#8211; ID <\/del><\/del><del datetime=\"2022-09-12T14:52:43+00:00\">Funcional 5113638-4<\/del><\/p><p><del datetime=\"2022-09-12T14:52:43+00:00\">b) D\u00e9bora Pe\u00e7anha Gon\u00e7alves &#8211; Superintendente de Contratos e Compras &#8211; ID Funcional 436247 (Suplente)<\/del><\/p><p><del datetime=\"2022-09-12T14:52:43+00:00\">III &#8211; da Secretaria de Estado de Pol\u00edcia Militar &#8211; SEPM:<\/del><\/p><p><del datetime=\"2022-09-12T14:52:43+00:00\">a) Eduardo Augusto Gon\u00e7alves Anjo &#8211; Diretor de Licita\u00e7\u00f5es e Projetos &#8211; ID Funcional 2213457-3<\/del><\/p><p><del datetime=\"2022-09-12T14:52:43+00:00\">b) Ricardo Rosso Rodrigues da Costa Cabral &#8211; Chefe da Assessoria de Licita\u00e7\u00f5es e Contratos &#8211; ID Funcional 5089337-8 (Suplente)<\/del><\/p><p><del datetime=\"2022-09-12T14:52:43+00:00\">IV &#8211; Da Secretaria de Estado de Pol\u00edcia Civil &#8211; SEPOL:<\/del><\/p><p><del datetime=\"2022-09-12T14:52:43+00:00\">a) Jacqueline de Nazareth S\u00e1 Diniz &#8211; Diretora de Administra\u00e7\u00e3o &#8211; ID Funcional 564951-0<\/del><\/p><p><del datetime=\"2022-09-12T14:52:43+00:00\">b) Tassia Lima Ramos da Silva &#8211; Coordenadora de N\u00facleo da Fase Preparat\u00f3ria Contrata\u00e7\u00f5es &#8211; ID Funcional 5103127-2 (Suplente)<\/del><\/p><p><del datetime=\"2022-09-12T14:52:43+00:00\">V &#8211; Da Secretaria de Estado de Defesa Civil &#8211; SEDEC:<\/del><\/p><p><del datetime=\"2022-09-12T14:52:43+00:00\">a) Rafael Paiva Vieira &#8211; Cel BM QOC\/99 &#8211; ID Funcional 2653154-2<\/del><\/p><p><del datetime=\"2022-09-12T14:52:43+00:00\">b) Daniel Augusto da Silva Vila\u00e7a &#8211; Ten Cel QOC\/01 &#8211; ID Funcional 2645711-3 (Suplente)<\/del><\/p><p><del datetime=\"2022-09-12T14:52:43+00:00\">VI &#8211; Da Secretaria de Estado de Sa\u00fade &#8211; SES:<\/del><\/p><p><del datetime=\"2022-09-12T14:52:43+00:00\">a) Cristiane Seixas Fernandes &#8211; Superintendente de Compras e Licita\u00e7\u00f5es &#8211; ID Funcional 0570266-6<\/del><\/p><p><del datetime=\"2022-09-12T14:52:43+00:00\">b) Thais Santos Serra &#8211; Coordenadora de Licita\u00e7\u00e3o &#8211; ID Funcional 5004445-1 (Suplente)<\/del><\/p><p><del>VII &#8211; Da Secretaria de Estado de Educa\u00e7\u00e3o &#8211; SEEDUC:<\/del><\/p><p><del>a) Fabiano Say\u00e3o Cardozo &#8211; Superintend\u00eancia T\u00e9cnica Administrativa &#8211; ID Funcional 4374994-1<\/del><\/p><p><del>b) Janaina Silva Santos &#8211; Coordenadoria de Licita\u00e7\u00e3o &#8211; ID Funcional 580040-4 (Suplente)<\/del> (<strong><del datetime=\"2022-09-12T14:52:43+00:00\">Alterada pela Portaria SEPLAG\/SUBLOG n\u00ba 007, de 30 de agosto de 2021, publicado no DOE de 01\/09\/2021.<\/del><\/strong>)<\/p><p><del datetime=\"2022-09-12T14:52:43+00:00\">VII &#8211; Da Secretaria de Estado de Educa\u00e7\u00e3o &#8211; SEEDUC:<br \/>a) Janaina Silva Santos &#8211; Coordenadoria de Licita\u00e7\u00e3o &#8211; ID Funcional 580040-4.<\/del><br \/><del datetime=\"2022-09-12T14:52:43+00:00\">b) Carlos Eduardo Correia Henriques &#8211; Superintend\u00eancia de Gest\u00e3o de Contratos e Conv\u00eanios &#8211; ID Funcional 5013977-0 (Suplente).<\/del><\/p><p><del datetime=\"2022-09-12T14:52:43+00:00\">VIII &#8211; da Secretaria de Estado de Fazenda &#8211; SEFAZ:<\/del><\/p><p><del datetime=\"2022-09-12T14:52:43+00:00\">a) Melina Moreira Amato Kneip &#8211; Diretora Geral de Administra\u00e7\u00e3o e Finan\u00e7as &#8211; ID Funcional 4398760-5<\/del><\/p><p><del datetime=\"2022-09-12T14:52:43+00:00\">b) Mario Tinoco da Silva Filho &#8211; Assessor de Compras &#8211; ID Funcional 5007747-3 (Suplente)<\/del><\/p><p><del datetime=\"2022-09-12T14:52:43+00:00\">IX &#8211; da Secretaria de Estado de Infraestrutura e Obras &#8211; SEINFRA:<\/del><\/p><p><del datetime=\"2022-09-12T14:52:43+00:00\">a) Gabriel de Miranda Pe\u00e7anha &#8211; Superintendente de Licita\u00e7\u00f5es e Contratos &#8211; ID Funcional 5121690-6<\/del><\/p><p><del datetime=\"2022-09-12T14:52:43+00:00\">b) Murilo Vieira Coura &#8211; Coordenador de Licita\u00e7\u00f5es &#8211; ID Funcional 5121612-4 (Suplente)<\/del><\/p><p><del datetime=\"2022-09-12T14:52:43+00:00\">X &#8211; do Departamento de Tr\u00e2nsito do Estado do Rio de Janeiro &#8211; DETRAN:<\/del><\/p><p><del datetime=\"2022-09-12T14:52:43+00:00\">a) Ney Silva Lannes &#8211; Assistente III &#8211; ID Funcional 5117130-9<\/del><\/p><p><del datetime=\"2022-09-12T14:52:43+00:00\">b) Bruno Targino Garcia &#8211; Assistente T\u00e9cnico Administrativo &#8211; ID Funcional 4400598-9 (Suplente)<\/del><\/p><p><strong><del datetime=\"2022-09-12T14:52:43+00:00\">Art. 2\u00ba<\/del><\/strong><del datetime=\"2022-09-12T14:52:43+00:00\"> &#8211; As datas e pautas das reuni\u00f5es de seus membros ser\u00e3o definidas pela Subsecretaria de Log\u00edstica da Secretaria de Estado de Planejamento e Gest\u00e3o e informadas aos participantes por correio eletr\u00f4nico.<\/del><\/p><p><strong><del datetime=\"2022-09-12T14:52:43+00:00\">Art. 3\u00ba<\/del><\/strong><del datetime=\"2022-09-12T14:52:43+00:00\"> &#8211; Esta Portaria entrar\u00e1 em vigor na data de sua publica\u00e7\u00e3o.<\/del><\/p><p style=\"text-align: center;\"><del datetime=\"2022-09-12T14:52:43+00:00\">Rio de Janeiro, 09 de agosto de 2021<\/del><\/p><p style=\"text-align: center;\"><strong><del datetime=\"2022-09-12T14:52:43+00:00\">HUGO CARVALHO DE S\u00c1<\/del><\/strong><\/p><p style=\"text-align: center;\"><del datetime=\"2022-09-12T14:52:43+00:00\">Subsecret\u00e1rio de Log\u00edstica<\/del><\/p><p style=\"text-align: right;\">Id: 2333193<\/p>\t\t\t\t\t\t\t\t<\/div>\n\t\t\t\t\t<\/div>\n\t\t<\/div>\n\t\t\t\t\t<\/div>\n\t\t<\/section>\n\t\t\t\t<section class=\"elementor-section elementor-top-section elementor-element elementor-element-bda9e7b elementor-section-boxed elementor-section-height-default elementor-section-height-default\" data-id=\"bda9e7b\" data-element_type=\"section\" data-settings=\"{&quot;jet_parallax_layout_list&quot;:[{&quot;jet_parallax_layout_image&quot;:{&quot;url&quot;:&quot;&quot;,&quot;id&quot;:&quot;&quot;,&quot;size&quot;:&quot;&quot;},&quot;_id&quot;:&quot;04dd098&quot;,&quot;jet_parallax_layout_image_tablet&quot;:{&quot;url&quot;:&quot;&quot;,&quot;id&quot;:&quot;&quot;,&quot;size&quot;:&quot;&quot;},&quot;jet_parallax_layout_image_mobile&quot;:{&quot;url&quot;:&quot;&quot;,&quot;id&quot;:&quot;&quot;,&quot;size&quot;:&quot;&quot;},&quot;jet_parallax_layout_speed&quot;:{&quot;unit&quot;:&quot;%&quot;,&quot;size&quot;:50,&quot;sizes&quot;:[]},&quot;jet_parallax_layout_type&quot;:&quot;scroll&quot;,&quot;jet_parallax_layout_direction&quot;:&quot;1&quot;,&quot;jet_parallax_layout_fx_direction&quot;:null,&quot;jet_parallax_layout_z_index&quot;:&quot;&quot;,&quot;jet_parallax_layout_bg_x&quot;:50,&quot;jet_parallax_layout_bg_x_tablet&quot;:&quot;&quot;,&quot;jet_parallax_layout_bg_x_mobile&quot;:&quot;&quot;,&quot;jet_parallax_layout_bg_y&quot;:50,&quot;jet_parallax_layout_bg_y_tablet&quot;:&quot;&quot;,&quot;jet_parallax_layout_bg_y_mobile&quot;:&quot;&quot;,&quot;jet_parallax_layout_bg_size&quot;:&quot;auto&quot;,&quot;jet_parallax_layout_bg_size_tablet&quot;:&quot;&quot;,&quot;jet_parallax_layout_bg_size_mobile&quot;:&quot;&quot;,&quot;jet_parallax_layout_animation_prop&quot;:&quot;transform&quot;,&quot;jet_parallax_layout_on&quot;:[&quot;desktop&quot;,&quot;tablet&quot;]}]}\">\n\t\t\t\t\t\t<div class=\"elementor-container elementor-column-gap-default\">\n\t\t\t\t\t<div class=\"elementor-column elementor-col-100 elementor-top-column elementor-element elementor-element-d35e719\" data-id=\"d35e719\" data-element_type=\"column\">\n\t\t\t<div class=\"elementor-widget-wrap elementor-element-populated\">\n\t\t\t\t\t\t<div class=\"elementor-element elementor-element-85ee03d elementor-widget elementor-widget-text-editor\" data-id=\"85ee03d\" data-element_type=\"widget\" data-widget_type=\"text-editor.default\">\n\t\t\t\t\t\t\t\t\t<p><em>Publicada no DOE em <a href=\"http:\/\/redelog.rj.gov.br\/redelog\/wp-content\/uploads\/2022\/01\/Portaria-SEPLAG-SUBLOG-no-05-2021-Comite-Tecnico-de-Governanca.pdf\" target=\"_blank\" rel=\"noopener\"><strong>12\/08\/2021<\/strong><\/a>.<\/em><\/p><p><em>Alterada pela Portaria SEPLAG\/SUBLOG n\u00ba 007, de 30 de agosto de 2021, publicado no DOE de <a href=\"https:\/\/www.redelog.rj.gov.br\/redelog\/wp-content\/uploads\/2022\/02\/Portaria-SEPLAG-SUBLOG-no-007-2021-Altera-a-Portaria-SEPLAG-SUBLOG-No-05.pdf\"><strong>01\/09\/2021<\/strong><\/a>.<\/em><\/p><p><em>Revogada pela <strong><a href=\"https:\/\/redelog.rj.gov.br\/redelog\/portaria-seplag-sublog-no-21-de-30-de-agosto-de-2022-2\/\">Portaria SEPLAG\/SUBLOG n\u00ba 21, de 30 de agosto de 2022<\/a><\/strong>, publicada no DOE de <strong><a href=\"https:\/\/www.redelog.rj.gov.br\/redelog\/wp-content\/uploads\/2022\/09\/Portaria-SEPLAG-SUBLOG-no-21-Composicao-Comite-Tecnico-de-Governanca-em-Contratacoes.pdf\">01\/09\/2022<\/a><\/strong>.<\/em><\/p>\t\t\t\t\t\t\t\t<\/div>\n\t\t\t\t\t<\/div>\n\t\t<\/div>\n\t\t\t\t\t<\/div>\n\t\t<\/section>\n\t\t\t\t<section class=\"elementor-section elementor-top-section elementor-element elementor-element-3ea0a9d elementor-section-boxed elementor-section-height-default elementor-section-height-default\" data-id=\"3ea0a9d\" data-element_type=\"section\" data-settings=\"{&quot;jet_parallax_layout_list&quot;:[{&quot;jet_parallax_layout_image&quot;:{&quot;url&quot;:&quot;&quot;,&quot;id&quot;:&quot;&quot;,&quot;size&quot;:&quot;&quot;},&quot;_id&quot;:&quot;ab030fc&quot;,&quot;jet_parallax_layout_image_tablet&quot;:{&quot;url&quot;:&quot;&quot;,&quot;id&quot;:&quot;&quot;,&quot;size&quot;:&quot;&quot;},&quot;jet_parallax_layout_image_mobile&quot;:{&quot;url&quot;:&quot;&quot;,&quot;id&quot;:&quot;&quot;,&quot;size&quot;:&quot;&quot;},&quot;jet_parallax_layout_speed&quot;:{&quot;unit&quot;:&quot;%&quot;,&quot;size&quot;:50,&quot;sizes&quot;:[]},&quot;jet_parallax_layout_type&quot;:&quot;scroll&quot;,&quot;jet_parallax_layout_direction&quot;:&quot;1&quot;,&quot;jet_parallax_layout_fx_direction&quot;:null,&quot;jet_parallax_layout_z_index&quot;:&quot;&quot;,&quot;jet_parallax_layout_bg_x&quot;:50,&quot;jet_parallax_layout_bg_x_tablet&quot;:&quot;&quot;,&quot;jet_parallax_layout_bg_x_mobile&quot;:&quot;&quot;,&quot;jet_parallax_layout_bg_y&quot;:50,&quot;jet_parallax_layout_bg_y_tablet&quot;:&quot;&quot;,&quot;jet_parallax_layout_bg_y_mobile&quot;:&quot;&quot;,&quot;jet_parallax_layout_bg_size&quot;:&quot;auto&quot;,&quot;jet_parallax_layout_bg_size_tablet&quot;:&quot;&quot;,&quot;jet_parallax_layout_bg_size_mobile&quot;:&quot;&quot;,&quot;jet_parallax_layout_animation_prop&quot;:&quot;transform&quot;,&quot;jet_parallax_layout_on&quot;:[&quot;desktop&quot;,&quot;tablet&quot;]}]}\">\n\t\t\t\t\t\t<div class=\"elementor-container elementor-column-gap-default\">\n\t\t\t\t\t<div class=\"elementor-column elementor-col-100 elementor-top-column elementor-element elementor-element-4a3fd79\" data-id=\"4a3fd79\" data-element_type=\"column\">\n\t\t\t<div class=\"elementor-widget-wrap elementor-element-populated\">\n\t\t\t\t\t\t<div class=\"elementor-element elementor-element-dbd0655 elementor-widget-divider--view-line elementor-widget elementor-widget-divider\" data-id=\"dbd0655\" data-element_type=\"widget\" data-widget_type=\"divider.default\">\n\t\t\t\t\t\t\t<div class=\"elementor-divider\">\n\t\t\t<span class=\"elementor-divider-separator\">\n\t\t\t\t\t\t<\/span>\n\t\t<\/div>\n\t\t\t\t\t\t<\/div>\n\t\t\t\t\t<\/div>\n\t\t<\/div>\n\t\t\t\t\t<\/div>\n\t\t<\/section>\n\t\t\t\t<section class=\"elementor-section elementor-top-section elementor-element elementor-element-b1670a4 elementor-section-boxed elementor-section-height-default elementor-section-height-default\" data-id=\"b1670a4\" data-element_type=\"section\" id=\"options\" data-settings=\"{&quot;jet_parallax_layout_list&quot;:[{&quot;jet_parallax_layout_image&quot;:{&quot;url&quot;:&quot;&quot;,&quot;id&quot;:&quot;&quot;,&quot;size&quot;:&quot;&quot;},&quot;_id&quot;:&quot;19d7213&quot;,&quot;jet_parallax_layout_image_tablet&quot;:{&quot;url&quot;:&quot;&quot;,&quot;id&quot;:&quot;&quot;,&quot;size&quot;:&quot;&quot;},&quot;jet_parallax_layout_image_mobile&quot;:{&quot;url&quot;:&quot;&quot;,&quot;id&quot;:&quot;&quot;,&quot;size&quot;:&quot;&quot;},&quot;jet_parallax_layout_speed&quot;:{&quot;unit&quot;:&quot;%&quot;,&quot;size&quot;:50,&quot;sizes&quot;:[]},&quot;jet_parallax_layout_type&quot;:&quot;scroll&quot;,&quot;jet_parallax_layout_direction&quot;:&quot;1&quot;,&quot;jet_parallax_layout_fx_direction&quot;:null,&quot;jet_parallax_layout_z_index&quot;:&quot;&quot;,&quot;jet_parallax_layout_bg_x&quot;:50,&quot;jet_parallax_layout_bg_x_tablet&quot;:&quot;&quot;,&quot;jet_parallax_layout_bg_x_mobile&quot;:&quot;&quot;,&quot;jet_parallax_layout_bg_y&quot;:50,&quot;jet_parallax_layout_bg_y_tablet&quot;:&quot;&quot;,&quot;jet_parallax_layout_bg_y_mobile&quot;:&quot;&quot;,&quot;jet_parallax_layout_bg_size&quot;:&quot;auto&quot;,&quot;jet_parallax_layout_bg_size_tablet&quot;:&quot;&quot;,&quot;jet_parallax_layout_bg_size_mobile&quot;:&quot;&quot;,&quot;jet_parallax_layout_animation_prop&quot;:&quot;transform&quot;,&quot;jet_parallax_layout_on&quot;:[&quot;desktop&quot;,&quot;tablet&quot;]}]}\">\n\t\t\t\t\t\t<div class=\"elementor-container elementor-column-gap-default\">\n\t\t\t\t\t<div class=\"elementor-column elementor-col-100 elementor-top-column elementor-element elementor-element-8fa2330\" data-id=\"8fa2330\" data-element_type=\"column\">\n\t\t\t<div class=\"elementor-widget-wrap elementor-element-populated\">\n\t\t\t\t\t\t<div class=\"elementor-element elementor-element-7378ca9 elementor-widget elementor-widget-shortcode\" data-id=\"7378ca9\" data-element_type=\"widget\" data-widget_type=\"shortcode.default\">\n\t\t\t\t\t\t\t<div class=\"elementor-shortcode\"><div class='printomatic pom-default ' id='id9168' alt='Imprimir' title='Imprimir' data-print_target='#post-9253'><\/div> <div class='printomatictext' id='id9168' alt='Imprimir' title='Imprimir' data-print_target='#post-9253'>Imprimir<\/div><div style='clear: both;'><\/div><\/div>\n\t\t\t\t\t\t<\/div>\n\t\t\t\t<section class=\"elementor-section elementor-inner-section elementor-element elementor-element-1cdaa0b elementor-section-boxed elementor-section-height-default elementor-section-height-default\" data-id=\"1cdaa0b\" data-element_type=\"section\" data-settings=\"{&quot;jet_parallax_layout_list&quot;:[{&quot;jet_parallax_layout_image&quot;:{&quot;url&quot;:&quot;&quot;,&quot;id&quot;:&quot;&quot;,&quot;size&quot;:&quot;&quot;},&quot;_id&quot;:&quot;ccec7d1&quot;,&quot;jet_parallax_layout_image_tablet&quot;:{&quot;url&quot;:&quot;&quot;,&quot;id&quot;:&quot;&quot;,&quot;size&quot;:&quot;&quot;},&quot;jet_parallax_layout_image_mobile&quot;:{&quot;url&quot;:&quot;&quot;,&quot;id&quot;:&quot;&quot;,&quot;size&quot;:&quot;&quot;},&quot;jet_parallax_layout_speed&quot;:{&quot;unit&quot;:&quot;%&quot;,&quot;size&quot;:50,&quot;sizes&quot;:[]},&quot;jet_parallax_layout_type&quot;:&quot;scroll&quot;,&quot;jet_parallax_layout_direction&quot;:&quot;1&quot;,&quot;jet_parallax_layout_fx_direction&quot;:null,&quot;jet_parallax_layout_z_index&quot;:&quot;&quot;,&quot;jet_parallax_layout_bg_x&quot;:50,&quot;jet_parallax_layout_bg_x_tablet&quot;:&quot;&quot;,&quot;jet_parallax_layout_bg_x_mobile&quot;:&quot;&quot;,&quot;jet_parallax_layout_bg_y&quot;:50,&quot;jet_parallax_layout_bg_y_tablet&quot;:&quot;&quot;,&quot;jet_parallax_layout_bg_y_mobile&quot;:&quot;&quot;,&quot;jet_parallax_layout_bg_size&quot;:&quot;auto&quot;,&quot;jet_parallax_layout_bg_size_tablet&quot;:&quot;&quot;,&quot;jet_parallax_layout_bg_size_mobile&quot;:&quot;&quot;,&quot;jet_parallax_layout_animation_prop&quot;:&quot;transform&quot;,&quot;jet_parallax_layout_on&quot;:[&quot;desktop&quot;,&quot;tablet&quot;]}]}\">\n\t\t\t\t\t\t<div class=\"elementor-container elementor-column-gap-default\">\n\t\t\t\t\t<div class=\"elementor-column elementor-col-50 elementor-inner-column elementor-element elementor-element-eaa8b34\" data-id=\"eaa8b34\" data-element_type=\"column\">\n\t\t\t<div class=\"elementor-widget-wrap elementor-element-populated\">\n\t\t\t\t\t\t<div class=\"elementor-element elementor-element-1dd503d elementor-widget elementor-widget-text-editor\" data-id=\"1dd503d\" data-element_type=\"widget\" data-widget_type=\"text-editor.default\">\n\t\t\t\t\t\t\t\t\t<p><strong><a href=\"http:\/\/redelog.rj.gov.br\/redelog\/legislacao-licitacoes\/\">\u2190 Voltar &#8211; Licita\u00e7\u00f5es<\/a><\/strong><\/p>\t\t\t\t\t\t\t\t<\/div>\n\t\t\t\t\t<\/div>\n\t\t<\/div>\n\t\t\t\t<div class=\"elementor-column elementor-col-50 elementor-inner-column elementor-element elementor-element-a16ef6a\" data-id=\"a16ef6a\" data-element_type=\"column\">\n\t\t\t<div class=\"elementor-widget-wrap elementor-element-populated\">\n\t\t\t\t\t\t\t<\/div>\n\t\t<\/div>\n\t\t\t\t\t<\/div>\n\t\t<\/section>\n\t\t\t\t\t<\/div>\n\t\t<\/div>\n\t\t\t\t\t<\/div>\n\t\t<\/section>\n\t\t\t\t<section class=\"elementor-section elementor-top-section elementor-element elementor-element-af52c80 elementor-section-boxed elementor-section-height-default elementor-section-height-default\" data-id=\"af52c80\" data-element_type=\"section\" data-settings=\"{&quot;jet_parallax_layout_list&quot;:[{&quot;jet_parallax_layout_image&quot;:{&quot;url&quot;:&quot;&quot;,&quot;id&quot;:&quot;&quot;,&quot;size&quot;:&quot;&quot;},&quot;_id&quot;:&quot;22a0abb&quot;,&quot;jet_parallax_layout_image_tablet&quot;:{&quot;url&quot;:&quot;&quot;,&quot;id&quot;:&quot;&quot;,&quot;size&quot;:&quot;&quot;},&quot;jet_parallax_layout_image_mobile&quot;:{&quot;url&quot;:&quot;&quot;,&quot;id&quot;:&quot;&quot;,&quot;size&quot;:&quot;&quot;},&quot;jet_parallax_layout_speed&quot;:{&quot;unit&quot;:&quot;%&quot;,&quot;size&quot;:50,&quot;sizes&quot;:[]},&quot;jet_parallax_layout_type&quot;:&quot;scroll&quot;,&quot;jet_parallax_layout_direction&quot;:&quot;1&quot;,&quot;jet_parallax_layout_fx_direction&quot;:null,&quot;jet_parallax_layout_z_index&quot;:&quot;&quot;,&quot;jet_parallax_layout_bg_x&quot;:50,&quot;jet_parallax_layout_bg_x_tablet&quot;:&quot;&quot;,&quot;jet_parallax_layout_bg_x_mobile&quot;:&quot;&quot;,&quot;jet_parallax_layout_bg_y&quot;:50,&quot;jet_parallax_layout_bg_y_tablet&quot;:&quot;&quot;,&quot;jet_parallax_layout_bg_y_mobile&quot;:&quot;&quot;,&quot;jet_parallax_layout_bg_size&quot;:&quot;auto&quot;,&quot;jet_parallax_layout_bg_size_tablet&quot;:&quot;&quot;,&quot;jet_parallax_layout_bg_size_mobile&quot;:&quot;&quot;,&quot;jet_parallax_layout_animation_prop&quot;:&quot;transform&quot;,&quot;jet_parallax_layout_on&quot;:[&quot;desktop&quot;,&quot;tablet&quot;]}]}\">\n\t\t\t\t\t\t<div class=\"elementor-container elementor-column-gap-default\">\n\t\t\t\t\t<div class=\"elementor-column elementor-col-100 elementor-top-column elementor-element elementor-element-24eee27\" data-id=\"24eee27\" data-element_type=\"column\">\n\t\t\t<div class=\"elementor-widget-wrap elementor-element-populated\">\n\t\t\t\t\t\t<div class=\"elementor-element elementor-element-713de3f elementor-widget elementor-widget-html\" data-id=\"713de3f\" data-element_type=\"widget\" data-widget_type=\"html.default\">\n\t\t\t\t\t<style>\n    h2, .h2-style{\n        font-size: 28px;\n    }\n<\/style>\t\t\t\t<\/div>\n\t\t\t\t\t<\/div>\n\t\t<\/div>\n\t\t\t\t\t<\/div>\n\t\t<\/section>\n\t\t\t\t<\/div>\n\t\t","protected":false},"excerpt":{"rendered":"<p>DIVULGA A COMPOSI\u00c7\u00c3O DOS INTEGRANTES DO COMIT\u00ca T\u00c9CNICO DE GOVERNAN\u00c7A EM CONTRATA\u00c7\u00d5ES P\u00daBLICAS ESTABELECIDO PELO DECRETO N\u00ba 47.680, DE 12 DE JULHO DE 2021. O SUBSECRET\u00c1RIO DE LOG\u00cdSTICA DA SECRETARIA DE ESTADO DE PLANEJAMENTO E GEST\u00c3O, em atendimento ao disposto no artigo 6\u00ba do Decreto n\u00ba 47.680, de 12 de julho de 2021, e em [&hellip;]<\/p>\n","protected":false},"author":1,"featured_media":0,"comment_status":"closed","ping_status":"open","sticky":false,"template":"","format":"standard","meta":{"_joinchat":[],"footnotes":""},"categories":[23],"tags":[],"class_list":["post-9253","post","type-post","status-publish","format-standard","hentry","category-cat-legislacao"],"yoast_head":"<!-- This site is optimized with the Yoast SEO plugin v25.7 - https:\/\/yoast.com\/wordpress\/plugins\/seo\/ -->\n<title>PORTARIA SEPLAG\/SUBLOG N\u00ba 5, DE 09 DE AGOSTO DE 2021 - Redelog<\/title>\n<meta name=\"robots\" content=\"index, follow, max-snippet:-1, max-image-preview:large, max-video-preview:-1\" \/>\n<link rel=\"canonical\" href=\"https:\/\/redelog.rj.gov.br\/redelog\/portaria-seplag-sublog-no-5\/\" \/>\n<meta property=\"og:locale\" content=\"pt_BR\" \/>\n<meta property=\"og:type\" content=\"article\" \/>\n<meta property=\"og:title\" content=\"PORTARIA SEPLAG\/SUBLOG N\u00ba 5, DE 09 DE AGOSTO DE 2021 - Redelog\" \/>\n<meta property=\"og:description\" content=\"DIVULGA A COMPOSI\u00c7\u00c3O DOS INTEGRANTES DO COMIT\u00ca T\u00c9CNICO DE GOVERNAN\u00c7A EM CONTRATA\u00c7\u00d5ES P\u00daBLICAS ESTABELECIDO PELO DECRETO N\u00ba 47.680, DE 12 DE JULHO DE 2021. O SUBSECRET\u00c1RIO DE LOG\u00cdSTICA DA SECRETARIA DE ESTADO DE PLANEJAMENTO E GEST\u00c3O, em atendimento ao disposto no artigo 6\u00ba do Decreto n\u00ba 47.680, de 12 de julho de 2021, e em [&hellip;]\" \/>\n<meta property=\"og:url\" content=\"https:\/\/redelog.rj.gov.br\/redelog\/portaria-seplag-sublog-no-5\/\" \/>\n<meta property=\"og:site_name\" content=\"Redelog\" \/>\n<meta property=\"article:published_time\" content=\"2022-01-13T16:45:35+00:00\" \/>\n<meta property=\"article:modified_time\" content=\"2022-09-12T15:33:36+00:00\" \/>\n<meta name=\"author\" content=\"alheiro\" \/>\n<meta name=\"twitter:card\" content=\"summary_large_image\" \/>\n<meta name=\"twitter:label1\" content=\"Escrito por\" \/>\n\t<meta name=\"twitter:data1\" content=\"alheiro\" \/>\n\t<meta name=\"twitter:label2\" content=\"Est. tempo de leitura\" \/>\n\t<meta name=\"twitter:data2\" content=\"3 minutos\" \/>\n<script type=\"application\/ld+json\" class=\"yoast-schema-graph\">{\"@context\":\"https:\/\/schema.org\",\"@graph\":[{\"@type\":\"Article\",\"@id\":\"https:\/\/redelog.rj.gov.br\/redelog\/portaria-seplag-sublog-no-5\/#article\",\"isPartOf\":{\"@id\":\"https:\/\/redelog.rj.gov.br\/redelog\/portaria-seplag-sublog-no-5\/\"},\"author\":{\"name\":\"alheiro\",\"@id\":\"https:\/\/redelog.rj.gov.br\/redelog\/#\/schema\/person\/1299ae2b7bfb510dd74c28ed239470fb\"},\"headline\":\"PORTARIA SEPLAG\/SUBLOG N\u00ba 5, DE 09 DE AGOSTO DE 2021\",\"datePublished\":\"2022-01-13T16:45:35+00:00\",\"dateModified\":\"2022-09-12T15:33:36+00:00\",\"mainEntityOfPage\":{\"@id\":\"https:\/\/redelog.rj.gov.br\/redelog\/portaria-seplag-sublog-no-5\/\"},\"wordCount\":700,\"publisher\":{\"@id\":\"https:\/\/redelog.rj.gov.br\/redelog\/#organization\"},\"articleSection\":[\"Legisla\u00e7\u00e3o\"],\"inLanguage\":\"pt-BR\"},{\"@type\":\"WebPage\",\"@id\":\"https:\/\/redelog.rj.gov.br\/redelog\/portaria-seplag-sublog-no-5\/\",\"url\":\"https:\/\/redelog.rj.gov.br\/redelog\/portaria-seplag-sublog-no-5\/\",\"name\":\"PORTARIA SEPLAG\/SUBLOG N\u00ba 5, DE 09 DE AGOSTO DE 2021 - Redelog\",\"isPartOf\":{\"@id\":\"https:\/\/redelog.rj.gov.br\/redelog\/#website\"},\"datePublished\":\"2022-01-13T16:45:35+00:00\",\"dateModified\":\"2022-09-12T15:33:36+00:00\",\"breadcrumb\":{\"@id\":\"https:\/\/redelog.rj.gov.br\/redelog\/portaria-seplag-sublog-no-5\/#breadcrumb\"},\"inLanguage\":\"pt-BR\",\"potentialAction\":[{\"@type\":\"ReadAction\",\"target\":[\"https:\/\/redelog.rj.gov.br\/redelog\/portaria-seplag-sublog-no-5\/\"]}]},{\"@type\":\"BreadcrumbList\",\"@id\":\"https:\/\/redelog.rj.gov.br\/redelog\/portaria-seplag-sublog-no-5\/#breadcrumb\",\"itemListElement\":[{\"@type\":\"ListItem\",\"position\":1,\"name\":\"Home\",\"item\":\"https:\/\/redelog.rj.gov.br\/redelog\/\"},{\"@type\":\"ListItem\",\"position\":2,\"name\":\"PORTARIA SEPLAG\/SUBLOG N\u00ba 5, DE 09 DE AGOSTO DE 2021\"}]},{\"@type\":\"WebSite\",\"@id\":\"https:\/\/redelog.rj.gov.br\/redelog\/#website\",\"url\":\"https:\/\/redelog.rj.gov.br\/redelog\/\",\"name\":\"Redelog\",\"description\":\"Site da Rede de Log\u00edstica e Planejamento do Estado do Rio de Janeiro\",\"publisher\":{\"@id\":\"https:\/\/redelog.rj.gov.br\/redelog\/#organization\"},\"potentialAction\":[{\"@type\":\"SearchAction\",\"target\":{\"@type\":\"EntryPoint\",\"urlTemplate\":\"https:\/\/redelog.rj.gov.br\/redelog\/?s={search_term_string}\"},\"query-input\":{\"@type\":\"PropertyValueSpecification\",\"valueRequired\":true,\"valueName\":\"search_term_string\"}}],\"inLanguage\":\"pt-BR\"},{\"@type\":\"Organization\",\"@id\":\"https:\/\/redelog.rj.gov.br\/redelog\/#organization\",\"name\":\"REDELOG\",\"url\":\"https:\/\/redelog.rj.gov.br\/redelog\/\",\"logo\":{\"@type\":\"ImageObject\",\"inLanguage\":\"pt-BR\",\"@id\":\"https:\/\/redelog.rj.gov.br\/redelog\/#\/schema\/logo\/image\/\",\"url\":\"http:\/\/10.10.8.100:8888\/redelog\/wp-content\/uploads\/2019\/09\/Redelog2.png\",\"contentUrl\":\"http:\/\/10.10.8.100:8888\/redelog\/wp-content\/uploads\/2019\/09\/Redelog2.png\",\"width\":565,\"height\":155,\"caption\":\"REDELOG\"},\"image\":{\"@id\":\"https:\/\/redelog.rj.gov.br\/redelog\/#\/schema\/logo\/image\/\"}},{\"@type\":\"Person\",\"@id\":\"https:\/\/redelog.rj.gov.br\/redelog\/#\/schema\/person\/1299ae2b7bfb510dd74c28ed239470fb\",\"name\":\"alheiro\",\"image\":{\"@type\":\"ImageObject\",\"inLanguage\":\"pt-BR\",\"@id\":\"https:\/\/redelog.rj.gov.br\/redelog\/#\/schema\/person\/image\/\",\"url\":\"https:\/\/secure.gravatar.com\/avatar\/682da79d56fd06a1a63ccaa75b42ffe0c9b0609a62bc395d810f23f98140dcae?s=96&d=mm&r=g\",\"contentUrl\":\"https:\/\/secure.gravatar.com\/avatar\/682da79d56fd06a1a63ccaa75b42ffe0c9b0609a62bc395d810f23f98140dcae?s=96&d=mm&r=g\",\"caption\":\"alheiro\"},\"sameAs\":[\"http:\/\/10.9.108.118:3000\/redelog\"],\"url\":\"https:\/\/redelog.rj.gov.br\/redelog\/author\/alheiro\/\"}]}<\/script>\n<!-- \/ Yoast SEO plugin. -->","yoast_head_json":{"title":"PORTARIA SEPLAG\/SUBLOG N\u00ba 5, DE 09 DE AGOSTO DE 2021 - Redelog","robots":{"index":"index","follow":"follow","max-snippet":"max-snippet:-1","max-image-preview":"max-image-preview:large","max-video-preview":"max-video-preview:-1"},"canonical":"https:\/\/redelog.rj.gov.br\/redelog\/portaria-seplag-sublog-no-5\/","og_locale":"pt_BR","og_type":"article","og_title":"PORTARIA SEPLAG\/SUBLOG N\u00ba 5, DE 09 DE AGOSTO DE 2021 - Redelog","og_description":"DIVULGA A COMPOSI\u00c7\u00c3O DOS INTEGRANTES DO COMIT\u00ca T\u00c9CNICO DE GOVERNAN\u00c7A EM CONTRATA\u00c7\u00d5ES P\u00daBLICAS ESTABELECIDO PELO DECRETO N\u00ba 47.680, DE 12 DE JULHO DE 2021. O SUBSECRET\u00c1RIO DE LOG\u00cdSTICA DA SECRETARIA DE ESTADO DE PLANEJAMENTO E GEST\u00c3O, em atendimento ao disposto no artigo 6\u00ba do Decreto n\u00ba 47.680, de 12 de julho de 2021, e em [&hellip;]","og_url":"https:\/\/redelog.rj.gov.br\/redelog\/portaria-seplag-sublog-no-5\/","og_site_name":"Redelog","article_published_time":"2022-01-13T16:45:35+00:00","article_modified_time":"2022-09-12T15:33:36+00:00","author":"alheiro","twitter_card":"summary_large_image","twitter_misc":{"Escrito por":"alheiro","Est. tempo de leitura":"3 minutos"},"schema":{"@context":"https:\/\/schema.org","@graph":[{"@type":"Article","@id":"https:\/\/redelog.rj.gov.br\/redelog\/portaria-seplag-sublog-no-5\/#article","isPartOf":{"@id":"https:\/\/redelog.rj.gov.br\/redelog\/portaria-seplag-sublog-no-5\/"},"author":{"name":"alheiro","@id":"https:\/\/redelog.rj.gov.br\/redelog\/#\/schema\/person\/1299ae2b7bfb510dd74c28ed239470fb"},"headline":"PORTARIA SEPLAG\/SUBLOG N\u00ba 5, DE 09 DE AGOSTO DE 2021","datePublished":"2022-01-13T16:45:35+00:00","dateModified":"2022-09-12T15:33:36+00:00","mainEntityOfPage":{"@id":"https:\/\/redelog.rj.gov.br\/redelog\/portaria-seplag-sublog-no-5\/"},"wordCount":700,"publisher":{"@id":"https:\/\/redelog.rj.gov.br\/redelog\/#organization"},"articleSection":["Legisla\u00e7\u00e3o"],"inLanguage":"pt-BR"},{"@type":"WebPage","@id":"https:\/\/redelog.rj.gov.br\/redelog\/portaria-seplag-sublog-no-5\/","url":"https:\/\/redelog.rj.gov.br\/redelog\/portaria-seplag-sublog-no-5\/","name":"PORTARIA SEPLAG\/SUBLOG N\u00ba 5, DE 09 DE AGOSTO DE 2021 - Redelog","isPartOf":{"@id":"https:\/\/redelog.rj.gov.br\/redelog\/#website"},"datePublished":"2022-01-13T16:45:35+00:00","dateModified":"2022-09-12T15:33:36+00:00","breadcrumb":{"@id":"https:\/\/redelog.rj.gov.br\/redelog\/portaria-seplag-sublog-no-5\/#breadcrumb"},"inLanguage":"pt-BR","potentialAction":[{"@type":"ReadAction","target":["https:\/\/redelog.rj.gov.br\/redelog\/portaria-seplag-sublog-no-5\/"]}]},{"@type":"BreadcrumbList","@id":"https:\/\/redelog.rj.gov.br\/redelog\/portaria-seplag-sublog-no-5\/#breadcrumb","itemListElement":[{"@type":"ListItem","position":1,"name":"Home","item":"https:\/\/redelog.rj.gov.br\/redelog\/"},{"@type":"ListItem","position":2,"name":"PORTARIA SEPLAG\/SUBLOG N\u00ba 5, DE 09 DE AGOSTO DE 2021"}]},{"@type":"WebSite","@id":"https:\/\/redelog.rj.gov.br\/redelog\/#website","url":"https:\/\/redelog.rj.gov.br\/redelog\/","name":"Redelog","description":"Site da Rede de Log\u00edstica e Planejamento do Estado do Rio de Janeiro","publisher":{"@id":"https:\/\/redelog.rj.gov.br\/redelog\/#organization"},"potentialAction":[{"@type":"SearchAction","target":{"@type":"EntryPoint","urlTemplate":"https:\/\/redelog.rj.gov.br\/redelog\/?s={search_term_string}"},"query-input":{"@type":"PropertyValueSpecification","valueRequired":true,"valueName":"search_term_string"}}],"inLanguage":"pt-BR"},{"@type":"Organization","@id":"https:\/\/redelog.rj.gov.br\/redelog\/#organization","name":"REDELOG","url":"https:\/\/redelog.rj.gov.br\/redelog\/","logo":{"@type":"ImageObject","inLanguage":"pt-BR","@id":"https:\/\/redelog.rj.gov.br\/redelog\/#\/schema\/logo\/image\/","url":"http:\/\/10.10.8.100:8888\/redelog\/wp-content\/uploads\/2019\/09\/Redelog2.png","contentUrl":"http:\/\/10.10.8.100:8888\/redelog\/wp-content\/uploads\/2019\/09\/Redelog2.png","width":565,"height":155,"caption":"REDELOG"},"image":{"@id":"https:\/\/redelog.rj.gov.br\/redelog\/#\/schema\/logo\/image\/"}},{"@type":"Person","@id":"https:\/\/redelog.rj.gov.br\/redelog\/#\/schema\/person\/1299ae2b7bfb510dd74c28ed239470fb","name":"alheiro","image":{"@type":"ImageObject","inLanguage":"pt-BR","@id":"https:\/\/redelog.rj.gov.br\/redelog\/#\/schema\/person\/image\/","url":"https:\/\/secure.gravatar.com\/avatar\/682da79d56fd06a1a63ccaa75b42ffe0c9b0609a62bc395d810f23f98140dcae?s=96&d=mm&r=g","contentUrl":"https:\/\/secure.gravatar.com\/avatar\/682da79d56fd06a1a63ccaa75b42ffe0c9b0609a62bc395d810f23f98140dcae?s=96&d=mm&r=g","caption":"alheiro"},"sameAs":["http:\/\/10.9.108.118:3000\/redelog"],"url":"https:\/\/redelog.rj.gov.br\/redelog\/author\/alheiro\/"}]}},"_links":{"self":[{"href":"https:\/\/redelog.rj.gov.br\/redelog\/wp-json\/wp\/v2\/posts\/9253","targetHints":{"allow":["GET"]}}],"collection":[{"href":"https:\/\/redelog.rj.gov.br\/redelog\/wp-json\/wp\/v2\/posts"}],"about":[{"href":"https:\/\/redelog.rj.gov.br\/redelog\/wp-json\/wp\/v2\/types\/post"}],"author":[{"embeddable":true,"href":"https:\/\/redelog.rj.gov.br\/redelog\/wp-json\/wp\/v2\/users\/1"}],"replies":[{"embeddable":true,"href":"https:\/\/redelog.rj.gov.br\/redelog\/wp-json\/wp\/v2\/comments?post=9253"}],"version-history":[{"count":62,"href":"https:\/\/redelog.rj.gov.br\/redelog\/wp-json\/wp\/v2\/posts\/9253\/revisions"}],"predecessor-version":[{"id":19461,"href":"https:\/\/redelog.rj.gov.br\/redelog\/wp-json\/wp\/v2\/posts\/9253\/revisions\/19461"}],"wp:attachment":[{"href":"https:\/\/redelog.rj.gov.br\/redelog\/wp-json\/wp\/v2\/media?parent=9253"}],"wp:term":[{"taxonomy":"category","embeddable":true,"href":"https:\/\/redelog.rj.gov.br\/redelog\/wp-json\/wp\/v2\/categories?post=9253"},{"taxonomy":"post_tag","embeddable":true,"href":"https:\/\/redelog.rj.gov.br\/redelog\/wp-json\/wp\/v2\/tags?post=9253"}],"curies":[{"name":"wp","href":"https:\/\/api.w.org\/{rel}","templated":true}]}}