{"id":9252,"date":"2022-01-13T13:45:44","date_gmt":"2022-01-13T16:45:44","guid":{"rendered":"http:\/\/10.11.80.6\/redelog\/?p=9252"},"modified":"2024-02-16T15:40:44","modified_gmt":"2024-02-16T18:40:44","slug":"portaria-seplag-sublog-no-6","status":"publish","type":"post","link":"https:\/\/redelog.rj.gov.br\/redelog\/portaria-seplag-sublog-no-6\/","title":{"rendered":"PORTARIA SEPLAG\/SUBLOG N\u00ba 6, DE 13 DE AGOSTO DE 2021"},"content":{"rendered":"\t\t<div data-elementor-type=\"wp-post\" data-elementor-id=\"9252\" class=\"elementor elementor-9252\" data-elementor-post-type=\"post\">\n\t\t\t\t\t\t<section class=\"elementor-section elementor-top-section elementor-element elementor-element-7a51dba elementor-section-boxed elementor-section-height-default elementor-section-height-default\" data-id=\"7a51dba\" data-element_type=\"section\" data-settings=\"{&quot;jet_parallax_layout_list&quot;:[{&quot;jet_parallax_layout_image&quot;:{&quot;url&quot;:&quot;&quot;,&quot;id&quot;:&quot;&quot;,&quot;size&quot;:&quot;&quot;},&quot;_id&quot;:&quot;a322fb5&quot;,&quot;jet_parallax_layout_image_tablet&quot;:{&quot;url&quot;:&quot;&quot;,&quot;id&quot;:&quot;&quot;,&quot;size&quot;:&quot;&quot;},&quot;jet_parallax_layout_image_mobile&quot;:{&quot;url&quot;:&quot;&quot;,&quot;id&quot;:&quot;&quot;,&quot;size&quot;:&quot;&quot;},&quot;jet_parallax_layout_speed&quot;:{&quot;unit&quot;:&quot;%&quot;,&quot;size&quot;:50,&quot;sizes&quot;:[]},&quot;jet_parallax_layout_type&quot;:&quot;scroll&quot;,&quot;jet_parallax_layout_direction&quot;:&quot;1&quot;,&quot;jet_parallax_layout_fx_direction&quot;:null,&quot;jet_parallax_layout_z_index&quot;:&quot;&quot;,&quot;jet_parallax_layout_bg_x&quot;:50,&quot;jet_parallax_layout_bg_x_tablet&quot;:&quot;&quot;,&quot;jet_parallax_layout_bg_x_mobile&quot;:&quot;&quot;,&quot;jet_parallax_layout_bg_y&quot;:50,&quot;jet_parallax_layout_bg_y_tablet&quot;:&quot;&quot;,&quot;jet_parallax_layout_bg_y_mobile&quot;:&quot;&quot;,&quot;jet_parallax_layout_bg_size&quot;:&quot;auto&quot;,&quot;jet_parallax_layout_bg_size_tablet&quot;:&quot;&quot;,&quot;jet_parallax_layout_bg_size_mobile&quot;:&quot;&quot;,&quot;jet_parallax_layout_animation_prop&quot;:&quot;transform&quot;,&quot;jet_parallax_layout_on&quot;:[&quot;desktop&quot;,&quot;tablet&quot;]}]}\">\n\t\t\t\t\t\t<div class=\"elementor-container elementor-column-gap-default\">\n\t\t\t\t\t<div class=\"elementor-column elementor-col-100 elementor-top-column elementor-element elementor-element-a939aae\" data-id=\"a939aae\" data-element_type=\"column\">\n\t\t\t<div class=\"elementor-widget-wrap elementor-element-populated\">\n\t\t\t\t\t\t<section class=\"elementor-section elementor-inner-section elementor-element elementor-element-66b940f elementor-section-boxed elementor-section-height-default elementor-section-height-default\" data-id=\"66b940f\" data-element_type=\"section\" data-settings=\"{&quot;jet_parallax_layout_list&quot;:[{&quot;jet_parallax_layout_image&quot;:{&quot;url&quot;:&quot;&quot;,&quot;id&quot;:&quot;&quot;,&quot;size&quot;:&quot;&quot;},&quot;_id&quot;:&quot;8923731&quot;,&quot;jet_parallax_layout_image_tablet&quot;:{&quot;url&quot;:&quot;&quot;,&quot;id&quot;:&quot;&quot;,&quot;size&quot;:&quot;&quot;},&quot;jet_parallax_layout_image_mobile&quot;:{&quot;url&quot;:&quot;&quot;,&quot;id&quot;:&quot;&quot;,&quot;size&quot;:&quot;&quot;},&quot;jet_parallax_layout_speed&quot;:{&quot;unit&quot;:&quot;%&quot;,&quot;size&quot;:50,&quot;sizes&quot;:[]},&quot;jet_parallax_layout_type&quot;:&quot;scroll&quot;,&quot;jet_parallax_layout_direction&quot;:&quot;1&quot;,&quot;jet_parallax_layout_fx_direction&quot;:null,&quot;jet_parallax_layout_z_index&quot;:&quot;&quot;,&quot;jet_parallax_layout_bg_x&quot;:50,&quot;jet_parallax_layout_bg_x_tablet&quot;:&quot;&quot;,&quot;jet_parallax_layout_bg_x_mobile&quot;:&quot;&quot;,&quot;jet_parallax_layout_bg_y&quot;:50,&quot;jet_parallax_layout_bg_y_tablet&quot;:&quot;&quot;,&quot;jet_parallax_layout_bg_y_mobile&quot;:&quot;&quot;,&quot;jet_parallax_layout_bg_size&quot;:&quot;auto&quot;,&quot;jet_parallax_layout_bg_size_tablet&quot;:&quot;&quot;,&quot;jet_parallax_layout_bg_size_mobile&quot;:&quot;&quot;,&quot;jet_parallax_layout_animation_prop&quot;:&quot;transform&quot;,&quot;jet_parallax_layout_on&quot;:[&quot;desktop&quot;,&quot;tablet&quot;]}]}\">\n\t\t\t\t\t\t<div class=\"elementor-container elementor-column-gap-default\">\n\t\t\t\t\t<div class=\"elementor-column elementor-col-50 elementor-inner-column elementor-element elementor-element-73dfcf3\" data-id=\"73dfcf3\" data-element_type=\"column\">\n\t\t\t<div class=\"elementor-widget-wrap\">\n\t\t\t\t\t\t\t<\/div>\n\t\t<\/div>\n\t\t\t\t<div class=\"elementor-column elementor-col-50 elementor-inner-column elementor-element elementor-element-a54f4ab\" data-id=\"a54f4ab\" data-element_type=\"column\">\n\t\t\t<div class=\"elementor-widget-wrap elementor-element-populated\">\n\t\t\t\t\t\t<div class=\"elementor-element elementor-element-18a4d02 elementor-widget elementor-widget-text-editor\" data-id=\"18a4d02\" data-element_type=\"widget\" data-widget_type=\"text-editor.default\">\n\t\t\t\t\t\t\t\t\t<p style=\"text-align: justify;\"><strong>DIVULGA A COMPOSI\u00c7\u00c3O DOS INTEGRANTES DA COMISS\u00c3O EXECUTIVA DA POL\u00cdTICA DE GEST\u00c3O ESTRAT\u00c9GICA DE SUPRIMENTOS, PARA AS CATEGORIAS DE MEDICAMENTOS E SUPRIMENTOS HOSPITALARES, ESTABELECIDO PELO DECRETO N\u00ba 47.695 DE 20 <\/strong><strong>DE JULHO DE 2021.<\/strong><\/p>\t\t\t\t\t\t\t\t<\/div>\n\t\t\t\t\t<\/div>\n\t\t<\/div>\n\t\t\t\t\t<\/div>\n\t\t<\/section>\n\t\t\t\t\t<\/div>\n\t\t<\/div>\n\t\t\t\t\t<\/div>\n\t\t<\/section>\n\t\t\t\t<section class=\"elementor-section elementor-top-section elementor-element elementor-element-0371996 elementor-section-boxed elementor-section-height-default elementor-section-height-default\" data-id=\"0371996\" data-element_type=\"section\" data-settings=\"{&quot;jet_parallax_layout_list&quot;:[{&quot;jet_parallax_layout_image&quot;:{&quot;url&quot;:&quot;&quot;,&quot;id&quot;:&quot;&quot;,&quot;size&quot;:&quot;&quot;},&quot;_id&quot;:&quot;6f40e2e&quot;,&quot;jet_parallax_layout_image_tablet&quot;:{&quot;url&quot;:&quot;&quot;,&quot;id&quot;:&quot;&quot;,&quot;size&quot;:&quot;&quot;},&quot;jet_parallax_layout_image_mobile&quot;:{&quot;url&quot;:&quot;&quot;,&quot;id&quot;:&quot;&quot;,&quot;size&quot;:&quot;&quot;},&quot;jet_parallax_layout_speed&quot;:{&quot;unit&quot;:&quot;%&quot;,&quot;size&quot;:50,&quot;sizes&quot;:[]},&quot;jet_parallax_layout_type&quot;:&quot;scroll&quot;,&quot;jet_parallax_layout_direction&quot;:&quot;1&quot;,&quot;jet_parallax_layout_fx_direction&quot;:null,&quot;jet_parallax_layout_z_index&quot;:&quot;&quot;,&quot;jet_parallax_layout_bg_x&quot;:50,&quot;jet_parallax_layout_bg_x_tablet&quot;:&quot;&quot;,&quot;jet_parallax_layout_bg_x_mobile&quot;:&quot;&quot;,&quot;jet_parallax_layout_bg_y&quot;:50,&quot;jet_parallax_layout_bg_y_tablet&quot;:&quot;&quot;,&quot;jet_parallax_layout_bg_y_mobile&quot;:&quot;&quot;,&quot;jet_parallax_layout_bg_size&quot;:&quot;auto&quot;,&quot;jet_parallax_layout_bg_size_tablet&quot;:&quot;&quot;,&quot;jet_parallax_layout_bg_size_mobile&quot;:&quot;&quot;,&quot;jet_parallax_layout_animation_prop&quot;:&quot;transform&quot;,&quot;jet_parallax_layout_on&quot;:[&quot;desktop&quot;,&quot;tablet&quot;]}]}\">\n\t\t\t\t\t\t<div class=\"elementor-container elementor-column-gap-default\">\n\t\t\t\t\t<div class=\"elementor-column elementor-col-100 elementor-top-column elementor-element elementor-element-e0456f1\" data-id=\"e0456f1\" data-element_type=\"column\">\n\t\t\t<div class=\"elementor-widget-wrap elementor-element-populated\">\n\t\t\t\t\t\t<div class=\"elementor-element elementor-element-57b1f1b elementor-widget elementor-widget-text-editor\" data-id=\"57b1f1b\" data-element_type=\"widget\" data-widget_type=\"text-editor.default\">\n\t\t\t\t\t\t\t\t\t<p><strong>O SUBSECRET\u00c1RIO DE LOG\u00cdSTICA DA SECRETARIA DE ESTADO DE PLANEJAMENTO E GEST\u00c3O<\/strong>, em atendimento ao disposto no artigo 3\u00ba do Decreto n\u00ba 47.695 de 20 de julho de 2021, e em conson\u00e2ncia com o processo administrativo n\u00ba SEI-120001\/008666\/2021,<\/p><p><strong>RESOLVE<\/strong>:<\/p><p><strong>Art. 1\u00ba<\/strong> &#8211; Ficam definidos como membros da Comiss\u00e3o Executiva da Pol\u00edtica de Gest\u00e3o Estrat\u00e9gica de Suprimentos, para as categorias de medicamentos e suprimentos hospitalares, os seguintes servidores:<\/p><p>I &#8211; Da Secretaria de Estado de Planejamento e Gest\u00e3o:<\/p><p>a) Marta Sampaio de Freitas &#8211; Superintendente de Contrata\u00e7\u00f5es &#8211; ID Funcional 2555326-7<\/p><p>b) Nathalia Rodrigues Cordeiro &#8211; Coordenadora de Planejamento Estrat\u00e9gico de Suprimentos &#8211; ID Funcional 5007758-9<\/p><p><del>c) Mohana Rangel dos Santos Reis &#8211; Coordenadora de Compras e Licita\u00e7\u00f5es &#8211; ID Funcional 5015009-0 (suplente)<\/del><\/p><p>c) Mariana Cordeiro Lorena &#8211; Assistente II &#8211; ID Funcional 5035094-3 (suplente). <a href=\"https:\/\/www.redelog.rj.gov.br\/redelog\/wp-content\/uploads\/2024\/02\/Portaria-SEPLAG-SUBLOG-no-18-Altera-a-Portaria-no-6.pdf\">(<em>Alterada pela Portaria SEPLAG\/SUBLOG n\u00ba 18\/2022)<\/em><\/a><\/p><p>II &#8211; Da Secretaria de Estado de Sa\u00fade &#8211; SES:<\/p><p>a) Melissa Silva de Oliveira &#8211; Superintendente de Log\u00edstica e Suprimentos- ID Funcional 5001804-3<\/p><p>b) Samira Santos El-Adji &#8211; Superintendente de Assist\u00eancia Farmac\u00eautica e Insumos Estrat\u00e9gicos- ID Funcional 4359016-0 (Suplente)<\/p><p><del>III &#8211; Da Secretaria de Estado de Pol\u00edcia Militar &#8211; SEPM:<\/del><br \/><del>a) Andr\u00e9 Nascimento de Melo &#8211; Diretor de Suprimentos de Sa\u00fade &#8211; ID <\/del><del>Funcional 2444254-2<\/del><br \/><del>b) Camila Barbosa de Carvalho &#8211; Assessora T\u00e9cnica da Diretoria de <\/del><del>Suprimentos de Sa\u00fade &#8211; ID Funcional 4357123-9 (Suplente)<\/del>\u00a0<\/p><p><del>III &#8211; Da Secretaria de Estado de Pol\u00edcia Militar &#8211; SEPM:<\/del><br \/><del>a) Andr\u00e9 Nascimento de Melo &#8211; Diretor de Suprimentos de Sa\u00fade &#8211; ID Funcional 2444254-2<\/del><br \/><del>b) Camila Barbosa de Carvalho &#8211; Assessora T\u00e9cnica da Diretoria de Suprimentos de Sa\u00fade &#8211; ID Funcional 4357123-9 (Suplente)<\/del><br \/><del>c) Luciana Borret Florencio Silva &#8211; Diretora de Suprimentos de Sa\u00fade Bucal &#8211; ID Funcional 2448023-1<\/del><br \/><del>d) Sabina Almeida Nogueira da Gama &#8211; Chefe da Pesquisa de Mercado da Diretoria de Suprimentos de Sa\u00fade Bucal &#8211; ID Funcional 2448953-0. <a href=\"http:\/\/redelog.rj.gov.br\/redelog\/wp-content\/uploads\/2022\/01\/Portaria-SEPLAG-SUBLOG-no-8-2021-Altera-a-Portaria-no-6.pdf\">(<em>Alterada pela Portaria SEPLAG\/SUBLOG n\u00ba 08\/2021<\/em>)<\/a><\/del><\/p><p>III &#8211; Da Secretaria de Estado de Pol\u00edcia Militar &#8211; SEPM:<\/p><p>a) Andr\u00e9 Nascimento de Melo &#8211; Diretor de Suprimentos de Sa\u00fade &#8211; ID Funcional 2444254-2;<\/p><p>b) Robson Miranda Mateus &#8211; Assessor T\u00e9cnico da Diretoria de Suprimentos de Sa\u00fade &#8211; ID Funcional 4398737-0 (Suplente);<\/p><p>c) Luciana Borret Florencio Silva &#8211; Diretora de Suprimentos de Sa\u00fade Bucal &#8211; ID Funcional 2448023-1;<\/p><p>d) Sabina Almeida Nogueira da Gama &#8211; Chefe da Pesquisa de Mercado da Diretoria de Suprimentos de Sa\u00fade Bucal &#8211; ID Funcional 2448953-0 (Suplente). <a href=\"https:\/\/www.redelog.rj.gov.br\/redelog\/wp-content\/uploads\/2024\/02\/Portaria-SEPLAG-SUBLOG-No-11-ALTERA-A-PORTARIA-SEPLAG-SUBLOG-No-06.pdf\">(<em>Alterado pela Portaria SEPLAG\/SUBLOG n\u00ba 11\/2021)<\/em><\/a><\/p><p>IV &#8211; Da Secretaria de Estado de Defesa Civil &#8211; SEDEC:<\/p><p>a) Gustavo Soares de Moura Pierro &#8211; Subdiretor da Diretoria Geral de<\/p><p>Sa\u00fade\/DGS &#8211; ID Funcional 2663404-0<\/p><p>b) Aline Palma de Alvarez Pereira- Departamento Geral de Administra\u00e7\u00e3o e Finan\u00e7as &#8211; ID Funcional 3231083-8 (Suplente)<\/p><p>V &#8211; Da Funda\u00e7\u00e3o Sa\u00fade do Estado do Rio de Janeiro &#8211; FSERJ:<\/p><p>a) Ana Paula de Almeida Queiroz &#8211; Gerente de Incorpora\u00e7\u00e3o (Categoria medicamentos) &#8211; ID Funcional 3123772-0<\/p><p>b) Cristina Mansur Zogbi &#8211; Gerente de Opera\u00e7\u00f5es (Categoria suprimentos hospitalares) &#8211; ID Funcional 5085614-6<\/p><p>c) Julia Hauaji Mota de Oliveira &#8211; Coordenadora de Apoio Multidisciplinar (Categoria medicamentos) &#8211; ID Funcional 5091543-6 (Suplente)<\/p><p>d) Milena Siqueira Elias &#8211; Coordenadora de Monitoramento e Controle<\/p><p>(Categoria suprimentos hospitalares) &#8211; ID Funcional 5085615-4 (Suplente)<\/p><p>VI &#8211; Do Hospital Universit\u00e1rio Pedro Ernesto &#8211; HUPE:<\/p><p>a) Roberto Pozzan &#8211; Assessor da Dire\u00e7\u00e3o Geral &#8211; ID Funcional 2579845<\/p><p>b) Paulo Roberto Benchimol Barbosa &#8211; Coordenador de Medicina Cl\u00ednica &#8211; ID Funcional 3231707 (Suplente)<\/p><p><strong>Art. 2\u00ba<\/strong> &#8211; As datas e pautas das reuni\u00f5es de seus membros ser\u00e3o definidas pela Subsecretaria de Log\u00edstica da Secretaria de Estado de Planejamento e Gest\u00e3o e informadas aos participantes por correio eletr\u00f4nico.<\/p><p><strong>Art. 3\u00ba<\/strong> &#8211; Esta portaria entrar\u00e1 em vigor na data de sua publica\u00e7\u00e3o.<\/p><p style=\"text-align: center;\">Rio de Janeiro, 13 de agosto de 2021<\/p><p style=\"text-align: center;\"><strong>HUGO CARVALHO DE S\u00c1<\/strong><\/p><p style=\"text-align: center;\">Subsecret\u00e1rio de Log\u00edstica<\/p><p style=\"text-align: right;\">Id: 2334552<\/p>\t\t\t\t\t\t\t\t<\/div>\n\t\t\t\t\t<\/div>\n\t\t<\/div>\n\t\t\t\t\t<\/div>\n\t\t<\/section>\n\t\t\t\t<section class=\"elementor-section elementor-top-section elementor-element elementor-element-5577641 elementor-section-boxed elementor-section-height-default elementor-section-height-default\" data-id=\"5577641\" data-element_type=\"section\" data-settings=\"{&quot;jet_parallax_layout_list&quot;:[{&quot;jet_parallax_layout_image&quot;:{&quot;url&quot;:&quot;&quot;,&quot;id&quot;:&quot;&quot;,&quot;size&quot;:&quot;&quot;},&quot;_id&quot;:&quot;04dd098&quot;,&quot;jet_parallax_layout_image_tablet&quot;:{&quot;url&quot;:&quot;&quot;,&quot;id&quot;:&quot;&quot;,&quot;size&quot;:&quot;&quot;},&quot;jet_parallax_layout_image_mobile&quot;:{&quot;url&quot;:&quot;&quot;,&quot;id&quot;:&quot;&quot;,&quot;size&quot;:&quot;&quot;},&quot;jet_parallax_layout_speed&quot;:{&quot;unit&quot;:&quot;%&quot;,&quot;size&quot;:50,&quot;sizes&quot;:[]},&quot;jet_parallax_layout_type&quot;:&quot;scroll&quot;,&quot;jet_parallax_layout_direction&quot;:&quot;1&quot;,&quot;jet_parallax_layout_fx_direction&quot;:null,&quot;jet_parallax_layout_z_index&quot;:&quot;&quot;,&quot;jet_parallax_layout_bg_x&quot;:50,&quot;jet_parallax_layout_bg_x_tablet&quot;:&quot;&quot;,&quot;jet_parallax_layout_bg_x_mobile&quot;:&quot;&quot;,&quot;jet_parallax_layout_bg_y&quot;:50,&quot;jet_parallax_layout_bg_y_tablet&quot;:&quot;&quot;,&quot;jet_parallax_layout_bg_y_mobile&quot;:&quot;&quot;,&quot;jet_parallax_layout_bg_size&quot;:&quot;auto&quot;,&quot;jet_parallax_layout_bg_size_tablet&quot;:&quot;&quot;,&quot;jet_parallax_layout_bg_size_mobile&quot;:&quot;&quot;,&quot;jet_parallax_layout_animation_prop&quot;:&quot;transform&quot;,&quot;jet_parallax_layout_on&quot;:[&quot;desktop&quot;,&quot;tablet&quot;]}]}\">\n\t\t\t\t\t\t<div class=\"elementor-container elementor-column-gap-default\">\n\t\t\t\t\t<div class=\"elementor-column elementor-col-100 elementor-top-column elementor-element elementor-element-cb3714a\" data-id=\"cb3714a\" data-element_type=\"column\">\n\t\t\t<div class=\"elementor-widget-wrap elementor-element-populated\">\n\t\t\t\t\t\t<div class=\"elementor-element elementor-element-ba51c84 elementor-widget elementor-widget-text-editor\" data-id=\"ba51c84\" data-element_type=\"widget\" data-widget_type=\"text-editor.default\">\n\t\t\t\t\t\t\t\t\t<p><em>Publicada no DOE em <a href=\"http:\/\/redelog.rj.gov.br\/redelog\/wp-content\/uploads\/2022\/01\/Portaria-SEPLAG-SUBLOG-no-6-2021-\u2013-Comissao-Executiva-da-Politica-de-Gestao-Estrategica-de-Suprimentos-Hospitalares.pdf\" target=\"_blank\" rel=\"noopener\"><strong>18\/08\/2021<\/strong><\/a>.<\/em><\/p><p><em>Alterada pela Portaria SEPLAG\/SUBLOG n\u00ba 08, de 29 de setembro de 2021, publicado no DOE de <a href=\"http:\/\/redelog.rj.gov.br\/redelog\/wp-content\/uploads\/2022\/01\/Portaria-SEPLAG-SUBLOG-no-8-2021-Altera-a-Portaria-no-6.pdf\" target=\"_blank\" rel=\"noopener\"><strong>05\/10\/2021<\/strong><\/a>.<\/em><\/p><p><em>Alterada pela Portaria SEPLAG\/SUBLOG n\u00ba 11, de 02 de dezembro de 2021, publicado no DOE de <a href=\"https:\/\/www.redelog.rj.gov.br\/redelog\/wp-content\/uploads\/2024\/02\/Portaria-SEPLAG-SUBLOG-No-11-ALTERA-A-PORTARIA-SEPLAG-SUBLOG-No-06.pdf\"><strong>06\/12\/2021<\/strong><\/a>.<\/em><\/p><p><em>Alterada pela Portaria SEPLAG\/SUBLOG n\u00ba 18, de 28 de julho de 2022, publicado no DOE de <a href=\"https:\/\/www.redelog.rj.gov.br\/redelog\/wp-content\/uploads\/2024\/02\/Portaria-SEPLAG-SUBLOG-no-18-Altera-a-Portaria-no-6.pdf\"><strong>05\/08\/2022<\/strong><\/a>.<\/em><\/p>\t\t\t\t\t\t\t\t<\/div>\n\t\t\t\t\t<\/div>\n\t\t<\/div>\n\t\t\t\t\t<\/div>\n\t\t<\/section>\n\t\t\t\t<section class=\"elementor-section elementor-top-section elementor-element elementor-element-02d1705 elementor-section-boxed elementor-section-height-default elementor-section-height-default\" data-id=\"02d1705\" data-element_type=\"section\" data-settings=\"{&quot;jet_parallax_layout_list&quot;:[{&quot;jet_parallax_layout_image&quot;:{&quot;url&quot;:&quot;&quot;,&quot;id&quot;:&quot;&quot;,&quot;size&quot;:&quot;&quot;},&quot;_id&quot;:&quot;ab030fc&quot;,&quot;jet_parallax_layout_image_tablet&quot;:{&quot;url&quot;:&quot;&quot;,&quot;id&quot;:&quot;&quot;,&quot;size&quot;:&quot;&quot;},&quot;jet_parallax_layout_image_mobile&quot;:{&quot;url&quot;:&quot;&quot;,&quot;id&quot;:&quot;&quot;,&quot;size&quot;:&quot;&quot;},&quot;jet_parallax_layout_speed&quot;:{&quot;unit&quot;:&quot;%&quot;,&quot;size&quot;:50,&quot;sizes&quot;:[]},&quot;jet_parallax_layout_type&quot;:&quot;scroll&quot;,&quot;jet_parallax_layout_direction&quot;:&quot;1&quot;,&quot;jet_parallax_layout_fx_direction&quot;:null,&quot;jet_parallax_layout_z_index&quot;:&quot;&quot;,&quot;jet_parallax_layout_bg_x&quot;:50,&quot;jet_parallax_layout_bg_x_tablet&quot;:&quot;&quot;,&quot;jet_parallax_layout_bg_x_mobile&quot;:&quot;&quot;,&quot;jet_parallax_layout_bg_y&quot;:50,&quot;jet_parallax_layout_bg_y_tablet&quot;:&quot;&quot;,&quot;jet_parallax_layout_bg_y_mobile&quot;:&quot;&quot;,&quot;jet_parallax_layout_bg_size&quot;:&quot;auto&quot;,&quot;jet_parallax_layout_bg_size_tablet&quot;:&quot;&quot;,&quot;jet_parallax_layout_bg_size_mobile&quot;:&quot;&quot;,&quot;jet_parallax_layout_animation_prop&quot;:&quot;transform&quot;,&quot;jet_parallax_layout_on&quot;:[&quot;desktop&quot;,&quot;tablet&quot;]}]}\">\n\t\t\t\t\t\t<div class=\"elementor-container elementor-column-gap-default\">\n\t\t\t\t\t<div class=\"elementor-column elementor-col-100 elementor-top-column elementor-element elementor-element-360ba52\" data-id=\"360ba52\" data-element_type=\"column\">\n\t\t\t<div class=\"elementor-widget-wrap elementor-element-populated\">\n\t\t\t\t\t\t<div class=\"elementor-element elementor-element-8b406d7 elementor-widget-divider--view-line elementor-widget elementor-widget-divider\" data-id=\"8b406d7\" data-element_type=\"widget\" data-widget_type=\"divider.default\">\n\t\t\t\t\t\t\t<div class=\"elementor-divider\">\n\t\t\t<span class=\"elementor-divider-separator\">\n\t\t\t\t\t\t<\/span>\n\t\t<\/div>\n\t\t\t\t\t\t<\/div>\n\t\t\t\t\t<\/div>\n\t\t<\/div>\n\t\t\t\t\t<\/div>\n\t\t<\/section>\n\t\t\t\t<section class=\"elementor-section elementor-top-section elementor-element elementor-element-eea8a0e elementor-section-boxed elementor-section-height-default elementor-section-height-default\" data-id=\"eea8a0e\" data-element_type=\"section\" id=\"options\" data-settings=\"{&quot;jet_parallax_layout_list&quot;:[{&quot;jet_parallax_layout_image&quot;:{&quot;url&quot;:&quot;&quot;,&quot;id&quot;:&quot;&quot;,&quot;size&quot;:&quot;&quot;},&quot;_id&quot;:&quot;19d7213&quot;,&quot;jet_parallax_layout_image_tablet&quot;:{&quot;url&quot;:&quot;&quot;,&quot;id&quot;:&quot;&quot;,&quot;size&quot;:&quot;&quot;},&quot;jet_parallax_layout_image_mobile&quot;:{&quot;url&quot;:&quot;&quot;,&quot;id&quot;:&quot;&quot;,&quot;size&quot;:&quot;&quot;},&quot;jet_parallax_layout_speed&quot;:{&quot;unit&quot;:&quot;%&quot;,&quot;size&quot;:50,&quot;sizes&quot;:[]},&quot;jet_parallax_layout_type&quot;:&quot;scroll&quot;,&quot;jet_parallax_layout_direction&quot;:&quot;1&quot;,&quot;jet_parallax_layout_fx_direction&quot;:null,&quot;jet_parallax_layout_z_index&quot;:&quot;&quot;,&quot;jet_parallax_layout_bg_x&quot;:50,&quot;jet_parallax_layout_bg_x_tablet&quot;:&quot;&quot;,&quot;jet_parallax_layout_bg_x_mobile&quot;:&quot;&quot;,&quot;jet_parallax_layout_bg_y&quot;:50,&quot;jet_parallax_layout_bg_y_tablet&quot;:&quot;&quot;,&quot;jet_parallax_layout_bg_y_mobile&quot;:&quot;&quot;,&quot;jet_parallax_layout_bg_size&quot;:&quot;auto&quot;,&quot;jet_parallax_layout_bg_size_tablet&quot;:&quot;&quot;,&quot;jet_parallax_layout_bg_size_mobile&quot;:&quot;&quot;,&quot;jet_parallax_layout_animation_prop&quot;:&quot;transform&quot;,&quot;jet_parallax_layout_on&quot;:[&quot;desktop&quot;,&quot;tablet&quot;]}]}\">\n\t\t\t\t\t\t<div class=\"elementor-container elementor-column-gap-default\">\n\t\t\t\t\t<div class=\"elementor-column elementor-col-100 elementor-top-column elementor-element elementor-element-8e252d8\" data-id=\"8e252d8\" data-element_type=\"column\">\n\t\t\t<div class=\"elementor-widget-wrap elementor-element-populated\">\n\t\t\t\t\t\t<div class=\"elementor-element elementor-element-6f3e401 elementor-widget elementor-widget-shortcode\" data-id=\"6f3e401\" data-element_type=\"widget\" data-widget_type=\"shortcode.default\">\n\t\t\t\t\t\t\t<div class=\"elementor-shortcode\"><div class='printomatic pom-default ' id='id6852' alt='Imprimir' title='Imprimir' data-print_target='#post-9252'><\/div> <div class='printomatictext' id='id6852' alt='Imprimir' title='Imprimir' data-print_target='#post-9252'>Imprimir<\/div><div style='clear: both;'><\/div><\/div>\n\t\t\t\t\t\t<\/div>\n\t\t\t\t<section class=\"elementor-section elementor-inner-section elementor-element elementor-element-a7ebc18 elementor-section-boxed elementor-section-height-default elementor-section-height-default\" data-id=\"a7ebc18\" data-element_type=\"section\" data-settings=\"{&quot;jet_parallax_layout_list&quot;:[{&quot;jet_parallax_layout_image&quot;:{&quot;url&quot;:&quot;&quot;,&quot;id&quot;:&quot;&quot;,&quot;size&quot;:&quot;&quot;},&quot;_id&quot;:&quot;ccec7d1&quot;,&quot;jet_parallax_layout_image_tablet&quot;:{&quot;url&quot;:&quot;&quot;,&quot;id&quot;:&quot;&quot;,&quot;size&quot;:&quot;&quot;},&quot;jet_parallax_layout_image_mobile&quot;:{&quot;url&quot;:&quot;&quot;,&quot;id&quot;:&quot;&quot;,&quot;size&quot;:&quot;&quot;},&quot;jet_parallax_layout_speed&quot;:{&quot;unit&quot;:&quot;%&quot;,&quot;size&quot;:50,&quot;sizes&quot;:[]},&quot;jet_parallax_layout_type&quot;:&quot;scroll&quot;,&quot;jet_parallax_layout_direction&quot;:&quot;1&quot;,&quot;jet_parallax_layout_fx_direction&quot;:null,&quot;jet_parallax_layout_z_index&quot;:&quot;&quot;,&quot;jet_parallax_layout_bg_x&quot;:50,&quot;jet_parallax_layout_bg_x_tablet&quot;:&quot;&quot;,&quot;jet_parallax_layout_bg_x_mobile&quot;:&quot;&quot;,&quot;jet_parallax_layout_bg_y&quot;:50,&quot;jet_parallax_layout_bg_y_tablet&quot;:&quot;&quot;,&quot;jet_parallax_layout_bg_y_mobile&quot;:&quot;&quot;,&quot;jet_parallax_layout_bg_size&quot;:&quot;auto&quot;,&quot;jet_parallax_layout_bg_size_tablet&quot;:&quot;&quot;,&quot;jet_parallax_layout_bg_size_mobile&quot;:&quot;&quot;,&quot;jet_parallax_layout_animation_prop&quot;:&quot;transform&quot;,&quot;jet_parallax_layout_on&quot;:[&quot;desktop&quot;,&quot;tablet&quot;]}]}\">\n\t\t\t\t\t\t<div class=\"elementor-container elementor-column-gap-default\">\n\t\t\t\t\t<div class=\"elementor-column elementor-col-50 elementor-inner-column elementor-element elementor-element-4041657\" data-id=\"4041657\" data-element_type=\"column\">\n\t\t\t<div class=\"elementor-widget-wrap elementor-element-populated\">\n\t\t\t\t\t\t<div class=\"elementor-element elementor-element-ac36b09 elementor-widget elementor-widget-text-editor\" data-id=\"ac36b09\" data-element_type=\"widget\" data-widget_type=\"text-editor.default\">\n\t\t\t\t\t\t\t\t\t<p><strong><a href=\"http:\/\/redelog.rj.gov.br\/redelog\/legislacao-licitacoes\/\">\u2190 Voltar &#8211; Licita\u00e7\u00f5es<\/a><\/strong><\/p>\t\t\t\t\t\t\t\t<\/div>\n\t\t\t\t\t<\/div>\n\t\t<\/div>\n\t\t\t\t<div class=\"elementor-column elementor-col-50 elementor-inner-column elementor-element elementor-element-fe31d02\" data-id=\"fe31d02\" data-element_type=\"column\">\n\t\t\t<div class=\"elementor-widget-wrap elementor-element-populated\">\n\t\t\t\t\t\t\t<\/div>\n\t\t<\/div>\n\t\t\t\t\t<\/div>\n\t\t<\/section>\n\t\t\t\t\t<\/div>\n\t\t<\/div>\n\t\t\t\t\t<\/div>\n\t\t<\/section>\n\t\t\t\t<section class=\"elementor-section elementor-top-section elementor-element elementor-element-087a75b elementor-section-boxed elementor-section-height-default elementor-section-height-default\" data-id=\"087a75b\" data-element_type=\"section\" data-settings=\"{&quot;jet_parallax_layout_list&quot;:[{&quot;jet_parallax_layout_image&quot;:{&quot;url&quot;:&quot;&quot;,&quot;id&quot;:&quot;&quot;,&quot;size&quot;:&quot;&quot;},&quot;_id&quot;:&quot;22a0abb&quot;,&quot;jet_parallax_layout_image_tablet&quot;:{&quot;url&quot;:&quot;&quot;,&quot;id&quot;:&quot;&quot;,&quot;size&quot;:&quot;&quot;},&quot;jet_parallax_layout_image_mobile&quot;:{&quot;url&quot;:&quot;&quot;,&quot;id&quot;:&quot;&quot;,&quot;size&quot;:&quot;&quot;},&quot;jet_parallax_layout_speed&quot;:{&quot;unit&quot;:&quot;%&quot;,&quot;size&quot;:50,&quot;sizes&quot;:[]},&quot;jet_parallax_layout_type&quot;:&quot;scroll&quot;,&quot;jet_parallax_layout_direction&quot;:&quot;1&quot;,&quot;jet_parallax_layout_fx_direction&quot;:null,&quot;jet_parallax_layout_z_index&quot;:&quot;&quot;,&quot;jet_parallax_layout_bg_x&quot;:50,&quot;jet_parallax_layout_bg_x_tablet&quot;:&quot;&quot;,&quot;jet_parallax_layout_bg_x_mobile&quot;:&quot;&quot;,&quot;jet_parallax_layout_bg_y&quot;:50,&quot;jet_parallax_layout_bg_y_tablet&quot;:&quot;&quot;,&quot;jet_parallax_layout_bg_y_mobile&quot;:&quot;&quot;,&quot;jet_parallax_layout_bg_size&quot;:&quot;auto&quot;,&quot;jet_parallax_layout_bg_size_tablet&quot;:&quot;&quot;,&quot;jet_parallax_layout_bg_size_mobile&quot;:&quot;&quot;,&quot;jet_parallax_layout_animation_prop&quot;:&quot;transform&quot;,&quot;jet_parallax_layout_on&quot;:[&quot;desktop&quot;,&quot;tablet&quot;]}]}\">\n\t\t\t\t\t\t<div class=\"elementor-container elementor-column-gap-default\">\n\t\t\t\t\t<div class=\"elementor-column elementor-col-100 elementor-top-column elementor-element elementor-element-b4e8a2a\" data-id=\"b4e8a2a\" data-element_type=\"column\">\n\t\t\t<div class=\"elementor-widget-wrap elementor-element-populated\">\n\t\t\t\t\t\t<div class=\"elementor-element elementor-element-acf5182 elementor-widget elementor-widget-html\" data-id=\"acf5182\" data-element_type=\"widget\" data-widget_type=\"html.default\">\n\t\t\t\t\t<style>\n    h2, .h2-style{\n        font-size: 28px;\n    }\n<\/style>\t\t\t\t<\/div>\n\t\t\t\t\t<\/div>\n\t\t<\/div>\n\t\t\t\t\t<\/div>\n\t\t<\/section>\n\t\t\t\t<\/div>\n\t\t","protected":false},"excerpt":{"rendered":"<p>DIVULGA A COMPOSI\u00c7\u00c3O DOS INTEGRANTES DA COMISS\u00c3O EXECUTIVA DA POL\u00cdTICA DE GEST\u00c3O ESTRAT\u00c9GICA DE SUPRIMENTOS, PARA AS CATEGORIAS DE MEDICAMENTOS E SUPRIMENTOS HOSPITALARES, ESTABELECIDO PELO DECRETO N\u00ba 47.695 DE 20 DE JULHO DE 2021. O SUBSECRET\u00c1RIO DE LOG\u00cdSTICA DA SECRETARIA DE ESTADO DE PLANEJAMENTO E GEST\u00c3O, em atendimento ao disposto no artigo 3\u00ba do Decreto [&hellip;]<\/p>\n","protected":false},"author":1,"featured_media":0,"comment_status":"closed","ping_status":"open","sticky":false,"template":"","format":"standard","meta":{"_joinchat":[],"footnotes":""},"categories":[23],"tags":[],"class_list":["post-9252","post","type-post","status-publish","format-standard","hentry","category-cat-legislacao"],"yoast_head":"<!-- This site is optimized with the Yoast SEO plugin v25.7 - https:\/\/yoast.com\/wordpress\/plugins\/seo\/ -->\n<title>PORTARIA SEPLAG\/SUBLOG N\u00ba 6, DE 13 DE AGOSTO DE 2021 - Redelog<\/title>\n<meta name=\"robots\" content=\"index, follow, max-snippet:-1, max-image-preview:large, max-video-preview:-1\" \/>\n<link rel=\"canonical\" href=\"https:\/\/redelog.rj.gov.br\/redelog\/portaria-seplag-sublog-no-6\/\" \/>\n<meta property=\"og:locale\" content=\"pt_BR\" \/>\n<meta property=\"og:type\" content=\"article\" \/>\n<meta property=\"og:title\" content=\"PORTARIA SEPLAG\/SUBLOG N\u00ba 6, DE 13 DE AGOSTO DE 2021 - Redelog\" \/>\n<meta property=\"og:description\" content=\"DIVULGA A COMPOSI\u00c7\u00c3O DOS INTEGRANTES DA COMISS\u00c3O EXECUTIVA DA POL\u00cdTICA DE GEST\u00c3O ESTRAT\u00c9GICA DE SUPRIMENTOS, PARA AS CATEGORIAS DE MEDICAMENTOS E SUPRIMENTOS HOSPITALARES, ESTABELECIDO PELO DECRETO N\u00ba 47.695 DE 20 DE JULHO DE 2021. O SUBSECRET\u00c1RIO DE LOG\u00cdSTICA DA SECRETARIA DE ESTADO DE PLANEJAMENTO E GEST\u00c3O, em atendimento ao disposto no artigo 3\u00ba do Decreto [&hellip;]\" \/>\n<meta property=\"og:url\" content=\"https:\/\/redelog.rj.gov.br\/redelog\/portaria-seplag-sublog-no-6\/\" \/>\n<meta property=\"og:site_name\" content=\"Redelog\" \/>\n<meta property=\"article:published_time\" content=\"2022-01-13T16:45:44+00:00\" \/>\n<meta property=\"article:modified_time\" content=\"2024-02-16T18:40:44+00:00\" \/>\n<meta name=\"author\" content=\"alheiro\" \/>\n<meta name=\"twitter:card\" content=\"summary_large_image\" \/>\n<meta name=\"twitter:label1\" content=\"Escrito por\" \/>\n\t<meta name=\"twitter:data1\" content=\"alheiro\" \/>\n\t<meta name=\"twitter:label2\" content=\"Est. tempo de leitura\" \/>\n\t<meta name=\"twitter:data2\" content=\"3 minutos\" \/>\n<script type=\"application\/ld+json\" class=\"yoast-schema-graph\">{\"@context\":\"https:\/\/schema.org\",\"@graph\":[{\"@type\":\"Article\",\"@id\":\"https:\/\/redelog.rj.gov.br\/redelog\/portaria-seplag-sublog-no-6\/#article\",\"isPartOf\":{\"@id\":\"https:\/\/redelog.rj.gov.br\/redelog\/portaria-seplag-sublog-no-6\/\"},\"author\":{\"name\":\"alheiro\",\"@id\":\"https:\/\/redelog.rj.gov.br\/redelog\/#\/schema\/person\/1299ae2b7bfb510dd74c28ed239470fb\"},\"headline\":\"PORTARIA SEPLAG\/SUBLOG N\u00ba 6, DE 13 DE AGOSTO DE 2021\",\"datePublished\":\"2022-01-13T16:45:44+00:00\",\"dateModified\":\"2024-02-16T18:40:44+00:00\",\"mainEntityOfPage\":{\"@id\":\"https:\/\/redelog.rj.gov.br\/redelog\/portaria-seplag-sublog-no-6\/\"},\"wordCount\":773,\"publisher\":{\"@id\":\"https:\/\/redelog.rj.gov.br\/redelog\/#organization\"},\"articleSection\":[\"Legisla\u00e7\u00e3o\"],\"inLanguage\":\"pt-BR\"},{\"@type\":\"WebPage\",\"@id\":\"https:\/\/redelog.rj.gov.br\/redelog\/portaria-seplag-sublog-no-6\/\",\"url\":\"https:\/\/redelog.rj.gov.br\/redelog\/portaria-seplag-sublog-no-6\/\",\"name\":\"PORTARIA SEPLAG\/SUBLOG N\u00ba 6, DE 13 DE AGOSTO DE 2021 - Redelog\",\"isPartOf\":{\"@id\":\"https:\/\/redelog.rj.gov.br\/redelog\/#website\"},\"datePublished\":\"2022-01-13T16:45:44+00:00\",\"dateModified\":\"2024-02-16T18:40:44+00:00\",\"breadcrumb\":{\"@id\":\"https:\/\/redelog.rj.gov.br\/redelog\/portaria-seplag-sublog-no-6\/#breadcrumb\"},\"inLanguage\":\"pt-BR\",\"potentialAction\":[{\"@type\":\"ReadAction\",\"target\":[\"https:\/\/redelog.rj.gov.br\/redelog\/portaria-seplag-sublog-no-6\/\"]}]},{\"@type\":\"BreadcrumbList\",\"@id\":\"https:\/\/redelog.rj.gov.br\/redelog\/portaria-seplag-sublog-no-6\/#breadcrumb\",\"itemListElement\":[{\"@type\":\"ListItem\",\"position\":1,\"name\":\"Home\",\"item\":\"https:\/\/redelog.rj.gov.br\/redelog\/\"},{\"@type\":\"ListItem\",\"position\":2,\"name\":\"PORTARIA SEPLAG\/SUBLOG N\u00ba 6, DE 13 DE AGOSTO DE 2021\"}]},{\"@type\":\"WebSite\",\"@id\":\"https:\/\/redelog.rj.gov.br\/redelog\/#website\",\"url\":\"https:\/\/redelog.rj.gov.br\/redelog\/\",\"name\":\"Redelog\",\"description\":\"Site da Rede de Log\u00edstica e Planejamento do Estado do Rio de Janeiro\",\"publisher\":{\"@id\":\"https:\/\/redelog.rj.gov.br\/redelog\/#organization\"},\"potentialAction\":[{\"@type\":\"SearchAction\",\"target\":{\"@type\":\"EntryPoint\",\"urlTemplate\":\"https:\/\/redelog.rj.gov.br\/redelog\/?s={search_term_string}\"},\"query-input\":{\"@type\":\"PropertyValueSpecification\",\"valueRequired\":true,\"valueName\":\"search_term_string\"}}],\"inLanguage\":\"pt-BR\"},{\"@type\":\"Organization\",\"@id\":\"https:\/\/redelog.rj.gov.br\/redelog\/#organization\",\"name\":\"REDELOG\",\"url\":\"https:\/\/redelog.rj.gov.br\/redelog\/\",\"logo\":{\"@type\":\"ImageObject\",\"inLanguage\":\"pt-BR\",\"@id\":\"https:\/\/redelog.rj.gov.br\/redelog\/#\/schema\/logo\/image\/\",\"url\":\"http:\/\/10.10.8.100:8888\/redelog\/wp-content\/uploads\/2019\/09\/Redelog2.png\",\"contentUrl\":\"http:\/\/10.10.8.100:8888\/redelog\/wp-content\/uploads\/2019\/09\/Redelog2.png\",\"width\":565,\"height\":155,\"caption\":\"REDELOG\"},\"image\":{\"@id\":\"https:\/\/redelog.rj.gov.br\/redelog\/#\/schema\/logo\/image\/\"}},{\"@type\":\"Person\",\"@id\":\"https:\/\/redelog.rj.gov.br\/redelog\/#\/schema\/person\/1299ae2b7bfb510dd74c28ed239470fb\",\"name\":\"alheiro\",\"image\":{\"@type\":\"ImageObject\",\"inLanguage\":\"pt-BR\",\"@id\":\"https:\/\/redelog.rj.gov.br\/redelog\/#\/schema\/person\/image\/\",\"url\":\"https:\/\/secure.gravatar.com\/avatar\/682da79d56fd06a1a63ccaa75b42ffe0c9b0609a62bc395d810f23f98140dcae?s=96&d=mm&r=g\",\"contentUrl\":\"https:\/\/secure.gravatar.com\/avatar\/682da79d56fd06a1a63ccaa75b42ffe0c9b0609a62bc395d810f23f98140dcae?s=96&d=mm&r=g\",\"caption\":\"alheiro\"},\"sameAs\":[\"http:\/\/10.9.108.118:3000\/redelog\"],\"url\":\"https:\/\/redelog.rj.gov.br\/redelog\/author\/alheiro\/\"}]}<\/script>\n<!-- \/ Yoast SEO plugin. -->","yoast_head_json":{"title":"PORTARIA SEPLAG\/SUBLOG N\u00ba 6, DE 13 DE AGOSTO DE 2021 - Redelog","robots":{"index":"index","follow":"follow","max-snippet":"max-snippet:-1","max-image-preview":"max-image-preview:large","max-video-preview":"max-video-preview:-1"},"canonical":"https:\/\/redelog.rj.gov.br\/redelog\/portaria-seplag-sublog-no-6\/","og_locale":"pt_BR","og_type":"article","og_title":"PORTARIA SEPLAG\/SUBLOG N\u00ba 6, DE 13 DE AGOSTO DE 2021 - Redelog","og_description":"DIVULGA A COMPOSI\u00c7\u00c3O DOS INTEGRANTES DA COMISS\u00c3O EXECUTIVA DA POL\u00cdTICA DE GEST\u00c3O ESTRAT\u00c9GICA DE SUPRIMENTOS, PARA AS CATEGORIAS DE MEDICAMENTOS E SUPRIMENTOS HOSPITALARES, ESTABELECIDO PELO DECRETO N\u00ba 47.695 DE 20 DE JULHO DE 2021. O SUBSECRET\u00c1RIO DE LOG\u00cdSTICA DA SECRETARIA DE ESTADO DE PLANEJAMENTO E GEST\u00c3O, em atendimento ao disposto no artigo 3\u00ba do Decreto [&hellip;]","og_url":"https:\/\/redelog.rj.gov.br\/redelog\/portaria-seplag-sublog-no-6\/","og_site_name":"Redelog","article_published_time":"2022-01-13T16:45:44+00:00","article_modified_time":"2024-02-16T18:40:44+00:00","author":"alheiro","twitter_card":"summary_large_image","twitter_misc":{"Escrito por":"alheiro","Est. tempo de leitura":"3 minutos"},"schema":{"@context":"https:\/\/schema.org","@graph":[{"@type":"Article","@id":"https:\/\/redelog.rj.gov.br\/redelog\/portaria-seplag-sublog-no-6\/#article","isPartOf":{"@id":"https:\/\/redelog.rj.gov.br\/redelog\/portaria-seplag-sublog-no-6\/"},"author":{"name":"alheiro","@id":"https:\/\/redelog.rj.gov.br\/redelog\/#\/schema\/person\/1299ae2b7bfb510dd74c28ed239470fb"},"headline":"PORTARIA SEPLAG\/SUBLOG N\u00ba 6, DE 13 DE AGOSTO DE 2021","datePublished":"2022-01-13T16:45:44+00:00","dateModified":"2024-02-16T18:40:44+00:00","mainEntityOfPage":{"@id":"https:\/\/redelog.rj.gov.br\/redelog\/portaria-seplag-sublog-no-6\/"},"wordCount":773,"publisher":{"@id":"https:\/\/redelog.rj.gov.br\/redelog\/#organization"},"articleSection":["Legisla\u00e7\u00e3o"],"inLanguage":"pt-BR"},{"@type":"WebPage","@id":"https:\/\/redelog.rj.gov.br\/redelog\/portaria-seplag-sublog-no-6\/","url":"https:\/\/redelog.rj.gov.br\/redelog\/portaria-seplag-sublog-no-6\/","name":"PORTARIA SEPLAG\/SUBLOG N\u00ba 6, DE 13 DE AGOSTO DE 2021 - Redelog","isPartOf":{"@id":"https:\/\/redelog.rj.gov.br\/redelog\/#website"},"datePublished":"2022-01-13T16:45:44+00:00","dateModified":"2024-02-16T18:40:44+00:00","breadcrumb":{"@id":"https:\/\/redelog.rj.gov.br\/redelog\/portaria-seplag-sublog-no-6\/#breadcrumb"},"inLanguage":"pt-BR","potentialAction":[{"@type":"ReadAction","target":["https:\/\/redelog.rj.gov.br\/redelog\/portaria-seplag-sublog-no-6\/"]}]},{"@type":"BreadcrumbList","@id":"https:\/\/redelog.rj.gov.br\/redelog\/portaria-seplag-sublog-no-6\/#breadcrumb","itemListElement":[{"@type":"ListItem","position":1,"name":"Home","item":"https:\/\/redelog.rj.gov.br\/redelog\/"},{"@type":"ListItem","position":2,"name":"PORTARIA SEPLAG\/SUBLOG N\u00ba 6, DE 13 DE AGOSTO DE 2021"}]},{"@type":"WebSite","@id":"https:\/\/redelog.rj.gov.br\/redelog\/#website","url":"https:\/\/redelog.rj.gov.br\/redelog\/","name":"Redelog","description":"Site da Rede de Log\u00edstica e Planejamento do Estado do Rio de Janeiro","publisher":{"@id":"https:\/\/redelog.rj.gov.br\/redelog\/#organization"},"potentialAction":[{"@type":"SearchAction","target":{"@type":"EntryPoint","urlTemplate":"https:\/\/redelog.rj.gov.br\/redelog\/?s={search_term_string}"},"query-input":{"@type":"PropertyValueSpecification","valueRequired":true,"valueName":"search_term_string"}}],"inLanguage":"pt-BR"},{"@type":"Organization","@id":"https:\/\/redelog.rj.gov.br\/redelog\/#organization","name":"REDELOG","url":"https:\/\/redelog.rj.gov.br\/redelog\/","logo":{"@type":"ImageObject","inLanguage":"pt-BR","@id":"https:\/\/redelog.rj.gov.br\/redelog\/#\/schema\/logo\/image\/","url":"http:\/\/10.10.8.100:8888\/redelog\/wp-content\/uploads\/2019\/09\/Redelog2.png","contentUrl":"http:\/\/10.10.8.100:8888\/redelog\/wp-content\/uploads\/2019\/09\/Redelog2.png","width":565,"height":155,"caption":"REDELOG"},"image":{"@id":"https:\/\/redelog.rj.gov.br\/redelog\/#\/schema\/logo\/image\/"}},{"@type":"Person","@id":"https:\/\/redelog.rj.gov.br\/redelog\/#\/schema\/person\/1299ae2b7bfb510dd74c28ed239470fb","name":"alheiro","image":{"@type":"ImageObject","inLanguage":"pt-BR","@id":"https:\/\/redelog.rj.gov.br\/redelog\/#\/schema\/person\/image\/","url":"https:\/\/secure.gravatar.com\/avatar\/682da79d56fd06a1a63ccaa75b42ffe0c9b0609a62bc395d810f23f98140dcae?s=96&d=mm&r=g","contentUrl":"https:\/\/secure.gravatar.com\/avatar\/682da79d56fd06a1a63ccaa75b42ffe0c9b0609a62bc395d810f23f98140dcae?s=96&d=mm&r=g","caption":"alheiro"},"sameAs":["http:\/\/10.9.108.118:3000\/redelog"],"url":"https:\/\/redelog.rj.gov.br\/redelog\/author\/alheiro\/"}]}},"_links":{"self":[{"href":"https:\/\/redelog.rj.gov.br\/redelog\/wp-json\/wp\/v2\/posts\/9252","targetHints":{"allow":["GET"]}}],"collection":[{"href":"https:\/\/redelog.rj.gov.br\/redelog\/wp-json\/wp\/v2\/posts"}],"about":[{"href":"https:\/\/redelog.rj.gov.br\/redelog\/wp-json\/wp\/v2\/types\/post"}],"author":[{"embeddable":true,"href":"https:\/\/redelog.rj.gov.br\/redelog\/wp-json\/wp\/v2\/users\/1"}],"replies":[{"embeddable":true,"href":"https:\/\/redelog.rj.gov.br\/redelog\/wp-json\/wp\/v2\/comments?post=9252"}],"version-history":[{"count":58,"href":"https:\/\/redelog.rj.gov.br\/redelog\/wp-json\/wp\/v2\/posts\/9252\/revisions"}],"predecessor-version":[{"id":27935,"href":"https:\/\/redelog.rj.gov.br\/redelog\/wp-json\/wp\/v2\/posts\/9252\/revisions\/27935"}],"wp:attachment":[{"href":"https:\/\/redelog.rj.gov.br\/redelog\/wp-json\/wp\/v2\/media?parent=9252"}],"wp:term":[{"taxonomy":"category","embeddable":true,"href":"https:\/\/redelog.rj.gov.br\/redelog\/wp-json\/wp\/v2\/categories?post=9252"},{"taxonomy":"post_tag","embeddable":true,"href":"https:\/\/redelog.rj.gov.br\/redelog\/wp-json\/wp\/v2\/tags?post=9252"}],"curies":[{"name":"wp","href":"https:\/\/api.w.org\/{rel}","templated":true}]}}