{"id":9246,"date":"2022-01-13T13:47:18","date_gmt":"2022-01-13T16:47:18","guid":{"rendered":"http:\/\/10.11.80.6\/redelog\/?p=9246"},"modified":"2022-02-24T13:56:13","modified_gmt":"2022-02-24T16:56:13","slug":"decreto-estadual-no-46687","status":"publish","type":"post","link":"https:\/\/redelog.rj.gov.br\/redelog\/decreto-estadual-no-46687\/","title":{"rendered":"DECRETO N\u00ba 46.687, DE 03 DE JULHO DE 2019"},"content":{"rendered":"\t\t<div data-elementor-type=\"wp-post\" data-elementor-id=\"9246\" class=\"elementor elementor-9246\" data-elementor-post-type=\"post\">\n\t\t\t\t\t\t<section class=\"elementor-section elementor-top-section elementor-element elementor-element-cba4082 elementor-section-boxed elementor-section-height-default elementor-section-height-default\" data-id=\"cba4082\" data-element_type=\"section\" data-settings=\"{&quot;jet_parallax_layout_list&quot;:[{&quot;jet_parallax_layout_image&quot;:{&quot;url&quot;:&quot;&quot;,&quot;id&quot;:&quot;&quot;,&quot;size&quot;:&quot;&quot;},&quot;_id&quot;:&quot;6bab443&quot;,&quot;jet_parallax_layout_image_tablet&quot;:{&quot;url&quot;:&quot;&quot;,&quot;id&quot;:&quot;&quot;,&quot;size&quot;:&quot;&quot;},&quot;jet_parallax_layout_image_mobile&quot;:{&quot;url&quot;:&quot;&quot;,&quot;id&quot;:&quot;&quot;,&quot;size&quot;:&quot;&quot;},&quot;jet_parallax_layout_speed&quot;:{&quot;unit&quot;:&quot;%&quot;,&quot;size&quot;:50,&quot;sizes&quot;:[]},&quot;jet_parallax_layout_type&quot;:&quot;scroll&quot;,&quot;jet_parallax_layout_direction&quot;:&quot;1&quot;,&quot;jet_parallax_layout_fx_direction&quot;:null,&quot;jet_parallax_layout_z_index&quot;:&quot;&quot;,&quot;jet_parallax_layout_bg_x&quot;:50,&quot;jet_parallax_layout_bg_x_tablet&quot;:&quot;&quot;,&quot;jet_parallax_layout_bg_x_mobile&quot;:&quot;&quot;,&quot;jet_parallax_layout_bg_y&quot;:50,&quot;jet_parallax_layout_bg_y_tablet&quot;:&quot;&quot;,&quot;jet_parallax_layout_bg_y_mobile&quot;:&quot;&quot;,&quot;jet_parallax_layout_bg_size&quot;:&quot;auto&quot;,&quot;jet_parallax_layout_bg_size_tablet&quot;:&quot;&quot;,&quot;jet_parallax_layout_bg_size_mobile&quot;:&quot;&quot;,&quot;jet_parallax_layout_animation_prop&quot;:&quot;transform&quot;,&quot;jet_parallax_layout_on&quot;:[&quot;desktop&quot;,&quot;tablet&quot;]}]}\">\n\t\t\t\t\t\t<div class=\"elementor-container elementor-column-gap-default\">\n\t\t\t\t\t<div class=\"elementor-column elementor-col-100 elementor-top-column elementor-element elementor-element-f583b2a\" data-id=\"f583b2a\" data-element_type=\"column\">\n\t\t\t<div class=\"elementor-widget-wrap elementor-element-populated\">\n\t\t\t\t\t\t<section class=\"elementor-section elementor-inner-section elementor-element elementor-element-f6aff71 elementor-section-boxed elementor-section-height-default elementor-section-height-default\" data-id=\"f6aff71\" data-element_type=\"section\" data-settings=\"{&quot;jet_parallax_layout_list&quot;:[{&quot;jet_parallax_layout_image&quot;:{&quot;url&quot;:&quot;&quot;,&quot;id&quot;:&quot;&quot;,&quot;size&quot;:&quot;&quot;},&quot;_id&quot;:&quot;eb12ff5&quot;,&quot;jet_parallax_layout_image_tablet&quot;:{&quot;url&quot;:&quot;&quot;,&quot;id&quot;:&quot;&quot;,&quot;size&quot;:&quot;&quot;},&quot;jet_parallax_layout_image_mobile&quot;:{&quot;url&quot;:&quot;&quot;,&quot;id&quot;:&quot;&quot;,&quot;size&quot;:&quot;&quot;},&quot;jet_parallax_layout_speed&quot;:{&quot;unit&quot;:&quot;%&quot;,&quot;size&quot;:50,&quot;sizes&quot;:[]},&quot;jet_parallax_layout_type&quot;:&quot;scroll&quot;,&quot;jet_parallax_layout_direction&quot;:&quot;1&quot;,&quot;jet_parallax_layout_fx_direction&quot;:null,&quot;jet_parallax_layout_z_index&quot;:&quot;&quot;,&quot;jet_parallax_layout_bg_x&quot;:50,&quot;jet_parallax_layout_bg_x_tablet&quot;:&quot;&quot;,&quot;jet_parallax_layout_bg_x_mobile&quot;:&quot;&quot;,&quot;jet_parallax_layout_bg_y&quot;:50,&quot;jet_parallax_layout_bg_y_tablet&quot;:&quot;&quot;,&quot;jet_parallax_layout_bg_y_mobile&quot;:&quot;&quot;,&quot;jet_parallax_layout_bg_size&quot;:&quot;auto&quot;,&quot;jet_parallax_layout_bg_size_tablet&quot;:&quot;&quot;,&quot;jet_parallax_layout_bg_size_mobile&quot;:&quot;&quot;,&quot;jet_parallax_layout_animation_prop&quot;:&quot;transform&quot;,&quot;jet_parallax_layout_on&quot;:[&quot;desktop&quot;,&quot;tablet&quot;]}]}\">\n\t\t\t\t\t\t<div class=\"elementor-container elementor-column-gap-default\">\n\t\t\t\t\t<div class=\"elementor-column elementor-col-50 elementor-inner-column elementor-element elementor-element-fff4d7c\" data-id=\"fff4d7c\" data-element_type=\"column\">\n\t\t\t<div class=\"elementor-widget-wrap\">\n\t\t\t\t\t\t\t<\/div>\n\t\t<\/div>\n\t\t\t\t<div class=\"elementor-column elementor-col-50 elementor-inner-column elementor-element elementor-element-d07e758\" data-id=\"d07e758\" data-element_type=\"column\">\n\t\t\t<div class=\"elementor-widget-wrap elementor-element-populated\">\n\t\t\t\t\t\t<div class=\"elementor-element elementor-element-8383c63 elementor-widget elementor-widget-text-editor\" data-id=\"8383c63\" data-element_type=\"widget\" data-widget_type=\"text-editor.default\">\n\t\t\t\t\t\t\t\t\t<p style=\"text-align: justify;\"><strong>INSTITUI E REGULAMENTA A POL\u00cdTICA B\u00c1SICA DE MANUTEN\u00c7\u00c3O NO \u00c2MBITO DO PODER EXECUTIVO DO ESTADO DO RIO DE JANEIRO, E D\u00c1 OUTRAS PROVID\u00caNCIAS.<\/strong><\/p>\t\t\t\t\t\t\t\t<\/div>\n\t\t\t\t\t<\/div>\n\t\t<\/div>\n\t\t\t\t\t<\/div>\n\t\t<\/section>\n\t\t\t\t\t<\/div>\n\t\t<\/div>\n\t\t\t\t\t<\/div>\n\t\t<\/section>\n\t\t\t\t<section class=\"elementor-section elementor-top-section elementor-element elementor-element-4b2f4a7 elementor-section-boxed elementor-section-height-default elementor-section-height-default\" data-id=\"4b2f4a7\" data-element_type=\"section\" data-settings=\"{&quot;jet_parallax_layout_list&quot;:[{&quot;jet_parallax_layout_image&quot;:{&quot;url&quot;:&quot;&quot;,&quot;id&quot;:&quot;&quot;,&quot;size&quot;:&quot;&quot;},&quot;_id&quot;:&quot;f9faba6&quot;,&quot;jet_parallax_layout_image_tablet&quot;:{&quot;url&quot;:&quot;&quot;,&quot;id&quot;:&quot;&quot;,&quot;size&quot;:&quot;&quot;},&quot;jet_parallax_layout_image_mobile&quot;:{&quot;url&quot;:&quot;&quot;,&quot;id&quot;:&quot;&quot;,&quot;size&quot;:&quot;&quot;},&quot;jet_parallax_layout_speed&quot;:{&quot;unit&quot;:&quot;%&quot;,&quot;size&quot;:50,&quot;sizes&quot;:[]},&quot;jet_parallax_layout_type&quot;:&quot;scroll&quot;,&quot;jet_parallax_layout_direction&quot;:&quot;1&quot;,&quot;jet_parallax_layout_fx_direction&quot;:null,&quot;jet_parallax_layout_z_index&quot;:&quot;&quot;,&quot;jet_parallax_layout_bg_x&quot;:50,&quot;jet_parallax_layout_bg_x_tablet&quot;:&quot;&quot;,&quot;jet_parallax_layout_bg_x_mobile&quot;:&quot;&quot;,&quot;jet_parallax_layout_bg_y&quot;:50,&quot;jet_parallax_layout_bg_y_tablet&quot;:&quot;&quot;,&quot;jet_parallax_layout_bg_y_mobile&quot;:&quot;&quot;,&quot;jet_parallax_layout_bg_size&quot;:&quot;auto&quot;,&quot;jet_parallax_layout_bg_size_tablet&quot;:&quot;&quot;,&quot;jet_parallax_layout_bg_size_mobile&quot;:&quot;&quot;,&quot;jet_parallax_layout_animation_prop&quot;:&quot;transform&quot;,&quot;jet_parallax_layout_on&quot;:[&quot;desktop&quot;,&quot;tablet&quot;]}]}\">\n\t\t\t\t\t\t<div class=\"elementor-container elementor-column-gap-default\">\n\t\t\t\t\t<div class=\"elementor-column elementor-col-100 elementor-top-column elementor-element elementor-element-ef217ab\" data-id=\"ef217ab\" data-element_type=\"column\">\n\t\t\t<div class=\"elementor-widget-wrap elementor-element-populated\">\n\t\t\t\t\t\t<div class=\"elementor-element elementor-element-5f97069 elementor-widget elementor-widget-text-editor\" data-id=\"5f97069\" data-element_type=\"widget\" data-widget_type=\"text-editor.default\">\n\t\t\t\t\t\t\t\t\t<p><strong>O GOVERNADOR DO ESTADO DO RIO DE JANEIRO<\/strong>, em exerc\u00edcio, no uso das atribui\u00e7\u00f5es constitucionais e legais, tendo em vista o disposto no Decreto n\u00ba 42.092, de 27 de outubro de 2009, no Processo n\u00ba SEI-12\/001\/003050\/2019,<\/p>\n<p><strong>CONSIDERANDO<\/strong>:<\/p>\n<p>&#8211; a necessidade de a Administra\u00e7\u00e3o P\u00fablica dispor de uma gest\u00e3o eficiente de manuten\u00e7\u00e3o tendo como diretrizes o apoio permanente a execu\u00e7\u00e3o de suas atividades final\u00edsticas, por meio da disponibilidade e da qualidade de seus recursos materiais, e a redu\u00e7\u00e3o de despesas;<\/p>\n<p>&#8211; a necessidade de implementar uma pol\u00edtica, estabelecer diretrizes e regulamentar procedimentos e rotinas relativas ao planejamento, a gest\u00e3o e a execu\u00e7\u00e3o das atividades relacionadas \u00e0 manuten\u00e7\u00e3o de itens cr\u00edticos, no \u00e2mbito dos \u00f3rg\u00e3os e Entidades do Poder Executivo do Estado do Rio de Janeiro, com vistas a aumentar a efici\u00eancia dos processos relacionados e alcan\u00e7ar a efic\u00e1cia nos servi\u00e7os prestados;<\/p>\n<p>&#8211; a natureza log\u00edstica das atividades de manuten\u00e7\u00e3o, que constituem meio necess\u00e1rio para a realiza\u00e7\u00e3o de outras atividades; e<\/p>\n<p>&#8211; o alcance do Sistema Log\u00edstico do Estado do Rio de Janeiro &#8211; SISLOG, institu\u00eddo pelo Decreto Estadual n\u00ba 42.092, de 27 de outubro de 2009, a quem compete planejar, regulamentar, supervisionar, coordenar, promover, manter e acompanhar as atividades log\u00edsticas necess\u00e1rias ao funcionamento dos \u00f3rg\u00e3os e entidades do Poder Executivo do Estado do Rio de Janeiro;<\/p>\n<p><strong>DECRETA<\/strong>:<\/p>\n<p style=\"text-align: center;\"><strong>CAP\u00cdTULO I<\/strong><\/p>\n<p style=\"text-align: center;\"><strong>Do objeto e do campo de aplica\u00e7\u00e3o<\/strong><\/p>\n<p><strong>Art. 1\u00ba<\/strong> &#8211; Este Decreto institui a Pol\u00edtica B\u00e1sica de Manuten\u00e7\u00e3o, no \u00e2mbito do Poder Executivo do Estado do Rio de Janeiro, dispondo sobre seus princ\u00edpios, objetivos e instrumentos balizadores de aspectos a serem considerados na gest\u00e3o integrada das atividades de manuten\u00e7\u00e3o dos itens cr\u00edticos, de um \u00f3rg\u00e3o ou Entidade.<\/p>\n<p><strong>Par\u00e1grafo \u00danico<\/strong> &#8211; Para fins deste Decreto, \u00e9 considerado item cr\u00edtico qualquer componente, dispositivo, subsistema, equipamento, ve\u00edculo ou sistema, considerado individualmente, que em caso de falha, impactar\u00e1 negativamente a execu\u00e7\u00e3o das atividades do \u00f3rg\u00e3o ou Entidade.<\/p>\n<p style=\"text-align: center;\"><strong>CAP\u00cdTULO II<\/strong><\/p>\n<p style=\"text-align: center;\"><strong>Das Defini\u00e7\u00f5es<\/strong><\/p>\n<p><strong>Art. 2\u00ba<\/strong> &#8211; Para os efeitos desta Pol\u00edtica, documentos e provid\u00eancias decorrentes, considera-se os seguintes conceitos relacionados \u00e0 manuten\u00e7\u00e3o:<\/p>\n<p>I &#8211; Log\u00edstica de manuten\u00e7\u00e3o: a fun\u00e7\u00e3o log\u00edstica que trata do conjunto de atividades planejadas ou corretivas que devem ser executadas visando a longevidade e a utilidade de componentes, dispositivos, subsistemas, equipamentos, ve\u00edculos ou sistemas para emprego e, quando houver avarias, reconduzi-lo \u00e0quela condi\u00e7\u00e3o;<\/p>\n<p>II &#8211; Manuten\u00e7\u00e3o: o conjunto de atividades e recursos aplicados aos componentes, dispositivos, subsistemas, equipamentos, ve\u00edculos ou sistemas, visando garantir a continuidade de sua fun\u00e7\u00e3o, dentro de par\u00e2metros de disponibilidade, de qualidade, de prazo, de custos e de vida \u00fatil adequados;<\/p>\n<p>III &#8211; Item: qualquer componente, dispositivo, subsistema, unidade funcional, equipamento ou sistema que possa ser considerado individualmente;<\/p>\n<p>IV &#8211; Manuten\u00e7\u00e3o corretiva: aquela efetuada ap\u00f3s a ocorr\u00eancia de uma pane, destinada a recolocar um item em condi\u00e7\u00f5es de executar suas fun\u00e7\u00f5es requeridas;<\/p>\n<p>V &#8211; Manuten\u00e7\u00e3o planejada: consiste em a\u00e7\u00f5es programadas ou demandadas para detectar e tratar as anormalidades dos itens antes que elas produzam defeitos ou perdas, com vistas a eliminar as atividades n\u00e3o programadas de manuten\u00e7\u00e3o, podendo ser classificada em:<\/p>\n<p>a) Manuten\u00e7\u00e3o preventiva: aquela efetuada em intervalos de tempo pr\u00e9-determinados, ou de acordo com crit\u00e9rios prescritos, destinados a reduzir a probabilidade de falha ou a degrada\u00e7\u00e3o de funcionamento de um item;<\/p>\n<p>b) Manuten\u00e7\u00e3o preditiva: aquela que permite garantir a qualidade de servi\u00e7o desejada, com base na aplica\u00e7\u00e3o sistem\u00e1tica de t\u00e9cnicas de an\u00e1lise, utilizando-se de meios de supervis\u00e3o centralizados ou de amostragem, para reduzir ao m\u00ednimo a manuten\u00e7\u00e3o preventiva e diminuir a manuten\u00e7\u00e3o corretiva;<\/p>\n<p>c) Manuten\u00e7\u00e3o detectiva: aquela baseada em verifica\u00e7\u00f5es peri\u00f3dicas por meio de inspe\u00e7\u00f5es ou testes, que t\u00eam por objetivo encontrar e eliminar falhas ocultas, proporcionando seguran\u00e7a e efici\u00eancia de um item;<\/p>\n<p>VI &#8211; Defeito: qualquer desvio na caracter\u00edstica de um item em rela\u00e7\u00e3o aos seus requisitos, podendo afetar, ou n\u00e3o, o desempenho da fun\u00e7\u00e3o requerida;<\/p>\n<p>VII &#8211; Falha: t\u00e9rmino da capacidade de um item desempenhar a fun\u00e7\u00e3o requerida;<\/p>\n<p>VIII. Confiabilidade: uma medida estat\u00edstica que se traduz na probabilidade de que um componente, sistema ou equipamento cumpra sua fun\u00e7\u00e3o para um determinado per\u00edodo de tempo, traduzindo-se em expectativa de resultado futuro;<\/p>\n<p>IX &#8211; Manutenibilidade: capacidade de um item ser mantido ou recolocado em condi\u00e7\u00f5es de executar suas fun\u00e7\u00f5es requeridas, mediante procedimentos e meios prescritos; e<\/p>\n<p>X &#8211; Disponibilidade: capacidade de um item estar em condi\u00e7\u00f5es de executar uma certa fun\u00e7\u00e3o, em um dado instante, ou durante um intervalo de tempo determinado, levando-se em conta os aspectos combinados de sua confiabilidade, manutenibilidade e suporte de manuten\u00e7\u00e3o.<\/p>\n<p style=\"text-align: center;\"><strong>CAP\u00cdTULO III<\/strong><\/p>\n<p style=\"text-align: center;\"><strong>Das Disposi\u00e7\u00f5es gerais<\/strong><\/p>\n<p><strong>Art. 3\u00ba<\/strong> &#8211; A Pol\u00edtica B\u00e1sica de Manuten\u00e7\u00e3o visa descrever os mecanismos m\u00ednimos que um \u00f3rg\u00e3o ou entidade devem adotar de forma a impedir que falhas em seus itens acarretem preju\u00edzos a execu\u00e7\u00e3o de suas atividades, o que se traduz em dificuldades ou indisponibilidade nas rotinas da institui\u00e7\u00e3o.<\/p>\n<p><strong>Art. 4\u00b0<\/strong> &#8211; Os \u00f3rg\u00e3os e entidades dever\u00e3o fazer um invent\u00e1rio de seus itens, identificar os cr\u00edticos, caso em que estar\u00e3o automaticamente obrigados a realizar, para estes, os estudos de confiabilidade, manutenibilidade e disponibilidade, bem como dever\u00e3o inclu\u00ed-los no respectivo Plano de Manuten\u00e7\u00e3o, com reflexos em seu planejamento or\u00e7ament\u00e1rio.<\/p>\n<p><strong>Art. 5\u00ba<\/strong> &#8211; Devem ser observadas as leis e normas vigentes, relacionadas \u00e0s atividades de manuten\u00e7\u00e3o, gest\u00e3o de riscos e projetos, controle de qualidade, impacto no meio ambiente e, em especial, as normas da ABNT e as prescri\u00e7\u00f5es contidas nos manuais t\u00e9cnicos de opera\u00e7\u00e3o e manuten\u00e7\u00e3o dos respectivos fabricantes.<\/p>\n<p style=\"text-align: center;\"><strong>CAP\u00cdTULO IV<\/strong><\/p>\n<p style=\"text-align: center;\"><strong>Dos princ\u00edpios e dos objetivos<\/strong><\/p>\n<p><strong>Art. 6\u00ba<\/strong> &#8211; S\u00e3o princ\u00edpios da Pol\u00edtica B\u00e1sica de Manuten\u00e7\u00e3o:<\/p>\n<p>I &#8211; Preven\u00e7\u00e3o &#8211; esfor\u00e7o planejado e constante do \u00f3rg\u00e3o ou entidade detentora ou respons\u00e1vel do meio visando evitar a ocorr\u00eancia de falhas em m\u00e1quinas e componentes;<\/p>\n<p>II &#8211; Precau\u00e7\u00e3o &#8211; esfor\u00e7o planejado e constante do \u00f3rg\u00e3o ou entidade detentora do meio visando facilitar o tratamento de poss\u00edveis falhas e a ado\u00e7\u00e3o de solu\u00e7\u00f5es contingentes oportunas, em caso de necessidade;<\/p>\n<p>III &#8211; Controle &#8211; conhecimento pr\u00e9vio de todos os itens, especialmente os cr\u00edticos, de suas inter-rela\u00e7\u00f5es e do seu acompanhamento, de forma a dispor de uma vis\u00e3o sist\u00eamica e maior capacidade gerencial;<\/p>\n<p>IV &#8211; Efici\u00eancia &#8211; busca de economia de tempo e custos nos processos relacionados \u00e0s atividades de manuten\u00e7\u00e3o;<\/p>\n<p>V- Efic\u00e1cia e Efetividade &#8211; cumprir o efeito desejado nos resultados relacionados \u00e0s atividades de manuten\u00e7\u00e3o;<\/p>\n<p>VI &#8211; Seguran\u00e7a &#8211; a ser garantida por meio e durante os trabalhos de manuten\u00e7\u00e3o, contribuindo para que se evite qualquer sinistro e proporcionando que os itens sejam utilizados em boas condi\u00e7\u00f5es de uso;<\/p>\n<p>VII- Continuidade e Qualidade &#8211; busca pela entrega ininterrupta de servi\u00e7os de alto padr\u00e3o aos cidad\u00e3os por meio da disponibiliza\u00e7\u00e3o de itens em boas condi\u00e7\u00f5es de uso.<\/p>\n<p>VIII &#8211; Sustentabilidade &#8211; est\u00edmulo \u00e0 implementa\u00e7\u00e3o de estrat\u00e9gias e demais atitudes, relacionadas \u00e0s atividades de manuten\u00e7\u00e3o, de forma ecologicamente correta, economicamente vi\u00e1vel e socialmente justa.<\/p>\n<p><strong>Art. 7\u00ba<\/strong> &#8211; S\u00e3o objetivos da Pol\u00edtica B\u00e1sica de Manuten\u00e7\u00e3o:<\/p>\n<p>I- desenvolver a fun\u00e7\u00e3o log\u00edstica Manuten\u00e7\u00e3o, no Estado do Rio de Janeiro, sob uma \u00f3tica de atua\u00e7\u00e3o conjunta central-setorial-seccional, apoiando as necessidades de manuten\u00e7\u00e3o de itens;<\/p>\n<p>II &#8211; compreender as distintas necessidades de manuten\u00e7\u00e3o, dos \u00f3rg\u00e3os e entidades, sob uma \u00f3tica central, avaliando poss\u00edveis sinergias;<\/p>\n<p>III &#8211; avaliar eventuais ganhos log\u00edsticos pela estrutura\u00e7\u00e3o de escal\u00f5es de manuten\u00e7\u00e3o, os quais podem envolver: recursos materiais e humanos dispon\u00edveis no n\u00edvel de atividades di\u00e1rias de operadores; recursos de manuten\u00e7\u00e3o existentes no \u00e2mbito do pr\u00f3prio Estado; prestadores de servi\u00e7os especializados contratados; ou recursos disponibilizados pelo fabricante.<\/p>\n<p>IV &#8211; avaliar a confiabilidade dos itens cr\u00edticos de forma a subsidiar a pol\u00edtica de aquisi\u00e7\u00e3o\/ contrata\u00e7\u00e3o de equipamentos, bem como a descontinuidade de uso, com a consequente retirada do parque instalado, daqueles artefatos que possuem baixa disponibilidade e incorrem em custos crescentes de manuten\u00e7\u00e3o;<\/p>\n<p>V &#8211; disseminar a necessidade de se criar e manter registros de dados sobre hist\u00f3ricos de manuten\u00e7\u00e3o;<\/p>\n<p>VI &#8211; possibilitar que cada \u00f3rg\u00e3o e entidade realize seu Plano de Manuten\u00e7\u00e3o, de itens cr\u00edticos, com observ\u00e2ncia aos princ\u00edpios anteriormente expostos, e que em decorr\u00eancia, possam realizar seu planejamento or\u00e7ament\u00e1rio com valores assertivos;<\/p>\n<p>VII &#8211; fomentar o uso das melhores pr\u00e1ticas de manuten\u00e7\u00e3o, de forma a aumentar os \u00edndices de disponibilidade traduzindo-se em menores tempos de inatividade dos itens; e<\/p>\n<p>VIII &#8211; incentivar a capacita\u00e7\u00e3o t\u00e9cnica continuada que permita aos gestores de manuten\u00e7\u00e3o contribuir com a defini\u00e7\u00e3o de processos eficientes e com o acompanhamento proativo das atividades de manuten\u00e7\u00e3o sob sua supervis\u00e3o.<\/p>\n<p style=\"text-align: center;\"><strong>CAP\u00cdTULO V<\/strong><\/p>\n<p style=\"text-align: center;\"><strong>Dos Instrumentos<\/strong><\/p>\n<p><strong>Art. 8\u00ba<\/strong> &#8211; S\u00e3o instrumentos da Pol\u00edtica B\u00e1sica de Manuten\u00e7\u00e3o, entre outros:<\/p>\n<p>I &#8211; o invent\u00e1rio de itens de cada \u00f3rg\u00e3o ou entidade, organizado de forma a que se possam identificar os considerados cr\u00edticos e suas respectivas situa\u00e7\u00f5es de disponibilidade;<\/p>\n<p>II &#8211; os Planos de Manuten\u00e7\u00e3o de cada \u00f3rg\u00e3o ou entidade;<\/p>\n<p>III &#8211; a pesquisa cient\u00edfica e tecnol\u00f3gica, as bibliografias t\u00e9cnicas, as boas pr\u00e1ticas nas \u00e1reas de confiabilidade, disponibilidade e manutenibilidade;<\/p>\n<p>IV &#8211; o Sistema Informatizado de Bens M\u00f3veis do Estado do Rio de Janeiro (SBM-RJ); e<\/p>\n<p>V &#8211; o Sistema Integrado de Gest\u00e3o de Aquisi\u00e7\u00f5es (SIGA-RJ).<\/p>\n<p style=\"text-align: center;\"><strong>CAP\u00cdTULO VI<\/strong><\/p>\n<p style=\"text-align: center;\"><strong>Do Gestor de Manuten\u00e7\u00e3o<\/strong><\/p>\n<p><strong>Art. 9\u00ba<\/strong> &#8211; Cada \u00f3rg\u00e3o ou entidade dever\u00e1 designar um Gestor de Manuten\u00e7\u00e3o, e respectivo suplente, que tenham vis\u00e3o geral e bom conhecimento das atividades log\u00edsticas do \u00f3rg\u00e3o ou entidade, facilidade de tr\u00e2nsito entre as suas diversas unidades administrativas e setores.<\/p>\n<p><strong>Par\u00e1grafo \u00fanico<\/strong> &#8211; Quando necess\u00e1rio, um ou mais servidores poder\u00e3o ser designados para a fun\u00e7\u00e3o de Auxiliar de Manuten\u00e7\u00e3o.<\/p>\n<p><strong>Art. 10<\/strong> &#8211; Devem ser assegurados o acesso, a coopera\u00e7\u00e3o e os meios necess\u00e1rios para o Gestor realizar as seguintes tarefas:<\/p>\n<p>I &#8211; identificar, conforme os crit\u00e9rios do artigo 11 deste decreto, os itens cr\u00edticos do seu \u00f3rg\u00e3o ou entidade, mantendo atualizado o invent\u00e1rio e respectivas situa\u00e7\u00f5es de disponibilidade;<\/p>\n<p>II &#8211; verificar as poss\u00edveis inter-rela\u00e7\u00f5es ou interdepend\u00eancias entre os itens, identificando os que ter\u00e3o prioridade para manuten\u00e7\u00e3o;<\/p>\n<p>III &#8211; estimar os prov\u00e1veis impactos na atividade fim no caso de falha em um desses itens;<\/p>\n<p>IV &#8211; propor procedimentos preventivos, detalhando-os;<\/p>\n<p>V- propor procedimentos de precau\u00e7\u00e3o, detalhando-os;<\/p>\n<p>VI- realizar as gest\u00f5es necess\u00e1rias, para que os itens cr\u00edticos sejam manutenidos;<\/p>\n<p>VII &#8211; manter base hist\u00f3rica de todas as interven\u00e7\u00f5es e ocorr\u00eancias relativas \u00e0 manuten\u00e7\u00e3o dos itens cr\u00edticos, onde constem os per\u00edodos de manuten\u00e7\u00e3o, os servi\u00e7os realizados, os sobressalentes empregados, os custos decorrentes, os profissionais executantes do servi\u00e7o e, quando for o caso, das li\u00e7\u00f5es aprendidas, de forma a que se possa aperfei\u00e7oar os processos operacionais em voga;<\/p>\n<p>VIII- propor o dimensionamento e gerenciar recursos humanos necess\u00e1rios ao desempenho das atividades de gest\u00e3o da manuten\u00e7\u00e3o sob sua responsabilidade;<\/p>\n<p>IX &#8211; conceber e manter atualizado um Plano de Manuten\u00e7\u00e3o para os itens cr\u00edticos, de responsabilidade do \u00f3rg\u00e3o ou entidade ao qual est\u00e1 vinculado; e<\/p>\n<p>X- prestar os esclarecimentos que lhe forem solicitados pelo \u00d3rg\u00e3o Central relativamente ao seu Plano de Manuten\u00e7\u00e3o.<\/p>\n<p style=\"text-align: center;\"><strong>CAP\u00cdTULO VII<\/strong><\/p>\n<p style=\"text-align: center;\"><strong>Das Medidas Preliminares<\/strong><\/p>\n<p><strong>Art. 11<\/strong> &#8211; Para sele\u00e7\u00e3o dos itens cr\u00edticos que s\u00e3o objeto de planos de manuten\u00e7\u00e3o, deve-se observar os seguintes crit\u00e9rios m\u00ednimos: impacto da indisponibilidade do item para atividade fim; potencial de ocasionar preju\u00edzo; possibilidade de comprometer a seguran\u00e7a de pessoas; complexidade da manuten\u00e7\u00e3o; e que tenha sido objeto de contrata\u00e7\u00e3o emergencial.<\/p>\n<p><strong>Art. 12<\/strong> &#8211; Antes da contrata\u00e7\u00e3o de manuten\u00e7\u00e3o deve ser avaliada a rela\u00e7\u00e3o de custo versus benef\u00edcio, evitando-se o risco do reparo ser antiecon\u00f4mico.<\/p>\n<p><strong>Art. 13<\/strong> &#8211; A decis\u00e3o entre adquirir itens cr\u00edticos, assumindo seu custo de manuten\u00e7\u00e3o, ou contratar servi\u00e7os terceirizados, com manuten\u00e7\u00e3o e disponibilidade a cargo do contratado, deve ser precedida de an\u00e1lise de vantajosidade, com base em estudos t\u00e9cnicos preliminares, que comparem tais custos com o da estrutura pr\u00f3pria de manuten\u00e7\u00e3o, entre outros.<\/p>\n<p><strong>Par\u00e1grafo \u00danico<\/strong> &#8211; A an\u00e1lise da vantajosidade que trata o caput deste artigo dever\u00e1 nortear, quando for o caso, os processos licitat\u00f3rios.<\/p>\n<p><strong>Art. 14<\/strong> &#8211; O valor cont\u00e1bil do item atualizado j\u00e1 consideradas as deprecia\u00e7\u00f5es pelo tempo e pelo uso, assim como a possibilidade de sua substitui\u00e7\u00e3o, s\u00e3o vari\u00e1veis que devem ser consideradas como uma refer\u00eancia frente aos cont\u00ednuos gastos com manuten\u00e7\u00e3o.<\/p>\n<p style=\"text-align: center;\"><strong>CAP\u00cdTULO VIII<\/strong><\/p>\n<p style=\"text-align: center;\"><strong>Do Plano Anual de Manuten\u00e7\u00e3o<\/strong><\/p>\n<p><strong>Art. 15 &#8211;<\/strong> Todos os \u00f3rg\u00e3os e entidades, no n\u00edvel de atua\u00e7\u00e3o setorial, dever\u00e3o elaborar o seu pr\u00f3prio Plano Anual de Manuten\u00e7\u00e3o para os itens cr\u00edticos selecionados que servir\u00e1 de instrumento de planejamento e orienta\u00e7\u00e3o das atividades relacionadas \u00e0 manuten\u00e7\u00e3o no decorrer do exerc\u00edcio seguinte ao da sua elabora\u00e7\u00e3o.<\/p>\n<p><strong>\u00a7 1\u00ba<\/strong> &#8211; O Plano Anual de Manuten\u00e7\u00e3o dever\u00e1 conter, no m\u00ednimo, as seguintes indica\u00e7\u00f5es por item cr\u00edtico identificado:<\/p>\n<p>I &#8211; programa\u00e7\u00e3o de manuten\u00e7\u00f5es preventivas por escal\u00e3o, conforme artigo 7 inciso III;<\/p>\n<p>II &#8211; descri\u00e7\u00e3o sum\u00e1ria dos servi\u00e7os e forma de execu\u00e7\u00e3o (pr\u00f3pria ou terceirizada);<\/p>\n<p>III &#8211; previs\u00e3o de dura\u00e7\u00e3o para execu\u00e7\u00e3o do servi\u00e7o;<\/p>\n<p>IV &#8211; estimativa de manuten\u00e7\u00f5es corretivas; e<\/p>\n<p>V &#8211; estimativa de recursos humanos e\/ou financeiros necess\u00e1rios para atender as necessidades relacionadas \u00e0s manuten\u00e7\u00e3o citadas, projetadas para o exerc\u00edcio a que se referir.<\/p>\n<p><strong>\u00a7 2\u00ba<\/strong> &#8211; No decorrer do exerc\u00edcio a que se referir, o Plano Anual de Manuten\u00e7\u00e3o dever\u00e1 ser periodicamente revisto pelo \u00f3rg\u00e3o ou entidade respons\u00e1vel, a fim de que sejam feitos os ajustes necess\u00e1rios no caso de ocorr\u00eancia de desvios em rela\u00e7\u00e3o \u00e0s estimativas iniciais.<\/p>\n<p style=\"text-align: center;\"><strong>CAP\u00cdTULO IX<\/strong><\/p>\n<p style=\"text-align: center;\"><strong>Das disposi\u00e7\u00f5es finais<\/strong><\/p>\n<p><strong>Art. 16<\/strong>&#8211; Nos termos do Decreto n\u00ba 45.802, de 26 de outubro de 2016, o \u00d3rg\u00e3o Central, caso necess\u00e1rio, editar\u00e1 resolu\u00e7\u00f5es espec\u00edficas para regulamentar processos e modelos espec\u00edficos para orientar a contrata\u00e7\u00e3o de servi\u00e7os de manuten\u00e7\u00e3o previstas nos Planos de Manuten\u00e7\u00e3o dos \u00f3rg\u00e3os.<\/p>\n<p><strong>Art. 17<\/strong> &#8211; Este Decreto entrar\u00e1 em vigor na data de sua publica\u00e7\u00e3o.<\/p>\n<p><\/p>\n<p style=\"text-align: center;\">Rio de Janeiro, 03 de julho de 2019<\/p>\n<p style=\"text-align: center;\">\n<\/p><p style=\"text-align: center;\"><strong>CL\u00c1UDIO BOMFIM DE CASTRO E SILVA<\/strong><\/p>\n<p style=\"text-align: center;\">Governador em exerc\u00edcio<\/p>\n<p><\/p>\n<p style=\"text-align: right;\">Id: 2191552<\/p>\t\t\t\t\t\t\t\t<\/div>\n\t\t\t\t\t<\/div>\n\t\t<\/div>\n\t\t\t\t\t<\/div>\n\t\t<\/section>\n\t\t\t\t<section class=\"elementor-section elementor-top-section elementor-element elementor-element-0ffbe3c elementor-section-boxed elementor-section-height-default elementor-section-height-default\" data-id=\"0ffbe3c\" data-element_type=\"section\" data-settings=\"{&quot;jet_parallax_layout_list&quot;:[{&quot;jet_parallax_layout_image&quot;:{&quot;url&quot;:&quot;&quot;,&quot;id&quot;:&quot;&quot;,&quot;size&quot;:&quot;&quot;},&quot;_id&quot;:&quot;04dd098&quot;,&quot;jet_parallax_layout_image_tablet&quot;:{&quot;url&quot;:&quot;&quot;,&quot;id&quot;:&quot;&quot;,&quot;size&quot;:&quot;&quot;},&quot;jet_parallax_layout_image_mobile&quot;:{&quot;url&quot;:&quot;&quot;,&quot;id&quot;:&quot;&quot;,&quot;size&quot;:&quot;&quot;},&quot;jet_parallax_layout_speed&quot;:{&quot;unit&quot;:&quot;%&quot;,&quot;size&quot;:50,&quot;sizes&quot;:[]},&quot;jet_parallax_layout_type&quot;:&quot;scroll&quot;,&quot;jet_parallax_layout_direction&quot;:&quot;1&quot;,&quot;jet_parallax_layout_fx_direction&quot;:null,&quot;jet_parallax_layout_z_index&quot;:&quot;&quot;,&quot;jet_parallax_layout_bg_x&quot;:50,&quot;jet_parallax_layout_bg_x_tablet&quot;:&quot;&quot;,&quot;jet_parallax_layout_bg_x_mobile&quot;:&quot;&quot;,&quot;jet_parallax_layout_bg_y&quot;:50,&quot;jet_parallax_layout_bg_y_tablet&quot;:&quot;&quot;,&quot;jet_parallax_layout_bg_y_mobile&quot;:&quot;&quot;,&quot;jet_parallax_layout_bg_size&quot;:&quot;auto&quot;,&quot;jet_parallax_layout_bg_size_tablet&quot;:&quot;&quot;,&quot;jet_parallax_layout_bg_size_mobile&quot;:&quot;&quot;,&quot;jet_parallax_layout_animation_prop&quot;:&quot;transform&quot;,&quot;jet_parallax_layout_on&quot;:[&quot;desktop&quot;,&quot;tablet&quot;]}]}\">\n\t\t\t\t\t\t<div class=\"elementor-container elementor-column-gap-default\">\n\t\t\t\t\t<div class=\"elementor-column elementor-col-100 elementor-top-column elementor-element elementor-element-99b6176\" data-id=\"99b6176\" data-element_type=\"column\">\n\t\t\t<div class=\"elementor-widget-wrap elementor-element-populated\">\n\t\t\t\t\t\t<div class=\"elementor-element elementor-element-d49c128 elementor-widget elementor-widget-text-editor\" data-id=\"d49c128\" data-element_type=\"widget\" data-widget_type=\"text-editor.default\">\n\t\t\t\t\t\t\t\t\t<p><em>Publicada no DOE em\u00a0<\/em><i><strong><a href=\"http:\/\/redelog.rj.gov.br\/redelog\/wp-content\/uploads\/2022\/01\/Decreto-no-46.687-2019-Politica-Basica-de-Manutencao.pdf\" target=\"_blank\" rel=\"noopener\">04\/07\/2019<\/a><\/strong>.<\/i><\/p>\t\t\t\t\t\t\t\t<\/div>\n\t\t\t\t\t<\/div>\n\t\t<\/div>\n\t\t\t\t\t<\/div>\n\t\t<\/section>\n\t\t\t\t<section class=\"elementor-section elementor-top-section elementor-element elementor-element-118983e elementor-section-boxed elementor-section-height-default elementor-section-height-default\" data-id=\"118983e\" data-element_type=\"section\" data-settings=\"{&quot;jet_parallax_layout_list&quot;:[{&quot;jet_parallax_layout_image&quot;:{&quot;url&quot;:&quot;&quot;,&quot;id&quot;:&quot;&quot;,&quot;size&quot;:&quot;&quot;},&quot;_id&quot;:&quot;ab030fc&quot;,&quot;jet_parallax_layout_image_tablet&quot;:{&quot;url&quot;:&quot;&quot;,&quot;id&quot;:&quot;&quot;,&quot;size&quot;:&quot;&quot;},&quot;jet_parallax_layout_image_mobile&quot;:{&quot;url&quot;:&quot;&quot;,&quot;id&quot;:&quot;&quot;,&quot;size&quot;:&quot;&quot;},&quot;jet_parallax_layout_speed&quot;:{&quot;unit&quot;:&quot;%&quot;,&quot;size&quot;:50,&quot;sizes&quot;:[]},&quot;jet_parallax_layout_type&quot;:&quot;scroll&quot;,&quot;jet_parallax_layout_direction&quot;:&quot;1&quot;,&quot;jet_parallax_layout_fx_direction&quot;:null,&quot;jet_parallax_layout_z_index&quot;:&quot;&quot;,&quot;jet_parallax_layout_bg_x&quot;:50,&quot;jet_parallax_layout_bg_x_tablet&quot;:&quot;&quot;,&quot;jet_parallax_layout_bg_x_mobile&quot;:&quot;&quot;,&quot;jet_parallax_layout_bg_y&quot;:50,&quot;jet_parallax_layout_bg_y_tablet&quot;:&quot;&quot;,&quot;jet_parallax_layout_bg_y_mobile&quot;:&quot;&quot;,&quot;jet_parallax_layout_bg_size&quot;:&quot;auto&quot;,&quot;jet_parallax_layout_bg_size_tablet&quot;:&quot;&quot;,&quot;jet_parallax_layout_bg_size_mobile&quot;:&quot;&quot;,&quot;jet_parallax_layout_animation_prop&quot;:&quot;transform&quot;,&quot;jet_parallax_layout_on&quot;:[&quot;desktop&quot;,&quot;tablet&quot;]}]}\">\n\t\t\t\t\t\t<div class=\"elementor-container elementor-column-gap-default\">\n\t\t\t\t\t<div class=\"elementor-column elementor-col-100 elementor-top-column elementor-element elementor-element-09dd43a\" data-id=\"09dd43a\" data-element_type=\"column\">\n\t\t\t<div class=\"elementor-widget-wrap elementor-element-populated\">\n\t\t\t\t\t\t<div class=\"elementor-element elementor-element-cd99f3a elementor-widget-divider--view-line elementor-widget elementor-widget-divider\" data-id=\"cd99f3a\" data-element_type=\"widget\" data-widget_type=\"divider.default\">\n\t\t\t\t\t\t\t<div class=\"elementor-divider\">\n\t\t\t<span class=\"elementor-divider-separator\">\n\t\t\t\t\t\t<\/span>\n\t\t<\/div>\n\t\t\t\t\t\t<\/div>\n\t\t\t\t\t<\/div>\n\t\t<\/div>\n\t\t\t\t\t<\/div>\n\t\t<\/section>\n\t\t\t\t<section class=\"elementor-section elementor-top-section elementor-element elementor-element-c54d15c elementor-section-boxed elementor-section-height-default elementor-section-height-default\" data-id=\"c54d15c\" data-element_type=\"section\" id=\"options\" data-settings=\"{&quot;jet_parallax_layout_list&quot;:[{&quot;jet_parallax_layout_image&quot;:{&quot;url&quot;:&quot;&quot;,&quot;id&quot;:&quot;&quot;,&quot;size&quot;:&quot;&quot;},&quot;_id&quot;:&quot;19d7213&quot;,&quot;jet_parallax_layout_image_tablet&quot;:{&quot;url&quot;:&quot;&quot;,&quot;id&quot;:&quot;&quot;,&quot;size&quot;:&quot;&quot;},&quot;jet_parallax_layout_image_mobile&quot;:{&quot;url&quot;:&quot;&quot;,&quot;id&quot;:&quot;&quot;,&quot;size&quot;:&quot;&quot;},&quot;jet_parallax_layout_speed&quot;:{&quot;unit&quot;:&quot;%&quot;,&quot;size&quot;:50,&quot;sizes&quot;:[]},&quot;jet_parallax_layout_type&quot;:&quot;scroll&quot;,&quot;jet_parallax_layout_direction&quot;:&quot;1&quot;,&quot;jet_parallax_layout_fx_direction&quot;:null,&quot;jet_parallax_layout_z_index&quot;:&quot;&quot;,&quot;jet_parallax_layout_bg_x&quot;:50,&quot;jet_parallax_layout_bg_x_tablet&quot;:&quot;&quot;,&quot;jet_parallax_layout_bg_x_mobile&quot;:&quot;&quot;,&quot;jet_parallax_layout_bg_y&quot;:50,&quot;jet_parallax_layout_bg_y_tablet&quot;:&quot;&quot;,&quot;jet_parallax_layout_bg_y_mobile&quot;:&quot;&quot;,&quot;jet_parallax_layout_bg_size&quot;:&quot;auto&quot;,&quot;jet_parallax_layout_bg_size_tablet&quot;:&quot;&quot;,&quot;jet_parallax_layout_bg_size_mobile&quot;:&quot;&quot;,&quot;jet_parallax_layout_animation_prop&quot;:&quot;transform&quot;,&quot;jet_parallax_layout_on&quot;:[&quot;desktop&quot;,&quot;tablet&quot;]}]}\">\n\t\t\t\t\t\t<div class=\"elementor-container elementor-column-gap-default\">\n\t\t\t\t\t<div class=\"elementor-column elementor-col-100 elementor-top-column elementor-element elementor-element-4949d53\" data-id=\"4949d53\" data-element_type=\"column\">\n\t\t\t<div class=\"elementor-widget-wrap elementor-element-populated\">\n\t\t\t\t\t\t<div class=\"elementor-element elementor-element-7f48cde elementor-widget elementor-widget-shortcode\" data-id=\"7f48cde\" data-element_type=\"widget\" data-widget_type=\"shortcode.default\">\n\t\t\t\t\t\t\t<div class=\"elementor-shortcode\"><div class='printomatic pom-default ' id='id2497' alt='Imprimir' title='Imprimir' data-print_target='#post-9246'><\/div> <div class='printomatictext' id='id2497' alt='Imprimir' title='Imprimir' data-print_target='#post-9246'>Imprimir<\/div><div style='clear: both;'><\/div><\/div>\n\t\t\t\t\t\t<\/div>\n\t\t\t\t<section class=\"elementor-section elementor-inner-section elementor-element elementor-element-df3c639 elementor-section-boxed elementor-section-height-default elementor-section-height-default\" data-id=\"df3c639\" data-element_type=\"section\" data-settings=\"{&quot;jet_parallax_layout_list&quot;:[{&quot;jet_parallax_layout_image&quot;:{&quot;url&quot;:&quot;&quot;,&quot;id&quot;:&quot;&quot;,&quot;size&quot;:&quot;&quot;},&quot;_id&quot;:&quot;ccec7d1&quot;,&quot;jet_parallax_layout_image_tablet&quot;:{&quot;url&quot;:&quot;&quot;,&quot;id&quot;:&quot;&quot;,&quot;size&quot;:&quot;&quot;},&quot;jet_parallax_layout_image_mobile&quot;:{&quot;url&quot;:&quot;&quot;,&quot;id&quot;:&quot;&quot;,&quot;size&quot;:&quot;&quot;},&quot;jet_parallax_layout_speed&quot;:{&quot;unit&quot;:&quot;%&quot;,&quot;size&quot;:50,&quot;sizes&quot;:[]},&quot;jet_parallax_layout_type&quot;:&quot;scroll&quot;,&quot;jet_parallax_layout_direction&quot;:&quot;1&quot;,&quot;jet_parallax_layout_fx_direction&quot;:null,&quot;jet_parallax_layout_z_index&quot;:&quot;&quot;,&quot;jet_parallax_layout_bg_x&quot;:50,&quot;jet_parallax_layout_bg_x_tablet&quot;:&quot;&quot;,&quot;jet_parallax_layout_bg_x_mobile&quot;:&quot;&quot;,&quot;jet_parallax_layout_bg_y&quot;:50,&quot;jet_parallax_layout_bg_y_tablet&quot;:&quot;&quot;,&quot;jet_parallax_layout_bg_y_mobile&quot;:&quot;&quot;,&quot;jet_parallax_layout_bg_size&quot;:&quot;auto&quot;,&quot;jet_parallax_layout_bg_size_tablet&quot;:&quot;&quot;,&quot;jet_parallax_layout_bg_size_mobile&quot;:&quot;&quot;,&quot;jet_parallax_layout_animation_prop&quot;:&quot;transform&quot;,&quot;jet_parallax_layout_on&quot;:[&quot;desktop&quot;,&quot;tablet&quot;]}]}\">\n\t\t\t\t\t\t<div class=\"elementor-container elementor-column-gap-default\">\n\t\t\t\t\t<div class=\"elementor-column elementor-col-50 elementor-inner-column elementor-element elementor-element-9ac1572\" data-id=\"9ac1572\" data-element_type=\"column\">\n\t\t\t<div class=\"elementor-widget-wrap elementor-element-populated\">\n\t\t\t\t\t\t<div class=\"elementor-element elementor-element-c5f4f30 elementor-widget elementor-widget-text-editor\" data-id=\"c5f4f30\" data-element_type=\"widget\" data-widget_type=\"text-editor.default\">\n\t\t\t\t\t\t\t\t\t<p><strong><a href=\"http:\/\/redelog.rj.gov.br\/redelog\/legislacao-licitacoes\/\">\u2190 Voltar &#8211; Licita\u00e7\u00f5es<\/a><\/strong><\/p>\t\t\t\t\t\t\t\t<\/div>\n\t\t\t\t\t<\/div>\n\t\t<\/div>\n\t\t\t\t<div class=\"elementor-column elementor-col-50 elementor-inner-column elementor-element elementor-element-aae73fe\" data-id=\"aae73fe\" data-element_type=\"column\">\n\t\t\t<div class=\"elementor-widget-wrap elementor-element-populated\">\n\t\t\t\t\t\t\t<\/div>\n\t\t<\/div>\n\t\t\t\t\t<\/div>\n\t\t<\/section>\n\t\t\t\t\t<\/div>\n\t\t<\/div>\n\t\t\t\t\t<\/div>\n\t\t<\/section>\n\t\t\t\t<section class=\"elementor-section elementor-top-section elementor-element elementor-element-24d87de elementor-section-boxed elementor-section-height-default elementor-section-height-default\" data-id=\"24d87de\" data-element_type=\"section\" data-settings=\"{&quot;jet_parallax_layout_list&quot;:[{&quot;jet_parallax_layout_image&quot;:{&quot;url&quot;:&quot;&quot;,&quot;id&quot;:&quot;&quot;,&quot;size&quot;:&quot;&quot;},&quot;_id&quot;:&quot;22a0abb&quot;,&quot;jet_parallax_layout_image_tablet&quot;:{&quot;url&quot;:&quot;&quot;,&quot;id&quot;:&quot;&quot;,&quot;size&quot;:&quot;&quot;},&quot;jet_parallax_layout_image_mobile&quot;:{&quot;url&quot;:&quot;&quot;,&quot;id&quot;:&quot;&quot;,&quot;size&quot;:&quot;&quot;},&quot;jet_parallax_layout_speed&quot;:{&quot;unit&quot;:&quot;%&quot;,&quot;size&quot;:50,&quot;sizes&quot;:[]},&quot;jet_parallax_layout_type&quot;:&quot;scroll&quot;,&quot;jet_parallax_layout_direction&quot;:&quot;1&quot;,&quot;jet_parallax_layout_fx_direction&quot;:null,&quot;jet_parallax_layout_z_index&quot;:&quot;&quot;,&quot;jet_parallax_layout_bg_x&quot;:50,&quot;jet_parallax_layout_bg_x_tablet&quot;:&quot;&quot;,&quot;jet_parallax_layout_bg_x_mobile&quot;:&quot;&quot;,&quot;jet_parallax_layout_bg_y&quot;:50,&quot;jet_parallax_layout_bg_y_tablet&quot;:&quot;&quot;,&quot;jet_parallax_layout_bg_y_mobile&quot;:&quot;&quot;,&quot;jet_parallax_layout_bg_size&quot;:&quot;auto&quot;,&quot;jet_parallax_layout_bg_size_tablet&quot;:&quot;&quot;,&quot;jet_parallax_layout_bg_size_mobile&quot;:&quot;&quot;,&quot;jet_parallax_layout_animation_prop&quot;:&quot;transform&quot;,&quot;jet_parallax_layout_on&quot;:[&quot;desktop&quot;,&quot;tablet&quot;]}]}\">\n\t\t\t\t\t\t<div class=\"elementor-container elementor-column-gap-default\">\n\t\t\t\t\t<div class=\"elementor-column elementor-col-100 elementor-top-column elementor-element elementor-element-86872fe\" data-id=\"86872fe\" data-element_type=\"column\">\n\t\t\t<div class=\"elementor-widget-wrap elementor-element-populated\">\n\t\t\t\t\t\t<div class=\"elementor-element elementor-element-72f803a elementor-widget elementor-widget-html\" data-id=\"72f803a\" data-element_type=\"widget\" data-widget_type=\"html.default\">\n\t\t\t\t\t<style>\n    h2, .h2-style{\n        font-size: 28px;\n    }\n<\/style>\t\t\t\t<\/div>\n\t\t\t\t\t<\/div>\n\t\t<\/div>\n\t\t\t\t\t<\/div>\n\t\t<\/section>\n\t\t\t\t<\/div>\n\t\t","protected":false},"excerpt":{"rendered":"<p>INSTITUI E REGULAMENTA A POL\u00cdTICA B\u00c1SICA DE MANUTEN\u00c7\u00c3O NO \u00c2MBITO DO PODER EXECUTIVO DO ESTADO DO RIO DE JANEIRO, E D\u00c1 OUTRAS PROVID\u00caNCIAS. O GOVERNADOR DO ESTADO DO RIO DE JANEIRO, em exerc\u00edcio, no uso das atribui\u00e7\u00f5es constitucionais e legais, tendo em vista o disposto no Decreto n\u00ba 42.092, de 27 de outubro de 2009, [&hellip;]<\/p>\n","protected":false},"author":1,"featured_media":0,"comment_status":"closed","ping_status":"open","sticky":false,"template":"","format":"standard","meta":{"_joinchat":[],"footnotes":""},"categories":[23],"tags":[],"class_list":["post-9246","post","type-post","status-publish","format-standard","hentry","category-cat-legislacao"],"yoast_head":"<!-- This site is optimized with the Yoast SEO plugin v25.7 - https:\/\/yoast.com\/wordpress\/plugins\/seo\/ -->\n<title>DECRETO N\u00ba 46.687, DE 03 DE JULHO DE 2019 - Redelog<\/title>\n<meta name=\"robots\" content=\"index, follow, max-snippet:-1, max-image-preview:large, max-video-preview:-1\" \/>\n<link rel=\"canonical\" href=\"https:\/\/redelog.rj.gov.br\/redelog\/decreto-estadual-no-46687\/\" \/>\n<meta property=\"og:locale\" content=\"pt_BR\" \/>\n<meta property=\"og:type\" content=\"article\" \/>\n<meta property=\"og:title\" content=\"DECRETO N\u00ba 46.687, DE 03 DE JULHO DE 2019 - Redelog\" \/>\n<meta property=\"og:description\" content=\"INSTITUI E REGULAMENTA A POL\u00cdTICA B\u00c1SICA DE MANUTEN\u00c7\u00c3O NO \u00c2MBITO DO PODER EXECUTIVO DO ESTADO DO RIO DE JANEIRO, E D\u00c1 OUTRAS PROVID\u00caNCIAS. O GOVERNADOR DO ESTADO DO RIO DE JANEIRO, em exerc\u00edcio, no uso das atribui\u00e7\u00f5es constitucionais e legais, tendo em vista o disposto no Decreto n\u00ba 42.092, de 27 de outubro de 2009, [&hellip;]\" \/>\n<meta property=\"og:url\" content=\"https:\/\/redelog.rj.gov.br\/redelog\/decreto-estadual-no-46687\/\" \/>\n<meta property=\"og:site_name\" content=\"Redelog\" \/>\n<meta property=\"article:published_time\" content=\"2022-01-13T16:47:18+00:00\" \/>\n<meta property=\"article:modified_time\" content=\"2022-02-24T16:56:13+00:00\" \/>\n<meta name=\"author\" content=\"alheiro\" \/>\n<meta name=\"twitter:card\" content=\"summary_large_image\" \/>\n<meta name=\"twitter:label1\" content=\"Escrito por\" \/>\n\t<meta name=\"twitter:data1\" content=\"alheiro\" \/>\n\t<meta name=\"twitter:label2\" content=\"Est. tempo de leitura\" \/>\n\t<meta name=\"twitter:data2\" content=\"10 minutos\" \/>\n<script type=\"application\/ld+json\" class=\"yoast-schema-graph\">{\"@context\":\"https:\/\/schema.org\",\"@graph\":[{\"@type\":\"Article\",\"@id\":\"https:\/\/redelog.rj.gov.br\/redelog\/decreto-estadual-no-46687\/#article\",\"isPartOf\":{\"@id\":\"https:\/\/redelog.rj.gov.br\/redelog\/decreto-estadual-no-46687\/\"},\"author\":{\"name\":\"alheiro\",\"@id\":\"https:\/\/redelog.rj.gov.br\/redelog\/#\/schema\/person\/1299ae2b7bfb510dd74c28ed239470fb\"},\"headline\":\"DECRETO N\u00ba 46.687, DE 03 DE JULHO DE 2019\",\"datePublished\":\"2022-01-13T16:47:18+00:00\",\"dateModified\":\"2022-02-24T16:56:13+00:00\",\"mainEntityOfPage\":{\"@id\":\"https:\/\/redelog.rj.gov.br\/redelog\/decreto-estadual-no-46687\/\"},\"wordCount\":2612,\"publisher\":{\"@id\":\"https:\/\/redelog.rj.gov.br\/redelog\/#organization\"},\"articleSection\":[\"Legisla\u00e7\u00e3o\"],\"inLanguage\":\"pt-BR\"},{\"@type\":\"WebPage\",\"@id\":\"https:\/\/redelog.rj.gov.br\/redelog\/decreto-estadual-no-46687\/\",\"url\":\"https:\/\/redelog.rj.gov.br\/redelog\/decreto-estadual-no-46687\/\",\"name\":\"DECRETO N\u00ba 46.687, DE 03 DE JULHO DE 2019 - Redelog\",\"isPartOf\":{\"@id\":\"https:\/\/redelog.rj.gov.br\/redelog\/#website\"},\"datePublished\":\"2022-01-13T16:47:18+00:00\",\"dateModified\":\"2022-02-24T16:56:13+00:00\",\"breadcrumb\":{\"@id\":\"https:\/\/redelog.rj.gov.br\/redelog\/decreto-estadual-no-46687\/#breadcrumb\"},\"inLanguage\":\"pt-BR\",\"potentialAction\":[{\"@type\":\"ReadAction\",\"target\":[\"https:\/\/redelog.rj.gov.br\/redelog\/decreto-estadual-no-46687\/\"]}]},{\"@type\":\"BreadcrumbList\",\"@id\":\"https:\/\/redelog.rj.gov.br\/redelog\/decreto-estadual-no-46687\/#breadcrumb\",\"itemListElement\":[{\"@type\":\"ListItem\",\"position\":1,\"name\":\"Home\",\"item\":\"https:\/\/redelog.rj.gov.br\/redelog\/\"},{\"@type\":\"ListItem\",\"position\":2,\"name\":\"DECRETO N\u00ba 46.687, DE 03 DE JULHO DE 2019\"}]},{\"@type\":\"WebSite\",\"@id\":\"https:\/\/redelog.rj.gov.br\/redelog\/#website\",\"url\":\"https:\/\/redelog.rj.gov.br\/redelog\/\",\"name\":\"Redelog\",\"description\":\"Site da Rede de Log\u00edstica e Planejamento do Estado do Rio de Janeiro\",\"publisher\":{\"@id\":\"https:\/\/redelog.rj.gov.br\/redelog\/#organization\"},\"potentialAction\":[{\"@type\":\"SearchAction\",\"target\":{\"@type\":\"EntryPoint\",\"urlTemplate\":\"https:\/\/redelog.rj.gov.br\/redelog\/?s={search_term_string}\"},\"query-input\":{\"@type\":\"PropertyValueSpecification\",\"valueRequired\":true,\"valueName\":\"search_term_string\"}}],\"inLanguage\":\"pt-BR\"},{\"@type\":\"Organization\",\"@id\":\"https:\/\/redelog.rj.gov.br\/redelog\/#organization\",\"name\":\"REDELOG\",\"url\":\"https:\/\/redelog.rj.gov.br\/redelog\/\",\"logo\":{\"@type\":\"ImageObject\",\"inLanguage\":\"pt-BR\",\"@id\":\"https:\/\/redelog.rj.gov.br\/redelog\/#\/schema\/logo\/image\/\",\"url\":\"http:\/\/10.10.8.100:8888\/redelog\/wp-content\/uploads\/2019\/09\/Redelog2.png\",\"contentUrl\":\"http:\/\/10.10.8.100:8888\/redelog\/wp-content\/uploads\/2019\/09\/Redelog2.png\",\"width\":565,\"height\":155,\"caption\":\"REDELOG\"},\"image\":{\"@id\":\"https:\/\/redelog.rj.gov.br\/redelog\/#\/schema\/logo\/image\/\"}},{\"@type\":\"Person\",\"@id\":\"https:\/\/redelog.rj.gov.br\/redelog\/#\/schema\/person\/1299ae2b7bfb510dd74c28ed239470fb\",\"name\":\"alheiro\",\"image\":{\"@type\":\"ImageObject\",\"inLanguage\":\"pt-BR\",\"@id\":\"https:\/\/redelog.rj.gov.br\/redelog\/#\/schema\/person\/image\/\",\"url\":\"https:\/\/secure.gravatar.com\/avatar\/682da79d56fd06a1a63ccaa75b42ffe0c9b0609a62bc395d810f23f98140dcae?s=96&d=mm&r=g\",\"contentUrl\":\"https:\/\/secure.gravatar.com\/avatar\/682da79d56fd06a1a63ccaa75b42ffe0c9b0609a62bc395d810f23f98140dcae?s=96&d=mm&r=g\",\"caption\":\"alheiro\"},\"sameAs\":[\"http:\/\/10.9.108.118:3000\/redelog\"],\"url\":\"https:\/\/redelog.rj.gov.br\/redelog\/author\/alheiro\/\"}]}<\/script>\n<!-- \/ Yoast SEO plugin. -->","yoast_head_json":{"title":"DECRETO N\u00ba 46.687, DE 03 DE JULHO DE 2019 - Redelog","robots":{"index":"index","follow":"follow","max-snippet":"max-snippet:-1","max-image-preview":"max-image-preview:large","max-video-preview":"max-video-preview:-1"},"canonical":"https:\/\/redelog.rj.gov.br\/redelog\/decreto-estadual-no-46687\/","og_locale":"pt_BR","og_type":"article","og_title":"DECRETO N\u00ba 46.687, DE 03 DE JULHO DE 2019 - Redelog","og_description":"INSTITUI E REGULAMENTA A POL\u00cdTICA B\u00c1SICA DE MANUTEN\u00c7\u00c3O NO \u00c2MBITO DO PODER EXECUTIVO DO ESTADO DO RIO DE JANEIRO, E D\u00c1 OUTRAS PROVID\u00caNCIAS. O GOVERNADOR DO ESTADO DO RIO DE JANEIRO, em exerc\u00edcio, no uso das atribui\u00e7\u00f5es constitucionais e legais, tendo em vista o disposto no Decreto n\u00ba 42.092, de 27 de outubro de 2009, [&hellip;]","og_url":"https:\/\/redelog.rj.gov.br\/redelog\/decreto-estadual-no-46687\/","og_site_name":"Redelog","article_published_time":"2022-01-13T16:47:18+00:00","article_modified_time":"2022-02-24T16:56:13+00:00","author":"alheiro","twitter_card":"summary_large_image","twitter_misc":{"Escrito por":"alheiro","Est. tempo de leitura":"10 minutos"},"schema":{"@context":"https:\/\/schema.org","@graph":[{"@type":"Article","@id":"https:\/\/redelog.rj.gov.br\/redelog\/decreto-estadual-no-46687\/#article","isPartOf":{"@id":"https:\/\/redelog.rj.gov.br\/redelog\/decreto-estadual-no-46687\/"},"author":{"name":"alheiro","@id":"https:\/\/redelog.rj.gov.br\/redelog\/#\/schema\/person\/1299ae2b7bfb510dd74c28ed239470fb"},"headline":"DECRETO N\u00ba 46.687, DE 03 DE JULHO DE 2019","datePublished":"2022-01-13T16:47:18+00:00","dateModified":"2022-02-24T16:56:13+00:00","mainEntityOfPage":{"@id":"https:\/\/redelog.rj.gov.br\/redelog\/decreto-estadual-no-46687\/"},"wordCount":2612,"publisher":{"@id":"https:\/\/redelog.rj.gov.br\/redelog\/#organization"},"articleSection":["Legisla\u00e7\u00e3o"],"inLanguage":"pt-BR"},{"@type":"WebPage","@id":"https:\/\/redelog.rj.gov.br\/redelog\/decreto-estadual-no-46687\/","url":"https:\/\/redelog.rj.gov.br\/redelog\/decreto-estadual-no-46687\/","name":"DECRETO N\u00ba 46.687, DE 03 DE JULHO DE 2019 - Redelog","isPartOf":{"@id":"https:\/\/redelog.rj.gov.br\/redelog\/#website"},"datePublished":"2022-01-13T16:47:18+00:00","dateModified":"2022-02-24T16:56:13+00:00","breadcrumb":{"@id":"https:\/\/redelog.rj.gov.br\/redelog\/decreto-estadual-no-46687\/#breadcrumb"},"inLanguage":"pt-BR","potentialAction":[{"@type":"ReadAction","target":["https:\/\/redelog.rj.gov.br\/redelog\/decreto-estadual-no-46687\/"]}]},{"@type":"BreadcrumbList","@id":"https:\/\/redelog.rj.gov.br\/redelog\/decreto-estadual-no-46687\/#breadcrumb","itemListElement":[{"@type":"ListItem","position":1,"name":"Home","item":"https:\/\/redelog.rj.gov.br\/redelog\/"},{"@type":"ListItem","position":2,"name":"DECRETO N\u00ba 46.687, DE 03 DE JULHO DE 2019"}]},{"@type":"WebSite","@id":"https:\/\/redelog.rj.gov.br\/redelog\/#website","url":"https:\/\/redelog.rj.gov.br\/redelog\/","name":"Redelog","description":"Site da Rede de Log\u00edstica e Planejamento do Estado do Rio de Janeiro","publisher":{"@id":"https:\/\/redelog.rj.gov.br\/redelog\/#organization"},"potentialAction":[{"@type":"SearchAction","target":{"@type":"EntryPoint","urlTemplate":"https:\/\/redelog.rj.gov.br\/redelog\/?s={search_term_string}"},"query-input":{"@type":"PropertyValueSpecification","valueRequired":true,"valueName":"search_term_string"}}],"inLanguage":"pt-BR"},{"@type":"Organization","@id":"https:\/\/redelog.rj.gov.br\/redelog\/#organization","name":"REDELOG","url":"https:\/\/redelog.rj.gov.br\/redelog\/","logo":{"@type":"ImageObject","inLanguage":"pt-BR","@id":"https:\/\/redelog.rj.gov.br\/redelog\/#\/schema\/logo\/image\/","url":"http:\/\/10.10.8.100:8888\/redelog\/wp-content\/uploads\/2019\/09\/Redelog2.png","contentUrl":"http:\/\/10.10.8.100:8888\/redelog\/wp-content\/uploads\/2019\/09\/Redelog2.png","width":565,"height":155,"caption":"REDELOG"},"image":{"@id":"https:\/\/redelog.rj.gov.br\/redelog\/#\/schema\/logo\/image\/"}},{"@type":"Person","@id":"https:\/\/redelog.rj.gov.br\/redelog\/#\/schema\/person\/1299ae2b7bfb510dd74c28ed239470fb","name":"alheiro","image":{"@type":"ImageObject","inLanguage":"pt-BR","@id":"https:\/\/redelog.rj.gov.br\/redelog\/#\/schema\/person\/image\/","url":"https:\/\/secure.gravatar.com\/avatar\/682da79d56fd06a1a63ccaa75b42ffe0c9b0609a62bc395d810f23f98140dcae?s=96&d=mm&r=g","contentUrl":"https:\/\/secure.gravatar.com\/avatar\/682da79d56fd06a1a63ccaa75b42ffe0c9b0609a62bc395d810f23f98140dcae?s=96&d=mm&r=g","caption":"alheiro"},"sameAs":["http:\/\/10.9.108.118:3000\/redelog"],"url":"https:\/\/redelog.rj.gov.br\/redelog\/author\/alheiro\/"}]}},"_links":{"self":[{"href":"https:\/\/redelog.rj.gov.br\/redelog\/wp-json\/wp\/v2\/posts\/9246","targetHints":{"allow":["GET"]}}],"collection":[{"href":"https:\/\/redelog.rj.gov.br\/redelog\/wp-json\/wp\/v2\/posts"}],"about":[{"href":"https:\/\/redelog.rj.gov.br\/redelog\/wp-json\/wp\/v2\/types\/post"}],"author":[{"embeddable":true,"href":"https:\/\/redelog.rj.gov.br\/redelog\/wp-json\/wp\/v2\/users\/1"}],"replies":[{"embeddable":true,"href":"https:\/\/redelog.rj.gov.br\/redelog\/wp-json\/wp\/v2\/comments?post=9246"}],"version-history":[{"count":33,"href":"https:\/\/redelog.rj.gov.br\/redelog\/wp-json\/wp\/v2\/posts\/9246\/revisions"}],"predecessor-version":[{"id":16123,"href":"https:\/\/redelog.rj.gov.br\/redelog\/wp-json\/wp\/v2\/posts\/9246\/revisions\/16123"}],"wp:attachment":[{"href":"https:\/\/redelog.rj.gov.br\/redelog\/wp-json\/wp\/v2\/media?parent=9246"}],"wp:term":[{"taxonomy":"category","embeddable":true,"href":"https:\/\/redelog.rj.gov.br\/redelog\/wp-json\/wp\/v2\/categories?post=9246"},{"taxonomy":"post_tag","embeddable":true,"href":"https:\/\/redelog.rj.gov.br\/redelog\/wp-json\/wp\/v2\/tags?post=9246"}],"curies":[{"name":"wp","href":"https:\/\/api.w.org\/{rel}","templated":true}]}}