{"id":9243,"date":"2022-01-13T13:48:05","date_gmt":"2022-01-13T16:48:05","guid":{"rendered":"http:\/\/10.11.80.6\/redelog\/?p=9243"},"modified":"2024-12-09T11:38:55","modified_gmt":"2024-12-09T14:38:55","slug":"resolucao-seccg-no-50","status":"publish","type":"post","link":"https:\/\/redelog.rj.gov.br\/redelog\/resolucao-seccg-no-50\/","title":{"rendered":"RESOLU\u00c7\u00c3O SECCG N\u00ba 50, DE 23 DE JULHO DE 2019"},"content":{"rendered":"\t\t<div data-elementor-type=\"wp-post\" data-elementor-id=\"9243\" class=\"elementor elementor-9243\" data-elementor-post-type=\"post\">\n\t\t\t\t\t\t<section class=\"elementor-section elementor-top-section elementor-element elementor-element-270b9a4 elementor-section-boxed elementor-section-height-default elementor-section-height-default\" data-id=\"270b9a4\" data-element_type=\"section\" data-settings=\"{&quot;jet_parallax_layout_list&quot;:[{&quot;jet_parallax_layout_image&quot;:{&quot;url&quot;:&quot;&quot;,&quot;id&quot;:&quot;&quot;,&quot;size&quot;:&quot;&quot;},&quot;_id&quot;:&quot;c8a1dd8&quot;,&quot;jet_parallax_layout_image_tablet&quot;:{&quot;url&quot;:&quot;&quot;,&quot;id&quot;:&quot;&quot;,&quot;size&quot;:&quot;&quot;},&quot;jet_parallax_layout_image_mobile&quot;:{&quot;url&quot;:&quot;&quot;,&quot;id&quot;:&quot;&quot;,&quot;size&quot;:&quot;&quot;},&quot;jet_parallax_layout_speed&quot;:{&quot;unit&quot;:&quot;%&quot;,&quot;size&quot;:50,&quot;sizes&quot;:[]},&quot;jet_parallax_layout_type&quot;:&quot;scroll&quot;,&quot;jet_parallax_layout_direction&quot;:&quot;1&quot;,&quot;jet_parallax_layout_fx_direction&quot;:null,&quot;jet_parallax_layout_z_index&quot;:&quot;&quot;,&quot;jet_parallax_layout_bg_x&quot;:50,&quot;jet_parallax_layout_bg_x_tablet&quot;:&quot;&quot;,&quot;jet_parallax_layout_bg_x_mobile&quot;:&quot;&quot;,&quot;jet_parallax_layout_bg_y&quot;:50,&quot;jet_parallax_layout_bg_y_tablet&quot;:&quot;&quot;,&quot;jet_parallax_layout_bg_y_mobile&quot;:&quot;&quot;,&quot;jet_parallax_layout_bg_size&quot;:&quot;auto&quot;,&quot;jet_parallax_layout_bg_size_tablet&quot;:&quot;&quot;,&quot;jet_parallax_layout_bg_size_mobile&quot;:&quot;&quot;,&quot;jet_parallax_layout_animation_prop&quot;:&quot;transform&quot;,&quot;jet_parallax_layout_on&quot;:[&quot;desktop&quot;,&quot;tablet&quot;]}]}\">\n\t\t\t\t\t\t<div class=\"elementor-container elementor-column-gap-default\">\n\t\t\t\t\t<div class=\"elementor-column elementor-col-100 elementor-top-column elementor-element elementor-element-cc39b44\" data-id=\"cc39b44\" data-element_type=\"column\">\n\t\t\t<div class=\"elementor-widget-wrap elementor-element-populated\">\n\t\t\t\t\t\t<section class=\"elementor-section elementor-inner-section elementor-element elementor-element-70fed2a elementor-section-boxed elementor-section-height-default elementor-section-height-default\" data-id=\"70fed2a\" data-element_type=\"section\" data-settings=\"{&quot;jet_parallax_layout_list&quot;:[{&quot;jet_parallax_layout_image&quot;:{&quot;url&quot;:&quot;&quot;,&quot;id&quot;:&quot;&quot;,&quot;size&quot;:&quot;&quot;},&quot;_id&quot;:&quot;87f5bd9&quot;,&quot;jet_parallax_layout_image_tablet&quot;:{&quot;url&quot;:&quot;&quot;,&quot;id&quot;:&quot;&quot;,&quot;size&quot;:&quot;&quot;},&quot;jet_parallax_layout_image_mobile&quot;:{&quot;url&quot;:&quot;&quot;,&quot;id&quot;:&quot;&quot;,&quot;size&quot;:&quot;&quot;},&quot;jet_parallax_layout_speed&quot;:{&quot;unit&quot;:&quot;%&quot;,&quot;size&quot;:50,&quot;sizes&quot;:[]},&quot;jet_parallax_layout_type&quot;:&quot;scroll&quot;,&quot;jet_parallax_layout_direction&quot;:&quot;1&quot;,&quot;jet_parallax_layout_fx_direction&quot;:null,&quot;jet_parallax_layout_z_index&quot;:&quot;&quot;,&quot;jet_parallax_layout_bg_x&quot;:50,&quot;jet_parallax_layout_bg_x_tablet&quot;:&quot;&quot;,&quot;jet_parallax_layout_bg_x_mobile&quot;:&quot;&quot;,&quot;jet_parallax_layout_bg_y&quot;:50,&quot;jet_parallax_layout_bg_y_tablet&quot;:&quot;&quot;,&quot;jet_parallax_layout_bg_y_mobile&quot;:&quot;&quot;,&quot;jet_parallax_layout_bg_size&quot;:&quot;auto&quot;,&quot;jet_parallax_layout_bg_size_tablet&quot;:&quot;&quot;,&quot;jet_parallax_layout_bg_size_mobile&quot;:&quot;&quot;,&quot;jet_parallax_layout_animation_prop&quot;:&quot;transform&quot;,&quot;jet_parallax_layout_on&quot;:[&quot;desktop&quot;,&quot;tablet&quot;]}]}\">\n\t\t\t\t\t\t<div class=\"elementor-container elementor-column-gap-default\">\n\t\t\t\t\t<div class=\"elementor-column elementor-col-50 elementor-inner-column elementor-element elementor-element-4f70757\" data-id=\"4f70757\" data-element_type=\"column\">\n\t\t\t<div class=\"elementor-widget-wrap\">\n\t\t\t\t\t\t\t<\/div>\n\t\t<\/div>\n\t\t\t\t<div class=\"elementor-column elementor-col-50 elementor-inner-column elementor-element elementor-element-8ee6d08\" data-id=\"8ee6d08\" data-element_type=\"column\">\n\t\t\t<div class=\"elementor-widget-wrap elementor-element-populated\">\n\t\t\t\t\t\t<div class=\"elementor-element elementor-element-132dc62 elementor-widget elementor-widget-text-editor\" data-id=\"132dc62\" data-element_type=\"widget\" data-widget_type=\"text-editor.default\">\n\t\t\t\t\t\t\t\t\t<p style=\"text-align: justify;\"><del><strong>ESTABELECE AS ESPECIFICA\u00c7\u00d5ES PARA OS VE\u00cdCULOS DE REPRESENTA\u00c7\u00c3O E DE SERVI\u00c7O A SEREM OBSERVADAS PELOS \u00d3RG\u00c3OS E ENTIDADES DA ADMINISTRA\u00c7\u00c3O P\u00daBLICA ESTADUAL.<\/strong><\/del><\/p>\t\t\t\t\t\t\t\t<\/div>\n\t\t\t\t\t<\/div>\n\t\t<\/div>\n\t\t\t\t\t<\/div>\n\t\t<\/section>\n\t\t\t\t\t<\/div>\n\t\t<\/div>\n\t\t\t\t\t<\/div>\n\t\t<\/section>\n\t\t\t\t<section class=\"elementor-section elementor-top-section elementor-element elementor-element-6171357 elementor-section-boxed elementor-section-height-default elementor-section-height-default\" data-id=\"6171357\" data-element_type=\"section\" data-settings=\"{&quot;jet_parallax_layout_list&quot;:[{&quot;jet_parallax_layout_image&quot;:{&quot;url&quot;:&quot;&quot;,&quot;id&quot;:&quot;&quot;,&quot;size&quot;:&quot;&quot;},&quot;_id&quot;:&quot;257ab0a&quot;,&quot;jet_parallax_layout_image_tablet&quot;:{&quot;url&quot;:&quot;&quot;,&quot;id&quot;:&quot;&quot;,&quot;size&quot;:&quot;&quot;},&quot;jet_parallax_layout_image_mobile&quot;:{&quot;url&quot;:&quot;&quot;,&quot;id&quot;:&quot;&quot;,&quot;size&quot;:&quot;&quot;},&quot;jet_parallax_layout_speed&quot;:{&quot;unit&quot;:&quot;%&quot;,&quot;size&quot;:50,&quot;sizes&quot;:[]},&quot;jet_parallax_layout_type&quot;:&quot;scroll&quot;,&quot;jet_parallax_layout_direction&quot;:&quot;1&quot;,&quot;jet_parallax_layout_fx_direction&quot;:null,&quot;jet_parallax_layout_z_index&quot;:&quot;&quot;,&quot;jet_parallax_layout_bg_x&quot;:50,&quot;jet_parallax_layout_bg_x_tablet&quot;:&quot;&quot;,&quot;jet_parallax_layout_bg_x_mobile&quot;:&quot;&quot;,&quot;jet_parallax_layout_bg_y&quot;:50,&quot;jet_parallax_layout_bg_y_tablet&quot;:&quot;&quot;,&quot;jet_parallax_layout_bg_y_mobile&quot;:&quot;&quot;,&quot;jet_parallax_layout_bg_size&quot;:&quot;auto&quot;,&quot;jet_parallax_layout_bg_size_tablet&quot;:&quot;&quot;,&quot;jet_parallax_layout_bg_size_mobile&quot;:&quot;&quot;,&quot;jet_parallax_layout_animation_prop&quot;:&quot;transform&quot;,&quot;jet_parallax_layout_on&quot;:[&quot;desktop&quot;,&quot;tablet&quot;]}]}\">\n\t\t\t\t\t\t<div class=\"elementor-container elementor-column-gap-default\">\n\t\t\t\t\t<div class=\"elementor-column elementor-col-100 elementor-top-column elementor-element elementor-element-485dd41\" data-id=\"485dd41\" data-element_type=\"column\">\n\t\t\t<div class=\"elementor-widget-wrap elementor-element-populated\">\n\t\t\t\t\t\t<div class=\"elementor-element elementor-element-5a74ec6 elementor-widget elementor-widget-text-editor\" data-id=\"5a74ec6\" data-element_type=\"widget\" data-widget_type=\"text-editor.default\">\n\t\t\t\t\t\t\t\t\t<p><del><strong>O SECRET\u00c1RIO DE ESTADO DA CASA CIVIL E GOVERNAN\u00c7A<\/strong>, no uso de suas atribui\u00e7\u00f5es legais, tendo em vista o disposto no art. 12, \u00a72\u00ba e no art. 13 do Decreto Estadual N\u00ba 46.626 ,\u00a0que regulamenta o Sistema de Governan\u00e7a e Gest\u00e3o de Transportes do Poder Executivo do Estado do Rio de Janeiro (SISGETRANSP), e o disposto no Processo SEI-12\/001\/015244\/2019,<\/del><\/p><p><del><strong>Considerando\u00a0<\/strong>a necessidade de serem estabelecidas novas especifica\u00e7\u00f5es para os ve\u00edculos de representa\u00e7\u00e3o e de servi\u00e7o para os \u00f3rg\u00e3os participantes do SISGETRANSP,<\/del><\/p><p><del>\u00a0<strong>RESOLVE:<\/strong><\/del><\/p><p><del><strong>Art. 1\u00ba<\/strong>\u00a0\u2013 Os \u00d3rg\u00e3os e as Entidades da Administra\u00e7\u00e3o P\u00fablica Estadual interessados na aquisi\u00e7\u00e3o ou loca\u00e7\u00e3o de ve\u00edculos, de representa\u00e7\u00e3o ou de servi\u00e7o, dever\u00e3o observar o disposto nesta Resolu\u00e7\u00e3o.<\/del><\/p><p><del><strong>\u00a7 1\u00ba &#8211;<\/strong>\u00a0Especifica\u00e7\u00f5es adicionais \u00e0s previstas no Anexo desta resolu\u00e7\u00e3o dever\u00e3o ser devidamente justificadas no respectivo Processo Administrativo de Contrata\u00e7\u00e3o, sendo vedada a ado\u00e7\u00e3o de acess\u00f3rios de luxo.<\/del><\/p><p><del><strong>\u00a7 2\u00ba &#8211;<\/strong>\u00a0Para efeito desta resolu\u00e7\u00e3o, \u00e9 considerado acess\u00f3rio de luxo aquele que pode ser considerado dispens\u00e1vel, sup\u00e9rfluo ou desnecess\u00e1rio, tais como: rodas de liga leve; teto-solar; central multim\u00eddia; bancos de couro; geladeira; entre outros.<\/del><\/p><p><del><strong>Art<\/strong><strong>. 2\u00ba \u2013<\/strong>\u00a0Os ve\u00edculos de representa\u00e7\u00e3o podem ser de dois tipos: representa\u00e7\u00e3o tipo 1 (RP-01) e representa\u00e7\u00e3o tipo 2 (RP-02), conforme discriminado no Anexo.<\/del><\/p><p><del><strong>\u00a7 1\u00ba &#8211;<\/strong>\u00a0Os ve\u00edculos de representa\u00e7\u00e3o ser\u00e3o, preferencialmente, do tipo RP-01.<\/del><\/p><p><del><strong>\u00a7 2\u00ba &#8211;<\/strong>\u00a0O Processo Administrativo de Contrata\u00e7\u00e3o para aquisi\u00e7\u00e3o ou loca\u00e7\u00e3o de ve\u00edculos da categoria RP-02 dever\u00e1 conter a autoriza\u00e7\u00e3o prevista no \u00a77\u00ba do art. 12 do Decreto n\u00ba 46.626\/2019.<\/del><\/p><p><del><strong>\u00a7 3\u00ba &#8211;<\/strong>\u00a0A utiliza\u00e7\u00e3o e contrata\u00e7\u00e3o dos\u00a0v\u00e9iculos de representa\u00e7\u00e3o tipo 1 (RP-01) e tipo 2 (RP-02) previstos\u00a0neste artigo, est\u00e3o\u00a0temporariamente suspensas nos termos do decreto n\u00ba 45.541 de 11 de janeiro de 2016.<\/del><\/p><p><del>A<strong>rt<\/strong><strong>. 3\u00ba &#8211;<\/strong>\u00a0Os ve\u00edculos de servi\u00e7o est\u00e3o enquadrados nas categorias Servi\u00e7o-1 (SV-1) e Servi\u00e7o-2 (SV-2), subdivididas conforme tipifica\u00e7\u00e3o constante do Anexo.<\/del><\/p><p><del><strong>Art. 4\u00ba &#8211;<\/strong>\u00a0Os casos omissos ser\u00e3o analisados pelo \u00d3rg\u00e3o Central do SISLOG, e submetidos \u00e0<a target=\"_blank\" name=\"_GoBack\"><\/a>\u00a0decis\u00e3o do Governador do Estado, quando couber.\u00a0\u00a0\u00a0\u00a0\u00a0\u00a0<\/del><\/p><p><del><strong>Art.<\/strong>\u00a05\u00ba &#8211; Aplicam-se as regras desta Resolu\u00e7\u00e3o, no que couber, aos processos de contrata\u00e7\u00e3o j\u00e1 iniciados e \u00e0s contrata\u00e7\u00f5es decorrentes do Sistema de Registro de Pre\u00e7os. \u00a0<\/del><\/p><p><del><strong>Art. 6\u00ba<\/strong><strong>\u00a0\u2013<\/strong>\u00a0Esta Resolu\u00e7\u00e3o entrar\u00e1 em vigor na data da sua publica\u00e7\u00e3o, ficando revogada\u00a0a Resolu\u00e7\u00e3o SEPLAG n\u00ba 1.341, de 15 de junho de 2015.<\/del><\/p><p class=\"Texto_Alinhado_Esquerda\" style=\"text-align: center;\"><del>Rio de Janeiro,\u00a0 23\u00a0 de\u00a0julho de 2019<\/del><\/p><p align=\"center\"><del><strong>Jos\u00e9 Luis Cardoso Zamith<\/strong><\/del><\/p><p align=\"center\"><del>Secret\u00e1rio de Estado da Casa Civil e Governan\u00e7a.<\/del><\/p><p align=\"center\"><del><strong><u>Anexo<\/u><\/strong><\/del><\/p><p align=\"center\"><del><strong><u>Especifica\u00e7\u00f5es para os Ve\u00edculos de Representa\u00e7\u00e3o e de Servi\u00e7o<\/u><\/strong>\u00a0<\/del><\/p><p><del>I &#8211;\u00a0<strong><u>Ve\u00edculos de Representa\u00e7\u00e3o (RP)<\/u><\/strong><\/del><\/p><table border=\"1\" cellspacing=\"0\" cellpadding=\"0\"><tbody><tr><td><p align=\"center\"><del><strong>Tipo<\/strong><\/del><\/p><\/td><td><p align=\"center\"><del><strong>Caracter\u00edsticas T\u00e9cnicas<\/strong><\/del><\/p><\/td><\/tr><tr><td><p align=\"center\"><del>RP-01<\/del><\/p><\/td><td><p><del>Modelo Sedan\/Hatch; 4 portas; movido \u00e0 gasolina e\/ou etanol; motor com pot\u00eancia at\u00e9 120 cv (refer\u00eancia gasolina); dist\u00e2ncia entre eixos de 2460mm ~ 2640mm; dire\u00e7\u00e3o hidr\u00e1ulica, el\u00e9trica ou eletro-hidr\u00e1ulica; ar condicionado; freios com ABS; vidro el\u00e9trico e trava el\u00e9trica nas 4 portas.<\/del><\/p><\/td><\/tr><tr><td><p align=\"center\"><del>RP-02<\/del><\/p><\/td><td><p><del>Modelo Sedan; com blindagem n\u00edvel III-A; 4 portas; movido \u00e0 gasolina e\/ou etanol; motor com pot\u00eancia at\u00e9 165 cv (refer\u00eancia gasolina); dist\u00e2ncia entre eixos de 2640mm ~ 2860mm; dire\u00e7\u00e3o el\u00e9trica ou eletro-hidr\u00e1ulica; ar condicionado; freios com ABS e distribui\u00e7\u00e3o eletr\u00f4nica de frenagem; vidro el\u00e9trico e trava el\u00e9trica nas 4 portas.<\/del><\/p><\/td><\/tr><\/tbody><\/table><p><del><strong>II &#8211;<\/strong>\u00a0<strong><u>Ve\u00edculos de Servi\u00e7o (SV)<\/u><\/strong><\/del><\/p><p><del><strong>II.1- Categoria Ve\u00edculos de Servi\u00e7o \u2013 Tipo 1 (SV-1)<\/strong><\/del><\/p><table border=\"1\" cellspacing=\"0\" cellpadding=\"0\"><tbody><tr><td><p align=\"center\"><del><strong>Tipo<\/strong><\/del><\/p><\/td><td><p align=\"center\"><del><strong>Caracter\u00edsticas T\u00e9cnicas<\/strong><\/del><\/p><\/td><\/tr><tr><td><p><del>\u00a0\u00a0\u00a0\u00a0\u00a0\u00a0\u00a0\u00a0<strong>SV-1.1<\/strong><\/del><\/p><\/td><td><p><del>Modelo sedan\/hatch m\u00e9dio; 4 portas; movido \u00e0 gasolina e\/ou etanol; motor com pot\u00eancia at\u00e9 100 cv (gasolina); \u00a0dist\u00e2ncia entre eixos 2370mm ~ 2638mm; consumo gasolina 18,0 km\/l ~ 11,8 km\/l, de acordo com a tabela PBEV\/INMETRO; dire\u00e7\u00e3o hidr\u00e1ulica ou eletroassistida; ar condicionado; vidro el\u00e9trico nas portas dianteiras e trava el\u00e9trica nas 4 portas.<\/del><\/p><\/td><\/tr><tr><td><p><del><strong>\u00a0\u00a0\u00a0\u00a0\u00a0\u00a0\u00a0 SV-1.2<\/strong><\/del><\/p><\/td><td><p><del>Modelo hatch compacto ou subcompacto; 4 portas; movido \u00e0 gasolina\/\u00e1lcool; ar condicionado; motor com pot\u00eancia de at\u00e9 87 cv (refer\u00eancia gasolina) e cilindrada entre 1000cc e 1200cc; consumo de gasolina 18,0 km\/l ~ 12,5km\/l, de acordo com a tabela PBEV\/INMETRO; dire\u00e7\u00e3o hidr\u00e1ulica ou eletroassistida.<\/del><\/p><\/td><\/tr><\/tbody><\/table><p><del>\u00a0<strong>II.2- Categoria Ve\u00edculos de Servi\u00e7o \u2013 Tipo 2 (SV-2)<\/strong><\/del><\/p><table border=\"1\" cellspacing=\"0\" cellpadding=\"0\"><tbody><tr><td><p align=\"center\"><del><strong>Tipo<\/strong><\/del><\/p><\/td><td><p align=\"center\"><del><strong>Caracter\u00edsticas T\u00e9cnicas<\/strong><\/del><\/p><\/td><\/tr><tr><td><p align=\"center\"><del><strong>SV-2.1<\/strong><\/del><\/p><\/td><td><p><del>Camioneta tipo furg\u00e3o; \u00e0 gasolina\/etanol, motor com pot\u00eancia at\u00e9\u00a0 130 cv, capacidade de carga entre 600kg ~ 900kg; dire\u00e7\u00e3o hidr\u00e1ulica ou eletroassistida; e ar condicionado.<\/del><\/p><\/td><\/tr><tr><td><p align=\"center\"><del><strong>SV-2.2<\/strong><\/del><\/p><\/td><td><p><del>Camioneta tipo minivan; \u00e0 gasolina\/etanol; motor pot\u00eancia 85 cv ~ 150 cv, capacidade transportar no m\u00ednimo 7 pessoas, dire\u00e7\u00e3o hidr\u00e1ulica ou eletroassistida, ar condicionado.<\/del><\/p><\/td><\/tr><tr><td><p align=\"center\"><del><strong>SV-2.3<\/strong><\/del><\/p><\/td><td><p><del>Camioneta tipo van; \u00e0 diesel; motor com pot\u00eancia at\u00e9\u00a0 150 cv; capacidade para transportar no m\u00ednimo 14 passageiros; dire\u00e7\u00e3o hidr\u00e1ulica ou eletroassistida; e ar condicionado.<\/del><\/p><\/td><\/tr><tr><td><p align=\"center\"><del><strong>SV-2.4\u00a0<\/strong><\/del><\/p><\/td><td><p><del>Utilit\u00e1rio; tipo pick-up; cabine dupla; \u00e0 diesel; motor com pot\u00eancia at\u00e9 200 cv; capacidade para carga de at\u00e9 1,5 ton.; dire\u00e7\u00e3o hidr\u00e1ulica ou eletroassistida; ar condicionado.<\/del><\/p><\/td><\/tr><tr><td><p align=\"center\"><del><strong>SV-2.5<\/strong><\/del><\/p><\/td><td><p><del>Caminhonete, cabine simples; \u00e0 diesel; motor com pot\u00eancia at\u00e9 200 cv; capacidade de carga at\u00e9 1,5 ton.; dire\u00e7\u00e3o hidr\u00e1ulica ou eletroassistida; ar condicionado.<\/del><\/p><\/td><\/tr><tr><td><p align=\"center\"><del><strong>SV-2.6<\/strong><\/del><\/p><\/td><td><p><del>Caminhonete, cabine simples; \u00e0 gasolina; motor com pot\u00eancia at\u00e9 115cv; capacidade de carga entre 650kg &#8211; 800kg; dire\u00e7\u00e3o hidr\u00e1ulica ou eletroassistida; ar condicionado.<\/del><\/p><\/td><\/tr><tr><td><p align=\"center\"><del><strong>SV-2.7\u00a0<\/strong><\/del><\/p><\/td><td><p><del>Camioneta tipo furg\u00e3o; \u00e0 diesel, motor com pot\u00eancia de at\u00e9 200 cv; peso bruto total (PBT) entre 3.500kg- 5.000kg; capacidade de carga \u00fatil entre 1.500kg- 3.000kg; dist\u00e2ncia entre eixos de 2900 ~ 3700 mm; \u00a0comprimento entre 4800 mm ~ 5500mm; altura: entre 1800 mm ~ 2200mm; largura entre 1900 mm ~ 2100mm; capacidade volum\u00e9trica de carga entre 10m\u00b3 ~ 12m\u00b3; dire\u00e7\u00e3o hidr\u00e1ulica ou eletroassistida; ar condicionado.<\/del><\/p><\/td><\/tr><tr><td><p align=\"center\"><del><strong>SV-2.8<\/strong><\/del><\/p><\/td><td><p><del>Micro\u00f4nibus movido \u00e0 diesel<strong>;\u00a0<\/strong>motor com pot\u00eancia at\u00e9\u00a0 180 cv; capacidade para transportar at\u00e9 30 passageiros; dire\u00e7\u00e3o hidr\u00e1ulica ou eletroassistida; ar condicionado.<\/del><\/p><\/td><\/tr><tr><td><p align=\"center\"><del><strong>SV-2.9<\/strong><\/del><\/p><\/td><td><p><del>\u00d4nibus movido \u00e0 diesel; motor com pot\u00eancia de at\u00e9 330 cv; com capacidade para transportar mais de 30 passageiros; dire\u00e7\u00e3o hidr\u00e1ulica ou eletroassistida; ar condicionado.<\/del><\/p><\/td><\/tr><tr><td><p align=\"center\"><del><strong>SV-2.10<\/strong><\/del><\/p><\/td><td><p><del>Ve\u00edculo tipo caminh\u00e3o; \u00e0 diesel; categoria leve; motor com pot\u00eancia de at\u00e9 175 cv; dist\u00e2ncia entre-eixos entre 3740mm ~ 4400mm; comprimento entre 6300mm ~ 8800mm; altura entre 2000mm ~ 2500; largura entre 2020mm ~ 2185mm; capacidade m\u00e1xima de carga entre 3.000kg; dire\u00e7\u00e3o hidr\u00e1ulica ou eletroassistida; ar condicionado.<\/del><\/p><\/td><\/tr><tr><td><p align=\"center\"><del><strong>SV-2.11<\/strong><\/del><\/p><\/td><td><p><del>Ve\u00edculo tipo caminh\u00e3o; \u00e0 diesel; categoria semi leve; motor com pot\u00eancia at\u00e9 260 cv; dist\u00e2ncia entre-eixos 4400mm ~ 5680mm; comprimento entre 8800mm ~ 10400mm; altura entre 2500mm ~ 2757mm; largura entre 2200mm ~ 2400mm; capacidade m\u00e1xima de carga de 6.000kg; dire\u00e7\u00e3o hidr\u00e1ulica ou eletroassistida; ar condicionado.<\/del><\/p><\/td><\/tr><tr><td><p align=\"center\"><del><strong>SV-2.12<\/strong><\/del><\/p><\/td><td><p><del>Ve\u00edculo tipo caminh\u00e3o; \u00e0 diesel; categoria m\u00e9dia; motor com pot\u00eancia de at\u00e9 330 cv; dist\u00e2ncia entre-eixos entre 3450mm ~ 5200mm; comprimento entre 5850mm ~ 8800mm; altura entre 2800mm ~ 3800mm; largura entre 2480mm ~ 2600mm; capacidade m\u00e1xima de carga de \u00a06.200kg; dire\u00e7\u00e3o hidr\u00e1ulica ou eletroassistida; ar condicionado.<\/del><\/p><\/td><\/tr><tr><td><p align=\"center\"><del><strong>SV-2.13<\/strong><\/del><\/p><\/td><td><p><del>Ve\u00edculo tipo caminh\u00e3o; \u00e0 diesel; categoria semi pesado; motor com pot\u00eancia de at\u00e9 315 cv; dist\u00e2ncia entre-eixos entre 3650mm ~ 5700mm; comprimento entre 7600mm ~ 9800mm; altura entre 2750mm ~ 3580mm; largura entre 2300mm ~ 2595mm; capacidade m\u00e1xima de carga de 6.000kg; dire\u00e7\u00e3o hidr\u00e1ulica ou eletroassistida; ar condicionado.<\/del><\/p><\/td><\/tr><tr><td><p align=\"center\"><del><strong>SV-2.14<\/strong><\/del><\/p><\/td><td><p><del>Ve\u00edculo tipo caminh\u00e3o; \u00e0 diesel; categoria pesado; motor com pot\u00eancia de at\u00e9 470 cv; dist\u00e2ncia entre-eixos 3300mm ~ 4600mm; comprimento entre 5850mm ~ 7200mm; altura entre 2800mm ~ 3800mm; largura entre 2480mm ~ 2600mm; capacidade m\u00e1xima de carga entre 10.000kg ~ 14.000kg; dire\u00e7\u00e3o hidr\u00e1ulica ou \u00a0eletroassistida; ar condicionado.<\/del><\/p><\/td><\/tr><\/tbody><\/table><p style=\"text-align: right;\">Id: 2196263<\/p>\t\t\t\t\t\t\t\t<\/div>\n\t\t\t\t\t<\/div>\n\t\t<\/div>\n\t\t\t\t\t<\/div>\n\t\t<\/section>\n\t\t\t\t<section class=\"elementor-section elementor-top-section elementor-element elementor-element-cd268d4 elementor-section-boxed elementor-section-height-default elementor-section-height-default\" data-id=\"cd268d4\" data-element_type=\"section\" data-settings=\"{&quot;jet_parallax_layout_list&quot;:[{&quot;jet_parallax_layout_image&quot;:{&quot;url&quot;:&quot;&quot;,&quot;id&quot;:&quot;&quot;,&quot;size&quot;:&quot;&quot;},&quot;_id&quot;:&quot;04dd098&quot;,&quot;jet_parallax_layout_image_tablet&quot;:{&quot;url&quot;:&quot;&quot;,&quot;id&quot;:&quot;&quot;,&quot;size&quot;:&quot;&quot;},&quot;jet_parallax_layout_image_mobile&quot;:{&quot;url&quot;:&quot;&quot;,&quot;id&quot;:&quot;&quot;,&quot;size&quot;:&quot;&quot;},&quot;jet_parallax_layout_speed&quot;:{&quot;unit&quot;:&quot;%&quot;,&quot;size&quot;:50,&quot;sizes&quot;:[]},&quot;jet_parallax_layout_type&quot;:&quot;scroll&quot;,&quot;jet_parallax_layout_direction&quot;:&quot;1&quot;,&quot;jet_parallax_layout_fx_direction&quot;:null,&quot;jet_parallax_layout_z_index&quot;:&quot;&quot;,&quot;jet_parallax_layout_bg_x&quot;:50,&quot;jet_parallax_layout_bg_x_tablet&quot;:&quot;&quot;,&quot;jet_parallax_layout_bg_x_mobile&quot;:&quot;&quot;,&quot;jet_parallax_layout_bg_y&quot;:50,&quot;jet_parallax_layout_bg_y_tablet&quot;:&quot;&quot;,&quot;jet_parallax_layout_bg_y_mobile&quot;:&quot;&quot;,&quot;jet_parallax_layout_bg_size&quot;:&quot;auto&quot;,&quot;jet_parallax_layout_bg_size_tablet&quot;:&quot;&quot;,&quot;jet_parallax_layout_bg_size_mobile&quot;:&quot;&quot;,&quot;jet_parallax_layout_animation_prop&quot;:&quot;transform&quot;,&quot;jet_parallax_layout_on&quot;:[&quot;desktop&quot;,&quot;tablet&quot;]}]}\">\n\t\t\t\t\t\t<div class=\"elementor-container elementor-column-gap-default\">\n\t\t\t\t\t<div class=\"elementor-column elementor-col-100 elementor-top-column elementor-element elementor-element-1d1f794\" data-id=\"1d1f794\" data-element_type=\"column\">\n\t\t\t<div class=\"elementor-widget-wrap elementor-element-populated\">\n\t\t\t\t\t\t<div class=\"elementor-element elementor-element-3e2cb7d elementor-widget elementor-widget-text-editor\" data-id=\"3e2cb7d\" data-element_type=\"widget\" data-widget_type=\"text-editor.default\">\n\t\t\t\t\t\t\t\t\t<p><em>Publicada no DOE em <strong><a href=\"http:\/\/redelog.rj.gov.br\/redelog\/wp-content\/uploads\/2022\/01\/Resolucao-SECCG-no-50-2019-Especificacao-de-veiculos.pdf\" target=\"_blank\" rel=\"noopener\">24\/07\/2019<\/a><\/strong>.<\/em><\/p><p>Revogada pela <strong><a href=\"https:\/\/redelog.rj.gov.br\/redelog\/resolucao-seplag-no-340-de-26-de-novembro-de-2024\/\">Resolu\u00e7\u00e3o SEPLAG n\u00ba <\/a><\/strong><em><strong><a href=\"https:\/\/redelog.rj.gov.br\/redelog\/resolucao-seplag-no-340-de-26-de-novembro-de-2024\/\">340, 26 de novembro de 2024<\/a><\/strong>, publicada no DOE em <strong><a href=\"https:\/\/www.redelog.rj.gov.br\/redelog\/wp-content\/uploads\/2024\/12\/Resolucao-SEPLAG-no-340-Regulamenta-o-SIGETRANSP.pdf\">09\/12\/2024<\/a><\/strong>.<\/em><\/p>\t\t\t\t\t\t\t\t<\/div>\n\t\t\t\t\t<\/div>\n\t\t<\/div>\n\t\t\t\t\t<\/div>\n\t\t<\/section>\n\t\t\t\t<section class=\"elementor-section elementor-top-section elementor-element elementor-element-a8c260f elementor-section-boxed elementor-section-height-default elementor-section-height-default\" data-id=\"a8c260f\" data-element_type=\"section\" data-settings=\"{&quot;jet_parallax_layout_list&quot;:[{&quot;jet_parallax_layout_image&quot;:{&quot;url&quot;:&quot;&quot;,&quot;id&quot;:&quot;&quot;,&quot;size&quot;:&quot;&quot;},&quot;_id&quot;:&quot;ab030fc&quot;,&quot;jet_parallax_layout_image_tablet&quot;:{&quot;url&quot;:&quot;&quot;,&quot;id&quot;:&quot;&quot;,&quot;size&quot;:&quot;&quot;},&quot;jet_parallax_layout_image_mobile&quot;:{&quot;url&quot;:&quot;&quot;,&quot;id&quot;:&quot;&quot;,&quot;size&quot;:&quot;&quot;},&quot;jet_parallax_layout_speed&quot;:{&quot;unit&quot;:&quot;%&quot;,&quot;size&quot;:50,&quot;sizes&quot;:[]},&quot;jet_parallax_layout_type&quot;:&quot;scroll&quot;,&quot;jet_parallax_layout_direction&quot;:&quot;1&quot;,&quot;jet_parallax_layout_fx_direction&quot;:null,&quot;jet_parallax_layout_z_index&quot;:&quot;&quot;,&quot;jet_parallax_layout_bg_x&quot;:50,&quot;jet_parallax_layout_bg_x_tablet&quot;:&quot;&quot;,&quot;jet_parallax_layout_bg_x_mobile&quot;:&quot;&quot;,&quot;jet_parallax_layout_bg_y&quot;:50,&quot;jet_parallax_layout_bg_y_tablet&quot;:&quot;&quot;,&quot;jet_parallax_layout_bg_y_mobile&quot;:&quot;&quot;,&quot;jet_parallax_layout_bg_size&quot;:&quot;auto&quot;,&quot;jet_parallax_layout_bg_size_tablet&quot;:&quot;&quot;,&quot;jet_parallax_layout_bg_size_mobile&quot;:&quot;&quot;,&quot;jet_parallax_layout_animation_prop&quot;:&quot;transform&quot;,&quot;jet_parallax_layout_on&quot;:[&quot;desktop&quot;,&quot;tablet&quot;]}]}\">\n\t\t\t\t\t\t<div class=\"elementor-container elementor-column-gap-default\">\n\t\t\t\t\t<div class=\"elementor-column elementor-col-100 elementor-top-column elementor-element elementor-element-70a6aec\" data-id=\"70a6aec\" data-element_type=\"column\">\n\t\t\t<div class=\"elementor-widget-wrap elementor-element-populated\">\n\t\t\t\t\t\t<div class=\"elementor-element elementor-element-f59f005 elementor-widget-divider--view-line elementor-widget elementor-widget-divider\" data-id=\"f59f005\" data-element_type=\"widget\" data-widget_type=\"divider.default\">\n\t\t\t\t\t\t\t<div class=\"elementor-divider\">\n\t\t\t<span class=\"elementor-divider-separator\">\n\t\t\t\t\t\t<\/span>\n\t\t<\/div>\n\t\t\t\t\t\t<\/div>\n\t\t\t\t\t<\/div>\n\t\t<\/div>\n\t\t\t\t\t<\/div>\n\t\t<\/section>\n\t\t\t\t<section class=\"elementor-section elementor-top-section elementor-element elementor-element-c3d6e09 elementor-section-boxed elementor-section-height-default elementor-section-height-default\" data-id=\"c3d6e09\" data-element_type=\"section\" id=\"options\" data-settings=\"{&quot;jet_parallax_layout_list&quot;:[{&quot;jet_parallax_layout_image&quot;:{&quot;url&quot;:&quot;&quot;,&quot;id&quot;:&quot;&quot;,&quot;size&quot;:&quot;&quot;},&quot;_id&quot;:&quot;19d7213&quot;,&quot;jet_parallax_layout_image_tablet&quot;:{&quot;url&quot;:&quot;&quot;,&quot;id&quot;:&quot;&quot;,&quot;size&quot;:&quot;&quot;},&quot;jet_parallax_layout_image_mobile&quot;:{&quot;url&quot;:&quot;&quot;,&quot;id&quot;:&quot;&quot;,&quot;size&quot;:&quot;&quot;},&quot;jet_parallax_layout_speed&quot;:{&quot;unit&quot;:&quot;%&quot;,&quot;size&quot;:50,&quot;sizes&quot;:[]},&quot;jet_parallax_layout_type&quot;:&quot;scroll&quot;,&quot;jet_parallax_layout_direction&quot;:&quot;1&quot;,&quot;jet_parallax_layout_fx_direction&quot;:null,&quot;jet_parallax_layout_z_index&quot;:&quot;&quot;,&quot;jet_parallax_layout_bg_x&quot;:50,&quot;jet_parallax_layout_bg_x_tablet&quot;:&quot;&quot;,&quot;jet_parallax_layout_bg_x_mobile&quot;:&quot;&quot;,&quot;jet_parallax_layout_bg_y&quot;:50,&quot;jet_parallax_layout_bg_y_tablet&quot;:&quot;&quot;,&quot;jet_parallax_layout_bg_y_mobile&quot;:&quot;&quot;,&quot;jet_parallax_layout_bg_size&quot;:&quot;auto&quot;,&quot;jet_parallax_layout_bg_size_tablet&quot;:&quot;&quot;,&quot;jet_parallax_layout_bg_size_mobile&quot;:&quot;&quot;,&quot;jet_parallax_layout_animation_prop&quot;:&quot;transform&quot;,&quot;jet_parallax_layout_on&quot;:[&quot;desktop&quot;,&quot;tablet&quot;]}]}\">\n\t\t\t\t\t\t<div class=\"elementor-container elementor-column-gap-default\">\n\t\t\t\t\t<div class=\"elementor-column elementor-col-100 elementor-top-column elementor-element elementor-element-1daddc6\" data-id=\"1daddc6\" data-element_type=\"column\">\n\t\t\t<div class=\"elementor-widget-wrap elementor-element-populated\">\n\t\t\t\t\t\t<div class=\"elementor-element elementor-element-aa3a04e elementor-widget elementor-widget-shortcode\" data-id=\"aa3a04e\" data-element_type=\"widget\" data-widget_type=\"shortcode.default\">\n\t\t\t\t\t\t\t<div class=\"elementor-shortcode\"><div class='printomatic pom-default ' id='id3032' alt='Imprimir' title='Imprimir' data-print_target='#post-9243'><\/div> <div class='printomatictext' id='id3032' alt='Imprimir' title='Imprimir' data-print_target='#post-9243'>Imprimir<\/div><div style='clear: both;'><\/div><\/div>\n\t\t\t\t\t\t<\/div>\n\t\t\t\t<section class=\"elementor-section elementor-inner-section elementor-element elementor-element-7e97e9e elementor-section-boxed elementor-section-height-default elementor-section-height-default\" data-id=\"7e97e9e\" data-element_type=\"section\" data-settings=\"{&quot;jet_parallax_layout_list&quot;:[{&quot;jet_parallax_layout_image&quot;:{&quot;url&quot;:&quot;&quot;,&quot;id&quot;:&quot;&quot;,&quot;size&quot;:&quot;&quot;},&quot;_id&quot;:&quot;4b24ff0&quot;,&quot;jet_parallax_layout_image_tablet&quot;:{&quot;url&quot;:&quot;&quot;,&quot;id&quot;:&quot;&quot;,&quot;size&quot;:&quot;&quot;},&quot;jet_parallax_layout_image_mobile&quot;:{&quot;url&quot;:&quot;&quot;,&quot;id&quot;:&quot;&quot;,&quot;size&quot;:&quot;&quot;},&quot;jet_parallax_layout_speed&quot;:{&quot;unit&quot;:&quot;%&quot;,&quot;size&quot;:50,&quot;sizes&quot;:[]},&quot;jet_parallax_layout_type&quot;:&quot;scroll&quot;,&quot;jet_parallax_layout_direction&quot;:&quot;1&quot;,&quot;jet_parallax_layout_fx_direction&quot;:null,&quot;jet_parallax_layout_z_index&quot;:&quot;&quot;,&quot;jet_parallax_layout_bg_x&quot;:50,&quot;jet_parallax_layout_bg_x_tablet&quot;:&quot;&quot;,&quot;jet_parallax_layout_bg_x_mobile&quot;:&quot;&quot;,&quot;jet_parallax_layout_bg_y&quot;:50,&quot;jet_parallax_layout_bg_y_tablet&quot;:&quot;&quot;,&quot;jet_parallax_layout_bg_y_mobile&quot;:&quot;&quot;,&quot;jet_parallax_layout_bg_size&quot;:&quot;auto&quot;,&quot;jet_parallax_layout_bg_size_tablet&quot;:&quot;&quot;,&quot;jet_parallax_layout_bg_size_mobile&quot;:&quot;&quot;,&quot;jet_parallax_layout_animation_prop&quot;:&quot;transform&quot;,&quot;jet_parallax_layout_on&quot;:[&quot;desktop&quot;,&quot;tablet&quot;]}]}\">\n\t\t\t\t\t\t<div class=\"elementor-container elementor-column-gap-default\">\n\t\t\t\t\t<div class=\"elementor-column elementor-col-50 elementor-inner-column elementor-element elementor-element-1f3733d\" data-id=\"1f3733d\" data-element_type=\"column\">\n\t\t\t<div class=\"elementor-widget-wrap elementor-element-populated\">\n\t\t\t\t\t\t<div class=\"elementor-element elementor-element-32cf06a elementor-widget elementor-widget-text-editor\" data-id=\"32cf06a\" data-element_type=\"widget\" data-widget_type=\"text-editor.default\">\n\t\t\t\t\t\t\t\t\t<p><strong><a href=\"http:\/\/redelog.rj.gov.br\/redelog\/legislacao-transportes\/\">\u2190 Voltar &#8211; Transportes<\/a><\/strong><\/p>\t\t\t\t\t\t\t\t<\/div>\n\t\t\t\t\t<\/div>\n\t\t<\/div>\n\t\t\t\t<div class=\"elementor-column elementor-col-50 elementor-inner-column elementor-element elementor-element-ae87b70\" data-id=\"ae87b70\" data-element_type=\"column\">\n\t\t\t<div class=\"elementor-widget-wrap\">\n\t\t\t\t\t\t\t<\/div>\n\t\t<\/div>\n\t\t\t\t\t<\/div>\n\t\t<\/section>\n\t\t\t\t\t<\/div>\n\t\t<\/div>\n\t\t\t\t\t<\/div>\n\t\t<\/section>\n\t\t\t\t<section class=\"elementor-section elementor-top-section elementor-element elementor-element-e396509 elementor-section-boxed elementor-section-height-default elementor-section-height-default\" data-id=\"e396509\" data-element_type=\"section\" data-settings=\"{&quot;jet_parallax_layout_list&quot;:[{&quot;jet_parallax_layout_image&quot;:{&quot;url&quot;:&quot;&quot;,&quot;id&quot;:&quot;&quot;,&quot;size&quot;:&quot;&quot;},&quot;_id&quot;:&quot;22a0abb&quot;,&quot;jet_parallax_layout_image_tablet&quot;:{&quot;url&quot;:&quot;&quot;,&quot;id&quot;:&quot;&quot;,&quot;size&quot;:&quot;&quot;},&quot;jet_parallax_layout_image_mobile&quot;:{&quot;url&quot;:&quot;&quot;,&quot;id&quot;:&quot;&quot;,&quot;size&quot;:&quot;&quot;},&quot;jet_parallax_layout_speed&quot;:{&quot;unit&quot;:&quot;%&quot;,&quot;size&quot;:50,&quot;sizes&quot;:[]},&quot;jet_parallax_layout_type&quot;:&quot;scroll&quot;,&quot;jet_parallax_layout_direction&quot;:&quot;1&quot;,&quot;jet_parallax_layout_fx_direction&quot;:null,&quot;jet_parallax_layout_z_index&quot;:&quot;&quot;,&quot;jet_parallax_layout_bg_x&quot;:50,&quot;jet_parallax_layout_bg_x_tablet&quot;:&quot;&quot;,&quot;jet_parallax_layout_bg_x_mobile&quot;:&quot;&quot;,&quot;jet_parallax_layout_bg_y&quot;:50,&quot;jet_parallax_layout_bg_y_tablet&quot;:&quot;&quot;,&quot;jet_parallax_layout_bg_y_mobile&quot;:&quot;&quot;,&quot;jet_parallax_layout_bg_size&quot;:&quot;auto&quot;,&quot;jet_parallax_layout_bg_size_tablet&quot;:&quot;&quot;,&quot;jet_parallax_layout_bg_size_mobile&quot;:&quot;&quot;,&quot;jet_parallax_layout_animation_prop&quot;:&quot;transform&quot;,&quot;jet_parallax_layout_on&quot;:[&quot;desktop&quot;,&quot;tablet&quot;]}]}\">\n\t\t\t\t\t\t<div class=\"elementor-container elementor-column-gap-default\">\n\t\t\t\t\t<div class=\"elementor-column elementor-col-100 elementor-top-column elementor-element elementor-element-7971c8c\" data-id=\"7971c8c\" data-element_type=\"column\">\n\t\t\t<div class=\"elementor-widget-wrap elementor-element-populated\">\n\t\t\t\t\t\t<div class=\"elementor-element elementor-element-76a0b5d elementor-widget elementor-widget-html\" data-id=\"76a0b5d\" data-element_type=\"widget\" data-widget_type=\"html.default\">\n\t\t\t\t\t<style>\n    h2, .h2-style{\n        font-size: 28px;\n    }\n<\/style>\t\t\t\t<\/div>\n\t\t\t\t\t<\/div>\n\t\t<\/div>\n\t\t\t\t\t<\/div>\n\t\t<\/section>\n\t\t\t\t<\/div>\n\t\t","protected":false},"excerpt":{"rendered":"<p>ESTABELECE AS ESPECIFICA\u00c7\u00d5ES PARA OS VE\u00cdCULOS DE REPRESENTA\u00c7\u00c3O E DE SERVI\u00c7O A SEREM OBSERVADAS PELOS \u00d3RG\u00c3OS E ENTIDADES DA ADMINISTRA\u00c7\u00c3O P\u00daBLICA ESTADUAL. O SECRET\u00c1RIO DE ESTADO DA CASA CIVIL E GOVERNAN\u00c7A, no uso de suas atribui\u00e7\u00f5es legais, tendo em vista o disposto no art. 12, \u00a72\u00ba e no art. 13 do Decreto Estadual N\u00ba 46.626 [&hellip;]<\/p>\n","protected":false},"author":1,"featured_media":0,"comment_status":"closed","ping_status":"open","sticky":false,"template":"","format":"standard","meta":{"_joinchat":[],"footnotes":""},"categories":[23],"tags":[],"class_list":["post-9243","post","type-post","status-publish","format-standard","hentry","category-cat-legislacao"],"yoast_head":"<!-- This site is optimized with the Yoast SEO plugin v25.7 - https:\/\/yoast.com\/wordpress\/plugins\/seo\/ -->\n<title>RESOLU\u00c7\u00c3O SECCG N\u00ba 50, DE 23 DE JULHO DE 2019 - Redelog<\/title>\n<meta name=\"robots\" content=\"index, follow, max-snippet:-1, max-image-preview:large, max-video-preview:-1\" \/>\n<link rel=\"canonical\" href=\"https:\/\/redelog.rj.gov.br\/redelog\/resolucao-seccg-no-50\/\" \/>\n<meta property=\"og:locale\" content=\"pt_BR\" \/>\n<meta property=\"og:type\" content=\"article\" \/>\n<meta property=\"og:title\" content=\"RESOLU\u00c7\u00c3O SECCG N\u00ba 50, DE 23 DE JULHO DE 2019 - Redelog\" \/>\n<meta property=\"og:description\" content=\"ESTABELECE AS ESPECIFICA\u00c7\u00d5ES PARA OS VE\u00cdCULOS DE REPRESENTA\u00c7\u00c3O E DE SERVI\u00c7O A SEREM OBSERVADAS PELOS \u00d3RG\u00c3OS E ENTIDADES DA ADMINISTRA\u00c7\u00c3O P\u00daBLICA ESTADUAL. O SECRET\u00c1RIO DE ESTADO DA CASA CIVIL E GOVERNAN\u00c7A, no uso de suas atribui\u00e7\u00f5es legais, tendo em vista o disposto no art. 12, \u00a72\u00ba e no art. 13 do Decreto Estadual N\u00ba 46.626 [&hellip;]\" \/>\n<meta property=\"og:url\" content=\"https:\/\/redelog.rj.gov.br\/redelog\/resolucao-seccg-no-50\/\" \/>\n<meta property=\"og:site_name\" content=\"Redelog\" \/>\n<meta property=\"article:published_time\" content=\"2022-01-13T16:48:05+00:00\" \/>\n<meta property=\"article:modified_time\" content=\"2024-12-09T14:38:55+00:00\" \/>\n<meta name=\"author\" content=\"alheiro\" \/>\n<meta name=\"twitter:card\" content=\"summary_large_image\" \/>\n<meta name=\"twitter:label1\" content=\"Escrito por\" \/>\n\t<meta name=\"twitter:data1\" content=\"alheiro\" \/>\n\t<meta name=\"twitter:label2\" content=\"Est. tempo de leitura\" \/>\n\t<meta name=\"twitter:data2\" content=\"6 minutos\" \/>\n<script type=\"application\/ld+json\" class=\"yoast-schema-graph\">{\"@context\":\"https:\/\/schema.org\",\"@graph\":[{\"@type\":\"Article\",\"@id\":\"https:\/\/redelog.rj.gov.br\/redelog\/resolucao-seccg-no-50\/#article\",\"isPartOf\":{\"@id\":\"https:\/\/redelog.rj.gov.br\/redelog\/resolucao-seccg-no-50\/\"},\"author\":{\"name\":\"alheiro\",\"@id\":\"https:\/\/redelog.rj.gov.br\/redelog\/#\/schema\/person\/1299ae2b7bfb510dd74c28ed239470fb\"},\"headline\":\"RESOLU\u00c7\u00c3O SECCG N\u00ba 50, DE 23 DE JULHO DE 2019\",\"datePublished\":\"2022-01-13T16:48:05+00:00\",\"dateModified\":\"2024-12-09T14:38:55+00:00\",\"mainEntityOfPage\":{\"@id\":\"https:\/\/redelog.rj.gov.br\/redelog\/resolucao-seccg-no-50\/\"},\"wordCount\":1286,\"publisher\":{\"@id\":\"https:\/\/redelog.rj.gov.br\/redelog\/#organization\"},\"articleSection\":[\"Legisla\u00e7\u00e3o\"],\"inLanguage\":\"pt-BR\"},{\"@type\":\"WebPage\",\"@id\":\"https:\/\/redelog.rj.gov.br\/redelog\/resolucao-seccg-no-50\/\",\"url\":\"https:\/\/redelog.rj.gov.br\/redelog\/resolucao-seccg-no-50\/\",\"name\":\"RESOLU\u00c7\u00c3O SECCG N\u00ba 50, DE 23 DE JULHO DE 2019 - Redelog\",\"isPartOf\":{\"@id\":\"https:\/\/redelog.rj.gov.br\/redelog\/#website\"},\"datePublished\":\"2022-01-13T16:48:05+00:00\",\"dateModified\":\"2024-12-09T14:38:55+00:00\",\"breadcrumb\":{\"@id\":\"https:\/\/redelog.rj.gov.br\/redelog\/resolucao-seccg-no-50\/#breadcrumb\"},\"inLanguage\":\"pt-BR\",\"potentialAction\":[{\"@type\":\"ReadAction\",\"target\":[\"https:\/\/redelog.rj.gov.br\/redelog\/resolucao-seccg-no-50\/\"]}]},{\"@type\":\"BreadcrumbList\",\"@id\":\"https:\/\/redelog.rj.gov.br\/redelog\/resolucao-seccg-no-50\/#breadcrumb\",\"itemListElement\":[{\"@type\":\"ListItem\",\"position\":1,\"name\":\"Home\",\"item\":\"https:\/\/redelog.rj.gov.br\/redelog\/\"},{\"@type\":\"ListItem\",\"position\":2,\"name\":\"RESOLU\u00c7\u00c3O SECCG N\u00ba 50, DE 23 DE JULHO DE 2019\"}]},{\"@type\":\"WebSite\",\"@id\":\"https:\/\/redelog.rj.gov.br\/redelog\/#website\",\"url\":\"https:\/\/redelog.rj.gov.br\/redelog\/\",\"name\":\"Redelog\",\"description\":\"Site da Rede de Log\u00edstica e Planejamento do Estado do Rio de Janeiro\",\"publisher\":{\"@id\":\"https:\/\/redelog.rj.gov.br\/redelog\/#organization\"},\"potentialAction\":[{\"@type\":\"SearchAction\",\"target\":{\"@type\":\"EntryPoint\",\"urlTemplate\":\"https:\/\/redelog.rj.gov.br\/redelog\/?s={search_term_string}\"},\"query-input\":{\"@type\":\"PropertyValueSpecification\",\"valueRequired\":true,\"valueName\":\"search_term_string\"}}],\"inLanguage\":\"pt-BR\"},{\"@type\":\"Organization\",\"@id\":\"https:\/\/redelog.rj.gov.br\/redelog\/#organization\",\"name\":\"REDELOG\",\"url\":\"https:\/\/redelog.rj.gov.br\/redelog\/\",\"logo\":{\"@type\":\"ImageObject\",\"inLanguage\":\"pt-BR\",\"@id\":\"https:\/\/redelog.rj.gov.br\/redelog\/#\/schema\/logo\/image\/\",\"url\":\"http:\/\/10.10.8.100:8888\/redelog\/wp-content\/uploads\/2019\/09\/Redelog2.png\",\"contentUrl\":\"http:\/\/10.10.8.100:8888\/redelog\/wp-content\/uploads\/2019\/09\/Redelog2.png\",\"width\":565,\"height\":155,\"caption\":\"REDELOG\"},\"image\":{\"@id\":\"https:\/\/redelog.rj.gov.br\/redelog\/#\/schema\/logo\/image\/\"}},{\"@type\":\"Person\",\"@id\":\"https:\/\/redelog.rj.gov.br\/redelog\/#\/schema\/person\/1299ae2b7bfb510dd74c28ed239470fb\",\"name\":\"alheiro\",\"image\":{\"@type\":\"ImageObject\",\"inLanguage\":\"pt-BR\",\"@id\":\"https:\/\/redelog.rj.gov.br\/redelog\/#\/schema\/person\/image\/\",\"url\":\"https:\/\/secure.gravatar.com\/avatar\/682da79d56fd06a1a63ccaa75b42ffe0c9b0609a62bc395d810f23f98140dcae?s=96&d=mm&r=g\",\"contentUrl\":\"https:\/\/secure.gravatar.com\/avatar\/682da79d56fd06a1a63ccaa75b42ffe0c9b0609a62bc395d810f23f98140dcae?s=96&d=mm&r=g\",\"caption\":\"alheiro\"},\"sameAs\":[\"http:\/\/10.9.108.118:3000\/redelog\"],\"url\":\"https:\/\/redelog.rj.gov.br\/redelog\/author\/alheiro\/\"}]}<\/script>\n<!-- \/ Yoast SEO plugin. -->","yoast_head_json":{"title":"RESOLU\u00c7\u00c3O SECCG N\u00ba 50, DE 23 DE JULHO DE 2019 - Redelog","robots":{"index":"index","follow":"follow","max-snippet":"max-snippet:-1","max-image-preview":"max-image-preview:large","max-video-preview":"max-video-preview:-1"},"canonical":"https:\/\/redelog.rj.gov.br\/redelog\/resolucao-seccg-no-50\/","og_locale":"pt_BR","og_type":"article","og_title":"RESOLU\u00c7\u00c3O SECCG N\u00ba 50, DE 23 DE JULHO DE 2019 - Redelog","og_description":"ESTABELECE AS ESPECIFICA\u00c7\u00d5ES PARA OS VE\u00cdCULOS DE REPRESENTA\u00c7\u00c3O E DE SERVI\u00c7O A SEREM OBSERVADAS PELOS \u00d3RG\u00c3OS E ENTIDADES DA ADMINISTRA\u00c7\u00c3O P\u00daBLICA ESTADUAL. O SECRET\u00c1RIO DE ESTADO DA CASA CIVIL E GOVERNAN\u00c7A, no uso de suas atribui\u00e7\u00f5es legais, tendo em vista o disposto no art. 12, \u00a72\u00ba e no art. 13 do Decreto Estadual N\u00ba 46.626 [&hellip;]","og_url":"https:\/\/redelog.rj.gov.br\/redelog\/resolucao-seccg-no-50\/","og_site_name":"Redelog","article_published_time":"2022-01-13T16:48:05+00:00","article_modified_time":"2024-12-09T14:38:55+00:00","author":"alheiro","twitter_card":"summary_large_image","twitter_misc":{"Escrito por":"alheiro","Est. tempo de leitura":"6 minutos"},"schema":{"@context":"https:\/\/schema.org","@graph":[{"@type":"Article","@id":"https:\/\/redelog.rj.gov.br\/redelog\/resolucao-seccg-no-50\/#article","isPartOf":{"@id":"https:\/\/redelog.rj.gov.br\/redelog\/resolucao-seccg-no-50\/"},"author":{"name":"alheiro","@id":"https:\/\/redelog.rj.gov.br\/redelog\/#\/schema\/person\/1299ae2b7bfb510dd74c28ed239470fb"},"headline":"RESOLU\u00c7\u00c3O SECCG N\u00ba 50, DE 23 DE JULHO DE 2019","datePublished":"2022-01-13T16:48:05+00:00","dateModified":"2024-12-09T14:38:55+00:00","mainEntityOfPage":{"@id":"https:\/\/redelog.rj.gov.br\/redelog\/resolucao-seccg-no-50\/"},"wordCount":1286,"publisher":{"@id":"https:\/\/redelog.rj.gov.br\/redelog\/#organization"},"articleSection":["Legisla\u00e7\u00e3o"],"inLanguage":"pt-BR"},{"@type":"WebPage","@id":"https:\/\/redelog.rj.gov.br\/redelog\/resolucao-seccg-no-50\/","url":"https:\/\/redelog.rj.gov.br\/redelog\/resolucao-seccg-no-50\/","name":"RESOLU\u00c7\u00c3O SECCG N\u00ba 50, DE 23 DE JULHO DE 2019 - Redelog","isPartOf":{"@id":"https:\/\/redelog.rj.gov.br\/redelog\/#website"},"datePublished":"2022-01-13T16:48:05+00:00","dateModified":"2024-12-09T14:38:55+00:00","breadcrumb":{"@id":"https:\/\/redelog.rj.gov.br\/redelog\/resolucao-seccg-no-50\/#breadcrumb"},"inLanguage":"pt-BR","potentialAction":[{"@type":"ReadAction","target":["https:\/\/redelog.rj.gov.br\/redelog\/resolucao-seccg-no-50\/"]}]},{"@type":"BreadcrumbList","@id":"https:\/\/redelog.rj.gov.br\/redelog\/resolucao-seccg-no-50\/#breadcrumb","itemListElement":[{"@type":"ListItem","position":1,"name":"Home","item":"https:\/\/redelog.rj.gov.br\/redelog\/"},{"@type":"ListItem","position":2,"name":"RESOLU\u00c7\u00c3O SECCG N\u00ba 50, DE 23 DE JULHO DE 2019"}]},{"@type":"WebSite","@id":"https:\/\/redelog.rj.gov.br\/redelog\/#website","url":"https:\/\/redelog.rj.gov.br\/redelog\/","name":"Redelog","description":"Site da Rede de Log\u00edstica e Planejamento do Estado do Rio de Janeiro","publisher":{"@id":"https:\/\/redelog.rj.gov.br\/redelog\/#organization"},"potentialAction":[{"@type":"SearchAction","target":{"@type":"EntryPoint","urlTemplate":"https:\/\/redelog.rj.gov.br\/redelog\/?s={search_term_string}"},"query-input":{"@type":"PropertyValueSpecification","valueRequired":true,"valueName":"search_term_string"}}],"inLanguage":"pt-BR"},{"@type":"Organization","@id":"https:\/\/redelog.rj.gov.br\/redelog\/#organization","name":"REDELOG","url":"https:\/\/redelog.rj.gov.br\/redelog\/","logo":{"@type":"ImageObject","inLanguage":"pt-BR","@id":"https:\/\/redelog.rj.gov.br\/redelog\/#\/schema\/logo\/image\/","url":"http:\/\/10.10.8.100:8888\/redelog\/wp-content\/uploads\/2019\/09\/Redelog2.png","contentUrl":"http:\/\/10.10.8.100:8888\/redelog\/wp-content\/uploads\/2019\/09\/Redelog2.png","width":565,"height":155,"caption":"REDELOG"},"image":{"@id":"https:\/\/redelog.rj.gov.br\/redelog\/#\/schema\/logo\/image\/"}},{"@type":"Person","@id":"https:\/\/redelog.rj.gov.br\/redelog\/#\/schema\/person\/1299ae2b7bfb510dd74c28ed239470fb","name":"alheiro","image":{"@type":"ImageObject","inLanguage":"pt-BR","@id":"https:\/\/redelog.rj.gov.br\/redelog\/#\/schema\/person\/image\/","url":"https:\/\/secure.gravatar.com\/avatar\/682da79d56fd06a1a63ccaa75b42ffe0c9b0609a62bc395d810f23f98140dcae?s=96&d=mm&r=g","contentUrl":"https:\/\/secure.gravatar.com\/avatar\/682da79d56fd06a1a63ccaa75b42ffe0c9b0609a62bc395d810f23f98140dcae?s=96&d=mm&r=g","caption":"alheiro"},"sameAs":["http:\/\/10.9.108.118:3000\/redelog"],"url":"https:\/\/redelog.rj.gov.br\/redelog\/author\/alheiro\/"}]}},"_links":{"self":[{"href":"https:\/\/redelog.rj.gov.br\/redelog\/wp-json\/wp\/v2\/posts\/9243","targetHints":{"allow":["GET"]}}],"collection":[{"href":"https:\/\/redelog.rj.gov.br\/redelog\/wp-json\/wp\/v2\/posts"}],"about":[{"href":"https:\/\/redelog.rj.gov.br\/redelog\/wp-json\/wp\/v2\/types\/post"}],"author":[{"embeddable":true,"href":"https:\/\/redelog.rj.gov.br\/redelog\/wp-json\/wp\/v2\/users\/1"}],"replies":[{"embeddable":true,"href":"https:\/\/redelog.rj.gov.br\/redelog\/wp-json\/wp\/v2\/comments?post=9243"}],"version-history":[{"count":40,"href":"https:\/\/redelog.rj.gov.br\/redelog\/wp-json\/wp\/v2\/posts\/9243\/revisions"}],"predecessor-version":[{"id":31488,"href":"https:\/\/redelog.rj.gov.br\/redelog\/wp-json\/wp\/v2\/posts\/9243\/revisions\/31488"}],"wp:attachment":[{"href":"https:\/\/redelog.rj.gov.br\/redelog\/wp-json\/wp\/v2\/media?parent=9243"}],"wp:term":[{"taxonomy":"category","embeddable":true,"href":"https:\/\/redelog.rj.gov.br\/redelog\/wp-json\/wp\/v2\/categories?post=9243"},{"taxonomy":"post_tag","embeddable":true,"href":"https:\/\/redelog.rj.gov.br\/redelog\/wp-json\/wp\/v2\/tags?post=9243"}],"curies":[{"name":"wp","href":"https:\/\/api.w.org\/{rel}","templated":true}]}}