{"id":9241,"date":"2022-01-13T13:48:28","date_gmt":"2022-01-13T16:48:28","guid":{"rendered":"http:\/\/10.11.80.6\/redelog\/?p=9241"},"modified":"2024-12-09T11:40:07","modified_gmt":"2024-12-09T14:40:07","slug":"resolucao-seccg-no-67","status":"publish","type":"post","link":"https:\/\/redelog.rj.gov.br\/redelog\/resolucao-seccg-no-67\/","title":{"rendered":"RESOLU\u00c7\u00c3O SECCG N\u00ba 67, DE 05 DE NOVEMBRO DE 2019"},"content":{"rendered":"\t\t<div data-elementor-type=\"wp-post\" data-elementor-id=\"9241\" class=\"elementor elementor-9241\" data-elementor-post-type=\"post\">\n\t\t\t\t\t\t<section class=\"elementor-section elementor-top-section elementor-element elementor-element-c27d0cd elementor-section-boxed elementor-section-height-default elementor-section-height-default\" data-id=\"c27d0cd\" data-element_type=\"section\" data-settings=\"{&quot;jet_parallax_layout_list&quot;:[{&quot;jet_parallax_layout_image&quot;:{&quot;url&quot;:&quot;&quot;,&quot;id&quot;:&quot;&quot;,&quot;size&quot;:&quot;&quot;},&quot;_id&quot;:&quot;a6c12df&quot;,&quot;jet_parallax_layout_image_tablet&quot;:{&quot;url&quot;:&quot;&quot;,&quot;id&quot;:&quot;&quot;,&quot;size&quot;:&quot;&quot;},&quot;jet_parallax_layout_image_mobile&quot;:{&quot;url&quot;:&quot;&quot;,&quot;id&quot;:&quot;&quot;,&quot;size&quot;:&quot;&quot;},&quot;jet_parallax_layout_speed&quot;:{&quot;unit&quot;:&quot;%&quot;,&quot;size&quot;:50,&quot;sizes&quot;:[]},&quot;jet_parallax_layout_type&quot;:&quot;scroll&quot;,&quot;jet_parallax_layout_direction&quot;:&quot;1&quot;,&quot;jet_parallax_layout_fx_direction&quot;:null,&quot;jet_parallax_layout_z_index&quot;:&quot;&quot;,&quot;jet_parallax_layout_bg_x&quot;:50,&quot;jet_parallax_layout_bg_x_tablet&quot;:&quot;&quot;,&quot;jet_parallax_layout_bg_x_mobile&quot;:&quot;&quot;,&quot;jet_parallax_layout_bg_y&quot;:50,&quot;jet_parallax_layout_bg_y_tablet&quot;:&quot;&quot;,&quot;jet_parallax_layout_bg_y_mobile&quot;:&quot;&quot;,&quot;jet_parallax_layout_bg_size&quot;:&quot;auto&quot;,&quot;jet_parallax_layout_bg_size_tablet&quot;:&quot;&quot;,&quot;jet_parallax_layout_bg_size_mobile&quot;:&quot;&quot;,&quot;jet_parallax_layout_animation_prop&quot;:&quot;transform&quot;,&quot;jet_parallax_layout_on&quot;:[&quot;desktop&quot;,&quot;tablet&quot;]}]}\">\n\t\t\t\t\t\t<div class=\"elementor-container elementor-column-gap-default\">\n\t\t\t\t\t<div class=\"elementor-column elementor-col-100 elementor-top-column elementor-element elementor-element-b14c91a\" data-id=\"b14c91a\" data-element_type=\"column\">\n\t\t\t<div class=\"elementor-widget-wrap elementor-element-populated\">\n\t\t\t\t\t\t<section class=\"elementor-section elementor-inner-section elementor-element elementor-element-83ecfa1 elementor-section-boxed elementor-section-height-default elementor-section-height-default\" data-id=\"83ecfa1\" data-element_type=\"section\" data-settings=\"{&quot;jet_parallax_layout_list&quot;:[{&quot;jet_parallax_layout_image&quot;:{&quot;url&quot;:&quot;&quot;,&quot;id&quot;:&quot;&quot;,&quot;size&quot;:&quot;&quot;},&quot;_id&quot;:&quot;80742b4&quot;,&quot;jet_parallax_layout_image_tablet&quot;:{&quot;url&quot;:&quot;&quot;,&quot;id&quot;:&quot;&quot;,&quot;size&quot;:&quot;&quot;},&quot;jet_parallax_layout_image_mobile&quot;:{&quot;url&quot;:&quot;&quot;,&quot;id&quot;:&quot;&quot;,&quot;size&quot;:&quot;&quot;},&quot;jet_parallax_layout_speed&quot;:{&quot;unit&quot;:&quot;%&quot;,&quot;size&quot;:50,&quot;sizes&quot;:[]},&quot;jet_parallax_layout_type&quot;:&quot;scroll&quot;,&quot;jet_parallax_layout_direction&quot;:&quot;1&quot;,&quot;jet_parallax_layout_fx_direction&quot;:null,&quot;jet_parallax_layout_z_index&quot;:&quot;&quot;,&quot;jet_parallax_layout_bg_x&quot;:50,&quot;jet_parallax_layout_bg_x_tablet&quot;:&quot;&quot;,&quot;jet_parallax_layout_bg_x_mobile&quot;:&quot;&quot;,&quot;jet_parallax_layout_bg_y&quot;:50,&quot;jet_parallax_layout_bg_y_tablet&quot;:&quot;&quot;,&quot;jet_parallax_layout_bg_y_mobile&quot;:&quot;&quot;,&quot;jet_parallax_layout_bg_size&quot;:&quot;auto&quot;,&quot;jet_parallax_layout_bg_size_tablet&quot;:&quot;&quot;,&quot;jet_parallax_layout_bg_size_mobile&quot;:&quot;&quot;,&quot;jet_parallax_layout_animation_prop&quot;:&quot;transform&quot;,&quot;jet_parallax_layout_on&quot;:[&quot;desktop&quot;,&quot;tablet&quot;]}]}\">\n\t\t\t\t\t\t<div class=\"elementor-container elementor-column-gap-default\">\n\t\t\t\t\t<div class=\"elementor-column elementor-col-50 elementor-inner-column elementor-element elementor-element-38f0607\" data-id=\"38f0607\" data-element_type=\"column\">\n\t\t\t<div class=\"elementor-widget-wrap\">\n\t\t\t\t\t\t\t<\/div>\n\t\t<\/div>\n\t\t\t\t<div class=\"elementor-column elementor-col-50 elementor-inner-column elementor-element elementor-element-ebb04aa\" data-id=\"ebb04aa\" data-element_type=\"column\">\n\t\t\t<div class=\"elementor-widget-wrap elementor-element-populated\">\n\t\t\t\t\t\t<div class=\"elementor-element elementor-element-426c9ca elementor-widget elementor-widget-text-editor\" data-id=\"426c9ca\" data-element_type=\"widget\" data-widget_type=\"text-editor.default\">\n\t\t\t\t\t\t\t\t\t<p style=\"text-align: justify;\"><del><strong>ESTABELECE PROCEDIMENTOS RELATIVOS <\/strong><strong>AO BANCO DE DADOS DA FROTA VEICULAR <\/strong><strong>ESTADUAL, AO SISTEMA DE GEST\u00c3O DE <\/strong><strong>ABASTECIMENTO DE COMBUST\u00cdVEIS E OUTRAS ATIVIDADES RELACIONADAS \u00c0 GEST\u00c3O DOS TRANSPORTES A SEREM OBSERVADAS PELOS \u00d3RG\u00c3OS E ENTIDADES DA <\/strong><strong>ADMINISTRA\u00c7\u00c3O P\u00daBLICA ESTADUAL.<\/strong><\/del><\/p>\t\t\t\t\t\t\t\t<\/div>\n\t\t\t\t\t<\/div>\n\t\t<\/div>\n\t\t\t\t\t<\/div>\n\t\t<\/section>\n\t\t\t\t\t<\/div>\n\t\t<\/div>\n\t\t\t\t\t<\/div>\n\t\t<\/section>\n\t\t\t\t<section class=\"elementor-section elementor-top-section elementor-element elementor-element-9f36eed elementor-section-boxed elementor-section-height-default elementor-section-height-default\" data-id=\"9f36eed\" data-element_type=\"section\" data-settings=\"{&quot;jet_parallax_layout_list&quot;:[{&quot;jet_parallax_layout_image&quot;:{&quot;url&quot;:&quot;&quot;,&quot;id&quot;:&quot;&quot;,&quot;size&quot;:&quot;&quot;},&quot;_id&quot;:&quot;cbb98e2&quot;,&quot;jet_parallax_layout_image_tablet&quot;:{&quot;url&quot;:&quot;&quot;,&quot;id&quot;:&quot;&quot;,&quot;size&quot;:&quot;&quot;},&quot;jet_parallax_layout_image_mobile&quot;:{&quot;url&quot;:&quot;&quot;,&quot;id&quot;:&quot;&quot;,&quot;size&quot;:&quot;&quot;},&quot;jet_parallax_layout_speed&quot;:{&quot;unit&quot;:&quot;%&quot;,&quot;size&quot;:50,&quot;sizes&quot;:[]},&quot;jet_parallax_layout_type&quot;:&quot;scroll&quot;,&quot;jet_parallax_layout_direction&quot;:&quot;1&quot;,&quot;jet_parallax_layout_fx_direction&quot;:null,&quot;jet_parallax_layout_z_index&quot;:&quot;&quot;,&quot;jet_parallax_layout_bg_x&quot;:50,&quot;jet_parallax_layout_bg_x_tablet&quot;:&quot;&quot;,&quot;jet_parallax_layout_bg_x_mobile&quot;:&quot;&quot;,&quot;jet_parallax_layout_bg_y&quot;:50,&quot;jet_parallax_layout_bg_y_tablet&quot;:&quot;&quot;,&quot;jet_parallax_layout_bg_y_mobile&quot;:&quot;&quot;,&quot;jet_parallax_layout_bg_size&quot;:&quot;auto&quot;,&quot;jet_parallax_layout_bg_size_tablet&quot;:&quot;&quot;,&quot;jet_parallax_layout_bg_size_mobile&quot;:&quot;&quot;,&quot;jet_parallax_layout_animation_prop&quot;:&quot;transform&quot;,&quot;jet_parallax_layout_on&quot;:[&quot;desktop&quot;,&quot;tablet&quot;]}]}\">\n\t\t\t\t\t\t<div class=\"elementor-container elementor-column-gap-default\">\n\t\t\t\t\t<div class=\"elementor-column elementor-col-100 elementor-top-column elementor-element elementor-element-a40793e\" data-id=\"a40793e\" data-element_type=\"column\">\n\t\t\t<div class=\"elementor-widget-wrap elementor-element-populated\">\n\t\t\t\t\t\t<div class=\"elementor-element elementor-element-ce2e5d4 elementor-widget elementor-widget-text-editor\" data-id=\"ce2e5d4\" data-element_type=\"widget\" data-widget_type=\"text-editor.default\">\n\t\t\t\t\t\t\t\t\t<p class=\"Texto_Justificado_Recuo_Primeira_Linha\"><del><strong>O SECRET\u00c1RIO DE ESTADO DA CASA CIVIL E GOVERNAN\u00c7A<\/strong>, no uso de suas atribui\u00e7\u00f5es legais, tendo em vista o disposto no art. 27, \u00a72\u00ba e no art. 43, \u00a7 1\u00ba do Decreto Estadual N\u00ba 46.626, de 03 de abril de 2019,\u00a0que regulamenta o Sistema de Governan\u00e7a e Gest\u00e3o de Transportes do Poder Executivo do Estado do Rio de Janeiro (SISGETRANSP), e o disposto no Processo SEI-12\/001\/003873\/2019,<\/del><\/p><p class=\"Texto_Justificado_Recuo_Primeira_Linha\"><del>Considerando\u00a0a necessidade de regulamentar e padronizar os procedimentos relacionados ao credenciamento de ve\u00edculos no banco de dados da frota estadual;<\/del><\/p><p class=\"Texto_Justificado_Recuo_Primeira_Linha\"><del>Considerando a necessidade de regulamentar os requisitos e procedimentos para ativa\u00e7\u00e3o de ve\u00edculos oficiais no Sistema de Gest\u00e3o de Abastecimento de Combust\u00edveis;<\/del><\/p><p class=\"Texto_Justificado_Recuo_Primeira_Linha\"><del>Considerando a necessidade de racionalizar a utiliza\u00e7\u00e3o da frota veicular estadual;<\/del><\/p><p class=\"Texto_Justificado_Recuo_Primeira_Linha\"><del>Considerando a necessidade de estabelecer regras para incentivar a racionaliza\u00e7\u00e3o do consumo de combust\u00edvel;<\/del><\/p><p class=\"Texto_Justificado_Recuo_Primeira_Linha\"><del><strong>RESOLVE:<\/strong><\/del><\/p><p class=\"Texto_Justificado_Recuo_Primeira_Linha\"><del><strong>Art. 1\u00ba<\/strong><strong>\u00a0\u2013<\/strong>\u00a0Os \u00f3rg\u00e3os e entidades integrantes do Sistema de Governan\u00e7a e Gest\u00e3o de Transportes \u2013 SISGETRANSP dever\u00e3o observar o disposto nesta Resolu\u00e7\u00e3o.<\/del><\/p><p align=\"center\"><del><strong>CAP\u00cdTULO I<\/strong><\/del><\/p><p align=\"center\"><del><strong>BANCO DE DADOS DA FROTA ESTADUAL<\/strong><\/del><\/p><p align=\"center\"><del><strong>Se\u00e7\u00e3o I<\/strong><\/del><\/p><p class=\"Tabela_Texto_Centralizado\"><del><strong>Do Credenciamento<\/strong><\/del><\/p><p class=\"Texto_Justificado_Recuo_Primeira_Linha\"><del><strong>Art. 2\u00ba<\/strong><strong>\u00a0&#8211;<\/strong>\u00a0O credenciamento de ve\u00edculos no Banco de Dados da Frota Estadual &#8211; BDFE dever\u00e1 ser solicitado ao \u00d3rg\u00e3o Central do Sistema Log\u00edstico \u2013 SISLOG, por of\u00edcio, acompanhado de \u00a0c\u00f3pia atualizada do Certificado de Registro e Licenciamento do\u00a0Ve\u00edculo \u2013 CRLV.<\/del><\/p><p class=\"Texto_Justificado_Recuo_Primeira_Linha\"><del><strong>\u00a7 1\u00ba \u2013<\/strong>\u00a0A Pol\u00edcia Militar do Estado do Rio de Janeiro, o Corpo de Bombeiros Militar do Estado do Rio de Janeiro e a Pol\u00edcia Civil do Estado do Rio de Janeiro est\u00e3o autorizados a realizar o credenciamento de seus ve\u00edculos em banco de dados pr\u00f3prios, devendo cumprir os procedimentos previstos nesta Resolu\u00e7\u00e3o, no que couber.<\/del><\/p><p class=\"Texto_Justificado_Recuo_Primeira_Linha\"><del><strong>\u00a7 2\u00ba &#8211;\u00a0<\/strong>Com o fim de n\u00e3o haver preju\u00edzo \u00e0 gest\u00e3o de transportes, no n\u00edvel central, as corpora\u00e7\u00f5es discriminadas no \u00a0\u00a7 1\u00b0 deste artigo dever\u00e3o conceder o acesso dos respectivos bancos de dados aos representantes do \u00d3rg\u00e3o Central respons\u00e1vel pela gest\u00e3o dos transportes e abastecimento.<\/del><\/p><p class=\"Texto_Justificado_Recuo_Primeira_Linha\"><del><strong>Art. 3\u00ba<\/strong><strong>\u00a0&#8211;<\/strong>\u00a0Para o credenciamento, o ve\u00edculo deve estar registrado e licenciado pelo Departamento de Tr\u00e2nsito do Estado do Rio de Janeiro \u2013 DETRAN-RJ.<\/del><\/p><p class=\"Texto_Justificado_Recuo_Primeira_Linha\"><del><strong>\u00a7 1\u00ba &#8211;<\/strong>\u00a0O CRLV de ve\u00edculo de propriedade do Estado deve estar em nome do \u00f3rg\u00e3o ou da entidade solicitante.<\/del><\/p><p class=\"Texto_Justificado_Recuo_Primeira_Linha\"><del><strong>\u00a7 2\u00ba\u00a0<\/strong><strong>&#8211;<\/strong>\u00a0O CRLV de ve\u00edculo que n\u00e3o \u00e9 propriedade do Estado deve estar em nome da empresa conveniada, locadora ou comodante, conforme o caso.<\/del><\/p><p class=\"Texto_Justificado_Recuo_Primeira_Linha\"><del><strong>\u00a7 3\u00ba \u2013<\/strong>\u00a0na hip\u00f3tese descrita no \u00a7 2\u00b0 deste artigo, devem ser encaminhados ao \u00d3rg\u00e3o Central do SISLOG, nos termos do art. 2\u00b0, os seguintes documentos:<\/del><\/p><p class=\"Texto_Justificado_Recuo_Primeira_Linha\"><del><strong>I \u2013<\/strong>\u00a0c\u00f3pia do contrato ou conv\u00eanio e, caso existam, seus termos aditivos; e<\/del><\/p><p class=\"Texto_Justificado_Recuo_Primeira_Linha\"><del><strong>II &#8211;<\/strong>\u00a0extrato de publica\u00e7\u00e3o do conv\u00eanio, do contrato e de seus termos aditivos no Di\u00e1rio Oficial do Estado do Rio de Janeiro \u2013 DOERJ.<\/del><\/p><p class=\"Texto_Justificado_Recuo_Primeira_Linha\"><del><strong>\u00a7 4\u00ba &#8211;<\/strong>\u00a0O CRLV de ve\u00edculo blindado, pr\u00f3prio ou n\u00e3o pr\u00f3prio, deve possuir as indica\u00e7\u00f5es sobre sua blindagem.<\/del><\/p><p class=\"Texto_Justificado_Recuo_Primeira_Linha\"><del><strong>Art. 4\u00ba &#8211;<\/strong>\u00a0O credenciamento de ve\u00edculos adquiridos com recursos de conv\u00eanios ou contratos que, por disposi\u00e7\u00e3o desses, tenham um per\u00edodo de car\u00eancia para que a propriedade do ve\u00edculo passe a ser do Estado, \u00a0ter\u00e1 seu credenciamento deferido de forma provis\u00f3ria em per\u00edodo compat\u00edvel com o tempo de car\u00eancia.<\/del><\/p><p class=\"Texto_Justificado_Recuo_Primeira_Linha\"><del><strong>Par\u00e1grafo \u00fanico &#8211;<\/strong>\u00a0Encerrado o prazo de car\u00eancia, mencionado no\u00a0<em>caput<\/em>, o ve\u00edculo \u00a0ser\u00e1 descredenciado automaticamente da BDFE, ocasi\u00e3o no qual o \u00f3rg\u00e3o dever\u00e1 solicitar novo credenciamento nos termos do art. 2\u00ba.<\/del><\/p><p class=\"Texto_Justificado_Recuo_Primeira_Linha\"><del><strong>Art. 5 \u00ba<\/strong>\u00a0<strong>&#8211;<\/strong>\u00a0O credenciamento n\u00e3o ser\u00e1 realizado quando:<\/del><\/p><p class=\"Texto_Justificado_Recuo_Primeira_Linha\"><del>I \u2013 a documenta\u00e7\u00e3o do ve\u00edculo de propriedade do Estado, mesmo que recebido em doa\u00e7\u00e3o ou transfer\u00eancia, estiver em nome de terceiros;<\/del><\/p><p class=\"Texto_Justificado_Recuo_Primeira_Linha\"><del>II \u2013 a documenta\u00e7\u00e3o do ve\u00edculo que n\u00e3o \u00e9 propriedade do Estado estiver em nome de terceiros estranhos ao contrato ou conv\u00eanio;<\/del><\/p><p class=\"Texto_Justificado_Recuo_Primeira_Linha\"><del>III \u2013 o CRLV do ve\u00edculo estiver vencido;<\/del><\/p><p class=\"Texto_Justificado_Recuo_Primeira_Linha\"><del>IV &#8211; o ve\u00edculo possuir caracter\u00edsticas diferentes do estabelecido no contrato ou conv\u00eanio.<\/del><\/p><p class=\"Texto_Justificado_Recuo_Primeira_Linha\"><del>V &#8211; o credenciamento do ve\u00edculo resulte na extrapola\u00e7\u00e3o da quantidade prevista na Dota\u00e7\u00e3o Veicular Oficial do respectivo \u00f3rg\u00e3o ou entidade.<\/del><\/p><p class=\"Texto_Justificado_Recuo_Primeira_Linha\"><del>VI &#8211; no caso de desconformidade na documenta\u00e7\u00e3o.<\/del><\/p><p align=\"center\"><del><strong>\u00a0Se\u00e7\u00e3o II<\/strong><\/del><\/p><p class=\"Tabela_Texto_Centralizado\"><del><strong>\u00a0Da Atualiza\u00e7\u00e3o<\/strong><\/del><\/p><p class=\"Texto_Justificado_Recuo_Primeira_Linha\"><del><strong>Art. 6\u00ba<\/strong><strong>\u00a0&#8211;<\/strong>\u00a0Cabe ao \u00f3rg\u00e3o ou entidade respons\u00e1vel pelo ve\u00edculo manter o credenciamento atualizado.<\/del><\/p><p class=\"Texto_Justificado_Recuo_Primeira_Linha\"><del><strong>\u00a7 1\u00ba &#8211;<\/strong>\u00a0O credenciamento \u00e9 considerado atualizado durante a vig\u00eancia do licenciamento anual do ve\u00edculo e do contrato ou conv\u00eanio, se for o caso.<\/del><\/p><p class=\"Texto_Justificado_Recuo_Primeira_Linha\"><del><strong>\u00a7 2\u00ba &#8211;\u00a0<\/strong>A atualiza\u00e7\u00e3o do credenciamento \u00e9 realizada com o encaminhamento, ao \u00d3rg\u00e3o Central do SISLOG, dos seguintes documentos:<\/del><\/p><p class=\"Texto_Justificado_Recuo_Primeira_Linha\"><del>I \u2013 Anualmente, a c\u00f3pia do CRLV emitido no ano corrente.<\/del><\/p><p class=\"Texto_Justificado_Recuo_Primeira_Linha\"><del>II \u2013 Tempestivamente \u00e0 celebra\u00e7\u00e3o, a c\u00f3pia de novo contrato, conv\u00eanio ou termo aditivo, com o respectivo extrato de publica\u00e7\u00e3o no DOERJ.<\/del><\/p><p class=\"Texto_Justificado_Recuo_Primeira_Linha\"><del><strong>Art. 7\u00ba \u2013<\/strong>\u00a0Qualquer altera\u00e7\u00e3o da situa\u00e7\u00e3o ou das caracter\u00edsticas f\u00edsicas dos ve\u00edculos dever\u00e1 ser informada ao \u00d3rg\u00e3o Central do SISLOG, por of\u00edcio, para atualiza\u00e7\u00e3o das informa\u00e7\u00f5es no BDFE.<\/del><\/p><p class=\"Texto_Justificado_Recuo_Primeira_Linha\"><del><strong>Art. 8\u00ba &#8211;<\/strong>\u00a0A situa\u00e7\u00e3o do credenciamento de ve\u00edculo que n\u00e3o estiver com a documenta\u00e7\u00e3o atualizada, at\u00e9 o dia 31 de dezembro de cada ano, passar\u00e1 ao status de \u201cregulariza\u00e7\u00e3o pendente\u201d.<\/del><\/p><p align=\"center\"><del><strong>Se\u00e7\u00e3o III<\/strong><\/del><\/p><p class=\"Tabela_Texto_Centralizado\"><del><strong>\u00a0Do Descredenciamento<\/strong><\/del><\/p><p class=\"Texto_Justificado_Recuo_Primeira_Linha\"><del><strong>Art. 9\u00ba<\/strong>\u00a0<strong>\u00a0\u2013<\/strong>\u00a0Para o descredenciamento de ve\u00edculos no BDFE o \u00f3rg\u00e3o ou entidade dever\u00e1 encaminhar solicita\u00e7\u00e3o ao \u00d3rg\u00e3o Central, por of\u00edcio, justificando a motiva\u00e7\u00e3o do descredenciamento, anexando c\u00f3pia dos documentos pertinentes. \u00a0<\/del><\/p><p align=\"center\"><del><strong>\u00a0CAP\u00cdTULOII<\/strong><\/del><\/p><p align=\"center\"><del><strong>SISTEMA DE GEST\u00c3O DE ABASTECIMENTO DE COMBUST\u00cdVEIS<\/strong><\/del><\/p><p align=\"center\"><del><strong>Se\u00e7\u00e3o I<\/strong><\/del><\/p><p class=\"Texto_Centralizado\"><del><strong>Da Ativa\u00e7\u00e3o do Ve\u00edculo<\/strong><\/del><\/p><p class=\"Texto_Justificado_Recuo_Primeira_Linha\"><del><strong>Art. 10 \u2013<\/strong>\u00a0A ativa\u00e7\u00e3o de ve\u00edculo no Sistema de Gest\u00e3o de Abastecimento de Combust\u00edveis deve ser solicitada, por of\u00edcio, ao \u00d3rg\u00e3o Central do Sistema Log\u00edstico \u2013 SISLOG, para os ve\u00edculos que estejam em situa\u00e7\u00e3o regular no BDFE.<\/del><\/p><p align=\"center\"><del><strong>Se\u00e7\u00e3o II<\/strong><\/del><\/p><p align=\"center\"><del><strong>Da Desativa\u00e7\u00e3o do Ve\u00edculo<\/strong><\/del><\/p><p class=\"Texto_Justificado_Recuo_Primeira_Linha\"><del><strong>Art. 11<\/strong>\u00a0\u2013 A desativa\u00e7\u00e3o de ve\u00edculo no Sistema de Gest\u00e3o de Abastecimento de Combust\u00edveis pode ocorrer por solicita\u00e7\u00e3o do \u00f3rg\u00e3o ou entidade respons\u00e1vel ou compulsoriamente, pelo \u00d3rg\u00e3o Central.<\/del><\/p><p class=\"Texto_Justificado_Recuo_Primeira_Linha\"><del><strong>Art. 12<\/strong>\u00a0\u2013 Os seguintes casos poder\u00e3o ensejar a desativa\u00e7\u00e3o compuls\u00f3ria de ve\u00edculo no Sistema de Gest\u00e3o de Abastecimento de Combust\u00edveis:<\/del><\/p><p class=\"Texto_Justificado_Recuo_Primeira_Linha\"><del>I &#8211; volumes de abastecimento realizados acima da capacidade dos tanques de combust\u00edvel respectivos;<\/del><\/p><p class=\"Texto_Justificado_Recuo_Primeira_Linha\"><del>II &#8211; discrep\u00e2ncia na rela\u00e7\u00e3o da varia\u00e7\u00e3o do od\u00f4metro e do volume abastecido, considerando par\u00e2metros de consumo de f\u00e1brica para o tipo de ve\u00edculo;<\/del><\/p><p class=\"Texto_Justificado_Recuo_Primeira_Linha\"><del>III &#8211; tentativa de aquisi\u00e7\u00e3o de produto n\u00e3o autorizado;<\/del><\/p><p class=\"Texto_Justificado_Recuo_Primeira_Linha\"><del>IV &#8211; registro de abastecimento com combust\u00edvel incompat\u00edvel com o ve\u00edculo;<\/del><\/p><p class=\"Texto_Justificado_Recuo_Primeira_Linha\"><del>V<strong>\u00a0&#8211;<\/strong>\u00a0Carteira Nacional de Habilita\u00e7\u00e3o vencida ou cassada;<\/del><\/p><p class=\"Texto_Justificado_Recuo_Primeira_Linha\"><del>VI \u2013 uso indevido de dispositivo de abastecimento e senhas;<\/del><\/p><p class=\"Texto_Justificado_Recuo_Primeira_Linha\"><del>VII \u2013 encontrar-se com status \u201cregulariza\u00e7\u00e3o pendente\u201d no BDFE;<\/del><\/p><p class=\"Texto_Justificado_Recuo_Primeira_Linha\"><del>VIII \u2013 descredenciamento do ve\u00edculo no BDFE;<\/del><\/p><p class=\"Texto_Justificado_Recuo_Primeira_Linha\"><del>IX\u00a0<strong>\u2013<\/strong>\u00a0utiliza\u00e7\u00e3o de dispositivo de abastecimento em ve\u00edculo distinto ao de sua especifica\u00e7\u00e3o; e<\/del><\/p><p class=\"Texto_Justificado_Recuo_Primeira_Linha\"><del>X<strong>\u00a0\u2013<\/strong>\u00a0atraso do envio da presta\u00e7\u00e3o de contas de utiliza\u00e7\u00e3o de dispositivo de controle de abastecimento reserva.<\/del><\/p><p align=\"center\"><del><strong>Se\u00e7\u00e3o III<\/strong><\/del><\/p><p align=\"center\"><del><strong>Do Abastecimento de Ve\u00edculos<\/strong><\/del><\/p><p class=\"Texto_Justificado_Recuo_Primeira_Linha\"><del><strong>Art. 13 \u2013\u00a0<\/strong>Os ve\u00edculos de servi\u00e7o da frota estadual estar\u00e3o bloqueados para o abastecimento nos finais de semana, feriados e nos dias \u00fateis entre as 22h00min horas e 05h00min.<\/del><\/p><p class=\"Texto_Justificado_Recuo_Primeira_Linha\"><del><strong>Par\u00e1grafo \u00fanico<\/strong>\u00a0\u2013 Em caso de necessidade de servi\u00e7o, o \u00f3rg\u00e3o ou entidade poder\u00e1 solicitar, por of\u00edcio, ao \u00d3rg\u00e3o Central do SISLOG, o desbloqueio do abastecimento mencionado no\u00a0<em>caput<\/em>, apresentando a devida justificativa e observando uma anteced\u00eancia de pelo menos 48 horas.<\/del><\/p><p align=\"center\"><del><strong>Se\u00e7\u00e3o IV<\/strong><\/del><\/p><p align=\"center\"><del><strong>Dos Dispositivos de Controle de Abastecimento<\/strong><\/del><\/p><p class=\"Texto_Justificado_Recuo_Primeira_Linha\"><del><strong>Art. 14 \u2013<\/strong>\u00a0Os gestores de transportes dos \u00f3rg\u00e3os e entidades dever\u00e3o zelar pelo uso judicioso dos dispositivos de controle de abastecimento (sejam eles eletr\u00f4nicos ou cart\u00f5es magn\u00e9ticos) utilizados para o abastecimento de combust\u00edvel, pela corre\u00e7\u00e3o dos procedimentos dos seus condutores, por ocasi\u00e3o desses abastecimentos e fiscalizar, rigorosamente, a compatibilidade do consumo com as varia\u00e7\u00f5es dos od\u00f4metros dos ve\u00edculos de sua frota, adotando as a\u00e7\u00f5es corretivas necess\u00e1rias para sanar as discrep\u00e2ncias, caso identificadas.<\/del><\/p><p class=\"Texto_Justificado_Recuo_Primeira_Linha\"><del><strong>Art. 15 \u2013<\/strong>\u00a0\u00c9 expressamente proibido utilizar dispositivo de controle de abastecimento de combust\u00edveis, seja eletr\u00f4nico ou por cart\u00e3o, atribu\u00eddo a um ve\u00edculo espec\u00edfico, em outros.<\/del><\/p><p class=\"Texto_Justificado_Recuo_Primeira_Linha\"><del><strong>Art. 16 &#8211;<\/strong>\u00a0Os \u00f3rg\u00e3os e entidades que forem autorizados a utilizar, em car\u00e1ter excepcional e tempor\u00e1rio, pelo \u00d3rg\u00e3o Central, dispositivo de controle de abastecimento reserva, dever\u00e3o encaminhar a comprova\u00e7\u00e3o de sua utiliza\u00e7\u00e3o, ao \u00d3rg\u00e3o Central, at\u00e9 o terceiro dia \u00fatil do m\u00eas subsequente ao do consumo, utilizando-se do modelo de comprova\u00e7\u00e3o constante do Anexo I.<\/del><\/p><p align=\"center\"><del><strong>CAP\u00cdTULO III<\/strong><\/del><\/p><p align=\"center\"><del><strong>DAS DISPOSI\u00c7\u00d5ES FINAIS<\/strong><\/del><\/p><p class=\"Texto_Justificado_Recuo_Primeira_Linha\" style=\"text-align: left;\"><del><strong>Art. 17 &#8211;<\/strong>\u00a0O usu\u00e1rio que utilizar indevidamente ve\u00edculo da frota estadual ou as ferramentas para o abastecimento de combust\u00edvel, contrariando o disposto nas normas em vigor ou no C\u00f3digo de Tr\u00e2nsito Brasileiro, estar\u00e1 sujeito \u00e0s penalidades disciplinares previstas nos Estatutos e Regulamentos dos Servidores Civis e Militares do Estado do Rio de Janeiro.<\/del><\/p><p class=\"Texto_Justificado_Recuo_Primeira_Linha\" style=\"text-align: left;\" align=\"center\"><del><strong>Art. 18 &#8211;<\/strong>\u00a0Os casos omissos ser\u00e3o analisados pelo \u00d3rg\u00e3o Central do SISLOG e submetidos \u00e0<a target=\"_blank\" name=\"_GoBack\"><\/a>\u00a0decis\u00e3o do Governador do Estado, quando couber.<\/del><\/p><p class=\"Texto_Justificado_Recuo_Primeira_Linha\" style=\"text-align: left;\" align=\"center\"><del><strong>Art. 19\u00a0\u2013<\/strong>\u00a0Esta Resolu\u00e7\u00e3o entra em vigor na data de sua publica\u00e7\u00e3o, ficando revogados todos os dispositivos em contr\u00e1rio.<\/del><\/p><p class=\"Texto_Alinhado_Esquerda\" style=\"text-align: center;\"><del>Rio de Janeiro,\u00a0\u00a005\u00a0 de novembro de 2019<\/del><\/p><p align=\"center\"><del>\u00a0<strong><span class=\"fontstyle0\">ANDR\u00c9 LUIS DANTAS FERREIRA<\/span><\/strong><\/del><\/p><p align=\"center\"><del>Secret\u00e1rio de Estado da Casa Civil e Governan\u00e7a<\/del><\/p><p align=\"center\"><del><strong>ANEXO<\/strong><\/del><\/p>\t\t\t\t\t\t\t\t<\/div>\n\t\t\t\t<div class=\"elementor-element elementor-element-a0c6130 elementor-widget elementor-widget-image\" data-id=\"a0c6130\" data-element_type=\"widget\" data-widget_type=\"image.default\">\n\t\t\t\t\t\t\t\t\t\t\t\t\t\t\t<img fetchpriority=\"high\" decoding=\"async\" width=\"741\" height=\"490\" src=\"https:\/\/redelog.rj.gov.br\/redelog\/wp-content\/uploads\/2022\/01\/anexores67.png\" class=\"attachment-large size-large wp-image-13442\" alt=\"\" srcset=\"https:\/\/redelog.rj.gov.br\/redelog\/wp-content\/uploads\/2022\/01\/anexores67.png 741w, https:\/\/redelog.rj.gov.br\/redelog\/wp-content\/uploads\/2022\/01\/anexores67-300x198.png 300w, https:\/\/redelog.rj.gov.br\/redelog\/wp-content\/uploads\/2022\/01\/anexores67-600x397.png 600w\" sizes=\"(max-width: 741px) 100vw, 741px\" \/>\t\t\t\t\t\t\t\t\t\t\t\t\t\t\t<\/div>\n\t\t\t\t\t<\/div>\n\t\t<\/div>\n\t\t\t\t\t<\/div>\n\t\t<\/section>\n\t\t\t\t<section class=\"elementor-section elementor-top-section elementor-element elementor-element-c9ec8dc elementor-section-boxed elementor-section-height-default elementor-section-height-default\" data-id=\"c9ec8dc\" data-element_type=\"section\" data-settings=\"{&quot;jet_parallax_layout_list&quot;:[{&quot;jet_parallax_layout_image&quot;:{&quot;url&quot;:&quot;&quot;,&quot;id&quot;:&quot;&quot;,&quot;size&quot;:&quot;&quot;},&quot;_id&quot;:&quot;cbb98e2&quot;,&quot;jet_parallax_layout_image_tablet&quot;:{&quot;url&quot;:&quot;&quot;,&quot;id&quot;:&quot;&quot;,&quot;size&quot;:&quot;&quot;},&quot;jet_parallax_layout_image_mobile&quot;:{&quot;url&quot;:&quot;&quot;,&quot;id&quot;:&quot;&quot;,&quot;size&quot;:&quot;&quot;},&quot;jet_parallax_layout_speed&quot;:{&quot;unit&quot;:&quot;%&quot;,&quot;size&quot;:50,&quot;sizes&quot;:[]},&quot;jet_parallax_layout_type&quot;:&quot;scroll&quot;,&quot;jet_parallax_layout_direction&quot;:&quot;1&quot;,&quot;jet_parallax_layout_fx_direction&quot;:null,&quot;jet_parallax_layout_z_index&quot;:&quot;&quot;,&quot;jet_parallax_layout_bg_x&quot;:50,&quot;jet_parallax_layout_bg_x_tablet&quot;:&quot;&quot;,&quot;jet_parallax_layout_bg_x_mobile&quot;:&quot;&quot;,&quot;jet_parallax_layout_bg_y&quot;:50,&quot;jet_parallax_layout_bg_y_tablet&quot;:&quot;&quot;,&quot;jet_parallax_layout_bg_y_mobile&quot;:&quot;&quot;,&quot;jet_parallax_layout_bg_size&quot;:&quot;auto&quot;,&quot;jet_parallax_layout_bg_size_tablet&quot;:&quot;&quot;,&quot;jet_parallax_layout_bg_size_mobile&quot;:&quot;&quot;,&quot;jet_parallax_layout_animation_prop&quot;:&quot;transform&quot;,&quot;jet_parallax_layout_on&quot;:[&quot;desktop&quot;,&quot;tablet&quot;]}]}\">\n\t\t\t\t\t\t<div class=\"elementor-container elementor-column-gap-default\">\n\t\t\t\t\t<div class=\"elementor-column elementor-col-100 elementor-top-column elementor-element elementor-element-2c652d7\" data-id=\"2c652d7\" data-element_type=\"column\">\n\t\t\t<div class=\"elementor-widget-wrap elementor-element-populated\">\n\t\t\t\t\t\t<div class=\"elementor-element elementor-element-8cf6fad elementor-widget elementor-widget-text-editor\" data-id=\"8cf6fad\" data-element_type=\"widget\" data-widget_type=\"text-editor.default\">\n\t\t\t\t\t\t\t\t\t<p style=\"text-align: right;\">Id: 2219267<\/p>\t\t\t\t\t\t\t\t<\/div>\n\t\t\t\t\t<\/div>\n\t\t<\/div>\n\t\t\t\t\t<\/div>\n\t\t<\/section>\n\t\t\t\t<section class=\"elementor-section elementor-top-section elementor-element elementor-element-55fe9c5 elementor-section-boxed elementor-section-height-default elementor-section-height-default\" data-id=\"55fe9c5\" data-element_type=\"section\" data-settings=\"{&quot;jet_parallax_layout_list&quot;:[{&quot;jet_parallax_layout_image&quot;:{&quot;url&quot;:&quot;&quot;,&quot;id&quot;:&quot;&quot;,&quot;size&quot;:&quot;&quot;},&quot;_id&quot;:&quot;04dd098&quot;,&quot;jet_parallax_layout_image_tablet&quot;:{&quot;url&quot;:&quot;&quot;,&quot;id&quot;:&quot;&quot;,&quot;size&quot;:&quot;&quot;},&quot;jet_parallax_layout_image_mobile&quot;:{&quot;url&quot;:&quot;&quot;,&quot;id&quot;:&quot;&quot;,&quot;size&quot;:&quot;&quot;},&quot;jet_parallax_layout_speed&quot;:{&quot;unit&quot;:&quot;%&quot;,&quot;size&quot;:50,&quot;sizes&quot;:[]},&quot;jet_parallax_layout_type&quot;:&quot;scroll&quot;,&quot;jet_parallax_layout_direction&quot;:&quot;1&quot;,&quot;jet_parallax_layout_fx_direction&quot;:null,&quot;jet_parallax_layout_z_index&quot;:&quot;&quot;,&quot;jet_parallax_layout_bg_x&quot;:50,&quot;jet_parallax_layout_bg_x_tablet&quot;:&quot;&quot;,&quot;jet_parallax_layout_bg_x_mobile&quot;:&quot;&quot;,&quot;jet_parallax_layout_bg_y&quot;:50,&quot;jet_parallax_layout_bg_y_tablet&quot;:&quot;&quot;,&quot;jet_parallax_layout_bg_y_mobile&quot;:&quot;&quot;,&quot;jet_parallax_layout_bg_size&quot;:&quot;auto&quot;,&quot;jet_parallax_layout_bg_size_tablet&quot;:&quot;&quot;,&quot;jet_parallax_layout_bg_size_mobile&quot;:&quot;&quot;,&quot;jet_parallax_layout_animation_prop&quot;:&quot;transform&quot;,&quot;jet_parallax_layout_on&quot;:[&quot;desktop&quot;,&quot;tablet&quot;]}]}\">\n\t\t\t\t\t\t<div class=\"elementor-container elementor-column-gap-default\">\n\t\t\t\t\t<div class=\"elementor-column elementor-col-100 elementor-top-column elementor-element elementor-element-7e7e2c9\" data-id=\"7e7e2c9\" data-element_type=\"column\">\n\t\t\t<div class=\"elementor-widget-wrap elementor-element-populated\">\n\t\t\t\t\t\t<div class=\"elementor-element elementor-element-f2fb5bb elementor-widget elementor-widget-text-editor\" data-id=\"f2fb5bb\" data-element_type=\"widget\" data-widget_type=\"text-editor.default\">\n\t\t\t\t\t\t\t\t\t<p><em>Publicada no DOE em <strong><a href=\"http:\/\/redelog.rj.gov.br\/redelog\/wp-content\/uploads\/2022\/01\/Resolucao-SECCG-n\u00b0-67-2019-Credenciamento-de-Veiculos.pdf\" target=\"_blank\" rel=\"noopener\">06\/11\/2019.<\/a><\/strong><\/em><\/p><p><em>Revogada pela <strong><a href=\"https:\/\/redelog.rj.gov.br\/redelog\/resolucao-seplag-no-340-de-26-de-novembro-de-2024\/\">Resolu\u00e7\u00e3o SEPLAG n\u00ba <\/a><\/strong><strong><a href=\"https:\/\/redelog.rj.gov.br\/redelog\/resolucao-seplag-no-340-de-26-de-novembro-de-2024\/\">340, 26 de novembro de 2024<\/a><\/strong>, publicada no DOE em <strong><a href=\"https:\/\/www.redelog.rj.gov.br\/redelog\/wp-content\/uploads\/2024\/12\/Resolucao-SEPLAG-no-340-Regulamenta-o-SIGETRANSP.pdf\">09\/12\/2024<\/a><\/strong>.<\/em><\/p>\t\t\t\t\t\t\t\t<\/div>\n\t\t\t\t\t<\/div>\n\t\t<\/div>\n\t\t\t\t\t<\/div>\n\t\t<\/section>\n\t\t\t\t<section class=\"elementor-section elementor-top-section elementor-element elementor-element-92d647f elementor-section-boxed elementor-section-height-default elementor-section-height-default\" data-id=\"92d647f\" data-element_type=\"section\" data-settings=\"{&quot;jet_parallax_layout_list&quot;:[{&quot;jet_parallax_layout_image&quot;:{&quot;url&quot;:&quot;&quot;,&quot;id&quot;:&quot;&quot;,&quot;size&quot;:&quot;&quot;},&quot;_id&quot;:&quot;ab030fc&quot;,&quot;jet_parallax_layout_image_tablet&quot;:{&quot;url&quot;:&quot;&quot;,&quot;id&quot;:&quot;&quot;,&quot;size&quot;:&quot;&quot;},&quot;jet_parallax_layout_image_mobile&quot;:{&quot;url&quot;:&quot;&quot;,&quot;id&quot;:&quot;&quot;,&quot;size&quot;:&quot;&quot;},&quot;jet_parallax_layout_speed&quot;:{&quot;unit&quot;:&quot;%&quot;,&quot;size&quot;:50,&quot;sizes&quot;:[]},&quot;jet_parallax_layout_type&quot;:&quot;scroll&quot;,&quot;jet_parallax_layout_direction&quot;:&quot;1&quot;,&quot;jet_parallax_layout_fx_direction&quot;:null,&quot;jet_parallax_layout_z_index&quot;:&quot;&quot;,&quot;jet_parallax_layout_bg_x&quot;:50,&quot;jet_parallax_layout_bg_x_tablet&quot;:&quot;&quot;,&quot;jet_parallax_layout_bg_x_mobile&quot;:&quot;&quot;,&quot;jet_parallax_layout_bg_y&quot;:50,&quot;jet_parallax_layout_bg_y_tablet&quot;:&quot;&quot;,&quot;jet_parallax_layout_bg_y_mobile&quot;:&quot;&quot;,&quot;jet_parallax_layout_bg_size&quot;:&quot;auto&quot;,&quot;jet_parallax_layout_bg_size_tablet&quot;:&quot;&quot;,&quot;jet_parallax_layout_bg_size_mobile&quot;:&quot;&quot;,&quot;jet_parallax_layout_animation_prop&quot;:&quot;transform&quot;,&quot;jet_parallax_layout_on&quot;:[&quot;desktop&quot;,&quot;tablet&quot;]}]}\">\n\t\t\t\t\t\t<div class=\"elementor-container elementor-column-gap-default\">\n\t\t\t\t\t<div class=\"elementor-column elementor-col-100 elementor-top-column elementor-element elementor-element-e247169\" data-id=\"e247169\" data-element_type=\"column\">\n\t\t\t<div class=\"elementor-widget-wrap elementor-element-populated\">\n\t\t\t\t\t\t<div class=\"elementor-element elementor-element-7886741 elementor-widget-divider--view-line elementor-widget elementor-widget-divider\" data-id=\"7886741\" data-element_type=\"widget\" data-widget_type=\"divider.default\">\n\t\t\t\t\t\t\t<div class=\"elementor-divider\">\n\t\t\t<span class=\"elementor-divider-separator\">\n\t\t\t\t\t\t<\/span>\n\t\t<\/div>\n\t\t\t\t\t\t<\/div>\n\t\t\t\t\t<\/div>\n\t\t<\/div>\n\t\t\t\t\t<\/div>\n\t\t<\/section>\n\t\t\t\t<section class=\"elementor-section elementor-top-section elementor-element elementor-element-41b3389 elementor-section-boxed elementor-section-height-default elementor-section-height-default\" data-id=\"41b3389\" data-element_type=\"section\" id=\"options\" data-settings=\"{&quot;jet_parallax_layout_list&quot;:[{&quot;jet_parallax_layout_image&quot;:{&quot;url&quot;:&quot;&quot;,&quot;id&quot;:&quot;&quot;,&quot;size&quot;:&quot;&quot;},&quot;_id&quot;:&quot;19d7213&quot;,&quot;jet_parallax_layout_image_tablet&quot;:{&quot;url&quot;:&quot;&quot;,&quot;id&quot;:&quot;&quot;,&quot;size&quot;:&quot;&quot;},&quot;jet_parallax_layout_image_mobile&quot;:{&quot;url&quot;:&quot;&quot;,&quot;id&quot;:&quot;&quot;,&quot;size&quot;:&quot;&quot;},&quot;jet_parallax_layout_speed&quot;:{&quot;unit&quot;:&quot;%&quot;,&quot;size&quot;:50,&quot;sizes&quot;:[]},&quot;jet_parallax_layout_type&quot;:&quot;scroll&quot;,&quot;jet_parallax_layout_direction&quot;:&quot;1&quot;,&quot;jet_parallax_layout_fx_direction&quot;:null,&quot;jet_parallax_layout_z_index&quot;:&quot;&quot;,&quot;jet_parallax_layout_bg_x&quot;:50,&quot;jet_parallax_layout_bg_x_tablet&quot;:&quot;&quot;,&quot;jet_parallax_layout_bg_x_mobile&quot;:&quot;&quot;,&quot;jet_parallax_layout_bg_y&quot;:50,&quot;jet_parallax_layout_bg_y_tablet&quot;:&quot;&quot;,&quot;jet_parallax_layout_bg_y_mobile&quot;:&quot;&quot;,&quot;jet_parallax_layout_bg_size&quot;:&quot;auto&quot;,&quot;jet_parallax_layout_bg_size_tablet&quot;:&quot;&quot;,&quot;jet_parallax_layout_bg_size_mobile&quot;:&quot;&quot;,&quot;jet_parallax_layout_animation_prop&quot;:&quot;transform&quot;,&quot;jet_parallax_layout_on&quot;:[&quot;desktop&quot;,&quot;tablet&quot;]}]}\">\n\t\t\t\t\t\t<div class=\"elementor-container elementor-column-gap-default\">\n\t\t\t\t\t<div class=\"elementor-column elementor-col-100 elementor-top-column elementor-element elementor-element-ade8c0a\" data-id=\"ade8c0a\" data-element_type=\"column\">\n\t\t\t<div class=\"elementor-widget-wrap elementor-element-populated\">\n\t\t\t\t\t\t<div class=\"elementor-element elementor-element-5286737 elementor-widget elementor-widget-shortcode\" data-id=\"5286737\" data-element_type=\"widget\" data-widget_type=\"shortcode.default\">\n\t\t\t\t\t\t\t<div class=\"elementor-shortcode\"><div class='printomatic pom-default ' id='id9174' alt='Imprimir' title='Imprimir' data-print_target='#post-9241'><\/div> <div class='printomatictext' id='id9174' alt='Imprimir' title='Imprimir' data-print_target='#post-9241'>Imprimir<\/div><div style='clear: both;'><\/div><\/div>\n\t\t\t\t\t\t<\/div>\n\t\t\t\t<section class=\"elementor-section elementor-inner-section elementor-element elementor-element-cf52393 elementor-section-boxed elementor-section-height-default elementor-section-height-default\" data-id=\"cf52393\" data-element_type=\"section\" data-settings=\"{&quot;jet_parallax_layout_list&quot;:[{&quot;jet_parallax_layout_image&quot;:{&quot;url&quot;:&quot;&quot;,&quot;id&quot;:&quot;&quot;,&quot;size&quot;:&quot;&quot;},&quot;_id&quot;:&quot;4b24ff0&quot;,&quot;jet_parallax_layout_image_tablet&quot;:{&quot;url&quot;:&quot;&quot;,&quot;id&quot;:&quot;&quot;,&quot;size&quot;:&quot;&quot;},&quot;jet_parallax_layout_image_mobile&quot;:{&quot;url&quot;:&quot;&quot;,&quot;id&quot;:&quot;&quot;,&quot;size&quot;:&quot;&quot;},&quot;jet_parallax_layout_speed&quot;:{&quot;unit&quot;:&quot;%&quot;,&quot;size&quot;:50,&quot;sizes&quot;:[]},&quot;jet_parallax_layout_type&quot;:&quot;scroll&quot;,&quot;jet_parallax_layout_direction&quot;:&quot;1&quot;,&quot;jet_parallax_layout_fx_direction&quot;:null,&quot;jet_parallax_layout_z_index&quot;:&quot;&quot;,&quot;jet_parallax_layout_bg_x&quot;:50,&quot;jet_parallax_layout_bg_x_tablet&quot;:&quot;&quot;,&quot;jet_parallax_layout_bg_x_mobile&quot;:&quot;&quot;,&quot;jet_parallax_layout_bg_y&quot;:50,&quot;jet_parallax_layout_bg_y_tablet&quot;:&quot;&quot;,&quot;jet_parallax_layout_bg_y_mobile&quot;:&quot;&quot;,&quot;jet_parallax_layout_bg_size&quot;:&quot;auto&quot;,&quot;jet_parallax_layout_bg_size_tablet&quot;:&quot;&quot;,&quot;jet_parallax_layout_bg_size_mobile&quot;:&quot;&quot;,&quot;jet_parallax_layout_animation_prop&quot;:&quot;transform&quot;,&quot;jet_parallax_layout_on&quot;:[&quot;desktop&quot;,&quot;tablet&quot;]}]}\">\n\t\t\t\t\t\t<div class=\"elementor-container elementor-column-gap-default\">\n\t\t\t\t\t<div class=\"elementor-column elementor-col-50 elementor-inner-column elementor-element elementor-element-4f4d806\" data-id=\"4f4d806\" data-element_type=\"column\">\n\t\t\t<div class=\"elementor-widget-wrap elementor-element-populated\">\n\t\t\t\t\t\t<div class=\"elementor-element elementor-element-44fa778 elementor-widget elementor-widget-text-editor\" data-id=\"44fa778\" data-element_type=\"widget\" data-widget_type=\"text-editor.default\">\n\t\t\t\t\t\t\t\t\t<p><strong><a href=\"http:\/\/redelog.rj.gov.br\/redelog\/legislacao-transportes\/\">\u2190 Voltar &#8211; Transportes<\/a><\/strong><\/p>\t\t\t\t\t\t\t\t<\/div>\n\t\t\t\t\t<\/div>\n\t\t<\/div>\n\t\t\t\t<div class=\"elementor-column elementor-col-50 elementor-inner-column elementor-element elementor-element-67d58ad\" data-id=\"67d58ad\" data-element_type=\"column\">\n\t\t\t<div class=\"elementor-widget-wrap\">\n\t\t\t\t\t\t\t<\/div>\n\t\t<\/div>\n\t\t\t\t\t<\/div>\n\t\t<\/section>\n\t\t\t\t\t<\/div>\n\t\t<\/div>\n\t\t\t\t\t<\/div>\n\t\t<\/section>\n\t\t\t\t<section class=\"elementor-section elementor-top-section elementor-element elementor-element-59177fa elementor-section-boxed elementor-section-height-default elementor-section-height-default\" data-id=\"59177fa\" data-element_type=\"section\" data-settings=\"{&quot;jet_parallax_layout_list&quot;:[{&quot;jet_parallax_layout_image&quot;:{&quot;url&quot;:&quot;&quot;,&quot;id&quot;:&quot;&quot;,&quot;size&quot;:&quot;&quot;},&quot;_id&quot;:&quot;22a0abb&quot;,&quot;jet_parallax_layout_image_tablet&quot;:{&quot;url&quot;:&quot;&quot;,&quot;id&quot;:&quot;&quot;,&quot;size&quot;:&quot;&quot;},&quot;jet_parallax_layout_image_mobile&quot;:{&quot;url&quot;:&quot;&quot;,&quot;id&quot;:&quot;&quot;,&quot;size&quot;:&quot;&quot;},&quot;jet_parallax_layout_speed&quot;:{&quot;unit&quot;:&quot;%&quot;,&quot;size&quot;:50,&quot;sizes&quot;:[]},&quot;jet_parallax_layout_type&quot;:&quot;scroll&quot;,&quot;jet_parallax_layout_direction&quot;:&quot;1&quot;,&quot;jet_parallax_layout_fx_direction&quot;:null,&quot;jet_parallax_layout_z_index&quot;:&quot;&quot;,&quot;jet_parallax_layout_bg_x&quot;:50,&quot;jet_parallax_layout_bg_x_tablet&quot;:&quot;&quot;,&quot;jet_parallax_layout_bg_x_mobile&quot;:&quot;&quot;,&quot;jet_parallax_layout_bg_y&quot;:50,&quot;jet_parallax_layout_bg_y_tablet&quot;:&quot;&quot;,&quot;jet_parallax_layout_bg_y_mobile&quot;:&quot;&quot;,&quot;jet_parallax_layout_bg_size&quot;:&quot;auto&quot;,&quot;jet_parallax_layout_bg_size_tablet&quot;:&quot;&quot;,&quot;jet_parallax_layout_bg_size_mobile&quot;:&quot;&quot;,&quot;jet_parallax_layout_animation_prop&quot;:&quot;transform&quot;,&quot;jet_parallax_layout_on&quot;:[&quot;desktop&quot;,&quot;tablet&quot;]}]}\">\n\t\t\t\t\t\t<div class=\"elementor-container elementor-column-gap-default\">\n\t\t\t\t\t<div class=\"elementor-column elementor-col-100 elementor-top-column elementor-element elementor-element-ebb50e5\" data-id=\"ebb50e5\" data-element_type=\"column\">\n\t\t\t<div class=\"elementor-widget-wrap elementor-element-populated\">\n\t\t\t\t\t\t<div class=\"elementor-element elementor-element-08cdd57 elementor-widget elementor-widget-html\" data-id=\"08cdd57\" data-element_type=\"widget\" data-widget_type=\"html.default\">\n\t\t\t\t\t<style>\n    h2, .h2-style{\n        font-size: 28px;\n    }\n<\/style>\t\t\t\t<\/div>\n\t\t\t\t\t<\/div>\n\t\t<\/div>\n\t\t\t\t\t<\/div>\n\t\t<\/section>\n\t\t\t\t<\/div>\n\t\t","protected":false},"excerpt":{"rendered":"<p>ESTABELECE PROCEDIMENTOS RELATIVOS AO BANCO DE DADOS DA FROTA VEICULAR ESTADUAL, AO SISTEMA DE GEST\u00c3O DE ABASTECIMENTO DE COMBUST\u00cdVEIS E OUTRAS ATIVIDADES RELACIONADAS \u00c0 GEST\u00c3O DOS TRANSPORTES A SEREM OBSERVADAS PELOS \u00d3RG\u00c3OS E ENTIDADES DA ADMINISTRA\u00c7\u00c3O P\u00daBLICA ESTADUAL. O SECRET\u00c1RIO DE ESTADO DA CASA CIVIL E GOVERNAN\u00c7A, no uso de suas atribui\u00e7\u00f5es legais, tendo em [&hellip;]<\/p>\n","protected":false},"author":1,"featured_media":0,"comment_status":"closed","ping_status":"open","sticky":false,"template":"","format":"standard","meta":{"_joinchat":[],"footnotes":""},"categories":[23],"tags":[],"class_list":["post-9241","post","type-post","status-publish","format-standard","hentry","category-cat-legislacao"],"yoast_head":"<!-- This site is optimized with the Yoast SEO plugin v25.7 - https:\/\/yoast.com\/wordpress\/plugins\/seo\/ -->\n<title>RESOLU\u00c7\u00c3O SECCG N\u00ba 67, DE 05 DE NOVEMBRO DE 2019 - Redelog<\/title>\n<meta name=\"robots\" content=\"index, follow, max-snippet:-1, max-image-preview:large, max-video-preview:-1\" \/>\n<link rel=\"canonical\" href=\"https:\/\/redelog.rj.gov.br\/redelog\/resolucao-seccg-no-67\/\" \/>\n<meta property=\"og:locale\" content=\"pt_BR\" \/>\n<meta property=\"og:type\" content=\"article\" \/>\n<meta property=\"og:title\" content=\"RESOLU\u00c7\u00c3O SECCG N\u00ba 67, DE 05 DE NOVEMBRO DE 2019 - Redelog\" \/>\n<meta property=\"og:description\" content=\"ESTABELECE PROCEDIMENTOS RELATIVOS AO BANCO DE DADOS DA FROTA VEICULAR ESTADUAL, AO SISTEMA DE GEST\u00c3O DE ABASTECIMENTO DE COMBUST\u00cdVEIS E OUTRAS ATIVIDADES RELACIONADAS \u00c0 GEST\u00c3O DOS TRANSPORTES A SEREM OBSERVADAS PELOS \u00d3RG\u00c3OS E ENTIDADES DA ADMINISTRA\u00c7\u00c3O P\u00daBLICA ESTADUAL. O SECRET\u00c1RIO DE ESTADO DA CASA CIVIL E GOVERNAN\u00c7A, no uso de suas atribui\u00e7\u00f5es legais, tendo em [&hellip;]\" \/>\n<meta property=\"og:url\" content=\"https:\/\/redelog.rj.gov.br\/redelog\/resolucao-seccg-no-67\/\" \/>\n<meta property=\"og:site_name\" content=\"Redelog\" \/>\n<meta property=\"article:published_time\" content=\"2022-01-13T16:48:28+00:00\" \/>\n<meta property=\"article:modified_time\" content=\"2024-12-09T14:40:07+00:00\" \/>\n<meta property=\"og:image\" content=\"http:\/\/www.redelog.rj.gov.br\/redelog\/wp-content\/uploads\/2022\/01\/anexores67.png\" \/>\n<meta name=\"author\" content=\"alheiro\" \/>\n<meta name=\"twitter:card\" content=\"summary_large_image\" \/>\n<meta name=\"twitter:label1\" content=\"Escrito por\" \/>\n\t<meta name=\"twitter:data1\" content=\"alheiro\" \/>\n\t<meta name=\"twitter:label2\" content=\"Est. tempo de leitura\" \/>\n\t<meta name=\"twitter:data2\" content=\"7 minutos\" \/>\n<script type=\"application\/ld+json\" class=\"yoast-schema-graph\">{\"@context\":\"https:\/\/schema.org\",\"@graph\":[{\"@type\":\"Article\",\"@id\":\"https:\/\/redelog.rj.gov.br\/redelog\/resolucao-seccg-no-67\/#article\",\"isPartOf\":{\"@id\":\"https:\/\/redelog.rj.gov.br\/redelog\/resolucao-seccg-no-67\/\"},\"author\":{\"name\":\"alheiro\",\"@id\":\"https:\/\/redelog.rj.gov.br\/redelog\/#\/schema\/person\/1299ae2b7bfb510dd74c28ed239470fb\"},\"headline\":\"RESOLU\u00c7\u00c3O SECCG N\u00ba 67, DE 05 DE NOVEMBRO DE 2019\",\"datePublished\":\"2022-01-13T16:48:28+00:00\",\"dateModified\":\"2024-12-09T14:40:07+00:00\",\"mainEntityOfPage\":{\"@id\":\"https:\/\/redelog.rj.gov.br\/redelog\/resolucao-seccg-no-67\/\"},\"wordCount\":1682,\"publisher\":{\"@id\":\"https:\/\/redelog.rj.gov.br\/redelog\/#organization\"},\"image\":{\"@id\":\"https:\/\/redelog.rj.gov.br\/redelog\/resolucao-seccg-no-67\/#primaryimage\"},\"thumbnailUrl\":\"https:\/\/www.redelog.rj.gov.br\/redelog\/wp-content\/uploads\/2022\/01\/anexores67.png\",\"articleSection\":[\"Legisla\u00e7\u00e3o\"],\"inLanguage\":\"pt-BR\"},{\"@type\":\"WebPage\",\"@id\":\"https:\/\/redelog.rj.gov.br\/redelog\/resolucao-seccg-no-67\/\",\"url\":\"https:\/\/redelog.rj.gov.br\/redelog\/resolucao-seccg-no-67\/\",\"name\":\"RESOLU\u00c7\u00c3O SECCG N\u00ba 67, DE 05 DE NOVEMBRO DE 2019 - Redelog\",\"isPartOf\":{\"@id\":\"https:\/\/redelog.rj.gov.br\/redelog\/#website\"},\"primaryImageOfPage\":{\"@id\":\"https:\/\/redelog.rj.gov.br\/redelog\/resolucao-seccg-no-67\/#primaryimage\"},\"image\":{\"@id\":\"https:\/\/redelog.rj.gov.br\/redelog\/resolucao-seccg-no-67\/#primaryimage\"},\"thumbnailUrl\":\"https:\/\/www.redelog.rj.gov.br\/redelog\/wp-content\/uploads\/2022\/01\/anexores67.png\",\"datePublished\":\"2022-01-13T16:48:28+00:00\",\"dateModified\":\"2024-12-09T14:40:07+00:00\",\"breadcrumb\":{\"@id\":\"https:\/\/redelog.rj.gov.br\/redelog\/resolucao-seccg-no-67\/#breadcrumb\"},\"inLanguage\":\"pt-BR\",\"potentialAction\":[{\"@type\":\"ReadAction\",\"target\":[\"https:\/\/redelog.rj.gov.br\/redelog\/resolucao-seccg-no-67\/\"]}]},{\"@type\":\"ImageObject\",\"inLanguage\":\"pt-BR\",\"@id\":\"https:\/\/redelog.rj.gov.br\/redelog\/resolucao-seccg-no-67\/#primaryimage\",\"url\":\"https:\/\/www.redelog.rj.gov.br\/redelog\/wp-content\/uploads\/2022\/01\/anexores67.png\",\"contentUrl\":\"https:\/\/www.redelog.rj.gov.br\/redelog\/wp-content\/uploads\/2022\/01\/anexores67.png\"},{\"@type\":\"BreadcrumbList\",\"@id\":\"https:\/\/redelog.rj.gov.br\/redelog\/resolucao-seccg-no-67\/#breadcrumb\",\"itemListElement\":[{\"@type\":\"ListItem\",\"position\":1,\"name\":\"Home\",\"item\":\"https:\/\/redelog.rj.gov.br\/redelog\/\"},{\"@type\":\"ListItem\",\"position\":2,\"name\":\"RESOLU\u00c7\u00c3O SECCG N\u00ba 67, DE 05 DE NOVEMBRO DE 2019\"}]},{\"@type\":\"WebSite\",\"@id\":\"https:\/\/redelog.rj.gov.br\/redelog\/#website\",\"url\":\"https:\/\/redelog.rj.gov.br\/redelog\/\",\"name\":\"Redelog\",\"description\":\"Site da Rede de Log\u00edstica e Planejamento do Estado do Rio de Janeiro\",\"publisher\":{\"@id\":\"https:\/\/redelog.rj.gov.br\/redelog\/#organization\"},\"potentialAction\":[{\"@type\":\"SearchAction\",\"target\":{\"@type\":\"EntryPoint\",\"urlTemplate\":\"https:\/\/redelog.rj.gov.br\/redelog\/?s={search_term_string}\"},\"query-input\":{\"@type\":\"PropertyValueSpecification\",\"valueRequired\":true,\"valueName\":\"search_term_string\"}}],\"inLanguage\":\"pt-BR\"},{\"@type\":\"Organization\",\"@id\":\"https:\/\/redelog.rj.gov.br\/redelog\/#organization\",\"name\":\"REDELOG\",\"url\":\"https:\/\/redelog.rj.gov.br\/redelog\/\",\"logo\":{\"@type\":\"ImageObject\",\"inLanguage\":\"pt-BR\",\"@id\":\"https:\/\/redelog.rj.gov.br\/redelog\/#\/schema\/logo\/image\/\",\"url\":\"http:\/\/10.10.8.100:8888\/redelog\/wp-content\/uploads\/2019\/09\/Redelog2.png\",\"contentUrl\":\"http:\/\/10.10.8.100:8888\/redelog\/wp-content\/uploads\/2019\/09\/Redelog2.png\",\"width\":565,\"height\":155,\"caption\":\"REDELOG\"},\"image\":{\"@id\":\"https:\/\/redelog.rj.gov.br\/redelog\/#\/schema\/logo\/image\/\"}},{\"@type\":\"Person\",\"@id\":\"https:\/\/redelog.rj.gov.br\/redelog\/#\/schema\/person\/1299ae2b7bfb510dd74c28ed239470fb\",\"name\":\"alheiro\",\"image\":{\"@type\":\"ImageObject\",\"inLanguage\":\"pt-BR\",\"@id\":\"https:\/\/redelog.rj.gov.br\/redelog\/#\/schema\/person\/image\/\",\"url\":\"https:\/\/secure.gravatar.com\/avatar\/682da79d56fd06a1a63ccaa75b42ffe0c9b0609a62bc395d810f23f98140dcae?s=96&d=mm&r=g\",\"contentUrl\":\"https:\/\/secure.gravatar.com\/avatar\/682da79d56fd06a1a63ccaa75b42ffe0c9b0609a62bc395d810f23f98140dcae?s=96&d=mm&r=g\",\"caption\":\"alheiro\"},\"sameAs\":[\"http:\/\/10.9.108.118:3000\/redelog\"],\"url\":\"https:\/\/redelog.rj.gov.br\/redelog\/author\/alheiro\/\"}]}<\/script>\n<!-- \/ Yoast SEO plugin. -->","yoast_head_json":{"title":"RESOLU\u00c7\u00c3O SECCG N\u00ba 67, DE 05 DE NOVEMBRO DE 2019 - Redelog","robots":{"index":"index","follow":"follow","max-snippet":"max-snippet:-1","max-image-preview":"max-image-preview:large","max-video-preview":"max-video-preview:-1"},"canonical":"https:\/\/redelog.rj.gov.br\/redelog\/resolucao-seccg-no-67\/","og_locale":"pt_BR","og_type":"article","og_title":"RESOLU\u00c7\u00c3O SECCG N\u00ba 67, DE 05 DE NOVEMBRO DE 2019 - Redelog","og_description":"ESTABELECE PROCEDIMENTOS RELATIVOS AO BANCO DE DADOS DA FROTA VEICULAR ESTADUAL, AO SISTEMA DE GEST\u00c3O DE ABASTECIMENTO DE COMBUST\u00cdVEIS E OUTRAS ATIVIDADES RELACIONADAS \u00c0 GEST\u00c3O DOS TRANSPORTES A SEREM OBSERVADAS PELOS \u00d3RG\u00c3OS E ENTIDADES DA ADMINISTRA\u00c7\u00c3O P\u00daBLICA ESTADUAL. O SECRET\u00c1RIO DE ESTADO DA CASA CIVIL E GOVERNAN\u00c7A, no uso de suas atribui\u00e7\u00f5es legais, tendo em [&hellip;]","og_url":"https:\/\/redelog.rj.gov.br\/redelog\/resolucao-seccg-no-67\/","og_site_name":"Redelog","article_published_time":"2022-01-13T16:48:28+00:00","article_modified_time":"2024-12-09T14:40:07+00:00","og_image":[{"url":"http:\/\/www.redelog.rj.gov.br\/redelog\/wp-content\/uploads\/2022\/01\/anexores67.png","type":"","width":"","height":""}],"author":"alheiro","twitter_card":"summary_large_image","twitter_misc":{"Escrito por":"alheiro","Est. tempo de leitura":"7 minutos"},"schema":{"@context":"https:\/\/schema.org","@graph":[{"@type":"Article","@id":"https:\/\/redelog.rj.gov.br\/redelog\/resolucao-seccg-no-67\/#article","isPartOf":{"@id":"https:\/\/redelog.rj.gov.br\/redelog\/resolucao-seccg-no-67\/"},"author":{"name":"alheiro","@id":"https:\/\/redelog.rj.gov.br\/redelog\/#\/schema\/person\/1299ae2b7bfb510dd74c28ed239470fb"},"headline":"RESOLU\u00c7\u00c3O SECCG N\u00ba 67, DE 05 DE NOVEMBRO DE 2019","datePublished":"2022-01-13T16:48:28+00:00","dateModified":"2024-12-09T14:40:07+00:00","mainEntityOfPage":{"@id":"https:\/\/redelog.rj.gov.br\/redelog\/resolucao-seccg-no-67\/"},"wordCount":1682,"publisher":{"@id":"https:\/\/redelog.rj.gov.br\/redelog\/#organization"},"image":{"@id":"https:\/\/redelog.rj.gov.br\/redelog\/resolucao-seccg-no-67\/#primaryimage"},"thumbnailUrl":"https:\/\/www.redelog.rj.gov.br\/redelog\/wp-content\/uploads\/2022\/01\/anexores67.png","articleSection":["Legisla\u00e7\u00e3o"],"inLanguage":"pt-BR"},{"@type":"WebPage","@id":"https:\/\/redelog.rj.gov.br\/redelog\/resolucao-seccg-no-67\/","url":"https:\/\/redelog.rj.gov.br\/redelog\/resolucao-seccg-no-67\/","name":"RESOLU\u00c7\u00c3O SECCG N\u00ba 67, DE 05 DE NOVEMBRO DE 2019 - Redelog","isPartOf":{"@id":"https:\/\/redelog.rj.gov.br\/redelog\/#website"},"primaryImageOfPage":{"@id":"https:\/\/redelog.rj.gov.br\/redelog\/resolucao-seccg-no-67\/#primaryimage"},"image":{"@id":"https:\/\/redelog.rj.gov.br\/redelog\/resolucao-seccg-no-67\/#primaryimage"},"thumbnailUrl":"https:\/\/www.redelog.rj.gov.br\/redelog\/wp-content\/uploads\/2022\/01\/anexores67.png","datePublished":"2022-01-13T16:48:28+00:00","dateModified":"2024-12-09T14:40:07+00:00","breadcrumb":{"@id":"https:\/\/redelog.rj.gov.br\/redelog\/resolucao-seccg-no-67\/#breadcrumb"},"inLanguage":"pt-BR","potentialAction":[{"@type":"ReadAction","target":["https:\/\/redelog.rj.gov.br\/redelog\/resolucao-seccg-no-67\/"]}]},{"@type":"ImageObject","inLanguage":"pt-BR","@id":"https:\/\/redelog.rj.gov.br\/redelog\/resolucao-seccg-no-67\/#primaryimage","url":"https:\/\/www.redelog.rj.gov.br\/redelog\/wp-content\/uploads\/2022\/01\/anexores67.png","contentUrl":"https:\/\/www.redelog.rj.gov.br\/redelog\/wp-content\/uploads\/2022\/01\/anexores67.png"},{"@type":"BreadcrumbList","@id":"https:\/\/redelog.rj.gov.br\/redelog\/resolucao-seccg-no-67\/#breadcrumb","itemListElement":[{"@type":"ListItem","position":1,"name":"Home","item":"https:\/\/redelog.rj.gov.br\/redelog\/"},{"@type":"ListItem","position":2,"name":"RESOLU\u00c7\u00c3O SECCG N\u00ba 67, DE 05 DE NOVEMBRO DE 2019"}]},{"@type":"WebSite","@id":"https:\/\/redelog.rj.gov.br\/redelog\/#website","url":"https:\/\/redelog.rj.gov.br\/redelog\/","name":"Redelog","description":"Site da Rede de Log\u00edstica e Planejamento do Estado do Rio de Janeiro","publisher":{"@id":"https:\/\/redelog.rj.gov.br\/redelog\/#organization"},"potentialAction":[{"@type":"SearchAction","target":{"@type":"EntryPoint","urlTemplate":"https:\/\/redelog.rj.gov.br\/redelog\/?s={search_term_string}"},"query-input":{"@type":"PropertyValueSpecification","valueRequired":true,"valueName":"search_term_string"}}],"inLanguage":"pt-BR"},{"@type":"Organization","@id":"https:\/\/redelog.rj.gov.br\/redelog\/#organization","name":"REDELOG","url":"https:\/\/redelog.rj.gov.br\/redelog\/","logo":{"@type":"ImageObject","inLanguage":"pt-BR","@id":"https:\/\/redelog.rj.gov.br\/redelog\/#\/schema\/logo\/image\/","url":"http:\/\/10.10.8.100:8888\/redelog\/wp-content\/uploads\/2019\/09\/Redelog2.png","contentUrl":"http:\/\/10.10.8.100:8888\/redelog\/wp-content\/uploads\/2019\/09\/Redelog2.png","width":565,"height":155,"caption":"REDELOG"},"image":{"@id":"https:\/\/redelog.rj.gov.br\/redelog\/#\/schema\/logo\/image\/"}},{"@type":"Person","@id":"https:\/\/redelog.rj.gov.br\/redelog\/#\/schema\/person\/1299ae2b7bfb510dd74c28ed239470fb","name":"alheiro","image":{"@type":"ImageObject","inLanguage":"pt-BR","@id":"https:\/\/redelog.rj.gov.br\/redelog\/#\/schema\/person\/image\/","url":"https:\/\/secure.gravatar.com\/avatar\/682da79d56fd06a1a63ccaa75b42ffe0c9b0609a62bc395d810f23f98140dcae?s=96&d=mm&r=g","contentUrl":"https:\/\/secure.gravatar.com\/avatar\/682da79d56fd06a1a63ccaa75b42ffe0c9b0609a62bc395d810f23f98140dcae?s=96&d=mm&r=g","caption":"alheiro"},"sameAs":["http:\/\/10.9.108.118:3000\/redelog"],"url":"https:\/\/redelog.rj.gov.br\/redelog\/author\/alheiro\/"}]}},"_links":{"self":[{"href":"https:\/\/redelog.rj.gov.br\/redelog\/wp-json\/wp\/v2\/posts\/9241","targetHints":{"allow":["GET"]}}],"collection":[{"href":"https:\/\/redelog.rj.gov.br\/redelog\/wp-json\/wp\/v2\/posts"}],"about":[{"href":"https:\/\/redelog.rj.gov.br\/redelog\/wp-json\/wp\/v2\/types\/post"}],"author":[{"embeddable":true,"href":"https:\/\/redelog.rj.gov.br\/redelog\/wp-json\/wp\/v2\/users\/1"}],"replies":[{"embeddable":true,"href":"https:\/\/redelog.rj.gov.br\/redelog\/wp-json\/wp\/v2\/comments?post=9241"}],"version-history":[{"count":42,"href":"https:\/\/redelog.rj.gov.br\/redelog\/wp-json\/wp\/v2\/posts\/9241\/revisions"}],"predecessor-version":[{"id":31491,"href":"https:\/\/redelog.rj.gov.br\/redelog\/wp-json\/wp\/v2\/posts\/9241\/revisions\/31491"}],"wp:attachment":[{"href":"https:\/\/redelog.rj.gov.br\/redelog\/wp-json\/wp\/v2\/media?parent=9241"}],"wp:term":[{"taxonomy":"category","embeddable":true,"href":"https:\/\/redelog.rj.gov.br\/redelog\/wp-json\/wp\/v2\/categories?post=9241"},{"taxonomy":"post_tag","embeddable":true,"href":"https:\/\/redelog.rj.gov.br\/redelog\/wp-json\/wp\/v2\/tags?post=9241"}],"curies":[{"name":"wp","href":"https:\/\/api.w.org\/{rel}","templated":true}]}}