{"id":9052,"date":"2022-01-12T11:10:43","date_gmt":"2022-01-12T14:10:43","guid":{"rendered":"http:\/\/10.11.80.6\/redelog\/?p=9052"},"modified":"2022-02-24T13:43:51","modified_gmt":"2022-02-24T16:43:51","slug":"decreto-46339","status":"publish","type":"post","link":"https:\/\/redelog.rj.gov.br\/redelog\/decreto-46339\/","title":{"rendered":"DECRETO N\u00ba 46.339, DE 15 DE JUNHO DE 2018"},"content":{"rendered":"\t\t<div data-elementor-type=\"wp-post\" data-elementor-id=\"9052\" class=\"elementor elementor-9052\" data-elementor-post-type=\"post\">\n\t\t\t\t\t\t<section class=\"elementor-section elementor-top-section elementor-element elementor-element-963e4ef elementor-section-boxed elementor-section-height-default elementor-section-height-default\" data-id=\"963e4ef\" data-element_type=\"section\" data-settings=\"{&quot;jet_parallax_layout_list&quot;:[{&quot;jet_parallax_layout_image&quot;:{&quot;url&quot;:&quot;&quot;,&quot;id&quot;:&quot;&quot;,&quot;size&quot;:&quot;&quot;},&quot;_id&quot;:&quot;25f322f&quot;,&quot;jet_parallax_layout_image_tablet&quot;:{&quot;url&quot;:&quot;&quot;,&quot;id&quot;:&quot;&quot;,&quot;size&quot;:&quot;&quot;},&quot;jet_parallax_layout_image_mobile&quot;:{&quot;url&quot;:&quot;&quot;,&quot;id&quot;:&quot;&quot;,&quot;size&quot;:&quot;&quot;},&quot;jet_parallax_layout_speed&quot;:{&quot;unit&quot;:&quot;%&quot;,&quot;size&quot;:50,&quot;sizes&quot;:[]},&quot;jet_parallax_layout_type&quot;:&quot;scroll&quot;,&quot;jet_parallax_layout_direction&quot;:&quot;1&quot;,&quot;jet_parallax_layout_fx_direction&quot;:null,&quot;jet_parallax_layout_z_index&quot;:&quot;&quot;,&quot;jet_parallax_layout_bg_x&quot;:50,&quot;jet_parallax_layout_bg_x_tablet&quot;:&quot;&quot;,&quot;jet_parallax_layout_bg_x_mobile&quot;:&quot;&quot;,&quot;jet_parallax_layout_bg_y&quot;:50,&quot;jet_parallax_layout_bg_y_tablet&quot;:&quot;&quot;,&quot;jet_parallax_layout_bg_y_mobile&quot;:&quot;&quot;,&quot;jet_parallax_layout_bg_size&quot;:&quot;auto&quot;,&quot;jet_parallax_layout_bg_size_tablet&quot;:&quot;&quot;,&quot;jet_parallax_layout_bg_size_mobile&quot;:&quot;&quot;,&quot;jet_parallax_layout_animation_prop&quot;:&quot;transform&quot;,&quot;jet_parallax_layout_on&quot;:[&quot;desktop&quot;,&quot;tablet&quot;]}]}\">\n\t\t\t\t\t\t<div class=\"elementor-container elementor-column-gap-default\">\n\t\t\t\t\t<div class=\"elementor-column elementor-col-100 elementor-top-column elementor-element elementor-element-2455a52\" data-id=\"2455a52\" data-element_type=\"column\">\n\t\t\t<div class=\"elementor-widget-wrap elementor-element-populated\">\n\t\t\t\t\t\t<section class=\"elementor-section elementor-inner-section elementor-element elementor-element-ab05e69 elementor-section-boxed elementor-section-height-default elementor-section-height-default\" data-id=\"ab05e69\" data-element_type=\"section\" data-settings=\"{&quot;jet_parallax_layout_list&quot;:[{&quot;jet_parallax_layout_image&quot;:{&quot;url&quot;:&quot;&quot;,&quot;id&quot;:&quot;&quot;,&quot;size&quot;:&quot;&quot;},&quot;_id&quot;:&quot;7f8fa33&quot;,&quot;jet_parallax_layout_image_tablet&quot;:{&quot;url&quot;:&quot;&quot;,&quot;id&quot;:&quot;&quot;,&quot;size&quot;:&quot;&quot;},&quot;jet_parallax_layout_image_mobile&quot;:{&quot;url&quot;:&quot;&quot;,&quot;id&quot;:&quot;&quot;,&quot;size&quot;:&quot;&quot;},&quot;jet_parallax_layout_speed&quot;:{&quot;unit&quot;:&quot;%&quot;,&quot;size&quot;:50,&quot;sizes&quot;:[]},&quot;jet_parallax_layout_type&quot;:&quot;scroll&quot;,&quot;jet_parallax_layout_direction&quot;:&quot;1&quot;,&quot;jet_parallax_layout_fx_direction&quot;:null,&quot;jet_parallax_layout_z_index&quot;:&quot;&quot;,&quot;jet_parallax_layout_bg_x&quot;:50,&quot;jet_parallax_layout_bg_x_tablet&quot;:&quot;&quot;,&quot;jet_parallax_layout_bg_x_mobile&quot;:&quot;&quot;,&quot;jet_parallax_layout_bg_y&quot;:50,&quot;jet_parallax_layout_bg_y_tablet&quot;:&quot;&quot;,&quot;jet_parallax_layout_bg_y_mobile&quot;:&quot;&quot;,&quot;jet_parallax_layout_bg_size&quot;:&quot;auto&quot;,&quot;jet_parallax_layout_bg_size_tablet&quot;:&quot;&quot;,&quot;jet_parallax_layout_bg_size_mobile&quot;:&quot;&quot;,&quot;jet_parallax_layout_animation_prop&quot;:&quot;transform&quot;,&quot;jet_parallax_layout_on&quot;:[&quot;desktop&quot;,&quot;tablet&quot;]}]}\">\n\t\t\t\t\t\t<div class=\"elementor-container elementor-column-gap-default\">\n\t\t\t\t\t<div class=\"elementor-column elementor-col-50 elementor-inner-column elementor-element elementor-element-c953d23\" data-id=\"c953d23\" data-element_type=\"column\">\n\t\t\t<div class=\"elementor-widget-wrap\">\n\t\t\t\t\t\t\t<\/div>\n\t\t<\/div>\n\t\t\t\t<div class=\"elementor-column elementor-col-50 elementor-inner-column elementor-element elementor-element-3cd27f1\" data-id=\"3cd27f1\" data-element_type=\"column\">\n\t\t\t<div class=\"elementor-widget-wrap elementor-element-populated\">\n\t\t\t\t\t\t<div class=\"elementor-element elementor-element-f34701e elementor-widget elementor-widget-text-editor\" data-id=\"f34701e\" data-element_type=\"widget\" data-widget_type=\"text-editor.default\">\n\t\t\t\t\t\t\t\t\t<p style=\"text-align: justify;\"><strong>DISCIPLINA A CELEBRA\u00c7\u00c3O DO TERMO DE <\/strong><strong>AJUSTAMENTO DE CONDUTA &#8211; TAC PELOS <\/strong><strong>\u00d3RG\u00c3OS E PELAS ENTIDADES DA ADMINISTRA\u00c7\u00c3O P\u00daBLICA DIRETA E INDIRETA DO <\/strong><strong>ESTADO DO RIO DE JANEIRO, EM SEDE DE <\/strong><strong>PROCESSOS ADMINISTRATIVOS DISCIPLINARES.<\/strong><\/p>\t\t\t\t\t\t\t\t<\/div>\n\t\t\t\t\t<\/div>\n\t\t<\/div>\n\t\t\t\t\t<\/div>\n\t\t<\/section>\n\t\t\t\t\t<\/div>\n\t\t<\/div>\n\t\t\t\t\t<\/div>\n\t\t<\/section>\n\t\t\t\t<section class=\"elementor-section elementor-top-section elementor-element elementor-element-c5f6497 elementor-section-boxed elementor-section-height-default elementor-section-height-default\" data-id=\"c5f6497\" data-element_type=\"section\" data-settings=\"{&quot;jet_parallax_layout_list&quot;:[{&quot;jet_parallax_layout_image&quot;:{&quot;url&quot;:&quot;&quot;,&quot;id&quot;:&quot;&quot;,&quot;size&quot;:&quot;&quot;},&quot;_id&quot;:&quot;5a40686&quot;,&quot;jet_parallax_layout_image_tablet&quot;:{&quot;url&quot;:&quot;&quot;,&quot;id&quot;:&quot;&quot;,&quot;size&quot;:&quot;&quot;},&quot;jet_parallax_layout_image_mobile&quot;:{&quot;url&quot;:&quot;&quot;,&quot;id&quot;:&quot;&quot;,&quot;size&quot;:&quot;&quot;},&quot;jet_parallax_layout_speed&quot;:{&quot;unit&quot;:&quot;%&quot;,&quot;size&quot;:50,&quot;sizes&quot;:[]},&quot;jet_parallax_layout_type&quot;:&quot;scroll&quot;,&quot;jet_parallax_layout_direction&quot;:&quot;1&quot;,&quot;jet_parallax_layout_fx_direction&quot;:null,&quot;jet_parallax_layout_z_index&quot;:&quot;&quot;,&quot;jet_parallax_layout_bg_x&quot;:50,&quot;jet_parallax_layout_bg_x_tablet&quot;:&quot;&quot;,&quot;jet_parallax_layout_bg_x_mobile&quot;:&quot;&quot;,&quot;jet_parallax_layout_bg_y&quot;:50,&quot;jet_parallax_layout_bg_y_tablet&quot;:&quot;&quot;,&quot;jet_parallax_layout_bg_y_mobile&quot;:&quot;&quot;,&quot;jet_parallax_layout_bg_size&quot;:&quot;auto&quot;,&quot;jet_parallax_layout_bg_size_tablet&quot;:&quot;&quot;,&quot;jet_parallax_layout_bg_size_mobile&quot;:&quot;&quot;,&quot;jet_parallax_layout_animation_prop&quot;:&quot;transform&quot;,&quot;jet_parallax_layout_on&quot;:[&quot;desktop&quot;,&quot;tablet&quot;]}]}\">\n\t\t\t\t\t\t<div class=\"elementor-container elementor-column-gap-default\">\n\t\t\t\t\t<div class=\"elementor-column elementor-col-100 elementor-top-column elementor-element elementor-element-126a0eb\" data-id=\"126a0eb\" data-element_type=\"column\">\n\t\t\t<div class=\"elementor-widget-wrap elementor-element-populated\">\n\t\t\t\t\t\t<div class=\"elementor-element elementor-element-2df33bf elementor-widget elementor-widget-text-editor\" data-id=\"2df33bf\" data-element_type=\"widget\" data-widget_type=\"text-editor.default\">\n\t\t\t\t\t\t\t\t\t<p><strong>O GOVERNADOR DO ESTADO DO RIO DE JANEIRO<\/strong>, no uso de suas atribui\u00e7\u00f5es constitucionais e legais, tendo em vista o que consta do Processo Administrativo n\u00ba E-04\/084\/35\/2017,<\/p><p><strong>CONSIDERANDO<\/strong>:<\/p><p>&#8211; que um dos objetivos da Administra\u00e7\u00e3o P\u00fablica \u00e9 o constante aprimoramento do servi\u00e7o, em sintonia com os princ\u00edpios da efici\u00eancia e do interesse p\u00fablico;<\/p><p>&#8211; a necessidade de institui\u00e7\u00e3o de mecanismos adequados para, em sede de processos administrativos disciplinares, se alcan\u00e7ar o imediato restabelecimento da ordem, mediante uma solu\u00e7\u00e3o justa lastreada em consensualidade; e<\/p><p>&#8211; o princ\u00edpio da discricionariedade da a\u00e7\u00e3o disciplinar pelo qual o gestor encontra solu\u00e7\u00f5es alternativas que atendam ao fim do controle da disciplina,<\/p><p><strong>DECRETA<\/strong>:<\/p><p><strong>Art. 1\u00ba<\/strong> &#8211; Os \u00f3rg\u00e3os e as entidades da Administra\u00e7\u00e3o P\u00fablica Direta e Indireta do Estado do Rio de Janeiro, nos casos de infra\u00e7\u00f5es disciplinares de menor potencial ofensivo, poder\u00e3o celebrar Termo de Ajustamento de Conduta &#8211; TAC, medida sem car\u00e1ter punitivo e alternativa \u00e0 eventual instaura\u00e7\u00e3o de sindic\u00e2ncia ou processo administrativo disciplinar e \u00e0 aplica\u00e7\u00e3o de penalidades de advert\u00eancia ou repreens\u00e3o aos agentes p\u00fablicos.<\/p><p><strong>Par\u00e1grafo \u00danico<\/strong> &#8211; Para os fins deste Decreto, considera-se infra\u00e7\u00e3o disciplinar de menor potencial ofensivo a conduta pun\u00edvel, em tese, mediante a aplica\u00e7\u00e3o das penas de advert\u00eancia e repreens\u00e3o, na forma dos incisos I e II do artigo 46 do Decreto-Lei Estadual n\u00b0 220\/1975, ou mediante a aplica\u00e7\u00e3o de pena similar prevista em legisla\u00e7\u00e3o espec\u00edfica de reg\u00eancia das carreiras do funcionalismo p\u00fablico estadual.<\/p><p><strong>Art. 2\u00b0<\/strong> &#8211; O TAC \u00e9 o instrumento no qual o agente p\u00fablico interessado declara estar ciente da irregularidade a que deu causa, comprometendo-se a ajustar sua conduta em observ\u00e2ncia aos deveres e responsabilidades previstos na legisla\u00e7\u00e3o vigente.<\/p><p><strong>Art. 3\u00b0<\/strong> &#8211; O TAC deve ter por objetivo:<\/p><p>I &#8211; recompor a ordem jur\u00eddico-administrativa;<\/p><p>II &#8211; reeducar o agente p\u00fablico para desempenho de suas atribui\u00e7\u00f5es;<\/p><p>III &#8211; possibilitar o aperfei\u00e7oamento do agente p\u00fablico e do servi\u00e7o p\u00fablico;<\/p><p>IV &#8211; prevenir a ocorr\u00eancia de novas infra\u00e7\u00f5es administrativas; e<\/p><p>V &#8211; promover a cultura da conduta \u00e9tica e da licitude.<\/p><p><strong>Art. 4\u00b0<\/strong> &#8211; O TAC poder\u00e1 ser formalizado quando presentes os seguintes requisitos:<\/p><p>I &#8211; inexist\u00eancia de dolo ou m\u00e1-f\u00e9 por parte do agente p\u00fablico;<\/p><p>II &#8211; inexist\u00eancia de registro de aplica\u00e7\u00e3o de penalidade disciplinar nos assentos funcionais do agente p\u00fablico nos \u00faltimos 2 (dois) anos;<\/p><p>III &#8211; inexist\u00eancia de dano ao Er\u00e1rio ou, na hip\u00f3tese de ocorr\u00eancia de dano, que este j\u00e1 tenha sido prontamente reparado pelo agente p\u00fablico;<\/p><p>IV &#8211; inexist\u00eancia de sindic\u00e2ncia ou processo administrativo disciplinar em andamento para apurar outra infra\u00e7\u00e3o disciplinar;<\/p><p>V &#8211; que o agente p\u00fablico, nos \u00faltimos 2 (dois) anos, n\u00e3o tenha gozado do benef\u00edcio disciplinado por este Decreto;<\/p><p>VI &#8211; que a solu\u00e7\u00e3o se revele razo\u00e1vel ao caso concreto;<\/p><p>VII &#8211; que a pena, em tese aplic\u00e1vel, seja de advert\u00eancia ou repreens\u00e3o;<\/p><p>VIII &#8211; que os fatos n\u00e3o estejam sendo apurados por meio de inqu\u00e9rito policial, inqu\u00e9rito civil, a\u00e7\u00e3o penal ou a\u00e7\u00e3o civil; e<\/p><p>IX &#8211; que o agente p\u00fablico n\u00e3o esteja em est\u00e1gio probat\u00f3rio.<\/p><p><strong>Art. 5\u00b0<\/strong> &#8211; O TAC poder\u00e1 ser formalizado antes ou durante a investiga\u00e7\u00e3o preliminar, sindic\u00e2ncia ou processo administrativo disciplinar, quando presentes os requisitos elencados no artigo 4\u00b0 deste Decreto.<\/p><p><strong>Par\u00e1grafo \u00danico<\/strong> &#8211; O TAC n\u00e3o poder\u00e1 ser formalizado ap\u00f3s a finaliza\u00e7\u00e3o da instru\u00e7\u00e3o do processo administrativo disciplinar, que ocorre no momento de apresenta\u00e7\u00e3o do relat\u00f3rio final pela autoridade processante mediante manifesta\u00e7\u00e3o conclusiva de aplica\u00e7\u00e3o, ou n\u00e3o, de penalidade.<\/p><p><strong>Art. 6\u00b0<\/strong> &#8211; O TAC poder\u00e1 ser proposto:<\/p><p>I &#8211; de of\u00edcio:<\/p><p>a) pela autoridade competente para a instaura\u00e7\u00e3o do processo administrativo disciplinar;<\/p><p>b) pelo Sindicante, Comiss\u00e3o de Sindic\u00e2ncia ou Comiss\u00e3o Processante do processo administrativo disciplinar;<\/p><p>II &#8211; por requerimento do agente p\u00fablico interessado.<\/p><p>\u00a7 1\u00b0 &#8211; A celebra\u00e7\u00e3o do TAC ser\u00e1 realizada pela autoridade competente para a instaura\u00e7\u00e3o do processo administrativo disciplinar e pelo agente p\u00fablico interessado, em reuni\u00e3o especial, de car\u00e1ter reservado, na presen\u00e7a:<\/p><p>I &#8211; de 2 (duas) testemunhas;<\/p><p>II &#8211; da autoridade competente da unidade administrativa em que ocorreu a infra\u00e7\u00e3o disciplinar; e<\/p><p>III &#8211; se houver, do advogado constitu\u00eddo ou defensor designado.<\/p><p>\u00a7 2\u00b0 &#8211; a celebra\u00e7\u00e3o do TAC dever\u00e1 ser homologada pela autoridade competente para a aplica\u00e7\u00e3o da penalidade disciplinar.<\/p><p>\u00a7 3\u00b0 &#8211; Se o agente p\u00fablico interessado n\u00e3o concordar com a celebra\u00e7\u00e3o do TAC ou houver o indeferimento da proposta em raz\u00e3o do n\u00e3o preenchimento dos requisitos estabelecidos neste Decreto, o expediente ser\u00e1 restitu\u00eddo ao Sindicante, Comiss\u00e3o de Sindic\u00e2ncia, autoridade competente para a instaura\u00e7\u00e3o do processo administrativo disciplinar ou Comiss\u00e3o Processante do processo administrativo disciplinar para o seu regular prosseguimento.<\/p><p><strong>Art. 7\u00b0<\/strong> &#8211; O TAC dever\u00e1 conter:<\/p><p>I &#8211; a identifica\u00e7\u00e3o completa, com as respectivas assinaturas:<\/p><p>a) da autoridade competente signat\u00e1ria;<\/p><p>b) do agente p\u00fablico interessado;<\/p><p>c) das testemunhas;<\/p><p>d) da autoridade competente da unidade administrativa em que ocorreu a infra\u00e7\u00e3o disciplinar; e<\/p><p>e) se houver, do advogado constitu\u00eddo ou defensor designado;<\/p><p>II &#8211; a descri\u00e7\u00e3o dos fatos que consubstanciam a conduta infracional imputada ao agente p\u00fablico interessado e a indica\u00e7\u00e3o dos dispositivos da legisla\u00e7\u00e3o de reg\u00eancia infringidos;<\/p><p>III &#8211; o reconhecimento pelo agente p\u00fablico interessado da irregularidade a que deu causa;<\/p><p>IV &#8211; a descri\u00e7\u00e3o das obriga\u00e7\u00f5es assumidas;<\/p><p>V &#8211; o prazo, que n\u00e3o poder\u00e1 ser superior a 2 (dois) anos;<\/p><p>VI &#8211; a forma de fiscaliza\u00e7\u00e3o das obriga\u00e7\u00f5es assumidas e a indica\u00e7\u00e3o do \u00f3rg\u00e3o ou autoridade competente para tanto; e<\/p><p>VII &#8211; a comprova\u00e7\u00e3o do ressarcimento ao Er\u00e1rio, se for o caso.<\/p><p>\u00a7 1\u00b0 &#8211; A celebra\u00e7\u00e3o do TAC ser\u00e1 registrada nos assentamentos funcionais do agente p\u00fablico interessado sem qualquer averba\u00e7\u00e3o que configure penalidade disciplinar.<\/p><p>\u00a7 2\u00b0 &#8211; A celebra\u00e7\u00e3o do TAC n\u00e3o ser\u00e1 objeto de publica\u00e7\u00e3o perante a Imprensa Oficial.<\/p><p><strong>Art. 8\u00b0<\/strong> &#8211; Suspende-se a prescri\u00e7\u00e3o durante a vig\u00eancia do TAC.<\/p><p><strong>Art. 9\u00b0<\/strong> &#8211; O \u00f3rg\u00e3o ou a autoridade competente designada no TAC para a fiscaliza\u00e7\u00e3o das obriga\u00e7\u00f5es assumidas, durante o respectivo prazo de vig\u00eancia, acompanhar\u00e1 a atua\u00e7\u00e3o do agente p\u00fablico interessado, atentando para:<\/p><p>I &#8211; o cumprimento das obriga\u00e7\u00f5es assumidas no TAC pelo agente p\u00fablico interessado; e<\/p><p>II &#8211; o desempenho das atribui\u00e7\u00f5es do cargo e das responsabilidades que lhe s\u00e3o conferidas.<\/p><p>\u00a7 1\u00b0 &#8211; Caso constatado o descumprimento das obriga\u00e7\u00f5es assumidas, o \u00f3rg\u00e3o ou a autoridade competente designada para a correlata fiscaliza\u00e7\u00e3o dever\u00e1 comunicar, no prazo de at\u00e9 5 (cinco) dias, a ocorr\u00eancia \u00e0 autoridade competente pela celebra\u00e7\u00e3o do TAC e \u00e0 atual chefia imediata do agente p\u00fablico interessado, sem preju\u00edzo da eventual instaura\u00e7\u00e3o de correi\u00e7\u00e3o especial para acompanhamento da respectiva atua\u00e7\u00e3o funcional.<\/p><p>\u00a7 2\u00b0 &#8211; O \u00f3rg\u00e3o ou a autoridade competente designada para a fiscaliza\u00e7\u00e3o das obriga\u00e7\u00f5es assumidas dever\u00e1 emitir relat\u00f3rios trimestrais dirigidos \u00e0 autoridade competente pela celebra\u00e7\u00e3o do TAC e \u00e0 atual chefia imediata do agente p\u00fablico interessado.<\/p><p><strong>Art. 10<\/strong> &#8211; No caso de descumprimento das obriga\u00e7\u00f5es assumidas, a autoridade competente pela celebra\u00e7\u00e3o do TAC dever\u00e1 intimar o agente p\u00fablico interessado para se justificar no prazo de at\u00e9 5 (cinco) dias.<\/p><p>\u00a7 1\u00b0 &#8211; Caso as justificativas n\u00e3o sejam motivadamente acolhidas, o TAC dever\u00e1 ser rescindido e o expediente ser\u00e1 encaminhado \u00e0 autoridade competente para a aplica\u00e7\u00e3o da penalidade disciplinar cab\u00edvel.<\/p><p>\u00a7 2\u00b0 &#8211; Considerando que o agente p\u00fablico interessado j\u00e1 reconheceu a irregularidade a que deu causa quando da celebra\u00e7\u00e3o do TAC, a autoridade competente aplicar\u00e1, de imediato, a penalidade disciplinar cab\u00edvel, salvo se reputar justificado o descumprimento das obriga\u00e7\u00f5es assumidas.<\/p><p><strong>Art. 11 &#8211;<\/strong> Ser\u00e3o causas para a imediata rescis\u00e3o do TAC:<\/p><p>I &#8211; o agente p\u00fablico interessado ser indiciado em processo administrativo disciplinar em raz\u00e3o de outro fato que n\u00e3o seja objeto do TAC;<\/p><p>II &#8211; a disposi\u00e7\u00e3o ou cess\u00e3o do agente p\u00fablico interessado a outro \u00f3rg\u00e3o ou entidade; e<\/p><p>III &#8211; o afastamento do agente p\u00fablico interessado por prazo superior a 90 (noventa) dias consecutivos.<\/p><p>\u00a7 1\u00b0 &#8211; Os afastamentos do agente p\u00fablico interessado, ainda que por prazo superior a 90 (noventa) dias consecutivos, n\u00e3o ser\u00e3o causa para a imediata rescis\u00e3o do TAC quando se tratar de gozo de:<\/p><p>I &#8211; licen\u00e7a para tratamento \u00e0 sa\u00fade;<\/p><p>II &#8211; licen\u00e7a por motivo de doen\u00e7a em pessoa da fam\u00edlia;<\/p><p>III &#8211; licen\u00e7a para repouso \u00e0 gestante e aleitamento; e<\/p><p>IV &#8211; licen\u00e7a para acompanhar o c\u00f4njuge.<\/p><p>2\u00b0 &#8211; Nas hip\u00f3teses do par\u00e1grafo anterior, quando o afastamento ultrapassar 90 (noventa) dias consecutivos o prazo do TAC ficar\u00e1 automaticamente suspenso, voltando a correr quando do retorno \u00e0 atividade.<\/p><p>3\u00b0 &#8211; Na hip\u00f3tese de rescis\u00e3o com fundamento no caput deste artigo, o expediente ser\u00e1 encaminhado \u00e0 autoridade competente que, de ime diato, aplicar\u00e1 a penalidade disciplinar cab\u00edvel, salvo se reputar justificado o descumprimento das obriga\u00e7\u00f5es assumidas.<\/p><p><strong>Art. 12<\/strong> &#8211; Decorrido o prazo de vig\u00eancia do TAC, em sendo a hip\u00f3tese, a autoridade competente para a celebra\u00e7\u00e3o do TAC declarar\u00e1 o cumprimento das obriga\u00e7\u00f5es assumidas pelo agente p\u00fablico interessado.<\/p><p>\u00a7 1\u00b0 &#8211; A autoridade competente para a aplica\u00e7\u00e3o da penalidade disciplinar dever\u00e1 homologar o cumprimento das obriga\u00e7\u00f5es assumidas no TAC pelo agente p\u00fablico interessado, oportunidade em que ser\u00e1 declarada a extin\u00e7\u00e3o da punibilidade.<\/p><p>\u00a7 2\u00b0 &#8211; Homologado o cumprimento das obriga\u00e7\u00f5es assumidas, o agente p\u00fablico interessado n\u00e3o responder\u00e1 a novo procedimento ou ser\u00e1 punido em raz\u00e3o dos fatos j\u00e1 apurados no \u00e2mbito do TAC.<\/p><p><strong>Art. 13 &#8211;<\/strong> A Secretaria de Estado de Fazenda e Planejamento &#8211; SEFAZ e os demais \u00f3rg\u00e3os que detenham compet\u00eancia para a apura\u00e7\u00e3o de infra\u00e7\u00f5es disciplinares, mediante procedimentos espec\u00edficos em seus respectivos \u00e2mbitos de atua\u00e7\u00e3o, editar\u00e3o normas complementares necess\u00e1rias ao cumprimento deste Decreto.<\/p><p><strong>Art. 14<\/strong> &#8211; A Procuradoria-Geral do Estado editar\u00e1 e divulgar\u00e1 minuta padronizada de Termo de Ajustamento de Conduta.<\/p><p><strong>Art. 15<\/strong> &#8211; Este Decreto entrar\u00e1 em vigor na data de sua publica\u00e7\u00e3o.<\/p><p>\u00a0<\/p><p style=\"text-align: center;\">Rio de Janeiro, 15 de junho de 2018<\/p><p style=\"text-align: center;\">\u00a0<\/p><p style=\"text-align: center;\"><strong>LUIZ FERNANDO DE SOUZA<\/strong><\/p><p>\u00a0<\/p><p style=\"text-align: right;\">Id: 2113463<\/p>\t\t\t\t\t\t\t\t<\/div>\n\t\t\t\t\t<\/div>\n\t\t<\/div>\n\t\t\t\t\t<\/div>\n\t\t<\/section>\n\t\t\t\t<section class=\"elementor-section elementor-top-section elementor-element elementor-element-5d9133c elementor-section-boxed elementor-section-height-default elementor-section-height-default\" data-id=\"5d9133c\" data-element_type=\"section\" data-settings=\"{&quot;jet_parallax_layout_list&quot;:[{&quot;jet_parallax_layout_image&quot;:{&quot;url&quot;:&quot;&quot;,&quot;id&quot;:&quot;&quot;,&quot;size&quot;:&quot;&quot;},&quot;_id&quot;:&quot;04dd098&quot;,&quot;jet_parallax_layout_image_tablet&quot;:{&quot;url&quot;:&quot;&quot;,&quot;id&quot;:&quot;&quot;,&quot;size&quot;:&quot;&quot;},&quot;jet_parallax_layout_image_mobile&quot;:{&quot;url&quot;:&quot;&quot;,&quot;id&quot;:&quot;&quot;,&quot;size&quot;:&quot;&quot;},&quot;jet_parallax_layout_speed&quot;:{&quot;unit&quot;:&quot;%&quot;,&quot;size&quot;:50,&quot;sizes&quot;:[]},&quot;jet_parallax_layout_type&quot;:&quot;scroll&quot;,&quot;jet_parallax_layout_direction&quot;:&quot;1&quot;,&quot;jet_parallax_layout_fx_direction&quot;:null,&quot;jet_parallax_layout_z_index&quot;:&quot;&quot;,&quot;jet_parallax_layout_bg_x&quot;:50,&quot;jet_parallax_layout_bg_x_tablet&quot;:&quot;&quot;,&quot;jet_parallax_layout_bg_x_mobile&quot;:&quot;&quot;,&quot;jet_parallax_layout_bg_y&quot;:50,&quot;jet_parallax_layout_bg_y_tablet&quot;:&quot;&quot;,&quot;jet_parallax_layout_bg_y_mobile&quot;:&quot;&quot;,&quot;jet_parallax_layout_bg_size&quot;:&quot;auto&quot;,&quot;jet_parallax_layout_bg_size_tablet&quot;:&quot;&quot;,&quot;jet_parallax_layout_bg_size_mobile&quot;:&quot;&quot;,&quot;jet_parallax_layout_animation_prop&quot;:&quot;transform&quot;,&quot;jet_parallax_layout_on&quot;:[&quot;desktop&quot;,&quot;tablet&quot;]}]}\">\n\t\t\t\t\t\t<div class=\"elementor-container elementor-column-gap-default\">\n\t\t\t\t\t<div class=\"elementor-column elementor-col-100 elementor-top-column elementor-element elementor-element-ab38965\" data-id=\"ab38965\" data-element_type=\"column\">\n\t\t\t<div class=\"elementor-widget-wrap elementor-element-populated\">\n\t\t\t\t\t\t<div class=\"elementor-element elementor-element-49ba317 elementor-widget elementor-widget-text-editor\" data-id=\"49ba317\" data-element_type=\"widget\" data-widget_type=\"text-editor.default\">\n\t\t\t\t\t\t\t\t\t<p><em>Publicada no DOE em <strong><a href=\"http:\/\/redelog.rj.gov.br\/redelog\/wp-content\/uploads\/2022\/01\/Decreto-no-46.339-2018-Disciplina-a-celebracao-do-Termo-de-Ajuste-de-Conduta-TAC.pdf\" target=\"_blank\" rel=\"noopener\">18\/06\/2018<\/a><\/strong>.<\/em><\/p>\t\t\t\t\t\t\t\t<\/div>\n\t\t\t\t\t<\/div>\n\t\t<\/div>\n\t\t\t\t\t<\/div>\n\t\t<\/section>\n\t\t\t\t<section class=\"elementor-section elementor-top-section elementor-element elementor-element-0af4bb8 elementor-section-boxed elementor-section-height-default elementor-section-height-default\" data-id=\"0af4bb8\" data-element_type=\"section\" data-settings=\"{&quot;jet_parallax_layout_list&quot;:[{&quot;jet_parallax_layout_image&quot;:{&quot;url&quot;:&quot;&quot;,&quot;id&quot;:&quot;&quot;,&quot;size&quot;:&quot;&quot;},&quot;_id&quot;:&quot;ab030fc&quot;,&quot;jet_parallax_layout_image_tablet&quot;:{&quot;url&quot;:&quot;&quot;,&quot;id&quot;:&quot;&quot;,&quot;size&quot;:&quot;&quot;},&quot;jet_parallax_layout_image_mobile&quot;:{&quot;url&quot;:&quot;&quot;,&quot;id&quot;:&quot;&quot;,&quot;size&quot;:&quot;&quot;},&quot;jet_parallax_layout_speed&quot;:{&quot;unit&quot;:&quot;%&quot;,&quot;size&quot;:50,&quot;sizes&quot;:[]},&quot;jet_parallax_layout_type&quot;:&quot;scroll&quot;,&quot;jet_parallax_layout_direction&quot;:&quot;1&quot;,&quot;jet_parallax_layout_fx_direction&quot;:null,&quot;jet_parallax_layout_z_index&quot;:&quot;&quot;,&quot;jet_parallax_layout_bg_x&quot;:50,&quot;jet_parallax_layout_bg_x_tablet&quot;:&quot;&quot;,&quot;jet_parallax_layout_bg_x_mobile&quot;:&quot;&quot;,&quot;jet_parallax_layout_bg_y&quot;:50,&quot;jet_parallax_layout_bg_y_tablet&quot;:&quot;&quot;,&quot;jet_parallax_layout_bg_y_mobile&quot;:&quot;&quot;,&quot;jet_parallax_layout_bg_size&quot;:&quot;auto&quot;,&quot;jet_parallax_layout_bg_size_tablet&quot;:&quot;&quot;,&quot;jet_parallax_layout_bg_size_mobile&quot;:&quot;&quot;,&quot;jet_parallax_layout_animation_prop&quot;:&quot;transform&quot;,&quot;jet_parallax_layout_on&quot;:[&quot;desktop&quot;,&quot;tablet&quot;]}]}\">\n\t\t\t\t\t\t<div class=\"elementor-container elementor-column-gap-default\">\n\t\t\t\t\t<div class=\"elementor-column elementor-col-100 elementor-top-column elementor-element elementor-element-0608786\" data-id=\"0608786\" data-element_type=\"column\">\n\t\t\t<div class=\"elementor-widget-wrap elementor-element-populated\">\n\t\t\t\t\t\t<div class=\"elementor-element elementor-element-353ece7 elementor-widget-divider--view-line elementor-widget elementor-widget-divider\" data-id=\"353ece7\" data-element_type=\"widget\" data-widget_type=\"divider.default\">\n\t\t\t\t\t\t\t<div class=\"elementor-divider\">\n\t\t\t<span class=\"elementor-divider-separator\">\n\t\t\t\t\t\t<\/span>\n\t\t<\/div>\n\t\t\t\t\t\t<\/div>\n\t\t\t\t\t<\/div>\n\t\t<\/div>\n\t\t\t\t\t<\/div>\n\t\t<\/section>\n\t\t\t\t<section class=\"elementor-section elementor-top-section elementor-element elementor-element-6496ace elementor-section-boxed elementor-section-height-default elementor-section-height-default\" data-id=\"6496ace\" data-element_type=\"section\" id=\"options\" data-settings=\"{&quot;jet_parallax_layout_list&quot;:[{&quot;jet_parallax_layout_image&quot;:{&quot;url&quot;:&quot;&quot;,&quot;id&quot;:&quot;&quot;,&quot;size&quot;:&quot;&quot;},&quot;_id&quot;:&quot;8363d81&quot;,&quot;jet_parallax_layout_image_tablet&quot;:{&quot;url&quot;:&quot;&quot;,&quot;id&quot;:&quot;&quot;,&quot;size&quot;:&quot;&quot;},&quot;jet_parallax_layout_image_mobile&quot;:{&quot;url&quot;:&quot;&quot;,&quot;id&quot;:&quot;&quot;,&quot;size&quot;:&quot;&quot;},&quot;jet_parallax_layout_speed&quot;:{&quot;unit&quot;:&quot;%&quot;,&quot;size&quot;:50,&quot;sizes&quot;:[]},&quot;jet_parallax_layout_type&quot;:&quot;scroll&quot;,&quot;jet_parallax_layout_direction&quot;:&quot;1&quot;,&quot;jet_parallax_layout_fx_direction&quot;:null,&quot;jet_parallax_layout_z_index&quot;:&quot;&quot;,&quot;jet_parallax_layout_bg_x&quot;:50,&quot;jet_parallax_layout_bg_x_tablet&quot;:&quot;&quot;,&quot;jet_parallax_layout_bg_x_mobile&quot;:&quot;&quot;,&quot;jet_parallax_layout_bg_y&quot;:50,&quot;jet_parallax_layout_bg_y_tablet&quot;:&quot;&quot;,&quot;jet_parallax_layout_bg_y_mobile&quot;:&quot;&quot;,&quot;jet_parallax_layout_bg_size&quot;:&quot;auto&quot;,&quot;jet_parallax_layout_bg_size_tablet&quot;:&quot;&quot;,&quot;jet_parallax_layout_bg_size_mobile&quot;:&quot;&quot;,&quot;jet_parallax_layout_animation_prop&quot;:&quot;transform&quot;,&quot;jet_parallax_layout_on&quot;:[&quot;desktop&quot;,&quot;tablet&quot;]}]}\">\n\t\t\t\t\t\t<div class=\"elementor-container elementor-column-gap-default\">\n\t\t\t\t\t<div class=\"elementor-column elementor-col-100 elementor-top-column elementor-element elementor-element-6d98977\" data-id=\"6d98977\" data-element_type=\"column\">\n\t\t\t<div class=\"elementor-widget-wrap elementor-element-populated\">\n\t\t\t\t\t\t<div class=\"elementor-element elementor-element-f4cc43f elementor-widget elementor-widget-shortcode\" data-id=\"f4cc43f\" data-element_type=\"widget\" data-widget_type=\"shortcode.default\">\n\t\t\t\t\t\t\t<div class=\"elementor-shortcode\"><div class='printomatic pom-default ' id='id5304' alt='Imprimir' title='Imprimir' data-print_target='#post-9052'><\/div> <div class='printomatictext' id='id5304' alt='Imprimir' title='Imprimir' data-print_target='#post-9052'>Imprimir<\/div><div style='clear: both;'><\/div><\/div>\n\t\t\t\t\t\t<\/div>\n\t\t\t\t<section class=\"elementor-section elementor-inner-section elementor-element elementor-element-810c3ba elementor-section-boxed elementor-section-height-default elementor-section-height-default\" data-id=\"810c3ba\" data-element_type=\"section\" data-settings=\"{&quot;jet_parallax_layout_list&quot;:[{&quot;jet_parallax_layout_image&quot;:{&quot;url&quot;:&quot;&quot;,&quot;id&quot;:&quot;&quot;,&quot;size&quot;:&quot;&quot;},&quot;_id&quot;:&quot;ccec7d1&quot;,&quot;jet_parallax_layout_image_tablet&quot;:{&quot;url&quot;:&quot;&quot;,&quot;id&quot;:&quot;&quot;,&quot;size&quot;:&quot;&quot;},&quot;jet_parallax_layout_image_mobile&quot;:{&quot;url&quot;:&quot;&quot;,&quot;id&quot;:&quot;&quot;,&quot;size&quot;:&quot;&quot;},&quot;jet_parallax_layout_speed&quot;:{&quot;unit&quot;:&quot;%&quot;,&quot;size&quot;:50,&quot;sizes&quot;:[]},&quot;jet_parallax_layout_type&quot;:&quot;scroll&quot;,&quot;jet_parallax_layout_direction&quot;:&quot;1&quot;,&quot;jet_parallax_layout_fx_direction&quot;:null,&quot;jet_parallax_layout_z_index&quot;:&quot;&quot;,&quot;jet_parallax_layout_bg_x&quot;:50,&quot;jet_parallax_layout_bg_x_tablet&quot;:&quot;&quot;,&quot;jet_parallax_layout_bg_x_mobile&quot;:&quot;&quot;,&quot;jet_parallax_layout_bg_y&quot;:50,&quot;jet_parallax_layout_bg_y_tablet&quot;:&quot;&quot;,&quot;jet_parallax_layout_bg_y_mobile&quot;:&quot;&quot;,&quot;jet_parallax_layout_bg_size&quot;:&quot;auto&quot;,&quot;jet_parallax_layout_bg_size_tablet&quot;:&quot;&quot;,&quot;jet_parallax_layout_bg_size_mobile&quot;:&quot;&quot;,&quot;jet_parallax_layout_animation_prop&quot;:&quot;transform&quot;,&quot;jet_parallax_layout_on&quot;:[&quot;desktop&quot;,&quot;tablet&quot;]}]}\">\n\t\t\t\t\t\t<div class=\"elementor-container elementor-column-gap-default\">\n\t\t\t\t\t<div class=\"elementor-column elementor-col-50 elementor-inner-column elementor-element elementor-element-b982b1f\" data-id=\"b982b1f\" data-element_type=\"column\">\n\t\t\t<div class=\"elementor-widget-wrap elementor-element-populated\">\n\t\t\t\t\t\t<div class=\"elementor-element elementor-element-0c355a6 elementor-widget elementor-widget-text-editor\" data-id=\"0c355a6\" data-element_type=\"widget\" data-widget_type=\"text-editor.default\">\n\t\t\t\t\t\t\t\t\t<p><strong><a href=\"http:\/\/redelog.rj.gov.br\/redelog\/legislacao-licitacoes\/\">\u2190 Voltar &#8211; Licita\u00e7\u00f5es<\/a><\/strong><\/p>\t\t\t\t\t\t\t\t<\/div>\n\t\t\t\t\t<\/div>\n\t\t<\/div>\n\t\t\t\t<div class=\"elementor-column elementor-col-50 elementor-inner-column elementor-element elementor-element-4665b7e\" data-id=\"4665b7e\" data-element_type=\"column\">\n\t\t\t<div class=\"elementor-widget-wrap elementor-element-populated\">\n\t\t\t\t\t\t\t<\/div>\n\t\t<\/div>\n\t\t\t\t\t<\/div>\n\t\t<\/section>\n\t\t\t\t\t<\/div>\n\t\t<\/div>\n\t\t\t\t\t<\/div>\n\t\t<\/section>\n\t\t\t\t<section class=\"elementor-section elementor-top-section elementor-element elementor-element-cf99f66 elementor-section-boxed elementor-section-height-default elementor-section-height-default\" data-id=\"cf99f66\" data-element_type=\"section\" data-settings=\"{&quot;jet_parallax_layout_list&quot;:[{&quot;jet_parallax_layout_image&quot;:{&quot;url&quot;:&quot;&quot;,&quot;id&quot;:&quot;&quot;,&quot;size&quot;:&quot;&quot;},&quot;_id&quot;:&quot;22a0abb&quot;,&quot;jet_parallax_layout_image_tablet&quot;:{&quot;url&quot;:&quot;&quot;,&quot;id&quot;:&quot;&quot;,&quot;size&quot;:&quot;&quot;},&quot;jet_parallax_layout_image_mobile&quot;:{&quot;url&quot;:&quot;&quot;,&quot;id&quot;:&quot;&quot;,&quot;size&quot;:&quot;&quot;},&quot;jet_parallax_layout_speed&quot;:{&quot;unit&quot;:&quot;%&quot;,&quot;size&quot;:50,&quot;sizes&quot;:[]},&quot;jet_parallax_layout_type&quot;:&quot;scroll&quot;,&quot;jet_parallax_layout_direction&quot;:&quot;1&quot;,&quot;jet_parallax_layout_fx_direction&quot;:null,&quot;jet_parallax_layout_z_index&quot;:&quot;&quot;,&quot;jet_parallax_layout_bg_x&quot;:50,&quot;jet_parallax_layout_bg_x_tablet&quot;:&quot;&quot;,&quot;jet_parallax_layout_bg_x_mobile&quot;:&quot;&quot;,&quot;jet_parallax_layout_bg_y&quot;:50,&quot;jet_parallax_layout_bg_y_tablet&quot;:&quot;&quot;,&quot;jet_parallax_layout_bg_y_mobile&quot;:&quot;&quot;,&quot;jet_parallax_layout_bg_size&quot;:&quot;auto&quot;,&quot;jet_parallax_layout_bg_size_tablet&quot;:&quot;&quot;,&quot;jet_parallax_layout_bg_size_mobile&quot;:&quot;&quot;,&quot;jet_parallax_layout_animation_prop&quot;:&quot;transform&quot;,&quot;jet_parallax_layout_on&quot;:[&quot;desktop&quot;,&quot;tablet&quot;]}]}\">\n\t\t\t\t\t\t<div class=\"elementor-container elementor-column-gap-default\">\n\t\t\t\t\t<div class=\"elementor-column elementor-col-100 elementor-top-column elementor-element elementor-element-e5d0091\" data-id=\"e5d0091\" data-element_type=\"column\">\n\t\t\t<div class=\"elementor-widget-wrap elementor-element-populated\">\n\t\t\t\t\t\t<div class=\"elementor-element elementor-element-af21a30 elementor-widget elementor-widget-html\" data-id=\"af21a30\" data-element_type=\"widget\" data-widget_type=\"html.default\">\n\t\t\t\t\t<style>\n    h2, .h2-style{\n        font-size: 28px;\n    }\n<\/style>\t\t\t\t<\/div>\n\t\t\t\t\t<\/div>\n\t\t<\/div>\n\t\t\t\t\t<\/div>\n\t\t<\/section>\n\t\t\t\t<\/div>\n\t\t","protected":false},"excerpt":{"rendered":"<p>DISCIPLINA A CELEBRA\u00c7\u00c3O DO TERMO DE AJUSTAMENTO DE CONDUTA &#8211; TAC PELOS \u00d3RG\u00c3OS E PELAS ENTIDADES DA ADMINISTRA\u00c7\u00c3O P\u00daBLICA DIRETA E INDIRETA DO ESTADO DO RIO DE JANEIRO, EM SEDE DE PROCESSOS ADMINISTRATIVOS DISCIPLINARES. O GOVERNADOR DO ESTADO DO RIO DE JANEIRO, no uso de suas atribui\u00e7\u00f5es constitucionais e legais, tendo em vista o que [&hellip;]<\/p>\n","protected":false},"author":1,"featured_media":0,"comment_status":"closed","ping_status":"open","sticky":false,"template":"","format":"standard","meta":{"_joinchat":[],"footnotes":""},"categories":[23],"tags":[],"class_list":["post-9052","post","type-post","status-publish","format-standard","hentry","category-cat-legislacao"],"yoast_head":"<!-- This site is optimized with the Yoast SEO plugin v25.7 - https:\/\/yoast.com\/wordpress\/plugins\/seo\/ -->\n<title>DECRETO N\u00ba 46.339, DE 15 DE JUNHO DE 2018 - Redelog<\/title>\n<meta name=\"robots\" content=\"index, follow, max-snippet:-1, max-image-preview:large, max-video-preview:-1\" \/>\n<link rel=\"canonical\" href=\"https:\/\/redelog.rj.gov.br\/redelog\/decreto-46339\/\" \/>\n<meta property=\"og:locale\" content=\"pt_BR\" \/>\n<meta property=\"og:type\" content=\"article\" \/>\n<meta property=\"og:title\" content=\"DECRETO N\u00ba 46.339, DE 15 DE JUNHO DE 2018 - Redelog\" \/>\n<meta property=\"og:description\" content=\"DISCIPLINA A CELEBRA\u00c7\u00c3O DO TERMO DE AJUSTAMENTO DE CONDUTA &#8211; TAC PELOS \u00d3RG\u00c3OS E PELAS ENTIDADES DA ADMINISTRA\u00c7\u00c3O P\u00daBLICA DIRETA E INDIRETA DO ESTADO DO RIO DE JANEIRO, EM SEDE DE PROCESSOS ADMINISTRATIVOS DISCIPLINARES. O GOVERNADOR DO ESTADO DO RIO DE JANEIRO, no uso de suas atribui\u00e7\u00f5es constitucionais e legais, tendo em vista o que [&hellip;]\" \/>\n<meta property=\"og:url\" content=\"https:\/\/redelog.rj.gov.br\/redelog\/decreto-46339\/\" \/>\n<meta property=\"og:site_name\" content=\"Redelog\" \/>\n<meta property=\"article:published_time\" content=\"2022-01-12T14:10:43+00:00\" \/>\n<meta property=\"article:modified_time\" content=\"2022-02-24T16:43:51+00:00\" \/>\n<meta name=\"author\" content=\"alheiro\" \/>\n<meta name=\"twitter:card\" content=\"summary_large_image\" \/>\n<meta name=\"twitter:label1\" content=\"Escrito por\" \/>\n\t<meta name=\"twitter:data1\" content=\"alheiro\" \/>\n\t<meta name=\"twitter:label2\" content=\"Est. tempo de leitura\" \/>\n\t<meta name=\"twitter:data2\" content=\"7 minutos\" \/>\n<script type=\"application\/ld+json\" class=\"yoast-schema-graph\">{\"@context\":\"https:\/\/schema.org\",\"@graph\":[{\"@type\":\"Article\",\"@id\":\"https:\/\/redelog.rj.gov.br\/redelog\/decreto-46339\/#article\",\"isPartOf\":{\"@id\":\"https:\/\/redelog.rj.gov.br\/redelog\/decreto-46339\/\"},\"author\":{\"name\":\"alheiro\",\"@id\":\"https:\/\/redelog.rj.gov.br\/redelog\/#\/schema\/person\/1299ae2b7bfb510dd74c28ed239470fb\"},\"headline\":\"DECRETO N\u00ba 46.339, DE 15 DE JUNHO DE 2018\",\"datePublished\":\"2022-01-12T14:10:43+00:00\",\"dateModified\":\"2022-02-24T16:43:51+00:00\",\"mainEntityOfPage\":{\"@id\":\"https:\/\/redelog.rj.gov.br\/redelog\/decreto-46339\/\"},\"wordCount\":1820,\"publisher\":{\"@id\":\"https:\/\/redelog.rj.gov.br\/redelog\/#organization\"},\"articleSection\":[\"Legisla\u00e7\u00e3o\"],\"inLanguage\":\"pt-BR\"},{\"@type\":\"WebPage\",\"@id\":\"https:\/\/redelog.rj.gov.br\/redelog\/decreto-46339\/\",\"url\":\"https:\/\/redelog.rj.gov.br\/redelog\/decreto-46339\/\",\"name\":\"DECRETO N\u00ba 46.339, DE 15 DE JUNHO DE 2018 - Redelog\",\"isPartOf\":{\"@id\":\"https:\/\/redelog.rj.gov.br\/redelog\/#website\"},\"datePublished\":\"2022-01-12T14:10:43+00:00\",\"dateModified\":\"2022-02-24T16:43:51+00:00\",\"breadcrumb\":{\"@id\":\"https:\/\/redelog.rj.gov.br\/redelog\/decreto-46339\/#breadcrumb\"},\"inLanguage\":\"pt-BR\",\"potentialAction\":[{\"@type\":\"ReadAction\",\"target\":[\"https:\/\/redelog.rj.gov.br\/redelog\/decreto-46339\/\"]}]},{\"@type\":\"BreadcrumbList\",\"@id\":\"https:\/\/redelog.rj.gov.br\/redelog\/decreto-46339\/#breadcrumb\",\"itemListElement\":[{\"@type\":\"ListItem\",\"position\":1,\"name\":\"Home\",\"item\":\"https:\/\/redelog.rj.gov.br\/redelog\/\"},{\"@type\":\"ListItem\",\"position\":2,\"name\":\"DECRETO N\u00ba 46.339, DE 15 DE JUNHO DE 2018\"}]},{\"@type\":\"WebSite\",\"@id\":\"https:\/\/redelog.rj.gov.br\/redelog\/#website\",\"url\":\"https:\/\/redelog.rj.gov.br\/redelog\/\",\"name\":\"Redelog\",\"description\":\"Site da Rede de Log\u00edstica e Planejamento do Estado do Rio de Janeiro\",\"publisher\":{\"@id\":\"https:\/\/redelog.rj.gov.br\/redelog\/#organization\"},\"potentialAction\":[{\"@type\":\"SearchAction\",\"target\":{\"@type\":\"EntryPoint\",\"urlTemplate\":\"https:\/\/redelog.rj.gov.br\/redelog\/?s={search_term_string}\"},\"query-input\":{\"@type\":\"PropertyValueSpecification\",\"valueRequired\":true,\"valueName\":\"search_term_string\"}}],\"inLanguage\":\"pt-BR\"},{\"@type\":\"Organization\",\"@id\":\"https:\/\/redelog.rj.gov.br\/redelog\/#organization\",\"name\":\"REDELOG\",\"url\":\"https:\/\/redelog.rj.gov.br\/redelog\/\",\"logo\":{\"@type\":\"ImageObject\",\"inLanguage\":\"pt-BR\",\"@id\":\"https:\/\/redelog.rj.gov.br\/redelog\/#\/schema\/logo\/image\/\",\"url\":\"http:\/\/10.10.8.100:8888\/redelog\/wp-content\/uploads\/2019\/09\/Redelog2.png\",\"contentUrl\":\"http:\/\/10.10.8.100:8888\/redelog\/wp-content\/uploads\/2019\/09\/Redelog2.png\",\"width\":565,\"height\":155,\"caption\":\"REDELOG\"},\"image\":{\"@id\":\"https:\/\/redelog.rj.gov.br\/redelog\/#\/schema\/logo\/image\/\"}},{\"@type\":\"Person\",\"@id\":\"https:\/\/redelog.rj.gov.br\/redelog\/#\/schema\/person\/1299ae2b7bfb510dd74c28ed239470fb\",\"name\":\"alheiro\",\"image\":{\"@type\":\"ImageObject\",\"inLanguage\":\"pt-BR\",\"@id\":\"https:\/\/redelog.rj.gov.br\/redelog\/#\/schema\/person\/image\/\",\"url\":\"https:\/\/secure.gravatar.com\/avatar\/682da79d56fd06a1a63ccaa75b42ffe0c9b0609a62bc395d810f23f98140dcae?s=96&d=mm&r=g\",\"contentUrl\":\"https:\/\/secure.gravatar.com\/avatar\/682da79d56fd06a1a63ccaa75b42ffe0c9b0609a62bc395d810f23f98140dcae?s=96&d=mm&r=g\",\"caption\":\"alheiro\"},\"sameAs\":[\"http:\/\/10.9.108.118:3000\/redelog\"],\"url\":\"https:\/\/redelog.rj.gov.br\/redelog\/author\/alheiro\/\"}]}<\/script>\n<!-- \/ Yoast SEO plugin. -->","yoast_head_json":{"title":"DECRETO N\u00ba 46.339, DE 15 DE JUNHO DE 2018 - Redelog","robots":{"index":"index","follow":"follow","max-snippet":"max-snippet:-1","max-image-preview":"max-image-preview:large","max-video-preview":"max-video-preview:-1"},"canonical":"https:\/\/redelog.rj.gov.br\/redelog\/decreto-46339\/","og_locale":"pt_BR","og_type":"article","og_title":"DECRETO N\u00ba 46.339, DE 15 DE JUNHO DE 2018 - Redelog","og_description":"DISCIPLINA A CELEBRA\u00c7\u00c3O DO TERMO DE AJUSTAMENTO DE CONDUTA &#8211; TAC PELOS \u00d3RG\u00c3OS E PELAS ENTIDADES DA ADMINISTRA\u00c7\u00c3O P\u00daBLICA DIRETA E INDIRETA DO ESTADO DO RIO DE JANEIRO, EM SEDE DE PROCESSOS ADMINISTRATIVOS DISCIPLINARES. O GOVERNADOR DO ESTADO DO RIO DE JANEIRO, no uso de suas atribui\u00e7\u00f5es constitucionais e legais, tendo em vista o que [&hellip;]","og_url":"https:\/\/redelog.rj.gov.br\/redelog\/decreto-46339\/","og_site_name":"Redelog","article_published_time":"2022-01-12T14:10:43+00:00","article_modified_time":"2022-02-24T16:43:51+00:00","author":"alheiro","twitter_card":"summary_large_image","twitter_misc":{"Escrito por":"alheiro","Est. tempo de leitura":"7 minutos"},"schema":{"@context":"https:\/\/schema.org","@graph":[{"@type":"Article","@id":"https:\/\/redelog.rj.gov.br\/redelog\/decreto-46339\/#article","isPartOf":{"@id":"https:\/\/redelog.rj.gov.br\/redelog\/decreto-46339\/"},"author":{"name":"alheiro","@id":"https:\/\/redelog.rj.gov.br\/redelog\/#\/schema\/person\/1299ae2b7bfb510dd74c28ed239470fb"},"headline":"DECRETO N\u00ba 46.339, DE 15 DE JUNHO DE 2018","datePublished":"2022-01-12T14:10:43+00:00","dateModified":"2022-02-24T16:43:51+00:00","mainEntityOfPage":{"@id":"https:\/\/redelog.rj.gov.br\/redelog\/decreto-46339\/"},"wordCount":1820,"publisher":{"@id":"https:\/\/redelog.rj.gov.br\/redelog\/#organization"},"articleSection":["Legisla\u00e7\u00e3o"],"inLanguage":"pt-BR"},{"@type":"WebPage","@id":"https:\/\/redelog.rj.gov.br\/redelog\/decreto-46339\/","url":"https:\/\/redelog.rj.gov.br\/redelog\/decreto-46339\/","name":"DECRETO N\u00ba 46.339, DE 15 DE JUNHO DE 2018 - Redelog","isPartOf":{"@id":"https:\/\/redelog.rj.gov.br\/redelog\/#website"},"datePublished":"2022-01-12T14:10:43+00:00","dateModified":"2022-02-24T16:43:51+00:00","breadcrumb":{"@id":"https:\/\/redelog.rj.gov.br\/redelog\/decreto-46339\/#breadcrumb"},"inLanguage":"pt-BR","potentialAction":[{"@type":"ReadAction","target":["https:\/\/redelog.rj.gov.br\/redelog\/decreto-46339\/"]}]},{"@type":"BreadcrumbList","@id":"https:\/\/redelog.rj.gov.br\/redelog\/decreto-46339\/#breadcrumb","itemListElement":[{"@type":"ListItem","position":1,"name":"Home","item":"https:\/\/redelog.rj.gov.br\/redelog\/"},{"@type":"ListItem","position":2,"name":"DECRETO N\u00ba 46.339, DE 15 DE JUNHO DE 2018"}]},{"@type":"WebSite","@id":"https:\/\/redelog.rj.gov.br\/redelog\/#website","url":"https:\/\/redelog.rj.gov.br\/redelog\/","name":"Redelog","description":"Site da Rede de Log\u00edstica e Planejamento do Estado do Rio de Janeiro","publisher":{"@id":"https:\/\/redelog.rj.gov.br\/redelog\/#organization"},"potentialAction":[{"@type":"SearchAction","target":{"@type":"EntryPoint","urlTemplate":"https:\/\/redelog.rj.gov.br\/redelog\/?s={search_term_string}"},"query-input":{"@type":"PropertyValueSpecification","valueRequired":true,"valueName":"search_term_string"}}],"inLanguage":"pt-BR"},{"@type":"Organization","@id":"https:\/\/redelog.rj.gov.br\/redelog\/#organization","name":"REDELOG","url":"https:\/\/redelog.rj.gov.br\/redelog\/","logo":{"@type":"ImageObject","inLanguage":"pt-BR","@id":"https:\/\/redelog.rj.gov.br\/redelog\/#\/schema\/logo\/image\/","url":"http:\/\/10.10.8.100:8888\/redelog\/wp-content\/uploads\/2019\/09\/Redelog2.png","contentUrl":"http:\/\/10.10.8.100:8888\/redelog\/wp-content\/uploads\/2019\/09\/Redelog2.png","width":565,"height":155,"caption":"REDELOG"},"image":{"@id":"https:\/\/redelog.rj.gov.br\/redelog\/#\/schema\/logo\/image\/"}},{"@type":"Person","@id":"https:\/\/redelog.rj.gov.br\/redelog\/#\/schema\/person\/1299ae2b7bfb510dd74c28ed239470fb","name":"alheiro","image":{"@type":"ImageObject","inLanguage":"pt-BR","@id":"https:\/\/redelog.rj.gov.br\/redelog\/#\/schema\/person\/image\/","url":"https:\/\/secure.gravatar.com\/avatar\/682da79d56fd06a1a63ccaa75b42ffe0c9b0609a62bc395d810f23f98140dcae?s=96&d=mm&r=g","contentUrl":"https:\/\/secure.gravatar.com\/avatar\/682da79d56fd06a1a63ccaa75b42ffe0c9b0609a62bc395d810f23f98140dcae?s=96&d=mm&r=g","caption":"alheiro"},"sameAs":["http:\/\/10.9.108.118:3000\/redelog"],"url":"https:\/\/redelog.rj.gov.br\/redelog\/author\/alheiro\/"}]}},"_links":{"self":[{"href":"https:\/\/redelog.rj.gov.br\/redelog\/wp-json\/wp\/v2\/posts\/9052","targetHints":{"allow":["GET"]}}],"collection":[{"href":"https:\/\/redelog.rj.gov.br\/redelog\/wp-json\/wp\/v2\/posts"}],"about":[{"href":"https:\/\/redelog.rj.gov.br\/redelog\/wp-json\/wp\/v2\/types\/post"}],"author":[{"embeddable":true,"href":"https:\/\/redelog.rj.gov.br\/redelog\/wp-json\/wp\/v2\/users\/1"}],"replies":[{"embeddable":true,"href":"https:\/\/redelog.rj.gov.br\/redelog\/wp-json\/wp\/v2\/comments?post=9052"}],"version-history":[{"count":34,"href":"https:\/\/redelog.rj.gov.br\/redelog\/wp-json\/wp\/v2\/posts\/9052\/revisions"}],"predecessor-version":[{"id":16030,"href":"https:\/\/redelog.rj.gov.br\/redelog\/wp-json\/wp\/v2\/posts\/9052\/revisions\/16030"}],"wp:attachment":[{"href":"https:\/\/redelog.rj.gov.br\/redelog\/wp-json\/wp\/v2\/media?parent=9052"}],"wp:term":[{"taxonomy":"category","embeddable":true,"href":"https:\/\/redelog.rj.gov.br\/redelog\/wp-json\/wp\/v2\/categories?post=9052"},{"taxonomy":"post_tag","embeddable":true,"href":"https:\/\/redelog.rj.gov.br\/redelog\/wp-json\/wp\/v2\/tags?post=9052"}],"curies":[{"name":"wp","href":"https:\/\/api.w.org\/{rel}","templated":true}]}}