{"id":9048,"date":"2022-01-12T11:25:09","date_gmt":"2022-01-12T14:25:09","guid":{"rendered":"http:\/\/10.11.80.6\/redelog\/?p=9048"},"modified":"2022-02-24T13:50:44","modified_gmt":"2022-02-24T16:50:44","slug":"decreto-47329","status":"publish","type":"post","link":"https:\/\/redelog.rj.gov.br\/redelog\/decreto-47329\/","title":{"rendered":"DECRETO N\u00ba 47.329, DE 21 DE OUTUBRO DE 2020"},"content":{"rendered":"\t\t<div data-elementor-type=\"wp-post\" data-elementor-id=\"9048\" class=\"elementor elementor-9048\" data-elementor-post-type=\"post\">\n\t\t\t\t\t\t<section class=\"elementor-section elementor-top-section elementor-element elementor-element-3c0936f elementor-section-boxed elementor-section-height-default elementor-section-height-default\" data-id=\"3c0936f\" data-element_type=\"section\" data-settings=\"{&quot;jet_parallax_layout_list&quot;:[{&quot;jet_parallax_layout_image&quot;:{&quot;url&quot;:&quot;&quot;,&quot;id&quot;:&quot;&quot;,&quot;size&quot;:&quot;&quot;},&quot;_id&quot;:&quot;c6b83c7&quot;,&quot;jet_parallax_layout_image_tablet&quot;:{&quot;url&quot;:&quot;&quot;,&quot;id&quot;:&quot;&quot;,&quot;size&quot;:&quot;&quot;},&quot;jet_parallax_layout_image_mobile&quot;:{&quot;url&quot;:&quot;&quot;,&quot;id&quot;:&quot;&quot;,&quot;size&quot;:&quot;&quot;},&quot;jet_parallax_layout_speed&quot;:{&quot;unit&quot;:&quot;%&quot;,&quot;size&quot;:50,&quot;sizes&quot;:[]},&quot;jet_parallax_layout_type&quot;:&quot;scroll&quot;,&quot;jet_parallax_layout_direction&quot;:&quot;1&quot;,&quot;jet_parallax_layout_fx_direction&quot;:null,&quot;jet_parallax_layout_z_index&quot;:&quot;&quot;,&quot;jet_parallax_layout_bg_x&quot;:50,&quot;jet_parallax_layout_bg_x_tablet&quot;:&quot;&quot;,&quot;jet_parallax_layout_bg_x_mobile&quot;:&quot;&quot;,&quot;jet_parallax_layout_bg_y&quot;:50,&quot;jet_parallax_layout_bg_y_tablet&quot;:&quot;&quot;,&quot;jet_parallax_layout_bg_y_mobile&quot;:&quot;&quot;,&quot;jet_parallax_layout_bg_size&quot;:&quot;auto&quot;,&quot;jet_parallax_layout_bg_size_tablet&quot;:&quot;&quot;,&quot;jet_parallax_layout_bg_size_mobile&quot;:&quot;&quot;,&quot;jet_parallax_layout_animation_prop&quot;:&quot;transform&quot;,&quot;jet_parallax_layout_on&quot;:[&quot;desktop&quot;,&quot;tablet&quot;]}]}\">\n\t\t\t\t\t\t<div class=\"elementor-container elementor-column-gap-default\">\n\t\t\t\t\t<div class=\"elementor-column elementor-col-100 elementor-top-column elementor-element elementor-element-9c3380c\" data-id=\"9c3380c\" data-element_type=\"column\">\n\t\t\t<div class=\"elementor-widget-wrap elementor-element-populated\">\n\t\t\t\t\t\t<section class=\"elementor-section elementor-inner-section elementor-element elementor-element-b5682e0 elementor-section-boxed elementor-section-height-default elementor-section-height-default\" data-id=\"b5682e0\" data-element_type=\"section\" data-settings=\"{&quot;jet_parallax_layout_list&quot;:[{&quot;jet_parallax_layout_image&quot;:{&quot;url&quot;:&quot;&quot;,&quot;id&quot;:&quot;&quot;,&quot;size&quot;:&quot;&quot;},&quot;_id&quot;:&quot;7987917&quot;,&quot;jet_parallax_layout_image_tablet&quot;:{&quot;url&quot;:&quot;&quot;,&quot;id&quot;:&quot;&quot;,&quot;size&quot;:&quot;&quot;},&quot;jet_parallax_layout_image_mobile&quot;:{&quot;url&quot;:&quot;&quot;,&quot;id&quot;:&quot;&quot;,&quot;size&quot;:&quot;&quot;},&quot;jet_parallax_layout_speed&quot;:{&quot;unit&quot;:&quot;%&quot;,&quot;size&quot;:50,&quot;sizes&quot;:[]},&quot;jet_parallax_layout_type&quot;:&quot;scroll&quot;,&quot;jet_parallax_layout_direction&quot;:&quot;1&quot;,&quot;jet_parallax_layout_fx_direction&quot;:null,&quot;jet_parallax_layout_z_index&quot;:&quot;&quot;,&quot;jet_parallax_layout_bg_x&quot;:50,&quot;jet_parallax_layout_bg_x_tablet&quot;:&quot;&quot;,&quot;jet_parallax_layout_bg_x_mobile&quot;:&quot;&quot;,&quot;jet_parallax_layout_bg_y&quot;:50,&quot;jet_parallax_layout_bg_y_tablet&quot;:&quot;&quot;,&quot;jet_parallax_layout_bg_y_mobile&quot;:&quot;&quot;,&quot;jet_parallax_layout_bg_size&quot;:&quot;auto&quot;,&quot;jet_parallax_layout_bg_size_tablet&quot;:&quot;&quot;,&quot;jet_parallax_layout_bg_size_mobile&quot;:&quot;&quot;,&quot;jet_parallax_layout_animation_prop&quot;:&quot;transform&quot;,&quot;jet_parallax_layout_on&quot;:[&quot;desktop&quot;,&quot;tablet&quot;]}]}\">\n\t\t\t\t\t\t<div class=\"elementor-container elementor-column-gap-default\">\n\t\t\t\t\t<div class=\"elementor-column elementor-col-50 elementor-inner-column elementor-element elementor-element-664f635\" data-id=\"664f635\" data-element_type=\"column\">\n\t\t\t<div class=\"elementor-widget-wrap\">\n\t\t\t\t\t\t\t<\/div>\n\t\t<\/div>\n\t\t\t\t<div class=\"elementor-column elementor-col-50 elementor-inner-column elementor-element elementor-element-21da407\" data-id=\"21da407\" data-element_type=\"column\">\n\t\t\t<div class=\"elementor-widget-wrap elementor-element-populated\">\n\t\t\t\t\t\t<div class=\"elementor-element elementor-element-d5900b1 elementor-widget elementor-widget-text-editor\" data-id=\"d5900b1\" data-element_type=\"widget\" data-widget_type=\"text-editor.default\">\n\t\t\t\t\t\t\t\t\t<p style=\"text-align: justify;\"><strong>INSTITUI O COMIT\u00ca DE PROGRAMA\u00c7\u00c3O DAS <\/strong><strong>DESPESAS P\u00daBLICAS (CPDP) DO ESTADO <\/strong><strong>DO RIO DE JANEIRO, E D\u00c1 OUTRAS PROVID\u00caNCIAS.<\/strong><\/p>\t\t\t\t\t\t\t\t<\/div>\n\t\t\t\t\t<\/div>\n\t\t<\/div>\n\t\t\t\t\t<\/div>\n\t\t<\/section>\n\t\t\t\t\t<\/div>\n\t\t<\/div>\n\t\t\t\t\t<\/div>\n\t\t<\/section>\n\t\t\t\t<section class=\"elementor-section elementor-top-section elementor-element elementor-element-62284e5 elementor-section-boxed elementor-section-height-default elementor-section-height-default\" data-id=\"62284e5\" data-element_type=\"section\" data-settings=\"{&quot;jet_parallax_layout_list&quot;:[{&quot;jet_parallax_layout_image&quot;:{&quot;url&quot;:&quot;&quot;,&quot;id&quot;:&quot;&quot;,&quot;size&quot;:&quot;&quot;},&quot;_id&quot;:&quot;0558f51&quot;,&quot;jet_parallax_layout_image_tablet&quot;:{&quot;url&quot;:&quot;&quot;,&quot;id&quot;:&quot;&quot;,&quot;size&quot;:&quot;&quot;},&quot;jet_parallax_layout_image_mobile&quot;:{&quot;url&quot;:&quot;&quot;,&quot;id&quot;:&quot;&quot;,&quot;size&quot;:&quot;&quot;},&quot;jet_parallax_layout_speed&quot;:{&quot;unit&quot;:&quot;%&quot;,&quot;size&quot;:50,&quot;sizes&quot;:[]},&quot;jet_parallax_layout_type&quot;:&quot;scroll&quot;,&quot;jet_parallax_layout_direction&quot;:&quot;1&quot;,&quot;jet_parallax_layout_fx_direction&quot;:null,&quot;jet_parallax_layout_z_index&quot;:&quot;&quot;,&quot;jet_parallax_layout_bg_x&quot;:50,&quot;jet_parallax_layout_bg_x_tablet&quot;:&quot;&quot;,&quot;jet_parallax_layout_bg_x_mobile&quot;:&quot;&quot;,&quot;jet_parallax_layout_bg_y&quot;:50,&quot;jet_parallax_layout_bg_y_tablet&quot;:&quot;&quot;,&quot;jet_parallax_layout_bg_y_mobile&quot;:&quot;&quot;,&quot;jet_parallax_layout_bg_size&quot;:&quot;auto&quot;,&quot;jet_parallax_layout_bg_size_tablet&quot;:&quot;&quot;,&quot;jet_parallax_layout_bg_size_mobile&quot;:&quot;&quot;,&quot;jet_parallax_layout_animation_prop&quot;:&quot;transform&quot;,&quot;jet_parallax_layout_on&quot;:[&quot;desktop&quot;,&quot;tablet&quot;]}]}\">\n\t\t\t\t\t\t<div class=\"elementor-container elementor-column-gap-default\">\n\t\t\t\t\t<div class=\"elementor-column elementor-col-100 elementor-top-column elementor-element elementor-element-33fe6d6\" data-id=\"33fe6d6\" data-element_type=\"column\">\n\t\t\t<div class=\"elementor-widget-wrap elementor-element-populated\">\n\t\t\t\t\t\t<div class=\"elementor-element elementor-element-bd54cb1 elementor-widget elementor-widget-text-editor\" data-id=\"bd54cb1\" data-element_type=\"widget\" data-widget_type=\"text-editor.default\">\n\t\t\t\t\t\t\t\t\t<p><strong>O GOVERNADOR DO ESTADO DO RIO DE JANEIRO<\/strong>, no uso de suas atribui\u00e7\u00f5es legais,<\/p><p><strong>CONSIDERANDO<\/strong>:<\/p><p>&#8211; o disposto nos artigos 163 a 169 da Constitui\u00e7\u00e3o Federal;<\/p><p>&#8211; o disposto na Lei Federal n\u00ba 4.320\/64;<\/p><p>&#8211; o disposto no art. 1\u00ba, \u00a7 1\u00ba da Lei Complementar Federal n\u00ba 101\/2000;<\/p><p>&#8211; o disposto no art. 5\u00ba, da Lei Federal n\u00ba 8.666\/93;<\/p><p>&#8211; o disposto na Lei Federal n\u00ba 13.303\/2016;<\/p><p>&#8211; a ades\u00e3o do Estado do Rio de Janeiro ao Regime de Recupera\u00e7\u00e3o Fiscal, nos termos da Lei Complementar Federal n\u00b0 159, de 19 de maio de 2017;<\/p><p>&#8211; o disposto na Lei Estadual n\u00ba 287\/79;<\/p><p>&#8211; a situa\u00e7\u00e3o de calamidade p\u00fablica nacional reconhecida pelo Decreto Legislativo n\u00ba 06, de 20 de mar\u00e7o de 2020;<\/p><p>&#8211; a situa\u00e7\u00e3o de calamidade financeira do Estado do Rio de Janeiro, nos termos da Lei n\u00ba 7.483, de 08 de novembro de 2016, atualizada pela Lei n\u00ba 8.272, de 27 de dezembro de 2018 e pelo do Decreto n\u00ba 45.692, de 17 de junho de 2016;<\/p><p>&#8211; as normas e diretrizes fiscais no \u00e2mbito do Regime de Recupera\u00e7\u00e3o Fiscal do Estado do Rio de Janeiro, nos termos da Lei Complementar Estadual n\u00ba 176, de 30 de junho de 2017; e<\/p><p>&#8211; a Decis\u00e3o do Tribunal de Contas do Estado do Rio de Janeiro (TCE\/RJ) no Processo n\u00b0 105.853-0\/17 sobre a necessidade de estabelecer crit\u00e9rios objetivos referentes ao macroprocesso de pagamentos, em especial aqueles que tratem de Despesas de Exerc\u00edcios Anteriores e Restos a Pagar Processados;<\/p><p style=\"text-align: center;\"><strong>CAP\u00cdTULO I<\/strong><\/p><p style=\"text-align: center;\"><strong>DISPOSI\u00c7\u00d5ES PRELIMINARES<\/strong><\/p><p><strong>Art. 1\u00ba<\/strong> &#8211; Ficam institu\u00eddos mecanismos excepcionais de organiza\u00e7\u00e3o dos pagamentos no \u00e2mbito do Estado do Rio de Janeiro com o objetivo de adequar as limita\u00e7\u00f5es do fluxo de caixa \u00e0s obriga\u00e7\u00f5es.<\/p><p>1\u00ba &#8211; A constru\u00e7\u00e3o dos mecanismos excepcionais de pagamento est\u00e1 orientada pelos princ\u00edpios da garantia do interesse p\u00fablico, da sustentabilidade econ\u00f4mico-financeira, da transpar\u00eancia das contas p\u00fablicas e da celeridade das decis\u00f5es administrativas, princ\u00edpios que dever\u00e3o ser observados em toda e qualquer normatiza\u00e7\u00e3o complementar ao presente Decreto.<\/p><p>2\u00ba &#8211; Est\u00e3o sujeitos \u00e0s determina\u00e7\u00f5es deste Decreto todos os \u00f3rg\u00e3os, entidades e fundos do Poder Executivo Estadual, salvo as empresas estatais n\u00e3o dependentes.<\/p><p style=\"text-align: center;\"><strong>CAP\u00cdTULO II<\/strong><\/p><p style=\"text-align: center;\"><strong>DO COMIT\u00ca DE PROGRAMA\u00c7\u00c3O DAS DESPESAS P\u00daBLICAS DO ESTADO DO RIO DE JANEIRO<\/strong><\/p><p><strong>Art. 2\u00ba<\/strong> &#8211; Fica institu\u00eddo o Comit\u00ea de Programa\u00e7\u00e3o das Despesas P\u00fablicas do Estado do Rio de Janeiro &#8211; CPDP, com a seguinte composi\u00e7\u00e3o:<\/p><p>I &#8211; Governador do Estado do Rio de Janeiro<\/p><p>II &#8211; Secret\u00e1rio de Estado da Casa Civil<\/p><p>III &#8211; Secret\u00e1rio de Estado de Fazenda;<\/p><p>IV &#8211; Secret\u00e1rio de Estado de Planejamento e Gest\u00e3o.<\/p><p>\u00a7 1\u00ba &#8211; O CPDP ser\u00e1 conduzido pelas autoridades nominadas nos itens I, II, III e IV acima, cabendo ao Chefe do Executivo a Presid\u00eancia e \u00e0 Secretaria de Estado de Fazenda &#8211; SEFAZ a Secretaria Executiva.<\/p><p>\u00a7 2\u00ba &#8211; Os membros do CPPDP dever\u00e3o indicar, cada um, dois servidores de seus quadros para atua\u00e7\u00e3o no CPDP, os quais poder\u00e3o atuar na condi\u00e7\u00e3o de suplentes em situa\u00e7\u00f5es de aus\u00eancia da autoridade nomeada ou nos casos de convoca\u00e7\u00e3o da Presid\u00eancia para amplia\u00e7\u00e3o dos trabalhos de compet\u00eancia da CPDP.<\/p><p>\u00a7 3\u00ba &#8211; A fun\u00e7\u00e3o desempenhada pelos membros do Comit\u00ea n\u00e3o ser\u00e1 remunerada, a qualquer t\u00edtulo, considerando-se seu exerc\u00edcio de relevante interesse p\u00fablico.<\/p><p><strong>Art. 3\u00ba<\/strong> &#8211; Compete ao CPDP:<\/p><p>I &#8211; opinar quanto ao montante de Restos a Pagar &#8211; RP e de despesas do exerc\u00edcio a ser pago no exerc\u00edcio;<\/p><p>II &#8211; deliberar previamente sobre o pagamento de RP;<\/p><p>III &#8211; avaliar e deliberar previamente sobre a oportunidade e conveni\u00eancia de contrata\u00e7\u00f5es reguladas pela Lei n\u00ba 8666, de 21 de julho de 1993;<\/p><p>IV &#8211; Opinar previamente \u00e0 celebra\u00e7\u00e3o de conv\u00eanios que importem em despesas com repasse de recursos financeiros com contrapartida do Estado do Rio de Janeiro, excetuadas as celebra\u00e7\u00f5es resultantes de emendas impositivas a Projeto de Lei Or\u00e7ament\u00e1ria;<\/p><p>V &#8211; opinar previamente sobre novas autoriza\u00e7\u00f5es de aporte em conv\u00eanios firmados com a Uni\u00e3o e demais entes p\u00fablicos, que impliquem em transfer\u00eancia de recursos do Governo do Estado do Rio de Janeiro;<\/p><p>VI &#8211; regulamentar o pagamento de Despesas de Exerc\u00edcios Anteriores (DEA), Termos de Ajuste e de Reconhecimento de D\u00edvidas.<\/p><p>VII &#8211; definir seu Regimento Interno.<\/p><p>\u00a7 1\u00ba &#8211; As manifesta\u00e7\u00f5es de que trata o artigo poder\u00e3o ter delimita\u00e7\u00f5es definidas pelo CPPDP, em ato pr\u00f3prio, tais como:<\/p><p>I &#8211; valor;<\/p><p>II &#8211; objeto;<\/p><p>III &#8211; outras que julgar relevantes.<\/p><p>\u00a7 2\u00ba &#8211; As manifesta\u00e7\u00f5es e delibera\u00e7\u00f5es do CPDP em nenhuma hip\u00f3tese avocam ou atribuem para seus integrantes, quaisquer das responsabilidades impl\u00edcitas e explicitas dos ordenadores de despesas naturais respons\u00e1veis pelos atos administrativos trazidos \u00e0 aprecia\u00e7\u00e3o do CPDP.<\/p><p><strong>Art. 4\u00ba<\/strong> &#8211; A inobserv\u00e2ncia deste Decreto quanto \u00e0 necessidade de an\u00e1lise e manifesta\u00e7\u00e3o pr\u00e9via do CPDP, em quaisquer das compet\u00eancias a ele atribu\u00eddas ensejar\u00e1 a apura\u00e7\u00e3o de eventual responsabilidade dos respectivos ordenadores de despesa quanto ao seu cumprimento e poder\u00e1 resultar na declara\u00e7\u00e3o de nulidade do respectivo ato administrativo bem como de todos os outros a ele sequenciados.<\/p><p><strong>Par\u00e1grafo \u00danico<\/strong> &#8211; Os representantes do Estado perante empresas por este controladas, os representantes do Estado junto \u00e0s funda\u00e7\u00f5es institu\u00eddas e mantidas pelo Poder P\u00fablico, bem como os ordenadores de despesas e respons\u00e1veis financeiros dos \u00f3rg\u00e3os e entidades p\u00fablicas do Estado dever\u00e3o adotar as provid\u00eancias cab\u00edveis visando a aplica\u00e7\u00e3o do disposto neste decreto, no que couber, sob pena de responsabiliza\u00e7\u00e3o.<\/p><p><strong>Art. 5\u00ba<\/strong> &#8211; Compete \u00e0 Secretaria Executiva do CPDP:<\/p><p>I &#8211; comunicar aos integrantes do CPDP a data, a hora e o local das reuni\u00f5es ordin\u00e1rias e extraordin\u00e1rias;<\/p><p>II &#8211; organizar e enviar a pauta das reuni\u00f5es aos integrantes do CPDP;<\/p><p>III &#8211; prover os servi\u00e7os de secretaria nas reuni\u00f5es do CPDP, elaborando atas e demais documentos pertinentes a sua atribui\u00e7\u00e3o;<\/p><p>IV &#8211; manter arquivo e ement\u00e1rio de assuntos de interesse do CPDP, bem como das decis\u00f5es adotadas em suas reuni\u00f5es;<\/p><p>V &#8211; providenciar a assinatura dos participantes das reuni\u00f5es nas atas, ap\u00f3s sua aprova\u00e7\u00e3o pelo colegiado;<\/p><p>VI &#8211; encaminhar aos integrantes do CPDP c\u00f3pia das atas das reuni\u00f5es;<\/p><p>VII &#8211; consolidar os trabalhos que subsidiar\u00e3o \u00e0s discuss\u00f5es das reuni\u00f5es; e<\/p><p>VIII &#8211; praticar os demais atos administrativos e operacionais necess\u00e1rios ao funcionamento do CPDP.<\/p><p><strong>Par\u00e1grafo \u00danico<\/strong> &#8211; A Secretaria Executiva estabelecer\u00e1 por ato pr\u00f3prio o fluxo processual do CPDP.<\/p><p><strong>Art. 6\u00ba<\/strong> &#8211; As delibera\u00e7\u00f5es, manifesta\u00e7\u00f5es e regulamenta\u00e7\u00f5es do CPDP ser\u00e3o adotadas preferencialmente por unanimidade.<\/p><p>\u00a7 1\u00ba &#8211; Havendo voto dissonante dever\u00e1 o mesmo ter suas raz\u00f5es consignada na ata da respectiva sess\u00e3o.<\/p><p>\u00a7 2\u00ba &#8211; Havendo empate na contagem dos votos ser\u00e1 atribu\u00eddo peso 02 (dois) ao voto da Presid\u00eancia.<\/p><p>\u00a7 3\u00ba &#8211; As manifesta\u00e7\u00f5es e delibera\u00e7\u00f5es referidas no caput ser\u00e3o consubstanciadas em ata;<\/p><p><strong>Art. 7\u00ba<\/strong> &#8211; As reuni\u00f5es do CPDP poder\u00e3o ser convocadas a pedido de quaisquer de seus membros, desde que o pedido seja acolhido pelo Presidente.<\/p><p><strong>Art. 8\u00ba<\/strong> &#8211; Os titulares de \u00f3rg\u00e3os e entidades da Administra\u00e7\u00e3o P\u00fablica Estadual poder\u00e3o submeter ao CPDP proposi\u00e7\u00f5es, relat\u00f3rios, estudos, informa\u00e7\u00f5es e documentos necess\u00e1rios \u00e0 formula\u00e7\u00e3o de orienta\u00e7\u00f5es quanto ao atendimento deste Decreto e de sua regular normatiza\u00e7\u00e3o.<\/p><p><strong>Art. 9\u00ba<\/strong> &#8211; O CPDP poder\u00e1 solicitar aos \u00f3rg\u00e3os e entidades da Administra\u00e7\u00e3o P\u00fablica Estadual informa\u00e7\u00f5es e documentos para subsidiar as suas manifesta\u00e7\u00f5es.<\/p><p><strong>Art. 10<\/strong> &#8211; O CPDP poder\u00e1 solicitar, sempre que julgar necess\u00e1rio, o comparecimento \u00e0s suas reuni\u00f5es de representantes de outros \u00f3rg\u00e3os e entidades da Administra\u00e7\u00e3o P\u00fablica Estadual para dirimir d\u00favidas e\/ou prestar esclarecimentos.<\/p><p><del>Art. 11 &#8211; O CPDP dever\u00e1 regulamentar este Decreto no prazo de 30 (trinta) dias.<\/del><\/p><p><strong>Art. 11 &#8211;<\/strong> O CPDP dever\u00e1 regulamentar este Decreto no prazo de 90 (noventa) dias. (<em>Prazo alterado pelo Decreto n\u00ba 47.367, de 18 de novembro de 2020)<\/em><\/p><p style=\"text-align: center;\"><strong>CAP\u00cdTULO III<\/strong><\/p><p style=\"text-align: center;\"><strong>DISPOSI\u00c7\u00d5ES FINAIS<\/strong><\/p><p><strong>Art. 12<\/strong> &#8211; At\u00e9 que seja efetivada, dentro do prazo previsto no artigo 11, a necess\u00e1ria regulamenta\u00e7\u00e3o deste Decreto, ficam suspensos os pagamentos de RP e DEA anteriores ao exerc\u00edcio de 2019, excetuando-se despesas de pessoal, e autorizados os pagamentos das despesas do exerc\u00edcio corrente, na ordem cronol\u00f3gica da liquida\u00e7\u00e3o da despesa, respeitadas as respectivas cotas financeiras.<\/p><p><strong>Art. 13<\/strong> &#8211; At\u00e9 a efetiva regulamenta\u00e7\u00e3o deste Decreto as unidades or\u00e7ament\u00e1rias, observadas todas as demais regras legais e procedimentais, poder\u00e3o mediante justificativa expressa do pr\u00f3prio ordenador respons\u00e1vel, determinar a abertura de processos administrativos para contrata\u00e7\u00f5es p\u00fablicas disciplinadas em lei, formalizar novos contratos e tamb\u00e9m termos aditivos em contratos vigentes.<\/p><p><strong>Art. 14<\/strong> &#8211; Este decreto n\u00e3o transfere ao CPDP a responsabilidade dos gestores dos \u00f3rg\u00e3os e entidades do Poder Executivo pelo atendimento e respeito \u00e0s normas e princ\u00edpios legais gerais pertinentes aos processos e atos administrativos de compet\u00eancia.<\/p><p><strong>Art. 15<\/strong> &#8211; Este decreto entra em vigor na data de sua publica\u00e7\u00e3o, ficando revogados os Decretos n\u00b0 47.240, n\u00b0 47.241, de 31 de agosto de 2020 e os arts. 4\u00ba, 8\u00ba e 11 do Decreto n\u00b0 47.242, de 31 de agosto de 2020.<\/p><p style=\"text-align: center;\">Rio de Janeiro, 21 de outubro de 2020<\/p><p style=\"text-align: center;\"><strong>CLAUDIO CASTRO<\/strong><\/p><p style=\"text-align: center;\">Governador em Exerc\u00edcio<\/p><p style=\"text-align: right;\">Id: 2276838<\/p>\t\t\t\t\t\t\t\t<\/div>\n\t\t\t\t\t<\/div>\n\t\t<\/div>\n\t\t\t\t\t<\/div>\n\t\t<\/section>\n\t\t\t\t<section class=\"elementor-section elementor-top-section elementor-element elementor-element-afe4871 elementor-section-boxed elementor-section-height-default elementor-section-height-default\" data-id=\"afe4871\" data-element_type=\"section\" data-settings=\"{&quot;jet_parallax_layout_list&quot;:[{&quot;jet_parallax_layout_image&quot;:{&quot;url&quot;:&quot;&quot;,&quot;id&quot;:&quot;&quot;,&quot;size&quot;:&quot;&quot;},&quot;_id&quot;:&quot;04dd098&quot;,&quot;jet_parallax_layout_image_tablet&quot;:{&quot;url&quot;:&quot;&quot;,&quot;id&quot;:&quot;&quot;,&quot;size&quot;:&quot;&quot;},&quot;jet_parallax_layout_image_mobile&quot;:{&quot;url&quot;:&quot;&quot;,&quot;id&quot;:&quot;&quot;,&quot;size&quot;:&quot;&quot;},&quot;jet_parallax_layout_speed&quot;:{&quot;unit&quot;:&quot;%&quot;,&quot;size&quot;:50,&quot;sizes&quot;:[]},&quot;jet_parallax_layout_type&quot;:&quot;scroll&quot;,&quot;jet_parallax_layout_direction&quot;:&quot;1&quot;,&quot;jet_parallax_layout_fx_direction&quot;:null,&quot;jet_parallax_layout_z_index&quot;:&quot;&quot;,&quot;jet_parallax_layout_bg_x&quot;:50,&quot;jet_parallax_layout_bg_x_tablet&quot;:&quot;&quot;,&quot;jet_parallax_layout_bg_x_mobile&quot;:&quot;&quot;,&quot;jet_parallax_layout_bg_y&quot;:50,&quot;jet_parallax_layout_bg_y_tablet&quot;:&quot;&quot;,&quot;jet_parallax_layout_bg_y_mobile&quot;:&quot;&quot;,&quot;jet_parallax_layout_bg_size&quot;:&quot;auto&quot;,&quot;jet_parallax_layout_bg_size_tablet&quot;:&quot;&quot;,&quot;jet_parallax_layout_bg_size_mobile&quot;:&quot;&quot;,&quot;jet_parallax_layout_animation_prop&quot;:&quot;transform&quot;,&quot;jet_parallax_layout_on&quot;:[&quot;desktop&quot;,&quot;tablet&quot;]}]}\">\n\t\t\t\t\t\t<div class=\"elementor-container elementor-column-gap-default\">\n\t\t\t\t\t<div class=\"elementor-column elementor-col-100 elementor-top-column elementor-element elementor-element-c0bc253\" data-id=\"c0bc253\" data-element_type=\"column\">\n\t\t\t<div class=\"elementor-widget-wrap elementor-element-populated\">\n\t\t\t\t\t\t<div class=\"elementor-element elementor-element-71be423 elementor-widget elementor-widget-text-editor\" data-id=\"71be423\" data-element_type=\"widget\" data-widget_type=\"text-editor.default\">\n\t\t\t\t\t\t\t\t\t<p><em>Publicado no DOE em <strong><a href=\"http:\/\/redelog.rj.gov.br\/redelog\/wp-content\/uploads\/2022\/01\/Decreto-no-47.329-2020-Institui-o-comite-de-programacao-das-despesas.pdf\" target=\"_blank\" rel=\"noopener\">22\/10\/2020<\/a><\/strong>.<\/em><\/p><p><em>Alterado pelo Decreto n\u00ba 47.367, de 18 de novembro de 2020, publicado no DOE em <strong><a href=\"http:\/\/redelog.rj.gov.br\/redelog\/wp-content\/uploads\/2022\/01\/Decreto-no-47.367-2020-Prorroga-o-prazo-regulamentacao-do-Decreto-47.329.pdf\" target=\"_blank\" rel=\"noopener\">19\/11\/2020<\/a><\/strong>.<\/em><\/p>\t\t\t\t\t\t\t\t<\/div>\n\t\t\t\t\t<\/div>\n\t\t<\/div>\n\t\t\t\t\t<\/div>\n\t\t<\/section>\n\t\t\t\t<section class=\"elementor-section elementor-top-section elementor-element elementor-element-d3dde4f elementor-section-boxed elementor-section-height-default elementor-section-height-default\" data-id=\"d3dde4f\" data-element_type=\"section\" data-settings=\"{&quot;jet_parallax_layout_list&quot;:[{&quot;jet_parallax_layout_image&quot;:{&quot;url&quot;:&quot;&quot;,&quot;id&quot;:&quot;&quot;,&quot;size&quot;:&quot;&quot;},&quot;_id&quot;:&quot;ab030fc&quot;,&quot;jet_parallax_layout_image_tablet&quot;:{&quot;url&quot;:&quot;&quot;,&quot;id&quot;:&quot;&quot;,&quot;size&quot;:&quot;&quot;},&quot;jet_parallax_layout_image_mobile&quot;:{&quot;url&quot;:&quot;&quot;,&quot;id&quot;:&quot;&quot;,&quot;size&quot;:&quot;&quot;},&quot;jet_parallax_layout_speed&quot;:{&quot;unit&quot;:&quot;%&quot;,&quot;size&quot;:50,&quot;sizes&quot;:[]},&quot;jet_parallax_layout_type&quot;:&quot;scroll&quot;,&quot;jet_parallax_layout_direction&quot;:&quot;1&quot;,&quot;jet_parallax_layout_fx_direction&quot;:null,&quot;jet_parallax_layout_z_index&quot;:&quot;&quot;,&quot;jet_parallax_layout_bg_x&quot;:50,&quot;jet_parallax_layout_bg_x_tablet&quot;:&quot;&quot;,&quot;jet_parallax_layout_bg_x_mobile&quot;:&quot;&quot;,&quot;jet_parallax_layout_bg_y&quot;:50,&quot;jet_parallax_layout_bg_y_tablet&quot;:&quot;&quot;,&quot;jet_parallax_layout_bg_y_mobile&quot;:&quot;&quot;,&quot;jet_parallax_layout_bg_size&quot;:&quot;auto&quot;,&quot;jet_parallax_layout_bg_size_tablet&quot;:&quot;&quot;,&quot;jet_parallax_layout_bg_size_mobile&quot;:&quot;&quot;,&quot;jet_parallax_layout_animation_prop&quot;:&quot;transform&quot;,&quot;jet_parallax_layout_on&quot;:[&quot;desktop&quot;,&quot;tablet&quot;]}]}\">\n\t\t\t\t\t\t<div class=\"elementor-container elementor-column-gap-default\">\n\t\t\t\t\t<div class=\"elementor-column elementor-col-100 elementor-top-column elementor-element elementor-element-a7db900\" data-id=\"a7db900\" data-element_type=\"column\">\n\t\t\t<div class=\"elementor-widget-wrap elementor-element-populated\">\n\t\t\t\t\t\t<div class=\"elementor-element elementor-element-3e28749 elementor-widget-divider--view-line elementor-widget elementor-widget-divider\" data-id=\"3e28749\" data-element_type=\"widget\" data-widget_type=\"divider.default\">\n\t\t\t\t\t\t\t<div class=\"elementor-divider\">\n\t\t\t<span class=\"elementor-divider-separator\">\n\t\t\t\t\t\t<\/span>\n\t\t<\/div>\n\t\t\t\t\t\t<\/div>\n\t\t\t\t\t<\/div>\n\t\t<\/div>\n\t\t\t\t\t<\/div>\n\t\t<\/section>\n\t\t\t\t<section class=\"elementor-section elementor-top-section elementor-element elementor-element-d7c0e6f elementor-section-boxed elementor-section-height-default elementor-section-height-default\" data-id=\"d7c0e6f\" data-element_type=\"section\" id=\"options\" data-settings=\"{&quot;jet_parallax_layout_list&quot;:[{&quot;jet_parallax_layout_image&quot;:{&quot;url&quot;:&quot;&quot;,&quot;id&quot;:&quot;&quot;,&quot;size&quot;:&quot;&quot;},&quot;_id&quot;:&quot;19d7213&quot;,&quot;jet_parallax_layout_image_tablet&quot;:{&quot;url&quot;:&quot;&quot;,&quot;id&quot;:&quot;&quot;,&quot;size&quot;:&quot;&quot;},&quot;jet_parallax_layout_image_mobile&quot;:{&quot;url&quot;:&quot;&quot;,&quot;id&quot;:&quot;&quot;,&quot;size&quot;:&quot;&quot;},&quot;jet_parallax_layout_speed&quot;:{&quot;unit&quot;:&quot;%&quot;,&quot;size&quot;:50,&quot;sizes&quot;:[]},&quot;jet_parallax_layout_type&quot;:&quot;scroll&quot;,&quot;jet_parallax_layout_direction&quot;:&quot;1&quot;,&quot;jet_parallax_layout_fx_direction&quot;:null,&quot;jet_parallax_layout_z_index&quot;:&quot;&quot;,&quot;jet_parallax_layout_bg_x&quot;:50,&quot;jet_parallax_layout_bg_x_tablet&quot;:&quot;&quot;,&quot;jet_parallax_layout_bg_x_mobile&quot;:&quot;&quot;,&quot;jet_parallax_layout_bg_y&quot;:50,&quot;jet_parallax_layout_bg_y_tablet&quot;:&quot;&quot;,&quot;jet_parallax_layout_bg_y_mobile&quot;:&quot;&quot;,&quot;jet_parallax_layout_bg_size&quot;:&quot;auto&quot;,&quot;jet_parallax_layout_bg_size_tablet&quot;:&quot;&quot;,&quot;jet_parallax_layout_bg_size_mobile&quot;:&quot;&quot;,&quot;jet_parallax_layout_animation_prop&quot;:&quot;transform&quot;,&quot;jet_parallax_layout_on&quot;:[&quot;desktop&quot;,&quot;tablet&quot;]}]}\">\n\t\t\t\t\t\t<div class=\"elementor-container elementor-column-gap-default\">\n\t\t\t\t\t<div class=\"elementor-column elementor-col-100 elementor-top-column elementor-element elementor-element-85ee260\" data-id=\"85ee260\" data-element_type=\"column\">\n\t\t\t<div class=\"elementor-widget-wrap elementor-element-populated\">\n\t\t\t\t\t\t<div class=\"elementor-element elementor-element-3904acd elementor-widget elementor-widget-shortcode\" data-id=\"3904acd\" data-element_type=\"widget\" data-widget_type=\"shortcode.default\">\n\t\t\t\t\t\t\t<div class=\"elementor-shortcode\"><div class='printomatic pom-default ' id='id7107' alt='Imprimir' title='Imprimir' data-print_target='#post-9048'><\/div> <div class='printomatictext' id='id7107' alt='Imprimir' title='Imprimir' data-print_target='#post-9048'>Imprimir<\/div><div style='clear: both;'><\/div><\/div>\n\t\t\t\t\t\t<\/div>\n\t\t\t\t<section class=\"elementor-section elementor-inner-section elementor-element elementor-element-ee35bfb elementor-section-boxed elementor-section-height-default elementor-section-height-default\" data-id=\"ee35bfb\" data-element_type=\"section\" data-settings=\"{&quot;jet_parallax_layout_list&quot;:[{&quot;jet_parallax_layout_image&quot;:{&quot;url&quot;:&quot;&quot;,&quot;id&quot;:&quot;&quot;,&quot;size&quot;:&quot;&quot;},&quot;_id&quot;:&quot;ccec7d1&quot;,&quot;jet_parallax_layout_image_tablet&quot;:{&quot;url&quot;:&quot;&quot;,&quot;id&quot;:&quot;&quot;,&quot;size&quot;:&quot;&quot;},&quot;jet_parallax_layout_image_mobile&quot;:{&quot;url&quot;:&quot;&quot;,&quot;id&quot;:&quot;&quot;,&quot;size&quot;:&quot;&quot;},&quot;jet_parallax_layout_speed&quot;:{&quot;unit&quot;:&quot;%&quot;,&quot;size&quot;:50,&quot;sizes&quot;:[]},&quot;jet_parallax_layout_type&quot;:&quot;scroll&quot;,&quot;jet_parallax_layout_direction&quot;:&quot;1&quot;,&quot;jet_parallax_layout_fx_direction&quot;:null,&quot;jet_parallax_layout_z_index&quot;:&quot;&quot;,&quot;jet_parallax_layout_bg_x&quot;:50,&quot;jet_parallax_layout_bg_x_tablet&quot;:&quot;&quot;,&quot;jet_parallax_layout_bg_x_mobile&quot;:&quot;&quot;,&quot;jet_parallax_layout_bg_y&quot;:50,&quot;jet_parallax_layout_bg_y_tablet&quot;:&quot;&quot;,&quot;jet_parallax_layout_bg_y_mobile&quot;:&quot;&quot;,&quot;jet_parallax_layout_bg_size&quot;:&quot;auto&quot;,&quot;jet_parallax_layout_bg_size_tablet&quot;:&quot;&quot;,&quot;jet_parallax_layout_bg_size_mobile&quot;:&quot;&quot;,&quot;jet_parallax_layout_animation_prop&quot;:&quot;transform&quot;,&quot;jet_parallax_layout_on&quot;:[&quot;desktop&quot;,&quot;tablet&quot;]}]}\">\n\t\t\t\t\t\t<div class=\"elementor-container elementor-column-gap-default\">\n\t\t\t\t\t<div class=\"elementor-column elementor-col-50 elementor-inner-column elementor-element elementor-element-807c803\" data-id=\"807c803\" data-element_type=\"column\">\n\t\t\t<div class=\"elementor-widget-wrap elementor-element-populated\">\n\t\t\t\t\t\t<div class=\"elementor-element elementor-element-1589f2f elementor-widget elementor-widget-text-editor\" data-id=\"1589f2f\" data-element_type=\"widget\" data-widget_type=\"text-editor.default\">\n\t\t\t\t\t\t\t\t\t<p><strong><a href=\"http:\/\/redelog.rj.gov.br\/redelog\/legislacao-licitacoes\/\">\u2190 Voltar &#8211; Licita\u00e7\u00f5es<\/a><\/strong><\/p>\t\t\t\t\t\t\t\t<\/div>\n\t\t\t\t\t<\/div>\n\t\t<\/div>\n\t\t\t\t<div class=\"elementor-column elementor-col-50 elementor-inner-column elementor-element elementor-element-fdaaa4d\" data-id=\"fdaaa4d\" data-element_type=\"column\">\n\t\t\t<div class=\"elementor-widget-wrap elementor-element-populated\">\n\t\t\t\t\t\t\t<\/div>\n\t\t<\/div>\n\t\t\t\t\t<\/div>\n\t\t<\/section>\n\t\t\t\t\t<\/div>\n\t\t<\/div>\n\t\t\t\t\t<\/div>\n\t\t<\/section>\n\t\t\t\t<section class=\"elementor-section elementor-top-section elementor-element elementor-element-5d94b22 elementor-section-boxed elementor-section-height-default elementor-section-height-default\" data-id=\"5d94b22\" data-element_type=\"section\" data-settings=\"{&quot;jet_parallax_layout_list&quot;:[{&quot;jet_parallax_layout_image&quot;:{&quot;url&quot;:&quot;&quot;,&quot;id&quot;:&quot;&quot;,&quot;size&quot;:&quot;&quot;},&quot;_id&quot;:&quot;22a0abb&quot;,&quot;jet_parallax_layout_image_tablet&quot;:{&quot;url&quot;:&quot;&quot;,&quot;id&quot;:&quot;&quot;,&quot;size&quot;:&quot;&quot;},&quot;jet_parallax_layout_image_mobile&quot;:{&quot;url&quot;:&quot;&quot;,&quot;id&quot;:&quot;&quot;,&quot;size&quot;:&quot;&quot;},&quot;jet_parallax_layout_speed&quot;:{&quot;unit&quot;:&quot;%&quot;,&quot;size&quot;:50,&quot;sizes&quot;:[]},&quot;jet_parallax_layout_type&quot;:&quot;scroll&quot;,&quot;jet_parallax_layout_direction&quot;:&quot;1&quot;,&quot;jet_parallax_layout_fx_direction&quot;:null,&quot;jet_parallax_layout_z_index&quot;:&quot;&quot;,&quot;jet_parallax_layout_bg_x&quot;:50,&quot;jet_parallax_layout_bg_x_tablet&quot;:&quot;&quot;,&quot;jet_parallax_layout_bg_x_mobile&quot;:&quot;&quot;,&quot;jet_parallax_layout_bg_y&quot;:50,&quot;jet_parallax_layout_bg_y_tablet&quot;:&quot;&quot;,&quot;jet_parallax_layout_bg_y_mobile&quot;:&quot;&quot;,&quot;jet_parallax_layout_bg_size&quot;:&quot;auto&quot;,&quot;jet_parallax_layout_bg_size_tablet&quot;:&quot;&quot;,&quot;jet_parallax_layout_bg_size_mobile&quot;:&quot;&quot;,&quot;jet_parallax_layout_animation_prop&quot;:&quot;transform&quot;,&quot;jet_parallax_layout_on&quot;:[&quot;desktop&quot;,&quot;tablet&quot;]}]}\">\n\t\t\t\t\t\t<div class=\"elementor-container elementor-column-gap-default\">\n\t\t\t\t\t<div class=\"elementor-column elementor-col-100 elementor-top-column elementor-element elementor-element-2c00cc5\" data-id=\"2c00cc5\" data-element_type=\"column\">\n\t\t\t<div class=\"elementor-widget-wrap elementor-element-populated\">\n\t\t\t\t\t\t<div class=\"elementor-element elementor-element-70d0800 elementor-widget elementor-widget-html\" data-id=\"70d0800\" data-element_type=\"widget\" data-widget_type=\"html.default\">\n\t\t\t\t\t<style>\n    h2, .h2-style{\n        font-size: 28px;\n    }\n<\/style>\t\t\t\t<\/div>\n\t\t\t\t\t<\/div>\n\t\t<\/div>\n\t\t\t\t\t<\/div>\n\t\t<\/section>\n\t\t\t\t<\/div>\n\t\t","protected":false},"excerpt":{"rendered":"<p>INSTITUI O COMIT\u00ca DE PROGRAMA\u00c7\u00c3O DAS DESPESAS P\u00daBLICAS (CPDP) DO ESTADO DO RIO DE JANEIRO, E D\u00c1 OUTRAS PROVID\u00caNCIAS. O GOVERNADOR DO ESTADO DO RIO DE JANEIRO, no uso de suas atribui\u00e7\u00f5es legais, CONSIDERANDO: &#8211; o disposto nos artigos 163 a 169 da Constitui\u00e7\u00e3o Federal; &#8211; o disposto na Lei Federal n\u00ba 4.320\/64; &#8211; o [&hellip;]<\/p>\n","protected":false},"author":1,"featured_media":0,"comment_status":"closed","ping_status":"open","sticky":false,"template":"","format":"standard","meta":{"_joinchat":[],"footnotes":""},"categories":[23],"tags":[],"class_list":["post-9048","post","type-post","status-publish","format-standard","hentry","category-cat-legislacao"],"yoast_head":"<!-- This site is optimized with the Yoast SEO plugin v25.7 - https:\/\/yoast.com\/wordpress\/plugins\/seo\/ -->\n<title>DECRETO N\u00ba 47.329, DE 21 DE OUTUBRO DE 2020 - Redelog<\/title>\n<meta name=\"robots\" content=\"index, follow, max-snippet:-1, max-image-preview:large, max-video-preview:-1\" \/>\n<link rel=\"canonical\" href=\"https:\/\/redelog.rj.gov.br\/redelog\/decreto-47329\/\" \/>\n<meta property=\"og:locale\" content=\"pt_BR\" \/>\n<meta property=\"og:type\" content=\"article\" \/>\n<meta property=\"og:title\" content=\"DECRETO N\u00ba 47.329, DE 21 DE OUTUBRO DE 2020 - Redelog\" \/>\n<meta property=\"og:description\" content=\"INSTITUI O COMIT\u00ca DE PROGRAMA\u00c7\u00c3O DAS DESPESAS P\u00daBLICAS (CPDP) DO ESTADO DO RIO DE JANEIRO, E D\u00c1 OUTRAS PROVID\u00caNCIAS. O GOVERNADOR DO ESTADO DO RIO DE JANEIRO, no uso de suas atribui\u00e7\u00f5es legais, CONSIDERANDO: &#8211; o disposto nos artigos 163 a 169 da Constitui\u00e7\u00e3o Federal; &#8211; o disposto na Lei Federal n\u00ba 4.320\/64; &#8211; o [&hellip;]\" \/>\n<meta property=\"og:url\" content=\"https:\/\/redelog.rj.gov.br\/redelog\/decreto-47329\/\" \/>\n<meta property=\"og:site_name\" content=\"Redelog\" \/>\n<meta property=\"article:published_time\" content=\"2022-01-12T14:25:09+00:00\" \/>\n<meta property=\"article:modified_time\" content=\"2022-02-24T16:50:44+00:00\" \/>\n<meta name=\"author\" content=\"alheiro\" \/>\n<meta name=\"twitter:card\" content=\"summary_large_image\" \/>\n<meta name=\"twitter:label1\" content=\"Escrito por\" \/>\n\t<meta name=\"twitter:data1\" content=\"alheiro\" \/>\n\t<meta name=\"twitter:label2\" content=\"Est. tempo de leitura\" \/>\n\t<meta name=\"twitter:data2\" content=\"7 minutos\" \/>\n<script type=\"application\/ld+json\" class=\"yoast-schema-graph\">{\"@context\":\"https:\/\/schema.org\",\"@graph\":[{\"@type\":\"Article\",\"@id\":\"https:\/\/redelog.rj.gov.br\/redelog\/decreto-47329\/#article\",\"isPartOf\":{\"@id\":\"https:\/\/redelog.rj.gov.br\/redelog\/decreto-47329\/\"},\"author\":{\"name\":\"alheiro\",\"@id\":\"https:\/\/redelog.rj.gov.br\/redelog\/#\/schema\/person\/1299ae2b7bfb510dd74c28ed239470fb\"},\"headline\":\"DECRETO N\u00ba 47.329, DE 21 DE OUTUBRO DE 2020\",\"datePublished\":\"2022-01-12T14:25:09+00:00\",\"dateModified\":\"2022-02-24T16:50:44+00:00\",\"mainEntityOfPage\":{\"@id\":\"https:\/\/redelog.rj.gov.br\/redelog\/decreto-47329\/\"},\"wordCount\":1617,\"publisher\":{\"@id\":\"https:\/\/redelog.rj.gov.br\/redelog\/#organization\"},\"articleSection\":[\"Legisla\u00e7\u00e3o\"],\"inLanguage\":\"pt-BR\"},{\"@type\":\"WebPage\",\"@id\":\"https:\/\/redelog.rj.gov.br\/redelog\/decreto-47329\/\",\"url\":\"https:\/\/redelog.rj.gov.br\/redelog\/decreto-47329\/\",\"name\":\"DECRETO N\u00ba 47.329, DE 21 DE OUTUBRO DE 2020 - Redelog\",\"isPartOf\":{\"@id\":\"https:\/\/redelog.rj.gov.br\/redelog\/#website\"},\"datePublished\":\"2022-01-12T14:25:09+00:00\",\"dateModified\":\"2022-02-24T16:50:44+00:00\",\"breadcrumb\":{\"@id\":\"https:\/\/redelog.rj.gov.br\/redelog\/decreto-47329\/#breadcrumb\"},\"inLanguage\":\"pt-BR\",\"potentialAction\":[{\"@type\":\"ReadAction\",\"target\":[\"https:\/\/redelog.rj.gov.br\/redelog\/decreto-47329\/\"]}]},{\"@type\":\"BreadcrumbList\",\"@id\":\"https:\/\/redelog.rj.gov.br\/redelog\/decreto-47329\/#breadcrumb\",\"itemListElement\":[{\"@type\":\"ListItem\",\"position\":1,\"name\":\"Home\",\"item\":\"https:\/\/redelog.rj.gov.br\/redelog\/\"},{\"@type\":\"ListItem\",\"position\":2,\"name\":\"DECRETO N\u00ba 47.329, DE 21 DE OUTUBRO DE 2020\"}]},{\"@type\":\"WebSite\",\"@id\":\"https:\/\/redelog.rj.gov.br\/redelog\/#website\",\"url\":\"https:\/\/redelog.rj.gov.br\/redelog\/\",\"name\":\"Redelog\",\"description\":\"Site da Rede de Log\u00edstica e Planejamento do Estado do Rio de Janeiro\",\"publisher\":{\"@id\":\"https:\/\/redelog.rj.gov.br\/redelog\/#organization\"},\"potentialAction\":[{\"@type\":\"SearchAction\",\"target\":{\"@type\":\"EntryPoint\",\"urlTemplate\":\"https:\/\/redelog.rj.gov.br\/redelog\/?s={search_term_string}\"},\"query-input\":{\"@type\":\"PropertyValueSpecification\",\"valueRequired\":true,\"valueName\":\"search_term_string\"}}],\"inLanguage\":\"pt-BR\"},{\"@type\":\"Organization\",\"@id\":\"https:\/\/redelog.rj.gov.br\/redelog\/#organization\",\"name\":\"REDELOG\",\"url\":\"https:\/\/redelog.rj.gov.br\/redelog\/\",\"logo\":{\"@type\":\"ImageObject\",\"inLanguage\":\"pt-BR\",\"@id\":\"https:\/\/redelog.rj.gov.br\/redelog\/#\/schema\/logo\/image\/\",\"url\":\"http:\/\/10.10.8.100:8888\/redelog\/wp-content\/uploads\/2019\/09\/Redelog2.png\",\"contentUrl\":\"http:\/\/10.10.8.100:8888\/redelog\/wp-content\/uploads\/2019\/09\/Redelog2.png\",\"width\":565,\"height\":155,\"caption\":\"REDELOG\"},\"image\":{\"@id\":\"https:\/\/redelog.rj.gov.br\/redelog\/#\/schema\/logo\/image\/\"}},{\"@type\":\"Person\",\"@id\":\"https:\/\/redelog.rj.gov.br\/redelog\/#\/schema\/person\/1299ae2b7bfb510dd74c28ed239470fb\",\"name\":\"alheiro\",\"image\":{\"@type\":\"ImageObject\",\"inLanguage\":\"pt-BR\",\"@id\":\"https:\/\/redelog.rj.gov.br\/redelog\/#\/schema\/person\/image\/\",\"url\":\"https:\/\/secure.gravatar.com\/avatar\/682da79d56fd06a1a63ccaa75b42ffe0c9b0609a62bc395d810f23f98140dcae?s=96&d=mm&r=g\",\"contentUrl\":\"https:\/\/secure.gravatar.com\/avatar\/682da79d56fd06a1a63ccaa75b42ffe0c9b0609a62bc395d810f23f98140dcae?s=96&d=mm&r=g\",\"caption\":\"alheiro\"},\"sameAs\":[\"http:\/\/10.9.108.118:3000\/redelog\"],\"url\":\"https:\/\/redelog.rj.gov.br\/redelog\/author\/alheiro\/\"}]}<\/script>\n<!-- \/ Yoast SEO plugin. -->","yoast_head_json":{"title":"DECRETO N\u00ba 47.329, DE 21 DE OUTUBRO DE 2020 - Redelog","robots":{"index":"index","follow":"follow","max-snippet":"max-snippet:-1","max-image-preview":"max-image-preview:large","max-video-preview":"max-video-preview:-1"},"canonical":"https:\/\/redelog.rj.gov.br\/redelog\/decreto-47329\/","og_locale":"pt_BR","og_type":"article","og_title":"DECRETO N\u00ba 47.329, DE 21 DE OUTUBRO DE 2020 - Redelog","og_description":"INSTITUI O COMIT\u00ca DE PROGRAMA\u00c7\u00c3O DAS DESPESAS P\u00daBLICAS (CPDP) DO ESTADO DO RIO DE JANEIRO, E D\u00c1 OUTRAS PROVID\u00caNCIAS. O GOVERNADOR DO ESTADO DO RIO DE JANEIRO, no uso de suas atribui\u00e7\u00f5es legais, CONSIDERANDO: &#8211; o disposto nos artigos 163 a 169 da Constitui\u00e7\u00e3o Federal; &#8211; o disposto na Lei Federal n\u00ba 4.320\/64; &#8211; o [&hellip;]","og_url":"https:\/\/redelog.rj.gov.br\/redelog\/decreto-47329\/","og_site_name":"Redelog","article_published_time":"2022-01-12T14:25:09+00:00","article_modified_time":"2022-02-24T16:50:44+00:00","author":"alheiro","twitter_card":"summary_large_image","twitter_misc":{"Escrito por":"alheiro","Est. tempo de leitura":"7 minutos"},"schema":{"@context":"https:\/\/schema.org","@graph":[{"@type":"Article","@id":"https:\/\/redelog.rj.gov.br\/redelog\/decreto-47329\/#article","isPartOf":{"@id":"https:\/\/redelog.rj.gov.br\/redelog\/decreto-47329\/"},"author":{"name":"alheiro","@id":"https:\/\/redelog.rj.gov.br\/redelog\/#\/schema\/person\/1299ae2b7bfb510dd74c28ed239470fb"},"headline":"DECRETO N\u00ba 47.329, DE 21 DE OUTUBRO DE 2020","datePublished":"2022-01-12T14:25:09+00:00","dateModified":"2022-02-24T16:50:44+00:00","mainEntityOfPage":{"@id":"https:\/\/redelog.rj.gov.br\/redelog\/decreto-47329\/"},"wordCount":1617,"publisher":{"@id":"https:\/\/redelog.rj.gov.br\/redelog\/#organization"},"articleSection":["Legisla\u00e7\u00e3o"],"inLanguage":"pt-BR"},{"@type":"WebPage","@id":"https:\/\/redelog.rj.gov.br\/redelog\/decreto-47329\/","url":"https:\/\/redelog.rj.gov.br\/redelog\/decreto-47329\/","name":"DECRETO N\u00ba 47.329, DE 21 DE OUTUBRO DE 2020 - Redelog","isPartOf":{"@id":"https:\/\/redelog.rj.gov.br\/redelog\/#website"},"datePublished":"2022-01-12T14:25:09+00:00","dateModified":"2022-02-24T16:50:44+00:00","breadcrumb":{"@id":"https:\/\/redelog.rj.gov.br\/redelog\/decreto-47329\/#breadcrumb"},"inLanguage":"pt-BR","potentialAction":[{"@type":"ReadAction","target":["https:\/\/redelog.rj.gov.br\/redelog\/decreto-47329\/"]}]},{"@type":"BreadcrumbList","@id":"https:\/\/redelog.rj.gov.br\/redelog\/decreto-47329\/#breadcrumb","itemListElement":[{"@type":"ListItem","position":1,"name":"Home","item":"https:\/\/redelog.rj.gov.br\/redelog\/"},{"@type":"ListItem","position":2,"name":"DECRETO N\u00ba 47.329, DE 21 DE OUTUBRO DE 2020"}]},{"@type":"WebSite","@id":"https:\/\/redelog.rj.gov.br\/redelog\/#website","url":"https:\/\/redelog.rj.gov.br\/redelog\/","name":"Redelog","description":"Site da Rede de Log\u00edstica e Planejamento do Estado do Rio de Janeiro","publisher":{"@id":"https:\/\/redelog.rj.gov.br\/redelog\/#organization"},"potentialAction":[{"@type":"SearchAction","target":{"@type":"EntryPoint","urlTemplate":"https:\/\/redelog.rj.gov.br\/redelog\/?s={search_term_string}"},"query-input":{"@type":"PropertyValueSpecification","valueRequired":true,"valueName":"search_term_string"}}],"inLanguage":"pt-BR"},{"@type":"Organization","@id":"https:\/\/redelog.rj.gov.br\/redelog\/#organization","name":"REDELOG","url":"https:\/\/redelog.rj.gov.br\/redelog\/","logo":{"@type":"ImageObject","inLanguage":"pt-BR","@id":"https:\/\/redelog.rj.gov.br\/redelog\/#\/schema\/logo\/image\/","url":"http:\/\/10.10.8.100:8888\/redelog\/wp-content\/uploads\/2019\/09\/Redelog2.png","contentUrl":"http:\/\/10.10.8.100:8888\/redelog\/wp-content\/uploads\/2019\/09\/Redelog2.png","width":565,"height":155,"caption":"REDELOG"},"image":{"@id":"https:\/\/redelog.rj.gov.br\/redelog\/#\/schema\/logo\/image\/"}},{"@type":"Person","@id":"https:\/\/redelog.rj.gov.br\/redelog\/#\/schema\/person\/1299ae2b7bfb510dd74c28ed239470fb","name":"alheiro","image":{"@type":"ImageObject","inLanguage":"pt-BR","@id":"https:\/\/redelog.rj.gov.br\/redelog\/#\/schema\/person\/image\/","url":"https:\/\/secure.gravatar.com\/avatar\/682da79d56fd06a1a63ccaa75b42ffe0c9b0609a62bc395d810f23f98140dcae?s=96&d=mm&r=g","contentUrl":"https:\/\/secure.gravatar.com\/avatar\/682da79d56fd06a1a63ccaa75b42ffe0c9b0609a62bc395d810f23f98140dcae?s=96&d=mm&r=g","caption":"alheiro"},"sameAs":["http:\/\/10.9.108.118:3000\/redelog"],"url":"https:\/\/redelog.rj.gov.br\/redelog\/author\/alheiro\/"}]}},"_links":{"self":[{"href":"https:\/\/redelog.rj.gov.br\/redelog\/wp-json\/wp\/v2\/posts\/9048","targetHints":{"allow":["GET"]}}],"collection":[{"href":"https:\/\/redelog.rj.gov.br\/redelog\/wp-json\/wp\/v2\/posts"}],"about":[{"href":"https:\/\/redelog.rj.gov.br\/redelog\/wp-json\/wp\/v2\/types\/post"}],"author":[{"embeddable":true,"href":"https:\/\/redelog.rj.gov.br\/redelog\/wp-json\/wp\/v2\/users\/1"}],"replies":[{"embeddable":true,"href":"https:\/\/redelog.rj.gov.br\/redelog\/wp-json\/wp\/v2\/comments?post=9048"}],"version-history":[{"count":33,"href":"https:\/\/redelog.rj.gov.br\/redelog\/wp-json\/wp\/v2\/posts\/9048\/revisions"}],"predecessor-version":[{"id":16063,"href":"https:\/\/redelog.rj.gov.br\/redelog\/wp-json\/wp\/v2\/posts\/9048\/revisions\/16063"}],"wp:attachment":[{"href":"https:\/\/redelog.rj.gov.br\/redelog\/wp-json\/wp\/v2\/media?parent=9048"}],"wp:term":[{"taxonomy":"category","embeddable":true,"href":"https:\/\/redelog.rj.gov.br\/redelog\/wp-json\/wp\/v2\/categories?post=9048"},{"taxonomy":"post_tag","embeddable":true,"href":"https:\/\/redelog.rj.gov.br\/redelog\/wp-json\/wp\/v2\/tags?post=9048"}],"curies":[{"name":"wp","href":"https:\/\/api.w.org\/{rel}","templated":true}]}}