{"id":9047,"date":"2022-01-12T11:25:26","date_gmt":"2022-01-12T14:25:26","guid":{"rendered":"http:\/\/10.11.80.6\/redelog\/?p=9047"},"modified":"2023-10-18T11:39:44","modified_gmt":"2023-10-18T14:39:44","slug":"decreto-47525","status":"publish","type":"post","link":"https:\/\/redelog.rj.gov.br\/redelog\/decreto-47525\/","title":{"rendered":"DECRETO N\u00ba 47.525, DE 17 DE MAR\u00c7O DE 2021"},"content":{"rendered":"\t\t<div data-elementor-type=\"wp-post\" data-elementor-id=\"9047\" class=\"elementor elementor-9047\" data-elementor-post-type=\"post\">\n\t\t\t\t\t\t<section class=\"elementor-section elementor-top-section elementor-element elementor-element-1d520b1 elementor-section-boxed elementor-section-height-default elementor-section-height-default\" data-id=\"1d520b1\" data-element_type=\"section\" data-settings=\"{&quot;jet_parallax_layout_list&quot;:[{&quot;jet_parallax_layout_image&quot;:{&quot;url&quot;:&quot;&quot;,&quot;id&quot;:&quot;&quot;,&quot;size&quot;:&quot;&quot;},&quot;_id&quot;:&quot;1b21f6c&quot;,&quot;jet_parallax_layout_image_tablet&quot;:{&quot;url&quot;:&quot;&quot;,&quot;id&quot;:&quot;&quot;,&quot;size&quot;:&quot;&quot;},&quot;jet_parallax_layout_image_mobile&quot;:{&quot;url&quot;:&quot;&quot;,&quot;id&quot;:&quot;&quot;,&quot;size&quot;:&quot;&quot;},&quot;jet_parallax_layout_speed&quot;:{&quot;unit&quot;:&quot;%&quot;,&quot;size&quot;:50,&quot;sizes&quot;:[]},&quot;jet_parallax_layout_type&quot;:&quot;scroll&quot;,&quot;jet_parallax_layout_direction&quot;:&quot;1&quot;,&quot;jet_parallax_layout_fx_direction&quot;:null,&quot;jet_parallax_layout_z_index&quot;:&quot;&quot;,&quot;jet_parallax_layout_bg_x&quot;:50,&quot;jet_parallax_layout_bg_x_tablet&quot;:&quot;&quot;,&quot;jet_parallax_layout_bg_x_mobile&quot;:&quot;&quot;,&quot;jet_parallax_layout_bg_y&quot;:50,&quot;jet_parallax_layout_bg_y_tablet&quot;:&quot;&quot;,&quot;jet_parallax_layout_bg_y_mobile&quot;:&quot;&quot;,&quot;jet_parallax_layout_bg_size&quot;:&quot;auto&quot;,&quot;jet_parallax_layout_bg_size_tablet&quot;:&quot;&quot;,&quot;jet_parallax_layout_bg_size_mobile&quot;:&quot;&quot;,&quot;jet_parallax_layout_animation_prop&quot;:&quot;transform&quot;,&quot;jet_parallax_layout_on&quot;:[&quot;desktop&quot;,&quot;tablet&quot;]}]}\">\n\t\t\t\t\t\t<div class=\"elementor-container elementor-column-gap-default\">\n\t\t\t\t\t<div class=\"elementor-column elementor-col-100 elementor-top-column elementor-element elementor-element-d39f4da\" data-id=\"d39f4da\" data-element_type=\"column\">\n\t\t\t<div class=\"elementor-widget-wrap elementor-element-populated\">\n\t\t\t\t\t\t<section class=\"elementor-section elementor-inner-section elementor-element elementor-element-7d9f710 elementor-section-boxed elementor-section-height-default elementor-section-height-default\" data-id=\"7d9f710\" data-element_type=\"section\" data-settings=\"{&quot;jet_parallax_layout_list&quot;:[{&quot;jet_parallax_layout_image&quot;:{&quot;url&quot;:&quot;&quot;,&quot;id&quot;:&quot;&quot;,&quot;size&quot;:&quot;&quot;},&quot;_id&quot;:&quot;aba0bb8&quot;,&quot;jet_parallax_layout_image_tablet&quot;:{&quot;url&quot;:&quot;&quot;,&quot;id&quot;:&quot;&quot;,&quot;size&quot;:&quot;&quot;},&quot;jet_parallax_layout_image_mobile&quot;:{&quot;url&quot;:&quot;&quot;,&quot;id&quot;:&quot;&quot;,&quot;size&quot;:&quot;&quot;},&quot;jet_parallax_layout_speed&quot;:{&quot;unit&quot;:&quot;%&quot;,&quot;size&quot;:50,&quot;sizes&quot;:[]},&quot;jet_parallax_layout_type&quot;:&quot;scroll&quot;,&quot;jet_parallax_layout_direction&quot;:&quot;1&quot;,&quot;jet_parallax_layout_fx_direction&quot;:null,&quot;jet_parallax_layout_z_index&quot;:&quot;&quot;,&quot;jet_parallax_layout_bg_x&quot;:50,&quot;jet_parallax_layout_bg_x_tablet&quot;:&quot;&quot;,&quot;jet_parallax_layout_bg_x_mobile&quot;:&quot;&quot;,&quot;jet_parallax_layout_bg_y&quot;:50,&quot;jet_parallax_layout_bg_y_tablet&quot;:&quot;&quot;,&quot;jet_parallax_layout_bg_y_mobile&quot;:&quot;&quot;,&quot;jet_parallax_layout_bg_size&quot;:&quot;auto&quot;,&quot;jet_parallax_layout_bg_size_tablet&quot;:&quot;&quot;,&quot;jet_parallax_layout_bg_size_mobile&quot;:&quot;&quot;,&quot;jet_parallax_layout_animation_prop&quot;:&quot;transform&quot;,&quot;jet_parallax_layout_on&quot;:[&quot;desktop&quot;,&quot;tablet&quot;]}]}\">\n\t\t\t\t\t\t<div class=\"elementor-container elementor-column-gap-default\">\n\t\t\t\t\t<div class=\"elementor-column elementor-col-50 elementor-inner-column elementor-element elementor-element-f7e9ac4\" data-id=\"f7e9ac4\" data-element_type=\"column\">\n\t\t\t<div class=\"elementor-widget-wrap\">\n\t\t\t\t\t\t\t<\/div>\n\t\t<\/div>\n\t\t\t\t<div class=\"elementor-column elementor-col-50 elementor-inner-column elementor-element elementor-element-8e1727a\" data-id=\"8e1727a\" data-element_type=\"column\">\n\t\t\t<div class=\"elementor-widget-wrap elementor-element-populated\">\n\t\t\t\t\t\t<div class=\"elementor-element elementor-element-8eca428 elementor-widget elementor-widget-text-editor\" data-id=\"8eca428\" data-element_type=\"widget\" data-widget_type=\"text-editor.default\">\n\t\t\t\t\t\t\t\t\t<p style=\"text-align: justify;\"><strong>INSTITUI E REGULAMENTA A POL\u00cdTICA ESTADUAL DE GEST\u00c3O ESTRAT\u00c9GICA DE SUPRIMENTOS E A POL\u00cdTICA ESTADUAL DE COMPRAS CENTRALIZADAS NO \u00c2MBITO DO PODER EXECUTIVO DO ESTADO DO RIO DE JANEIRO, E D\u00c1 OUTRAS PROVID\u00caNCIAS.<\/strong><\/p>\t\t\t\t\t\t\t\t<\/div>\n\t\t\t\t\t<\/div>\n\t\t<\/div>\n\t\t\t\t\t<\/div>\n\t\t<\/section>\n\t\t\t\t\t<\/div>\n\t\t<\/div>\n\t\t\t\t\t<\/div>\n\t\t<\/section>\n\t\t\t\t<section class=\"elementor-section elementor-top-section elementor-element elementor-element-06ad2cb elementor-section-boxed elementor-section-height-default elementor-section-height-default\" data-id=\"06ad2cb\" data-element_type=\"section\" data-settings=\"{&quot;jet_parallax_layout_list&quot;:[{&quot;jet_parallax_layout_image&quot;:{&quot;url&quot;:&quot;&quot;,&quot;id&quot;:&quot;&quot;,&quot;size&quot;:&quot;&quot;},&quot;_id&quot;:&quot;289c1d4&quot;,&quot;jet_parallax_layout_image_tablet&quot;:{&quot;url&quot;:&quot;&quot;,&quot;id&quot;:&quot;&quot;,&quot;size&quot;:&quot;&quot;},&quot;jet_parallax_layout_image_mobile&quot;:{&quot;url&quot;:&quot;&quot;,&quot;id&quot;:&quot;&quot;,&quot;size&quot;:&quot;&quot;},&quot;jet_parallax_layout_speed&quot;:{&quot;unit&quot;:&quot;%&quot;,&quot;size&quot;:50,&quot;sizes&quot;:[]},&quot;jet_parallax_layout_type&quot;:&quot;scroll&quot;,&quot;jet_parallax_layout_direction&quot;:&quot;1&quot;,&quot;jet_parallax_layout_fx_direction&quot;:null,&quot;jet_parallax_layout_z_index&quot;:&quot;&quot;,&quot;jet_parallax_layout_bg_x&quot;:50,&quot;jet_parallax_layout_bg_x_tablet&quot;:&quot;&quot;,&quot;jet_parallax_layout_bg_x_mobile&quot;:&quot;&quot;,&quot;jet_parallax_layout_bg_y&quot;:50,&quot;jet_parallax_layout_bg_y_tablet&quot;:&quot;&quot;,&quot;jet_parallax_layout_bg_y_mobile&quot;:&quot;&quot;,&quot;jet_parallax_layout_bg_size&quot;:&quot;auto&quot;,&quot;jet_parallax_layout_bg_size_tablet&quot;:&quot;&quot;,&quot;jet_parallax_layout_bg_size_mobile&quot;:&quot;&quot;,&quot;jet_parallax_layout_animation_prop&quot;:&quot;transform&quot;,&quot;jet_parallax_layout_on&quot;:[&quot;desktop&quot;,&quot;tablet&quot;]}]}\">\n\t\t\t\t\t\t<div class=\"elementor-container elementor-column-gap-default\">\n\t\t\t\t\t<div class=\"elementor-column elementor-col-100 elementor-top-column elementor-element elementor-element-36aee63\" data-id=\"36aee63\" data-element_type=\"column\">\n\t\t\t<div class=\"elementor-widget-wrap elementor-element-populated\">\n\t\t\t\t\t\t<div class=\"elementor-element elementor-element-028fc63 elementor-widget elementor-widget-text-editor\" data-id=\"028fc63\" data-element_type=\"widget\" data-widget_type=\"text-editor.default\">\n\t\t\t\t\t\t\t\t\t<p><strong>O GOVERNADOR DO ESTADO DO RIO DE JANEIRO<\/strong>, em exerc\u00edcio, no uso de suas atribui\u00e7\u00f5es legais e constitucionais, e tendo em vista o que consta do Processo n\u00ba sEI-120001\/015565\/2020;<\/p><p><strong>CONSIDERANDO<\/strong><\/p><p>&#8211; o incentivo \u00e0 obten\u00e7\u00e3o do melhor pre\u00e7o, definido como a conjuga\u00e7\u00e3o do menor pre\u00e7o com o padr\u00e3o de qualidade do objeto que seja necess\u00e1rio para o efetivo atingimento do interesse p\u00fablico;<\/p><p>&#8211; a necessidade de desenvolver compet\u00eancias para contrata\u00e7\u00f5es p\u00fablicas eficientes, de reduzir os gastos operacionais com processos de contrata\u00e7\u00e3o e asseverar a prem\u00eancia dos princ\u00edpios da isonomia e publicidade;<\/p><p>&#8211; a necessidade de promover as melhores pr\u00e1ticas de contrata\u00e7\u00e3o, a transpar\u00eancia das informa\u00e7\u00f5es e a integridade dos atos praticados pelos compradores p\u00fablicos;<\/p><p>&#8211; a racionaliza\u00e7\u00e3o de gastos que pode ser atingida com a elimina\u00e7\u00e3o de processos de contrata\u00e7\u00f5es redundantes e o aumento do poder de barganha do Estado do Rio de Janeiro proporcionados pelas compras centralizadas; e<\/p><p>&#8211; que as determina\u00e7\u00f5es constantes deste Decreto n\u00e3o acarretar\u00e3o aumento de despesa.<\/p><p><strong>DECRETA<\/strong>:<\/p><p style=\"text-align: center;\"><strong>Cap\u00edtulo I<\/strong><\/p><p style=\"text-align: center;\"><strong>DAS DISPOSI\u00c7\u00d5ES PRELIMINARES<\/strong><\/p><p><strong>Art. 1\u00ba<\/strong> A Pol\u00edtica Estadual da Gest\u00e3o Estrat\u00e9gica de Suprimentos &#8211; GES e a Pol\u00edtica Estadual de Compras Centralizadas ser\u00e3o regulamentadas de acordo com o disposto neste Decreto.<\/p><p><strong>Art. 2\u00ba<\/strong> Para os fins deste Decreto, consideram-se:<\/p><p>I &#8211; Modelo de Compras: conjunto de recomenda\u00e7\u00f5es que reflete as melhores pr\u00e1ticas para a contrata\u00e7\u00e3o dos itens da categoria estrat\u00e9gica;<\/p><p>II &#8211; Categoria Estrat\u00e9gica: conjunto de itens delimitado a partir de crit\u00e9rios t\u00e9cnicos e da an\u00e1lise dos perfis de consumo dos \u00f3rg\u00e3os e entidades da Administra\u00e7\u00e3o Direta, aut\u00e1rquica e fundacional do Poder Executivo do Estado do Rio de Janeiro, sobre o qual ser\u00e3o aplicadas as pol\u00edticas e diretrizes da GES;<\/p><p>III &#8211; Compra Centralizada: processo conduzido, preferencialmente, pelo \u00d3rg\u00e3o Central do Sistema Log\u00edstico para contrata\u00e7\u00e3o de objeto da categoria estrat\u00e9gica, com possibilidades de redu\u00e7\u00e3o de custos de transa\u00e7\u00e3o, ou aumento do poder de barganha do Governo em rela\u00e7\u00e3o ao mercado, visando ao atendimento da demanda dos \u00f3rg\u00e3os e entidades interessados; e<\/p><p>IV &#8211; Equipe de Compras Centralizadas: equipe respons\u00e1vel pela operacionaliza\u00e7\u00e3o dos processos licitat\u00f3rios previstos no \u00e2mbito do \u00d3rg\u00e3o Central do Sistema Log\u00edstico.<\/p><p style=\"text-align: center;\"><strong>Cap\u00edtulo II<\/strong><\/p><p style=\"text-align: center;\"><strong>DA POL\u00cdTICA ESTADUAL DE GEST\u00c3O ESTRAT\u00c9GICA DE SUPRIMENTOS &#8211; GES.<\/strong><\/p><p style=\"text-align: center;\"><strong>SE\u00c7\u00c3O I<\/strong><\/p><p style=\"text-align: center;\"><strong>DAS DISPOSI\u00c7\u00d5ES GERAIS<\/strong><\/p><p><strong>Art. 3\u00ba<\/strong> O \u00d3rg\u00e3o Central do Sistema Log\u00edstico \u00e9 o respons\u00e1vel por coordenar a GES e contar\u00e1 com a contribui\u00e7\u00e3o dos \u00f3rg\u00e3os e entidades participantes da pol\u00edtica para a constru\u00e7\u00e3o dos modelos de compras das categorias estrat\u00e9gicas.<\/p><p style=\"text-align: center;\"><strong>SE\u00c7\u00c3O II<\/strong><\/p><p style=\"text-align: center;\"><strong>DOS OBJETIVOS<\/strong><\/p><p><strong>Art. 4\u00ba<\/strong> S\u00e3o objetivos da GES:<\/p><p>I &#8211; padronizar, visando uniformizar e racionalizar os procedimentos de contrata\u00e7\u00e3o e de gest\u00e3o dos suprimentos;<\/p><p>II &#8211; centralizar as contrata\u00e7\u00f5es, sempre que for razo\u00e1vel, visando \u00e0 obten\u00e7\u00e3o de ganhos de escala e a elimina\u00e7\u00e3o de processos redundantes;<\/p><p>III &#8211; incentivar a coopera\u00e7\u00e3o, envolvendo os \u00f3rg\u00e3os e entidades da Administra\u00e7\u00e3o Direta, aut\u00e1rquica e fundacional do Poder Executivo do Estado do Rio de Janeiro;<\/p><p>IV &#8211; promover o adequado planejamento, para que as necessidades futuras de bens e servi\u00e7os sejam previstas de forma mais acurada;<\/p><p>V &#8211; construir e fortalecer parcerias saud\u00e1veis e sustent\u00e1veis entre o Estado do Rio de Janeiro e o mercado fornecedor;<\/p><p>VI &#8211; buscar a redu\u00e7\u00e3o das assimetrias de informa\u00e7\u00e3o, proporcionando ao Estado do Rio de Janeiro uma melhor visualiza\u00e7\u00e3o das condi\u00e7\u00f5es e pr\u00e1ticas do mercado fornecedor; e<\/p><p>VII &#8211; aprimorar, de maneira continuada, a rela\u00e7\u00e3o custo-efetividade das contrata\u00e7\u00f5es p\u00fablicas do Poder Executivo do Estado do Rio de Janeiro.<\/p><p style=\"text-align: center;\"><strong>SE\u00c7\u00c3O III<\/strong><\/p><p style=\"text-align: center;\"><strong>DOS INSTRUMENTOS<\/strong><\/p><p><strong>Art. 5\u00ba<\/strong> S\u00e3o instrumentos da GES, dentre outros:<\/p><p>I &#8211; o Sistema Informatizado de Contrata\u00e7\u00f5es utilizado pelo Estado do Rio de Janeiro;<\/p><p>II &#8211; o Sistema de Registro de Pre\u00e7os;<\/p><p>III &#8211; os modelos de compras das categorias estrat\u00e9gicas do \u00d3rg\u00e3o Central do Sistema Log\u00edstico; e<\/p><p>IV &#8211; o Cat\u00e1logo de Materiais e Servi\u00e7os utilizado pelo Estado do Rio de Janeiro.<\/p><p style=\"text-align: center;\"><strong>SE\u00c7\u00c3O IV<\/strong><\/p><p style=\"text-align: center;\"><strong>DAS DIRETRIZES<\/strong><\/p><p><strong>Art. 6\u00ba<\/strong> Nas suas contrata\u00e7\u00f5es, os \u00f3rg\u00e3os e entidades dever\u00e3o seguir as recomenda\u00e7\u00f5es do modelo de compras j\u00e1 institu\u00eddo para a categoria estrat\u00e9gica do objeto a ser contratado.<\/p><p><strong>Par\u00e1grafo \u00fanico.<\/strong> O \u00d3rg\u00e3o Central do Sistema Log\u00edstico ser\u00e1 respons\u00e1vel por realizar as adequa\u00e7\u00f5es necess\u00e1rias no Sistema Informatizado de Contrata\u00e7\u00f5es utilizado pelo Estado do Rio de Janeiro para que o modelo de compras tenha efetivo funcionamento.<\/p><p><strong>Art. 7\u00ba<\/strong> A inten\u00e7\u00e3o, por parte dos \u00f3rg\u00e3os e entidades submetidos ao disposto neste Decreto, de realizar processo de contrata\u00e7\u00e3o em desacordo com os modelos de compras estabelecidos dever\u00e1 ser motivada e comunicada ao \u00d3rg\u00e3o Central do Sistema Log\u00edstico.<\/p><p><strong>\u00a7 1\u00ba<\/strong> A anu\u00eancia do \u00d3rg\u00e3o Central do Sistema Log\u00edstico \u00e9 obrigat\u00f3ria para a concretiza\u00e7\u00e3o dos processos de contrata\u00e7\u00e3o descritos no caput.<\/p><p><strong>\u00a7 2\u00ba<\/strong> A comunica\u00e7\u00e3o, citada no caput deste artigo, dever\u00e1 ser realizada atrav\u00e9s de of\u00edcio enviado pelo Sistema Eletr\u00f4nico de Informa\u00e7\u00f5es &#8211; SEI-RJ, no mesmo processo da contrata\u00e7\u00e3o.<\/p><p style=\"text-align: center;\"><strong>SE\u00c7\u00c3O V<\/strong><\/p><p style=\"text-align: center;\"><strong>DO MONITORAMENTO, AVALIA\u00c7\u00c3O E REVIS\u00c3O<\/strong><\/p><p><strong>Art. 8\u00ba<\/strong> A execu\u00e7\u00e3o, a adequa\u00e7\u00e3o e os resultados obtidos com a GES ser\u00e3o constantemente monitorados e avaliados pelo \u00d3rg\u00e3o Central do Sistema Log\u00edstico com vistas a identificar necessidades de corre\u00e7\u00e3o e oportunidades para aperfei\u00e7oamento.<\/p><p><strong>Par\u00e1grafo \u00fanico.<\/strong> Considerando o preceito da coopera\u00e7\u00e3o, os \u00f3rg\u00e3os e entidades do Poder Executivo dever\u00e3o fornecer as informa\u00e7\u00f5es necess\u00e1rias, sempre que considerarem relevante, ou quando solicitadas, para que o \u00d3rg\u00e3o Central do Sistema Log\u00edstico realize a adequada avalia\u00e7\u00e3o de que trata o caput deste artigo.<\/p><p><strong>Art. 9\u00ba<\/strong> Com base nos resultados da avalia\u00e7\u00e3o de que trata o artigo anterior, os modelos de compras poder\u00e3o ser alterados ou atualizados sempre que, a crit\u00e9rio do \u00d3rg\u00e3o Central do Sistema Log\u00edstico, forem considerados defasados ou inadequados frente \u00e0 realidade corrente do mercado.<\/p><p style=\"text-align: center;\"><strong>SE\u00c7\u00c3O VI<\/strong><\/p><p style=\"text-align: center;\"><strong>DAS CATEGORIAS ESTRAT\u00c9GICAS<\/strong><\/p><p><strong>Art. 10<\/strong>. S\u00e3o Categorias Estrat\u00e9gicas da Pol\u00edtica Estadual de Gest\u00e3o Estrat\u00e9gica de Suprimentos &#8211; GES, as seguintes contrata\u00e7\u00f5es:<\/p><p>I &#8211; Passagens A\u00e9reas;<\/p><p>II &#8211; Combust\u00edveis Automotivos;<\/p><p>III &#8211; Limpeza em Pr\u00e9dios Administrativos;<\/p><p><del>IV &#8211; Materiais de Escrit\u00f3rio;<\/del><\/p><p>IV &#8211; Materiais de Consumo Administrativo; (<em><a href=\"https:\/\/redelog.rj.gov.br\/redelog\/decreto-no-48-342-de-30-de-janeiro-de-2023\/\">Alterado pelo Decreto n\u00ba 48.342, de 30 de janeiro de 2023<\/a>)<\/em><\/p><p>V &#8211; Servi\u00e7os de Apoio Administrativo, T\u00e9cnico e Operacional;<\/p><p>VI &#8211; Servi\u00e7os de Vigil\u00e2ncia;<\/p><p>VII &#8211; Servi\u00e7os de Transporte de Passageiros sob Demanda,<\/p><p>VIII &#8211; Loca\u00e7\u00e3o de Ve\u00edculos;<\/p><p>IX &#8211; Servi\u00e7os de Manuten\u00e7\u00e3o; e<\/p><p><del>X &#8211; Suprimentos hospitalares.<\/del> <a href=\"https:\/\/redelog.rj.gov.br\/redelog\/?p=25485&amp;preview=true\">(<em>Revogado pelo Decreto n\u00ba 48.740, de 10 de outubro de 2023<\/em>)<\/a><\/p><p>XI \u2013 Ve\u00edculos H\u00edbridos e El\u00e9tricos; <a href=\"https:\/\/redelog.rj.gov.br\/redelog\/?p=25485&amp;preview=true\">(<em>Inclu\u00eddo pelo Decreto n\u00ba 48.740, de 10 de outubro de 2023<\/em>)<\/a><\/p><p>XII \u2013 Servi\u00e7o de Brigada de Inc\u00eandio; <a href=\"https:\/\/redelog.rj.gov.br\/redelog\/?p=25485&amp;preview=true\">(<em>Inclu\u00eddo pelo Decreto n\u00ba 48.740, de 10 de outubro de 2023<\/em>)<\/a><\/p><p>XIII \u2013 Energia. <a href=\"https:\/\/redelog.rj.gov.br\/redelog\/?p=25485&amp;preview=true\">(<em>Inclu\u00eddo pelo Decreto n\u00ba 48.740, de 10 de outubro de 2023<\/em>)<\/a><\/p><p><strong>Art. 11.<\/strong> A padroniza\u00e7\u00e3o dos modelos de compras ser\u00e1 feita por Resolu\u00e7\u00e3o espec\u00edfica para cada categoria estrat\u00e9gica da GES.<\/p><p style=\"text-align: center;\"><strong>Cap\u00edtulo III<\/strong><\/p><p style=\"text-align: center;\"><strong>DAS COMPRAS CENTRALIZADAS<\/strong><\/p><p style=\"text-align: center;\"><strong>SE\u00c7\u00c3O I<\/strong><\/p><p style=\"text-align: center;\"><strong>DOS OBJETIVOS<\/strong><\/p><p><strong>Art. 12.<\/strong> S\u00e3o objetivos das Compras Centralizadas:<\/p><p>I &#8211; Centralizar a realiza\u00e7\u00e3o dos processos licitat\u00f3rios em conformidade com o estabelecido pelo inciso III do artigo 2\u00ba deste Decreto; e<\/p><p>II &#8211; Promover todos os procedimentos necess\u00e1rios para a efetiva\u00e7\u00e3o das contrata\u00e7\u00f5es dos objetos que integram as categorias estrat\u00e9gicas, conforme previsto no artigo 10 deste Decreto.<\/p><p style=\"text-align: center;\"><strong>SE\u00c7\u00c3O II<\/strong><\/p><p style=\"text-align: center;\"><strong>DOS PROCEDIMENTOS<\/strong><\/p><p><strong>Art. 13.<\/strong> As Compras Centralizadas ser\u00e3o gerenciadas pelo \u00d3rg\u00e3o Central do Sistema Log\u00edstico.<\/p><p><strong>Art. 14.<\/strong> Os processos de contrata\u00e7\u00e3o, conduzidos no \u00e2mbito das Compras Centralizadas, ser\u00e3o realizados com ado\u00e7\u00e3o do procedimento de Sistema de Registro de Pre\u00e7os.<\/p><p><strong>Par\u00e1grafo \u00fanico.<\/strong> Caso a ado\u00e7\u00e3o do Sistema de Registro de Pre\u00e7os n\u00e3o seja oportuna para determinada compra centralizada, a contrata\u00e7\u00e3o ser\u00e1 processada de outra forma, desde que devidamente justificada no competente processo administrativo de contrata\u00e7\u00e3o.<\/p><p><strong>Art. 15.<\/strong> Os procedimentos relativos \u00e0s Compras Centralizadas ser\u00e3o iniciados ap\u00f3s apura\u00e7\u00e3o de sua necessidade e pertin\u00eancia, cujos fundamentos dever\u00e3o constar em Estudo T\u00e9cnico Preliminar &#8211; ETP elaborado preferencialmente pelo \u00d3rg\u00e3o Central do Sistema Log\u00edstico.<\/p><p><strong>Art. 16.<\/strong> Compete aos \u00f3rg\u00e3os e entidades participantes ou aderentes das Atas de Registro de Pre\u00e7os das Compras Centralizadas promover as a\u00e7\u00f5es necess\u00e1rias para as suas pr\u00f3prias contrata\u00e7\u00f5es.<\/p><p><strong>Art. 17.<\/strong> As ades\u00f5es \u00e0s Atas de Registro de Pre\u00e7os das Compras Centralizadas obedecer\u00e3o ao disposto no Regulamento Estadual do Sistema de Registro de Pre\u00e7os.<\/p><p style=\"text-align: center;\"><strong>Cap\u00edtulo IV<\/strong><\/p><p style=\"text-align: center;\"><strong>DAS DISPOSI\u00c7\u00d5ES FINAIS<\/strong><\/p><p><strong>Art. 18.<\/strong> Compete ao \u00d3rg\u00e3o Central do Sistema Log\u00edstico a ado\u00e7\u00e3o das medidas que se fizerem necess\u00e1rias \u00e0 regulamenta\u00e7\u00e3o, \u00e0 operacionaliza\u00e7\u00e3o e \u00e0 coordena\u00e7\u00e3o das atividades, nos termos deste Decreto.<\/p><p><strong>Art. 19.<\/strong> Os Estudos T\u00e9cnicos Preliminares, elaborados no \u00e2mbito dos processos de contrata\u00e7\u00e3o homologados das Compras Centralizadas e publicados no Portal de Compras do Poder Executivo do Estado do Rio de Janeiro, servir\u00e3o como os Modelos de Compras previstos no artigo 2\u00ba, inciso I, deste Decreto.<\/p><p><strong>Par\u00e1grafo \u00fanico.<\/strong> Para fins da previs\u00e3o descrita no caput, a homologa\u00e7\u00e3o do processo de compra centralizada substitui a Resolu\u00e7\u00e3o espec\u00edfica prevista no artigo 11 deste Decreto.<\/p><p><strong>Art. 20.<\/strong> Subordinam-se ao regime deste Decreto os \u00f3rg\u00e3os e entidades da administra\u00e7\u00e3o p\u00fablica estadual direta, aut\u00e1rquica e fundacional do Poder Executivo e, facultativamente, \u00e0s Empresas P\u00fablicas e as Sociedades de Economia Mista.<\/p><p><strong>Art. 21.<\/strong> Este Decreto entra em vigor na data de sua publica\u00e7\u00e3o, revogando-se as disposi\u00e7\u00f5es em contr\u00e1rio, em especial o Decreto n\u00ba 45.802, de 26 de outubro de 2016, o Decreto Estadual n\u00ba 47.285, 17 de setembro de 2020 e a Resolu\u00e7\u00e3o SECCG n\u00ba 17, de 03 de abril de 2019.<\/p><p style=\"text-align: center;\">Rio de Janeiro, 17 de mar\u00e7o de 2021<\/p><p style=\"text-align: center;\"><strong>CL\u00c1UDIO CASTRO<\/strong><\/p><p style=\"text-align: center;\">Governador em Exerc\u00edcio<\/p><p style=\"text-align: right;\">Id: 2304383<\/p>\t\t\t\t\t\t\t\t<\/div>\n\t\t\t\t\t<\/div>\n\t\t<\/div>\n\t\t\t\t\t<\/div>\n\t\t<\/section>\n\t\t\t\t<section class=\"elementor-section elementor-top-section elementor-element elementor-element-008610d elementor-section-boxed elementor-section-height-default elementor-section-height-default\" data-id=\"008610d\" data-element_type=\"section\" data-settings=\"{&quot;jet_parallax_layout_list&quot;:[{&quot;jet_parallax_layout_image&quot;:{&quot;url&quot;:&quot;&quot;,&quot;id&quot;:&quot;&quot;,&quot;size&quot;:&quot;&quot;},&quot;_id&quot;:&quot;04dd098&quot;,&quot;jet_parallax_layout_image_tablet&quot;:{&quot;url&quot;:&quot;&quot;,&quot;id&quot;:&quot;&quot;,&quot;size&quot;:&quot;&quot;},&quot;jet_parallax_layout_image_mobile&quot;:{&quot;url&quot;:&quot;&quot;,&quot;id&quot;:&quot;&quot;,&quot;size&quot;:&quot;&quot;},&quot;jet_parallax_layout_speed&quot;:{&quot;unit&quot;:&quot;%&quot;,&quot;size&quot;:50,&quot;sizes&quot;:[]},&quot;jet_parallax_layout_type&quot;:&quot;scroll&quot;,&quot;jet_parallax_layout_direction&quot;:&quot;1&quot;,&quot;jet_parallax_layout_fx_direction&quot;:null,&quot;jet_parallax_layout_z_index&quot;:&quot;&quot;,&quot;jet_parallax_layout_bg_x&quot;:50,&quot;jet_parallax_layout_bg_x_tablet&quot;:&quot;&quot;,&quot;jet_parallax_layout_bg_x_mobile&quot;:&quot;&quot;,&quot;jet_parallax_layout_bg_y&quot;:50,&quot;jet_parallax_layout_bg_y_tablet&quot;:&quot;&quot;,&quot;jet_parallax_layout_bg_y_mobile&quot;:&quot;&quot;,&quot;jet_parallax_layout_bg_size&quot;:&quot;auto&quot;,&quot;jet_parallax_layout_bg_size_tablet&quot;:&quot;&quot;,&quot;jet_parallax_layout_bg_size_mobile&quot;:&quot;&quot;,&quot;jet_parallax_layout_animation_prop&quot;:&quot;transform&quot;,&quot;jet_parallax_layout_on&quot;:[&quot;desktop&quot;,&quot;tablet&quot;]}]}\">\n\t\t\t\t\t\t<div class=\"elementor-container elementor-column-gap-default\">\n\t\t\t\t\t<div class=\"elementor-column elementor-col-100 elementor-top-column elementor-element elementor-element-e83c074\" data-id=\"e83c074\" data-element_type=\"column\">\n\t\t\t<div class=\"elementor-widget-wrap elementor-element-populated\">\n\t\t\t\t\t\t<div class=\"elementor-element elementor-element-10f4aff elementor-widget elementor-widget-text-editor\" data-id=\"10f4aff\" data-element_type=\"widget\" data-widget_type=\"text-editor.default\">\n\t\t\t\t\t\t\t\t\t<p><em>Publicada no DOE em <strong><a href=\"http:\/\/redelog.rj.gov.br\/redelog\/wp-content\/uploads\/2022\/01\/Decreto-no-47.525-2021-GES.pdf\" target=\"_blank\" rel=\"noopener\">18\/03\/2021<\/a><\/strong>.<\/em><\/p><p><em>Alterado pelo <strong><a href=\"https:\/\/redelog.rj.gov.br\/redelog\/decreto-no-48-342-de-30-de-janeiro-de-2023\/\">Decreto n\u00ba 48.342, de 30 de janeiro de 2023<\/a><\/strong>, publicado no DOE em <strong><a href=\"https:\/\/www.redelog.rj.gov.br\/redelog\/wp-content\/uploads\/2023\/02\/Decreto-no-48.342-Altera-o-Decreto-no-47.525-e-Institui-o-Almoxarifado-Virtual.pdf\">31\/01\/2023<\/a><\/strong>.<\/em><\/p><p><em>Alterado\u00a0pelo <\/em><strong><a href=\"https:\/\/redelog.rj.gov.br\/redelog\/?p=25485&amp;preview=true\"><em>Decreto n\u00ba 48.740, de 10 de outubro de 2023<\/em><\/a><\/strong><em>, publicado no DOE em <strong><a href=\"https:\/\/www.redelog.rj.gov.br\/redelog\/wp-content\/uploads\/2023\/10\/Decreto-no-48.740-Altera-o-Decreto-no-47.525.pdf\">11\/10\/2023<\/a><\/strong>.<\/em><\/p>\t\t\t\t\t\t\t\t<\/div>\n\t\t\t\t\t<\/div>\n\t\t<\/div>\n\t\t\t\t\t<\/div>\n\t\t<\/section>\n\t\t\t\t<section class=\"elementor-section elementor-top-section elementor-element elementor-element-c269b6d elementor-section-boxed elementor-section-height-default elementor-section-height-default\" data-id=\"c269b6d\" data-element_type=\"section\" data-settings=\"{&quot;jet_parallax_layout_list&quot;:[{&quot;jet_parallax_layout_image&quot;:{&quot;url&quot;:&quot;&quot;,&quot;id&quot;:&quot;&quot;,&quot;size&quot;:&quot;&quot;},&quot;_id&quot;:&quot;ab030fc&quot;,&quot;jet_parallax_layout_image_tablet&quot;:{&quot;url&quot;:&quot;&quot;,&quot;id&quot;:&quot;&quot;,&quot;size&quot;:&quot;&quot;},&quot;jet_parallax_layout_image_mobile&quot;:{&quot;url&quot;:&quot;&quot;,&quot;id&quot;:&quot;&quot;,&quot;size&quot;:&quot;&quot;},&quot;jet_parallax_layout_speed&quot;:{&quot;unit&quot;:&quot;%&quot;,&quot;size&quot;:50,&quot;sizes&quot;:[]},&quot;jet_parallax_layout_type&quot;:&quot;scroll&quot;,&quot;jet_parallax_layout_direction&quot;:&quot;1&quot;,&quot;jet_parallax_layout_fx_direction&quot;:null,&quot;jet_parallax_layout_z_index&quot;:&quot;&quot;,&quot;jet_parallax_layout_bg_x&quot;:50,&quot;jet_parallax_layout_bg_x_tablet&quot;:&quot;&quot;,&quot;jet_parallax_layout_bg_x_mobile&quot;:&quot;&quot;,&quot;jet_parallax_layout_bg_y&quot;:50,&quot;jet_parallax_layout_bg_y_tablet&quot;:&quot;&quot;,&quot;jet_parallax_layout_bg_y_mobile&quot;:&quot;&quot;,&quot;jet_parallax_layout_bg_size&quot;:&quot;auto&quot;,&quot;jet_parallax_layout_bg_size_tablet&quot;:&quot;&quot;,&quot;jet_parallax_layout_bg_size_mobile&quot;:&quot;&quot;,&quot;jet_parallax_layout_animation_prop&quot;:&quot;transform&quot;,&quot;jet_parallax_layout_on&quot;:[&quot;desktop&quot;,&quot;tablet&quot;]}]}\">\n\t\t\t\t\t\t<div class=\"elementor-container elementor-column-gap-default\">\n\t\t\t\t\t<div class=\"elementor-column elementor-col-100 elementor-top-column elementor-element elementor-element-57dc5dc\" data-id=\"57dc5dc\" data-element_type=\"column\">\n\t\t\t<div class=\"elementor-widget-wrap elementor-element-populated\">\n\t\t\t\t\t\t<div class=\"elementor-element elementor-element-cd7472b elementor-widget-divider--view-line elementor-widget elementor-widget-divider\" data-id=\"cd7472b\" data-element_type=\"widget\" data-widget_type=\"divider.default\">\n\t\t\t\t\t\t\t<div class=\"elementor-divider\">\n\t\t\t<span class=\"elementor-divider-separator\">\n\t\t\t\t\t\t<\/span>\n\t\t<\/div>\n\t\t\t\t\t\t<\/div>\n\t\t\t\t\t<\/div>\n\t\t<\/div>\n\t\t\t\t\t<\/div>\n\t\t<\/section>\n\t\t\t\t<section class=\"elementor-section elementor-top-section elementor-element elementor-element-367c7c9 elementor-section-boxed elementor-section-height-default elementor-section-height-default\" data-id=\"367c7c9\" data-element_type=\"section\" id=\"options\" data-settings=\"{&quot;jet_parallax_layout_list&quot;:[{&quot;jet_parallax_layout_image&quot;:{&quot;url&quot;:&quot;&quot;,&quot;id&quot;:&quot;&quot;,&quot;size&quot;:&quot;&quot;},&quot;_id&quot;:&quot;19d7213&quot;,&quot;jet_parallax_layout_image_tablet&quot;:{&quot;url&quot;:&quot;&quot;,&quot;id&quot;:&quot;&quot;,&quot;size&quot;:&quot;&quot;},&quot;jet_parallax_layout_image_mobile&quot;:{&quot;url&quot;:&quot;&quot;,&quot;id&quot;:&quot;&quot;,&quot;size&quot;:&quot;&quot;},&quot;jet_parallax_layout_speed&quot;:{&quot;unit&quot;:&quot;%&quot;,&quot;size&quot;:50,&quot;sizes&quot;:[]},&quot;jet_parallax_layout_type&quot;:&quot;scroll&quot;,&quot;jet_parallax_layout_direction&quot;:&quot;1&quot;,&quot;jet_parallax_layout_fx_direction&quot;:null,&quot;jet_parallax_layout_z_index&quot;:&quot;&quot;,&quot;jet_parallax_layout_bg_x&quot;:50,&quot;jet_parallax_layout_bg_x_tablet&quot;:&quot;&quot;,&quot;jet_parallax_layout_bg_x_mobile&quot;:&quot;&quot;,&quot;jet_parallax_layout_bg_y&quot;:50,&quot;jet_parallax_layout_bg_y_tablet&quot;:&quot;&quot;,&quot;jet_parallax_layout_bg_y_mobile&quot;:&quot;&quot;,&quot;jet_parallax_layout_bg_size&quot;:&quot;auto&quot;,&quot;jet_parallax_layout_bg_size_tablet&quot;:&quot;&quot;,&quot;jet_parallax_layout_bg_size_mobile&quot;:&quot;&quot;,&quot;jet_parallax_layout_animation_prop&quot;:&quot;transform&quot;,&quot;jet_parallax_layout_on&quot;:[&quot;desktop&quot;,&quot;tablet&quot;]}]}\">\n\t\t\t\t\t\t<div class=\"elementor-container elementor-column-gap-default\">\n\t\t\t\t\t<div class=\"elementor-column elementor-col-100 elementor-top-column elementor-element elementor-element-ae6e82a\" data-id=\"ae6e82a\" data-element_type=\"column\">\n\t\t\t<div class=\"elementor-widget-wrap elementor-element-populated\">\n\t\t\t\t\t\t<div class=\"elementor-element elementor-element-103b2d1 elementor-widget elementor-widget-shortcode\" data-id=\"103b2d1\" data-element_type=\"widget\" data-widget_type=\"shortcode.default\">\n\t\t\t\t\t\t\t<div class=\"elementor-shortcode\"><div class='printomatic pom-default ' id='id4392' alt='Imprimir' title='Imprimir' data-print_target='#post-9047'><\/div> <div class='printomatictext' id='id4392' alt='Imprimir' title='Imprimir' data-print_target='#post-9047'>Imprimir<\/div><div style='clear: both;'><\/div><\/div>\n\t\t\t\t\t\t<\/div>\n\t\t\t\t<section class=\"elementor-section elementor-inner-section elementor-element elementor-element-5aa8aa4 elementor-section-boxed elementor-section-height-default elementor-section-height-default\" data-id=\"5aa8aa4\" data-element_type=\"section\" data-settings=\"{&quot;jet_parallax_layout_list&quot;:[{&quot;jet_parallax_layout_image&quot;:{&quot;url&quot;:&quot;&quot;,&quot;id&quot;:&quot;&quot;,&quot;size&quot;:&quot;&quot;},&quot;_id&quot;:&quot;ccec7d1&quot;,&quot;jet_parallax_layout_image_tablet&quot;:{&quot;url&quot;:&quot;&quot;,&quot;id&quot;:&quot;&quot;,&quot;size&quot;:&quot;&quot;},&quot;jet_parallax_layout_image_mobile&quot;:{&quot;url&quot;:&quot;&quot;,&quot;id&quot;:&quot;&quot;,&quot;size&quot;:&quot;&quot;},&quot;jet_parallax_layout_speed&quot;:{&quot;unit&quot;:&quot;%&quot;,&quot;size&quot;:50,&quot;sizes&quot;:[]},&quot;jet_parallax_layout_type&quot;:&quot;scroll&quot;,&quot;jet_parallax_layout_direction&quot;:&quot;1&quot;,&quot;jet_parallax_layout_fx_direction&quot;:null,&quot;jet_parallax_layout_z_index&quot;:&quot;&quot;,&quot;jet_parallax_layout_bg_x&quot;:50,&quot;jet_parallax_layout_bg_x_tablet&quot;:&quot;&quot;,&quot;jet_parallax_layout_bg_x_mobile&quot;:&quot;&quot;,&quot;jet_parallax_layout_bg_y&quot;:50,&quot;jet_parallax_layout_bg_y_tablet&quot;:&quot;&quot;,&quot;jet_parallax_layout_bg_y_mobile&quot;:&quot;&quot;,&quot;jet_parallax_layout_bg_size&quot;:&quot;auto&quot;,&quot;jet_parallax_layout_bg_size_tablet&quot;:&quot;&quot;,&quot;jet_parallax_layout_bg_size_mobile&quot;:&quot;&quot;,&quot;jet_parallax_layout_animation_prop&quot;:&quot;transform&quot;,&quot;jet_parallax_layout_on&quot;:[&quot;desktop&quot;,&quot;tablet&quot;]}]}\">\n\t\t\t\t\t\t<div class=\"elementor-container elementor-column-gap-default\">\n\t\t\t\t\t<div class=\"elementor-column elementor-col-50 elementor-inner-column elementor-element elementor-element-b222298\" data-id=\"b222298\" data-element_type=\"column\">\n\t\t\t<div class=\"elementor-widget-wrap elementor-element-populated\">\n\t\t\t\t\t\t<div class=\"elementor-element elementor-element-e2e8e41 elementor-widget elementor-widget-text-editor\" data-id=\"e2e8e41\" data-element_type=\"widget\" data-widget_type=\"text-editor.default\">\n\t\t\t\t\t\t\t\t\t<p><strong><a href=\"http:\/\/redelog.rj.gov.br\/redelog\/legislacao-licitacoes\/\">\u2190 Voltar &#8211; Licita\u00e7\u00f5es<\/a><\/strong><\/p>\t\t\t\t\t\t\t\t<\/div>\n\t\t\t\t\t<\/div>\n\t\t<\/div>\n\t\t\t\t<div class=\"elementor-column elementor-col-50 elementor-inner-column elementor-element elementor-element-8c0273b\" data-id=\"8c0273b\" data-element_type=\"column\">\n\t\t\t<div class=\"elementor-widget-wrap elementor-element-populated\">\n\t\t\t\t\t\t\t<\/div>\n\t\t<\/div>\n\t\t\t\t\t<\/div>\n\t\t<\/section>\n\t\t\t\t\t<\/div>\n\t\t<\/div>\n\t\t\t\t\t<\/div>\n\t\t<\/section>\n\t\t\t\t<section class=\"elementor-section elementor-top-section elementor-element elementor-element-64f2865 elementor-section-boxed elementor-section-height-default elementor-section-height-default\" data-id=\"64f2865\" data-element_type=\"section\" data-settings=\"{&quot;jet_parallax_layout_list&quot;:[{&quot;jet_parallax_layout_image&quot;:{&quot;url&quot;:&quot;&quot;,&quot;id&quot;:&quot;&quot;,&quot;size&quot;:&quot;&quot;},&quot;_id&quot;:&quot;22a0abb&quot;,&quot;jet_parallax_layout_image_tablet&quot;:{&quot;url&quot;:&quot;&quot;,&quot;id&quot;:&quot;&quot;,&quot;size&quot;:&quot;&quot;},&quot;jet_parallax_layout_image_mobile&quot;:{&quot;url&quot;:&quot;&quot;,&quot;id&quot;:&quot;&quot;,&quot;size&quot;:&quot;&quot;},&quot;jet_parallax_layout_speed&quot;:{&quot;unit&quot;:&quot;%&quot;,&quot;size&quot;:50,&quot;sizes&quot;:[]},&quot;jet_parallax_layout_type&quot;:&quot;scroll&quot;,&quot;jet_parallax_layout_direction&quot;:&quot;1&quot;,&quot;jet_parallax_layout_fx_direction&quot;:null,&quot;jet_parallax_layout_z_index&quot;:&quot;&quot;,&quot;jet_parallax_layout_bg_x&quot;:50,&quot;jet_parallax_layout_bg_x_tablet&quot;:&quot;&quot;,&quot;jet_parallax_layout_bg_x_mobile&quot;:&quot;&quot;,&quot;jet_parallax_layout_bg_y&quot;:50,&quot;jet_parallax_layout_bg_y_tablet&quot;:&quot;&quot;,&quot;jet_parallax_layout_bg_y_mobile&quot;:&quot;&quot;,&quot;jet_parallax_layout_bg_size&quot;:&quot;auto&quot;,&quot;jet_parallax_layout_bg_size_tablet&quot;:&quot;&quot;,&quot;jet_parallax_layout_bg_size_mobile&quot;:&quot;&quot;,&quot;jet_parallax_layout_animation_prop&quot;:&quot;transform&quot;,&quot;jet_parallax_layout_on&quot;:[&quot;desktop&quot;,&quot;tablet&quot;]}]}\">\n\t\t\t\t\t\t<div class=\"elementor-container elementor-column-gap-default\">\n\t\t\t\t\t<div class=\"elementor-column elementor-col-100 elementor-top-column elementor-element elementor-element-3835a87\" data-id=\"3835a87\" data-element_type=\"column\">\n\t\t\t<div class=\"elementor-widget-wrap elementor-element-populated\">\n\t\t\t\t\t\t<div class=\"elementor-element elementor-element-1b9d3e8 elementor-widget elementor-widget-html\" data-id=\"1b9d3e8\" data-element_type=\"widget\" data-widget_type=\"html.default\">\n\t\t\t\t\t<style>\n    h2, .h2-style{\n        font-size: 28px;\n    }\n<\/style>\t\t\t\t<\/div>\n\t\t\t\t\t<\/div>\n\t\t<\/div>\n\t\t\t\t\t<\/div>\n\t\t<\/section>\n\t\t\t\t<\/div>\n\t\t","protected":false},"excerpt":{"rendered":"<p>INSTITUI E REGULAMENTA A POL\u00cdTICA ESTADUAL DE GEST\u00c3O ESTRAT\u00c9GICA DE SUPRIMENTOS E A POL\u00cdTICA ESTADUAL DE COMPRAS CENTRALIZADAS NO \u00c2MBITO DO PODER EXECUTIVO DO ESTADO DO RIO DE JANEIRO, E D\u00c1 OUTRAS PROVID\u00caNCIAS. O GOVERNADOR DO ESTADO DO RIO DE JANEIRO, em exerc\u00edcio, no uso de suas atribui\u00e7\u00f5es legais e constitucionais, e tendo em vista [&hellip;]<\/p>\n","protected":false},"author":1,"featured_media":0,"comment_status":"closed","ping_status":"open","sticky":false,"template":"","format":"standard","meta":{"_joinchat":[],"footnotes":""},"categories":[23],"tags":[],"class_list":["post-9047","post","type-post","status-publish","format-standard","hentry","category-cat-legislacao"],"yoast_head":"<!-- This site is optimized with the Yoast SEO plugin v25.7 - https:\/\/yoast.com\/wordpress\/plugins\/seo\/ -->\n<title>DECRETO N\u00ba 47.525, DE 17 DE MAR\u00c7O DE 2021 - Redelog<\/title>\n<meta name=\"robots\" content=\"index, follow, max-snippet:-1, max-image-preview:large, max-video-preview:-1\" \/>\n<link rel=\"canonical\" href=\"https:\/\/redelog.rj.gov.br\/redelog\/decreto-47525\/\" \/>\n<meta property=\"og:locale\" content=\"pt_BR\" \/>\n<meta property=\"og:type\" content=\"article\" \/>\n<meta property=\"og:title\" content=\"DECRETO N\u00ba 47.525, DE 17 DE MAR\u00c7O DE 2021 - Redelog\" \/>\n<meta property=\"og:description\" content=\"INSTITUI E REGULAMENTA A POL\u00cdTICA ESTADUAL DE GEST\u00c3O ESTRAT\u00c9GICA DE SUPRIMENTOS E A POL\u00cdTICA ESTADUAL DE COMPRAS CENTRALIZADAS NO \u00c2MBITO DO PODER EXECUTIVO DO ESTADO DO RIO DE JANEIRO, E D\u00c1 OUTRAS PROVID\u00caNCIAS. O GOVERNADOR DO ESTADO DO RIO DE JANEIRO, em exerc\u00edcio, no uso de suas atribui\u00e7\u00f5es legais e constitucionais, e tendo em vista [&hellip;]\" \/>\n<meta property=\"og:url\" content=\"https:\/\/redelog.rj.gov.br\/redelog\/decreto-47525\/\" \/>\n<meta property=\"og:site_name\" content=\"Redelog\" \/>\n<meta property=\"article:published_time\" content=\"2022-01-12T14:25:26+00:00\" \/>\n<meta property=\"article:modified_time\" content=\"2023-10-18T14:39:44+00:00\" \/>\n<meta name=\"author\" content=\"alheiro\" \/>\n<meta name=\"twitter:card\" content=\"summary_large_image\" \/>\n<meta name=\"twitter:label1\" content=\"Escrito por\" \/>\n\t<meta name=\"twitter:data1\" content=\"alheiro\" \/>\n\t<meta name=\"twitter:label2\" content=\"Est. tempo de leitura\" \/>\n\t<meta name=\"twitter:data2\" content=\"7 minutos\" \/>\n<script type=\"application\/ld+json\" class=\"yoast-schema-graph\">{\"@context\":\"https:\/\/schema.org\",\"@graph\":[{\"@type\":\"Article\",\"@id\":\"https:\/\/redelog.rj.gov.br\/redelog\/decreto-47525\/#article\",\"isPartOf\":{\"@id\":\"https:\/\/redelog.rj.gov.br\/redelog\/decreto-47525\/\"},\"author\":{\"name\":\"alheiro\",\"@id\":\"https:\/\/redelog.rj.gov.br\/redelog\/#\/schema\/person\/1299ae2b7bfb510dd74c28ed239470fb\"},\"headline\":\"DECRETO N\u00ba 47.525, DE 17 DE MAR\u00c7O DE 2021\",\"datePublished\":\"2022-01-12T14:25:26+00:00\",\"dateModified\":\"2023-10-18T14:39:44+00:00\",\"mainEntityOfPage\":{\"@id\":\"https:\/\/redelog.rj.gov.br\/redelog\/decreto-47525\/\"},\"wordCount\":1809,\"publisher\":{\"@id\":\"https:\/\/redelog.rj.gov.br\/redelog\/#organization\"},\"articleSection\":[\"Legisla\u00e7\u00e3o\"],\"inLanguage\":\"pt-BR\"},{\"@type\":\"WebPage\",\"@id\":\"https:\/\/redelog.rj.gov.br\/redelog\/decreto-47525\/\",\"url\":\"https:\/\/redelog.rj.gov.br\/redelog\/decreto-47525\/\",\"name\":\"DECRETO N\u00ba 47.525, DE 17 DE MAR\u00c7O DE 2021 - Redelog\",\"isPartOf\":{\"@id\":\"https:\/\/redelog.rj.gov.br\/redelog\/#website\"},\"datePublished\":\"2022-01-12T14:25:26+00:00\",\"dateModified\":\"2023-10-18T14:39:44+00:00\",\"breadcrumb\":{\"@id\":\"https:\/\/redelog.rj.gov.br\/redelog\/decreto-47525\/#breadcrumb\"},\"inLanguage\":\"pt-BR\",\"potentialAction\":[{\"@type\":\"ReadAction\",\"target\":[\"https:\/\/redelog.rj.gov.br\/redelog\/decreto-47525\/\"]}]},{\"@type\":\"BreadcrumbList\",\"@id\":\"https:\/\/redelog.rj.gov.br\/redelog\/decreto-47525\/#breadcrumb\",\"itemListElement\":[{\"@type\":\"ListItem\",\"position\":1,\"name\":\"Home\",\"item\":\"https:\/\/redelog.rj.gov.br\/redelog\/\"},{\"@type\":\"ListItem\",\"position\":2,\"name\":\"DECRETO N\u00ba 47.525, DE 17 DE MAR\u00c7O DE 2021\"}]},{\"@type\":\"WebSite\",\"@id\":\"https:\/\/redelog.rj.gov.br\/redelog\/#website\",\"url\":\"https:\/\/redelog.rj.gov.br\/redelog\/\",\"name\":\"Redelog\",\"description\":\"Site da Rede de Log\u00edstica e Planejamento do Estado do Rio de Janeiro\",\"publisher\":{\"@id\":\"https:\/\/redelog.rj.gov.br\/redelog\/#organization\"},\"potentialAction\":[{\"@type\":\"SearchAction\",\"target\":{\"@type\":\"EntryPoint\",\"urlTemplate\":\"https:\/\/redelog.rj.gov.br\/redelog\/?s={search_term_string}\"},\"query-input\":{\"@type\":\"PropertyValueSpecification\",\"valueRequired\":true,\"valueName\":\"search_term_string\"}}],\"inLanguage\":\"pt-BR\"},{\"@type\":\"Organization\",\"@id\":\"https:\/\/redelog.rj.gov.br\/redelog\/#organization\",\"name\":\"REDELOG\",\"url\":\"https:\/\/redelog.rj.gov.br\/redelog\/\",\"logo\":{\"@type\":\"ImageObject\",\"inLanguage\":\"pt-BR\",\"@id\":\"https:\/\/redelog.rj.gov.br\/redelog\/#\/schema\/logo\/image\/\",\"url\":\"http:\/\/10.10.8.100:8888\/redelog\/wp-content\/uploads\/2019\/09\/Redelog2.png\",\"contentUrl\":\"http:\/\/10.10.8.100:8888\/redelog\/wp-content\/uploads\/2019\/09\/Redelog2.png\",\"width\":565,\"height\":155,\"caption\":\"REDELOG\"},\"image\":{\"@id\":\"https:\/\/redelog.rj.gov.br\/redelog\/#\/schema\/logo\/image\/\"}},{\"@type\":\"Person\",\"@id\":\"https:\/\/redelog.rj.gov.br\/redelog\/#\/schema\/person\/1299ae2b7bfb510dd74c28ed239470fb\",\"name\":\"alheiro\",\"image\":{\"@type\":\"ImageObject\",\"inLanguage\":\"pt-BR\",\"@id\":\"https:\/\/redelog.rj.gov.br\/redelog\/#\/schema\/person\/image\/\",\"url\":\"https:\/\/secure.gravatar.com\/avatar\/682da79d56fd06a1a63ccaa75b42ffe0c9b0609a62bc395d810f23f98140dcae?s=96&d=mm&r=g\",\"contentUrl\":\"https:\/\/secure.gravatar.com\/avatar\/682da79d56fd06a1a63ccaa75b42ffe0c9b0609a62bc395d810f23f98140dcae?s=96&d=mm&r=g\",\"caption\":\"alheiro\"},\"sameAs\":[\"http:\/\/10.9.108.118:3000\/redelog\"],\"url\":\"https:\/\/redelog.rj.gov.br\/redelog\/author\/alheiro\/\"}]}<\/script>\n<!-- \/ Yoast SEO plugin. -->","yoast_head_json":{"title":"DECRETO N\u00ba 47.525, DE 17 DE MAR\u00c7O DE 2021 - Redelog","robots":{"index":"index","follow":"follow","max-snippet":"max-snippet:-1","max-image-preview":"max-image-preview:large","max-video-preview":"max-video-preview:-1"},"canonical":"https:\/\/redelog.rj.gov.br\/redelog\/decreto-47525\/","og_locale":"pt_BR","og_type":"article","og_title":"DECRETO N\u00ba 47.525, DE 17 DE MAR\u00c7O DE 2021 - Redelog","og_description":"INSTITUI E REGULAMENTA A POL\u00cdTICA ESTADUAL DE GEST\u00c3O ESTRAT\u00c9GICA DE SUPRIMENTOS E A POL\u00cdTICA ESTADUAL DE COMPRAS CENTRALIZADAS NO \u00c2MBITO DO PODER EXECUTIVO DO ESTADO DO RIO DE JANEIRO, E D\u00c1 OUTRAS PROVID\u00caNCIAS. O GOVERNADOR DO ESTADO DO RIO DE JANEIRO, em exerc\u00edcio, no uso de suas atribui\u00e7\u00f5es legais e constitucionais, e tendo em vista [&hellip;]","og_url":"https:\/\/redelog.rj.gov.br\/redelog\/decreto-47525\/","og_site_name":"Redelog","article_published_time":"2022-01-12T14:25:26+00:00","article_modified_time":"2023-10-18T14:39:44+00:00","author":"alheiro","twitter_card":"summary_large_image","twitter_misc":{"Escrito por":"alheiro","Est. tempo de leitura":"7 minutos"},"schema":{"@context":"https:\/\/schema.org","@graph":[{"@type":"Article","@id":"https:\/\/redelog.rj.gov.br\/redelog\/decreto-47525\/#article","isPartOf":{"@id":"https:\/\/redelog.rj.gov.br\/redelog\/decreto-47525\/"},"author":{"name":"alheiro","@id":"https:\/\/redelog.rj.gov.br\/redelog\/#\/schema\/person\/1299ae2b7bfb510dd74c28ed239470fb"},"headline":"DECRETO N\u00ba 47.525, DE 17 DE MAR\u00c7O DE 2021","datePublished":"2022-01-12T14:25:26+00:00","dateModified":"2023-10-18T14:39:44+00:00","mainEntityOfPage":{"@id":"https:\/\/redelog.rj.gov.br\/redelog\/decreto-47525\/"},"wordCount":1809,"publisher":{"@id":"https:\/\/redelog.rj.gov.br\/redelog\/#organization"},"articleSection":["Legisla\u00e7\u00e3o"],"inLanguage":"pt-BR"},{"@type":"WebPage","@id":"https:\/\/redelog.rj.gov.br\/redelog\/decreto-47525\/","url":"https:\/\/redelog.rj.gov.br\/redelog\/decreto-47525\/","name":"DECRETO N\u00ba 47.525, DE 17 DE MAR\u00c7O DE 2021 - Redelog","isPartOf":{"@id":"https:\/\/redelog.rj.gov.br\/redelog\/#website"},"datePublished":"2022-01-12T14:25:26+00:00","dateModified":"2023-10-18T14:39:44+00:00","breadcrumb":{"@id":"https:\/\/redelog.rj.gov.br\/redelog\/decreto-47525\/#breadcrumb"},"inLanguage":"pt-BR","potentialAction":[{"@type":"ReadAction","target":["https:\/\/redelog.rj.gov.br\/redelog\/decreto-47525\/"]}]},{"@type":"BreadcrumbList","@id":"https:\/\/redelog.rj.gov.br\/redelog\/decreto-47525\/#breadcrumb","itemListElement":[{"@type":"ListItem","position":1,"name":"Home","item":"https:\/\/redelog.rj.gov.br\/redelog\/"},{"@type":"ListItem","position":2,"name":"DECRETO N\u00ba 47.525, DE 17 DE MAR\u00c7O DE 2021"}]},{"@type":"WebSite","@id":"https:\/\/redelog.rj.gov.br\/redelog\/#website","url":"https:\/\/redelog.rj.gov.br\/redelog\/","name":"Redelog","description":"Site da Rede de Log\u00edstica e Planejamento do Estado do Rio de Janeiro","publisher":{"@id":"https:\/\/redelog.rj.gov.br\/redelog\/#organization"},"potentialAction":[{"@type":"SearchAction","target":{"@type":"EntryPoint","urlTemplate":"https:\/\/redelog.rj.gov.br\/redelog\/?s={search_term_string}"},"query-input":{"@type":"PropertyValueSpecification","valueRequired":true,"valueName":"search_term_string"}}],"inLanguage":"pt-BR"},{"@type":"Organization","@id":"https:\/\/redelog.rj.gov.br\/redelog\/#organization","name":"REDELOG","url":"https:\/\/redelog.rj.gov.br\/redelog\/","logo":{"@type":"ImageObject","inLanguage":"pt-BR","@id":"https:\/\/redelog.rj.gov.br\/redelog\/#\/schema\/logo\/image\/","url":"http:\/\/10.10.8.100:8888\/redelog\/wp-content\/uploads\/2019\/09\/Redelog2.png","contentUrl":"http:\/\/10.10.8.100:8888\/redelog\/wp-content\/uploads\/2019\/09\/Redelog2.png","width":565,"height":155,"caption":"REDELOG"},"image":{"@id":"https:\/\/redelog.rj.gov.br\/redelog\/#\/schema\/logo\/image\/"}},{"@type":"Person","@id":"https:\/\/redelog.rj.gov.br\/redelog\/#\/schema\/person\/1299ae2b7bfb510dd74c28ed239470fb","name":"alheiro","image":{"@type":"ImageObject","inLanguage":"pt-BR","@id":"https:\/\/redelog.rj.gov.br\/redelog\/#\/schema\/person\/image\/","url":"https:\/\/secure.gravatar.com\/avatar\/682da79d56fd06a1a63ccaa75b42ffe0c9b0609a62bc395d810f23f98140dcae?s=96&d=mm&r=g","contentUrl":"https:\/\/secure.gravatar.com\/avatar\/682da79d56fd06a1a63ccaa75b42ffe0c9b0609a62bc395d810f23f98140dcae?s=96&d=mm&r=g","caption":"alheiro"},"sameAs":["http:\/\/10.9.108.118:3000\/redelog"],"url":"https:\/\/redelog.rj.gov.br\/redelog\/author\/alheiro\/"}]}},"_links":{"self":[{"href":"https:\/\/redelog.rj.gov.br\/redelog\/wp-json\/wp\/v2\/posts\/9047","targetHints":{"allow":["GET"]}}],"collection":[{"href":"https:\/\/redelog.rj.gov.br\/redelog\/wp-json\/wp\/v2\/posts"}],"about":[{"href":"https:\/\/redelog.rj.gov.br\/redelog\/wp-json\/wp\/v2\/types\/post"}],"author":[{"embeddable":true,"href":"https:\/\/redelog.rj.gov.br\/redelog\/wp-json\/wp\/v2\/users\/1"}],"replies":[{"embeddable":true,"href":"https:\/\/redelog.rj.gov.br\/redelog\/wp-json\/wp\/v2\/comments?post=9047"}],"version-history":[{"count":50,"href":"https:\/\/redelog.rj.gov.br\/redelog\/wp-json\/wp\/v2\/posts\/9047\/revisions"}],"predecessor-version":[{"id":25520,"href":"https:\/\/redelog.rj.gov.br\/redelog\/wp-json\/wp\/v2\/posts\/9047\/revisions\/25520"}],"wp:attachment":[{"href":"https:\/\/redelog.rj.gov.br\/redelog\/wp-json\/wp\/v2\/media?parent=9047"}],"wp:term":[{"taxonomy":"category","embeddable":true,"href":"https:\/\/redelog.rj.gov.br\/redelog\/wp-json\/wp\/v2\/categories?post=9047"},{"taxonomy":"post_tag","embeddable":true,"href":"https:\/\/redelog.rj.gov.br\/redelog\/wp-json\/wp\/v2\/tags?post=9047"}],"curies":[{"name":"wp","href":"https:\/\/api.w.org\/{rel}","templated":true}]}}