{"id":9046,"date":"2022-01-12T11:25:44","date_gmt":"2022-01-12T14:25:44","guid":{"rendered":"http:\/\/10.11.80.6\/redelog\/?p=9046"},"modified":"2022-08-19T11:14:26","modified_gmt":"2022-08-19T14:14:26","slug":"decreto-47588","status":"publish","type":"post","link":"https:\/\/redelog.rj.gov.br\/redelog\/decreto-47588\/","title":{"rendered":"DECRETO N\u00ba 47.588, DE 27 DE ABRIL DE 2021"},"content":{"rendered":"\t\t<div data-elementor-type=\"wp-post\" data-elementor-id=\"9046\" class=\"elementor elementor-9046\" data-elementor-post-type=\"post\">\n\t\t\t\t\t\t<section class=\"elementor-section elementor-top-section elementor-element elementor-element-6b1ca84 elementor-section-boxed elementor-section-height-default elementor-section-height-default\" data-id=\"6b1ca84\" data-element_type=\"section\" data-settings=\"{&quot;jet_parallax_layout_list&quot;:[{&quot;jet_parallax_layout_image&quot;:{&quot;url&quot;:&quot;&quot;,&quot;id&quot;:&quot;&quot;,&quot;size&quot;:&quot;&quot;},&quot;_id&quot;:&quot;b93b002&quot;,&quot;jet_parallax_layout_image_tablet&quot;:{&quot;url&quot;:&quot;&quot;,&quot;id&quot;:&quot;&quot;,&quot;size&quot;:&quot;&quot;},&quot;jet_parallax_layout_image_mobile&quot;:{&quot;url&quot;:&quot;&quot;,&quot;id&quot;:&quot;&quot;,&quot;size&quot;:&quot;&quot;},&quot;jet_parallax_layout_speed&quot;:{&quot;unit&quot;:&quot;%&quot;,&quot;size&quot;:50,&quot;sizes&quot;:[]},&quot;jet_parallax_layout_type&quot;:&quot;scroll&quot;,&quot;jet_parallax_layout_direction&quot;:&quot;1&quot;,&quot;jet_parallax_layout_fx_direction&quot;:null,&quot;jet_parallax_layout_z_index&quot;:&quot;&quot;,&quot;jet_parallax_layout_bg_x&quot;:50,&quot;jet_parallax_layout_bg_x_tablet&quot;:&quot;&quot;,&quot;jet_parallax_layout_bg_x_mobile&quot;:&quot;&quot;,&quot;jet_parallax_layout_bg_y&quot;:50,&quot;jet_parallax_layout_bg_y_tablet&quot;:&quot;&quot;,&quot;jet_parallax_layout_bg_y_mobile&quot;:&quot;&quot;,&quot;jet_parallax_layout_bg_size&quot;:&quot;auto&quot;,&quot;jet_parallax_layout_bg_size_tablet&quot;:&quot;&quot;,&quot;jet_parallax_layout_bg_size_mobile&quot;:&quot;&quot;,&quot;jet_parallax_layout_animation_prop&quot;:&quot;transform&quot;,&quot;jet_parallax_layout_on&quot;:[&quot;desktop&quot;,&quot;tablet&quot;]}]}\">\n\t\t\t\t\t\t<div class=\"elementor-container elementor-column-gap-default\">\n\t\t\t\t\t<div class=\"elementor-column elementor-col-100 elementor-top-column elementor-element elementor-element-d931921\" data-id=\"d931921\" data-element_type=\"column\">\n\t\t\t<div class=\"elementor-widget-wrap elementor-element-populated\">\n\t\t\t\t\t\t<section class=\"elementor-section elementor-inner-section elementor-element elementor-element-10c1e53 elementor-section-boxed elementor-section-height-default elementor-section-height-default\" data-id=\"10c1e53\" data-element_type=\"section\" data-settings=\"{&quot;jet_parallax_layout_list&quot;:[{&quot;jet_parallax_layout_image&quot;:{&quot;url&quot;:&quot;&quot;,&quot;id&quot;:&quot;&quot;,&quot;size&quot;:&quot;&quot;},&quot;_id&quot;:&quot;e77186f&quot;,&quot;jet_parallax_layout_image_tablet&quot;:{&quot;url&quot;:&quot;&quot;,&quot;id&quot;:&quot;&quot;,&quot;size&quot;:&quot;&quot;},&quot;jet_parallax_layout_image_mobile&quot;:{&quot;url&quot;:&quot;&quot;,&quot;id&quot;:&quot;&quot;,&quot;size&quot;:&quot;&quot;},&quot;jet_parallax_layout_speed&quot;:{&quot;unit&quot;:&quot;%&quot;,&quot;size&quot;:50,&quot;sizes&quot;:[]},&quot;jet_parallax_layout_type&quot;:&quot;scroll&quot;,&quot;jet_parallax_layout_direction&quot;:&quot;1&quot;,&quot;jet_parallax_layout_fx_direction&quot;:null,&quot;jet_parallax_layout_z_index&quot;:&quot;&quot;,&quot;jet_parallax_layout_bg_x&quot;:50,&quot;jet_parallax_layout_bg_x_tablet&quot;:&quot;&quot;,&quot;jet_parallax_layout_bg_x_mobile&quot;:&quot;&quot;,&quot;jet_parallax_layout_bg_y&quot;:50,&quot;jet_parallax_layout_bg_y_tablet&quot;:&quot;&quot;,&quot;jet_parallax_layout_bg_y_mobile&quot;:&quot;&quot;,&quot;jet_parallax_layout_bg_size&quot;:&quot;auto&quot;,&quot;jet_parallax_layout_bg_size_tablet&quot;:&quot;&quot;,&quot;jet_parallax_layout_bg_size_mobile&quot;:&quot;&quot;,&quot;jet_parallax_layout_animation_prop&quot;:&quot;transform&quot;,&quot;jet_parallax_layout_on&quot;:[&quot;desktop&quot;,&quot;tablet&quot;]}]}\">\n\t\t\t\t\t\t<div class=\"elementor-container elementor-column-gap-default\">\n\t\t\t\t\t<div class=\"elementor-column elementor-col-50 elementor-inner-column elementor-element elementor-element-2627f1a\" data-id=\"2627f1a\" data-element_type=\"column\">\n\t\t\t<div class=\"elementor-widget-wrap\">\n\t\t\t\t\t\t\t<\/div>\n\t\t<\/div>\n\t\t\t\t<div class=\"elementor-column elementor-col-50 elementor-inner-column elementor-element elementor-element-0015858\" data-id=\"0015858\" data-element_type=\"column\">\n\t\t\t<div class=\"elementor-widget-wrap elementor-element-populated\">\n\t\t\t\t\t\t<div class=\"elementor-element elementor-element-6879521 elementor-widget elementor-widget-text-editor\" data-id=\"6879521\" data-element_type=\"widget\" data-widget_type=\"text-editor.default\">\n\t\t\t\t\t\t\t\t\t<p style=\"text-align: justify;\"><strong><del datetime=\"2022-08-19T14:07:56+00:00\">DISP\u00d5E SOBRE PROCESSOS DE CONTRATA\u00c7\u00d5ES NA ADMINISTRA\u00c7\u00c3O P\u00daBLICA PARA ENFRENTAMENTO DOS EFEITOS DO PER\u00cdODO DE CALAMIDADE P\u00daBLICA E D\u00c1 OUTRAS PROVID\u00caNCIAS.<\/del><\/strong><\/p>\t\t\t\t\t\t\t\t<\/div>\n\t\t\t\t\t<\/div>\n\t\t<\/div>\n\t\t\t\t\t<\/div>\n\t\t<\/section>\n\t\t\t\t\t<\/div>\n\t\t<\/div>\n\t\t\t\t\t<\/div>\n\t\t<\/section>\n\t\t\t\t<section class=\"elementor-section elementor-top-section elementor-element elementor-element-73b47f8 elementor-section-boxed elementor-section-height-default elementor-section-height-default\" data-id=\"73b47f8\" data-element_type=\"section\" data-settings=\"{&quot;jet_parallax_layout_list&quot;:[{&quot;jet_parallax_layout_image&quot;:{&quot;url&quot;:&quot;&quot;,&quot;id&quot;:&quot;&quot;,&quot;size&quot;:&quot;&quot;},&quot;_id&quot;:&quot;aea5236&quot;,&quot;jet_parallax_layout_image_tablet&quot;:{&quot;url&quot;:&quot;&quot;,&quot;id&quot;:&quot;&quot;,&quot;size&quot;:&quot;&quot;},&quot;jet_parallax_layout_image_mobile&quot;:{&quot;url&quot;:&quot;&quot;,&quot;id&quot;:&quot;&quot;,&quot;size&quot;:&quot;&quot;},&quot;jet_parallax_layout_speed&quot;:{&quot;unit&quot;:&quot;%&quot;,&quot;size&quot;:50,&quot;sizes&quot;:[]},&quot;jet_parallax_layout_type&quot;:&quot;scroll&quot;,&quot;jet_parallax_layout_direction&quot;:&quot;1&quot;,&quot;jet_parallax_layout_fx_direction&quot;:null,&quot;jet_parallax_layout_z_index&quot;:&quot;&quot;,&quot;jet_parallax_layout_bg_x&quot;:50,&quot;jet_parallax_layout_bg_x_tablet&quot;:&quot;&quot;,&quot;jet_parallax_layout_bg_x_mobile&quot;:&quot;&quot;,&quot;jet_parallax_layout_bg_y&quot;:50,&quot;jet_parallax_layout_bg_y_tablet&quot;:&quot;&quot;,&quot;jet_parallax_layout_bg_y_mobile&quot;:&quot;&quot;,&quot;jet_parallax_layout_bg_size&quot;:&quot;auto&quot;,&quot;jet_parallax_layout_bg_size_tablet&quot;:&quot;&quot;,&quot;jet_parallax_layout_bg_size_mobile&quot;:&quot;&quot;,&quot;jet_parallax_layout_animation_prop&quot;:&quot;transform&quot;,&quot;jet_parallax_layout_on&quot;:[&quot;desktop&quot;,&quot;tablet&quot;]}]}\">\n\t\t\t\t\t\t<div class=\"elementor-container elementor-column-gap-default\">\n\t\t\t\t\t<div class=\"elementor-column elementor-col-100 elementor-top-column elementor-element elementor-element-52ede11\" data-id=\"52ede11\" data-element_type=\"column\">\n\t\t\t<div class=\"elementor-widget-wrap elementor-element-populated\">\n\t\t\t\t\t\t<div class=\"elementor-element elementor-element-5de7814 elementor-widget elementor-widget-text-editor\" data-id=\"5de7814\" data-element_type=\"widget\" data-widget_type=\"text-editor.default\">\n\t\t\t\t\t\t\t\t\t<p><del datetime=\"2022-08-19T14:07:56+00:00\"><strong>O GOVERNADOR DO ESTADO DO RIO DE JANEIRO<\/strong>, em exerc\u00edcio, no uso de suas atribui\u00e7\u00f5es constitucionais, e o contido no Processo n\u00ba SEI-150001\/004976\/2021,<\/del><\/p><p><del datetime=\"2022-08-19T14:07:56+00:00\"><strong>CONSIDERANDO<\/strong>:<\/del><\/p><p><del datetime=\"2022-08-19T14:07:56+00:00\">&#8211; a necessidade de observ\u00e2ncia do adequado planejamento das a\u00e7\u00f5es do Governo do Estado do Rio de Janeiro no que tange a execu\u00e7\u00e3o or\u00e7ament\u00e1ria, em aten\u00e7\u00e3o as regras da Lei de Responsabilidade Fiscal e a necessidade de atender as exig\u00eancias do Regime de Recupera\u00e7\u00e3o Fiscal;<\/del><\/p><p><del datetime=\"2022-08-19T14:07:56+00:00\">&#8211; a necessidade de orientar e priorizar os gastos p\u00fablicos no atendimento de programas, projetos e a\u00e7\u00f5es estrat\u00e9gicas visando a melhoria da qualidade de vida da popula\u00e7\u00e3o fluminense, a retomada da economia e o desenvolvimento do Estado;<\/del><\/p><p><del datetime=\"2022-08-19T14:07:56+00:00\">&#8211; a necessidade de priorizar e adequar os gastos p\u00fablicos \u00e0s despesas essenciais e de maior relev\u00e2ncia;<\/del><\/p><p><del datetime=\"2022-08-19T14:07:56+00:00\">&#8211; a necessidade de assegurar recursos necess\u00e1rios para o enfrentamento da emerg\u00eancia de sa\u00fade p\u00fablica de import\u00e2ncia internacional decorrente do coronav\u00edrus (COVID-19);<\/del><\/p><p><del datetime=\"2022-08-19T14:07:56+00:00\">&#8211; o Princ\u00edpio do Equil\u00edbrio Or\u00e7ament\u00e1rio que determina ado\u00e7\u00e3o de ajuste entre receita e despesa, para que n\u00e3o ocorra execu\u00e7\u00e3o de despesas acima da receita arrecada na Lei Or\u00e7ament\u00e1ria Anual;<\/del><\/p><p><del datetime=\"2022-08-19T14:07:56+00:00\"><strong>DECRETA:<\/strong><\/del><\/p><p><del datetime=\"2022-08-19T14:07:56+00:00\"><strong>Art. 1\u00ba<\/strong> &#8211; Para celebra\u00e7\u00e3o de novos contratos no \u00e2mbito do Poder Executivo do Estado do Rio de Janeiro dever\u00e1 ser observado o valor contratado de itens similares em contrata\u00e7\u00f5es anteriores no \u00e2mbito do pr\u00f3prio \u00f3rg\u00e3o ou entidade, inclusive \u00e0queles relacionados a processos em andamento, prorroga\u00e7\u00f5es e aditivos que importem em aumento quantitativo ou qualitativo, desde que, em ambos os casos, resultem em aumento de despesas.<\/del><\/p><p><del datetime=\"2022-08-19T14:07:56+00:00\"><strong>\u00a7 1\u00ba<\/strong> &#8211; Na aus\u00eancia de valores similares em contrata\u00e7\u00f5es anteriores no \u00e2mbito do pr\u00f3prio \u00f3rg\u00e3o ou entidade, poder\u00e3o ser utilizados como refer\u00eancia os valores contratados por outros \u00f3rg\u00e3os e entidades do Poder Executivo Estadual.<\/del><\/p><p><del datetime=\"2022-08-19T14:07:56+00:00\"><strong>\u00a7 2\u00ba<\/strong> &#8211; Na aus\u00eancia de refer\u00eancias de valores contratados por outros \u00f3rg\u00e3os e entidades do Poder Executivo Estadual, poder\u00e1 proceder-se com a contrata\u00e7\u00e3o, mediante decis\u00e3o justificada pelo setor competente para aprova\u00e7\u00e3o do Ordenador de Despesas e ci\u00eancia do Titular da Pasta, nos termos do art. 3\u00ba.<\/del><\/p><p><del datetime=\"2022-08-19T14:07:56+00:00\"><strong>Art. 2\u00ba<\/strong> &#8211; As consultas \u00e0s Atas de Registro de Pre\u00e7o s\u00e3o obrigat\u00f3rias e devem ser realizadas na fase preparat\u00f3ria das licita\u00e7\u00f5es e, em caso de termo aditivo e prorroga\u00e7\u00e3o contratual, antes da formaliza\u00e7\u00e3o do instrumento.<\/del><\/p><p><del datetime=\"2022-08-19T14:07:56+00:00\"><strong>\u00a7 1\u00ba<\/strong> &#8211; Ficam excepcionadas da obriga\u00e7\u00e3o constante do caput as hip\u00f3teses de:<\/del><\/p><p><del datetime=\"2022-08-19T14:07:56+00:00\">I &#8211; Reajuste e repactua\u00e7\u00e3o de contratos;<\/del><\/p><p><del datetime=\"2022-08-19T14:07:56+00:00\">II &#8211; Contrata\u00e7\u00e3o de Obras e de servi\u00e7os especializados de engenharia;<\/del><\/p><p><del datetime=\"2022-08-19T14:07:56+00:00\">III &#8211; Contrata\u00e7\u00e3o direta por inexigibilidade de licita\u00e7\u00e3o.<\/del><\/p><p><del datetime=\"2022-08-19T14:07:56+00:00\"><strong>\u00a7 2\u00ba<\/strong> &#8211; A consulta de que trata o caput deste artigo, dever\u00e1 ser realizada por meio de juntada de comprovante de pesquisa no Portal de Compras P\u00fablicas do Estado do Rio de Janeiro e no Portal de Compras do Governo Federal.<\/del><\/p><p><del datetime=\"2022-08-19T14:07:56+00:00\"><strong>\u00a7 3\u00ba<\/strong> &#8211; Caso haja Ata de Registro de Pre\u00e7o vigente, o \u00f3rg\u00e3o licitante dever\u00e1 optar pela Ata desde que esta seja mais vantajosa para a Administra\u00e7\u00e3o P\u00fablica.<\/del><\/p><p><del datetime=\"2022-08-19T14:07:56+00:00\"><strong>\u00a7 4\u00ba<\/strong> &#8211; O ordenador respons\u00e1vel dever\u00e1 expor os motivos da n\u00e3o ades\u00e3o \u00e0s Atas de Registro de Pre\u00e7os encontradas e da vantajosidade da contrata\u00e7\u00e3o ou aquisi\u00e7\u00e3o.<\/del><\/p><p><del datetime=\"2022-08-19T14:07:56+00:00\"><strong>Art. 3\u00ba<\/strong> &#8211; Ap\u00f3s o cumprimento do disposto nos artigos 1\u00ba e 2\u00ba, as unidades dever\u00e3o encaminhar seus processos de aquisi\u00e7\u00e3o e contrata\u00e7\u00e3o, para an\u00e1lise e emiss\u00e3o de Nota T\u00e9cnica, \u00e0 Secretaria de Estado de Planejamento e Gest\u00e3o, atrav\u00e9s da unidade SEI \u201cSEPLAG\/ASSAPC\u201d.<\/del><\/p><p><del datetime=\"2022-08-19T14:07:56+00:00\"><strong>\u00a7 1\u00ba<\/strong> &#8211; Ficam subordinados \u00e0s disposi\u00e7\u00f5es deste artigo os processos de celebra\u00e7\u00e3o de Termo de Ajuste de Contas, observando as disposi\u00e7\u00f5es do Decreto n\u00ba 47.283, de 17 de setembro de 2020.<\/del><\/p><p><del datetime=\"2022-08-19T14:07:56+00:00\"><strong>\u00a7 2\u00ba<\/strong> &#8211; Ficam excepcionadas do disposto no caput deste artigo os processos de aquisi\u00e7\u00e3o e contrata\u00e7\u00e3o de:<\/del><\/p><p><del datetime=\"2022-08-19T14:07:56+00:00\">I &#8211; Dispensa de licita\u00e7\u00e3o, por pequeno valor, na forma do art. 24, incisos I e II da Lei n\u00ba 8.666, de 21 de junho de 1993;<\/del><\/p><p><del datetime=\"2022-08-19T14:07:56+00:00\">II &#8211; Concession\u00e1rias de Servi\u00e7o P\u00fablico;<\/del><\/p><p><del datetime=\"2022-08-19T14:07:56+00:00\">III &#8211; Publica\u00e7\u00e3o em di\u00e1rio oficial;<\/del><\/p><p><del datetime=\"2022-08-19T14:07:56+00:00\">IV &#8211; Contrata\u00e7\u00e3o de Servi\u00e7os Postais da Empresa de Correios e Tel\u00e9grafos &#8211; ECT.<\/del><\/p><p><del datetime=\"2022-08-19T14:07:56+00:00\"><strong>Art. 4\u00ba<\/strong> &#8211; Ficam subordinados ao previsto no artigo 3\u00ba deste Decreto os processos de aquisi\u00e7\u00f5es e contrata\u00e7\u00f5es emergenciais, devendo os \u00f3rg\u00e3o e entidades informar o n\u00famero do processo SEI referente ao procedimento licitat\u00f3rio para regulariza\u00e7\u00e3o da contrata\u00e7\u00e3o.<\/del><\/p><p><del datetime=\"2022-08-19T14:07:56+00:00\"><strong>Art. 5\u00ba<\/strong> &#8211; As disposi\u00e7\u00f5es constantes neste Decreto n\u00e3o excetuam a necessidade de avalia\u00e7\u00e3o da despesa pelo Comit\u00ea de Programa\u00e7\u00e3o das Despesas P\u00fablicas do Estado do Rio de Janeiro, nos termos dos atos editados pelo pr\u00f3prio Comit\u00ea.<\/del><\/p><p><del datetime=\"2022-08-19T14:07:56+00:00\"><strong>Art. 6\u00ba<\/strong> &#8211; As medidas estabelecidas neste Decreto, sem preju\u00edzo de outras que se fa\u00e7am necess\u00e1rias, dever\u00e3o ser observadas e cumpridas de forma imediata pelos Secret\u00e1rios de Estado e os Dirigentes m\u00e1ximos dos \u00d3rg\u00e3os e Entidades da Administra\u00e7\u00e3o P\u00fablica Direta, Aut\u00e1rquica e Fundacional do Poder Executivo Estadual, bem como das Empresas P\u00fablicas e Sociedades de Economia Mista dependentes.<\/del><\/p><p><del datetime=\"2022-08-19T14:07:56+00:00\"><strong>Art. 7\u00ba<\/strong> &#8211; A Secretaria de Estado de Planejamento e Gest\u00e3o &#8211; SEPLAG, dentro de suas compet\u00eancias, poder\u00e1 editar normas complementares para disciplinar e orientar as demais unidades administrativas quanto ao cumprimento das disposi\u00e7\u00f5es deste Decreto.<\/del><\/p><p><del datetime=\"2022-08-19T14:07:56+00:00\"><strong>Art. 8\u00ba<\/strong> &#8211; Este Decreto entra em vigor na data de sua publica\u00e7\u00e3o, ficando revogados os Decretos n\u00ba 46.993, de 25 de mar\u00e7o de 2020 e n\u00ba 47.242, de 31 de agosto de 2020, bem como as normatiza\u00e7\u00f5es deles decorrentes, incluindo a Resolu\u00e7\u00e3o SEPLAG n\u00ba 20, de 08 de setembro de 2020.<\/del><\/p><p style=\"text-align: center;\"><del datetime=\"2022-08-19T14:07:56+00:00\">Rio de Janeiro, 27 de abril de 2021<\/del><\/p><p style=\"text-align: center;\"><strong><del datetime=\"2022-08-19T14:07:56+00:00\">CL\u00c1UDIO CASTRO<\/del><\/strong><\/p><p style=\"text-align: center;\"><del datetime=\"2022-08-19T14:07:56+00:00\">Governador em Exerc\u00edcio<\/del><\/p><p style=\"text-align: right;\">Id: 2313216<\/p>\t\t\t\t\t\t\t\t<\/div>\n\t\t\t\t\t<\/div>\n\t\t<\/div>\n\t\t\t\t\t<\/div>\n\t\t<\/section>\n\t\t\t\t<section class=\"elementor-section elementor-top-section elementor-element elementor-element-6220ba7 elementor-section-boxed elementor-section-height-default elementor-section-height-default\" data-id=\"6220ba7\" data-element_type=\"section\" data-settings=\"{&quot;jet_parallax_layout_list&quot;:[{&quot;jet_parallax_layout_image&quot;:{&quot;url&quot;:&quot;&quot;,&quot;id&quot;:&quot;&quot;,&quot;size&quot;:&quot;&quot;},&quot;_id&quot;:&quot;04dd098&quot;,&quot;jet_parallax_layout_image_tablet&quot;:{&quot;url&quot;:&quot;&quot;,&quot;id&quot;:&quot;&quot;,&quot;size&quot;:&quot;&quot;},&quot;jet_parallax_layout_image_mobile&quot;:{&quot;url&quot;:&quot;&quot;,&quot;id&quot;:&quot;&quot;,&quot;size&quot;:&quot;&quot;},&quot;jet_parallax_layout_speed&quot;:{&quot;unit&quot;:&quot;%&quot;,&quot;size&quot;:50,&quot;sizes&quot;:[]},&quot;jet_parallax_layout_type&quot;:&quot;scroll&quot;,&quot;jet_parallax_layout_direction&quot;:&quot;1&quot;,&quot;jet_parallax_layout_fx_direction&quot;:null,&quot;jet_parallax_layout_z_index&quot;:&quot;&quot;,&quot;jet_parallax_layout_bg_x&quot;:50,&quot;jet_parallax_layout_bg_x_tablet&quot;:&quot;&quot;,&quot;jet_parallax_layout_bg_x_mobile&quot;:&quot;&quot;,&quot;jet_parallax_layout_bg_y&quot;:50,&quot;jet_parallax_layout_bg_y_tablet&quot;:&quot;&quot;,&quot;jet_parallax_layout_bg_y_mobile&quot;:&quot;&quot;,&quot;jet_parallax_layout_bg_size&quot;:&quot;auto&quot;,&quot;jet_parallax_layout_bg_size_tablet&quot;:&quot;&quot;,&quot;jet_parallax_layout_bg_size_mobile&quot;:&quot;&quot;,&quot;jet_parallax_layout_animation_prop&quot;:&quot;transform&quot;,&quot;jet_parallax_layout_on&quot;:[&quot;desktop&quot;,&quot;tablet&quot;]}]}\">\n\t\t\t\t\t\t<div class=\"elementor-container elementor-column-gap-default\">\n\t\t\t\t\t<div class=\"elementor-column elementor-col-100 elementor-top-column elementor-element elementor-element-048b9c2\" data-id=\"048b9c2\" data-element_type=\"column\">\n\t\t\t<div class=\"elementor-widget-wrap elementor-element-populated\">\n\t\t\t\t\t\t<div class=\"elementor-element elementor-element-8e6715d elementor-widget elementor-widget-text-editor\" data-id=\"8e6715d\" data-element_type=\"widget\" data-widget_type=\"text-editor.default\">\n\t\t\t\t\t\t\t\t\t<p><em>Publicada no DOE em <strong><a href=\"http:\/\/redelog.rj.gov.br\/redelog\/wp-content\/uploads\/2022\/01\/Decreto-no-47.588-2021-Dispoe-sobre-os-processos-de-contratacoes-Austeridade.pdf\" target=\"_blank\" rel=\"noopener\">28\/04\/2021<\/a><\/strong>.<\/em><\/p><p><em>Revogado pelo <a href=\"https:\/\/redelog.rj.gov.br\/redelog\/decreto-no-48-179-de-15-de-agosto-de-2022\/\"><strong>Decreto n\u00ba 48.179, de 15 de agosto de 2022<\/strong><\/a>, publicado no DO em <a href=\"https:\/\/www.redelog.rj.gov.br\/redelog\/wp-content\/uploads\/2022\/08\/Decreto-no-47.179-Boas-praticas-nas-contratacoes-e-revoga-o-Decreto-no-47.588-e-o-\u00a73o-do-art.-4o-do-Decreto-no-46.751.pdf\"><strong>16\/08\/2022<\/strong><\/a>.<\/em><\/p>\t\t\t\t\t\t\t\t<\/div>\n\t\t\t\t\t<\/div>\n\t\t<\/div>\n\t\t\t\t\t<\/div>\n\t\t<\/section>\n\t\t\t\t<section class=\"elementor-section elementor-top-section elementor-element elementor-element-3f63e32 elementor-section-boxed elementor-section-height-default elementor-section-height-default\" data-id=\"3f63e32\" data-element_type=\"section\" data-settings=\"{&quot;jet_parallax_layout_list&quot;:[{&quot;jet_parallax_layout_image&quot;:{&quot;url&quot;:&quot;&quot;,&quot;id&quot;:&quot;&quot;,&quot;size&quot;:&quot;&quot;},&quot;_id&quot;:&quot;ab030fc&quot;,&quot;jet_parallax_layout_image_tablet&quot;:{&quot;url&quot;:&quot;&quot;,&quot;id&quot;:&quot;&quot;,&quot;size&quot;:&quot;&quot;},&quot;jet_parallax_layout_image_mobile&quot;:{&quot;url&quot;:&quot;&quot;,&quot;id&quot;:&quot;&quot;,&quot;size&quot;:&quot;&quot;},&quot;jet_parallax_layout_speed&quot;:{&quot;unit&quot;:&quot;%&quot;,&quot;size&quot;:50,&quot;sizes&quot;:[]},&quot;jet_parallax_layout_type&quot;:&quot;scroll&quot;,&quot;jet_parallax_layout_direction&quot;:&quot;1&quot;,&quot;jet_parallax_layout_fx_direction&quot;:null,&quot;jet_parallax_layout_z_index&quot;:&quot;&quot;,&quot;jet_parallax_layout_bg_x&quot;:50,&quot;jet_parallax_layout_bg_x_tablet&quot;:&quot;&quot;,&quot;jet_parallax_layout_bg_x_mobile&quot;:&quot;&quot;,&quot;jet_parallax_layout_bg_y&quot;:50,&quot;jet_parallax_layout_bg_y_tablet&quot;:&quot;&quot;,&quot;jet_parallax_layout_bg_y_mobile&quot;:&quot;&quot;,&quot;jet_parallax_layout_bg_size&quot;:&quot;auto&quot;,&quot;jet_parallax_layout_bg_size_tablet&quot;:&quot;&quot;,&quot;jet_parallax_layout_bg_size_mobile&quot;:&quot;&quot;,&quot;jet_parallax_layout_animation_prop&quot;:&quot;transform&quot;,&quot;jet_parallax_layout_on&quot;:[&quot;desktop&quot;,&quot;tablet&quot;]}]}\">\n\t\t\t\t\t\t<div class=\"elementor-container elementor-column-gap-default\">\n\t\t\t\t\t<div class=\"elementor-column elementor-col-100 elementor-top-column elementor-element elementor-element-a3010c3\" data-id=\"a3010c3\" data-element_type=\"column\">\n\t\t\t<div class=\"elementor-widget-wrap elementor-element-populated\">\n\t\t\t\t\t\t<div class=\"elementor-element elementor-element-65acbdf elementor-widget-divider--view-line elementor-widget elementor-widget-divider\" data-id=\"65acbdf\" data-element_type=\"widget\" data-widget_type=\"divider.default\">\n\t\t\t\t\t\t\t<div class=\"elementor-divider\">\n\t\t\t<span class=\"elementor-divider-separator\">\n\t\t\t\t\t\t<\/span>\n\t\t<\/div>\n\t\t\t\t\t\t<\/div>\n\t\t\t\t\t<\/div>\n\t\t<\/div>\n\t\t\t\t\t<\/div>\n\t\t<\/section>\n\t\t\t\t<section class=\"elementor-section elementor-top-section elementor-element elementor-element-c4f45cd elementor-section-boxed elementor-section-height-default elementor-section-height-default\" data-id=\"c4f45cd\" data-element_type=\"section\" id=\"options\" data-settings=\"{&quot;jet_parallax_layout_list&quot;:[{&quot;jet_parallax_layout_image&quot;:{&quot;url&quot;:&quot;&quot;,&quot;id&quot;:&quot;&quot;,&quot;size&quot;:&quot;&quot;},&quot;_id&quot;:&quot;19d7213&quot;,&quot;jet_parallax_layout_image_tablet&quot;:{&quot;url&quot;:&quot;&quot;,&quot;id&quot;:&quot;&quot;,&quot;size&quot;:&quot;&quot;},&quot;jet_parallax_layout_image_mobile&quot;:{&quot;url&quot;:&quot;&quot;,&quot;id&quot;:&quot;&quot;,&quot;size&quot;:&quot;&quot;},&quot;jet_parallax_layout_speed&quot;:{&quot;unit&quot;:&quot;%&quot;,&quot;size&quot;:50,&quot;sizes&quot;:[]},&quot;jet_parallax_layout_type&quot;:&quot;scroll&quot;,&quot;jet_parallax_layout_direction&quot;:&quot;1&quot;,&quot;jet_parallax_layout_fx_direction&quot;:null,&quot;jet_parallax_layout_z_index&quot;:&quot;&quot;,&quot;jet_parallax_layout_bg_x&quot;:50,&quot;jet_parallax_layout_bg_x_tablet&quot;:&quot;&quot;,&quot;jet_parallax_layout_bg_x_mobile&quot;:&quot;&quot;,&quot;jet_parallax_layout_bg_y&quot;:50,&quot;jet_parallax_layout_bg_y_tablet&quot;:&quot;&quot;,&quot;jet_parallax_layout_bg_y_mobile&quot;:&quot;&quot;,&quot;jet_parallax_layout_bg_size&quot;:&quot;auto&quot;,&quot;jet_parallax_layout_bg_size_tablet&quot;:&quot;&quot;,&quot;jet_parallax_layout_bg_size_mobile&quot;:&quot;&quot;,&quot;jet_parallax_layout_animation_prop&quot;:&quot;transform&quot;,&quot;jet_parallax_layout_on&quot;:[&quot;desktop&quot;,&quot;tablet&quot;]}]}\">\n\t\t\t\t\t\t<div class=\"elementor-container elementor-column-gap-default\">\n\t\t\t\t\t<div class=\"elementor-column elementor-col-100 elementor-top-column elementor-element elementor-element-4032975\" data-id=\"4032975\" data-element_type=\"column\">\n\t\t\t<div class=\"elementor-widget-wrap elementor-element-populated\">\n\t\t\t\t\t\t<div class=\"elementor-element elementor-element-4716a18 elementor-widget elementor-widget-shortcode\" data-id=\"4716a18\" data-element_type=\"widget\" data-widget_type=\"shortcode.default\">\n\t\t\t\t\t\t\t<div class=\"elementor-shortcode\"><div class='printomatic pom-default ' id='id5478' alt='Imprimir' title='Imprimir' data-print_target='#post-9046'><\/div> <div class='printomatictext' id='id5478' alt='Imprimir' title='Imprimir' data-print_target='#post-9046'>Imprimir<\/div><div style='clear: both;'><\/div><\/div>\n\t\t\t\t\t\t<\/div>\n\t\t\t\t<section class=\"elementor-section elementor-inner-section elementor-element elementor-element-3c9a862 elementor-section-boxed elementor-section-height-default elementor-section-height-default\" data-id=\"3c9a862\" data-element_type=\"section\" data-settings=\"{&quot;jet_parallax_layout_list&quot;:[{&quot;jet_parallax_layout_image&quot;:{&quot;url&quot;:&quot;&quot;,&quot;id&quot;:&quot;&quot;,&quot;size&quot;:&quot;&quot;},&quot;_id&quot;:&quot;ccec7d1&quot;,&quot;jet_parallax_layout_image_tablet&quot;:{&quot;url&quot;:&quot;&quot;,&quot;id&quot;:&quot;&quot;,&quot;size&quot;:&quot;&quot;},&quot;jet_parallax_layout_image_mobile&quot;:{&quot;url&quot;:&quot;&quot;,&quot;id&quot;:&quot;&quot;,&quot;size&quot;:&quot;&quot;},&quot;jet_parallax_layout_speed&quot;:{&quot;unit&quot;:&quot;%&quot;,&quot;size&quot;:50,&quot;sizes&quot;:[]},&quot;jet_parallax_layout_type&quot;:&quot;scroll&quot;,&quot;jet_parallax_layout_direction&quot;:&quot;1&quot;,&quot;jet_parallax_layout_fx_direction&quot;:null,&quot;jet_parallax_layout_z_index&quot;:&quot;&quot;,&quot;jet_parallax_layout_bg_x&quot;:50,&quot;jet_parallax_layout_bg_x_tablet&quot;:&quot;&quot;,&quot;jet_parallax_layout_bg_x_mobile&quot;:&quot;&quot;,&quot;jet_parallax_layout_bg_y&quot;:50,&quot;jet_parallax_layout_bg_y_tablet&quot;:&quot;&quot;,&quot;jet_parallax_layout_bg_y_mobile&quot;:&quot;&quot;,&quot;jet_parallax_layout_bg_size&quot;:&quot;auto&quot;,&quot;jet_parallax_layout_bg_size_tablet&quot;:&quot;&quot;,&quot;jet_parallax_layout_bg_size_mobile&quot;:&quot;&quot;,&quot;jet_parallax_layout_animation_prop&quot;:&quot;transform&quot;,&quot;jet_parallax_layout_on&quot;:[&quot;desktop&quot;,&quot;tablet&quot;]}]}\">\n\t\t\t\t\t\t<div class=\"elementor-container elementor-column-gap-default\">\n\t\t\t\t\t<div class=\"elementor-column elementor-col-50 elementor-inner-column elementor-element elementor-element-29339bd\" data-id=\"29339bd\" data-element_type=\"column\">\n\t\t\t<div class=\"elementor-widget-wrap elementor-element-populated\">\n\t\t\t\t\t\t<div class=\"elementor-element elementor-element-bd9d115 elementor-widget elementor-widget-text-editor\" data-id=\"bd9d115\" data-element_type=\"widget\" data-widget_type=\"text-editor.default\">\n\t\t\t\t\t\t\t\t\t<p><strong><a href=\"http:\/\/redelog.rj.gov.br\/redelog\/legislacao-licitacoes\/\">\u2190 Voltar &#8211; Licita\u00e7\u00f5es<\/a><\/strong><\/p>\t\t\t\t\t\t\t\t<\/div>\n\t\t\t\t\t<\/div>\n\t\t<\/div>\n\t\t\t\t<div class=\"elementor-column elementor-col-50 elementor-inner-column elementor-element elementor-element-d3e2008\" data-id=\"d3e2008\" data-element_type=\"column\">\n\t\t\t<div class=\"elementor-widget-wrap elementor-element-populated\">\n\t\t\t\t\t\t\t<\/div>\n\t\t<\/div>\n\t\t\t\t\t<\/div>\n\t\t<\/section>\n\t\t\t\t\t<\/div>\n\t\t<\/div>\n\t\t\t\t\t<\/div>\n\t\t<\/section>\n\t\t\t\t<section class=\"elementor-section elementor-top-section elementor-element elementor-element-dbb1583 elementor-section-boxed elementor-section-height-default elementor-section-height-default\" data-id=\"dbb1583\" data-element_type=\"section\" data-settings=\"{&quot;jet_parallax_layout_list&quot;:[{&quot;jet_parallax_layout_image&quot;:{&quot;url&quot;:&quot;&quot;,&quot;id&quot;:&quot;&quot;,&quot;size&quot;:&quot;&quot;},&quot;_id&quot;:&quot;22a0abb&quot;,&quot;jet_parallax_layout_image_tablet&quot;:{&quot;url&quot;:&quot;&quot;,&quot;id&quot;:&quot;&quot;,&quot;size&quot;:&quot;&quot;},&quot;jet_parallax_layout_image_mobile&quot;:{&quot;url&quot;:&quot;&quot;,&quot;id&quot;:&quot;&quot;,&quot;size&quot;:&quot;&quot;},&quot;jet_parallax_layout_speed&quot;:{&quot;unit&quot;:&quot;%&quot;,&quot;size&quot;:50,&quot;sizes&quot;:[]},&quot;jet_parallax_layout_type&quot;:&quot;scroll&quot;,&quot;jet_parallax_layout_direction&quot;:&quot;1&quot;,&quot;jet_parallax_layout_fx_direction&quot;:null,&quot;jet_parallax_layout_z_index&quot;:&quot;&quot;,&quot;jet_parallax_layout_bg_x&quot;:50,&quot;jet_parallax_layout_bg_x_tablet&quot;:&quot;&quot;,&quot;jet_parallax_layout_bg_x_mobile&quot;:&quot;&quot;,&quot;jet_parallax_layout_bg_y&quot;:50,&quot;jet_parallax_layout_bg_y_tablet&quot;:&quot;&quot;,&quot;jet_parallax_layout_bg_y_mobile&quot;:&quot;&quot;,&quot;jet_parallax_layout_bg_size&quot;:&quot;auto&quot;,&quot;jet_parallax_layout_bg_size_tablet&quot;:&quot;&quot;,&quot;jet_parallax_layout_bg_size_mobile&quot;:&quot;&quot;,&quot;jet_parallax_layout_animation_prop&quot;:&quot;transform&quot;,&quot;jet_parallax_layout_on&quot;:[&quot;desktop&quot;,&quot;tablet&quot;]}]}\">\n\t\t\t\t\t\t<div class=\"elementor-container elementor-column-gap-default\">\n\t\t\t\t\t<div class=\"elementor-column elementor-col-100 elementor-top-column elementor-element elementor-element-216cab5\" data-id=\"216cab5\" data-element_type=\"column\">\n\t\t\t<div class=\"elementor-widget-wrap elementor-element-populated\">\n\t\t\t\t\t\t<div class=\"elementor-element elementor-element-5d7e014 elementor-widget elementor-widget-html\" data-id=\"5d7e014\" data-element_type=\"widget\" data-widget_type=\"html.default\">\n\t\t\t\t\t<style>\n    h2, .h2-style{\n        font-size: 28px;\n    }\n<\/style>\t\t\t\t<\/div>\n\t\t\t\t\t<\/div>\n\t\t<\/div>\n\t\t\t\t\t<\/div>\n\t\t<\/section>\n\t\t\t\t<\/div>\n\t\t","protected":false},"excerpt":{"rendered":"<p>DISP\u00d5E SOBRE PROCESSOS DE CONTRATA\u00c7\u00d5ES NA ADMINISTRA\u00c7\u00c3O P\u00daBLICA PARA ENFRENTAMENTO DOS EFEITOS DO PER\u00cdODO DE CALAMIDADE P\u00daBLICA E D\u00c1 OUTRAS PROVID\u00caNCIAS. O GOVERNADOR DO ESTADO DO RIO DE JANEIRO, em exerc\u00edcio, no uso de suas atribui\u00e7\u00f5es constitucionais, e o contido no Processo n\u00ba SEI-150001\/004976\/2021, CONSIDERANDO: &#8211; a necessidade de observ\u00e2ncia do adequado planejamento das a\u00e7\u00f5es [&hellip;]<\/p>\n","protected":false},"author":1,"featured_media":0,"comment_status":"closed","ping_status":"open","sticky":false,"template":"","format":"standard","meta":{"_joinchat":[],"footnotes":""},"categories":[23],"tags":[],"class_list":["post-9046","post","type-post","status-publish","format-standard","hentry","category-cat-legislacao"],"yoast_head":"<!-- This site is optimized with the Yoast SEO plugin v25.7 - https:\/\/yoast.com\/wordpress\/plugins\/seo\/ -->\n<title>DECRETO N\u00ba 47.588, DE 27 DE ABRIL DE 2021 - Redelog<\/title>\n<meta name=\"robots\" content=\"index, follow, max-snippet:-1, max-image-preview:large, max-video-preview:-1\" \/>\n<link rel=\"canonical\" href=\"https:\/\/redelog.rj.gov.br\/redelog\/decreto-47588\/\" \/>\n<meta property=\"og:locale\" content=\"pt_BR\" \/>\n<meta property=\"og:type\" content=\"article\" \/>\n<meta property=\"og:title\" content=\"DECRETO N\u00ba 47.588, DE 27 DE ABRIL DE 2021 - Redelog\" \/>\n<meta property=\"og:description\" content=\"DISP\u00d5E SOBRE PROCESSOS DE CONTRATA\u00c7\u00d5ES NA ADMINISTRA\u00c7\u00c3O P\u00daBLICA PARA ENFRENTAMENTO DOS EFEITOS DO PER\u00cdODO DE CALAMIDADE P\u00daBLICA E D\u00c1 OUTRAS PROVID\u00caNCIAS. O GOVERNADOR DO ESTADO DO RIO DE JANEIRO, em exerc\u00edcio, no uso de suas atribui\u00e7\u00f5es constitucionais, e o contido no Processo n\u00ba SEI-150001\/004976\/2021, CONSIDERANDO: &#8211; a necessidade de observ\u00e2ncia do adequado planejamento das a\u00e7\u00f5es [&hellip;]\" \/>\n<meta property=\"og:url\" content=\"https:\/\/redelog.rj.gov.br\/redelog\/decreto-47588\/\" \/>\n<meta property=\"og:site_name\" content=\"Redelog\" \/>\n<meta property=\"article:published_time\" content=\"2022-01-12T14:25:44+00:00\" \/>\n<meta property=\"article:modified_time\" content=\"2022-08-19T14:14:26+00:00\" \/>\n<meta name=\"author\" content=\"alheiro\" \/>\n<meta name=\"twitter:card\" content=\"summary_large_image\" \/>\n<meta name=\"twitter:label1\" content=\"Escrito por\" \/>\n\t<meta name=\"twitter:data1\" content=\"alheiro\" \/>\n\t<meta name=\"twitter:label2\" content=\"Est. tempo de leitura\" \/>\n\t<meta name=\"twitter:data2\" content=\"4 minutos\" \/>\n<script type=\"application\/ld+json\" class=\"yoast-schema-graph\">{\"@context\":\"https:\/\/schema.org\",\"@graph\":[{\"@type\":\"Article\",\"@id\":\"https:\/\/redelog.rj.gov.br\/redelog\/decreto-47588\/#article\",\"isPartOf\":{\"@id\":\"https:\/\/redelog.rj.gov.br\/redelog\/decreto-47588\/\"},\"author\":{\"name\":\"alheiro\",\"@id\":\"https:\/\/redelog.rj.gov.br\/redelog\/#\/schema\/person\/1299ae2b7bfb510dd74c28ed239470fb\"},\"headline\":\"DECRETO N\u00ba 47.588, DE 27 DE ABRIL DE 2021\",\"datePublished\":\"2022-01-12T14:25:44+00:00\",\"dateModified\":\"2022-08-19T14:14:26+00:00\",\"mainEntityOfPage\":{\"@id\":\"https:\/\/redelog.rj.gov.br\/redelog\/decreto-47588\/\"},\"wordCount\":1026,\"publisher\":{\"@id\":\"https:\/\/redelog.rj.gov.br\/redelog\/#organization\"},\"articleSection\":[\"Legisla\u00e7\u00e3o\"],\"inLanguage\":\"pt-BR\"},{\"@type\":\"WebPage\",\"@id\":\"https:\/\/redelog.rj.gov.br\/redelog\/decreto-47588\/\",\"url\":\"https:\/\/redelog.rj.gov.br\/redelog\/decreto-47588\/\",\"name\":\"DECRETO N\u00ba 47.588, DE 27 DE ABRIL DE 2021 - Redelog\",\"isPartOf\":{\"@id\":\"https:\/\/redelog.rj.gov.br\/redelog\/#website\"},\"datePublished\":\"2022-01-12T14:25:44+00:00\",\"dateModified\":\"2022-08-19T14:14:26+00:00\",\"breadcrumb\":{\"@id\":\"https:\/\/redelog.rj.gov.br\/redelog\/decreto-47588\/#breadcrumb\"},\"inLanguage\":\"pt-BR\",\"potentialAction\":[{\"@type\":\"ReadAction\",\"target\":[\"https:\/\/redelog.rj.gov.br\/redelog\/decreto-47588\/\"]}]},{\"@type\":\"BreadcrumbList\",\"@id\":\"https:\/\/redelog.rj.gov.br\/redelog\/decreto-47588\/#breadcrumb\",\"itemListElement\":[{\"@type\":\"ListItem\",\"position\":1,\"name\":\"Home\",\"item\":\"https:\/\/redelog.rj.gov.br\/redelog\/\"},{\"@type\":\"ListItem\",\"position\":2,\"name\":\"DECRETO N\u00ba 47.588, DE 27 DE ABRIL DE 2021\"}]},{\"@type\":\"WebSite\",\"@id\":\"https:\/\/redelog.rj.gov.br\/redelog\/#website\",\"url\":\"https:\/\/redelog.rj.gov.br\/redelog\/\",\"name\":\"Redelog\",\"description\":\"Site da Rede de Log\u00edstica e Planejamento do Estado do Rio de Janeiro\",\"publisher\":{\"@id\":\"https:\/\/redelog.rj.gov.br\/redelog\/#organization\"},\"potentialAction\":[{\"@type\":\"SearchAction\",\"target\":{\"@type\":\"EntryPoint\",\"urlTemplate\":\"https:\/\/redelog.rj.gov.br\/redelog\/?s={search_term_string}\"},\"query-input\":{\"@type\":\"PropertyValueSpecification\",\"valueRequired\":true,\"valueName\":\"search_term_string\"}}],\"inLanguage\":\"pt-BR\"},{\"@type\":\"Organization\",\"@id\":\"https:\/\/redelog.rj.gov.br\/redelog\/#organization\",\"name\":\"REDELOG\",\"url\":\"https:\/\/redelog.rj.gov.br\/redelog\/\",\"logo\":{\"@type\":\"ImageObject\",\"inLanguage\":\"pt-BR\",\"@id\":\"https:\/\/redelog.rj.gov.br\/redelog\/#\/schema\/logo\/image\/\",\"url\":\"http:\/\/10.10.8.100:8888\/redelog\/wp-content\/uploads\/2019\/09\/Redelog2.png\",\"contentUrl\":\"http:\/\/10.10.8.100:8888\/redelog\/wp-content\/uploads\/2019\/09\/Redelog2.png\",\"width\":565,\"height\":155,\"caption\":\"REDELOG\"},\"image\":{\"@id\":\"https:\/\/redelog.rj.gov.br\/redelog\/#\/schema\/logo\/image\/\"}},{\"@type\":\"Person\",\"@id\":\"https:\/\/redelog.rj.gov.br\/redelog\/#\/schema\/person\/1299ae2b7bfb510dd74c28ed239470fb\",\"name\":\"alheiro\",\"image\":{\"@type\":\"ImageObject\",\"inLanguage\":\"pt-BR\",\"@id\":\"https:\/\/redelog.rj.gov.br\/redelog\/#\/schema\/person\/image\/\",\"url\":\"https:\/\/secure.gravatar.com\/avatar\/682da79d56fd06a1a63ccaa75b42ffe0c9b0609a62bc395d810f23f98140dcae?s=96&d=mm&r=g\",\"contentUrl\":\"https:\/\/secure.gravatar.com\/avatar\/682da79d56fd06a1a63ccaa75b42ffe0c9b0609a62bc395d810f23f98140dcae?s=96&d=mm&r=g\",\"caption\":\"alheiro\"},\"sameAs\":[\"http:\/\/10.9.108.118:3000\/redelog\"],\"url\":\"https:\/\/redelog.rj.gov.br\/redelog\/author\/alheiro\/\"}]}<\/script>\n<!-- \/ Yoast SEO plugin. -->","yoast_head_json":{"title":"DECRETO N\u00ba 47.588, DE 27 DE ABRIL DE 2021 - Redelog","robots":{"index":"index","follow":"follow","max-snippet":"max-snippet:-1","max-image-preview":"max-image-preview:large","max-video-preview":"max-video-preview:-1"},"canonical":"https:\/\/redelog.rj.gov.br\/redelog\/decreto-47588\/","og_locale":"pt_BR","og_type":"article","og_title":"DECRETO N\u00ba 47.588, DE 27 DE ABRIL DE 2021 - Redelog","og_description":"DISP\u00d5E SOBRE PROCESSOS DE CONTRATA\u00c7\u00d5ES NA ADMINISTRA\u00c7\u00c3O P\u00daBLICA PARA ENFRENTAMENTO DOS EFEITOS DO PER\u00cdODO DE CALAMIDADE P\u00daBLICA E D\u00c1 OUTRAS PROVID\u00caNCIAS. O GOVERNADOR DO ESTADO DO RIO DE JANEIRO, em exerc\u00edcio, no uso de suas atribui\u00e7\u00f5es constitucionais, e o contido no Processo n\u00ba SEI-150001\/004976\/2021, CONSIDERANDO: &#8211; a necessidade de observ\u00e2ncia do adequado planejamento das a\u00e7\u00f5es [&hellip;]","og_url":"https:\/\/redelog.rj.gov.br\/redelog\/decreto-47588\/","og_site_name":"Redelog","article_published_time":"2022-01-12T14:25:44+00:00","article_modified_time":"2022-08-19T14:14:26+00:00","author":"alheiro","twitter_card":"summary_large_image","twitter_misc":{"Escrito por":"alheiro","Est. tempo de leitura":"4 minutos"},"schema":{"@context":"https:\/\/schema.org","@graph":[{"@type":"Article","@id":"https:\/\/redelog.rj.gov.br\/redelog\/decreto-47588\/#article","isPartOf":{"@id":"https:\/\/redelog.rj.gov.br\/redelog\/decreto-47588\/"},"author":{"name":"alheiro","@id":"https:\/\/redelog.rj.gov.br\/redelog\/#\/schema\/person\/1299ae2b7bfb510dd74c28ed239470fb"},"headline":"DECRETO N\u00ba 47.588, DE 27 DE ABRIL DE 2021","datePublished":"2022-01-12T14:25:44+00:00","dateModified":"2022-08-19T14:14:26+00:00","mainEntityOfPage":{"@id":"https:\/\/redelog.rj.gov.br\/redelog\/decreto-47588\/"},"wordCount":1026,"publisher":{"@id":"https:\/\/redelog.rj.gov.br\/redelog\/#organization"},"articleSection":["Legisla\u00e7\u00e3o"],"inLanguage":"pt-BR"},{"@type":"WebPage","@id":"https:\/\/redelog.rj.gov.br\/redelog\/decreto-47588\/","url":"https:\/\/redelog.rj.gov.br\/redelog\/decreto-47588\/","name":"DECRETO N\u00ba 47.588, DE 27 DE ABRIL DE 2021 - Redelog","isPartOf":{"@id":"https:\/\/redelog.rj.gov.br\/redelog\/#website"},"datePublished":"2022-01-12T14:25:44+00:00","dateModified":"2022-08-19T14:14:26+00:00","breadcrumb":{"@id":"https:\/\/redelog.rj.gov.br\/redelog\/decreto-47588\/#breadcrumb"},"inLanguage":"pt-BR","potentialAction":[{"@type":"ReadAction","target":["https:\/\/redelog.rj.gov.br\/redelog\/decreto-47588\/"]}]},{"@type":"BreadcrumbList","@id":"https:\/\/redelog.rj.gov.br\/redelog\/decreto-47588\/#breadcrumb","itemListElement":[{"@type":"ListItem","position":1,"name":"Home","item":"https:\/\/redelog.rj.gov.br\/redelog\/"},{"@type":"ListItem","position":2,"name":"DECRETO N\u00ba 47.588, DE 27 DE ABRIL DE 2021"}]},{"@type":"WebSite","@id":"https:\/\/redelog.rj.gov.br\/redelog\/#website","url":"https:\/\/redelog.rj.gov.br\/redelog\/","name":"Redelog","description":"Site da Rede de Log\u00edstica e Planejamento do Estado do Rio de Janeiro","publisher":{"@id":"https:\/\/redelog.rj.gov.br\/redelog\/#organization"},"potentialAction":[{"@type":"SearchAction","target":{"@type":"EntryPoint","urlTemplate":"https:\/\/redelog.rj.gov.br\/redelog\/?s={search_term_string}"},"query-input":{"@type":"PropertyValueSpecification","valueRequired":true,"valueName":"search_term_string"}}],"inLanguage":"pt-BR"},{"@type":"Organization","@id":"https:\/\/redelog.rj.gov.br\/redelog\/#organization","name":"REDELOG","url":"https:\/\/redelog.rj.gov.br\/redelog\/","logo":{"@type":"ImageObject","inLanguage":"pt-BR","@id":"https:\/\/redelog.rj.gov.br\/redelog\/#\/schema\/logo\/image\/","url":"http:\/\/10.10.8.100:8888\/redelog\/wp-content\/uploads\/2019\/09\/Redelog2.png","contentUrl":"http:\/\/10.10.8.100:8888\/redelog\/wp-content\/uploads\/2019\/09\/Redelog2.png","width":565,"height":155,"caption":"REDELOG"},"image":{"@id":"https:\/\/redelog.rj.gov.br\/redelog\/#\/schema\/logo\/image\/"}},{"@type":"Person","@id":"https:\/\/redelog.rj.gov.br\/redelog\/#\/schema\/person\/1299ae2b7bfb510dd74c28ed239470fb","name":"alheiro","image":{"@type":"ImageObject","inLanguage":"pt-BR","@id":"https:\/\/redelog.rj.gov.br\/redelog\/#\/schema\/person\/image\/","url":"https:\/\/secure.gravatar.com\/avatar\/682da79d56fd06a1a63ccaa75b42ffe0c9b0609a62bc395d810f23f98140dcae?s=96&d=mm&r=g","contentUrl":"https:\/\/secure.gravatar.com\/avatar\/682da79d56fd06a1a63ccaa75b42ffe0c9b0609a62bc395d810f23f98140dcae?s=96&d=mm&r=g","caption":"alheiro"},"sameAs":["http:\/\/10.9.108.118:3000\/redelog"],"url":"https:\/\/redelog.rj.gov.br\/redelog\/author\/alheiro\/"}]}},"_links":{"self":[{"href":"https:\/\/redelog.rj.gov.br\/redelog\/wp-json\/wp\/v2\/posts\/9046","targetHints":{"allow":["GET"]}}],"collection":[{"href":"https:\/\/redelog.rj.gov.br\/redelog\/wp-json\/wp\/v2\/posts"}],"about":[{"href":"https:\/\/redelog.rj.gov.br\/redelog\/wp-json\/wp\/v2\/types\/post"}],"author":[{"embeddable":true,"href":"https:\/\/redelog.rj.gov.br\/redelog\/wp-json\/wp\/v2\/users\/1"}],"replies":[{"embeddable":true,"href":"https:\/\/redelog.rj.gov.br\/redelog\/wp-json\/wp\/v2\/comments?post=9046"}],"version-history":[{"count":34,"href":"https:\/\/redelog.rj.gov.br\/redelog\/wp-json\/wp\/v2\/posts\/9046\/revisions"}],"predecessor-version":[{"id":19203,"href":"https:\/\/redelog.rj.gov.br\/redelog\/wp-json\/wp\/v2\/posts\/9046\/revisions\/19203"}],"wp:attachment":[{"href":"https:\/\/redelog.rj.gov.br\/redelog\/wp-json\/wp\/v2\/media?parent=9046"}],"wp:term":[{"taxonomy":"category","embeddable":true,"href":"https:\/\/redelog.rj.gov.br\/redelog\/wp-json\/wp\/v2\/categories?post=9046"},{"taxonomy":"post_tag","embeddable":true,"href":"https:\/\/redelog.rj.gov.br\/redelog\/wp-json\/wp\/v2\/tags?post=9046"}],"curies":[{"name":"wp","href":"https:\/\/api.w.org\/{rel}","templated":true}]}}