{"id":9045,"date":"2022-01-12T11:26:03","date_gmt":"2022-01-12T14:26:03","guid":{"rendered":"http:\/\/10.11.80.6\/redelog\/?p=9045"},"modified":"2022-08-30T10:45:32","modified_gmt":"2022-08-30T13:45:32","slug":"decreto-47680","status":"publish","type":"post","link":"https:\/\/redelog.rj.gov.br\/redelog\/decreto-47680\/","title":{"rendered":"DECRETO N\u00ba 47.680, DE 12 DE JULHO DE 2021"},"content":{"rendered":"\t\t<div data-elementor-type=\"wp-post\" data-elementor-id=\"9045\" class=\"elementor elementor-9045\" data-elementor-post-type=\"post\">\n\t\t\t\t\t\t<section class=\"elementor-section elementor-top-section elementor-element elementor-element-55ee037 elementor-section-boxed elementor-section-height-default elementor-section-height-default\" data-id=\"55ee037\" data-element_type=\"section\" data-settings=\"{&quot;jet_parallax_layout_list&quot;:[{&quot;jet_parallax_layout_image&quot;:{&quot;url&quot;:&quot;&quot;,&quot;id&quot;:&quot;&quot;,&quot;size&quot;:&quot;&quot;},&quot;_id&quot;:&quot;c6ad8f6&quot;,&quot;jet_parallax_layout_image_tablet&quot;:{&quot;url&quot;:&quot;&quot;,&quot;id&quot;:&quot;&quot;,&quot;size&quot;:&quot;&quot;},&quot;jet_parallax_layout_image_mobile&quot;:{&quot;url&quot;:&quot;&quot;,&quot;id&quot;:&quot;&quot;,&quot;size&quot;:&quot;&quot;},&quot;jet_parallax_layout_speed&quot;:{&quot;unit&quot;:&quot;%&quot;,&quot;size&quot;:50,&quot;sizes&quot;:[]},&quot;jet_parallax_layout_type&quot;:&quot;scroll&quot;,&quot;jet_parallax_layout_direction&quot;:&quot;1&quot;,&quot;jet_parallax_layout_fx_direction&quot;:null,&quot;jet_parallax_layout_z_index&quot;:&quot;&quot;,&quot;jet_parallax_layout_bg_x&quot;:50,&quot;jet_parallax_layout_bg_x_tablet&quot;:&quot;&quot;,&quot;jet_parallax_layout_bg_x_mobile&quot;:&quot;&quot;,&quot;jet_parallax_layout_bg_y&quot;:50,&quot;jet_parallax_layout_bg_y_tablet&quot;:&quot;&quot;,&quot;jet_parallax_layout_bg_y_mobile&quot;:&quot;&quot;,&quot;jet_parallax_layout_bg_size&quot;:&quot;auto&quot;,&quot;jet_parallax_layout_bg_size_tablet&quot;:&quot;&quot;,&quot;jet_parallax_layout_bg_size_mobile&quot;:&quot;&quot;,&quot;jet_parallax_layout_animation_prop&quot;:&quot;transform&quot;,&quot;jet_parallax_layout_on&quot;:[&quot;desktop&quot;,&quot;tablet&quot;]}]}\">\n\t\t\t\t\t\t<div class=\"elementor-container elementor-column-gap-default\">\n\t\t\t\t\t<div class=\"elementor-column elementor-col-100 elementor-top-column elementor-element elementor-element-2677016\" data-id=\"2677016\" data-element_type=\"column\">\n\t\t\t<div class=\"elementor-widget-wrap elementor-element-populated\">\n\t\t\t\t\t\t<section class=\"elementor-section elementor-inner-section elementor-element elementor-element-c07bb24 elementor-section-boxed elementor-section-height-default elementor-section-height-default\" data-id=\"c07bb24\" data-element_type=\"section\" data-settings=\"{&quot;jet_parallax_layout_list&quot;:[{&quot;jet_parallax_layout_image&quot;:{&quot;url&quot;:&quot;&quot;,&quot;id&quot;:&quot;&quot;,&quot;size&quot;:&quot;&quot;},&quot;_id&quot;:&quot;b335a55&quot;,&quot;jet_parallax_layout_image_tablet&quot;:{&quot;url&quot;:&quot;&quot;,&quot;id&quot;:&quot;&quot;,&quot;size&quot;:&quot;&quot;},&quot;jet_parallax_layout_image_mobile&quot;:{&quot;url&quot;:&quot;&quot;,&quot;id&quot;:&quot;&quot;,&quot;size&quot;:&quot;&quot;},&quot;jet_parallax_layout_speed&quot;:{&quot;unit&quot;:&quot;%&quot;,&quot;size&quot;:50,&quot;sizes&quot;:[]},&quot;jet_parallax_layout_type&quot;:&quot;scroll&quot;,&quot;jet_parallax_layout_direction&quot;:&quot;1&quot;,&quot;jet_parallax_layout_fx_direction&quot;:null,&quot;jet_parallax_layout_z_index&quot;:&quot;&quot;,&quot;jet_parallax_layout_bg_x&quot;:50,&quot;jet_parallax_layout_bg_x_tablet&quot;:&quot;&quot;,&quot;jet_parallax_layout_bg_x_mobile&quot;:&quot;&quot;,&quot;jet_parallax_layout_bg_y&quot;:50,&quot;jet_parallax_layout_bg_y_tablet&quot;:&quot;&quot;,&quot;jet_parallax_layout_bg_y_mobile&quot;:&quot;&quot;,&quot;jet_parallax_layout_bg_size&quot;:&quot;auto&quot;,&quot;jet_parallax_layout_bg_size_tablet&quot;:&quot;&quot;,&quot;jet_parallax_layout_bg_size_mobile&quot;:&quot;&quot;,&quot;jet_parallax_layout_animation_prop&quot;:&quot;transform&quot;,&quot;jet_parallax_layout_on&quot;:[&quot;desktop&quot;,&quot;tablet&quot;]}]}\">\n\t\t\t\t\t\t<div class=\"elementor-container elementor-column-gap-default\">\n\t\t\t\t\t<div class=\"elementor-column elementor-col-50 elementor-inner-column elementor-element elementor-element-a9b577b\" data-id=\"a9b577b\" data-element_type=\"column\">\n\t\t\t<div class=\"elementor-widget-wrap\">\n\t\t\t\t\t\t\t<\/div>\n\t\t<\/div>\n\t\t\t\t<div class=\"elementor-column elementor-col-50 elementor-inner-column elementor-element elementor-element-3cccf44\" data-id=\"3cccf44\" data-element_type=\"column\">\n\t\t\t<div class=\"elementor-widget-wrap elementor-element-populated\">\n\t\t\t\t\t\t<div class=\"elementor-element elementor-element-72d8ed2 elementor-widget elementor-widget-text-editor\" data-id=\"72d8ed2\" data-element_type=\"widget\" data-widget_type=\"text-editor.default\">\n\t\t\t\t\t\t\t\t\t<p style=\"text-align: justify;\"><strong>DISP\u00d5E SOBRE O REGIME LEGAL DE LICITA\u00c7\u00d5ES E CONTRATOS ADMINISTRATIVOS A <\/strong><strong>SER UTILIZADO NO \u00c2MBITO DA ADMINISTRA\u00c7\u00c3O P\u00daBLICA ESTADUAL DIRETA, AUT\u00c1RQUICA E FUNDACIONAL DO PODER EXECUTIVO, E INSTITUI OS COMIT\u00caS EXECUTIVO <\/strong><strong>E T\u00c9CNICO DE GOVERNAN\u00c7A EM CONTRATA\u00c7\u00d5ES P\u00daBLICAS, COM VISTAS \u00c0 REGULAMENTA\u00c7\u00c3O E EFETIVA IMPLEMENTA\u00c7\u00c3O DA <\/strong><strong>LEI N\u00ba 14.133, DE 1\u00ba DE ABRIL DE 2021, NO <\/strong><strong>\u00c2MBITO DO ESTADO DO RIO DE JANEIRO, <\/strong><strong>BEM COMO FORMALIZA A INTEN\u00c7\u00c3O DE <\/strong><strong>ADERIR AO COMPRAS.GOV.BR DO GOVERNO FEDERAL, E D\u00c1 OUTRAS PROVID\u00caNCIAS.<\/strong><\/p>\t\t\t\t\t\t\t\t<\/div>\n\t\t\t\t\t<\/div>\n\t\t<\/div>\n\t\t\t\t\t<\/div>\n\t\t<\/section>\n\t\t\t\t\t<\/div>\n\t\t<\/div>\n\t\t\t\t\t<\/div>\n\t\t<\/section>\n\t\t\t\t<section class=\"elementor-section elementor-top-section elementor-element elementor-element-6069db6 elementor-section-boxed elementor-section-height-default elementor-section-height-default\" data-id=\"6069db6\" data-element_type=\"section\" data-settings=\"{&quot;jet_parallax_layout_list&quot;:[{&quot;jet_parallax_layout_image&quot;:{&quot;url&quot;:&quot;&quot;,&quot;id&quot;:&quot;&quot;,&quot;size&quot;:&quot;&quot;},&quot;_id&quot;:&quot;a4a3f2a&quot;,&quot;jet_parallax_layout_image_tablet&quot;:{&quot;url&quot;:&quot;&quot;,&quot;id&quot;:&quot;&quot;,&quot;size&quot;:&quot;&quot;},&quot;jet_parallax_layout_image_mobile&quot;:{&quot;url&quot;:&quot;&quot;,&quot;id&quot;:&quot;&quot;,&quot;size&quot;:&quot;&quot;},&quot;jet_parallax_layout_speed&quot;:{&quot;unit&quot;:&quot;%&quot;,&quot;size&quot;:50,&quot;sizes&quot;:[]},&quot;jet_parallax_layout_type&quot;:&quot;scroll&quot;,&quot;jet_parallax_layout_direction&quot;:&quot;1&quot;,&quot;jet_parallax_layout_fx_direction&quot;:null,&quot;jet_parallax_layout_z_index&quot;:&quot;&quot;,&quot;jet_parallax_layout_bg_x&quot;:50,&quot;jet_parallax_layout_bg_x_tablet&quot;:&quot;&quot;,&quot;jet_parallax_layout_bg_x_mobile&quot;:&quot;&quot;,&quot;jet_parallax_layout_bg_y&quot;:50,&quot;jet_parallax_layout_bg_y_tablet&quot;:&quot;&quot;,&quot;jet_parallax_layout_bg_y_mobile&quot;:&quot;&quot;,&quot;jet_parallax_layout_bg_size&quot;:&quot;auto&quot;,&quot;jet_parallax_layout_bg_size_tablet&quot;:&quot;&quot;,&quot;jet_parallax_layout_bg_size_mobile&quot;:&quot;&quot;,&quot;jet_parallax_layout_animation_prop&quot;:&quot;transform&quot;,&quot;jet_parallax_layout_on&quot;:[&quot;desktop&quot;,&quot;tablet&quot;]}]}\">\n\t\t\t\t\t\t<div class=\"elementor-container elementor-column-gap-default\">\n\t\t\t\t\t<div class=\"elementor-column elementor-col-100 elementor-top-column elementor-element elementor-element-18b90bb\" data-id=\"18b90bb\" data-element_type=\"column\">\n\t\t\t<div class=\"elementor-widget-wrap elementor-element-populated\">\n\t\t\t\t\t\t<div class=\"elementor-element elementor-element-635e8bb elementor-widget elementor-widget-text-editor\" data-id=\"635e8bb\" data-element_type=\"widget\" data-widget_type=\"text-editor.default\">\n\t\t\t\t\t\t\t\t\t<p><strong>O GOVERNADOR DO ESTADO DO RIO DE JANEIRO<\/strong>, no uso das atribui\u00e7\u00f5es constitucionais e legais, e tendo em vista o disposto no Processo Administrativo n\u00ba SEI-120001\/004732\/2021,<\/p><p><strong>CONSIDERANDO<\/strong>:<\/p><p>&#8211; o Decreto n\u00ba 42.092, de 27 de outubro de 2009, que institui a Secretaria de Estado de Planejamento e Gest\u00e3o &#8211; SEPLAG como \u00d3rg\u00e3o Central do Sistema Log\u00edstico do Estado;<\/p><p>&#8211; o Decreto n\u00ba 46.910, de 24 de janeiro de 2020, que regulamenta, no \u00e2mbito do Poder Executivo do Estado do Rio de Janeiro, o uso do Sistema Integrado de Gest\u00e3o de Aquisi\u00e7\u00f5es &#8211; SIGA;<\/p><p>&#8211; a publica\u00e7\u00e3o da Lei n\u00ba 14.133, de 1\u00ba de abril de 2021, que estabelece normas gerais de licita\u00e7\u00e3o e contrata\u00e7\u00e3o para as Administra\u00e7\u00f5es P\u00fablicas diretas, aut\u00e1rquicas e fundacionais da Uni\u00e3o, dos Estados, do Distrito Federal e dos Munic\u00edpios;<\/p><p>&#8211; a necessidade de regulamenta\u00e7\u00e3o da Lei n\u00ba 14.133, de 1\u00ba de abril de 2021, pelo Estado do Rio de Janeiro;<\/p><p>&#8211; a controv\u00e9rsia acerca da aplicabilidade imediata da Lei n\u00ba 14.133, de 1\u00ba de abril de 2021, enquanto n\u00e3o implementado, pela Uni\u00e3o, o Portal Nacional de Contrata\u00e7\u00f5es P\u00fablicas (PNCP), a que se refere o art. 174 do referido diploma legislativo;<\/p><p>&#8211; o disposto no art.191 e no inciso II, do art.193, da Lei n\u00ba 14.133, de 1\u00ba de abril de 2021, que assegura a possibilidade de a Administra\u00e7\u00e3o P\u00fablica optar, at\u00e9 o decurso do prazo de 02 (dois) anos da publica\u00e7\u00e3o da retromencionada legisla\u00e7\u00e3o, por licitar ou contratar diretamente de acordo com a Lei n\u00ba 14.133, de 1\u00ba de abril de 2021, ou com a Lei n\u00ba 8.666, de 21 de junho de 1993, e legisla\u00e7\u00f5es correlatas at\u00e9 ent\u00e3o vigentes;<\/p><p>&#8211; a necessidade de constante atualiza\u00e7\u00e3o, aperfei\u00e7oamento e uniformiza\u00e7\u00e3o das pr\u00e1ticas e ferramentas utilizadas no ciclo das contrata\u00e7\u00f5es p\u00fablicas e da gest\u00e3o contratual em \u00e2mbito estadual, bem como a necessidade de racionaliza\u00e7\u00e3o dos recursos e esfor\u00e7os envolvidos na cria\u00e7\u00e3o e manuten\u00e7\u00e3o de seus sistemas informatizados;<\/p><p>&#8211; a necessidade de orienta\u00e7\u00e3o e educa\u00e7\u00e3o continuada para a forma\u00e7\u00e3o dos servidores p\u00fablicos estaduais quanto \u00e0s normas constantes da Lei n\u00ba 14.133, de 1\u00ba de abril de 2021, e suas regulamenta\u00e7\u00f5es;<\/p><p>&#8211; a necessidade de revis\u00e3o, pela Procuradoria Geral do Estado, de todas as minutas padronizadas de editais, contratos, aditivos, conv\u00eanios e instrumentos cong\u00eaneres \u00e0 luz do novo regime jur\u00eddico institu\u00eddo pela Lei n\u00ba 14.133, de 1\u00ba de abril de 2021; e<\/p><p>&#8211; que o presente Decreto n\u00e3o acarreta aumento de despesa para a Administra\u00e7\u00e3o P\u00fablica Estadual;<\/p><p><strong>DECRETA<\/strong>:<\/p><p style=\"text-align: center;\"><strong>CAP\u00cdTULO I<\/strong><\/p><p style=\"text-align: center;\"><strong>DISPOSI\u00c7\u00d5ES PRELIMINARES<\/strong><\/p><p><strong>Art. 1\u00ba<\/strong> &#8211; Este Decreto regulamenta o per\u00edodo de transi\u00e7\u00e3o das normas gerais de licita\u00e7\u00f5es e contratos, formaliza o in\u00edcio do procedimento de ades\u00e3o, pelo Estado do Rio de Janeiro, ao Compras.gov.br do Governo Federal, cria a Rede de Gestores de Compras &#8211; REDECOMPRAS e institui os Comit\u00eas Executivo e T\u00e9cnico de Governan\u00e7a em Contrata\u00e7\u00f5es P\u00fablicas, no \u00e2mbito do Poder Executivo do Estado do Rio de Janeiro.<\/p><p style=\"text-align: center;\"><strong>CAP\u00cdTULO II<\/strong><\/p><p style=\"text-align: center;\"><strong>DA TRANSI\u00c7\u00c3O NORMATIVA<\/strong><\/p><p><strong>Art. 2\u00ba<\/strong> &#8211; Os \u00f3rg\u00e3os e entidades integrantes da administra\u00e7\u00e3o p\u00fablica estadual direta, aut\u00e1rquica e fundacional do Poder Executivo do Estado do Rio de Janeiro, inclusive os fundos especiais, observar\u00e3o a disciplina constante da Lei n\u00ba 8.666, de 21 de junho de 1993, da Lei n\u00ba 10.520, de 17 de julho de 2002, da Lei n\u00ba 12.462, de 04 de agosto de 2011, e suas regulamenta\u00e7\u00f5es, na realiza\u00e7\u00e3o de procedimentos licitat\u00f3rios e efetiva\u00e7\u00e3o de contratos administrativos pertinentes a obras, servi\u00e7os, inclusive de publicidade, compras, aliena\u00e7\u00f5es e loca\u00e7\u00f5es at\u00e9 a edi\u00e7\u00e3o de norma estadual que discipline a implanta\u00e7\u00e3o gradual das disposi\u00e7\u00f5es da Lei n\u00ba 14.133, de 1\u00ba de abril de 2021, no \u00e2mbito do Estado do Rio de Janeiro.<\/p><p><strong>\u00a7 1\u00ba<\/strong> &#8211; O \u00d3rg\u00e3o Central do Sistema Log\u00edstico do Estado, publicar\u00e1, no prazo de 90 (noventa) dias, a contar da publica\u00e7\u00e3o deste Decreto, Resolu\u00e7\u00e3o estabelecendo Plano de Trabalho com o cronograma de regulamenta\u00e7\u00e3o da Lei n\u00ba 14.133, de 1\u00ba de abril de 2021, a estrat\u00e9gia de educa\u00e7\u00e3o continuada para a forma\u00e7\u00e3o dos servidores quanto ao conte\u00fado da Lei e suas futuras regulamenta\u00e7\u00f5es, bem como normas complementares \u00e0s disposi\u00e7\u00f5es do Comit\u00ea Executivo de Governan\u00e7a em Contrata\u00e7\u00f5es P\u00fablicas e do Comit\u00ea T\u00e9cnico de Governan\u00e7a em Contrata\u00e7\u00f5es P\u00fablicas, institu\u00eddos nos artigos 3\u00ba e 6\u00ba deste Decreto.<\/p><p><strong>\u00a7 2\u00ba<\/strong> &#8211; T\u00e3o logo estejam devidamente publicados os normativos considerados essenciais para a operacionaliza\u00e7\u00e3o da Lei n\u00ba 14.133, de 1\u00ba de abril de 2021, a SEPLAG editar\u00e1 Resolu\u00e7\u00e3o informando sobre o in\u00edcio da sua aplica\u00e7\u00e3o efetiva pelas unidades.<\/p><p style=\"text-align: center;\"><strong>CAP\u00cdTULO III<\/strong><\/p><p style=\"text-align: center;\"><strong>DO COMIT\u00ca EXECUTIVO DE GOVERNAN\u00c7A EM CONTRATA\u00c7\u00d5ES P\u00daBLICAS<\/strong><\/p><p><strong>Art. 3\u00ba<\/strong> &#8211; Fica institu\u00eddo, sem aumento de despesa, o Comit\u00ea Executivo de Governan\u00e7a em Contrata\u00e7\u00f5es P\u00fablicas, no \u00e2mbito do Governo do Estado do Rio de Janeiro, com membros indicados de acordo com a seguinte composi\u00e7\u00e3o:<\/p><p>I &#8211; dois membros da Secretaria de Estado de Planejamento e Gest\u00e3o &#8211; SEPLAG;<\/p><p>II &#8211; dois membros da Procuradoria Geral do Estado &#8211; PGE;<\/p><p>III &#8211; dois membros da Controladoria Geral do Estado &#8211; CGE; e<\/p><p>IV &#8211; dois membros da Secretaria de Estado da Casa Civil \u2013 SECC. <em>(Reda\u00e7\u00e3o dada pelo<\/em> <a href=\"https:\/\/redelog.rj.gov.br\/redelog\/decreto-no-48-190-de-125-de-agosto-de-2022-2\/\"><em>Decreto n\u00ba 48.190, de 25 de agosto de 2022<\/em><\/a>)<\/p><p><strong>Art. 4\u00ba<\/strong> &#8211; A SEPLAG, como \u00d3rg\u00e3o Central do Sistema Log\u00edstico, atuar\u00e1 na coordena\u00e7\u00e3o das atividades dos Comit\u00eas Executivo e T\u00e9cnico.<\/p><p><strong>Art. 5\u00ba<\/strong> &#8211; Compete ao Comit\u00ea Executivo de Governan\u00e7a em Contrata\u00e7\u00f5es P\u00fablicas:<\/p><p>I &#8211; propor a revis\u00e3o ou a edi\u00e7\u00e3o de novos atos normativos visando \u00e0 regulamenta\u00e7\u00e3o, no \u00e2mbito do Estado do Rio de Janeiro, da Lei Federal n\u00ba 14.133, de 2021;<\/p><p>II &#8211; prestar esclarecimentos, dirimir d\u00favidas e emitir orienta\u00e7\u00f5es de car\u00e1ter t\u00e9cnico ou operacional quanto \u00e0 implanta\u00e7\u00e3o gradual das disposi\u00e7\u00f5es da Nova Lei de Licita\u00e7\u00f5es e Contratos no \u00e2mbito do Estado do Rio de Janeiro; e<\/p><p>III &#8211; avaliar a necessidade de ampliar a sistematiza\u00e7\u00e3o e padroniza\u00e7\u00e3o dos procedimentos relativos a licita\u00e7\u00f5es e contratos no \u00e2mbito da Administra\u00e7\u00e3o Direta, Aut\u00e1rquica e Fundacional do Poder Executivo, com a finalidade de implementar melhorias nos procedimentos de Contrata\u00e7\u00f5es P\u00fablicas estaduais.<\/p><p><strong>Par\u00e1grafo \u00danico<\/strong> &#8211; No exerc\u00edcio das atribui\u00e7\u00f5es de que trata o caput, poder\u00e1 o Comit\u00ea Executivo de Governan\u00e7a em Contrata\u00e7\u00f5es P\u00fablicas requisitar informa\u00e7\u00f5es, documentos e provid\u00eancias aos \u00f3rg\u00e3os e entidades estaduais, estipulando prazo para cumprimento, ressalvadas as hip\u00f3teses de sigilo legal.<\/p><p style=\"text-align: center;\"><strong>CAP\u00cdTULO IV<\/strong><\/p><p style=\"text-align: center;\"><strong>DO COMIT\u00ca T\u00c9CNICO DE GOVERNAN\u00c7A EM CONTRATA\u00c7\u00d5ES P\u00daBLICAS<\/strong><\/p><p><strong>Art. 6\u00ba<\/strong> &#8211; Fica institu\u00eddo, sem aumento de despesa, o Comit\u00ea T\u00e9cnico de Governan\u00e7a em Contrata\u00e7\u00f5es P\u00fablicas, no \u00e2mbito do Governo do Estado do Rio de Janeiro, com membros indicados de acordo com a seguinte composi\u00e7\u00e3o:<\/p><p>I &#8211; dois servidores e um suplente da Secretaria de Estado de Planejamento e Gest\u00e3o &#8211; SEPLAG;<\/p><p><del datetime=\"2022-08-30T13:13:36+00:00\">II &#8211; um servidor e um suplente da Secretaria de Estado da Casa Civil &#8211; SECC;<\/del> <em>(Revogado pelo<\/em>\u00a0<a href=\"https:\/\/redelog.rj.gov.br\/redelog\/decreto-no-48-190-de-125-de-agosto-de-2022-2\/\"><em>Decreto n\u00ba 48.190, de 25 de agosto de 2022<\/em><\/a>)<\/p><p>III &#8211; um servidor e um suplente da Secretaria de Estado de Pol\u00edcia Militar &#8211; SEPM;<\/p><p>IV &#8211; um servidor e um suplente da Secretaria de Estado de Pol\u00edcia Civil &#8211; SEPOL;<\/p><p>V &#8211; um servidor e um suplente da Secretaria de Estado de Defesa Civil &#8211; SEDEC;<\/p><p>VI &#8211; um servidor e um suplente da Secretaria de Estado de Sa\u00fade &#8211; SES;<\/p><p>VII &#8211; um servidor e um suplente da Secretaria de Estado de Educa\u00e7\u00e3o &#8211; SEEDUC;<\/p><p>VIII &#8211; um servidor e um suplente da Secretaria de Estado de Fazenda &#8211; SEFAZ;<\/p><p>IX &#8211; um servidor e um suplente da Secretaria de Estado de Infraestrutura e Obras &#8211; SEINFRA; e<\/p><p>X &#8211; um servidor e um suplente do Departamento de Tr\u00e2nsito do Estado do Rio de Janeiro &#8211; DETRAN.<\/p><p><strong>\u00a7 1\u00ba<\/strong> &#8211; O Comit\u00ea T\u00e9cnico de Governan\u00e7a em Contrata\u00e7\u00f5es P\u00fablicas poder\u00e1 ser dividido em subgrupos, de acordo com a conveni\u00eancia do tema a ser tratado.<\/p><p><strong>\u00a7 2\u00ba<\/strong> &#8211; Os \u00f3rg\u00e3os dever\u00e3o indicar seus servidores por meio de of\u00edcio encaminhado atrav\u00e9s de processo SEI, unidade SEPLAG\/SUBLOG, no prazo de 10 (dez) dias, a contar da publica\u00e7\u00e3o deste Decreto.<\/p><p><strong>Art. 7\u00ba<\/strong> &#8211; Poder\u00e3o auxiliar o Comit\u00ea T\u00e9cnico de Governan\u00e7a em Contrata\u00e7\u00f5es P\u00fablicas, servidores de \u00f3rg\u00e3os ou entidades estaduais que tenham v\u00ednculo tem\u00e1tico entre o objeto da norma a ser elaborada e seu respectivo campo funcional.<\/p><p><strong>\u00a7 1\u00ba<\/strong> &#8211; O disposto no caput deste artigo sujeita-se \u00e0 necessidade arguida pelos membros do Comit\u00ea T\u00e9cnico de Governan\u00e7a em Contrata\u00e7\u00f5es P\u00fablicas.<\/p><p><strong>\u00a7 2\u00ba<\/strong> &#8211; A participa\u00e7\u00e3o de servidor diverso \u00e0 composi\u00e7\u00e3o deste Comit\u00ea T\u00e9cnico de Governan\u00e7a em Contrata\u00e7\u00f5es P\u00fablicas, na forma do caput deste artigo, dever\u00e1 ser autorizada pela SEPLAG.<\/p><p><strong>Art. 8\u00ba<\/strong> &#8211; Compete ao Comit\u00ea T\u00e9cnico de Governan\u00e7a em Contrata\u00e7\u00f5es P\u00fablicas:<\/p><p>I &#8211; dar suporte t\u00e9cnico e operacional ao Comit\u00ea Executivo de Governan\u00e7a em Contrata\u00e7\u00f5es P\u00fablicas na elabora\u00e7\u00e3o de normativos referentes \u00e0 transi\u00e7\u00e3o das normas gerais de licita\u00e7\u00f5es e contratos no \u00e2mbito estadual;<\/p><p>II &#8211; participar de reuni\u00f5es de acompanhamento, monitoramento e avalia\u00e7\u00e3o das a\u00e7\u00f5es empreendidas pelo Comit\u00ea Executivo de Governan\u00e7a em Contrata\u00e7\u00f5es P\u00fablicas.<\/p><p><strong>Par\u00e1grafo \u00danico<\/strong> &#8211; No intuito de dar transpar\u00eancia, ampliar o debate e fortalecer o processo de constru\u00e7\u00e3o das orienta\u00e7\u00f5es t\u00e9cnicas e jur\u00eddicas no que diz respeito ao novo regime legal institu\u00eddo pela Lei n\u00ba 14.133\/2021, \u00e9 permitida, em qualquer hip\u00f3tese, a participa\u00e7\u00e3o nas reuni\u00f5es, como convidado, de servidores indicados pelo Tribunal de Contas do Estado do Rio de Janeiro (TCE-RJ).<\/p><p style=\"text-align: center;\"><strong>CAP\u00cdTULO V<\/strong><\/p><p style=\"text-align: center;\"><strong>DA IMPLANTA\u00c7\u00c3O DO COMPRAS.GOV.BR<\/strong><\/p><p><strong>Art. 9\u00ba<\/strong> &#8211; Os \u00f3rg\u00e3os e entidades da administra\u00e7\u00e3o p\u00fablica estadual direta, aut\u00e1rquica e fundacional do Poder Executivo do Governo do Estado do Rio de Janeiro passar\u00e3o, nos termos de regulamenta\u00e7\u00e3o a ser editada pelo \u00d3rg\u00e3o Central do Sistema Log\u00edstico do Estado, a processar suas contrata\u00e7\u00f5es na plataforma do Compras.gov.br do Governo Federal, institu\u00eddo pelo art. 7\u00ba do Decreto n\u00ba 1.094, de 23 de mar\u00e7o de 1994.<\/p><p><del datetime=\"2022-08-30T13:13:36+00:00\"><strong>Art. 10<\/strong> &#8211; O \u00d3rg\u00e3o Central do Sistema Log\u00edstico do Estado publicar\u00e1, no prazo de 90 (noventa) dias, a contar da publica\u00e7\u00e3o deste Decreto, Resolu\u00e7\u00e3o estabelecendo Plano de Trabalho de Migra\u00e7\u00e3o para o SIASG\/Comprasnet, contemplando o cronograma e os procedimentos a serem adotados visando a transi\u00e7\u00e3o de sistemas, bem como a estrat\u00e9gia de educa\u00e7\u00e3o continuada para a forma\u00e7\u00e3o dos servidores para a sua opera\u00e7\u00e3o.<\/del><\/p><p><strong>Art. 10 <\/strong>&#8211; O \u00d3rg\u00e3o Central do Sistema Log\u00edstico do Estado publicar\u00e1 Resolu\u00e7\u00e3o estabelecendo Plano de Trabalho de Migra\u00e7\u00e3o para o Compras.gov.br, contemplando o cronograma e os procedimentos a serem adotados visando a transi\u00e7\u00e3o de sistemas, bem como a estrat\u00e9gia de educa\u00e7\u00e3o continuada para a forma\u00e7\u00e3o dos servidores para a sua opera\u00e7\u00e3o. <em>(Reda\u00e7\u00e3o alterada pelo<\/em>\u00a0<a href=\"https:\/\/redelog.rj.gov.br\/redelog\/decreto-no-48-190-de-125-de-agosto-de-2022-2\/\"><em>Decreto n\u00ba 48.190, de 25 de agosto de 2022<\/em><\/a>)<\/p><p><strong>Par\u00e1grafo \u00danico<\/strong> &#8211; As contrata\u00e7\u00f5es que j\u00e1 tenham sido migradas para a plataforma Compras.gov.br n\u00e3o ser\u00e3o processadas na plataforma SIGA.<\/p><p style=\"text-align: center;\"><strong>CAP\u00cdTULO VI<\/strong><\/p><p style=\"text-align: center;\"><strong>DA REDE DE GESTORES DE COMPRAS &#8211; REDECOMPRAS<\/strong><\/p><p><strong>Art. 11<\/strong> &#8211; Fica criada, no \u00e2mbito da Administra\u00e7\u00e3o P\u00fablica Estadual, sem aumento de despesas, a Rede de Gestores de Compras &#8211; REDECOMPRAS, tendo por objetivos:<\/p><p>I &#8211; estabelecer diretrizes para a atua\u00e7\u00e3o dos gerenciadores do Compras.gov.br;<\/p><p>II &#8211; padronizar os procedimentos relativos \u00e0s atribui\u00e7\u00f5es dos gerenciadores do Compras.gov.br;<\/p><p>III &#8211; promover a capacita\u00e7\u00e3o e a atualiza\u00e7\u00e3o dos seus agentes;<\/p><p>IV &#8211; organizar eventos interativos e oferecer canais para a troca de informa\u00e7\u00f5es entre seus membros; e<\/p><p>V &#8211; manter os registros de habilidades e de forma\u00e7\u00e3o profissional no \u00e2mbito do Compras.gov.br.<\/p><p><strong>Par\u00e1grafo \u00danico<\/strong> &#8211; O \u00d3rg\u00e3o Central do Sistema Log\u00edstico do Estado publicar\u00e1, no prazo de 90 (noventa) dias, a contar da publica\u00e7\u00e3o deste Decreto, Resolu\u00e7\u00e3o detalhando o funcionamento da Rede de Gestores de Compras &#8211; REDECOMPRAS, incluindo os crit\u00e9rios de participa\u00e7\u00e3o, articula\u00e7\u00e3o entre seus integrantes e suas atividades.<\/p><p style=\"text-align: center;\"><strong>CAP\u00cdTULO VII<\/strong><\/p><p style=\"text-align: center;\"><strong>DISPOSI\u00c7\u00d5ES FINAIS<\/strong><\/p><p><strong>Art. 12<\/strong> &#8211; A fun\u00e7\u00e3o desempenhada pelos membros dos Comit\u00eas Executivo e T\u00e9cnico n\u00e3o ser\u00e1 remunerada, a qualquer t\u00edtulo, considerando-se seu exerc\u00edcio de relevante interesse p\u00fablico.<\/p><p><strong>Art. 13<\/strong> &#8211; Este Decreto entrar\u00e1 em vigor na data de sua publica\u00e7\u00e3o, revogadas as disposi\u00e7\u00f5es em contr\u00e1rio.<\/p><p style=\"text-align: center;\">Rio de Janeiro, 12 de julho de 2021<\/p><p style=\"text-align: center;\"><strong>CL\u00c1UDIO CASTRO<\/strong><\/p><p style=\"text-align: center;\">Governador<\/p><p style=\"text-align: right;\">Id: 2327467<\/p>\t\t\t\t\t\t\t\t<\/div>\n\t\t\t\t\t<\/div>\n\t\t<\/div>\n\t\t\t\t\t<\/div>\n\t\t<\/section>\n\t\t\t\t<section class=\"elementor-section elementor-top-section elementor-element elementor-element-4adb78a elementor-section-boxed elementor-section-height-default elementor-section-height-default\" data-id=\"4adb78a\" data-element_type=\"section\" data-settings=\"{&quot;jet_parallax_layout_list&quot;:[{&quot;jet_parallax_layout_image&quot;:{&quot;url&quot;:&quot;&quot;,&quot;id&quot;:&quot;&quot;,&quot;size&quot;:&quot;&quot;},&quot;_id&quot;:&quot;04dd098&quot;,&quot;jet_parallax_layout_image_tablet&quot;:{&quot;url&quot;:&quot;&quot;,&quot;id&quot;:&quot;&quot;,&quot;size&quot;:&quot;&quot;},&quot;jet_parallax_layout_image_mobile&quot;:{&quot;url&quot;:&quot;&quot;,&quot;id&quot;:&quot;&quot;,&quot;size&quot;:&quot;&quot;},&quot;jet_parallax_layout_speed&quot;:{&quot;unit&quot;:&quot;%&quot;,&quot;size&quot;:50,&quot;sizes&quot;:[]},&quot;jet_parallax_layout_type&quot;:&quot;scroll&quot;,&quot;jet_parallax_layout_direction&quot;:&quot;1&quot;,&quot;jet_parallax_layout_fx_direction&quot;:null,&quot;jet_parallax_layout_z_index&quot;:&quot;&quot;,&quot;jet_parallax_layout_bg_x&quot;:50,&quot;jet_parallax_layout_bg_x_tablet&quot;:&quot;&quot;,&quot;jet_parallax_layout_bg_x_mobile&quot;:&quot;&quot;,&quot;jet_parallax_layout_bg_y&quot;:50,&quot;jet_parallax_layout_bg_y_tablet&quot;:&quot;&quot;,&quot;jet_parallax_layout_bg_y_mobile&quot;:&quot;&quot;,&quot;jet_parallax_layout_bg_size&quot;:&quot;auto&quot;,&quot;jet_parallax_layout_bg_size_tablet&quot;:&quot;&quot;,&quot;jet_parallax_layout_bg_size_mobile&quot;:&quot;&quot;,&quot;jet_parallax_layout_animation_prop&quot;:&quot;transform&quot;,&quot;jet_parallax_layout_on&quot;:[&quot;desktop&quot;,&quot;tablet&quot;]}]}\">\n\t\t\t\t\t\t<div class=\"elementor-container elementor-column-gap-default\">\n\t\t\t\t\t<div class=\"elementor-column elementor-col-100 elementor-top-column elementor-element elementor-element-3f89138\" data-id=\"3f89138\" data-element_type=\"column\">\n\t\t\t<div class=\"elementor-widget-wrap elementor-element-populated\">\n\t\t\t\t\t\t<div class=\"elementor-element elementor-element-d86ce55 elementor-widget elementor-widget-text-editor\" data-id=\"d86ce55\" data-element_type=\"widget\" data-widget_type=\"text-editor.default\">\n\t\t\t\t\t\t\t\t\t<p><em>Publicada no DOE em <a href=\"http:\/\/redelog.rj.gov.br\/redelog\/wp-content\/uploads\/2022\/01\/Decreto-no-47.680-de-12-de-julho-de-2021-NLLC-e-Comprasnet.pdf\" target=\"_blank\" rel=\"noopener\"><strong>13\/07\/2021<\/strong><\/a>, alterado pelo <strong><a href=\"https:\/\/redelog.rj.gov.br\/redelog\/decreto-no-48-190-de-125-de-agosto-de-2022-2\/\">Decreto n\u00ba 48.190, de 25 de agosto de 2022<\/a><\/strong>, publicado no DOE em <a href=\"https:\/\/www.redelog.rj.gov.br\/redelog\/wp-content\/uploads\/2022\/08\/Decreto-no-48.190-Altera-o-Decreto-no-47.680.pdf\"><strong>26\/08\/2022<\/strong><\/a>.<\/em><\/p>\t\t\t\t\t\t\t\t<\/div>\n\t\t\t\t\t<\/div>\n\t\t<\/div>\n\t\t\t\t\t<\/div>\n\t\t<\/section>\n\t\t\t\t<section class=\"elementor-section elementor-top-section elementor-element elementor-element-28b90d4 elementor-section-boxed elementor-section-height-default elementor-section-height-default\" data-id=\"28b90d4\" data-element_type=\"section\" data-settings=\"{&quot;jet_parallax_layout_list&quot;:[{&quot;jet_parallax_layout_image&quot;:{&quot;url&quot;:&quot;&quot;,&quot;id&quot;:&quot;&quot;,&quot;size&quot;:&quot;&quot;},&quot;_id&quot;:&quot;ab030fc&quot;,&quot;jet_parallax_layout_image_tablet&quot;:{&quot;url&quot;:&quot;&quot;,&quot;id&quot;:&quot;&quot;,&quot;size&quot;:&quot;&quot;},&quot;jet_parallax_layout_image_mobile&quot;:{&quot;url&quot;:&quot;&quot;,&quot;id&quot;:&quot;&quot;,&quot;size&quot;:&quot;&quot;},&quot;jet_parallax_layout_speed&quot;:{&quot;unit&quot;:&quot;%&quot;,&quot;size&quot;:50,&quot;sizes&quot;:[]},&quot;jet_parallax_layout_type&quot;:&quot;scroll&quot;,&quot;jet_parallax_layout_direction&quot;:&quot;1&quot;,&quot;jet_parallax_layout_fx_direction&quot;:null,&quot;jet_parallax_layout_z_index&quot;:&quot;&quot;,&quot;jet_parallax_layout_bg_x&quot;:50,&quot;jet_parallax_layout_bg_x_tablet&quot;:&quot;&quot;,&quot;jet_parallax_layout_bg_x_mobile&quot;:&quot;&quot;,&quot;jet_parallax_layout_bg_y&quot;:50,&quot;jet_parallax_layout_bg_y_tablet&quot;:&quot;&quot;,&quot;jet_parallax_layout_bg_y_mobile&quot;:&quot;&quot;,&quot;jet_parallax_layout_bg_size&quot;:&quot;auto&quot;,&quot;jet_parallax_layout_bg_size_tablet&quot;:&quot;&quot;,&quot;jet_parallax_layout_bg_size_mobile&quot;:&quot;&quot;,&quot;jet_parallax_layout_animation_prop&quot;:&quot;transform&quot;,&quot;jet_parallax_layout_on&quot;:[&quot;desktop&quot;,&quot;tablet&quot;]}]}\">\n\t\t\t\t\t\t<div class=\"elementor-container elementor-column-gap-default\">\n\t\t\t\t\t<div class=\"elementor-column elementor-col-100 elementor-top-column elementor-element elementor-element-4e167b3\" data-id=\"4e167b3\" data-element_type=\"column\">\n\t\t\t<div class=\"elementor-widget-wrap elementor-element-populated\">\n\t\t\t\t\t\t<div class=\"elementor-element elementor-element-f1545f2 elementor-widget-divider--view-line elementor-widget elementor-widget-divider\" data-id=\"f1545f2\" data-element_type=\"widget\" data-widget_type=\"divider.default\">\n\t\t\t\t\t\t\t<div class=\"elementor-divider\">\n\t\t\t<span class=\"elementor-divider-separator\">\n\t\t\t\t\t\t<\/span>\n\t\t<\/div>\n\t\t\t\t\t\t<\/div>\n\t\t\t\t\t<\/div>\n\t\t<\/div>\n\t\t\t\t\t<\/div>\n\t\t<\/section>\n\t\t\t\t<section class=\"elementor-section elementor-top-section elementor-element elementor-element-823f05c elementor-section-boxed elementor-section-height-default elementor-section-height-default\" data-id=\"823f05c\" data-element_type=\"section\" id=\"options\" data-settings=\"{&quot;jet_parallax_layout_list&quot;:[{&quot;jet_parallax_layout_image&quot;:{&quot;url&quot;:&quot;&quot;,&quot;id&quot;:&quot;&quot;,&quot;size&quot;:&quot;&quot;},&quot;_id&quot;:&quot;19d7213&quot;,&quot;jet_parallax_layout_image_tablet&quot;:{&quot;url&quot;:&quot;&quot;,&quot;id&quot;:&quot;&quot;,&quot;size&quot;:&quot;&quot;},&quot;jet_parallax_layout_image_mobile&quot;:{&quot;url&quot;:&quot;&quot;,&quot;id&quot;:&quot;&quot;,&quot;size&quot;:&quot;&quot;},&quot;jet_parallax_layout_speed&quot;:{&quot;unit&quot;:&quot;%&quot;,&quot;size&quot;:50,&quot;sizes&quot;:[]},&quot;jet_parallax_layout_type&quot;:&quot;scroll&quot;,&quot;jet_parallax_layout_direction&quot;:&quot;1&quot;,&quot;jet_parallax_layout_fx_direction&quot;:null,&quot;jet_parallax_layout_z_index&quot;:&quot;&quot;,&quot;jet_parallax_layout_bg_x&quot;:50,&quot;jet_parallax_layout_bg_x_tablet&quot;:&quot;&quot;,&quot;jet_parallax_layout_bg_x_mobile&quot;:&quot;&quot;,&quot;jet_parallax_layout_bg_y&quot;:50,&quot;jet_parallax_layout_bg_y_tablet&quot;:&quot;&quot;,&quot;jet_parallax_layout_bg_y_mobile&quot;:&quot;&quot;,&quot;jet_parallax_layout_bg_size&quot;:&quot;auto&quot;,&quot;jet_parallax_layout_bg_size_tablet&quot;:&quot;&quot;,&quot;jet_parallax_layout_bg_size_mobile&quot;:&quot;&quot;,&quot;jet_parallax_layout_animation_prop&quot;:&quot;transform&quot;,&quot;jet_parallax_layout_on&quot;:[&quot;desktop&quot;,&quot;tablet&quot;]}]}\">\n\t\t\t\t\t\t<div class=\"elementor-container elementor-column-gap-default\">\n\t\t\t\t\t<div class=\"elementor-column elementor-col-100 elementor-top-column elementor-element elementor-element-3f22a7b\" data-id=\"3f22a7b\" data-element_type=\"column\">\n\t\t\t<div class=\"elementor-widget-wrap elementor-element-populated\">\n\t\t\t\t\t\t<div class=\"elementor-element elementor-element-ca84e8e elementor-widget elementor-widget-shortcode\" data-id=\"ca84e8e\" data-element_type=\"widget\" data-widget_type=\"shortcode.default\">\n\t\t\t\t\t\t\t<div class=\"elementor-shortcode\"><div class='printomatic pom-default ' id='id2583' alt='Imprimir' title='Imprimir' data-print_target='#post-9045'><\/div> <div class='printomatictext' id='id2583' alt='Imprimir' title='Imprimir' data-print_target='#post-9045'>Imprimir<\/div><div style='clear: both;'><\/div><\/div>\n\t\t\t\t\t\t<\/div>\n\t\t\t\t<section class=\"elementor-section elementor-inner-section elementor-element elementor-element-221b45d elementor-section-boxed elementor-section-height-default elementor-section-height-default\" data-id=\"221b45d\" data-element_type=\"section\" data-settings=\"{&quot;jet_parallax_layout_list&quot;:[{&quot;jet_parallax_layout_image&quot;:{&quot;url&quot;:&quot;&quot;,&quot;id&quot;:&quot;&quot;,&quot;size&quot;:&quot;&quot;},&quot;_id&quot;:&quot;ccec7d1&quot;,&quot;jet_parallax_layout_image_tablet&quot;:{&quot;url&quot;:&quot;&quot;,&quot;id&quot;:&quot;&quot;,&quot;size&quot;:&quot;&quot;},&quot;jet_parallax_layout_image_mobile&quot;:{&quot;url&quot;:&quot;&quot;,&quot;id&quot;:&quot;&quot;,&quot;size&quot;:&quot;&quot;},&quot;jet_parallax_layout_speed&quot;:{&quot;unit&quot;:&quot;%&quot;,&quot;size&quot;:50,&quot;sizes&quot;:[]},&quot;jet_parallax_layout_type&quot;:&quot;scroll&quot;,&quot;jet_parallax_layout_direction&quot;:&quot;1&quot;,&quot;jet_parallax_layout_fx_direction&quot;:null,&quot;jet_parallax_layout_z_index&quot;:&quot;&quot;,&quot;jet_parallax_layout_bg_x&quot;:50,&quot;jet_parallax_layout_bg_x_tablet&quot;:&quot;&quot;,&quot;jet_parallax_layout_bg_x_mobile&quot;:&quot;&quot;,&quot;jet_parallax_layout_bg_y&quot;:50,&quot;jet_parallax_layout_bg_y_tablet&quot;:&quot;&quot;,&quot;jet_parallax_layout_bg_y_mobile&quot;:&quot;&quot;,&quot;jet_parallax_layout_bg_size&quot;:&quot;auto&quot;,&quot;jet_parallax_layout_bg_size_tablet&quot;:&quot;&quot;,&quot;jet_parallax_layout_bg_size_mobile&quot;:&quot;&quot;,&quot;jet_parallax_layout_animation_prop&quot;:&quot;transform&quot;,&quot;jet_parallax_layout_on&quot;:[&quot;desktop&quot;,&quot;tablet&quot;]}]}\">\n\t\t\t\t\t\t<div class=\"elementor-container elementor-column-gap-default\">\n\t\t\t\t\t<div class=\"elementor-column elementor-col-50 elementor-inner-column elementor-element elementor-element-2a83144\" data-id=\"2a83144\" data-element_type=\"column\">\n\t\t\t<div class=\"elementor-widget-wrap elementor-element-populated\">\n\t\t\t\t\t\t<div class=\"elementor-element elementor-element-d53593b elementor-widget elementor-widget-text-editor\" data-id=\"d53593b\" data-element_type=\"widget\" data-widget_type=\"text-editor.default\">\n\t\t\t\t\t\t\t\t\t<p><strong><a href=\"http:\/\/redelog.rj.gov.br\/redelog\/legislacao-licitacoes\/\">\u2190 Voltar &#8211; Licita\u00e7\u00f5es<\/a><\/strong><\/p>\t\t\t\t\t\t\t\t<\/div>\n\t\t\t\t\t<\/div>\n\t\t<\/div>\n\t\t\t\t<div class=\"elementor-column elementor-col-50 elementor-inner-column elementor-element elementor-element-8b9b0ee\" data-id=\"8b9b0ee\" data-element_type=\"column\">\n\t\t\t<div class=\"elementor-widget-wrap elementor-element-populated\">\n\t\t\t\t\t\t\t<\/div>\n\t\t<\/div>\n\t\t\t\t\t<\/div>\n\t\t<\/section>\n\t\t\t\t\t<\/div>\n\t\t<\/div>\n\t\t\t\t\t<\/div>\n\t\t<\/section>\n\t\t\t\t<section class=\"elementor-section elementor-top-section elementor-element elementor-element-bb34112 elementor-section-boxed elementor-section-height-default elementor-section-height-default\" data-id=\"bb34112\" data-element_type=\"section\" data-settings=\"{&quot;jet_parallax_layout_list&quot;:[{&quot;jet_parallax_layout_image&quot;:{&quot;url&quot;:&quot;&quot;,&quot;id&quot;:&quot;&quot;,&quot;size&quot;:&quot;&quot;},&quot;_id&quot;:&quot;22a0abb&quot;,&quot;jet_parallax_layout_image_tablet&quot;:{&quot;url&quot;:&quot;&quot;,&quot;id&quot;:&quot;&quot;,&quot;size&quot;:&quot;&quot;},&quot;jet_parallax_layout_image_mobile&quot;:{&quot;url&quot;:&quot;&quot;,&quot;id&quot;:&quot;&quot;,&quot;size&quot;:&quot;&quot;},&quot;jet_parallax_layout_speed&quot;:{&quot;unit&quot;:&quot;%&quot;,&quot;size&quot;:50,&quot;sizes&quot;:[]},&quot;jet_parallax_layout_type&quot;:&quot;scroll&quot;,&quot;jet_parallax_layout_direction&quot;:&quot;1&quot;,&quot;jet_parallax_layout_fx_direction&quot;:null,&quot;jet_parallax_layout_z_index&quot;:&quot;&quot;,&quot;jet_parallax_layout_bg_x&quot;:50,&quot;jet_parallax_layout_bg_x_tablet&quot;:&quot;&quot;,&quot;jet_parallax_layout_bg_x_mobile&quot;:&quot;&quot;,&quot;jet_parallax_layout_bg_y&quot;:50,&quot;jet_parallax_layout_bg_y_tablet&quot;:&quot;&quot;,&quot;jet_parallax_layout_bg_y_mobile&quot;:&quot;&quot;,&quot;jet_parallax_layout_bg_size&quot;:&quot;auto&quot;,&quot;jet_parallax_layout_bg_size_tablet&quot;:&quot;&quot;,&quot;jet_parallax_layout_bg_size_mobile&quot;:&quot;&quot;,&quot;jet_parallax_layout_animation_prop&quot;:&quot;transform&quot;,&quot;jet_parallax_layout_on&quot;:[&quot;desktop&quot;,&quot;tablet&quot;]}]}\">\n\t\t\t\t\t\t<div class=\"elementor-container elementor-column-gap-default\">\n\t\t\t\t\t<div class=\"elementor-column elementor-col-100 elementor-top-column elementor-element elementor-element-767edb1\" data-id=\"767edb1\" data-element_type=\"column\">\n\t\t\t<div class=\"elementor-widget-wrap elementor-element-populated\">\n\t\t\t\t\t\t<div class=\"elementor-element elementor-element-efb94a4 elementor-widget elementor-widget-html\" data-id=\"efb94a4\" data-element_type=\"widget\" data-widget_type=\"html.default\">\n\t\t\t\t\t<style>\n    h2, .h2-style{\n        font-size: 28px;\n    }\n<\/style>\t\t\t\t<\/div>\n\t\t\t\t\t<\/div>\n\t\t<\/div>\n\t\t\t\t\t<\/div>\n\t\t<\/section>\n\t\t\t\t<\/div>\n\t\t","protected":false},"excerpt":{"rendered":"<p>DISP\u00d5E SOBRE O REGIME LEGAL DE LICITA\u00c7\u00d5ES E CONTRATOS ADMINISTRATIVOS A SER UTILIZADO NO \u00c2MBITO DA ADMINISTRA\u00c7\u00c3O P\u00daBLICA ESTADUAL DIRETA, AUT\u00c1RQUICA E FUNDACIONAL DO PODER EXECUTIVO, E INSTITUI OS COMIT\u00caS EXECUTIVO E T\u00c9CNICO DE GOVERNAN\u00c7A EM CONTRATA\u00c7\u00d5ES P\u00daBLICAS, COM VISTAS \u00c0 REGULAMENTA\u00c7\u00c3O E EFETIVA IMPLEMENTA\u00c7\u00c3O DA LEI N\u00ba 14.133, DE 1\u00ba DE ABRIL DE 2021, [&hellip;]<\/p>\n","protected":false},"author":1,"featured_media":0,"comment_status":"closed","ping_status":"open","sticky":false,"template":"","format":"standard","meta":{"_joinchat":[],"footnotes":""},"categories":[23],"tags":[],"class_list":["post-9045","post","type-post","status-publish","format-standard","hentry","category-cat-legislacao"],"yoast_head":"<!-- This site is optimized with the Yoast SEO plugin v25.7 - https:\/\/yoast.com\/wordpress\/plugins\/seo\/ -->\n<title>DECRETO N\u00ba 47.680, DE 12 DE JULHO DE 2021 - Redelog<\/title>\n<meta name=\"robots\" content=\"index, follow, max-snippet:-1, max-image-preview:large, max-video-preview:-1\" \/>\n<link rel=\"canonical\" href=\"https:\/\/redelog.rj.gov.br\/redelog\/decreto-47680\/\" \/>\n<meta property=\"og:locale\" content=\"pt_BR\" \/>\n<meta property=\"og:type\" content=\"article\" \/>\n<meta property=\"og:title\" content=\"DECRETO N\u00ba 47.680, DE 12 DE JULHO DE 2021 - Redelog\" \/>\n<meta property=\"og:description\" content=\"DISP\u00d5E SOBRE O REGIME LEGAL DE LICITA\u00c7\u00d5ES E CONTRATOS ADMINISTRATIVOS A SER UTILIZADO NO \u00c2MBITO DA ADMINISTRA\u00c7\u00c3O P\u00daBLICA ESTADUAL DIRETA, AUT\u00c1RQUICA E FUNDACIONAL DO PODER EXECUTIVO, E INSTITUI OS COMIT\u00caS EXECUTIVO E T\u00c9CNICO DE GOVERNAN\u00c7A EM CONTRATA\u00c7\u00d5ES P\u00daBLICAS, COM VISTAS \u00c0 REGULAMENTA\u00c7\u00c3O E EFETIVA IMPLEMENTA\u00c7\u00c3O DA LEI N\u00ba 14.133, DE 1\u00ba DE ABRIL DE 2021, [&hellip;]\" \/>\n<meta property=\"og:url\" content=\"https:\/\/redelog.rj.gov.br\/redelog\/decreto-47680\/\" \/>\n<meta property=\"og:site_name\" content=\"Redelog\" \/>\n<meta property=\"article:published_time\" content=\"2022-01-12T14:26:03+00:00\" \/>\n<meta property=\"article:modified_time\" content=\"2022-08-30T13:45:32+00:00\" \/>\n<meta name=\"author\" content=\"alheiro\" \/>\n<meta name=\"twitter:card\" content=\"summary_large_image\" \/>\n<meta name=\"twitter:label1\" content=\"Escrito por\" \/>\n\t<meta name=\"twitter:data1\" content=\"alheiro\" \/>\n\t<meta name=\"twitter:label2\" content=\"Est. tempo de leitura\" \/>\n\t<meta name=\"twitter:data2\" content=\"9 minutos\" \/>\n<script type=\"application\/ld+json\" class=\"yoast-schema-graph\">{\"@context\":\"https:\/\/schema.org\",\"@graph\":[{\"@type\":\"Article\",\"@id\":\"https:\/\/redelog.rj.gov.br\/redelog\/decreto-47680\/#article\",\"isPartOf\":{\"@id\":\"https:\/\/redelog.rj.gov.br\/redelog\/decreto-47680\/\"},\"author\":{\"name\":\"alheiro\",\"@id\":\"https:\/\/redelog.rj.gov.br\/redelog\/#\/schema\/person\/1299ae2b7bfb510dd74c28ed239470fb\"},\"headline\":\"DECRETO N\u00ba 47.680, DE 12 DE JULHO DE 2021\",\"datePublished\":\"2022-01-12T14:26:03+00:00\",\"dateModified\":\"2022-08-30T13:45:32+00:00\",\"mainEntityOfPage\":{\"@id\":\"https:\/\/redelog.rj.gov.br\/redelog\/decreto-47680\/\"},\"wordCount\":2270,\"publisher\":{\"@id\":\"https:\/\/redelog.rj.gov.br\/redelog\/#organization\"},\"articleSection\":[\"Legisla\u00e7\u00e3o\"],\"inLanguage\":\"pt-BR\"},{\"@type\":\"WebPage\",\"@id\":\"https:\/\/redelog.rj.gov.br\/redelog\/decreto-47680\/\",\"url\":\"https:\/\/redelog.rj.gov.br\/redelog\/decreto-47680\/\",\"name\":\"DECRETO N\u00ba 47.680, DE 12 DE JULHO DE 2021 - Redelog\",\"isPartOf\":{\"@id\":\"https:\/\/redelog.rj.gov.br\/redelog\/#website\"},\"datePublished\":\"2022-01-12T14:26:03+00:00\",\"dateModified\":\"2022-08-30T13:45:32+00:00\",\"breadcrumb\":{\"@id\":\"https:\/\/redelog.rj.gov.br\/redelog\/decreto-47680\/#breadcrumb\"},\"inLanguage\":\"pt-BR\",\"potentialAction\":[{\"@type\":\"ReadAction\",\"target\":[\"https:\/\/redelog.rj.gov.br\/redelog\/decreto-47680\/\"]}]},{\"@type\":\"BreadcrumbList\",\"@id\":\"https:\/\/redelog.rj.gov.br\/redelog\/decreto-47680\/#breadcrumb\",\"itemListElement\":[{\"@type\":\"ListItem\",\"position\":1,\"name\":\"Home\",\"item\":\"https:\/\/redelog.rj.gov.br\/redelog\/\"},{\"@type\":\"ListItem\",\"position\":2,\"name\":\"DECRETO N\u00ba 47.680, DE 12 DE JULHO DE 2021\"}]},{\"@type\":\"WebSite\",\"@id\":\"https:\/\/redelog.rj.gov.br\/redelog\/#website\",\"url\":\"https:\/\/redelog.rj.gov.br\/redelog\/\",\"name\":\"Redelog\",\"description\":\"Site da Rede de Log\u00edstica e Planejamento do Estado do Rio de Janeiro\",\"publisher\":{\"@id\":\"https:\/\/redelog.rj.gov.br\/redelog\/#organization\"},\"potentialAction\":[{\"@type\":\"SearchAction\",\"target\":{\"@type\":\"EntryPoint\",\"urlTemplate\":\"https:\/\/redelog.rj.gov.br\/redelog\/?s={search_term_string}\"},\"query-input\":{\"@type\":\"PropertyValueSpecification\",\"valueRequired\":true,\"valueName\":\"search_term_string\"}}],\"inLanguage\":\"pt-BR\"},{\"@type\":\"Organization\",\"@id\":\"https:\/\/redelog.rj.gov.br\/redelog\/#organization\",\"name\":\"REDELOG\",\"url\":\"https:\/\/redelog.rj.gov.br\/redelog\/\",\"logo\":{\"@type\":\"ImageObject\",\"inLanguage\":\"pt-BR\",\"@id\":\"https:\/\/redelog.rj.gov.br\/redelog\/#\/schema\/logo\/image\/\",\"url\":\"http:\/\/10.10.8.100:8888\/redelog\/wp-content\/uploads\/2019\/09\/Redelog2.png\",\"contentUrl\":\"http:\/\/10.10.8.100:8888\/redelog\/wp-content\/uploads\/2019\/09\/Redelog2.png\",\"width\":565,\"height\":155,\"caption\":\"REDELOG\"},\"image\":{\"@id\":\"https:\/\/redelog.rj.gov.br\/redelog\/#\/schema\/logo\/image\/\"}},{\"@type\":\"Person\",\"@id\":\"https:\/\/redelog.rj.gov.br\/redelog\/#\/schema\/person\/1299ae2b7bfb510dd74c28ed239470fb\",\"name\":\"alheiro\",\"image\":{\"@type\":\"ImageObject\",\"inLanguage\":\"pt-BR\",\"@id\":\"https:\/\/redelog.rj.gov.br\/redelog\/#\/schema\/person\/image\/\",\"url\":\"https:\/\/secure.gravatar.com\/avatar\/682da79d56fd06a1a63ccaa75b42ffe0c9b0609a62bc395d810f23f98140dcae?s=96&d=mm&r=g\",\"contentUrl\":\"https:\/\/secure.gravatar.com\/avatar\/682da79d56fd06a1a63ccaa75b42ffe0c9b0609a62bc395d810f23f98140dcae?s=96&d=mm&r=g\",\"caption\":\"alheiro\"},\"sameAs\":[\"http:\/\/10.9.108.118:3000\/redelog\"],\"url\":\"https:\/\/redelog.rj.gov.br\/redelog\/author\/alheiro\/\"}]}<\/script>\n<!-- \/ Yoast SEO plugin. -->","yoast_head_json":{"title":"DECRETO N\u00ba 47.680, DE 12 DE JULHO DE 2021 - Redelog","robots":{"index":"index","follow":"follow","max-snippet":"max-snippet:-1","max-image-preview":"max-image-preview:large","max-video-preview":"max-video-preview:-1"},"canonical":"https:\/\/redelog.rj.gov.br\/redelog\/decreto-47680\/","og_locale":"pt_BR","og_type":"article","og_title":"DECRETO N\u00ba 47.680, DE 12 DE JULHO DE 2021 - Redelog","og_description":"DISP\u00d5E SOBRE O REGIME LEGAL DE LICITA\u00c7\u00d5ES E CONTRATOS ADMINISTRATIVOS A SER UTILIZADO NO \u00c2MBITO DA ADMINISTRA\u00c7\u00c3O P\u00daBLICA ESTADUAL DIRETA, AUT\u00c1RQUICA E FUNDACIONAL DO PODER EXECUTIVO, E INSTITUI OS COMIT\u00caS EXECUTIVO E T\u00c9CNICO DE GOVERNAN\u00c7A EM CONTRATA\u00c7\u00d5ES P\u00daBLICAS, COM VISTAS \u00c0 REGULAMENTA\u00c7\u00c3O E EFETIVA IMPLEMENTA\u00c7\u00c3O DA LEI N\u00ba 14.133, DE 1\u00ba DE ABRIL DE 2021, [&hellip;]","og_url":"https:\/\/redelog.rj.gov.br\/redelog\/decreto-47680\/","og_site_name":"Redelog","article_published_time":"2022-01-12T14:26:03+00:00","article_modified_time":"2022-08-30T13:45:32+00:00","author":"alheiro","twitter_card":"summary_large_image","twitter_misc":{"Escrito por":"alheiro","Est. tempo de leitura":"9 minutos"},"schema":{"@context":"https:\/\/schema.org","@graph":[{"@type":"Article","@id":"https:\/\/redelog.rj.gov.br\/redelog\/decreto-47680\/#article","isPartOf":{"@id":"https:\/\/redelog.rj.gov.br\/redelog\/decreto-47680\/"},"author":{"name":"alheiro","@id":"https:\/\/redelog.rj.gov.br\/redelog\/#\/schema\/person\/1299ae2b7bfb510dd74c28ed239470fb"},"headline":"DECRETO N\u00ba 47.680, DE 12 DE JULHO DE 2021","datePublished":"2022-01-12T14:26:03+00:00","dateModified":"2022-08-30T13:45:32+00:00","mainEntityOfPage":{"@id":"https:\/\/redelog.rj.gov.br\/redelog\/decreto-47680\/"},"wordCount":2270,"publisher":{"@id":"https:\/\/redelog.rj.gov.br\/redelog\/#organization"},"articleSection":["Legisla\u00e7\u00e3o"],"inLanguage":"pt-BR"},{"@type":"WebPage","@id":"https:\/\/redelog.rj.gov.br\/redelog\/decreto-47680\/","url":"https:\/\/redelog.rj.gov.br\/redelog\/decreto-47680\/","name":"DECRETO N\u00ba 47.680, DE 12 DE JULHO DE 2021 - Redelog","isPartOf":{"@id":"https:\/\/redelog.rj.gov.br\/redelog\/#website"},"datePublished":"2022-01-12T14:26:03+00:00","dateModified":"2022-08-30T13:45:32+00:00","breadcrumb":{"@id":"https:\/\/redelog.rj.gov.br\/redelog\/decreto-47680\/#breadcrumb"},"inLanguage":"pt-BR","potentialAction":[{"@type":"ReadAction","target":["https:\/\/redelog.rj.gov.br\/redelog\/decreto-47680\/"]}]},{"@type":"BreadcrumbList","@id":"https:\/\/redelog.rj.gov.br\/redelog\/decreto-47680\/#breadcrumb","itemListElement":[{"@type":"ListItem","position":1,"name":"Home","item":"https:\/\/redelog.rj.gov.br\/redelog\/"},{"@type":"ListItem","position":2,"name":"DECRETO N\u00ba 47.680, DE 12 DE JULHO DE 2021"}]},{"@type":"WebSite","@id":"https:\/\/redelog.rj.gov.br\/redelog\/#website","url":"https:\/\/redelog.rj.gov.br\/redelog\/","name":"Redelog","description":"Site da Rede de Log\u00edstica e Planejamento do Estado do Rio de Janeiro","publisher":{"@id":"https:\/\/redelog.rj.gov.br\/redelog\/#organization"},"potentialAction":[{"@type":"SearchAction","target":{"@type":"EntryPoint","urlTemplate":"https:\/\/redelog.rj.gov.br\/redelog\/?s={search_term_string}"},"query-input":{"@type":"PropertyValueSpecification","valueRequired":true,"valueName":"search_term_string"}}],"inLanguage":"pt-BR"},{"@type":"Organization","@id":"https:\/\/redelog.rj.gov.br\/redelog\/#organization","name":"REDELOG","url":"https:\/\/redelog.rj.gov.br\/redelog\/","logo":{"@type":"ImageObject","inLanguage":"pt-BR","@id":"https:\/\/redelog.rj.gov.br\/redelog\/#\/schema\/logo\/image\/","url":"http:\/\/10.10.8.100:8888\/redelog\/wp-content\/uploads\/2019\/09\/Redelog2.png","contentUrl":"http:\/\/10.10.8.100:8888\/redelog\/wp-content\/uploads\/2019\/09\/Redelog2.png","width":565,"height":155,"caption":"REDELOG"},"image":{"@id":"https:\/\/redelog.rj.gov.br\/redelog\/#\/schema\/logo\/image\/"}},{"@type":"Person","@id":"https:\/\/redelog.rj.gov.br\/redelog\/#\/schema\/person\/1299ae2b7bfb510dd74c28ed239470fb","name":"alheiro","image":{"@type":"ImageObject","inLanguage":"pt-BR","@id":"https:\/\/redelog.rj.gov.br\/redelog\/#\/schema\/person\/image\/","url":"https:\/\/secure.gravatar.com\/avatar\/682da79d56fd06a1a63ccaa75b42ffe0c9b0609a62bc395d810f23f98140dcae?s=96&d=mm&r=g","contentUrl":"https:\/\/secure.gravatar.com\/avatar\/682da79d56fd06a1a63ccaa75b42ffe0c9b0609a62bc395d810f23f98140dcae?s=96&d=mm&r=g","caption":"alheiro"},"sameAs":["http:\/\/10.9.108.118:3000\/redelog"],"url":"https:\/\/redelog.rj.gov.br\/redelog\/author\/alheiro\/"}]}},"_links":{"self":[{"href":"https:\/\/redelog.rj.gov.br\/redelog\/wp-json\/wp\/v2\/posts\/9045","targetHints":{"allow":["GET"]}}],"collection":[{"href":"https:\/\/redelog.rj.gov.br\/redelog\/wp-json\/wp\/v2\/posts"}],"about":[{"href":"https:\/\/redelog.rj.gov.br\/redelog\/wp-json\/wp\/v2\/types\/post"}],"author":[{"embeddable":true,"href":"https:\/\/redelog.rj.gov.br\/redelog\/wp-json\/wp\/v2\/users\/1"}],"replies":[{"embeddable":true,"href":"https:\/\/redelog.rj.gov.br\/redelog\/wp-json\/wp\/v2\/comments?post=9045"}],"version-history":[{"count":43,"href":"https:\/\/redelog.rj.gov.br\/redelog\/wp-json\/wp\/v2\/posts\/9045\/revisions"}],"predecessor-version":[{"id":19310,"href":"https:\/\/redelog.rj.gov.br\/redelog\/wp-json\/wp\/v2\/posts\/9045\/revisions\/19310"}],"wp:attachment":[{"href":"https:\/\/redelog.rj.gov.br\/redelog\/wp-json\/wp\/v2\/media?parent=9045"}],"wp:term":[{"taxonomy":"category","embeddable":true,"href":"https:\/\/redelog.rj.gov.br\/redelog\/wp-json\/wp\/v2\/categories?post=9045"},{"taxonomy":"post_tag","embeddable":true,"href":"https:\/\/redelog.rj.gov.br\/redelog\/wp-json\/wp\/v2\/tags?post=9045"}],"curies":[{"name":"wp","href":"https:\/\/api.w.org\/{rel}","templated":true}]}}