{"id":9034,"date":"2022-01-12T11:10:12","date_gmt":"2022-01-12T14:10:12","guid":{"rendered":"http:\/\/10.11.80.6\/redelog\/?p=9034"},"modified":"2022-08-16T16:09:14","modified_gmt":"2022-08-16T19:09:14","slug":"decreto-46050","status":"publish","type":"post","link":"https:\/\/redelog.rj.gov.br\/redelog\/decreto-46050\/","title":{"rendered":"DECRETO N\u00ba 46.050, DE 26 DE JULHO DE 2017"},"content":{"rendered":"\t\t<div data-elementor-type=\"wp-post\" data-elementor-id=\"9034\" class=\"elementor elementor-9034\" data-elementor-post-type=\"post\">\n\t\t\t\t\t\t<section class=\"elementor-section elementor-top-section elementor-element elementor-element-a060dba elementor-section-boxed elementor-section-height-default elementor-section-height-default\" data-id=\"a060dba\" data-element_type=\"section\" data-settings=\"{&quot;jet_parallax_layout_list&quot;:[{&quot;jet_parallax_layout_image&quot;:{&quot;url&quot;:&quot;&quot;,&quot;id&quot;:&quot;&quot;,&quot;size&quot;:&quot;&quot;},&quot;_id&quot;:&quot;a52826b&quot;,&quot;jet_parallax_layout_image_tablet&quot;:{&quot;url&quot;:&quot;&quot;,&quot;id&quot;:&quot;&quot;,&quot;size&quot;:&quot;&quot;},&quot;jet_parallax_layout_image_mobile&quot;:{&quot;url&quot;:&quot;&quot;,&quot;id&quot;:&quot;&quot;,&quot;size&quot;:&quot;&quot;},&quot;jet_parallax_layout_speed&quot;:{&quot;unit&quot;:&quot;%&quot;,&quot;size&quot;:50,&quot;sizes&quot;:[]},&quot;jet_parallax_layout_type&quot;:&quot;scroll&quot;,&quot;jet_parallax_layout_direction&quot;:&quot;1&quot;,&quot;jet_parallax_layout_fx_direction&quot;:null,&quot;jet_parallax_layout_z_index&quot;:&quot;&quot;,&quot;jet_parallax_layout_bg_x&quot;:50,&quot;jet_parallax_layout_bg_x_tablet&quot;:&quot;&quot;,&quot;jet_parallax_layout_bg_x_mobile&quot;:&quot;&quot;,&quot;jet_parallax_layout_bg_y&quot;:50,&quot;jet_parallax_layout_bg_y_tablet&quot;:&quot;&quot;,&quot;jet_parallax_layout_bg_y_mobile&quot;:&quot;&quot;,&quot;jet_parallax_layout_bg_size&quot;:&quot;auto&quot;,&quot;jet_parallax_layout_bg_size_tablet&quot;:&quot;&quot;,&quot;jet_parallax_layout_bg_size_mobile&quot;:&quot;&quot;,&quot;jet_parallax_layout_animation_prop&quot;:&quot;transform&quot;,&quot;jet_parallax_layout_on&quot;:[&quot;desktop&quot;,&quot;tablet&quot;]}]}\">\n\t\t\t\t\t\t<div class=\"elementor-container elementor-column-gap-default\">\n\t\t\t\t\t<div class=\"elementor-column elementor-col-100 elementor-top-column elementor-element elementor-element-e18639c\" data-id=\"e18639c\" data-element_type=\"column\">\n\t\t\t<div class=\"elementor-widget-wrap elementor-element-populated\">\n\t\t\t\t\t\t<section class=\"elementor-section elementor-inner-section elementor-element elementor-element-80f8c95 elementor-section-boxed elementor-section-height-default elementor-section-height-default\" data-id=\"80f8c95\" data-element_type=\"section\" data-settings=\"{&quot;jet_parallax_layout_list&quot;:[{&quot;jet_parallax_layout_image&quot;:{&quot;url&quot;:&quot;&quot;,&quot;id&quot;:&quot;&quot;,&quot;size&quot;:&quot;&quot;},&quot;_id&quot;:&quot;1e48917&quot;,&quot;jet_parallax_layout_image_tablet&quot;:{&quot;url&quot;:&quot;&quot;,&quot;id&quot;:&quot;&quot;,&quot;size&quot;:&quot;&quot;},&quot;jet_parallax_layout_image_mobile&quot;:{&quot;url&quot;:&quot;&quot;,&quot;id&quot;:&quot;&quot;,&quot;size&quot;:&quot;&quot;},&quot;jet_parallax_layout_speed&quot;:{&quot;unit&quot;:&quot;%&quot;,&quot;size&quot;:50,&quot;sizes&quot;:[]},&quot;jet_parallax_layout_type&quot;:&quot;scroll&quot;,&quot;jet_parallax_layout_direction&quot;:&quot;1&quot;,&quot;jet_parallax_layout_fx_direction&quot;:null,&quot;jet_parallax_layout_z_index&quot;:&quot;&quot;,&quot;jet_parallax_layout_bg_x&quot;:50,&quot;jet_parallax_layout_bg_x_tablet&quot;:&quot;&quot;,&quot;jet_parallax_layout_bg_x_mobile&quot;:&quot;&quot;,&quot;jet_parallax_layout_bg_y&quot;:50,&quot;jet_parallax_layout_bg_y_tablet&quot;:&quot;&quot;,&quot;jet_parallax_layout_bg_y_mobile&quot;:&quot;&quot;,&quot;jet_parallax_layout_bg_size&quot;:&quot;auto&quot;,&quot;jet_parallax_layout_bg_size_tablet&quot;:&quot;&quot;,&quot;jet_parallax_layout_bg_size_mobile&quot;:&quot;&quot;,&quot;jet_parallax_layout_animation_prop&quot;:&quot;transform&quot;,&quot;jet_parallax_layout_on&quot;:[&quot;desktop&quot;,&quot;tablet&quot;]}]}\">\n\t\t\t\t\t\t<div class=\"elementor-container elementor-column-gap-default\">\n\t\t\t\t\t<div class=\"elementor-column elementor-col-50 elementor-inner-column elementor-element elementor-element-15d0bf1\" data-id=\"15d0bf1\" data-element_type=\"column\">\n\t\t\t<div class=\"elementor-widget-wrap\">\n\t\t\t\t\t\t\t<\/div>\n\t\t<\/div>\n\t\t\t\t<div class=\"elementor-column elementor-col-50 elementor-inner-column elementor-element elementor-element-11665e3\" data-id=\"11665e3\" data-element_type=\"column\">\n\t\t\t<div class=\"elementor-widget-wrap elementor-element-populated\">\n\t\t\t\t\t\t<div class=\"elementor-element elementor-element-ef9b5d5 elementor-widget elementor-widget-text-editor\" data-id=\"ef9b5d5\" data-element_type=\"widget\" data-widget_type=\"text-editor.default\">\n\t\t\t\t\t\t\t\t\t<p style=\"text-align: justify;\"><strong>CRIA, SEM AUMENTO DE DESPESA, A REDE LOG\u00cdSTICA DO PODER EXECUTIVO DO ESTADO DO RIO DE JANEIRO &#8211; REDELOG, E D\u00c1 OUTRAS PROVID\u00caNCIAS.<\/strong><\/p>\t\t\t\t\t\t\t\t<\/div>\n\t\t\t\t\t<\/div>\n\t\t<\/div>\n\t\t\t\t\t<\/div>\n\t\t<\/section>\n\t\t\t\t\t<\/div>\n\t\t<\/div>\n\t\t\t\t\t<\/div>\n\t\t<\/section>\n\t\t\t\t<section class=\"elementor-section elementor-top-section elementor-element elementor-element-fb41357 elementor-section-boxed elementor-section-height-default elementor-section-height-default\" data-id=\"fb41357\" data-element_type=\"section\" data-settings=\"{&quot;jet_parallax_layout_list&quot;:[{&quot;jet_parallax_layout_image&quot;:{&quot;url&quot;:&quot;&quot;,&quot;id&quot;:&quot;&quot;,&quot;size&quot;:&quot;&quot;},&quot;_id&quot;:&quot;1c4d272&quot;,&quot;jet_parallax_layout_image_tablet&quot;:{&quot;url&quot;:&quot;&quot;,&quot;id&quot;:&quot;&quot;,&quot;size&quot;:&quot;&quot;},&quot;jet_parallax_layout_image_mobile&quot;:{&quot;url&quot;:&quot;&quot;,&quot;id&quot;:&quot;&quot;,&quot;size&quot;:&quot;&quot;},&quot;jet_parallax_layout_speed&quot;:{&quot;unit&quot;:&quot;%&quot;,&quot;size&quot;:50,&quot;sizes&quot;:[]},&quot;jet_parallax_layout_type&quot;:&quot;scroll&quot;,&quot;jet_parallax_layout_direction&quot;:&quot;1&quot;,&quot;jet_parallax_layout_fx_direction&quot;:null,&quot;jet_parallax_layout_z_index&quot;:&quot;&quot;,&quot;jet_parallax_layout_bg_x&quot;:50,&quot;jet_parallax_layout_bg_x_tablet&quot;:&quot;&quot;,&quot;jet_parallax_layout_bg_x_mobile&quot;:&quot;&quot;,&quot;jet_parallax_layout_bg_y&quot;:50,&quot;jet_parallax_layout_bg_y_tablet&quot;:&quot;&quot;,&quot;jet_parallax_layout_bg_y_mobile&quot;:&quot;&quot;,&quot;jet_parallax_layout_bg_size&quot;:&quot;auto&quot;,&quot;jet_parallax_layout_bg_size_tablet&quot;:&quot;&quot;,&quot;jet_parallax_layout_bg_size_mobile&quot;:&quot;&quot;,&quot;jet_parallax_layout_animation_prop&quot;:&quot;transform&quot;,&quot;jet_parallax_layout_on&quot;:[&quot;desktop&quot;,&quot;tablet&quot;]}]}\">\n\t\t\t\t\t\t<div class=\"elementor-container elementor-column-gap-default\">\n\t\t\t\t\t<div class=\"elementor-column elementor-col-100 elementor-top-column elementor-element elementor-element-ec2aa21\" data-id=\"ec2aa21\" data-element_type=\"column\">\n\t\t\t<div class=\"elementor-widget-wrap elementor-element-populated\">\n\t\t\t\t\t\t<div class=\"elementor-element elementor-element-20f613a elementor-widget elementor-widget-text-editor\" data-id=\"20f613a\" data-element_type=\"widget\" data-widget_type=\"text-editor.default\">\n\t\t\t\t\t\t\t\t\t<p><strong>O GOVERNADOR DO ESTADO DO RIO DE JANEIRO<\/strong>, no uso das atribui\u00e7\u00f5es constitucionais e legais, e tendo em vista o que consta do Processo Administrativo n\u00ba E- 04\/120\/006\/2017,<\/p><p><strong>CONSIDERANDO<\/strong>:<\/p><p>&#8211; o artigo 10 do Decreto Estadual n.\u00ba 42.092, de 27 de outubro de 2009, a Lei Estadual n\u00ba 5.355, de 23 de dezembro de 2008, e o Decreto Estadual n\u00ba 41.880, de 25 de maio de 2009;<\/p><p>&#8211; a necessidade de padroniza\u00e7\u00e3o de procedimentos para execu\u00e7\u00e3o das fun\u00e7\u00f5es log\u00edsticas do Poder Executivo do Estado do Rio de Janeiro; e<\/p><p>&#8211; a necessidade de constante aperfei\u00e7oamento da gest\u00e3o, visando a melhoria da qualidade do gasto p\u00fablico;<\/p><p><strong>DECRETA<\/strong>:<\/p><p><strong>Art. 1\u00ba<\/strong> &#8211; Fica criada, sem aumento de despesa, a Rede Log\u00edstica do Poder Executivo do Estado do Rio de Janeiro &#8211; REDELOG.<\/p><p><strong>\u00a7 1\u00ba<\/strong> &#8211; A REDELOG consiste em um conjunto de servidores, vinculados as suas respectivas unidades administrativas, que desempenham ou possam vir a desempenhar fun\u00e7\u00f5es log\u00edsticas nos \u00d3rg\u00e3os ou Entidades do Poder Executivo do Estado do Rio de Janeiro.<\/p><p><strong>\u00a7 2\u00ba<\/strong> &#8211; O desempenho de fun\u00e7\u00f5es log\u00edsticas de que trata o par\u00e1grafo anterior compreende o planejamento, o gerenciamento, a execu\u00e7\u00e3o e o fomento de melhores pr\u00e1ticas nas atividades relacionadas a suprimentos, manuten\u00e7\u00e3o e transportes.<\/p><p><strong><del datetime=\"2022-08-16T18:39:39+00:00\">\u00a7 3\u00ba<\/del><\/strong><del datetime=\"2022-08-16T18:39:39+00:00\"> &#8211; <\/del><del datetime=\"2022-08-16T18:39:39+00:00\">\u00c0 Secretaria de Estado de Fazenda e Planejamento &#8211; SEFAZ, na qualidade de \u00d3rg\u00e3o Central do Sistema Log\u00edstico do Estado do Rio de Janeiro &#8211; SISLOG, compete as atribui\u00e7\u00f5es de supervis\u00e3o e coordena\u00e7\u00e3o geral das atividades relacionadas \u00e0 REDELOG, nos termos do inciso I do art. 5\u00ba do Decreto n\u00ba 42.092, de 27 de outubro de 2009.<\/del><\/p><p><strong>\u00a7 3\u00ba<\/strong>&#8211; \u00c0 Secretaria de Estado de Planejamento e Gest\u00e3o \u2013 SEPLAG, na qualidade de \u00d3rg\u00e3o Central do Sistema Log\u00edstico do Estado do Rio de Janeiro \u2013 SISLOG, compete as atribui\u00e7\u00f5es de supervis\u00e3o e coordena\u00e7\u00e3o geral das atividades relacionadas \u00e0 REDELOG, nos termos do inciso I do art. 5\u00ba do Decreto n\u00ba 42.092, de 27 de outubro de 2009. <em>(Reda\u00e7\u00e3o<\/em> a<em>lterada pelo <a href=\"https:\/\/redelog.rj.gov.br\/redelog\/?p=18930&amp;preview=true\">Decreto n\u00ba 48.178, de 15 de agosto de 2022<\/a>)<\/em><\/p><p><strong>Art. 2\u00ba<\/strong> &#8211; A REDELOG tem por objetivos:<\/p><p>I &#8211; formular diretrizes, como \u00d3rg\u00e3o Central, visando a efetiva execu\u00e7\u00e3o das fun\u00e7\u00f5es log\u00edsticas;<\/p><p>II &#8211; padronizar os procedimentos relativos \u00e0s atribui\u00e7\u00f5es de seus integrantes;<\/p><p>III &#8211; disseminar boas pr\u00e1ticas de gest\u00e3o e execu\u00e7\u00e3o das fun\u00e7\u00f5es log\u00edsticas;<\/p><p>IV &#8211; prover o Estado do Rio de Janeiro com servidores adequadamente capacitados e certificados; e<\/p><p>V &#8211; desenvolver mecanismos de comunica\u00e7\u00e3o entre os seus integrantes.<\/p><p><strong>Art. 3\u00ba<\/strong> &#8211; A REDELOG \u00e9 integrada por Redes Funcionais, institu\u00eddas por ato pr\u00f3prio do \u00d3rg\u00e3o Central, e que consistem no conjunto de pessoas dedicadas ao exerc\u00edcio de uma determinada fun\u00e7\u00e3o log\u00edstica, independente do \u00d3rg\u00e3o ou Entidade ao qual estejam vinculados.<\/p><p><strong>\u00a7 1\u00ba<\/strong> &#8211; Ap\u00f3s 02 (dois) anos, a contar da entrada em vigor deste Decreto, o desempenho de fun\u00e7\u00e3o log\u00edstica, em qualquer \u00d3rg\u00e3o ou Entidade do Poder Executivo do Estado do Rio de Janeiro, ser\u00e1 privativo de servidor integrante da REDELOG, admitido na Rede Funcional relacionada \u00e0 sua respectiva fun\u00e7\u00e3o log\u00edstica.<\/p><p><strong>\u00a7 2\u00ba<\/strong> &#8211; O prazo, de que trata o \u00a7 1\u00ba deste artigo, poder\u00e1 ser prorrogado, a t\u00edtulo provis\u00f3rio, uma \u00fanica vez, pelo per\u00edodo de at\u00e9 01 (um) ano, atrav\u00e9s de requerimento do Diretor Geral de Administra\u00e7\u00e3o Financeira &#8211; DGAF ou Autoridade Superior do \u00d3rg\u00e3o ou Entidade a que o servidor estiver vinculado.<\/p><p><strong>Art. 4\u00ba<\/strong> &#8211; S\u00e3o integrantes da REDELOG:<\/p><p>I &#8211; o Gerente Geral da REDELOG, servidor designado por ato do \u00d3rg\u00e3o Central;<\/p><p>II &#8211; os Gestores Setoriais da REDELOG, servidores designados por ato conjunto do \u00d3rg\u00e3o Central e Setorial;<\/p><p>III &#8211; os Gerentes de cada uma das Redes Funcionais, servidores designados por ato do \u00d3rg\u00e3o Central;<\/p><p>IV &#8211; os Agentes Setoriais, servidores designados por ato do \u00d3rg\u00e3o Setorial e certificados atrav\u00e9s das Redes Funcionais.<\/p><p><strong>\u00a7 1\u00ba<\/strong> &#8211; Os Gestores Setoriais da REDELOG, de que trata o inciso II do caput deste artigo, dever\u00e3o ser nomeados dentre os servidores integrantes da carreira de Especialista em Pol\u00edticas P\u00fablicas e Gest\u00e3o Governamental, Planejamento e Or\u00e7amento alocados no \u00d3rg\u00e3o ou Entidade, admitindo-se a nomea\u00e7\u00e3o de outros servidores somente se n\u00e3o houver Especialistas em Pol\u00edticas P\u00fablicas e Gest\u00e3o Governamental, Planejamento e Or\u00e7amento alocados ao \u00d3rg\u00e3o ou Entidade ou se o(s) existente(s) estiver(em) desempenhando fun\u00e7\u00f5es de chefia na estrutura formal do \u00f3rg\u00e3o.<\/p><p><strong>\u00a7 2\u00ba<\/strong> &#8211; A crit\u00e9rio do Gerente de cada Rede Funcional, outras pessoas poder\u00e3o participar das atividades da mesma, sem dela serem integrantes, para participarem na condi\u00e7\u00e3o de colaboradores t\u00e9cnicos, visando ao aperfei\u00e7oamento t\u00e9cnico e profissional dos integrantes, ou na condi\u00e7\u00e3o de ouvintes, podendo participar dos debates e trocas de informa\u00e7\u00f5es.<\/p><p><strong>\u00a7 3\u00b0<\/strong> &#8211; As fun\u00e7\u00f5es exercidas pelos membros da REDELOG ser\u00e3o consideradas de relevante interesse p\u00fablico, n\u00e3o sendo remuneradas a qualquer t\u00edtulo.<\/p><p><strong>Art. 5\u00ba<\/strong> &#8211; Compete aos integrantes referidos no artigo 4\u00ba deste Decreto as seguintes atribui\u00e7\u00f5es:<\/p><p>I &#8211; ao Gerente Geral da REDELOG:<\/p><p>a) coordenar a atua\u00e7\u00e3o dos Gerentes das Redes Funcionais;<\/p><p>b) coordenar a atua\u00e7\u00e3o dos Gestores Setoriais;<\/p><p>c) elaborar e difundir os planos centrais de suprimentos, manuten\u00e7\u00e3o e transportes;<\/p><p>d) exarar normas e instru\u00e7\u00f5es normativas de orienta\u00e7\u00e3o sobre as fun\u00e7\u00f5es log\u00edsticas;<\/p><p>e) propor melhorias na gest\u00e3o das fun\u00e7\u00f5es log\u00edsticas; e<\/p><p>f) articular e integrar a REDELOG.<\/p><p>II &#8211; aos Gestores Setoriais de REDELOG:<\/p><p>a) elaborar os planos setoriais de suprimentos, manuten\u00e7\u00e3o e transportes;<\/p><p>b) envidar esfor\u00e7os para que os participantes das Redes Funcionais do seu \u00d3rg\u00e3o ou Entidade atuem de forma integrada;<\/p><p>c) monitorar e orientar a atua\u00e7\u00e3o dos integrantes das Redes Funcionais em rela\u00e7\u00e3o \u00e0s diretrizes expedidas pelo \u00d3rg\u00e3o Central, elaborando relat\u00f3rios de monitoramento e avalia\u00e7\u00e3o para o \u00d3rg\u00e3o Central;<\/p><p>d) propor ao \u00d3rg\u00e3o Central melhorias na gest\u00e3o das fun\u00e7\u00f5es log\u00edsticas; e<\/p><p>e) prestar informa\u00e7\u00f5es ao \u00d3rg\u00e3o Central quando demandado.<\/p><p>III &#8211; aos Gerentes das Redes Funcionais:<\/p><p>a) disseminar as normas e orienta\u00e7\u00f5es t\u00e9cnicas emanadas do \u00d3rg\u00e3o Central;<\/p><p>b) motivar e estimular a participa\u00e7\u00e3o e a coopera\u00e7\u00e3o entre os seus integrantes, visando a troca de conhecimentos e experi\u00eancias;<\/p><p>c) estabelecer objetivos comuns e metas em rela\u00e7\u00e3o aos assuntos de interesse da rede e seus integrantes;<\/p><p>d) zelar pela coer\u00eancia e bom ambiente relacional, cuidando para que os assuntos tratados na rede tenham rela\u00e7\u00e3o com os objetivos comuns dos participantes, solucionando os conflitos que possam surgir;<\/p><p>e) divulgar not\u00edcias e atualiza\u00e7\u00f5es relacionadas aos objetivos da rede; e<\/p><p>f) planejar, divulgar e apoiar a realiza\u00e7\u00e3o das capacita\u00e7\u00f5es.<\/p><p>IV &#8211; aos Agentes Setoriais:<\/p><p>a) realizar as atividades das Redes Funcionais em conformidade com a legisla\u00e7\u00e3o pertinente;<\/p><p>b) observar, no desempenho das suas atividades, as orienta\u00e7\u00f5es, normas e instru\u00e7\u00f5es normativas exaradas pelo \u00d3rg\u00e3o Central e pelo Gestor Setorial do \u00d3rg\u00e3o ou Entidade a que estiver vinculado; e<\/p><p>c) auxiliar o Gestor Setorial do seu \u00d3rg\u00e3o ou Entidade na elabora\u00e7\u00e3o dos planos setoriais de suprimentos, manuten\u00e7\u00e3o e transportes; e<\/p><p>d) participar das capacita\u00e7\u00f5es ofertadas pelo \u00d3rg\u00e3o Central.<\/p><p><strong>Art. 6\u00ba<\/strong> &#8211; O \u00d3rg\u00e3o Central promover\u00e1 capacita\u00e7\u00f5es adequadas aos Agentes Setoriais, integrantes das Redes Funcionais e disponibilizar\u00e1 um canal de comunica\u00e7\u00e3o efetivo entre seus integrantes, para apoiar os integrantes da REDELOG no desempenho da sua fun\u00e7\u00e3o.<\/p><p><strong>\u00a7 1\u00ba<\/strong> &#8211; As capacita\u00e7\u00f5es s\u00e3o direcionadas primordialmente aos Agentes Setoriais mediante o estabelecimento, pelo \u00d3rg\u00e3o Central, de trilhas de aprendizagem, atrav\u00e9s das quais ser\u00e3o proporcionados e transmitidos conhecimentos para a aquisi\u00e7\u00e3o e o desenvolvimento de compet\u00eancias profissionais desej\u00e1veis.<\/p><p><strong>\u00a7 2\u00ba<\/strong> &#8211; As trilhas de aprendizagem desdobram-se em um conjunto de a\u00e7\u00f5es educativas de natureza te\u00f3rica e pr\u00e1tica, compreendendo cursos, oficinas, palestras e outras a\u00e7\u00f5es similares.<\/p><p><strong>\u00a7 3\u00ba<\/strong> &#8211; As trilhas de aprendizagem s\u00e3o compostas por atividades de:<\/p><p>I &#8211; forma\u00e7\u00e3o b\u00e1sica, de car\u00e1ter obrigat\u00f3rio para a obten\u00e7\u00e3o de certifica\u00e7\u00e3o;<\/p><p>II &#8211; revalida\u00e7\u00e3o, de car\u00e1ter obrigat\u00f3rio para a manuten\u00e7\u00e3o da certifica\u00e7\u00e3o; e<\/p><p>III &#8211; extens\u00e3o, de car\u00e1ter eletivo, destinados ao aperfei\u00e7oamento dos conhecimentos log\u00edsticos e outras habilidades profissionais desej\u00e1veis.<\/p><p><strong>\u00a7 4\u00ba<\/strong> &#8211; Os prazos de revalida\u00e7\u00e3o das Redes Funcionais e os conte\u00fados program\u00e1ticos das atividades constantes nas trilhas de aprendizagem ser\u00e3o estabelecidos e divulgados por resolu\u00e7\u00e3o do \u00d3rg\u00e3o Central.<\/p><p><strong>Art. 7\u00ba<\/strong> &#8211; A certifica\u00e7\u00e3o consiste em uma habilita\u00e7\u00e3o t\u00e9cnico-profissional para atuar numa fun\u00e7\u00e3o log\u00edstica espec\u00edfica, concedida pelo \u00d3rg\u00e3o Central, em decorr\u00eancia da participa\u00e7\u00e3o do servidor nas atividades de capacita\u00e7\u00e3o.<\/p><p><strong>\u00a7 1\u00ba<\/strong> &#8211; S\u00e3o requisitos para o ingresso, assim como para a manuten\u00e7\u00e3o da habilita\u00e7\u00e3o nas Redes Funcionais, dispor de certifica\u00e7\u00e3o v\u00e1lida.<\/p><p><strong>\u00a7 2\u00ba<\/strong> &#8211; A solicita\u00e7\u00e3o de inscri\u00e7\u00e3o do servidor para participa\u00e7\u00e3o no processo de capacita\u00e7\u00e3o e certifica\u00e7\u00e3o para integra\u00e7\u00e3o na REDELOG ser\u00e1 efetuada pelo Diretor Geral de Administra\u00e7\u00e3o Financeira &#8211; DGAF ou Autoridade Superior do \u00d3rg\u00e3o ou Entidade a qual o mesmo estiver vinculado.<\/p><p><strong>\u00a7 3\u00ba<\/strong> &#8211; Os integrantes que deixarem de atender as condi\u00e7\u00f5es deste artigo poder\u00e3o ser exclu\u00eddos da REDELOG.<\/p><p><strong>Art. 8\u00ba<\/strong> &#8211; O \u00d3rg\u00e3o Central regulamentar\u00e1, por resolu\u00e7\u00e3o, a operacionaliza\u00e7\u00e3o e a coordena\u00e7\u00e3o das atividades da REDELOG e de suas Redes Funcionais, podendo inclusive suspender ou excluir integrantes que n\u00e3o cumpram os requisitos m\u00ednimos estabelecidos atrav\u00e9s deste Decreto ou atuem de forma inadequada ao bom funcionamento das Redes.<\/p><p><strong><del datetime=\"2022-08-16T18:39:39+00:00\">Art. 9\u00ba<\/del><\/strong><del datetime=\"2022-08-16T18:39:39+00:00\"> &#8211; As redes de gest\u00e3o descentralizada atualmente em funcionamento, compreendendo a Rede de Pregoeiros do Poder Executivo do Estado do Rio de Janeiro &#8211; REDPREG, a Rede de Gerenciadores do SIGA &#8211; REDESIGA, a Rede de Gerenciadores de Transportes Oficiais &#8211; REDETRANS e a Rede de Gestores de Contratos &#8211; REDECONT, continuar\u00e3o regidas pelos Decretos n\u00ba 43.692, de 30\/07\/2012, n\u00ba 44.176, de 26\/04\/2013, n\u00ba 44.500, de 29\/11\/2013, e n\u00ba 44.501, de 29\/11\/2013, respectivamente, at\u00e9 que sobrevenha a edi\u00e7\u00e3o de ato instituindo a Rede Funcional correlata, na forma do art. 3\u00ba deste Decreto.<\/del><\/p><p><strong>Art. 9\u00ba<\/strong> &#8211; Ficam revogados os Decretos n\u00ba 43.692, de 30\/07\/2012, n\u00ba 44.176, de 26\/04\/2013, n\u00ba 44.500, de 29\/11\/2013, n\u00ba 44.501, de 29\/11\/2013, e n\u00ba 45.171, de 04\/03\/2015, referentes \u00e0s redes de gest\u00e3o descentralizada atualmente em funcionamento, compreendendo a Rede de Pregoeiros do Poder Executivo do Estado do Rio de Janeiro \u2013 REDPREG, a Rede de Gerenciadores do SIGA \u2013 REDESIGA, a Rede de Gerenciadores de Transportes Oficiais \u2013 REDETRANS, a Rede de Gestores de Contratos \u2013 REDECONT, e a Rede de Gestores de Bens M\u00f3veis \u2013 REDEBENS, respectivamente. <em>(Reda\u00e7\u00e3o alterada pelo <a href=\"https:\/\/redelog.rj.gov.br\/redelog\/?p=18930&amp;preview=true\">Decreto n\u00ba 48.178, de 15 de agosto de 2022<\/a>)<\/em><\/p><p><strong>Art. 10<\/strong> &#8211; Este Decreto entra em vigor na data de sua publica\u00e7\u00e3o, revogadas as demais disposi\u00e7\u00f5es em contr\u00e1rio.<\/p><p style=\"text-align: center;\">Rio de Janeiro, 26 de julho de 2017<\/p><p style=\"text-align: center;\"><strong>LUIZ FERNANDO DE SOUZA<\/strong><\/p><p style=\"text-align: center;\">Governador do Estado<\/p><p style=\"text-align: right;\">Id: 2047287<\/p>\t\t\t\t\t\t\t\t<\/div>\n\t\t\t\t\t<\/div>\n\t\t<\/div>\n\t\t\t\t\t<\/div>\n\t\t<\/section>\n\t\t\t\t<section class=\"elementor-section elementor-top-section elementor-element elementor-element-3a2cde5 elementor-section-boxed elementor-section-height-default elementor-section-height-default\" data-id=\"3a2cde5\" data-element_type=\"section\" data-settings=\"{&quot;jet_parallax_layout_list&quot;:[{&quot;jet_parallax_layout_image&quot;:{&quot;url&quot;:&quot;&quot;,&quot;id&quot;:&quot;&quot;,&quot;size&quot;:&quot;&quot;},&quot;_id&quot;:&quot;04dd098&quot;,&quot;jet_parallax_layout_image_tablet&quot;:{&quot;url&quot;:&quot;&quot;,&quot;id&quot;:&quot;&quot;,&quot;size&quot;:&quot;&quot;},&quot;jet_parallax_layout_image_mobile&quot;:{&quot;url&quot;:&quot;&quot;,&quot;id&quot;:&quot;&quot;,&quot;size&quot;:&quot;&quot;},&quot;jet_parallax_layout_speed&quot;:{&quot;unit&quot;:&quot;%&quot;,&quot;size&quot;:50,&quot;sizes&quot;:[]},&quot;jet_parallax_layout_type&quot;:&quot;scroll&quot;,&quot;jet_parallax_layout_direction&quot;:&quot;1&quot;,&quot;jet_parallax_layout_fx_direction&quot;:null,&quot;jet_parallax_layout_z_index&quot;:&quot;&quot;,&quot;jet_parallax_layout_bg_x&quot;:50,&quot;jet_parallax_layout_bg_x_tablet&quot;:&quot;&quot;,&quot;jet_parallax_layout_bg_x_mobile&quot;:&quot;&quot;,&quot;jet_parallax_layout_bg_y&quot;:50,&quot;jet_parallax_layout_bg_y_tablet&quot;:&quot;&quot;,&quot;jet_parallax_layout_bg_y_mobile&quot;:&quot;&quot;,&quot;jet_parallax_layout_bg_size&quot;:&quot;auto&quot;,&quot;jet_parallax_layout_bg_size_tablet&quot;:&quot;&quot;,&quot;jet_parallax_layout_bg_size_mobile&quot;:&quot;&quot;,&quot;jet_parallax_layout_animation_prop&quot;:&quot;transform&quot;,&quot;jet_parallax_layout_on&quot;:[&quot;desktop&quot;,&quot;tablet&quot;]}]}\">\n\t\t\t\t\t\t<div class=\"elementor-container elementor-column-gap-default\">\n\t\t\t\t\t<div class=\"elementor-column elementor-col-100 elementor-top-column elementor-element elementor-element-5fab3a9\" data-id=\"5fab3a9\" data-element_type=\"column\">\n\t\t\t<div class=\"elementor-widget-wrap elementor-element-populated\">\n\t\t\t\t\t\t<div class=\"elementor-element elementor-element-38ca6cb elementor-widget elementor-widget-text-editor\" data-id=\"38ca6cb\" data-element_type=\"widget\" data-widget_type=\"text-editor.default\">\n\t\t\t\t\t\t\t\t\t<p><em>Publicada no DOE em <strong><a href=\"https:\/\/www.redelog.rj.gov.br\/redelog\/wp-content\/uploads\/2022\/01\/Decreto-no-46.050-2017-\u2013-Cria-a-Rede-Logistica-REDELOG.pdf\" target=\"_blank\" rel=\"noopener\">27\/07\/2017<\/a><\/strong>.<\/em><\/p><p><em>Alterado pelo Decreto n\u00ba 48.178, de 15 de agosto de 2022, publicado no DOE em <a href=\"https:\/\/www.redelog.rj.gov.br\/redelog\/wp-content\/uploads\/2022\/08\/Decreto-no-48.178-Altera-o-Decreto-46.050-REDELOG.pdf\"><strong>16\/08\/2022<\/strong><\/a>.<\/em><\/p>\t\t\t\t\t\t\t\t<\/div>\n\t\t\t\t\t<\/div>\n\t\t<\/div>\n\t\t\t\t\t<\/div>\n\t\t<\/section>\n\t\t\t\t<section class=\"elementor-section elementor-top-section elementor-element elementor-element-76d6498 elementor-section-boxed elementor-section-height-default elementor-section-height-default\" data-id=\"76d6498\" data-element_type=\"section\" data-settings=\"{&quot;jet_parallax_layout_list&quot;:[{&quot;jet_parallax_layout_image&quot;:{&quot;url&quot;:&quot;&quot;,&quot;id&quot;:&quot;&quot;,&quot;size&quot;:&quot;&quot;},&quot;_id&quot;:&quot;ab030fc&quot;,&quot;jet_parallax_layout_image_tablet&quot;:{&quot;url&quot;:&quot;&quot;,&quot;id&quot;:&quot;&quot;,&quot;size&quot;:&quot;&quot;},&quot;jet_parallax_layout_image_mobile&quot;:{&quot;url&quot;:&quot;&quot;,&quot;id&quot;:&quot;&quot;,&quot;size&quot;:&quot;&quot;},&quot;jet_parallax_layout_speed&quot;:{&quot;unit&quot;:&quot;%&quot;,&quot;size&quot;:50,&quot;sizes&quot;:[]},&quot;jet_parallax_layout_type&quot;:&quot;scroll&quot;,&quot;jet_parallax_layout_direction&quot;:&quot;1&quot;,&quot;jet_parallax_layout_fx_direction&quot;:null,&quot;jet_parallax_layout_z_index&quot;:&quot;&quot;,&quot;jet_parallax_layout_bg_x&quot;:50,&quot;jet_parallax_layout_bg_x_tablet&quot;:&quot;&quot;,&quot;jet_parallax_layout_bg_x_mobile&quot;:&quot;&quot;,&quot;jet_parallax_layout_bg_y&quot;:50,&quot;jet_parallax_layout_bg_y_tablet&quot;:&quot;&quot;,&quot;jet_parallax_layout_bg_y_mobile&quot;:&quot;&quot;,&quot;jet_parallax_layout_bg_size&quot;:&quot;auto&quot;,&quot;jet_parallax_layout_bg_size_tablet&quot;:&quot;&quot;,&quot;jet_parallax_layout_bg_size_mobile&quot;:&quot;&quot;,&quot;jet_parallax_layout_animation_prop&quot;:&quot;transform&quot;,&quot;jet_parallax_layout_on&quot;:[&quot;desktop&quot;,&quot;tablet&quot;]}]}\">\n\t\t\t\t\t\t<div class=\"elementor-container elementor-column-gap-default\">\n\t\t\t\t\t<div class=\"elementor-column elementor-col-100 elementor-top-column elementor-element elementor-element-15c5409\" data-id=\"15c5409\" data-element_type=\"column\">\n\t\t\t<div class=\"elementor-widget-wrap elementor-element-populated\">\n\t\t\t\t\t\t<div class=\"elementor-element elementor-element-f066ef2 elementor-widget-divider--view-line elementor-widget elementor-widget-divider\" data-id=\"f066ef2\" data-element_type=\"widget\" data-widget_type=\"divider.default\">\n\t\t\t\t\t\t\t<div class=\"elementor-divider\">\n\t\t\t<span class=\"elementor-divider-separator\">\n\t\t\t\t\t\t<\/span>\n\t\t<\/div>\n\t\t\t\t\t\t<\/div>\n\t\t\t\t\t<\/div>\n\t\t<\/div>\n\t\t\t\t\t<\/div>\n\t\t<\/section>\n\t\t\t\t<section class=\"elementor-section elementor-top-section elementor-element elementor-element-c082ae2 elementor-section-boxed elementor-section-height-default elementor-section-height-default\" data-id=\"c082ae2\" data-element_type=\"section\" id=\"options\" data-settings=\"{&quot;jet_parallax_layout_list&quot;:[{&quot;jet_parallax_layout_image&quot;:{&quot;url&quot;:&quot;&quot;,&quot;id&quot;:&quot;&quot;,&quot;size&quot;:&quot;&quot;},&quot;_id&quot;:&quot;8363d81&quot;,&quot;jet_parallax_layout_image_tablet&quot;:{&quot;url&quot;:&quot;&quot;,&quot;id&quot;:&quot;&quot;,&quot;size&quot;:&quot;&quot;},&quot;jet_parallax_layout_image_mobile&quot;:{&quot;url&quot;:&quot;&quot;,&quot;id&quot;:&quot;&quot;,&quot;size&quot;:&quot;&quot;},&quot;jet_parallax_layout_speed&quot;:{&quot;unit&quot;:&quot;%&quot;,&quot;size&quot;:50,&quot;sizes&quot;:[]},&quot;jet_parallax_layout_type&quot;:&quot;scroll&quot;,&quot;jet_parallax_layout_direction&quot;:&quot;1&quot;,&quot;jet_parallax_layout_fx_direction&quot;:null,&quot;jet_parallax_layout_z_index&quot;:&quot;&quot;,&quot;jet_parallax_layout_bg_x&quot;:50,&quot;jet_parallax_layout_bg_x_tablet&quot;:&quot;&quot;,&quot;jet_parallax_layout_bg_x_mobile&quot;:&quot;&quot;,&quot;jet_parallax_layout_bg_y&quot;:50,&quot;jet_parallax_layout_bg_y_tablet&quot;:&quot;&quot;,&quot;jet_parallax_layout_bg_y_mobile&quot;:&quot;&quot;,&quot;jet_parallax_layout_bg_size&quot;:&quot;auto&quot;,&quot;jet_parallax_layout_bg_size_tablet&quot;:&quot;&quot;,&quot;jet_parallax_layout_bg_size_mobile&quot;:&quot;&quot;,&quot;jet_parallax_layout_animation_prop&quot;:&quot;transform&quot;,&quot;jet_parallax_layout_on&quot;:[&quot;desktop&quot;,&quot;tablet&quot;]}]}\">\n\t\t\t\t\t\t<div class=\"elementor-container elementor-column-gap-default\">\n\t\t\t\t\t<div class=\"elementor-column elementor-col-100 elementor-top-column elementor-element elementor-element-7988481\" data-id=\"7988481\" data-element_type=\"column\">\n\t\t\t<div class=\"elementor-widget-wrap elementor-element-populated\">\n\t\t\t\t\t\t<div class=\"elementor-element elementor-element-656bdfb elementor-widget elementor-widget-shortcode\" data-id=\"656bdfb\" data-element_type=\"widget\" data-widget_type=\"shortcode.default\">\n\t\t\t\t\t\t\t<div class=\"elementor-shortcode\"><div class='printomatic pom-default ' id='id3682' alt='Imprimir' title='Imprimir' data-print_target='#post-9034'><\/div> <div class='printomatictext' id='id3682' alt='Imprimir' title='Imprimir' data-print_target='#post-9034'>Imprimir<\/div><div style='clear: both;'><\/div><\/div>\n\t\t\t\t\t\t<\/div>\n\t\t\t\t<section class=\"elementor-section elementor-inner-section elementor-element elementor-element-1e9e4d4 elementor-section-boxed elementor-section-height-default elementor-section-height-default\" data-id=\"1e9e4d4\" data-element_type=\"section\" data-settings=\"{&quot;jet_parallax_layout_list&quot;:[{&quot;jet_parallax_layout_image&quot;:{&quot;url&quot;:&quot;&quot;,&quot;id&quot;:&quot;&quot;,&quot;size&quot;:&quot;&quot;},&quot;_id&quot;:&quot;ccec7d1&quot;,&quot;jet_parallax_layout_image_tablet&quot;:{&quot;url&quot;:&quot;&quot;,&quot;id&quot;:&quot;&quot;,&quot;size&quot;:&quot;&quot;},&quot;jet_parallax_layout_image_mobile&quot;:{&quot;url&quot;:&quot;&quot;,&quot;id&quot;:&quot;&quot;,&quot;size&quot;:&quot;&quot;},&quot;jet_parallax_layout_speed&quot;:{&quot;unit&quot;:&quot;%&quot;,&quot;size&quot;:50,&quot;sizes&quot;:[]},&quot;jet_parallax_layout_type&quot;:&quot;scroll&quot;,&quot;jet_parallax_layout_direction&quot;:&quot;1&quot;,&quot;jet_parallax_layout_fx_direction&quot;:null,&quot;jet_parallax_layout_z_index&quot;:&quot;&quot;,&quot;jet_parallax_layout_bg_x&quot;:50,&quot;jet_parallax_layout_bg_x_tablet&quot;:&quot;&quot;,&quot;jet_parallax_layout_bg_x_mobile&quot;:&quot;&quot;,&quot;jet_parallax_layout_bg_y&quot;:50,&quot;jet_parallax_layout_bg_y_tablet&quot;:&quot;&quot;,&quot;jet_parallax_layout_bg_y_mobile&quot;:&quot;&quot;,&quot;jet_parallax_layout_bg_size&quot;:&quot;auto&quot;,&quot;jet_parallax_layout_bg_size_tablet&quot;:&quot;&quot;,&quot;jet_parallax_layout_bg_size_mobile&quot;:&quot;&quot;,&quot;jet_parallax_layout_animation_prop&quot;:&quot;transform&quot;,&quot;jet_parallax_layout_on&quot;:[&quot;desktop&quot;,&quot;tablet&quot;]}]}\">\n\t\t\t\t\t\t<div class=\"elementor-container elementor-column-gap-default\">\n\t\t\t\t\t<div class=\"elementor-column elementor-col-50 elementor-inner-column elementor-element elementor-element-b4e5f78\" data-id=\"b4e5f78\" data-element_type=\"column\">\n\t\t\t<div class=\"elementor-widget-wrap elementor-element-populated\">\n\t\t\t\t\t\t<div class=\"elementor-element elementor-element-d4514af elementor-widget elementor-widget-text-editor\" data-id=\"d4514af\" data-element_type=\"widget\" data-widget_type=\"text-editor.default\">\n\t\t\t\t\t\t\t\t\t<p><strong><a href=\"http:\/\/redelog.rj.gov.br\/redelog\/legislacao-licitacoes\/\">\u2190 Voltar &#8211; Licita\u00e7\u00f5es<\/a><\/strong><\/p>\t\t\t\t\t\t\t\t<\/div>\n\t\t\t\t\t<\/div>\n\t\t<\/div>\n\t\t\t\t<div class=\"elementor-column elementor-col-50 elementor-inner-column elementor-element elementor-element-99226bf\" data-id=\"99226bf\" data-element_type=\"column\">\n\t\t\t<div class=\"elementor-widget-wrap elementor-element-populated\">\n\t\t\t\t\t\t\t<\/div>\n\t\t<\/div>\n\t\t\t\t\t<\/div>\n\t\t<\/section>\n\t\t\t\t\t<\/div>\n\t\t<\/div>\n\t\t\t\t\t<\/div>\n\t\t<\/section>\n\t\t\t\t<section class=\"elementor-section elementor-top-section elementor-element elementor-element-bd2686b elementor-section-boxed elementor-section-height-default elementor-section-height-default\" data-id=\"bd2686b\" data-element_type=\"section\" data-settings=\"{&quot;jet_parallax_layout_list&quot;:[{&quot;jet_parallax_layout_image&quot;:{&quot;url&quot;:&quot;&quot;,&quot;id&quot;:&quot;&quot;,&quot;size&quot;:&quot;&quot;},&quot;_id&quot;:&quot;22a0abb&quot;,&quot;jet_parallax_layout_image_tablet&quot;:{&quot;url&quot;:&quot;&quot;,&quot;id&quot;:&quot;&quot;,&quot;size&quot;:&quot;&quot;},&quot;jet_parallax_layout_image_mobile&quot;:{&quot;url&quot;:&quot;&quot;,&quot;id&quot;:&quot;&quot;,&quot;size&quot;:&quot;&quot;},&quot;jet_parallax_layout_speed&quot;:{&quot;unit&quot;:&quot;%&quot;,&quot;size&quot;:50,&quot;sizes&quot;:[]},&quot;jet_parallax_layout_type&quot;:&quot;scroll&quot;,&quot;jet_parallax_layout_direction&quot;:&quot;1&quot;,&quot;jet_parallax_layout_fx_direction&quot;:null,&quot;jet_parallax_layout_z_index&quot;:&quot;&quot;,&quot;jet_parallax_layout_bg_x&quot;:50,&quot;jet_parallax_layout_bg_x_tablet&quot;:&quot;&quot;,&quot;jet_parallax_layout_bg_x_mobile&quot;:&quot;&quot;,&quot;jet_parallax_layout_bg_y&quot;:50,&quot;jet_parallax_layout_bg_y_tablet&quot;:&quot;&quot;,&quot;jet_parallax_layout_bg_y_mobile&quot;:&quot;&quot;,&quot;jet_parallax_layout_bg_size&quot;:&quot;auto&quot;,&quot;jet_parallax_layout_bg_size_tablet&quot;:&quot;&quot;,&quot;jet_parallax_layout_bg_size_mobile&quot;:&quot;&quot;,&quot;jet_parallax_layout_animation_prop&quot;:&quot;transform&quot;,&quot;jet_parallax_layout_on&quot;:[&quot;desktop&quot;,&quot;tablet&quot;]}]}\">\n\t\t\t\t\t\t<div class=\"elementor-container elementor-column-gap-default\">\n\t\t\t\t\t<div class=\"elementor-column elementor-col-100 elementor-top-column elementor-element elementor-element-e1de737\" data-id=\"e1de737\" data-element_type=\"column\">\n\t\t\t<div class=\"elementor-widget-wrap elementor-element-populated\">\n\t\t\t\t\t\t<div class=\"elementor-element elementor-element-f63ca15 elementor-widget elementor-widget-html\" data-id=\"f63ca15\" data-element_type=\"widget\" data-widget_type=\"html.default\">\n\t\t\t\t\t<style>\n    h2, .h2-style{\n        font-size: 28px;\n    }\n<\/style>\t\t\t\t<\/div>\n\t\t\t\t\t<\/div>\n\t\t<\/div>\n\t\t\t\t\t<\/div>\n\t\t<\/section>\n\t\t\t\t<\/div>\n\t\t","protected":false},"excerpt":{"rendered":"<p>CRIA, SEM AUMENTO DE DESPESA, A REDE LOG\u00cdSTICA DO PODER EXECUTIVO DO ESTADO DO RIO DE JANEIRO &#8211; REDELOG, E D\u00c1 OUTRAS PROVID\u00caNCIAS. O GOVERNADOR DO ESTADO DO RIO DE JANEIRO, no uso das atribui\u00e7\u00f5es constitucionais e legais, e tendo em vista o que consta do Processo Administrativo n\u00ba E- 04\/120\/006\/2017, CONSIDERANDO: &#8211; o artigo [&hellip;]<\/p>\n","protected":false},"author":1,"featured_media":0,"comment_status":"closed","ping_status":"open","sticky":false,"template":"","format":"standard","meta":{"_joinchat":[],"footnotes":""},"categories":[23],"tags":[],"class_list":["post-9034","post","type-post","status-publish","format-standard","hentry","category-cat-legislacao"],"yoast_head":"<!-- This site is optimized with the Yoast SEO plugin v25.7 - https:\/\/yoast.com\/wordpress\/plugins\/seo\/ -->\n<title>DECRETO N\u00ba 46.050, DE 26 DE JULHO DE 2017 - Redelog<\/title>\n<meta name=\"robots\" content=\"index, follow, max-snippet:-1, max-image-preview:large, max-video-preview:-1\" \/>\n<link rel=\"canonical\" href=\"https:\/\/redelog.rj.gov.br\/redelog\/decreto-46050\/\" \/>\n<meta property=\"og:locale\" content=\"pt_BR\" \/>\n<meta property=\"og:type\" content=\"article\" \/>\n<meta property=\"og:title\" content=\"DECRETO N\u00ba 46.050, DE 26 DE JULHO DE 2017 - Redelog\" \/>\n<meta property=\"og:description\" content=\"CRIA, SEM AUMENTO DE DESPESA, A REDE LOG\u00cdSTICA DO PODER EXECUTIVO DO ESTADO DO RIO DE JANEIRO &#8211; REDELOG, E D\u00c1 OUTRAS PROVID\u00caNCIAS. O GOVERNADOR DO ESTADO DO RIO DE JANEIRO, no uso das atribui\u00e7\u00f5es constitucionais e legais, e tendo em vista o que consta do Processo Administrativo n\u00ba E- 04\/120\/006\/2017, CONSIDERANDO: &#8211; o artigo [&hellip;]\" \/>\n<meta property=\"og:url\" content=\"https:\/\/redelog.rj.gov.br\/redelog\/decreto-46050\/\" \/>\n<meta property=\"og:site_name\" content=\"Redelog\" \/>\n<meta property=\"article:published_time\" content=\"2022-01-12T14:10:12+00:00\" \/>\n<meta property=\"article:modified_time\" content=\"2022-08-16T19:09:14+00:00\" \/>\n<meta name=\"author\" content=\"alheiro\" \/>\n<meta name=\"twitter:card\" content=\"summary_large_image\" \/>\n<meta name=\"twitter:label1\" content=\"Escrito por\" \/>\n\t<meta name=\"twitter:data1\" content=\"alheiro\" \/>\n\t<meta name=\"twitter:label2\" content=\"Est. tempo de leitura\" \/>\n\t<meta name=\"twitter:data2\" content=\"7 minutos\" \/>\n<script type=\"application\/ld+json\" class=\"yoast-schema-graph\">{\"@context\":\"https:\/\/schema.org\",\"@graph\":[{\"@type\":\"Article\",\"@id\":\"https:\/\/redelog.rj.gov.br\/redelog\/decreto-46050\/#article\",\"isPartOf\":{\"@id\":\"https:\/\/redelog.rj.gov.br\/redelog\/decreto-46050\/\"},\"author\":{\"name\":\"alheiro\",\"@id\":\"https:\/\/redelog.rj.gov.br\/redelog\/#\/schema\/person\/1299ae2b7bfb510dd74c28ed239470fb\"},\"headline\":\"DECRETO N\u00ba 46.050, DE 26 DE JULHO DE 2017\",\"datePublished\":\"2022-01-12T14:10:12+00:00\",\"dateModified\":\"2022-08-16T19:09:14+00:00\",\"mainEntityOfPage\":{\"@id\":\"https:\/\/redelog.rj.gov.br\/redelog\/decreto-46050\/\"},\"wordCount\":1883,\"publisher\":{\"@id\":\"https:\/\/redelog.rj.gov.br\/redelog\/#organization\"},\"articleSection\":[\"Legisla\u00e7\u00e3o\"],\"inLanguage\":\"pt-BR\"},{\"@type\":\"WebPage\",\"@id\":\"https:\/\/redelog.rj.gov.br\/redelog\/decreto-46050\/\",\"url\":\"https:\/\/redelog.rj.gov.br\/redelog\/decreto-46050\/\",\"name\":\"DECRETO N\u00ba 46.050, DE 26 DE JULHO DE 2017 - Redelog\",\"isPartOf\":{\"@id\":\"https:\/\/redelog.rj.gov.br\/redelog\/#website\"},\"datePublished\":\"2022-01-12T14:10:12+00:00\",\"dateModified\":\"2022-08-16T19:09:14+00:00\",\"breadcrumb\":{\"@id\":\"https:\/\/redelog.rj.gov.br\/redelog\/decreto-46050\/#breadcrumb\"},\"inLanguage\":\"pt-BR\",\"potentialAction\":[{\"@type\":\"ReadAction\",\"target\":[\"https:\/\/redelog.rj.gov.br\/redelog\/decreto-46050\/\"]}]},{\"@type\":\"BreadcrumbList\",\"@id\":\"https:\/\/redelog.rj.gov.br\/redelog\/decreto-46050\/#breadcrumb\",\"itemListElement\":[{\"@type\":\"ListItem\",\"position\":1,\"name\":\"Home\",\"item\":\"https:\/\/redelog.rj.gov.br\/redelog\/\"},{\"@type\":\"ListItem\",\"position\":2,\"name\":\"DECRETO N\u00ba 46.050, DE 26 DE JULHO DE 2017\"}]},{\"@type\":\"WebSite\",\"@id\":\"https:\/\/redelog.rj.gov.br\/redelog\/#website\",\"url\":\"https:\/\/redelog.rj.gov.br\/redelog\/\",\"name\":\"Redelog\",\"description\":\"Site da Rede de Log\u00edstica e Planejamento do Estado do Rio de Janeiro\",\"publisher\":{\"@id\":\"https:\/\/redelog.rj.gov.br\/redelog\/#organization\"},\"potentialAction\":[{\"@type\":\"SearchAction\",\"target\":{\"@type\":\"EntryPoint\",\"urlTemplate\":\"https:\/\/redelog.rj.gov.br\/redelog\/?s={search_term_string}\"},\"query-input\":{\"@type\":\"PropertyValueSpecification\",\"valueRequired\":true,\"valueName\":\"search_term_string\"}}],\"inLanguage\":\"pt-BR\"},{\"@type\":\"Organization\",\"@id\":\"https:\/\/redelog.rj.gov.br\/redelog\/#organization\",\"name\":\"REDELOG\",\"url\":\"https:\/\/redelog.rj.gov.br\/redelog\/\",\"logo\":{\"@type\":\"ImageObject\",\"inLanguage\":\"pt-BR\",\"@id\":\"https:\/\/redelog.rj.gov.br\/redelog\/#\/schema\/logo\/image\/\",\"url\":\"http:\/\/10.10.8.100:8888\/redelog\/wp-content\/uploads\/2019\/09\/Redelog2.png\",\"contentUrl\":\"http:\/\/10.10.8.100:8888\/redelog\/wp-content\/uploads\/2019\/09\/Redelog2.png\",\"width\":565,\"height\":155,\"caption\":\"REDELOG\"},\"image\":{\"@id\":\"https:\/\/redelog.rj.gov.br\/redelog\/#\/schema\/logo\/image\/\"}},{\"@type\":\"Person\",\"@id\":\"https:\/\/redelog.rj.gov.br\/redelog\/#\/schema\/person\/1299ae2b7bfb510dd74c28ed239470fb\",\"name\":\"alheiro\",\"image\":{\"@type\":\"ImageObject\",\"inLanguage\":\"pt-BR\",\"@id\":\"https:\/\/redelog.rj.gov.br\/redelog\/#\/schema\/person\/image\/\",\"url\":\"https:\/\/secure.gravatar.com\/avatar\/682da79d56fd06a1a63ccaa75b42ffe0c9b0609a62bc395d810f23f98140dcae?s=96&d=mm&r=g\",\"contentUrl\":\"https:\/\/secure.gravatar.com\/avatar\/682da79d56fd06a1a63ccaa75b42ffe0c9b0609a62bc395d810f23f98140dcae?s=96&d=mm&r=g\",\"caption\":\"alheiro\"},\"sameAs\":[\"http:\/\/10.9.108.118:3000\/redelog\"],\"url\":\"https:\/\/redelog.rj.gov.br\/redelog\/author\/alheiro\/\"}]}<\/script>\n<!-- \/ Yoast SEO plugin. -->","yoast_head_json":{"title":"DECRETO N\u00ba 46.050, DE 26 DE JULHO DE 2017 - Redelog","robots":{"index":"index","follow":"follow","max-snippet":"max-snippet:-1","max-image-preview":"max-image-preview:large","max-video-preview":"max-video-preview:-1"},"canonical":"https:\/\/redelog.rj.gov.br\/redelog\/decreto-46050\/","og_locale":"pt_BR","og_type":"article","og_title":"DECRETO N\u00ba 46.050, DE 26 DE JULHO DE 2017 - Redelog","og_description":"CRIA, SEM AUMENTO DE DESPESA, A REDE LOG\u00cdSTICA DO PODER EXECUTIVO DO ESTADO DO RIO DE JANEIRO &#8211; REDELOG, E D\u00c1 OUTRAS PROVID\u00caNCIAS. O GOVERNADOR DO ESTADO DO RIO DE JANEIRO, no uso das atribui\u00e7\u00f5es constitucionais e legais, e tendo em vista o que consta do Processo Administrativo n\u00ba E- 04\/120\/006\/2017, CONSIDERANDO: &#8211; o artigo [&hellip;]","og_url":"https:\/\/redelog.rj.gov.br\/redelog\/decreto-46050\/","og_site_name":"Redelog","article_published_time":"2022-01-12T14:10:12+00:00","article_modified_time":"2022-08-16T19:09:14+00:00","author":"alheiro","twitter_card":"summary_large_image","twitter_misc":{"Escrito por":"alheiro","Est. tempo de leitura":"7 minutos"},"schema":{"@context":"https:\/\/schema.org","@graph":[{"@type":"Article","@id":"https:\/\/redelog.rj.gov.br\/redelog\/decreto-46050\/#article","isPartOf":{"@id":"https:\/\/redelog.rj.gov.br\/redelog\/decreto-46050\/"},"author":{"name":"alheiro","@id":"https:\/\/redelog.rj.gov.br\/redelog\/#\/schema\/person\/1299ae2b7bfb510dd74c28ed239470fb"},"headline":"DECRETO N\u00ba 46.050, DE 26 DE JULHO DE 2017","datePublished":"2022-01-12T14:10:12+00:00","dateModified":"2022-08-16T19:09:14+00:00","mainEntityOfPage":{"@id":"https:\/\/redelog.rj.gov.br\/redelog\/decreto-46050\/"},"wordCount":1883,"publisher":{"@id":"https:\/\/redelog.rj.gov.br\/redelog\/#organization"},"articleSection":["Legisla\u00e7\u00e3o"],"inLanguage":"pt-BR"},{"@type":"WebPage","@id":"https:\/\/redelog.rj.gov.br\/redelog\/decreto-46050\/","url":"https:\/\/redelog.rj.gov.br\/redelog\/decreto-46050\/","name":"DECRETO N\u00ba 46.050, DE 26 DE JULHO DE 2017 - Redelog","isPartOf":{"@id":"https:\/\/redelog.rj.gov.br\/redelog\/#website"},"datePublished":"2022-01-12T14:10:12+00:00","dateModified":"2022-08-16T19:09:14+00:00","breadcrumb":{"@id":"https:\/\/redelog.rj.gov.br\/redelog\/decreto-46050\/#breadcrumb"},"inLanguage":"pt-BR","potentialAction":[{"@type":"ReadAction","target":["https:\/\/redelog.rj.gov.br\/redelog\/decreto-46050\/"]}]},{"@type":"BreadcrumbList","@id":"https:\/\/redelog.rj.gov.br\/redelog\/decreto-46050\/#breadcrumb","itemListElement":[{"@type":"ListItem","position":1,"name":"Home","item":"https:\/\/redelog.rj.gov.br\/redelog\/"},{"@type":"ListItem","position":2,"name":"DECRETO N\u00ba 46.050, DE 26 DE JULHO DE 2017"}]},{"@type":"WebSite","@id":"https:\/\/redelog.rj.gov.br\/redelog\/#website","url":"https:\/\/redelog.rj.gov.br\/redelog\/","name":"Redelog","description":"Site da Rede de Log\u00edstica e Planejamento do Estado do Rio de Janeiro","publisher":{"@id":"https:\/\/redelog.rj.gov.br\/redelog\/#organization"},"potentialAction":[{"@type":"SearchAction","target":{"@type":"EntryPoint","urlTemplate":"https:\/\/redelog.rj.gov.br\/redelog\/?s={search_term_string}"},"query-input":{"@type":"PropertyValueSpecification","valueRequired":true,"valueName":"search_term_string"}}],"inLanguage":"pt-BR"},{"@type":"Organization","@id":"https:\/\/redelog.rj.gov.br\/redelog\/#organization","name":"REDELOG","url":"https:\/\/redelog.rj.gov.br\/redelog\/","logo":{"@type":"ImageObject","inLanguage":"pt-BR","@id":"https:\/\/redelog.rj.gov.br\/redelog\/#\/schema\/logo\/image\/","url":"http:\/\/10.10.8.100:8888\/redelog\/wp-content\/uploads\/2019\/09\/Redelog2.png","contentUrl":"http:\/\/10.10.8.100:8888\/redelog\/wp-content\/uploads\/2019\/09\/Redelog2.png","width":565,"height":155,"caption":"REDELOG"},"image":{"@id":"https:\/\/redelog.rj.gov.br\/redelog\/#\/schema\/logo\/image\/"}},{"@type":"Person","@id":"https:\/\/redelog.rj.gov.br\/redelog\/#\/schema\/person\/1299ae2b7bfb510dd74c28ed239470fb","name":"alheiro","image":{"@type":"ImageObject","inLanguage":"pt-BR","@id":"https:\/\/redelog.rj.gov.br\/redelog\/#\/schema\/person\/image\/","url":"https:\/\/secure.gravatar.com\/avatar\/682da79d56fd06a1a63ccaa75b42ffe0c9b0609a62bc395d810f23f98140dcae?s=96&d=mm&r=g","contentUrl":"https:\/\/secure.gravatar.com\/avatar\/682da79d56fd06a1a63ccaa75b42ffe0c9b0609a62bc395d810f23f98140dcae?s=96&d=mm&r=g","caption":"alheiro"},"sameAs":["http:\/\/10.9.108.118:3000\/redelog"],"url":"https:\/\/redelog.rj.gov.br\/redelog\/author\/alheiro\/"}]}},"_links":{"self":[{"href":"https:\/\/redelog.rj.gov.br\/redelog\/wp-json\/wp\/v2\/posts\/9034","targetHints":{"allow":["GET"]}}],"collection":[{"href":"https:\/\/redelog.rj.gov.br\/redelog\/wp-json\/wp\/v2\/posts"}],"about":[{"href":"https:\/\/redelog.rj.gov.br\/redelog\/wp-json\/wp\/v2\/types\/post"}],"author":[{"embeddable":true,"href":"https:\/\/redelog.rj.gov.br\/redelog\/wp-json\/wp\/v2\/users\/1"}],"replies":[{"embeddable":true,"href":"https:\/\/redelog.rj.gov.br\/redelog\/wp-json\/wp\/v2\/comments?post=9034"}],"version-history":[{"count":60,"href":"https:\/\/redelog.rj.gov.br\/redelog\/wp-json\/wp\/v2\/posts\/9034\/revisions"}],"predecessor-version":[{"id":18952,"href":"https:\/\/redelog.rj.gov.br\/redelog\/wp-json\/wp\/v2\/posts\/9034\/revisions\/18952"}],"wp:attachment":[{"href":"https:\/\/redelog.rj.gov.br\/redelog\/wp-json\/wp\/v2\/media?parent=9034"}],"wp:term":[{"taxonomy":"category","embeddable":true,"href":"https:\/\/redelog.rj.gov.br\/redelog\/wp-json\/wp\/v2\/categories?post=9034"},{"taxonomy":"post_tag","embeddable":true,"href":"https:\/\/redelog.rj.gov.br\/redelog\/wp-json\/wp\/v2\/tags?post=9034"}],"curies":[{"name":"wp","href":"https:\/\/api.w.org\/{rel}","templated":true}]}}