{"id":7818,"date":"2021-12-09T10:12:36","date_gmt":"2021-12-09T13:12:36","guid":{"rendered":"http:\/\/10.11.80.6\/redelog\/?p=7818"},"modified":"2024-04-05T11:52:57","modified_gmt":"2024-04-05T14:52:57","slug":"o-que-e-o-sistema-de-registro-de-precos-srp","status":"publish","type":"post","link":"https:\/\/redelog.rj.gov.br\/redelog\/o-que-e-o-sistema-de-registro-de-precos-srp\/","title":{"rendered":"O QUE \u00c9 O SISTEMA DE REGISTRO DE PRE\u00c7OS &#8211; SRP?"},"content":{"rendered":"\t\t<div data-elementor-type=\"wp-post\" data-elementor-id=\"7818\" class=\"elementor elementor-7818\" data-elementor-post-type=\"post\">\n\t\t\t\t\t\t<section class=\"elementor-section elementor-top-section elementor-element elementor-element-781d70b elementor-section-boxed elementor-section-height-default elementor-section-height-default\" data-id=\"781d70b\" data-element_type=\"section\" data-settings=\"{&quot;jet_parallax_layout_list&quot;:[{&quot;jet_parallax_layout_image&quot;:{&quot;url&quot;:&quot;&quot;,&quot;id&quot;:&quot;&quot;,&quot;size&quot;:&quot;&quot;},&quot;_id&quot;:&quot;38613a2&quot;,&quot;jet_parallax_layout_image_tablet&quot;:{&quot;url&quot;:&quot;&quot;,&quot;id&quot;:&quot;&quot;,&quot;size&quot;:&quot;&quot;},&quot;jet_parallax_layout_image_mobile&quot;:{&quot;url&quot;:&quot;&quot;,&quot;id&quot;:&quot;&quot;,&quot;size&quot;:&quot;&quot;},&quot;jet_parallax_layout_speed&quot;:{&quot;unit&quot;:&quot;%&quot;,&quot;size&quot;:50,&quot;sizes&quot;:[]},&quot;jet_parallax_layout_type&quot;:&quot;scroll&quot;,&quot;jet_parallax_layout_direction&quot;:&quot;1&quot;,&quot;jet_parallax_layout_fx_direction&quot;:null,&quot;jet_parallax_layout_z_index&quot;:&quot;&quot;,&quot;jet_parallax_layout_bg_x&quot;:50,&quot;jet_parallax_layout_bg_x_tablet&quot;:&quot;&quot;,&quot;jet_parallax_layout_bg_x_mobile&quot;:&quot;&quot;,&quot;jet_parallax_layout_bg_y&quot;:50,&quot;jet_parallax_layout_bg_y_tablet&quot;:&quot;&quot;,&quot;jet_parallax_layout_bg_y_mobile&quot;:&quot;&quot;,&quot;jet_parallax_layout_bg_size&quot;:&quot;auto&quot;,&quot;jet_parallax_layout_bg_size_tablet&quot;:&quot;&quot;,&quot;jet_parallax_layout_bg_size_mobile&quot;:&quot;&quot;,&quot;jet_parallax_layout_animation_prop&quot;:&quot;transform&quot;,&quot;jet_parallax_layout_on&quot;:[&quot;desktop&quot;,&quot;tablet&quot;]}]}\">\n\t\t\t\t\t\t<div class=\"elementor-container elementor-column-gap-default\">\n\t\t\t\t\t<div class=\"elementor-column elementor-col-100 elementor-top-column elementor-element elementor-element-44d5679\" data-id=\"44d5679\" data-element_type=\"column\">\n\t\t\t<div class=\"elementor-widget-wrap elementor-element-populated\">\n\t\t\t\t\t\t<div class=\"elementor-element elementor-element-52135ad elementor-widget-divider--view-line elementor-widget elementor-widget-divider\" data-id=\"52135ad\" data-element_type=\"widget\" data-widget_type=\"divider.default\">\n\t\t\t\t\t\t\t<div class=\"elementor-divider\">\n\t\t\t<span class=\"elementor-divider-separator\">\n\t\t\t\t\t\t<\/span>\n\t\t<\/div>\n\t\t\t\t\t\t<\/div>\n\t\t\t\t\t<\/div>\n\t\t<\/div>\n\t\t\t\t\t<\/div>\n\t\t<\/section>\n\t\t\t\t<section class=\"elementor-section elementor-top-section elementor-element elementor-element-d378494 elementor-section-boxed elementor-section-height-default elementor-section-height-default\" data-id=\"d378494\" data-element_type=\"section\" data-settings=\"{&quot;jet_parallax_layout_list&quot;:[{&quot;jet_parallax_layout_image&quot;:{&quot;url&quot;:&quot;&quot;,&quot;id&quot;:&quot;&quot;,&quot;size&quot;:&quot;&quot;},&quot;_id&quot;:&quot;9c1d374&quot;,&quot;jet_parallax_layout_image_tablet&quot;:{&quot;url&quot;:&quot;&quot;,&quot;id&quot;:&quot;&quot;,&quot;size&quot;:&quot;&quot;},&quot;jet_parallax_layout_image_mobile&quot;:{&quot;url&quot;:&quot;&quot;,&quot;id&quot;:&quot;&quot;,&quot;size&quot;:&quot;&quot;},&quot;jet_parallax_layout_speed&quot;:{&quot;unit&quot;:&quot;%&quot;,&quot;size&quot;:50,&quot;sizes&quot;:[]},&quot;jet_parallax_layout_type&quot;:&quot;scroll&quot;,&quot;jet_parallax_layout_direction&quot;:&quot;1&quot;,&quot;jet_parallax_layout_fx_direction&quot;:null,&quot;jet_parallax_layout_z_index&quot;:&quot;&quot;,&quot;jet_parallax_layout_bg_x&quot;:50,&quot;jet_parallax_layout_bg_x_tablet&quot;:&quot;&quot;,&quot;jet_parallax_layout_bg_x_mobile&quot;:&quot;&quot;,&quot;jet_parallax_layout_bg_y&quot;:50,&quot;jet_parallax_layout_bg_y_tablet&quot;:&quot;&quot;,&quot;jet_parallax_layout_bg_y_mobile&quot;:&quot;&quot;,&quot;jet_parallax_layout_bg_size&quot;:&quot;auto&quot;,&quot;jet_parallax_layout_bg_size_tablet&quot;:&quot;&quot;,&quot;jet_parallax_layout_bg_size_mobile&quot;:&quot;&quot;,&quot;jet_parallax_layout_animation_prop&quot;:&quot;transform&quot;,&quot;jet_parallax_layout_on&quot;:[&quot;desktop&quot;,&quot;tablet&quot;]}]}\">\n\t\t\t\t\t\t<div class=\"elementor-container elementor-column-gap-default\">\n\t\t\t\t\t<div class=\"elementor-column elementor-col-100 elementor-top-column elementor-element elementor-element-aebe39c\" data-id=\"aebe39c\" data-element_type=\"column\">\n\t\t\t<div class=\"elementor-widget-wrap elementor-element-populated\">\n\t\t\t\t\t\t<section class=\"elementor-section elementor-inner-section elementor-element elementor-element-8b34503 elementor-section-content-middle elementor-section-boxed elementor-section-height-default elementor-section-height-default\" data-id=\"8b34503\" data-element_type=\"section\" data-settings=\"{&quot;jet_parallax_layout_list&quot;:[{&quot;jet_parallax_layout_image&quot;:{&quot;url&quot;:&quot;&quot;,&quot;id&quot;:&quot;&quot;,&quot;size&quot;:&quot;&quot;},&quot;_id&quot;:&quot;634c318&quot;,&quot;jet_parallax_layout_image_tablet&quot;:{&quot;url&quot;:&quot;&quot;,&quot;id&quot;:&quot;&quot;,&quot;size&quot;:&quot;&quot;},&quot;jet_parallax_layout_image_mobile&quot;:{&quot;url&quot;:&quot;&quot;,&quot;id&quot;:&quot;&quot;,&quot;size&quot;:&quot;&quot;},&quot;jet_parallax_layout_speed&quot;:{&quot;unit&quot;:&quot;%&quot;,&quot;size&quot;:50,&quot;sizes&quot;:[]},&quot;jet_parallax_layout_type&quot;:&quot;scroll&quot;,&quot;jet_parallax_layout_direction&quot;:&quot;1&quot;,&quot;jet_parallax_layout_fx_direction&quot;:null,&quot;jet_parallax_layout_z_index&quot;:&quot;&quot;,&quot;jet_parallax_layout_bg_x&quot;:50,&quot;jet_parallax_layout_bg_x_tablet&quot;:&quot;&quot;,&quot;jet_parallax_layout_bg_x_mobile&quot;:&quot;&quot;,&quot;jet_parallax_layout_bg_y&quot;:50,&quot;jet_parallax_layout_bg_y_tablet&quot;:&quot;&quot;,&quot;jet_parallax_layout_bg_y_mobile&quot;:&quot;&quot;,&quot;jet_parallax_layout_bg_size&quot;:&quot;auto&quot;,&quot;jet_parallax_layout_bg_size_tablet&quot;:&quot;&quot;,&quot;jet_parallax_layout_bg_size_mobile&quot;:&quot;&quot;,&quot;jet_parallax_layout_animation_prop&quot;:&quot;transform&quot;,&quot;jet_parallax_layout_on&quot;:[&quot;desktop&quot;,&quot;tablet&quot;]}]}\">\n\t\t\t\t\t\t<div class=\"elementor-container elementor-column-gap-default\">\n\t\t\t\t\t<div class=\"elementor-column elementor-col-100 elementor-inner-column elementor-element elementor-element-8e0c933\" data-id=\"8e0c933\" data-element_type=\"column\">\n\t\t\t<div class=\"elementor-widget-wrap elementor-element-populated\">\n\t\t\t\t\t\t<div class=\"elementor-element elementor-element-de0261b elementor-widget elementor-widget-image\" data-id=\"de0261b\" data-element_type=\"widget\" data-widget_type=\"image.default\">\n\t\t\t\t\t\t\t\t\t\t\t\t\t\t\t<img decoding=\"async\" width=\"152\" height=\"150\" data-src=\"https:\/\/redelog.rj.gov.br\/redelog\/wp-content\/uploads\/2021\/10\/srp1.png\" class=\"attachment-large size-large wp-image-7740 lazyload\" alt=\"\" src=\"data:image\/svg+xml;base64,PHN2ZyB3aWR0aD0iMSIgaGVpZ2h0PSIxIiB4bWxucz0iaHR0cDovL3d3dy53My5vcmcvMjAwMC9zdmciPjwvc3ZnPg==\" style=\"--smush-placeholder-width: 152px; --smush-placeholder-aspect-ratio: 152\/150;\" \/>\t\t\t\t\t\t\t\t\t\t\t\t\t\t\t<\/div>\n\t\t\t\t\t<\/div>\n\t\t<\/div>\n\t\t\t\t\t<\/div>\n\t\t<\/section>\n\t\t\t\t<div class=\"elementor-element elementor-element-f8e63b1 elementor-widget elementor-widget-text-editor\" data-id=\"f8e63b1\" data-element_type=\"widget\" data-widget_type=\"text-editor.default\">\n\t\t\t\t\t\t\t\t\t<ul><li style=\"text-align: justify;\">\u00c9 um <strong>regime de contrata\u00e7\u00e3o<\/strong> que consiste em um conjunto de procedimentos para registro formal de pre\u00e7os de bens e servi\u00e7os para contrata\u00e7\u00e3o eventual e futura.<\/li><li style=\"text-align: justify;\">\u00c9 um <strong>m\u00e9todo de racionaliza\u00e7\u00e3o<\/strong> pois viabiliza diversas contrata\u00e7\u00f5es, por um prazo pr\u00e9-estabelecido, a partir de um \u00fanico processo licitat\u00f3rio, sem que haja necessidade de realizar licita\u00e7\u00f5es sucessivas para o mesmo objeto.<\/li><li style=\"text-align: justify;\">\u00c9 um instrumento que <strong>agiliza e otimiza as contrata\u00e7\u00f5es p\u00fablicas<\/strong> uma vez que atende as demandas de v\u00e1rios \u00f3rg\u00e3os e entidades para mesmos produtos e servi\u00e7os.<\/li><li style=\"text-align: justify;\">\u00c9 um procedimento que se formaliza atrav\u00e9s de Ata de Registro de Pre\u00e7os, que representa o <strong>compromisso<\/strong> estabelecido entre os \u00f3rg\u00e3os e entidades p\u00fablicas, os fornecedores e as condi\u00e7\u00f5es da contrata\u00e7\u00e3o.<\/li><li style=\"text-align: justify;\"><strong>O SRP n\u00e3o \u00e9 modalidade de licita\u00e7\u00e3o.<\/strong><\/li><\/ul><p style=\"text-align: justify;\">Segundo a doutrina, o SRP pode ser assim definido:<\/p><ul style=\"text-align: justify;\"><li><em>\u201cSistema de Registro de Pre\u00e7os \u00e9 um procedimento especial de licita\u00e7\u00e3o que se efetiva por meio de uma concorr\u00eancia ou preg\u00e3o sui generis, selecionando a proposta mais vantajosa, com observ\u00e2ncia do princ\u00edpio da isonomia, para eventual e futura contrata\u00e7\u00e3o pela Administra\u00e7\u00e3o.\u201d <a href=\"#_ftn1\" name=\"_ftnref1\"><strong>[1]<\/strong><\/a><\/em><\/li><li><em>\u201cO registro de pre\u00e7os \u00e9 um contrato normativo, constitu\u00eddo como um cadastro de produtos e fornecedores, selecionados mediante licita\u00e7\u00e3o, para contrata\u00e7\u00f5es sucessivas de bens e servi\u00e7os, respeitados lotes m\u00ednimos e outras condi\u00e7\u00f5es previstas no edital.\u201d <a href=\"#_ftn2\" name=\"_ftnref2\"><strong>[2]<\/strong><\/a><\/em><\/li><\/ul><p style=\"text-align: justify;\"><strong>\u00a0<\/strong><\/p><p style=\"text-align: justify;\"><strong>Vantagens do SRP<\/strong><\/p><ul style=\"text-align: justify;\"><li>Pressup\u00f5e um <strong>adequado planejamento<\/strong>;<\/li><li><strong>Padroniza\u00e7\u00e3o<\/strong> de bens e servi\u00e7os contratados;<\/li><li>Obten\u00e7\u00e3o de <strong>economias de escala<\/strong>;<\/li><li><strong>Redu\u00e7\u00e3o dos custos <\/strong>com estoque;<\/li><li><strong>Agilidade e otimiza\u00e7\u00e3o <\/strong>nas contrata\u00e7\u00f5es p\u00fablicas;<\/li><li>Desnecessidade de dota\u00e7\u00e3o or\u00e7ament\u00e1ria;<\/li><li>Elimina\u00e7\u00e3o do fracionamento indevido da despesa;<\/li><li>Racionaliza\u00e7\u00e3o das licita\u00e7\u00f5es p\u00fablicas pela possibilidade de atendimento a mais de um \u00f3rg\u00e3o ou entidade ou a programas de governo<\/li><li>Economia processual, uma vez que o custo m\u00e9dio de um processo licitat\u00f3rio \u00e9 de R$ 20.698,00.<a href=\"#_ftn3\" name=\"_ftnref3\">[3]<\/a><\/li><\/ul><p style=\"text-align: justify;\"><strong>\u00a0<\/strong><\/p><p style=\"text-align: justify;\"><strong>Fundamento Legal<\/strong><\/p><ul style=\"text-align: justify;\"><li><strong>Lei Federal n\u00ba 8.666\/1993<\/strong>: A Lei Geral de Licita\u00e7\u00f5es e Contratos estabelece o SRP como uma diretriz para as compras:<\/li><\/ul><p style=\"text-align: justify;\"><em>Art.\u00a015 &#8211; As compras, <strong>sempre que poss\u00edvel<\/strong>, dever\u00e3o:\u00a0(&#8230;)<\/em><\/p><p style=\"text-align: justify;\"><em>II\u00a0&#8211;\u00a0ser processadas atrav\u00e9s de sistema de registro de pre\u00e7os;<\/em><\/p><p style=\"text-align: justify;\"><em>Par\u00e1grafo 3\u00ba\u00a0 &#8211; O sistema de registro de pre\u00e7os ser\u00e1 <strong>regulamentado por decreto<\/strong>, atendidas as <strong>peculiaridades regionais <\/strong>(&#8230;)<\/em><\/p><ul style=\"text-align: justify;\"><li><strong>Lei Federal n\u00ba 10.520\/2002<\/strong>: A Lei do Preg\u00e3o estabelece a ado\u00e7\u00e3o da modalidade de preg\u00e3o para a licita\u00e7\u00e3o para registro de pre\u00e7os:<\/li><\/ul><p style=\"text-align: justify;\"><em>Art. 11 &#8211; As compras e contrata\u00e7\u00f5es de bens e servi\u00e7os comuns, no \u00e2mbito da Uni\u00e3o, dos Estados, do Distrito Federal e dos Munic\u00edpios, quando efetuadas <strong>pelo sistema de registro de pre\u00e7os <\/strong>previsto no art. 15 da Lei n\u00ba 8.666, de 21 de junho de 1993, <strong>poder\u00e3o adotar a modalidade de preg\u00e3o<\/strong>, conforme regulamento espec\u00edfico.<\/em><\/p><ul style=\"text-align: justify;\"><li><strong>Decreto Estadual n\u00ba 46.642\/2019<\/strong>: Regulamenta a Fase Preparat\u00f3ria das Contrata\u00e7\u00f5es no \u00e2mbito do Estado do Rio de Janeiro:<\/li><li>O art. 6\u00ba estabelece que as presta\u00e7\u00f5es de servi\u00e7os e as aquisi\u00e7\u00f5es, <strong>sempre que poss\u00edvel<\/strong>, dever\u00e3o ser processadas pelo Sistema de Registro de Pre\u00e7os, aplicando-se \u00e0 elabora\u00e7\u00e3o do Plano de Suprimentos o disposto neste Decreto.<\/li><li><strong>As contrata\u00e7\u00f5es decorrentes do Sistema de Registro de Pre\u00e7os<\/strong> est\u00e3o previstas no Cap\u00edtulo VII, art. 33, onde est\u00e3o estabelecidos os dispositivos a serem observados pelos \u00f3rg\u00e3os participantes e aderentes quando da contrata\u00e7\u00e3o, <strong>sem preju\u00edzo do que estabelece o respectivo decreto estadual regulamentador. <\/strong><\/li><\/ul><p style=\"text-align: justify;\"><em>I &#8211; instru\u00e7\u00e3o do processo administrativo, inclusive com a justificativa de necessidade da contrata\u00e7\u00e3o, mem\u00f3ria de c\u00e1lculos dos quantitativos demandados, autoriza\u00e7\u00e3o da autoridade competente, edital e documentos que o integram, assim como a ata de registro de pre\u00e7os e minuta de contrato, se houver; <\/em><\/p><p style=\"text-align: justify;\"><em>II &#8211; constata\u00e7\u00e3o da vig\u00eancia da Ata de Registro de Pre\u00e7os; <\/em><\/p><p style=\"text-align: justify;\"><em>III &#8211; realiza\u00e7\u00e3o de pr\u00e9via pesquisa de mercado para confirmar se os pre\u00e7os registrados continuam sendo vantajosos, na forma deste Decreto, <strong>caso n\u00e3o seja atestada a atualidade do pre\u00e7o registrado <\/strong>pelo \u00f3rg\u00e3o gerenciador da ata, conforme disposto no Decreto que regulamenta o Sistema de Registro de Pre\u00e7os no estado; <\/em><\/p><p style=\"text-align: justify;\"><em>IV &#8211; verifica\u00e7\u00e3o da exist\u00eancia de cr\u00e9dito or\u00e7ament\u00e1rio para fazer face \u00e0s despesas no exerc\u00edcio; e<\/em><\/p><p style=\"text-align: justify;\"><em>V &#8211; autoriza\u00e7\u00e3o da reserva do cr\u00e9dito or\u00e7ament\u00e1rio pela autoridade competente. <\/em><\/p><p style=\"text-align: justify;\"><em>Par\u00e1grafo \u00danico &#8211; Tratando-se de contrata\u00e7\u00e3o realizada na condi\u00e7\u00e3o de \u00f3rg\u00e3o aderente \u00e0 Ata de Registro de Pre\u00e7os, al\u00e9m dos demais dispositivos deste Decreto, devem ainda ser atendidas as condi\u00e7\u00f5es abaixo: <\/em><\/p><p style=\"text-align: justify;\"><em>I &#8211; cotejo entre a <strong>necessidade da contrata\u00e7\u00e3o<\/strong> e o objeto registrado em ata; <\/em><\/p><p style=\"text-align: justify;\"><em>II &#8211; anu\u00eancia da contrata\u00e7\u00e3o <strong>pelo \u00f3rg\u00e3o gerenciador<\/strong>; <\/em><\/p><p style=\"text-align: justify;\"><em>III &#8211; anu\u00eancia da contrata\u00e7\u00e3o <strong>pelo fornecedor<\/strong><\/em><\/p><ul style=\"text-align: justify;\"><li><strong>Decreto Estadual n\u00ba 46.751\/2019<\/strong>: Regulamenta o SRP previsto no art. 15 da n\u00ba Lei n\u00ba 8.666\/1993.<\/li><li>Revogou o Decreto Estadual n\u00ba 44.857\/2014 estabelecendo <strong>novas regras <\/strong>e procedimentos para a <strong>melhoria do desempenho das contrata\u00e7\u00f5es <\/strong>atrav\u00e9s do Sistema de Registro de Pre\u00e7os, tais como:<\/li><li>Previs\u00e3o de que os regulamentos pr\u00f3prios das <strong>empresas estatais<\/strong> poder\u00e3o instituir as normas do referido decreto <strong>naquilo que for compat\u00edvel<\/strong> com a Lei Federal n\u00ba 13.303\/2016, a qual disp\u00f5e sobre o estatuto jur\u00eddico da empresa p\u00fablica, da sociedade de economia mista e de suas subsidi\u00e1rias, no \u00e2mbito da Uni\u00e3o, dos Estados, do Distrito Federal e dos Munic\u00edpios;<\/li><li><strong>Amplia\u00e7\u00e3o do prazo de pesquisa de pre\u00e7os<\/strong> para acompanhar e atualizar os pre\u00e7os registrados em atas;<\/li><li><strong>Regras para o remanejamento<\/strong> do quantitativo dos itens com pre\u00e7os registrados em atas;<\/li><li>Novas <strong>regras para ades\u00e3o<\/strong> (carona) \u00e0s atas de registro de pre\u00e7os.<\/li><\/ul><p style=\"text-align: justify;\"><strong>\u00a0<\/strong><\/p><p style=\"text-align: justify;\"><strong>Alcance do SRP<\/strong><\/p><p style=\"text-align: justify;\">As normas regulamentadoras para as contrata\u00e7\u00f5es de servi\u00e7os e as aquisi\u00e7\u00f5es de bens atrav\u00e9s no SRP se aplicam \u00e0 <strong>administra\u00e7\u00e3o p\u00fablica estadual direta, aut\u00e1rquica e fundacional<\/strong> do Poder Executivo do ERJ.<\/p><p style=\"text-align: justify;\"><strong>Compatibiliza\u00e7\u00e3o do SRP regido pela Lei Geral de Licita\u00e7\u00f5es e Contratos e aquele regido pela Lei das Estatais<\/strong><\/p><p style=\"text-align: justify;\">Os <strong>regulamentos pr\u00f3prios<\/strong> das sociedades de economia mista e das empresas p\u00fablicas do Estado poder\u00e3o instituir, naquilo que for <strong>compat\u00edvel <\/strong>com o disposto na Lei Federal n.\u00ba 13.303\/2016, as normas do SRP.<\/p><p style=\"text-align: justify;\"><strong>\u00a0<\/strong><\/p><p style=\"text-align: justify;\"><strong>\u00d3rg\u00e3os T\u00e9cnicos<\/strong><\/p><ul style=\"text-align: justify;\"><li>Compete ao \u00d3rg\u00e3o Central do Sistema Log\u00edstico do Poder Executivo instituir\u00a0as Categorias Estrat\u00e9gicas para a <strong>centraliza\u00e7\u00e3o<\/strong> e realizar os procedimentos licitat\u00f3rios\u00a0de registro de pre\u00e7os para atendimento das demandas dos \u00f3rg\u00e3os e entidades da Administra\u00e7\u00e3o P\u00fablica Estadual.<a href=\"#_ftn4\" name=\"_ftnref4\">[4]<\/a><\/li><li>O Registro de Pre\u00e7os para a contrata\u00e7\u00e3o de bens e servi\u00e7os relativos \u00e0 tecnologia da informa\u00e7\u00e3o e comunica\u00e7\u00e3o caber\u00e1 ao Centro de Tecnologia da Informa\u00e7\u00e3o e Comunica\u00e7\u00e3o do Estado do Rio de Janeiro\u00a0(PRODERJ). <a href=\"#_ftn5\" name=\"_ftnref5\">[5]<\/a><\/li><li>Os \u00f3rg\u00e3os e entidades poder\u00e3o realizar registro de pre\u00e7os, <strong>mediante autoriza\u00e7\u00e3o pr\u00e9via do \u00d3rg\u00e3o Central de Log\u00edstica<\/strong>.<a href=\"#_ftn6\" name=\"_ftnref6\">[6]<\/a><\/li><\/ul><p style=\"text-align: justify;\">Os \u00f3rg\u00e3os e entidades <strong>somente poder\u00e3o realizar contrata\u00e7\u00e3o de objetos similares \u00e0queles registrados pelo \u00d3rg\u00e3o Central de Log\u00edstica<\/strong>, ap\u00f3s solicita\u00e7\u00e3o e acompanhada de <strong>estudos t\u00e9cnicos e da justificativa da necessidade<\/strong> e da <strong>n\u00e3o op\u00e7\u00e3o pela aquisi\u00e7\u00e3o do bem ou servi\u00e7o registrado<\/strong>.<\/p>\t\t\t\t\t\t\t\t<\/div>\n\t\t\t\t\t<\/div>\n\t\t<\/div>\n\t\t\t\t\t<\/div>\n\t\t<\/section>\n\t\t\t\t<section class=\"elementor-section elementor-top-section elementor-element elementor-element-65ae9dc elementor-section-boxed elementor-section-height-default elementor-section-height-default\" data-id=\"65ae9dc\" data-element_type=\"section\" data-settings=\"{&quot;jet_parallax_layout_list&quot;:[{&quot;jet_parallax_layout_image&quot;:{&quot;url&quot;:&quot;&quot;,&quot;id&quot;:&quot;&quot;,&quot;size&quot;:&quot;&quot;},&quot;_id&quot;:&quot;134b6c1&quot;,&quot;jet_parallax_layout_image_tablet&quot;:{&quot;url&quot;:&quot;&quot;,&quot;id&quot;:&quot;&quot;,&quot;size&quot;:&quot;&quot;},&quot;jet_parallax_layout_image_mobile&quot;:{&quot;url&quot;:&quot;&quot;,&quot;id&quot;:&quot;&quot;,&quot;size&quot;:&quot;&quot;},&quot;jet_parallax_layout_speed&quot;:{&quot;unit&quot;:&quot;%&quot;,&quot;size&quot;:50,&quot;sizes&quot;:[]},&quot;jet_parallax_layout_type&quot;:&quot;scroll&quot;,&quot;jet_parallax_layout_direction&quot;:&quot;1&quot;,&quot;jet_parallax_layout_fx_direction&quot;:null,&quot;jet_parallax_layout_z_index&quot;:&quot;&quot;,&quot;jet_parallax_layout_bg_x&quot;:50,&quot;jet_parallax_layout_bg_x_tablet&quot;:&quot;&quot;,&quot;jet_parallax_layout_bg_x_mobile&quot;:&quot;&quot;,&quot;jet_parallax_layout_bg_y&quot;:50,&quot;jet_parallax_layout_bg_y_tablet&quot;:&quot;&quot;,&quot;jet_parallax_layout_bg_y_mobile&quot;:&quot;&quot;,&quot;jet_parallax_layout_bg_size&quot;:&quot;auto&quot;,&quot;jet_parallax_layout_bg_size_tablet&quot;:&quot;&quot;,&quot;jet_parallax_layout_bg_size_mobile&quot;:&quot;&quot;,&quot;jet_parallax_layout_animation_prop&quot;:&quot;transform&quot;,&quot;jet_parallax_layout_on&quot;:[&quot;desktop&quot;,&quot;tablet&quot;]}]}\">\n\t\t\t\t\t\t<div class=\"elementor-container elementor-column-gap-default\">\n\t\t\t\t\t<div class=\"elementor-column elementor-col-100 elementor-top-column elementor-element elementor-element-1d7dd6d\" data-id=\"1d7dd6d\" data-element_type=\"column\">\n\t\t\t<div class=\"elementor-widget-wrap elementor-element-populated\">\n\t\t\t\t\t\t<div class=\"elementor-element elementor-element-a1267da elementor-widget-divider--view-line elementor-widget elementor-widget-divider\" data-id=\"a1267da\" data-element_type=\"widget\" data-widget_type=\"divider.default\">\n\t\t\t\t\t\t\t<div class=\"elementor-divider\">\n\t\t\t<span class=\"elementor-divider-separator\">\n\t\t\t\t\t\t<\/span>\n\t\t<\/div>\n\t\t\t\t\t\t<\/div>\n\t\t\t\t<div class=\"elementor-element elementor-element-530f72e elementor-widget elementor-widget-text-editor\" data-id=\"530f72e\" data-element_type=\"widget\" data-widget_type=\"text-editor.default\">\n\t\t\t\t\t\t\t\t\t<p style=\"text-align: left;\"><strong>Refer\u00eancias<\/strong><\/p><p style=\"text-align: justify;\"><a href=\"#_ftnref1\" name=\"_ftn1\">[1]<\/a> FERNANDES, Jorge Ulisses Jacoby. Sistema de registro de pre\u00e7o e preg\u00e3o presencial e eletr\u00f4nico.<\/p><p style=\"text-align: justify;\">Belo Horizonte: F\u00f3rum, 2008, p. 31.<\/p><p style=\"text-align: justify;\"><a href=\"#_ftnref2\" name=\"_ftn2\">[2]<\/a> JUSTEN FILHO, Mar\u00e7al. Coment\u00e1rios \u00e0 Lei de Licita\u00e7\u00f5es e Contratos Administrativos.<\/p><ol style=\"text-align: justify;\" start=\"11\"><li>ed. S\u00e3o Paulo: Dial\u00e9tica. 2005. p. 144<\/li><\/ol><p style=\"text-align: justify;\"><a href=\"#_ftnref3\" name=\"_ftn3\">[3]<\/a> Nota T\u00e9cnica N\u00ba 1081\/2017\/CGPLAG\/DG\/SFC do Minist\u00e9rio da Transpar\u00eancia e da CGU: https:\/\/www.gov.br\/cgu\/pt-br\/assuntos\/noticias\/2017\/07\/cgu-divulga-estudo-sobre-eficiencia-dos-pregoes-realizados-pelo-governo-federal\/nota-tecnica-no-1-081-2017-cgplag-dg-sfc-1.pdf\u00a0<\/p><p style=\"text-align: justify;\"><a href=\"#_ftnref4\" name=\"_ftn4\">[4]<\/a> Decreto\u00a0n\u00ba 47.525\/2021. Institui e regulamenta a Pol\u00edtica Estadual de Gest\u00e3o Estrat\u00e9gica de Suprimentos e a Pol\u00edtica Estadual de Compras Centralizadas.<\/p><p style=\"text-align: justify;\"><a href=\"#_ftnref5\" name=\"_ftn5\">[5]<\/a> Decreto n\u00ba 46.665\/2019. Reestrutura o Sistema Estadual de Tecnologia da Informa\u00e7\u00e3o e Comunica\u00e7\u00e3o \u2013 SECTI.<\/p><p style=\"text-align: justify;\"><a href=\"#_ftnref6\" name=\"_ftn6\">[6]<\/a> Portaria SEPLAG\/SUBLOG n\u00ba 3\/2021. Disp\u00f5e sobre a solicita\u00e7\u00e3o de autoriza\u00e7\u00e3o pr\u00e9via para a realiza\u00e7\u00e3o de registro de pre\u00e7os e a comunica\u00e7\u00e3o de ades\u00e3o a atas de registro de pre\u00e7os.<\/p>\t\t\t\t\t\t\t\t<\/div>\n\t\t\t\t<div class=\"elementor-element elementor-element-4f53c88 elementor-widget-divider--view-line elementor-widget elementor-widget-divider\" data-id=\"4f53c88\" data-element_type=\"widget\" data-widget_type=\"divider.default\">\n\t\t\t\t\t\t\t<div class=\"elementor-divider\">\n\t\t\t<span class=\"elementor-divider-separator\">\n\t\t\t\t\t\t<\/span>\n\t\t<\/div>\n\t\t\t\t\t\t<\/div>\n\t\t\t\t\t<\/div>\n\t\t<\/div>\n\t\t\t\t\t<\/div>\n\t\t<\/section>\n\t\t\t\t<section class=\"elementor-section elementor-top-section elementor-element elementor-element-f7485bd elementor-section-boxed elementor-section-height-default elementor-section-height-default\" data-id=\"f7485bd\" data-element_type=\"section\" id=\"options\" data-settings=\"{&quot;jet_parallax_layout_list&quot;:[{&quot;jet_parallax_layout_image&quot;:{&quot;url&quot;:&quot;&quot;,&quot;id&quot;:&quot;&quot;,&quot;size&quot;:&quot;&quot;},&quot;_id&quot;:&quot;110bf2a&quot;,&quot;jet_parallax_layout_image_tablet&quot;:{&quot;url&quot;:&quot;&quot;,&quot;id&quot;:&quot;&quot;,&quot;size&quot;:&quot;&quot;},&quot;jet_parallax_layout_image_mobile&quot;:{&quot;url&quot;:&quot;&quot;,&quot;id&quot;:&quot;&quot;,&quot;size&quot;:&quot;&quot;},&quot;jet_parallax_layout_speed&quot;:{&quot;unit&quot;:&quot;%&quot;,&quot;size&quot;:50,&quot;sizes&quot;:[]},&quot;jet_parallax_layout_type&quot;:&quot;scroll&quot;,&quot;jet_parallax_layout_direction&quot;:&quot;1&quot;,&quot;jet_parallax_layout_fx_direction&quot;:null,&quot;jet_parallax_layout_z_index&quot;:&quot;&quot;,&quot;jet_parallax_layout_bg_x&quot;:50,&quot;jet_parallax_layout_bg_x_tablet&quot;:&quot;&quot;,&quot;jet_parallax_layout_bg_x_mobile&quot;:&quot;&quot;,&quot;jet_parallax_layout_bg_y&quot;:50,&quot;jet_parallax_layout_bg_y_tablet&quot;:&quot;&quot;,&quot;jet_parallax_layout_bg_y_mobile&quot;:&quot;&quot;,&quot;jet_parallax_layout_bg_size&quot;:&quot;auto&quot;,&quot;jet_parallax_layout_bg_size_tablet&quot;:&quot;&quot;,&quot;jet_parallax_layout_bg_size_mobile&quot;:&quot;&quot;,&quot;jet_parallax_layout_animation_prop&quot;:&quot;transform&quot;,&quot;jet_parallax_layout_on&quot;:[&quot;desktop&quot;,&quot;tablet&quot;]}]}\">\n\t\t\t\t\t\t<div class=\"elementor-container elementor-column-gap-default\">\n\t\t\t\t\t<div class=\"elementor-column elementor-col-100 elementor-top-column elementor-element elementor-element-db6f6be\" data-id=\"db6f6be\" data-element_type=\"column\">\n\t\t\t<div class=\"elementor-widget-wrap elementor-element-populated\">\n\t\t\t\t\t\t<div class=\"elementor-element elementor-element-f51730a elementor-widget elementor-widget-shortcode\" data-id=\"f51730a\" data-element_type=\"widget\" data-widget_type=\"shortcode.default\">\n\t\t\t\t\t\t\t<div class=\"elementor-shortcode\"><div class='printomatic pom-default ' id='id5940' alt='Imprimir' title='Imprimir' data-print_target='#post-7818'><\/div> <div class='printomatictext' id='id5940' alt='Imprimir' title='Imprimir' data-print_target='#post-7818'>Imprimir<\/div><div style='clear: both;'><\/div><\/div>\n\t\t\t\t\t\t<\/div>\n\t\t\t\t\t<\/div>\n\t\t<\/div>\n\t\t\t\t\t<\/div>\n\t\t<\/section>\n\t\t\t\t<\/div>\n\t\t","protected":false},"excerpt":{"rendered":"<p>\u00c9 um regime de contrata\u00e7\u00e3o que consiste em um conjunto de procedimentos para registro formal de pre\u00e7os de bens e servi\u00e7os para contrata\u00e7\u00e3o eventual e futura. \u00c9 um m\u00e9todo de racionaliza\u00e7\u00e3o pois viabiliza diversas contrata\u00e7\u00f5es, por um prazo pr\u00e9-estabelecido, a partir de um \u00fanico processo licitat\u00f3rio, sem que haja necessidade de realizar licita\u00e7\u00f5es sucessivas para [&hellip;]<\/p>\n","protected":false},"author":1,"featured_media":0,"comment_status":"closed","ping_status":"open","sticky":false,"template":"","format":"standard","meta":{"_joinchat":[],"footnotes":""},"categories":[28],"tags":[],"class_list":["post-7818","post","type-post","status-publish","format-standard","hentry","category-cat-fase-preparatoria"],"yoast_head":"<!-- This site is optimized with the Yoast SEO plugin v25.7 - https:\/\/yoast.com\/wordpress\/plugins\/seo\/ -->\n<title>O QUE \u00c9 O SISTEMA DE REGISTRO DE PRE\u00c7OS - SRP? - Redelog<\/title>\n<meta name=\"robots\" content=\"index, follow, max-snippet:-1, max-image-preview:large, max-video-preview:-1\" \/>\n<link rel=\"canonical\" href=\"https:\/\/redelog.rj.gov.br\/redelog\/o-que-e-o-sistema-de-registro-de-precos-srp\/\" \/>\n<meta property=\"og:locale\" content=\"pt_BR\" \/>\n<meta property=\"og:type\" content=\"article\" \/>\n<meta property=\"og:title\" content=\"O QUE \u00c9 O SISTEMA DE REGISTRO DE PRE\u00c7OS - SRP? - Redelog\" \/>\n<meta property=\"og:description\" content=\"\u00c9 um regime de contrata\u00e7\u00e3o que consiste em um conjunto de procedimentos para registro formal de pre\u00e7os de bens e servi\u00e7os para contrata\u00e7\u00e3o eventual e futura. \u00c9 um m\u00e9todo de racionaliza\u00e7\u00e3o pois viabiliza diversas contrata\u00e7\u00f5es, por um prazo pr\u00e9-estabelecido, a partir de um \u00fanico processo licitat\u00f3rio, sem que haja necessidade de realizar licita\u00e7\u00f5es sucessivas para [&hellip;]\" \/>\n<meta property=\"og:url\" content=\"https:\/\/redelog.rj.gov.br\/redelog\/o-que-e-o-sistema-de-registro-de-precos-srp\/\" \/>\n<meta property=\"og:site_name\" content=\"Redelog\" \/>\n<meta property=\"article:published_time\" content=\"2021-12-09T13:12:36+00:00\" \/>\n<meta property=\"article:modified_time\" content=\"2024-04-05T14:52:57+00:00\" \/>\n<meta property=\"og:image\" content=\"http:\/\/www.redelog.rj.gov.br\/redelog\/wp-content\/uploads\/2021\/10\/srp1.png\" \/>\n<meta name=\"author\" content=\"alheiro\" \/>\n<meta name=\"twitter:card\" content=\"summary_large_image\" \/>\n<meta name=\"twitter:label1\" content=\"Escrito por\" \/>\n\t<meta name=\"twitter:data1\" content=\"alheiro\" \/>\n\t<meta name=\"twitter:label2\" content=\"Est. tempo de leitura\" \/>\n\t<meta name=\"twitter:data2\" content=\"6 minutos\" \/>\n<script type=\"application\/ld+json\" class=\"yoast-schema-graph\">{\"@context\":\"https:\/\/schema.org\",\"@graph\":[{\"@type\":\"Article\",\"@id\":\"https:\/\/redelog.rj.gov.br\/redelog\/o-que-e-o-sistema-de-registro-de-precos-srp\/#article\",\"isPartOf\":{\"@id\":\"https:\/\/redelog.rj.gov.br\/redelog\/o-que-e-o-sistema-de-registro-de-precos-srp\/\"},\"author\":{\"name\":\"alheiro\",\"@id\":\"https:\/\/redelog.rj.gov.br\/redelog\/#\/schema\/person\/1299ae2b7bfb510dd74c28ed239470fb\"},\"headline\":\"O QUE \u00c9 O SISTEMA DE REGISTRO DE PRE\u00c7OS &#8211; SRP?\",\"datePublished\":\"2021-12-09T13:12:36+00:00\",\"dateModified\":\"2024-04-05T14:52:57+00:00\",\"mainEntityOfPage\":{\"@id\":\"https:\/\/redelog.rj.gov.br\/redelog\/o-que-e-o-sistema-de-registro-de-precos-srp\/\"},\"wordCount\":1402,\"publisher\":{\"@id\":\"https:\/\/redelog.rj.gov.br\/redelog\/#organization\"},\"image\":{\"@id\":\"https:\/\/redelog.rj.gov.br\/redelog\/o-que-e-o-sistema-de-registro-de-precos-srp\/#primaryimage\"},\"thumbnailUrl\":\"https:\/\/www.redelog.rj.gov.br\/redelog\/wp-content\/uploads\/2021\/10\/srp1.png\",\"articleSection\":[\"Fase Preparat\u00f3ria\"],\"inLanguage\":\"pt-BR\"},{\"@type\":\"WebPage\",\"@id\":\"https:\/\/redelog.rj.gov.br\/redelog\/o-que-e-o-sistema-de-registro-de-precos-srp\/\",\"url\":\"https:\/\/redelog.rj.gov.br\/redelog\/o-que-e-o-sistema-de-registro-de-precos-srp\/\",\"name\":\"O QUE \u00c9 O SISTEMA DE REGISTRO DE PRE\u00c7OS - SRP? - Redelog\",\"isPartOf\":{\"@id\":\"https:\/\/redelog.rj.gov.br\/redelog\/#website\"},\"primaryImageOfPage\":{\"@id\":\"https:\/\/redelog.rj.gov.br\/redelog\/o-que-e-o-sistema-de-registro-de-precos-srp\/#primaryimage\"},\"image\":{\"@id\":\"https:\/\/redelog.rj.gov.br\/redelog\/o-que-e-o-sistema-de-registro-de-precos-srp\/#primaryimage\"},\"thumbnailUrl\":\"https:\/\/www.redelog.rj.gov.br\/redelog\/wp-content\/uploads\/2021\/10\/srp1.png\",\"datePublished\":\"2021-12-09T13:12:36+00:00\",\"dateModified\":\"2024-04-05T14:52:57+00:00\",\"breadcrumb\":{\"@id\":\"https:\/\/redelog.rj.gov.br\/redelog\/o-que-e-o-sistema-de-registro-de-precos-srp\/#breadcrumb\"},\"inLanguage\":\"pt-BR\",\"potentialAction\":[{\"@type\":\"ReadAction\",\"target\":[\"https:\/\/redelog.rj.gov.br\/redelog\/o-que-e-o-sistema-de-registro-de-precos-srp\/\"]}]},{\"@type\":\"ImageObject\",\"inLanguage\":\"pt-BR\",\"@id\":\"https:\/\/redelog.rj.gov.br\/redelog\/o-que-e-o-sistema-de-registro-de-precos-srp\/#primaryimage\",\"url\":\"https:\/\/www.redelog.rj.gov.br\/redelog\/wp-content\/uploads\/2021\/10\/srp1.png\",\"contentUrl\":\"https:\/\/www.redelog.rj.gov.br\/redelog\/wp-content\/uploads\/2021\/10\/srp1.png\"},{\"@type\":\"BreadcrumbList\",\"@id\":\"https:\/\/redelog.rj.gov.br\/redelog\/o-que-e-o-sistema-de-registro-de-precos-srp\/#breadcrumb\",\"itemListElement\":[{\"@type\":\"ListItem\",\"position\":1,\"name\":\"Home\",\"item\":\"https:\/\/redelog.rj.gov.br\/redelog\/\"},{\"@type\":\"ListItem\",\"position\":2,\"name\":\"O QUE \u00c9 O SISTEMA DE REGISTRO DE PRE\u00c7OS &#8211; SRP?\"}]},{\"@type\":\"WebSite\",\"@id\":\"https:\/\/redelog.rj.gov.br\/redelog\/#website\",\"url\":\"https:\/\/redelog.rj.gov.br\/redelog\/\",\"name\":\"Redelog\",\"description\":\"Site da Rede de Log\u00edstica e Planejamento do Estado do Rio de Janeiro\",\"publisher\":{\"@id\":\"https:\/\/redelog.rj.gov.br\/redelog\/#organization\"},\"potentialAction\":[{\"@type\":\"SearchAction\",\"target\":{\"@type\":\"EntryPoint\",\"urlTemplate\":\"https:\/\/redelog.rj.gov.br\/redelog\/?s={search_term_string}\"},\"query-input\":{\"@type\":\"PropertyValueSpecification\",\"valueRequired\":true,\"valueName\":\"search_term_string\"}}],\"inLanguage\":\"pt-BR\"},{\"@type\":\"Organization\",\"@id\":\"https:\/\/redelog.rj.gov.br\/redelog\/#organization\",\"name\":\"REDELOG\",\"url\":\"https:\/\/redelog.rj.gov.br\/redelog\/\",\"logo\":{\"@type\":\"ImageObject\",\"inLanguage\":\"pt-BR\",\"@id\":\"https:\/\/redelog.rj.gov.br\/redelog\/#\/schema\/logo\/image\/\",\"url\":\"http:\/\/10.10.8.100:8888\/redelog\/wp-content\/uploads\/2019\/09\/Redelog2.png\",\"contentUrl\":\"http:\/\/10.10.8.100:8888\/redelog\/wp-content\/uploads\/2019\/09\/Redelog2.png\",\"width\":565,\"height\":155,\"caption\":\"REDELOG\"},\"image\":{\"@id\":\"https:\/\/redelog.rj.gov.br\/redelog\/#\/schema\/logo\/image\/\"}},{\"@type\":\"Person\",\"@id\":\"https:\/\/redelog.rj.gov.br\/redelog\/#\/schema\/person\/1299ae2b7bfb510dd74c28ed239470fb\",\"name\":\"alheiro\",\"image\":{\"@type\":\"ImageObject\",\"inLanguage\":\"pt-BR\",\"@id\":\"https:\/\/redelog.rj.gov.br\/redelog\/#\/schema\/person\/image\/\",\"url\":\"https:\/\/secure.gravatar.com\/avatar\/682da79d56fd06a1a63ccaa75b42ffe0c9b0609a62bc395d810f23f98140dcae?s=96&d=mm&r=g\",\"contentUrl\":\"https:\/\/secure.gravatar.com\/avatar\/682da79d56fd06a1a63ccaa75b42ffe0c9b0609a62bc395d810f23f98140dcae?s=96&d=mm&r=g\",\"caption\":\"alheiro\"},\"sameAs\":[\"http:\/\/10.9.108.118:3000\/redelog\"],\"url\":\"https:\/\/redelog.rj.gov.br\/redelog\/author\/alheiro\/\"}]}<\/script>\n<!-- \/ Yoast SEO plugin. -->","yoast_head_json":{"title":"O QUE \u00c9 O SISTEMA DE REGISTRO DE PRE\u00c7OS - SRP? - Redelog","robots":{"index":"index","follow":"follow","max-snippet":"max-snippet:-1","max-image-preview":"max-image-preview:large","max-video-preview":"max-video-preview:-1"},"canonical":"https:\/\/redelog.rj.gov.br\/redelog\/o-que-e-o-sistema-de-registro-de-precos-srp\/","og_locale":"pt_BR","og_type":"article","og_title":"O QUE \u00c9 O SISTEMA DE REGISTRO DE PRE\u00c7OS - SRP? - Redelog","og_description":"\u00c9 um regime de contrata\u00e7\u00e3o que consiste em um conjunto de procedimentos para registro formal de pre\u00e7os de bens e servi\u00e7os para contrata\u00e7\u00e3o eventual e futura. \u00c9 um m\u00e9todo de racionaliza\u00e7\u00e3o pois viabiliza diversas contrata\u00e7\u00f5es, por um prazo pr\u00e9-estabelecido, a partir de um \u00fanico processo licitat\u00f3rio, sem que haja necessidade de realizar licita\u00e7\u00f5es sucessivas para [&hellip;]","og_url":"https:\/\/redelog.rj.gov.br\/redelog\/o-que-e-o-sistema-de-registro-de-precos-srp\/","og_site_name":"Redelog","article_published_time":"2021-12-09T13:12:36+00:00","article_modified_time":"2024-04-05T14:52:57+00:00","og_image":[{"url":"http:\/\/www.redelog.rj.gov.br\/redelog\/wp-content\/uploads\/2021\/10\/srp1.png","type":"","width":"","height":""}],"author":"alheiro","twitter_card":"summary_large_image","twitter_misc":{"Escrito por":"alheiro","Est. tempo de leitura":"6 minutos"},"schema":{"@context":"https:\/\/schema.org","@graph":[{"@type":"Article","@id":"https:\/\/redelog.rj.gov.br\/redelog\/o-que-e-o-sistema-de-registro-de-precos-srp\/#article","isPartOf":{"@id":"https:\/\/redelog.rj.gov.br\/redelog\/o-que-e-o-sistema-de-registro-de-precos-srp\/"},"author":{"name":"alheiro","@id":"https:\/\/redelog.rj.gov.br\/redelog\/#\/schema\/person\/1299ae2b7bfb510dd74c28ed239470fb"},"headline":"O QUE \u00c9 O SISTEMA DE REGISTRO DE PRE\u00c7OS &#8211; SRP?","datePublished":"2021-12-09T13:12:36+00:00","dateModified":"2024-04-05T14:52:57+00:00","mainEntityOfPage":{"@id":"https:\/\/redelog.rj.gov.br\/redelog\/o-que-e-o-sistema-de-registro-de-precos-srp\/"},"wordCount":1402,"publisher":{"@id":"https:\/\/redelog.rj.gov.br\/redelog\/#organization"},"image":{"@id":"https:\/\/redelog.rj.gov.br\/redelog\/o-que-e-o-sistema-de-registro-de-precos-srp\/#primaryimage"},"thumbnailUrl":"https:\/\/www.redelog.rj.gov.br\/redelog\/wp-content\/uploads\/2021\/10\/srp1.png","articleSection":["Fase Preparat\u00f3ria"],"inLanguage":"pt-BR"},{"@type":"WebPage","@id":"https:\/\/redelog.rj.gov.br\/redelog\/o-que-e-o-sistema-de-registro-de-precos-srp\/","url":"https:\/\/redelog.rj.gov.br\/redelog\/o-que-e-o-sistema-de-registro-de-precos-srp\/","name":"O QUE \u00c9 O SISTEMA DE REGISTRO DE PRE\u00c7OS - SRP? - Redelog","isPartOf":{"@id":"https:\/\/redelog.rj.gov.br\/redelog\/#website"},"primaryImageOfPage":{"@id":"https:\/\/redelog.rj.gov.br\/redelog\/o-que-e-o-sistema-de-registro-de-precos-srp\/#primaryimage"},"image":{"@id":"https:\/\/redelog.rj.gov.br\/redelog\/o-que-e-o-sistema-de-registro-de-precos-srp\/#primaryimage"},"thumbnailUrl":"https:\/\/www.redelog.rj.gov.br\/redelog\/wp-content\/uploads\/2021\/10\/srp1.png","datePublished":"2021-12-09T13:12:36+00:00","dateModified":"2024-04-05T14:52:57+00:00","breadcrumb":{"@id":"https:\/\/redelog.rj.gov.br\/redelog\/o-que-e-o-sistema-de-registro-de-precos-srp\/#breadcrumb"},"inLanguage":"pt-BR","potentialAction":[{"@type":"ReadAction","target":["https:\/\/redelog.rj.gov.br\/redelog\/o-que-e-o-sistema-de-registro-de-precos-srp\/"]}]},{"@type":"ImageObject","inLanguage":"pt-BR","@id":"https:\/\/redelog.rj.gov.br\/redelog\/o-que-e-o-sistema-de-registro-de-precos-srp\/#primaryimage","url":"https:\/\/www.redelog.rj.gov.br\/redelog\/wp-content\/uploads\/2021\/10\/srp1.png","contentUrl":"https:\/\/www.redelog.rj.gov.br\/redelog\/wp-content\/uploads\/2021\/10\/srp1.png"},{"@type":"BreadcrumbList","@id":"https:\/\/redelog.rj.gov.br\/redelog\/o-que-e-o-sistema-de-registro-de-precos-srp\/#breadcrumb","itemListElement":[{"@type":"ListItem","position":1,"name":"Home","item":"https:\/\/redelog.rj.gov.br\/redelog\/"},{"@type":"ListItem","position":2,"name":"O QUE \u00c9 O SISTEMA DE REGISTRO DE PRE\u00c7OS &#8211; SRP?"}]},{"@type":"WebSite","@id":"https:\/\/redelog.rj.gov.br\/redelog\/#website","url":"https:\/\/redelog.rj.gov.br\/redelog\/","name":"Redelog","description":"Site da Rede de Log\u00edstica e Planejamento do Estado do Rio de Janeiro","publisher":{"@id":"https:\/\/redelog.rj.gov.br\/redelog\/#organization"},"potentialAction":[{"@type":"SearchAction","target":{"@type":"EntryPoint","urlTemplate":"https:\/\/redelog.rj.gov.br\/redelog\/?s={search_term_string}"},"query-input":{"@type":"PropertyValueSpecification","valueRequired":true,"valueName":"search_term_string"}}],"inLanguage":"pt-BR"},{"@type":"Organization","@id":"https:\/\/redelog.rj.gov.br\/redelog\/#organization","name":"REDELOG","url":"https:\/\/redelog.rj.gov.br\/redelog\/","logo":{"@type":"ImageObject","inLanguage":"pt-BR","@id":"https:\/\/redelog.rj.gov.br\/redelog\/#\/schema\/logo\/image\/","url":"http:\/\/10.10.8.100:8888\/redelog\/wp-content\/uploads\/2019\/09\/Redelog2.png","contentUrl":"http:\/\/10.10.8.100:8888\/redelog\/wp-content\/uploads\/2019\/09\/Redelog2.png","width":565,"height":155,"caption":"REDELOG"},"image":{"@id":"https:\/\/redelog.rj.gov.br\/redelog\/#\/schema\/logo\/image\/"}},{"@type":"Person","@id":"https:\/\/redelog.rj.gov.br\/redelog\/#\/schema\/person\/1299ae2b7bfb510dd74c28ed239470fb","name":"alheiro","image":{"@type":"ImageObject","inLanguage":"pt-BR","@id":"https:\/\/redelog.rj.gov.br\/redelog\/#\/schema\/person\/image\/","url":"https:\/\/secure.gravatar.com\/avatar\/682da79d56fd06a1a63ccaa75b42ffe0c9b0609a62bc395d810f23f98140dcae?s=96&d=mm&r=g","contentUrl":"https:\/\/secure.gravatar.com\/avatar\/682da79d56fd06a1a63ccaa75b42ffe0c9b0609a62bc395d810f23f98140dcae?s=96&d=mm&r=g","caption":"alheiro"},"sameAs":["http:\/\/10.9.108.118:3000\/redelog"],"url":"https:\/\/redelog.rj.gov.br\/redelog\/author\/alheiro\/"}]}},"_links":{"self":[{"href":"https:\/\/redelog.rj.gov.br\/redelog\/wp-json\/wp\/v2\/posts\/7818","targetHints":{"allow":["GET"]}}],"collection":[{"href":"https:\/\/redelog.rj.gov.br\/redelog\/wp-json\/wp\/v2\/posts"}],"about":[{"href":"https:\/\/redelog.rj.gov.br\/redelog\/wp-json\/wp\/v2\/types\/post"}],"author":[{"embeddable":true,"href":"https:\/\/redelog.rj.gov.br\/redelog\/wp-json\/wp\/v2\/users\/1"}],"replies":[{"embeddable":true,"href":"https:\/\/redelog.rj.gov.br\/redelog\/wp-json\/wp\/v2\/comments?post=7818"}],"version-history":[{"count":31,"href":"https:\/\/redelog.rj.gov.br\/redelog\/wp-json\/wp\/v2\/posts\/7818\/revisions"}],"predecessor-version":[{"id":29181,"href":"https:\/\/redelog.rj.gov.br\/redelog\/wp-json\/wp\/v2\/posts\/7818\/revisions\/29181"}],"wp:attachment":[{"href":"https:\/\/redelog.rj.gov.br\/redelog\/wp-json\/wp\/v2\/media?parent=7818"}],"wp:term":[{"taxonomy":"category","embeddable":true,"href":"https:\/\/redelog.rj.gov.br\/redelog\/wp-json\/wp\/v2\/categories?post=7818"},{"taxonomy":"post_tag","embeddable":true,"href":"https:\/\/redelog.rj.gov.br\/redelog\/wp-json\/wp\/v2\/tags?post=7818"}],"curies":[{"name":"wp","href":"https:\/\/api.w.org\/{rel}","templated":true}]}}