{"id":36348,"date":"2026-02-12T10:46:45","date_gmt":"2026-02-12T13:46:45","guid":{"rendered":"https:\/\/redelog.rj.gov.br\/redelog\/?p=36348"},"modified":"2026-02-12T10:51:26","modified_gmt":"2026-02-12T13:51:26","slug":"resolucao-conjunta-seplag-sefaz-no-178-de-10-de-fevereiro-de-2026","status":"publish","type":"post","link":"https:\/\/redelog.rj.gov.br\/redelog\/resolucao-conjunta-seplag-sefaz-no-178-de-10-de-fevereiro-de-2026\/","title":{"rendered":"RESOLU\u00c7\u00c3O CONJUNTA SEPLAG\/SEFAZ N\u00ba 178, DE 10 DE FEVEREIRO DE 2026"},"content":{"rendered":"\t\t<div data-elementor-type=\"wp-post\" data-elementor-id=\"36348\" class=\"elementor elementor-36348\" data-elementor-post-type=\"post\">\n\t\t\t\t\t\t<section class=\"elementor-section elementor-top-section elementor-element elementor-element-54679bb elementor-section-boxed elementor-section-height-default elementor-section-height-default\" data-id=\"54679bb\" data-element_type=\"section\" data-settings=\"{&quot;jet_parallax_layout_list&quot;:[{&quot;jet_parallax_layout_image&quot;:{&quot;url&quot;:&quot;&quot;,&quot;id&quot;:&quot;&quot;,&quot;size&quot;:&quot;&quot;},&quot;_id&quot;:&quot;17d107f&quot;,&quot;jet_parallax_layout_image_tablet&quot;:{&quot;url&quot;:&quot;&quot;,&quot;id&quot;:&quot;&quot;,&quot;size&quot;:&quot;&quot;},&quot;jet_parallax_layout_image_mobile&quot;:{&quot;url&quot;:&quot;&quot;,&quot;id&quot;:&quot;&quot;,&quot;size&quot;:&quot;&quot;},&quot;jet_parallax_layout_speed&quot;:{&quot;unit&quot;:&quot;%&quot;,&quot;size&quot;:50,&quot;sizes&quot;:[]},&quot;jet_parallax_layout_type&quot;:&quot;scroll&quot;,&quot;jet_parallax_layout_direction&quot;:&quot;1&quot;,&quot;jet_parallax_layout_fx_direction&quot;:null,&quot;jet_parallax_layout_z_index&quot;:&quot;&quot;,&quot;jet_parallax_layout_bg_x&quot;:50,&quot;jet_parallax_layout_bg_x_tablet&quot;:&quot;&quot;,&quot;jet_parallax_layout_bg_x_mobile&quot;:&quot;&quot;,&quot;jet_parallax_layout_bg_y&quot;:50,&quot;jet_parallax_layout_bg_y_tablet&quot;:&quot;&quot;,&quot;jet_parallax_layout_bg_y_mobile&quot;:&quot;&quot;,&quot;jet_parallax_layout_bg_size&quot;:&quot;auto&quot;,&quot;jet_parallax_layout_bg_size_tablet&quot;:&quot;&quot;,&quot;jet_parallax_layout_bg_size_mobile&quot;:&quot;&quot;,&quot;jet_parallax_layout_animation_prop&quot;:&quot;transform&quot;,&quot;jet_parallax_layout_on&quot;:[&quot;desktop&quot;,&quot;tablet&quot;]}]}\">\n\t\t\t\t\t\t<div class=\"elementor-container elementor-column-gap-default\">\n\t\t\t\t\t<div class=\"elementor-column elementor-col-100 elementor-top-column elementor-element elementor-element-abe6abd\" data-id=\"abe6abd\" data-element_type=\"column\">\n\t\t\t<div class=\"elementor-widget-wrap elementor-element-populated\">\n\t\t\t\t\t\t<section class=\"elementor-section elementor-inner-section elementor-element elementor-element-e54ab34 elementor-section-boxed elementor-section-height-default elementor-section-height-default\" data-id=\"e54ab34\" data-element_type=\"section\" data-settings=\"{&quot;jet_parallax_layout_list&quot;:[{&quot;jet_parallax_layout_image&quot;:{&quot;url&quot;:&quot;&quot;,&quot;id&quot;:&quot;&quot;,&quot;size&quot;:&quot;&quot;},&quot;_id&quot;:&quot;b8c0cc7&quot;,&quot;jet_parallax_layout_image_tablet&quot;:{&quot;url&quot;:&quot;&quot;,&quot;id&quot;:&quot;&quot;,&quot;size&quot;:&quot;&quot;},&quot;jet_parallax_layout_image_mobile&quot;:{&quot;url&quot;:&quot;&quot;,&quot;id&quot;:&quot;&quot;,&quot;size&quot;:&quot;&quot;},&quot;jet_parallax_layout_speed&quot;:{&quot;unit&quot;:&quot;%&quot;,&quot;size&quot;:50,&quot;sizes&quot;:[]},&quot;jet_parallax_layout_type&quot;:&quot;scroll&quot;,&quot;jet_parallax_layout_direction&quot;:&quot;1&quot;,&quot;jet_parallax_layout_fx_direction&quot;:null,&quot;jet_parallax_layout_z_index&quot;:&quot;&quot;,&quot;jet_parallax_layout_bg_x&quot;:50,&quot;jet_parallax_layout_bg_x_tablet&quot;:&quot;&quot;,&quot;jet_parallax_layout_bg_x_mobile&quot;:&quot;&quot;,&quot;jet_parallax_layout_bg_y&quot;:50,&quot;jet_parallax_layout_bg_y_tablet&quot;:&quot;&quot;,&quot;jet_parallax_layout_bg_y_mobile&quot;:&quot;&quot;,&quot;jet_parallax_layout_bg_size&quot;:&quot;auto&quot;,&quot;jet_parallax_layout_bg_size_tablet&quot;:&quot;&quot;,&quot;jet_parallax_layout_bg_size_mobile&quot;:&quot;&quot;,&quot;jet_parallax_layout_animation_prop&quot;:&quot;transform&quot;,&quot;jet_parallax_layout_on&quot;:[&quot;desktop&quot;,&quot;tablet&quot;]}]}\">\n\t\t\t\t\t\t<div class=\"elementor-container elementor-column-gap-default\">\n\t\t\t\t\t<div class=\"elementor-column elementor-col-50 elementor-inner-column elementor-element elementor-element-265154f\" data-id=\"265154f\" data-element_type=\"column\">\n\t\t\t<div class=\"elementor-widget-wrap\">\n\t\t\t\t\t\t\t<\/div>\n\t\t<\/div>\n\t\t\t\t<div class=\"elementor-column elementor-col-50 elementor-inner-column elementor-element elementor-element-5f9f038\" data-id=\"5f9f038\" data-element_type=\"column\">\n\t\t\t<div class=\"elementor-widget-wrap elementor-element-populated\">\n\t\t\t\t\t\t<div class=\"elementor-element elementor-element-c6fae6f elementor-widget elementor-widget-text-editor\" data-id=\"c6fae6f\" data-element_type=\"widget\" data-widget_type=\"text-editor.default\">\n\t\t\t\t\t\t\t\t\t<p style=\"text-align: justify;\"><strong>DEFINE OS PROCEDIMENTOS E PRAZOS PARA IMPLANTA\u00c7\u00c3O DA SISTEMATIZA\u00c7\u00c3O DO PROCESSO DE RESERVA DE CR\u00c9DITOS OR\u00c7AMENT\u00c1RIOS PARA LICITA\u00c7\u00d5ES E CONTRATOS, E D\u00c1 OUTRAS PROVID\u00caNCIAS.<\/strong><\/p>\t\t\t\t\t\t\t\t<\/div>\n\t\t\t\t\t<\/div>\n\t\t<\/div>\n\t\t\t\t\t<\/div>\n\t\t<\/section>\n\t\t\t\t\t<\/div>\n\t\t<\/div>\n\t\t\t\t\t<\/div>\n\t\t<\/section>\n\t\t\t\t<section class=\"elementor-section elementor-top-section elementor-element elementor-element-c85a434 elementor-section-boxed elementor-section-height-default elementor-section-height-default\" data-id=\"c85a434\" data-element_type=\"section\" data-settings=\"{&quot;jet_parallax_layout_list&quot;:[{&quot;jet_parallax_layout_image&quot;:{&quot;url&quot;:&quot;&quot;,&quot;id&quot;:&quot;&quot;,&quot;size&quot;:&quot;&quot;},&quot;_id&quot;:&quot;e6bbb1d&quot;,&quot;jet_parallax_layout_image_tablet&quot;:{&quot;url&quot;:&quot;&quot;,&quot;id&quot;:&quot;&quot;,&quot;size&quot;:&quot;&quot;},&quot;jet_parallax_layout_image_mobile&quot;:{&quot;url&quot;:&quot;&quot;,&quot;id&quot;:&quot;&quot;,&quot;size&quot;:&quot;&quot;},&quot;jet_parallax_layout_speed&quot;:{&quot;unit&quot;:&quot;%&quot;,&quot;size&quot;:50,&quot;sizes&quot;:[]},&quot;jet_parallax_layout_type&quot;:&quot;scroll&quot;,&quot;jet_parallax_layout_direction&quot;:&quot;1&quot;,&quot;jet_parallax_layout_fx_direction&quot;:null,&quot;jet_parallax_layout_z_index&quot;:&quot;&quot;,&quot;jet_parallax_layout_bg_x&quot;:50,&quot;jet_parallax_layout_bg_x_tablet&quot;:&quot;&quot;,&quot;jet_parallax_layout_bg_x_mobile&quot;:&quot;&quot;,&quot;jet_parallax_layout_bg_y&quot;:50,&quot;jet_parallax_layout_bg_y_tablet&quot;:&quot;&quot;,&quot;jet_parallax_layout_bg_y_mobile&quot;:&quot;&quot;,&quot;jet_parallax_layout_bg_size&quot;:&quot;auto&quot;,&quot;jet_parallax_layout_bg_size_tablet&quot;:&quot;&quot;,&quot;jet_parallax_layout_bg_size_mobile&quot;:&quot;&quot;,&quot;jet_parallax_layout_animation_prop&quot;:&quot;transform&quot;,&quot;jet_parallax_layout_on&quot;:[&quot;desktop&quot;,&quot;tablet&quot;]}]}\">\n\t\t\t\t\t\t<div class=\"elementor-container elementor-column-gap-default\">\n\t\t\t\t\t<div class=\"elementor-column elementor-col-100 elementor-top-column elementor-element elementor-element-48728cc\" data-id=\"48728cc\" data-element_type=\"column\">\n\t\t\t<div class=\"elementor-widget-wrap elementor-element-populated\">\n\t\t\t\t\t\t<div class=\"elementor-element elementor-element-29385b0 elementor-widget elementor-widget-text-editor\" data-id=\"29385b0\" data-element_type=\"widget\" data-widget_type=\"text-editor.default\">\n\t\t\t\t\t\t\t\t\t<p class=\"Texto_Justificado\"><b>O SECRET\u00c1RIO DE ESTADO DE PLANEJAMENTO E GEST\u00c3O DO RIO DE JANEIRO E O SECRET\u00c1RIO DE ESTADO DE FAZENDA DO RIO DE JANEIRO<\/b>, no uso de suas atribui\u00e7\u00f5es legais e das compet\u00eancias atribu\u00eddas pelo Decreto n.\u00ba 48.413 de 21 de mar\u00e7o de 2023, pelo Decreto n\u00ba 48.650 de 23 de agosto de 2023 e pelo Decreto n\u00ba 43.463, de 14 de fevereiro de 2012, combinado com o Decreto n.\u00ba 46.430 de 25 de setembro de 2018, e tendo em vista o que consta no Processo n.\u00ba SEI-120001\/000188\/2026;<\/p><p class=\"Texto_Justificado\"><b>CONSIDERANDO:<\/b><\/p><p class=\"Texto_Justificado\">&#8211; o disposto na Constitui\u00e7\u00e3o do Estado do Rio de Janeiro em seu Art. 211, inciso II, que veda a realiza\u00e7\u00e3o de despesas ou a assun\u00e7\u00e3o de obriga\u00e7\u00f5es diretas que excedam os cr\u00e9ditos or\u00e7ament\u00e1rios ou adicionais;<\/p><p class=\"Texto_Justificado\">&#8211; as previs\u00f5es legais contidas no Art. 16, \u00a74\u00b0 da Lei Complementar n.\u00b0 101, de 04 de maio de 2025 (Lei de Responsabilidade Fiscal) e nos Arts. 72, IV, 109, 105 e 150 da Nova Lei de Licita\u00e7\u00f5es e Contratos;<\/p><p class=\"Texto_Justificado\">&#8211; que a reserva or\u00e7ament\u00e1ria para licita\u00e7\u00f5es e contratos por via sist\u00eamica \u00e9 pr\u00e1tica altamente recomendada para uma melhor gest\u00e3o dos recursos or\u00e7ament\u00e1rios nos n\u00edveis central e setorial, al\u00e9m de tratar-se de modelo habitualmente sugerido pelos \u00f3rg\u00e3os de controle da administra\u00e7\u00e3o p\u00fablica; e<\/p><p class=\"Texto_Justificado\">&#8211; a delega\u00e7\u00e3o contida no \u00a7 6\u00ba do Art. 21 do Decreto Estadual n.\u00b0 5.102, de 14 de janeiro de 2026;<\/p><p class=\"Texto_Justificado\"><b>RESOLVEM:<\/b><\/p><p class=\"Texto_Justificado\"><b>Art. 1\u00ba &#8211;<\/b>\u00a0Fica institu\u00eddo o processo sist\u00eamico de reserva or\u00e7ament\u00e1ria para licita\u00e7\u00f5es e contratos, inclusive os vinculados a processos eletr\u00f4nicos de dispensa e a compras diretas, atrav\u00e9s de conjunto de funcionalidades e integra\u00e7\u00f5es implantadas no Sistema Integrado de Gest\u00e3o Or\u00e7ament\u00e1ria, Financeira e Cont\u00e1bil (SIAFE-Rio) e no Sistema Integrado de Gest\u00e3o de Aquisi\u00e7\u00f5es (SIGA-RJ).<\/p><p class=\"Texto_Justificado\">\u00a7 1\u00ba &#8211; Ficam vinculadas \u00e0 reserva or\u00e7ament\u00e1ria sist\u00eamica as despesas listadas na Resolu\u00e7\u00e3o SEPLAG n.\u00b0 324, de 27 de agosto de 2024 ou por normativo que a suceda.<\/p><p class=\"Texto_Justificado\">\u00a7 2\u00ba &#8211; A implanta\u00e7\u00e3o da reserva or\u00e7ament\u00e1ria sist\u00eamica seguir\u00e1 calend\u00e1rio institu\u00eddo atrav\u00e9s do Anexo \u00fanico da presente Resolu\u00e7\u00e3o.<\/p><p class=\"Texto_Justificado\"><b>Art. 2\u00ba &#8211;\u00a0<\/b>Para efeitos da presente resolu\u00e7\u00e3o, devem ser considerados na forma abaixo os seguintes termos e express\u00f5es:<\/p><p class=\"Texto_Justificado\">I \u2013 Reserva or\u00e7ament\u00e1ria sist\u00eamica: o processo de trabalho e os procedimentos de realiza\u00e7\u00e3o da segrega\u00e7\u00e3o de recursos or\u00e7ament\u00e1rios espec\u00edficos no SIAFE-Rio, vinculando-os a um procedimento licitat\u00f3rio e\/ou a uma contrata\u00e7\u00e3o \u00fanica no SIGA-RJ, impedindo a contabiliza\u00e7\u00e3o de Notas de Empenho sem a vincula\u00e7\u00e3o exclusiva aos respectivos saldos or\u00e7ament\u00e1rios reservados para o procedimento licitat\u00f3rio e\/ou de contrata\u00e7\u00e3o espec\u00edfico;<\/p><p class=\"Texto_Justificado\">II \u2013 Escopo completo da reserva or\u00e7ament\u00e1ria sist\u00eamica: vincula\u00e7\u00e3o de uma unidade e seus processos a todas as etapas e procedimentos da reserva or\u00e7ament\u00e1ria sist\u00eamica nos sistemas SIAFE-Rio e SIGA-RJ;<\/p><p class=\"Texto_Justificado\">III \u2013 Escopo parcial desvinculado do sistema SIGA-RJ: vincula\u00e7\u00e3o de uma unidade e seus processos apenas \u00e0s etapas e procedimentos relacionados \u00e0 segrega\u00e7\u00e3o dos saldos or\u00e7ament\u00e1rios no sistema SIAFE-Rio, considerando a natureza jur\u00eddica da unidade e a aplicabilidade de normativos de excepcionaliza\u00e7\u00e3o do uso do sistema SIGA-RJ e\/ou do arcabou\u00e7o jur\u00eddico licitat\u00f3rio geral; e<\/p><p class=\"Texto_Justificado\">IV &#8211; Escopo parcial desvinculado do sistema SIAFE-Rio: aplic\u00e1vel apenas \u00e0s unidades n\u00e3o integrantes do or\u00e7amento fiscal, dispensa a realiza\u00e7\u00e3o dos procedimentos de segrega\u00e7\u00e3o de recursos or\u00e7ament\u00e1rios no SIAFE-Rio e estabelece vincula\u00e7\u00e3o facultativa da unidade e seus processos \u00e0s etapas e procedimentos relacionados ao sistema SIGA-RJ, considerando sua natureza jur\u00eddica e a aplicabilidade de normativos de excepcionaliza\u00e7\u00e3o do uso do sistema de aquisi\u00e7\u00f5es.<\/p><p class=\"Texto_Justificado\"><b>Art. 3\u00ba &#8211;<\/b>\u00a0A reserva or\u00e7ament\u00e1ria sist\u00eamica estabelecer\u00e1 a segrega\u00e7\u00e3o de saldos or\u00e7ament\u00e1rios atrav\u00e9s de Nota de Reserva espec\u00edfica no Siafe-Rio, para cobertura individualizada dos respectivos procedimentos licitat\u00f3rios, compras diretas e contratos vigentes, vinculando os respectivos processos no SIGA-RJ, desde a fase de planejamento da contrata\u00e7\u00e3o, \u00e0 exist\u00eancia de saldos or\u00e7ament\u00e1rios espec\u00edficos e compat\u00edveis com os valores da contrata\u00e7\u00e3o para o exerc\u00edcio.<\/p><p class=\"Texto_Justificado\">\u00a7 1\u00ba &#8211; A reserva or\u00e7ament\u00e1ria no SIAFE-Rio ter\u00e1 como conta de origem dos recursos a conta de cr\u00e9dito dispon\u00edvel, da qual os valores reservados ser\u00e3o transferidos para as respectivas contas de reserva para os procedimentos de licita\u00e7\u00e3o e contratos.<\/p><p class=\"Texto_Justificado\">\u00a7 2\u00ba &#8211; Os recursos migrados na forma do fluxo estabelecido no \u00a7 1\u00ba n\u00e3o mais integrar\u00e3o a conta de cr\u00e9dito dispon\u00edvel, permanecendo na respectiva conta de reserva para licita\u00e7\u00e3o e contratos at\u00e9 a fase de empenho ou at\u00e9 eventual anula\u00e7\u00e3o parcial, ou total do ato de reserva.<\/p><p class=\"Texto_Justificado\"><b>Art. 4\u00ba &#8211;<\/b>\u00a0A partir da fase de contrata\u00e7\u00e3o e para os casos de contratos j\u00e1 em vigor, documentos pr\u00e9vios de Notas de Empenho ser\u00e3o integrados ao Siafe-Rio atrav\u00e9s de Notas de Autoriza\u00e7\u00e3o de Despesa (NADs) geradas no SIGA-RJ, que conter\u00e3o a indica\u00e7\u00e3o da Nota de Reserva espec\u00edfica vinculada ao procedimento, mediante disponibilidade de saldo suficiente para sua cobertura.<\/p><p class=\"Texto_Justificado\">Par\u00e1grafo \u00fanico. A integra\u00e7\u00e3o dos documentos pr\u00e9vios de Nota de Empenho n\u00e3o garante a contabiliza\u00e7\u00e3o, que depender\u00e1 de a\u00e7\u00e3o espec\u00edfica no sistema Siafe-Rio, na forma estabelecida na regulamenta\u00e7\u00e3o espec\u00edfica.<\/p><p class=\"Texto_Justificado\"><b>Art. 5\u00b0 &#8211;<\/b>\u00a0Os procedimentos de contrata\u00e7\u00e3o cujas fases de planejamento da despesa tenham sido iniciadas em exerc\u00edcio anterior receber\u00e3o autoriza\u00e7\u00e3o autom\u00e1tica, atrav\u00e9s de parametriza\u00e7\u00e3o sist\u00eamica, para inclus\u00e3o de nova Nota de Reserva vinculada ao exerc\u00edcio em curso.<\/p><p class=\"Texto_Justificado\">Par\u00e1grafo \u00fanico. Excepcionalmente, os par\u00e2metros sist\u00eamicos permitir\u00e3o que os processos ou procedimentos de contrata\u00e7\u00e3o que tenham realizado suas fases de planejamento da despesa durante o per\u00edodo de transi\u00e7\u00e3o, estabelecido atrav\u00e9s do Anexo \u00fanico, e conclu\u00eddo a contrata\u00e7\u00e3o na vig\u00eancia plena da reserva or\u00e7ament\u00e1ria sist\u00eamica, poder\u00e3o incluir as respectivas Notas de Reserva na fase de gera\u00e7\u00e3o da NAD.<\/p><p class=\"Texto_Justificado\"><b>Art. 6\u00ba &#8211;<\/b>\u00a0Como regra geral, ficam os \u00f3rg\u00e3os e entidades do Poder Executivo estadual submetidos \u00e0 utiliza\u00e7\u00e3o da reserva or\u00e7ament\u00e1ria sist\u00eamica em seu escopo completo, incluindo as integra\u00e7\u00f5es entre os sistemas Siafe-Rio e SIGA-RJ.<\/p><p class=\"Texto_Justificado\">\u00a7 1\u00ba &#8211; As unidades n\u00e3o vinculadas ao arcabou\u00e7o jur\u00eddico licitat\u00f3rio geral da administra\u00e7\u00e3o p\u00fablica e aquelas dispensadas da utiliza\u00e7\u00e3o obrigat\u00f3ria do sistema SIGA-RJ, na forma dos normativos espec\u00edficos, ficam vinculadas ao escopo parcial desvinculado do sistema SIGA-RJ, na forma do Art. 2\u00b0, inciso III.<\/p><p class=\"Texto_Justificado\">\u00a7 2\u00ba &#8211; As unidades n\u00e3o integrantes do or\u00e7amento fiscal ficam vinculadas ao escopo parcial desvinculado do sistema Siafe-Rio, na forma do Art. 2\u00b0, inciso IV.<\/p><p class=\"Texto_Justificado\"><b>Art. 7\u00ba &#8211;<\/b>\u00a0Ficam designadas a Subsecretaria de Planejamento e Or\u00e7amento, a Subsecretaria de Log\u00edstica e a Subsecretaria de Contabilidade Geral do Estado do Rio de Janeiro para editarem, conjuntamente, procedimentos complementares \u00e0 presente Resolu\u00e7\u00e3o, incluindo altera\u00e7\u00f5es no Anexo \u00fanico.<\/p><p class=\"Texto_Justificado\"><b>Art. 8\u00b0 &#8211;<\/b>\u00a0Esta Resolu\u00e7\u00e3o conjunta entrar\u00e1 em vigor na data de sua publica\u00e7\u00e3o.<\/p><p style=\"text-align: center;\">Rio de Janeiro, \u00a010\u00a0 de fevereiro de 2026<\/p><p class=\"Tabela_Texto_Centralizado\" style=\"text-align: center;\"><strong>ADILSON DE FARIA MACIEL<\/strong><\/p><p class=\"Tabela_Texto_Centralizado\" style=\"text-align: center;\">Secret\u00e1rio de Estado de Planejamento e Gest\u00e3o<\/p><p style=\"text-align: right;\">\u00a0<\/p><p class=\"Texto_Centralizado\" style=\"text-align: center;\"><b>ANEXO \u00daNICO<\/b><\/p><table border=\"1\" cellspacing=\"0\" cellpadding=\"0\" align=\"center\"><tbody><tr><td><p class=\"Tabela_Texto_Centralizado\"><b>Ref.<\/b><\/p><\/td><td><p class=\"Tabela_Texto_Centralizado\"><b>Etapa \/ Atividade<\/b><\/p><\/td><td><p class=\"Tabela_Texto_Centralizado\"><b>Envolvidos<\/b><\/p><\/td><td><p class=\"Tabela_Texto_Centralizado\"><b>Data<\/b><\/p><\/td><\/tr><tr><td><p class=\"Tabela_Texto_Centralizado\"><b>1<\/b><\/p><\/td><td valign=\"top\"><p class=\"Tabela_Texto_Alinhado_Esquerda\">Apresenta\u00e7\u00e3o geral para os \u00f3rg\u00e3os e entidades do Poder executivo estadual<\/p><\/td><td valign=\"top\"><p class=\"Tabela_Texto_Alinhado_Esquerda\"><b>Respons\u00e1veis<\/b>: SEPLAG\/SUBPLO; SEPLAG\/SUBLOG; e SEFAZ\/SUBCONT<\/p><p class=\"Tabela_Texto_Alinhado_Esquerda\"><b>Participantes<\/b>: Todos os \u00f3rg\u00e3os e entidades integrantes do or\u00e7amento fiscal<\/p><\/td><td valign=\"top\"><p class=\"Tabela_Texto_Alinhado_Esquerda\">At\u00e9 12\/02\/2026<\/p><\/td><\/tr><tr><td><p class=\"Tabela_Texto_Centralizado\"><b>2<\/b><\/p><\/td><td valign=\"top\"><p class=\"Tabela_Texto_Alinhado_Esquerda\">Fase de transi\u00e7\u00e3o: Sistemas ainda funcionando no modelo antigo, com planejamento da despesa sem Nota de Reserva associada e Notas de Empenho geradas atrav\u00e9s de NAD no SIGA, sem Nota de Reserva.<\/p><\/td><td valign=\"top\"><p class=\"Tabela_Texto_Alinhado_Esquerda\">Todos os \u00f3rg\u00e3os e entidades do Poder executivo estadual<\/p><\/td><td valign=\"top\"><p class=\"Tabela_Texto_Alinhado_Esquerda\">Da data de abertura do exerc\u00edcio at\u00e9 15\/03\/2026<\/p><\/td><\/tr><tr><td><p class=\"Tabela_Texto_Centralizado\"><b>3<\/b><\/p><\/td><td valign=\"top\"><p class=\"Tabela_Texto_Alinhado_Esquerda\">Fase de transi\u00e7\u00e3o: Treinamento aplicado para utiliza\u00e7\u00e3o do ambiente de homologa\u00e7\u00e3o (turmas agendadas)<\/p><\/td><td valign=\"top\"><p class=\"Tabela_Texto_Alinhado_Esquerda\"><b>Respons\u00e1veis:<\/b>\u00a0SEPLAG\/SUBLOG e SEFAZ\/SUBCONT<\/p><p class=\"Tabela_Texto_Alinhado_Esquerda\"><b>Participantes:<\/b>\u00a0Todos os \u00f3rg\u00e3os e entidades integrantes do or\u00e7amento fiscal<\/p><\/td><td valign=\"top\"><p class=\"Tabela_Texto_Alinhado_Esquerda\">Da data de abertura do exerc\u00edcio at\u00e9 15\/03\/2026<\/p><\/td><\/tr><tr><td><p class=\"Tabela_Texto_Centralizado\"><b>4<\/b><\/p><\/td><td valign=\"top\"><p class=\"Tabela_Texto_Alinhado_Esquerda\">Fase de transi\u00e7\u00e3o: Lan\u00e7amento de manuais e materiais formativos para as Rede de Or\u00e7amento, Rede Compras (REDELOG) e para os demais usu\u00e1rios do SIAFE-Rio com fun\u00e7\u00f5es relacionadas.<\/p><\/td><td valign=\"top\"><p class=\"Tabela_Texto_Alinhado_Esquerda\"><b>Respons\u00e1veis:<\/b>\u00a0SEPLAG\/SUBPLO; SEPLAG\/SUBLOG; e SEFAZ\/SUBCONT<\/p><\/td><td valign=\"top\"><p class=\"Tabela_Texto_Alinhado_Esquerda\">Da data de abertura do exerc\u00edcio at\u00e9 15\/03\/2026<\/p><\/td><\/tr><tr><td><p class=\"Tabela_Texto_Centralizado\"><b>5<\/b><\/p><\/td><td valign=\"top\"><p class=\"Tabela_Texto_Alinhado_Esquerda\">Implanta\u00e7\u00e3o Escopo completo da reserva or\u00e7ament\u00e1ria sist\u00eamica: In\u00edcio do planejamento da contrata\u00e7\u00e3o com cria\u00e7\u00e3o de Nota de Reserva no Siafe-Rio; vincula\u00e7\u00e3o da licita\u00e7\u00e3o \u00e0(s) Nota(s) de Reserva(s) espec\u00edfica(s); e gera\u00e7\u00e3o da NAD vinculada \u00e0(s) Nota(s) de Reserva(s) espec\u00edfica(s).<\/p><\/td><td valign=\"top\"><p class=\"Tabela_Texto_Alinhado_Esquerda\">Todos os \u00f3rg\u00e3os e entidades do Poder Executivo estadual integrantes do or\u00e7amento fiscal, com exce\u00e7\u00e3o das unidades n\u00e3o vinculadas ao arcabou\u00e7o jur\u00eddico licitat\u00f3rio geral da administra\u00e7\u00e3o p\u00fablica e\/ou dispensadas da utiliza\u00e7\u00e3o obrigat\u00f3ria do sistema SIGA-RJ.<\/p><\/td><td valign=\"top\"><p class=\"Tabela_Texto_Alinhado_Esquerda\">16\/03\/2026<\/p><\/td><\/tr><tr><td><p class=\"Tabela_Texto_Centralizado\"><b>6<\/b><\/p><\/td><td valign=\"top\"><p class=\"Tabela_Texto_Alinhado_Esquerda\">Implanta\u00e7\u00e3o do Escopo parcial desvinculado do SIGA-RJ: In\u00edcio do planejamento da contrata\u00e7\u00e3o com cria\u00e7\u00e3o de Nota de Reserva no Siafe-Rio e vincula\u00e7\u00e3o da Nota de Empenho ao saldo da Nota de Reserva.<\/p><\/td><td valign=\"top\"><p class=\"Tabela_Texto_Alinhado_Esquerda\">Exclusivo para unidades integrantes do or\u00e7amento fiscal e\u00a0<b>n\u00e3o vinculadas<\/b>\u00a0ao arcabou\u00e7o jur\u00eddico licitat\u00f3rio geral da administra\u00e7\u00e3o p\u00fablica e\/ou dispensadas da utiliza\u00e7\u00e3o obrigat\u00f3ria do sistema SIGA-RJ.<\/p><\/td><td valign=\"top\"><p class=\"Tabela_Texto_Alinhado_Esquerda\">16\/03\/2026<\/p><\/td><\/tr><tr><td><p class=\"Tabela_Texto_Centralizado\"><b>7<\/b><\/p><\/td><td valign=\"top\"><p class=\"Tabela_Texto_Alinhado_Esquerda\">Implanta\u00e7\u00e3o do Escopo parcial desvinculado do SIAFE-Rio: Planejamento da contrata\u00e7\u00e3o e contrata\u00e7\u00e3o no SIGA-RJ realizados em conjunto de funcionalidades desvinculados da integra\u00e7\u00e3o sist\u00eamica com o Siafe-Rio.<\/p><\/td><td valign=\"top\"><p class=\"Tabela_Texto_Alinhado_Esquerda\">Exclusivo para unidades\u00a0<b>n\u00e3o integrantes do or\u00e7amento fiscal.<\/b><\/p><\/td><td valign=\"top\"><p class=\"Tabela_Texto_Alinhado_Esquerda\">16\/03\/2026<\/p><\/td><\/tr><\/tbody><\/table><p class=\"Texto_Justificado_Recuo_Primeira_Linha\" style=\"text-align: right;\">Id: 2714050<\/p>\t\t\t\t\t\t\t\t<\/div>\n\t\t\t\t\t<\/div>\n\t\t<\/div>\n\t\t\t\t\t<\/div>\n\t\t<\/section>\n\t\t\t\t<section class=\"elementor-section elementor-top-section elementor-element elementor-element-ebf181d elementor-section-boxed elementor-section-height-default elementor-section-height-default\" data-id=\"ebf181d\" data-element_type=\"section\" data-settings=\"{&quot;jet_parallax_layout_list&quot;:[{&quot;jet_parallax_layout_image&quot;:{&quot;url&quot;:&quot;&quot;,&quot;id&quot;:&quot;&quot;,&quot;size&quot;:&quot;&quot;},&quot;_id&quot;:&quot;04dd098&quot;,&quot;jet_parallax_layout_image_tablet&quot;:{&quot;url&quot;:&quot;&quot;,&quot;id&quot;:&quot;&quot;,&quot;size&quot;:&quot;&quot;},&quot;jet_parallax_layout_image_mobile&quot;:{&quot;url&quot;:&quot;&quot;,&quot;id&quot;:&quot;&quot;,&quot;size&quot;:&quot;&quot;},&quot;jet_parallax_layout_speed&quot;:{&quot;unit&quot;:&quot;%&quot;,&quot;size&quot;:50,&quot;sizes&quot;:[]},&quot;jet_parallax_layout_type&quot;:&quot;scroll&quot;,&quot;jet_parallax_layout_direction&quot;:&quot;1&quot;,&quot;jet_parallax_layout_fx_direction&quot;:null,&quot;jet_parallax_layout_z_index&quot;:&quot;&quot;,&quot;jet_parallax_layout_bg_x&quot;:50,&quot;jet_parallax_layout_bg_x_tablet&quot;:&quot;&quot;,&quot;jet_parallax_layout_bg_x_mobile&quot;:&quot;&quot;,&quot;jet_parallax_layout_bg_y&quot;:50,&quot;jet_parallax_layout_bg_y_tablet&quot;:&quot;&quot;,&quot;jet_parallax_layout_bg_y_mobile&quot;:&quot;&quot;,&quot;jet_parallax_layout_bg_size&quot;:&quot;auto&quot;,&quot;jet_parallax_layout_bg_size_tablet&quot;:&quot;&quot;,&quot;jet_parallax_layout_bg_size_mobile&quot;:&quot;&quot;,&quot;jet_parallax_layout_animation_prop&quot;:&quot;transform&quot;,&quot;jet_parallax_layout_on&quot;:[&quot;desktop&quot;,&quot;tablet&quot;]}]}\">\n\t\t\t\t\t\t<div class=\"elementor-container elementor-column-gap-default\">\n\t\t\t\t\t<div class=\"elementor-column elementor-col-100 elementor-top-column elementor-element elementor-element-226f32a\" data-id=\"226f32a\" data-element_type=\"column\">\n\t\t\t<div class=\"elementor-widget-wrap elementor-element-populated\">\n\t\t\t\t\t\t<div class=\"elementor-element elementor-element-19222da elementor-widget elementor-widget-text-editor\" data-id=\"19222da\" data-element_type=\"widget\" data-widget_type=\"text-editor.default\">\n\t\t\t\t\t\t\t\t\t<p><em>Publicada no DOE em <strong><a href=\"http:\/\/redelog.rj.gov.br\/redelog\/wp-content\/uploads\/2026\/02\/RESOLUCAO-CONJUNTA-SEPLAG_SEFAZ-No-178-Define-os-procedimentos-e-prazos-para-implantacao-da-sistematizacao-do-processo-de-reserva-de-creditos-orcamentarios-para-licitacoes-e-contratos.pdf\">12\/02\/2026<\/a>.<\/strong><\/em><\/p>\t\t\t\t\t\t\t\t<\/div>\n\t\t\t\t\t<\/div>\n\t\t<\/div>\n\t\t\t\t\t<\/div>\n\t\t<\/section>\n\t\t\t\t<section class=\"elementor-section elementor-top-section elementor-element elementor-element-46351a7 elementor-section-boxed elementor-section-height-default elementor-section-height-default\" data-id=\"46351a7\" data-element_type=\"section\" data-settings=\"{&quot;jet_parallax_layout_list&quot;:[{&quot;jet_parallax_layout_image&quot;:{&quot;url&quot;:&quot;&quot;,&quot;id&quot;:&quot;&quot;,&quot;size&quot;:&quot;&quot;},&quot;_id&quot;:&quot;ab030fc&quot;,&quot;jet_parallax_layout_image_tablet&quot;:{&quot;url&quot;:&quot;&quot;,&quot;id&quot;:&quot;&quot;,&quot;size&quot;:&quot;&quot;},&quot;jet_parallax_layout_image_mobile&quot;:{&quot;url&quot;:&quot;&quot;,&quot;id&quot;:&quot;&quot;,&quot;size&quot;:&quot;&quot;},&quot;jet_parallax_layout_speed&quot;:{&quot;unit&quot;:&quot;%&quot;,&quot;size&quot;:50,&quot;sizes&quot;:[]},&quot;jet_parallax_layout_type&quot;:&quot;scroll&quot;,&quot;jet_parallax_layout_direction&quot;:&quot;1&quot;,&quot;jet_parallax_layout_fx_direction&quot;:null,&quot;jet_parallax_layout_z_index&quot;:&quot;&quot;,&quot;jet_parallax_layout_bg_x&quot;:50,&quot;jet_parallax_layout_bg_x_tablet&quot;:&quot;&quot;,&quot;jet_parallax_layout_bg_x_mobile&quot;:&quot;&quot;,&quot;jet_parallax_layout_bg_y&quot;:50,&quot;jet_parallax_layout_bg_y_tablet&quot;:&quot;&quot;,&quot;jet_parallax_layout_bg_y_mobile&quot;:&quot;&quot;,&quot;jet_parallax_layout_bg_size&quot;:&quot;auto&quot;,&quot;jet_parallax_layout_bg_size_tablet&quot;:&quot;&quot;,&quot;jet_parallax_layout_bg_size_mobile&quot;:&quot;&quot;,&quot;jet_parallax_layout_animation_prop&quot;:&quot;transform&quot;,&quot;jet_parallax_layout_on&quot;:[&quot;desktop&quot;,&quot;tablet&quot;]}]}\">\n\t\t\t\t\t\t<div class=\"elementor-container elementor-column-gap-default\">\n\t\t\t\t\t<div class=\"elementor-column elementor-col-100 elementor-top-column elementor-element elementor-element-48969c2\" data-id=\"48969c2\" data-element_type=\"column\">\n\t\t\t<div class=\"elementor-widget-wrap elementor-element-populated\">\n\t\t\t\t\t\t<div class=\"elementor-element elementor-element-28d2426 elementor-widget-divider--view-line elementor-widget elementor-widget-divider\" data-id=\"28d2426\" data-element_type=\"widget\" data-widget_type=\"divider.default\">\n\t\t\t\t\t\t\t<div class=\"elementor-divider\">\n\t\t\t<span class=\"elementor-divider-separator\">\n\t\t\t\t\t\t<\/span>\n\t\t<\/div>\n\t\t\t\t\t\t<\/div>\n\t\t\t\t\t<\/div>\n\t\t<\/div>\n\t\t\t\t\t<\/div>\n\t\t<\/section>\n\t\t\t\t<section class=\"elementor-section elementor-top-section elementor-element elementor-element-b455592 elementor-section-boxed elementor-section-height-default elementor-section-height-default\" data-id=\"b455592\" data-element_type=\"section\" id=\"options\" data-settings=\"{&quot;jet_parallax_layout_list&quot;:[{&quot;jet_parallax_layout_image&quot;:{&quot;url&quot;:&quot;&quot;,&quot;id&quot;:&quot;&quot;,&quot;size&quot;:&quot;&quot;},&quot;_id&quot;:&quot;19d7213&quot;,&quot;jet_parallax_layout_image_tablet&quot;:{&quot;url&quot;:&quot;&quot;,&quot;id&quot;:&quot;&quot;,&quot;size&quot;:&quot;&quot;},&quot;jet_parallax_layout_image_mobile&quot;:{&quot;url&quot;:&quot;&quot;,&quot;id&quot;:&quot;&quot;,&quot;size&quot;:&quot;&quot;},&quot;jet_parallax_layout_speed&quot;:{&quot;unit&quot;:&quot;%&quot;,&quot;size&quot;:50,&quot;sizes&quot;:[]},&quot;jet_parallax_layout_type&quot;:&quot;scroll&quot;,&quot;jet_parallax_layout_direction&quot;:&quot;1&quot;,&quot;jet_parallax_layout_fx_direction&quot;:null,&quot;jet_parallax_layout_z_index&quot;:&quot;&quot;,&quot;jet_parallax_layout_bg_x&quot;:50,&quot;jet_parallax_layout_bg_x_tablet&quot;:&quot;&quot;,&quot;jet_parallax_layout_bg_x_mobile&quot;:&quot;&quot;,&quot;jet_parallax_layout_bg_y&quot;:50,&quot;jet_parallax_layout_bg_y_tablet&quot;:&quot;&quot;,&quot;jet_parallax_layout_bg_y_mobile&quot;:&quot;&quot;,&quot;jet_parallax_layout_bg_size&quot;:&quot;auto&quot;,&quot;jet_parallax_layout_bg_size_tablet&quot;:&quot;&quot;,&quot;jet_parallax_layout_bg_size_mobile&quot;:&quot;&quot;,&quot;jet_parallax_layout_animation_prop&quot;:&quot;transform&quot;,&quot;jet_parallax_layout_on&quot;:[&quot;desktop&quot;,&quot;tablet&quot;]}]}\">\n\t\t\t\t\t\t<div class=\"elementor-container elementor-column-gap-default\">\n\t\t\t\t\t<div class=\"elementor-column elementor-col-100 elementor-top-column elementor-element elementor-element-aea6bd6\" data-id=\"aea6bd6\" data-element_type=\"column\">\n\t\t\t<div class=\"elementor-widget-wrap elementor-element-populated\">\n\t\t\t\t\t\t<div class=\"elementor-element elementor-element-c61f07b elementor-widget elementor-widget-shortcode\" data-id=\"c61f07b\" data-element_type=\"widget\" data-widget_type=\"shortcode.default\">\n\t\t\t\t\t\t\t<div class=\"elementor-shortcode\"><div class='printomatic pom-default ' id='id1792' alt='Imprimir' title='Imprimir' data-print_target='#post-36348'><\/div> <div class='printomatictext' id='id1792' alt='Imprimir' title='Imprimir' data-print_target='#post-36348'>Imprimir<\/div><div style='clear: both;'><\/div><\/div>\n\t\t\t\t\t\t<\/div>\n\t\t\t\t<section class=\"elementor-section elementor-inner-section elementor-element elementor-element-dcc12e8 elementor-section-boxed elementor-section-height-default elementor-section-height-default\" data-id=\"dcc12e8\" data-element_type=\"section\" data-settings=\"{&quot;jet_parallax_layout_list&quot;:[{&quot;jet_parallax_layout_image&quot;:{&quot;url&quot;:&quot;&quot;,&quot;id&quot;:&quot;&quot;,&quot;size&quot;:&quot;&quot;},&quot;_id&quot;:&quot;ccec7d1&quot;,&quot;jet_parallax_layout_image_tablet&quot;:{&quot;url&quot;:&quot;&quot;,&quot;id&quot;:&quot;&quot;,&quot;size&quot;:&quot;&quot;},&quot;jet_parallax_layout_image_mobile&quot;:{&quot;url&quot;:&quot;&quot;,&quot;id&quot;:&quot;&quot;,&quot;size&quot;:&quot;&quot;},&quot;jet_parallax_layout_speed&quot;:{&quot;unit&quot;:&quot;%&quot;,&quot;size&quot;:50,&quot;sizes&quot;:[]},&quot;jet_parallax_layout_type&quot;:&quot;scroll&quot;,&quot;jet_parallax_layout_direction&quot;:&quot;1&quot;,&quot;jet_parallax_layout_fx_direction&quot;:null,&quot;jet_parallax_layout_z_index&quot;:&quot;&quot;,&quot;jet_parallax_layout_bg_x&quot;:50,&quot;jet_parallax_layout_bg_x_tablet&quot;:&quot;&quot;,&quot;jet_parallax_layout_bg_x_mobile&quot;:&quot;&quot;,&quot;jet_parallax_layout_bg_y&quot;:50,&quot;jet_parallax_layout_bg_y_tablet&quot;:&quot;&quot;,&quot;jet_parallax_layout_bg_y_mobile&quot;:&quot;&quot;,&quot;jet_parallax_layout_bg_size&quot;:&quot;auto&quot;,&quot;jet_parallax_layout_bg_size_tablet&quot;:&quot;&quot;,&quot;jet_parallax_layout_bg_size_mobile&quot;:&quot;&quot;,&quot;jet_parallax_layout_animation_prop&quot;:&quot;transform&quot;,&quot;jet_parallax_layout_on&quot;:[&quot;desktop&quot;,&quot;tablet&quot;]}]}\">\n\t\t\t\t\t\t<div class=\"elementor-container elementor-column-gap-default\">\n\t\t\t\t\t<div class=\"elementor-column elementor-col-50 elementor-inner-column elementor-element elementor-element-d4adb2f\" data-id=\"d4adb2f\" data-element_type=\"column\">\n\t\t\t<div class=\"elementor-widget-wrap elementor-element-populated\">\n\t\t\t\t\t\t<div class=\"elementor-element elementor-element-f88527e elementor-widget elementor-widget-text-editor\" data-id=\"f88527e\" data-element_type=\"widget\" data-widget_type=\"text-editor.default\">\n\t\t\t\t\t\t\t\t\t<p><strong><a href=\"http:\/\/redelog.rj.gov.br\/redelog\/legislacao-licitacoes\/\">\u2190 Voltar &#8211; Licita\u00e7\u00f5es<\/a><\/strong><\/p>\t\t\t\t\t\t\t\t<\/div>\n\t\t\t\t\t<\/div>\n\t\t<\/div>\n\t\t\t\t<div class=\"elementor-column elementor-col-50 elementor-inner-column elementor-element elementor-element-a0c62b1\" data-id=\"a0c62b1\" data-element_type=\"column\">\n\t\t\t<div class=\"elementor-widget-wrap elementor-element-populated\">\n\t\t\t\t\t\t\t<\/div>\n\t\t<\/div>\n\t\t\t\t\t<\/div>\n\t\t<\/section>\n\t\t\t\t\t<\/div>\n\t\t<\/div>\n\t\t\t\t\t<\/div>\n\t\t<\/section>\n\t\t\t\t<section class=\"elementor-section elementor-top-section elementor-element elementor-element-fd03f9e elementor-section-boxed elementor-section-height-default elementor-section-height-default\" data-id=\"fd03f9e\" data-element_type=\"section\" data-settings=\"{&quot;jet_parallax_layout_list&quot;:[{&quot;jet_parallax_layout_image&quot;:{&quot;url&quot;:&quot;&quot;,&quot;id&quot;:&quot;&quot;,&quot;size&quot;:&quot;&quot;},&quot;_id&quot;:&quot;22a0abb&quot;,&quot;jet_parallax_layout_image_tablet&quot;:{&quot;url&quot;:&quot;&quot;,&quot;id&quot;:&quot;&quot;,&quot;size&quot;:&quot;&quot;},&quot;jet_parallax_layout_image_mobile&quot;:{&quot;url&quot;:&quot;&quot;,&quot;id&quot;:&quot;&quot;,&quot;size&quot;:&quot;&quot;},&quot;jet_parallax_layout_speed&quot;:{&quot;unit&quot;:&quot;%&quot;,&quot;size&quot;:50,&quot;sizes&quot;:[]},&quot;jet_parallax_layout_type&quot;:&quot;scroll&quot;,&quot;jet_parallax_layout_direction&quot;:&quot;1&quot;,&quot;jet_parallax_layout_fx_direction&quot;:null,&quot;jet_parallax_layout_z_index&quot;:&quot;&quot;,&quot;jet_parallax_layout_bg_x&quot;:50,&quot;jet_parallax_layout_bg_x_tablet&quot;:&quot;&quot;,&quot;jet_parallax_layout_bg_x_mobile&quot;:&quot;&quot;,&quot;jet_parallax_layout_bg_y&quot;:50,&quot;jet_parallax_layout_bg_y_tablet&quot;:&quot;&quot;,&quot;jet_parallax_layout_bg_y_mobile&quot;:&quot;&quot;,&quot;jet_parallax_layout_bg_size&quot;:&quot;auto&quot;,&quot;jet_parallax_layout_bg_size_tablet&quot;:&quot;&quot;,&quot;jet_parallax_layout_bg_size_mobile&quot;:&quot;&quot;,&quot;jet_parallax_layout_animation_prop&quot;:&quot;transform&quot;,&quot;jet_parallax_layout_on&quot;:[&quot;desktop&quot;,&quot;tablet&quot;]}]}\">\n\t\t\t\t\t\t<div class=\"elementor-container elementor-column-gap-default\">\n\t\t\t\t\t<div class=\"elementor-column elementor-col-100 elementor-top-column elementor-element elementor-element-686a8eb\" data-id=\"686a8eb\" data-element_type=\"column\">\n\t\t\t<div class=\"elementor-widget-wrap elementor-element-populated\">\n\t\t\t\t\t\t<div class=\"elementor-element elementor-element-ecf83af elementor-widget elementor-widget-html\" data-id=\"ecf83af\" data-element_type=\"widget\" data-widget_type=\"html.default\">\n\t\t\t\t\t<style>\n    h2, .h2-style{\n        font-size: 28px;\n    }\n<\/style>\t\t\t\t<\/div>\n\t\t\t\t\t<\/div>\n\t\t<\/div>\n\t\t\t\t\t<\/div>\n\t\t<\/section>\n\t\t\t\t<\/div>\n\t\t","protected":false},"excerpt":{"rendered":"<p>DEFINE OS PROCEDIMENTOS E PRAZOS PARA IMPLANTA\u00c7\u00c3O DA SISTEMATIZA\u00c7\u00c3O DO PROCESSO DE RESERVA DE CR\u00c9DITOS OR\u00c7AMENT\u00c1RIOS PARA LICITA\u00c7\u00d5ES E CONTRATOS, E D\u00c1 OUTRAS PROVID\u00caNCIAS. O SECRET\u00c1RIO DE ESTADO DE PLANEJAMENTO E GEST\u00c3O DO RIO DE JANEIRO E O SECRET\u00c1RIO DE ESTADO DE FAZENDA DO RIO DE JANEIRO, no uso de suas atribui\u00e7\u00f5es legais e das [&hellip;]<\/p>\n","protected":false},"author":19,"featured_media":0,"comment_status":"closed","ping_status":"open","sticky":false,"template":"","format":"standard","meta":{"_joinchat":[],"footnotes":""},"categories":[23],"tags":[],"class_list":["post-36348","post","type-post","status-publish","format-standard","hentry","category-cat-legislacao"],"yoast_head":"<!-- This site is optimized with the Yoast SEO plugin v25.7 - https:\/\/yoast.com\/wordpress\/plugins\/seo\/ -->\n<title>RESOLU\u00c7\u00c3O CONJUNTA SEPLAG\/SEFAZ N\u00ba 178, DE 10 DE FEVEREIRO DE 2026 - Redelog<\/title>\n<meta name=\"robots\" content=\"index, follow, max-snippet:-1, max-image-preview:large, max-video-preview:-1\" \/>\n<link rel=\"canonical\" href=\"https:\/\/redelog.rj.gov.br\/redelog\/resolucao-conjunta-seplag-sefaz-no-178-de-10-de-fevereiro-de-2026\/\" \/>\n<meta property=\"og:locale\" content=\"pt_BR\" \/>\n<meta property=\"og:type\" content=\"article\" \/>\n<meta property=\"og:title\" content=\"RESOLU\u00c7\u00c3O CONJUNTA SEPLAG\/SEFAZ N\u00ba 178, DE 10 DE FEVEREIRO DE 2026 - Redelog\" \/>\n<meta property=\"og:description\" content=\"DEFINE OS PROCEDIMENTOS E PRAZOS PARA IMPLANTA\u00c7\u00c3O DA SISTEMATIZA\u00c7\u00c3O DO PROCESSO DE RESERVA DE CR\u00c9DITOS OR\u00c7AMENT\u00c1RIOS PARA LICITA\u00c7\u00d5ES E CONTRATOS, E D\u00c1 OUTRAS PROVID\u00caNCIAS. O SECRET\u00c1RIO DE ESTADO DE PLANEJAMENTO E GEST\u00c3O DO RIO DE JANEIRO E O SECRET\u00c1RIO DE ESTADO DE FAZENDA DO RIO DE JANEIRO, no uso de suas atribui\u00e7\u00f5es legais e das [&hellip;]\" \/>\n<meta property=\"og:url\" content=\"https:\/\/redelog.rj.gov.br\/redelog\/resolucao-conjunta-seplag-sefaz-no-178-de-10-de-fevereiro-de-2026\/\" \/>\n<meta property=\"og:site_name\" content=\"Redelog\" \/>\n<meta property=\"article:published_time\" content=\"2026-02-12T13:46:45+00:00\" \/>\n<meta property=\"article:modified_time\" content=\"2026-02-12T13:51:26+00:00\" \/>\n<meta name=\"author\" content=\"Juliane Paz Vieira Lima\" \/>\n<meta name=\"twitter:card\" content=\"summary_large_image\" \/>\n<meta name=\"twitter:label1\" content=\"Escrito por\" \/>\n\t<meta name=\"twitter:data1\" content=\"Juliane Paz Vieira Lima\" \/>\n\t<meta name=\"twitter:label2\" content=\"Est. tempo de leitura\" \/>\n\t<meta name=\"twitter:data2\" content=\"8 minutos\" \/>\n<script type=\"application\/ld+json\" class=\"yoast-schema-graph\">{\"@context\":\"https:\/\/schema.org\",\"@graph\":[{\"@type\":\"Article\",\"@id\":\"https:\/\/redelog.rj.gov.br\/redelog\/resolucao-conjunta-seplag-sefaz-no-178-de-10-de-fevereiro-de-2026\/#article\",\"isPartOf\":{\"@id\":\"https:\/\/redelog.rj.gov.br\/redelog\/resolucao-conjunta-seplag-sefaz-no-178-de-10-de-fevereiro-de-2026\/\"},\"author\":{\"name\":\"Juliane Paz Vieira Lima\",\"@id\":\"https:\/\/redelog.rj.gov.br\/redelog\/#\/schema\/person\/a80fe416b9778ee67954a79526756867\"},\"headline\":\"RESOLU\u00c7\u00c3O CONJUNTA SEPLAG\/SEFAZ N\u00ba 178, DE 10 DE FEVEREIRO DE 2026\",\"datePublished\":\"2026-02-12T13:46:45+00:00\",\"dateModified\":\"2026-02-12T13:51:26+00:00\",\"mainEntityOfPage\":{\"@id\":\"https:\/\/redelog.rj.gov.br\/redelog\/resolucao-conjunta-seplag-sefaz-no-178-de-10-de-fevereiro-de-2026\/\"},\"wordCount\":1666,\"publisher\":{\"@id\":\"https:\/\/redelog.rj.gov.br\/redelog\/#organization\"},\"articleSection\":[\"Legisla\u00e7\u00e3o\"],\"inLanguage\":\"pt-BR\"},{\"@type\":\"WebPage\",\"@id\":\"https:\/\/redelog.rj.gov.br\/redelog\/resolucao-conjunta-seplag-sefaz-no-178-de-10-de-fevereiro-de-2026\/\",\"url\":\"https:\/\/redelog.rj.gov.br\/redelog\/resolucao-conjunta-seplag-sefaz-no-178-de-10-de-fevereiro-de-2026\/\",\"name\":\"RESOLU\u00c7\u00c3O CONJUNTA SEPLAG\/SEFAZ N\u00ba 178, DE 10 DE FEVEREIRO DE 2026 - Redelog\",\"isPartOf\":{\"@id\":\"https:\/\/redelog.rj.gov.br\/redelog\/#website\"},\"datePublished\":\"2026-02-12T13:46:45+00:00\",\"dateModified\":\"2026-02-12T13:51:26+00:00\",\"breadcrumb\":{\"@id\":\"https:\/\/redelog.rj.gov.br\/redelog\/resolucao-conjunta-seplag-sefaz-no-178-de-10-de-fevereiro-de-2026\/#breadcrumb\"},\"inLanguage\":\"pt-BR\",\"potentialAction\":[{\"@type\":\"ReadAction\",\"target\":[\"https:\/\/redelog.rj.gov.br\/redelog\/resolucao-conjunta-seplag-sefaz-no-178-de-10-de-fevereiro-de-2026\/\"]}]},{\"@type\":\"BreadcrumbList\",\"@id\":\"https:\/\/redelog.rj.gov.br\/redelog\/resolucao-conjunta-seplag-sefaz-no-178-de-10-de-fevereiro-de-2026\/#breadcrumb\",\"itemListElement\":[{\"@type\":\"ListItem\",\"position\":1,\"name\":\"Home\",\"item\":\"https:\/\/redelog.rj.gov.br\/redelog\/\"},{\"@type\":\"ListItem\",\"position\":2,\"name\":\"RESOLU\u00c7\u00c3O CONJUNTA SEPLAG\/SEFAZ N\u00ba 178, DE 10 DE FEVEREIRO DE 2026\"}]},{\"@type\":\"WebSite\",\"@id\":\"https:\/\/redelog.rj.gov.br\/redelog\/#website\",\"url\":\"https:\/\/redelog.rj.gov.br\/redelog\/\",\"name\":\"Redelog\",\"description\":\"Site da Rede de Log\u00edstica e Planejamento do Estado do Rio de Janeiro\",\"publisher\":{\"@id\":\"https:\/\/redelog.rj.gov.br\/redelog\/#organization\"},\"potentialAction\":[{\"@type\":\"SearchAction\",\"target\":{\"@type\":\"EntryPoint\",\"urlTemplate\":\"https:\/\/redelog.rj.gov.br\/redelog\/?s={search_term_string}\"},\"query-input\":{\"@type\":\"PropertyValueSpecification\",\"valueRequired\":true,\"valueName\":\"search_term_string\"}}],\"inLanguage\":\"pt-BR\"},{\"@type\":\"Organization\",\"@id\":\"https:\/\/redelog.rj.gov.br\/redelog\/#organization\",\"name\":\"REDELOG\",\"url\":\"https:\/\/redelog.rj.gov.br\/redelog\/\",\"logo\":{\"@type\":\"ImageObject\",\"inLanguage\":\"pt-BR\",\"@id\":\"https:\/\/redelog.rj.gov.br\/redelog\/#\/schema\/logo\/image\/\",\"url\":\"http:\/\/10.10.8.100:8888\/redelog\/wp-content\/uploads\/2019\/09\/Redelog2.png\",\"contentUrl\":\"http:\/\/10.10.8.100:8888\/redelog\/wp-content\/uploads\/2019\/09\/Redelog2.png\",\"width\":565,\"height\":155,\"caption\":\"REDELOG\"},\"image\":{\"@id\":\"https:\/\/redelog.rj.gov.br\/redelog\/#\/schema\/logo\/image\/\"}},{\"@type\":\"Person\",\"@id\":\"https:\/\/redelog.rj.gov.br\/redelog\/#\/schema\/person\/a80fe416b9778ee67954a79526756867\",\"name\":\"Juliane Paz Vieira Lima\",\"image\":{\"@type\":\"ImageObject\",\"inLanguage\":\"pt-BR\",\"@id\":\"https:\/\/redelog.rj.gov.br\/redelog\/#\/schema\/person\/image\/\",\"url\":\"https:\/\/secure.gravatar.com\/avatar\/6d81cf8bb20fabd08d236dec1cc7b99d2da26d368e6642dc331f1413653da0a6?s=96&d=mm&r=g\",\"contentUrl\":\"https:\/\/secure.gravatar.com\/avatar\/6d81cf8bb20fabd08d236dec1cc7b99d2da26d368e6642dc331f1413653da0a6?s=96&d=mm&r=g\",\"caption\":\"Juliane Paz Vieira Lima\"},\"url\":\"https:\/\/redelog.rj.gov.br\/redelog\/author\/julianepaz\/\"}]}<\/script>\n<!-- \/ Yoast SEO plugin. -->","yoast_head_json":{"title":"RESOLU\u00c7\u00c3O CONJUNTA SEPLAG\/SEFAZ N\u00ba 178, DE 10 DE FEVEREIRO DE 2026 - Redelog","robots":{"index":"index","follow":"follow","max-snippet":"max-snippet:-1","max-image-preview":"max-image-preview:large","max-video-preview":"max-video-preview:-1"},"canonical":"https:\/\/redelog.rj.gov.br\/redelog\/resolucao-conjunta-seplag-sefaz-no-178-de-10-de-fevereiro-de-2026\/","og_locale":"pt_BR","og_type":"article","og_title":"RESOLU\u00c7\u00c3O CONJUNTA SEPLAG\/SEFAZ N\u00ba 178, DE 10 DE FEVEREIRO DE 2026 - Redelog","og_description":"DEFINE OS PROCEDIMENTOS E PRAZOS PARA IMPLANTA\u00c7\u00c3O DA SISTEMATIZA\u00c7\u00c3O DO PROCESSO DE RESERVA DE CR\u00c9DITOS OR\u00c7AMENT\u00c1RIOS PARA LICITA\u00c7\u00d5ES E CONTRATOS, E D\u00c1 OUTRAS PROVID\u00caNCIAS. O SECRET\u00c1RIO DE ESTADO DE PLANEJAMENTO E GEST\u00c3O DO RIO DE JANEIRO E O SECRET\u00c1RIO DE ESTADO DE FAZENDA DO RIO DE JANEIRO, no uso de suas atribui\u00e7\u00f5es legais e das [&hellip;]","og_url":"https:\/\/redelog.rj.gov.br\/redelog\/resolucao-conjunta-seplag-sefaz-no-178-de-10-de-fevereiro-de-2026\/","og_site_name":"Redelog","article_published_time":"2026-02-12T13:46:45+00:00","article_modified_time":"2026-02-12T13:51:26+00:00","author":"Juliane Paz Vieira Lima","twitter_card":"summary_large_image","twitter_misc":{"Escrito por":"Juliane Paz Vieira Lima","Est. tempo de leitura":"8 minutos"},"schema":{"@context":"https:\/\/schema.org","@graph":[{"@type":"Article","@id":"https:\/\/redelog.rj.gov.br\/redelog\/resolucao-conjunta-seplag-sefaz-no-178-de-10-de-fevereiro-de-2026\/#article","isPartOf":{"@id":"https:\/\/redelog.rj.gov.br\/redelog\/resolucao-conjunta-seplag-sefaz-no-178-de-10-de-fevereiro-de-2026\/"},"author":{"name":"Juliane Paz Vieira Lima","@id":"https:\/\/redelog.rj.gov.br\/redelog\/#\/schema\/person\/a80fe416b9778ee67954a79526756867"},"headline":"RESOLU\u00c7\u00c3O CONJUNTA SEPLAG\/SEFAZ N\u00ba 178, DE 10 DE FEVEREIRO DE 2026","datePublished":"2026-02-12T13:46:45+00:00","dateModified":"2026-02-12T13:51:26+00:00","mainEntityOfPage":{"@id":"https:\/\/redelog.rj.gov.br\/redelog\/resolucao-conjunta-seplag-sefaz-no-178-de-10-de-fevereiro-de-2026\/"},"wordCount":1666,"publisher":{"@id":"https:\/\/redelog.rj.gov.br\/redelog\/#organization"},"articleSection":["Legisla\u00e7\u00e3o"],"inLanguage":"pt-BR"},{"@type":"WebPage","@id":"https:\/\/redelog.rj.gov.br\/redelog\/resolucao-conjunta-seplag-sefaz-no-178-de-10-de-fevereiro-de-2026\/","url":"https:\/\/redelog.rj.gov.br\/redelog\/resolucao-conjunta-seplag-sefaz-no-178-de-10-de-fevereiro-de-2026\/","name":"RESOLU\u00c7\u00c3O CONJUNTA SEPLAG\/SEFAZ N\u00ba 178, DE 10 DE FEVEREIRO DE 2026 - Redelog","isPartOf":{"@id":"https:\/\/redelog.rj.gov.br\/redelog\/#website"},"datePublished":"2026-02-12T13:46:45+00:00","dateModified":"2026-02-12T13:51:26+00:00","breadcrumb":{"@id":"https:\/\/redelog.rj.gov.br\/redelog\/resolucao-conjunta-seplag-sefaz-no-178-de-10-de-fevereiro-de-2026\/#breadcrumb"},"inLanguage":"pt-BR","potentialAction":[{"@type":"ReadAction","target":["https:\/\/redelog.rj.gov.br\/redelog\/resolucao-conjunta-seplag-sefaz-no-178-de-10-de-fevereiro-de-2026\/"]}]},{"@type":"BreadcrumbList","@id":"https:\/\/redelog.rj.gov.br\/redelog\/resolucao-conjunta-seplag-sefaz-no-178-de-10-de-fevereiro-de-2026\/#breadcrumb","itemListElement":[{"@type":"ListItem","position":1,"name":"Home","item":"https:\/\/redelog.rj.gov.br\/redelog\/"},{"@type":"ListItem","position":2,"name":"RESOLU\u00c7\u00c3O CONJUNTA SEPLAG\/SEFAZ N\u00ba 178, DE 10 DE FEVEREIRO DE 2026"}]},{"@type":"WebSite","@id":"https:\/\/redelog.rj.gov.br\/redelog\/#website","url":"https:\/\/redelog.rj.gov.br\/redelog\/","name":"Redelog","description":"Site da Rede de Log\u00edstica e Planejamento do Estado do Rio de Janeiro","publisher":{"@id":"https:\/\/redelog.rj.gov.br\/redelog\/#organization"},"potentialAction":[{"@type":"SearchAction","target":{"@type":"EntryPoint","urlTemplate":"https:\/\/redelog.rj.gov.br\/redelog\/?s={search_term_string}"},"query-input":{"@type":"PropertyValueSpecification","valueRequired":true,"valueName":"search_term_string"}}],"inLanguage":"pt-BR"},{"@type":"Organization","@id":"https:\/\/redelog.rj.gov.br\/redelog\/#organization","name":"REDELOG","url":"https:\/\/redelog.rj.gov.br\/redelog\/","logo":{"@type":"ImageObject","inLanguage":"pt-BR","@id":"https:\/\/redelog.rj.gov.br\/redelog\/#\/schema\/logo\/image\/","url":"http:\/\/10.10.8.100:8888\/redelog\/wp-content\/uploads\/2019\/09\/Redelog2.png","contentUrl":"http:\/\/10.10.8.100:8888\/redelog\/wp-content\/uploads\/2019\/09\/Redelog2.png","width":565,"height":155,"caption":"REDELOG"},"image":{"@id":"https:\/\/redelog.rj.gov.br\/redelog\/#\/schema\/logo\/image\/"}},{"@type":"Person","@id":"https:\/\/redelog.rj.gov.br\/redelog\/#\/schema\/person\/a80fe416b9778ee67954a79526756867","name":"Juliane Paz Vieira Lima","image":{"@type":"ImageObject","inLanguage":"pt-BR","@id":"https:\/\/redelog.rj.gov.br\/redelog\/#\/schema\/person\/image\/","url":"https:\/\/secure.gravatar.com\/avatar\/6d81cf8bb20fabd08d236dec1cc7b99d2da26d368e6642dc331f1413653da0a6?s=96&d=mm&r=g","contentUrl":"https:\/\/secure.gravatar.com\/avatar\/6d81cf8bb20fabd08d236dec1cc7b99d2da26d368e6642dc331f1413653da0a6?s=96&d=mm&r=g","caption":"Juliane Paz Vieira Lima"},"url":"https:\/\/redelog.rj.gov.br\/redelog\/author\/julianepaz\/"}]}},"_links":{"self":[{"href":"https:\/\/redelog.rj.gov.br\/redelog\/wp-json\/wp\/v2\/posts\/36348","targetHints":{"allow":["GET"]}}],"collection":[{"href":"https:\/\/redelog.rj.gov.br\/redelog\/wp-json\/wp\/v2\/posts"}],"about":[{"href":"https:\/\/redelog.rj.gov.br\/redelog\/wp-json\/wp\/v2\/types\/post"}],"author":[{"embeddable":true,"href":"https:\/\/redelog.rj.gov.br\/redelog\/wp-json\/wp\/v2\/users\/19"}],"replies":[{"embeddable":true,"href":"https:\/\/redelog.rj.gov.br\/redelog\/wp-json\/wp\/v2\/comments?post=36348"}],"version-history":[{"count":4,"href":"https:\/\/redelog.rj.gov.br\/redelog\/wp-json\/wp\/v2\/posts\/36348\/revisions"}],"predecessor-version":[{"id":36352,"href":"https:\/\/redelog.rj.gov.br\/redelog\/wp-json\/wp\/v2\/posts\/36348\/revisions\/36352"}],"wp:attachment":[{"href":"https:\/\/redelog.rj.gov.br\/redelog\/wp-json\/wp\/v2\/media?parent=36348"}],"wp:term":[{"taxonomy":"category","embeddable":true,"href":"https:\/\/redelog.rj.gov.br\/redelog\/wp-json\/wp\/v2\/categories?post=36348"},{"taxonomy":"post_tag","embeddable":true,"href":"https:\/\/redelog.rj.gov.br\/redelog\/wp-json\/wp\/v2\/tags?post=36348"}],"curies":[{"name":"wp","href":"https:\/\/api.w.org\/{rel}","templated":true}]}}