{"id":36095,"date":"2025-10-24T10:33:12","date_gmt":"2025-10-24T13:33:12","guid":{"rendered":"https:\/\/redelog.rj.gov.br\/redelog\/?p=36095"},"modified":"2025-10-24T10:39:41","modified_gmt":"2025-10-24T13:39:41","slug":"informe-no-006-2025-divulgacao-do-painel-gerencial-no-sistema-pca-rj","status":"publish","type":"post","link":"https:\/\/redelog.rj.gov.br\/redelog\/informe-no-006-2025-divulgacao-do-painel-gerencial-no-sistema-pca-rj\/","title":{"rendered":"INFORME N\u00ba 006\/2025 &#8211; DIVULGA\u00c7\u00c3O DO PAINEL GERENCIAL NO SISTEMA PCA RJ"},"content":{"rendered":"\t\t<div data-elementor-type=\"wp-post\" data-elementor-id=\"36095\" class=\"elementor elementor-36095\" data-elementor-post-type=\"post\">\n\t\t\t\t\t\t<section class=\"elementor-section elementor-top-section elementor-element elementor-element-6c3a1ab elementor-section-boxed elementor-section-height-default elementor-section-height-default\" data-id=\"6c3a1ab\" data-element_type=\"section\" data-settings=\"{&quot;jet_parallax_layout_list&quot;:[{&quot;jet_parallax_layout_image&quot;:{&quot;url&quot;:&quot;&quot;,&quot;id&quot;:&quot;&quot;,&quot;size&quot;:&quot;&quot;},&quot;_id&quot;:&quot;1ef5c32&quot;,&quot;jet_parallax_layout_image_tablet&quot;:{&quot;url&quot;:&quot;&quot;,&quot;id&quot;:&quot;&quot;,&quot;size&quot;:&quot;&quot;},&quot;jet_parallax_layout_image_mobile&quot;:{&quot;url&quot;:&quot;&quot;,&quot;id&quot;:&quot;&quot;,&quot;size&quot;:&quot;&quot;},&quot;jet_parallax_layout_speed&quot;:{&quot;unit&quot;:&quot;%&quot;,&quot;size&quot;:50,&quot;sizes&quot;:[]},&quot;jet_parallax_layout_type&quot;:&quot;scroll&quot;,&quot;jet_parallax_layout_direction&quot;:&quot;1&quot;,&quot;jet_parallax_layout_fx_direction&quot;:null,&quot;jet_parallax_layout_z_index&quot;:&quot;&quot;,&quot;jet_parallax_layout_bg_x&quot;:50,&quot;jet_parallax_layout_bg_x_tablet&quot;:&quot;&quot;,&quot;jet_parallax_layout_bg_x_mobile&quot;:&quot;&quot;,&quot;jet_parallax_layout_bg_y&quot;:50,&quot;jet_parallax_layout_bg_y_tablet&quot;:&quot;&quot;,&quot;jet_parallax_layout_bg_y_mobile&quot;:&quot;&quot;,&quot;jet_parallax_layout_bg_size&quot;:&quot;auto&quot;,&quot;jet_parallax_layout_bg_size_tablet&quot;:&quot;&quot;,&quot;jet_parallax_layout_bg_size_mobile&quot;:&quot;&quot;,&quot;jet_parallax_layout_animation_prop&quot;:&quot;transform&quot;,&quot;jet_parallax_layout_on&quot;:[&quot;desktop&quot;,&quot;tablet&quot;]}]}\">\n\t\t\t\t\t\t<div class=\"elementor-container elementor-column-gap-default\">\n\t\t\t\t\t<div class=\"elementor-column elementor-col-100 elementor-top-column elementor-element elementor-element-1c4e78d\" data-id=\"1c4e78d\" data-element_type=\"column\">\n\t\t\t<div class=\"elementor-widget-wrap elementor-element-populated\">\n\t\t\t\t\t\t<div class=\"elementor-element elementor-element-006a75b elementor-widget-divider--view-line elementor-widget elementor-widget-divider\" data-id=\"006a75b\" data-element_type=\"widget\" data-widget_type=\"divider.default\">\n\t\t\t\t\t\t\t<div class=\"elementor-divider\">\n\t\t\t<span class=\"elementor-divider-separator\">\n\t\t\t\t\t\t<\/span>\n\t\t<\/div>\n\t\t\t\t\t\t<\/div>\n\t\t\t\t<div class=\"elementor-element elementor-element-dea6164 elementor-widget elementor-widget-image\" data-id=\"dea6164\" data-element_type=\"widget\" data-widget_type=\"image.default\">\n\t\t\t\t\t\t\t\t\t\t\t\t\t\t\t<img fetchpriority=\"high\" decoding=\"async\" width=\"1536\" height=\"768\" src=\"https:\/\/redelog.rj.gov.br\/redelog\/wp-content\/uploads\/2025\/10\/COMUNICADO-PCA-RJ-INFORME-DA-REDELOG-1536x768.jpg\" class=\"attachment-1536x1536 size-1536x1536 wp-image-36100\" alt=\"\" srcset=\"https:\/\/redelog.rj.gov.br\/redelog\/wp-content\/uploads\/2025\/10\/COMUNICADO-PCA-RJ-INFORME-DA-REDELOG-1536x768.jpg 1536w, https:\/\/redelog.rj.gov.br\/redelog\/wp-content\/uploads\/2025\/10\/COMUNICADO-PCA-RJ-INFORME-DA-REDELOG-300x150.jpg 300w, https:\/\/redelog.rj.gov.br\/redelog\/wp-content\/uploads\/2025\/10\/COMUNICADO-PCA-RJ-INFORME-DA-REDELOG-1024x512.jpg 1024w, https:\/\/redelog.rj.gov.br\/redelog\/wp-content\/uploads\/2025\/10\/COMUNICADO-PCA-RJ-INFORME-DA-REDELOG-768x384.jpg 768w, https:\/\/redelog.rj.gov.br\/redelog\/wp-content\/uploads\/2025\/10\/COMUNICADO-PCA-RJ-INFORME-DA-REDELOG-600x300.jpg 600w, https:\/\/redelog.rj.gov.br\/redelog\/wp-content\/uploads\/2025\/10\/COMUNICADO-PCA-RJ-INFORME-DA-REDELOG-1280x640.jpg 1280w, https:\/\/redelog.rj.gov.br\/redelog\/wp-content\/uploads\/2025\/10\/COMUNICADO-PCA-RJ-INFORME-DA-REDELOG.jpg 1600w\" sizes=\"(max-width: 1536px) 100vw, 1536px\" \/>\t\t\t\t\t\t\t\t\t\t\t\t\t\t\t<\/div>\n\t\t\t\t<div class=\"elementor-element elementor-element-0ecd2db elementor-widget elementor-widget-spacer\" data-id=\"0ecd2db\" data-element_type=\"widget\" data-widget_type=\"spacer.default\">\n\t\t\t\t\t\t\t<div class=\"elementor-spacer\">\n\t\t\t<div class=\"elementor-spacer-inner\"><\/div>\n\t\t<\/div>\n\t\t\t\t\t\t<\/div>\n\t\t\t\t<div class=\"elementor-element elementor-element-5452eb8 elementor-widget elementor-widget-text-editor\" data-id=\"5452eb8\" data-element_type=\"widget\" data-widget_type=\"text-editor.default\">\n\t\t\t\t\t\t\t\t\t<p>Informamos aos usu\u00e1rios do Sistema PCA RJ que\u00a0est\u00e1 dispon\u00edvel o Painel Gerencial que consolida informa\u00e7\u00f5es das etapas do processo de elabora\u00e7\u00e3o do Documento de Formaliza\u00e7\u00e3o da Demanda (DFD) at\u00e9 a publica\u00e7\u00e3o do Plano de Contrata\u00e7\u00f5es Anual (PCA). Esse painel pode ser acessado dentro do menu &#8220;Gest\u00e3o&#8221;, clicando no subitem denominado &#8220;Relat\u00f3rios&#8221; e no bot\u00e3o \u201cPainel Informativo\u201d.<\/p>\t\t\t\t\t\t\t\t<\/div>\n\t\t\t\t<div class=\"elementor-element elementor-element-8d29279 elementor-widget elementor-widget-image\" data-id=\"8d29279\" data-element_type=\"widget\" data-widget_type=\"image.default\">\n\t\t\t\t\t\t\t\t\t\t\t\t\t\t\t<img decoding=\"async\" width=\"671\" height=\"263\" data-src=\"https:\/\/redelog.rj.gov.br\/redelog\/wp-content\/uploads\/2025\/10\/1.png\" class=\"attachment-large size-large wp-image-36102 lazyload\" alt=\"\" data-srcset=\"https:\/\/redelog.rj.gov.br\/redelog\/wp-content\/uploads\/2025\/10\/1.png 671w, https:\/\/redelog.rj.gov.br\/redelog\/wp-content\/uploads\/2025\/10\/1-300x118.png 300w, https:\/\/redelog.rj.gov.br\/redelog\/wp-content\/uploads\/2025\/10\/1-600x235.png 600w\" data-sizes=\"(max-width: 671px) 100vw, 671px\" src=\"data:image\/svg+xml;base64,PHN2ZyB3aWR0aD0iMSIgaGVpZ2h0PSIxIiB4bWxucz0iaHR0cDovL3d3dy53My5vcmcvMjAwMC9zdmciPjwvc3ZnPg==\" style=\"--smush-placeholder-width: 671px; --smush-placeholder-aspect-ratio: 671\/263;\" \/>\t\t\t\t\t\t\t\t\t\t\t\t\t\t\t<\/div>\n\t\t\t\t<div class=\"elementor-element elementor-element-1937477 elementor-widget elementor-widget-spacer\" data-id=\"1937477\" data-element_type=\"widget\" data-widget_type=\"spacer.default\">\n\t\t\t\t\t\t\t<div class=\"elementor-spacer\">\n\t\t\t<div class=\"elementor-spacer-inner\"><\/div>\n\t\t<\/div>\n\t\t\t\t\t\t<\/div>\n\t\t\t\t<div class=\"elementor-element elementor-element-69ce163 elementor-widget elementor-widget-text-editor\" data-id=\"69ce163\" data-element_type=\"widget\" data-widget_type=\"text-editor.default\">\n\t\t\t\t\t\t\t\t\t<p>Ali voc\u00ea poder\u00e1 visualizar o total DFDs e de itens existentes em cada etapa do fluxo, tanto para o PCA Vigente quanto para o PCA em Planejamento.<\/p>\t\t\t\t\t\t\t\t<\/div>\n\t\t\t\t<div class=\"elementor-element elementor-element-2539396 elementor-widget elementor-widget-image\" data-id=\"2539396\" data-element_type=\"widget\" data-widget_type=\"image.default\">\n\t\t\t\t\t\t\t\t\t\t\t\t\t\t\t<img decoding=\"async\" width=\"1024\" height=\"203\" data-src=\"https:\/\/redelog.rj.gov.br\/redelog\/wp-content\/uploads\/2025\/10\/22-1024x203.png\" class=\"attachment-large size-large wp-image-36103 lazyload\" alt=\"\" data-srcset=\"https:\/\/redelog.rj.gov.br\/redelog\/wp-content\/uploads\/2025\/10\/22-1024x203.png 1024w, https:\/\/redelog.rj.gov.br\/redelog\/wp-content\/uploads\/2025\/10\/22-300x59.png 300w, https:\/\/redelog.rj.gov.br\/redelog\/wp-content\/uploads\/2025\/10\/22-768x152.png 768w, https:\/\/redelog.rj.gov.br\/redelog\/wp-content\/uploads\/2025\/10\/22-600x119.png 600w, https:\/\/redelog.rj.gov.br\/redelog\/wp-content\/uploads\/2025\/10\/22.png 1348w\" data-sizes=\"(max-width: 1024px) 100vw, 1024px\" src=\"data:image\/svg+xml;base64,PHN2ZyB3aWR0aD0iMSIgaGVpZ2h0PSIxIiB4bWxucz0iaHR0cDovL3d3dy53My5vcmcvMjAwMC9zdmciPjwvc3ZnPg==\" style=\"--smush-placeholder-width: 1024px; --smush-placeholder-aspect-ratio: 1024\/203;\" \/>\t\t\t\t\t\t\t\t\t\t\t\t\t\t\t<\/div>\n\t\t\t\t<div class=\"elementor-element elementor-element-c04d4ed elementor-widget elementor-widget-spacer\" data-id=\"c04d4ed\" data-element_type=\"widget\" data-widget_type=\"spacer.default\">\n\t\t\t\t\t\t\t<div class=\"elementor-spacer\">\n\t\t\t<div class=\"elementor-spacer-inner\"><\/div>\n\t\t<\/div>\n\t\t\t\t\t\t<\/div>\n\t\t\t\t<div class=\"elementor-element elementor-element-c7ddc7a elementor-widget elementor-widget-text-editor\" data-id=\"c7ddc7a\" data-element_type=\"widget\" data-widget_type=\"text-editor.default\">\n\t\t\t\t\t\t\t\t\t<p>O objetivo desse painel \u00e9 fornecer uma vis\u00e3o consolidada do andamento das atividades de cada unidade, permitindo o acompanhamento da carga de trabalho distribu\u00edda entre os perfis do sistema (Demandante, Confirmador, Validador e Aprovador), al\u00e9m de subsidiar a tomada de decis\u00e3o e o planejamento das a\u00e7\u00f5es necess\u00e1rias ao cumprimento dos prazos do ciclo do PCA.<\/p>\n<p>Recomendamos que os gestores utilizem periodicamente o painel para monitorar a evolu\u00e7\u00e3o dos DFDs e Itens de sua unidade, especialmente no per\u00edodo de elabora\u00e7\u00e3o do PCA, garantindo maior controle sobre pend\u00eancias e andamento das demandas.<\/p>\n<p>Em caso de d\u00favidas, favor realizar contato por meio do Fale Conosco:\u00a0<a href=\"https:\/\/www.compras.rj.gov.br\/suportelogistico\/#\/novo-atendimento\"><strong>https:\/\/www.compras.rj.gov.br\/suportelogistico\/#\/novo-atendimento<\/strong><\/a><\/p>\t\t\t\t\t\t\t\t<\/div>\n\t\t\t\t<div class=\"elementor-element elementor-element-cce8883 elementor-widget-divider--view-line elementor-widget elementor-widget-divider\" data-id=\"cce8883\" data-element_type=\"widget\" data-widget_type=\"divider.default\">\n\t\t\t\t\t\t\t<div class=\"elementor-divider\">\n\t\t\t<span class=\"elementor-divider-separator\">\n\t\t\t\t\t\t<\/span>\n\t\t<\/div>\n\t\t\t\t\t\t<\/div>\n\t\t\t\t\t<\/div>\n\t\t<\/div>\n\t\t\t\t\t<\/div>\n\t\t<\/section>\n\t\t\t\t<section class=\"elementor-section elementor-top-section elementor-element elementor-element-8399409 elementor-section-boxed elementor-section-height-default elementor-section-height-default\" data-id=\"8399409\" data-element_type=\"section\" data-settings=\"{&quot;jet_parallax_layout_list&quot;:[{&quot;jet_parallax_layout_image&quot;:{&quot;url&quot;:&quot;&quot;,&quot;id&quot;:&quot;&quot;,&quot;size&quot;:&quot;&quot;},&quot;_id&quot;:&quot;8c16c45&quot;,&quot;jet_parallax_layout_image_tablet&quot;:{&quot;url&quot;:&quot;&quot;,&quot;id&quot;:&quot;&quot;,&quot;size&quot;:&quot;&quot;},&quot;jet_parallax_layout_image_mobile&quot;:{&quot;url&quot;:&quot;&quot;,&quot;id&quot;:&quot;&quot;,&quot;size&quot;:&quot;&quot;},&quot;jet_parallax_layout_speed&quot;:{&quot;unit&quot;:&quot;%&quot;,&quot;size&quot;:50,&quot;sizes&quot;:[]},&quot;jet_parallax_layout_type&quot;:&quot;scroll&quot;,&quot;jet_parallax_layout_direction&quot;:&quot;1&quot;,&quot;jet_parallax_layout_fx_direction&quot;:null,&quot;jet_parallax_layout_z_index&quot;:&quot;&quot;,&quot;jet_parallax_layout_bg_x&quot;:50,&quot;jet_parallax_layout_bg_x_tablet&quot;:&quot;&quot;,&quot;jet_parallax_layout_bg_x_mobile&quot;:&quot;&quot;,&quot;jet_parallax_layout_bg_y&quot;:50,&quot;jet_parallax_layout_bg_y_tablet&quot;:&quot;&quot;,&quot;jet_parallax_layout_bg_y_mobile&quot;:&quot;&quot;,&quot;jet_parallax_layout_bg_size&quot;:&quot;auto&quot;,&quot;jet_parallax_layout_bg_size_tablet&quot;:&quot;&quot;,&quot;jet_parallax_layout_bg_size_mobile&quot;:&quot;&quot;,&quot;jet_parallax_layout_animation_prop&quot;:&quot;transform&quot;,&quot;jet_parallax_layout_on&quot;:[&quot;desktop&quot;,&quot;tablet&quot;]}]}\">\n\t\t\t\t\t\t<div class=\"elementor-container elementor-column-gap-default\">\n\t\t\t\t\t<div class=\"elementor-column elementor-col-100 elementor-top-column elementor-element elementor-element-c73c239\" data-id=\"c73c239\" data-element_type=\"column\">\n\t\t\t<div class=\"elementor-widget-wrap elementor-element-populated\">\n\t\t\t\t\t\t<div class=\"elementor-element elementor-element-e9053d9 elementor-widget elementor-widget-shortcode\" data-id=\"e9053d9\" data-element_type=\"widget\" data-widget_type=\"shortcode.default\">\n\t\t\t\t\t\t\t<div class=\"elementor-shortcode\"><div class='printomatic pom-default ' id='id7755' alt='Imprimir' title='Imprimir' data-print_target='article'><\/div> <div class='printomatictext' id='id7755' alt='Imprimir' title='Imprimir' data-print_target='article'>Imprimir<\/div><div style='clear: both;'><\/div><\/div>\n\t\t\t\t\t\t<\/div>\n\t\t\t\t\t<\/div>\n\t\t<\/div>\n\t\t\t\t\t<\/div>\n\t\t<\/section>\n\t\t\t\t<\/div>\n\t\t","protected":false},"excerpt":{"rendered":"<p>Informamos aos usu\u00e1rios do Sistema PCA RJ que\u00a0est\u00e1 dispon\u00edvel o Painel Gerencial que consolida informa\u00e7\u00f5es das etapas do processo de elabora\u00e7\u00e3o do Documento de Formaliza\u00e7\u00e3o da Demanda (DFD) at\u00e9 a publica\u00e7\u00e3o do Plano de Contrata\u00e7\u00f5es Anual (PCA). Esse painel pode ser acessado dentro do menu &#8220;Gest\u00e3o&#8221;, clicando no subitem denominado &#8220;Relat\u00f3rios&#8221; e no bot\u00e3o \u201cPainel [&hellip;]<\/p>\n","protected":false},"author":25,"featured_media":0,"comment_status":"closed","ping_status":"open","sticky":false,"template":"","format":"standard","meta":{"_joinchat":[],"footnotes":""},"categories":[38],"tags":[],"class_list":["post-36095","post","type-post","status-publish","format-standard","hentry","category-cat-informes"],"yoast_head":"<!-- This site is optimized with the Yoast SEO plugin v25.7 - https:\/\/yoast.com\/wordpress\/plugins\/seo\/ -->\n<title>INFORME N\u00ba 006\/2025 - DIVULGA\u00c7\u00c3O DO PAINEL GERENCIAL NO SISTEMA PCA RJ - Redelog<\/title>\n<meta name=\"robots\" content=\"index, follow, max-snippet:-1, max-image-preview:large, max-video-preview:-1\" \/>\n<link rel=\"canonical\" href=\"https:\/\/redelog.rj.gov.br\/redelog\/informe-no-006-2025-divulgacao-do-painel-gerencial-no-sistema-pca-rj\/\" \/>\n<meta property=\"og:locale\" content=\"pt_BR\" \/>\n<meta property=\"og:type\" content=\"article\" \/>\n<meta property=\"og:title\" content=\"INFORME N\u00ba 006\/2025 - DIVULGA\u00c7\u00c3O DO PAINEL GERENCIAL NO SISTEMA PCA RJ - Redelog\" \/>\n<meta property=\"og:description\" content=\"Informamos aos usu\u00e1rios do Sistema PCA RJ que\u00a0est\u00e1 dispon\u00edvel o Painel Gerencial que consolida informa\u00e7\u00f5es das etapas do processo de elabora\u00e7\u00e3o do Documento de Formaliza\u00e7\u00e3o da Demanda (DFD) at\u00e9 a publica\u00e7\u00e3o do Plano de Contrata\u00e7\u00f5es Anual (PCA). Esse painel pode ser acessado dentro do menu &#8220;Gest\u00e3o&#8221;, clicando no subitem denominado &#8220;Relat\u00f3rios&#8221; e no bot\u00e3o \u201cPainel [&hellip;]\" \/>\n<meta property=\"og:url\" content=\"https:\/\/redelog.rj.gov.br\/redelog\/informe-no-006-2025-divulgacao-do-painel-gerencial-no-sistema-pca-rj\/\" \/>\n<meta property=\"og:site_name\" content=\"Redelog\" \/>\n<meta property=\"article:published_time\" content=\"2025-10-24T13:33:12+00:00\" \/>\n<meta property=\"article:modified_time\" content=\"2025-10-24T13:39:41+00:00\" \/>\n<meta property=\"og:image\" content=\"https:\/\/redelog.rj.gov.br\/redelog\/wp-content\/uploads\/2025\/10\/COMUNICADO-PCA-RJ-INFORME-DA-REDELOG.jpg\" \/>\n\t<meta property=\"og:image:width\" content=\"1600\" \/>\n\t<meta property=\"og:image:height\" content=\"800\" \/>\n\t<meta property=\"og:image:type\" content=\"image\/jpeg\" \/>\n<meta name=\"author\" content=\"Luisa Maravilhas de Carvalho\" \/>\n<meta name=\"twitter:card\" content=\"summary_large_image\" \/>\n<meta name=\"twitter:label1\" content=\"Escrito por\" \/>\n\t<meta name=\"twitter:data1\" content=\"Luisa Maravilhas de Carvalho\" \/>\n\t<meta name=\"twitter:label2\" content=\"Est. tempo de leitura\" \/>\n\t<meta name=\"twitter:data2\" content=\"2 minutos\" \/>\n<script type=\"application\/ld+json\" class=\"yoast-schema-graph\">{\"@context\":\"https:\/\/schema.org\",\"@graph\":[{\"@type\":\"Article\",\"@id\":\"https:\/\/redelog.rj.gov.br\/redelog\/informe-no-006-2025-divulgacao-do-painel-gerencial-no-sistema-pca-rj\/#article\",\"isPartOf\":{\"@id\":\"https:\/\/redelog.rj.gov.br\/redelog\/informe-no-006-2025-divulgacao-do-painel-gerencial-no-sistema-pca-rj\/\"},\"author\":{\"name\":\"Luisa Maravilhas de Carvalho\",\"@id\":\"https:\/\/redelog.rj.gov.br\/redelog\/#\/schema\/person\/dd6a5779d3028a21ef65c6e4af7c1edb\"},\"headline\":\"INFORME N\u00ba 006\/2025 &#8211; DIVULGA\u00c7\u00c3O DO PAINEL GERENCIAL NO SISTEMA PCA RJ\",\"datePublished\":\"2025-10-24T13:33:12+00:00\",\"dateModified\":\"2025-10-24T13:39:41+00:00\",\"mainEntityOfPage\":{\"@id\":\"https:\/\/redelog.rj.gov.br\/redelog\/informe-no-006-2025-divulgacao-do-painel-gerencial-no-sistema-pca-rj\/\"},\"wordCount\":239,\"publisher\":{\"@id\":\"https:\/\/redelog.rj.gov.br\/redelog\/#organization\"},\"image\":{\"@id\":\"https:\/\/redelog.rj.gov.br\/redelog\/informe-no-006-2025-divulgacao-do-painel-gerencial-no-sistema-pca-rj\/#primaryimage\"},\"thumbnailUrl\":\"http:\/\/redelog.rj.gov.br\/redelog\/wp-content\/uploads\/2025\/10\/COMUNICADO-PCA-RJ-INFORME-DA-REDELOG-1536x768.jpg\",\"articleSection\":[\"Informes\"],\"inLanguage\":\"pt-BR\"},{\"@type\":\"WebPage\",\"@id\":\"https:\/\/redelog.rj.gov.br\/redelog\/informe-no-006-2025-divulgacao-do-painel-gerencial-no-sistema-pca-rj\/\",\"url\":\"https:\/\/redelog.rj.gov.br\/redelog\/informe-no-006-2025-divulgacao-do-painel-gerencial-no-sistema-pca-rj\/\",\"name\":\"INFORME N\u00ba 006\/2025 - DIVULGA\u00c7\u00c3O DO PAINEL GERENCIAL NO SISTEMA PCA RJ - Redelog\",\"isPartOf\":{\"@id\":\"https:\/\/redelog.rj.gov.br\/redelog\/#website\"},\"primaryImageOfPage\":{\"@id\":\"https:\/\/redelog.rj.gov.br\/redelog\/informe-no-006-2025-divulgacao-do-painel-gerencial-no-sistema-pca-rj\/#primaryimage\"},\"image\":{\"@id\":\"https:\/\/redelog.rj.gov.br\/redelog\/informe-no-006-2025-divulgacao-do-painel-gerencial-no-sistema-pca-rj\/#primaryimage\"},\"thumbnailUrl\":\"http:\/\/redelog.rj.gov.br\/redelog\/wp-content\/uploads\/2025\/10\/COMUNICADO-PCA-RJ-INFORME-DA-REDELOG-1536x768.jpg\",\"datePublished\":\"2025-10-24T13:33:12+00:00\",\"dateModified\":\"2025-10-24T13:39:41+00:00\",\"breadcrumb\":{\"@id\":\"https:\/\/redelog.rj.gov.br\/redelog\/informe-no-006-2025-divulgacao-do-painel-gerencial-no-sistema-pca-rj\/#breadcrumb\"},\"inLanguage\":\"pt-BR\",\"potentialAction\":[{\"@type\":\"ReadAction\",\"target\":[\"https:\/\/redelog.rj.gov.br\/redelog\/informe-no-006-2025-divulgacao-do-painel-gerencial-no-sistema-pca-rj\/\"]}]},{\"@type\":\"ImageObject\",\"inLanguage\":\"pt-BR\",\"@id\":\"https:\/\/redelog.rj.gov.br\/redelog\/informe-no-006-2025-divulgacao-do-painel-gerencial-no-sistema-pca-rj\/#primaryimage\",\"url\":\"https:\/\/redelog.rj.gov.br\/redelog\/wp-content\/uploads\/2025\/10\/COMUNICADO-PCA-RJ-INFORME-DA-REDELOG.jpg\",\"contentUrl\":\"https:\/\/redelog.rj.gov.br\/redelog\/wp-content\/uploads\/2025\/10\/COMUNICADO-PCA-RJ-INFORME-DA-REDELOG.jpg\",\"width\":1600,\"height\":800},{\"@type\":\"BreadcrumbList\",\"@id\":\"https:\/\/redelog.rj.gov.br\/redelog\/informe-no-006-2025-divulgacao-do-painel-gerencial-no-sistema-pca-rj\/#breadcrumb\",\"itemListElement\":[{\"@type\":\"ListItem\",\"position\":1,\"name\":\"Home\",\"item\":\"https:\/\/redelog.rj.gov.br\/redelog\/\"},{\"@type\":\"ListItem\",\"position\":2,\"name\":\"INFORME N\u00ba 006\/2025 &#8211; DIVULGA\u00c7\u00c3O DO PAINEL GERENCIAL NO SISTEMA PCA RJ\"}]},{\"@type\":\"WebSite\",\"@id\":\"https:\/\/redelog.rj.gov.br\/redelog\/#website\",\"url\":\"https:\/\/redelog.rj.gov.br\/redelog\/\",\"name\":\"Redelog\",\"description\":\"Site da Rede de Log\u00edstica e Planejamento do Estado do Rio de Janeiro\",\"publisher\":{\"@id\":\"https:\/\/redelog.rj.gov.br\/redelog\/#organization\"},\"potentialAction\":[{\"@type\":\"SearchAction\",\"target\":{\"@type\":\"EntryPoint\",\"urlTemplate\":\"https:\/\/redelog.rj.gov.br\/redelog\/?s={search_term_string}\"},\"query-input\":{\"@type\":\"PropertyValueSpecification\",\"valueRequired\":true,\"valueName\":\"search_term_string\"}}],\"inLanguage\":\"pt-BR\"},{\"@type\":\"Organization\",\"@id\":\"https:\/\/redelog.rj.gov.br\/redelog\/#organization\",\"name\":\"REDELOG\",\"url\":\"https:\/\/redelog.rj.gov.br\/redelog\/\",\"logo\":{\"@type\":\"ImageObject\",\"inLanguage\":\"pt-BR\",\"@id\":\"https:\/\/redelog.rj.gov.br\/redelog\/#\/schema\/logo\/image\/\",\"url\":\"http:\/\/10.10.8.100:8888\/redelog\/wp-content\/uploads\/2019\/09\/Redelog2.png\",\"contentUrl\":\"http:\/\/10.10.8.100:8888\/redelog\/wp-content\/uploads\/2019\/09\/Redelog2.png\",\"width\":565,\"height\":155,\"caption\":\"REDELOG\"},\"image\":{\"@id\":\"https:\/\/redelog.rj.gov.br\/redelog\/#\/schema\/logo\/image\/\"}},{\"@type\":\"Person\",\"@id\":\"https:\/\/redelog.rj.gov.br\/redelog\/#\/schema\/person\/dd6a5779d3028a21ef65c6e4af7c1edb\",\"name\":\"Luisa Maravilhas de Carvalho\",\"image\":{\"@type\":\"ImageObject\",\"inLanguage\":\"pt-BR\",\"@id\":\"https:\/\/redelog.rj.gov.br\/redelog\/#\/schema\/person\/image\/\",\"url\":\"https:\/\/secure.gravatar.com\/avatar\/42eea343007bb4bb43265a1df0b9eebe3b0ff8ee578355b2f834803cdddc604a?s=96&d=mm&r=g\",\"contentUrl\":\"https:\/\/secure.gravatar.com\/avatar\/42eea343007bb4bb43265a1df0b9eebe3b0ff8ee578355b2f834803cdddc604a?s=96&d=mm&r=g\",\"caption\":\"Luisa Maravilhas de Carvalho\"},\"url\":\"https:\/\/redelog.rj.gov.br\/redelog\/author\/luisa-carvalho\/\"}]}<\/script>\n<!-- \/ Yoast SEO plugin. -->","yoast_head_json":{"title":"INFORME N\u00ba 006\/2025 - DIVULGA\u00c7\u00c3O DO PAINEL GERENCIAL NO SISTEMA PCA RJ - Redelog","robots":{"index":"index","follow":"follow","max-snippet":"max-snippet:-1","max-image-preview":"max-image-preview:large","max-video-preview":"max-video-preview:-1"},"canonical":"https:\/\/redelog.rj.gov.br\/redelog\/informe-no-006-2025-divulgacao-do-painel-gerencial-no-sistema-pca-rj\/","og_locale":"pt_BR","og_type":"article","og_title":"INFORME N\u00ba 006\/2025 - DIVULGA\u00c7\u00c3O DO PAINEL GERENCIAL NO SISTEMA PCA RJ - Redelog","og_description":"Informamos aos usu\u00e1rios do Sistema PCA RJ que\u00a0est\u00e1 dispon\u00edvel o Painel Gerencial que consolida informa\u00e7\u00f5es das etapas do processo de elabora\u00e7\u00e3o do Documento de Formaliza\u00e7\u00e3o da Demanda (DFD) at\u00e9 a publica\u00e7\u00e3o do Plano de Contrata\u00e7\u00f5es Anual (PCA). Esse painel pode ser acessado dentro do menu &#8220;Gest\u00e3o&#8221;, clicando no subitem denominado &#8220;Relat\u00f3rios&#8221; e no bot\u00e3o \u201cPainel [&hellip;]","og_url":"https:\/\/redelog.rj.gov.br\/redelog\/informe-no-006-2025-divulgacao-do-painel-gerencial-no-sistema-pca-rj\/","og_site_name":"Redelog","article_published_time":"2025-10-24T13:33:12+00:00","article_modified_time":"2025-10-24T13:39:41+00:00","og_image":[{"width":1600,"height":800,"url":"https:\/\/redelog.rj.gov.br\/redelog\/wp-content\/uploads\/2025\/10\/COMUNICADO-PCA-RJ-INFORME-DA-REDELOG.jpg","type":"image\/jpeg"}],"author":"Luisa Maravilhas de Carvalho","twitter_card":"summary_large_image","twitter_misc":{"Escrito por":"Luisa Maravilhas de Carvalho","Est. tempo de leitura":"2 minutos"},"schema":{"@context":"https:\/\/schema.org","@graph":[{"@type":"Article","@id":"https:\/\/redelog.rj.gov.br\/redelog\/informe-no-006-2025-divulgacao-do-painel-gerencial-no-sistema-pca-rj\/#article","isPartOf":{"@id":"https:\/\/redelog.rj.gov.br\/redelog\/informe-no-006-2025-divulgacao-do-painel-gerencial-no-sistema-pca-rj\/"},"author":{"name":"Luisa Maravilhas de Carvalho","@id":"https:\/\/redelog.rj.gov.br\/redelog\/#\/schema\/person\/dd6a5779d3028a21ef65c6e4af7c1edb"},"headline":"INFORME N\u00ba 006\/2025 &#8211; DIVULGA\u00c7\u00c3O DO PAINEL GERENCIAL NO SISTEMA PCA RJ","datePublished":"2025-10-24T13:33:12+00:00","dateModified":"2025-10-24T13:39:41+00:00","mainEntityOfPage":{"@id":"https:\/\/redelog.rj.gov.br\/redelog\/informe-no-006-2025-divulgacao-do-painel-gerencial-no-sistema-pca-rj\/"},"wordCount":239,"publisher":{"@id":"https:\/\/redelog.rj.gov.br\/redelog\/#organization"},"image":{"@id":"https:\/\/redelog.rj.gov.br\/redelog\/informe-no-006-2025-divulgacao-do-painel-gerencial-no-sistema-pca-rj\/#primaryimage"},"thumbnailUrl":"http:\/\/redelog.rj.gov.br\/redelog\/wp-content\/uploads\/2025\/10\/COMUNICADO-PCA-RJ-INFORME-DA-REDELOG-1536x768.jpg","articleSection":["Informes"],"inLanguage":"pt-BR"},{"@type":"WebPage","@id":"https:\/\/redelog.rj.gov.br\/redelog\/informe-no-006-2025-divulgacao-do-painel-gerencial-no-sistema-pca-rj\/","url":"https:\/\/redelog.rj.gov.br\/redelog\/informe-no-006-2025-divulgacao-do-painel-gerencial-no-sistema-pca-rj\/","name":"INFORME N\u00ba 006\/2025 - DIVULGA\u00c7\u00c3O DO PAINEL GERENCIAL NO SISTEMA PCA RJ - Redelog","isPartOf":{"@id":"https:\/\/redelog.rj.gov.br\/redelog\/#website"},"primaryImageOfPage":{"@id":"https:\/\/redelog.rj.gov.br\/redelog\/informe-no-006-2025-divulgacao-do-painel-gerencial-no-sistema-pca-rj\/#primaryimage"},"image":{"@id":"https:\/\/redelog.rj.gov.br\/redelog\/informe-no-006-2025-divulgacao-do-painel-gerencial-no-sistema-pca-rj\/#primaryimage"},"thumbnailUrl":"http:\/\/redelog.rj.gov.br\/redelog\/wp-content\/uploads\/2025\/10\/COMUNICADO-PCA-RJ-INFORME-DA-REDELOG-1536x768.jpg","datePublished":"2025-10-24T13:33:12+00:00","dateModified":"2025-10-24T13:39:41+00:00","breadcrumb":{"@id":"https:\/\/redelog.rj.gov.br\/redelog\/informe-no-006-2025-divulgacao-do-painel-gerencial-no-sistema-pca-rj\/#breadcrumb"},"inLanguage":"pt-BR","potentialAction":[{"@type":"ReadAction","target":["https:\/\/redelog.rj.gov.br\/redelog\/informe-no-006-2025-divulgacao-do-painel-gerencial-no-sistema-pca-rj\/"]}]},{"@type":"ImageObject","inLanguage":"pt-BR","@id":"https:\/\/redelog.rj.gov.br\/redelog\/informe-no-006-2025-divulgacao-do-painel-gerencial-no-sistema-pca-rj\/#primaryimage","url":"https:\/\/redelog.rj.gov.br\/redelog\/wp-content\/uploads\/2025\/10\/COMUNICADO-PCA-RJ-INFORME-DA-REDELOG.jpg","contentUrl":"https:\/\/redelog.rj.gov.br\/redelog\/wp-content\/uploads\/2025\/10\/COMUNICADO-PCA-RJ-INFORME-DA-REDELOG.jpg","width":1600,"height":800},{"@type":"BreadcrumbList","@id":"https:\/\/redelog.rj.gov.br\/redelog\/informe-no-006-2025-divulgacao-do-painel-gerencial-no-sistema-pca-rj\/#breadcrumb","itemListElement":[{"@type":"ListItem","position":1,"name":"Home","item":"https:\/\/redelog.rj.gov.br\/redelog\/"},{"@type":"ListItem","position":2,"name":"INFORME N\u00ba 006\/2025 &#8211; DIVULGA\u00c7\u00c3O DO PAINEL GERENCIAL NO SISTEMA PCA RJ"}]},{"@type":"WebSite","@id":"https:\/\/redelog.rj.gov.br\/redelog\/#website","url":"https:\/\/redelog.rj.gov.br\/redelog\/","name":"Redelog","description":"Site da Rede de Log\u00edstica e Planejamento do Estado do Rio de Janeiro","publisher":{"@id":"https:\/\/redelog.rj.gov.br\/redelog\/#organization"},"potentialAction":[{"@type":"SearchAction","target":{"@type":"EntryPoint","urlTemplate":"https:\/\/redelog.rj.gov.br\/redelog\/?s={search_term_string}"},"query-input":{"@type":"PropertyValueSpecification","valueRequired":true,"valueName":"search_term_string"}}],"inLanguage":"pt-BR"},{"@type":"Organization","@id":"https:\/\/redelog.rj.gov.br\/redelog\/#organization","name":"REDELOG","url":"https:\/\/redelog.rj.gov.br\/redelog\/","logo":{"@type":"ImageObject","inLanguage":"pt-BR","@id":"https:\/\/redelog.rj.gov.br\/redelog\/#\/schema\/logo\/image\/","url":"http:\/\/10.10.8.100:8888\/redelog\/wp-content\/uploads\/2019\/09\/Redelog2.png","contentUrl":"http:\/\/10.10.8.100:8888\/redelog\/wp-content\/uploads\/2019\/09\/Redelog2.png","width":565,"height":155,"caption":"REDELOG"},"image":{"@id":"https:\/\/redelog.rj.gov.br\/redelog\/#\/schema\/logo\/image\/"}},{"@type":"Person","@id":"https:\/\/redelog.rj.gov.br\/redelog\/#\/schema\/person\/dd6a5779d3028a21ef65c6e4af7c1edb","name":"Luisa Maravilhas de Carvalho","image":{"@type":"ImageObject","inLanguage":"pt-BR","@id":"https:\/\/redelog.rj.gov.br\/redelog\/#\/schema\/person\/image\/","url":"https:\/\/secure.gravatar.com\/avatar\/42eea343007bb4bb43265a1df0b9eebe3b0ff8ee578355b2f834803cdddc604a?s=96&d=mm&r=g","contentUrl":"https:\/\/secure.gravatar.com\/avatar\/42eea343007bb4bb43265a1df0b9eebe3b0ff8ee578355b2f834803cdddc604a?s=96&d=mm&r=g","caption":"Luisa Maravilhas de Carvalho"},"url":"https:\/\/redelog.rj.gov.br\/redelog\/author\/luisa-carvalho\/"}]}},"_links":{"self":[{"href":"https:\/\/redelog.rj.gov.br\/redelog\/wp-json\/wp\/v2\/posts\/36095","targetHints":{"allow":["GET"]}}],"collection":[{"href":"https:\/\/redelog.rj.gov.br\/redelog\/wp-json\/wp\/v2\/posts"}],"about":[{"href":"https:\/\/redelog.rj.gov.br\/redelog\/wp-json\/wp\/v2\/types\/post"}],"author":[{"embeddable":true,"href":"https:\/\/redelog.rj.gov.br\/redelog\/wp-json\/wp\/v2\/users\/25"}],"replies":[{"embeddable":true,"href":"https:\/\/redelog.rj.gov.br\/redelog\/wp-json\/wp\/v2\/comments?post=36095"}],"version-history":[{"count":5,"href":"https:\/\/redelog.rj.gov.br\/redelog\/wp-json\/wp\/v2\/posts\/36095\/revisions"}],"predecessor-version":[{"id":36106,"href":"https:\/\/redelog.rj.gov.br\/redelog\/wp-json\/wp\/v2\/posts\/36095\/revisions\/36106"}],"wp:attachment":[{"href":"https:\/\/redelog.rj.gov.br\/redelog\/wp-json\/wp\/v2\/media?parent=36095"}],"wp:term":[{"taxonomy":"category","embeddable":true,"href":"https:\/\/redelog.rj.gov.br\/redelog\/wp-json\/wp\/v2\/categories?post=36095"},{"taxonomy":"post_tag","embeddable":true,"href":"https:\/\/redelog.rj.gov.br\/redelog\/wp-json\/wp\/v2\/tags?post=36095"}],"curies":[{"name":"wp","href":"https:\/\/api.w.org\/{rel}","templated":true}]}}