{"id":32764,"date":"2025-04-04T10:31:50","date_gmt":"2025-04-04T13:31:50","guid":{"rendered":"https:\/\/redelog.rj.gov.br\/redelog\/?p=32764"},"modified":"2025-04-04T10:38:04","modified_gmt":"2025-04-04T13:38:04","slug":"resolucao-seplag-no-359-de-19-de-marco-de-2025","status":"publish","type":"post","link":"https:\/\/redelog.rj.gov.br\/redelog\/resolucao-seplag-no-359-de-19-de-marco-de-2025\/","title":{"rendered":"RESOLU\u00c7\u00c3O SEPLAG N\u00ba 359, DE 19 DE MAR\u00c7O DE 2025"},"content":{"rendered":"\t\t<div data-elementor-type=\"wp-post\" data-elementor-id=\"32764\" class=\"elementor elementor-32764\" data-elementor-post-type=\"post\">\n\t\t\t\t\t\t<section class=\"elementor-section elementor-top-section elementor-element elementor-element-b098cbd elementor-section-boxed elementor-section-height-default elementor-section-height-default\" data-id=\"b098cbd\" data-element_type=\"section\" data-settings=\"{&quot;jet_parallax_layout_list&quot;:[{&quot;jet_parallax_layout_image&quot;:{&quot;url&quot;:&quot;&quot;,&quot;id&quot;:&quot;&quot;,&quot;size&quot;:&quot;&quot;},&quot;_id&quot;:&quot;d37dee4&quot;,&quot;jet_parallax_layout_image_tablet&quot;:{&quot;url&quot;:&quot;&quot;,&quot;id&quot;:&quot;&quot;,&quot;size&quot;:&quot;&quot;},&quot;jet_parallax_layout_image_mobile&quot;:{&quot;url&quot;:&quot;&quot;,&quot;id&quot;:&quot;&quot;,&quot;size&quot;:&quot;&quot;},&quot;jet_parallax_layout_speed&quot;:{&quot;unit&quot;:&quot;%&quot;,&quot;size&quot;:50,&quot;sizes&quot;:[]},&quot;jet_parallax_layout_type&quot;:&quot;scroll&quot;,&quot;jet_parallax_layout_direction&quot;:&quot;1&quot;,&quot;jet_parallax_layout_fx_direction&quot;:null,&quot;jet_parallax_layout_z_index&quot;:&quot;&quot;,&quot;jet_parallax_layout_bg_x&quot;:50,&quot;jet_parallax_layout_bg_x_tablet&quot;:&quot;&quot;,&quot;jet_parallax_layout_bg_x_mobile&quot;:&quot;&quot;,&quot;jet_parallax_layout_bg_y&quot;:50,&quot;jet_parallax_layout_bg_y_tablet&quot;:&quot;&quot;,&quot;jet_parallax_layout_bg_y_mobile&quot;:&quot;&quot;,&quot;jet_parallax_layout_bg_size&quot;:&quot;auto&quot;,&quot;jet_parallax_layout_bg_size_tablet&quot;:&quot;&quot;,&quot;jet_parallax_layout_bg_size_mobile&quot;:&quot;&quot;,&quot;jet_parallax_layout_animation_prop&quot;:&quot;transform&quot;,&quot;jet_parallax_layout_on&quot;:[&quot;desktop&quot;,&quot;tablet&quot;]}]}\">\n\t\t\t\t\t\t<div class=\"elementor-container elementor-column-gap-default\">\n\t\t\t\t\t<div class=\"elementor-column elementor-col-100 elementor-top-column elementor-element elementor-element-716d202\" data-id=\"716d202\" data-element_type=\"column\">\n\t\t\t<div class=\"elementor-widget-wrap elementor-element-populated\">\n\t\t\t\t\t\t<section class=\"elementor-section elementor-inner-section elementor-element elementor-element-d082904 elementor-section-boxed elementor-section-height-default elementor-section-height-default\" data-id=\"d082904\" data-element_type=\"section\" data-settings=\"{&quot;jet_parallax_layout_list&quot;:[{&quot;jet_parallax_layout_image&quot;:{&quot;url&quot;:&quot;&quot;,&quot;id&quot;:&quot;&quot;,&quot;size&quot;:&quot;&quot;},&quot;_id&quot;:&quot;e671e7c&quot;,&quot;jet_parallax_layout_image_tablet&quot;:{&quot;url&quot;:&quot;&quot;,&quot;id&quot;:&quot;&quot;,&quot;size&quot;:&quot;&quot;},&quot;jet_parallax_layout_image_mobile&quot;:{&quot;url&quot;:&quot;&quot;,&quot;id&quot;:&quot;&quot;,&quot;size&quot;:&quot;&quot;},&quot;jet_parallax_layout_speed&quot;:{&quot;unit&quot;:&quot;%&quot;,&quot;size&quot;:50,&quot;sizes&quot;:[]},&quot;jet_parallax_layout_type&quot;:&quot;scroll&quot;,&quot;jet_parallax_layout_direction&quot;:&quot;1&quot;,&quot;jet_parallax_layout_fx_direction&quot;:null,&quot;jet_parallax_layout_z_index&quot;:&quot;&quot;,&quot;jet_parallax_layout_bg_x&quot;:50,&quot;jet_parallax_layout_bg_x_tablet&quot;:&quot;&quot;,&quot;jet_parallax_layout_bg_x_mobile&quot;:&quot;&quot;,&quot;jet_parallax_layout_bg_y&quot;:50,&quot;jet_parallax_layout_bg_y_tablet&quot;:&quot;&quot;,&quot;jet_parallax_layout_bg_y_mobile&quot;:&quot;&quot;,&quot;jet_parallax_layout_bg_size&quot;:&quot;auto&quot;,&quot;jet_parallax_layout_bg_size_tablet&quot;:&quot;&quot;,&quot;jet_parallax_layout_bg_size_mobile&quot;:&quot;&quot;,&quot;jet_parallax_layout_animation_prop&quot;:&quot;transform&quot;,&quot;jet_parallax_layout_on&quot;:[&quot;desktop&quot;,&quot;tablet&quot;]}]}\">\n\t\t\t\t\t\t<div class=\"elementor-container elementor-column-gap-default\">\n\t\t\t\t\t<div class=\"elementor-column elementor-col-50 elementor-inner-column elementor-element elementor-element-35c4860\" data-id=\"35c4860\" data-element_type=\"column\">\n\t\t\t<div class=\"elementor-widget-wrap\">\n\t\t\t\t\t\t\t<\/div>\n\t\t<\/div>\n\t\t\t\t<div class=\"elementor-column elementor-col-50 elementor-inner-column elementor-element elementor-element-82cf78a\" data-id=\"82cf78a\" data-element_type=\"column\">\n\t\t\t<div class=\"elementor-widget-wrap elementor-element-populated\">\n\t\t\t\t\t\t<div class=\"elementor-element elementor-element-8a2a465 elementor-widget elementor-widget-text-editor\" data-id=\"8a2a465\" data-element_type=\"widget\" data-widget_type=\"text-editor.default\">\n\t\t\t\t\t\t\t\t\t<p style=\"text-align: justify;\"><strong>REGULAMENTA O ALMOXARIFADO VIRTUAL, SISTEMA DE AQUISI\u00c7\u00c3O DE MATERIAIS DE CONSUMO PELOS \u00d3RG\u00c3OS E ENTIDADES DA ADMINISTRA\u00c7\u00c3O P\u00daBLICA DIRETA, AUT\u00c1RQUICA E FUNDACIONAL, NO \u00c2MBITO DO PODER EXECUTIVO DO ESTADO DO RIO DE JANEIRO, E D\u00c1 OUTRAS PROVID\u00caNCIAS.<\/strong><\/p>\t\t\t\t\t\t\t\t<\/div>\n\t\t\t\t\t<\/div>\n\t\t<\/div>\n\t\t\t\t\t<\/div>\n\t\t<\/section>\n\t\t\t\t\t<\/div>\n\t\t<\/div>\n\t\t\t\t\t<\/div>\n\t\t<\/section>\n\t\t\t\t<section class=\"elementor-section elementor-top-section elementor-element elementor-element-4699c37 elementor-section-boxed elementor-section-height-default elementor-section-height-default\" data-id=\"4699c37\" data-element_type=\"section\" data-settings=\"{&quot;jet_parallax_layout_list&quot;:[{&quot;jet_parallax_layout_image&quot;:{&quot;url&quot;:&quot;&quot;,&quot;id&quot;:&quot;&quot;,&quot;size&quot;:&quot;&quot;},&quot;_id&quot;:&quot;ee3c424&quot;,&quot;jet_parallax_layout_image_tablet&quot;:{&quot;url&quot;:&quot;&quot;,&quot;id&quot;:&quot;&quot;,&quot;size&quot;:&quot;&quot;},&quot;jet_parallax_layout_image_mobile&quot;:{&quot;url&quot;:&quot;&quot;,&quot;id&quot;:&quot;&quot;,&quot;size&quot;:&quot;&quot;},&quot;jet_parallax_layout_speed&quot;:{&quot;unit&quot;:&quot;%&quot;,&quot;size&quot;:50,&quot;sizes&quot;:[]},&quot;jet_parallax_layout_type&quot;:&quot;scroll&quot;,&quot;jet_parallax_layout_direction&quot;:&quot;1&quot;,&quot;jet_parallax_layout_fx_direction&quot;:null,&quot;jet_parallax_layout_z_index&quot;:&quot;&quot;,&quot;jet_parallax_layout_bg_x&quot;:50,&quot;jet_parallax_layout_bg_x_tablet&quot;:&quot;&quot;,&quot;jet_parallax_layout_bg_x_mobile&quot;:&quot;&quot;,&quot;jet_parallax_layout_bg_y&quot;:50,&quot;jet_parallax_layout_bg_y_tablet&quot;:&quot;&quot;,&quot;jet_parallax_layout_bg_y_mobile&quot;:&quot;&quot;,&quot;jet_parallax_layout_bg_size&quot;:&quot;auto&quot;,&quot;jet_parallax_layout_bg_size_tablet&quot;:&quot;&quot;,&quot;jet_parallax_layout_bg_size_mobile&quot;:&quot;&quot;,&quot;jet_parallax_layout_animation_prop&quot;:&quot;transform&quot;,&quot;jet_parallax_layout_on&quot;:[&quot;desktop&quot;,&quot;tablet&quot;]}]}\">\n\t\t\t\t\t\t<div class=\"elementor-container elementor-column-gap-default\">\n\t\t\t\t\t<div class=\"elementor-column elementor-col-100 elementor-top-column elementor-element elementor-element-0b51714\" data-id=\"0b51714\" data-element_type=\"column\">\n\t\t\t<div class=\"elementor-widget-wrap elementor-element-populated\">\n\t\t\t\t\t\t<div class=\"elementor-element elementor-element-6154470 elementor-widget elementor-widget-text-editor\" data-id=\"6154470\" data-element_type=\"widget\" data-widget_type=\"text-editor.default\">\n\t\t\t\t\t\t\t\t\t<p class=\"Texto_Justificado\">O\u00a0<strong>SECRET\u00c1RIO DE ESTADO DE PLANEJAMENTO E GEST\u00c3O<\/strong>, no uso de suas atribui\u00e7\u00f5es constitucionais e legais, com fundamento no inciso IV do art. 10 e art. 11 do Decreto n.\u00ba 47.525, de 17 de mar\u00e7o de 2021, que institui e regulamenta a Pol\u00edtica Estadual de Gest\u00e3o Estrat\u00e9gica de Suprimentos e a Pol\u00edtica Estadual de Compras Centralizadas no \u00e2mbito do Poder Executivo do Estado do Rio de Janeiro e tendo em vista o que consta no processo SEI-120001\/000028\/2025,<\/p><p class=\"Texto_Justificado\"><strong>CONSIDERANDO:<\/strong><\/p><p class=\"Texto_Justificado\">&#8211; o Decreto Estadual n.\u00ba 48.342, de 30 de janeiro de 2023, que institui o Almoxarifado Virtual, como modelo de compras para contrata\u00e7\u00e3o de servi\u00e7o continuado, com disponibiliza\u00e7\u00e3o de sistema informatizado, visando ao suprimento, sob demanda, de materiais de consumo, com entregas em todo territ\u00f3rio do Estado do Rio de Janeiro;<\/p><p class=\"Texto_Justificado\">&#8211; que o art. 6\u00ba do Decreto Estadual n.\u00ba 47.525, de 17 de mar\u00e7o de 2021, determina que os \u00f3rg\u00e3os e entidades dever\u00e3o seguir as recomenda\u00e7\u00f5es do modelo de compras j\u00e1 institu\u00eddo para a categoria estrat\u00e9gica do objeto a ser contratado;<\/p><p class=\"Texto_Justificado\">&#8211; que o art. 11 do Decreto Estadual n.\u00ba 47.525, de 2021, determina que a padroniza\u00e7\u00e3o dos modelos de compras ser\u00e1 feita por Resolu\u00e7\u00e3o espec\u00edfica para cada categoria estrat\u00e9gica da Pol\u00edtica Estadual da Gest\u00e3o Estrat\u00e9gica de Suprimentos &#8211; GES; e<\/p><p class=\"Texto_Justificado\">&#8211; que o art. 7\u00ba do Decreto Estadual n.\u00ba 47.525, de 2021, determina que a inten\u00e7\u00e3o, por parte dos \u00f3rg\u00e3os e entidades, de realizar processo de contrata\u00e7\u00e3o em desacordo com os modelos de compras estabelecidos dever\u00e1 ser motivada e comunicada ao \u00d3rg\u00e3o Central do Sistema Log\u00edstico.<\/p><p class=\"Texto_Justificado\"><strong>RESOLVE<\/strong>:<\/p><p class=\"Texto_Centralizado\" style=\"text-align: center;\"><strong>CAP\u00cdTULO I<\/strong><\/p><p class=\"Texto_Centralizado\" style=\"text-align: center;\"><strong>DISPOSI\u00c7\u00d5ES PRELIMINARES<\/strong><\/p><p class=\"Texto_Justificado\"><strong>Art. 1\u00ba\u00a0<\/strong>Esta resolu\u00e7\u00e3o regulamenta o uso do Almoxarifado Virtual, modelo de compras que instituiu a uniformiza\u00e7\u00e3o das melhores pr\u00e1ticas aplicadas \u00e0 contrata\u00e7\u00e3o e de gest\u00e3o dos suprimentos, na forma de sistema informatizado, para suprir, sob demanda, o fornecimento de materiais de consumo, com entregas em todo o territ\u00f3rio do Estado do Rio de Janeiro.<\/p><p class=\"Texto_Justificado\">\u00a7 1\u00ba O modelo de compras de que trata o caput deste artigo n\u00e3o se aplica ao fornecimento de materiais permanentes ou materiais de consumo personalizados, nos termos definidos nesta Resolu\u00e7\u00e3o.<\/p><p class=\"Texto_Justificado\">\u00a7 2\u00ba O modelo de compras de que trata o caput deste artigo engloba o fornecimento de materiais de consumo, para os m\u00f3dulos: administrativo, de copa, de limpeza e insumos de atendimento \u00e0s urg\u00eancias p\u00fablicas.<\/p><p class=\"Texto_Justificado\">\u00a7 3\u00ba As condi\u00e7\u00f5es especiais para o fornecimento de insumos de urg\u00eancia p\u00fablica ser\u00e3o definidas pelo modelo de compras.<\/p><p class=\"Texto_Justificado\"><strong>Art. 2\u00ba\u00a0<\/strong>Compete ao \u00d3rg\u00e3o Central do Sistema Log\u00edstico publicar lista da cesta de itens do Almoxarifado Virtual no Portal de Compras do Poder Executivo do Estado do Rio de Janeiro e no Portal da Rede Log\u00edstica &#8211; REDELOG, com os pre\u00e7os registrados e suas atualiza\u00e7\u00f5es, para fins de divulga\u00e7\u00e3o aos \u00f3rg\u00e3os e entidades do Poder Executivo do Estado do Rio de Janeiro.<\/p><p class=\"Texto_Centralizado\" style=\"text-align: center;\"><strong>CAP\u00cdTULO II<\/strong><\/p><p class=\"Texto_Centralizado\" style=\"text-align: center;\"><strong>DO FORNECIMENTO DO MATERIAL<\/strong><\/p><p class=\"Texto_Justificado\"><strong>Art. 3\u00ba\u00a0<\/strong>S\u00e3o etapas para o fornecimento de materiais:<\/p><p class=\"Texto_Justificado\">I &#8211; pedido de fornecimento pelo solicitante;<\/p><p class=\"Texto_Justificado\">II &#8211; anu\u00eancia do aprovador;<\/p><p class=\"Texto_Justificado\">III &#8211; recebimento do material e confer\u00eancia;<\/p><p class=\"Texto_Justificado\">IV &#8211; contesta\u00e7\u00e3o, quando for o caso; e<\/p><p class=\"Texto_Justificado\">V &#8211; ateste pelo solicitante.<\/p><p class=\"Texto_Justificado\">Par\u00e1grafo \u00danico. Todas as etapas do fornecimento se realizar\u00e3o via sistema web.<\/p><p class=\"Texto_Centralizado\" style=\"text-align: center;\"><strong>CAP\u00cdTULO III<\/strong><\/p><p class=\"Texto_Centralizado\" style=\"text-align: center;\"><strong>DOS PROCEDIMENTOS<\/strong><\/p><p class=\"Texto_Justificado\"><strong>Art. 4\u00ba\u00a0<\/strong>Ap\u00f3s assinatura do contrato, caber\u00e1 ao gestor do contrato encaminhar ao fornecedor a rela\u00e7\u00e3o de todas as unidades administrativas e usu\u00e1rios a serem credenciados, indicando os respectivos perfis de acesso.<\/p><p class=\"Texto_Justificado\">Par\u00e1grafo \u00fanico. Na indica\u00e7\u00e3o dos usu\u00e1rios a que se refere o caput deste artigo dever\u00e1 ser indicado o servidor que ter\u00e1 o perfil de administrador, que al\u00e9m das funcionalidades dos solicitantes e aprovadores, o sistema web permitir\u00e1 o gerenciamento de:<\/p><p class=\"Texto_Justificado\">I &#8211; quaisquer perfis de usu\u00e1rio, permitindo o cadastramento e altera\u00e7\u00e3o de dados;<\/p><p class=\"Texto_Justificado\">II &#8211; unidades administrativas;<\/p><p class=\"Texto_Justificado\">III &#8211; \u00f3rg\u00e3o;<\/p><p class=\"Texto_Justificado\">IV &#8211; locais de entrega; e<\/p><p class=\"Texto_Justificado\">V &#8211; limite financeiro de aquisi\u00e7\u00e3o para cada \u00f3rg\u00e3o\/entidade e unidade administrativa.<\/p><p class=\"Texto_Centralizado\" style=\"text-align: center;\"><strong>Se\u00e7\u00e3o I<\/strong><\/p><p class=\"Texto_Centralizado\" style=\"text-align: center;\"><strong>Da solicita\u00e7\u00e3o, da aprova\u00e7\u00e3o e do recebimento<\/strong><\/p><p class=\"Texto_Justificado\"><strong>Art. 5\u00ba<\/strong>\u00a0As solicita\u00e7\u00f5es para o fornecimento de materiais de consumo ser\u00e3o realizadas via sistema web pelo solicitante do \u00f3rg\u00e3o usu\u00e1rio.<\/p><p class=\"Texto_Justificado\">\u00a7 1\u00ba O sistema abrir\u00e1 duas janelas de solicita\u00e7\u00e3o, sendo a primeira entre o 1\u00ba (primeiro) e o 15\u00ba (d\u00e9cimo quinto) dias do m\u00eas, e a segunda do 16\u00ba (d\u00e9cimo sexto) at\u00e9 o \u00faltimo dia do m\u00eas.<\/p><p class=\"Texto_Justificado\">\u00a7 2\u00ba No pedido de fornecimento, o solicitante registrar\u00e1, em campo pr\u00f3prio no sistema via web, os materiais, as suas respectivas quantidades e o(s) endere\u00e7o(s) de entrega.<\/p><p class=\"Texto_Justificado\">Art. 6\u00ba Conclu\u00edda a solicita\u00e7\u00e3o do pedido de fornecimento pelo solicitante, na forma do \u00a7 2\u00ba do art. 5\u00ba desta Resolu\u00e7\u00e3o, o aprovador poder\u00e1 deferir, adicionar, excluir, alterar a quantidade dos produtos ou indeferir o pedido do solicitante.<\/p><p class=\"Texto_Justificado\">Par\u00e1grafo \u00danico. Antes da aprova\u00e7\u00e3o, conforme procedimento interno, dever\u00e1 ser verificada a exist\u00eancia de estoque dos pedidos solicitados.<\/p><p class=\"Texto_Justificado\"><strong>Art. 7\u00ba\u00a0<\/strong>O pedido de fornecimento finalizado pelo aprovador ser\u00e1 entregue:<\/p><p class=\"Texto_Justificado\">I &#8211; caso aprovado na 1\u00aa (primeira) janela: at\u00e9 o \u00faltimo dia do m\u00eas; e<\/p><p class=\"Texto_Justificado\">II &#8211; caso aprovado na 2\u00aa (segunda) janela: at\u00e9 o dia 15 (quinze) do m\u00eas subsequente.<\/p><p class=\"Texto_Justificado\"><strong>Art. 8\u00ba<\/strong>\u00a0Recebido o material, o solicitante dever\u00e1 conferir a conformidade entre o solicitado e o entregue pelo fornecedor, examinando o estado, as quantidades, a especifica\u00e7\u00e3o t\u00e9cnica, a qualidade, o pre\u00e7o unit\u00e1rio e os documentos fiscais.<\/p><p class=\"Texto_Justificado\">Par\u00e1grafo \u00danico. Em caso de diverg\u00eancias entre o material solicitado e o material recebido, o solicitante rejeitar\u00e1, total ou parcialmente, em at\u00e9 3 (tr\u00eas) dias \u00fateis, o recebimento via sistema web, para que seja promovida a entrega corretiva pelo contratado, em at\u00e9 10 (dez) dias.<\/p><p class=\"Texto_Centralizado\" style=\"text-align: center;\"><strong>Se\u00e7\u00e3o II<\/strong><\/p><p class=\"Texto_Centralizado\" style=\"text-align: center;\"><strong>Da natureza da despesa<\/strong><\/p><p class=\"Texto_Justificado\"><strong>Art. 9\u00ba\u00a0<\/strong>A despesa com aquisi\u00e7\u00e3o de materiais de consumo, por meio do servi\u00e7o de Almoxarifado Virtual &#8211; dever\u00e1 ser classificada na Natureza de Despesa de Servi\u00e7o, utilizando o subelemento de despesa, c\u00f3digo n\u00ba 33903901, referente a \u201cServi\u00e7os de Opera\u00e7\u00e3o de Almoxarifado Virtual\u201d, cuja descri\u00e7\u00e3o \u00e9 \u201cServi\u00e7os de Opera\u00e7\u00e3o de Almoxarifado Virtual sob demanda, incluindo sistema web e fornecimento de material de consumo e entrega porta-a-porta\u201d.<\/p><p class=\"Texto_Centralizado\" style=\"text-align: center;\"><strong>Se\u00e7\u00e3o III<\/strong><\/p><p class=\"Texto_Centralizado\" style=\"text-align: center;\"><strong>Da solicita\u00e7\u00e3o de inclus\u00e3o de itens<\/strong><\/p><p class=\"Texto_Justificado\"><strong>Art. 10.\u00a0<\/strong>O \u00f3rg\u00e3o usu\u00e1rio que desejar incluir algum item na rela\u00e7\u00e3o dos materiais de consumo oferecidos por meio do Almoxarifado Virtual dever\u00e1 solicitar a inclus\u00e3o ao \u00d3rg\u00e3o Central do Sistema Log\u00edstico via Sistema Eletr\u00f4nico de Informa\u00e7\u00f5es &#8211; SEI-RJ.<\/p><p class=\"Texto_Justificado\">\u00a7 1\u00ba O tipo de processo administrativo a ser aberto no SEI-RJ \u00e9 \u201cLog\u00edstica: Almoxarifado Virtual\u201d.<\/p><p class=\"Texto_Justificado\">\u00a7 2\u00ba O tipo de documento que dever\u00e1 iniciar o processo \u00e9 Formul\u00e1rio de solicita\u00e7\u00e3o de inclus\u00e3o de item de material de consumo, denominado no SEI-RJ \u201cFormul\u00e1rio de inclus\u00e3o de item de material de cons\u201d.<\/p><p class=\"Texto_Justificado\">\u00a7 3\u00ba Todas as solicita\u00e7\u00f5es dever\u00e3o conter o C\u00f3digo ID e a especifica\u00e7\u00e3o do item que consta no cat\u00e1logo de materiais e servi\u00e7os do Sistema Integrado de Gest\u00e3o de Aquisi\u00e7\u00e3o &#8211; SIGA, com a respectiva unidade de fornecimento, os documentos comprobat\u00f3rios da necessidade de inclus\u00e3o e sua devida justificativa.<\/p><p class=\"Texto_Justificado\"><strong>Art. 11.<\/strong>\u00a0A an\u00e1lise da pertin\u00eancia da inclus\u00e3o do item constante na solicita\u00e7\u00e3o ser\u00e1 feita pelo \u00d3rg\u00e3o Central do Sistema Log\u00edstico, que estimar\u00e1 o pre\u00e7o no mercado e verificar\u00e1 a possibilidade de inclus\u00e3o junto ao contratado.<\/p><p class=\"Texto_Justificado\">\u00a7 1\u00ba A aprova\u00e7\u00e3o ou o indeferimento da solicita\u00e7\u00e3o ser\u00e1 respondida por despacho no mesmo processo SEI-RJ, no qual tiver sido feita a solicita\u00e7\u00e3o de inclus\u00e3o do item pelo \u00f3rg\u00e3o ou entidade.<\/p><p class=\"Texto_Justificado\">\u00a7 2\u00ba Aprovada a solicita\u00e7\u00e3o, os novos itens e seus pre\u00e7os ser\u00e3o publicados no Portal de Compras do Poder Executivo do Estado do Rio de Janeiro e no Portal da REDELOG e disponibilizados no sistema web.<\/p><p class=\"Texto_Centralizado\" style=\"text-align: center;\"><strong>Se\u00e7\u00e3o IV<\/strong><\/p><p class=\"Texto_Centralizado\" style=\"text-align: center;\"><strong>Da metodologia de precifica\u00e7\u00e3o<\/strong><\/p><p class=\"Texto_Justificado\"><strong>Art. 12.\u00a0<\/strong>A metodologia de precifica\u00e7\u00e3o dos itens de inclus\u00e3o e de substitui\u00e7\u00e3o da prateleira do Almoxarifado Virtual dever\u00e1 refletir o valor praticado no SIGA, de forma a garantir \u00e0 manuten\u00e7\u00e3o das condi\u00e7\u00f5es de defini\u00e7\u00f5es dos pre\u00e7os dos itens da cesta inicial do Almoxarifado Virtual.<\/p><p class=\"Texto_Justificado\"><strong>Art. 13.<\/strong>\u00a0A precifica\u00e7\u00e3o a ser realizada fora da base de pre\u00e7os dever\u00e1 refletir os pre\u00e7os praticados no SIGA, em que o pre\u00e7o final dever\u00e1 sofrer a convers\u00e3o para a base SIGA, denominada de fator de convers\u00e3o.<\/p><p class=\"Texto_Justificado\">Par\u00e1grafo \u00fanico. A taxa praticada no Almoxarifado Virtual ser\u00e1 aplicada ao valor final do item, ap\u00f3s aplica\u00e7\u00e3o do fator de convers\u00e3o, para equipara\u00e7\u00e3o das condi\u00e7\u00f5es licitadas.<\/p><p class=\"Texto_Justificado\"><strong>Art. 14.\u00a0<\/strong>O fator de convers\u00e3o \u00e9 metodologia que consiste no indicador utilizado sobre o pre\u00e7o de mercado de um insumo para equipar\u00e1-lo a base de pre\u00e7os do SIGA, que ser\u00e1 realizado por meio da f\u00f3rmula: FC = (1 \/ (1+TxOr)).<\/p><p class=\"Texto_Justificado\">Par\u00e1grafo \u00danico. Para entendimento da f\u00f3rmula definida no caput deste artigo, compreende-se:<\/p><p class=\"Texto_Justificado\">I &#8211; FC: Fator de Convers\u00e3o; e<\/p><p class=\"Texto_Justificado\">II &#8211; TxOr: Taxa Or\u00e7ada.<\/p><p class=\"Texto_Justificado\"><strong>Art. 15.\u00a0<\/strong>A equipara\u00e7\u00e3o dos valores definidos \u00e0s condi\u00e7\u00f5es licitadas se dar\u00e1 ap\u00f3s a aplica\u00e7\u00e3o do fator de convers\u00e3o pela seguinte f\u00f3rmula: PE = VM * (FC) *(1+ TxLic).<\/p><p class=\"Texto_Justificado\">Par\u00e1grafo \u00danico. Para entendimento da f\u00f3rmula definida no caput, compreende-se:<\/p><p class=\"Texto_Justificado\">I &#8211; PE: Pre\u00e7o Equivalente;<\/p><p class=\"Texto_Justificado\">II &#8211; VM: Valor de Mercado;<\/p><p class=\"Texto_Justificado\">III &#8211; FC: Fator de Convers\u00e3o; e<\/p><p class=\"Texto_Justificado\">IV &#8211; TxLic: Taxa Licitada.<\/p><p class=\"Texto_Centralizado\" style=\"text-align: center;\"><strong>CAP\u00cdTULO IV<\/strong><br \/><strong>DA ATUALIZA\u00c7\u00c3O DOS VALORES REFERENCIAIS<\/strong>\u00a0<\/p><p class=\"Texto_Justificado\"><strong>Art. 16.\u00a0<\/strong>O \u00d3rg\u00e3o Central do Sistema Log\u00edstico publicar\u00e1, no Portal de Compras do Poder Executivo do Estado do Rio de Janeiro e no Portal da REDELOG, o valor e atualiza\u00e7\u00f5es do pre\u00e7o base dos itens.<\/p><p class=\"Texto_Justificado\"><strong>Art. 17.\u00a0<\/strong>A atualiza\u00e7\u00e3o dos valores referentes aos reajustes anuais dos itens da cesta do Almoxarifado Virtual ser\u00e3o promovidos pelo \u00d3rg\u00e3o Central do Sistema Log\u00edstico, para manuten\u00e7\u00e3o do equil\u00edbrio econ\u00f4mico-financeiro dos contratos celebrados, com aplica\u00e7\u00e3o de \u00edndice oficial definido no modelo de compra acumulado ao per\u00edodo, a fim de retratar a varia\u00e7\u00e3o efetiva do custo de produ\u00e7\u00e3o.<\/p><p class=\"Texto_Justificado\">Par\u00e1grafo \u00danico. A atualiza\u00e7\u00e3o do pre\u00e7o base dos itens das cestas do Almoxarifado Virtual observar\u00e1 o princ\u00edpio da anualidade, que ter\u00e1 como data-base inicial a apresenta\u00e7\u00e3o da proposta.<\/p><p class=\"Texto_Justificado\"><strong>Art. 18.<\/strong>\u00a0A formaliza\u00e7\u00e3o da atualiza\u00e7\u00e3o do pre\u00e7o base dos itens das cestas se dar\u00e1 por meio de divulga\u00e7\u00e3o dos pre\u00e7os, a que se refere o art. 16 desta Resolu\u00e7\u00e3o.<\/p><p class=\"Texto_Justificado\"><strong>Art. 19.\u00a0<\/strong>Nas atualiza\u00e7\u00f5es subsequentes \u00e0 primeira, o interregno m\u00ednimo de 1 (um) ano ser\u00e1 contado a partir dos efeitos financeiros da \u00faltima revis\u00e3o.<\/p><p class=\"Texto_Justificado\">Art. 20. O contratado poder\u00e1 formular, junto aos \u00f3rg\u00e3os e entidades com os quais tiver celebrado contratos, requerimento de atualiza\u00e7\u00e3o de pre\u00e7o base dos itens contratados, nos limites autorizados pelo \u00d3rg\u00e3o Central do Sistema Log\u00edstico, nos termos dos artigos 17 e 18 desta Resolu\u00e7\u00e3o<\/p><p class=\"Texto_Justificado\">\u00a7 1\u00ba O pedido de atualiza\u00e7\u00e3o dos valores dever\u00e1 refletir os impactos dos pre\u00e7os dos itens atualizados e retroagir\u00e1 \u00e0 data de produ\u00e7\u00e3o de efeitos definida pelo \u00d3rg\u00e3o Central do Sistema Log\u00edstico, mediante apresenta\u00e7\u00e3o de planilha detalhada dos valores pelo contratado.<\/p><p class=\"Texto_Justificado\">\u00a7 2\u00ba O contratante, ap\u00f3s aprova\u00e7\u00e3o do pedido de atualiza\u00e7\u00e3o dos valores pleiteado pelo contratado, ser\u00e1 respons\u00e1vel por providenciar a devida adequa\u00e7\u00e3o financeira do seu or\u00e7amento, a fim de que os novos valores comportem os impactos produzidos a partir da atualiza\u00e7\u00e3o<\/p><p class=\"Texto_Justificado\">\u00a7 3\u00ba O contratado ter\u00e1 60 (sessenta) dias, observada a data de in\u00edcio da vig\u00eancia do contrato e a data-base da atualiza\u00e7\u00e3o dos valores, para apresentar o pedido de requerimento junto ao contratante ap\u00f3s completos 01 (um) ano da vig\u00eancia do contrato.<\/p><p class=\"Texto_Centralizado\" style=\"text-align: center;\"><strong>CAP\u00cdTULO V<\/strong><\/p><p class=\"Texto_Centralizado\" style=\"text-align: center;\"><strong>DISPOSI\u00c7\u00d5ES FINAIS<\/strong><\/p><p class=\"Texto_Justificado\"><strong>Art. 21.<\/strong>\u00a0Os casos omissos ser\u00e3o dirimidos pelo \u00d3rg\u00e3o Central do Sistema Log\u00edstico que poder\u00e1 editar e publicar regras operacionais e orienta\u00e7\u00f5es complementares com vistas a instruir os \u00f3rg\u00e3os e entidades quanto \u00e0 utiliza\u00e7\u00e3o do modelo de compra regulamentado por esta Resolu\u00e7\u00e3o, bem como disponibilizar, atrav\u00e9s de meio eletr\u00f4nico, informa\u00e7\u00f5es adicionais.<\/p><p class=\"Texto_Justificado\"><strong>Art. 22.\u00a0<\/strong>Os \u00f3rg\u00e3os e entidades poder\u00e3o expedir regras operacionais internas complementares para dispor sobre as situa\u00e7\u00f5es espec\u00edficas no seu \u00e2mbito de atua\u00e7\u00e3o, desde que n\u00e3o conflitem com os dispositivos desta Resolu\u00e7\u00e3o.<\/p><p class=\"Texto_Justificado\">Art. 23. Cabe aos \u00f3rg\u00e3os e entidades realizarem as provid\u00eancias necess\u00e1rias para a transi\u00e7\u00e3o dos contratos vigentes de aquisi\u00e7\u00e3o ou fornecimento de material de consumo para o novo modelo de contrata\u00e7\u00e3o estabelecido por esta Resolu\u00e7\u00e3o.<\/p><p class=\"Texto_Justificado\"><strong>Art. 24.\u00a0<\/strong>As Empresas P\u00fablicas e Sociedades de Economia Mista que, de forma facultativa, contratarem por meio da ata de registro de pre\u00e7os do \u00d3rg\u00e3o Central do Sistema Log\u00edstico, submetendo-se ao disposto nesta Resolu\u00e7\u00e3o.<\/p><p class=\"Texto_Justificado\"><strong>Art. 25.<\/strong>\u00a0O servidor cadastrado no sistema web estar\u00e1 sujeito \u00e0s penalidades disciplinares previstas no Estatuto do Servidor do Estado do Rio de Janeiro, quando for caracterizado o uso indevido do sistema e de senhas de acesso, ou quando transgredir as normas de seguran\u00e7a institu\u00eddas, contrariando o disposto nesta Resolu\u00e7\u00e3o.<\/p><p class=\"Texto_Justificado\"><strong>Art. 26.\u00a0<\/strong>Aos processos de contrata\u00e7\u00e3o advindos da Ata de Registro de Pre\u00e7os Almoxarifado Virtual n\u00ba 0002\/2023\/210100-0, permanece aplicado o disposto na Resolu\u00e7\u00e3o SEPLAG n.\u00ba 182, de 31 de janeiro de 2023.<\/p><p class=\"Texto_Justificado\"><strong>Art. 27.<\/strong>\u00a0Esta Resolu\u00e7\u00e3o entra em vigor na data de sua publica\u00e7\u00e3o.<\/p><p style=\"text-align: center;\">Rio de Janeiro, 19 de mar\u00e7o de 2025<\/p><p style=\"text-align: center;\"><strong>ADILSON DE FARIA MACIEL<\/strong><br \/>Secret\u00e1rio de Estado de Planejamento e Gest\u00e3o<\/p><p style=\"font-weight: 400;\">\u00a0<\/p>\t\t\t\t\t\t\t\t<\/div>\n\t\t\t\t<div class=\"elementor-element elementor-element-cc3613e elementor-widget elementor-widget-text-editor\" data-id=\"cc3613e\" data-element_type=\"widget\" data-widget_type=\"text-editor.default\">\n\t\t\t\t\t\t\t\t\t<p style=\"text-align: right;\">Id: 2638685<\/p>\t\t\t\t\t\t\t\t<\/div>\n\t\t\t\t\t<\/div>\n\t\t<\/div>\n\t\t\t\t\t<\/div>\n\t\t<\/section>\n\t\t\t\t<section class=\"elementor-section elementor-top-section elementor-element elementor-element-de37920 elementor-section-boxed elementor-section-height-default elementor-section-height-default\" data-id=\"de37920\" data-element_type=\"section\" data-settings=\"{&quot;jet_parallax_layout_list&quot;:[{&quot;jet_parallax_layout_image&quot;:{&quot;url&quot;:&quot;&quot;,&quot;id&quot;:&quot;&quot;,&quot;size&quot;:&quot;&quot;},&quot;_id&quot;:&quot;04dd098&quot;,&quot;jet_parallax_layout_image_tablet&quot;:{&quot;url&quot;:&quot;&quot;,&quot;id&quot;:&quot;&quot;,&quot;size&quot;:&quot;&quot;},&quot;jet_parallax_layout_image_mobile&quot;:{&quot;url&quot;:&quot;&quot;,&quot;id&quot;:&quot;&quot;,&quot;size&quot;:&quot;&quot;},&quot;jet_parallax_layout_speed&quot;:{&quot;unit&quot;:&quot;%&quot;,&quot;size&quot;:50,&quot;sizes&quot;:[]},&quot;jet_parallax_layout_type&quot;:&quot;scroll&quot;,&quot;jet_parallax_layout_direction&quot;:&quot;1&quot;,&quot;jet_parallax_layout_fx_direction&quot;:null,&quot;jet_parallax_layout_z_index&quot;:&quot;&quot;,&quot;jet_parallax_layout_bg_x&quot;:50,&quot;jet_parallax_layout_bg_x_tablet&quot;:&quot;&quot;,&quot;jet_parallax_layout_bg_x_mobile&quot;:&quot;&quot;,&quot;jet_parallax_layout_bg_y&quot;:50,&quot;jet_parallax_layout_bg_y_tablet&quot;:&quot;&quot;,&quot;jet_parallax_layout_bg_y_mobile&quot;:&quot;&quot;,&quot;jet_parallax_layout_bg_size&quot;:&quot;auto&quot;,&quot;jet_parallax_layout_bg_size_tablet&quot;:&quot;&quot;,&quot;jet_parallax_layout_bg_size_mobile&quot;:&quot;&quot;,&quot;jet_parallax_layout_animation_prop&quot;:&quot;transform&quot;,&quot;jet_parallax_layout_on&quot;:[&quot;desktop&quot;,&quot;tablet&quot;]}]}\">\n\t\t\t\t\t\t<div class=\"elementor-container elementor-column-gap-default\">\n\t\t\t\t\t<div class=\"elementor-column elementor-col-100 elementor-top-column elementor-element elementor-element-2701fa8\" data-id=\"2701fa8\" data-element_type=\"column\">\n\t\t\t<div class=\"elementor-widget-wrap elementor-element-populated\">\n\t\t\t\t\t\t<div class=\"elementor-element elementor-element-d4063a5 elementor-widget elementor-widget-text-editor\" data-id=\"d4063a5\" data-element_type=\"widget\" data-widget_type=\"text-editor.default\">\n\t\t\t\t\t\t\t\t\t<p><em>Publicada no DOE em <a href=\"https:\/\/www.redelog.rj.gov.br\/redelog\/wp-content\/uploads\/2025\/04\/Resolucao-SEPLAG-no-359-Regulamenta-o-Almoxarifado-Virtual.pdf\"><strong>04\/04\/2025<\/strong><\/a>.<\/em><\/p>\t\t\t\t\t\t\t\t<\/div>\n\t\t\t\t\t<\/div>\n\t\t<\/div>\n\t\t\t\t\t<\/div>\n\t\t<\/section>\n\t\t\t\t<section class=\"elementor-section elementor-top-section elementor-element elementor-element-408748d elementor-section-boxed elementor-section-height-default elementor-section-height-default\" data-id=\"408748d\" data-element_type=\"section\" data-settings=\"{&quot;jet_parallax_layout_list&quot;:[{&quot;jet_parallax_layout_image&quot;:{&quot;url&quot;:&quot;&quot;,&quot;id&quot;:&quot;&quot;,&quot;size&quot;:&quot;&quot;},&quot;_id&quot;:&quot;ab030fc&quot;,&quot;jet_parallax_layout_image_tablet&quot;:{&quot;url&quot;:&quot;&quot;,&quot;id&quot;:&quot;&quot;,&quot;size&quot;:&quot;&quot;},&quot;jet_parallax_layout_image_mobile&quot;:{&quot;url&quot;:&quot;&quot;,&quot;id&quot;:&quot;&quot;,&quot;size&quot;:&quot;&quot;},&quot;jet_parallax_layout_speed&quot;:{&quot;unit&quot;:&quot;%&quot;,&quot;size&quot;:50,&quot;sizes&quot;:[]},&quot;jet_parallax_layout_type&quot;:&quot;scroll&quot;,&quot;jet_parallax_layout_direction&quot;:&quot;1&quot;,&quot;jet_parallax_layout_fx_direction&quot;:null,&quot;jet_parallax_layout_z_index&quot;:&quot;&quot;,&quot;jet_parallax_layout_bg_x&quot;:50,&quot;jet_parallax_layout_bg_x_tablet&quot;:&quot;&quot;,&quot;jet_parallax_layout_bg_x_mobile&quot;:&quot;&quot;,&quot;jet_parallax_layout_bg_y&quot;:50,&quot;jet_parallax_layout_bg_y_tablet&quot;:&quot;&quot;,&quot;jet_parallax_layout_bg_y_mobile&quot;:&quot;&quot;,&quot;jet_parallax_layout_bg_size&quot;:&quot;auto&quot;,&quot;jet_parallax_layout_bg_size_tablet&quot;:&quot;&quot;,&quot;jet_parallax_layout_bg_size_mobile&quot;:&quot;&quot;,&quot;jet_parallax_layout_animation_prop&quot;:&quot;transform&quot;,&quot;jet_parallax_layout_on&quot;:[&quot;desktop&quot;,&quot;tablet&quot;]}]}\">\n\t\t\t\t\t\t<div class=\"elementor-container elementor-column-gap-default\">\n\t\t\t\t\t<div class=\"elementor-column elementor-col-100 elementor-top-column elementor-element elementor-element-a92038d\" data-id=\"a92038d\" data-element_type=\"column\">\n\t\t\t<div class=\"elementor-widget-wrap elementor-element-populated\">\n\t\t\t\t\t\t<div class=\"elementor-element elementor-element-aaf1988 elementor-widget-divider--view-line elementor-widget elementor-widget-divider\" data-id=\"aaf1988\" data-element_type=\"widget\" data-widget_type=\"divider.default\">\n\t\t\t\t\t\t\t<div class=\"elementor-divider\">\n\t\t\t<span class=\"elementor-divider-separator\">\n\t\t\t\t\t\t<\/span>\n\t\t<\/div>\n\t\t\t\t\t\t<\/div>\n\t\t\t\t\t<\/div>\n\t\t<\/div>\n\t\t\t\t\t<\/div>\n\t\t<\/section>\n\t\t\t\t<section class=\"elementor-section elementor-top-section elementor-element elementor-element-811b736 elementor-section-boxed elementor-section-height-default elementor-section-height-default\" data-id=\"811b736\" data-element_type=\"section\" id=\"options\" data-settings=\"{&quot;jet_parallax_layout_list&quot;:[{&quot;jet_parallax_layout_image&quot;:{&quot;url&quot;:&quot;&quot;,&quot;id&quot;:&quot;&quot;,&quot;size&quot;:&quot;&quot;},&quot;_id&quot;:&quot;19d7213&quot;,&quot;jet_parallax_layout_image_tablet&quot;:{&quot;url&quot;:&quot;&quot;,&quot;id&quot;:&quot;&quot;,&quot;size&quot;:&quot;&quot;},&quot;jet_parallax_layout_image_mobile&quot;:{&quot;url&quot;:&quot;&quot;,&quot;id&quot;:&quot;&quot;,&quot;size&quot;:&quot;&quot;},&quot;jet_parallax_layout_speed&quot;:{&quot;unit&quot;:&quot;%&quot;,&quot;size&quot;:50,&quot;sizes&quot;:[]},&quot;jet_parallax_layout_type&quot;:&quot;scroll&quot;,&quot;jet_parallax_layout_direction&quot;:&quot;1&quot;,&quot;jet_parallax_layout_fx_direction&quot;:null,&quot;jet_parallax_layout_z_index&quot;:&quot;&quot;,&quot;jet_parallax_layout_bg_x&quot;:50,&quot;jet_parallax_layout_bg_x_tablet&quot;:&quot;&quot;,&quot;jet_parallax_layout_bg_x_mobile&quot;:&quot;&quot;,&quot;jet_parallax_layout_bg_y&quot;:50,&quot;jet_parallax_layout_bg_y_tablet&quot;:&quot;&quot;,&quot;jet_parallax_layout_bg_y_mobile&quot;:&quot;&quot;,&quot;jet_parallax_layout_bg_size&quot;:&quot;auto&quot;,&quot;jet_parallax_layout_bg_size_tablet&quot;:&quot;&quot;,&quot;jet_parallax_layout_bg_size_mobile&quot;:&quot;&quot;,&quot;jet_parallax_layout_animation_prop&quot;:&quot;transform&quot;,&quot;jet_parallax_layout_on&quot;:[&quot;desktop&quot;,&quot;tablet&quot;]}]}\">\n\t\t\t\t\t\t<div class=\"elementor-container elementor-column-gap-default\">\n\t\t\t\t\t<div class=\"elementor-column elementor-col-100 elementor-top-column elementor-element elementor-element-a861e26\" data-id=\"a861e26\" data-element_type=\"column\">\n\t\t\t<div class=\"elementor-widget-wrap elementor-element-populated\">\n\t\t\t\t\t\t<div class=\"elementor-element elementor-element-77b840b elementor-widget elementor-widget-shortcode\" data-id=\"77b840b\" data-element_type=\"widget\" data-widget_type=\"shortcode.default\">\n\t\t\t\t\t\t\t<div class=\"elementor-shortcode\"><div class='printomatic pom-default ' id='id6399' alt='Imprimir' title='Imprimir' data-print_target='#post-32764'><\/div> <div class='printomatictext' id='id6399' alt='Imprimir' title='Imprimir' data-print_target='#post-32764'>Imprimir<\/div><div style='clear: both;'><\/div><\/div>\n\t\t\t\t\t\t<\/div>\n\t\t\t\t<section class=\"elementor-section elementor-inner-section elementor-element elementor-element-b7308e2 elementor-section-boxed elementor-section-height-default elementor-section-height-default\" data-id=\"b7308e2\" data-element_type=\"section\" data-settings=\"{&quot;jet_parallax_layout_list&quot;:[{&quot;jet_parallax_layout_image&quot;:{&quot;url&quot;:&quot;&quot;,&quot;id&quot;:&quot;&quot;,&quot;size&quot;:&quot;&quot;},&quot;_id&quot;:&quot;ccec7d1&quot;,&quot;jet_parallax_layout_image_tablet&quot;:{&quot;url&quot;:&quot;&quot;,&quot;id&quot;:&quot;&quot;,&quot;size&quot;:&quot;&quot;},&quot;jet_parallax_layout_image_mobile&quot;:{&quot;url&quot;:&quot;&quot;,&quot;id&quot;:&quot;&quot;,&quot;size&quot;:&quot;&quot;},&quot;jet_parallax_layout_speed&quot;:{&quot;unit&quot;:&quot;%&quot;,&quot;size&quot;:50,&quot;sizes&quot;:[]},&quot;jet_parallax_layout_type&quot;:&quot;scroll&quot;,&quot;jet_parallax_layout_direction&quot;:&quot;1&quot;,&quot;jet_parallax_layout_fx_direction&quot;:null,&quot;jet_parallax_layout_z_index&quot;:&quot;&quot;,&quot;jet_parallax_layout_bg_x&quot;:50,&quot;jet_parallax_layout_bg_x_tablet&quot;:&quot;&quot;,&quot;jet_parallax_layout_bg_x_mobile&quot;:&quot;&quot;,&quot;jet_parallax_layout_bg_y&quot;:50,&quot;jet_parallax_layout_bg_y_tablet&quot;:&quot;&quot;,&quot;jet_parallax_layout_bg_y_mobile&quot;:&quot;&quot;,&quot;jet_parallax_layout_bg_size&quot;:&quot;auto&quot;,&quot;jet_parallax_layout_bg_size_tablet&quot;:&quot;&quot;,&quot;jet_parallax_layout_bg_size_mobile&quot;:&quot;&quot;,&quot;jet_parallax_layout_animation_prop&quot;:&quot;transform&quot;,&quot;jet_parallax_layout_on&quot;:[&quot;desktop&quot;,&quot;tablet&quot;]}]}\">\n\t\t\t\t\t\t<div class=\"elementor-container elementor-column-gap-default\">\n\t\t\t\t\t<div class=\"elementor-column elementor-col-50 elementor-inner-column elementor-element elementor-element-6fcac4e\" data-id=\"6fcac4e\" data-element_type=\"column\">\n\t\t\t<div class=\"elementor-widget-wrap elementor-element-populated\">\n\t\t\t\t\t\t<div class=\"elementor-element elementor-element-ff08044 elementor-widget elementor-widget-text-editor\" data-id=\"ff08044\" data-element_type=\"widget\" data-widget_type=\"text-editor.default\">\n\t\t\t\t\t\t\t\t\t<p><strong><a href=\"http:\/\/redelog.rj.gov.br\/redelog\/legislacao-licitacoes\/\">\u2190 Voltar &#8211; Licita\u00e7\u00f5es<\/a><\/strong><\/p>\t\t\t\t\t\t\t\t<\/div>\n\t\t\t\t\t<\/div>\n\t\t<\/div>\n\t\t\t\t<div class=\"elementor-column elementor-col-50 elementor-inner-column elementor-element elementor-element-e15e9ee\" data-id=\"e15e9ee\" data-element_type=\"column\">\n\t\t\t<div class=\"elementor-widget-wrap elementor-element-populated\">\n\t\t\t\t\t\t\t<\/div>\n\t\t<\/div>\n\t\t\t\t\t<\/div>\n\t\t<\/section>\n\t\t\t\t\t<\/div>\n\t\t<\/div>\n\t\t\t\t\t<\/div>\n\t\t<\/section>\n\t\t\t\t<section class=\"elementor-section elementor-top-section elementor-element elementor-element-4e4a2d7 elementor-section-boxed elementor-section-height-default elementor-section-height-default\" data-id=\"4e4a2d7\" data-element_type=\"section\" data-settings=\"{&quot;jet_parallax_layout_list&quot;:[{&quot;jet_parallax_layout_image&quot;:{&quot;url&quot;:&quot;&quot;,&quot;id&quot;:&quot;&quot;,&quot;size&quot;:&quot;&quot;},&quot;_id&quot;:&quot;22a0abb&quot;,&quot;jet_parallax_layout_image_tablet&quot;:{&quot;url&quot;:&quot;&quot;,&quot;id&quot;:&quot;&quot;,&quot;size&quot;:&quot;&quot;},&quot;jet_parallax_layout_image_mobile&quot;:{&quot;url&quot;:&quot;&quot;,&quot;id&quot;:&quot;&quot;,&quot;size&quot;:&quot;&quot;},&quot;jet_parallax_layout_speed&quot;:{&quot;unit&quot;:&quot;%&quot;,&quot;size&quot;:50,&quot;sizes&quot;:[]},&quot;jet_parallax_layout_type&quot;:&quot;scroll&quot;,&quot;jet_parallax_layout_direction&quot;:&quot;1&quot;,&quot;jet_parallax_layout_fx_direction&quot;:null,&quot;jet_parallax_layout_z_index&quot;:&quot;&quot;,&quot;jet_parallax_layout_bg_x&quot;:50,&quot;jet_parallax_layout_bg_x_tablet&quot;:&quot;&quot;,&quot;jet_parallax_layout_bg_x_mobile&quot;:&quot;&quot;,&quot;jet_parallax_layout_bg_y&quot;:50,&quot;jet_parallax_layout_bg_y_tablet&quot;:&quot;&quot;,&quot;jet_parallax_layout_bg_y_mobile&quot;:&quot;&quot;,&quot;jet_parallax_layout_bg_size&quot;:&quot;auto&quot;,&quot;jet_parallax_layout_bg_size_tablet&quot;:&quot;&quot;,&quot;jet_parallax_layout_bg_size_mobile&quot;:&quot;&quot;,&quot;jet_parallax_layout_animation_prop&quot;:&quot;transform&quot;,&quot;jet_parallax_layout_on&quot;:[&quot;desktop&quot;,&quot;tablet&quot;]}]}\">\n\t\t\t\t\t\t<div class=\"elementor-container elementor-column-gap-default\">\n\t\t\t\t\t<div class=\"elementor-column elementor-col-100 elementor-top-column elementor-element elementor-element-be5a98f\" data-id=\"be5a98f\" data-element_type=\"column\">\n\t\t\t<div class=\"elementor-widget-wrap elementor-element-populated\">\n\t\t\t\t\t\t<div class=\"elementor-element elementor-element-21a1eda elementor-widget elementor-widget-html\" data-id=\"21a1eda\" data-element_type=\"widget\" data-widget_type=\"html.default\">\n\t\t\t\t\t<style>\n    h2, .h2-style{\n        font-size: 28px;\n    }\n<\/style>\t\t\t\t<\/div>\n\t\t\t\t\t<\/div>\n\t\t<\/div>\n\t\t\t\t\t<\/div>\n\t\t<\/section>\n\t\t\t\t<section class=\"elementor-section elementor-top-section elementor-element elementor-element-4b902a4 elementor-section-boxed elementor-section-height-default elementor-section-height-default\" data-id=\"4b902a4\" data-element_type=\"section\" data-settings=\"{&quot;jet_parallax_layout_list&quot;:[{&quot;jet_parallax_layout_image&quot;:{&quot;url&quot;:&quot;&quot;,&quot;id&quot;:&quot;&quot;,&quot;size&quot;:&quot;&quot;},&quot;_id&quot;:&quot;96f6d2c&quot;,&quot;jet_parallax_layout_image_tablet&quot;:{&quot;url&quot;:&quot;&quot;,&quot;id&quot;:&quot;&quot;,&quot;size&quot;:&quot;&quot;},&quot;jet_parallax_layout_image_mobile&quot;:{&quot;url&quot;:&quot;&quot;,&quot;id&quot;:&quot;&quot;,&quot;size&quot;:&quot;&quot;},&quot;jet_parallax_layout_speed&quot;:{&quot;unit&quot;:&quot;%&quot;,&quot;size&quot;:50,&quot;sizes&quot;:[]},&quot;jet_parallax_layout_type&quot;:&quot;scroll&quot;,&quot;jet_parallax_layout_direction&quot;:&quot;1&quot;,&quot;jet_parallax_layout_fx_direction&quot;:null,&quot;jet_parallax_layout_z_index&quot;:&quot;&quot;,&quot;jet_parallax_layout_bg_x&quot;:50,&quot;jet_parallax_layout_bg_x_tablet&quot;:&quot;&quot;,&quot;jet_parallax_layout_bg_x_mobile&quot;:&quot;&quot;,&quot;jet_parallax_layout_bg_y&quot;:50,&quot;jet_parallax_layout_bg_y_tablet&quot;:&quot;&quot;,&quot;jet_parallax_layout_bg_y_mobile&quot;:&quot;&quot;,&quot;jet_parallax_layout_bg_size&quot;:&quot;auto&quot;,&quot;jet_parallax_layout_bg_size_tablet&quot;:&quot;&quot;,&quot;jet_parallax_layout_bg_size_mobile&quot;:&quot;&quot;,&quot;jet_parallax_layout_animation_prop&quot;:&quot;transform&quot;,&quot;jet_parallax_layout_on&quot;:[&quot;desktop&quot;,&quot;tablet&quot;]}]}\">\n\t\t\t\t\t\t<div class=\"elementor-container elementor-column-gap-default\">\n\t\t\t\t\t<div class=\"elementor-column elementor-col-100 elementor-top-column elementor-element elementor-element-477dc73\" data-id=\"477dc73\" data-element_type=\"column\">\n\t\t\t<div class=\"elementor-widget-wrap elementor-element-populated\">\n\t\t\t\t\t\t<div class=\"elementor-element elementor-element-49e6615 elementor-widget elementor-widget-heading\" data-id=\"49e6615\" data-element_type=\"widget\" data-widget_type=\"heading.default\">\n\t\t\t\t\t<h2 class=\"elementor-heading-title elementor-size-default\">Adicione o texto do seu t\u00edtulo aqui<\/h2>\t\t\t\t<\/div>\n\t\t\t\t\t<\/div>\n\t\t<\/div>\n\t\t\t\t\t<\/div>\n\t\t<\/section>\n\t\t\t\t<\/div>\n\t\t","protected":false},"excerpt":{"rendered":"<p>REGULAMENTA O ALMOXARIFADO VIRTUAL, SISTEMA DE AQUISI\u00c7\u00c3O DE MATERIAIS DE CONSUMO PELOS \u00d3RG\u00c3OS E ENTIDADES DA ADMINISTRA\u00c7\u00c3O P\u00daBLICA DIRETA, AUT\u00c1RQUICA E FUNDACIONAL, NO \u00c2MBITO DO PODER EXECUTIVO DO ESTADO DO RIO DE JANEIRO, E D\u00c1 OUTRAS PROVID\u00caNCIAS. O\u00a0SECRET\u00c1RIO DE ESTADO DE PLANEJAMENTO E GEST\u00c3O, no uso de suas atribui\u00e7\u00f5es constitucionais e legais, com fundamento no [&hellip;]<\/p>\n","protected":false},"author":19,"featured_media":0,"comment_status":"closed","ping_status":"open","sticky":false,"template":"","format":"standard","meta":{"_joinchat":[],"footnotes":""},"categories":[23],"tags":[],"class_list":["post-32764","post","type-post","status-publish","format-standard","hentry","category-cat-legislacao"],"yoast_head":"<!-- This site is optimized with the Yoast SEO plugin v25.7 - https:\/\/yoast.com\/wordpress\/plugins\/seo\/ -->\n<title>RESOLU\u00c7\u00c3O SEPLAG N\u00ba 359, DE 19 DE MAR\u00c7O DE 2025 - Redelog<\/title>\n<meta name=\"robots\" content=\"index, follow, max-snippet:-1, max-image-preview:large, max-video-preview:-1\" \/>\n<link rel=\"canonical\" href=\"https:\/\/redelog.rj.gov.br\/redelog\/resolucao-seplag-no-359-de-19-de-marco-de-2025\/\" \/>\n<meta property=\"og:locale\" content=\"pt_BR\" \/>\n<meta property=\"og:type\" content=\"article\" \/>\n<meta property=\"og:title\" content=\"RESOLU\u00c7\u00c3O SEPLAG N\u00ba 359, DE 19 DE MAR\u00c7O DE 2025 - Redelog\" \/>\n<meta property=\"og:description\" content=\"REGULAMENTA O ALMOXARIFADO VIRTUAL, SISTEMA DE AQUISI\u00c7\u00c3O DE MATERIAIS DE CONSUMO PELOS \u00d3RG\u00c3OS E ENTIDADES DA ADMINISTRA\u00c7\u00c3O P\u00daBLICA DIRETA, AUT\u00c1RQUICA E FUNDACIONAL, NO \u00c2MBITO DO PODER EXECUTIVO DO ESTADO DO RIO DE JANEIRO, E D\u00c1 OUTRAS PROVID\u00caNCIAS. O\u00a0SECRET\u00c1RIO DE ESTADO DE PLANEJAMENTO E GEST\u00c3O, no uso de suas atribui\u00e7\u00f5es constitucionais e legais, com fundamento no [&hellip;]\" \/>\n<meta property=\"og:url\" content=\"https:\/\/redelog.rj.gov.br\/redelog\/resolucao-seplag-no-359-de-19-de-marco-de-2025\/\" \/>\n<meta property=\"og:site_name\" content=\"Redelog\" \/>\n<meta property=\"article:published_time\" content=\"2025-04-04T13:31:50+00:00\" \/>\n<meta property=\"article:modified_time\" content=\"2025-04-04T13:38:04+00:00\" \/>\n<meta name=\"author\" content=\"Juliane Paz Vieira Lima\" \/>\n<meta name=\"twitter:card\" content=\"summary_large_image\" \/>\n<meta name=\"twitter:label1\" content=\"Escrito por\" \/>\n\t<meta name=\"twitter:data1\" content=\"Juliane Paz Vieira Lima\" \/>\n\t<meta name=\"twitter:label2\" content=\"Est. tempo de leitura\" \/>\n\t<meta name=\"twitter:data2\" content=\"12 minutos\" \/>\n<script type=\"application\/ld+json\" class=\"yoast-schema-graph\">{\"@context\":\"https:\/\/schema.org\",\"@graph\":[{\"@type\":\"Article\",\"@id\":\"https:\/\/redelog.rj.gov.br\/redelog\/resolucao-seplag-no-359-de-19-de-marco-de-2025\/#article\",\"isPartOf\":{\"@id\":\"https:\/\/redelog.rj.gov.br\/redelog\/resolucao-seplag-no-359-de-19-de-marco-de-2025\/\"},\"author\":{\"name\":\"Juliane Paz Vieira Lima\",\"@id\":\"https:\/\/redelog.rj.gov.br\/redelog\/#\/schema\/person\/a80fe416b9778ee67954a79526756867\"},\"headline\":\"RESOLU\u00c7\u00c3O SEPLAG N\u00ba 359, DE 19 DE MAR\u00c7O DE 2025\",\"datePublished\":\"2025-04-04T13:31:50+00:00\",\"dateModified\":\"2025-04-04T13:38:04+00:00\",\"mainEntityOfPage\":{\"@id\":\"https:\/\/redelog.rj.gov.br\/redelog\/resolucao-seplag-no-359-de-19-de-marco-de-2025\/\"},\"wordCount\":2359,\"publisher\":{\"@id\":\"https:\/\/redelog.rj.gov.br\/redelog\/#organization\"},\"articleSection\":[\"Legisla\u00e7\u00e3o\"],\"inLanguage\":\"pt-BR\"},{\"@type\":\"WebPage\",\"@id\":\"https:\/\/redelog.rj.gov.br\/redelog\/resolucao-seplag-no-359-de-19-de-marco-de-2025\/\",\"url\":\"https:\/\/redelog.rj.gov.br\/redelog\/resolucao-seplag-no-359-de-19-de-marco-de-2025\/\",\"name\":\"RESOLU\u00c7\u00c3O SEPLAG N\u00ba 359, DE 19 DE MAR\u00c7O DE 2025 - Redelog\",\"isPartOf\":{\"@id\":\"https:\/\/redelog.rj.gov.br\/redelog\/#website\"},\"datePublished\":\"2025-04-04T13:31:50+00:00\",\"dateModified\":\"2025-04-04T13:38:04+00:00\",\"breadcrumb\":{\"@id\":\"https:\/\/redelog.rj.gov.br\/redelog\/resolucao-seplag-no-359-de-19-de-marco-de-2025\/#breadcrumb\"},\"inLanguage\":\"pt-BR\",\"potentialAction\":[{\"@type\":\"ReadAction\",\"target\":[\"https:\/\/redelog.rj.gov.br\/redelog\/resolucao-seplag-no-359-de-19-de-marco-de-2025\/\"]}]},{\"@type\":\"BreadcrumbList\",\"@id\":\"https:\/\/redelog.rj.gov.br\/redelog\/resolucao-seplag-no-359-de-19-de-marco-de-2025\/#breadcrumb\",\"itemListElement\":[{\"@type\":\"ListItem\",\"position\":1,\"name\":\"Home\",\"item\":\"https:\/\/redelog.rj.gov.br\/redelog\/\"},{\"@type\":\"ListItem\",\"position\":2,\"name\":\"RESOLU\u00c7\u00c3O SEPLAG N\u00ba 359, DE 19 DE MAR\u00c7O DE 2025\"}]},{\"@type\":\"WebSite\",\"@id\":\"https:\/\/redelog.rj.gov.br\/redelog\/#website\",\"url\":\"https:\/\/redelog.rj.gov.br\/redelog\/\",\"name\":\"Redelog\",\"description\":\"Site da Rede de Log\u00edstica e Planejamento do Estado do Rio de Janeiro\",\"publisher\":{\"@id\":\"https:\/\/redelog.rj.gov.br\/redelog\/#organization\"},\"potentialAction\":[{\"@type\":\"SearchAction\",\"target\":{\"@type\":\"EntryPoint\",\"urlTemplate\":\"https:\/\/redelog.rj.gov.br\/redelog\/?s={search_term_string}\"},\"query-input\":{\"@type\":\"PropertyValueSpecification\",\"valueRequired\":true,\"valueName\":\"search_term_string\"}}],\"inLanguage\":\"pt-BR\"},{\"@type\":\"Organization\",\"@id\":\"https:\/\/redelog.rj.gov.br\/redelog\/#organization\",\"name\":\"REDELOG\",\"url\":\"https:\/\/redelog.rj.gov.br\/redelog\/\",\"logo\":{\"@type\":\"ImageObject\",\"inLanguage\":\"pt-BR\",\"@id\":\"https:\/\/redelog.rj.gov.br\/redelog\/#\/schema\/logo\/image\/\",\"url\":\"http:\/\/10.10.8.100:8888\/redelog\/wp-content\/uploads\/2019\/09\/Redelog2.png\",\"contentUrl\":\"http:\/\/10.10.8.100:8888\/redelog\/wp-content\/uploads\/2019\/09\/Redelog2.png\",\"width\":565,\"height\":155,\"caption\":\"REDELOG\"},\"image\":{\"@id\":\"https:\/\/redelog.rj.gov.br\/redelog\/#\/schema\/logo\/image\/\"}},{\"@type\":\"Person\",\"@id\":\"https:\/\/redelog.rj.gov.br\/redelog\/#\/schema\/person\/a80fe416b9778ee67954a79526756867\",\"name\":\"Juliane Paz Vieira Lima\",\"image\":{\"@type\":\"ImageObject\",\"inLanguage\":\"pt-BR\",\"@id\":\"https:\/\/redelog.rj.gov.br\/redelog\/#\/schema\/person\/image\/\",\"url\":\"https:\/\/secure.gravatar.com\/avatar\/6d81cf8bb20fabd08d236dec1cc7b99d2da26d368e6642dc331f1413653da0a6?s=96&d=mm&r=g\",\"contentUrl\":\"https:\/\/secure.gravatar.com\/avatar\/6d81cf8bb20fabd08d236dec1cc7b99d2da26d368e6642dc331f1413653da0a6?s=96&d=mm&r=g\",\"caption\":\"Juliane Paz Vieira Lima\"},\"url\":\"https:\/\/redelog.rj.gov.br\/redelog\/author\/julianepaz\/\"}]}<\/script>\n<!-- \/ Yoast SEO plugin. -->","yoast_head_json":{"title":"RESOLU\u00c7\u00c3O SEPLAG N\u00ba 359, DE 19 DE MAR\u00c7O DE 2025 - Redelog","robots":{"index":"index","follow":"follow","max-snippet":"max-snippet:-1","max-image-preview":"max-image-preview:large","max-video-preview":"max-video-preview:-1"},"canonical":"https:\/\/redelog.rj.gov.br\/redelog\/resolucao-seplag-no-359-de-19-de-marco-de-2025\/","og_locale":"pt_BR","og_type":"article","og_title":"RESOLU\u00c7\u00c3O SEPLAG N\u00ba 359, DE 19 DE MAR\u00c7O DE 2025 - Redelog","og_description":"REGULAMENTA O ALMOXARIFADO VIRTUAL, SISTEMA DE AQUISI\u00c7\u00c3O DE MATERIAIS DE CONSUMO PELOS \u00d3RG\u00c3OS E ENTIDADES DA ADMINISTRA\u00c7\u00c3O P\u00daBLICA DIRETA, AUT\u00c1RQUICA E FUNDACIONAL, NO \u00c2MBITO DO PODER EXECUTIVO DO ESTADO DO RIO DE JANEIRO, E D\u00c1 OUTRAS PROVID\u00caNCIAS. O\u00a0SECRET\u00c1RIO DE ESTADO DE PLANEJAMENTO E GEST\u00c3O, no uso de suas atribui\u00e7\u00f5es constitucionais e legais, com fundamento no [&hellip;]","og_url":"https:\/\/redelog.rj.gov.br\/redelog\/resolucao-seplag-no-359-de-19-de-marco-de-2025\/","og_site_name":"Redelog","article_published_time":"2025-04-04T13:31:50+00:00","article_modified_time":"2025-04-04T13:38:04+00:00","author":"Juliane Paz Vieira Lima","twitter_card":"summary_large_image","twitter_misc":{"Escrito por":"Juliane Paz Vieira Lima","Est. tempo de leitura":"12 minutos"},"schema":{"@context":"https:\/\/schema.org","@graph":[{"@type":"Article","@id":"https:\/\/redelog.rj.gov.br\/redelog\/resolucao-seplag-no-359-de-19-de-marco-de-2025\/#article","isPartOf":{"@id":"https:\/\/redelog.rj.gov.br\/redelog\/resolucao-seplag-no-359-de-19-de-marco-de-2025\/"},"author":{"name":"Juliane Paz Vieira Lima","@id":"https:\/\/redelog.rj.gov.br\/redelog\/#\/schema\/person\/a80fe416b9778ee67954a79526756867"},"headline":"RESOLU\u00c7\u00c3O SEPLAG N\u00ba 359, DE 19 DE MAR\u00c7O DE 2025","datePublished":"2025-04-04T13:31:50+00:00","dateModified":"2025-04-04T13:38:04+00:00","mainEntityOfPage":{"@id":"https:\/\/redelog.rj.gov.br\/redelog\/resolucao-seplag-no-359-de-19-de-marco-de-2025\/"},"wordCount":2359,"publisher":{"@id":"https:\/\/redelog.rj.gov.br\/redelog\/#organization"},"articleSection":["Legisla\u00e7\u00e3o"],"inLanguage":"pt-BR"},{"@type":"WebPage","@id":"https:\/\/redelog.rj.gov.br\/redelog\/resolucao-seplag-no-359-de-19-de-marco-de-2025\/","url":"https:\/\/redelog.rj.gov.br\/redelog\/resolucao-seplag-no-359-de-19-de-marco-de-2025\/","name":"RESOLU\u00c7\u00c3O SEPLAG N\u00ba 359, DE 19 DE MAR\u00c7O DE 2025 - Redelog","isPartOf":{"@id":"https:\/\/redelog.rj.gov.br\/redelog\/#website"},"datePublished":"2025-04-04T13:31:50+00:00","dateModified":"2025-04-04T13:38:04+00:00","breadcrumb":{"@id":"https:\/\/redelog.rj.gov.br\/redelog\/resolucao-seplag-no-359-de-19-de-marco-de-2025\/#breadcrumb"},"inLanguage":"pt-BR","potentialAction":[{"@type":"ReadAction","target":["https:\/\/redelog.rj.gov.br\/redelog\/resolucao-seplag-no-359-de-19-de-marco-de-2025\/"]}]},{"@type":"BreadcrumbList","@id":"https:\/\/redelog.rj.gov.br\/redelog\/resolucao-seplag-no-359-de-19-de-marco-de-2025\/#breadcrumb","itemListElement":[{"@type":"ListItem","position":1,"name":"Home","item":"https:\/\/redelog.rj.gov.br\/redelog\/"},{"@type":"ListItem","position":2,"name":"RESOLU\u00c7\u00c3O SEPLAG N\u00ba 359, DE 19 DE MAR\u00c7O DE 2025"}]},{"@type":"WebSite","@id":"https:\/\/redelog.rj.gov.br\/redelog\/#website","url":"https:\/\/redelog.rj.gov.br\/redelog\/","name":"Redelog","description":"Site da Rede de Log\u00edstica e Planejamento do Estado do Rio de Janeiro","publisher":{"@id":"https:\/\/redelog.rj.gov.br\/redelog\/#organization"},"potentialAction":[{"@type":"SearchAction","target":{"@type":"EntryPoint","urlTemplate":"https:\/\/redelog.rj.gov.br\/redelog\/?s={search_term_string}"},"query-input":{"@type":"PropertyValueSpecification","valueRequired":true,"valueName":"search_term_string"}}],"inLanguage":"pt-BR"},{"@type":"Organization","@id":"https:\/\/redelog.rj.gov.br\/redelog\/#organization","name":"REDELOG","url":"https:\/\/redelog.rj.gov.br\/redelog\/","logo":{"@type":"ImageObject","inLanguage":"pt-BR","@id":"https:\/\/redelog.rj.gov.br\/redelog\/#\/schema\/logo\/image\/","url":"http:\/\/10.10.8.100:8888\/redelog\/wp-content\/uploads\/2019\/09\/Redelog2.png","contentUrl":"http:\/\/10.10.8.100:8888\/redelog\/wp-content\/uploads\/2019\/09\/Redelog2.png","width":565,"height":155,"caption":"REDELOG"},"image":{"@id":"https:\/\/redelog.rj.gov.br\/redelog\/#\/schema\/logo\/image\/"}},{"@type":"Person","@id":"https:\/\/redelog.rj.gov.br\/redelog\/#\/schema\/person\/a80fe416b9778ee67954a79526756867","name":"Juliane Paz Vieira Lima","image":{"@type":"ImageObject","inLanguage":"pt-BR","@id":"https:\/\/redelog.rj.gov.br\/redelog\/#\/schema\/person\/image\/","url":"https:\/\/secure.gravatar.com\/avatar\/6d81cf8bb20fabd08d236dec1cc7b99d2da26d368e6642dc331f1413653da0a6?s=96&d=mm&r=g","contentUrl":"https:\/\/secure.gravatar.com\/avatar\/6d81cf8bb20fabd08d236dec1cc7b99d2da26d368e6642dc331f1413653da0a6?s=96&d=mm&r=g","caption":"Juliane Paz Vieira Lima"},"url":"https:\/\/redelog.rj.gov.br\/redelog\/author\/julianepaz\/"}]}},"_links":{"self":[{"href":"https:\/\/redelog.rj.gov.br\/redelog\/wp-json\/wp\/v2\/posts\/32764","targetHints":{"allow":["GET"]}}],"collection":[{"href":"https:\/\/redelog.rj.gov.br\/redelog\/wp-json\/wp\/v2\/posts"}],"about":[{"href":"https:\/\/redelog.rj.gov.br\/redelog\/wp-json\/wp\/v2\/types\/post"}],"author":[{"embeddable":true,"href":"https:\/\/redelog.rj.gov.br\/redelog\/wp-json\/wp\/v2\/users\/19"}],"replies":[{"embeddable":true,"href":"https:\/\/redelog.rj.gov.br\/redelog\/wp-json\/wp\/v2\/comments?post=32764"}],"version-history":[{"count":10,"href":"https:\/\/redelog.rj.gov.br\/redelog\/wp-json\/wp\/v2\/posts\/32764\/revisions"}],"predecessor-version":[{"id":32781,"href":"https:\/\/redelog.rj.gov.br\/redelog\/wp-json\/wp\/v2\/posts\/32764\/revisions\/32781"}],"wp:attachment":[{"href":"https:\/\/redelog.rj.gov.br\/redelog\/wp-json\/wp\/v2\/media?parent=32764"}],"wp:term":[{"taxonomy":"category","embeddable":true,"href":"https:\/\/redelog.rj.gov.br\/redelog\/wp-json\/wp\/v2\/categories?post=32764"},{"taxonomy":"post_tag","embeddable":true,"href":"https:\/\/redelog.rj.gov.br\/redelog\/wp-json\/wp\/v2\/tags?post=32764"}],"curies":[{"name":"wp","href":"https:\/\/api.w.org\/{rel}","templated":true}]}}