{"id":32717,"date":"2025-04-03T11:05:53","date_gmt":"2025-04-03T14:05:53","guid":{"rendered":"https:\/\/redelog.rj.gov.br\/redelog\/?p=32717"},"modified":"2025-04-11T14:02:22","modified_gmt":"2025-04-11T17:02:22","slug":"informe-no-003-2025-ata-de-registro-de-precos-novo-almoxarifado-virtual-n-001-2025-vigente","status":"publish","type":"post","link":"https:\/\/redelog.rj.gov.br\/redelog\/informe-no-003-2025-ata-de-registro-de-precos-novo-almoxarifado-virtual-n-001-2025-vigente\/","title":{"rendered":"INFORME N\u00ba 003\/2025 &#8211; ATA DE REGISTRO DE PRE\u00c7OS NOVO ALMOXARIFADO VIRTUAL N\u00b0 001\/2025 VIGENTE!"},"content":{"rendered":"\t\t<div data-elementor-type=\"wp-post\" data-elementor-id=\"32717\" class=\"elementor elementor-32717\" data-elementor-post-type=\"post\">\n\t\t\t\t\t\t<section class=\"elementor-section elementor-top-section elementor-element elementor-element-6c3a1ab elementor-section-boxed elementor-section-height-default elementor-section-height-default\" data-id=\"6c3a1ab\" data-element_type=\"section\" data-settings=\"{&quot;jet_parallax_layout_list&quot;:[{&quot;jet_parallax_layout_image&quot;:{&quot;url&quot;:&quot;&quot;,&quot;id&quot;:&quot;&quot;,&quot;size&quot;:&quot;&quot;},&quot;_id&quot;:&quot;1ef5c32&quot;,&quot;jet_parallax_layout_image_tablet&quot;:{&quot;url&quot;:&quot;&quot;,&quot;id&quot;:&quot;&quot;,&quot;size&quot;:&quot;&quot;},&quot;jet_parallax_layout_image_mobile&quot;:{&quot;url&quot;:&quot;&quot;,&quot;id&quot;:&quot;&quot;,&quot;size&quot;:&quot;&quot;},&quot;jet_parallax_layout_speed&quot;:{&quot;unit&quot;:&quot;%&quot;,&quot;size&quot;:50,&quot;sizes&quot;:[]},&quot;jet_parallax_layout_type&quot;:&quot;scroll&quot;,&quot;jet_parallax_layout_direction&quot;:&quot;1&quot;,&quot;jet_parallax_layout_fx_direction&quot;:null,&quot;jet_parallax_layout_z_index&quot;:&quot;&quot;,&quot;jet_parallax_layout_bg_x&quot;:50,&quot;jet_parallax_layout_bg_x_tablet&quot;:&quot;&quot;,&quot;jet_parallax_layout_bg_x_mobile&quot;:&quot;&quot;,&quot;jet_parallax_layout_bg_y&quot;:50,&quot;jet_parallax_layout_bg_y_tablet&quot;:&quot;&quot;,&quot;jet_parallax_layout_bg_y_mobile&quot;:&quot;&quot;,&quot;jet_parallax_layout_bg_size&quot;:&quot;auto&quot;,&quot;jet_parallax_layout_bg_size_tablet&quot;:&quot;&quot;,&quot;jet_parallax_layout_bg_size_mobile&quot;:&quot;&quot;,&quot;jet_parallax_layout_animation_prop&quot;:&quot;transform&quot;,&quot;jet_parallax_layout_on&quot;:[&quot;desktop&quot;,&quot;tablet&quot;]}]}\">\n\t\t\t\t\t\t<div class=\"elementor-container elementor-column-gap-default\">\n\t\t\t\t\t<div class=\"elementor-column elementor-col-100 elementor-top-column elementor-element elementor-element-1c4e78d\" data-id=\"1c4e78d\" data-element_type=\"column\">\n\t\t\t<div class=\"elementor-widget-wrap elementor-element-populated\">\n\t\t\t\t\t\t<div class=\"elementor-element elementor-element-006a75b elementor-widget-divider--view-line elementor-widget elementor-widget-divider\" data-id=\"006a75b\" data-element_type=\"widget\" data-widget_type=\"divider.default\">\n\t\t\t\t\t\t\t<div class=\"elementor-divider\">\n\t\t\t<span class=\"elementor-divider-separator\">\n\t\t\t\t\t\t<\/span>\n\t\t<\/div>\n\t\t\t\t\t\t<\/div>\n\t\t\t\t<div class=\"elementor-element elementor-element-dea6164 elementor-widget elementor-widget-image\" data-id=\"dea6164\" data-element_type=\"widget\" data-widget_type=\"image.default\">\n\t\t\t\t\t\t\t\t\t\t\t\t\t\t\t<img fetchpriority=\"high\" decoding=\"async\" width=\"1536\" height=\"768\" src=\"https:\/\/redelog.rj.gov.br\/redelog\/wp-content\/uploads\/2025\/04\/PADRAO-CARROSSEL-ALMOXARIFADO-VIRTUAL--1536x768.png\" class=\"attachment-1536x1536 size-1536x1536 wp-image-32734\" alt=\"\" srcset=\"https:\/\/redelog.rj.gov.br\/redelog\/wp-content\/uploads\/2025\/04\/PADRAO-CARROSSEL-ALMOXARIFADO-VIRTUAL--1536x768.png 1536w, https:\/\/redelog.rj.gov.br\/redelog\/wp-content\/uploads\/2025\/04\/PADRAO-CARROSSEL-ALMOXARIFADO-VIRTUAL--300x150.png 300w, https:\/\/redelog.rj.gov.br\/redelog\/wp-content\/uploads\/2025\/04\/PADRAO-CARROSSEL-ALMOXARIFADO-VIRTUAL--1024x512.png 1024w, https:\/\/redelog.rj.gov.br\/redelog\/wp-content\/uploads\/2025\/04\/PADRAO-CARROSSEL-ALMOXARIFADO-VIRTUAL--768x384.png 768w, https:\/\/redelog.rj.gov.br\/redelog\/wp-content\/uploads\/2025\/04\/PADRAO-CARROSSEL-ALMOXARIFADO-VIRTUAL--600x300.png 600w, https:\/\/redelog.rj.gov.br\/redelog\/wp-content\/uploads\/2025\/04\/PADRAO-CARROSSEL-ALMOXARIFADO-VIRTUAL--1280x640.png 1280w, https:\/\/redelog.rj.gov.br\/redelog\/wp-content\/uploads\/2025\/04\/PADRAO-CARROSSEL-ALMOXARIFADO-VIRTUAL-.png 1600w\" sizes=\"(max-width: 1536px) 100vw, 1536px\" \/>\t\t\t\t\t\t\t\t\t\t\t\t\t\t\t<\/div>\n\t\t\t\t<div class=\"elementor-element elementor-element-5452eb8 elementor-widget elementor-widget-text-editor\" data-id=\"5452eb8\" data-element_type=\"widget\" data-widget_type=\"text-editor.default\">\n\t\t\t\t\t\t\t\t\t<h1 class=\"selectable-text copyable-text x15bjb6t x1n2onr6\" dir=\"ltr\" style=\"text-align: center;\"><b><strong class=\"selectable-text copyable-text false x117nqv4\">ATA DO ALMOXARIFADO VIRTUAL EST\u00c1 VIGENTE!!!<\/strong><\/b><\/h1>\n<p class=\"selectable-text copyable-text x15bjb6t x1n2onr6\" dir=\"ltr\"><span class=\"selectable-text copyable-text false\">Aten\u00e7\u00e3o, servidor(a)!<\/span><\/p>\n<p class=\"selectable-text copyable-text x15bjb6t x1n2onr6\" dir=\"ltr\"><span class=\"selectable-text copyable-text false\">A Secretaria de Estado de Planejamento e Gest\u00e3o informa que a Ata de Registro de Pre\u00e7os do Novo Almoxarifado Virtual <span style=\"text-decoration: underline;\"><span style=\"color: #ff0000; text-decoration: underline;\">j\u00e1 est\u00e1 vigente<\/span><\/span>!! <\/span><\/p>\n<p class=\"selectable-text copyable-text x15bjb6t x1n2onr6\" dir=\"ltr\"><span class=\"selectable-text copyable-text false\">Voc\u00ea, \u00d3rg\u00e3o\/Entidade Participante, j\u00e1 pode realizar sua contrata\u00e7\u00e3o, o que \u00e9 bem simples.<\/span><\/p>\n<p class=\"selectable-text copyable-text x15bjb6t x1n2onr6\" dir=\"ltr\"><span class=\"selectable-text copyable-text false\">A&nbsp; <\/span><i><em class=\"selectable-text copyable-text false x1k4tb9n\"><strong>Autopel<\/strong> <\/em><\/i><span class=\"selectable-text copyable-text false\">\u00e9 o novo fornecedor para <\/span><b><strong class=\"selectable-text copyable-text false x117nqv4\">69 (sessenta e nove) \u00d3rg\u00e3os Participantes<\/strong><\/b><span class=\"selectable-text copyable-text false\">, para consumo de at\u00e9 04 m\u00f3dulos novos, os de materiais de consumo administrativo (m\u00f3dulo 01), insumos de urg\u00eancia p\u00fablica (m\u00f3dulo 02), materiais de copa (m\u00f3dulo 03) e materiais de limpeza (m\u00f3dulo 04), visando atender a demanda do Estado do Rio de Janeiro. <\/span><\/p>\n<p class=\"selectable-text copyable-text x15bjb6t x1n2onr6\" dir=\"ltr\" style=\"text-align: center;\"><i><em class=\"selectable-text copyable-text false x1k4tb9n\">Fique atento!<\/em><\/i><\/p>\n<p class=\"selectable-text copyable-text x15bjb6t x1n2onr6\" dir=\"ltr\"><span class=\"selectable-text copyable-text false\">Os documentos que voc\u00ea precisa para instruir o seu processo s\u00e3o:<\/span><\/p>\n<ul>\n<li><a href=\"https:\/\/www.redelog.rj.gov.br\/redelog\/wp-content\/uploads\/2024\/08\/SEI_74859997_Estudo_Tecnico_Preliminar-1.pdf\"><strong>Estudo T\u00e9cnico Preliminar&nbsp;<\/strong><\/a><\/li>\n<li><a href=\"https:\/\/www.redelog.rj.gov.br\/redelog\/wp-content\/uploads\/2024\/08\/SEI_74862272_Anexo_1__-1.pdf\"><strong>Anexo 1 &#8211; Hist\u00f3rico de Consumos &#8211; Atendimento de Urg\u00eancia P\u00fablica&nbsp;<\/strong><\/a><\/li>\n<li><a href=\"https:\/\/www.redelog.rj.gov.br\/redelog\/wp-content\/uploads\/2024\/08\/SEI_80108584_Estudo_Tecnico_Preliminar.pdf\"><strong>Estudo T\u00e9cnico Preliminar &#8211; Complementa\u00e7\u00e3o&nbsp;<\/strong><\/a><\/li>\n<li><strong><a href=\"https:\/\/www.redelog.rj.gov.br\/redelog\/wp-content\/uploads\/2025\/01\/SEI_90345602_Termo_de_Referencia_de_Material_Servico.pdf\">Termo de Refer\u00eancia<\/a><\/strong><\/li>\n<li><strong><a href=\"https:\/\/www.redelog.rj.gov.br\/redelog\/wp-content\/uploads\/2024\/11\/ilovepdf_merged.pdf\">Anexos 1 a 12 do Termo de Refer\u00eancia<\/a><\/strong><\/li>\n<li><strong><a href=\"https:\/\/www.redelog.rj.gov.br\/redelog\/wp-content\/uploads\/2024\/11\/SEI_87147859_Relatorio_analitico_de_pesquisa_de_precos___RAPP.pdf\">Relat\u00f3rio Anal\u00edtico de Pesquisa de Pre\u00e7o &#8211; RAPP<\/a><\/strong><\/li>\n<li><strong><a href=\"https:\/\/www.redelog.rj.gov.br\/redelog\/wp-content\/uploads\/2025\/01\/SEI_90347563_Edital_de_Licitacao_10-2.pdf\">Edital PERP 01\/2025<\/a><\/strong><\/li>\n<li><a href=\"https:\/\/www.redelog.rj.gov.br\/redelog\/wp-content\/uploads\/2025\/04\/SEI_95739275_Ato_de_Homologacao_de_Licitacao.pdf\"><strong>Ato de Homologa\u00e7\u00e3o<\/strong><\/a><\/li>\n<li><a href=\"https:\/\/www.redelog.rj.gov.br\/redelog\/wp-content\/uploads\/2025\/04\/HOMOLOGACAO_PERP_0125.pdf\"><strong>Publica\u00e7\u00e3o da Homologa\u00e7\u00e3o<\/strong><\/a><\/li>\n<li><a href=\"https:\/\/www.redelog.rj.gov.br\/redelog\/wp-content\/uploads\/2025\/04\/SEI_96081498_Ata_de_Registro_de_Precos_1.pdf\"><strong>Ata de Registro de Pre\u00e7os n\u00ba 01\/2025<\/strong><\/a><\/li>\n<li><a href=\"https:\/\/www.redelog.rj.gov.br\/redelog\/wp-content\/uploads\/2025\/04\/ANEXO_VIII.pdf\"><strong>Minuta de Contrato<\/strong><\/a><\/li>\n<\/ul>\n<p class=\"selectable-text copyable-text x15bjb6t x1n2onr6\" dir=\"ltr\"><span class=\"x19la9d6 x1fc57z9 x6ikm8r x10wlt62 x19co3pv x1g5zs5t xfibh0p xiy17q3 x1xsqp64 x1lkfr7t xexx8yu x4uap5 x18d9i69 xkhd6sd\"><span class=\"xrtxmta x1bhl96m\">\ud83e\udd1d<\/span><\/span><span class=\"selectable-text copyable-text false\">Dessa forma, trabalhando juntos, teremos uma contrata\u00e7\u00e3o com maior qualidade na entrega! <\/span><\/p>\n<p class=\"selectable-text copyable-text x15bjb6t x1n2onr6\" dir=\"ltr\"><span class=\"selectable-text copyable-text false\">E-mail: <\/span><a href=\"mailto:almoxarifadovirtual.gerenciador@planejamento.rj.gov.br\"><span class=\"selectable-text copyable-text false\">almoxarifadovirtual.gerenciador@planejamento.rj.gov.br<\/span><\/a><\/p>\n<p class=\"selectable-text copyable-text x15bjb6t x1n2onr6\" dir=\"ltr\"><span class=\"selectable-text copyable-text false\">Gestor das Atas: Izabel Cristin<\/span><\/p>\t\t\t\t\t\t\t\t<\/div>\n\t\t\t\t<div class=\"elementor-element elementor-element-cce8883 elementor-widget-divider--view-line elementor-widget elementor-widget-divider\" data-id=\"cce8883\" data-element_type=\"widget\" data-widget_type=\"divider.default\">\n\t\t\t\t\t\t\t<div class=\"elementor-divider\">\n\t\t\t<span class=\"elementor-divider-separator\">\n\t\t\t\t\t\t<\/span>\n\t\t<\/div>\n\t\t\t\t\t\t<\/div>\n\t\t\t\t\t<\/div>\n\t\t<\/div>\n\t\t\t\t\t<\/div>\n\t\t<\/section>\n\t\t\t\t<section class=\"elementor-section elementor-top-section elementor-element elementor-element-8399409 elementor-section-boxed elementor-section-height-default elementor-section-height-default\" data-id=\"8399409\" data-element_type=\"section\" data-settings=\"{&quot;jet_parallax_layout_list&quot;:[{&quot;jet_parallax_layout_image&quot;:{&quot;url&quot;:&quot;&quot;,&quot;id&quot;:&quot;&quot;,&quot;size&quot;:&quot;&quot;},&quot;_id&quot;:&quot;8c16c45&quot;,&quot;jet_parallax_layout_image_tablet&quot;:{&quot;url&quot;:&quot;&quot;,&quot;id&quot;:&quot;&quot;,&quot;size&quot;:&quot;&quot;},&quot;jet_parallax_layout_image_mobile&quot;:{&quot;url&quot;:&quot;&quot;,&quot;id&quot;:&quot;&quot;,&quot;size&quot;:&quot;&quot;},&quot;jet_parallax_layout_speed&quot;:{&quot;unit&quot;:&quot;%&quot;,&quot;size&quot;:50,&quot;sizes&quot;:[]},&quot;jet_parallax_layout_type&quot;:&quot;scroll&quot;,&quot;jet_parallax_layout_direction&quot;:&quot;1&quot;,&quot;jet_parallax_layout_fx_direction&quot;:null,&quot;jet_parallax_layout_z_index&quot;:&quot;&quot;,&quot;jet_parallax_layout_bg_x&quot;:50,&quot;jet_parallax_layout_bg_x_tablet&quot;:&quot;&quot;,&quot;jet_parallax_layout_bg_x_mobile&quot;:&quot;&quot;,&quot;jet_parallax_layout_bg_y&quot;:50,&quot;jet_parallax_layout_bg_y_tablet&quot;:&quot;&quot;,&quot;jet_parallax_layout_bg_y_mobile&quot;:&quot;&quot;,&quot;jet_parallax_layout_bg_size&quot;:&quot;auto&quot;,&quot;jet_parallax_layout_bg_size_tablet&quot;:&quot;&quot;,&quot;jet_parallax_layout_bg_size_mobile&quot;:&quot;&quot;,&quot;jet_parallax_layout_animation_prop&quot;:&quot;transform&quot;,&quot;jet_parallax_layout_on&quot;:[&quot;desktop&quot;,&quot;tablet&quot;]}]}\">\n\t\t\t\t\t\t<div class=\"elementor-container elementor-column-gap-default\">\n\t\t\t\t\t<div class=\"elementor-column elementor-col-100 elementor-top-column elementor-element elementor-element-c73c239\" data-id=\"c73c239\" data-element_type=\"column\">\n\t\t\t<div class=\"elementor-widget-wrap elementor-element-populated\">\n\t\t\t\t\t\t<div class=\"elementor-element elementor-element-e9053d9 elementor-widget elementor-widget-shortcode\" data-id=\"e9053d9\" data-element_type=\"widget\" data-widget_type=\"shortcode.default\">\n\t\t\t\t\t\t\t<div class=\"elementor-shortcode\"><div class='printomatic pom-default ' id='id6041' alt='Imprimir' title='Imprimir' data-print_target='article'><\/div> <div class='printomatictext' id='id6041' alt='Imprimir' title='Imprimir' data-print_target='article'>Imprimir<\/div><div style='clear: both;'><\/div><\/div>\n\t\t\t\t\t\t<\/div>\n\t\t\t\t\t<\/div>\n\t\t<\/div>\n\t\t\t\t\t<\/div>\n\t\t<\/section>\n\t\t\t\t<\/div>\n\t\t","protected":false},"excerpt":{"rendered":"<p>ATA DO ALMOXARIFADO VIRTUAL EST\u00c1 VIGENTE!!! Aten\u00e7\u00e3o, servidor(a)! A Secretaria de Estado de Planejamento e Gest\u00e3o informa que a Ata de Registro de Pre\u00e7os do Novo Almoxarifado Virtual j\u00e1 est\u00e1 vigente!! Voc\u00ea, \u00d3rg\u00e3o\/Entidade Participante, j\u00e1 pode realizar sua contrata\u00e7\u00e3o, o que \u00e9 bem simples. A&nbsp; Autopel \u00e9 o novo fornecedor para 69 (sessenta e nove) [&hellip;]<\/p>\n","protected":false},"author":25,"featured_media":0,"comment_status":"closed","ping_status":"open","sticky":false,"template":"","format":"standard","meta":{"_joinchat":[],"footnotes":""},"categories":[25,34,33,38],"tags":[],"class_list":["post-32717","post","type-post","status-publish","format-standard","hentry","category-cat-capacitacao","category-cat-cursos-abertos","category-cat-cursos-internos","category-cat-informes"],"yoast_head":"<!-- This site is optimized with the Yoast SEO plugin v25.7 - https:\/\/yoast.com\/wordpress\/plugins\/seo\/ -->\n<title>INFORME N\u00ba 003\/2025 - ATA DE REGISTRO DE PRE\u00c7OS NOVO ALMOXARIFADO VIRTUAL N\u00b0 001\/2025 VIGENTE! - Redelog<\/title>\n<meta name=\"robots\" content=\"index, follow, max-snippet:-1, max-image-preview:large, max-video-preview:-1\" \/>\n<link rel=\"canonical\" href=\"https:\/\/redelog.rj.gov.br\/redelog\/informe-no-003-2025-ata-de-registro-de-precos-novo-almoxarifado-virtual-n-001-2025-vigente\/\" \/>\n<meta property=\"og:locale\" content=\"pt_BR\" \/>\n<meta property=\"og:type\" content=\"article\" \/>\n<meta property=\"og:title\" content=\"INFORME N\u00ba 003\/2025 - ATA DE REGISTRO DE PRE\u00c7OS NOVO ALMOXARIFADO VIRTUAL N\u00b0 001\/2025 VIGENTE! - Redelog\" \/>\n<meta property=\"og:description\" content=\"ATA DO ALMOXARIFADO VIRTUAL EST\u00c1 VIGENTE!!! Aten\u00e7\u00e3o, servidor(a)! A Secretaria de Estado de Planejamento e Gest\u00e3o informa que a Ata de Registro de Pre\u00e7os do Novo Almoxarifado Virtual j\u00e1 est\u00e1 vigente!! Voc\u00ea, \u00d3rg\u00e3o\/Entidade Participante, j\u00e1 pode realizar sua contrata\u00e7\u00e3o, o que \u00e9 bem simples. A&nbsp; Autopel \u00e9 o novo fornecedor para 69 (sessenta e nove) [&hellip;]\" \/>\n<meta property=\"og:url\" content=\"https:\/\/redelog.rj.gov.br\/redelog\/informe-no-003-2025-ata-de-registro-de-precos-novo-almoxarifado-virtual-n-001-2025-vigente\/\" \/>\n<meta property=\"og:site_name\" content=\"Redelog\" \/>\n<meta property=\"article:published_time\" content=\"2025-04-03T14:05:53+00:00\" \/>\n<meta property=\"article:modified_time\" content=\"2025-04-11T17:02:22+00:00\" \/>\n<meta property=\"og:image\" content=\"https:\/\/www.redelog.rj.gov.br\/redelog\/wp-content\/uploads\/2025\/04\/PADRAO-CARROSSEL-ALMOXARIFADO-VIRTUAL--1536x768.png\" \/>\n<meta name=\"author\" content=\"Luisa Maravilhas de Carvalho\" \/>\n<meta name=\"twitter:card\" content=\"summary_large_image\" \/>\n<meta name=\"twitter:label1\" content=\"Escrito por\" \/>\n\t<meta name=\"twitter:data1\" content=\"Luisa Maravilhas de Carvalho\" \/>\n\t<meta name=\"twitter:label2\" content=\"Est. tempo de leitura\" \/>\n\t<meta name=\"twitter:data2\" content=\"2 minutos\" \/>\n<script type=\"application\/ld+json\" class=\"yoast-schema-graph\">{\"@context\":\"https:\/\/schema.org\",\"@graph\":[{\"@type\":\"Article\",\"@id\":\"https:\/\/redelog.rj.gov.br\/redelog\/informe-no-003-2025-ata-de-registro-de-precos-novo-almoxarifado-virtual-n-001-2025-vigente\/#article\",\"isPartOf\":{\"@id\":\"https:\/\/redelog.rj.gov.br\/redelog\/informe-no-003-2025-ata-de-registro-de-precos-novo-almoxarifado-virtual-n-001-2025-vigente\/\"},\"author\":{\"name\":\"Luisa Maravilhas de Carvalho\",\"@id\":\"https:\/\/redelog.rj.gov.br\/redelog\/#\/schema\/person\/dd6a5779d3028a21ef65c6e4af7c1edb\"},\"headline\":\"INFORME N\u00ba 003\/2025 &#8211; ATA DE REGISTRO DE PRE\u00c7OS NOVO ALMOXARIFADO VIRTUAL N\u00b0 001\/2025 VIGENTE!\",\"datePublished\":\"2025-04-03T14:05:53+00:00\",\"dateModified\":\"2025-04-11T17:02:22+00:00\",\"mainEntityOfPage\":{\"@id\":\"https:\/\/redelog.rj.gov.br\/redelog\/informe-no-003-2025-ata-de-registro-de-precos-novo-almoxarifado-virtual-n-001-2025-vigente\/\"},\"wordCount\":243,\"publisher\":{\"@id\":\"https:\/\/redelog.rj.gov.br\/redelog\/#organization\"},\"image\":{\"@id\":\"https:\/\/redelog.rj.gov.br\/redelog\/informe-no-003-2025-ata-de-registro-de-precos-novo-almoxarifado-virtual-n-001-2025-vigente\/#primaryimage\"},\"thumbnailUrl\":\"https:\/\/www.redelog.rj.gov.br\/redelog\/wp-content\/uploads\/2025\/04\/PADRAO-CARROSSEL-ALMOXARIFADO-VIRTUAL--1536x768.png\",\"articleSection\":[\"Capacita\u00e7\u00e3o\",\"Cursos Abertos\",\"Cursos Internos\",\"Informes\"],\"inLanguage\":\"pt-BR\"},{\"@type\":\"WebPage\",\"@id\":\"https:\/\/redelog.rj.gov.br\/redelog\/informe-no-003-2025-ata-de-registro-de-precos-novo-almoxarifado-virtual-n-001-2025-vigente\/\",\"url\":\"https:\/\/redelog.rj.gov.br\/redelog\/informe-no-003-2025-ata-de-registro-de-precos-novo-almoxarifado-virtual-n-001-2025-vigente\/\",\"name\":\"INFORME N\u00ba 003\/2025 - ATA DE REGISTRO DE PRE\u00c7OS NOVO ALMOXARIFADO VIRTUAL N\u00b0 001\/2025 VIGENTE! - Redelog\",\"isPartOf\":{\"@id\":\"https:\/\/redelog.rj.gov.br\/redelog\/#website\"},\"primaryImageOfPage\":{\"@id\":\"https:\/\/redelog.rj.gov.br\/redelog\/informe-no-003-2025-ata-de-registro-de-precos-novo-almoxarifado-virtual-n-001-2025-vigente\/#primaryimage\"},\"image\":{\"@id\":\"https:\/\/redelog.rj.gov.br\/redelog\/informe-no-003-2025-ata-de-registro-de-precos-novo-almoxarifado-virtual-n-001-2025-vigente\/#primaryimage\"},\"thumbnailUrl\":\"https:\/\/www.redelog.rj.gov.br\/redelog\/wp-content\/uploads\/2025\/04\/PADRAO-CARROSSEL-ALMOXARIFADO-VIRTUAL--1536x768.png\",\"datePublished\":\"2025-04-03T14:05:53+00:00\",\"dateModified\":\"2025-04-11T17:02:22+00:00\",\"breadcrumb\":{\"@id\":\"https:\/\/redelog.rj.gov.br\/redelog\/informe-no-003-2025-ata-de-registro-de-precos-novo-almoxarifado-virtual-n-001-2025-vigente\/#breadcrumb\"},\"inLanguage\":\"pt-BR\",\"potentialAction\":[{\"@type\":\"ReadAction\",\"target\":[\"https:\/\/redelog.rj.gov.br\/redelog\/informe-no-003-2025-ata-de-registro-de-precos-novo-almoxarifado-virtual-n-001-2025-vigente\/\"]}]},{\"@type\":\"ImageObject\",\"inLanguage\":\"pt-BR\",\"@id\":\"https:\/\/redelog.rj.gov.br\/redelog\/informe-no-003-2025-ata-de-registro-de-precos-novo-almoxarifado-virtual-n-001-2025-vigente\/#primaryimage\",\"url\":\"https:\/\/www.redelog.rj.gov.br\/redelog\/wp-content\/uploads\/2025\/04\/PADRAO-CARROSSEL-ALMOXARIFADO-VIRTUAL--1536x768.png\",\"contentUrl\":\"https:\/\/www.redelog.rj.gov.br\/redelog\/wp-content\/uploads\/2025\/04\/PADRAO-CARROSSEL-ALMOXARIFADO-VIRTUAL--1536x768.png\"},{\"@type\":\"BreadcrumbList\",\"@id\":\"https:\/\/redelog.rj.gov.br\/redelog\/informe-no-003-2025-ata-de-registro-de-precos-novo-almoxarifado-virtual-n-001-2025-vigente\/#breadcrumb\",\"itemListElement\":[{\"@type\":\"ListItem\",\"position\":1,\"name\":\"Home\",\"item\":\"https:\/\/redelog.rj.gov.br\/redelog\/\"},{\"@type\":\"ListItem\",\"position\":2,\"name\":\"INFORME N\u00ba 003\/2025 &#8211; ATA DE REGISTRO DE PRE\u00c7OS NOVO ALMOXARIFADO VIRTUAL N\u00b0 001\/2025 VIGENTE!\"}]},{\"@type\":\"WebSite\",\"@id\":\"https:\/\/redelog.rj.gov.br\/redelog\/#website\",\"url\":\"https:\/\/redelog.rj.gov.br\/redelog\/\",\"name\":\"Redelog\",\"description\":\"Site da Rede de Log\u00edstica e Planejamento do Estado do Rio de Janeiro\",\"publisher\":{\"@id\":\"https:\/\/redelog.rj.gov.br\/redelog\/#organization\"},\"potentialAction\":[{\"@type\":\"SearchAction\",\"target\":{\"@type\":\"EntryPoint\",\"urlTemplate\":\"https:\/\/redelog.rj.gov.br\/redelog\/?s={search_term_string}\"},\"query-input\":{\"@type\":\"PropertyValueSpecification\",\"valueRequired\":true,\"valueName\":\"search_term_string\"}}],\"inLanguage\":\"pt-BR\"},{\"@type\":\"Organization\",\"@id\":\"https:\/\/redelog.rj.gov.br\/redelog\/#organization\",\"name\":\"REDELOG\",\"url\":\"https:\/\/redelog.rj.gov.br\/redelog\/\",\"logo\":{\"@type\":\"ImageObject\",\"inLanguage\":\"pt-BR\",\"@id\":\"https:\/\/redelog.rj.gov.br\/redelog\/#\/schema\/logo\/image\/\",\"url\":\"http:\/\/10.10.8.100:8888\/redelog\/wp-content\/uploads\/2019\/09\/Redelog2.png\",\"contentUrl\":\"http:\/\/10.10.8.100:8888\/redelog\/wp-content\/uploads\/2019\/09\/Redelog2.png\",\"width\":565,\"height\":155,\"caption\":\"REDELOG\"},\"image\":{\"@id\":\"https:\/\/redelog.rj.gov.br\/redelog\/#\/schema\/logo\/image\/\"}},{\"@type\":\"Person\",\"@id\":\"https:\/\/redelog.rj.gov.br\/redelog\/#\/schema\/person\/dd6a5779d3028a21ef65c6e4af7c1edb\",\"name\":\"Luisa Maravilhas de Carvalho\",\"image\":{\"@type\":\"ImageObject\",\"inLanguage\":\"pt-BR\",\"@id\":\"https:\/\/redelog.rj.gov.br\/redelog\/#\/schema\/person\/image\/\",\"url\":\"https:\/\/secure.gravatar.com\/avatar\/42eea343007bb4bb43265a1df0b9eebe3b0ff8ee578355b2f834803cdddc604a?s=96&d=mm&r=g\",\"contentUrl\":\"https:\/\/secure.gravatar.com\/avatar\/42eea343007bb4bb43265a1df0b9eebe3b0ff8ee578355b2f834803cdddc604a?s=96&d=mm&r=g\",\"caption\":\"Luisa Maravilhas de Carvalho\"},\"url\":\"https:\/\/redelog.rj.gov.br\/redelog\/author\/luisa-carvalho\/\"}]}<\/script>\n<!-- \/ Yoast SEO plugin. -->","yoast_head_json":{"title":"INFORME N\u00ba 003\/2025 - ATA DE REGISTRO DE PRE\u00c7OS NOVO ALMOXARIFADO VIRTUAL N\u00b0 001\/2025 VIGENTE! - Redelog","robots":{"index":"index","follow":"follow","max-snippet":"max-snippet:-1","max-image-preview":"max-image-preview:large","max-video-preview":"max-video-preview:-1"},"canonical":"https:\/\/redelog.rj.gov.br\/redelog\/informe-no-003-2025-ata-de-registro-de-precos-novo-almoxarifado-virtual-n-001-2025-vigente\/","og_locale":"pt_BR","og_type":"article","og_title":"INFORME N\u00ba 003\/2025 - ATA DE REGISTRO DE PRE\u00c7OS NOVO ALMOXARIFADO VIRTUAL N\u00b0 001\/2025 VIGENTE! - Redelog","og_description":"ATA DO ALMOXARIFADO VIRTUAL EST\u00c1 VIGENTE!!! Aten\u00e7\u00e3o, servidor(a)! A Secretaria de Estado de Planejamento e Gest\u00e3o informa que a Ata de Registro de Pre\u00e7os do Novo Almoxarifado Virtual j\u00e1 est\u00e1 vigente!! Voc\u00ea, \u00d3rg\u00e3o\/Entidade Participante, j\u00e1 pode realizar sua contrata\u00e7\u00e3o, o que \u00e9 bem simples. A&nbsp; Autopel \u00e9 o novo fornecedor para 69 (sessenta e nove) [&hellip;]","og_url":"https:\/\/redelog.rj.gov.br\/redelog\/informe-no-003-2025-ata-de-registro-de-precos-novo-almoxarifado-virtual-n-001-2025-vigente\/","og_site_name":"Redelog","article_published_time":"2025-04-03T14:05:53+00:00","article_modified_time":"2025-04-11T17:02:22+00:00","og_image":[{"url":"https:\/\/www.redelog.rj.gov.br\/redelog\/wp-content\/uploads\/2025\/04\/PADRAO-CARROSSEL-ALMOXARIFADO-VIRTUAL--1536x768.png","type":"","width":"","height":""}],"author":"Luisa Maravilhas de Carvalho","twitter_card":"summary_large_image","twitter_misc":{"Escrito por":"Luisa Maravilhas de Carvalho","Est. tempo de leitura":"2 minutos"},"schema":{"@context":"https:\/\/schema.org","@graph":[{"@type":"Article","@id":"https:\/\/redelog.rj.gov.br\/redelog\/informe-no-003-2025-ata-de-registro-de-precos-novo-almoxarifado-virtual-n-001-2025-vigente\/#article","isPartOf":{"@id":"https:\/\/redelog.rj.gov.br\/redelog\/informe-no-003-2025-ata-de-registro-de-precos-novo-almoxarifado-virtual-n-001-2025-vigente\/"},"author":{"name":"Luisa Maravilhas de Carvalho","@id":"https:\/\/redelog.rj.gov.br\/redelog\/#\/schema\/person\/dd6a5779d3028a21ef65c6e4af7c1edb"},"headline":"INFORME N\u00ba 003\/2025 &#8211; ATA DE REGISTRO DE PRE\u00c7OS NOVO ALMOXARIFADO VIRTUAL N\u00b0 001\/2025 VIGENTE!","datePublished":"2025-04-03T14:05:53+00:00","dateModified":"2025-04-11T17:02:22+00:00","mainEntityOfPage":{"@id":"https:\/\/redelog.rj.gov.br\/redelog\/informe-no-003-2025-ata-de-registro-de-precos-novo-almoxarifado-virtual-n-001-2025-vigente\/"},"wordCount":243,"publisher":{"@id":"https:\/\/redelog.rj.gov.br\/redelog\/#organization"},"image":{"@id":"https:\/\/redelog.rj.gov.br\/redelog\/informe-no-003-2025-ata-de-registro-de-precos-novo-almoxarifado-virtual-n-001-2025-vigente\/#primaryimage"},"thumbnailUrl":"https:\/\/www.redelog.rj.gov.br\/redelog\/wp-content\/uploads\/2025\/04\/PADRAO-CARROSSEL-ALMOXARIFADO-VIRTUAL--1536x768.png","articleSection":["Capacita\u00e7\u00e3o","Cursos Abertos","Cursos Internos","Informes"],"inLanguage":"pt-BR"},{"@type":"WebPage","@id":"https:\/\/redelog.rj.gov.br\/redelog\/informe-no-003-2025-ata-de-registro-de-precos-novo-almoxarifado-virtual-n-001-2025-vigente\/","url":"https:\/\/redelog.rj.gov.br\/redelog\/informe-no-003-2025-ata-de-registro-de-precos-novo-almoxarifado-virtual-n-001-2025-vigente\/","name":"INFORME N\u00ba 003\/2025 - ATA DE REGISTRO DE PRE\u00c7OS NOVO ALMOXARIFADO VIRTUAL N\u00b0 001\/2025 VIGENTE! - Redelog","isPartOf":{"@id":"https:\/\/redelog.rj.gov.br\/redelog\/#website"},"primaryImageOfPage":{"@id":"https:\/\/redelog.rj.gov.br\/redelog\/informe-no-003-2025-ata-de-registro-de-precos-novo-almoxarifado-virtual-n-001-2025-vigente\/#primaryimage"},"image":{"@id":"https:\/\/redelog.rj.gov.br\/redelog\/informe-no-003-2025-ata-de-registro-de-precos-novo-almoxarifado-virtual-n-001-2025-vigente\/#primaryimage"},"thumbnailUrl":"https:\/\/www.redelog.rj.gov.br\/redelog\/wp-content\/uploads\/2025\/04\/PADRAO-CARROSSEL-ALMOXARIFADO-VIRTUAL--1536x768.png","datePublished":"2025-04-03T14:05:53+00:00","dateModified":"2025-04-11T17:02:22+00:00","breadcrumb":{"@id":"https:\/\/redelog.rj.gov.br\/redelog\/informe-no-003-2025-ata-de-registro-de-precos-novo-almoxarifado-virtual-n-001-2025-vigente\/#breadcrumb"},"inLanguage":"pt-BR","potentialAction":[{"@type":"ReadAction","target":["https:\/\/redelog.rj.gov.br\/redelog\/informe-no-003-2025-ata-de-registro-de-precos-novo-almoxarifado-virtual-n-001-2025-vigente\/"]}]},{"@type":"ImageObject","inLanguage":"pt-BR","@id":"https:\/\/redelog.rj.gov.br\/redelog\/informe-no-003-2025-ata-de-registro-de-precos-novo-almoxarifado-virtual-n-001-2025-vigente\/#primaryimage","url":"https:\/\/www.redelog.rj.gov.br\/redelog\/wp-content\/uploads\/2025\/04\/PADRAO-CARROSSEL-ALMOXARIFADO-VIRTUAL--1536x768.png","contentUrl":"https:\/\/www.redelog.rj.gov.br\/redelog\/wp-content\/uploads\/2025\/04\/PADRAO-CARROSSEL-ALMOXARIFADO-VIRTUAL--1536x768.png"},{"@type":"BreadcrumbList","@id":"https:\/\/redelog.rj.gov.br\/redelog\/informe-no-003-2025-ata-de-registro-de-precos-novo-almoxarifado-virtual-n-001-2025-vigente\/#breadcrumb","itemListElement":[{"@type":"ListItem","position":1,"name":"Home","item":"https:\/\/redelog.rj.gov.br\/redelog\/"},{"@type":"ListItem","position":2,"name":"INFORME N\u00ba 003\/2025 &#8211; ATA DE REGISTRO DE PRE\u00c7OS NOVO ALMOXARIFADO VIRTUAL N\u00b0 001\/2025 VIGENTE!"}]},{"@type":"WebSite","@id":"https:\/\/redelog.rj.gov.br\/redelog\/#website","url":"https:\/\/redelog.rj.gov.br\/redelog\/","name":"Redelog","description":"Site da Rede de Log\u00edstica e Planejamento do Estado do Rio de Janeiro","publisher":{"@id":"https:\/\/redelog.rj.gov.br\/redelog\/#organization"},"potentialAction":[{"@type":"SearchAction","target":{"@type":"EntryPoint","urlTemplate":"https:\/\/redelog.rj.gov.br\/redelog\/?s={search_term_string}"},"query-input":{"@type":"PropertyValueSpecification","valueRequired":true,"valueName":"search_term_string"}}],"inLanguage":"pt-BR"},{"@type":"Organization","@id":"https:\/\/redelog.rj.gov.br\/redelog\/#organization","name":"REDELOG","url":"https:\/\/redelog.rj.gov.br\/redelog\/","logo":{"@type":"ImageObject","inLanguage":"pt-BR","@id":"https:\/\/redelog.rj.gov.br\/redelog\/#\/schema\/logo\/image\/","url":"http:\/\/10.10.8.100:8888\/redelog\/wp-content\/uploads\/2019\/09\/Redelog2.png","contentUrl":"http:\/\/10.10.8.100:8888\/redelog\/wp-content\/uploads\/2019\/09\/Redelog2.png","width":565,"height":155,"caption":"REDELOG"},"image":{"@id":"https:\/\/redelog.rj.gov.br\/redelog\/#\/schema\/logo\/image\/"}},{"@type":"Person","@id":"https:\/\/redelog.rj.gov.br\/redelog\/#\/schema\/person\/dd6a5779d3028a21ef65c6e4af7c1edb","name":"Luisa Maravilhas de Carvalho","image":{"@type":"ImageObject","inLanguage":"pt-BR","@id":"https:\/\/redelog.rj.gov.br\/redelog\/#\/schema\/person\/image\/","url":"https:\/\/secure.gravatar.com\/avatar\/42eea343007bb4bb43265a1df0b9eebe3b0ff8ee578355b2f834803cdddc604a?s=96&d=mm&r=g","contentUrl":"https:\/\/secure.gravatar.com\/avatar\/42eea343007bb4bb43265a1df0b9eebe3b0ff8ee578355b2f834803cdddc604a?s=96&d=mm&r=g","caption":"Luisa Maravilhas de Carvalho"},"url":"https:\/\/redelog.rj.gov.br\/redelog\/author\/luisa-carvalho\/"}]}},"_links":{"self":[{"href":"https:\/\/redelog.rj.gov.br\/redelog\/wp-json\/wp\/v2\/posts\/32717","targetHints":{"allow":["GET"]}}],"collection":[{"href":"https:\/\/redelog.rj.gov.br\/redelog\/wp-json\/wp\/v2\/posts"}],"about":[{"href":"https:\/\/redelog.rj.gov.br\/redelog\/wp-json\/wp\/v2\/types\/post"}],"author":[{"embeddable":true,"href":"https:\/\/redelog.rj.gov.br\/redelog\/wp-json\/wp\/v2\/users\/25"}],"replies":[{"embeddable":true,"href":"https:\/\/redelog.rj.gov.br\/redelog\/wp-json\/wp\/v2\/comments?post=32717"}],"version-history":[{"count":19,"href":"https:\/\/redelog.rj.gov.br\/redelog\/wp-json\/wp\/v2\/posts\/32717\/revisions"}],"predecessor-version":[{"id":32952,"href":"https:\/\/redelog.rj.gov.br\/redelog\/wp-json\/wp\/v2\/posts\/32717\/revisions\/32952"}],"wp:attachment":[{"href":"https:\/\/redelog.rj.gov.br\/redelog\/wp-json\/wp\/v2\/media?parent=32717"}],"wp:term":[{"taxonomy":"category","embeddable":true,"href":"https:\/\/redelog.rj.gov.br\/redelog\/wp-json\/wp\/v2\/categories?post=32717"},{"taxonomy":"post_tag","embeddable":true,"href":"https:\/\/redelog.rj.gov.br\/redelog\/wp-json\/wp\/v2\/tags?post=32717"}],"curies":[{"name":"wp","href":"https:\/\/api.w.org\/{rel}","templated":true}]}}