{"id":32624,"date":"2025-03-28T11:18:26","date_gmt":"2025-03-28T14:18:26","guid":{"rendered":"https:\/\/redelog.rj.gov.br\/redelog\/?p=32624"},"modified":"2025-03-28T11:22:21","modified_gmt":"2025-03-28T14:22:21","slug":"informe-no-002-2025-orientacao-para-o-relatorio-do-pca-2025","status":"publish","type":"post","link":"https:\/\/redelog.rj.gov.br\/redelog\/informe-no-002-2025-orientacao-para-o-relatorio-do-pca-2025\/","title":{"rendered":"INFORME N\u00ba 002\/2025 &#8211; ORIENTA\u00c7\u00c3O PARA O RELAT\u00d3RIO DE RISCO DO PCA 2025"},"content":{"rendered":"\t\t<div data-elementor-type=\"wp-post\" data-elementor-id=\"32624\" class=\"elementor elementor-32624\" data-elementor-post-type=\"post\">\n\t\t\t\t\t\t<section class=\"elementor-section elementor-top-section elementor-element elementor-element-6c3a1ab elementor-section-boxed elementor-section-height-default elementor-section-height-default\" data-id=\"6c3a1ab\" data-element_type=\"section\" data-settings=\"{&quot;jet_parallax_layout_list&quot;:[{&quot;jet_parallax_layout_image&quot;:{&quot;url&quot;:&quot;&quot;,&quot;id&quot;:&quot;&quot;,&quot;size&quot;:&quot;&quot;},&quot;_id&quot;:&quot;1ef5c32&quot;,&quot;jet_parallax_layout_image_tablet&quot;:{&quot;url&quot;:&quot;&quot;,&quot;id&quot;:&quot;&quot;,&quot;size&quot;:&quot;&quot;},&quot;jet_parallax_layout_image_mobile&quot;:{&quot;url&quot;:&quot;&quot;,&quot;id&quot;:&quot;&quot;,&quot;size&quot;:&quot;&quot;},&quot;jet_parallax_layout_speed&quot;:{&quot;unit&quot;:&quot;%&quot;,&quot;size&quot;:50,&quot;sizes&quot;:[]},&quot;jet_parallax_layout_type&quot;:&quot;scroll&quot;,&quot;jet_parallax_layout_direction&quot;:&quot;1&quot;,&quot;jet_parallax_layout_fx_direction&quot;:null,&quot;jet_parallax_layout_z_index&quot;:&quot;&quot;,&quot;jet_parallax_layout_bg_x&quot;:50,&quot;jet_parallax_layout_bg_x_tablet&quot;:&quot;&quot;,&quot;jet_parallax_layout_bg_x_mobile&quot;:&quot;&quot;,&quot;jet_parallax_layout_bg_y&quot;:50,&quot;jet_parallax_layout_bg_y_tablet&quot;:&quot;&quot;,&quot;jet_parallax_layout_bg_y_mobile&quot;:&quot;&quot;,&quot;jet_parallax_layout_bg_size&quot;:&quot;auto&quot;,&quot;jet_parallax_layout_bg_size_tablet&quot;:&quot;&quot;,&quot;jet_parallax_layout_bg_size_mobile&quot;:&quot;&quot;,&quot;jet_parallax_layout_animation_prop&quot;:&quot;transform&quot;,&quot;jet_parallax_layout_on&quot;:[&quot;desktop&quot;,&quot;tablet&quot;]}]}\">\n\t\t\t\t\t\t<div class=\"elementor-container elementor-column-gap-default\">\n\t\t\t\t\t<div class=\"elementor-column elementor-col-100 elementor-top-column elementor-element elementor-element-1c4e78d\" data-id=\"1c4e78d\" data-element_type=\"column\">\n\t\t\t<div class=\"elementor-widget-wrap elementor-element-populated\">\n\t\t\t\t\t\t<div class=\"elementor-element elementor-element-006a75b elementor-widget-divider--view-line elementor-widget elementor-widget-divider\" data-id=\"006a75b\" data-element_type=\"widget\" data-widget_type=\"divider.default\">\n\t\t\t\t\t\t\t<div class=\"elementor-divider\">\n\t\t\t<span class=\"elementor-divider-separator\">\n\t\t\t\t\t\t<\/span>\n\t\t<\/div>\n\t\t\t\t\t\t<\/div>\n\t\t\t\t<div class=\"elementor-element elementor-element-dea6164 elementor-widget elementor-widget-image\" data-id=\"dea6164\" data-element_type=\"widget\" data-widget_type=\"image.default\">\n\t\t\t\t\t\t\t\t\t\t\t\t\t\t\t<img fetchpriority=\"high\" decoding=\"async\" width=\"1536\" height=\"768\" src=\"https:\/\/redelog.rj.gov.br\/redelog\/wp-content\/uploads\/2025\/03\/COMUNICADO-PCA-RJ-INFORME-DA-REDELOG-1536x768.jpg\" class=\"attachment-1536x1536 size-1536x1536 wp-image-32626\" alt=\"\" srcset=\"https:\/\/redelog.rj.gov.br\/redelog\/wp-content\/uploads\/2025\/03\/COMUNICADO-PCA-RJ-INFORME-DA-REDELOG-1536x768.jpg 1536w, https:\/\/redelog.rj.gov.br\/redelog\/wp-content\/uploads\/2025\/03\/COMUNICADO-PCA-RJ-INFORME-DA-REDELOG-300x150.jpg 300w, https:\/\/redelog.rj.gov.br\/redelog\/wp-content\/uploads\/2025\/03\/COMUNICADO-PCA-RJ-INFORME-DA-REDELOG-1024x512.jpg 1024w, https:\/\/redelog.rj.gov.br\/redelog\/wp-content\/uploads\/2025\/03\/COMUNICADO-PCA-RJ-INFORME-DA-REDELOG-768x384.jpg 768w, https:\/\/redelog.rj.gov.br\/redelog\/wp-content\/uploads\/2025\/03\/COMUNICADO-PCA-RJ-INFORME-DA-REDELOG-600x300.jpg 600w, https:\/\/redelog.rj.gov.br\/redelog\/wp-content\/uploads\/2025\/03\/COMUNICADO-PCA-RJ-INFORME-DA-REDELOG-1280x640.jpg 1280w, https:\/\/redelog.rj.gov.br\/redelog\/wp-content\/uploads\/2025\/03\/COMUNICADO-PCA-RJ-INFORME-DA-REDELOG.jpg 1600w\" sizes=\"(max-width: 1536px) 100vw, 1536px\" \/>\t\t\t\t\t\t\t\t\t\t\t\t\t\t\t<\/div>\n\t\t\t\t<div class=\"elementor-element elementor-element-5681a30 elementor-widget elementor-widget-spacer\" data-id=\"5681a30\" data-element_type=\"widget\" data-widget_type=\"spacer.default\">\n\t\t\t\t\t\t\t<div class=\"elementor-spacer\">\n\t\t\t<div class=\"elementor-spacer-inner\"><\/div>\n\t\t<\/div>\n\t\t\t\t\t\t<\/div>\n\t\t\t\t<div class=\"elementor-element elementor-element-9ea66cd elementor-widget elementor-widget-text-editor\" data-id=\"9ea66cd\" data-element_type=\"widget\" data-widget_type=\"text-editor.default\">\n\t\t\t\t\t\t\t\t\t<p>Divulgamos aos usu\u00e1rios do Sistema PCA orienta\u00e7\u00e3o para a elabora\u00e7\u00e3o do Relat\u00f3rio de Riscos de n\u00e3o Efetiva\u00e7\u00e3o da Contrata\u00e7\u00e3o previsto no art. 11, \u00a7 1\u00ba, do <a href=\"https:\/\/leisestaduais.com.br\/rj\/decreto-n-48760-2023-rio-de-janeiro-implementa-o-plano-de-contratacoes-anual-pca-e-institui-o-sistema-pca-rj-no-ambito-da-administracao-publica-estadual-direta-autarquica-e-fundacional?q=48.760&amp;origin=instituicao#\"><strong>Decreto n\u00ba 48.760\/2023<\/strong><\/a>, que a partir do ano de 2025 ser\u00e1 elaborado semestralmente, conforme estabelecido pelo normativo. \u00a0<\/p><p>A seguir reiteramos as orienta\u00e7\u00f5es apresentadas no ciclo de 2024 para sua elabora\u00e7\u00e3o utilizando-se o documento da extra\u00e7\u00e3o do Plano de Contrata\u00e7\u00f5es Anual publicado:<\/p><p>1 \u2013 Acesse o link <em><strong><a href=\"https:\/\/redelog.rj.gov.br\/redelog\/extracao-da-base-de-dados-pca-2024-e-2025\">https:\/\/redelog.rj.gov.br\/redelog\/extracao-da-base-de-dados-pca-2024-e-2025<\/a><\/strong>\/<\/em>. Baixe a planilha com a Extra\u00e7\u00e3o da Base de Dados, abra e salve como tipo de arquivo .xlsx com o nome sugerido de \u201cRisco de n\u00e3o contrata\u00e7\u00e3o\u201d.<\/p><p>\u00a02 \u2013 Adicione a op\u00e7\u00e3o de filtros na planilha (menu Dados\/Filtro). Filtre a coluna \u201cUnidade\u201d usando como a argumento palavras-chave do nome da sua unidade.<\/p><p>3 &#8211; Na \u00faltima coluna (Ano Vig\u00eancia PCA) utilize o filtro para selecionar o ano desejado (2025).<\/p><p>4 \u2013 Na coluna K (Data desejada) utilize o filtro para selecionar os meses desejados, se for o 1\u00ba relat\u00f3rio ser\u00e1 o per\u00edodo de janeiro a junho, se for o 2\u00ba relat\u00f3rio, ser\u00e1 o per\u00edodo de julho a dezembro. \u00a0<\/p><p>5 \u2013 Copie todas as linhas filtradas e cole em uma nova aba eliminando, assim, todas as demais unidades.<\/p><p>6 \u2013 H\u00e1 v\u00e1rias formas de se chegar \u00e0 lista final de itens que n\u00e3o foram contratados como planejado: adicione uma nova coluna antes ou ap\u00f3s a coluna: Data desejada, procure a partir das datas desejadas os itens que n\u00e3o foram contratados. Na nova coluna, coloque na linha correspondente ao item encontrado um argumento (um ou mais caracteres), inclua filtro para esta nova coluna e selecione por \u201cvazias\u201d no menu de filtro. Apague todas as linhas filtradas e exclua a nova coluna usada para o filtro. Assim, permanecer\u00e3o apenas os itens desejados (n\u00e3o contratados). Inversamente, se h\u00e1 poucos itens \u201cn\u00e3o contratados\u201d, filtre pelo argumento destes itens e copie todas as linhas filtradas, inclusive a linha 1, para uma nova aba na planilha. Descarte as abas intermedi\u00e1rias que tenha usado para chegar na aba final.<\/p><p>7 \u2013 Na aba final, na primeira linha (linha de cabe\u00e7alho), depois das colunas com dados, inclua mais duas colunas com o seguinte nome: \u201cConsequ\u00eancias da n\u00e3o efetiva\u00e7\u00e3o da contrata\u00e7\u00e3o\u201d e \u201cMedidas de corre\u00e7\u00e3o das demandas previstas no PCA\u201d. A primeira representa o risco de n\u00e3o contrata\u00e7\u00e3o e deve ser preenchida pelo gestor setorial da REDELOG; j\u00e1 a segunda expressa a forma dispon\u00edvel de mitiga\u00e7\u00e3o do risco e deve ser decidida, com a anu\u00eancia do Ordenador de Despesa, mediante a escolha de uma das quatro op\u00e7\u00f5es seguintes: 1 &#8211; Data postergada dentro do exerc\u00edcio de execu\u00e7\u00e3o; 2- Item cancelado no atual PCA e sem novo lan\u00e7amento no pr\u00f3ximo PCA ou 3- Item cancelado no atual PCA e a ser lan\u00e7ado no pr\u00f3ximo PCA e 4 \u2013 outra op\u00e7\u00e3o a ser descrita na c\u00e9lula. Observamos a obriga\u00e7\u00e3o do preenchimento destas duas \u00faltimas colunas para cada item n\u00e3o contratado.<\/p><p>8 \u2013 Ao fim do preenchimento, esta planilha de relat\u00f3rio de risco deve ser inclu\u00edda no processo de acompanhamento do PCA como previsto no artigo 10 do Decreto n\u00ba 48.760\/2023.<\/p><p>Segue modelo de planilha e manual de orienta\u00e7\u00f5es de elabora\u00e7\u00e3o do relat\u00f3rio:<\/p><ul><li><a href=\"https:\/\/www.redelog.rj.gov.br\/redelog\/wp-content\/uploads\/2025\/03\/Modelo-Risco-de-nao-contratacao-1.xlsx\"><strong>Relat\u00f3rio de Riscos da n\u00e3o Contrata\u00e7\u00e3o<\/strong><\/a><\/li><li><a href=\"https:\/\/www.redelog.rj.gov.br\/redelog\/wp-content\/uploads\/2025\/03\/PCA-orientacao-relatorio-2025.pdf\"><strong>Manual de orienta\u00e7\u00f5es<\/strong><\/a><\/li><\/ul><p>Quanto \u00e0 periodicidade da elabora\u00e7\u00e3o, orientamos que o 1\u00ba relat\u00f3rio contemplando a an\u00e1lise do impacto de n\u00e3o contrata\u00e7\u00e3o (risco) inclua as demandas previstas at\u00e9 o m\u00eas de junho, at\u00e9 o final do primeiro semestre do ano, e o 2\u00ba relat\u00f3rio inclua as demandas previstas de julho a dezembro do ano em refer\u00eancia, at\u00e9 o final do segundo semestre.<\/p><p>Ademais, alertamos as setoriais em rela\u00e7\u00e3o \u00e0 abertura do Processo Administrativo de Execu\u00e7\u00e3o e Acompanhamento do PCA, utilizando o tipo processual:\u00a0 &#8220;Log\u00edstica: Plano de Contrata\u00e7\u00f5es Anual&#8221; e a orienta\u00e7\u00e3o quanto \u00e0 instru\u00e7\u00e3o m\u00ednima: ato de inaugura\u00e7\u00e3o do processo e relat\u00f3rio consolidado extra\u00eddo do Sistema PCA, contido no art. 10 e 11 do <a href=\"https:\/\/leisestaduais.com.br\/rj\/decreto-n-48760-2023-rio-de-janeiro-implementa-o-plano-de-contratacoes-anual-pca-e-institui-o-sistema-pca-rj-no-ambito-da-administracao-publica-estadual-direta-autarquica-e-fundacional?q=48.760&amp;origin=instituicao#\"><strong>Decreto n\u00b0 48.760\/2023<\/strong><\/a>.<\/p><p>Em caso de d\u00favidas, favor realizar contato por meio do Fale Conosco:\u00a0<a href=\"https:\/\/www.compras.rj.gov.br\/suportelogistico\/#\/novo-atendimento\"><strong>https:\/\/www.compras.rj.gov.br\/suportelogistico\/#\/novo-atendimento<\/strong><\/a><\/p>\t\t\t\t\t\t\t\t<\/div>\n\t\t\t\t<div class=\"elementor-element elementor-element-cce8883 elementor-widget-divider--view-line elementor-widget elementor-widget-divider\" data-id=\"cce8883\" data-element_type=\"widget\" data-widget_type=\"divider.default\">\n\t\t\t\t\t\t\t<div class=\"elementor-divider\">\n\t\t\t<span class=\"elementor-divider-separator\">\n\t\t\t\t\t\t<\/span>\n\t\t<\/div>\n\t\t\t\t\t\t<\/div>\n\t\t\t\t\t<\/div>\n\t\t<\/div>\n\t\t\t\t\t<\/div>\n\t\t<\/section>\n\t\t\t\t<section class=\"elementor-section elementor-top-section elementor-element elementor-element-8399409 elementor-section-boxed elementor-section-height-default elementor-section-height-default\" data-id=\"8399409\" data-element_type=\"section\" data-settings=\"{&quot;jet_parallax_layout_list&quot;:[{&quot;jet_parallax_layout_image&quot;:{&quot;url&quot;:&quot;&quot;,&quot;id&quot;:&quot;&quot;,&quot;size&quot;:&quot;&quot;},&quot;_id&quot;:&quot;8c16c45&quot;,&quot;jet_parallax_layout_image_tablet&quot;:{&quot;url&quot;:&quot;&quot;,&quot;id&quot;:&quot;&quot;,&quot;size&quot;:&quot;&quot;},&quot;jet_parallax_layout_image_mobile&quot;:{&quot;url&quot;:&quot;&quot;,&quot;id&quot;:&quot;&quot;,&quot;size&quot;:&quot;&quot;},&quot;jet_parallax_layout_speed&quot;:{&quot;unit&quot;:&quot;%&quot;,&quot;size&quot;:50,&quot;sizes&quot;:[]},&quot;jet_parallax_layout_type&quot;:&quot;scroll&quot;,&quot;jet_parallax_layout_direction&quot;:&quot;1&quot;,&quot;jet_parallax_layout_fx_direction&quot;:null,&quot;jet_parallax_layout_z_index&quot;:&quot;&quot;,&quot;jet_parallax_layout_bg_x&quot;:50,&quot;jet_parallax_layout_bg_x_tablet&quot;:&quot;&quot;,&quot;jet_parallax_layout_bg_x_mobile&quot;:&quot;&quot;,&quot;jet_parallax_layout_bg_y&quot;:50,&quot;jet_parallax_layout_bg_y_tablet&quot;:&quot;&quot;,&quot;jet_parallax_layout_bg_y_mobile&quot;:&quot;&quot;,&quot;jet_parallax_layout_bg_size&quot;:&quot;auto&quot;,&quot;jet_parallax_layout_bg_size_tablet&quot;:&quot;&quot;,&quot;jet_parallax_layout_bg_size_mobile&quot;:&quot;&quot;,&quot;jet_parallax_layout_animation_prop&quot;:&quot;transform&quot;,&quot;jet_parallax_layout_on&quot;:[&quot;desktop&quot;,&quot;tablet&quot;]}]}\">\n\t\t\t\t\t\t<div class=\"elementor-container elementor-column-gap-default\">\n\t\t\t\t\t<div class=\"elementor-column elementor-col-100 elementor-top-column elementor-element elementor-element-c73c239\" data-id=\"c73c239\" data-element_type=\"column\">\n\t\t\t<div class=\"elementor-widget-wrap elementor-element-populated\">\n\t\t\t\t\t\t<div class=\"elementor-element elementor-element-e9053d9 elementor-widget elementor-widget-shortcode\" data-id=\"e9053d9\" data-element_type=\"widget\" data-widget_type=\"shortcode.default\">\n\t\t\t\t\t\t\t<div class=\"elementor-shortcode\"><div class='printomatic pom-default ' id='id3194' alt='Imprimir' title='Imprimir' data-print_target='article'><\/div> <div class='printomatictext' id='id3194' alt='Imprimir' title='Imprimir' data-print_target='article'>Imprimir<\/div><div style='clear: both;'><\/div><\/div>\n\t\t\t\t\t\t<\/div>\n\t\t\t\t\t<\/div>\n\t\t<\/div>\n\t\t\t\t\t<\/div>\n\t\t<\/section>\n\t\t\t\t<\/div>\n\t\t","protected":false},"excerpt":{"rendered":"<p>Divulgamos aos usu\u00e1rios do Sistema PCA orienta\u00e7\u00e3o para a elabora\u00e7\u00e3o do Relat\u00f3rio de Riscos de n\u00e3o Efetiva\u00e7\u00e3o da Contrata\u00e7\u00e3o previsto no art. 11, \u00a7 1\u00ba, do Decreto n\u00ba 48.760\/2023, que a partir do ano de 2025 ser\u00e1 elaborado semestralmente, conforme estabelecido pelo normativo. \u00a0 A seguir reiteramos as orienta\u00e7\u00f5es apresentadas no ciclo de 2024 para [&hellip;]<\/p>\n","protected":false},"author":25,"featured_media":0,"comment_status":"closed","ping_status":"open","sticky":false,"template":"","format":"standard","meta":{"_joinchat":[],"footnotes":""},"categories":[38],"tags":[],"class_list":["post-32624","post","type-post","status-publish","format-standard","hentry","category-cat-informes"],"yoast_head":"<!-- This site is optimized with the Yoast SEO plugin v25.7 - https:\/\/yoast.com\/wordpress\/plugins\/seo\/ -->\n<title>INFORME N\u00ba 002\/2025 - ORIENTA\u00c7\u00c3O PARA O RELAT\u00d3RIO DE RISCO DO PCA 2025 - Redelog<\/title>\n<meta name=\"robots\" content=\"index, follow, max-snippet:-1, max-image-preview:large, max-video-preview:-1\" \/>\n<link rel=\"canonical\" href=\"https:\/\/redelog.rj.gov.br\/redelog\/informe-no-002-2025-orientacao-para-o-relatorio-do-pca-2025\/\" \/>\n<meta property=\"og:locale\" content=\"pt_BR\" \/>\n<meta property=\"og:type\" content=\"article\" \/>\n<meta property=\"og:title\" content=\"INFORME N\u00ba 002\/2025 - ORIENTA\u00c7\u00c3O PARA O RELAT\u00d3RIO DE RISCO DO PCA 2025 - Redelog\" \/>\n<meta property=\"og:description\" content=\"Divulgamos aos usu\u00e1rios do Sistema PCA orienta\u00e7\u00e3o para a elabora\u00e7\u00e3o do Relat\u00f3rio de Riscos de n\u00e3o Efetiva\u00e7\u00e3o da Contrata\u00e7\u00e3o previsto no art. 11, \u00a7 1\u00ba, do Decreto n\u00ba 48.760\/2023, que a partir do ano de 2025 ser\u00e1 elaborado semestralmente, conforme estabelecido pelo normativo. \u00a0 A seguir reiteramos as orienta\u00e7\u00f5es apresentadas no ciclo de 2024 para [&hellip;]\" \/>\n<meta property=\"og:url\" content=\"https:\/\/redelog.rj.gov.br\/redelog\/informe-no-002-2025-orientacao-para-o-relatorio-do-pca-2025\/\" \/>\n<meta property=\"og:site_name\" content=\"Redelog\" \/>\n<meta property=\"article:published_time\" content=\"2025-03-28T14:18:26+00:00\" \/>\n<meta property=\"article:modified_time\" content=\"2025-03-28T14:22:21+00:00\" \/>\n<meta property=\"og:image\" content=\"https:\/\/www.redelog.rj.gov.br\/redelog\/wp-content\/uploads\/2025\/03\/COMUNICADO-PCA-RJ-INFORME-DA-REDELOG-1536x768.jpg\" \/>\n<meta name=\"author\" content=\"Luisa Maravilhas de Carvalho\" \/>\n<meta name=\"twitter:card\" content=\"summary_large_image\" \/>\n<meta name=\"twitter:label1\" content=\"Escrito por\" \/>\n\t<meta name=\"twitter:data1\" content=\"Luisa Maravilhas de Carvalho\" \/>\n\t<meta name=\"twitter:label2\" content=\"Est. tempo de leitura\" \/>\n\t<meta name=\"twitter:data2\" content=\"2 minutos\" \/>\n<script type=\"application\/ld+json\" class=\"yoast-schema-graph\">{\"@context\":\"https:\/\/schema.org\",\"@graph\":[{\"@type\":\"Article\",\"@id\":\"https:\/\/redelog.rj.gov.br\/redelog\/informe-no-002-2025-orientacao-para-o-relatorio-do-pca-2025\/#article\",\"isPartOf\":{\"@id\":\"https:\/\/redelog.rj.gov.br\/redelog\/informe-no-002-2025-orientacao-para-o-relatorio-do-pca-2025\/\"},\"author\":{\"name\":\"Luisa Maravilhas de Carvalho\",\"@id\":\"https:\/\/redelog.rj.gov.br\/redelog\/#\/schema\/person\/dd6a5779d3028a21ef65c6e4af7c1edb\"},\"headline\":\"INFORME N\u00ba 002\/2025 &#8211; ORIENTA\u00c7\u00c3O PARA O RELAT\u00d3RIO DE RISCO DO PCA 2025\",\"datePublished\":\"2025-03-28T14:18:26+00:00\",\"dateModified\":\"2025-03-28T14:22:21+00:00\",\"mainEntityOfPage\":{\"@id\":\"https:\/\/redelog.rj.gov.br\/redelog\/informe-no-002-2025-orientacao-para-o-relatorio-do-pca-2025\/\"},\"wordCount\":738,\"publisher\":{\"@id\":\"https:\/\/redelog.rj.gov.br\/redelog\/#organization\"},\"image\":{\"@id\":\"https:\/\/redelog.rj.gov.br\/redelog\/informe-no-002-2025-orientacao-para-o-relatorio-do-pca-2025\/#primaryimage\"},\"thumbnailUrl\":\"https:\/\/www.redelog.rj.gov.br\/redelog\/wp-content\/uploads\/2025\/03\/COMUNICADO-PCA-RJ-INFORME-DA-REDELOG-1536x768.jpg\",\"articleSection\":[\"Informes\"],\"inLanguage\":\"pt-BR\"},{\"@type\":\"WebPage\",\"@id\":\"https:\/\/redelog.rj.gov.br\/redelog\/informe-no-002-2025-orientacao-para-o-relatorio-do-pca-2025\/\",\"url\":\"https:\/\/redelog.rj.gov.br\/redelog\/informe-no-002-2025-orientacao-para-o-relatorio-do-pca-2025\/\",\"name\":\"INFORME N\u00ba 002\/2025 - ORIENTA\u00c7\u00c3O PARA O RELAT\u00d3RIO DE RISCO DO PCA 2025 - Redelog\",\"isPartOf\":{\"@id\":\"https:\/\/redelog.rj.gov.br\/redelog\/#website\"},\"primaryImageOfPage\":{\"@id\":\"https:\/\/redelog.rj.gov.br\/redelog\/informe-no-002-2025-orientacao-para-o-relatorio-do-pca-2025\/#primaryimage\"},\"image\":{\"@id\":\"https:\/\/redelog.rj.gov.br\/redelog\/informe-no-002-2025-orientacao-para-o-relatorio-do-pca-2025\/#primaryimage\"},\"thumbnailUrl\":\"https:\/\/www.redelog.rj.gov.br\/redelog\/wp-content\/uploads\/2025\/03\/COMUNICADO-PCA-RJ-INFORME-DA-REDELOG-1536x768.jpg\",\"datePublished\":\"2025-03-28T14:18:26+00:00\",\"dateModified\":\"2025-03-28T14:22:21+00:00\",\"breadcrumb\":{\"@id\":\"https:\/\/redelog.rj.gov.br\/redelog\/informe-no-002-2025-orientacao-para-o-relatorio-do-pca-2025\/#breadcrumb\"},\"inLanguage\":\"pt-BR\",\"potentialAction\":[{\"@type\":\"ReadAction\",\"target\":[\"https:\/\/redelog.rj.gov.br\/redelog\/informe-no-002-2025-orientacao-para-o-relatorio-do-pca-2025\/\"]}]},{\"@type\":\"ImageObject\",\"inLanguage\":\"pt-BR\",\"@id\":\"https:\/\/redelog.rj.gov.br\/redelog\/informe-no-002-2025-orientacao-para-o-relatorio-do-pca-2025\/#primaryimage\",\"url\":\"https:\/\/www.redelog.rj.gov.br\/redelog\/wp-content\/uploads\/2025\/03\/COMUNICADO-PCA-RJ-INFORME-DA-REDELOG-1536x768.jpg\",\"contentUrl\":\"https:\/\/www.redelog.rj.gov.br\/redelog\/wp-content\/uploads\/2025\/03\/COMUNICADO-PCA-RJ-INFORME-DA-REDELOG-1536x768.jpg\"},{\"@type\":\"BreadcrumbList\",\"@id\":\"https:\/\/redelog.rj.gov.br\/redelog\/informe-no-002-2025-orientacao-para-o-relatorio-do-pca-2025\/#breadcrumb\",\"itemListElement\":[{\"@type\":\"ListItem\",\"position\":1,\"name\":\"Home\",\"item\":\"https:\/\/redelog.rj.gov.br\/redelog\/\"},{\"@type\":\"ListItem\",\"position\":2,\"name\":\"INFORME N\u00ba 002\/2025 &#8211; ORIENTA\u00c7\u00c3O PARA O RELAT\u00d3RIO DE RISCO DO PCA 2025\"}]},{\"@type\":\"WebSite\",\"@id\":\"https:\/\/redelog.rj.gov.br\/redelog\/#website\",\"url\":\"https:\/\/redelog.rj.gov.br\/redelog\/\",\"name\":\"Redelog\",\"description\":\"Site da Rede de Log\u00edstica e Planejamento do Estado do Rio de Janeiro\",\"publisher\":{\"@id\":\"https:\/\/redelog.rj.gov.br\/redelog\/#organization\"},\"potentialAction\":[{\"@type\":\"SearchAction\",\"target\":{\"@type\":\"EntryPoint\",\"urlTemplate\":\"https:\/\/redelog.rj.gov.br\/redelog\/?s={search_term_string}\"},\"query-input\":{\"@type\":\"PropertyValueSpecification\",\"valueRequired\":true,\"valueName\":\"search_term_string\"}}],\"inLanguage\":\"pt-BR\"},{\"@type\":\"Organization\",\"@id\":\"https:\/\/redelog.rj.gov.br\/redelog\/#organization\",\"name\":\"REDELOG\",\"url\":\"https:\/\/redelog.rj.gov.br\/redelog\/\",\"logo\":{\"@type\":\"ImageObject\",\"inLanguage\":\"pt-BR\",\"@id\":\"https:\/\/redelog.rj.gov.br\/redelog\/#\/schema\/logo\/image\/\",\"url\":\"http:\/\/10.10.8.100:8888\/redelog\/wp-content\/uploads\/2019\/09\/Redelog2.png\",\"contentUrl\":\"http:\/\/10.10.8.100:8888\/redelog\/wp-content\/uploads\/2019\/09\/Redelog2.png\",\"width\":565,\"height\":155,\"caption\":\"REDELOG\"},\"image\":{\"@id\":\"https:\/\/redelog.rj.gov.br\/redelog\/#\/schema\/logo\/image\/\"}},{\"@type\":\"Person\",\"@id\":\"https:\/\/redelog.rj.gov.br\/redelog\/#\/schema\/person\/dd6a5779d3028a21ef65c6e4af7c1edb\",\"name\":\"Luisa Maravilhas de Carvalho\",\"image\":{\"@type\":\"ImageObject\",\"inLanguage\":\"pt-BR\",\"@id\":\"https:\/\/redelog.rj.gov.br\/redelog\/#\/schema\/person\/image\/\",\"url\":\"https:\/\/secure.gravatar.com\/avatar\/42eea343007bb4bb43265a1df0b9eebe3b0ff8ee578355b2f834803cdddc604a?s=96&d=mm&r=g\",\"contentUrl\":\"https:\/\/secure.gravatar.com\/avatar\/42eea343007bb4bb43265a1df0b9eebe3b0ff8ee578355b2f834803cdddc604a?s=96&d=mm&r=g\",\"caption\":\"Luisa Maravilhas de Carvalho\"},\"url\":\"https:\/\/redelog.rj.gov.br\/redelog\/author\/luisa-carvalho\/\"}]}<\/script>\n<!-- \/ Yoast SEO plugin. -->","yoast_head_json":{"title":"INFORME N\u00ba 002\/2025 - ORIENTA\u00c7\u00c3O PARA O RELAT\u00d3RIO DE RISCO DO PCA 2025 - Redelog","robots":{"index":"index","follow":"follow","max-snippet":"max-snippet:-1","max-image-preview":"max-image-preview:large","max-video-preview":"max-video-preview:-1"},"canonical":"https:\/\/redelog.rj.gov.br\/redelog\/informe-no-002-2025-orientacao-para-o-relatorio-do-pca-2025\/","og_locale":"pt_BR","og_type":"article","og_title":"INFORME N\u00ba 002\/2025 - ORIENTA\u00c7\u00c3O PARA O RELAT\u00d3RIO DE RISCO DO PCA 2025 - Redelog","og_description":"Divulgamos aos usu\u00e1rios do Sistema PCA orienta\u00e7\u00e3o para a elabora\u00e7\u00e3o do Relat\u00f3rio de Riscos de n\u00e3o Efetiva\u00e7\u00e3o da Contrata\u00e7\u00e3o previsto no art. 11, \u00a7 1\u00ba, do Decreto n\u00ba 48.760\/2023, que a partir do ano de 2025 ser\u00e1 elaborado semestralmente, conforme estabelecido pelo normativo. \u00a0 A seguir reiteramos as orienta\u00e7\u00f5es apresentadas no ciclo de 2024 para [&hellip;]","og_url":"https:\/\/redelog.rj.gov.br\/redelog\/informe-no-002-2025-orientacao-para-o-relatorio-do-pca-2025\/","og_site_name":"Redelog","article_published_time":"2025-03-28T14:18:26+00:00","article_modified_time":"2025-03-28T14:22:21+00:00","og_image":[{"url":"https:\/\/www.redelog.rj.gov.br\/redelog\/wp-content\/uploads\/2025\/03\/COMUNICADO-PCA-RJ-INFORME-DA-REDELOG-1536x768.jpg","type":"","width":"","height":""}],"author":"Luisa Maravilhas de Carvalho","twitter_card":"summary_large_image","twitter_misc":{"Escrito por":"Luisa Maravilhas de Carvalho","Est. tempo de leitura":"2 minutos"},"schema":{"@context":"https:\/\/schema.org","@graph":[{"@type":"Article","@id":"https:\/\/redelog.rj.gov.br\/redelog\/informe-no-002-2025-orientacao-para-o-relatorio-do-pca-2025\/#article","isPartOf":{"@id":"https:\/\/redelog.rj.gov.br\/redelog\/informe-no-002-2025-orientacao-para-o-relatorio-do-pca-2025\/"},"author":{"name":"Luisa Maravilhas de Carvalho","@id":"https:\/\/redelog.rj.gov.br\/redelog\/#\/schema\/person\/dd6a5779d3028a21ef65c6e4af7c1edb"},"headline":"INFORME N\u00ba 002\/2025 &#8211; ORIENTA\u00c7\u00c3O PARA O RELAT\u00d3RIO DE RISCO DO PCA 2025","datePublished":"2025-03-28T14:18:26+00:00","dateModified":"2025-03-28T14:22:21+00:00","mainEntityOfPage":{"@id":"https:\/\/redelog.rj.gov.br\/redelog\/informe-no-002-2025-orientacao-para-o-relatorio-do-pca-2025\/"},"wordCount":738,"publisher":{"@id":"https:\/\/redelog.rj.gov.br\/redelog\/#organization"},"image":{"@id":"https:\/\/redelog.rj.gov.br\/redelog\/informe-no-002-2025-orientacao-para-o-relatorio-do-pca-2025\/#primaryimage"},"thumbnailUrl":"https:\/\/www.redelog.rj.gov.br\/redelog\/wp-content\/uploads\/2025\/03\/COMUNICADO-PCA-RJ-INFORME-DA-REDELOG-1536x768.jpg","articleSection":["Informes"],"inLanguage":"pt-BR"},{"@type":"WebPage","@id":"https:\/\/redelog.rj.gov.br\/redelog\/informe-no-002-2025-orientacao-para-o-relatorio-do-pca-2025\/","url":"https:\/\/redelog.rj.gov.br\/redelog\/informe-no-002-2025-orientacao-para-o-relatorio-do-pca-2025\/","name":"INFORME N\u00ba 002\/2025 - ORIENTA\u00c7\u00c3O PARA O RELAT\u00d3RIO DE RISCO DO PCA 2025 - Redelog","isPartOf":{"@id":"https:\/\/redelog.rj.gov.br\/redelog\/#website"},"primaryImageOfPage":{"@id":"https:\/\/redelog.rj.gov.br\/redelog\/informe-no-002-2025-orientacao-para-o-relatorio-do-pca-2025\/#primaryimage"},"image":{"@id":"https:\/\/redelog.rj.gov.br\/redelog\/informe-no-002-2025-orientacao-para-o-relatorio-do-pca-2025\/#primaryimage"},"thumbnailUrl":"https:\/\/www.redelog.rj.gov.br\/redelog\/wp-content\/uploads\/2025\/03\/COMUNICADO-PCA-RJ-INFORME-DA-REDELOG-1536x768.jpg","datePublished":"2025-03-28T14:18:26+00:00","dateModified":"2025-03-28T14:22:21+00:00","breadcrumb":{"@id":"https:\/\/redelog.rj.gov.br\/redelog\/informe-no-002-2025-orientacao-para-o-relatorio-do-pca-2025\/#breadcrumb"},"inLanguage":"pt-BR","potentialAction":[{"@type":"ReadAction","target":["https:\/\/redelog.rj.gov.br\/redelog\/informe-no-002-2025-orientacao-para-o-relatorio-do-pca-2025\/"]}]},{"@type":"ImageObject","inLanguage":"pt-BR","@id":"https:\/\/redelog.rj.gov.br\/redelog\/informe-no-002-2025-orientacao-para-o-relatorio-do-pca-2025\/#primaryimage","url":"https:\/\/www.redelog.rj.gov.br\/redelog\/wp-content\/uploads\/2025\/03\/COMUNICADO-PCA-RJ-INFORME-DA-REDELOG-1536x768.jpg","contentUrl":"https:\/\/www.redelog.rj.gov.br\/redelog\/wp-content\/uploads\/2025\/03\/COMUNICADO-PCA-RJ-INFORME-DA-REDELOG-1536x768.jpg"},{"@type":"BreadcrumbList","@id":"https:\/\/redelog.rj.gov.br\/redelog\/informe-no-002-2025-orientacao-para-o-relatorio-do-pca-2025\/#breadcrumb","itemListElement":[{"@type":"ListItem","position":1,"name":"Home","item":"https:\/\/redelog.rj.gov.br\/redelog\/"},{"@type":"ListItem","position":2,"name":"INFORME N\u00ba 002\/2025 &#8211; ORIENTA\u00c7\u00c3O PARA O RELAT\u00d3RIO DE RISCO DO PCA 2025"}]},{"@type":"WebSite","@id":"https:\/\/redelog.rj.gov.br\/redelog\/#website","url":"https:\/\/redelog.rj.gov.br\/redelog\/","name":"Redelog","description":"Site da Rede de Log\u00edstica e Planejamento do Estado do Rio de Janeiro","publisher":{"@id":"https:\/\/redelog.rj.gov.br\/redelog\/#organization"},"potentialAction":[{"@type":"SearchAction","target":{"@type":"EntryPoint","urlTemplate":"https:\/\/redelog.rj.gov.br\/redelog\/?s={search_term_string}"},"query-input":{"@type":"PropertyValueSpecification","valueRequired":true,"valueName":"search_term_string"}}],"inLanguage":"pt-BR"},{"@type":"Organization","@id":"https:\/\/redelog.rj.gov.br\/redelog\/#organization","name":"REDELOG","url":"https:\/\/redelog.rj.gov.br\/redelog\/","logo":{"@type":"ImageObject","inLanguage":"pt-BR","@id":"https:\/\/redelog.rj.gov.br\/redelog\/#\/schema\/logo\/image\/","url":"http:\/\/10.10.8.100:8888\/redelog\/wp-content\/uploads\/2019\/09\/Redelog2.png","contentUrl":"http:\/\/10.10.8.100:8888\/redelog\/wp-content\/uploads\/2019\/09\/Redelog2.png","width":565,"height":155,"caption":"REDELOG"},"image":{"@id":"https:\/\/redelog.rj.gov.br\/redelog\/#\/schema\/logo\/image\/"}},{"@type":"Person","@id":"https:\/\/redelog.rj.gov.br\/redelog\/#\/schema\/person\/dd6a5779d3028a21ef65c6e4af7c1edb","name":"Luisa Maravilhas de Carvalho","image":{"@type":"ImageObject","inLanguage":"pt-BR","@id":"https:\/\/redelog.rj.gov.br\/redelog\/#\/schema\/person\/image\/","url":"https:\/\/secure.gravatar.com\/avatar\/42eea343007bb4bb43265a1df0b9eebe3b0ff8ee578355b2f834803cdddc604a?s=96&d=mm&r=g","contentUrl":"https:\/\/secure.gravatar.com\/avatar\/42eea343007bb4bb43265a1df0b9eebe3b0ff8ee578355b2f834803cdddc604a?s=96&d=mm&r=g","caption":"Luisa Maravilhas de Carvalho"},"url":"https:\/\/redelog.rj.gov.br\/redelog\/author\/luisa-carvalho\/"}]}},"_links":{"self":[{"href":"https:\/\/redelog.rj.gov.br\/redelog\/wp-json\/wp\/v2\/posts\/32624","targetHints":{"allow":["GET"]}}],"collection":[{"href":"https:\/\/redelog.rj.gov.br\/redelog\/wp-json\/wp\/v2\/posts"}],"about":[{"href":"https:\/\/redelog.rj.gov.br\/redelog\/wp-json\/wp\/v2\/types\/post"}],"author":[{"embeddable":true,"href":"https:\/\/redelog.rj.gov.br\/redelog\/wp-json\/wp\/v2\/users\/25"}],"replies":[{"embeddable":true,"href":"https:\/\/redelog.rj.gov.br\/redelog\/wp-json\/wp\/v2\/comments?post=32624"}],"version-history":[{"count":7,"href":"https:\/\/redelog.rj.gov.br\/redelog\/wp-json\/wp\/v2\/posts\/32624\/revisions"}],"predecessor-version":[{"id":32634,"href":"https:\/\/redelog.rj.gov.br\/redelog\/wp-json\/wp\/v2\/posts\/32624\/revisions\/32634"}],"wp:attachment":[{"href":"https:\/\/redelog.rj.gov.br\/redelog\/wp-json\/wp\/v2\/media?parent=32624"}],"wp:term":[{"taxonomy":"category","embeddable":true,"href":"https:\/\/redelog.rj.gov.br\/redelog\/wp-json\/wp\/v2\/categories?post=32624"},{"taxonomy":"post_tag","embeddable":true,"href":"https:\/\/redelog.rj.gov.br\/redelog\/wp-json\/wp\/v2\/tags?post=32624"}],"curies":[{"name":"wp","href":"https:\/\/api.w.org\/{rel}","templated":true}]}}