{"id":3142,"date":"2021-10-05T14:39:15","date_gmt":"2021-10-05T17:39:15","guid":{"rendered":"http:\/\/10.9.108.118:3000\/redelog\/?p=3142"},"modified":"2023-11-21T17:28:53","modified_gmt":"2023-11-21T20:28:53","slug":"plano-de-contratacoes-anual","status":"publish","type":"post","link":"https:\/\/redelog.rj.gov.br\/redelog\/plano-de-contratacoes-anual\/","title":{"rendered":"PLANO DE CONTRATA\u00c7\u00d5ES ANUAL"},"content":{"rendered":"\t\t<div data-elementor-type=\"wp-post\" data-elementor-id=\"3142\" class=\"elementor elementor-3142\" data-elementor-post-type=\"post\">\n\t\t\t\t\t\t<section class=\"elementor-section elementor-top-section elementor-element elementor-element-4876115 elementor-section-boxed elementor-section-height-default elementor-section-height-default\" data-id=\"4876115\" data-element_type=\"section\" data-settings=\"{&quot;jet_parallax_layout_list&quot;:[{&quot;jet_parallax_layout_image&quot;:{&quot;url&quot;:&quot;&quot;,&quot;id&quot;:&quot;&quot;,&quot;size&quot;:&quot;&quot;},&quot;_id&quot;:&quot;38613a2&quot;,&quot;jet_parallax_layout_image_tablet&quot;:{&quot;url&quot;:&quot;&quot;,&quot;id&quot;:&quot;&quot;,&quot;size&quot;:&quot;&quot;},&quot;jet_parallax_layout_image_mobile&quot;:{&quot;url&quot;:&quot;&quot;,&quot;id&quot;:&quot;&quot;,&quot;size&quot;:&quot;&quot;},&quot;jet_parallax_layout_speed&quot;:{&quot;unit&quot;:&quot;%&quot;,&quot;size&quot;:50,&quot;sizes&quot;:[]},&quot;jet_parallax_layout_type&quot;:&quot;scroll&quot;,&quot;jet_parallax_layout_direction&quot;:&quot;1&quot;,&quot;jet_parallax_layout_fx_direction&quot;:null,&quot;jet_parallax_layout_z_index&quot;:&quot;&quot;,&quot;jet_parallax_layout_bg_x&quot;:50,&quot;jet_parallax_layout_bg_x_tablet&quot;:&quot;&quot;,&quot;jet_parallax_layout_bg_x_mobile&quot;:&quot;&quot;,&quot;jet_parallax_layout_bg_y&quot;:50,&quot;jet_parallax_layout_bg_y_tablet&quot;:&quot;&quot;,&quot;jet_parallax_layout_bg_y_mobile&quot;:&quot;&quot;,&quot;jet_parallax_layout_bg_size&quot;:&quot;auto&quot;,&quot;jet_parallax_layout_bg_size_tablet&quot;:&quot;&quot;,&quot;jet_parallax_layout_bg_size_mobile&quot;:&quot;&quot;,&quot;jet_parallax_layout_animation_prop&quot;:&quot;transform&quot;,&quot;jet_parallax_layout_on&quot;:[&quot;desktop&quot;,&quot;tablet&quot;]}]}\">\n\t\t\t\t\t\t<div class=\"elementor-container elementor-column-gap-default\">\n\t\t\t\t\t<div class=\"elementor-column elementor-col-100 elementor-top-column elementor-element elementor-element-f546032\" data-id=\"f546032\" data-element_type=\"column\">\n\t\t\t<div class=\"elementor-widget-wrap elementor-element-populated\">\n\t\t\t\t\t\t<div class=\"elementor-element elementor-element-a578743 elementor-widget-divider--view-line elementor-widget elementor-widget-divider\" data-id=\"a578743\" data-element_type=\"widget\" data-widget_type=\"divider.default\">\n\t\t\t\t\t\t\t<div class=\"elementor-divider\">\n\t\t\t<span class=\"elementor-divider-separator\">\n\t\t\t\t\t\t<\/span>\n\t\t<\/div>\n\t\t\t\t\t\t<\/div>\n\t\t\t\t\t<\/div>\n\t\t<\/div>\n\t\t\t\t\t<\/div>\n\t\t<\/section>\n\t\t\t\t<section class=\"elementor-section elementor-top-section elementor-element elementor-element-3029345 elementor-section-boxed elementor-section-height-default elementor-section-height-default\" data-id=\"3029345\" data-element_type=\"section\" data-settings=\"{&quot;jet_parallax_layout_list&quot;:[{&quot;jet_parallax_layout_image&quot;:{&quot;url&quot;:&quot;&quot;,&quot;id&quot;:&quot;&quot;,&quot;size&quot;:&quot;&quot;},&quot;_id&quot;:&quot;006cee2&quot;,&quot;jet_parallax_layout_image_tablet&quot;:{&quot;url&quot;:&quot;&quot;,&quot;id&quot;:&quot;&quot;,&quot;size&quot;:&quot;&quot;},&quot;jet_parallax_layout_image_mobile&quot;:{&quot;url&quot;:&quot;&quot;,&quot;id&quot;:&quot;&quot;,&quot;size&quot;:&quot;&quot;},&quot;jet_parallax_layout_speed&quot;:{&quot;unit&quot;:&quot;%&quot;,&quot;size&quot;:50,&quot;sizes&quot;:[]},&quot;jet_parallax_layout_type&quot;:&quot;scroll&quot;,&quot;jet_parallax_layout_direction&quot;:&quot;1&quot;,&quot;jet_parallax_layout_fx_direction&quot;:null,&quot;jet_parallax_layout_z_index&quot;:&quot;&quot;,&quot;jet_parallax_layout_bg_x&quot;:50,&quot;jet_parallax_layout_bg_x_tablet&quot;:&quot;&quot;,&quot;jet_parallax_layout_bg_x_mobile&quot;:&quot;&quot;,&quot;jet_parallax_layout_bg_y&quot;:50,&quot;jet_parallax_layout_bg_y_tablet&quot;:&quot;&quot;,&quot;jet_parallax_layout_bg_y_mobile&quot;:&quot;&quot;,&quot;jet_parallax_layout_bg_size&quot;:&quot;auto&quot;,&quot;jet_parallax_layout_bg_size_tablet&quot;:&quot;&quot;,&quot;jet_parallax_layout_bg_size_mobile&quot;:&quot;&quot;,&quot;jet_parallax_layout_animation_prop&quot;:&quot;transform&quot;,&quot;jet_parallax_layout_on&quot;:[&quot;desktop&quot;,&quot;tablet&quot;]}]}\">\n\t\t\t\t\t\t<div class=\"elementor-container elementor-column-gap-default\">\n\t\t\t\t\t<div class=\"elementor-column elementor-col-100 elementor-top-column elementor-element elementor-element-94a2f54\" data-id=\"94a2f54\" data-element_type=\"column\">\n\t\t\t<div class=\"elementor-widget-wrap elementor-element-populated\">\n\t\t\t\t\t\t<div class=\"elementor-element elementor-element-84a7eb3 elementor-position-top elementor-widget elementor-widget-image-box\" data-id=\"84a7eb3\" data-element_type=\"widget\" data-widget_type=\"image-box.default\">\n\t\t\t\t\t<div class=\"elementor-image-box-wrapper\"><figure class=\"elementor-image-box-img\"><img fetchpriority=\"high\" decoding=\"async\" width=\"1600\" height=\"800\" src=\"https:\/\/redelog.rj.gov.br\/redelog\/wp-content\/uploads\/2021\/10\/COMUNICADO-PCA-RJ-INFORME-DA-REDELOG-4.png\" class=\"attachment-full size-full wp-image-25165\" alt=\"\" srcset=\"https:\/\/redelog.rj.gov.br\/redelog\/wp-content\/uploads\/2021\/10\/COMUNICADO-PCA-RJ-INFORME-DA-REDELOG-4.png 1600w, https:\/\/redelog.rj.gov.br\/redelog\/wp-content\/uploads\/2021\/10\/COMUNICADO-PCA-RJ-INFORME-DA-REDELOG-4-300x150.png 300w, https:\/\/redelog.rj.gov.br\/redelog\/wp-content\/uploads\/2021\/10\/COMUNICADO-PCA-RJ-INFORME-DA-REDELOG-4-1024x512.png 1024w, https:\/\/redelog.rj.gov.br\/redelog\/wp-content\/uploads\/2021\/10\/COMUNICADO-PCA-RJ-INFORME-DA-REDELOG-4-768x384.png 768w, https:\/\/redelog.rj.gov.br\/redelog\/wp-content\/uploads\/2021\/10\/COMUNICADO-PCA-RJ-INFORME-DA-REDELOG-4-1536x768.png 1536w, https:\/\/redelog.rj.gov.br\/redelog\/wp-content\/uploads\/2021\/10\/COMUNICADO-PCA-RJ-INFORME-DA-REDELOG-4-600x300.png 600w, https:\/\/redelog.rj.gov.br\/redelog\/wp-content\/uploads\/2021\/10\/COMUNICADO-PCA-RJ-INFORME-DA-REDELOG-4-1280x640.png 1280w\" sizes=\"(max-width: 1600px) 100vw, 1600px\" \/><\/figure><\/div>\t\t\t\t<\/div>\n\t\t\t\t<div class=\"elementor-element elementor-element-04ef148 elementor-widget elementor-widget-text-editor\" data-id=\"04ef148\" data-element_type=\"widget\" data-widget_type=\"text-editor.default\">\n\t\t\t\t\t\t\t\t\t<p><span style=\"font-weight: 400;\">Em setembro de 2023, <\/span><b>o Governo do Rio de Janeiro<\/b><span style=\"font-weight: 400;\"> vai apresentar ao gestor da Administra\u00e7\u00e3o Estadual <\/span><b>o novo Plano de Contrata\u00e7\u00f5es Anual (PCA) do Estado do Rio de Janeiro e o Sistema PCA RJ<\/b><span style=\"font-weight: 400;\">, que tem por objetivo ser uma ferramenta de apoio para opera\u00e7\u00e3o do PCA e um facilitador para a compreens\u00e3o das metas, objetivos e estrat\u00e9gias de uma organiza\u00e7\u00e3o em compras p\u00fablicas.<\/span><\/p>\n<p><span style=\"font-weight: 400;\">Para essa implementa\u00e7\u00e3o, <\/span><b>nos dias 13, 14 e 15 de setembro, no Audit\u00f3rio do Edif\u00edcio Est\u00e1cio de S\u00e1<\/b><span style=\"font-weight: 400;\">, a SEPLAG\/RJ promover\u00e1 um<\/span><b> treinamento destinado ao Gestor Setorial da REDELOG de cada organiza\u00e7\u00e3o estadual<\/b><span style=\"font-weight: 400;\"> com o objetivo de apresentar uma vis\u00e3o completa do instrumento, suas funcionalidades e possibilidades.<\/span><\/p>\n<p><b>Regras de inscri\u00e7\u00e3o:<\/b><\/p>\n<p><span style=\"font-weight: 400;\">As inscri\u00e7\u00f5es ocorrem <\/span><span style=\"font-weight: 400;\">at\u00e9 as 23h59min do dia 11\/09\/2023, exclusivamente por meio do seguinte formul\u00e1rio: <\/span><a href=\"https:\/\/forms.gle\/FvxEvzYSxnhyH7UX6\"><span style=\"font-weight: 400;\">https:\/\/forms.gle\/FvxEvzYSxnhyH7UX6<\/span><\/a>.<\/p>\n<ol>\n<li style=\"font-weight: 400;\" aria-level=\"1\"><span style=\"font-weight: 400;\">Cada \u00f3rg\u00e3o ou entidade poder\u00e1 indicar a inscri\u00e7\u00e3o de apenas 01 gestor setorial da Redelog.&nbsp;<\/span><\/li>\n<li style=\"font-weight: 400;\" aria-level=\"1\"><span style=\"font-weight: 400;\">Cada empresa p\u00fablica ou sociedade de economia mista&nbsp; poder\u00e1 indicar a inscri\u00e7\u00e3o de apenas 01 gestor.<\/span><\/li>\n<\/ol>\n<p><b>Informa\u00e7\u00f5es sobre o treinamento:<\/b><\/p>\n<div>\n<p><b>Local: <\/b><span style=\"font-weight: 400;\">Audit\u00f3rio da Secretaria de Planejamento e Gest\u00e3o &#8211; SEPLAG\/RJ<\/span><\/p>\n<p><b>Endere\u00e7o:<\/b><span style=\"font-weight: 400;\"> Edif\u00edcio Est\u00e1cio de S\u00e1 &#8211; Av. Erasmo Braga, 118 &#8211;&nbsp; 10\u00b0 andar &#8211; Centro &#8211; Rio de Janeiro, CEP:&nbsp; 20020-000<\/span><\/p>\n<p><b>Datas: <\/b><span style=\"font-weight: 400;\">13,14 e 15 de Setembro de 2023.<\/span><\/p>\n<p><b>Hor\u00e1rio:<\/b><span style=\"font-weight: 400;\"> 14h \u00e0s 17h em todos os dias de treinamento.<\/span><\/p>\n<\/div>\n<div><a href=\"https:\/\/www.redelog.rj.gov.br\/redelog\/wp-content\/uploads\/2023\/09\/PCA-RJ-Informacoes-sobre-o-treinamento.pdf\" target=\"_blank\" rel=\"noopener\">Clique aqui e conhe\u00e7a mais informa\u00e7\u00f5es sobre o treinamento!<\/a><\/div>\n<p><span style=\"font-weight: 400;\">Para mais informa\u00e7\u00f5es, entre em contato atrav\u00e9s do e-mail <\/span><a href=\"mailto:pca@planejamento.rj.gov.br\"><span style=\"font-weight: 400;\">pca@planejamento.rj.gov.br<\/span><\/a><\/p>\t\t\t\t\t\t\t\t<\/div>\n\t\t\t\t\t<\/div>\n\t\t<\/div>\n\t\t\t\t\t<\/div>\n\t\t<\/section>\n\t\t\t\t<section class=\"elementor-section elementor-top-section elementor-element elementor-element-b16f0e6 elementor-section-boxed elementor-section-height-default elementor-section-height-default\" data-id=\"b16f0e6\" data-element_type=\"section\" data-settings=\"{&quot;jet_parallax_layout_list&quot;:[{&quot;jet_parallax_layout_image&quot;:{&quot;url&quot;:&quot;&quot;,&quot;id&quot;:&quot;&quot;,&quot;size&quot;:&quot;&quot;},&quot;_id&quot;:&quot;546b2cd&quot;,&quot;jet_parallax_layout_image_tablet&quot;:{&quot;url&quot;:&quot;&quot;,&quot;id&quot;:&quot;&quot;,&quot;size&quot;:&quot;&quot;},&quot;jet_parallax_layout_image_mobile&quot;:{&quot;url&quot;:&quot;&quot;,&quot;id&quot;:&quot;&quot;,&quot;size&quot;:&quot;&quot;},&quot;jet_parallax_layout_speed&quot;:{&quot;unit&quot;:&quot;%&quot;,&quot;size&quot;:50,&quot;sizes&quot;:[]},&quot;jet_parallax_layout_type&quot;:&quot;scroll&quot;,&quot;jet_parallax_layout_direction&quot;:&quot;1&quot;,&quot;jet_parallax_layout_fx_direction&quot;:null,&quot;jet_parallax_layout_z_index&quot;:&quot;&quot;,&quot;jet_parallax_layout_bg_x&quot;:50,&quot;jet_parallax_layout_bg_x_tablet&quot;:&quot;&quot;,&quot;jet_parallax_layout_bg_x_mobile&quot;:&quot;&quot;,&quot;jet_parallax_layout_bg_y&quot;:50,&quot;jet_parallax_layout_bg_y_tablet&quot;:&quot;&quot;,&quot;jet_parallax_layout_bg_y_mobile&quot;:&quot;&quot;,&quot;jet_parallax_layout_bg_size&quot;:&quot;auto&quot;,&quot;jet_parallax_layout_bg_size_tablet&quot;:&quot;&quot;,&quot;jet_parallax_layout_bg_size_mobile&quot;:&quot;&quot;,&quot;jet_parallax_layout_animation_prop&quot;:&quot;transform&quot;,&quot;jet_parallax_layout_on&quot;:[&quot;desktop&quot;,&quot;tablet&quot;]}]}\">\n\t\t\t\t\t\t<div class=\"elementor-container elementor-column-gap-default\">\n\t\t\t\t\t<div class=\"elementor-column elementor-col-100 elementor-top-column elementor-element elementor-element-419bd27\" data-id=\"419bd27\" data-element_type=\"column\">\n\t\t\t<div class=\"elementor-widget-wrap elementor-element-populated\">\n\t\t\t\t\t\t<div class=\"elementor-element elementor-element-91dbdec elementor-widget-divider--view-line elementor-widget elementor-widget-divider\" data-id=\"91dbdec\" data-element_type=\"widget\" data-widget_type=\"divider.default\">\n\t\t\t\t\t\t\t<div class=\"elementor-divider\">\n\t\t\t<span class=\"elementor-divider-separator\">\n\t\t\t\t\t\t<\/span>\n\t\t<\/div>\n\t\t\t\t\t\t<\/div>\n\t\t\t\t<div class=\"elementor-element elementor-element-3d0f8d0 elementor-widget elementor-widget-text-editor\" data-id=\"3d0f8d0\" data-element_type=\"widget\" data-widget_type=\"text-editor.default\">\n\t\t\t\t\t\t\t\t\t<p><strong>INFORMA\u00c7\u00d5ES IMPORTANTES PARA A ELABORA\u00c7\u00c3O DO PCA<\/strong><\/p><ul><li>Classificador de Planejamento e Or\u00e7amento <strong><a href=\"https:\/\/www.redor.planejamento.rj.gov.br\/legislacao.html\" target=\"_blank\" rel=\"noopener\">2022<\/a><\/strong><\/li><li>Cat\u00e1logo de Materiais e Servi\u00e7os do <strong><a href=\"https:\/\/www.compras.rj.gov.br\/siga\/imagens\/CATALOGO.zip\" target=\"_blank\" rel=\"noopener\">SIGA<\/a><\/strong><\/li><li>Agrupamento Subelementos e Classes <a href=\"https:\/\/www.redelog.rj.gov.br\/redelog\/wp-content\/uploads\/2023\/06\/Agrupamento_Subelementos_Classes-PCA_POD-2023-e-2024.xlsx\" target=\"_blank\" rel=\"noopener\"><strong>PCA\/POD 2023\/2024<\/strong><\/a><\/li><li>Elabora\u00e7\u00e3o do POD &#8211; <strong><a href=\"https:\/\/www.redelog.rj.gov.br\/redelog\/wp-content\/uploads\/2022\/05\/Resolucao-SEPLAG-no-128-2022-Agenda-de-Eventos-PPA-LOA-2023.pdf\" target=\"_blank\" rel=\"noopener\">Resolu\u00e7\u00e3o Seplag n\u00ba 128\/2022<\/a><\/strong><\/li><li>Planilha para elabora\u00e7\u00e3o do <a href=\"https:\/\/www.redelog.rj.gov.br\/redelog\/wp-content\/uploads\/2022\/05\/Resolucao-SEPLAG-no-128-2022-Agenda-de-Eventos-PPA-LOA-2023.pdf\" target=\"_blank\" rel=\"noopener\"><strong>PCA<\/strong><\/a><\/li><li>Portal da Rede de Planejamento &#8211; <strong><a href=\"https:\/\/www.redeplan.planejamento.rj.gov.br\/\" target=\"_blank\" rel=\"noopener\">Redeplan<\/a><\/strong><\/li><li>Portal da Rede de Or\u00e7amento &#8211; <strong><a href=\"http:\/\/www.redor.planejamento.rj.gov.br\/\" target=\"_blank\" rel=\"noopener\">Redor<\/a><\/strong><\/li><\/ul>\t\t\t\t\t\t\t\t<\/div>\n\t\t\t\t<div class=\"elementor-element elementor-element-5b527ef elementor-widget elementor-widget-text-editor\" data-id=\"5b527ef\" data-element_type=\"widget\" data-widget_type=\"text-editor.default\">\n\t\t\t\t\t\t\t\t\t<p style=\"text-align: center;\"><strong>Quais s\u00e3o as despesas que dever\u00e3o ser previstas no PCA?<\/strong><\/p>\t\t\t\t\t\t\t\t<\/div>\n\t\t\t\t<div class=\"elementor-element elementor-element-bfa86cf elementor-widget elementor-widget-text-editor\" data-id=\"bfa86cf\" data-element_type=\"widget\" data-widget_type=\"text-editor.default\">\n\t\t\t\t\t\t\t\t\t<p class=\"Texto_Justificado\">Constar\u00e3o do PCA as contrata\u00e7\u00f5es de <strong>materiais<\/strong>, <strong>servi\u00e7os<\/strong> e <strong>obras<\/strong> realizadas no \u00e2mbito do \u00d3rg\u00e3o Setorial, compreendendo os <strong>elementos de despesa<\/strong> e respectivos c\u00f3digos abaixo indicados:<\/p><p class=\"Texto_Justificado\"><strong>I\u00a0<\/strong>\u2013 Material de Consumo (30);<\/p><p class=\"Texto_Justificado\"><strong>II<\/strong>\u00a0\u2013 Premia\u00e7\u00f5es Culturais, Art\u00edsticas, Cient\u00edficas, Desportivas e Outras (31);<\/p><p class=\"Texto_Justificado\"><strong>III<\/strong>\u00a0\u2013 Material, Bem ou Servi\u00e7o para Distribui\u00e7\u00e3o Gratuita (32);<\/p><p class=\"Texto_Justificado\"><strong>IV<\/strong>\u00a0\u2013 Passagens e Despesas com Locomo\u00e7\u00e3o (33);<\/p><p class=\"Texto_Justificado\"><strong>V<\/strong>\u00a0\u2013 Outras Despesas de Pessoal decorrentes de Contratos de Terceiriza\u00e7\u00e3o (34);<\/p><p class=\"Texto_Justificado\"><strong>VI<\/strong>\u00a0\u2013 Servi\u00e7os de Consultoria (35);<\/p><p class=\"Texto_Justificado\"><strong>VII<\/strong>\u00a0\u2013 Outros Servi\u00e7os de Terceiros \u2013 Pessoa F\u00edsica (36);<\/p><p class=\"Texto_Justificado\"><strong>VIII<\/strong>\u00a0\u2013 Loca\u00e7\u00e3o de M\u00e3o de Obra (37);<\/p><p class=\"Texto_Justificado\"><strong>IX<\/strong>\u00a0\u2013 Arrendamento Mercantil (38);<\/p><p class=\"Texto_Justificado\"><strong>X<\/strong>\u00a0\u2013 Outros Servi\u00e7os de Terceiros \u2013 Pessoa Jur\u00eddica (39).<\/p><p class=\"Texto_Justificado\"><strong>XI<\/strong>\u00a0\u2013 Servi\u00e7os de Tecnologia da Informa\u00e7\u00e3o e Comunica\u00e7\u00e3o \u2013 Pessoa Jur\u00eddica (40).<\/p><p class=\"Texto_Justificado\"><strong>XII<\/strong>\u00a0\u2013 Obras e Instala\u00e7\u00f5es (51); e<\/p><p class=\"Texto_Justificado\"><strong>XIII\u00a0<\/strong>\u2013 Equipamentos e Material Permanente (52).<\/p><p class=\"Texto_Justificado\">Ser\u00e3o registradas no PCA somente as despesas realizadas nas modalidades Aplica\u00e7\u00e3o Direta (90) e Aplica\u00e7\u00e3o Direta Decorrente de Opera\u00e7\u00e3o entre \u00d3rg\u00e3os (91).<\/p><p class=\"Texto_Justificado\">Dever\u00e3o ser inclu\u00eddas no PCA todas as contrata\u00e7\u00f5es mencionadas no caput deste artigo, contemplando aquelas realizadas sob o enquadramento da Lei Federal n\u00ba 8.666, de 21 de junho de 1993, da Lei n.\u00ba 10.520, de 17 de julho de 2002, da Lei Federal n\u00ba 14.133, de 1\u00ba de abril de 2021, e demais legisla\u00e7\u00f5es e normatiza\u00e7\u00f5es referentes a contrata\u00e7\u00f5es p\u00fablicas vigentes.<\/p><p>\u00a0<\/p><p class=\"Texto_Justificado\"><strong>Ficam dispensadas de registro no PCA<\/strong>:<\/p><p class=\"Texto_Justificado\">a) as informa\u00e7\u00f5es classificadas como sigilosas, nos termos do disposto na Lei n\u00ba 12.527, de 18 de novembro de 2011, e no Decreto n.\u00ba 46.475, de 25 de outubro de 2018, ou abrangidas pelas demais hip\u00f3teses legais de sigilo; e<\/p><p class=\"Texto_Justificado\">b) as despesas realizadas mediante o regime de adiantamento, nos termos do disposto no art. 103 da Lei Estadual n\u00ba 287, de 04 de dezembro de 1979.<\/p>\t\t\t\t\t\t\t\t<\/div>\n\t\t\t\t<div class=\"elementor-element elementor-element-0016c10 elementor-widget elementor-widget-text-editor\" data-id=\"0016c10\" data-element_type=\"widget\" data-widget_type=\"text-editor.default\">\n\t\t\t\t\t\t\t\t\t<p style=\"text-align: center;\"><strong>Confira o v\u00eddeo da Apresenta\u00e7\u00e3o do PCA realizada em 02\/06\/2022:<\/strong><\/p>\t\t\t\t\t\t\t\t<\/div>\n\t\t\t\t<div class=\"elementor-element elementor-element-91a2bc8 elementor-widget elementor-widget-video\" data-id=\"91a2bc8\" data-element_type=\"widget\" data-settings=\"{&quot;youtube_url&quot;:&quot;https:\\\/\\\/youtu.be\\\/UFYi2MDnIIk&quot;,&quot;video_type&quot;:&quot;youtube&quot;,&quot;controls&quot;:&quot;yes&quot;}\" data-widget_type=\"video.default\">\n\t\t\t\t\t\t\t<div class=\"elementor-wrapper elementor-open-inline\">\n\t\t\t<div class=\"elementor-video\"><\/div>\t\t<\/div>\n\t\t\t\t\t\t<\/div>\n\t\t\t\t<div class=\"elementor-element elementor-element-ad0a20b elementor-widget elementor-widget-text-editor\" data-id=\"ad0a20b\" data-element_type=\"widget\" data-widget_type=\"text-editor.default\">\n\t\t\t\t\t\t\t\t\t<p style=\"text-align: center;\"><strong>Confira o v\u00eddeo da Apresenta\u00e7\u00e3o do PCA realizada em 17\/06\/2021:<\/strong><\/p>\t\t\t\t\t\t\t\t<\/div>\n\t\t\t\t<div class=\"elementor-element elementor-element-89058b2 elementor-widget elementor-widget-video\" data-id=\"89058b2\" data-element_type=\"widget\" data-settings=\"{&quot;youtube_url&quot;:&quot;https:\\\/\\\/youtu.be\\\/LXje4uiwNnY&quot;,&quot;video_type&quot;:&quot;youtube&quot;,&quot;controls&quot;:&quot;yes&quot;}\" data-widget_type=\"video.default\">\n\t\t\t\t\t\t\t<div class=\"elementor-wrapper elementor-open-inline\">\n\t\t\t<div class=\"elementor-video\"><\/div>\t\t<\/div>\n\t\t\t\t\t\t<\/div>\n\t\t\t\t<div class=\"elementor-element elementor-element-2d2ea76 elementor-widget elementor-widget-text-editor\" data-id=\"2d2ea76\" data-element_type=\"widget\" data-widget_type=\"text-editor.default\">\n\t\t\t\t\t\t\t\t\t<p style=\"text-align: center;\"><strong>V\u00eddeo da Superintend\u00eancia da Qualidade da Despesa P\u00fablica &#8211; Subplo sobre o preenchimento do POD para 2022.<\/strong><\/p>\t\t\t\t\t\t\t\t<\/div>\n\t\t\t\t<div class=\"elementor-element elementor-element-5c8cd71 elementor-widget elementor-widget-video\" data-id=\"5c8cd71\" data-element_type=\"widget\" data-settings=\"{&quot;youtube_url&quot;:&quot;https:\\\/\\\/youtu.be\\\/4lEc8HpYl50&quot;,&quot;video_type&quot;:&quot;youtube&quot;,&quot;controls&quot;:&quot;yes&quot;}\" data-widget_type=\"video.default\">\n\t\t\t\t\t\t\t<div class=\"elementor-wrapper elementor-open-inline\">\n\t\t\t<div class=\"elementor-video\"><\/div>\t\t<\/div>\n\t\t\t\t\t\t<\/div>\n\t\t\t\t<div class=\"elementor-element elementor-element-b65e39a elementor-widget elementor-widget-text-editor\" data-id=\"b65e39a\" data-element_type=\"widget\" data-widget_type=\"text-editor.default\">\n\t\t\t\t\t\t\t\t\t<p style=\"text-align: center;\"><strong>Modelo de planilha do Plano de Contrata\u00e7\u00f5es Anual &#8211; PCA 2023<\/strong><\/p>\t\t\t\t\t\t\t\t<\/div>\n\t\t\t\t<div class=\"elementor-element elementor-element-dfef58e elementor-widget elementor-widget-image\" data-id=\"dfef58e\" data-element_type=\"widget\" data-widget_type=\"image.default\">\n\t\t\t\t\t\t\t\t\t\t\t\t\t\t\t\t<a href=\"https:\/\/www.redelog.rj.gov.br\/redelog\/wp-content\/uploads\/2021\/10\/Modelo-Planilha-PCA-2023-1-3.xlsx\" target=\"_blank\">\n\t\t\t\t\t\t\t<img decoding=\"async\" width=\"62\" height=\"62\" data-src=\"https:\/\/redelog.rj.gov.br\/redelog\/wp-content\/uploads\/2021\/11\/excelicon.png\" class=\"attachment-large size-large wp-image-4980 lazyload\" alt=\"\" src=\"data:image\/svg+xml;base64,PHN2ZyB3aWR0aD0iMSIgaGVpZ2h0PSIxIiB4bWxucz0iaHR0cDovL3d3dy53My5vcmcvMjAwMC9zdmciPjwvc3ZnPg==\" style=\"--smush-placeholder-width: 62px; --smush-placeholder-aspect-ratio: 62\/62;\" \/>\t\t\t\t\t\t\t\t<\/a>\n\t\t\t\t\t\t\t\t\t\t\t\t\t\t\t<\/div>\n\t\t\t\t<div class=\"elementor-element elementor-element-2b69887 elementor-widget elementor-widget-text-editor\" data-id=\"2b69887\" data-element_type=\"widget\" data-widget_type=\"text-editor.default\">\n\t\t\t\t\t\t\t\t\t<p style=\"text-align: center;\"><strong>Apresenta\u00e7\u00e3o de slides do PCA de 02\/06\/2022:<\/strong><\/p>\t\t\t\t\t\t\t\t<\/div>\n\t\t\t\t<div class=\"elementor-element elementor-element-e9e6366 elementor-widget elementor-widget-image\" data-id=\"e9e6366\" data-element_type=\"widget\" data-widget_type=\"image.default\">\n\t\t\t\t\t\t\t\t\t\t\t\t\t\t\t\t<a href=\"https:\/\/www.redelog.rj.gov.br\/redelog\/wp-content\/uploads\/2021\/10\/Apresentacao-Portal-Redelog-e-PCA-2023.pptx\">\n\t\t\t\t\t\t\t<img decoding=\"async\" width=\"512\" height=\"512\" data-src=\"https:\/\/redelog.rj.gov.br\/redelog\/wp-content\/uploads\/2021\/10\/PowerPoint-Icon.png\" class=\"attachment-large size-large wp-image-5927 lazyload\" alt=\"\" data-srcset=\"https:\/\/redelog.rj.gov.br\/redelog\/wp-content\/uploads\/2021\/10\/PowerPoint-Icon.png 512w, https:\/\/redelog.rj.gov.br\/redelog\/wp-content\/uploads\/2021\/10\/PowerPoint-Icon-300x300.png 300w, https:\/\/redelog.rj.gov.br\/redelog\/wp-content\/uploads\/2021\/10\/PowerPoint-Icon-150x150.png 150w, https:\/\/redelog.rj.gov.br\/redelog\/wp-content\/uploads\/2021\/10\/PowerPoint-Icon-230x230.png 230w, https:\/\/redelog.rj.gov.br\/redelog\/wp-content\/uploads\/2021\/10\/PowerPoint-Icon-400x400.png 400w\" data-sizes=\"(max-width: 512px) 100vw, 512px\" src=\"data:image\/svg+xml;base64,PHN2ZyB3aWR0aD0iMSIgaGVpZ2h0PSIxIiB4bWxucz0iaHR0cDovL3d3dy53My5vcmcvMjAwMC9zdmciPjwvc3ZnPg==\" style=\"--smush-placeholder-width: 512px; --smush-placeholder-aspect-ratio: 512\/512;\" \/>\t\t\t\t\t\t\t\t<\/a>\n\t\t\t\t\t\t\t\t\t\t\t\t\t\t\t<\/div>\n\t\t\t\t<div class=\"elementor-element elementor-element-0c9f7e0 elementor-widget elementor-widget-text-editor\" data-id=\"0c9f7e0\" data-element_type=\"widget\" data-widget_type=\"text-editor.default\">\n\t\t\t\t\t\t\t\t\t<p style=\"text-align: center;\"><strong>Apresenta\u00e7\u00e3o de slides do PCA de 17\/06\/2021:<\/strong><\/p>\t\t\t\t\t\t\t\t<\/div>\n\t\t\t\t<div class=\"elementor-element elementor-element-5a446d9 elementor-widget elementor-widget-image\" data-id=\"5a446d9\" data-element_type=\"widget\" data-widget_type=\"image.default\">\n\t\t\t\t\t\t\t\t\t\t\t\t\t\t\t\t<a href=\"http:\/\/redelog.rj.gov.br\/redelog\/wp-content\/uploads\/2021\/11\/Apresentacao-PCA-17jun21.pptx\">\n\t\t\t\t\t\t\t<img decoding=\"async\" width=\"512\" height=\"512\" data-src=\"https:\/\/redelog.rj.gov.br\/redelog\/wp-content\/uploads\/2021\/10\/PowerPoint-Icon.png\" class=\"attachment-large size-large wp-image-5927 lazyload\" alt=\"\" data-srcset=\"https:\/\/redelog.rj.gov.br\/redelog\/wp-content\/uploads\/2021\/10\/PowerPoint-Icon.png 512w, https:\/\/redelog.rj.gov.br\/redelog\/wp-content\/uploads\/2021\/10\/PowerPoint-Icon-300x300.png 300w, https:\/\/redelog.rj.gov.br\/redelog\/wp-content\/uploads\/2021\/10\/PowerPoint-Icon-150x150.png 150w, https:\/\/redelog.rj.gov.br\/redelog\/wp-content\/uploads\/2021\/10\/PowerPoint-Icon-230x230.png 230w, https:\/\/redelog.rj.gov.br\/redelog\/wp-content\/uploads\/2021\/10\/PowerPoint-Icon-400x400.png 400w\" data-sizes=\"(max-width: 512px) 100vw, 512px\" src=\"data:image\/svg+xml;base64,PHN2ZyB3aWR0aD0iMSIgaGVpZ2h0PSIxIiB4bWxucz0iaHR0cDovL3d3dy53My5vcmcvMjAwMC9zdmciPjwvc3ZnPg==\" style=\"--smush-placeholder-width: 512px; --smush-placeholder-aspect-ratio: 512\/512;\" \/>\t\t\t\t\t\t\t\t<\/a>\n\t\t\t\t\t\t\t\t\t\t\t\t\t\t\t<\/div>\n\t\t\t\t<div class=\"elementor-element elementor-element-ae01d09 elementor-widget elementor-widget-text-editor\" data-id=\"ae01d09\" data-element_type=\"widget\" data-widget_type=\"text-editor.default\">\n\t\t\t\t\t\t\t\t\t<p style=\"text-align: center;\"><strong>Apresenta\u00e7\u00e3o de slides do PCA de 13 a 15\/09\/2023:<\/strong><\/p>\t\t\t\t\t\t\t\t<\/div>\n\t\t\t\t<div class=\"elementor-element elementor-element-55c8f64 elementor-widget elementor-widget-image\" data-id=\"55c8f64\" data-element_type=\"widget\" data-widget_type=\"image.default\">\n\t\t\t\t\t\t\t\t\t\t\t\t\t\t\t\t<a href=\"https:\/\/www.redelog.rj.gov.br\/redelog\/wp-content\/uploads\/2023\/09\/Treinamento-PCA.pdf\">\n\t\t\t\t\t\t\t<img decoding=\"async\" width=\"512\" height=\"512\" data-src=\"https:\/\/redelog.rj.gov.br\/redelog\/wp-content\/uploads\/2021\/10\/PowerPoint-Icon.png\" class=\"attachment-large size-large wp-image-5927 lazyload\" alt=\"\" data-srcset=\"https:\/\/redelog.rj.gov.br\/redelog\/wp-content\/uploads\/2021\/10\/PowerPoint-Icon.png 512w, https:\/\/redelog.rj.gov.br\/redelog\/wp-content\/uploads\/2021\/10\/PowerPoint-Icon-300x300.png 300w, https:\/\/redelog.rj.gov.br\/redelog\/wp-content\/uploads\/2021\/10\/PowerPoint-Icon-150x150.png 150w, https:\/\/redelog.rj.gov.br\/redelog\/wp-content\/uploads\/2021\/10\/PowerPoint-Icon-230x230.png 230w, https:\/\/redelog.rj.gov.br\/redelog\/wp-content\/uploads\/2021\/10\/PowerPoint-Icon-400x400.png 400w\" data-sizes=\"(max-width: 512px) 100vw, 512px\" src=\"data:image\/svg+xml;base64,PHN2ZyB3aWR0aD0iMSIgaGVpZ2h0PSIxIiB4bWxucz0iaHR0cDovL3d3dy53My5vcmcvMjAwMC9zdmciPjwvc3ZnPg==\" style=\"--smush-placeholder-width: 512px; --smush-placeholder-aspect-ratio: 512\/512;\" \/>\t\t\t\t\t\t\t\t<\/a>\n\t\t\t\t\t\t\t\t\t\t\t\t\t\t\t<\/div>\n\t\t\t\t<div class=\"elementor-element elementor-element-e94ab0e elementor-widget-divider--view-line elementor-widget elementor-widget-divider\" data-id=\"e94ab0e\" data-element_type=\"widget\" data-widget_type=\"divider.default\">\n\t\t\t\t\t\t\t<div class=\"elementor-divider\">\n\t\t\t<span class=\"elementor-divider-separator\">\n\t\t\t\t\t\t<\/span>\n\t\t<\/div>\n\t\t\t\t\t\t<\/div>\n\t\t\t\t<div class=\"elementor-element elementor-element-0c0a7f9 elementor-widget elementor-widget-heading\" data-id=\"0c0a7f9\" data-element_type=\"widget\" data-widget_type=\"heading.default\">\n\t\t\t\t\t<h2 class=\"elementor-heading-title elementor-size-default\">Atualiza\u00e7\u00e3o do PCA<\/h2>\t\t\t\t<\/div>\n\t\t\t\t<div class=\"elementor-element elementor-element-29e9897 elementor-widget elementor-widget-text-editor\" data-id=\"29e9897\" data-element_type=\"widget\" data-widget_type=\"text-editor.default\">\n\t\t\t\t\t\t\t\t\t<p>A partir do m\u00eas de outubro anterior ao in\u00edcio do exerc\u00edcio ao qual o PCA se refere ser\u00e1 poss\u00edvel efetuar o replanejamento das informa\u00e7\u00f5es do instrumento em caso de necessidade justificada. A solicita\u00e7\u00e3o de atualiza\u00e7\u00e3o das informa\u00e7\u00f5es do PCA dever\u00e1 ser realizada por meio de Of\u00edcio SEI da autoridade competente da Unidade \u00e0 Seplag\/Sublog com a justificativa e incluindo a nova planilha completa do PCA daquela unidade.<\/p><p>Todas as solicita\u00e7\u00f5es de atualiza\u00e7\u00e3o do PCA da unidade compradora dever\u00e3o ser inclu\u00eddas em um \u00fanico processo SEI para o mesmo exerc\u00edcio, cujo t\u00edtulo da especifica\u00e7\u00e3o ser\u00e1 no formato &#8220;Atualiza\u00e7\u00e3o do PCA &#8211; Exerc\u00edcio 20xx&#8221;.<\/p>\t\t\t\t\t\t\t\t<\/div>\n\t\t\t\t<div class=\"elementor-element elementor-element-d1396bf elementor-widget-divider--view-line elementor-widget elementor-widget-divider\" data-id=\"d1396bf\" data-element_type=\"widget\" data-widget_type=\"divider.default\">\n\t\t\t\t\t\t\t<div class=\"elementor-divider\">\n\t\t\t<span class=\"elementor-divider-separator\">\n\t\t\t\t\t\t<\/span>\n\t\t<\/div>\n\t\t\t\t\t\t<\/div>\n\t\t\t\t<div class=\"elementor-element elementor-element-5c34a2c elementor-widget elementor-widget-heading\" data-id=\"5c34a2c\" data-element_type=\"widget\" data-widget_type=\"heading.default\">\n\t\t\t\t\t<h2 class=\"elementor-heading-title elementor-size-default\">Legisla\u00e7\u00e3o<\/h2>\t\t\t\t<\/div>\n\t\t\t\t<div class=\"elementor-element elementor-element-6e6c748 elementor-widget elementor-widget-text-editor\" data-id=\"6e6c748\" data-element_type=\"widget\" data-widget_type=\"text-editor.default\">\n\t\t\t\t\t\t\t\t\t<p style=\"text-align: justify; background: white; margin: 0cm 0cm 12.0pt 0cm;\"><span style=\"font-size: 13.5pt; font-family: 'Open Sans',sans-serif; color: #0d2d62;\">O PCA est\u00e1 previsto no art. 12 da <strong><a href=\"http:\/\/www.planalto.gov.br\/ccivil_03\/_ato2019-2022\/2021\/lei\/L14133.htm\" target=\"_blank\" rel=\"noopener\">Lei Federal n\u00ba 14.133, de 1\u00ba de abril de 2021<\/a><\/strong>, a Lei de Licita\u00e7\u00f5es e Contratos Administrativos. A regulamenta\u00e7\u00e3o do PCA no \u00e2mbito do Poder Executivo do Estado do Rio de Janeiro ocorreu por meio da\u00a0<a href=\"http:\/\/redelog.rj.gov.br\/redelog\/resolucao-seplag-no-122\/\" rel=\"noopener\"><strong><span style=\"font-family: 'Open Sans',sans-serif;\">Resolu\u00e7\u00e3o SEPLAG n\u00ba 122, de 02 de maio de 2022<\/span><\/strong><\/a>.<\/span><\/p>\t\t\t\t\t\t\t\t<\/div>\n\t\t\t\t<div class=\"elementor-element elementor-element-2f2c1c0 elementor-widget elementor-widget-image\" data-id=\"2f2c1c0\" data-element_type=\"widget\" data-widget_type=\"image.default\">\n\t\t\t\t\t\t\t\t\t\t\t\t\t\t\t\t<a href=\"https:\/\/redelog.rj.gov.br\/redelog\/resolucao-seplag-no-122\/\">\n\t\t\t\t\t\t\t<img decoding=\"async\" width=\"225\" height=\"225\" data-src=\"https:\/\/redelog.rj.gov.br\/redelog\/wp-content\/uploads\/2021\/11\/pdf.png\" class=\"attachment-large size-large wp-image-5853 lazyload\" alt=\"\" data-srcset=\"https:\/\/redelog.rj.gov.br\/redelog\/wp-content\/uploads\/2021\/11\/pdf.png 225w, https:\/\/redelog.rj.gov.br\/redelog\/wp-content\/uploads\/2021\/11\/pdf-150x150.png 150w\" data-sizes=\"(max-width: 225px) 100vw, 225px\" src=\"data:image\/svg+xml;base64,PHN2ZyB3aWR0aD0iMSIgaGVpZ2h0PSIxIiB4bWxucz0iaHR0cDovL3d3dy53My5vcmcvMjAwMC9zdmciPjwvc3ZnPg==\" style=\"--smush-placeholder-width: 225px; --smush-placeholder-aspect-ratio: 225\/225;\" \/>\t\t\t\t\t\t\t\t<\/a>\n\t\t\t\t\t\t\t\t\t\t\t\t\t\t\t<\/div>\n\t\t\t\t<div class=\"elementor-element elementor-element-21a8b26 elementor-widget-divider--view-line elementor-widget elementor-widget-divider\" data-id=\"21a8b26\" data-element_type=\"widget\" data-widget_type=\"divider.default\">\n\t\t\t\t\t\t\t<div class=\"elementor-divider\">\n\t\t\t<span class=\"elementor-divider-separator\">\n\t\t\t\t\t\t<\/span>\n\t\t<\/div>\n\t\t\t\t\t\t<\/div>\n\t\t\t\t<div class=\"elementor-element elementor-element-642856b elementor-widget elementor-widget-heading\" data-id=\"642856b\" data-element_type=\"widget\" data-widget_type=\"heading.default\">\n\t\t\t\t\t<h2 class=\"elementor-heading-title elementor-size-default\">Perguntas Frequentes<\/h2>\t\t\t\t<\/div>\n\t\t\t\t<div class=\"elementor-element elementor-element-cc3aa54 elementor-widget elementor-widget-toggle\" data-id=\"cc3aa54\" data-element_type=\"widget\" data-widget_type=\"toggle.default\">\n\t\t\t\t\t\t\t<div class=\"elementor-toggle\">\n\t\t\t\t\t\t\t<div class=\"elementor-toggle-item\">\n\t\t\t\t\t<div id=\"elementor-tab-title-2141\" class=\"elementor-tab-title\" data-tab=\"1\" role=\"button\" aria-controls=\"elementor-tab-content-2141\" aria-expanded=\"false\">\n\t\t\t\t\t\t\t\t\t\t\t\t<span class=\"elementor-toggle-icon elementor-toggle-icon-left\" aria-hidden=\"true\">\n\t\t\t\t\t\t\t\t\t\t\t\t\t\t\t<span class=\"elementor-toggle-icon-closed\"><svg class=\"e-font-icon-svg e-fas-caret-right\" viewBox=\"0 0 192 512\" xmlns=\"http:\/\/www.w3.org\/2000\/svg\"><path d=\"M0 384.662V127.338c0-17.818 21.543-26.741 34.142-14.142l128.662 128.662c7.81 7.81 7.81 20.474 0 28.284L34.142 398.804C21.543 411.404 0 402.48 0 384.662z\"><\/path><\/svg><\/span>\n\t\t\t\t\t\t\t\t<span class=\"elementor-toggle-icon-opened\"><svg class=\"elementor-toggle-icon-opened e-font-icon-svg e-fas-caret-up\" viewBox=\"0 0 320 512\" xmlns=\"http:\/\/www.w3.org\/2000\/svg\"><path d=\"M288.662 352H31.338c-17.818 0-26.741-21.543-14.142-34.142l128.662-128.662c7.81-7.81 20.474-7.81 28.284 0l128.662 128.662c12.6 12.599 3.676 34.142-14.142 34.142z\"><\/path><\/svg><\/span>\n\t\t\t\t\t\t\t\t\t\t\t\t\t<\/span>\n\t\t\t\t\t\t\t\t\t\t\t\t<a class=\"elementor-toggle-title\" tabindex=\"0\">1)\tDevo atualizar o PCA de meu \u00f3rg\u00e3o\/entidade da mesma forma que fazia com o PAC?<\/a>\n\t\t\t\t\t<\/div>\n\n\t\t\t\t\t<div id=\"elementor-tab-content-2141\" class=\"elementor-tab-content elementor-clearfix\" data-tab=\"1\" role=\"region\" aria-labelledby=\"elementor-tab-title-2141\"><p style=\"text-align: justify;\">N\u00e3o. A atualiza\u00e7\u00e3o do PCA deve ser solicitada por meio de um \u00fanico processo SEI por \u00f3rg\u00e3o\/entidade para todo o exerc\u00edcio.<\/p><\/div>\n\t\t\t\t<\/div>\n\t\t\t\t\t\t\t<div class=\"elementor-toggle-item\">\n\t\t\t\t\t<div id=\"elementor-tab-title-2142\" class=\"elementor-tab-title\" data-tab=\"2\" role=\"button\" aria-controls=\"elementor-tab-content-2142\" aria-expanded=\"false\">\n\t\t\t\t\t\t\t\t\t\t\t\t<span class=\"elementor-toggle-icon elementor-toggle-icon-left\" aria-hidden=\"true\">\n\t\t\t\t\t\t\t\t\t\t\t\t\t\t\t<span class=\"elementor-toggle-icon-closed\"><svg class=\"e-font-icon-svg e-fas-caret-right\" viewBox=\"0 0 192 512\" xmlns=\"http:\/\/www.w3.org\/2000\/svg\"><path d=\"M0 384.662V127.338c0-17.818 21.543-26.741 34.142-14.142l128.662 128.662c7.81 7.81 7.81 20.474 0 28.284L34.142 398.804C21.543 411.404 0 402.48 0 384.662z\"><\/path><\/svg><\/span>\n\t\t\t\t\t\t\t\t<span class=\"elementor-toggle-icon-opened\"><svg class=\"elementor-toggle-icon-opened e-font-icon-svg e-fas-caret-up\" viewBox=\"0 0 320 512\" xmlns=\"http:\/\/www.w3.org\/2000\/svg\"><path d=\"M288.662 352H31.338c-17.818 0-26.741-21.543-14.142-34.142l128.662-128.662c7.81-7.81 20.474-7.81 28.284 0l128.662 128.662c12.6 12.599 3.676 34.142-14.142 34.142z\"><\/path><\/svg><\/span>\n\t\t\t\t\t\t\t\t\t\t\t\t\t<\/span>\n\t\t\t\t\t\t\t\t\t\t\t\t<a class=\"elementor-toggle-title\" tabindex=\"0\">2)\tQuem deve assinar o of\u00edcio encaminhando a atualiza\u00e7\u00e3o do PCA para a Sublog?<\/a>\n\t\t\t\t\t<\/div>\n\n\t\t\t\t\t<div id=\"elementor-tab-content-2142\" class=\"elementor-tab-content elementor-clearfix\" data-tab=\"2\" role=\"region\" aria-labelledby=\"elementor-tab-title-2142\"><p style=\"text-align: justify;\">A autoridade competente dever\u00e1 assinar o of\u00edcio SEI. Excepcionalmente a autoridade poder\u00e1 delegar essa compet\u00eancia para o gestor setorial da Redelog oficialmente indicado, mas essa delega\u00e7\u00e3o dever\u00e1 constar do processo de solicita\u00e7\u00e3o de atualiza\u00e7\u00e3o do PCA.<\/p><\/div>\n\t\t\t\t<\/div>\n\t\t\t\t\t\t\t<div class=\"elementor-toggle-item\">\n\t\t\t\t\t<div id=\"elementor-tab-title-2143\" class=\"elementor-tab-title\" data-tab=\"3\" role=\"button\" aria-controls=\"elementor-tab-content-2143\" aria-expanded=\"false\">\n\t\t\t\t\t\t\t\t\t\t\t\t<span class=\"elementor-toggle-icon elementor-toggle-icon-left\" aria-hidden=\"true\">\n\t\t\t\t\t\t\t\t\t\t\t\t\t\t\t<span class=\"elementor-toggle-icon-closed\"><svg class=\"e-font-icon-svg e-fas-caret-right\" viewBox=\"0 0 192 512\" xmlns=\"http:\/\/www.w3.org\/2000\/svg\"><path d=\"M0 384.662V127.338c0-17.818 21.543-26.741 34.142-14.142l128.662 128.662c7.81 7.81 7.81 20.474 0 28.284L34.142 398.804C21.543 411.404 0 402.48 0 384.662z\"><\/path><\/svg><\/span>\n\t\t\t\t\t\t\t\t<span class=\"elementor-toggle-icon-opened\"><svg class=\"elementor-toggle-icon-opened e-font-icon-svg e-fas-caret-up\" viewBox=\"0 0 320 512\" xmlns=\"http:\/\/www.w3.org\/2000\/svg\"><path d=\"M288.662 352H31.338c-17.818 0-26.741-21.543-14.142-34.142l128.662-128.662c7.81-7.81 20.474-7.81 28.284 0l128.662 128.662c12.6 12.599 3.676 34.142-14.142 34.142z\"><\/path><\/svg><\/span>\n\t\t\t\t\t\t\t\t\t\t\t\t\t<\/span>\n\t\t\t\t\t\t\t\t\t\t\t\t<a class=\"elementor-toggle-title\" tabindex=\"0\">3)\tComo sei se meu \u00f3rg\u00e3o\/entidade tem um gestor setorial da REDELOG formalmente indicado?<\/a>\n\t\t\t\t\t<\/div>\n\n\t\t\t\t\t<div id=\"elementor-tab-content-2143\" class=\"elementor-tab-content elementor-clearfix\" data-tab=\"3\" role=\"region\" aria-labelledby=\"elementor-tab-title-2143\"><p>Essa indica\u00e7\u00e3o deve constar do processo \u00a0<strong><a id=\"anchor54268121\" class=\"infraArvoreNo\" title=\"Administrativo: Elabora\u00e7\u00e3o de Of\u00edcio de Mero Expediente\" href=\"https:\/\/sei.fazenda.rj.gov.br\/sei\/controlador.php?acao=procedimento_trabalhar&amp;id_procedimento=54268121\" target=\"ifrVisualizacao\"><span id=\"span54268121\" class=\"noVisitado\">SEI-120001\/001885\/2023<\/span><\/a><\/strong>.<\/p><\/div>\n\t\t\t\t<\/div>\n\t\t\t\t\t\t\t<div class=\"elementor-toggle-item\">\n\t\t\t\t\t<div id=\"elementor-tab-title-2144\" class=\"elementor-tab-title\" data-tab=\"4\" role=\"button\" aria-controls=\"elementor-tab-content-2144\" aria-expanded=\"false\">\n\t\t\t\t\t\t\t\t\t\t\t\t<span class=\"elementor-toggle-icon elementor-toggle-icon-left\" aria-hidden=\"true\">\n\t\t\t\t\t\t\t\t\t\t\t\t\t\t\t<span class=\"elementor-toggle-icon-closed\"><svg class=\"e-font-icon-svg e-fas-caret-right\" viewBox=\"0 0 192 512\" xmlns=\"http:\/\/www.w3.org\/2000\/svg\"><path d=\"M0 384.662V127.338c0-17.818 21.543-26.741 34.142-14.142l128.662 128.662c7.81 7.81 7.81 20.474 0 28.284L34.142 398.804C21.543 411.404 0 402.48 0 384.662z\"><\/path><\/svg><\/span>\n\t\t\t\t\t\t\t\t<span class=\"elementor-toggle-icon-opened\"><svg class=\"elementor-toggle-icon-opened e-font-icon-svg e-fas-caret-up\" viewBox=\"0 0 320 512\" xmlns=\"http:\/\/www.w3.org\/2000\/svg\"><path d=\"M288.662 352H31.338c-17.818 0-26.741-21.543-14.142-34.142l128.662-128.662c7.81-7.81 20.474-7.81 28.284 0l128.662 128.662c12.6 12.599 3.676 34.142-14.142 34.142z\"><\/path><\/svg><\/span>\n\t\t\t\t\t\t\t\t\t\t\t\t\t<\/span>\n\t\t\t\t\t\t\t\t\t\t\t\t<a class=\"elementor-toggle-title\" tabindex=\"0\">4)\tExistem despesas que N\u00c3O devem constar do PCA?<\/a>\n\t\t\t\t\t<\/div>\n\n\t\t\t\t\t<div id=\"elementor-tab-content-2144\" class=\"elementor-tab-content elementor-clearfix\" data-tab=\"4\" role=\"region\" aria-labelledby=\"elementor-tab-title-2144\"><p style=\"text-align: justify;\">Despesas de pessoal, di\u00e1rias, adiantamentos de gabinete e bolsas que n\u00e3o foram objeto de licita\u00e7\u00e3o ou contrata\u00e7\u00e3o direta dever\u00e3o ser exclu\u00eddas do PCA. No PCA devem constar despesas com aquisi\u00e7\u00e3o de bens, contrata\u00e7\u00e3o de servi\u00e7os e obras.<\/p><\/div>\n\t\t\t\t<\/div>\n\t\t\t\t\t\t\t<div class=\"elementor-toggle-item\">\n\t\t\t\t\t<div id=\"elementor-tab-title-2145\" class=\"elementor-tab-title\" data-tab=\"5\" role=\"button\" aria-controls=\"elementor-tab-content-2145\" aria-expanded=\"false\">\n\t\t\t\t\t\t\t\t\t\t\t\t<span class=\"elementor-toggle-icon elementor-toggle-icon-left\" aria-hidden=\"true\">\n\t\t\t\t\t\t\t\t\t\t\t\t\t\t\t<span class=\"elementor-toggle-icon-closed\"><svg class=\"e-font-icon-svg e-fas-caret-right\" viewBox=\"0 0 192 512\" xmlns=\"http:\/\/www.w3.org\/2000\/svg\"><path d=\"M0 384.662V127.338c0-17.818 21.543-26.741 34.142-14.142l128.662 128.662c7.81 7.81 7.81 20.474 0 28.284L34.142 398.804C21.543 411.404 0 402.48 0 384.662z\"><\/path><\/svg><\/span>\n\t\t\t\t\t\t\t\t<span class=\"elementor-toggle-icon-opened\"><svg class=\"elementor-toggle-icon-opened e-font-icon-svg e-fas-caret-up\" viewBox=\"0 0 320 512\" xmlns=\"http:\/\/www.w3.org\/2000\/svg\"><path d=\"M288.662 352H31.338c-17.818 0-26.741-21.543-14.142-34.142l128.662-128.662c7.81-7.81 20.474-7.81 28.284 0l128.662 128.662c12.6 12.599 3.676 34.142-14.142 34.142z\"><\/path><\/svg><\/span>\n\t\t\t\t\t\t\t\t\t\t\t\t\t<\/span>\n\t\t\t\t\t\t\t\t\t\t\t\t<a class=\"elementor-toggle-title\" tabindex=\"0\">5)\tPosso incluir livremente novas despesas no PCA?<\/a>\n\t\t\t\t\t<\/div>\n\n\t\t\t\t\t<div id=\"elementor-tab-content-2145\" class=\"elementor-tab-content elementor-clearfix\" data-tab=\"5\" role=\"region\" aria-labelledby=\"elementor-tab-title-2145\"><p>S\u00f3 ser\u00e1 poss\u00edvel incluir uma nova despesa no PCA em duas hip\u00f3teses:<\/p><ul><li>Se houver suplementa\u00e7\u00e3o or\u00e7ament\u00e1ria, ou seja, um aumento no valor do or\u00e7amento dispon\u00edvel da unidade para contrata\u00e7\u00f5es;<\/li><li>Se houver uma compensa\u00e7\u00e3o correspondente no mesmo valor acrescido, ou seja, uma redu\u00e7\u00e3o em outras despesas do PCA, a fim de manter o equil\u00edbrio or\u00e7ament\u00e1rio.<\/li><\/ul><\/div>\n\t\t\t\t<\/div>\n\t\t\t\t\t\t\t<div class=\"elementor-toggle-item\">\n\t\t\t\t\t<div id=\"elementor-tab-title-2146\" class=\"elementor-tab-title\" data-tab=\"6\" role=\"button\" aria-controls=\"elementor-tab-content-2146\" aria-expanded=\"false\">\n\t\t\t\t\t\t\t\t\t\t\t\t<span class=\"elementor-toggle-icon elementor-toggle-icon-left\" aria-hidden=\"true\">\n\t\t\t\t\t\t\t\t\t\t\t\t\t\t\t<span class=\"elementor-toggle-icon-closed\"><svg class=\"e-font-icon-svg e-fas-caret-right\" viewBox=\"0 0 192 512\" xmlns=\"http:\/\/www.w3.org\/2000\/svg\"><path d=\"M0 384.662V127.338c0-17.818 21.543-26.741 34.142-14.142l128.662 128.662c7.81 7.81 7.81 20.474 0 28.284L34.142 398.804C21.543 411.404 0 402.48 0 384.662z\"><\/path><\/svg><\/span>\n\t\t\t\t\t\t\t\t<span class=\"elementor-toggle-icon-opened\"><svg class=\"elementor-toggle-icon-opened e-font-icon-svg e-fas-caret-up\" viewBox=\"0 0 320 512\" xmlns=\"http:\/\/www.w3.org\/2000\/svg\"><path d=\"M288.662 352H31.338c-17.818 0-26.741-21.543-14.142-34.142l128.662-128.662c7.81-7.81 20.474-7.81 28.284 0l128.662 128.662c12.6 12.599 3.676 34.142-14.142 34.142z\"><\/path><\/svg><\/span>\n\t\t\t\t\t\t\t\t\t\t\t\t\t<\/span>\n\t\t\t\t\t\t\t\t\t\t\t\t<a class=\"elementor-toggle-title\" tabindex=\"0\">6)\tQual informa\u00e7\u00e3o deve constar na coluna Item Unit\u00e1rio de Despesa?<\/a>\n\t\t\t\t\t<\/div>\n\n\t\t\t\t\t<div id=\"elementor-tab-content-2146\" class=\"elementor-tab-content elementor-clearfix\" data-tab=\"6\" role=\"region\" aria-labelledby=\"elementor-tab-title-2146\"><p style=\"text-align: justify;\">Devem constar somente o c\u00f3digo e a descri\u00e7\u00e3o de <strong>Classes<\/strong> do Cat\u00e1logo de Materiais e Servi\u00e7os do SIGA.\u00a0<\/p><\/div>\n\t\t\t\t<\/div>\n\t\t\t\t\t\t\t<div class=\"elementor-toggle-item\">\n\t\t\t\t\t<div id=\"elementor-tab-title-2147\" class=\"elementor-tab-title\" data-tab=\"7\" role=\"button\" aria-controls=\"elementor-tab-content-2147\" aria-expanded=\"false\">\n\t\t\t\t\t\t\t\t\t\t\t\t<span class=\"elementor-toggle-icon elementor-toggle-icon-left\" aria-hidden=\"true\">\n\t\t\t\t\t\t\t\t\t\t\t\t\t\t\t<span class=\"elementor-toggle-icon-closed\"><svg class=\"e-font-icon-svg e-fas-caret-right\" viewBox=\"0 0 192 512\" xmlns=\"http:\/\/www.w3.org\/2000\/svg\"><path d=\"M0 384.662V127.338c0-17.818 21.543-26.741 34.142-14.142l128.662 128.662c7.81 7.81 7.81 20.474 0 28.284L34.142 398.804C21.543 411.404 0 402.48 0 384.662z\"><\/path><\/svg><\/span>\n\t\t\t\t\t\t\t\t<span class=\"elementor-toggle-icon-opened\"><svg class=\"elementor-toggle-icon-opened e-font-icon-svg e-fas-caret-up\" viewBox=\"0 0 320 512\" xmlns=\"http:\/\/www.w3.org\/2000\/svg\"><path d=\"M288.662 352H31.338c-17.818 0-26.741-21.543-14.142-34.142l128.662-128.662c7.81-7.81 20.474-7.81 28.284 0l128.662 128.662c12.6 12.599 3.676 34.142-14.142 34.142z\"><\/path><\/svg><\/span>\n\t\t\t\t\t\t\t\t\t\t\t\t\t<\/span>\n\t\t\t\t\t\t\t\t\t\t\t\t<a class=\"elementor-toggle-title\" tabindex=\"0\">7)\tExiste uma data para enviar a atualiza\u00e7\u00e3o do PCA?<\/a>\n\t\t\t\t\t<\/div>\n\n\t\t\t\t\t<div id=\"elementor-tab-content-2147\" class=\"elementor-tab-content elementor-clearfix\" data-tab=\"7\" role=\"region\" aria-labelledby=\"elementor-tab-title-2147\"><p style=\"text-align: justify;\">Para a organiza\u00e7\u00e3o dos trabalhos a data-limite para envio de atualiza\u00e7\u00f5es do PCA ser\u00e1 at\u00e9 o dia 18 de cada m\u00eas. Assim, o \u00f3rg\u00e3o\/entidade ter\u00e1 tempo h\u00e1bil para incluir todas as mudan\u00e7as, inclusive os ajustes em raz\u00e3o de altera\u00e7\u00f5es or\u00e7ament\u00e1rias feitas ao longo dos \u00faltimos 30 dias, evitando v\u00e1rias atualiza\u00e7\u00f5es ao longo do m\u00eas.<\/p><\/div>\n\t\t\t\t<\/div>\n\t\t\t\t\t\t\t<div class=\"elementor-toggle-item\">\n\t\t\t\t\t<div id=\"elementor-tab-title-2148\" class=\"elementor-tab-title\" data-tab=\"8\" role=\"button\" aria-controls=\"elementor-tab-content-2148\" aria-expanded=\"false\">\n\t\t\t\t\t\t\t\t\t\t\t\t<span class=\"elementor-toggle-icon elementor-toggle-icon-left\" aria-hidden=\"true\">\n\t\t\t\t\t\t\t\t\t\t\t\t\t\t\t<span class=\"elementor-toggle-icon-closed\"><svg class=\"e-font-icon-svg e-fas-caret-right\" viewBox=\"0 0 192 512\" xmlns=\"http:\/\/www.w3.org\/2000\/svg\"><path d=\"M0 384.662V127.338c0-17.818 21.543-26.741 34.142-14.142l128.662 128.662c7.81 7.81 7.81 20.474 0 28.284L34.142 398.804C21.543 411.404 0 402.48 0 384.662z\"><\/path><\/svg><\/span>\n\t\t\t\t\t\t\t\t<span class=\"elementor-toggle-icon-opened\"><svg class=\"elementor-toggle-icon-opened e-font-icon-svg e-fas-caret-up\" viewBox=\"0 0 320 512\" xmlns=\"http:\/\/www.w3.org\/2000\/svg\"><path d=\"M288.662 352H31.338c-17.818 0-26.741-21.543-14.142-34.142l128.662-128.662c7.81-7.81 20.474-7.81 28.284 0l128.662 128.662c12.6 12.599 3.676 34.142-14.142 34.142z\"><\/path><\/svg><\/span>\n\t\t\t\t\t\t\t\t\t\t\t\t\t<\/span>\n\t\t\t\t\t\t\t\t\t\t\t\t<a class=\"elementor-toggle-title\" tabindex=\"0\">8)\tMeu \u00f3rg\u00e3o\/entidade n\u00e3o fez o PCA. Como devo proceder?<\/a>\n\t\t\t\t\t<\/div>\n\n\t\t\t\t\t<div id=\"elementor-tab-content-2148\" class=\"elementor-tab-content elementor-clearfix\" data-tab=\"8\" role=\"region\" aria-labelledby=\"elementor-tab-title-2148\"><p>Como o PCA agora est\u00e1 unificado ao POD, mesmo que a unidade n\u00e3o tenha lan\u00e7ado o POD, as informa\u00e7\u00f5es or\u00e7ament\u00e1rias devem estar constando na planilha do POD\/PCA publicada\u00a0 no Portal da Redelog. Nesse caso o \u00f3rg\u00e3o\/entidade dever\u00e1 analisar as informa\u00e7\u00f5es que constam dessa planilha e providenciar o preenchimento dos dados que estiverem faltando.<\/p><\/div>\n\t\t\t\t<\/div>\n\t\t\t\t\t\t\t\t<\/div>\n\t\t\t\t\t\t<\/div>\n\t\t\t\t<section class=\"elementor-section elementor-inner-section elementor-element elementor-element-3786d34 elementor-section-boxed elementor-section-height-default elementor-section-height-default\" data-id=\"3786d34\" data-element_type=\"section\" id=\"download\" data-settings=\"{&quot;jet_parallax_layout_list&quot;:[{&quot;jet_parallax_layout_image&quot;:{&quot;url&quot;:&quot;&quot;,&quot;id&quot;:&quot;&quot;,&quot;size&quot;:&quot;&quot;},&quot;_id&quot;:&quot;804384c&quot;,&quot;jet_parallax_layout_image_tablet&quot;:{&quot;url&quot;:&quot;&quot;,&quot;id&quot;:&quot;&quot;,&quot;size&quot;:&quot;&quot;},&quot;jet_parallax_layout_image_mobile&quot;:{&quot;url&quot;:&quot;&quot;,&quot;id&quot;:&quot;&quot;,&quot;size&quot;:&quot;&quot;},&quot;jet_parallax_layout_speed&quot;:{&quot;unit&quot;:&quot;%&quot;,&quot;size&quot;:50,&quot;sizes&quot;:[]},&quot;jet_parallax_layout_type&quot;:&quot;scroll&quot;,&quot;jet_parallax_layout_direction&quot;:&quot;1&quot;,&quot;jet_parallax_layout_fx_direction&quot;:null,&quot;jet_parallax_layout_z_index&quot;:&quot;&quot;,&quot;jet_parallax_layout_bg_x&quot;:50,&quot;jet_parallax_layout_bg_x_tablet&quot;:&quot;&quot;,&quot;jet_parallax_layout_bg_x_mobile&quot;:&quot;&quot;,&quot;jet_parallax_layout_bg_y&quot;:50,&quot;jet_parallax_layout_bg_y_tablet&quot;:&quot;&quot;,&quot;jet_parallax_layout_bg_y_mobile&quot;:&quot;&quot;,&quot;jet_parallax_layout_bg_size&quot;:&quot;auto&quot;,&quot;jet_parallax_layout_bg_size_tablet&quot;:&quot;&quot;,&quot;jet_parallax_layout_bg_size_mobile&quot;:&quot;&quot;,&quot;jet_parallax_layout_animation_prop&quot;:&quot;transform&quot;,&quot;jet_parallax_layout_on&quot;:[&quot;desktop&quot;,&quot;tablet&quot;]}]}\">\n\t\t\t\t\t\t<div class=\"elementor-container elementor-column-gap-default\">\n\t\t\t\t\t<div class=\"elementor-column elementor-col-33 elementor-inner-column elementor-element elementor-element-1f81fb5\" data-id=\"1f81fb5\" data-element_type=\"column\">\n\t\t\t<div class=\"elementor-widget-wrap elementor-element-populated\">\n\t\t\t\t\t\t<div class=\"elementor-element elementor-element-1b51c05 elementor-widget-divider--view-line elementor-widget elementor-widget-divider\" data-id=\"1b51c05\" data-element_type=\"widget\" data-widget_type=\"divider.default\">\n\t\t\t\t\t\t\t<div class=\"elementor-divider\">\n\t\t\t<span class=\"elementor-divider-separator\">\n\t\t\t\t\t\t<\/span>\n\t\t<\/div>\n\t\t\t\t\t\t<\/div>\n\t\t\t\t<div class=\"elementor-element elementor-element-a0a5c29 elementor-widget elementor-widget-image\" data-id=\"a0a5c29\" data-element_type=\"widget\" data-widget_type=\"image.default\">\n\t\t\t\t\t\t\t\t\t\t\t\t\t\t\t\t<a href=\"https:\/\/www.redelog.rj.gov.br\/redelog\/wp-content\/uploads\/2023\/06\/PAC-2021-07-12-2021-1-3.xlsx\" target=\"_blank\">\n\t\t\t\t\t\t\t<img decoding=\"async\" width=\"62\" height=\"62\" data-src=\"https:\/\/redelog.rj.gov.br\/redelog\/wp-content\/uploads\/2021\/11\/excelicon.png\" class=\"attachment-large size-large wp-image-4980 lazyload\" alt=\"\" src=\"data:image\/svg+xml;base64,PHN2ZyB3aWR0aD0iMSIgaGVpZ2h0PSIxIiB4bWxucz0iaHR0cDovL3d3dy53My5vcmcvMjAwMC9zdmciPjwvc3ZnPg==\" style=\"--smush-placeholder-width: 62px; --smush-placeholder-aspect-ratio: 62\/62;\" \/>\t\t\t\t\t\t\t\t<\/a>\n\t\t\t\t\t\t\t\t\t\t\t\t\t\t\t<\/div>\n\t\t\t\t<div class=\"elementor-element elementor-element-970a55c elementor-widget elementor-widget-heading\" data-id=\"970a55c\" data-element_type=\"widget\" data-widget_type=\"heading.default\">\n\t\t\t\t\t<h2 class=\"elementor-heading-title elementor-size-default\">PCA 2021 \n<\/h2>\t\t\t\t<\/div>\n\t\t\t\t<div class=\"elementor-element elementor-element-b1a5ca6 elementor-widget elementor-widget-text-editor\" data-id=\"b1a5ca6\" data-element_type=\"widget\" data-widget_type=\"text-editor.default\">\n\t\t\t\t\t\t\t\t\t<p><strong>Plano atualizado em 07\/12\/2021<\/strong><\/p>\t\t\t\t\t\t\t\t<\/div>\n\t\t\t\t\t<\/div>\n\t\t<\/div>\n\t\t\t\t<div class=\"elementor-column elementor-col-33 elementor-inner-column elementor-element elementor-element-2b9f092\" data-id=\"2b9f092\" data-element_type=\"column\">\n\t\t\t<div class=\"elementor-widget-wrap elementor-element-populated\">\n\t\t\t\t\t\t<div class=\"elementor-element elementor-element-1366f95 elementor-widget-divider--view-line elementor-widget elementor-widget-divider\" data-id=\"1366f95\" data-element_type=\"widget\" data-widget_type=\"divider.default\">\n\t\t\t\t\t\t\t<div class=\"elementor-divider\">\n\t\t\t<span class=\"elementor-divider-separator\">\n\t\t\t\t\t\t<\/span>\n\t\t<\/div>\n\t\t\t\t\t\t<\/div>\n\t\t\t\t<div class=\"elementor-element elementor-element-15f0de5 elementor-widget elementor-widget-image\" data-id=\"15f0de5\" data-element_type=\"widget\" data-widget_type=\"image.default\">\n\t\t\t\t\t\t\t\t\t\t\t\t\t\t\t\t<a href=\"https:\/\/www.redelog.rj.gov.br\/redelog\/wp-content\/uploads\/2021\/10\/PCA__2022-16_04_2023.xlsx\" target=\"_blank\">\n\t\t\t\t\t\t\t<img decoding=\"async\" width=\"62\" height=\"62\" data-src=\"https:\/\/redelog.rj.gov.br\/redelog\/wp-content\/uploads\/2021\/11\/excelicon.png\" class=\"attachment-large size-large wp-image-4980 lazyload\" alt=\"\" src=\"data:image\/svg+xml;base64,PHN2ZyB3aWR0aD0iMSIgaGVpZ2h0PSIxIiB4bWxucz0iaHR0cDovL3d3dy53My5vcmcvMjAwMC9zdmciPjwvc3ZnPg==\" style=\"--smush-placeholder-width: 62px; --smush-placeholder-aspect-ratio: 62\/62;\" \/>\t\t\t\t\t\t\t\t<\/a>\n\t\t\t\t\t\t\t\t\t\t\t\t\t\t\t<\/div>\n\t\t\t\t<div class=\"elementor-element elementor-element-9f99bd3 elementor-widget elementor-widget-heading\" data-id=\"9f99bd3\" data-element_type=\"widget\" data-widget_type=\"heading.default\">\n\t\t\t\t\t<h2 class=\"elementor-heading-title elementor-size-default\">PCA 2022 \n<\/h2>\t\t\t\t<\/div>\n\t\t\t\t<div class=\"elementor-element elementor-element-e7ad4df elementor-widget elementor-widget-text-editor\" data-id=\"e7ad4df\" data-element_type=\"widget\" data-widget_type=\"text-editor.default\">\n\t\t\t\t\t\t\t\t\t<p><strong>Plano atualizado em 16\/04\/2023<\/strong><\/p>\t\t\t\t\t\t\t\t<\/div>\n\t\t\t\t\t<\/div>\n\t\t<\/div>\n\t\t\t\t<div class=\"elementor-column elementor-col-33 elementor-inner-column elementor-element elementor-element-f5d0387\" data-id=\"f5d0387\" data-element_type=\"column\">\n\t\t\t<div class=\"elementor-widget-wrap elementor-element-populated\">\n\t\t\t\t\t\t<div class=\"elementor-element elementor-element-4598c10 elementor-widget-divider--view-line elementor-widget elementor-widget-divider\" data-id=\"4598c10\" data-element_type=\"widget\" data-widget_type=\"divider.default\">\n\t\t\t\t\t\t\t<div class=\"elementor-divider\">\n\t\t\t<span class=\"elementor-divider-separator\">\n\t\t\t\t\t\t<\/span>\n\t\t<\/div>\n\t\t\t\t\t\t<\/div>\n\t\t\t\t<div class=\"elementor-element elementor-element-0a2aa65 elementor-widget elementor-widget-image\" data-id=\"0a2aa65\" data-element_type=\"widget\" data-widget_type=\"image.default\">\n\t\t\t\t\t\t\t\t\t\t\t\t\t\t\t\t<a href=\"https:\/\/www.redelog.rj.gov.br\/redelog\/wp-content\/uploads\/2021\/10\/PCA-2023-de-21-11-2023-.xlsx\" target=\"_blank\">\n\t\t\t\t\t\t\t<img decoding=\"async\" width=\"62\" height=\"62\" data-src=\"https:\/\/redelog.rj.gov.br\/redelog\/wp-content\/uploads\/2021\/11\/excelicon.png\" class=\"attachment-large size-large wp-image-4980 lazyload\" alt=\"\" src=\"data:image\/svg+xml;base64,PHN2ZyB3aWR0aD0iMSIgaGVpZ2h0PSIxIiB4bWxucz0iaHR0cDovL3d3dy53My5vcmcvMjAwMC9zdmciPjwvc3ZnPg==\" style=\"--smush-placeholder-width: 62px; --smush-placeholder-aspect-ratio: 62\/62;\" \/>\t\t\t\t\t\t\t\t<\/a>\n\t\t\t\t\t\t\t\t\t\t\t\t\t\t\t<\/div>\n\t\t\t\t<div class=\"elementor-element elementor-element-d3bc80c elementor-widget elementor-widget-heading\" data-id=\"d3bc80c\" data-element_type=\"widget\" data-widget_type=\"heading.default\">\n\t\t\t\t\t<h2 class=\"elementor-heading-title elementor-size-default\">PCA 2023<\/h2>\t\t\t\t<\/div>\n\t\t\t\t<div class=\"elementor-element elementor-element-b2f892d elementor-widget elementor-widget-text-editor\" data-id=\"b2f892d\" data-element_type=\"widget\" data-widget_type=\"text-editor.default\">\n\t\t\t\t\t\t\t\t\t<p><strong>Plano atualizado em 21\/11\/2023<\/strong><\/p>\t\t\t\t\t\t\t\t<\/div>\n\t\t\t\t<div class=\"elementor-element elementor-element-19b1222 elementor-widget elementor-widget-image\" data-id=\"19b1222\" data-element_type=\"widget\" data-widget_type=\"image.default\">\n\t\t\t\t\t\t\t\t\t\t\t\t\t\t\t\t<a href=\"https:\/\/www.redelog.rj.gov.br\/redelog\/wp-content\/uploads\/2021\/10\/PCA-2023_-_18_06_23_-_atualizado_07_06_23-2.xlsx\" target=\"_blank\">\n\t\t\t\t\t\t\t<img decoding=\"async\" src=\"https:\/\/www.redelog.rj.gov.br\/redelog\/wp-content\/uploads\/2021\/10\/PCA-2023_-_18_06_23_-_atualizado_07_06_23.xlsx\" title=\"\" alt=\"\" loading=\"lazy\" \/>\t\t\t\t\t\t\t\t<\/a>\n\t\t\t\t\t\t\t\t\t\t\t\t\t\t\t<\/div>\n\t\t\t\t\t<\/div>\n\t\t<\/div>\n\t\t\t\t\t<\/div>\n\t\t<\/section>\n\t\t\t\t<div class=\"elementor-element elementor-element-9581ff0 elementor-widget-divider--view-line elementor-widget elementor-widget-divider\" data-id=\"9581ff0\" data-element_type=\"widget\" data-widget_type=\"divider.default\">\n\t\t\t\t\t\t\t<div class=\"elementor-divider\">\n\t\t\t<span class=\"elementor-divider-separator\">\n\t\t\t\t\t\t<\/span>\n\t\t<\/div>\n\t\t\t\t\t\t<\/div>\n\t\t\t\t\t<\/div>\n\t\t<\/div>\n\t\t\t\t\t<\/div>\n\t\t<\/section>\n\t\t\t\t<section class=\"elementor-section elementor-top-section elementor-element elementor-element-2397d07 elementor-section-boxed elementor-section-height-default elementor-section-height-default\" data-id=\"2397d07\" data-element_type=\"section\" id=\"options\" data-settings=\"{&quot;jet_parallax_layout_list&quot;:[{&quot;jet_parallax_layout_image&quot;:{&quot;url&quot;:&quot;&quot;,&quot;id&quot;:&quot;&quot;,&quot;size&quot;:&quot;&quot;},&quot;_id&quot;:&quot;d3cdd8d&quot;,&quot;jet_parallax_layout_image_tablet&quot;:{&quot;url&quot;:&quot;&quot;,&quot;id&quot;:&quot;&quot;,&quot;size&quot;:&quot;&quot;},&quot;jet_parallax_layout_image_mobile&quot;:{&quot;url&quot;:&quot;&quot;,&quot;id&quot;:&quot;&quot;,&quot;size&quot;:&quot;&quot;},&quot;jet_parallax_layout_speed&quot;:{&quot;unit&quot;:&quot;%&quot;,&quot;size&quot;:50,&quot;sizes&quot;:[]},&quot;jet_parallax_layout_type&quot;:&quot;scroll&quot;,&quot;jet_parallax_layout_direction&quot;:&quot;1&quot;,&quot;jet_parallax_layout_fx_direction&quot;:null,&quot;jet_parallax_layout_z_index&quot;:&quot;&quot;,&quot;jet_parallax_layout_bg_x&quot;:50,&quot;jet_parallax_layout_bg_x_tablet&quot;:&quot;&quot;,&quot;jet_parallax_layout_bg_x_mobile&quot;:&quot;&quot;,&quot;jet_parallax_layout_bg_y&quot;:50,&quot;jet_parallax_layout_bg_y_tablet&quot;:&quot;&quot;,&quot;jet_parallax_layout_bg_y_mobile&quot;:&quot;&quot;,&quot;jet_parallax_layout_bg_size&quot;:&quot;auto&quot;,&quot;jet_parallax_layout_bg_size_tablet&quot;:&quot;&quot;,&quot;jet_parallax_layout_bg_size_mobile&quot;:&quot;&quot;,&quot;jet_parallax_layout_animation_prop&quot;:&quot;transform&quot;,&quot;jet_parallax_layout_on&quot;:[&quot;desktop&quot;,&quot;tablet&quot;]}]}\">\n\t\t\t\t\t\t<div class=\"elementor-container elementor-column-gap-default\">\n\t\t\t\t\t<div class=\"elementor-column elementor-col-100 elementor-top-column elementor-element elementor-element-b6cc590\" data-id=\"b6cc590\" data-element_type=\"column\">\n\t\t\t<div class=\"elementor-widget-wrap elementor-element-populated\">\n\t\t\t\t\t\t<div class=\"elementor-element elementor-element-aebaf68 elementor-widget elementor-widget-shortcode\" data-id=\"aebaf68\" data-element_type=\"widget\" data-widget_type=\"shortcode.default\">\n\t\t\t\t\t\t\t<div class=\"elementor-shortcode\"><div class='printomatic pom-default ' id='id4405' alt='Imprimir' title='Imprimir' data-print_target='#post-3142'><\/div> <div class='printomatictext' id='id4405' alt='Imprimir' title='Imprimir' data-print_target='#post-3142'>Imprimir<\/div><div style='clear: both;'><\/div><\/div>\n\t\t\t\t\t\t<\/div>\n\t\t\t\t<section class=\"elementor-section elementor-inner-section elementor-element elementor-element-12f3a70 elementor-section-boxed elementor-section-height-default elementor-section-height-default\" data-id=\"12f3a70\" data-element_type=\"section\" data-settings=\"{&quot;jet_parallax_layout_list&quot;:[{&quot;jet_parallax_layout_image&quot;:{&quot;url&quot;:&quot;&quot;,&quot;id&quot;:&quot;&quot;,&quot;size&quot;:&quot;&quot;},&quot;_id&quot;:&quot;91e8ead&quot;,&quot;jet_parallax_layout_image_tablet&quot;:{&quot;url&quot;:&quot;&quot;,&quot;id&quot;:&quot;&quot;,&quot;size&quot;:&quot;&quot;},&quot;jet_parallax_layout_image_mobile&quot;:{&quot;url&quot;:&quot;&quot;,&quot;id&quot;:&quot;&quot;,&quot;size&quot;:&quot;&quot;},&quot;jet_parallax_layout_speed&quot;:{&quot;unit&quot;:&quot;%&quot;,&quot;size&quot;:50,&quot;sizes&quot;:[]},&quot;jet_parallax_layout_type&quot;:&quot;scroll&quot;,&quot;jet_parallax_layout_direction&quot;:&quot;1&quot;,&quot;jet_parallax_layout_fx_direction&quot;:null,&quot;jet_parallax_layout_z_index&quot;:&quot;&quot;,&quot;jet_parallax_layout_bg_x&quot;:50,&quot;jet_parallax_layout_bg_x_tablet&quot;:&quot;&quot;,&quot;jet_parallax_layout_bg_x_mobile&quot;:&quot;&quot;,&quot;jet_parallax_layout_bg_y&quot;:50,&quot;jet_parallax_layout_bg_y_tablet&quot;:&quot;&quot;,&quot;jet_parallax_layout_bg_y_mobile&quot;:&quot;&quot;,&quot;jet_parallax_layout_bg_size&quot;:&quot;auto&quot;,&quot;jet_parallax_layout_bg_size_tablet&quot;:&quot;&quot;,&quot;jet_parallax_layout_bg_size_mobile&quot;:&quot;&quot;,&quot;jet_parallax_layout_animation_prop&quot;:&quot;transform&quot;,&quot;jet_parallax_layout_on&quot;:[&quot;desktop&quot;,&quot;tablet&quot;]}]}\">\n\t\t\t\t\t\t<div class=\"elementor-container elementor-column-gap-default\">\n\t\t\t\t\t<div class=\"elementor-column elementor-col-50 elementor-inner-column elementor-element elementor-element-9c3a607\" data-id=\"9c3a607\" data-element_type=\"column\">\n\t\t\t<div class=\"elementor-widget-wrap elementor-element-populated\">\n\t\t\t\t\t\t<div class=\"elementor-element elementor-element-4b26eb8 elementor-widget elementor-widget-text-editor\" data-id=\"4b26eb8\" data-element_type=\"widget\" data-widget_type=\"text-editor.default\">\n\t\t\t\t\t\t\t\t\t<p style=\"text-align: left;\"><strong><a href=\"http:\/\/redelog.rj.gov.br\/redelog\/catalogo-de-materiais-e-servicos\/\">\u2190 CAT\u00c1LOGO DE MATERIAIS E SERVI\u00c7OS<\/a><\/strong><\/p>\t\t\t\t\t\t\t\t<\/div>\n\t\t\t\t\t<\/div>\n\t\t<\/div>\n\t\t\t\t<div class=\"elementor-column elementor-col-50 elementor-inner-column elementor-element elementor-element-5995031\" data-id=\"5995031\" data-element_type=\"column\">\n\t\t\t<div class=\"elementor-widget-wrap elementor-element-populated\">\n\t\t\t\t\t\t<div class=\"elementor-element elementor-element-82433f2 elementor-widget elementor-widget-text-editor\" data-id=\"82433f2\" data-element_type=\"widget\" data-widget_type=\"text-editor.default\">\n\t\t\t\t\t\t\t\t\t<p style=\"text-align: right;\"><strong><a href=\"http:\/\/redelog.rj.gov.br\/redelog\/equipe-de-planejamento\/\">EQUIPE DE PLANEJAMENTO \u2192<\/a><\/strong><\/p>\t\t\t\t\t\t\t\t<\/div>\n\t\t\t\t\t<\/div>\n\t\t<\/div>\n\t\t\t\t\t<\/div>\n\t\t<\/section>\n\t\t\t\t\t<\/div>\n\t\t<\/div>\n\t\t\t\t\t<\/div>\n\t\t<\/section>\n\t\t\t\t<\/div>\n\t\t","protected":false},"excerpt":{"rendered":"<p>Em setembro de 2023, o Governo do Rio de Janeiro vai apresentar ao gestor da Administra\u00e7\u00e3o Estadual o novo Plano de Contrata\u00e7\u00f5es Anual (PCA) do Estado do Rio de Janeiro e o Sistema PCA RJ, que tem por objetivo ser uma ferramenta de apoio para opera\u00e7\u00e3o do PCA e um facilitador para a compreens\u00e3o das [&hellip;]<\/p>\n","protected":false},"author":1,"featured_media":0,"comment_status":"closed","ping_status":"open","sticky":false,"template":"","format":"standard","meta":{"_joinchat":[],"footnotes":""},"categories":[29],"tags":[],"class_list":["post-3142","post","type-post","status-publish","format-standard","hentry","category-cat-fase-planejamento"],"yoast_head":"<!-- This site is optimized with the Yoast SEO plugin v25.7 - https:\/\/yoast.com\/wordpress\/plugins\/seo\/ -->\n<title>PLANO DE CONTRATA\u00c7\u00d5ES ANUAL - Redelog<\/title>\n<meta name=\"robots\" content=\"index, follow, max-snippet:-1, max-image-preview:large, max-video-preview:-1\" \/>\n<link rel=\"canonical\" href=\"https:\/\/redelog.rj.gov.br\/redelog\/plano-de-contratacoes-anual\/\" \/>\n<meta property=\"og:locale\" content=\"pt_BR\" \/>\n<meta property=\"og:type\" content=\"article\" \/>\n<meta property=\"og:title\" content=\"PLANO DE CONTRATA\u00c7\u00d5ES ANUAL - Redelog\" \/>\n<meta property=\"og:description\" content=\"Em setembro de 2023, o Governo do Rio de Janeiro vai apresentar ao gestor da Administra\u00e7\u00e3o Estadual o novo Plano de Contrata\u00e7\u00f5es Anual (PCA) do Estado do Rio de Janeiro e o Sistema PCA RJ, que tem por objetivo ser uma ferramenta de apoio para opera\u00e7\u00e3o do PCA e um facilitador para a compreens\u00e3o das [&hellip;]\" \/>\n<meta property=\"og:url\" content=\"https:\/\/redelog.rj.gov.br\/redelog\/plano-de-contratacoes-anual\/\" \/>\n<meta property=\"og:site_name\" content=\"Redelog\" \/>\n<meta property=\"article:published_time\" content=\"2021-10-05T17:39:15+00:00\" \/>\n<meta property=\"article:modified_time\" content=\"2023-11-21T20:28:53+00:00\" \/>\n<meta property=\"og:image\" content=\"https:\/\/www.redelog.rj.gov.br\/redelog\/wp-content\/uploads\/2021\/10\/suprimentos-1024x520.jpg\" \/>\n<meta name=\"author\" content=\"alheiro\" \/>\n<meta name=\"twitter:card\" content=\"summary_large_image\" \/>\n<meta name=\"twitter:label1\" content=\"Escrito por\" \/>\n\t<meta name=\"twitter:data1\" content=\"alheiro\" \/>\n\t<meta name=\"twitter:label2\" content=\"Est. tempo de leitura\" \/>\n\t<meta name=\"twitter:data2\" content=\"9 minutos\" \/>\n<script type=\"application\/ld+json\" class=\"yoast-schema-graph\">{\"@context\":\"https:\/\/schema.org\",\"@graph\":[{\"@type\":\"Article\",\"@id\":\"https:\/\/redelog.rj.gov.br\/redelog\/plano-de-contratacoes-anual\/#article\",\"isPartOf\":{\"@id\":\"https:\/\/redelog.rj.gov.br\/redelog\/plano-de-contratacoes-anual\/\"},\"author\":{\"name\":\"alheiro\",\"@id\":\"https:\/\/redelog.rj.gov.br\/redelog\/#\/schema\/person\/1299ae2b7bfb510dd74c28ed239470fb\"},\"headline\":\"PLANO DE CONTRATA\u00c7\u00d5ES ANUAL\",\"datePublished\":\"2021-10-05T17:39:15+00:00\",\"dateModified\":\"2023-11-21T20:28:53+00:00\",\"mainEntityOfPage\":{\"@id\":\"https:\/\/redelog.rj.gov.br\/redelog\/plano-de-contratacoes-anual\/\"},\"wordCount\":1362,\"publisher\":{\"@id\":\"https:\/\/redelog.rj.gov.br\/redelog\/#organization\"},\"image\":{\"@id\":\"https:\/\/redelog.rj.gov.br\/redelog\/plano-de-contratacoes-anual\/#primaryimage\"},\"thumbnailUrl\":\"https:\/\/www.redelog.rj.gov.br\/redelog\/wp-content\/uploads\/2021\/10\/COMUNICADO-PCA-RJ-INFORME-DA-REDELOG-4.png\",\"articleSection\":[\"Fase de Planejamento\"],\"inLanguage\":\"pt-BR\"},{\"@type\":\"WebPage\",\"@id\":\"https:\/\/redelog.rj.gov.br\/redelog\/plano-de-contratacoes-anual\/\",\"url\":\"https:\/\/redelog.rj.gov.br\/redelog\/plano-de-contratacoes-anual\/\",\"name\":\"PLANO DE CONTRATA\u00c7\u00d5ES ANUAL - Redelog\",\"isPartOf\":{\"@id\":\"https:\/\/redelog.rj.gov.br\/redelog\/#website\"},\"primaryImageOfPage\":{\"@id\":\"https:\/\/redelog.rj.gov.br\/redelog\/plano-de-contratacoes-anual\/#primaryimage\"},\"image\":{\"@id\":\"https:\/\/redelog.rj.gov.br\/redelog\/plano-de-contratacoes-anual\/#primaryimage\"},\"thumbnailUrl\":\"https:\/\/www.redelog.rj.gov.br\/redelog\/wp-content\/uploads\/2021\/10\/COMUNICADO-PCA-RJ-INFORME-DA-REDELOG-4.png\",\"datePublished\":\"2021-10-05T17:39:15+00:00\",\"dateModified\":\"2023-11-21T20:28:53+00:00\",\"breadcrumb\":{\"@id\":\"https:\/\/redelog.rj.gov.br\/redelog\/plano-de-contratacoes-anual\/#breadcrumb\"},\"inLanguage\":\"pt-BR\",\"potentialAction\":[{\"@type\":\"ReadAction\",\"target\":[\"https:\/\/redelog.rj.gov.br\/redelog\/plano-de-contratacoes-anual\/\"]}]},{\"@type\":\"ImageObject\",\"inLanguage\":\"pt-BR\",\"@id\":\"https:\/\/redelog.rj.gov.br\/redelog\/plano-de-contratacoes-anual\/#primaryimage\",\"url\":\"https:\/\/www.redelog.rj.gov.br\/redelog\/wp-content\/uploads\/2021\/10\/COMUNICADO-PCA-RJ-INFORME-DA-REDELOG-4.png\",\"contentUrl\":\"https:\/\/www.redelog.rj.gov.br\/redelog\/wp-content\/uploads\/2021\/10\/COMUNICADO-PCA-RJ-INFORME-DA-REDELOG-4.png\"},{\"@type\":\"BreadcrumbList\",\"@id\":\"https:\/\/redelog.rj.gov.br\/redelog\/plano-de-contratacoes-anual\/#breadcrumb\",\"itemListElement\":[{\"@type\":\"ListItem\",\"position\":1,\"name\":\"Home\",\"item\":\"https:\/\/redelog.rj.gov.br\/redelog\/\"},{\"@type\":\"ListItem\",\"position\":2,\"name\":\"PLANO DE CONTRATA\u00c7\u00d5ES ANUAL\"}]},{\"@type\":\"WebSite\",\"@id\":\"https:\/\/redelog.rj.gov.br\/redelog\/#website\",\"url\":\"https:\/\/redelog.rj.gov.br\/redelog\/\",\"name\":\"Redelog\",\"description\":\"Site da Rede de Log\u00edstica e Planejamento do Estado do Rio de Janeiro\",\"publisher\":{\"@id\":\"https:\/\/redelog.rj.gov.br\/redelog\/#organization\"},\"potentialAction\":[{\"@type\":\"SearchAction\",\"target\":{\"@type\":\"EntryPoint\",\"urlTemplate\":\"https:\/\/redelog.rj.gov.br\/redelog\/?s={search_term_string}\"},\"query-input\":{\"@type\":\"PropertyValueSpecification\",\"valueRequired\":true,\"valueName\":\"search_term_string\"}}],\"inLanguage\":\"pt-BR\"},{\"@type\":\"Organization\",\"@id\":\"https:\/\/redelog.rj.gov.br\/redelog\/#organization\",\"name\":\"REDELOG\",\"url\":\"https:\/\/redelog.rj.gov.br\/redelog\/\",\"logo\":{\"@type\":\"ImageObject\",\"inLanguage\":\"pt-BR\",\"@id\":\"https:\/\/redelog.rj.gov.br\/redelog\/#\/schema\/logo\/image\/\",\"url\":\"http:\/\/10.10.8.100:8888\/redelog\/wp-content\/uploads\/2019\/09\/Redelog2.png\",\"contentUrl\":\"http:\/\/10.10.8.100:8888\/redelog\/wp-content\/uploads\/2019\/09\/Redelog2.png\",\"width\":565,\"height\":155,\"caption\":\"REDELOG\"},\"image\":{\"@id\":\"https:\/\/redelog.rj.gov.br\/redelog\/#\/schema\/logo\/image\/\"}},{\"@type\":\"Person\",\"@id\":\"https:\/\/redelog.rj.gov.br\/redelog\/#\/schema\/person\/1299ae2b7bfb510dd74c28ed239470fb\",\"name\":\"alheiro\",\"image\":{\"@type\":\"ImageObject\",\"inLanguage\":\"pt-BR\",\"@id\":\"https:\/\/redelog.rj.gov.br\/redelog\/#\/schema\/person\/image\/\",\"url\":\"https:\/\/secure.gravatar.com\/avatar\/682da79d56fd06a1a63ccaa75b42ffe0c9b0609a62bc395d810f23f98140dcae?s=96&d=mm&r=g\",\"contentUrl\":\"https:\/\/secure.gravatar.com\/avatar\/682da79d56fd06a1a63ccaa75b42ffe0c9b0609a62bc395d810f23f98140dcae?s=96&d=mm&r=g\",\"caption\":\"alheiro\"},\"sameAs\":[\"http:\/\/10.9.108.118:3000\/redelog\"],\"url\":\"https:\/\/redelog.rj.gov.br\/redelog\/author\/alheiro\/\"}]}<\/script>\n<!-- \/ Yoast SEO plugin. -->","yoast_head_json":{"title":"PLANO DE CONTRATA\u00c7\u00d5ES ANUAL - Redelog","robots":{"index":"index","follow":"follow","max-snippet":"max-snippet:-1","max-image-preview":"max-image-preview:large","max-video-preview":"max-video-preview:-1"},"canonical":"https:\/\/redelog.rj.gov.br\/redelog\/plano-de-contratacoes-anual\/","og_locale":"pt_BR","og_type":"article","og_title":"PLANO DE CONTRATA\u00c7\u00d5ES ANUAL - Redelog","og_description":"Em setembro de 2023, o Governo do Rio de Janeiro vai apresentar ao gestor da Administra\u00e7\u00e3o Estadual o novo Plano de Contrata\u00e7\u00f5es Anual (PCA) do Estado do Rio de Janeiro e o Sistema PCA RJ, que tem por objetivo ser uma ferramenta de apoio para opera\u00e7\u00e3o do PCA e um facilitador para a compreens\u00e3o das [&hellip;]","og_url":"https:\/\/redelog.rj.gov.br\/redelog\/plano-de-contratacoes-anual\/","og_site_name":"Redelog","article_published_time":"2021-10-05T17:39:15+00:00","article_modified_time":"2023-11-21T20:28:53+00:00","og_image":[{"url":"https:\/\/www.redelog.rj.gov.br\/redelog\/wp-content\/uploads\/2021\/10\/suprimentos-1024x520.jpg","type":"","width":"","height":""}],"author":"alheiro","twitter_card":"summary_large_image","twitter_misc":{"Escrito por":"alheiro","Est. tempo de leitura":"9 minutos"},"schema":{"@context":"https:\/\/schema.org","@graph":[{"@type":"Article","@id":"https:\/\/redelog.rj.gov.br\/redelog\/plano-de-contratacoes-anual\/#article","isPartOf":{"@id":"https:\/\/redelog.rj.gov.br\/redelog\/plano-de-contratacoes-anual\/"},"author":{"name":"alheiro","@id":"https:\/\/redelog.rj.gov.br\/redelog\/#\/schema\/person\/1299ae2b7bfb510dd74c28ed239470fb"},"headline":"PLANO DE CONTRATA\u00c7\u00d5ES ANUAL","datePublished":"2021-10-05T17:39:15+00:00","dateModified":"2023-11-21T20:28:53+00:00","mainEntityOfPage":{"@id":"https:\/\/redelog.rj.gov.br\/redelog\/plano-de-contratacoes-anual\/"},"wordCount":1362,"publisher":{"@id":"https:\/\/redelog.rj.gov.br\/redelog\/#organization"},"image":{"@id":"https:\/\/redelog.rj.gov.br\/redelog\/plano-de-contratacoes-anual\/#primaryimage"},"thumbnailUrl":"https:\/\/www.redelog.rj.gov.br\/redelog\/wp-content\/uploads\/2021\/10\/COMUNICADO-PCA-RJ-INFORME-DA-REDELOG-4.png","articleSection":["Fase de Planejamento"],"inLanguage":"pt-BR"},{"@type":"WebPage","@id":"https:\/\/redelog.rj.gov.br\/redelog\/plano-de-contratacoes-anual\/","url":"https:\/\/redelog.rj.gov.br\/redelog\/plano-de-contratacoes-anual\/","name":"PLANO DE CONTRATA\u00c7\u00d5ES ANUAL - Redelog","isPartOf":{"@id":"https:\/\/redelog.rj.gov.br\/redelog\/#website"},"primaryImageOfPage":{"@id":"https:\/\/redelog.rj.gov.br\/redelog\/plano-de-contratacoes-anual\/#primaryimage"},"image":{"@id":"https:\/\/redelog.rj.gov.br\/redelog\/plano-de-contratacoes-anual\/#primaryimage"},"thumbnailUrl":"https:\/\/www.redelog.rj.gov.br\/redelog\/wp-content\/uploads\/2021\/10\/COMUNICADO-PCA-RJ-INFORME-DA-REDELOG-4.png","datePublished":"2021-10-05T17:39:15+00:00","dateModified":"2023-11-21T20:28:53+00:00","breadcrumb":{"@id":"https:\/\/redelog.rj.gov.br\/redelog\/plano-de-contratacoes-anual\/#breadcrumb"},"inLanguage":"pt-BR","potentialAction":[{"@type":"ReadAction","target":["https:\/\/redelog.rj.gov.br\/redelog\/plano-de-contratacoes-anual\/"]}]},{"@type":"ImageObject","inLanguage":"pt-BR","@id":"https:\/\/redelog.rj.gov.br\/redelog\/plano-de-contratacoes-anual\/#primaryimage","url":"https:\/\/www.redelog.rj.gov.br\/redelog\/wp-content\/uploads\/2021\/10\/COMUNICADO-PCA-RJ-INFORME-DA-REDELOG-4.png","contentUrl":"https:\/\/www.redelog.rj.gov.br\/redelog\/wp-content\/uploads\/2021\/10\/COMUNICADO-PCA-RJ-INFORME-DA-REDELOG-4.png"},{"@type":"BreadcrumbList","@id":"https:\/\/redelog.rj.gov.br\/redelog\/plano-de-contratacoes-anual\/#breadcrumb","itemListElement":[{"@type":"ListItem","position":1,"name":"Home","item":"https:\/\/redelog.rj.gov.br\/redelog\/"},{"@type":"ListItem","position":2,"name":"PLANO DE CONTRATA\u00c7\u00d5ES ANUAL"}]},{"@type":"WebSite","@id":"https:\/\/redelog.rj.gov.br\/redelog\/#website","url":"https:\/\/redelog.rj.gov.br\/redelog\/","name":"Redelog","description":"Site da Rede de Log\u00edstica e Planejamento do Estado do Rio de Janeiro","publisher":{"@id":"https:\/\/redelog.rj.gov.br\/redelog\/#organization"},"potentialAction":[{"@type":"SearchAction","target":{"@type":"EntryPoint","urlTemplate":"https:\/\/redelog.rj.gov.br\/redelog\/?s={search_term_string}"},"query-input":{"@type":"PropertyValueSpecification","valueRequired":true,"valueName":"search_term_string"}}],"inLanguage":"pt-BR"},{"@type":"Organization","@id":"https:\/\/redelog.rj.gov.br\/redelog\/#organization","name":"REDELOG","url":"https:\/\/redelog.rj.gov.br\/redelog\/","logo":{"@type":"ImageObject","inLanguage":"pt-BR","@id":"https:\/\/redelog.rj.gov.br\/redelog\/#\/schema\/logo\/image\/","url":"http:\/\/10.10.8.100:8888\/redelog\/wp-content\/uploads\/2019\/09\/Redelog2.png","contentUrl":"http:\/\/10.10.8.100:8888\/redelog\/wp-content\/uploads\/2019\/09\/Redelog2.png","width":565,"height":155,"caption":"REDELOG"},"image":{"@id":"https:\/\/redelog.rj.gov.br\/redelog\/#\/schema\/logo\/image\/"}},{"@type":"Person","@id":"https:\/\/redelog.rj.gov.br\/redelog\/#\/schema\/person\/1299ae2b7bfb510dd74c28ed239470fb","name":"alheiro","image":{"@type":"ImageObject","inLanguage":"pt-BR","@id":"https:\/\/redelog.rj.gov.br\/redelog\/#\/schema\/person\/image\/","url":"https:\/\/secure.gravatar.com\/avatar\/682da79d56fd06a1a63ccaa75b42ffe0c9b0609a62bc395d810f23f98140dcae?s=96&d=mm&r=g","contentUrl":"https:\/\/secure.gravatar.com\/avatar\/682da79d56fd06a1a63ccaa75b42ffe0c9b0609a62bc395d810f23f98140dcae?s=96&d=mm&r=g","caption":"alheiro"},"sameAs":["http:\/\/10.9.108.118:3000\/redelog"],"url":"https:\/\/redelog.rj.gov.br\/redelog\/author\/alheiro\/"}]}},"_links":{"self":[{"href":"https:\/\/redelog.rj.gov.br\/redelog\/wp-json\/wp\/v2\/posts\/3142","targetHints":{"allow":["GET"]}}],"collection":[{"href":"https:\/\/redelog.rj.gov.br\/redelog\/wp-json\/wp\/v2\/posts"}],"about":[{"href":"https:\/\/redelog.rj.gov.br\/redelog\/wp-json\/wp\/v2\/types\/post"}],"author":[{"embeddable":true,"href":"https:\/\/redelog.rj.gov.br\/redelog\/wp-json\/wp\/v2\/users\/1"}],"replies":[{"embeddable":true,"href":"https:\/\/redelog.rj.gov.br\/redelog\/wp-json\/wp\/v2\/comments?post=3142"}],"version-history":[{"count":583,"href":"https:\/\/redelog.rj.gov.br\/redelog\/wp-json\/wp\/v2\/posts\/3142\/revisions"}],"predecessor-version":[{"id":26591,"href":"https:\/\/redelog.rj.gov.br\/redelog\/wp-json\/wp\/v2\/posts\/3142\/revisions\/26591"}],"wp:attachment":[{"href":"https:\/\/redelog.rj.gov.br\/redelog\/wp-json\/wp\/v2\/media?parent=3142"}],"wp:term":[{"taxonomy":"category","embeddable":true,"href":"https:\/\/redelog.rj.gov.br\/redelog\/wp-json\/wp\/v2\/categories?post=3142"},{"taxonomy":"post_tag","embeddable":true,"href":"https:\/\/redelog.rj.gov.br\/redelog\/wp-json\/wp\/v2\/tags?post=3142"}],"curies":[{"name":"wp","href":"https:\/\/api.w.org\/{rel}","templated":true}]}}