{"id":31403,"date":"2024-12-09T11:19:05","date_gmt":"2024-12-09T14:19:05","guid":{"rendered":"https:\/\/redelog.rj.gov.br\/redelog\/?p=31403"},"modified":"2024-12-09T11:27:34","modified_gmt":"2024-12-09T14:27:34","slug":"resolucao-seplag-no-340-de-26-de-novembro-de-2024","status":"publish","type":"post","link":"https:\/\/redelog.rj.gov.br\/redelog\/resolucao-seplag-no-340-de-26-de-novembro-de-2024\/","title":{"rendered":"RESOLU\u00c7\u00c3O SEPLAG N\u00ba 340, DE 26 DE NOVEMBRO DE 2024"},"content":{"rendered":"\t\t<div data-elementor-type=\"wp-post\" data-elementor-id=\"31403\" class=\"elementor elementor-31403\" data-elementor-post-type=\"post\">\n\t\t\t\t\t\t<section class=\"elementor-section elementor-top-section elementor-element elementor-element-b098cbd elementor-section-boxed elementor-section-height-default elementor-section-height-default\" data-id=\"b098cbd\" data-element_type=\"section\" data-settings=\"{&quot;jet_parallax_layout_list&quot;:[{&quot;jet_parallax_layout_image&quot;:{&quot;url&quot;:&quot;&quot;,&quot;id&quot;:&quot;&quot;,&quot;size&quot;:&quot;&quot;},&quot;_id&quot;:&quot;d37dee4&quot;,&quot;jet_parallax_layout_image_tablet&quot;:{&quot;url&quot;:&quot;&quot;,&quot;id&quot;:&quot;&quot;,&quot;size&quot;:&quot;&quot;},&quot;jet_parallax_layout_image_mobile&quot;:{&quot;url&quot;:&quot;&quot;,&quot;id&quot;:&quot;&quot;,&quot;size&quot;:&quot;&quot;},&quot;jet_parallax_layout_speed&quot;:{&quot;unit&quot;:&quot;%&quot;,&quot;size&quot;:50,&quot;sizes&quot;:[]},&quot;jet_parallax_layout_type&quot;:&quot;scroll&quot;,&quot;jet_parallax_layout_direction&quot;:&quot;1&quot;,&quot;jet_parallax_layout_fx_direction&quot;:null,&quot;jet_parallax_layout_z_index&quot;:&quot;&quot;,&quot;jet_parallax_layout_bg_x&quot;:50,&quot;jet_parallax_layout_bg_x_tablet&quot;:&quot;&quot;,&quot;jet_parallax_layout_bg_x_mobile&quot;:&quot;&quot;,&quot;jet_parallax_layout_bg_y&quot;:50,&quot;jet_parallax_layout_bg_y_tablet&quot;:&quot;&quot;,&quot;jet_parallax_layout_bg_y_mobile&quot;:&quot;&quot;,&quot;jet_parallax_layout_bg_size&quot;:&quot;auto&quot;,&quot;jet_parallax_layout_bg_size_tablet&quot;:&quot;&quot;,&quot;jet_parallax_layout_bg_size_mobile&quot;:&quot;&quot;,&quot;jet_parallax_layout_animation_prop&quot;:&quot;transform&quot;,&quot;jet_parallax_layout_on&quot;:[&quot;desktop&quot;,&quot;tablet&quot;]}]}\">\n\t\t\t\t\t\t<div class=\"elementor-container elementor-column-gap-default\">\n\t\t\t\t\t<div class=\"elementor-column elementor-col-100 elementor-top-column elementor-element elementor-element-716d202\" data-id=\"716d202\" data-element_type=\"column\">\n\t\t\t<div class=\"elementor-widget-wrap elementor-element-populated\">\n\t\t\t\t\t\t<section class=\"elementor-section elementor-inner-section elementor-element elementor-element-d082904 elementor-section-boxed elementor-section-height-default elementor-section-height-default\" data-id=\"d082904\" data-element_type=\"section\" data-settings=\"{&quot;jet_parallax_layout_list&quot;:[{&quot;jet_parallax_layout_image&quot;:{&quot;url&quot;:&quot;&quot;,&quot;id&quot;:&quot;&quot;,&quot;size&quot;:&quot;&quot;},&quot;_id&quot;:&quot;e671e7c&quot;,&quot;jet_parallax_layout_image_tablet&quot;:{&quot;url&quot;:&quot;&quot;,&quot;id&quot;:&quot;&quot;,&quot;size&quot;:&quot;&quot;},&quot;jet_parallax_layout_image_mobile&quot;:{&quot;url&quot;:&quot;&quot;,&quot;id&quot;:&quot;&quot;,&quot;size&quot;:&quot;&quot;},&quot;jet_parallax_layout_speed&quot;:{&quot;unit&quot;:&quot;%&quot;,&quot;size&quot;:50,&quot;sizes&quot;:[]},&quot;jet_parallax_layout_type&quot;:&quot;scroll&quot;,&quot;jet_parallax_layout_direction&quot;:&quot;1&quot;,&quot;jet_parallax_layout_fx_direction&quot;:null,&quot;jet_parallax_layout_z_index&quot;:&quot;&quot;,&quot;jet_parallax_layout_bg_x&quot;:50,&quot;jet_parallax_layout_bg_x_tablet&quot;:&quot;&quot;,&quot;jet_parallax_layout_bg_x_mobile&quot;:&quot;&quot;,&quot;jet_parallax_layout_bg_y&quot;:50,&quot;jet_parallax_layout_bg_y_tablet&quot;:&quot;&quot;,&quot;jet_parallax_layout_bg_y_mobile&quot;:&quot;&quot;,&quot;jet_parallax_layout_bg_size&quot;:&quot;auto&quot;,&quot;jet_parallax_layout_bg_size_tablet&quot;:&quot;&quot;,&quot;jet_parallax_layout_bg_size_mobile&quot;:&quot;&quot;,&quot;jet_parallax_layout_animation_prop&quot;:&quot;transform&quot;,&quot;jet_parallax_layout_on&quot;:[&quot;desktop&quot;,&quot;tablet&quot;]}]}\">\n\t\t\t\t\t\t<div class=\"elementor-container elementor-column-gap-default\">\n\t\t\t\t\t<div class=\"elementor-column elementor-col-50 elementor-inner-column elementor-element elementor-element-35c4860\" data-id=\"35c4860\" data-element_type=\"column\">\n\t\t\t<div class=\"elementor-widget-wrap\">\n\t\t\t\t\t\t\t<\/div>\n\t\t<\/div>\n\t\t\t\t<div class=\"elementor-column elementor-col-50 elementor-inner-column elementor-element elementor-element-82cf78a\" data-id=\"82cf78a\" data-element_type=\"column\">\n\t\t\t<div class=\"elementor-widget-wrap elementor-element-populated\">\n\t\t\t\t\t\t<div class=\"elementor-element elementor-element-8a2a465 elementor-widget elementor-widget-text-editor\" data-id=\"8a2a465\" data-element_type=\"widget\" data-widget_type=\"text-editor.default\">\n\t\t\t\t\t\t\t\t\t<p style=\"text-align: justify;\"><b>REGULAMENTA O SISTEMA DE GOVERNAN\u00c7A E GEST\u00c3O DE TRANSPORTES &#8211; SIGETRANSP, INSTITU\u00cdDO PELO DECRETO N\u00ba 47.298, DE 2 DE OUTUBRO DE 2020.<\/b><\/p>\t\t\t\t\t\t\t\t<\/div>\n\t\t\t\t\t<\/div>\n\t\t<\/div>\n\t\t\t\t\t<\/div>\n\t\t<\/section>\n\t\t\t\t\t<\/div>\n\t\t<\/div>\n\t\t\t\t\t<\/div>\n\t\t<\/section>\n\t\t\t\t<section class=\"elementor-section elementor-top-section elementor-element elementor-element-4699c37 elementor-section-boxed elementor-section-height-default elementor-section-height-default\" data-id=\"4699c37\" data-element_type=\"section\" data-settings=\"{&quot;jet_parallax_layout_list&quot;:[{&quot;jet_parallax_layout_image&quot;:{&quot;url&quot;:&quot;&quot;,&quot;id&quot;:&quot;&quot;,&quot;size&quot;:&quot;&quot;},&quot;_id&quot;:&quot;ee3c424&quot;,&quot;jet_parallax_layout_image_tablet&quot;:{&quot;url&quot;:&quot;&quot;,&quot;id&quot;:&quot;&quot;,&quot;size&quot;:&quot;&quot;},&quot;jet_parallax_layout_image_mobile&quot;:{&quot;url&quot;:&quot;&quot;,&quot;id&quot;:&quot;&quot;,&quot;size&quot;:&quot;&quot;},&quot;jet_parallax_layout_speed&quot;:{&quot;unit&quot;:&quot;%&quot;,&quot;size&quot;:50,&quot;sizes&quot;:[]},&quot;jet_parallax_layout_type&quot;:&quot;scroll&quot;,&quot;jet_parallax_layout_direction&quot;:&quot;1&quot;,&quot;jet_parallax_layout_fx_direction&quot;:null,&quot;jet_parallax_layout_z_index&quot;:&quot;&quot;,&quot;jet_parallax_layout_bg_x&quot;:50,&quot;jet_parallax_layout_bg_x_tablet&quot;:&quot;&quot;,&quot;jet_parallax_layout_bg_x_mobile&quot;:&quot;&quot;,&quot;jet_parallax_layout_bg_y&quot;:50,&quot;jet_parallax_layout_bg_y_tablet&quot;:&quot;&quot;,&quot;jet_parallax_layout_bg_y_mobile&quot;:&quot;&quot;,&quot;jet_parallax_layout_bg_size&quot;:&quot;auto&quot;,&quot;jet_parallax_layout_bg_size_tablet&quot;:&quot;&quot;,&quot;jet_parallax_layout_bg_size_mobile&quot;:&quot;&quot;,&quot;jet_parallax_layout_animation_prop&quot;:&quot;transform&quot;,&quot;jet_parallax_layout_on&quot;:[&quot;desktop&quot;,&quot;tablet&quot;]}]}\">\n\t\t\t\t\t\t<div class=\"elementor-container elementor-column-gap-default\">\n\t\t\t\t\t<div class=\"elementor-column elementor-col-100 elementor-top-column elementor-element elementor-element-0b51714\" data-id=\"0b51714\" data-element_type=\"column\">\n\t\t\t<div class=\"elementor-widget-wrap elementor-element-populated\">\n\t\t\t\t\t\t<div class=\"elementor-element elementor-element-6154470 elementor-widget elementor-widget-text-editor\" data-id=\"6154470\" data-element_type=\"widget\" data-widget_type=\"text-editor.default\">\n\t\t\t\t\t\t\t\t\t<p>O <strong>SECRET\u00c1RIO DE ESTADO DE PLANEJAMENTO E GEST\u00c3O<\/strong>, no uso de suas atribui\u00e7\u00f5es legais, tendo em vista o disposto no art. 43 do Decreto n\u00ba 47.298, de 02 de outubro de 2020, e o constante no Processo SEI-120001\/002986\/2024,<\/p><p><strong>RESOLVE:<\/strong><\/p><p style=\"text-align: center;\">CAP\u00cdTULO I<\/p><p style=\"text-align: center;\">DISPOSI\u00c7\u00d5ES PRELIMINARES<\/p><p>Art. 1\u00ba Esta Resolu\u00e7\u00e3o regulamenta o Sistema de Governan\u00e7a e Gest\u00e3o de Transportes &#8211; SIGETRANSP, institu\u00eddo pelo Decreto n.\u00ba 47.298, de 02 de outubro de 2020.<\/p><p>Par\u00e1grafo \u00danico. O disposto nesta Resolu\u00e7\u00e3o aplica-se:<\/p><p>I &#8211; aos \u00f3rg\u00e3os e entidades da Administra\u00e7\u00e3o Direta, Fundacional, Aut\u00e1rquica e Empresas P\u00fablicas e Sociedades de Economia Mista dependentes do or\u00e7amento estadual, participantes do SIGETRANSP de forma compuls\u00f3ria e autom\u00e1tica; e<\/p><p>II &#8211; \u00e0s Empresas P\u00fablicas e Sociedades de Economia Mista independentes, participantes do SIGETRANSP de forma optativa, mediante iniciativa pr\u00f3pria e desde que tenham a anu\u00eancia do \u00d3rg\u00e3o Central do Sistema Log\u00edstico &#8211; Sislog.<\/p><p>Art. 2\u00ba Para fins do disposto nesta Resolu\u00e7\u00e3o, a atua\u00e7\u00e3o dos \u00f3rg\u00e3os e entidades da Administra\u00e7\u00e3o P\u00fablica Estadual, participantes do SIGETRANSP, bem como de seus respectivos Gestores e Auxiliares de Transportes e dos Condutores, deve ser orientada pelos seguintes princ\u00edpios:<\/p><p>I &#8211; Efici\u00eancia, Efic\u00e1cia e Efetividade: garantir a m\u00e1xima qualidade na presta\u00e7\u00e3o dos servi\u00e7os de transportes e na execu\u00e7\u00e3o da manuten\u00e7\u00e3o da frota de ve\u00edculos, otimizando recursos e resultados;<\/p><p>II &#8211; Seguran\u00e7a: priorizar a seguran\u00e7a em todas as atividades relacionadas ao transporte e \u00e0 manuten\u00e7\u00e3o, minimizando riscos e prevenindo acidentes;<\/p><p>III &#8211; Economicidade: promover o uso racional dos recursos p\u00fablicos, evitando custos desnecess\u00e1rios com transporte, combust\u00edvel e manuten\u00e7\u00e3o;<\/p><p>IV &#8211; Finalidade: assegurar que os transportes sejam utilizados exclusivamente para atividades relacionadas ao desempenho da fun\u00e7\u00e3o p\u00fablica, vedado o uso para fins pessoais;<\/p><p>V &#8211; Disponibilidade: manter o maior n\u00famero poss\u00edvel de ve\u00edculos em condi\u00e7\u00f5es de uso, garantindo a continuidade e a efici\u00eancia na presta\u00e7\u00e3o dos servi\u00e7os de transporte; e<\/p><p>VI &#8211; Sustentabilidade: incentivar a implementa\u00e7\u00e3o de solu\u00e7\u00f5es sustent\u00e1veis nas atividades de transporte e manuten\u00e7\u00e3o, sempre que essas solu\u00e7\u00f5es sejam adequadas, vi\u00e1veis e economicamente vantajosas.<\/p><p style=\"text-align: center;\">CAP\u00cdTULO II<\/p><p style=\"text-align: center;\">DA GEST\u00c3O DE TRANSPORTES<\/p><p style=\"text-align: center;\"><strong>Se\u00e7\u00e3o I<\/strong><\/p><p style=\"text-align: center;\"><strong>Dos Gestores e Auxiliares de Transportes<\/strong><\/p><p>Art. 3\u00ba O Gestor de Transportes, juntamente com os Auxiliares de Transportes, ser\u00e1 respons\u00e1vel pela coordena\u00e7\u00e3o, supervis\u00e3o e administra\u00e7\u00e3o das atividades relacionadas \u00e0 gest\u00e3o de transportes.<\/p><p>Art. 4\u00ba Todos os \u00f3rg\u00e3os ou entidades participantes do SIGETRANSP devem designar 1 (um) servidor para atuar nas fun\u00e7\u00f5es de Gestor de Transportes, com seu respectivo suplente e, quando necess\u00e1rio, designar 1 (um) ou mais servidores para a fun\u00e7\u00e3o de Auxiliar de Transportes, assegurando a efici\u00eancia na gest\u00e3o da frota estadual, em conformidade com o disposto no art. 22 do Decreto n.\u00ba 47.298, de 2020.<\/p><p>Art. 5\u00ba A designa\u00e7\u00e3o de que trata o art. 4\u00ba desta Resolu\u00e7\u00e3o ser\u00e1 realizada pela autoridade competente do \u00d3rg\u00e3o ou Entidade, e encaminhada por meio do Sistema Eletr\u00f4nico de Informa\u00e7\u00f5es &#8211; SEI, ap\u00f3s publicada no Di\u00e1rio Oficial do Estado do Rio de Janeiro ao \u00d3rg\u00e3o Central do Sislog.<\/p><p>Art. 6\u00ba Compete aos Gestores de Transportes:<\/p><p>I &#8211; relativamente aos ve\u00edculos integrantes da frota estadual:<\/p><p>a) realizar a gest\u00e3o do uso, da guarda, da manuten\u00e7\u00e3o e da conserva\u00e7\u00e3o dos ve\u00edculos de sua frota;<\/p><p>b) providenciar a identifica\u00e7\u00e3o dos ve\u00edculos conforme os normativos pertinentes;<\/p><p>c) manter atualizados e organizados a documenta\u00e7\u00e3o e os registros dos ve\u00edculos;<\/p><p>d) assegurar que os ve\u00edculos satisfa\u00e7am as condi\u00e7\u00f5es t\u00e9cnicas e os requisitos de seguran\u00e7a exigidos em lei ou regulamento;<\/p><p>e) realizar a gest\u00e3o cab\u00edvel para encaminhamento dos ve\u00edculos pr\u00f3prios, sob sua responsabilidade, para manuten\u00e7\u00e3o, sempre que necess\u00e1rio;<\/p><p>f) manter atualizados e organizados os registros de manuten\u00e7\u00e3o executados nos ve\u00edculos pr\u00f3prios sob sua responsabilidade;<\/p><p>g) fiscalizar para que os ve\u00edculos somente sejam autorizados a trafegar com a documenta\u00e7\u00e3o exigida pelos \u00f3rg\u00e3os competentes e apresentando boas condi\u00e7\u00f5es de funcionamento dos equipamentos de uso obrigat\u00f3rio;<\/p><p>h) coordenar as solicita\u00e7\u00f5es e a utiliza\u00e7\u00e3o dos ve\u00edculos, otimizando a sa\u00edda para atender a v\u00e1rios servi\u00e7os, quando for o caso;<\/p><p>i) identificar as necessidades de combust\u00edveis, controlar o seu fornecimento e o consumo das quantidades disponibilizadas para os \u00f3rg\u00e3os ou entidades que lhe s\u00e3o vinculados;<\/p><p>j) responsabilizar-se pela guarda e pela utiliza\u00e7\u00e3o dos cart\u00f5es de abastecimento;<\/p><p>k) verificar as informa\u00e7\u00f5es reportadas pelos condutores nos Boletins de Transporte &#8211; BDT ou aplicativo espec\u00edfico, quando dispon\u00edvel, e adotar as a\u00e7\u00f5es decorrentes necess\u00e1rias;<\/p><p>l) avaliar a viabilidade econ\u00f4mica para a contrata\u00e7\u00e3o de seguro total para frota pr\u00f3pria;<\/p><p>m) apurar rotineiramente o Padr\u00e3o Veicular de Desempenho &#8211; PVD dos ve\u00edculos sujeitos a desempenho m\u00ednimo, de acordo com o estabelecido no art. 36 do Decreto n.\u00ba 47.298, de 2020; e<\/p><p>n) informar ao \u00d3rg\u00e3o Central do Sislog qualquer altera\u00e7\u00e3o no cadastro e\/ou de especifica\u00e7\u00e3o dos ve\u00edculos;<\/p><p>II \u2013 relativamente aos condutores de ve\u00edculos:<\/p><p>a) cadastrar os condutores, ainda n\u00e3o registrados, no Sistema de Gest\u00e3o de Abastecimento de Combust\u00edveis ou encaminhar ao \u00d3rg\u00e3o Central do Sislog o pedido para redistribui\u00e7\u00e3o no respectivo \u00d3rg\u00e3o ou Entidade dos condutores j\u00e1 cadastrados;<\/p><p>b) credenciar e descredenciar servidores ou funcion\u00e1rios terceirizados para condu\u00e7\u00e3o de ve\u00edculos da frota estadual, quando delegado pela autoridade m\u00e1xima do \u00d3rg\u00e3o ou Entidade;<\/p><p>c) providenciar, quando delegado pela autoridade m\u00e1xima do \u00d3rg\u00e3o ou Entidade, o recolhimento, cancelamento e arquivamento da credencial, quando da perda de sua finalidade ou validade, dispensa de condutor contratado ou ainda, quando da responsabiliza\u00e7\u00e3o por acidente de tr\u00e2nsito com ve\u00edculo oficial, pr\u00f3prio, locado ou cedido, ap\u00f3s decis\u00e3o definitiva em processo administrativo;<\/p><p>d) distribuir, supervisionar a utiliza\u00e7\u00e3o e controlar a validade das credenciais para condu\u00e7\u00e3o de ve\u00edculos oficiais;<\/p><p>e) realizar a verifica\u00e7\u00e3o e controle das informa\u00e7\u00f5es registradas no Boletim Di\u00e1rio de Transportes \u2013 BDT.<\/p><p>f) orientar os servidores e condutores credenciados para conduzir ve\u00edculos da frota estadual em rela\u00e7\u00e3o \u00e0s normas a serem cumpridas e aos procedimentos a serem adotados, conforme o regulamentado no SIGETRANSP e os procedimentos previstos na Lei n.\u00ba 9.503, de 23 de setembro de 1997, em caso de sinistro; e<\/p><p>g) propor o dimensionamento e gerenciar recursos humanos necess\u00e1rios ao desempenho das atividades de transporte e manuten\u00e7\u00e3o sob sua responsabilidade;<\/p><p>III &#8211; sempre que solicitado, subsidiar o \u00d3rg\u00e3o Central do Sislog com dados e informa\u00e7\u00f5es relativos:<\/p><p>a) \u00e0s demandas de transporte, sejam elas atendidas por ve\u00edculos oficiais ou modais alternativos;<\/p><p>b) aos ve\u00edculos de sua frota, local de lota\u00e7\u00e3o e respectiva situa\u00e7\u00e3o patrimonial;<\/p><p>c) \u00e0s atividades de manuten\u00e7\u00e3o dos ve\u00edculos de sua frota;<\/p><p>d) ao abastecimento de combust\u00edveis;<\/p><p>e) ao Padr\u00e3o Veicular de Desempenho &#8211; PVD dos ve\u00edculos lotados no \u00d3rg\u00e3o ou Entidade;<\/p><p>f) ao controle or\u00e7ament\u00e1rio atinente \u00e0s atividades de transporte, manuten\u00e7\u00e3o e combust\u00edveis;<\/p><p>g) aos recursos humanos ligados \u00e0s atividades de transporte e sua respectiva capacita\u00e7\u00e3o;<\/p><p>IV &#8211; integrar-se \u00e0 Rede de Gerenciadores de Transportes Oficiais \u2013 REDETRANS; e<\/p><p>V &#8211; cumprir os demais procedimentos estabelecidos pelo \u00d3rg\u00e3o Central do Sislog relativos \u00e0s atividades de transporte, manuten\u00e7\u00e3o e abastecimento de combust\u00edveis.<\/p><p>Art. 7\u00ba Cabe ao Auxiliar de Transporte assistir o Gestor de Transporte nas suas atividades.<\/p><p style=\"text-align: center;\"><strong>Se\u00e7\u00e3o II<\/strong><\/p><p style=\"text-align: center;\"><strong>Dos condutores de ve\u00edculos<\/strong><\/p><p style=\"text-align: center;\"><strong>Subse\u00e7\u00e3o I<\/strong><\/p><p style=\"text-align: center;\"><strong>Da concess\u00e3o para conduzir ve\u00edculos pertencentes \u00e0 frota estadual<\/strong><\/p><p>Art. 8\u00ba Os condutores de ve\u00edculos, devidamente credenciados pela autoridade m\u00e1xima de cada \u00d3rg\u00e3o ou\u00a0Entidade ou pelo Gestor de Transportes, quando delegado, s\u00e3o respons\u00e1veis pela condu\u00e7\u00e3o segura dos ve\u00edculos, conforme disposto no art. 23 do Decreto n.\u00ba 47.298, de 2020.<\/p><p>Art. 9\u00ba Observados os procedimentos estabelecidos nesta Resolu\u00e7\u00e3o, poder\u00e3o conduzir ve\u00edculos pertencentes \u00e0 frota estadual:<\/p><p>I &#8211; servidores estaduais ativos dos \u00f3rg\u00e3os ou entidades da Administra\u00e7\u00e3o P\u00fablica Estadual Direta e Indireta; e<\/p><p>II &#8211; motoristas empregados de empresas terceirizadas contratadas pela Administra\u00e7\u00e3o P\u00fablica Estadual.<\/p><p>\u00a71\u00ba Os empregados de locadoras de ve\u00edculos contratadas somente poder\u00e3o conduzir ve\u00edculos alugados e pertencentes \u00e0 empresa a que se vinculam, ou aqueles que estejam sob a responsabilidade da mesma.<\/p><p>\u00a72\u00ba Os motoristas de empresas contratadas pela Administra\u00e7\u00e3o P\u00fablica para presta\u00e7\u00e3o de servi\u00e7os terceirizados poder\u00e3o conduzir ve\u00edculos pr\u00f3prios, locados e cedidos, de acordo com a necessidade do \u00d3rg\u00e3o ou Entidade.<\/p><p>Art. 10. Todos os condutores de ve\u00edculos oficiais dever\u00e3o portar suas respectivas credenciais emitidas pelo \u00d3rg\u00e3o ou Entidade a que est\u00e3o vinculados, al\u00e9m dos documentos exigidos pela legisla\u00e7\u00e3o de tr\u00e2nsito.<\/p><p style=\"text-align: center;\"><strong>Subse\u00e7\u00e3o II<\/strong><\/p><p style=\"text-align: center;\"><strong>Da emiss\u00e3o da credencial<\/strong><\/p><p>Art. 11. Para emiss\u00e3o da credencial, dever\u00e1 ser instru\u00eddo processo administrativo internamente, composto por c\u00f3pias dos seguintes documentos:<\/p><p>I &#8211; Carteira Nacional de Habilita\u00e7\u00e3o &#8211; CNH ou Permiss\u00e3o para Dirigir (Habilita\u00e7\u00e3o Provis\u00f3ria) com indica\u00e7\u00e3o que exerce atividade remunerada, quando for o caso;<\/p><p>II &#8211; Certid\u00e3o de \u201cNada Consta\u201d de infra\u00e7\u00e3o de tr\u00e2nsito, multa, pontua\u00e7\u00e3o, suspens\u00e3o do direito de dirigir e cassa\u00e7\u00e3o da CNH;<\/p><p>III &#8211; Carteira Funcional ou espelho do contracheque, quando o condutor for servidor p\u00fablico estadual;<\/p><p>IV &#8211; Termo de Responsabilidade preenchido e assinado, conforme modelo constante do Anexo I desta Resolu\u00e7\u00e3o;<\/p><p>V &#8211; contrato de trabalho entre o motorista e a empresa contratada ou do registro em Carteira de Trabalho e Previd\u00eancia Social &#8211; CTPS, quando for o caso;<\/p><p>VI &#8211; contrato entre o \u00d3rg\u00e3o ou Entidade e a empresa contratada ou extrato da publica\u00e7\u00e3o do termo de contrato no DOERJ, quando for o caso; e<\/p><p>VII &#8211; documento que comprove a cess\u00e3o oficial do servidor e seu v\u00ednculo com o \u00d3rg\u00e3o ou Entidade, quando for o caso.<\/p><p>\u00a71\u00ba A autoridade m\u00e1xima do \u00d3rg\u00e3o ou Entidade ou o Gestor de Transportes, quando delegado, ap\u00f3s verifica\u00e7\u00e3o da conformidade da documenta\u00e7\u00e3o disposta no caput deste artigo, conceder\u00e1 credencial para condu\u00e7\u00e3o de ve\u00edculos oficiais.<\/p><p>\u00a72\u00ba Fica vedada a concess\u00e3o de credencial para condutor que n\u00e3o atenda aos requisitos previstos no caput deste artigo, na legisla\u00e7\u00e3o vigente ou que possua restri\u00e7\u00f5es impeditivas junto aos \u00f3rg\u00e3os e entidades integrantes do Sistema Nacional de Tr\u00e2nsito, previsto no art. 7\u00ba da Lei n.\u00ba 9.503, de 1997.<\/p><p>Art. 12. A concess\u00e3o de credencial n\u00e3o gera direitos, especialmente no que se refere \u00e0 efetiva\u00e7\u00e3o no cargo de motorista ou a v\u00ednculo empregat\u00edcio, mas t\u00e3o somente autoriza o credenciado a conduzir ve\u00edculos oficiais, pr\u00f3prios, locados ou cedidos.<\/p><p>Par\u00e1grafo \u00danico. O exerc\u00edcio regular das atividades funcionais do servidor ou do empregado credenciado n\u00e3o ser\u00e1 comprometido pela concess\u00e3o de credencial.<\/p><p>Art. 13. O \u00d3rg\u00e3o Central do Sislog disponibilizar\u00e1 no Portal da Rede de Gerenciadores de Transportes Oficiais &#8211; REDETRANS os modelos padronizados do Termo de Responsabilidade (Anexo I desta Resolu\u00e7\u00e3o) e da credencial para conduzir ve\u00edculos automotores oficiais (Anexo II desta Resolu\u00e7\u00e3o).<\/p><p style=\"text-align: center;\"><strong>Subse\u00e7\u00e3o III<\/strong><\/p><p style=\"text-align: center;\"><strong>Da validade e cancelamento da credencial<\/strong><\/p><p>Art. 14. A validade da credencial estar\u00e1 condicionada:<\/p><p>I &#8211; \u00e0 perman\u00eancia do servidor no \u00d3rg\u00e3o ou Entidade ao qual est\u00e1 vinculado;<\/p><p>II &#8211; ao prazo previamente estabelecido pelo \u00d3rg\u00e3o ou Entidade, n\u00e3o podendo ser superior \u00e0 validade da CNH ou da Permiss\u00e3o para Dirigir; ou<\/p><p>III &#8211; \u00e0 dura\u00e7\u00e3o do v\u00ednculo contratual.<\/p><p>\u00a71\u00ba N\u00e3o havendo na solicita\u00e7\u00e3o prazo de validade para a credencial, ser\u00e1 considerada como tal a data de vencimento da CNH ou da Permiss\u00e3o para Dirigir.<\/p><p>\u00a72\u00ba Vencida a validade da credencial, ser\u00e1 concedido prazo de 30 (trinta) dias corridos para sua renova\u00e7\u00e3o, dentro do qual o condutor poder\u00e1 continuar a conduzir ve\u00edculos da frota estadual.<\/p><p>\u00a73\u00ba O condutor com a CNH ou a credencial vencida h\u00e1 mais de 30 (trinta) dias corridos, fica impedido de conduzir ve\u00edculos da frota estadual.<\/p><p>Art. 15. A credencial ser\u00e1 recolhida, cancelada e arquivada pela autoridade m\u00e1xima do \u00d3rg\u00e3o ou Entidade ou pelo Gestor de Transportes, quando delegado, se n\u00e3o observadas as hip\u00f3teses constantes no art. 14 desta Resolu\u00e7\u00e3o e ainda, nos casos de responsabiliza\u00e7\u00e3o por acidente de tr\u00e2nsito com ve\u00edculo oficial, pr\u00f3prio, locado ou cedido, ap\u00f3s decis\u00e3o definitiva em processo administrativo.<\/p><p>Art. 16. Para emiss\u00e3o da segunda via da credencial, o \u00d3rg\u00e3o ou Entidade dever\u00e1 fazer constar do Processo Administrativo o fato gerador da necessidade dessa concess\u00e3o.<\/p><p style=\"text-align: center;\"><strong>Se\u00e7\u00e3o III<\/strong><\/p><p style=\"text-align: center;\"><strong>Da condu\u00e7\u00e3o dos ve\u00edculos<\/strong><\/p><p>Art. 17. Na condu\u00e7\u00e3o dos ve\u00edculos, os condutores dever\u00e3o portar os seguintes documentos:<\/p><p>I \u2013 Carteira Nacional de Habilita\u00e7\u00e3o \u2013 CNH, f\u00edsica ou digital;<\/p><p>II \u2013 Certificado de Registro e Licenciamento do Ve\u00edculo \u2013 CRLV;<\/p><p>III \u2013 Boletim Di\u00e1rio de Transportes \u2013 BDT; e<\/p><p>IV \u2013 autoriza\u00e7\u00e3o para Condu\u00e7\u00e3o de Ve\u00edculos Oficiais (Anexo II desta Resolu\u00e7\u00e3o).<\/p><p>Art. 18. O BDT consiste no registro di\u00e1rio de utiliza\u00e7\u00e3o do ve\u00edculo, compreendendo informa\u00e7\u00f5es referentes aos condutores e \u00e0s viagens realizadas.<\/p><p>\u00a71\u00ba Deve conter no BDT, no m\u00ednimo, as seguintes informa\u00e7\u00f5es:<\/p><p>I &#8211; nome completo do condutor do ve\u00edculo;<\/p><p>II &#8211; ID Funcional, matr\u00edcula ou CPF do condutor;<\/p><p>III &#8211; modelo e placa do ve\u00edculo;<\/p><p>IV &#8211; data de utiliza\u00e7\u00e3o do ve\u00edculo;<\/p><p>V &#8211; hor\u00e1rio de partida e chegada;<\/p><p>VI &#8211; a origem e o destino da viagem;<\/p><p>VII &#8211; a quilometragem di\u00e1ria inicial e final.<\/p><p>\u00a72\u00ba O BDT dever\u00e1 ser preenchido pelo condutor do ve\u00edculo e o Gestor de Transportes efetuar\u00e1 a verifica\u00e7\u00e3o e controle das informa\u00e7\u00f5es registradas.<\/p><p>\u00a73\u00ba O condutor de ve\u00edculo que se envolver em acidente de tr\u00e2nsito dever\u00e1 registrar no BDT as informa\u00e7\u00f5es sobre o sinistro, devendo, adicionalmente, informar imediatamente ao Gestor de Transportes sobre o ocorrido, observando, ainda, os procedimentos previstos no C\u00f3digo de Tr\u00e2nsito Brasileiro.<\/p><p style=\"text-align: center;\">CAP\u00cdTULO III<\/p><p style=\"text-align: center;\">DAS REGRAS PARA DOTA\u00c7\u00c3O VEICULAR OFICIAL &#8211; DVO<\/p><p>Art. 19. Antes do \u00d3rg\u00e3o ou Entidadeconstituir sua frota de ve\u00edculos, dever\u00e1 ter estabelecida a sua Dota\u00e7\u00e3o Veicular Oficial \u2013 DVO, que consiste no n\u00famero m\u00e1ximo autorizado de ve\u00edculos oficiais, por classe, atribu\u00eddo a cada \u00d3rg\u00e3o ou Entidade.<\/p><p>Art. 20. A Dota\u00e7\u00e3o Veicular Oficial &#8211; DVO ser\u00e1 definida pelo \u00d3rg\u00e3o Central do Sislog por meio de procedimento interno e divulgada no Portal da REDETRANS.<\/p><p>Par\u00e1grafo \u00danico. Para a defini\u00e7\u00e3o da Dota\u00e7\u00e3o Veicular Oficial &#8211; DVO ser\u00e3o consideradas, adicionalmente:<\/p><p>I &#8211; as informa\u00e7\u00f5es extra\u00eddas do Base de Dados da Frota Estadual &#8211; BDFE e das normas vigentes; e<\/p><p>II &#8211; o par\u00e2metro de 1 (um) Ve\u00edculo de Representa\u00e7\u00e3o para atendimento a cada uma das autoridades relacionadas no inciso II do caput do art. 6\u00ba do Decreto n.\u00ba 47.298, de 2020.<\/p><p>Art. 21. Os \u00f3rg\u00e3os e entidades que extrapolarem as quantidades previstas na Dota\u00e7\u00e3o Veicular Oficial &#8211; DVO do \u00d3rg\u00e3o ou Entidade n\u00e3o ser\u00e3o credenciados na BDFE, salvo se houver autoriza\u00e7\u00e3o expressa da Secretaria de Estado da Casa Civil &#8211; SECC.<\/p><p>\u00a71\u00baCaso seja necess\u00e1ria a altera\u00e7\u00e3o da Dota\u00e7\u00e3o Veicular Oficial &#8211; DVO, desde que por imperiosa necessidade de presta\u00e7\u00e3o de servi\u00e7os de interesse p\u00fablico, o \u00d3rg\u00e3o ou Entidade dever\u00e1 encaminhar of\u00edcio, por meio do Sistema Eletr\u00f4nico de Informa\u00e7\u00f5es- SEI, contendo a justificativa t\u00e9cnica pertinente, para an\u00e1lise e manifesta\u00e7\u00e3o da Secretaria de Estado da Casa Civil -SECC.<\/p><p>\u00a72\u00baCaso a SECC decida pela aprova\u00e7\u00e3o da solicita\u00e7\u00e3o, a autoriza\u00e7\u00e3o dever\u00e1 ser encaminhada via processo SEI ao \u00d3rg\u00e3o Central do Sislog, a fim de ser providenciada as altera\u00e7\u00f5es necess\u00e1rias na respectiva Dota\u00e7\u00e3o Veicular Oficial &#8211; DVO do \u00d3rg\u00e3o ou Entidade solicitante.<\/p><p>Art. 22. O Gabinete da Seguran\u00e7a Institucional &#8211; GSI manter\u00e1 ve\u00edculos de representa\u00e7\u00e3o destinados ao atendimento dos Chefes dos Gabinetes do Governador e do Vice-Governador e do Secret\u00e1rio da Secretaria Extraordin\u00e1ria de Representa\u00e7\u00e3o do Governo em Bras\u00edlia &#8211; SERGB, e seus substitutos imediatos, sem preju\u00edzo do previsto no \u00a7 2\u00b0 do art. 6\u00b0 do Decreto n.\u00ba 47.298, de 2020.<\/p><p style=\"text-align: center;\">CAP\u00cdTULO IV<\/p><p style=\"text-align: center;\">DOS VE\u00cdCULOS DA FROTA ESTADUAL<\/p><p style=\"text-align: center;\"><strong>Se\u00e7\u00e3o I<\/strong><\/p><p style=\"text-align: center;\"><strong>Das especifica\u00e7\u00f5es das classes de ve\u00edculos de representa\u00e7\u00e3o e de servi\u00e7o<\/strong><\/p><p>Art. 23. Os \u00f3rg\u00e3os ou entidades da Administra\u00e7\u00e3o P\u00fablica estadual interessados na aquisi\u00e7\u00e3o ou loca\u00e7\u00e3o de ve\u00edculos de representa\u00e7\u00e3o ou de servi\u00e7o, definidos nos incisos II e III do caput do art. 6\u00ba do Decreto n.\u00ba 47.298, de 2020, dever\u00e3o observar o disposto nesta Resolu\u00e7\u00e3o.<\/p><p>Art. 24. Os ve\u00edculos classificados como de representa\u00e7\u00e3o, de servi\u00e7o e operacionais,\u00a0divididos pelas seguintes especifica\u00e7\u00f5es:<\/p><p>I &#8211; Representa\u00e7\u00e3o: Tipo 1 (RP-01) e Tipo 2 (RP-02); e<\/p><p>II &#8211; Servi\u00e7o: Servi\u00e7o-1 (SV-1) e Servi\u00e7o-2 (SV-2).<\/p><p>III &#8211; Operacionais: aqueles destinados a atender \u00e0 execu\u00e7\u00e3o de servi\u00e7os espec\u00edficos de determinados \u00d3rg\u00e3os do Estado e que, por isso, apresentam suas caracter\u00edsticas originais de f\u00e1brica alteradas e \/ou possuem instalados equipamentos adicionais necess\u00e1rios para o desempenho de atividades pr\u00f3prias, normalmente, voltadas para seguran\u00e7a p\u00fablica, sa\u00fade p\u00fablica e fiscaliza\u00e7\u00e3o; e<\/p><p>\u00a71\u00ba Os ve\u00edculos de representa\u00e7\u00e3o ser\u00e3o, preferencialmente, do tipo RP-01.<\/p><p>\u00a72\u00ba Os ve\u00edculos de representa\u00e7\u00e3o do tipo RP-02 depender\u00e3o de autoriza\u00e7\u00e3o da SECC.<\/p><p>\u00a73\u00ba As especifica\u00e7\u00f5es de que tratam os incisos I e II do caput deste artigo dever\u00e3o seguir as caracter\u00edsticas t\u00e9cnicas constantes do Anexo III desta Resolu\u00e7\u00e3o.<\/p><p>\u00a74\u00ba Especifica\u00e7\u00f5es adicionais \u00e0s previstas no Anexo III desta Resolu\u00e7\u00e3o dever\u00e3o ser devidamente justificadas no respectivo processo administrativo de contrata\u00e7\u00e3o, sendo vedada a ado\u00e7\u00e3o de acess\u00f3rios de luxo.<\/p><p>\u00a75\u00ba Entende-se por acess\u00f3rios de luxo, de que trata o \u00a7 4\u00ba deste artigo, aqueles que podem ser considerados dispens\u00e1veis, sup\u00e9rfluos ou desnecess\u00e1rios, tais como: rodas de liga leve, teto-solar, central multim\u00eddia, bancos de couro, geladeira, entre outros.<\/p><p style=\"text-align: center;\"><strong>Se\u00e7\u00e3o II<\/strong><\/p><p style=\"text-align: center;\"><strong>Da identifica\u00e7\u00e3o dos ve\u00edculos da frota estadual<\/strong><\/p><p>Art. 25. Os ve\u00edculos de servi\u00e7o, pr\u00f3prios ou locados, da frota estadual devem ser identificados por adesivos, conforme padr\u00f5es definidos no Anexo IV desta Resolu\u00e7\u00e3o.<\/p><p>Par\u00e1grafo\u00a0\u00danico. O disposto no caput deste artigo n\u00e3o se aplica aos ve\u00edculos operacionais e de representa\u00e7\u00e3o dos \u00f3rg\u00e3os ou entidades do Poder Executivo do Estado do Rio de Janeiro, conforme previsto no art. 19 do Decreto n.\u00ba 47.298, de 2020.<\/p><p>Art. 26. A confec\u00e7\u00e3o dos adesivos dever\u00e1 ser providenciada pelos respectivos \u00f3rg\u00e3os ou entidades detentores de ve\u00edculos pr\u00f3prios ou que tenham ve\u00edculos de terceiros que estejam sob sua responsabilidade.<\/p><p>Art. 27. Os ve\u00edculos de servi\u00e7o que n\u00e3o tiverem qualquer tipo de identifica\u00e7\u00e3o dever\u00e3o ser adequados \u00e0 padroniza\u00e7\u00e3o estabelecida nesta Resolu\u00e7\u00e3o.<\/p><p>Art. 28. A Secretaria de Estado de Pol\u00edcia Militar &#8211; SEPM, a Secretaria de Estado de Defesa Civil &#8211; SEDEC, a Secretaria de Estado de Pol\u00edcia Civil &#8211; SEPOL, a Secretaria de Estado de Administra\u00e7\u00e3o Penitenci\u00e1ria &#8211; SEAP, e o Departamento Geral de A\u00e7\u00f5es Socioeducativas &#8211; DEGASE, atribuir\u00e3o \u00e0s suas viaturas, na forma de regulamento interno, prefixo e n\u00famero de ordem para identifica\u00e7\u00e3o.<\/p><p style=\"text-align: center;\"><strong>Se\u00e7\u00e3o III<\/strong><\/p><p style=\"text-align: center;\"><strong>Do credenciamento de ve\u00edculos<\/strong><\/p><p>Art. 29. O credenciamento de ve\u00edculos \u00e9 o ato de inser\u00e7\u00e3o de um ve\u00edculo na BDFE, tornando-o apto para uso oficial.<\/p><p>\u00a71\u00ba A Secretaria de Estado de Pol\u00edcia Militar &#8211; SEPM, a Secretaria de Estado de Defesa Civil &#8211; SEDEC e a Secretaria de Estado de Pol\u00edcia Civil -SEPOL est\u00e3o autorizadas a realizar o credenciamento de seus ve\u00edculos em banco de dados pr\u00f3prios, devendo cumprir os procedimentos previstos nesta Resolu\u00e7\u00e3o, no que couber.<\/p><p>\u00a72\u00ba O \u00d3rg\u00e3o Central do Sislog poder\u00e1 solicitar acesso ao banco de dados das corpora\u00e7\u00f5es discriminadas no \u00a7 1\u00b0 deste artigo, caso necess\u00e1rio, a fim de n\u00e3o haver preju\u00edzo na gest\u00e3o dos transportes do Poder Executivo.<\/p><p>Art. 30. Para o credenciamento, o ve\u00edculo deve estar com a documenta\u00e7\u00e3o regular, registrado e licenciado pelo Departamento de Tr\u00e2nsito do Estado do Rio de Janeiro &#8211; DETRAN\/RJ, e em conformidade com a Dota\u00e7\u00e3o Veicular Oficial &#8211; DVO do respectivo \u00d3rg\u00e3o ou Entidade.<\/p><p>Art. 31. A inser\u00e7\u00e3o do ve\u00edculo na BDFE ser\u00e1 realizada pelo \u00d3rg\u00e3o Central do Sislog, observado o disposto no art. 30 desta Resolu\u00e7\u00e3o, mediante solicita\u00e7\u00e3o dos \u00f3rg\u00e3os e entidades por of\u00edcio no SEI, acompanhado da c\u00f3pia atualizada do CRLV.<\/p><p>\u00a71\u00ba O CRLV de ve\u00edculo pr\u00f3prio do estado deve estar em nome do \u00d3rg\u00e3o ou Entidade solicitante.<\/p><p>\u00a72\u00ba O CRLV de ve\u00edculo de propriedade de terceiros deve estar em nome da empresa conveniada, locadora ou comodante, conforme o caso.<\/p><p>\u00a73\u00ba O CRLV de ve\u00edculo blindado, pr\u00f3prio ou de terceiros, dever\u00e1 possuir as indica\u00e7\u00f5es sobre sua blindagem.<\/p><p>\u00a74\u00ba Na hip\u00f3tese prevista no \u00a7 2\u00b0 deste artigo, dever\u00e3o ser encaminhados ao \u00d3rg\u00e3o Central do Sislog, observado o disposto no caput deste artigo, os seguintes documentos:<\/p><p>I &#8211; c\u00f3pia do contrato ou conv\u00eanio e, caso existam, seus termos aditivos; e<\/p><p>II &#8211; extrato da publica\u00e7\u00e3o do conv\u00eanio, do contrato e de seus termos aditivos no DOERJ.<\/p><p>\u00a75\u00ba O credenciamento observar\u00e1 o CRLV emitido, no m\u00e1ximo, at\u00e9 o ano anterior \u00e0 solicita\u00e7\u00e3o.<\/p><p>Art. 32. O credenciamento de ve\u00edculos adquiridos com recursos de conv\u00eanios ou contratos que, por disposi\u00e7\u00e3o desses, tenham um per\u00edodo de car\u00eancia para que a propriedade do ve\u00edculo passe a ser do Estado, ter\u00e1 seu credenciamento deferido de forma provis\u00f3ria em per\u00edodo compat\u00edvel com o tempo de car\u00eancia.<\/p><p>Par\u00e1grafo \u00danico. Encerrado o per\u00edodo de car\u00eancia de que trata o caput deste artigo, o ve\u00edculo ser\u00e1 descredenciado automaticamente da BDFE, ocasi\u00e3o na qual o \u00d3rg\u00e3o ou Entidade dever\u00e1 solicitar novo credenciamento, nos termos do caput do art. 31 desta Resolu\u00e7\u00e3o.<\/p><p>Art. 33. O credenciamento n\u00e3o ser\u00e1 realizado quando:<\/p><p>I &#8211; a documenta\u00e7\u00e3o do ve\u00edculo de propriedade do Estado, mesmo que recebido em doa\u00e7\u00e3o ou transfer\u00eancia, estiver em nome de terceiros;<\/p><p>II &#8211; a documenta\u00e7\u00e3o do ve\u00edculo que n\u00e3o seja de propriedade do Estado estiver em nome de terceiros estranhos ao contrato ou conv\u00eanio;<\/p><p>III &#8211; o ve\u00edculo possuir caracter\u00edsticas diferentes ao estabelecido no contrato ou conv\u00eanio;<\/p><p>IV &#8211; o credenciamento do ve\u00edculo resultar na extrapola\u00e7\u00e3o da quantidade prevista na Dota\u00e7\u00e3o Veicular Oficial &#8211; DVO do respectivo \u00d3rg\u00e3o ou Entidade; ou<\/p><p>V &#8211; no caso de desconformidade na documenta\u00e7\u00e3o.<\/p><p>Art. 34. Cabe ao \u00d3rg\u00e3o ou Entidade respons\u00e1vel pelo ve\u00edculo manter o credenciamento atualizado.<\/p><p>\u00a71\u00ba O credenciamento \u00e9 considerado atualizado durante a vig\u00eancia do licenciamento anual do ve\u00edculo e do contrato ou conv\u00eanio, se for o caso.<\/p><p>\u00a72\u00baA atualiza\u00e7\u00e3o do credenciamento \u00e9 realizada com o encaminhamento ao \u00d3rg\u00e3o Central do Sislog dos seguintes documentos:<\/p><p>I &#8211; anualmente, a c\u00f3pia do CRLV emitido no ano corrente; e<\/p><p>II &#8211; tempestivamente \u00e0 celebra\u00e7\u00e3o, c\u00f3pia de novo contrato, conv\u00eanio ou termo aditivo, com o respectivo extrato de publica\u00e7\u00e3o no DOERJ.<\/p><p>Art. 35. Qualquer altera\u00e7\u00e3o da situa\u00e7\u00e3o ou das caracter\u00edsticas f\u00edsicas dos ve\u00edculos dever\u00e1 ser informada ao \u00d3rg\u00e3o Central do Sislog, por of\u00edcio no SEI, para atualiza\u00e7\u00e3o das informa\u00e7\u00f5es no BDFE.<\/p><p>Art. 36. O descredenciamento de ve\u00edculos no BDFE ocorrer\u00e1:<\/p><p>I &#8211; pelo \u00d3rg\u00e3o ou Entidade, em que dever\u00e1 encaminhar solicita\u00e7\u00e3o ao \u00d3rg\u00e3o Central do Sislog, por of\u00edcio no SEI, justificando a motiva\u00e7\u00e3o do descredenciamento, anexando c\u00f3pia dos documentos pertinentes; ou<\/p><p>II &#8211; pelo \u00d3rg\u00e3o Central do Sislog, quando:<\/p><p>a) n\u00e3o constar a documenta\u00e7\u00e3o atualizada, de que trata o \u00a7 2\u00ba do art. 34 desta Resolu\u00e7\u00e3o, at\u00e9 o dia 31 de dezembro de cada ano; ou<\/p><p>b) n\u00e3o houver registro de abastecimento pelo per\u00edodo de 6 (seis) meses, nos casos de ve\u00edculos de propriedade de terceiros.<\/p><p style=\"text-align: center;\"><strong>Se\u00e7\u00e3o IV<\/strong><\/p><p style=\"text-align: center;\"><strong>Da Utiliza\u00e7\u00e3o Dos Ve\u00edculos da Frota Estadual<\/strong><\/p><p>Art. 37. \u00c9 vedada a utiliza\u00e7\u00e3o de ve\u00edculos oficiais, pr\u00f3prios ou locados, al\u00e9m das situa\u00e7\u00f5es previstas no Decreto n.\u00ba 47.298, de 2020, nas seguintes:<\/p><p>I \u2013 por servidor p\u00fablico afastado, por qualquer motivo, do exerc\u00edcio da respectiva fun\u00e7\u00e3o;<\/p><p>II \u2013 transporte de pessoas estranhas ao servi\u00e7o p\u00fablico, inclusive de familiares, salvo no caso de interesse p\u00fablico devidamente justificado;<\/p><p>III \u2013 transporte a passeio ou em excurs\u00e3o de qualquer natureza;<\/p><p>IV \u2013 sem que o veloc\u00edmetro do ve\u00edculo esteja em perfeito estado de funcionamento, sob qualquer pretexto;<\/p><p>V \u2013 aos s\u00e1bados, domingos e feriados, salvo para desempenho de atividade ou encargo inerente ao servi\u00e7o;<\/p><p>VI \u2013 sem documenta\u00e7\u00e3o ou sem credenciamento pelo \u00d3rg\u00e3o Central do Sislog;<\/p><p>VII \u2013 sem identifica\u00e7\u00e3o espec\u00edfica, quando couber;<\/p><p>VIII \u2013 sem condi\u00e7\u00f5es de seguran\u00e7a ou sem equipamentos m\u00ednimos exigidos pela Lei n.\u00ba 9.503, de 1997; e<\/p><p>IX \u2013 em situa\u00e7\u00f5es que n\u00e3o configurem interesse de servi\u00e7o.<\/p><p style=\"text-align: center;\">CAP\u00cdTULO V<\/p><p style=\"text-align: center;\">DO ABASTECIMENTO DE COMBUST\u00cdVEIS<\/p><p style=\"text-align: center;\"><strong>Se\u00e7\u00e3o I<\/strong><\/p><p style=\"text-align: center;\"><strong>Do sistema de abastecimento de combust\u00edveis<\/strong><\/p><p>Art. 38. A ativa\u00e7\u00e3o de ve\u00edculo no Sistema de Gest\u00e3o de Abastecimento de Combust\u00edveis dever\u00e1 ser solicitada pelo \u00d3rg\u00e3o ou Entidade participante ou aderente da Ata Centralizada de Registro de Pre\u00e7o de Combust\u00edveis, por of\u00edcio no SEI, ao \u00d3rg\u00e3o Central do Sislog.<\/p><p>Par\u00e1grafo \u00danico. Ser\u00e3o ativados no Sistema de Gest\u00e3o de Abastecimento de Combust\u00edveis apenas os ve\u00edculos que estiverem credenciados no BDFE.<\/p><p>Art. 39. A desativa\u00e7\u00e3o de ve\u00edculo no Sistema de Gest\u00e3o de Abastecimento de Combust\u00edveis poder\u00e1 ocorrer por solicita\u00e7\u00e3o do \u00d3rg\u00e3o ou Entidade respons\u00e1vel ou, compulsoriamente, pelo \u00d3rg\u00e3o Central do Sislog.<\/p><p>Art. 40. Poder\u00e3o ensejar a desativa\u00e7\u00e3o compuls\u00f3ria de ve\u00edculo no Sistema de Gest\u00e3o de Abastecimento de Combust\u00edveis:<\/p><p>I &#8211; o volume de abastecimento realizado acima da capacidade dos tanques de combust\u00edvel respectivos;<\/p><p>II &#8211; a discrep\u00e2ncia na rela\u00e7\u00e3o da varia\u00e7\u00e3o do od\u00f4metro e do volume abastecido, considerando par\u00e2metros de consumo de f\u00e1brica para o tipo de ve\u00edculo;<\/p><p>III &#8211; a tentativa de aquisi\u00e7\u00e3o de produto n\u00e3o autorizado;<\/p><p>IV &#8211; o registro de abastecimento com combust\u00edvel incompat\u00edvel com o ve\u00edculo;<\/p><p>V &#8211; o uso indevido de dispositivo de abastecimento e senhas;<\/p><p>VI &#8211; o descredenciamento do ve\u00edculo no BDFE; e<\/p><p>VII &#8211; a utiliza\u00e7\u00e3o de dispositivo de abastecimento em ve\u00edculo distinto ao de sua especifica\u00e7\u00e3o.<\/p><p>Art. 41. Os ve\u00edculos da frota estadual estar\u00e3o bloqueados para o abastecimento no hor\u00e1rio entre 22h (vinte e duas horas) e 5h (cinco horas), aos finais de semana, feriados, bem como fora do Estado do Rio de Janeiro.<\/p><p>\u00a71\u00ba O disposto no caput deste artigo n\u00e3o se aplica:<\/p><p>I &#8211; aos ve\u00edculos especiais, compreendidos como aqueles de uso exclusivo do Governador e Vice-Governador do Estado;<\/p><p>II &#8211; aos ve\u00edculos de escolta, compreendidos como aqueles que acompanham os ve\u00edculos especiais;<\/p><p>III &#8211; aos ve\u00edculos de representa\u00e7\u00e3o, compreendidos como aqueles de uso das autoridades constantes do inciso II do caput do art. 6\u00ba do Decreto n.\u00ba 47.298, de 2020; e<\/p><p>IV &#8211; aos ve\u00edculos dos \u00f3rg\u00e3os ou entidades \u00a0cuja agenda esteja diretamente ligada ao Governador do Estado, tais como o Gabinete de Seguran\u00e7a Institucional do Governo do Estado do Rio de Janeiro\u00a0e a Secretaria Extraordin\u00e1ria de Representa\u00e7\u00e3o do Governo em Bras\u00edlia.<\/p><p>\u00a72\u00ba Havendo necessidade de servi\u00e7o, o \u00d3rg\u00e3o ou Entidade poder\u00e1 solicitar, por of\u00edcio no SEI, ao \u00d3rg\u00e3o Central do Sislog, o desbloqueio do abastecimento de que trata o caput deste artigo, apresentando a devida justificativa e observando uma anteced\u00eancia de pelo menos 48 (quarenta e oito) horas.<\/p><p>\u00a73\u00ba O desbloqueio de que trata o \u00a7 2\u00ba deste artigo n\u00e3o deve ultrapassar o per\u00edodo de 10 (dez) dias corridos, a contar da ativa\u00e7\u00e3o pelo \u00d3rg\u00e3o Central do Sislog.<\/p><p>\u00a74\u00ba Havendo necessidade de prorroga\u00e7\u00e3o do prazo que trata o \u00a7 3\u00ba deste artigo, a solicita\u00e7\u00e3o ser\u00e1 avaliada pelo \u00d3rg\u00e3o Central do Sislog.<\/p><p>Art. 42. Os Gestores de Transportes dos \u00f3rg\u00e3os ou entidades s\u00e3o respons\u00e1veis por garantir o uso adequado dos dispositivos de controle de abastecimento, sejam eles eletr\u00f4nicos ou cart\u00f5es magn\u00e9ticos, utilizados para o fornecimento de combust\u00edvel.<\/p><p>Par\u00e1grafo \u00danico. Os Gestores, de que trata o caput deste artigo, devem assegurar que os condutores sigam corretamente os procedimentos durante os abastecimentos, fiscalizando rigorosamente a compatibilidade entre o consumo de combust\u00edvel e as varia\u00e7\u00f5es registradas nos od\u00f4metros dos ve\u00edculos da sua frota, devendo adotar imediatamente as a\u00e7\u00f5es coercitivas necess\u00e1rias em caso de discrep\u00e2ncias.<\/p><p>Art. 43. \u00c9 expressamente proibido utilizar dispositivo de controle de abastecimento de combust\u00edveis, seja eletr\u00f4nico ou por cart\u00f5es magn\u00e9ticos, atribu\u00eddo a um ve\u00edculo espec\u00edfico, em qualquer outro ve\u00edculo.<\/p><p>Art. 44. O usu\u00e1rio que utilizar indevidamente as ferramentas para o abastecimento de combust\u00edvel, contrariando o disposto nas normas em vigor ou na Lei n.\u00ba 9.503, de 1997, estar\u00e1 sujeito \u00e0s penalidades disciplinares previstas nos Estatutos e Regulamentos dos Servidores Civis e Militares do Estado do Rio de Janeiro.<\/p><p style=\"text-align: center;\"><strong>Se\u00e7\u00e3o II<\/strong><\/p><p style=\"text-align: center;\"><strong>Da execu\u00e7\u00e3o das despesas com aquisi\u00e7\u00e3o de combust\u00edveis<\/strong><\/p><p>Art. 45. Os \u00f3rg\u00e3os ou entidades integrantes do SIGETRANSP, participantes e aderentes das Atas de Registro de Pre\u00e7os &#8211; ARP, referentes ao fornecimento de combust\u00edveis, realizadas pelo \u00d3rg\u00e3o Central do Sislog, dever\u00e3o encaminhar atrav\u00e9s de correio eletr\u00f4nico \u00e0 empresa contratada, c\u00f3pia da Nota de Empenho &#8211; NE emitida em favor desta, visando a inclus\u00e3o do saldo para consumo no Sistema de Gest\u00e3o de Abastecimento de Combust\u00edveis.<\/p><p>Art. 46.\u00a0O saldo inserido no Sistema de Gest\u00e3o de Abastecimento de Combust\u00edveis da empresa contratada guardar\u00e1 correspond\u00eancia com os valores empenhados pelos \u00b4\u00f3rg\u00e3os participantes e aderentes \u00e0 ARP do \u00d3rg\u00e3o Central do Sislog.<\/p><p>Art. 47. Os \u00f3rg\u00e3os ou entidades dever\u00e3o emitir o empenho de acordo com o Programa de Trabalho espec\u00edfico para aquisi\u00e7\u00e3o de combust\u00edvel, conforme estabelecido no Anexo V desta Resolu\u00e7\u00e3o, nos termos da legisla\u00e7\u00e3o de execu\u00e7\u00e3o or\u00e7ament\u00e1ria em vigor.<\/p><p>Par\u00e1grafo\u00a0\u00danico. Os \u00f3rg\u00e3os ou entidades que possuam conv\u00eanios ou projetos que contenham em seu escopo a previs\u00e3o de gastos com aquisi\u00e7\u00e3o de combust\u00edveis e, para o qual haja um Programa de Trabalho espec\u00edfico na Lei Or\u00e7ament\u00e1ria Anual &#8211; LOA, poder\u00e3o emitir o empenho em Programa de Trabalho diverso do estabelecido no caput deste artigo.<\/p><p>Art. 48. A despesa com aquisi\u00e7\u00e3o de combust\u00edvel dever\u00e1 ser classificada na Natureza de Despesa de Material, utilizando o subelemento referente a fornecimento de combust\u00edvel com gerenciamento de abastecimento, conforme estabelecido no Anexo V desta Resolu\u00e7\u00e3o.<\/p><p>Art. 49. Compete aos \u00f3rg\u00e3os ou entidades participantes do SIGETRANSP a gest\u00e3o, o envio das NEs e acompanhamento dos saldos dispon\u00edveis para consumo no respectivo Sistema de Gest\u00e3o de Abastecimento de Combust\u00edveis.<\/p><p style=\"text-align: center;\">CAP\u00cdTULO VI<\/p><p style=\"text-align: center;\">DISPOSI\u00c7\u00d5ES FINAIS<\/p><p>Art. 50. Os casos omissos ser\u00e3o analisados pelo \u00d3rg\u00e3o Central do Sislog e submetidos \u00e0 decis\u00e3o do Governador do Estado, quando couber.<\/p><p>Art. 51. Esta Resolu\u00e7\u00e3o entra em vigor na data de sua publica\u00e7\u00e3o, revogando a Resolu\u00e7\u00e3o SECCG n.\u00ba 43, de 10 de julho de 2019; a Resolu\u00e7\u00e3o SECCG n.\u00ba 50, de 23 de julho de 2019; a Resolu\u00e7\u00e3o SECCG n.\u00ba 67, de 5 de novembro de 2019; a Resolu\u00e7\u00e3o SEPLAG n.\u00ba 27, de 2 de outubro de 2019; a Resolu\u00e7\u00e3o SEPLAG n.\u00ba 29, de 5 de outubro de 2020; a Resolu\u00e7\u00e3o SEPLAG n.\u00ba 95, de 6 de janeiro de 2022; a Resolu\u00e7\u00e3o SEPLAG n.\u00ba 236, de 23 de agosto de 2023; e a Resolu\u00e7\u00e3o SEPLAG n.\u00ba 239, de 16 de outubro de 2023.<\/p><p style=\"text-align: center;\">Rio de Janeiro, 05 de dezembro de 2024<\/p><p style=\"text-align: center;\"><strong>ADILSON DE FARIA MACIEL<\/strong><br \/>Secret\u00e1rio de Estado de Planejamento e Gest\u00e3o<\/p><p>\u00a0<\/p><p style=\"font-weight: 400; text-align: center;\"><span style=\"font-weight: 400;\"><b>ANEXO I<\/b><\/span><\/p><p style=\"font-weight: 400; text-align: center;\"><span style=\"font-weight: 400;\"><b>TERMO DE RESPONSABILIDADE DE CREDENCIAMENTO <\/b><\/span><span style=\"font-weight: 400;\"><b>PARA DIRIGIR VE\u00cdCULOS OFICIAIS<\/b><\/span><\/p><p style=\"font-weight: 400;\"><span style=\"font-weight: 400;\">Os abaixo identificados declaram que o condutor n\u00e3o possui restri\u00e7\u00f5es impeditivas, junto aos \u00f3rg\u00e3os de Tr\u00e2nsito integrantes do Sistema Nacional de Tr\u00e2nsito, previsto no art. 7\u00ba da Lei n.\u00ba 9.503, de 23 de setembro de 1997 (C\u00f3digo de Tr\u00e2nsito Brasileiro), \u00e0 condu\u00e7\u00e3o de ve\u00edculos em via p\u00fablica e que o mesmo est\u00e1 apto a receber a credencial para dirigir ve\u00edculos oficiais do Governo do Estado do Rio de Janeiro.<\/span><\/p><p style=\"font-weight: 400;\"><span style=\"font-weight: 400;\">Declaram, ainda, estarem cientes das normas e legisla\u00e7\u00f5es relacionadas ao tr\u00e2nsito e \u00e0 utiliza\u00e7\u00e3o de ve\u00edculos oficiais, particularmente, no regulamentado pelo Decreto n.\u00ba 47.298, de 2 de outubro de 2020, comprometendo-se a cumpri-las, integralmente, assumindo as responsabilidades decorrentes que lhes s\u00e3o imputadas afetas \u00e0 utiliza\u00e7\u00e3o, guarda, conserva\u00e7\u00e3o e manuten\u00e7\u00e3o dos ve\u00edculos oficiais em conson\u00e2ncia com o princ\u00edpio da economicidade. <\/span><\/p><p style=\"font-weight: 400; text-align: center;\"><span style=\"font-weight: 400;\">Rio de Janeiro, \u2026\u2026.. de \u2026\u2026\u2026\u2026\u2026\u2026\u2026.. de \u2026\u2026\u2026. .<\/span><\/p><p style=\"font-weight: 400; text-align: center;\"><span style=\"font-weight: 400;\">________________________________________<\/span><\/p><p style=\"font-weight: 400; text-align: center;\"><span style=\"font-weight: 400;\">(Nome do Condutor)<\/span><\/p><p style=\"font-weight: 400; text-align: center;\"><span style=\"font-weight: 400;\">(Cargo ou Fun\u00e7\u00e3o)<\/span><\/p><p style=\"font-weight: 400; text-align: center;\"><span style=\"font-weight: 400;\">(Matr\u00edcula)<\/span><\/p><p style=\"font-weight: 400; text-align: center;\"><span style=\"font-weight: 400;\">________________________________________<\/span><\/p><p style=\"font-weight: 400; text-align: center;\"><span style=\"font-weight: 400;\">(Nome do Gestor de Transportes)<\/span><\/p><p style=\"font-weight: 400; text-align: center;\"><span style=\"font-weight: 400;\">(Cargo ou Fun\u00e7\u00e3o)<\/span><\/p><p style=\"font-weight: 400; text-align: center;\"><span style=\"font-weight: 400;\">(Matr\u00edcula)<\/span><\/p><p>\u00a0<\/p><p style=\"font-weight: 400; text-align: center;\"><span style=\"font-weight: 400;\"><b>ANEXO II<\/b><\/span><\/p><p style=\"font-weight: 400; text-align: center;\"><span style=\"font-weight: 400;\"><b>MODELO DE CREDENCIAL<\/b><\/span><\/p><p style=\"font-weight: 400;\">\u00a0<\/p>\t\t\t\t\t\t\t\t<\/div>\n\t\t\t\t<div class=\"elementor-element elementor-element-159928c elementor-widget elementor-widget-image\" data-id=\"159928c\" data-element_type=\"widget\" data-widget_type=\"image.default\">\n\t\t\t\t\t\t\t\t\t\t\t\t\t\t\t<img fetchpriority=\"high\" decoding=\"async\" width=\"710\" height=\"231\" src=\"https:\/\/redelog.rj.gov.br\/redelog\/wp-content\/uploads\/2024\/12\/download.png\" class=\"attachment-large size-large wp-image-31408\" alt=\"\" srcset=\"https:\/\/redelog.rj.gov.br\/redelog\/wp-content\/uploads\/2024\/12\/download.png 710w, https:\/\/redelog.rj.gov.br\/redelog\/wp-content\/uploads\/2024\/12\/download-300x98.png 300w, https:\/\/redelog.rj.gov.br\/redelog\/wp-content\/uploads\/2024\/12\/download-600x195.png 600w\" sizes=\"(max-width: 710px) 100vw, 710px\" \/>\t\t\t\t\t\t\t\t\t\t\t\t\t\t\t<\/div>\n\t\t\t\t<div class=\"elementor-element elementor-element-b73fac1 elementor-widget elementor-widget-text-editor\" data-id=\"b73fac1\" data-element_type=\"widget\" data-widget_type=\"text-editor.default\">\n\t\t\t\t\t\t\t\t\t<p>\u00a0<\/p><p style=\"font-weight: 400; text-align: center;\"><b>ANEXO III<\/b><\/p><p style=\"font-weight: 400; text-align: center;\"><strong>ESPECIFICA\u00c7\u00d5ES PARA OS VE\u00cdCULOS DE REPRESENTA\u00c7\u00c3O E DE SERVI\u00c7O<\/strong><\/p><p><strong>I<\/strong> &#8211;\u00a0<strong><u>Ve\u00edculos de Representa\u00e7\u00e3o (RP)<\/u><\/strong><\/p><table border=\"1\" cellspacing=\"0\" cellpadding=\"0\"><tbody><tr><td><p align=\"center\"><strong>Tipo<\/strong><\/p><\/td><td><p align=\"center\"><strong>Caracter\u00edsticas T\u00e9cnicas<\/strong><\/p><\/td><\/tr><tr><td><p align=\"center\">RP-01<\/p><\/td><td><p>Modelo Sedan\/Hatch; 4 portas; movido \u00e0 gasolina e\/ou etanol; motor com pot\u00eancia at\u00e9 120 cv (refer\u00eancia gasolina); dist\u00e2ncia entre eixos de 2460mm ~ 2640mm; dire\u00e7\u00e3o hidr\u00e1ulica, el\u00e9trica ou eletro-hidr\u00e1ulica; ar condicionado; freios com ABS; vidro el\u00e9trico e trava el\u00e9trica nas 4 portas.<\/p><\/td><\/tr><tr><td><p align=\"center\">RP-02<\/p><\/td><td><p>Modelo Sedan; com blindagem n\u00edvel III-A; 4 portas; movido \u00e0 gasolina e\/ou etanol; motor com pot\u00eancia at\u00e9 165 cv (refer\u00eancia gasolina); dist\u00e2ncia entre eixos de 2640mm ~ 2860mm; dire\u00e7\u00e3o el\u00e9trica ou eletro-hidr\u00e1ulica; ar condicionado; freios com ABS e distribui\u00e7\u00e3o eletr\u00f4nica de frenagem; vidro el\u00e9trico e trava el\u00e9trica nas 4 portas.<\/p><\/td><\/tr><\/tbody><\/table><p><strong>II &#8211;<\/strong>\u00a0<strong><u>Ve\u00edculos de Servi\u00e7o (SV)<\/u><\/strong><\/p><p><strong>II.1- Categoria Ve\u00edculos de Servi\u00e7o \u2013 Tipo 1 (SV-1)<\/strong><\/p><table border=\"1\" cellspacing=\"0\" cellpadding=\"0\"><tbody><tr><td><p align=\"center\"><strong>Tipo<\/strong><\/p><\/td><td><p align=\"center\"><strong>Caracter\u00edsticas T\u00e9cnicas<\/strong><\/p><\/td><\/tr><tr><td><p>\u00a0\u00a0\u00a0\u00a0\u00a0\u00a0\u00a0\u00a0<strong>SV-1.1<\/strong><\/p><\/td><td><p>Modelo sedan\/hatch m\u00e9dio; 4 portas; movido \u00e0 gasolina e\/ou etanol; motor com pot\u00eancia at\u00e9 100 cv (gasolina); \u00a0dist\u00e2ncia entre eixos 2370mm ~ 2638mm; consumo gasolina 18,0 km\/l ~ 11,8 km\/l, de acordo com a tabela PBEV\/INMETRO; dire\u00e7\u00e3o hidr\u00e1ulica ou eletroassistida; ar condicionado; vidro el\u00e9trico nas portas dianteiras e trava el\u00e9trica nas 4 portas.<\/p><\/td><\/tr><tr><td><p><strong>\u00a0\u00a0\u00a0\u00a0\u00a0\u00a0\u00a0 SV-1.2<\/strong><\/p><\/td><td><p>Modelo hatch compacto ou subcompacto; 4 portas; movido \u00e0 gasolina\/\u00e1lcool; ar condicionado; motor com pot\u00eancia de at\u00e9 87 cv (refer\u00eancia gasolina) e cilindrada entre 1000cc e 1200cc; consumo de gasolina 18,0 km\/l ~ 12,5km\/l, de acordo com a tabela PBEV\/INMETRO; dire\u00e7\u00e3o hidr\u00e1ulica ou eletroassistida.<\/p><\/td><\/tr><\/tbody><\/table><p>\u00a0<strong>II.2- Categoria Ve\u00edculos de Servi\u00e7o \u2013 Tipo 2 (SV-2)<\/strong><\/p><table border=\"1\" cellspacing=\"0\" cellpadding=\"0\"><tbody><tr><td><p align=\"center\"><strong>Tipo<\/strong><\/p><\/td><td><p align=\"center\"><strong>Caracter\u00edsticas T\u00e9cnicas<\/strong><\/p><\/td><\/tr><tr><td><p align=\"center\"><strong>SV-2.1<\/strong><\/p><\/td><td><p>Camioneta tipo furg\u00e3o; \u00e0 gasolina\/etanol, motor com pot\u00eancia at\u00e9\u00a0 130 cv, capacidade de carga entre 600kg ~ 900kg; dire\u00e7\u00e3o hidr\u00e1ulica ou eletroassistida; e ar condicionado.<\/p><\/td><\/tr><tr><td><p align=\"center\"><strong>SV-2.2<\/strong><\/p><\/td><td><p>Camioneta tipo minivan; \u00e0 gasolina\/etanol; motor pot\u00eancia 85 cv ~ 150 cv, capacidade transportar no m\u00ednimo 7 pessoas, dire\u00e7\u00e3o hidr\u00e1ulica ou eletroassistida, ar condicionado.<\/p><\/td><\/tr><tr><td><p align=\"center\"><strong>SV-2.3<\/strong><\/p><\/td><td><p>Camioneta tipo van; \u00e0 diesel; motor com pot\u00eancia at\u00e9\u00a0 150 cv; capacidade para transportar no m\u00ednimo 14 passageiros; dire\u00e7\u00e3o hidr\u00e1ulica ou eletroassistida; e ar condicionado.<\/p><\/td><\/tr><tr><td><p align=\"center\"><strong>SV-2.4\u00a0<\/strong><\/p><\/td><td><p>Utilit\u00e1rio; tipo pick-up; cabine dupla; \u00e0 diesel; motor com pot\u00eancia at\u00e9 200 cv; capacidade para carga de at\u00e9 1,5 ton.; dire\u00e7\u00e3o hidr\u00e1ulica ou eletroassistida; ar condicionado.<\/p><\/td><\/tr><tr><td><p align=\"center\"><strong>SV-2.5<\/strong><\/p><\/td><td><p>Caminhonete, cabine simples; \u00e0 diesel; motor com pot\u00eancia at\u00e9 200 cv; capacidade de carga at\u00e9 1,5 ton.; dire\u00e7\u00e3o hidr\u00e1ulica ou eletroassistida; ar condicionado.<\/p><\/td><\/tr><tr><td><p align=\"center\"><strong>SV-2.6<\/strong><\/p><\/td><td><p>Caminhonete, cabine simples; \u00e0 gasolina; motor com pot\u00eancia at\u00e9 115cv; capacidade de carga entre 650kg &#8211; 800kg; dire\u00e7\u00e3o hidr\u00e1ulica ou eletroassistida; ar condicionado.<\/p><\/td><\/tr><tr><td><p align=\"center\"><strong>SV-2.7\u00a0<\/strong><\/p><\/td><td><p>Camioneta tipo furg\u00e3o; \u00e0 diesel, motor com pot\u00eancia de at\u00e9 200 cv; peso bruto total (PBT) entre 3.500kg- 5.000kg; capacidade de carga \u00fatil entre 1.500kg- 3.000kg; dist\u00e2ncia entre eixos de 2900 ~ 3700 mm; \u00a0comprimento entre 4800 mm ~ 5500mm; altura: entre 1800 mm ~ 2200mm; largura entre 1900 mm ~ 2100mm; capacidade volum\u00e9trica de carga entre 10m\u00b3 ~ 12m\u00b3; dire\u00e7\u00e3o hidr\u00e1ulica ou eletroassistida; ar condicionado.<\/p><\/td><\/tr><tr><td><p align=\"center\"><strong>SV-2.8<\/strong><\/p><\/td><td><p>Micro\u00f4nibus movido \u00e0 diesel<strong>;\u00a0<\/strong>motor com pot\u00eancia at\u00e9\u00a0 180 cv; capacidade para transportar at\u00e9 30 passageiros; dire\u00e7\u00e3o hidr\u00e1ulica ou eletroassistida; ar condicionado.<\/p><\/td><\/tr><tr><td><p align=\"center\"><strong>SV-2.9<\/strong><\/p><\/td><td><p>\u00d4nibus movido \u00e0 diesel; motor com pot\u00eancia de at\u00e9 330 cv; com capacidade para transportar mais de 30 passageiros; dire\u00e7\u00e3o hidr\u00e1ulica ou eletroassistida; ar condicionado.<\/p><\/td><\/tr><tr><td><p align=\"center\"><strong>SV-2.10<\/strong><\/p><\/td><td><p>Ve\u00edculo tipo caminh\u00e3o; \u00e0 diesel; categoria leve; motor com pot\u00eancia de at\u00e9 175 cv; dist\u00e2ncia entre-eixos entre 3740mm ~ 4400mm; comprimento entre 6300mm ~ 8800mm; altura entre 2000mm ~ 2500; largura entre 2020mm ~ 2185mm; capacidade m\u00e1xima de carga entre 3.000kg; dire\u00e7\u00e3o hidr\u00e1ulica ou eletroassistida; ar condicionado.<\/p><\/td><\/tr><tr><td><p align=\"center\"><strong>SV-2.11<\/strong><\/p><\/td><td><p>Ve\u00edculo tipo caminh\u00e3o; \u00e0 diesel; categoria semi leve; motor com pot\u00eancia at\u00e9 260 cv; dist\u00e2ncia entre-eixos 4400mm ~ 5680mm; comprimento entre 8800mm ~ 10400mm; altura entre 2500mm ~ 2757mm; largura entre 2200mm ~ 2400mm; capacidade m\u00e1xima de carga de 6.000kg; dire\u00e7\u00e3o hidr\u00e1ulica ou eletroassistida; ar condicionado.<\/p><\/td><\/tr><tr><td><p align=\"center\"><strong>SV-2.12<\/strong><\/p><\/td><td><p>Ve\u00edculo tipo caminh\u00e3o; \u00e0 diesel; categoria m\u00e9dia; motor com pot\u00eancia de at\u00e9 330 cv; dist\u00e2ncia entre-eixos entre 3450mm ~ 5200mm; comprimento entre 5850mm ~ 8800mm; altura entre 2800mm ~ 3800mm; largura entre 2480mm ~ 2600mm; capacidade m\u00e1xima de carga de \u00a06.200kg; dire\u00e7\u00e3o hidr\u00e1ulica ou eletroassistida; ar condicionado.<\/p><\/td><\/tr><tr><td><p align=\"center\"><strong>SV-2.13<\/strong><\/p><\/td><td><p>Ve\u00edculo tipo caminh\u00e3o; \u00e0 diesel; categoria semi pesado; motor com pot\u00eancia de at\u00e9 315 cv; dist\u00e2ncia entre-eixos entre 3650mm ~ 5700mm; comprimento entre 7600mm ~ 9800mm; altura entre 2750mm ~ 3580mm; largura entre 2300mm ~ 2595mm; capacidade m\u00e1xima de carga de 6.000kg; dire\u00e7\u00e3o hidr\u00e1ulica ou eletroassistida; ar condicionado.<\/p><\/td><\/tr><tr><td><p align=\"center\"><strong>SV-2.14<\/strong><\/p><\/td><td><p>Ve\u00edculo tipo caminh\u00e3o; \u00e0 diesel; categoria pesado; motor com pot\u00eancia de at\u00e9 470 cv; dist\u00e2ncia entre-eixos 3300mm ~ 4600mm; comprimento entre 5850mm ~ 7200mm; altura entre 2800mm ~ 3800mm; largura entre 2480mm ~ 2600mm; capacidade m\u00e1xima de carga entre 10.000kg ~ 14.000kg; dire\u00e7\u00e3o hidr\u00e1ulica ou \u00a0eletroassistida; ar condicionado.<\/p><\/td><\/tr><\/tbody><\/table><p style=\"font-weight: 400; text-align: center;\"><b>ANEXO IV<\/b><\/p><p style=\"font-weight: 400; text-align: center;\"><b>ESPECIFICA\u00c7\u00d5ES PARA CONFEC\u00c7\u00c3O DO ADESIVO<\/b><\/p><p style=\"font-weight: 400;\"><b>I \u2013 VE\u00cdCULOS OFICIAIS PR\u00d3PRIOS<\/b><\/p><p style=\"font-weight: 400;\"><b>1- Medidas:<\/b><span style=\"font-weight: 400;\"> Formato retangular, medindo 500 x 330 mm, afixados nas portas dianteiras.<\/span><\/p><p style=\"font-weight: 400;\"><b>2 \u2013 Express\u00f5es:<\/b><\/p><p style=\"font-weight: 400;\"><b>2.1<\/b><span style=\"font-weight: 400;\"> \u2013 \u201cGOVERNO ESTADUAL\u201d e \u201cPODER EXECUTIVO\u201d: letras helv\u00e9ticas normal, caixa alta, com 28 mm de altura cada, centralizado, na cor preta.<\/span><\/p><p style=\"font-weight: 400;\"><b>2.2<\/b><span style=\"font-weight: 400;\"> \u2013 \u201cUSO EXCLUSIVO EM SERVI\u00c7O\u201d: letra tipo helv\u00e9tica normal, caixa alta, com 24 mm de altura na cor amarelo ouro ou similar, inscrita em tarja preta de 39 mm de altura e 470 mm de largura, centralizado.<\/span><\/p><p style=\"font-weight: 400;\"><b>3 \u2013 Material:<\/b><span style=\"font-weight: 400;\"> Vinil de 0,8mm, acabado em corte reto, impresso em fundo amarelo ouro ou similar.<\/span><\/p><p style=\"font-weight: 400;\"><b>4 \u2013 Borda:<\/b><span style=\"font-weight: 400;\"> Cor azul marinho, com largura de 4mm.<\/span><\/p><p style=\"font-weight: 400;\"><b>5 \u2013 Cores:<\/b><span style=\"font-weight: 400;\"> Dever\u00e3o ser respeitadas as cores previstas na Tabela PANTONE:<\/span><\/p><p style=\"font-weight: 400;\"><span style=\"font-weight: 400;\">PANTONE 108 (C=0; M=6; Y=95 K = 0 )<\/span><\/p><p style=\"font-weight: 400;\"><span style=\"font-weight: 400;\">PANTONE PROC. BLACK C (C=0; M=0; Y=0 K = 100)<\/span><\/p><p style=\"font-weight: 400;\"><span style=\"font-weight: 400;\">PANTONE 2388 (C=100; M=70; Y=20; K=0)<\/span><\/p><p style=\"font-weight: 400;\"><b>6 \u2013 Modelo do Adesivo:<\/b><\/p>\t\t\t\t\t\t\t\t<\/div>\n\t\t\t\t<div class=\"elementor-element elementor-element-c5868be elementor-widget elementor-widget-image\" data-id=\"c5868be\" data-element_type=\"widget\" data-widget_type=\"image.default\">\n\t\t\t\t\t\t\t\t\t\t\t\t\t\t\t<img decoding=\"async\" width=\"300\" height=\"244\" data-src=\"https:\/\/redelog.rj.gov.br\/redelog\/wp-content\/uploads\/2024\/12\/download-1-300x244.png\" class=\"attachment-medium size-medium wp-image-31412 lazyload\" alt=\"\" data-srcset=\"https:\/\/redelog.rj.gov.br\/redelog\/wp-content\/uploads\/2024\/12\/download-1-300x244.png 300w, https:\/\/redelog.rj.gov.br\/redelog\/wp-content\/uploads\/2024\/12\/download-1.png 597w\" data-sizes=\"(max-width: 300px) 100vw, 300px\" src=\"data:image\/svg+xml;base64,PHN2ZyB3aWR0aD0iMSIgaGVpZ2h0PSIxIiB4bWxucz0iaHR0cDovL3d3dy53My5vcmcvMjAwMC9zdmciPjwvc3ZnPg==\" style=\"--smush-placeholder-width: 300px; --smush-placeholder-aspect-ratio: 300\/244;\" \/>\t\t\t\t\t\t\t\t\t\t\t\t\t\t\t<\/div>\n\t\t\t\t<div class=\"elementor-element elementor-element-5708787 elementor-widget elementor-widget-text-editor\" data-id=\"5708787\" data-element_type=\"widget\" data-widget_type=\"text-editor.default\">\n\t\t\t\t\t\t\t\t\t<p style=\"font-weight: 400;\"><b>II \u2013 VE\u00cdCULOS DE TERCEIROS A SERVI\u00c7O DO ESTADO<\/b><\/p><p style=\"font-weight: 400;\"><b>1 \u2013 Medidas:<\/b><span style=\"font-weight: 400;\"> Formato retangular, medindo 450 x 220 mm, afixados nas portas dianteiras.<\/span><\/p><p style=\"font-weight: 400;\"><b>2 \u2013 Express\u00f5es:<\/b><\/p><p style=\"font-weight: 400;\"><b>2.1<\/b><span style=\"font-weight: 400;\"> \u2013 \u201cA SERVI\u00c7O DO GOVERNO ESTADUAL\u201d: letras helv\u00e9ticas normal, caixa alta, negrito com 25 mm de altura, centralizado, na cor preta.<\/span><\/p><p style=\"font-weight: 400;\"><b>2.2<\/b><span style=\"font-weight: 400;\"> \u2013 \u201cUSO EXCLUSIVO EM SERVI\u00c7O\u201d : letra tipo helv\u00e9tica normal, caixa alta, com 25 mm de altura na cor amarelo ouro ou similar, inscrita em tarja preta de 30 mm de altura e 380 mm de largura, centralizado.<\/span><\/p><p style=\"font-weight: 400;\"><b>3 \u2013 Material:<\/b><span style=\"font-weight: 400;\"> Vinil de 0,8mm, acabado em corte reto, impresso em fundo amarelo ouro ou similar.<\/span><\/p><p style=\"font-weight: 400;\"><b>4 \u2013 Borda:<\/b><span style=\"font-weight: 400;\"> Cor azul marinho, com largura de 4mm.<\/span><\/p><p style=\"font-weight: 400;\"><b>5 \u2013 Cores:<\/b><span style=\"font-weight: 400;\"> dever\u00e3o ser respeitadas as cores previstas na Tabela PANTONE:<\/span><\/p><p style=\"font-weight: 400;\"><span style=\"font-weight: 400;\">PANTONE 108 (C=0; M=6; Y=95 K = 0)<\/span><\/p><p style=\"font-weight: 400;\"><span style=\"font-weight: 400;\">PANTONE PROC. BLACK C (C=0; M=0; Y=0 K = 100)<\/span><\/p><p style=\"font-weight: 400;\"><span style=\"font-weight: 400;\">PANTONE 2388 (C=100; M=70; Y=20; K=0)<\/span><\/p><p style=\"font-weight: 400;\"><b>6 \u2013 Modelo do Adesivo:<\/b><\/p>\t\t\t\t\t\t\t\t<\/div>\n\t\t\t\t<div class=\"elementor-element elementor-element-a66bda2 elementor-widget elementor-widget-image\" data-id=\"a66bda2\" data-element_type=\"widget\" data-widget_type=\"image.default\">\n\t\t\t\t\t\t\t\t\t\t\t\t\t\t\t<img decoding=\"async\" width=\"300\" height=\"249\" data-src=\"https:\/\/redelog.rj.gov.br\/redelog\/wp-content\/uploads\/2024\/12\/download-2-300x249.png\" class=\"attachment-medium size-medium wp-image-31413 lazyload\" alt=\"\" data-srcset=\"https:\/\/redelog.rj.gov.br\/redelog\/wp-content\/uploads\/2024\/12\/download-2-300x249.png 300w, https:\/\/redelog.rj.gov.br\/redelog\/wp-content\/uploads\/2024\/12\/download-2.png 578w\" data-sizes=\"(max-width: 300px) 100vw, 300px\" src=\"data:image\/svg+xml;base64,PHN2ZyB3aWR0aD0iMSIgaGVpZ2h0PSIxIiB4bWxucz0iaHR0cDovL3d3dy53My5vcmcvMjAwMC9zdmciPjwvc3ZnPg==\" style=\"--smush-placeholder-width: 300px; --smush-placeholder-aspect-ratio: 300\/249;\" \/>\t\t\t\t\t\t\t\t\t\t\t\t\t\t\t<\/div>\n\t\t\t\t<div class=\"elementor-element elementor-element-7ea826a elementor-widget elementor-widget-text-editor\" data-id=\"7ea826a\" data-element_type=\"widget\" data-widget_type=\"text-editor.default\">\n\t\t\t\t\t\t\t\t\t<p>\u00a0<\/p><p style=\"text-align: center;\"><b>ANEXO V<\/b><\/p>\t\t\t\t\t\t\t\t<\/div>\n\t\t\t\t<div class=\"elementor-element elementor-element-b5bc04b elementor-widget elementor-widget-image\" data-id=\"b5bc04b\" data-element_type=\"widget\" data-widget_type=\"image.default\">\n\t\t\t\t\t\t\t\t\t\t\t\t\t\t\t<img decoding=\"async\" width=\"566\" height=\"204\" data-src=\"https:\/\/redelog.rj.gov.br\/redelog\/wp-content\/uploads\/2024\/12\/download-3.png\" class=\"attachment-large size-large wp-image-31414 lazyload\" alt=\"\" data-srcset=\"https:\/\/redelog.rj.gov.br\/redelog\/wp-content\/uploads\/2024\/12\/download-3.png 566w, https:\/\/redelog.rj.gov.br\/redelog\/wp-content\/uploads\/2024\/12\/download-3-300x108.png 300w\" data-sizes=\"(max-width: 566px) 100vw, 566px\" src=\"data:image\/svg+xml;base64,PHN2ZyB3aWR0aD0iMSIgaGVpZ2h0PSIxIiB4bWxucz0iaHR0cDovL3d3dy53My5vcmcvMjAwMC9zdmciPjwvc3ZnPg==\" style=\"--smush-placeholder-width: 566px; --smush-placeholder-aspect-ratio: 566\/204;\" \/>\t\t\t\t\t\t\t\t\t\t\t\t\t\t\t<\/div>\n\t\t\t\t<div class=\"elementor-element elementor-element-cc3613e elementor-widget elementor-widget-text-editor\" data-id=\"cc3613e\" data-element_type=\"widget\" data-widget_type=\"text-editor.default\">\n\t\t\t\t\t\t\t\t\t<p style=\"text-align: right;\">Id: 2612777<\/p>\t\t\t\t\t\t\t\t<\/div>\n\t\t\t\t\t<\/div>\n\t\t<\/div>\n\t\t\t\t\t<\/div>\n\t\t<\/section>\n\t\t\t\t<section class=\"elementor-section elementor-top-section elementor-element elementor-element-de37920 elementor-section-boxed elementor-section-height-default elementor-section-height-default\" data-id=\"de37920\" data-element_type=\"section\" data-settings=\"{&quot;jet_parallax_layout_list&quot;:[{&quot;jet_parallax_layout_image&quot;:{&quot;url&quot;:&quot;&quot;,&quot;id&quot;:&quot;&quot;,&quot;size&quot;:&quot;&quot;},&quot;_id&quot;:&quot;04dd098&quot;,&quot;jet_parallax_layout_image_tablet&quot;:{&quot;url&quot;:&quot;&quot;,&quot;id&quot;:&quot;&quot;,&quot;size&quot;:&quot;&quot;},&quot;jet_parallax_layout_image_mobile&quot;:{&quot;url&quot;:&quot;&quot;,&quot;id&quot;:&quot;&quot;,&quot;size&quot;:&quot;&quot;},&quot;jet_parallax_layout_speed&quot;:{&quot;unit&quot;:&quot;%&quot;,&quot;size&quot;:50,&quot;sizes&quot;:[]},&quot;jet_parallax_layout_type&quot;:&quot;scroll&quot;,&quot;jet_parallax_layout_direction&quot;:&quot;1&quot;,&quot;jet_parallax_layout_fx_direction&quot;:null,&quot;jet_parallax_layout_z_index&quot;:&quot;&quot;,&quot;jet_parallax_layout_bg_x&quot;:50,&quot;jet_parallax_layout_bg_x_tablet&quot;:&quot;&quot;,&quot;jet_parallax_layout_bg_x_mobile&quot;:&quot;&quot;,&quot;jet_parallax_layout_bg_y&quot;:50,&quot;jet_parallax_layout_bg_y_tablet&quot;:&quot;&quot;,&quot;jet_parallax_layout_bg_y_mobile&quot;:&quot;&quot;,&quot;jet_parallax_layout_bg_size&quot;:&quot;auto&quot;,&quot;jet_parallax_layout_bg_size_tablet&quot;:&quot;&quot;,&quot;jet_parallax_layout_bg_size_mobile&quot;:&quot;&quot;,&quot;jet_parallax_layout_animation_prop&quot;:&quot;transform&quot;,&quot;jet_parallax_layout_on&quot;:[&quot;desktop&quot;,&quot;tablet&quot;]}]}\">\n\t\t\t\t\t\t<div class=\"elementor-container elementor-column-gap-default\">\n\t\t\t\t\t<div class=\"elementor-column elementor-col-100 elementor-top-column elementor-element elementor-element-2701fa8\" data-id=\"2701fa8\" data-element_type=\"column\">\n\t\t\t<div class=\"elementor-widget-wrap elementor-element-populated\">\n\t\t\t\t\t\t<div class=\"elementor-element elementor-element-d4063a5 elementor-widget elementor-widget-text-editor\" data-id=\"d4063a5\" data-element_type=\"widget\" data-widget_type=\"text-editor.default\">\n\t\t\t\t\t\t\t\t\t<p><em>Publicada no DOE em <a href=\"https:\/\/www.redelog.rj.gov.br\/redelog\/wp-content\/uploads\/2024\/12\/Resolucao-SEPLAG-no-340-Regulamenta-o-SIGETRANSP.pdf\"><strong>09\/12\/2024<\/strong><\/a>.<\/em><\/p>\t\t\t\t\t\t\t\t<\/div>\n\t\t\t\t\t<\/div>\n\t\t<\/div>\n\t\t\t\t\t<\/div>\n\t\t<\/section>\n\t\t\t\t<section class=\"elementor-section elementor-top-section elementor-element elementor-element-408748d elementor-section-boxed elementor-section-height-default elementor-section-height-default\" data-id=\"408748d\" data-element_type=\"section\" data-settings=\"{&quot;jet_parallax_layout_list&quot;:[{&quot;jet_parallax_layout_image&quot;:{&quot;url&quot;:&quot;&quot;,&quot;id&quot;:&quot;&quot;,&quot;size&quot;:&quot;&quot;},&quot;_id&quot;:&quot;ab030fc&quot;,&quot;jet_parallax_layout_image_tablet&quot;:{&quot;url&quot;:&quot;&quot;,&quot;id&quot;:&quot;&quot;,&quot;size&quot;:&quot;&quot;},&quot;jet_parallax_layout_image_mobile&quot;:{&quot;url&quot;:&quot;&quot;,&quot;id&quot;:&quot;&quot;,&quot;size&quot;:&quot;&quot;},&quot;jet_parallax_layout_speed&quot;:{&quot;unit&quot;:&quot;%&quot;,&quot;size&quot;:50,&quot;sizes&quot;:[]},&quot;jet_parallax_layout_type&quot;:&quot;scroll&quot;,&quot;jet_parallax_layout_direction&quot;:&quot;1&quot;,&quot;jet_parallax_layout_fx_direction&quot;:null,&quot;jet_parallax_layout_z_index&quot;:&quot;&quot;,&quot;jet_parallax_layout_bg_x&quot;:50,&quot;jet_parallax_layout_bg_x_tablet&quot;:&quot;&quot;,&quot;jet_parallax_layout_bg_x_mobile&quot;:&quot;&quot;,&quot;jet_parallax_layout_bg_y&quot;:50,&quot;jet_parallax_layout_bg_y_tablet&quot;:&quot;&quot;,&quot;jet_parallax_layout_bg_y_mobile&quot;:&quot;&quot;,&quot;jet_parallax_layout_bg_size&quot;:&quot;auto&quot;,&quot;jet_parallax_layout_bg_size_tablet&quot;:&quot;&quot;,&quot;jet_parallax_layout_bg_size_mobile&quot;:&quot;&quot;,&quot;jet_parallax_layout_animation_prop&quot;:&quot;transform&quot;,&quot;jet_parallax_layout_on&quot;:[&quot;desktop&quot;,&quot;tablet&quot;]}]}\">\n\t\t\t\t\t\t<div class=\"elementor-container elementor-column-gap-default\">\n\t\t\t\t\t<div class=\"elementor-column elementor-col-100 elementor-top-column elementor-element elementor-element-a92038d\" data-id=\"a92038d\" data-element_type=\"column\">\n\t\t\t<div class=\"elementor-widget-wrap elementor-element-populated\">\n\t\t\t\t\t\t<div class=\"elementor-element elementor-element-aaf1988 elementor-widget-divider--view-line elementor-widget elementor-widget-divider\" data-id=\"aaf1988\" data-element_type=\"widget\" data-widget_type=\"divider.default\">\n\t\t\t\t\t\t\t<div class=\"elementor-divider\">\n\t\t\t<span class=\"elementor-divider-separator\">\n\t\t\t\t\t\t<\/span>\n\t\t<\/div>\n\t\t\t\t\t\t<\/div>\n\t\t\t\t\t<\/div>\n\t\t<\/div>\n\t\t\t\t\t<\/div>\n\t\t<\/section>\n\t\t\t\t<section class=\"elementor-section elementor-top-section elementor-element elementor-element-811b736 elementor-section-boxed elementor-section-height-default elementor-section-height-default\" data-id=\"811b736\" data-element_type=\"section\" id=\"options\" data-settings=\"{&quot;jet_parallax_layout_list&quot;:[{&quot;jet_parallax_layout_image&quot;:{&quot;url&quot;:&quot;&quot;,&quot;id&quot;:&quot;&quot;,&quot;size&quot;:&quot;&quot;},&quot;_id&quot;:&quot;19d7213&quot;,&quot;jet_parallax_layout_image_tablet&quot;:{&quot;url&quot;:&quot;&quot;,&quot;id&quot;:&quot;&quot;,&quot;size&quot;:&quot;&quot;},&quot;jet_parallax_layout_image_mobile&quot;:{&quot;url&quot;:&quot;&quot;,&quot;id&quot;:&quot;&quot;,&quot;size&quot;:&quot;&quot;},&quot;jet_parallax_layout_speed&quot;:{&quot;unit&quot;:&quot;%&quot;,&quot;size&quot;:50,&quot;sizes&quot;:[]},&quot;jet_parallax_layout_type&quot;:&quot;scroll&quot;,&quot;jet_parallax_layout_direction&quot;:&quot;1&quot;,&quot;jet_parallax_layout_fx_direction&quot;:null,&quot;jet_parallax_layout_z_index&quot;:&quot;&quot;,&quot;jet_parallax_layout_bg_x&quot;:50,&quot;jet_parallax_layout_bg_x_tablet&quot;:&quot;&quot;,&quot;jet_parallax_layout_bg_x_mobile&quot;:&quot;&quot;,&quot;jet_parallax_layout_bg_y&quot;:50,&quot;jet_parallax_layout_bg_y_tablet&quot;:&quot;&quot;,&quot;jet_parallax_layout_bg_y_mobile&quot;:&quot;&quot;,&quot;jet_parallax_layout_bg_size&quot;:&quot;auto&quot;,&quot;jet_parallax_layout_bg_size_tablet&quot;:&quot;&quot;,&quot;jet_parallax_layout_bg_size_mobile&quot;:&quot;&quot;,&quot;jet_parallax_layout_animation_prop&quot;:&quot;transform&quot;,&quot;jet_parallax_layout_on&quot;:[&quot;desktop&quot;,&quot;tablet&quot;]}]}\">\n\t\t\t\t\t\t<div class=\"elementor-container elementor-column-gap-default\">\n\t\t\t\t\t<div class=\"elementor-column elementor-col-100 elementor-top-column elementor-element elementor-element-a861e26\" data-id=\"a861e26\" data-element_type=\"column\">\n\t\t\t<div class=\"elementor-widget-wrap elementor-element-populated\">\n\t\t\t\t\t\t<div class=\"elementor-element elementor-element-77b840b elementor-widget elementor-widget-shortcode\" data-id=\"77b840b\" data-element_type=\"widget\" data-widget_type=\"shortcode.default\">\n\t\t\t\t\t\t\t<div class=\"elementor-shortcode\"><div class='printomatic pom-default ' id='id6117' alt='Imprimir' title='Imprimir' data-print_target='#post-31403'><\/div> <div class='printomatictext' id='id6117' alt='Imprimir' title='Imprimir' data-print_target='#post-31403'>Imprimir<\/div><div style='clear: both;'><\/div><\/div>\n\t\t\t\t\t\t<\/div>\n\t\t\t\t<section class=\"elementor-section elementor-inner-section elementor-element elementor-element-b7308e2 elementor-section-boxed elementor-section-height-default elementor-section-height-default\" data-id=\"b7308e2\" data-element_type=\"section\" data-settings=\"{&quot;jet_parallax_layout_list&quot;:[{&quot;jet_parallax_layout_image&quot;:{&quot;url&quot;:&quot;&quot;,&quot;id&quot;:&quot;&quot;,&quot;size&quot;:&quot;&quot;},&quot;_id&quot;:&quot;ccec7d1&quot;,&quot;jet_parallax_layout_image_tablet&quot;:{&quot;url&quot;:&quot;&quot;,&quot;id&quot;:&quot;&quot;,&quot;size&quot;:&quot;&quot;},&quot;jet_parallax_layout_image_mobile&quot;:{&quot;url&quot;:&quot;&quot;,&quot;id&quot;:&quot;&quot;,&quot;size&quot;:&quot;&quot;},&quot;jet_parallax_layout_speed&quot;:{&quot;unit&quot;:&quot;%&quot;,&quot;size&quot;:50,&quot;sizes&quot;:[]},&quot;jet_parallax_layout_type&quot;:&quot;scroll&quot;,&quot;jet_parallax_layout_direction&quot;:&quot;1&quot;,&quot;jet_parallax_layout_fx_direction&quot;:null,&quot;jet_parallax_layout_z_index&quot;:&quot;&quot;,&quot;jet_parallax_layout_bg_x&quot;:50,&quot;jet_parallax_layout_bg_x_tablet&quot;:&quot;&quot;,&quot;jet_parallax_layout_bg_x_mobile&quot;:&quot;&quot;,&quot;jet_parallax_layout_bg_y&quot;:50,&quot;jet_parallax_layout_bg_y_tablet&quot;:&quot;&quot;,&quot;jet_parallax_layout_bg_y_mobile&quot;:&quot;&quot;,&quot;jet_parallax_layout_bg_size&quot;:&quot;auto&quot;,&quot;jet_parallax_layout_bg_size_tablet&quot;:&quot;&quot;,&quot;jet_parallax_layout_bg_size_mobile&quot;:&quot;&quot;,&quot;jet_parallax_layout_animation_prop&quot;:&quot;transform&quot;,&quot;jet_parallax_layout_on&quot;:[&quot;desktop&quot;,&quot;tablet&quot;]}]}\">\n\t\t\t\t\t\t<div class=\"elementor-container elementor-column-gap-default\">\n\t\t\t\t\t<div class=\"elementor-column elementor-col-50 elementor-inner-column elementor-element elementor-element-6fcac4e\" data-id=\"6fcac4e\" data-element_type=\"column\">\n\t\t\t<div class=\"elementor-widget-wrap elementor-element-populated\">\n\t\t\t\t\t\t<div class=\"elementor-element elementor-element-ff08044 elementor-widget elementor-widget-text-editor\" data-id=\"ff08044\" data-element_type=\"widget\" data-widget_type=\"text-editor.default\">\n\t\t\t\t\t\t\t\t\t<p><strong><a href=\"http:\/\/redelog.rj.gov.br\/redelog\/legislacao-licitacoes\/\">\u2190 Voltar &#8211; Licita\u00e7\u00f5es<\/a><\/strong><\/p>\t\t\t\t\t\t\t\t<\/div>\n\t\t\t\t\t<\/div>\n\t\t<\/div>\n\t\t\t\t<div class=\"elementor-column elementor-col-50 elementor-inner-column elementor-element elementor-element-e15e9ee\" data-id=\"e15e9ee\" data-element_type=\"column\">\n\t\t\t<div class=\"elementor-widget-wrap elementor-element-populated\">\n\t\t\t\t\t\t\t<\/div>\n\t\t<\/div>\n\t\t\t\t\t<\/div>\n\t\t<\/section>\n\t\t\t\t\t<\/div>\n\t\t<\/div>\n\t\t\t\t\t<\/div>\n\t\t<\/section>\n\t\t\t\t<section class=\"elementor-section elementor-top-section elementor-element elementor-element-4e4a2d7 elementor-section-boxed elementor-section-height-default elementor-section-height-default\" data-id=\"4e4a2d7\" data-element_type=\"section\" data-settings=\"{&quot;jet_parallax_layout_list&quot;:[{&quot;jet_parallax_layout_image&quot;:{&quot;url&quot;:&quot;&quot;,&quot;id&quot;:&quot;&quot;,&quot;size&quot;:&quot;&quot;},&quot;_id&quot;:&quot;22a0abb&quot;,&quot;jet_parallax_layout_image_tablet&quot;:{&quot;url&quot;:&quot;&quot;,&quot;id&quot;:&quot;&quot;,&quot;size&quot;:&quot;&quot;},&quot;jet_parallax_layout_image_mobile&quot;:{&quot;url&quot;:&quot;&quot;,&quot;id&quot;:&quot;&quot;,&quot;size&quot;:&quot;&quot;},&quot;jet_parallax_layout_speed&quot;:{&quot;unit&quot;:&quot;%&quot;,&quot;size&quot;:50,&quot;sizes&quot;:[]},&quot;jet_parallax_layout_type&quot;:&quot;scroll&quot;,&quot;jet_parallax_layout_direction&quot;:&quot;1&quot;,&quot;jet_parallax_layout_fx_direction&quot;:null,&quot;jet_parallax_layout_z_index&quot;:&quot;&quot;,&quot;jet_parallax_layout_bg_x&quot;:50,&quot;jet_parallax_layout_bg_x_tablet&quot;:&quot;&quot;,&quot;jet_parallax_layout_bg_x_mobile&quot;:&quot;&quot;,&quot;jet_parallax_layout_bg_y&quot;:50,&quot;jet_parallax_layout_bg_y_tablet&quot;:&quot;&quot;,&quot;jet_parallax_layout_bg_y_mobile&quot;:&quot;&quot;,&quot;jet_parallax_layout_bg_size&quot;:&quot;auto&quot;,&quot;jet_parallax_layout_bg_size_tablet&quot;:&quot;&quot;,&quot;jet_parallax_layout_bg_size_mobile&quot;:&quot;&quot;,&quot;jet_parallax_layout_animation_prop&quot;:&quot;transform&quot;,&quot;jet_parallax_layout_on&quot;:[&quot;desktop&quot;,&quot;tablet&quot;]}]}\">\n\t\t\t\t\t\t<div class=\"elementor-container elementor-column-gap-default\">\n\t\t\t\t\t<div class=\"elementor-column elementor-col-100 elementor-top-column elementor-element elementor-element-be5a98f\" data-id=\"be5a98f\" data-element_type=\"column\">\n\t\t\t<div class=\"elementor-widget-wrap elementor-element-populated\">\n\t\t\t\t\t\t<div class=\"elementor-element elementor-element-21a1eda elementor-widget elementor-widget-html\" data-id=\"21a1eda\" data-element_type=\"widget\" data-widget_type=\"html.default\">\n\t\t\t\t\t<style>\n    h2, .h2-style{\n        font-size: 28px;\n    }\n<\/style>\t\t\t\t<\/div>\n\t\t\t\t\t<\/div>\n\t\t<\/div>\n\t\t\t\t\t<\/div>\n\t\t<\/section>\n\t\t\t\t<section class=\"elementor-section elementor-top-section elementor-element elementor-element-4b902a4 elementor-section-boxed elementor-section-height-default elementor-section-height-default\" data-id=\"4b902a4\" data-element_type=\"section\" data-settings=\"{&quot;jet_parallax_layout_list&quot;:[{&quot;jet_parallax_layout_image&quot;:{&quot;url&quot;:&quot;&quot;,&quot;id&quot;:&quot;&quot;,&quot;size&quot;:&quot;&quot;},&quot;_id&quot;:&quot;96f6d2c&quot;,&quot;jet_parallax_layout_image_tablet&quot;:{&quot;url&quot;:&quot;&quot;,&quot;id&quot;:&quot;&quot;,&quot;size&quot;:&quot;&quot;},&quot;jet_parallax_layout_image_mobile&quot;:{&quot;url&quot;:&quot;&quot;,&quot;id&quot;:&quot;&quot;,&quot;size&quot;:&quot;&quot;},&quot;jet_parallax_layout_speed&quot;:{&quot;unit&quot;:&quot;%&quot;,&quot;size&quot;:50,&quot;sizes&quot;:[]},&quot;jet_parallax_layout_type&quot;:&quot;scroll&quot;,&quot;jet_parallax_layout_direction&quot;:&quot;1&quot;,&quot;jet_parallax_layout_fx_direction&quot;:null,&quot;jet_parallax_layout_z_index&quot;:&quot;&quot;,&quot;jet_parallax_layout_bg_x&quot;:50,&quot;jet_parallax_layout_bg_x_tablet&quot;:&quot;&quot;,&quot;jet_parallax_layout_bg_x_mobile&quot;:&quot;&quot;,&quot;jet_parallax_layout_bg_y&quot;:50,&quot;jet_parallax_layout_bg_y_tablet&quot;:&quot;&quot;,&quot;jet_parallax_layout_bg_y_mobile&quot;:&quot;&quot;,&quot;jet_parallax_layout_bg_size&quot;:&quot;auto&quot;,&quot;jet_parallax_layout_bg_size_tablet&quot;:&quot;&quot;,&quot;jet_parallax_layout_bg_size_mobile&quot;:&quot;&quot;,&quot;jet_parallax_layout_animation_prop&quot;:&quot;transform&quot;,&quot;jet_parallax_layout_on&quot;:[&quot;desktop&quot;,&quot;tablet&quot;]}]}\">\n\t\t\t\t\t\t<div class=\"elementor-container elementor-column-gap-default\">\n\t\t\t\t\t<div class=\"elementor-column elementor-col-100 elementor-top-column elementor-element elementor-element-477dc73\" data-id=\"477dc73\" data-element_type=\"column\">\n\t\t\t<div class=\"elementor-widget-wrap elementor-element-populated\">\n\t\t\t\t\t\t<div class=\"elementor-element elementor-element-49e6615 elementor-widget elementor-widget-heading\" data-id=\"49e6615\" data-element_type=\"widget\" data-widget_type=\"heading.default\">\n\t\t\t\t\t<h2 class=\"elementor-heading-title elementor-size-default\">Adicione o texto do seu t\u00edtulo aqui<\/h2>\t\t\t\t<\/div>\n\t\t\t\t\t<\/div>\n\t\t<\/div>\n\t\t\t\t\t<\/div>\n\t\t<\/section>\n\t\t\t\t<\/div>\n\t\t","protected":false},"excerpt":{"rendered":"<p>REGULAMENTA O SISTEMA DE GOVERNAN\u00c7A E GEST\u00c3O DE TRANSPORTES &#8211; SIGETRANSP, INSTITU\u00cdDO PELO DECRETO N\u00ba 47.298, DE 2 DE OUTUBRO DE 2020. O SECRET\u00c1RIO DE ESTADO DE PLANEJAMENTO E GEST\u00c3O, no uso de suas atribui\u00e7\u00f5es legais, tendo em vista o disposto no art. 43 do Decreto n\u00ba 47.298, de 02 de outubro de 2020, e [&hellip;]<\/p>\n","protected":false},"author":19,"featured_media":0,"comment_status":"closed","ping_status":"open","sticky":false,"template":"","format":"standard","meta":{"_joinchat":[],"footnotes":""},"categories":[23],"tags":[],"class_list":["post-31403","post","type-post","status-publish","format-standard","hentry","category-cat-legislacao"],"yoast_head":"<!-- This site is optimized with the Yoast SEO plugin v25.7 - https:\/\/yoast.com\/wordpress\/plugins\/seo\/ -->\n<title>RESOLU\u00c7\u00c3O SEPLAG N\u00ba 340, DE 26 DE NOVEMBRO DE 2024 - Redelog<\/title>\n<meta name=\"robots\" content=\"index, follow, max-snippet:-1, max-image-preview:large, max-video-preview:-1\" \/>\n<link rel=\"canonical\" href=\"https:\/\/redelog.rj.gov.br\/redelog\/resolucao-seplag-no-340-de-26-de-novembro-de-2024\/\" \/>\n<meta property=\"og:locale\" content=\"pt_BR\" \/>\n<meta property=\"og:type\" content=\"article\" \/>\n<meta property=\"og:title\" content=\"RESOLU\u00c7\u00c3O SEPLAG N\u00ba 340, DE 26 DE NOVEMBRO DE 2024 - Redelog\" \/>\n<meta property=\"og:description\" content=\"REGULAMENTA O SISTEMA DE GOVERNAN\u00c7A E GEST\u00c3O DE TRANSPORTES &#8211; SIGETRANSP, INSTITU\u00cdDO PELO DECRETO N\u00ba 47.298, DE 2 DE OUTUBRO DE 2020. O SECRET\u00c1RIO DE ESTADO DE PLANEJAMENTO E GEST\u00c3O, no uso de suas atribui\u00e7\u00f5es legais, tendo em vista o disposto no art. 43 do Decreto n\u00ba 47.298, de 02 de outubro de 2020, e [&hellip;]\" \/>\n<meta property=\"og:url\" content=\"https:\/\/redelog.rj.gov.br\/redelog\/resolucao-seplag-no-340-de-26-de-novembro-de-2024\/\" \/>\n<meta property=\"og:site_name\" content=\"Redelog\" \/>\n<meta property=\"article:published_time\" content=\"2024-12-09T14:19:05+00:00\" \/>\n<meta property=\"article:modified_time\" content=\"2024-12-09T14:27:34+00:00\" \/>\n<meta property=\"og:image\" content=\"https:\/\/www.redelog.rj.gov.br\/redelog\/wp-content\/uploads\/2024\/12\/download.png\" \/>\n<meta name=\"author\" content=\"Juliane Paz Vieira Lima\" \/>\n<meta name=\"twitter:card\" content=\"summary_large_image\" \/>\n<meta name=\"twitter:label1\" content=\"Escrito por\" \/>\n\t<meta name=\"twitter:data1\" content=\"Juliane Paz Vieira Lima\" \/>\n\t<meta name=\"twitter:label2\" content=\"Est. tempo de leitura\" \/>\n\t<meta name=\"twitter:data2\" content=\"12 minutos\" \/>\n<script type=\"application\/ld+json\" class=\"yoast-schema-graph\">{\"@context\":\"https:\/\/schema.org\",\"@graph\":[{\"@type\":\"Article\",\"@id\":\"https:\/\/redelog.rj.gov.br\/redelog\/resolucao-seplag-no-340-de-26-de-novembro-de-2024\/#article\",\"isPartOf\":{\"@id\":\"https:\/\/redelog.rj.gov.br\/redelog\/resolucao-seplag-no-340-de-26-de-novembro-de-2024\/\"},\"author\":{\"name\":\"Juliane Paz Vieira Lima\",\"@id\":\"https:\/\/redelog.rj.gov.br\/redelog\/#\/schema\/person\/a80fe416b9778ee67954a79526756867\"},\"headline\":\"RESOLU\u00c7\u00c3O SEPLAG N\u00ba 340, DE 26 DE NOVEMBRO DE 2024\",\"datePublished\":\"2024-12-09T14:19:05+00:00\",\"dateModified\":\"2024-12-09T14:27:34+00:00\",\"mainEntityOfPage\":{\"@id\":\"https:\/\/redelog.rj.gov.br\/redelog\/resolucao-seplag-no-340-de-26-de-novembro-de-2024\/\"},\"wordCount\":6730,\"publisher\":{\"@id\":\"https:\/\/redelog.rj.gov.br\/redelog\/#organization\"},\"image\":{\"@id\":\"https:\/\/redelog.rj.gov.br\/redelog\/resolucao-seplag-no-340-de-26-de-novembro-de-2024\/#primaryimage\"},\"thumbnailUrl\":\"https:\/\/www.redelog.rj.gov.br\/redelog\/wp-content\/uploads\/2024\/12\/download.png\",\"articleSection\":[\"Legisla\u00e7\u00e3o\"],\"inLanguage\":\"pt-BR\"},{\"@type\":\"WebPage\",\"@id\":\"https:\/\/redelog.rj.gov.br\/redelog\/resolucao-seplag-no-340-de-26-de-novembro-de-2024\/\",\"url\":\"https:\/\/redelog.rj.gov.br\/redelog\/resolucao-seplag-no-340-de-26-de-novembro-de-2024\/\",\"name\":\"RESOLU\u00c7\u00c3O SEPLAG N\u00ba 340, DE 26 DE NOVEMBRO DE 2024 - Redelog\",\"isPartOf\":{\"@id\":\"https:\/\/redelog.rj.gov.br\/redelog\/#website\"},\"primaryImageOfPage\":{\"@id\":\"https:\/\/redelog.rj.gov.br\/redelog\/resolucao-seplag-no-340-de-26-de-novembro-de-2024\/#primaryimage\"},\"image\":{\"@id\":\"https:\/\/redelog.rj.gov.br\/redelog\/resolucao-seplag-no-340-de-26-de-novembro-de-2024\/#primaryimage\"},\"thumbnailUrl\":\"https:\/\/www.redelog.rj.gov.br\/redelog\/wp-content\/uploads\/2024\/12\/download.png\",\"datePublished\":\"2024-12-09T14:19:05+00:00\",\"dateModified\":\"2024-12-09T14:27:34+00:00\",\"breadcrumb\":{\"@id\":\"https:\/\/redelog.rj.gov.br\/redelog\/resolucao-seplag-no-340-de-26-de-novembro-de-2024\/#breadcrumb\"},\"inLanguage\":\"pt-BR\",\"potentialAction\":[{\"@type\":\"ReadAction\",\"target\":[\"https:\/\/redelog.rj.gov.br\/redelog\/resolucao-seplag-no-340-de-26-de-novembro-de-2024\/\"]}]},{\"@type\":\"ImageObject\",\"inLanguage\":\"pt-BR\",\"@id\":\"https:\/\/redelog.rj.gov.br\/redelog\/resolucao-seplag-no-340-de-26-de-novembro-de-2024\/#primaryimage\",\"url\":\"https:\/\/www.redelog.rj.gov.br\/redelog\/wp-content\/uploads\/2024\/12\/download.png\",\"contentUrl\":\"https:\/\/www.redelog.rj.gov.br\/redelog\/wp-content\/uploads\/2024\/12\/download.png\"},{\"@type\":\"BreadcrumbList\",\"@id\":\"https:\/\/redelog.rj.gov.br\/redelog\/resolucao-seplag-no-340-de-26-de-novembro-de-2024\/#breadcrumb\",\"itemListElement\":[{\"@type\":\"ListItem\",\"position\":1,\"name\":\"Home\",\"item\":\"https:\/\/redelog.rj.gov.br\/redelog\/\"},{\"@type\":\"ListItem\",\"position\":2,\"name\":\"RESOLU\u00c7\u00c3O SEPLAG N\u00ba 340, DE 26 DE NOVEMBRO DE 2024\"}]},{\"@type\":\"WebSite\",\"@id\":\"https:\/\/redelog.rj.gov.br\/redelog\/#website\",\"url\":\"https:\/\/redelog.rj.gov.br\/redelog\/\",\"name\":\"Redelog\",\"description\":\"Site da Rede de Log\u00edstica e Planejamento do Estado do Rio de Janeiro\",\"publisher\":{\"@id\":\"https:\/\/redelog.rj.gov.br\/redelog\/#organization\"},\"potentialAction\":[{\"@type\":\"SearchAction\",\"target\":{\"@type\":\"EntryPoint\",\"urlTemplate\":\"https:\/\/redelog.rj.gov.br\/redelog\/?s={search_term_string}\"},\"query-input\":{\"@type\":\"PropertyValueSpecification\",\"valueRequired\":true,\"valueName\":\"search_term_string\"}}],\"inLanguage\":\"pt-BR\"},{\"@type\":\"Organization\",\"@id\":\"https:\/\/redelog.rj.gov.br\/redelog\/#organization\",\"name\":\"REDELOG\",\"url\":\"https:\/\/redelog.rj.gov.br\/redelog\/\",\"logo\":{\"@type\":\"ImageObject\",\"inLanguage\":\"pt-BR\",\"@id\":\"https:\/\/redelog.rj.gov.br\/redelog\/#\/schema\/logo\/image\/\",\"url\":\"http:\/\/10.10.8.100:8888\/redelog\/wp-content\/uploads\/2019\/09\/Redelog2.png\",\"contentUrl\":\"http:\/\/10.10.8.100:8888\/redelog\/wp-content\/uploads\/2019\/09\/Redelog2.png\",\"width\":565,\"height\":155,\"caption\":\"REDELOG\"},\"image\":{\"@id\":\"https:\/\/redelog.rj.gov.br\/redelog\/#\/schema\/logo\/image\/\"}},{\"@type\":\"Person\",\"@id\":\"https:\/\/redelog.rj.gov.br\/redelog\/#\/schema\/person\/a80fe416b9778ee67954a79526756867\",\"name\":\"Juliane Paz Vieira Lima\",\"image\":{\"@type\":\"ImageObject\",\"inLanguage\":\"pt-BR\",\"@id\":\"https:\/\/redelog.rj.gov.br\/redelog\/#\/schema\/person\/image\/\",\"url\":\"https:\/\/secure.gravatar.com\/avatar\/6d81cf8bb20fabd08d236dec1cc7b99d2da26d368e6642dc331f1413653da0a6?s=96&d=mm&r=g\",\"contentUrl\":\"https:\/\/secure.gravatar.com\/avatar\/6d81cf8bb20fabd08d236dec1cc7b99d2da26d368e6642dc331f1413653da0a6?s=96&d=mm&r=g\",\"caption\":\"Juliane Paz Vieira Lima\"},\"url\":\"https:\/\/redelog.rj.gov.br\/redelog\/author\/julianepaz\/\"}]}<\/script>\n<!-- \/ Yoast SEO plugin. -->","yoast_head_json":{"title":"RESOLU\u00c7\u00c3O SEPLAG N\u00ba 340, DE 26 DE NOVEMBRO DE 2024 - Redelog","robots":{"index":"index","follow":"follow","max-snippet":"max-snippet:-1","max-image-preview":"max-image-preview:large","max-video-preview":"max-video-preview:-1"},"canonical":"https:\/\/redelog.rj.gov.br\/redelog\/resolucao-seplag-no-340-de-26-de-novembro-de-2024\/","og_locale":"pt_BR","og_type":"article","og_title":"RESOLU\u00c7\u00c3O SEPLAG N\u00ba 340, DE 26 DE NOVEMBRO DE 2024 - Redelog","og_description":"REGULAMENTA O SISTEMA DE GOVERNAN\u00c7A E GEST\u00c3O DE TRANSPORTES &#8211; SIGETRANSP, INSTITU\u00cdDO PELO DECRETO N\u00ba 47.298, DE 2 DE OUTUBRO DE 2020. O SECRET\u00c1RIO DE ESTADO DE PLANEJAMENTO E GEST\u00c3O, no uso de suas atribui\u00e7\u00f5es legais, tendo em vista o disposto no art. 43 do Decreto n\u00ba 47.298, de 02 de outubro de 2020, e [&hellip;]","og_url":"https:\/\/redelog.rj.gov.br\/redelog\/resolucao-seplag-no-340-de-26-de-novembro-de-2024\/","og_site_name":"Redelog","article_published_time":"2024-12-09T14:19:05+00:00","article_modified_time":"2024-12-09T14:27:34+00:00","og_image":[{"url":"https:\/\/www.redelog.rj.gov.br\/redelog\/wp-content\/uploads\/2024\/12\/download.png","type":"","width":"","height":""}],"author":"Juliane Paz Vieira Lima","twitter_card":"summary_large_image","twitter_misc":{"Escrito por":"Juliane Paz Vieira Lima","Est. tempo de leitura":"12 minutos"},"schema":{"@context":"https:\/\/schema.org","@graph":[{"@type":"Article","@id":"https:\/\/redelog.rj.gov.br\/redelog\/resolucao-seplag-no-340-de-26-de-novembro-de-2024\/#article","isPartOf":{"@id":"https:\/\/redelog.rj.gov.br\/redelog\/resolucao-seplag-no-340-de-26-de-novembro-de-2024\/"},"author":{"name":"Juliane Paz Vieira Lima","@id":"https:\/\/redelog.rj.gov.br\/redelog\/#\/schema\/person\/a80fe416b9778ee67954a79526756867"},"headline":"RESOLU\u00c7\u00c3O SEPLAG N\u00ba 340, DE 26 DE NOVEMBRO DE 2024","datePublished":"2024-12-09T14:19:05+00:00","dateModified":"2024-12-09T14:27:34+00:00","mainEntityOfPage":{"@id":"https:\/\/redelog.rj.gov.br\/redelog\/resolucao-seplag-no-340-de-26-de-novembro-de-2024\/"},"wordCount":6730,"publisher":{"@id":"https:\/\/redelog.rj.gov.br\/redelog\/#organization"},"image":{"@id":"https:\/\/redelog.rj.gov.br\/redelog\/resolucao-seplag-no-340-de-26-de-novembro-de-2024\/#primaryimage"},"thumbnailUrl":"https:\/\/www.redelog.rj.gov.br\/redelog\/wp-content\/uploads\/2024\/12\/download.png","articleSection":["Legisla\u00e7\u00e3o"],"inLanguage":"pt-BR"},{"@type":"WebPage","@id":"https:\/\/redelog.rj.gov.br\/redelog\/resolucao-seplag-no-340-de-26-de-novembro-de-2024\/","url":"https:\/\/redelog.rj.gov.br\/redelog\/resolucao-seplag-no-340-de-26-de-novembro-de-2024\/","name":"RESOLU\u00c7\u00c3O SEPLAG N\u00ba 340, DE 26 DE NOVEMBRO DE 2024 - Redelog","isPartOf":{"@id":"https:\/\/redelog.rj.gov.br\/redelog\/#website"},"primaryImageOfPage":{"@id":"https:\/\/redelog.rj.gov.br\/redelog\/resolucao-seplag-no-340-de-26-de-novembro-de-2024\/#primaryimage"},"image":{"@id":"https:\/\/redelog.rj.gov.br\/redelog\/resolucao-seplag-no-340-de-26-de-novembro-de-2024\/#primaryimage"},"thumbnailUrl":"https:\/\/www.redelog.rj.gov.br\/redelog\/wp-content\/uploads\/2024\/12\/download.png","datePublished":"2024-12-09T14:19:05+00:00","dateModified":"2024-12-09T14:27:34+00:00","breadcrumb":{"@id":"https:\/\/redelog.rj.gov.br\/redelog\/resolucao-seplag-no-340-de-26-de-novembro-de-2024\/#breadcrumb"},"inLanguage":"pt-BR","potentialAction":[{"@type":"ReadAction","target":["https:\/\/redelog.rj.gov.br\/redelog\/resolucao-seplag-no-340-de-26-de-novembro-de-2024\/"]}]},{"@type":"ImageObject","inLanguage":"pt-BR","@id":"https:\/\/redelog.rj.gov.br\/redelog\/resolucao-seplag-no-340-de-26-de-novembro-de-2024\/#primaryimage","url":"https:\/\/www.redelog.rj.gov.br\/redelog\/wp-content\/uploads\/2024\/12\/download.png","contentUrl":"https:\/\/www.redelog.rj.gov.br\/redelog\/wp-content\/uploads\/2024\/12\/download.png"},{"@type":"BreadcrumbList","@id":"https:\/\/redelog.rj.gov.br\/redelog\/resolucao-seplag-no-340-de-26-de-novembro-de-2024\/#breadcrumb","itemListElement":[{"@type":"ListItem","position":1,"name":"Home","item":"https:\/\/redelog.rj.gov.br\/redelog\/"},{"@type":"ListItem","position":2,"name":"RESOLU\u00c7\u00c3O SEPLAG N\u00ba 340, DE 26 DE NOVEMBRO DE 2024"}]},{"@type":"WebSite","@id":"https:\/\/redelog.rj.gov.br\/redelog\/#website","url":"https:\/\/redelog.rj.gov.br\/redelog\/","name":"Redelog","description":"Site da Rede de Log\u00edstica e Planejamento do Estado do Rio de Janeiro","publisher":{"@id":"https:\/\/redelog.rj.gov.br\/redelog\/#organization"},"potentialAction":[{"@type":"SearchAction","target":{"@type":"EntryPoint","urlTemplate":"https:\/\/redelog.rj.gov.br\/redelog\/?s={search_term_string}"},"query-input":{"@type":"PropertyValueSpecification","valueRequired":true,"valueName":"search_term_string"}}],"inLanguage":"pt-BR"},{"@type":"Organization","@id":"https:\/\/redelog.rj.gov.br\/redelog\/#organization","name":"REDELOG","url":"https:\/\/redelog.rj.gov.br\/redelog\/","logo":{"@type":"ImageObject","inLanguage":"pt-BR","@id":"https:\/\/redelog.rj.gov.br\/redelog\/#\/schema\/logo\/image\/","url":"http:\/\/10.10.8.100:8888\/redelog\/wp-content\/uploads\/2019\/09\/Redelog2.png","contentUrl":"http:\/\/10.10.8.100:8888\/redelog\/wp-content\/uploads\/2019\/09\/Redelog2.png","width":565,"height":155,"caption":"REDELOG"},"image":{"@id":"https:\/\/redelog.rj.gov.br\/redelog\/#\/schema\/logo\/image\/"}},{"@type":"Person","@id":"https:\/\/redelog.rj.gov.br\/redelog\/#\/schema\/person\/a80fe416b9778ee67954a79526756867","name":"Juliane Paz Vieira Lima","image":{"@type":"ImageObject","inLanguage":"pt-BR","@id":"https:\/\/redelog.rj.gov.br\/redelog\/#\/schema\/person\/image\/","url":"https:\/\/secure.gravatar.com\/avatar\/6d81cf8bb20fabd08d236dec1cc7b99d2da26d368e6642dc331f1413653da0a6?s=96&d=mm&r=g","contentUrl":"https:\/\/secure.gravatar.com\/avatar\/6d81cf8bb20fabd08d236dec1cc7b99d2da26d368e6642dc331f1413653da0a6?s=96&d=mm&r=g","caption":"Juliane Paz Vieira Lima"},"url":"https:\/\/redelog.rj.gov.br\/redelog\/author\/julianepaz\/"}]}},"_links":{"self":[{"href":"https:\/\/redelog.rj.gov.br\/redelog\/wp-json\/wp\/v2\/posts\/31403","targetHints":{"allow":["GET"]}}],"collection":[{"href":"https:\/\/redelog.rj.gov.br\/redelog\/wp-json\/wp\/v2\/posts"}],"about":[{"href":"https:\/\/redelog.rj.gov.br\/redelog\/wp-json\/wp\/v2\/types\/post"}],"author":[{"embeddable":true,"href":"https:\/\/redelog.rj.gov.br\/redelog\/wp-json\/wp\/v2\/users\/19"}],"replies":[{"embeddable":true,"href":"https:\/\/redelog.rj.gov.br\/redelog\/wp-json\/wp\/v2\/comments?post=31403"}],"version-history":[{"count":22,"href":"https:\/\/redelog.rj.gov.br\/redelog\/wp-json\/wp\/v2\/posts\/31403\/revisions"}],"predecessor-version":[{"id":31433,"href":"https:\/\/redelog.rj.gov.br\/redelog\/wp-json\/wp\/v2\/posts\/31403\/revisions\/31433"}],"wp:attachment":[{"href":"https:\/\/redelog.rj.gov.br\/redelog\/wp-json\/wp\/v2\/media?parent=31403"}],"wp:term":[{"taxonomy":"category","embeddable":true,"href":"https:\/\/redelog.rj.gov.br\/redelog\/wp-json\/wp\/v2\/categories?post=31403"},{"taxonomy":"post_tag","embeddable":true,"href":"https:\/\/redelog.rj.gov.br\/redelog\/wp-json\/wp\/v2\/tags?post=31403"}],"curies":[{"name":"wp","href":"https:\/\/api.w.org\/{rel}","templated":true}]}}