{"id":30389,"date":"2024-08-28T09:17:08","date_gmt":"2024-08-28T12:17:08","guid":{"rendered":"https:\/\/redelog.rj.gov.br\/redelog\/?p=30389"},"modified":"2024-08-28T09:57:43","modified_gmt":"2024-08-28T12:57:43","slug":"informe-no-010-2024-locacao-de-veiculos-atas-002-003-e-004-2024","status":"publish","type":"post","link":"https:\/\/redelog.rj.gov.br\/redelog\/informe-no-010-2024-locacao-de-veiculos-atas-002-003-e-004-2024\/","title":{"rendered":"INFORME N\u00ba 010\/2024 &#8211; Loca\u00e7\u00e3o de Ve\u00edculos &#8211;  Atas 002, 003 e 004\/2024"},"content":{"rendered":"\t\t<div data-elementor-type=\"wp-post\" data-elementor-id=\"30389\" class=\"elementor elementor-30389\" data-elementor-post-type=\"post\">\n\t\t\t\t\t\t<section class=\"elementor-section elementor-top-section elementor-element elementor-element-6c3a1ab elementor-section-boxed elementor-section-height-default elementor-section-height-default\" data-id=\"6c3a1ab\" data-element_type=\"section\" data-settings=\"{&quot;jet_parallax_layout_list&quot;:[{&quot;jet_parallax_layout_image&quot;:{&quot;url&quot;:&quot;&quot;,&quot;id&quot;:&quot;&quot;,&quot;size&quot;:&quot;&quot;},&quot;_id&quot;:&quot;1ef5c32&quot;,&quot;jet_parallax_layout_image_tablet&quot;:{&quot;url&quot;:&quot;&quot;,&quot;id&quot;:&quot;&quot;,&quot;size&quot;:&quot;&quot;},&quot;jet_parallax_layout_image_mobile&quot;:{&quot;url&quot;:&quot;&quot;,&quot;id&quot;:&quot;&quot;,&quot;size&quot;:&quot;&quot;},&quot;jet_parallax_layout_speed&quot;:{&quot;unit&quot;:&quot;%&quot;,&quot;size&quot;:50,&quot;sizes&quot;:[]},&quot;jet_parallax_layout_type&quot;:&quot;scroll&quot;,&quot;jet_parallax_layout_direction&quot;:&quot;1&quot;,&quot;jet_parallax_layout_fx_direction&quot;:null,&quot;jet_parallax_layout_z_index&quot;:&quot;&quot;,&quot;jet_parallax_layout_bg_x&quot;:50,&quot;jet_parallax_layout_bg_x_tablet&quot;:&quot;&quot;,&quot;jet_parallax_layout_bg_x_mobile&quot;:&quot;&quot;,&quot;jet_parallax_layout_bg_y&quot;:50,&quot;jet_parallax_layout_bg_y_tablet&quot;:&quot;&quot;,&quot;jet_parallax_layout_bg_y_mobile&quot;:&quot;&quot;,&quot;jet_parallax_layout_bg_size&quot;:&quot;auto&quot;,&quot;jet_parallax_layout_bg_size_tablet&quot;:&quot;&quot;,&quot;jet_parallax_layout_bg_size_mobile&quot;:&quot;&quot;,&quot;jet_parallax_layout_animation_prop&quot;:&quot;transform&quot;,&quot;jet_parallax_layout_on&quot;:[&quot;desktop&quot;,&quot;tablet&quot;]}]}\">\n\t\t\t\t\t\t<div class=\"elementor-container elementor-column-gap-default\">\n\t\t\t\t\t<div class=\"elementor-column elementor-col-100 elementor-top-column elementor-element elementor-element-1c4e78d\" data-id=\"1c4e78d\" data-element_type=\"column\">\n\t\t\t<div class=\"elementor-widget-wrap elementor-element-populated\">\n\t\t\t\t\t\t<div class=\"elementor-element elementor-element-006a75b elementor-widget-divider--view-line elementor-widget elementor-widget-divider\" data-id=\"006a75b\" data-element_type=\"widget\" data-widget_type=\"divider.default\">\n\t\t\t\t\t\t\t<div class=\"elementor-divider\">\n\t\t\t<span class=\"elementor-divider-separator\">\n\t\t\t\t\t\t<\/span>\n\t\t<\/div>\n\t\t\t\t\t\t<\/div>\n\t\t\t\t<div class=\"elementor-element elementor-element-dea6164 elementor-widget elementor-widget-image\" data-id=\"dea6164\" data-element_type=\"widget\" data-widget_type=\"image.default\">\n\t\t\t\t\t\t\t\t\t\t\t\t\t\t\t<img fetchpriority=\"high\" decoding=\"async\" width=\"1308\" height=\"656\" src=\"https:\/\/redelog.rj.gov.br\/redelog\/wp-content\/uploads\/2024\/08\/Captura-de-tela-2024-08-27-095409.png\" class=\"attachment-1536x1536 size-1536x1536 wp-image-30390\" alt=\"\" srcset=\"https:\/\/redelog.rj.gov.br\/redelog\/wp-content\/uploads\/2024\/08\/Captura-de-tela-2024-08-27-095409.png 1308w, https:\/\/redelog.rj.gov.br\/redelog\/wp-content\/uploads\/2024\/08\/Captura-de-tela-2024-08-27-095409-300x150.png 300w, https:\/\/redelog.rj.gov.br\/redelog\/wp-content\/uploads\/2024\/08\/Captura-de-tela-2024-08-27-095409-1024x514.png 1024w, https:\/\/redelog.rj.gov.br\/redelog\/wp-content\/uploads\/2024\/08\/Captura-de-tela-2024-08-27-095409-768x385.png 768w, https:\/\/redelog.rj.gov.br\/redelog\/wp-content\/uploads\/2024\/08\/Captura-de-tela-2024-08-27-095409-600x301.png 600w\" sizes=\"(max-width: 1308px) 100vw, 1308px\" \/>\t\t\t\t\t\t\t\t\t\t\t\t\t\t\t<\/div>\n\t\t\t\t<div class=\"elementor-element elementor-element-9ea66cd elementor-widget elementor-widget-text-editor\" data-id=\"9ea66cd\" data-element_type=\"widget\" data-widget_type=\"text-editor.default\">\n\t\t\t\t\t\t\t\t\t<h4 dir=\"ltr\" style=\"line-height: 1.7999999999999998; text-align: justify; background-color: #ffffff; margin-top: 11pt; margin-bottom: 0pt; padding: 0pt 0pt 11pt 0pt;\"><span style=\"font-size: 13.5pt; font-family: Arial,sans-serif; color: #0d2d62; background-color: transparent; font-weight: bold; font-style: normal; font-variant: normal; text-decoration: none; vertical-align: baseline; white-space: pre-wrap;\">Aten\u00e7\u00e3o, servidor(a)!<\/span><\/h4>\n<p><span style=\"font-weight: 400;\">A <\/span><b>SEPLAG\/RJ<\/b><span style=\"font-weight: 400;\"> informa que as Atas de Loca\u00e7\u00e3o de Ve\u00edculos de Servi\u00e7o e de Representa\u00e7\u00e3o H\u00edbridos <\/span><b>j\u00e1 est\u00e3o vigentes<\/b><span style=\"font-weight: 400;\">!!<\/span><\/p>\n<p><span style=\"font-weight: 400;\">Voc\u00ea, \u00d3rg\u00e3o\/Entidade Participante, j\u00e1 pode realizar sua contrata\u00e7\u00e3o, o que \u00e9 bem simples.<\/span><\/p>\n<p><span style=\"font-weight: 400;\">Lembrando que a contrata\u00e7\u00e3o foi realizada sob o rito da <\/span><a href=\"https:\/\/www.planalto.gov.br\/ccivil_03\/_ato2019-2022\/2021\/lei\/l14133.htm\"><b>Lei n\u00ba 14.133\/2021<\/b><\/a><span style=\"font-weight: 400;\">. Logo, dever\u00e3o ser observados os normativos e regulamenta\u00e7\u00f5es afetas \u00e0 citada Lei (<\/span><b><a href=\"https:\/\/leisestaduais.com.br\/rj\/decreto-n-48843-2023-rio-de-janeiro-regulamenta-o-sistema-de-registro-de-precos-srp-no-ambito-da-administracao-publica-estadual-direta-autarquica-e-fundacional-e-da-outras-providencias\">Decreto n\u00ba 48.843\/2023<\/a> <\/b><span style=\"font-weight: 400;\">\u2013 SRP; <\/span><a href=\"https:\/\/leisestaduais.com.br\/rj\/decreto-n-48816-2023-rio-de-janeiro-regulamenta-a-fase-preparatoria-das-contratacoes-de-que-trata-a-lei-no-14-133-de-1o-de-abril-de-2021-no-ambito-da-administracao-publica-estadual-direta-autarquica-e-fundacional\"><b>Decreto n\u00ba 48.816\/2023<\/b><\/a><span style=\"font-weight: 400;\"> \u2013 Fase Preparat\u00f3ria e <\/span><a href=\"https:\/\/leisestaduais.com.br\/rj\/decreto-n-48817-2023-rio-de-janeiro-regulamenta-a-gestao-e-a-fiscalizacao-das-contratacoes-no-ambito-da-administracao-publica-estadual-direta-autarquica-e-fundacional-e-da-outras-providencias\"><b>Decreto n\u00ba 48.817\/2023 <\/b><\/a><span style=\"font-weight: 400;\">\u2013 Gest\u00e3o e Fiscaliza\u00e7\u00e3o dos Contratos).<\/span><span style=\"font-weight: 400;\">&nbsp;&nbsp;<\/span><\/p>\n<p><span style=\"font-weight: 400;\">Se voc\u00ea \u00e9 PARTICIPANTE (preencheu o IRP n\u00ba 0172\/2024), siga as instru\u00e7\u00f5es do art. 7\u00ba e 8\u00ba, do <\/span><a href=\"https:\/\/leisestaduais.com.br\/rj\/decreto-n-48843-2023-rio-de-janeiro-regulamenta-o-sistema-de-registro-de-precos-srp-no-ambito-da-administracao-publica-estadual-direta-autarquica-e-fundacional-e-da-outras-providencias\"><b>Decreto n\u00ba 48.843\/2023<\/b><\/a><span style=\"font-weight: 400;\">, para prosseguir com o seu processo de contrata\u00e7\u00e3o. E para facilitar, segue abaixo os documentos que integram este Registro de Pre\u00e7os:<\/span><\/p>\n<ul>\n<li><a href=\"https:\/\/www.redelog.rj.gov.br\/redelog\/wp-content\/uploads\/2024\/08\/SEI_77065762_Termo_de_Referencia_de_Material_Servico.pdf\"><b>Termo de Refer\u00eancia&nbsp;<\/b><\/a><\/li>\n<li><a href=\"https:\/\/www.redelog.rj.gov.br\/redelog\/wp-content\/uploads\/2024\/06\/Apendice_I._Modelo_de_Gestao_e_Fiscalizacao__70186314_.pdf\"><b>Modelo de Gest\u00e3o<\/b><\/a><b>&nbsp;<\/b><\/li>\n<li><a href=\"https:\/\/www.redelog.rj.gov.br\/redelog\/wp-content\/uploads\/2024\/06\/Compilado_apendices.pdf\"><b>Ap\u00eandices compilados<\/b><\/a><\/li>\n<li><a href=\"https:\/\/www.redelog.rj.gov.br\/redelog\/wp-content\/uploads\/2024\/06\/Ap._10___Relatorio_Analitico_de_Pesquisa_de_Precos__72335811_.pdf\"><b>Relat\u00f3rio Anal\u00edtico de Pesquisa de Pre\u00e7o \u2013 RAPP<\/b><\/a><\/li>\n<li><a href=\"https:\/\/www.redelog.rj.gov.br\/redelog\/wp-content\/uploads\/2024\/08\/SEI_77110473_Edital_de_Licitacao_5.pdf\"><b>Edital do Preg\u00e3o Eletr\u00f4nico para Registro de Pre\u00e7os<\/b><\/a><\/li>\n<li><a href=\"https:\/\/www.compras.rj.gov.br\/EditaisLicitacoes\/detalhar.action?idLic=31405&amp;orderColumn=&amp;orderDirection=&amp;filtro.nuLic=&amp;filtro.objetoLic=&amp;filtro.idStatus=&amp;filtro.idModalidade=&amp;filtro.centroCusto=&amp;filtro.idFormaLicitacao=&amp;filtro.dtIniProp=&amp;filtro.dtFimProp=&amp;filtro.dtFimHomol=&amp;filtro.dtIniHomol=&amp;filtro.dtFimPublic=&amp;filtro.dtIniPublic=&amp;filtro.dtIniPublic=&amp;filtro.mpe=&amp;filtro.srp=&amp;filtro.idTipoRamoAtividade=&amp;filtro.idFamilia=&amp;filtro.idClasse=&amp;filtro.idArtigo=&amp;filtro.item=&amp;filtro.inSustentavel=false&amp;filtro.tipoPesquisa_1=&amp;filtro.campoPesquisa_1=&amp;filtro.termoPesquisaItem_1=&amp;filtro.tipoPesquisa_2=&amp;filtro.campoPesquisa_2=&amp;filtro.termoPesquisaItem_2=&amp;filtro.condicao_2=&amp;filtro.tipoPesquisa_3=&amp;filtro.campoPesquisa_3=&amp;filtro.termoPesquisaItem_3=&amp;filtro.condicao_3=&amp;numRegistros=&amp;idAndamento=3&amp;filtro.start=0&amp;filtro.length=0&amp;filtro.orderColumn=&amp;filtro.orderDirection=&amp;filtro.tipoRelatorio=12&amp;dataTable_length=6&amp;filtro.filtroLicitacao=&amp;filtro.filtroUnidade=&amp;filtro.filtroObjeto=&amp;filtro.filtroModalidade=&amp;filtro.filtroDtPublicacao=&amp;filtro.filtroStatus=\"><b>Preg\u00e3o Realizado&nbsp;<\/b><\/a><\/li>\n<li><a href=\"https:\/\/www.redelog.rj.gov.br\/redelog\/wp-content\/uploads\/2024\/08\/SEI_80857301_Ato_de_Homologacao_de_Licitacao.pdf\"><b>Ato de Homologa\u00e7\u00e3o de Licita\u00e7\u00e3o<\/b><\/a><\/li>\n<li><a href=\"https:\/\/www.redelog.rj.gov.br\/redelog\/wp-content\/uploads\/2024\/08\/SEI_80857301_Ato_de_Homologacao_de_Licitacao.pdf\"><b>Publica\u00e7\u00e3o Homologa\u00e7\u00e3o PERP 01\/2024<\/b><\/a><\/li>\n<li><a href=\"https:\/\/www.redelog.rj.gov.br\/redelog\/wp-content\/uploads\/2024\/08\/Atas-compiladas.pdf\"><b>Atas de Registro de Pre\u00e7os n\u00b0 02, 03, 04\/2024<\/b><\/a><\/li>\n<li><a href=\"https:\/\/www.redelog.rj.gov.br\/redelog\/wp-content\/uploads\/2024\/08\/IOERJ-.pdf\"><b>Publica\u00e7\u00e3o Extrato Atas de Registro de Pre\u00e7os <\/b><\/a><\/li>\n<\/ul>\n<p dir=\"ltr\" style=\"line-height: 1.38; text-align: justify; background-color: #ffffff; margin-top: 0pt; margin-bottom: 0pt; padding: 0pt 0pt 14pt 0pt;\"><span style=\"font-size: 13.5pt; font-family: Arial,sans-serif; color: #0d2d62; background-color: transparent; font-weight: 400; font-style: normal; font-variant: normal; text-decoration: none; vertical-align: baseline; white-space: pre-wrap;\">\ud83e\udd1dDessa forma, trabalhando juntos, teremos uma contrata\u00e7\u00e3o com maior qualidade na entrega.<\/span><\/p>\n<p dir=\"ltr\" style=\"line-height: 1.38; text-align: justify; background-color: #ffffff; margin-top: 0pt; margin-bottom: 0pt; padding: 0pt 0pt 14pt 0pt;\"><span style=\"font-size: 13.5pt; font-family: Arial,sans-serif; color: #0d2d62; background-color: transparent; font-weight: 400; font-style: normal; font-variant: normal; text-decoration: none; vertical-align: baseline; white-space: pre-wrap;\">\ud83d\udcf2 Em caso d\u00favidas, entre em contato com os seguintes canais:<\/span><span style=\"font-size: 13.5pt; font-family: Arial,sans-serif; color: #0d2d62; background-color: transparent; font-weight: 400; font-style: normal; font-variant: normal; text-decoration: none; vertical-align: baseline; white-space: pre-wrap;\"><br><\/span><span style=\"font-size: 13.5pt; font-family: Arial,sans-serif; color: #0d2d62; background-color: transparent; font-weight: 400; font-style: normal; font-variant: normal; text-decoration: none; vertical-align: baseline; white-space: pre-wrap;\">E-mail: <b>atas@planejamento.rj.<\/b><b>gov.br<\/b><\/span><a style=\"text-decoration: none;\" href=\"http:\/\/gest\u00e3odeatas@planejamento.rj.gov.br\/\"><span style=\"font-size: 13.5pt; font-family: Arial,sans-serif; color: #00b965; background-color: transparent; font-weight: bold; font-style: normal; font-variant: normal; text-decoration: none; vertical-align: baseline; white-space: pre-wrap;\"><br><\/span><\/a><span style=\"font-size: 13.5pt; font-family: Arial,sans-serif; color: #0d2d62; background-color: transparent; font-weight: 400; font-style: normal; font-variant: normal; text-decoration: none; vertical-align: baseline; white-space: pre-wrap;\">Gestor da Ata: Roberto Fonseca.<\/span><span style=\"font-size: 13.5pt; font-family: Arial,sans-serif; color: #00b965; background-color: transparent; font-weight: bold; font-style: normal; font-variant: normal; text-decoration: none; vertical-align: baseline; white-space: pre-wrap;\"><br><\/span><span style=\"font-size: 13.5pt; font-family: Arial,sans-serif; color: #0d2d62; background-color: transparent; font-weight: 400; font-style: normal; font-variant: normal; text-decoration: none; vertical-align: baseline; white-space: pre-wrap;\">Telefone: 21 2332-7013<\/span><\/p>\n<p><span id=\"docs-internal-guid-20addab9-7fff-e0dd-e4ac-41a5a94e5fca\">&nbsp;<\/span><\/p>\t\t\t\t\t\t\t\t<\/div>\n\t\t\t\t<div class=\"elementor-element elementor-element-cce8883 elementor-widget-divider--view-line elementor-widget elementor-widget-divider\" data-id=\"cce8883\" data-element_type=\"widget\" data-widget_type=\"divider.default\">\n\t\t\t\t\t\t\t<div class=\"elementor-divider\">\n\t\t\t<span class=\"elementor-divider-separator\">\n\t\t\t\t\t\t<\/span>\n\t\t<\/div>\n\t\t\t\t\t\t<\/div>\n\t\t\t\t\t<\/div>\n\t\t<\/div>\n\t\t\t\t\t<\/div>\n\t\t<\/section>\n\t\t\t\t<section class=\"elementor-section elementor-top-section elementor-element elementor-element-8399409 elementor-section-boxed elementor-section-height-default elementor-section-height-default\" data-id=\"8399409\" data-element_type=\"section\" data-settings=\"{&quot;jet_parallax_layout_list&quot;:[{&quot;jet_parallax_layout_image&quot;:{&quot;url&quot;:&quot;&quot;,&quot;id&quot;:&quot;&quot;,&quot;size&quot;:&quot;&quot;},&quot;_id&quot;:&quot;8c16c45&quot;,&quot;jet_parallax_layout_image_tablet&quot;:{&quot;url&quot;:&quot;&quot;,&quot;id&quot;:&quot;&quot;,&quot;size&quot;:&quot;&quot;},&quot;jet_parallax_layout_image_mobile&quot;:{&quot;url&quot;:&quot;&quot;,&quot;id&quot;:&quot;&quot;,&quot;size&quot;:&quot;&quot;},&quot;jet_parallax_layout_speed&quot;:{&quot;unit&quot;:&quot;%&quot;,&quot;size&quot;:50,&quot;sizes&quot;:[]},&quot;jet_parallax_layout_type&quot;:&quot;scroll&quot;,&quot;jet_parallax_layout_direction&quot;:&quot;1&quot;,&quot;jet_parallax_layout_fx_direction&quot;:null,&quot;jet_parallax_layout_z_index&quot;:&quot;&quot;,&quot;jet_parallax_layout_bg_x&quot;:50,&quot;jet_parallax_layout_bg_x_tablet&quot;:&quot;&quot;,&quot;jet_parallax_layout_bg_x_mobile&quot;:&quot;&quot;,&quot;jet_parallax_layout_bg_y&quot;:50,&quot;jet_parallax_layout_bg_y_tablet&quot;:&quot;&quot;,&quot;jet_parallax_layout_bg_y_mobile&quot;:&quot;&quot;,&quot;jet_parallax_layout_bg_size&quot;:&quot;auto&quot;,&quot;jet_parallax_layout_bg_size_tablet&quot;:&quot;&quot;,&quot;jet_parallax_layout_bg_size_mobile&quot;:&quot;&quot;,&quot;jet_parallax_layout_animation_prop&quot;:&quot;transform&quot;,&quot;jet_parallax_layout_on&quot;:[&quot;desktop&quot;,&quot;tablet&quot;]}]}\">\n\t\t\t\t\t\t<div class=\"elementor-container elementor-column-gap-default\">\n\t\t\t\t\t<div class=\"elementor-column elementor-col-100 elementor-top-column elementor-element elementor-element-c73c239\" data-id=\"c73c239\" data-element_type=\"column\">\n\t\t\t<div class=\"elementor-widget-wrap elementor-element-populated\">\n\t\t\t\t\t\t<div class=\"elementor-element elementor-element-e9053d9 elementor-widget elementor-widget-shortcode\" data-id=\"e9053d9\" data-element_type=\"widget\" data-widget_type=\"shortcode.default\">\n\t\t\t\t\t\t\t<div class=\"elementor-shortcode\"><div class='printomatic pom-default ' id='id4063' alt='Imprimir' title='Imprimir' data-print_target='article'><\/div> <div class='printomatictext' id='id4063' alt='Imprimir' title='Imprimir' data-print_target='article'>Imprimir<\/div><div style='clear: both;'><\/div><\/div>\n\t\t\t\t\t\t<\/div>\n\t\t\t\t\t<\/div>\n\t\t<\/div>\n\t\t\t\t\t<\/div>\n\t\t<\/section>\n\t\t\t\t<section class=\"elementor-section elementor-top-section elementor-element elementor-element-bf8296e elementor-section-boxed elementor-section-height-default elementor-section-height-default\" data-id=\"bf8296e\" data-element_type=\"section\" data-settings=\"{&quot;jet_parallax_layout_list&quot;:[{&quot;jet_parallax_layout_image&quot;:{&quot;url&quot;:&quot;&quot;,&quot;id&quot;:&quot;&quot;,&quot;size&quot;:&quot;&quot;},&quot;_id&quot;:&quot;4233af9&quot;,&quot;jet_parallax_layout_image_tablet&quot;:{&quot;url&quot;:&quot;&quot;,&quot;id&quot;:&quot;&quot;,&quot;size&quot;:&quot;&quot;},&quot;jet_parallax_layout_image_mobile&quot;:{&quot;url&quot;:&quot;&quot;,&quot;id&quot;:&quot;&quot;,&quot;size&quot;:&quot;&quot;},&quot;jet_parallax_layout_speed&quot;:{&quot;unit&quot;:&quot;%&quot;,&quot;size&quot;:50,&quot;sizes&quot;:[]},&quot;jet_parallax_layout_type&quot;:&quot;scroll&quot;,&quot;jet_parallax_layout_direction&quot;:&quot;1&quot;,&quot;jet_parallax_layout_fx_direction&quot;:null,&quot;jet_parallax_layout_z_index&quot;:&quot;&quot;,&quot;jet_parallax_layout_bg_x&quot;:50,&quot;jet_parallax_layout_bg_x_tablet&quot;:&quot;&quot;,&quot;jet_parallax_layout_bg_x_mobile&quot;:&quot;&quot;,&quot;jet_parallax_layout_bg_y&quot;:50,&quot;jet_parallax_layout_bg_y_tablet&quot;:&quot;&quot;,&quot;jet_parallax_layout_bg_y_mobile&quot;:&quot;&quot;,&quot;jet_parallax_layout_bg_size&quot;:&quot;auto&quot;,&quot;jet_parallax_layout_bg_size_tablet&quot;:&quot;&quot;,&quot;jet_parallax_layout_bg_size_mobile&quot;:&quot;&quot;,&quot;jet_parallax_layout_animation_prop&quot;:&quot;transform&quot;,&quot;jet_parallax_layout_on&quot;:[&quot;desktop&quot;,&quot;tablet&quot;]}]}\">\n\t\t\t\t\t\t<div class=\"elementor-container elementor-column-gap-default\">\n\t\t\t\t\t<div class=\"elementor-column elementor-col-100 elementor-top-column elementor-element elementor-element-c614127\" data-id=\"c614127\" data-element_type=\"column\">\n\t\t\t<div class=\"elementor-widget-wrap elementor-element-populated\">\n\t\t\t\t\t\t<section class=\"elementor-section elementor-inner-section elementor-element elementor-element-0076b79 elementor-section-boxed elementor-section-height-default elementor-section-height-default\" data-id=\"0076b79\" data-element_type=\"section\" data-settings=\"{&quot;jet_parallax_layout_list&quot;:[{&quot;jet_parallax_layout_image&quot;:{&quot;url&quot;:&quot;&quot;,&quot;id&quot;:&quot;&quot;,&quot;size&quot;:&quot;&quot;},&quot;_id&quot;:&quot;4e036a8&quot;,&quot;jet_parallax_layout_image_tablet&quot;:{&quot;url&quot;:&quot;&quot;,&quot;id&quot;:&quot;&quot;,&quot;size&quot;:&quot;&quot;},&quot;jet_parallax_layout_image_mobile&quot;:{&quot;url&quot;:&quot;&quot;,&quot;id&quot;:&quot;&quot;,&quot;size&quot;:&quot;&quot;},&quot;jet_parallax_layout_speed&quot;:{&quot;unit&quot;:&quot;%&quot;,&quot;size&quot;:50,&quot;sizes&quot;:[]},&quot;jet_parallax_layout_type&quot;:&quot;scroll&quot;,&quot;jet_parallax_layout_direction&quot;:&quot;1&quot;,&quot;jet_parallax_layout_fx_direction&quot;:null,&quot;jet_parallax_layout_z_index&quot;:&quot;&quot;,&quot;jet_parallax_layout_bg_x&quot;:50,&quot;jet_parallax_layout_bg_x_tablet&quot;:&quot;&quot;,&quot;jet_parallax_layout_bg_x_mobile&quot;:&quot;&quot;,&quot;jet_parallax_layout_bg_y&quot;:50,&quot;jet_parallax_layout_bg_y_tablet&quot;:&quot;&quot;,&quot;jet_parallax_layout_bg_y_mobile&quot;:&quot;&quot;,&quot;jet_parallax_layout_bg_size&quot;:&quot;auto&quot;,&quot;jet_parallax_layout_bg_size_tablet&quot;:&quot;&quot;,&quot;jet_parallax_layout_bg_size_mobile&quot;:&quot;&quot;,&quot;jet_parallax_layout_animation_prop&quot;:&quot;transform&quot;,&quot;jet_parallax_layout_on&quot;:[&quot;desktop&quot;,&quot;tablet&quot;]}]}\">\n\t\t\t\t\t\t<div class=\"elementor-container elementor-column-gap-default\">\n\t\t\t\t\t<div class=\"elementor-column elementor-col-50 elementor-inner-column elementor-element elementor-element-3133c2f\" data-id=\"3133c2f\" data-element_type=\"column\">\n\t\t\t<div class=\"elementor-widget-wrap\">\n\t\t\t\t\t\t\t<\/div>\n\t\t<\/div>\n\t\t\t\t<div class=\"elementor-column elementor-col-50 elementor-inner-column elementor-element elementor-element-1905d27\" data-id=\"1905d27\" data-element_type=\"column\">\n\t\t\t<div class=\"elementor-widget-wrap\">\n\t\t\t\t\t\t\t<\/div>\n\t\t<\/div>\n\t\t\t\t\t<\/div>\n\t\t<\/section>\n\t\t\t\t\t<\/div>\n\t\t<\/div>\n\t\t\t\t\t<\/div>\n\t\t<\/section>\n\t\t\t\t<section class=\"elementor-section elementor-top-section elementor-element elementor-element-d6cd570 elementor-section-boxed elementor-section-height-default elementor-section-height-default\" data-id=\"d6cd570\" data-element_type=\"section\" data-settings=\"{&quot;jet_parallax_layout_list&quot;:[{&quot;jet_parallax_layout_image&quot;:{&quot;url&quot;:&quot;&quot;,&quot;id&quot;:&quot;&quot;,&quot;size&quot;:&quot;&quot;},&quot;_id&quot;:&quot;ca48bbb&quot;,&quot;jet_parallax_layout_image_tablet&quot;:{&quot;url&quot;:&quot;&quot;,&quot;id&quot;:&quot;&quot;,&quot;size&quot;:&quot;&quot;},&quot;jet_parallax_layout_image_mobile&quot;:{&quot;url&quot;:&quot;&quot;,&quot;id&quot;:&quot;&quot;,&quot;size&quot;:&quot;&quot;},&quot;jet_parallax_layout_speed&quot;:{&quot;unit&quot;:&quot;%&quot;,&quot;size&quot;:50,&quot;sizes&quot;:[]},&quot;jet_parallax_layout_type&quot;:&quot;scroll&quot;,&quot;jet_parallax_layout_direction&quot;:&quot;1&quot;,&quot;jet_parallax_layout_fx_direction&quot;:null,&quot;jet_parallax_layout_z_index&quot;:&quot;&quot;,&quot;jet_parallax_layout_bg_x&quot;:50,&quot;jet_parallax_layout_bg_x_tablet&quot;:&quot;&quot;,&quot;jet_parallax_layout_bg_x_mobile&quot;:&quot;&quot;,&quot;jet_parallax_layout_bg_y&quot;:50,&quot;jet_parallax_layout_bg_y_tablet&quot;:&quot;&quot;,&quot;jet_parallax_layout_bg_y_mobile&quot;:&quot;&quot;,&quot;jet_parallax_layout_bg_size&quot;:&quot;auto&quot;,&quot;jet_parallax_layout_bg_size_tablet&quot;:&quot;&quot;,&quot;jet_parallax_layout_bg_size_mobile&quot;:&quot;&quot;,&quot;jet_parallax_layout_animation_prop&quot;:&quot;transform&quot;,&quot;jet_parallax_layout_on&quot;:[&quot;desktop&quot;,&quot;tablet&quot;]}]}\">\n\t\t\t\t\t\t<div class=\"elementor-container elementor-column-gap-default\">\n\t\t\t\t\t<div class=\"elementor-column elementor-col-100 elementor-top-column elementor-element elementor-element-2115b37\" data-id=\"2115b37\" data-element_type=\"column\">\n\t\t\t<div class=\"elementor-widget-wrap elementor-element-populated\">\n\t\t\t\t\t\t<div class=\"elementor-element elementor-element-49a42e1 elementor-widget elementor-widget-heading\" data-id=\"49a42e1\" data-element_type=\"widget\" data-widget_type=\"heading.default\">\n\t\t\t\t\t<h2 class=\"elementor-heading-title elementor-size-default\">Adicione o texto do seu t\u00edtulo aqui<\/h2>\t\t\t\t<\/div>\n\t\t\t\t\t<\/div>\n\t\t<\/div>\n\t\t\t\t\t<\/div>\n\t\t<\/section>\n\t\t\t\t<\/div>\n\t\t","protected":false},"excerpt":{"rendered":"<p>Aten\u00e7\u00e3o, servidor(a)! A SEPLAG\/RJ informa que as Atas de Loca\u00e7\u00e3o de Ve\u00edculos de Servi\u00e7o e de Representa\u00e7\u00e3o H\u00edbridos j\u00e1 est\u00e3o vigentes!! Voc\u00ea, \u00d3rg\u00e3o\/Entidade Participante, j\u00e1 pode realizar sua contrata\u00e7\u00e3o, o que \u00e9 bem simples. Lembrando que a contrata\u00e7\u00e3o foi realizada sob o rito da Lei n\u00ba 14.133\/2021. Logo, dever\u00e3o ser observados os normativos e regulamenta\u00e7\u00f5es [&hellip;]<\/p>\n","protected":false},"author":24,"featured_media":0,"comment_status":"closed","ping_status":"open","sticky":false,"template":"","format":"standard","meta":{"_joinchat":[],"footnotes":""},"categories":[38],"tags":[],"class_list":["post-30389","post","type-post","status-publish","format-standard","hentry","category-cat-informes"],"yoast_head":"<!-- This site is optimized with the Yoast SEO plugin v25.7 - https:\/\/yoast.com\/wordpress\/plugins\/seo\/ -->\n<title>INFORME N\u00ba 010\/2024 - Loca\u00e7\u00e3o de Ve\u00edculos - Atas 002, 003 e 004\/2024 - Redelog<\/title>\n<meta name=\"robots\" content=\"index, follow, max-snippet:-1, max-image-preview:large, max-video-preview:-1\" \/>\n<link rel=\"canonical\" href=\"https:\/\/redelog.rj.gov.br\/redelog\/informe-no-010-2024-locacao-de-veiculos-atas-002-003-e-004-2024\/\" \/>\n<meta property=\"og:locale\" content=\"pt_BR\" \/>\n<meta property=\"og:type\" content=\"article\" \/>\n<meta property=\"og:title\" content=\"INFORME N\u00ba 010\/2024 - Loca\u00e7\u00e3o de Ve\u00edculos - Atas 002, 003 e 004\/2024 - Redelog\" \/>\n<meta property=\"og:description\" content=\"Aten\u00e7\u00e3o, servidor(a)! A SEPLAG\/RJ informa que as Atas de Loca\u00e7\u00e3o de Ve\u00edculos de Servi\u00e7o e de Representa\u00e7\u00e3o H\u00edbridos j\u00e1 est\u00e3o vigentes!! Voc\u00ea, \u00d3rg\u00e3o\/Entidade Participante, j\u00e1 pode realizar sua contrata\u00e7\u00e3o, o que \u00e9 bem simples. Lembrando que a contrata\u00e7\u00e3o foi realizada sob o rito da Lei n\u00ba 14.133\/2021. Logo, dever\u00e3o ser observados os normativos e regulamenta\u00e7\u00f5es [&hellip;]\" \/>\n<meta property=\"og:url\" content=\"https:\/\/redelog.rj.gov.br\/redelog\/informe-no-010-2024-locacao-de-veiculos-atas-002-003-e-004-2024\/\" \/>\n<meta property=\"og:site_name\" content=\"Redelog\" \/>\n<meta property=\"article:published_time\" content=\"2024-08-28T12:17:08+00:00\" \/>\n<meta property=\"article:modified_time\" content=\"2024-08-28T12:57:43+00:00\" \/>\n<meta property=\"og:image\" content=\"https:\/\/www.redelog.rj.gov.br\/redelog\/wp-content\/uploads\/2024\/08\/Captura-de-tela-2024-08-27-095409.png\" \/>\n<meta name=\"author\" content=\"Nathalia Rodrigues Cordeiro\" \/>\n<meta name=\"twitter:card\" content=\"summary_large_image\" \/>\n<meta name=\"twitter:label1\" content=\"Escrito por\" \/>\n\t<meta name=\"twitter:data1\" content=\"Nathalia Rodrigues Cordeiro\" \/>\n\t<meta name=\"twitter:label2\" content=\"Est. tempo de leitura\" \/>\n\t<meta name=\"twitter:data2\" content=\"2 minutos\" \/>\n<script type=\"application\/ld+json\" class=\"yoast-schema-graph\">{\"@context\":\"https:\/\/schema.org\",\"@graph\":[{\"@type\":\"Article\",\"@id\":\"https:\/\/redelog.rj.gov.br\/redelog\/informe-no-010-2024-locacao-de-veiculos-atas-002-003-e-004-2024\/#article\",\"isPartOf\":{\"@id\":\"https:\/\/redelog.rj.gov.br\/redelog\/informe-no-010-2024-locacao-de-veiculos-atas-002-003-e-004-2024\/\"},\"author\":{\"name\":\"Nathalia Rodrigues Cordeiro\",\"@id\":\"https:\/\/redelog.rj.gov.br\/redelog\/#\/schema\/person\/573ef5e716d5fcb9dbd1406140c41a6f\"},\"headline\":\"INFORME N\u00ba 010\/2024 &#8211; Loca\u00e7\u00e3o de Ve\u00edculos &#8211; Atas 002, 003 e 004\/2024\",\"datePublished\":\"2024-08-28T12:17:08+00:00\",\"dateModified\":\"2024-08-28T12:57:43+00:00\",\"mainEntityOfPage\":{\"@id\":\"https:\/\/redelog.rj.gov.br\/redelog\/informe-no-010-2024-locacao-de-veiculos-atas-002-003-e-004-2024\/\"},\"wordCount\":267,\"publisher\":{\"@id\":\"https:\/\/redelog.rj.gov.br\/redelog\/#organization\"},\"image\":{\"@id\":\"https:\/\/redelog.rj.gov.br\/redelog\/informe-no-010-2024-locacao-de-veiculos-atas-002-003-e-004-2024\/#primaryimage\"},\"thumbnailUrl\":\"https:\/\/www.redelog.rj.gov.br\/redelog\/wp-content\/uploads\/2024\/08\/Captura-de-tela-2024-08-27-095409.png\",\"articleSection\":[\"Informes\"],\"inLanguage\":\"pt-BR\"},{\"@type\":\"WebPage\",\"@id\":\"https:\/\/redelog.rj.gov.br\/redelog\/informe-no-010-2024-locacao-de-veiculos-atas-002-003-e-004-2024\/\",\"url\":\"https:\/\/redelog.rj.gov.br\/redelog\/informe-no-010-2024-locacao-de-veiculos-atas-002-003-e-004-2024\/\",\"name\":\"INFORME N\u00ba 010\/2024 - Loca\u00e7\u00e3o de Ve\u00edculos - Atas 002, 003 e 004\/2024 - Redelog\",\"isPartOf\":{\"@id\":\"https:\/\/redelog.rj.gov.br\/redelog\/#website\"},\"primaryImageOfPage\":{\"@id\":\"https:\/\/redelog.rj.gov.br\/redelog\/informe-no-010-2024-locacao-de-veiculos-atas-002-003-e-004-2024\/#primaryimage\"},\"image\":{\"@id\":\"https:\/\/redelog.rj.gov.br\/redelog\/informe-no-010-2024-locacao-de-veiculos-atas-002-003-e-004-2024\/#primaryimage\"},\"thumbnailUrl\":\"https:\/\/www.redelog.rj.gov.br\/redelog\/wp-content\/uploads\/2024\/08\/Captura-de-tela-2024-08-27-095409.png\",\"datePublished\":\"2024-08-28T12:17:08+00:00\",\"dateModified\":\"2024-08-28T12:57:43+00:00\",\"breadcrumb\":{\"@id\":\"https:\/\/redelog.rj.gov.br\/redelog\/informe-no-010-2024-locacao-de-veiculos-atas-002-003-e-004-2024\/#breadcrumb\"},\"inLanguage\":\"pt-BR\",\"potentialAction\":[{\"@type\":\"ReadAction\",\"target\":[\"https:\/\/redelog.rj.gov.br\/redelog\/informe-no-010-2024-locacao-de-veiculos-atas-002-003-e-004-2024\/\"]}]},{\"@type\":\"ImageObject\",\"inLanguage\":\"pt-BR\",\"@id\":\"https:\/\/redelog.rj.gov.br\/redelog\/informe-no-010-2024-locacao-de-veiculos-atas-002-003-e-004-2024\/#primaryimage\",\"url\":\"https:\/\/www.redelog.rj.gov.br\/redelog\/wp-content\/uploads\/2024\/08\/Captura-de-tela-2024-08-27-095409.png\",\"contentUrl\":\"https:\/\/www.redelog.rj.gov.br\/redelog\/wp-content\/uploads\/2024\/08\/Captura-de-tela-2024-08-27-095409.png\"},{\"@type\":\"BreadcrumbList\",\"@id\":\"https:\/\/redelog.rj.gov.br\/redelog\/informe-no-010-2024-locacao-de-veiculos-atas-002-003-e-004-2024\/#breadcrumb\",\"itemListElement\":[{\"@type\":\"ListItem\",\"position\":1,\"name\":\"Home\",\"item\":\"https:\/\/redelog.rj.gov.br\/redelog\/\"},{\"@type\":\"ListItem\",\"position\":2,\"name\":\"INFORME N\u00ba 010\/2024 &#8211; Loca\u00e7\u00e3o de Ve\u00edculos &#8211; Atas 002, 003 e 004\/2024\"}]},{\"@type\":\"WebSite\",\"@id\":\"https:\/\/redelog.rj.gov.br\/redelog\/#website\",\"url\":\"https:\/\/redelog.rj.gov.br\/redelog\/\",\"name\":\"Redelog\",\"description\":\"Site da Rede de Log\u00edstica e Planejamento do Estado do Rio de Janeiro\",\"publisher\":{\"@id\":\"https:\/\/redelog.rj.gov.br\/redelog\/#organization\"},\"potentialAction\":[{\"@type\":\"SearchAction\",\"target\":{\"@type\":\"EntryPoint\",\"urlTemplate\":\"https:\/\/redelog.rj.gov.br\/redelog\/?s={search_term_string}\"},\"query-input\":{\"@type\":\"PropertyValueSpecification\",\"valueRequired\":true,\"valueName\":\"search_term_string\"}}],\"inLanguage\":\"pt-BR\"},{\"@type\":\"Organization\",\"@id\":\"https:\/\/redelog.rj.gov.br\/redelog\/#organization\",\"name\":\"REDELOG\",\"url\":\"https:\/\/redelog.rj.gov.br\/redelog\/\",\"logo\":{\"@type\":\"ImageObject\",\"inLanguage\":\"pt-BR\",\"@id\":\"https:\/\/redelog.rj.gov.br\/redelog\/#\/schema\/logo\/image\/\",\"url\":\"http:\/\/10.10.8.100:8888\/redelog\/wp-content\/uploads\/2019\/09\/Redelog2.png\",\"contentUrl\":\"http:\/\/10.10.8.100:8888\/redelog\/wp-content\/uploads\/2019\/09\/Redelog2.png\",\"width\":565,\"height\":155,\"caption\":\"REDELOG\"},\"image\":{\"@id\":\"https:\/\/redelog.rj.gov.br\/redelog\/#\/schema\/logo\/image\/\"}},{\"@type\":\"Person\",\"@id\":\"https:\/\/redelog.rj.gov.br\/redelog\/#\/schema\/person\/573ef5e716d5fcb9dbd1406140c41a6f\",\"name\":\"Nathalia Rodrigues Cordeiro\",\"image\":{\"@type\":\"ImageObject\",\"inLanguage\":\"pt-BR\",\"@id\":\"https:\/\/redelog.rj.gov.br\/redelog\/#\/schema\/person\/image\/\",\"url\":\"https:\/\/secure.gravatar.com\/avatar\/5198cd81715b5407b4afe7bb8788c14dab502a7befe4c63b467f2ce47d351483?s=96&d=mm&r=g\",\"contentUrl\":\"https:\/\/secure.gravatar.com\/avatar\/5198cd81715b5407b4afe7bb8788c14dab502a7befe4c63b467f2ce47d351483?s=96&d=mm&r=g\",\"caption\":\"Nathalia Rodrigues Cordeiro\"},\"url\":\"https:\/\/redelog.rj.gov.br\/redelog\/author\/nathalia\/\"}]}<\/script>\n<!-- \/ Yoast SEO plugin. -->","yoast_head_json":{"title":"INFORME N\u00ba 010\/2024 - Loca\u00e7\u00e3o de Ve\u00edculos - Atas 002, 003 e 004\/2024 - Redelog","robots":{"index":"index","follow":"follow","max-snippet":"max-snippet:-1","max-image-preview":"max-image-preview:large","max-video-preview":"max-video-preview:-1"},"canonical":"https:\/\/redelog.rj.gov.br\/redelog\/informe-no-010-2024-locacao-de-veiculos-atas-002-003-e-004-2024\/","og_locale":"pt_BR","og_type":"article","og_title":"INFORME N\u00ba 010\/2024 - Loca\u00e7\u00e3o de Ve\u00edculos - Atas 002, 003 e 004\/2024 - Redelog","og_description":"Aten\u00e7\u00e3o, servidor(a)! A SEPLAG\/RJ informa que as Atas de Loca\u00e7\u00e3o de Ve\u00edculos de Servi\u00e7o e de Representa\u00e7\u00e3o H\u00edbridos j\u00e1 est\u00e3o vigentes!! Voc\u00ea, \u00d3rg\u00e3o\/Entidade Participante, j\u00e1 pode realizar sua contrata\u00e7\u00e3o, o que \u00e9 bem simples. Lembrando que a contrata\u00e7\u00e3o foi realizada sob o rito da Lei n\u00ba 14.133\/2021. Logo, dever\u00e3o ser observados os normativos e regulamenta\u00e7\u00f5es [&hellip;]","og_url":"https:\/\/redelog.rj.gov.br\/redelog\/informe-no-010-2024-locacao-de-veiculos-atas-002-003-e-004-2024\/","og_site_name":"Redelog","article_published_time":"2024-08-28T12:17:08+00:00","article_modified_time":"2024-08-28T12:57:43+00:00","og_image":[{"url":"https:\/\/www.redelog.rj.gov.br\/redelog\/wp-content\/uploads\/2024\/08\/Captura-de-tela-2024-08-27-095409.png","type":"","width":"","height":""}],"author":"Nathalia Rodrigues Cordeiro","twitter_card":"summary_large_image","twitter_misc":{"Escrito por":"Nathalia Rodrigues Cordeiro","Est. tempo de leitura":"2 minutos"},"schema":{"@context":"https:\/\/schema.org","@graph":[{"@type":"Article","@id":"https:\/\/redelog.rj.gov.br\/redelog\/informe-no-010-2024-locacao-de-veiculos-atas-002-003-e-004-2024\/#article","isPartOf":{"@id":"https:\/\/redelog.rj.gov.br\/redelog\/informe-no-010-2024-locacao-de-veiculos-atas-002-003-e-004-2024\/"},"author":{"name":"Nathalia Rodrigues Cordeiro","@id":"https:\/\/redelog.rj.gov.br\/redelog\/#\/schema\/person\/573ef5e716d5fcb9dbd1406140c41a6f"},"headline":"INFORME N\u00ba 010\/2024 &#8211; Loca\u00e7\u00e3o de Ve\u00edculos &#8211; Atas 002, 003 e 004\/2024","datePublished":"2024-08-28T12:17:08+00:00","dateModified":"2024-08-28T12:57:43+00:00","mainEntityOfPage":{"@id":"https:\/\/redelog.rj.gov.br\/redelog\/informe-no-010-2024-locacao-de-veiculos-atas-002-003-e-004-2024\/"},"wordCount":267,"publisher":{"@id":"https:\/\/redelog.rj.gov.br\/redelog\/#organization"},"image":{"@id":"https:\/\/redelog.rj.gov.br\/redelog\/informe-no-010-2024-locacao-de-veiculos-atas-002-003-e-004-2024\/#primaryimage"},"thumbnailUrl":"https:\/\/www.redelog.rj.gov.br\/redelog\/wp-content\/uploads\/2024\/08\/Captura-de-tela-2024-08-27-095409.png","articleSection":["Informes"],"inLanguage":"pt-BR"},{"@type":"WebPage","@id":"https:\/\/redelog.rj.gov.br\/redelog\/informe-no-010-2024-locacao-de-veiculos-atas-002-003-e-004-2024\/","url":"https:\/\/redelog.rj.gov.br\/redelog\/informe-no-010-2024-locacao-de-veiculos-atas-002-003-e-004-2024\/","name":"INFORME N\u00ba 010\/2024 - Loca\u00e7\u00e3o de Ve\u00edculos - Atas 002, 003 e 004\/2024 - Redelog","isPartOf":{"@id":"https:\/\/redelog.rj.gov.br\/redelog\/#website"},"primaryImageOfPage":{"@id":"https:\/\/redelog.rj.gov.br\/redelog\/informe-no-010-2024-locacao-de-veiculos-atas-002-003-e-004-2024\/#primaryimage"},"image":{"@id":"https:\/\/redelog.rj.gov.br\/redelog\/informe-no-010-2024-locacao-de-veiculos-atas-002-003-e-004-2024\/#primaryimage"},"thumbnailUrl":"https:\/\/www.redelog.rj.gov.br\/redelog\/wp-content\/uploads\/2024\/08\/Captura-de-tela-2024-08-27-095409.png","datePublished":"2024-08-28T12:17:08+00:00","dateModified":"2024-08-28T12:57:43+00:00","breadcrumb":{"@id":"https:\/\/redelog.rj.gov.br\/redelog\/informe-no-010-2024-locacao-de-veiculos-atas-002-003-e-004-2024\/#breadcrumb"},"inLanguage":"pt-BR","potentialAction":[{"@type":"ReadAction","target":["https:\/\/redelog.rj.gov.br\/redelog\/informe-no-010-2024-locacao-de-veiculos-atas-002-003-e-004-2024\/"]}]},{"@type":"ImageObject","inLanguage":"pt-BR","@id":"https:\/\/redelog.rj.gov.br\/redelog\/informe-no-010-2024-locacao-de-veiculos-atas-002-003-e-004-2024\/#primaryimage","url":"https:\/\/www.redelog.rj.gov.br\/redelog\/wp-content\/uploads\/2024\/08\/Captura-de-tela-2024-08-27-095409.png","contentUrl":"https:\/\/www.redelog.rj.gov.br\/redelog\/wp-content\/uploads\/2024\/08\/Captura-de-tela-2024-08-27-095409.png"},{"@type":"BreadcrumbList","@id":"https:\/\/redelog.rj.gov.br\/redelog\/informe-no-010-2024-locacao-de-veiculos-atas-002-003-e-004-2024\/#breadcrumb","itemListElement":[{"@type":"ListItem","position":1,"name":"Home","item":"https:\/\/redelog.rj.gov.br\/redelog\/"},{"@type":"ListItem","position":2,"name":"INFORME N\u00ba 010\/2024 &#8211; Loca\u00e7\u00e3o de Ve\u00edculos &#8211; Atas 002, 003 e 004\/2024"}]},{"@type":"WebSite","@id":"https:\/\/redelog.rj.gov.br\/redelog\/#website","url":"https:\/\/redelog.rj.gov.br\/redelog\/","name":"Redelog","description":"Site da Rede de Log\u00edstica e Planejamento do Estado do Rio de Janeiro","publisher":{"@id":"https:\/\/redelog.rj.gov.br\/redelog\/#organization"},"potentialAction":[{"@type":"SearchAction","target":{"@type":"EntryPoint","urlTemplate":"https:\/\/redelog.rj.gov.br\/redelog\/?s={search_term_string}"},"query-input":{"@type":"PropertyValueSpecification","valueRequired":true,"valueName":"search_term_string"}}],"inLanguage":"pt-BR"},{"@type":"Organization","@id":"https:\/\/redelog.rj.gov.br\/redelog\/#organization","name":"REDELOG","url":"https:\/\/redelog.rj.gov.br\/redelog\/","logo":{"@type":"ImageObject","inLanguage":"pt-BR","@id":"https:\/\/redelog.rj.gov.br\/redelog\/#\/schema\/logo\/image\/","url":"http:\/\/10.10.8.100:8888\/redelog\/wp-content\/uploads\/2019\/09\/Redelog2.png","contentUrl":"http:\/\/10.10.8.100:8888\/redelog\/wp-content\/uploads\/2019\/09\/Redelog2.png","width":565,"height":155,"caption":"REDELOG"},"image":{"@id":"https:\/\/redelog.rj.gov.br\/redelog\/#\/schema\/logo\/image\/"}},{"@type":"Person","@id":"https:\/\/redelog.rj.gov.br\/redelog\/#\/schema\/person\/573ef5e716d5fcb9dbd1406140c41a6f","name":"Nathalia Rodrigues Cordeiro","image":{"@type":"ImageObject","inLanguage":"pt-BR","@id":"https:\/\/redelog.rj.gov.br\/redelog\/#\/schema\/person\/image\/","url":"https:\/\/secure.gravatar.com\/avatar\/5198cd81715b5407b4afe7bb8788c14dab502a7befe4c63b467f2ce47d351483?s=96&d=mm&r=g","contentUrl":"https:\/\/secure.gravatar.com\/avatar\/5198cd81715b5407b4afe7bb8788c14dab502a7befe4c63b467f2ce47d351483?s=96&d=mm&r=g","caption":"Nathalia Rodrigues Cordeiro"},"url":"https:\/\/redelog.rj.gov.br\/redelog\/author\/nathalia\/"}]}},"_links":{"self":[{"href":"https:\/\/redelog.rj.gov.br\/redelog\/wp-json\/wp\/v2\/posts\/30389","targetHints":{"allow":["GET"]}}],"collection":[{"href":"https:\/\/redelog.rj.gov.br\/redelog\/wp-json\/wp\/v2\/posts"}],"about":[{"href":"https:\/\/redelog.rj.gov.br\/redelog\/wp-json\/wp\/v2\/types\/post"}],"author":[{"embeddable":true,"href":"https:\/\/redelog.rj.gov.br\/redelog\/wp-json\/wp\/v2\/users\/24"}],"replies":[{"embeddable":true,"href":"https:\/\/redelog.rj.gov.br\/redelog\/wp-json\/wp\/v2\/comments?post=30389"}],"version-history":[{"count":15,"href":"https:\/\/redelog.rj.gov.br\/redelog\/wp-json\/wp\/v2\/posts\/30389\/revisions"}],"predecessor-version":[{"id":30414,"href":"https:\/\/redelog.rj.gov.br\/redelog\/wp-json\/wp\/v2\/posts\/30389\/revisions\/30414"}],"wp:attachment":[{"href":"https:\/\/redelog.rj.gov.br\/redelog\/wp-json\/wp\/v2\/media?parent=30389"}],"wp:term":[{"taxonomy":"category","embeddable":true,"href":"https:\/\/redelog.rj.gov.br\/redelog\/wp-json\/wp\/v2\/categories?post=30389"},{"taxonomy":"post_tag","embeddable":true,"href":"https:\/\/redelog.rj.gov.br\/redelog\/wp-json\/wp\/v2\/tags?post=30389"}],"curies":[{"name":"wp","href":"https:\/\/api.w.org\/{rel}","templated":true}]}}