{"id":3032,"date":"2021-10-04T15:48:34","date_gmt":"2021-10-04T18:48:34","guid":{"rendered":"http:\/\/10.9.108.118:3000\/redelog\/?p=3032"},"modified":"2024-04-17T15:07:30","modified_gmt":"2024-04-17T18:07:30","slug":"termo-de-referencia","status":"publish","type":"post","link":"https:\/\/redelog.rj.gov.br\/redelog\/termo-de-referencia\/","title":{"rendered":"TERMO DE REFER\u00caNCIA \/ PROJETO B\u00c1SICO"},"content":{"rendered":"\t\t<div data-elementor-type=\"wp-post\" data-elementor-id=\"3032\" class=\"elementor elementor-3032\" data-elementor-post-type=\"post\">\n\t\t\t\t\t\t<section class=\"elementor-section elementor-top-section elementor-element elementor-element-1792517 elementor-section-boxed elementor-section-height-default elementor-section-height-default\" data-id=\"1792517\" data-element_type=\"section\" data-settings=\"{&quot;jet_parallax_layout_list&quot;:[{&quot;jet_parallax_layout_image&quot;:{&quot;url&quot;:&quot;&quot;,&quot;id&quot;:&quot;&quot;,&quot;size&quot;:&quot;&quot;},&quot;_id&quot;:&quot;38613a2&quot;,&quot;jet_parallax_layout_image_tablet&quot;:{&quot;url&quot;:&quot;&quot;,&quot;id&quot;:&quot;&quot;,&quot;size&quot;:&quot;&quot;},&quot;jet_parallax_layout_image_mobile&quot;:{&quot;url&quot;:&quot;&quot;,&quot;id&quot;:&quot;&quot;,&quot;size&quot;:&quot;&quot;},&quot;jet_parallax_layout_speed&quot;:{&quot;unit&quot;:&quot;%&quot;,&quot;size&quot;:50,&quot;sizes&quot;:[]},&quot;jet_parallax_layout_type&quot;:&quot;scroll&quot;,&quot;jet_parallax_layout_direction&quot;:&quot;1&quot;,&quot;jet_parallax_layout_fx_direction&quot;:null,&quot;jet_parallax_layout_z_index&quot;:&quot;&quot;,&quot;jet_parallax_layout_bg_x&quot;:50,&quot;jet_parallax_layout_bg_x_tablet&quot;:&quot;&quot;,&quot;jet_parallax_layout_bg_x_mobile&quot;:&quot;&quot;,&quot;jet_parallax_layout_bg_y&quot;:50,&quot;jet_parallax_layout_bg_y_tablet&quot;:&quot;&quot;,&quot;jet_parallax_layout_bg_y_mobile&quot;:&quot;&quot;,&quot;jet_parallax_layout_bg_size&quot;:&quot;auto&quot;,&quot;jet_parallax_layout_bg_size_tablet&quot;:&quot;&quot;,&quot;jet_parallax_layout_bg_size_mobile&quot;:&quot;&quot;,&quot;jet_parallax_layout_animation_prop&quot;:&quot;transform&quot;,&quot;jet_parallax_layout_on&quot;:[&quot;desktop&quot;,&quot;tablet&quot;]}]}\">\n\t\t\t\t\t\t<div class=\"elementor-container elementor-column-gap-default\">\n\t\t\t\t\t<div class=\"elementor-column elementor-col-100 elementor-top-column elementor-element elementor-element-b351610\" data-id=\"b351610\" data-element_type=\"column\">\n\t\t\t<div class=\"elementor-widget-wrap elementor-element-populated\">\n\t\t\t\t\t\t<div class=\"elementor-element elementor-element-42b53fc elementor-widget-divider--view-line elementor-widget elementor-widget-divider\" data-id=\"42b53fc\" data-element_type=\"widget\" data-widget_type=\"divider.default\">\n\t\t\t\t\t\t\t<div class=\"elementor-divider\">\n\t\t\t<span class=\"elementor-divider-separator\">\n\t\t\t\t\t\t<\/span>\n\t\t<\/div>\n\t\t\t\t\t\t<\/div>\n\t\t\t\t\t<\/div>\n\t\t<\/div>\n\t\t\t\t\t<\/div>\n\t\t<\/section>\n\t\t\t\t<section class=\"elementor-section elementor-top-section elementor-element elementor-element-2be2e5a elementor-section-boxed elementor-section-height-default elementor-section-height-default\" data-id=\"2be2e5a\" data-element_type=\"section\" data-settings=\"{&quot;jet_parallax_layout_list&quot;:[{&quot;jet_parallax_layout_image&quot;:{&quot;url&quot;:&quot;&quot;,&quot;id&quot;:&quot;&quot;,&quot;size&quot;:&quot;&quot;},&quot;_id&quot;:&quot;546b2cd&quot;,&quot;jet_parallax_layout_image_tablet&quot;:{&quot;url&quot;:&quot;&quot;,&quot;id&quot;:&quot;&quot;,&quot;size&quot;:&quot;&quot;},&quot;jet_parallax_layout_image_mobile&quot;:{&quot;url&quot;:&quot;&quot;,&quot;id&quot;:&quot;&quot;,&quot;size&quot;:&quot;&quot;},&quot;jet_parallax_layout_speed&quot;:{&quot;unit&quot;:&quot;%&quot;,&quot;size&quot;:50,&quot;sizes&quot;:[]},&quot;jet_parallax_layout_type&quot;:&quot;scroll&quot;,&quot;jet_parallax_layout_direction&quot;:&quot;1&quot;,&quot;jet_parallax_layout_fx_direction&quot;:null,&quot;jet_parallax_layout_z_index&quot;:&quot;&quot;,&quot;jet_parallax_layout_bg_x&quot;:50,&quot;jet_parallax_layout_bg_x_tablet&quot;:&quot;&quot;,&quot;jet_parallax_layout_bg_x_mobile&quot;:&quot;&quot;,&quot;jet_parallax_layout_bg_y&quot;:50,&quot;jet_parallax_layout_bg_y_tablet&quot;:&quot;&quot;,&quot;jet_parallax_layout_bg_y_mobile&quot;:&quot;&quot;,&quot;jet_parallax_layout_bg_size&quot;:&quot;auto&quot;,&quot;jet_parallax_layout_bg_size_tablet&quot;:&quot;&quot;,&quot;jet_parallax_layout_bg_size_mobile&quot;:&quot;&quot;,&quot;jet_parallax_layout_animation_prop&quot;:&quot;transform&quot;,&quot;jet_parallax_layout_on&quot;:[&quot;desktop&quot;,&quot;tablet&quot;]}]}\">\n\t\t\t\t\t\t<div class=\"elementor-container elementor-column-gap-default\">\n\t\t\t\t\t<div class=\"elementor-column elementor-col-100 elementor-top-column elementor-element elementor-element-6a66bdc\" data-id=\"6a66bdc\" data-element_type=\"column\">\n\t\t\t<div class=\"elementor-widget-wrap elementor-element-populated\">\n\t\t\t\t\t\t<div class=\"elementor-element elementor-element-e0a9034 elementor-position-left elementor-vertical-align-middle elementor-widget elementor-widget-image-box\" data-id=\"e0a9034\" data-element_type=\"widget\" data-widget_type=\"image-box.default\">\n\t\t\t\t\t<div class=\"elementor-image-box-wrapper\"><figure class=\"elementor-image-box-img\"><img decoding=\"async\" width=\"92\" height=\"81\" data-src=\"https:\/\/redelog.rj.gov.br\/redelog\/wp-content\/uploads\/2021\/10\/cubos.jpg\" class=\"attachment-full size-full wp-image-3583 lazyload\" alt=\"\" src=\"data:image\/svg+xml;base64,PHN2ZyB3aWR0aD0iMSIgaGVpZ2h0PSIxIiB4bWxucz0iaHR0cDovL3d3dy53My5vcmcvMjAwMC9zdmciPjwvc3ZnPg==\" style=\"--smush-placeholder-width: 92px; --smush-placeholder-aspect-ratio: 92\/81;\" \/><\/figure><div class=\"elementor-image-box-content\"><p class=\"elementor-image-box-description\">O Termo de Refer\u00eancia (TR) \u00e9 utilizado na contrata\u00e7\u00e3o de bens e servi\u00e7os, enquanto o Projeto B\u00e1sico (PB) \u00e9 utilizado nas contrata\u00e7\u00f5es de obras e servi\u00e7os de engenharia. O TR ou o PB s\u00e3o documentos anexos ao edital de uma licita\u00e7\u00e3o que deve conter os elementos necess\u00e1rios e suficientes, com n\u00edvel de precis\u00e3o adequado, para caracterizar o objeto da licita\u00e7\u00e3o, permitindo, assim, que os interessados em contratar com a Administra\u00e7\u00e3o P\u00fablica possam oferecer adequadamente suas propostas.<\/p><\/div><\/div>\t\t\t\t<\/div>\n\t\t\t\t<div class=\"elementor-element elementor-element-bb262c6 elementor-widget elementor-widget-text-editor\" data-id=\"bb262c6\" data-element_type=\"widget\" data-widget_type=\"text-editor.default\">\n\t\t\t\t\t\t\t\t\t<p>A elabora\u00e7\u00e3o do TR ou do PB \u00e9 obrigat\u00f3ria para toda contrata\u00e7\u00e3o, independente da forma de sele\u00e7\u00e3o do fornecedor se dar por licita\u00e7\u00e3o, por contrata\u00e7\u00e3o direta ou por ades\u00e3o \u00e0 ata de registro de pre\u00e7os. Como deve se basear no\u00a0<strong><a href=\"http:\/\/redelog.rj.gov.br\/redelog\/estudo-tecnico-preliminar\/\">Estudo T\u00e9cnico Preliminar<\/a><\/strong>, esse documento s\u00f3 o pode ser elaborado ap\u00f3s a conclus\u00e3o do ETP.<\/p>\t\t\t\t\t\t\t\t<\/div>\n\t\t\t\t<div class=\"elementor-element elementor-element-1b98522 elementor-widget-divider--view-line elementor-widget elementor-widget-divider\" data-id=\"1b98522\" data-element_type=\"widget\" data-widget_type=\"divider.default\">\n\t\t\t\t\t\t\t<div class=\"elementor-divider\">\n\t\t\t<span class=\"elementor-divider-separator\">\n\t\t\t\t\t\t<\/span>\n\t\t<\/div>\n\t\t\t\t\t\t<\/div>\n\t\t\t\t<div class=\"elementor-element elementor-element-c34bd93 elementor-widget elementor-widget-image\" data-id=\"c34bd93\" data-element_type=\"widget\" data-widget_type=\"image.default\">\n\t\t\t\t\t\t\t\t\t\t\t\t\t\t\t<img fetchpriority=\"high\" decoding=\"async\" width=\"777\" height=\"535\" src=\"https:\/\/redelog.rj.gov.br\/redelog\/wp-content\/uploads\/2021\/10\/tr.jpg\" class=\"attachment-large size-large wp-image-11327\" alt=\"\" srcset=\"https:\/\/redelog.rj.gov.br\/redelog\/wp-content\/uploads\/2021\/10\/tr.jpg 777w, https:\/\/redelog.rj.gov.br\/redelog\/wp-content\/uploads\/2021\/10\/tr-300x207.jpg 300w, https:\/\/redelog.rj.gov.br\/redelog\/wp-content\/uploads\/2021\/10\/tr-768x529.jpg 768w, https:\/\/redelog.rj.gov.br\/redelog\/wp-content\/uploads\/2021\/10\/tr-600x413.jpg 600w\" sizes=\"(max-width: 777px) 100vw, 777px\" \/>\t\t\t\t\t\t\t\t\t\t\t\t\t\t\t<\/div>\n\t\t\t\t<div class=\"elementor-element elementor-element-ea9fab2 elementor-widget-divider--view-line elementor-widget elementor-widget-divider\" data-id=\"ea9fab2\" data-element_type=\"widget\" data-widget_type=\"divider.default\">\n\t\t\t\t\t\t\t<div class=\"elementor-divider\">\n\t\t\t<span class=\"elementor-divider-separator\">\n\t\t\t\t\t\t<\/span>\n\t\t<\/div>\n\t\t\t\t\t\t<\/div>\n\t\t\t\t<div class=\"elementor-element elementor-element-a2a9db1 elementor-widget elementor-widget-heading\" data-id=\"a2a9db1\" data-element_type=\"widget\" data-widget_type=\"heading.default\">\n\t\t\t\t\t<h2 class=\"elementor-heading-title elementor-size-default\">Termo de Refer\u00eancia<\/h2>\t\t\t\t<\/div>\n\t\t\t\t<div class=\"elementor-element elementor-element-3b2a30e elementor-widget elementor-widget-text-editor\" data-id=\"3b2a30e\" data-element_type=\"widget\" data-widget_type=\"text-editor.default\">\n\t\t\t\t\t\t\t\t\t<p>A<strong> <a href=\"http:\/\/www.planalto.gov.br\/ccivil_03\/_ato2019-2022\/2021\/lei\/L14133.htm\" target=\"_blank\" rel=\"noopener\">Lei n\u00ba 14.133<\/a><\/strong>, de 1\u00ba de abril de 2021, prev\u00ea no inc. XXIII do <strong>art. 6\u00ba<\/strong> que o TR deve conter os seguintes par\u00e2metros e elementos descritivos:<\/p><p><em>a) defini\u00e7\u00e3o do objeto, inclu\u00eddos sua natureza, os quantitativos, o prazo do contrato e, se for o caso, a possibilidade de sua prorroga\u00e7\u00e3o;<\/em><\/p><p><em>b) fundamenta\u00e7\u00e3o da contrata\u00e7\u00e3o, que consiste na refer\u00eancia aos estudos t\u00e9cnicos preliminares correspondentes ou, quando n\u00e3o for poss\u00edvel divulgar esses estudos, no extrato das partes que n\u00e3o contiverem informa\u00e7\u00f5es sigilosas;<\/em><\/p><p><em>c) descri\u00e7\u00e3o da solu\u00e7\u00e3o como um todo, considerado todo o ciclo de vida do objeto;<\/em><\/p><p><em>d) requisitos da contrata\u00e7\u00e3o;<\/em><\/p><p><em>e) modelo de execu\u00e7\u00e3o do objeto, que consiste na defini\u00e7\u00e3o de como o contrato dever\u00e1 produzir os resultados pretendidos desde o seu in\u00edcio at\u00e9 o seu encerramento;<\/em><\/p><p><em>f) modelo de gest\u00e3o do contrato, que descreve como a execu\u00e7\u00e3o do objeto ser\u00e1 acompanhada e fiscalizada pelo \u00f3rg\u00e3o ou entidade;<\/em><\/p><p><em>g) crit\u00e9rios de medi\u00e7\u00e3o e de pagamento;<\/em><\/p><p><em>h) forma e crit\u00e9rios de sele\u00e7\u00e3o do fornecedor;<\/em><\/p><p><em>i) estimativas do valor da contrata\u00e7\u00e3o, acompanhadas dos pre\u00e7os unit\u00e1rios referenciais, das mem\u00f3rias de c\u00e1lculo e dos documentos que lhe d\u00e3o suporte, com os par\u00e2metros utilizados para a obten\u00e7\u00e3o dos pre\u00e7os e para os respectivos c\u00e1lculos, que devem constar de documento separado e classificado;<\/em><\/p><p><em>j) adequa\u00e7\u00e3o or\u00e7ament\u00e1ria.<\/em><\/p>\t\t\t\t\t\t\t\t<\/div>\n\t\t\t\t<div class=\"elementor-element elementor-element-690bb7e elementor-widget-divider--view-line elementor-widget elementor-widget-divider\" data-id=\"690bb7e\" data-element_type=\"widget\" data-widget_type=\"divider.default\">\n\t\t\t\t\t\t\t<div class=\"elementor-divider\">\n\t\t\t<span class=\"elementor-divider-separator\">\n\t\t\t\t\t\t<\/span>\n\t\t<\/div>\n\t\t\t\t\t\t<\/div>\n\t\t\t\t<div class=\"elementor-element elementor-element-8178afa elementor-widget elementor-widget-heading\" data-id=\"8178afa\" data-element_type=\"widget\" data-widget_type=\"heading.default\">\n\t\t\t\t\t<h2 class=\"elementor-heading-title elementor-size-default\">Anteprojeto e Projeto B\u00e1sico<\/h2>\t\t\t\t<\/div>\n\t\t\t\t<div class=\"elementor-element elementor-element-4e9b7f4 elementor-widget elementor-widget-text-editor\" data-id=\"4e9b7f4\" data-element_type=\"widget\" data-widget_type=\"text-editor.default\">\n\t\t\t\t\t\t\t\t\t<p>Para a contrata\u00e7\u00e3o de obras e\/ou servi\u00e7os de engenharia, a Lei n\u00ba 14.133 prev\u00ea a necessidade de elabora\u00e7\u00e3o do <strong>Anteprojeto<\/strong>, que \u00e9 a pe\u00e7a t\u00e9cnica que subsidiar\u00e1 a elabora\u00e7\u00e3o do Projeto B\u00e1sico, e cujos elementos est\u00e3o previsto no inc. XXIV do <strong>art. 6\u00ba<\/strong>:<\/p><p><em>a) demonstra\u00e7\u00e3o e justificativa do programa de necessidades, avalia\u00e7\u00e3o de demanda do p\u00fablico-alvo, motiva\u00e7\u00e3o t\u00e9cnico-econ\u00f4mico-social do empreendimento, vis\u00e3o global dos investimentos e defini\u00e7\u00f5es relacionadas ao n\u00edvel de servi\u00e7o desejado;<\/em><\/p><p><em>b) condi\u00e7\u00f5es de solidez, de seguran\u00e7a e de durabilidade;<\/em><\/p><p><em>c) prazo de entrega;<\/em><\/p><p><em>d) est\u00e9tica do projeto arquitet\u00f4nico, tra\u00e7ado geom\u00e9trico e\/ou projeto da \u00e1rea de influ\u00eancia, quando cab\u00edvel;<\/em><\/p><p><em>e) par\u00e2metros de adequa\u00e7\u00e3o ao interesse p\u00fablico, de economia na utiliza\u00e7\u00e3o, de facilidade na execu\u00e7\u00e3o, de impacto ambiental e de acessibilidade;<\/em><\/p><p><em>f) proposta de concep\u00e7\u00e3o da obra ou do servi\u00e7o de engenharia;<\/em><\/p><p><em>g) projetos anteriores ou estudos preliminares que embasaram a concep\u00e7\u00e3o proposta;<\/em><\/p><p><em>h) levantamento topogr\u00e1fico e cadastral;<\/em><\/p><p><em>i) pareceres de sondagem;<\/em><\/p><p><em>j) memorial descritivo dos elementos da edifica\u00e7\u00e3o, dos componentes construtivos e dos materiais de constru\u00e7\u00e3o, de forma a estabelecer padr\u00f5es m\u00ednimos para a contrata\u00e7\u00e3o.<\/em><\/p><p>Quanto ao <strong>Projeto B\u00e1sico<\/strong>, definido no inc. XXV do <strong>art. 6\u00ba<\/strong> como o <em>conjunto de elementos necess\u00e1rios e suficientes, com n\u00edvel de precis\u00e3o adequado para definir e dimensionar a obra ou o servi\u00e7o, ou o complexo de obras ou de servi\u00e7os objeto da licita\u00e7\u00e3o, elaborado com base nas indica\u00e7\u00f5es dos estudos t\u00e9cnicos preliminares, que assegure a viabilidade t\u00e9cnica e o adequado tratamento do impacto ambiental do empreendimento e que possibilite a avalia\u00e7\u00e3o do custo da obra e a defini\u00e7\u00e3o dos m\u00e9todos e do prazo de execu\u00e7\u00e3o<\/em>, dele dever\u00e3o constar:<\/p><p><em>a) levantamentos topogr\u00e1ficos e cadastrais, sondagens e ensaios geot\u00e9cnicos, ensaios e an\u00e1lises laboratoriais, estudos socioambientais e demais dados e levantamentos necess\u00e1rios para execu\u00e7\u00e3o da solu\u00e7\u00e3o escolhida;<\/em><\/p><p><em>b) solu\u00e7\u00f5es t\u00e9cnicas globais e localizadas, suficientemente detalhadas, de forma a evitar, por ocasi\u00e3o da elabora\u00e7\u00e3o do projeto executivo e da realiza\u00e7\u00e3o das obras e montagem, a necessidade de reformula\u00e7\u00f5es ou variantes quanto \u00e0 qualidade, ao pre\u00e7o e ao prazo inicialmente definidos;<\/em><\/p><p><em>c) identifica\u00e7\u00e3o dos tipos de servi\u00e7os a executar e dos materiais e equipamentos a incorporar \u00e0 obra, bem como das suas especifica\u00e7\u00f5es, de modo a assegurar os melhores resultados para o empreendimento e a seguran\u00e7a executiva na utiliza\u00e7\u00e3o do objeto, para os fins a que se destina, considerados os riscos e os perigos identific\u00e1veis, sem frustrar o car\u00e1ter competitivo para a sua execu\u00e7\u00e3o;<\/em><\/p><p><em>d) informa\u00e7\u00f5es que possibilitem o estudo e a defini\u00e7\u00e3o de m\u00e9todos construtivos, de instala\u00e7\u00f5es provis\u00f3rias e de condi\u00e7\u00f5es organizacionais para a obra, sem frustrar o car\u00e1ter competitivo para a sua execu\u00e7\u00e3o;<\/em><\/p><p><em>e) subs\u00eddios para montagem do plano de licita\u00e7\u00e3o e gest\u00e3o da obra, compreendidos a sua programa\u00e7\u00e3o, a estrat\u00e9gia de suprimentos, as normas de fiscaliza\u00e7\u00e3o e outros dados necess\u00e1rios em cada caso;<\/em><\/p><p><em>f) or\u00e7amento detalhado do custo global da obra, fundamentado em quantitativos de servi\u00e7os e fornecimentos propriamente avaliados, obrigat\u00f3rio exclusivamente para os regimes de execu\u00e7\u00e3o previstos nos incisos I, II, III, IV e VII do caput do art. 46 desta Lei.<\/em><\/p>\t\t\t\t\t\t\t\t<\/div>\n\t\t\t\t<div class=\"elementor-element elementor-element-c014481 elementor-widget-divider--view-line elementor-widget elementor-widget-divider\" data-id=\"c014481\" data-element_type=\"widget\" data-widget_type=\"divider.default\">\n\t\t\t\t\t\t\t<div class=\"elementor-divider\">\n\t\t\t<span class=\"elementor-divider-separator\">\n\t\t\t\t\t\t<\/span>\n\t\t<\/div>\n\t\t\t\t\t\t<\/div>\n\t\t\t\t<div class=\"elementor-element elementor-element-af5e9c4 elementor-widget elementor-widget-heading\" data-id=\"af5e9c4\" data-element_type=\"widget\" data-widget_type=\"heading.default\">\n\t\t\t\t\t<h2 class=\"elementor-heading-title elementor-size-default\">Termo de Refer\u00eancia ou Projeto B\u00e1sico incompleto ou inconsistente<\/h2>\t\t\t\t<\/div>\n\t\t\t\t<div class=\"elementor-element elementor-element-a720179 elementor-widget elementor-widget-text-editor\" data-id=\"a720179\" data-element_type=\"widget\" data-widget_type=\"text-editor.default\">\n\t\t\t\t\t\t\t\t\t<p style=\"text-align: justify;\">O Termo de Refer\u00eancia ou Projeto B\u00e1sico, se incompleto ou inconsistente, ter\u00e1 conte\u00fado que n\u00e3o permitir\u00e1 que seja selecionada a proposta mais vantajosa para a Administra\u00e7\u00e3o, ou resultar\u00e1 em contrato sem mecanismos adequados para a gest\u00e3o contratual, com consequente desperd\u00edcio de recursos p\u00fablicos. Assim, \u00e9 importante que seja adotada pela <a href=\"http:\/\/redelog.rj.gov.br\/redelog\/equipe-de-planejamento\/\">Equipe de Planejamento<\/a> uma lista de verifica\u00e7\u00e3o (checklist) para verificar se o TR ou PB atenderam a todos os requisitos necess\u00e1rios.<\/p>\t\t\t\t\t\t\t\t<\/div>\n\t\t\t\t<div class=\"elementor-element elementor-element-3ebaa46 elementor-widget-divider--view-line elementor-widget elementor-widget-divider\" data-id=\"3ebaa46\" data-element_type=\"widget\" data-widget_type=\"divider.default\">\n\t\t\t\t\t\t\t<div class=\"elementor-divider\">\n\t\t\t<span class=\"elementor-divider-separator\">\n\t\t\t\t\t\t<\/span>\n\t\t<\/div>\n\t\t\t\t\t\t<\/div>\n\t\t\t\t<div class=\"elementor-element elementor-element-44323bb elementor-widget elementor-widget-heading\" data-id=\"44323bb\" data-element_type=\"widget\" data-widget_type=\"heading.default\">\n\t\t\t\t\t<h2 class=\"elementor-heading-title elementor-size-default\">Questionamentos quanto a exig\u00eancias n\u00e3o usuais<\/h2>\t\t\t\t<\/div>\n\t\t\t\t<div class=\"elementor-element elementor-element-662bea3 elementor-widget elementor-widget-text-editor\" data-id=\"662bea3\" data-element_type=\"widget\" data-widget_type=\"text-editor.default\">\n\t\t\t\t\t\t\t\t\t<p style=\"text-align: justify;\">A previs\u00e3o de exig\u00eancias no edital, legais e leg\u00edtimas, mas n\u00e3o usuais, pode levar a questionamentos no certame (impugna\u00e7\u00f5es, recursos) e junto a \u00f3rg\u00e3os externos (poder judici\u00e1rio, TCE), com consequente paralisa\u00e7\u00e3o do certame at\u00e9 que a exig\u00eancia seja compreendida.<\/p><p style=\"text-align: justify;\">A fim de mitigar tal risco, a Equipe de Planejamento da contrata\u00e7\u00e3o poder\u00e1 incluir refer\u00eancia aos dispositivos legais e\/ou jurisprud\u00eancia que fundamentem a inclus\u00e3o das exig\u00eancias que n\u00e3o s\u00e3o usuais e t\u00eam maior potencial para serem alvo de questionamentos.<\/p><p style=\"text-align: justify;\">Refer\u00eancia: <strong><a href=\"http:\/\/www.tcu.gov.br\/arquivosrca\/001.003.011.htm\">http:\/\/www.tcu.gov.br\/arquivosrca\/001.003.011.htm<\/a><\/strong><\/p><p style=\"text-align: justify;\">\u00a0<\/p>\t\t\t\t\t\t\t\t<\/div>\n\t\t\t\t<div class=\"elementor-element elementor-element-604e89d elementor-widget-divider--view-line elementor-widget elementor-widget-divider\" data-id=\"604e89d\" data-element_type=\"widget\" data-widget_type=\"divider.default\">\n\t\t\t\t\t\t\t<div class=\"elementor-divider\">\n\t\t\t<span class=\"elementor-divider-separator\">\n\t\t\t\t\t\t<\/span>\n\t\t<\/div>\n\t\t\t\t\t\t<\/div>\n\t\t\t\t<div class=\"elementor-element elementor-element-70a964b elementor-widget elementor-widget-heading\" data-id=\"70a964b\" data-element_type=\"widget\" data-widget_type=\"heading.default\">\n\t\t\t\t\t<h2 class=\"elementor-heading-title elementor-size-default\">Modelos e Guias de Preenchimento de<br>Termo de Refer\u00eancia<\/h2>\t\t\t\t<\/div>\n\t\t\t\t<div class=\"elementor-element elementor-element-db1b959 elementor-widget elementor-widget-text-editor\" data-id=\"db1b959\" data-element_type=\"widget\" data-widget_type=\"text-editor.default\">\n\t\t\t\t\t\t\t\t\t<p style=\"text-align: justify;\">Os modelos e guias de preenchimento de Termo de Refer\u00eancia (TR) est\u00e3o divididos conforme o objeto a ser contratado:\u00a0<\/p><p style=\"text-align: justify;\">1 &#8211; Aquisi\u00e7\u00e3o de Material de Consumo<\/p><p style=\"text-align: justify;\"><strong><a href=\"https:\/\/www.redelog.rj.gov.br\/redelog\/wp-content\/uploads\/2022\/02\/Aquisicao-Mat-Consumo-Modelo-TR.docx\">Modelo<\/a> | <a href=\"https:\/\/www.redelog.rj.gov.br\/redelog\/wp-content\/uploads\/2022\/02\/Aquisicao-Mat-Consumo-Guia-TR.docx\">Guia<\/a><\/strong><\/p><p style=\"text-align: justify;\">2 &#8211; Aquisi\u00e7\u00e3o de Material Permanente<\/p><p><strong><a href=\"https:\/\/www.redelog.rj.gov.br\/redelog\/wp-content\/uploads\/2022\/02\/Aquisicao-Mat-Permanente-Modelo-TR.docx\">Modelo<\/a> | <a href=\"https:\/\/www.redelog.rj.gov.br\/redelog\/wp-content\/uploads\/2022\/02\/Aquisicao-Mat-Permanente-Guia-TR.docx\">Guia<\/a><\/strong><\/p><p style=\"text-align: justify;\">3 &#8211; Contrata\u00e7\u00e3o de Servi\u00e7o por Escopo<\/p><p><strong><a href=\"https:\/\/www.redelog.rj.gov.br\/redelog\/wp-content\/uploads\/2022\/01\/Contratacao-Serv-Escopo-Modelo-TR.docx\" target=\"_blank\" rel=\"noopener\">Modelo<\/a> | <a href=\"https:\/\/www.redelog.rj.gov.br\/redelog\/wp-content\/uploads\/2022\/01\/Contratacao-Serv-Escopo-Guia-TR.docx\">Guia<\/a><\/strong><\/p><p style=\"text-align: justify;\"><span style=\"letter-spacing: 0px;\">4 &#8211; Contrata\u00e7\u00e3o de Servi\u00e7os Continuados sem m\u00e3o de obra<\/span><\/p><p><strong><a href=\"https:\/\/www.redelog.rj.gov.br\/redelog\/wp-content\/uploads\/2022\/02\/Contratacao-Serv-Contin-sem-MO-Modelo-TR.docx\">Modelo<\/a> | <a href=\"https:\/\/www.redelog.rj.gov.br\/redelog\/wp-content\/uploads\/2022\/02\/Contratacao-Serv-Contin-sem-MO-Guia-TR.docx\">Guia<\/a><\/strong><\/p><p style=\"text-align: justify;\"><span style=\"letter-spacing: 0px;\"><strong>5 &#8211; Contrata\u00e7\u00e3o<\/strong> de Servi\u00e7os Continuados com m\u00e3o de obra<\/span><\/p><p><strong><a href=\"https:\/\/www.redelog.rj.gov.br\/redelog\/wp-content\/uploads\/2022\/02\/Contratacao-Serv-Contin-com-MO-Modelo-TR.docx\">Modelo<\/a> | <a href=\"https:\/\/www.redelog.rj.gov.br\/redelog\/wp-content\/uploads\/2022\/02\/Contratacao-Serv-Contin-com-MO-Guia-TR.docx\">Guia<\/a><\/strong><\/p>\t\t\t\t\t\t\t\t<\/div>\n\t\t\t\t<section class=\"elementor-section elementor-inner-section elementor-element elementor-element-f11114c elementor-section-boxed elementor-section-height-default elementor-section-height-default\" data-id=\"f11114c\" data-element_type=\"section\" id=\"download\" data-settings=\"{&quot;jet_parallax_layout_list&quot;:[{&quot;jet_parallax_layout_image&quot;:{&quot;url&quot;:&quot;&quot;,&quot;id&quot;:&quot;&quot;,&quot;size&quot;:&quot;&quot;},&quot;_id&quot;:&quot;3bdc7a2&quot;,&quot;jet_parallax_layout_image_tablet&quot;:{&quot;url&quot;:&quot;&quot;,&quot;id&quot;:&quot;&quot;,&quot;size&quot;:&quot;&quot;},&quot;jet_parallax_layout_image_mobile&quot;:{&quot;url&quot;:&quot;&quot;,&quot;id&quot;:&quot;&quot;,&quot;size&quot;:&quot;&quot;},&quot;jet_parallax_layout_speed&quot;:{&quot;unit&quot;:&quot;%&quot;,&quot;size&quot;:50,&quot;sizes&quot;:[]},&quot;jet_parallax_layout_type&quot;:&quot;scroll&quot;,&quot;jet_parallax_layout_direction&quot;:&quot;1&quot;,&quot;jet_parallax_layout_fx_direction&quot;:null,&quot;jet_parallax_layout_z_index&quot;:&quot;&quot;,&quot;jet_parallax_layout_bg_x&quot;:50,&quot;jet_parallax_layout_bg_x_tablet&quot;:&quot;&quot;,&quot;jet_parallax_layout_bg_x_mobile&quot;:&quot;&quot;,&quot;jet_parallax_layout_bg_y&quot;:50,&quot;jet_parallax_layout_bg_y_tablet&quot;:&quot;&quot;,&quot;jet_parallax_layout_bg_y_mobile&quot;:&quot;&quot;,&quot;jet_parallax_layout_bg_size&quot;:&quot;auto&quot;,&quot;jet_parallax_layout_bg_size_tablet&quot;:&quot;&quot;,&quot;jet_parallax_layout_bg_size_mobile&quot;:&quot;&quot;,&quot;jet_parallax_layout_animation_prop&quot;:&quot;transform&quot;,&quot;jet_parallax_layout_on&quot;:[&quot;desktop&quot;,&quot;tablet&quot;]}]}\">\n\t\t\t\t\t\t<div class=\"elementor-container elementor-column-gap-default\">\n\t\t\t\t\t<div class=\"elementor-column elementor-col-100 elementor-inner-column elementor-element elementor-element-1404fdb\" data-id=\"1404fdb\" data-element_type=\"column\">\n\t\t\t<div class=\"elementor-widget-wrap elementor-element-populated\">\n\t\t\t\t\t\t<div class=\"elementor-element elementor-element-f4de02b elementor-widget-divider--view-line elementor-widget elementor-widget-divider\" data-id=\"f4de02b\" data-element_type=\"widget\" data-widget_type=\"divider.default\">\n\t\t\t\t\t\t\t<div class=\"elementor-divider\">\n\t\t\t<span class=\"elementor-divider-separator\">\n\t\t\t\t\t\t<\/span>\n\t\t<\/div>\n\t\t\t\t\t\t<\/div>\n\t\t\t\t<div class=\"elementor-element elementor-element-d1032bf elementor-widget elementor-widget-heading\" data-id=\"d1032bf\" data-element_type=\"widget\" data-widget_type=\"heading.default\">\n\t\t\t\t\t<h2 class=\"elementor-heading-title elementor-size-default\">Modelo de Projeto B\u00e1sico<\/h2>\t\t\t\t<\/div>\n\t\t\t\t<div class=\"elementor-element elementor-element-dede652 elementor-widget elementor-widget-image\" data-id=\"dede652\" data-element_type=\"widget\" data-widget_type=\"image.default\">\n\t\t\t\t\t\t\t\t\t\t\t\t\t\t\t\t<a href=\"http:\/\/redelog.rj.gov.br\/redelog\/wp-content\/uploads\/2021\/10\/Modelo-Projeto-Basico.pdf\" target=\"_blank\">\n\t\t\t\t\t\t\t<img decoding=\"async\" width=\"225\" height=\"225\" data-src=\"https:\/\/redelog.rj.gov.br\/redelog\/wp-content\/uploads\/2021\/11\/pdf.png\" class=\"attachment-large size-large wp-image-5853 lazyload\" alt=\"\" data-srcset=\"https:\/\/redelog.rj.gov.br\/redelog\/wp-content\/uploads\/2021\/11\/pdf.png 225w, https:\/\/redelog.rj.gov.br\/redelog\/wp-content\/uploads\/2021\/11\/pdf-150x150.png 150w\" data-sizes=\"(max-width: 225px) 100vw, 225px\" src=\"data:image\/svg+xml;base64,PHN2ZyB3aWR0aD0iMSIgaGVpZ2h0PSIxIiB4bWxucz0iaHR0cDovL3d3dy53My5vcmcvMjAwMC9zdmciPjwvc3ZnPg==\" style=\"--smush-placeholder-width: 225px; --smush-placeholder-aspect-ratio: 225\/225;\" \/>\t\t\t\t\t\t\t\t<\/a>\n\t\t\t\t\t\t\t\t\t\t\t\t\t\t\t<\/div>\n\t\t\t\t\t<\/div>\n\t\t<\/div>\n\t\t\t\t\t<\/div>\n\t\t<\/section>\n\t\t\t\t<div class=\"elementor-element elementor-element-f689105 elementor-widget-divider--view-line elementor-widget elementor-widget-divider\" data-id=\"f689105\" data-element_type=\"widget\" data-widget_type=\"divider.default\">\n\t\t\t\t\t\t\t<div class=\"elementor-divider\">\n\t\t\t<span class=\"elementor-divider-separator\">\n\t\t\t\t\t\t<\/span>\n\t\t<\/div>\n\t\t\t\t\t\t<\/div>\n\t\t\t\t\t<\/div>\n\t\t<\/div>\n\t\t\t\t\t<\/div>\n\t\t<\/section>\n\t\t\t\t<section class=\"elementor-section elementor-top-section elementor-element elementor-element-3d3b86e elementor-section-boxed elementor-section-height-default elementor-section-height-default\" data-id=\"3d3b86e\" data-element_type=\"section\" id=\"options\" data-settings=\"{&quot;jet_parallax_layout_list&quot;:[{&quot;jet_parallax_layout_image&quot;:{&quot;url&quot;:&quot;&quot;,&quot;id&quot;:&quot;&quot;,&quot;size&quot;:&quot;&quot;},&quot;_id&quot;:&quot;d3cdd8d&quot;,&quot;jet_parallax_layout_image_tablet&quot;:{&quot;url&quot;:&quot;&quot;,&quot;id&quot;:&quot;&quot;,&quot;size&quot;:&quot;&quot;},&quot;jet_parallax_layout_image_mobile&quot;:{&quot;url&quot;:&quot;&quot;,&quot;id&quot;:&quot;&quot;,&quot;size&quot;:&quot;&quot;},&quot;jet_parallax_layout_speed&quot;:{&quot;unit&quot;:&quot;%&quot;,&quot;size&quot;:50,&quot;sizes&quot;:[]},&quot;jet_parallax_layout_type&quot;:&quot;scroll&quot;,&quot;jet_parallax_layout_direction&quot;:&quot;1&quot;,&quot;jet_parallax_layout_fx_direction&quot;:null,&quot;jet_parallax_layout_z_index&quot;:&quot;&quot;,&quot;jet_parallax_layout_bg_x&quot;:50,&quot;jet_parallax_layout_bg_x_tablet&quot;:&quot;&quot;,&quot;jet_parallax_layout_bg_x_mobile&quot;:&quot;&quot;,&quot;jet_parallax_layout_bg_y&quot;:50,&quot;jet_parallax_layout_bg_y_tablet&quot;:&quot;&quot;,&quot;jet_parallax_layout_bg_y_mobile&quot;:&quot;&quot;,&quot;jet_parallax_layout_bg_size&quot;:&quot;auto&quot;,&quot;jet_parallax_layout_bg_size_tablet&quot;:&quot;&quot;,&quot;jet_parallax_layout_bg_size_mobile&quot;:&quot;&quot;,&quot;jet_parallax_layout_animation_prop&quot;:&quot;transform&quot;,&quot;jet_parallax_layout_on&quot;:[&quot;desktop&quot;,&quot;tablet&quot;]}]}\">\n\t\t\t\t\t\t<div class=\"elementor-container elementor-column-gap-default\">\n\t\t\t\t\t<div class=\"elementor-column elementor-col-100 elementor-top-column elementor-element elementor-element-15ed105\" data-id=\"15ed105\" data-element_type=\"column\">\n\t\t\t<div class=\"elementor-widget-wrap elementor-element-populated\">\n\t\t\t\t\t\t<div class=\"elementor-element elementor-element-ccc8e86 elementor-widget elementor-widget-shortcode\" data-id=\"ccc8e86\" data-element_type=\"widget\" data-widget_type=\"shortcode.default\">\n\t\t\t\t\t\t\t<div class=\"elementor-shortcode\"><div class='printomatic pom-default ' id='id5768' alt='Imprimir' title='Imprimir' data-print_target='#post-3032'><\/div> <div class='printomatictext' id='id5768' alt='Imprimir' title='Imprimir' data-print_target='#post-3032'>Imprimir<\/div><div style='clear: both;'><\/div><\/div>\n\t\t\t\t\t\t<\/div>\n\t\t\t\t\t<\/div>\n\t\t<\/div>\n\t\t\t\t\t<\/div>\n\t\t<\/section>\n\t\t\t\t<section class=\"elementor-section elementor-top-section elementor-element elementor-element-d5208c6 elementor-section-boxed elementor-section-height-default elementor-section-height-default\" data-id=\"d5208c6\" data-element_type=\"section\" data-settings=\"{&quot;jet_parallax_layout_list&quot;:[{&quot;jet_parallax_layout_image&quot;:{&quot;url&quot;:&quot;&quot;,&quot;id&quot;:&quot;&quot;,&quot;size&quot;:&quot;&quot;},&quot;_id&quot;:&quot;987802d&quot;,&quot;jet_parallax_layout_image_tablet&quot;:{&quot;url&quot;:&quot;&quot;,&quot;id&quot;:&quot;&quot;,&quot;size&quot;:&quot;&quot;},&quot;jet_parallax_layout_image_mobile&quot;:{&quot;url&quot;:&quot;&quot;,&quot;id&quot;:&quot;&quot;,&quot;size&quot;:&quot;&quot;},&quot;jet_parallax_layout_speed&quot;:{&quot;unit&quot;:&quot;%&quot;,&quot;size&quot;:50,&quot;sizes&quot;:[]},&quot;jet_parallax_layout_type&quot;:&quot;scroll&quot;,&quot;jet_parallax_layout_direction&quot;:&quot;1&quot;,&quot;jet_parallax_layout_fx_direction&quot;:null,&quot;jet_parallax_layout_z_index&quot;:&quot;&quot;,&quot;jet_parallax_layout_bg_x&quot;:50,&quot;jet_parallax_layout_bg_x_tablet&quot;:&quot;&quot;,&quot;jet_parallax_layout_bg_x_mobile&quot;:&quot;&quot;,&quot;jet_parallax_layout_bg_y&quot;:50,&quot;jet_parallax_layout_bg_y_tablet&quot;:&quot;&quot;,&quot;jet_parallax_layout_bg_y_mobile&quot;:&quot;&quot;,&quot;jet_parallax_layout_bg_size&quot;:&quot;auto&quot;,&quot;jet_parallax_layout_bg_size_tablet&quot;:&quot;&quot;,&quot;jet_parallax_layout_bg_size_mobile&quot;:&quot;&quot;,&quot;jet_parallax_layout_animation_prop&quot;:&quot;transform&quot;,&quot;jet_parallax_layout_on&quot;:[&quot;desktop&quot;,&quot;tablet&quot;]}]}\">\n\t\t\t\t\t\t<div class=\"elementor-container elementor-column-gap-default\">\n\t\t\t\t\t<div class=\"elementor-column elementor-col-50 elementor-top-column elementor-element elementor-element-d14de13\" data-id=\"d14de13\" data-element_type=\"column\">\n\t\t\t<div class=\"elementor-widget-wrap elementor-element-populated\">\n\t\t\t\t\t\t<div class=\"elementor-element elementor-element-7c2c640 elementor-widget elementor-widget-text-editor\" data-id=\"7c2c640\" data-element_type=\"widget\" data-widget_type=\"text-editor.default\">\n\t\t\t\t\t\t\t\t\t<p><a href=\"https:\/\/redelog.rj.gov.br\/redelog\/mapa-de-riscos\/\"><strong>\u2190 Mapa de Riscos\u00a0<\/strong><\/a><\/p>\t\t\t\t\t\t\t\t<\/div>\n\t\t\t\t\t<\/div>\n\t\t<\/div>\n\t\t\t\t<div class=\"elementor-column elementor-col-50 elementor-top-column elementor-element elementor-element-4b245c0\" data-id=\"4b245c0\" data-element_type=\"column\">\n\t\t\t<div class=\"elementor-widget-wrap elementor-element-populated\">\n\t\t\t\t\t\t<div class=\"elementor-element elementor-element-6e59974 elementor-widget elementor-widget-text-editor\" data-id=\"6e59974\" data-element_type=\"widget\" data-widget_type=\"text-editor.default\">\n\t\t\t\t\t\t\t\t\t<p><a href=\"https:\/\/redelog.rj.gov.br\/redelog\/pesquisa-de-precos-2\/\"><strong>Pesquisa de Pre\u00e7os \u2192<\/strong><\/a><\/p>\t\t\t\t\t\t\t\t<\/div>\n\t\t\t\t\t<\/div>\n\t\t<\/div>\n\t\t\t\t\t<\/div>\n\t\t<\/section>\n\t\t\t\t<\/div>\n\t\t","protected":false},"excerpt":{"rendered":"<p>O Termo de Refer\u00eancia (TR) \u00e9 utilizado na contrata\u00e7\u00e3o de bens e servi\u00e7os, enquanto o Projeto B\u00e1sico (PB) \u00e9 utilizado nas contrata\u00e7\u00f5es de obras e servi\u00e7os de engenharia. O TR ou o PB s\u00e3o documentos anexos ao edital de uma licita\u00e7\u00e3o que deve conter os elementos necess\u00e1rios e suficientes, com n\u00edvel de precis\u00e3o adequado, para [&hellip;]<\/p>\n","protected":false},"author":1,"featured_media":0,"comment_status":"closed","ping_status":"open","sticky":false,"template":"","format":"standard","meta":{"_joinchat":[],"footnotes":""},"categories":[28],"tags":[],"class_list":["post-3032","post","type-post","status-publish","format-standard","hentry","category-cat-fase-preparatoria"],"yoast_head":"<!-- This site is optimized with the Yoast SEO plugin v25.7 - https:\/\/yoast.com\/wordpress\/plugins\/seo\/ -->\n<title>TERMO DE REFER\u00caNCIA \/ PROJETO B\u00c1SICO - Redelog<\/title>\n<meta name=\"robots\" content=\"index, follow, max-snippet:-1, max-image-preview:large, max-video-preview:-1\" \/>\n<link rel=\"canonical\" href=\"https:\/\/redelog.rj.gov.br\/redelog\/termo-de-referencia\/\" \/>\n<meta property=\"og:locale\" content=\"pt_BR\" \/>\n<meta property=\"og:type\" content=\"article\" \/>\n<meta property=\"og:title\" content=\"TERMO DE REFER\u00caNCIA \/ PROJETO B\u00c1SICO - Redelog\" \/>\n<meta property=\"og:description\" content=\"O Termo de Refer\u00eancia (TR) \u00e9 utilizado na contrata\u00e7\u00e3o de bens e servi\u00e7os, enquanto o Projeto B\u00e1sico (PB) \u00e9 utilizado nas contrata\u00e7\u00f5es de obras e servi\u00e7os de engenharia. O TR ou o PB s\u00e3o documentos anexos ao edital de uma licita\u00e7\u00e3o que deve conter os elementos necess\u00e1rios e suficientes, com n\u00edvel de precis\u00e3o adequado, para [&hellip;]\" \/>\n<meta property=\"og:url\" content=\"https:\/\/redelog.rj.gov.br\/redelog\/termo-de-referencia\/\" \/>\n<meta property=\"og:site_name\" content=\"Redelog\" \/>\n<meta property=\"article:published_time\" content=\"2021-10-04T18:48:34+00:00\" \/>\n<meta property=\"article:modified_time\" content=\"2024-04-17T18:07:30+00:00\" \/>\n<meta property=\"og:image\" content=\"http:\/\/www.redelog.rj.gov.br\/redelog\/wp-content\/uploads\/2021\/10\/cubos.jpg\" \/>\n<meta name=\"author\" content=\"alheiro\" \/>\n<meta name=\"twitter:card\" content=\"summary_large_image\" \/>\n<meta name=\"twitter:label1\" content=\"Escrito por\" \/>\n\t<meta name=\"twitter:data1\" content=\"alheiro\" \/>\n\t<meta name=\"twitter:label2\" content=\"Est. tempo de leitura\" \/>\n\t<meta name=\"twitter:data2\" content=\"7 minutos\" \/>\n<script type=\"application\/ld+json\" class=\"yoast-schema-graph\">{\"@context\":\"https:\/\/schema.org\",\"@graph\":[{\"@type\":\"Article\",\"@id\":\"https:\/\/redelog.rj.gov.br\/redelog\/termo-de-referencia\/#article\",\"isPartOf\":{\"@id\":\"https:\/\/redelog.rj.gov.br\/redelog\/termo-de-referencia\/\"},\"author\":{\"name\":\"alheiro\",\"@id\":\"https:\/\/redelog.rj.gov.br\/redelog\/#\/schema\/person\/1299ae2b7bfb510dd74c28ed239470fb\"},\"headline\":\"TERMO DE REFER\u00caNCIA \/ PROJETO B\u00c1SICO\",\"datePublished\":\"2021-10-04T18:48:34+00:00\",\"dateModified\":\"2024-04-17T18:07:30+00:00\",\"mainEntityOfPage\":{\"@id\":\"https:\/\/redelog.rj.gov.br\/redelog\/termo-de-referencia\/\"},\"wordCount\":1312,\"publisher\":{\"@id\":\"https:\/\/redelog.rj.gov.br\/redelog\/#organization\"},\"image\":{\"@id\":\"https:\/\/redelog.rj.gov.br\/redelog\/termo-de-referencia\/#primaryimage\"},\"thumbnailUrl\":\"https:\/\/www.redelog.rj.gov.br\/redelog\/wp-content\/uploads\/2021\/10\/cubos.jpg\",\"articleSection\":[\"Fase Preparat\u00f3ria\"],\"inLanguage\":\"pt-BR\"},{\"@type\":\"WebPage\",\"@id\":\"https:\/\/redelog.rj.gov.br\/redelog\/termo-de-referencia\/\",\"url\":\"https:\/\/redelog.rj.gov.br\/redelog\/termo-de-referencia\/\",\"name\":\"TERMO DE REFER\u00caNCIA \/ PROJETO B\u00c1SICO - Redelog\",\"isPartOf\":{\"@id\":\"https:\/\/redelog.rj.gov.br\/redelog\/#website\"},\"primaryImageOfPage\":{\"@id\":\"https:\/\/redelog.rj.gov.br\/redelog\/termo-de-referencia\/#primaryimage\"},\"image\":{\"@id\":\"https:\/\/redelog.rj.gov.br\/redelog\/termo-de-referencia\/#primaryimage\"},\"thumbnailUrl\":\"https:\/\/www.redelog.rj.gov.br\/redelog\/wp-content\/uploads\/2021\/10\/cubos.jpg\",\"datePublished\":\"2021-10-04T18:48:34+00:00\",\"dateModified\":\"2024-04-17T18:07:30+00:00\",\"breadcrumb\":{\"@id\":\"https:\/\/redelog.rj.gov.br\/redelog\/termo-de-referencia\/#breadcrumb\"},\"inLanguage\":\"pt-BR\",\"potentialAction\":[{\"@type\":\"ReadAction\",\"target\":[\"https:\/\/redelog.rj.gov.br\/redelog\/termo-de-referencia\/\"]}]},{\"@type\":\"ImageObject\",\"inLanguage\":\"pt-BR\",\"@id\":\"https:\/\/redelog.rj.gov.br\/redelog\/termo-de-referencia\/#primaryimage\",\"url\":\"https:\/\/www.redelog.rj.gov.br\/redelog\/wp-content\/uploads\/2021\/10\/cubos.jpg\",\"contentUrl\":\"https:\/\/www.redelog.rj.gov.br\/redelog\/wp-content\/uploads\/2021\/10\/cubos.jpg\"},{\"@type\":\"BreadcrumbList\",\"@id\":\"https:\/\/redelog.rj.gov.br\/redelog\/termo-de-referencia\/#breadcrumb\",\"itemListElement\":[{\"@type\":\"ListItem\",\"position\":1,\"name\":\"Home\",\"item\":\"https:\/\/redelog.rj.gov.br\/redelog\/\"},{\"@type\":\"ListItem\",\"position\":2,\"name\":\"TERMO DE REFER\u00caNCIA \/ PROJETO B\u00c1SICO\"}]},{\"@type\":\"WebSite\",\"@id\":\"https:\/\/redelog.rj.gov.br\/redelog\/#website\",\"url\":\"https:\/\/redelog.rj.gov.br\/redelog\/\",\"name\":\"Redelog\",\"description\":\"Site da Rede de Log\u00edstica e Planejamento do Estado do Rio de Janeiro\",\"publisher\":{\"@id\":\"https:\/\/redelog.rj.gov.br\/redelog\/#organization\"},\"potentialAction\":[{\"@type\":\"SearchAction\",\"target\":{\"@type\":\"EntryPoint\",\"urlTemplate\":\"https:\/\/redelog.rj.gov.br\/redelog\/?s={search_term_string}\"},\"query-input\":{\"@type\":\"PropertyValueSpecification\",\"valueRequired\":true,\"valueName\":\"search_term_string\"}}],\"inLanguage\":\"pt-BR\"},{\"@type\":\"Organization\",\"@id\":\"https:\/\/redelog.rj.gov.br\/redelog\/#organization\",\"name\":\"REDELOG\",\"url\":\"https:\/\/redelog.rj.gov.br\/redelog\/\",\"logo\":{\"@type\":\"ImageObject\",\"inLanguage\":\"pt-BR\",\"@id\":\"https:\/\/redelog.rj.gov.br\/redelog\/#\/schema\/logo\/image\/\",\"url\":\"http:\/\/10.10.8.100:8888\/redelog\/wp-content\/uploads\/2019\/09\/Redelog2.png\",\"contentUrl\":\"http:\/\/10.10.8.100:8888\/redelog\/wp-content\/uploads\/2019\/09\/Redelog2.png\",\"width\":565,\"height\":155,\"caption\":\"REDELOG\"},\"image\":{\"@id\":\"https:\/\/redelog.rj.gov.br\/redelog\/#\/schema\/logo\/image\/\"}},{\"@type\":\"Person\",\"@id\":\"https:\/\/redelog.rj.gov.br\/redelog\/#\/schema\/person\/1299ae2b7bfb510dd74c28ed239470fb\",\"name\":\"alheiro\",\"image\":{\"@type\":\"ImageObject\",\"inLanguage\":\"pt-BR\",\"@id\":\"https:\/\/redelog.rj.gov.br\/redelog\/#\/schema\/person\/image\/\",\"url\":\"https:\/\/secure.gravatar.com\/avatar\/682da79d56fd06a1a63ccaa75b42ffe0c9b0609a62bc395d810f23f98140dcae?s=96&d=mm&r=g\",\"contentUrl\":\"https:\/\/secure.gravatar.com\/avatar\/682da79d56fd06a1a63ccaa75b42ffe0c9b0609a62bc395d810f23f98140dcae?s=96&d=mm&r=g\",\"caption\":\"alheiro\"},\"sameAs\":[\"http:\/\/10.9.108.118:3000\/redelog\"],\"url\":\"https:\/\/redelog.rj.gov.br\/redelog\/author\/alheiro\/\"}]}<\/script>\n<!-- \/ Yoast SEO plugin. -->","yoast_head_json":{"title":"TERMO DE REFER\u00caNCIA \/ PROJETO B\u00c1SICO - Redelog","robots":{"index":"index","follow":"follow","max-snippet":"max-snippet:-1","max-image-preview":"max-image-preview:large","max-video-preview":"max-video-preview:-1"},"canonical":"https:\/\/redelog.rj.gov.br\/redelog\/termo-de-referencia\/","og_locale":"pt_BR","og_type":"article","og_title":"TERMO DE REFER\u00caNCIA \/ PROJETO B\u00c1SICO - Redelog","og_description":"O Termo de Refer\u00eancia (TR) \u00e9 utilizado na contrata\u00e7\u00e3o de bens e servi\u00e7os, enquanto o Projeto B\u00e1sico (PB) \u00e9 utilizado nas contrata\u00e7\u00f5es de obras e servi\u00e7os de engenharia. O TR ou o PB s\u00e3o documentos anexos ao edital de uma licita\u00e7\u00e3o que deve conter os elementos necess\u00e1rios e suficientes, com n\u00edvel de precis\u00e3o adequado, para [&hellip;]","og_url":"https:\/\/redelog.rj.gov.br\/redelog\/termo-de-referencia\/","og_site_name":"Redelog","article_published_time":"2021-10-04T18:48:34+00:00","article_modified_time":"2024-04-17T18:07:30+00:00","og_image":[{"url":"http:\/\/www.redelog.rj.gov.br\/redelog\/wp-content\/uploads\/2021\/10\/cubos.jpg","type":"","width":"","height":""}],"author":"alheiro","twitter_card":"summary_large_image","twitter_misc":{"Escrito por":"alheiro","Est. tempo de leitura":"7 minutos"},"schema":{"@context":"https:\/\/schema.org","@graph":[{"@type":"Article","@id":"https:\/\/redelog.rj.gov.br\/redelog\/termo-de-referencia\/#article","isPartOf":{"@id":"https:\/\/redelog.rj.gov.br\/redelog\/termo-de-referencia\/"},"author":{"name":"alheiro","@id":"https:\/\/redelog.rj.gov.br\/redelog\/#\/schema\/person\/1299ae2b7bfb510dd74c28ed239470fb"},"headline":"TERMO DE REFER\u00caNCIA \/ PROJETO B\u00c1SICO","datePublished":"2021-10-04T18:48:34+00:00","dateModified":"2024-04-17T18:07:30+00:00","mainEntityOfPage":{"@id":"https:\/\/redelog.rj.gov.br\/redelog\/termo-de-referencia\/"},"wordCount":1312,"publisher":{"@id":"https:\/\/redelog.rj.gov.br\/redelog\/#organization"},"image":{"@id":"https:\/\/redelog.rj.gov.br\/redelog\/termo-de-referencia\/#primaryimage"},"thumbnailUrl":"https:\/\/www.redelog.rj.gov.br\/redelog\/wp-content\/uploads\/2021\/10\/cubos.jpg","articleSection":["Fase Preparat\u00f3ria"],"inLanguage":"pt-BR"},{"@type":"WebPage","@id":"https:\/\/redelog.rj.gov.br\/redelog\/termo-de-referencia\/","url":"https:\/\/redelog.rj.gov.br\/redelog\/termo-de-referencia\/","name":"TERMO DE REFER\u00caNCIA \/ PROJETO B\u00c1SICO - Redelog","isPartOf":{"@id":"https:\/\/redelog.rj.gov.br\/redelog\/#website"},"primaryImageOfPage":{"@id":"https:\/\/redelog.rj.gov.br\/redelog\/termo-de-referencia\/#primaryimage"},"image":{"@id":"https:\/\/redelog.rj.gov.br\/redelog\/termo-de-referencia\/#primaryimage"},"thumbnailUrl":"https:\/\/www.redelog.rj.gov.br\/redelog\/wp-content\/uploads\/2021\/10\/cubos.jpg","datePublished":"2021-10-04T18:48:34+00:00","dateModified":"2024-04-17T18:07:30+00:00","breadcrumb":{"@id":"https:\/\/redelog.rj.gov.br\/redelog\/termo-de-referencia\/#breadcrumb"},"inLanguage":"pt-BR","potentialAction":[{"@type":"ReadAction","target":["https:\/\/redelog.rj.gov.br\/redelog\/termo-de-referencia\/"]}]},{"@type":"ImageObject","inLanguage":"pt-BR","@id":"https:\/\/redelog.rj.gov.br\/redelog\/termo-de-referencia\/#primaryimage","url":"https:\/\/www.redelog.rj.gov.br\/redelog\/wp-content\/uploads\/2021\/10\/cubos.jpg","contentUrl":"https:\/\/www.redelog.rj.gov.br\/redelog\/wp-content\/uploads\/2021\/10\/cubos.jpg"},{"@type":"BreadcrumbList","@id":"https:\/\/redelog.rj.gov.br\/redelog\/termo-de-referencia\/#breadcrumb","itemListElement":[{"@type":"ListItem","position":1,"name":"Home","item":"https:\/\/redelog.rj.gov.br\/redelog\/"},{"@type":"ListItem","position":2,"name":"TERMO DE REFER\u00caNCIA \/ PROJETO B\u00c1SICO"}]},{"@type":"WebSite","@id":"https:\/\/redelog.rj.gov.br\/redelog\/#website","url":"https:\/\/redelog.rj.gov.br\/redelog\/","name":"Redelog","description":"Site da Rede de Log\u00edstica e Planejamento do Estado do Rio de Janeiro","publisher":{"@id":"https:\/\/redelog.rj.gov.br\/redelog\/#organization"},"potentialAction":[{"@type":"SearchAction","target":{"@type":"EntryPoint","urlTemplate":"https:\/\/redelog.rj.gov.br\/redelog\/?s={search_term_string}"},"query-input":{"@type":"PropertyValueSpecification","valueRequired":true,"valueName":"search_term_string"}}],"inLanguage":"pt-BR"},{"@type":"Organization","@id":"https:\/\/redelog.rj.gov.br\/redelog\/#organization","name":"REDELOG","url":"https:\/\/redelog.rj.gov.br\/redelog\/","logo":{"@type":"ImageObject","inLanguage":"pt-BR","@id":"https:\/\/redelog.rj.gov.br\/redelog\/#\/schema\/logo\/image\/","url":"http:\/\/10.10.8.100:8888\/redelog\/wp-content\/uploads\/2019\/09\/Redelog2.png","contentUrl":"http:\/\/10.10.8.100:8888\/redelog\/wp-content\/uploads\/2019\/09\/Redelog2.png","width":565,"height":155,"caption":"REDELOG"},"image":{"@id":"https:\/\/redelog.rj.gov.br\/redelog\/#\/schema\/logo\/image\/"}},{"@type":"Person","@id":"https:\/\/redelog.rj.gov.br\/redelog\/#\/schema\/person\/1299ae2b7bfb510dd74c28ed239470fb","name":"alheiro","image":{"@type":"ImageObject","inLanguage":"pt-BR","@id":"https:\/\/redelog.rj.gov.br\/redelog\/#\/schema\/person\/image\/","url":"https:\/\/secure.gravatar.com\/avatar\/682da79d56fd06a1a63ccaa75b42ffe0c9b0609a62bc395d810f23f98140dcae?s=96&d=mm&r=g","contentUrl":"https:\/\/secure.gravatar.com\/avatar\/682da79d56fd06a1a63ccaa75b42ffe0c9b0609a62bc395d810f23f98140dcae?s=96&d=mm&r=g","caption":"alheiro"},"sameAs":["http:\/\/10.9.108.118:3000\/redelog"],"url":"https:\/\/redelog.rj.gov.br\/redelog\/author\/alheiro\/"}]}},"_links":{"self":[{"href":"https:\/\/redelog.rj.gov.br\/redelog\/wp-json\/wp\/v2\/posts\/3032","targetHints":{"allow":["GET"]}}],"collection":[{"href":"https:\/\/redelog.rj.gov.br\/redelog\/wp-json\/wp\/v2\/posts"}],"about":[{"href":"https:\/\/redelog.rj.gov.br\/redelog\/wp-json\/wp\/v2\/types\/post"}],"author":[{"embeddable":true,"href":"https:\/\/redelog.rj.gov.br\/redelog\/wp-json\/wp\/v2\/users\/1"}],"replies":[{"embeddable":true,"href":"https:\/\/redelog.rj.gov.br\/redelog\/wp-json\/wp\/v2\/comments?post=3032"}],"version-history":[{"count":139,"href":"https:\/\/redelog.rj.gov.br\/redelog\/wp-json\/wp\/v2\/posts\/3032\/revisions"}],"predecessor-version":[{"id":29637,"href":"https:\/\/redelog.rj.gov.br\/redelog\/wp-json\/wp\/v2\/posts\/3032\/revisions\/29637"}],"wp:attachment":[{"href":"https:\/\/redelog.rj.gov.br\/redelog\/wp-json\/wp\/v2\/media?parent=3032"}],"wp:term":[{"taxonomy":"category","embeddable":true,"href":"https:\/\/redelog.rj.gov.br\/redelog\/wp-json\/wp\/v2\/categories?post=3032"},{"taxonomy":"post_tag","embeddable":true,"href":"https:\/\/redelog.rj.gov.br\/redelog\/wp-json\/wp\/v2\/tags?post=3032"}],"curies":[{"name":"wp","href":"https:\/\/api.w.org\/{rel}","templated":true}]}}