{"id":29952,"date":"2024-06-05T10:28:18","date_gmt":"2024-06-05T13:28:18","guid":{"rendered":"https:\/\/redelog.rj.gov.br\/redelog\/?p=29952"},"modified":"2024-06-05T10:28:26","modified_gmt":"2024-06-05T13:28:26","slug":"pregao-eletronico-srp-no-01-2024-locacao-de-veiculos-de-servico-e-de-representacao-hibridos","status":"publish","type":"post","link":"https:\/\/redelog.rj.gov.br\/redelog\/pregao-eletronico-srp-no-01-2024-locacao-de-veiculos-de-servico-e-de-representacao-hibridos\/","title":{"rendered":"Preg\u00e3o Eletr\u00f4nico SRP n\u00ba 01\/2024 &#8211; Loca\u00e7\u00e3o de Ve\u00edculos de Servi\u00e7o e de Representa\u00e7\u00e3o H\u00edbridos"},"content":{"rendered":"\t\t<div data-elementor-type=\"wp-post\" data-elementor-id=\"29952\" class=\"elementor elementor-29952\" data-elementor-post-type=\"post\">\n\t\t\t\t\t\t<section class=\"elementor-section elementor-top-section elementor-element elementor-element-460c699 elementor-section-boxed elementor-section-height-default elementor-section-height-default\" data-id=\"460c699\" data-element_type=\"section\" data-settings=\"{&quot;jet_parallax_layout_list&quot;:[{&quot;jet_parallax_layout_image&quot;:{&quot;url&quot;:&quot;&quot;,&quot;id&quot;:&quot;&quot;,&quot;size&quot;:&quot;&quot;},&quot;_id&quot;:&quot;7c68c4e&quot;,&quot;jet_parallax_layout_image_tablet&quot;:{&quot;url&quot;:&quot;&quot;,&quot;id&quot;:&quot;&quot;,&quot;size&quot;:&quot;&quot;},&quot;jet_parallax_layout_image_mobile&quot;:{&quot;url&quot;:&quot;&quot;,&quot;id&quot;:&quot;&quot;,&quot;size&quot;:&quot;&quot;},&quot;jet_parallax_layout_speed&quot;:{&quot;unit&quot;:&quot;%&quot;,&quot;size&quot;:50,&quot;sizes&quot;:[]},&quot;jet_parallax_layout_type&quot;:&quot;scroll&quot;,&quot;jet_parallax_layout_direction&quot;:&quot;1&quot;,&quot;jet_parallax_layout_fx_direction&quot;:null,&quot;jet_parallax_layout_z_index&quot;:&quot;&quot;,&quot;jet_parallax_layout_bg_x&quot;:50,&quot;jet_parallax_layout_bg_x_tablet&quot;:&quot;&quot;,&quot;jet_parallax_layout_bg_x_mobile&quot;:&quot;&quot;,&quot;jet_parallax_layout_bg_y&quot;:50,&quot;jet_parallax_layout_bg_y_tablet&quot;:&quot;&quot;,&quot;jet_parallax_layout_bg_y_mobile&quot;:&quot;&quot;,&quot;jet_parallax_layout_bg_size&quot;:&quot;auto&quot;,&quot;jet_parallax_layout_bg_size_tablet&quot;:&quot;&quot;,&quot;jet_parallax_layout_bg_size_mobile&quot;:&quot;&quot;,&quot;jet_parallax_layout_animation_prop&quot;:&quot;transform&quot;,&quot;jet_parallax_layout_on&quot;:[&quot;desktop&quot;,&quot;tablet&quot;]}]}\">\n\t\t\t\t\t\t<div class=\"elementor-container elementor-column-gap-default\">\n\t\t\t\t\t<div class=\"elementor-column elementor-col-100 elementor-top-column elementor-element elementor-element-05a79a7\" data-id=\"05a79a7\" data-element_type=\"column\">\n\t\t\t<div class=\"elementor-widget-wrap elementor-element-populated\">\n\t\t\t\t\t\t<div class=\"elementor-element elementor-element-fd047d0 elementor-widget elementor-widget-image\" data-id=\"fd047d0\" data-element_type=\"widget\" data-widget_type=\"image.default\">\n\t\t\t\t\t\t\t\t\t\t\t\t\t\t\t<img fetchpriority=\"high\" decoding=\"async\" width=\"1024\" height=\"419\" src=\"https:\/\/redelog.rj.gov.br\/redelog\/wp-content\/uploads\/2024\/06\/WhatsApp-Image-2024-06-05-at-10.15.12-1024x419.jpeg\" class=\"attachment-large size-large wp-image-29953\" alt=\"\" srcset=\"https:\/\/redelog.rj.gov.br\/redelog\/wp-content\/uploads\/2024\/06\/WhatsApp-Image-2024-06-05-at-10.15.12-1024x419.jpeg 1024w, https:\/\/redelog.rj.gov.br\/redelog\/wp-content\/uploads\/2024\/06\/WhatsApp-Image-2024-06-05-at-10.15.12-300x123.jpeg 300w, https:\/\/redelog.rj.gov.br\/redelog\/wp-content\/uploads\/2024\/06\/WhatsApp-Image-2024-06-05-at-10.15.12-768x314.jpeg 768w, https:\/\/redelog.rj.gov.br\/redelog\/wp-content\/uploads\/2024\/06\/WhatsApp-Image-2024-06-05-at-10.15.12-600x246.jpeg 600w, https:\/\/redelog.rj.gov.br\/redelog\/wp-content\/uploads\/2024\/06\/WhatsApp-Image-2024-06-05-at-10.15.12.jpeg 1305w\" sizes=\"(max-width: 1024px) 100vw, 1024px\" \/>\t\t\t\t\t\t\t\t\t\t\t\t\t\t\t<\/div>\n\t\t\t\t\t<\/div>\n\t\t<\/div>\n\t\t\t\t\t<\/div>\n\t\t<\/section>\n\t\t\t\t<section class=\"elementor-section elementor-top-section elementor-element elementor-element-d3d50b7 elementor-section-boxed elementor-section-height-default elementor-section-height-default\" data-id=\"d3d50b7\" data-element_type=\"section\" data-settings=\"{&quot;jet_parallax_layout_list&quot;:[{&quot;jet_parallax_layout_image&quot;:{&quot;url&quot;:&quot;&quot;,&quot;id&quot;:&quot;&quot;,&quot;size&quot;:&quot;&quot;},&quot;_id&quot;:&quot;9ece066&quot;,&quot;jet_parallax_layout_image_tablet&quot;:{&quot;url&quot;:&quot;&quot;,&quot;id&quot;:&quot;&quot;,&quot;size&quot;:&quot;&quot;},&quot;jet_parallax_layout_image_mobile&quot;:{&quot;url&quot;:&quot;&quot;,&quot;id&quot;:&quot;&quot;,&quot;size&quot;:&quot;&quot;},&quot;jet_parallax_layout_speed&quot;:{&quot;unit&quot;:&quot;%&quot;,&quot;size&quot;:50,&quot;sizes&quot;:[]},&quot;jet_parallax_layout_type&quot;:&quot;scroll&quot;,&quot;jet_parallax_layout_direction&quot;:&quot;1&quot;,&quot;jet_parallax_layout_fx_direction&quot;:null,&quot;jet_parallax_layout_z_index&quot;:&quot;&quot;,&quot;jet_parallax_layout_bg_x&quot;:50,&quot;jet_parallax_layout_bg_x_tablet&quot;:&quot;&quot;,&quot;jet_parallax_layout_bg_x_mobile&quot;:&quot;&quot;,&quot;jet_parallax_layout_bg_y&quot;:50,&quot;jet_parallax_layout_bg_y_tablet&quot;:&quot;&quot;,&quot;jet_parallax_layout_bg_y_mobile&quot;:&quot;&quot;,&quot;jet_parallax_layout_bg_size&quot;:&quot;auto&quot;,&quot;jet_parallax_layout_bg_size_tablet&quot;:&quot;&quot;,&quot;jet_parallax_layout_bg_size_mobile&quot;:&quot;&quot;,&quot;jet_parallax_layout_animation_prop&quot;:&quot;transform&quot;,&quot;jet_parallax_layout_on&quot;:[&quot;desktop&quot;,&quot;tablet&quot;]}]}\">\n\t\t\t\t\t\t<div class=\"elementor-container elementor-column-gap-default\">\n\t\t\t\t\t<div class=\"elementor-column elementor-col-100 elementor-top-column elementor-element elementor-element-a258ffd\" data-id=\"a258ffd\" data-element_type=\"column\">\n\t\t\t<div class=\"elementor-widget-wrap elementor-element-populated\">\n\t\t\t\t\t\t<div class=\"elementor-element elementor-element-ffb5d07 elementor-widget-divider--view-line elementor-widget elementor-widget-divider\" data-id=\"ffb5d07\" data-element_type=\"widget\" data-widget_type=\"divider.default\">\n\t\t\t\t\t\t\t<div class=\"elementor-divider\">\n\t\t\t<span class=\"elementor-divider-separator\">\n\t\t\t\t\t\t<\/span>\n\t\t<\/div>\n\t\t\t\t\t\t<\/div>\n\t\t\t\t\t<\/div>\n\t\t<\/div>\n\t\t\t\t\t<\/div>\n\t\t<\/section>\n\t\t\t\t<section class=\"elementor-section elementor-top-section elementor-element elementor-element-2ed3066 elementor-section-boxed elementor-section-height-default elementor-section-height-default\" data-id=\"2ed3066\" data-element_type=\"section\" data-settings=\"{&quot;jet_parallax_layout_list&quot;:[{&quot;jet_parallax_layout_image&quot;:{&quot;url&quot;:&quot;&quot;,&quot;id&quot;:&quot;&quot;,&quot;size&quot;:&quot;&quot;},&quot;_id&quot;:&quot;058a4df&quot;,&quot;jet_parallax_layout_image_tablet&quot;:{&quot;url&quot;:&quot;&quot;,&quot;id&quot;:&quot;&quot;,&quot;size&quot;:&quot;&quot;},&quot;jet_parallax_layout_image_mobile&quot;:{&quot;url&quot;:&quot;&quot;,&quot;id&quot;:&quot;&quot;,&quot;size&quot;:&quot;&quot;},&quot;jet_parallax_layout_speed&quot;:{&quot;unit&quot;:&quot;%&quot;,&quot;size&quot;:50,&quot;sizes&quot;:[]},&quot;jet_parallax_layout_type&quot;:&quot;scroll&quot;,&quot;jet_parallax_layout_direction&quot;:&quot;1&quot;,&quot;jet_parallax_layout_fx_direction&quot;:null,&quot;jet_parallax_layout_z_index&quot;:&quot;&quot;,&quot;jet_parallax_layout_bg_x&quot;:50,&quot;jet_parallax_layout_bg_x_tablet&quot;:&quot;&quot;,&quot;jet_parallax_layout_bg_x_mobile&quot;:&quot;&quot;,&quot;jet_parallax_layout_bg_y&quot;:50,&quot;jet_parallax_layout_bg_y_tablet&quot;:&quot;&quot;,&quot;jet_parallax_layout_bg_y_mobile&quot;:&quot;&quot;,&quot;jet_parallax_layout_bg_size&quot;:&quot;auto&quot;,&quot;jet_parallax_layout_bg_size_tablet&quot;:&quot;&quot;,&quot;jet_parallax_layout_bg_size_mobile&quot;:&quot;&quot;,&quot;jet_parallax_layout_animation_prop&quot;:&quot;transform&quot;,&quot;jet_parallax_layout_on&quot;:[&quot;desktop&quot;,&quot;tablet&quot;]}]}\">\n\t\t\t\t\t\t<div class=\"elementor-container elementor-column-gap-default\">\n\t\t\t\t\t<div class=\"elementor-column elementor-col-100 elementor-top-column elementor-element elementor-element-279db01\" data-id=\"279db01\" data-element_type=\"column\">\n\t\t\t<div class=\"elementor-widget-wrap elementor-element-populated\">\n\t\t\t\t\t\t<div class=\"elementor-element elementor-element-3d58f25 elementor-widget elementor-widget-text-editor\" data-id=\"3d58f25\" data-element_type=\"widget\" data-widget_type=\"text-editor.default\">\n\t\t\t\t\t\t\t\t\t<p><span style=\"font-weight: 400;\">A <strong>Secretaria de Estado de Planejamento e Gest\u00e3o<\/strong> est\u00e1 promovendo o maior Registro de Pre\u00e7os para a contrata\u00e7\u00e3o centralizada, que atender\u00e1 <\/span><b><span style=\"text-decoration: underline;\">65 \u00d3rg\u00e3os e Entidades do Estado do Rio de Janeiro<\/span>,<\/b><span style=\"font-weight: 400;\"> dos servi\u00e7os de loca\u00e7\u00e3o de ve\u00edculos de servi\u00e7o e de representa\u00e7\u00e3o h\u00edbridos.\u00a0<\/span><\/p><p>\u00a0<\/p><p><span style=\"font-weight: 400;\">A contrata\u00e7\u00e3o n\u00e3o s\u00f3 conseguiu capitanear a participa\u00e7\u00e3o recorde de 65 \u00f3rg\u00e3os, entidades e empresas p\u00fablicas vinculadas ao Poder Executivo, como tamb\u00e9m pensa na promo\u00e7\u00e3o de sustentabilidade e fomento de mercado, ao promover duas novas categorias de ve\u00edculos h\u00edbridos flex, que apresentam vantagens como: redu\u00e7\u00e3o da polui\u00e7\u00e3o ambiental e sonora; maior efici\u00eancia do motor e no consumo de combust\u00edveis. Al\u00e9m de serem os mais indicados para circula\u00e7\u00e3o dentro das cidades em raz\u00e3o da frenagem regenerativa, que consiste na convers\u00e3o da energia cin\u00e9tica liberada no processo de frenagem do ve\u00edculo em energia el\u00e9trica, utilizada para recarregar as baterias.<\/span><\/p><p>\u00a0<\/p><p>Para saber mais acompanhe:<\/p><ul><li><a href=\"https:\/\/sei.rj.gov.br\/sei\/controlador.php?acao=procedimento_trabalhar&amp;id_procedimento=75453333\">SEI-120001\/000734\/2024<\/a> &#8211; Processo de contrata\u00e7\u00e3o; e<\/li><li>pelo <a href=\"https:\/\/encurtador.com.br\/RnIzQ\">SIGA.<\/a><\/li><\/ul><p>\u00a0<\/p><p>\ud83d\uddd3\ufe0f Data do Certame: <strong>19\/06\/2024<\/strong><\/p><p style=\"text-align: left;\">\ud83d\ude09 Siga os canais: <a href=\"https:\/\/linktr.ee\/comprascentrais\">https:\/\/linktr.ee\/comprascentrais<\/a><\/p>\t\t\t\t\t\t\t\t<\/div>\n\t\t\t\t\t<\/div>\n\t\t<\/div>\n\t\t\t\t\t<\/div>\n\t\t<\/section>\n\t\t\t\t<\/div>\n\t\t","protected":false},"excerpt":{"rendered":"<p>A Secretaria de Estado de Planejamento e Gest\u00e3o est\u00e1 promovendo o maior Registro de Pre\u00e7os para a contrata\u00e7\u00e3o centralizada, que atender\u00e1 65 \u00d3rg\u00e3os e Entidades do Estado do Rio de Janeiro, dos servi\u00e7os de loca\u00e7\u00e3o de ve\u00edculos de servi\u00e7o e de representa\u00e7\u00e3o h\u00edbridos.\u00a0 \u00a0 A contrata\u00e7\u00e3o n\u00e3o s\u00f3 conseguiu capitanear a participa\u00e7\u00e3o recorde de 65 [&hellip;]<\/p>\n","protected":false},"author":24,"featured_media":0,"comment_status":"closed","ping_status":"open","sticky":false,"template":"","format":"standard","meta":{"_joinchat":[],"footnotes":""},"categories":[1],"tags":[],"class_list":["post-29952","post","type-post","status-publish","format-standard","hentry","category-sem-categoria"],"yoast_head":"<!-- This site is optimized with the Yoast SEO plugin v25.7 - https:\/\/yoast.com\/wordpress\/plugins\/seo\/ -->\n<title>Preg\u00e3o Eletr\u00f4nico SRP n\u00ba 01\/2024 - Loca\u00e7\u00e3o de Ve\u00edculos de Servi\u00e7o e de Representa\u00e7\u00e3o H\u00edbridos - Redelog<\/title>\n<meta name=\"robots\" content=\"index, follow, max-snippet:-1, max-image-preview:large, max-video-preview:-1\" \/>\n<link rel=\"canonical\" href=\"https:\/\/redelog.rj.gov.br\/redelog\/pregao-eletronico-srp-no-01-2024-locacao-de-veiculos-de-servico-e-de-representacao-hibridos\/\" \/>\n<meta property=\"og:locale\" content=\"pt_BR\" \/>\n<meta property=\"og:type\" content=\"article\" \/>\n<meta property=\"og:title\" content=\"Preg\u00e3o Eletr\u00f4nico SRP n\u00ba 01\/2024 - Loca\u00e7\u00e3o de Ve\u00edculos de Servi\u00e7o e de Representa\u00e7\u00e3o H\u00edbridos - Redelog\" \/>\n<meta property=\"og:description\" content=\"A Secretaria de Estado de Planejamento e Gest\u00e3o est\u00e1 promovendo o maior Registro de Pre\u00e7os para a contrata\u00e7\u00e3o centralizada, que atender\u00e1 65 \u00d3rg\u00e3os e Entidades do Estado do Rio de Janeiro, dos servi\u00e7os de loca\u00e7\u00e3o de ve\u00edculos de servi\u00e7o e de representa\u00e7\u00e3o h\u00edbridos.\u00a0 \u00a0 A contrata\u00e7\u00e3o n\u00e3o s\u00f3 conseguiu capitanear a participa\u00e7\u00e3o recorde de 65 [&hellip;]\" \/>\n<meta property=\"og:url\" content=\"https:\/\/redelog.rj.gov.br\/redelog\/pregao-eletronico-srp-no-01-2024-locacao-de-veiculos-de-servico-e-de-representacao-hibridos\/\" \/>\n<meta property=\"og:site_name\" content=\"Redelog\" \/>\n<meta property=\"article:published_time\" content=\"2024-06-05T13:28:18+00:00\" \/>\n<meta property=\"article:modified_time\" content=\"2024-06-05T13:28:26+00:00\" \/>\n<meta property=\"og:image\" content=\"https:\/\/www.redelog.rj.gov.br\/redelog\/wp-content\/uploads\/2024\/06\/WhatsApp-Image-2024-06-05-at-10.15.12-1024x419.jpeg\" \/>\n<meta name=\"author\" content=\"Nathalia Rodrigues Cordeiro\" \/>\n<meta name=\"twitter:card\" content=\"summary_large_image\" \/>\n<meta name=\"twitter:label1\" content=\"Escrito por\" \/>\n\t<meta name=\"twitter:data1\" content=\"Nathalia Rodrigues Cordeiro\" \/>\n\t<meta name=\"twitter:label2\" content=\"Est. tempo de leitura\" \/>\n\t<meta name=\"twitter:data2\" content=\"1 minuto\" \/>\n<script type=\"application\/ld+json\" class=\"yoast-schema-graph\">{\"@context\":\"https:\/\/schema.org\",\"@graph\":[{\"@type\":\"Article\",\"@id\":\"https:\/\/redelog.rj.gov.br\/redelog\/pregao-eletronico-srp-no-01-2024-locacao-de-veiculos-de-servico-e-de-representacao-hibridos\/#article\",\"isPartOf\":{\"@id\":\"https:\/\/redelog.rj.gov.br\/redelog\/pregao-eletronico-srp-no-01-2024-locacao-de-veiculos-de-servico-e-de-representacao-hibridos\/\"},\"author\":{\"name\":\"Nathalia Rodrigues Cordeiro\",\"@id\":\"https:\/\/redelog.rj.gov.br\/redelog\/#\/schema\/person\/573ef5e716d5fcb9dbd1406140c41a6f\"},\"headline\":\"Preg\u00e3o Eletr\u00f4nico SRP n\u00ba 01\/2024 &#8211; Loca\u00e7\u00e3o de Ve\u00edculos de Servi\u00e7o e de Representa\u00e7\u00e3o H\u00edbridos\",\"datePublished\":\"2024-06-05T13:28:18+00:00\",\"dateModified\":\"2024-06-05T13:28:26+00:00\",\"mainEntityOfPage\":{\"@id\":\"https:\/\/redelog.rj.gov.br\/redelog\/pregao-eletronico-srp-no-01-2024-locacao-de-veiculos-de-servico-e-de-representacao-hibridos\/\"},\"wordCount\":212,\"publisher\":{\"@id\":\"https:\/\/redelog.rj.gov.br\/redelog\/#organization\"},\"image\":{\"@id\":\"https:\/\/redelog.rj.gov.br\/redelog\/pregao-eletronico-srp-no-01-2024-locacao-de-veiculos-de-servico-e-de-representacao-hibridos\/#primaryimage\"},\"thumbnailUrl\":\"https:\/\/www.redelog.rj.gov.br\/redelog\/wp-content\/uploads\/2024\/06\/WhatsApp-Image-2024-06-05-at-10.15.12-1024x419.jpeg\",\"inLanguage\":\"pt-BR\"},{\"@type\":\"WebPage\",\"@id\":\"https:\/\/redelog.rj.gov.br\/redelog\/pregao-eletronico-srp-no-01-2024-locacao-de-veiculos-de-servico-e-de-representacao-hibridos\/\",\"url\":\"https:\/\/redelog.rj.gov.br\/redelog\/pregao-eletronico-srp-no-01-2024-locacao-de-veiculos-de-servico-e-de-representacao-hibridos\/\",\"name\":\"Preg\u00e3o Eletr\u00f4nico SRP n\u00ba 01\/2024 - Loca\u00e7\u00e3o de Ve\u00edculos de Servi\u00e7o e de Representa\u00e7\u00e3o H\u00edbridos - Redelog\",\"isPartOf\":{\"@id\":\"https:\/\/redelog.rj.gov.br\/redelog\/#website\"},\"primaryImageOfPage\":{\"@id\":\"https:\/\/redelog.rj.gov.br\/redelog\/pregao-eletronico-srp-no-01-2024-locacao-de-veiculos-de-servico-e-de-representacao-hibridos\/#primaryimage\"},\"image\":{\"@id\":\"https:\/\/redelog.rj.gov.br\/redelog\/pregao-eletronico-srp-no-01-2024-locacao-de-veiculos-de-servico-e-de-representacao-hibridos\/#primaryimage\"},\"thumbnailUrl\":\"https:\/\/www.redelog.rj.gov.br\/redelog\/wp-content\/uploads\/2024\/06\/WhatsApp-Image-2024-06-05-at-10.15.12-1024x419.jpeg\",\"datePublished\":\"2024-06-05T13:28:18+00:00\",\"dateModified\":\"2024-06-05T13:28:26+00:00\",\"breadcrumb\":{\"@id\":\"https:\/\/redelog.rj.gov.br\/redelog\/pregao-eletronico-srp-no-01-2024-locacao-de-veiculos-de-servico-e-de-representacao-hibridos\/#breadcrumb\"},\"inLanguage\":\"pt-BR\",\"potentialAction\":[{\"@type\":\"ReadAction\",\"target\":[\"https:\/\/redelog.rj.gov.br\/redelog\/pregao-eletronico-srp-no-01-2024-locacao-de-veiculos-de-servico-e-de-representacao-hibridos\/\"]}]},{\"@type\":\"ImageObject\",\"inLanguage\":\"pt-BR\",\"@id\":\"https:\/\/redelog.rj.gov.br\/redelog\/pregao-eletronico-srp-no-01-2024-locacao-de-veiculos-de-servico-e-de-representacao-hibridos\/#primaryimage\",\"url\":\"https:\/\/www.redelog.rj.gov.br\/redelog\/wp-content\/uploads\/2024\/06\/WhatsApp-Image-2024-06-05-at-10.15.12-1024x419.jpeg\",\"contentUrl\":\"https:\/\/www.redelog.rj.gov.br\/redelog\/wp-content\/uploads\/2024\/06\/WhatsApp-Image-2024-06-05-at-10.15.12-1024x419.jpeg\"},{\"@type\":\"BreadcrumbList\",\"@id\":\"https:\/\/redelog.rj.gov.br\/redelog\/pregao-eletronico-srp-no-01-2024-locacao-de-veiculos-de-servico-e-de-representacao-hibridos\/#breadcrumb\",\"itemListElement\":[{\"@type\":\"ListItem\",\"position\":1,\"name\":\"Home\",\"item\":\"https:\/\/redelog.rj.gov.br\/redelog\/\"},{\"@type\":\"ListItem\",\"position\":2,\"name\":\"Preg\u00e3o Eletr\u00f4nico SRP n\u00ba 01\/2024 &#8211; Loca\u00e7\u00e3o de Ve\u00edculos de Servi\u00e7o e de Representa\u00e7\u00e3o H\u00edbridos\"}]},{\"@type\":\"WebSite\",\"@id\":\"https:\/\/redelog.rj.gov.br\/redelog\/#website\",\"url\":\"https:\/\/redelog.rj.gov.br\/redelog\/\",\"name\":\"Redelog\",\"description\":\"Site da Rede de Log\u00edstica e Planejamento do Estado do Rio de Janeiro\",\"publisher\":{\"@id\":\"https:\/\/redelog.rj.gov.br\/redelog\/#organization\"},\"potentialAction\":[{\"@type\":\"SearchAction\",\"target\":{\"@type\":\"EntryPoint\",\"urlTemplate\":\"https:\/\/redelog.rj.gov.br\/redelog\/?s={search_term_string}\"},\"query-input\":{\"@type\":\"PropertyValueSpecification\",\"valueRequired\":true,\"valueName\":\"search_term_string\"}}],\"inLanguage\":\"pt-BR\"},{\"@type\":\"Organization\",\"@id\":\"https:\/\/redelog.rj.gov.br\/redelog\/#organization\",\"name\":\"REDELOG\",\"url\":\"https:\/\/redelog.rj.gov.br\/redelog\/\",\"logo\":{\"@type\":\"ImageObject\",\"inLanguage\":\"pt-BR\",\"@id\":\"https:\/\/redelog.rj.gov.br\/redelog\/#\/schema\/logo\/image\/\",\"url\":\"http:\/\/10.10.8.100:8888\/redelog\/wp-content\/uploads\/2019\/09\/Redelog2.png\",\"contentUrl\":\"http:\/\/10.10.8.100:8888\/redelog\/wp-content\/uploads\/2019\/09\/Redelog2.png\",\"width\":565,\"height\":155,\"caption\":\"REDELOG\"},\"image\":{\"@id\":\"https:\/\/redelog.rj.gov.br\/redelog\/#\/schema\/logo\/image\/\"}},{\"@type\":\"Person\",\"@id\":\"https:\/\/redelog.rj.gov.br\/redelog\/#\/schema\/person\/573ef5e716d5fcb9dbd1406140c41a6f\",\"name\":\"Nathalia Rodrigues Cordeiro\",\"image\":{\"@type\":\"ImageObject\",\"inLanguage\":\"pt-BR\",\"@id\":\"https:\/\/redelog.rj.gov.br\/redelog\/#\/schema\/person\/image\/\",\"url\":\"https:\/\/secure.gravatar.com\/avatar\/5198cd81715b5407b4afe7bb8788c14dab502a7befe4c63b467f2ce47d351483?s=96&d=mm&r=g\",\"contentUrl\":\"https:\/\/secure.gravatar.com\/avatar\/5198cd81715b5407b4afe7bb8788c14dab502a7befe4c63b467f2ce47d351483?s=96&d=mm&r=g\",\"caption\":\"Nathalia Rodrigues Cordeiro\"},\"url\":\"https:\/\/redelog.rj.gov.br\/redelog\/author\/nathalia\/\"}]}<\/script>\n<!-- \/ Yoast SEO plugin. -->","yoast_head_json":{"title":"Preg\u00e3o Eletr\u00f4nico SRP n\u00ba 01\/2024 - Loca\u00e7\u00e3o de Ve\u00edculos de Servi\u00e7o e de Representa\u00e7\u00e3o H\u00edbridos - Redelog","robots":{"index":"index","follow":"follow","max-snippet":"max-snippet:-1","max-image-preview":"max-image-preview:large","max-video-preview":"max-video-preview:-1"},"canonical":"https:\/\/redelog.rj.gov.br\/redelog\/pregao-eletronico-srp-no-01-2024-locacao-de-veiculos-de-servico-e-de-representacao-hibridos\/","og_locale":"pt_BR","og_type":"article","og_title":"Preg\u00e3o Eletr\u00f4nico SRP n\u00ba 01\/2024 - Loca\u00e7\u00e3o de Ve\u00edculos de Servi\u00e7o e de Representa\u00e7\u00e3o H\u00edbridos - Redelog","og_description":"A Secretaria de Estado de Planejamento e Gest\u00e3o est\u00e1 promovendo o maior Registro de Pre\u00e7os para a contrata\u00e7\u00e3o centralizada, que atender\u00e1 65 \u00d3rg\u00e3os e Entidades do Estado do Rio de Janeiro, dos servi\u00e7os de loca\u00e7\u00e3o de ve\u00edculos de servi\u00e7o e de representa\u00e7\u00e3o h\u00edbridos.\u00a0 \u00a0 A contrata\u00e7\u00e3o n\u00e3o s\u00f3 conseguiu capitanear a participa\u00e7\u00e3o recorde de 65 [&hellip;]","og_url":"https:\/\/redelog.rj.gov.br\/redelog\/pregao-eletronico-srp-no-01-2024-locacao-de-veiculos-de-servico-e-de-representacao-hibridos\/","og_site_name":"Redelog","article_published_time":"2024-06-05T13:28:18+00:00","article_modified_time":"2024-06-05T13:28:26+00:00","og_image":[{"url":"https:\/\/www.redelog.rj.gov.br\/redelog\/wp-content\/uploads\/2024\/06\/WhatsApp-Image-2024-06-05-at-10.15.12-1024x419.jpeg","type":"","width":"","height":""}],"author":"Nathalia Rodrigues Cordeiro","twitter_card":"summary_large_image","twitter_misc":{"Escrito por":"Nathalia Rodrigues Cordeiro","Est. tempo de leitura":"1 minuto"},"schema":{"@context":"https:\/\/schema.org","@graph":[{"@type":"Article","@id":"https:\/\/redelog.rj.gov.br\/redelog\/pregao-eletronico-srp-no-01-2024-locacao-de-veiculos-de-servico-e-de-representacao-hibridos\/#article","isPartOf":{"@id":"https:\/\/redelog.rj.gov.br\/redelog\/pregao-eletronico-srp-no-01-2024-locacao-de-veiculos-de-servico-e-de-representacao-hibridos\/"},"author":{"name":"Nathalia Rodrigues Cordeiro","@id":"https:\/\/redelog.rj.gov.br\/redelog\/#\/schema\/person\/573ef5e716d5fcb9dbd1406140c41a6f"},"headline":"Preg\u00e3o Eletr\u00f4nico SRP n\u00ba 01\/2024 &#8211; Loca\u00e7\u00e3o de Ve\u00edculos de Servi\u00e7o e de Representa\u00e7\u00e3o H\u00edbridos","datePublished":"2024-06-05T13:28:18+00:00","dateModified":"2024-06-05T13:28:26+00:00","mainEntityOfPage":{"@id":"https:\/\/redelog.rj.gov.br\/redelog\/pregao-eletronico-srp-no-01-2024-locacao-de-veiculos-de-servico-e-de-representacao-hibridos\/"},"wordCount":212,"publisher":{"@id":"https:\/\/redelog.rj.gov.br\/redelog\/#organization"},"image":{"@id":"https:\/\/redelog.rj.gov.br\/redelog\/pregao-eletronico-srp-no-01-2024-locacao-de-veiculos-de-servico-e-de-representacao-hibridos\/#primaryimage"},"thumbnailUrl":"https:\/\/www.redelog.rj.gov.br\/redelog\/wp-content\/uploads\/2024\/06\/WhatsApp-Image-2024-06-05-at-10.15.12-1024x419.jpeg","inLanguage":"pt-BR"},{"@type":"WebPage","@id":"https:\/\/redelog.rj.gov.br\/redelog\/pregao-eletronico-srp-no-01-2024-locacao-de-veiculos-de-servico-e-de-representacao-hibridos\/","url":"https:\/\/redelog.rj.gov.br\/redelog\/pregao-eletronico-srp-no-01-2024-locacao-de-veiculos-de-servico-e-de-representacao-hibridos\/","name":"Preg\u00e3o Eletr\u00f4nico SRP n\u00ba 01\/2024 - Loca\u00e7\u00e3o de Ve\u00edculos de Servi\u00e7o e de Representa\u00e7\u00e3o H\u00edbridos - Redelog","isPartOf":{"@id":"https:\/\/redelog.rj.gov.br\/redelog\/#website"},"primaryImageOfPage":{"@id":"https:\/\/redelog.rj.gov.br\/redelog\/pregao-eletronico-srp-no-01-2024-locacao-de-veiculos-de-servico-e-de-representacao-hibridos\/#primaryimage"},"image":{"@id":"https:\/\/redelog.rj.gov.br\/redelog\/pregao-eletronico-srp-no-01-2024-locacao-de-veiculos-de-servico-e-de-representacao-hibridos\/#primaryimage"},"thumbnailUrl":"https:\/\/www.redelog.rj.gov.br\/redelog\/wp-content\/uploads\/2024\/06\/WhatsApp-Image-2024-06-05-at-10.15.12-1024x419.jpeg","datePublished":"2024-06-05T13:28:18+00:00","dateModified":"2024-06-05T13:28:26+00:00","breadcrumb":{"@id":"https:\/\/redelog.rj.gov.br\/redelog\/pregao-eletronico-srp-no-01-2024-locacao-de-veiculos-de-servico-e-de-representacao-hibridos\/#breadcrumb"},"inLanguage":"pt-BR","potentialAction":[{"@type":"ReadAction","target":["https:\/\/redelog.rj.gov.br\/redelog\/pregao-eletronico-srp-no-01-2024-locacao-de-veiculos-de-servico-e-de-representacao-hibridos\/"]}]},{"@type":"ImageObject","inLanguage":"pt-BR","@id":"https:\/\/redelog.rj.gov.br\/redelog\/pregao-eletronico-srp-no-01-2024-locacao-de-veiculos-de-servico-e-de-representacao-hibridos\/#primaryimage","url":"https:\/\/www.redelog.rj.gov.br\/redelog\/wp-content\/uploads\/2024\/06\/WhatsApp-Image-2024-06-05-at-10.15.12-1024x419.jpeg","contentUrl":"https:\/\/www.redelog.rj.gov.br\/redelog\/wp-content\/uploads\/2024\/06\/WhatsApp-Image-2024-06-05-at-10.15.12-1024x419.jpeg"},{"@type":"BreadcrumbList","@id":"https:\/\/redelog.rj.gov.br\/redelog\/pregao-eletronico-srp-no-01-2024-locacao-de-veiculos-de-servico-e-de-representacao-hibridos\/#breadcrumb","itemListElement":[{"@type":"ListItem","position":1,"name":"Home","item":"https:\/\/redelog.rj.gov.br\/redelog\/"},{"@type":"ListItem","position":2,"name":"Preg\u00e3o Eletr\u00f4nico SRP n\u00ba 01\/2024 &#8211; Loca\u00e7\u00e3o de Ve\u00edculos de Servi\u00e7o e de Representa\u00e7\u00e3o H\u00edbridos"}]},{"@type":"WebSite","@id":"https:\/\/redelog.rj.gov.br\/redelog\/#website","url":"https:\/\/redelog.rj.gov.br\/redelog\/","name":"Redelog","description":"Site da Rede de Log\u00edstica e Planejamento do Estado do Rio de Janeiro","publisher":{"@id":"https:\/\/redelog.rj.gov.br\/redelog\/#organization"},"potentialAction":[{"@type":"SearchAction","target":{"@type":"EntryPoint","urlTemplate":"https:\/\/redelog.rj.gov.br\/redelog\/?s={search_term_string}"},"query-input":{"@type":"PropertyValueSpecification","valueRequired":true,"valueName":"search_term_string"}}],"inLanguage":"pt-BR"},{"@type":"Organization","@id":"https:\/\/redelog.rj.gov.br\/redelog\/#organization","name":"REDELOG","url":"https:\/\/redelog.rj.gov.br\/redelog\/","logo":{"@type":"ImageObject","inLanguage":"pt-BR","@id":"https:\/\/redelog.rj.gov.br\/redelog\/#\/schema\/logo\/image\/","url":"http:\/\/10.10.8.100:8888\/redelog\/wp-content\/uploads\/2019\/09\/Redelog2.png","contentUrl":"http:\/\/10.10.8.100:8888\/redelog\/wp-content\/uploads\/2019\/09\/Redelog2.png","width":565,"height":155,"caption":"REDELOG"},"image":{"@id":"https:\/\/redelog.rj.gov.br\/redelog\/#\/schema\/logo\/image\/"}},{"@type":"Person","@id":"https:\/\/redelog.rj.gov.br\/redelog\/#\/schema\/person\/573ef5e716d5fcb9dbd1406140c41a6f","name":"Nathalia Rodrigues Cordeiro","image":{"@type":"ImageObject","inLanguage":"pt-BR","@id":"https:\/\/redelog.rj.gov.br\/redelog\/#\/schema\/person\/image\/","url":"https:\/\/secure.gravatar.com\/avatar\/5198cd81715b5407b4afe7bb8788c14dab502a7befe4c63b467f2ce47d351483?s=96&d=mm&r=g","contentUrl":"https:\/\/secure.gravatar.com\/avatar\/5198cd81715b5407b4afe7bb8788c14dab502a7befe4c63b467f2ce47d351483?s=96&d=mm&r=g","caption":"Nathalia Rodrigues Cordeiro"},"url":"https:\/\/redelog.rj.gov.br\/redelog\/author\/nathalia\/"}]}},"_links":{"self":[{"href":"https:\/\/redelog.rj.gov.br\/redelog\/wp-json\/wp\/v2\/posts\/29952","targetHints":{"allow":["GET"]}}],"collection":[{"href":"https:\/\/redelog.rj.gov.br\/redelog\/wp-json\/wp\/v2\/posts"}],"about":[{"href":"https:\/\/redelog.rj.gov.br\/redelog\/wp-json\/wp\/v2\/types\/post"}],"author":[{"embeddable":true,"href":"https:\/\/redelog.rj.gov.br\/redelog\/wp-json\/wp\/v2\/users\/24"}],"replies":[{"embeddable":true,"href":"https:\/\/redelog.rj.gov.br\/redelog\/wp-json\/wp\/v2\/comments?post=29952"}],"version-history":[{"count":3,"href":"https:\/\/redelog.rj.gov.br\/redelog\/wp-json\/wp\/v2\/posts\/29952\/revisions"}],"predecessor-version":[{"id":29956,"href":"https:\/\/redelog.rj.gov.br\/redelog\/wp-json\/wp\/v2\/posts\/29952\/revisions\/29956"}],"wp:attachment":[{"href":"https:\/\/redelog.rj.gov.br\/redelog\/wp-json\/wp\/v2\/media?parent=29952"}],"wp:term":[{"taxonomy":"category","embeddable":true,"href":"https:\/\/redelog.rj.gov.br\/redelog\/wp-json\/wp\/v2\/categories?post=29952"},{"taxonomy":"post_tag","embeddable":true,"href":"https:\/\/redelog.rj.gov.br\/redelog\/wp-json\/wp\/v2\/tags?post=29952"}],"curies":[{"name":"wp","href":"https:\/\/api.w.org\/{rel}","templated":true}]}}