{"id":29861,"date":"2024-05-14T12:07:33","date_gmt":"2024-05-14T15:07:33","guid":{"rendered":"https:\/\/redelog.rj.gov.br\/redelog\/?p=29861"},"modified":"2024-05-20T11:25:28","modified_gmt":"2024-05-20T14:25:28","slug":"informe-no-008-2024-atualizacao-acesso-ao-sistema-pca-rj-tambem-via-govbr","status":"publish","type":"post","link":"https:\/\/redelog.rj.gov.br\/redelog\/informe-no-008-2024-atualizacao-acesso-ao-sistema-pca-rj-tambem-via-govbr\/","title":{"rendered":"INFORME N\u00ba 008\/2024 &#8211; ATUALIZA\u00c7\u00c3O \u2013 ACESSO AO SISTEMA PCA RJ TAMB\u00c9M VIA GOV.BR"},"content":{"rendered":"\t\t<div data-elementor-type=\"wp-post\" data-elementor-id=\"29861\" class=\"elementor elementor-29861\" data-elementor-post-type=\"post\">\n\t\t\t\t\t\t<section class=\"elementor-section elementor-top-section elementor-element elementor-element-6c3a1ab elementor-section-boxed elementor-section-height-default elementor-section-height-default\" data-id=\"6c3a1ab\" data-element_type=\"section\" data-settings=\"{&quot;jet_parallax_layout_list&quot;:[{&quot;jet_parallax_layout_image&quot;:{&quot;url&quot;:&quot;&quot;,&quot;id&quot;:&quot;&quot;,&quot;size&quot;:&quot;&quot;},&quot;_id&quot;:&quot;1ef5c32&quot;,&quot;jet_parallax_layout_image_tablet&quot;:{&quot;url&quot;:&quot;&quot;,&quot;id&quot;:&quot;&quot;,&quot;size&quot;:&quot;&quot;},&quot;jet_parallax_layout_image_mobile&quot;:{&quot;url&quot;:&quot;&quot;,&quot;id&quot;:&quot;&quot;,&quot;size&quot;:&quot;&quot;},&quot;jet_parallax_layout_speed&quot;:{&quot;unit&quot;:&quot;%&quot;,&quot;size&quot;:50,&quot;sizes&quot;:[]},&quot;jet_parallax_layout_type&quot;:&quot;scroll&quot;,&quot;jet_parallax_layout_direction&quot;:&quot;1&quot;,&quot;jet_parallax_layout_fx_direction&quot;:null,&quot;jet_parallax_layout_z_index&quot;:&quot;&quot;,&quot;jet_parallax_layout_bg_x&quot;:50,&quot;jet_parallax_layout_bg_x_tablet&quot;:&quot;&quot;,&quot;jet_parallax_layout_bg_x_mobile&quot;:&quot;&quot;,&quot;jet_parallax_layout_bg_y&quot;:50,&quot;jet_parallax_layout_bg_y_tablet&quot;:&quot;&quot;,&quot;jet_parallax_layout_bg_y_mobile&quot;:&quot;&quot;,&quot;jet_parallax_layout_bg_size&quot;:&quot;auto&quot;,&quot;jet_parallax_layout_bg_size_tablet&quot;:&quot;&quot;,&quot;jet_parallax_layout_bg_size_mobile&quot;:&quot;&quot;,&quot;jet_parallax_layout_animation_prop&quot;:&quot;transform&quot;,&quot;jet_parallax_layout_on&quot;:[&quot;desktop&quot;,&quot;tablet&quot;]}]}\">\n\t\t\t\t\t\t<div class=\"elementor-container elementor-column-gap-default\">\n\t\t\t\t\t<div class=\"elementor-column elementor-col-100 elementor-top-column elementor-element elementor-element-1c4e78d\" data-id=\"1c4e78d\" data-element_type=\"column\">\n\t\t\t<div class=\"elementor-widget-wrap elementor-element-populated\">\n\t\t\t\t\t\t<div class=\"elementor-element elementor-element-006a75b elementor-widget-divider--view-line elementor-widget elementor-widget-divider\" data-id=\"006a75b\" data-element_type=\"widget\" data-widget_type=\"divider.default\">\n\t\t\t\t\t\t\t<div class=\"elementor-divider\">\n\t\t\t<span class=\"elementor-divider-separator\">\n\t\t\t\t\t\t<\/span>\n\t\t<\/div>\n\t\t\t\t\t\t<\/div>\n\t\t\t\t<div class=\"elementor-element elementor-element-dea6164 elementor-widget elementor-widget-image\" data-id=\"dea6164\" data-element_type=\"widget\" data-widget_type=\"image.default\">\n\t\t\t\t\t\t\t\t\t\t\t\t\t\t\t<img fetchpriority=\"high\" decoding=\"async\" width=\"1536\" height=\"768\" src=\"https:\/\/redelog.rj.gov.br\/redelog\/wp-content\/uploads\/2024\/05\/COMUNICADO-PCA-RJ-INFORME-DA-REDELOG-1-1536x768.jpg\" class=\"attachment-1536x1536 size-1536x1536 wp-image-29863\" alt=\"\" srcset=\"https:\/\/redelog.rj.gov.br\/redelog\/wp-content\/uploads\/2024\/05\/COMUNICADO-PCA-RJ-INFORME-DA-REDELOG-1-1536x768.jpg 1536w, https:\/\/redelog.rj.gov.br\/redelog\/wp-content\/uploads\/2024\/05\/COMUNICADO-PCA-RJ-INFORME-DA-REDELOG-1-300x150.jpg 300w, https:\/\/redelog.rj.gov.br\/redelog\/wp-content\/uploads\/2024\/05\/COMUNICADO-PCA-RJ-INFORME-DA-REDELOG-1-1024x512.jpg 1024w, https:\/\/redelog.rj.gov.br\/redelog\/wp-content\/uploads\/2024\/05\/COMUNICADO-PCA-RJ-INFORME-DA-REDELOG-1-768x384.jpg 768w, https:\/\/redelog.rj.gov.br\/redelog\/wp-content\/uploads\/2024\/05\/COMUNICADO-PCA-RJ-INFORME-DA-REDELOG-1-600x300.jpg 600w, https:\/\/redelog.rj.gov.br\/redelog\/wp-content\/uploads\/2024\/05\/COMUNICADO-PCA-RJ-INFORME-DA-REDELOG-1-1280x640.jpg 1280w, https:\/\/redelog.rj.gov.br\/redelog\/wp-content\/uploads\/2024\/05\/COMUNICADO-PCA-RJ-INFORME-DA-REDELOG-1.jpg 1600w\" sizes=\"(max-width: 1536px) 100vw, 1536px\" \/>\t\t\t\t\t\t\t\t\t\t\t\t\t\t\t<\/div>\n\t\t\t\t<div class=\"elementor-element elementor-element-b32c910 elementor-widget elementor-widget-spacer\" data-id=\"b32c910\" data-element_type=\"widget\" data-widget_type=\"spacer.default\">\n\t\t\t\t\t\t\t<div class=\"elementor-spacer\">\n\t\t\t<div class=\"elementor-spacer-inner\"><\/div>\n\t\t<\/div>\n\t\t\t\t\t\t<\/div>\n\t\t\t\t<div class=\"elementor-element elementor-element-5452eb8 elementor-widget elementor-widget-text-editor\" data-id=\"5452eb8\" data-element_type=\"widget\" data-widget_type=\"text-editor.default\">\n\t\t\t\t\t\t\t\t\t<p>Informamos aos usu\u00e1rios do Sistema PCA RJ que est\u00e1 dispon\u00edvel desde sexta-feira, dia 17\/05, atualiza\u00e7\u00e3o que possibilita o acesso ao sistema com a utiliza\u00e7\u00e3o da conta pessoal do usu\u00e1rio no gov.br, desde que j\u00e1 esteja cadastrado no sistema PCA RJ. N\u00e3o \u00e9 necess\u00e1rio criar uma nova conta no gov.br. <br \/>Destaque-se que se trata de op\u00e7\u00e3o adicional de acesso ao sistema, mantida a funcionalidade das credenciais pr\u00f3prias do PCA RJ para logar.<br \/>Em caso de d\u00favidas, favor realizar contato por meio do Fale Conosco: <a href=\"https:\/\/www.compras.rj.gov.br\/suportelogistico\/#\/novo-atendimento\"><strong>https:\/\/www.compras.rj.gov.br\/suportelogistico\/#\/novo-atendimento<\/strong><\/a><\/p>\t\t\t\t\t\t\t\t<\/div>\n\t\t\t\t<div class=\"elementor-element elementor-element-cce8883 elementor-widget-divider--view-line elementor-widget elementor-widget-divider\" data-id=\"cce8883\" data-element_type=\"widget\" data-widget_type=\"divider.default\">\n\t\t\t\t\t\t\t<div class=\"elementor-divider\">\n\t\t\t<span class=\"elementor-divider-separator\">\n\t\t\t\t\t\t<\/span>\n\t\t<\/div>\n\t\t\t\t\t\t<\/div>\n\t\t\t\t\t<\/div>\n\t\t<\/div>\n\t\t\t\t\t<\/div>\n\t\t<\/section>\n\t\t\t\t<section class=\"elementor-section elementor-top-section elementor-element elementor-element-8399409 elementor-section-boxed elementor-section-height-default elementor-section-height-default\" data-id=\"8399409\" data-element_type=\"section\" data-settings=\"{&quot;jet_parallax_layout_list&quot;:[{&quot;jet_parallax_layout_image&quot;:{&quot;url&quot;:&quot;&quot;,&quot;id&quot;:&quot;&quot;,&quot;size&quot;:&quot;&quot;},&quot;_id&quot;:&quot;8c16c45&quot;,&quot;jet_parallax_layout_image_tablet&quot;:{&quot;url&quot;:&quot;&quot;,&quot;id&quot;:&quot;&quot;,&quot;size&quot;:&quot;&quot;},&quot;jet_parallax_layout_image_mobile&quot;:{&quot;url&quot;:&quot;&quot;,&quot;id&quot;:&quot;&quot;,&quot;size&quot;:&quot;&quot;},&quot;jet_parallax_layout_speed&quot;:{&quot;unit&quot;:&quot;%&quot;,&quot;size&quot;:50,&quot;sizes&quot;:[]},&quot;jet_parallax_layout_type&quot;:&quot;scroll&quot;,&quot;jet_parallax_layout_direction&quot;:&quot;1&quot;,&quot;jet_parallax_layout_fx_direction&quot;:null,&quot;jet_parallax_layout_z_index&quot;:&quot;&quot;,&quot;jet_parallax_layout_bg_x&quot;:50,&quot;jet_parallax_layout_bg_x_tablet&quot;:&quot;&quot;,&quot;jet_parallax_layout_bg_x_mobile&quot;:&quot;&quot;,&quot;jet_parallax_layout_bg_y&quot;:50,&quot;jet_parallax_layout_bg_y_tablet&quot;:&quot;&quot;,&quot;jet_parallax_layout_bg_y_mobile&quot;:&quot;&quot;,&quot;jet_parallax_layout_bg_size&quot;:&quot;auto&quot;,&quot;jet_parallax_layout_bg_size_tablet&quot;:&quot;&quot;,&quot;jet_parallax_layout_bg_size_mobile&quot;:&quot;&quot;,&quot;jet_parallax_layout_animation_prop&quot;:&quot;transform&quot;,&quot;jet_parallax_layout_on&quot;:[&quot;desktop&quot;,&quot;tablet&quot;]}]}\">\n\t\t\t\t\t\t<div class=\"elementor-container elementor-column-gap-default\">\n\t\t\t\t\t<div class=\"elementor-column elementor-col-100 elementor-top-column elementor-element elementor-element-c73c239\" data-id=\"c73c239\" data-element_type=\"column\">\n\t\t\t<div class=\"elementor-widget-wrap elementor-element-populated\">\n\t\t\t\t\t\t<div class=\"elementor-element elementor-element-e9053d9 elementor-widget elementor-widget-shortcode\" data-id=\"e9053d9\" data-element_type=\"widget\" data-widget_type=\"shortcode.default\">\n\t\t\t\t\t\t\t<div class=\"elementor-shortcode\"><div class='printomatic pom-default ' id='id9724' alt='Imprimir' title='Imprimir' data-print_target='article'><\/div> <div class='printomatictext' id='id9724' alt='Imprimir' title='Imprimir' data-print_target='article'>Imprimir<\/div><div style='clear: both;'><\/div><\/div>\n\t\t\t\t\t\t<\/div>\n\t\t\t\t\t<\/div>\n\t\t<\/div>\n\t\t\t\t\t<\/div>\n\t\t<\/section>\n\t\t\t\t<\/div>\n\t\t","protected":false},"excerpt":{"rendered":"<p>Informamos aos usu\u00e1rios do Sistema PCA RJ que est\u00e1 dispon\u00edvel desde sexta-feira, dia 17\/05, atualiza\u00e7\u00e3o que possibilita o acesso ao sistema com a utiliza\u00e7\u00e3o da conta pessoal do usu\u00e1rio no gov.br, desde que j\u00e1 esteja cadastrado no sistema PCA RJ. N\u00e3o \u00e9 necess\u00e1rio criar uma nova conta no gov.br. Destaque-se que se trata de op\u00e7\u00e3o [&hellip;]<\/p>\n","protected":false},"author":25,"featured_media":0,"comment_status":"closed","ping_status":"open","sticky":false,"template":"","format":"standard","meta":{"_joinchat":[],"footnotes":""},"categories":[38],"tags":[],"class_list":["post-29861","post","type-post","status-publish","format-standard","hentry","category-cat-informes"],"yoast_head":"<!-- This site is optimized with the Yoast SEO plugin v25.7 - https:\/\/yoast.com\/wordpress\/plugins\/seo\/ -->\n<title>INFORME N\u00ba 008\/2024 - ATUALIZA\u00c7\u00c3O \u2013 ACESSO AO SISTEMA PCA RJ TAMB\u00c9M VIA GOV.BR - Redelog<\/title>\n<meta name=\"robots\" content=\"index, follow, max-snippet:-1, max-image-preview:large, max-video-preview:-1\" \/>\n<link rel=\"canonical\" href=\"https:\/\/redelog.rj.gov.br\/redelog\/informe-no-008-2024-atualizacao-acesso-ao-sistema-pca-rj-tambem-via-govbr\/\" \/>\n<meta property=\"og:locale\" content=\"pt_BR\" \/>\n<meta property=\"og:type\" content=\"article\" \/>\n<meta property=\"og:title\" content=\"INFORME N\u00ba 008\/2024 - ATUALIZA\u00c7\u00c3O \u2013 ACESSO AO SISTEMA PCA RJ TAMB\u00c9M VIA GOV.BR - Redelog\" \/>\n<meta property=\"og:description\" content=\"Informamos aos usu\u00e1rios do Sistema PCA RJ que est\u00e1 dispon\u00edvel desde sexta-feira, dia 17\/05, atualiza\u00e7\u00e3o que possibilita o acesso ao sistema com a utiliza\u00e7\u00e3o da conta pessoal do usu\u00e1rio no gov.br, desde que j\u00e1 esteja cadastrado no sistema PCA RJ. N\u00e3o \u00e9 necess\u00e1rio criar uma nova conta no gov.br. Destaque-se que se trata de op\u00e7\u00e3o [&hellip;]\" \/>\n<meta property=\"og:url\" content=\"https:\/\/redelog.rj.gov.br\/redelog\/informe-no-008-2024-atualizacao-acesso-ao-sistema-pca-rj-tambem-via-govbr\/\" \/>\n<meta property=\"og:site_name\" content=\"Redelog\" \/>\n<meta property=\"article:published_time\" content=\"2024-05-14T15:07:33+00:00\" \/>\n<meta property=\"article:modified_time\" content=\"2024-05-20T14:25:28+00:00\" \/>\n<meta property=\"og:image\" content=\"https:\/\/www.redelog.rj.gov.br\/redelog\/wp-content\/uploads\/2024\/05\/COMUNICADO-PCA-RJ-INFORME-DA-REDELOG-1-1536x768.jpg\" \/>\n<meta name=\"author\" content=\"Luisa Maravilhas de Carvalho\" \/>\n<meta name=\"twitter:card\" content=\"summary_large_image\" \/>\n<meta name=\"twitter:label1\" content=\"Escrito por\" \/>\n\t<meta name=\"twitter:data1\" content=\"Luisa Maravilhas de Carvalho\" \/>\n\t<meta name=\"twitter:label2\" content=\"Est. tempo de leitura\" \/>\n\t<meta name=\"twitter:data2\" content=\"2 minutos\" \/>\n<script type=\"application\/ld+json\" class=\"yoast-schema-graph\">{\"@context\":\"https:\/\/schema.org\",\"@graph\":[{\"@type\":\"Article\",\"@id\":\"https:\/\/redelog.rj.gov.br\/redelog\/informe-no-008-2024-atualizacao-acesso-ao-sistema-pca-rj-tambem-via-govbr\/#article\",\"isPartOf\":{\"@id\":\"https:\/\/redelog.rj.gov.br\/redelog\/informe-no-008-2024-atualizacao-acesso-ao-sistema-pca-rj-tambem-via-govbr\/\"},\"author\":{\"name\":\"Luisa Maravilhas de Carvalho\",\"@id\":\"https:\/\/redelog.rj.gov.br\/redelog\/#\/schema\/person\/dd6a5779d3028a21ef65c6e4af7c1edb\"},\"headline\":\"INFORME N\u00ba 008\/2024 &#8211; ATUALIZA\u00c7\u00c3O \u2013 ACESSO AO SISTEMA PCA RJ TAMB\u00c9M VIA GOV.BR\",\"datePublished\":\"2024-05-14T15:07:33+00:00\",\"dateModified\":\"2024-05-20T14:25:28+00:00\",\"mainEntityOfPage\":{\"@id\":\"https:\/\/redelog.rj.gov.br\/redelog\/informe-no-008-2024-atualizacao-acesso-ao-sistema-pca-rj-tambem-via-govbr\/\"},\"wordCount\":129,\"publisher\":{\"@id\":\"https:\/\/redelog.rj.gov.br\/redelog\/#organization\"},\"image\":{\"@id\":\"https:\/\/redelog.rj.gov.br\/redelog\/informe-no-008-2024-atualizacao-acesso-ao-sistema-pca-rj-tambem-via-govbr\/#primaryimage\"},\"thumbnailUrl\":\"https:\/\/www.redelog.rj.gov.br\/redelog\/wp-content\/uploads\/2024\/05\/COMUNICADO-PCA-RJ-INFORME-DA-REDELOG-1-1536x768.jpg\",\"articleSection\":[\"Informes\"],\"inLanguage\":\"pt-BR\"},{\"@type\":\"WebPage\",\"@id\":\"https:\/\/redelog.rj.gov.br\/redelog\/informe-no-008-2024-atualizacao-acesso-ao-sistema-pca-rj-tambem-via-govbr\/\",\"url\":\"https:\/\/redelog.rj.gov.br\/redelog\/informe-no-008-2024-atualizacao-acesso-ao-sistema-pca-rj-tambem-via-govbr\/\",\"name\":\"INFORME N\u00ba 008\/2024 - ATUALIZA\u00c7\u00c3O \u2013 ACESSO AO SISTEMA PCA RJ TAMB\u00c9M VIA GOV.BR - Redelog\",\"isPartOf\":{\"@id\":\"https:\/\/redelog.rj.gov.br\/redelog\/#website\"},\"primaryImageOfPage\":{\"@id\":\"https:\/\/redelog.rj.gov.br\/redelog\/informe-no-008-2024-atualizacao-acesso-ao-sistema-pca-rj-tambem-via-govbr\/#primaryimage\"},\"image\":{\"@id\":\"https:\/\/redelog.rj.gov.br\/redelog\/informe-no-008-2024-atualizacao-acesso-ao-sistema-pca-rj-tambem-via-govbr\/#primaryimage\"},\"thumbnailUrl\":\"https:\/\/www.redelog.rj.gov.br\/redelog\/wp-content\/uploads\/2024\/05\/COMUNICADO-PCA-RJ-INFORME-DA-REDELOG-1-1536x768.jpg\",\"datePublished\":\"2024-05-14T15:07:33+00:00\",\"dateModified\":\"2024-05-20T14:25:28+00:00\",\"breadcrumb\":{\"@id\":\"https:\/\/redelog.rj.gov.br\/redelog\/informe-no-008-2024-atualizacao-acesso-ao-sistema-pca-rj-tambem-via-govbr\/#breadcrumb\"},\"inLanguage\":\"pt-BR\",\"potentialAction\":[{\"@type\":\"ReadAction\",\"target\":[\"https:\/\/redelog.rj.gov.br\/redelog\/informe-no-008-2024-atualizacao-acesso-ao-sistema-pca-rj-tambem-via-govbr\/\"]}]},{\"@type\":\"ImageObject\",\"inLanguage\":\"pt-BR\",\"@id\":\"https:\/\/redelog.rj.gov.br\/redelog\/informe-no-008-2024-atualizacao-acesso-ao-sistema-pca-rj-tambem-via-govbr\/#primaryimage\",\"url\":\"https:\/\/www.redelog.rj.gov.br\/redelog\/wp-content\/uploads\/2024\/05\/COMUNICADO-PCA-RJ-INFORME-DA-REDELOG-1-1536x768.jpg\",\"contentUrl\":\"https:\/\/www.redelog.rj.gov.br\/redelog\/wp-content\/uploads\/2024\/05\/COMUNICADO-PCA-RJ-INFORME-DA-REDELOG-1-1536x768.jpg\"},{\"@type\":\"BreadcrumbList\",\"@id\":\"https:\/\/redelog.rj.gov.br\/redelog\/informe-no-008-2024-atualizacao-acesso-ao-sistema-pca-rj-tambem-via-govbr\/#breadcrumb\",\"itemListElement\":[{\"@type\":\"ListItem\",\"position\":1,\"name\":\"Home\",\"item\":\"https:\/\/redelog.rj.gov.br\/redelog\/\"},{\"@type\":\"ListItem\",\"position\":2,\"name\":\"INFORME N\u00ba 008\/2024 &#8211; ATUALIZA\u00c7\u00c3O \u2013 ACESSO AO SISTEMA PCA RJ TAMB\u00c9M VIA GOV.BR\"}]},{\"@type\":\"WebSite\",\"@id\":\"https:\/\/redelog.rj.gov.br\/redelog\/#website\",\"url\":\"https:\/\/redelog.rj.gov.br\/redelog\/\",\"name\":\"Redelog\",\"description\":\"Site da Rede de Log\u00edstica e Planejamento do Estado do Rio de Janeiro\",\"publisher\":{\"@id\":\"https:\/\/redelog.rj.gov.br\/redelog\/#organization\"},\"potentialAction\":[{\"@type\":\"SearchAction\",\"target\":{\"@type\":\"EntryPoint\",\"urlTemplate\":\"https:\/\/redelog.rj.gov.br\/redelog\/?s={search_term_string}\"},\"query-input\":{\"@type\":\"PropertyValueSpecification\",\"valueRequired\":true,\"valueName\":\"search_term_string\"}}],\"inLanguage\":\"pt-BR\"},{\"@type\":\"Organization\",\"@id\":\"https:\/\/redelog.rj.gov.br\/redelog\/#organization\",\"name\":\"REDELOG\",\"url\":\"https:\/\/redelog.rj.gov.br\/redelog\/\",\"logo\":{\"@type\":\"ImageObject\",\"inLanguage\":\"pt-BR\",\"@id\":\"https:\/\/redelog.rj.gov.br\/redelog\/#\/schema\/logo\/image\/\",\"url\":\"http:\/\/10.10.8.100:8888\/redelog\/wp-content\/uploads\/2019\/09\/Redelog2.png\",\"contentUrl\":\"http:\/\/10.10.8.100:8888\/redelog\/wp-content\/uploads\/2019\/09\/Redelog2.png\",\"width\":565,\"height\":155,\"caption\":\"REDELOG\"},\"image\":{\"@id\":\"https:\/\/redelog.rj.gov.br\/redelog\/#\/schema\/logo\/image\/\"}},{\"@type\":\"Person\",\"@id\":\"https:\/\/redelog.rj.gov.br\/redelog\/#\/schema\/person\/dd6a5779d3028a21ef65c6e4af7c1edb\",\"name\":\"Luisa Maravilhas de Carvalho\",\"image\":{\"@type\":\"ImageObject\",\"inLanguage\":\"pt-BR\",\"@id\":\"https:\/\/redelog.rj.gov.br\/redelog\/#\/schema\/person\/image\/\",\"url\":\"https:\/\/secure.gravatar.com\/avatar\/42eea343007bb4bb43265a1df0b9eebe3b0ff8ee578355b2f834803cdddc604a?s=96&d=mm&r=g\",\"contentUrl\":\"https:\/\/secure.gravatar.com\/avatar\/42eea343007bb4bb43265a1df0b9eebe3b0ff8ee578355b2f834803cdddc604a?s=96&d=mm&r=g\",\"caption\":\"Luisa Maravilhas de Carvalho\"},\"url\":\"https:\/\/redelog.rj.gov.br\/redelog\/author\/luisa-carvalho\/\"}]}<\/script>\n<!-- \/ Yoast SEO plugin. -->","yoast_head_json":{"title":"INFORME N\u00ba 008\/2024 - ATUALIZA\u00c7\u00c3O \u2013 ACESSO AO SISTEMA PCA RJ TAMB\u00c9M VIA GOV.BR - Redelog","robots":{"index":"index","follow":"follow","max-snippet":"max-snippet:-1","max-image-preview":"max-image-preview:large","max-video-preview":"max-video-preview:-1"},"canonical":"https:\/\/redelog.rj.gov.br\/redelog\/informe-no-008-2024-atualizacao-acesso-ao-sistema-pca-rj-tambem-via-govbr\/","og_locale":"pt_BR","og_type":"article","og_title":"INFORME N\u00ba 008\/2024 - ATUALIZA\u00c7\u00c3O \u2013 ACESSO AO SISTEMA PCA RJ TAMB\u00c9M VIA GOV.BR - Redelog","og_description":"Informamos aos usu\u00e1rios do Sistema PCA RJ que est\u00e1 dispon\u00edvel desde sexta-feira, dia 17\/05, atualiza\u00e7\u00e3o que possibilita o acesso ao sistema com a utiliza\u00e7\u00e3o da conta pessoal do usu\u00e1rio no gov.br, desde que j\u00e1 esteja cadastrado no sistema PCA RJ. N\u00e3o \u00e9 necess\u00e1rio criar uma nova conta no gov.br. Destaque-se que se trata de op\u00e7\u00e3o [&hellip;]","og_url":"https:\/\/redelog.rj.gov.br\/redelog\/informe-no-008-2024-atualizacao-acesso-ao-sistema-pca-rj-tambem-via-govbr\/","og_site_name":"Redelog","article_published_time":"2024-05-14T15:07:33+00:00","article_modified_time":"2024-05-20T14:25:28+00:00","og_image":[{"url":"https:\/\/www.redelog.rj.gov.br\/redelog\/wp-content\/uploads\/2024\/05\/COMUNICADO-PCA-RJ-INFORME-DA-REDELOG-1-1536x768.jpg","type":"","width":"","height":""}],"author":"Luisa Maravilhas de Carvalho","twitter_card":"summary_large_image","twitter_misc":{"Escrito por":"Luisa Maravilhas de Carvalho","Est. tempo de leitura":"2 minutos"},"schema":{"@context":"https:\/\/schema.org","@graph":[{"@type":"Article","@id":"https:\/\/redelog.rj.gov.br\/redelog\/informe-no-008-2024-atualizacao-acesso-ao-sistema-pca-rj-tambem-via-govbr\/#article","isPartOf":{"@id":"https:\/\/redelog.rj.gov.br\/redelog\/informe-no-008-2024-atualizacao-acesso-ao-sistema-pca-rj-tambem-via-govbr\/"},"author":{"name":"Luisa Maravilhas de Carvalho","@id":"https:\/\/redelog.rj.gov.br\/redelog\/#\/schema\/person\/dd6a5779d3028a21ef65c6e4af7c1edb"},"headline":"INFORME N\u00ba 008\/2024 &#8211; ATUALIZA\u00c7\u00c3O \u2013 ACESSO AO SISTEMA PCA RJ TAMB\u00c9M VIA GOV.BR","datePublished":"2024-05-14T15:07:33+00:00","dateModified":"2024-05-20T14:25:28+00:00","mainEntityOfPage":{"@id":"https:\/\/redelog.rj.gov.br\/redelog\/informe-no-008-2024-atualizacao-acesso-ao-sistema-pca-rj-tambem-via-govbr\/"},"wordCount":129,"publisher":{"@id":"https:\/\/redelog.rj.gov.br\/redelog\/#organization"},"image":{"@id":"https:\/\/redelog.rj.gov.br\/redelog\/informe-no-008-2024-atualizacao-acesso-ao-sistema-pca-rj-tambem-via-govbr\/#primaryimage"},"thumbnailUrl":"https:\/\/www.redelog.rj.gov.br\/redelog\/wp-content\/uploads\/2024\/05\/COMUNICADO-PCA-RJ-INFORME-DA-REDELOG-1-1536x768.jpg","articleSection":["Informes"],"inLanguage":"pt-BR"},{"@type":"WebPage","@id":"https:\/\/redelog.rj.gov.br\/redelog\/informe-no-008-2024-atualizacao-acesso-ao-sistema-pca-rj-tambem-via-govbr\/","url":"https:\/\/redelog.rj.gov.br\/redelog\/informe-no-008-2024-atualizacao-acesso-ao-sistema-pca-rj-tambem-via-govbr\/","name":"INFORME N\u00ba 008\/2024 - ATUALIZA\u00c7\u00c3O \u2013 ACESSO AO SISTEMA PCA RJ TAMB\u00c9M VIA GOV.BR - Redelog","isPartOf":{"@id":"https:\/\/redelog.rj.gov.br\/redelog\/#website"},"primaryImageOfPage":{"@id":"https:\/\/redelog.rj.gov.br\/redelog\/informe-no-008-2024-atualizacao-acesso-ao-sistema-pca-rj-tambem-via-govbr\/#primaryimage"},"image":{"@id":"https:\/\/redelog.rj.gov.br\/redelog\/informe-no-008-2024-atualizacao-acesso-ao-sistema-pca-rj-tambem-via-govbr\/#primaryimage"},"thumbnailUrl":"https:\/\/www.redelog.rj.gov.br\/redelog\/wp-content\/uploads\/2024\/05\/COMUNICADO-PCA-RJ-INFORME-DA-REDELOG-1-1536x768.jpg","datePublished":"2024-05-14T15:07:33+00:00","dateModified":"2024-05-20T14:25:28+00:00","breadcrumb":{"@id":"https:\/\/redelog.rj.gov.br\/redelog\/informe-no-008-2024-atualizacao-acesso-ao-sistema-pca-rj-tambem-via-govbr\/#breadcrumb"},"inLanguage":"pt-BR","potentialAction":[{"@type":"ReadAction","target":["https:\/\/redelog.rj.gov.br\/redelog\/informe-no-008-2024-atualizacao-acesso-ao-sistema-pca-rj-tambem-via-govbr\/"]}]},{"@type":"ImageObject","inLanguage":"pt-BR","@id":"https:\/\/redelog.rj.gov.br\/redelog\/informe-no-008-2024-atualizacao-acesso-ao-sistema-pca-rj-tambem-via-govbr\/#primaryimage","url":"https:\/\/www.redelog.rj.gov.br\/redelog\/wp-content\/uploads\/2024\/05\/COMUNICADO-PCA-RJ-INFORME-DA-REDELOG-1-1536x768.jpg","contentUrl":"https:\/\/www.redelog.rj.gov.br\/redelog\/wp-content\/uploads\/2024\/05\/COMUNICADO-PCA-RJ-INFORME-DA-REDELOG-1-1536x768.jpg"},{"@type":"BreadcrumbList","@id":"https:\/\/redelog.rj.gov.br\/redelog\/informe-no-008-2024-atualizacao-acesso-ao-sistema-pca-rj-tambem-via-govbr\/#breadcrumb","itemListElement":[{"@type":"ListItem","position":1,"name":"Home","item":"https:\/\/redelog.rj.gov.br\/redelog\/"},{"@type":"ListItem","position":2,"name":"INFORME N\u00ba 008\/2024 &#8211; ATUALIZA\u00c7\u00c3O \u2013 ACESSO AO SISTEMA PCA RJ TAMB\u00c9M VIA GOV.BR"}]},{"@type":"WebSite","@id":"https:\/\/redelog.rj.gov.br\/redelog\/#website","url":"https:\/\/redelog.rj.gov.br\/redelog\/","name":"Redelog","description":"Site da Rede de Log\u00edstica e Planejamento do Estado do Rio de Janeiro","publisher":{"@id":"https:\/\/redelog.rj.gov.br\/redelog\/#organization"},"potentialAction":[{"@type":"SearchAction","target":{"@type":"EntryPoint","urlTemplate":"https:\/\/redelog.rj.gov.br\/redelog\/?s={search_term_string}"},"query-input":{"@type":"PropertyValueSpecification","valueRequired":true,"valueName":"search_term_string"}}],"inLanguage":"pt-BR"},{"@type":"Organization","@id":"https:\/\/redelog.rj.gov.br\/redelog\/#organization","name":"REDELOG","url":"https:\/\/redelog.rj.gov.br\/redelog\/","logo":{"@type":"ImageObject","inLanguage":"pt-BR","@id":"https:\/\/redelog.rj.gov.br\/redelog\/#\/schema\/logo\/image\/","url":"http:\/\/10.10.8.100:8888\/redelog\/wp-content\/uploads\/2019\/09\/Redelog2.png","contentUrl":"http:\/\/10.10.8.100:8888\/redelog\/wp-content\/uploads\/2019\/09\/Redelog2.png","width":565,"height":155,"caption":"REDELOG"},"image":{"@id":"https:\/\/redelog.rj.gov.br\/redelog\/#\/schema\/logo\/image\/"}},{"@type":"Person","@id":"https:\/\/redelog.rj.gov.br\/redelog\/#\/schema\/person\/dd6a5779d3028a21ef65c6e4af7c1edb","name":"Luisa Maravilhas de Carvalho","image":{"@type":"ImageObject","inLanguage":"pt-BR","@id":"https:\/\/redelog.rj.gov.br\/redelog\/#\/schema\/person\/image\/","url":"https:\/\/secure.gravatar.com\/avatar\/42eea343007bb4bb43265a1df0b9eebe3b0ff8ee578355b2f834803cdddc604a?s=96&d=mm&r=g","contentUrl":"https:\/\/secure.gravatar.com\/avatar\/42eea343007bb4bb43265a1df0b9eebe3b0ff8ee578355b2f834803cdddc604a?s=96&d=mm&r=g","caption":"Luisa Maravilhas de Carvalho"},"url":"https:\/\/redelog.rj.gov.br\/redelog\/author\/luisa-carvalho\/"}]}},"_links":{"self":[{"href":"https:\/\/redelog.rj.gov.br\/redelog\/wp-json\/wp\/v2\/posts\/29861","targetHints":{"allow":["GET"]}}],"collection":[{"href":"https:\/\/redelog.rj.gov.br\/redelog\/wp-json\/wp\/v2\/posts"}],"about":[{"href":"https:\/\/redelog.rj.gov.br\/redelog\/wp-json\/wp\/v2\/types\/post"}],"author":[{"embeddable":true,"href":"https:\/\/redelog.rj.gov.br\/redelog\/wp-json\/wp\/v2\/users\/25"}],"replies":[{"embeddable":true,"href":"https:\/\/redelog.rj.gov.br\/redelog\/wp-json\/wp\/v2\/comments?post=29861"}],"version-history":[{"count":10,"href":"https:\/\/redelog.rj.gov.br\/redelog\/wp-json\/wp\/v2\/posts\/29861\/revisions"}],"predecessor-version":[{"id":29896,"href":"https:\/\/redelog.rj.gov.br\/redelog\/wp-json\/wp\/v2\/posts\/29861\/revisions\/29896"}],"wp:attachment":[{"href":"https:\/\/redelog.rj.gov.br\/redelog\/wp-json\/wp\/v2\/media?parent=29861"}],"wp:term":[{"taxonomy":"category","embeddable":true,"href":"https:\/\/redelog.rj.gov.br\/redelog\/wp-json\/wp\/v2\/categories?post=29861"},{"taxonomy":"post_tag","embeddable":true,"href":"https:\/\/redelog.rj.gov.br\/redelog\/wp-json\/wp\/v2\/tags?post=29861"}],"curies":[{"name":"wp","href":"https:\/\/api.w.org\/{rel}","templated":true}]}}