{"id":28810,"date":"2024-03-25T17:39:01","date_gmt":"2024-03-25T20:39:01","guid":{"rendered":"https:\/\/redelog.rj.gov.br\/redelog\/?p=28810"},"modified":"2024-03-25T17:40:21","modified_gmt":"2024-03-25T20:40:21","slug":"informe-no-006-2024-audiencia-publica-almoxarifado-virtual","status":"publish","type":"post","link":"https:\/\/redelog.rj.gov.br\/redelog\/informe-no-006-2024-audiencia-publica-almoxarifado-virtual\/","title":{"rendered":"INFORME N\u00ba 006\/2024 &#8211; AUDI\u00caNCIA P\u00daBLICA ALMOXARIFADO VIRTUAL"},"content":{"rendered":"\t\t<div data-elementor-type=\"wp-post\" data-elementor-id=\"28810\" class=\"elementor elementor-28810\" data-elementor-post-type=\"post\">\n\t\t\t\t\t\t<section class=\"elementor-section elementor-top-section elementor-element elementor-element-6c3a1ab elementor-section-boxed elementor-section-height-default elementor-section-height-default\" data-id=\"6c3a1ab\" data-element_type=\"section\" data-settings=\"{&quot;jet_parallax_layout_list&quot;:[{&quot;jet_parallax_layout_image&quot;:{&quot;url&quot;:&quot;&quot;,&quot;id&quot;:&quot;&quot;,&quot;size&quot;:&quot;&quot;},&quot;_id&quot;:&quot;1ef5c32&quot;,&quot;jet_parallax_layout_image_tablet&quot;:{&quot;url&quot;:&quot;&quot;,&quot;id&quot;:&quot;&quot;,&quot;size&quot;:&quot;&quot;},&quot;jet_parallax_layout_image_mobile&quot;:{&quot;url&quot;:&quot;&quot;,&quot;id&quot;:&quot;&quot;,&quot;size&quot;:&quot;&quot;},&quot;jet_parallax_layout_speed&quot;:{&quot;unit&quot;:&quot;%&quot;,&quot;size&quot;:50,&quot;sizes&quot;:[]},&quot;jet_parallax_layout_type&quot;:&quot;scroll&quot;,&quot;jet_parallax_layout_direction&quot;:&quot;1&quot;,&quot;jet_parallax_layout_fx_direction&quot;:null,&quot;jet_parallax_layout_z_index&quot;:&quot;&quot;,&quot;jet_parallax_layout_bg_x&quot;:50,&quot;jet_parallax_layout_bg_x_tablet&quot;:&quot;&quot;,&quot;jet_parallax_layout_bg_x_mobile&quot;:&quot;&quot;,&quot;jet_parallax_layout_bg_y&quot;:50,&quot;jet_parallax_layout_bg_y_tablet&quot;:&quot;&quot;,&quot;jet_parallax_layout_bg_y_mobile&quot;:&quot;&quot;,&quot;jet_parallax_layout_bg_size&quot;:&quot;auto&quot;,&quot;jet_parallax_layout_bg_size_tablet&quot;:&quot;&quot;,&quot;jet_parallax_layout_bg_size_mobile&quot;:&quot;&quot;,&quot;jet_parallax_layout_animation_prop&quot;:&quot;transform&quot;,&quot;jet_parallax_layout_on&quot;:[&quot;desktop&quot;,&quot;tablet&quot;]}]}\">\n\t\t\t\t\t\t<div class=\"elementor-container elementor-column-gap-default\">\n\t\t\t\t\t<div class=\"elementor-column elementor-col-100 elementor-top-column elementor-element elementor-element-1c4e78d\" data-id=\"1c4e78d\" data-element_type=\"column\">\n\t\t\t<div class=\"elementor-widget-wrap elementor-element-populated\">\n\t\t\t\t\t\t<div class=\"elementor-element elementor-element-006a75b elementor-widget-divider--view-line elementor-widget elementor-widget-divider\" data-id=\"006a75b\" data-element_type=\"widget\" data-widget_type=\"divider.default\">\n\t\t\t\t\t\t\t<div class=\"elementor-divider\">\n\t\t\t<span class=\"elementor-divider-separator\">\n\t\t\t\t\t\t<\/span>\n\t\t<\/div>\n\t\t\t\t\t\t<\/div>\n\t\t\t\t<div class=\"elementor-element elementor-element-dea6164 elementor-widget elementor-widget-image\" data-id=\"dea6164\" data-element_type=\"widget\" data-widget_type=\"image.default\">\n\t\t\t\t\t\t\t\t\t\t\t\t\t\t\t<img fetchpriority=\"high\" decoding=\"async\" width=\"1354\" height=\"512\" src=\"https:\/\/redelog.rj.gov.br\/redelog\/wp-content\/uploads\/2024\/03\/WhatsApp-Image-2024-03-25-at-2.05.32-PM.jpeg\" class=\"attachment-1536x1536 size-1536x1536 wp-image-28812\" alt=\"\" srcset=\"https:\/\/redelog.rj.gov.br\/redelog\/wp-content\/uploads\/2024\/03\/WhatsApp-Image-2024-03-25-at-2.05.32-PM.jpeg 1354w, https:\/\/redelog.rj.gov.br\/redelog\/wp-content\/uploads\/2024\/03\/WhatsApp-Image-2024-03-25-at-2.05.32-PM-300x113.jpeg 300w, https:\/\/redelog.rj.gov.br\/redelog\/wp-content\/uploads\/2024\/03\/WhatsApp-Image-2024-03-25-at-2.05.32-PM-1024x387.jpeg 1024w, https:\/\/redelog.rj.gov.br\/redelog\/wp-content\/uploads\/2024\/03\/WhatsApp-Image-2024-03-25-at-2.05.32-PM-768x290.jpeg 768w, https:\/\/redelog.rj.gov.br\/redelog\/wp-content\/uploads\/2024\/03\/WhatsApp-Image-2024-03-25-at-2.05.32-PM-600x227.jpeg 600w\" sizes=\"(max-width: 1354px) 100vw, 1354px\" \/>\t\t\t\t\t\t\t\t\t\t\t\t\t\t\t<\/div>\n\t\t\t\t<div class=\"elementor-element elementor-element-5452eb8 elementor-widget elementor-widget-text-editor\" data-id=\"5452eb8\" data-element_type=\"widget\" data-widget_type=\"text-editor.default\">\n\t\t\t\t\t\t\t\t\t<p>A <strong>Secretaria de Estado de Planejamento e Gest\u00e3o do Governo<\/strong> (SEPLAG-RJ) convida voc\u00ea para participar da <span style=\"text-decoration: underline;\">audi\u00eancia p\u00fablica<\/span> para debater a contrata\u00e7\u00e3o de servi\u00e7os cont\u00ednuos de outsourcing para opera\u00e7\u00e3o de <span style=\"text-decoration: underline;\"><strong>almoxarifado virtual, incluindo um m\u00f3dulo inovador de insumos para urg\u00eancia p\u00fablica<\/strong><\/span>.<\/p><p>O evento ser\u00e1 realizado no dia <strong>04 de abril de 2024<\/strong>, \u00e0s<strong> 15h<\/strong>, no <strong>Audit\u00f3rio 10\u00ba<\/strong> andar, na Rua Erasmo Braga, 118, Centro, Rio de Janeiro.<\/p><p>Na audi\u00eancia p\u00fablica, voc\u00ea ter\u00e1 a oportunidade de:<\/p><ul><li>Influenciar o modelo de contrata\u00e7\u00e3o, tornando-o mais eficiente e mais justo para todos os envolvidos;<\/li><li>Conhecer em detalhes as necessidades do Governo do Estado em termos de materiais de consumo administrativo e insumos de urg\u00eancia p\u00fablica;<\/li><li>Fazer networking com outros fornecedores e ampliar suas oportunidades de neg\u00f3cio;<\/li><li>Contribuir para a constru\u00e7\u00e3o do m\u00f3dulo inovador de insumos para urg\u00eancia p\u00fablica, que garantir\u00e1 maior agilidade na resposta a situa\u00e7\u00f5es emergenciais.<\/li><\/ul><p>Para se inscrever na audi\u00eancia p\u00fablica, acesse o link: <a href=\"https:\/\/forms.gle\/QpqRWWD4AFbpnv3M8\">https:\/\/forms.gle\/QpqRWWD4AFbpnv3M8<\/a><\/p><p>\u00a0<\/p><p>Participe da audi\u00eancia p\u00fablica e contribua para a constru\u00e7\u00e3o de um modelo de contrata\u00e7\u00e3o mais eficiente e mais justo para todos!<\/p>\t\t\t\t\t\t\t\t<\/div>\n\t\t\t\t<div class=\"elementor-element elementor-element-cce8883 elementor-widget-divider--view-line elementor-widget elementor-widget-divider\" data-id=\"cce8883\" data-element_type=\"widget\" data-widget_type=\"divider.default\">\n\t\t\t\t\t\t\t<div class=\"elementor-divider\">\n\t\t\t<span class=\"elementor-divider-separator\">\n\t\t\t\t\t\t<\/span>\n\t\t<\/div>\n\t\t\t\t\t\t<\/div>\n\t\t\t\t\t<\/div>\n\t\t<\/div>\n\t\t\t\t\t<\/div>\n\t\t<\/section>\n\t\t\t\t<section class=\"elementor-section elementor-top-section elementor-element elementor-element-8399409 elementor-section-boxed elementor-section-height-default elementor-section-height-default\" data-id=\"8399409\" data-element_type=\"section\" data-settings=\"{&quot;jet_parallax_layout_list&quot;:[{&quot;jet_parallax_layout_image&quot;:{&quot;url&quot;:&quot;&quot;,&quot;id&quot;:&quot;&quot;,&quot;size&quot;:&quot;&quot;},&quot;_id&quot;:&quot;8c16c45&quot;,&quot;jet_parallax_layout_image_tablet&quot;:{&quot;url&quot;:&quot;&quot;,&quot;id&quot;:&quot;&quot;,&quot;size&quot;:&quot;&quot;},&quot;jet_parallax_layout_image_mobile&quot;:{&quot;url&quot;:&quot;&quot;,&quot;id&quot;:&quot;&quot;,&quot;size&quot;:&quot;&quot;},&quot;jet_parallax_layout_speed&quot;:{&quot;unit&quot;:&quot;%&quot;,&quot;size&quot;:50,&quot;sizes&quot;:[]},&quot;jet_parallax_layout_type&quot;:&quot;scroll&quot;,&quot;jet_parallax_layout_direction&quot;:&quot;1&quot;,&quot;jet_parallax_layout_fx_direction&quot;:null,&quot;jet_parallax_layout_z_index&quot;:&quot;&quot;,&quot;jet_parallax_layout_bg_x&quot;:50,&quot;jet_parallax_layout_bg_x_tablet&quot;:&quot;&quot;,&quot;jet_parallax_layout_bg_x_mobile&quot;:&quot;&quot;,&quot;jet_parallax_layout_bg_y&quot;:50,&quot;jet_parallax_layout_bg_y_tablet&quot;:&quot;&quot;,&quot;jet_parallax_layout_bg_y_mobile&quot;:&quot;&quot;,&quot;jet_parallax_layout_bg_size&quot;:&quot;auto&quot;,&quot;jet_parallax_layout_bg_size_tablet&quot;:&quot;&quot;,&quot;jet_parallax_layout_bg_size_mobile&quot;:&quot;&quot;,&quot;jet_parallax_layout_animation_prop&quot;:&quot;transform&quot;,&quot;jet_parallax_layout_on&quot;:[&quot;desktop&quot;,&quot;tablet&quot;]}]}\">\n\t\t\t\t\t\t<div class=\"elementor-container elementor-column-gap-default\">\n\t\t\t\t\t<div class=\"elementor-column elementor-col-100 elementor-top-column elementor-element elementor-element-c73c239\" data-id=\"c73c239\" data-element_type=\"column\">\n\t\t\t<div class=\"elementor-widget-wrap elementor-element-populated\">\n\t\t\t\t\t\t<div class=\"elementor-element elementor-element-e9053d9 elementor-widget elementor-widget-shortcode\" data-id=\"e9053d9\" data-element_type=\"widget\" data-widget_type=\"shortcode.default\">\n\t\t\t\t\t\t\t<div class=\"elementor-shortcode\"><div class='printomatic pom-default ' id='id3150' alt='Imprimir' title='Imprimir' data-print_target='article'><\/div> <div class='printomatictext' id='id3150' alt='Imprimir' title='Imprimir' data-print_target='article'>Imprimir<\/div><div style='clear: both;'><\/div><\/div>\n\t\t\t\t\t\t<\/div>\n\t\t\t\t\t<\/div>\n\t\t<\/div>\n\t\t\t\t\t<\/div>\n\t\t<\/section>\n\t\t\t\t<\/div>\n\t\t","protected":false},"excerpt":{"rendered":"<p>A Secretaria de Estado de Planejamento e Gest\u00e3o do Governo (SEPLAG-RJ) convida voc\u00ea para participar da audi\u00eancia p\u00fablica para debater a contrata\u00e7\u00e3o de servi\u00e7os cont\u00ednuos de outsourcing para opera\u00e7\u00e3o de almoxarifado virtual, incluindo um m\u00f3dulo inovador de insumos para urg\u00eancia p\u00fablica. O evento ser\u00e1 realizado no dia 04 de abril de 2024, \u00e0s 15h, no [&hellip;]<\/p>\n","protected":false},"author":24,"featured_media":0,"comment_status":"closed","ping_status":"open","sticky":false,"template":"","format":"standard","meta":{"_joinchat":[],"footnotes":""},"categories":[25,34,33,38],"tags":[],"class_list":["post-28810","post","type-post","status-publish","format-standard","hentry","category-cat-capacitacao","category-cat-cursos-abertos","category-cat-cursos-internos","category-cat-informes"],"yoast_head":"<!-- This site is optimized with the Yoast SEO plugin v25.7 - https:\/\/yoast.com\/wordpress\/plugins\/seo\/ -->\n<title>INFORME N\u00ba 006\/2024 - AUDI\u00caNCIA P\u00daBLICA ALMOXARIFADO VIRTUAL - Redelog<\/title>\n<meta name=\"robots\" content=\"index, follow, max-snippet:-1, max-image-preview:large, max-video-preview:-1\" \/>\n<link rel=\"canonical\" href=\"https:\/\/redelog.rj.gov.br\/redelog\/informe-no-006-2024-audiencia-publica-almoxarifado-virtual\/\" \/>\n<meta property=\"og:locale\" content=\"pt_BR\" \/>\n<meta property=\"og:type\" content=\"article\" \/>\n<meta property=\"og:title\" content=\"INFORME N\u00ba 006\/2024 - AUDI\u00caNCIA P\u00daBLICA ALMOXARIFADO VIRTUAL - Redelog\" \/>\n<meta property=\"og:description\" content=\"A Secretaria de Estado de Planejamento e Gest\u00e3o do Governo (SEPLAG-RJ) convida voc\u00ea para participar da audi\u00eancia p\u00fablica para debater a contrata\u00e7\u00e3o de servi\u00e7os cont\u00ednuos de outsourcing para opera\u00e7\u00e3o de almoxarifado virtual, incluindo um m\u00f3dulo inovador de insumos para urg\u00eancia p\u00fablica. O evento ser\u00e1 realizado no dia 04 de abril de 2024, \u00e0s 15h, no [&hellip;]\" \/>\n<meta property=\"og:url\" content=\"https:\/\/redelog.rj.gov.br\/redelog\/informe-no-006-2024-audiencia-publica-almoxarifado-virtual\/\" \/>\n<meta property=\"og:site_name\" content=\"Redelog\" \/>\n<meta property=\"article:published_time\" content=\"2024-03-25T20:39:01+00:00\" \/>\n<meta property=\"article:modified_time\" content=\"2024-03-25T20:40:21+00:00\" \/>\n<meta property=\"og:image\" content=\"https:\/\/www.redelog.rj.gov.br\/redelog\/wp-content\/uploads\/2024\/03\/WhatsApp-Image-2024-03-25-at-2.05.32-PM.jpeg\" \/>\n<meta name=\"author\" content=\"Nathalia Rodrigues Cordeiro\" \/>\n<meta name=\"twitter:card\" content=\"summary_large_image\" \/>\n<meta name=\"twitter:label1\" content=\"Escrito por\" \/>\n\t<meta name=\"twitter:data1\" content=\"Nathalia Rodrigues Cordeiro\" \/>\n\t<meta name=\"twitter:label2\" content=\"Est. tempo de leitura\" \/>\n\t<meta name=\"twitter:data2\" content=\"2 minutos\" \/>\n<script type=\"application\/ld+json\" class=\"yoast-schema-graph\">{\"@context\":\"https:\/\/schema.org\",\"@graph\":[{\"@type\":\"Article\",\"@id\":\"https:\/\/redelog.rj.gov.br\/redelog\/informe-no-006-2024-audiencia-publica-almoxarifado-virtual\/#article\",\"isPartOf\":{\"@id\":\"https:\/\/redelog.rj.gov.br\/redelog\/informe-no-006-2024-audiencia-publica-almoxarifado-virtual\/\"},\"author\":{\"name\":\"Nathalia Rodrigues Cordeiro\",\"@id\":\"https:\/\/redelog.rj.gov.br\/redelog\/#\/schema\/person\/573ef5e716d5fcb9dbd1406140c41a6f\"},\"headline\":\"INFORME N\u00ba 006\/2024 &#8211; AUDI\u00caNCIA P\u00daBLICA ALMOXARIFADO VIRTUAL\",\"datePublished\":\"2024-03-25T20:39:01+00:00\",\"dateModified\":\"2024-03-25T20:40:21+00:00\",\"mainEntityOfPage\":{\"@id\":\"https:\/\/redelog.rj.gov.br\/redelog\/informe-no-006-2024-audiencia-publica-almoxarifado-virtual\/\"},\"wordCount\":225,\"publisher\":{\"@id\":\"https:\/\/redelog.rj.gov.br\/redelog\/#organization\"},\"image\":{\"@id\":\"https:\/\/redelog.rj.gov.br\/redelog\/informe-no-006-2024-audiencia-publica-almoxarifado-virtual\/#primaryimage\"},\"thumbnailUrl\":\"https:\/\/www.redelog.rj.gov.br\/redelog\/wp-content\/uploads\/2024\/03\/WhatsApp-Image-2024-03-25-at-2.05.32-PM.jpeg\",\"articleSection\":[\"Capacita\u00e7\u00e3o\",\"Cursos Abertos\",\"Cursos Internos\",\"Informes\"],\"inLanguage\":\"pt-BR\"},{\"@type\":\"WebPage\",\"@id\":\"https:\/\/redelog.rj.gov.br\/redelog\/informe-no-006-2024-audiencia-publica-almoxarifado-virtual\/\",\"url\":\"https:\/\/redelog.rj.gov.br\/redelog\/informe-no-006-2024-audiencia-publica-almoxarifado-virtual\/\",\"name\":\"INFORME N\u00ba 006\/2024 - AUDI\u00caNCIA P\u00daBLICA ALMOXARIFADO VIRTUAL - Redelog\",\"isPartOf\":{\"@id\":\"https:\/\/redelog.rj.gov.br\/redelog\/#website\"},\"primaryImageOfPage\":{\"@id\":\"https:\/\/redelog.rj.gov.br\/redelog\/informe-no-006-2024-audiencia-publica-almoxarifado-virtual\/#primaryimage\"},\"image\":{\"@id\":\"https:\/\/redelog.rj.gov.br\/redelog\/informe-no-006-2024-audiencia-publica-almoxarifado-virtual\/#primaryimage\"},\"thumbnailUrl\":\"https:\/\/www.redelog.rj.gov.br\/redelog\/wp-content\/uploads\/2024\/03\/WhatsApp-Image-2024-03-25-at-2.05.32-PM.jpeg\",\"datePublished\":\"2024-03-25T20:39:01+00:00\",\"dateModified\":\"2024-03-25T20:40:21+00:00\",\"breadcrumb\":{\"@id\":\"https:\/\/redelog.rj.gov.br\/redelog\/informe-no-006-2024-audiencia-publica-almoxarifado-virtual\/#breadcrumb\"},\"inLanguage\":\"pt-BR\",\"potentialAction\":[{\"@type\":\"ReadAction\",\"target\":[\"https:\/\/redelog.rj.gov.br\/redelog\/informe-no-006-2024-audiencia-publica-almoxarifado-virtual\/\"]}]},{\"@type\":\"ImageObject\",\"inLanguage\":\"pt-BR\",\"@id\":\"https:\/\/redelog.rj.gov.br\/redelog\/informe-no-006-2024-audiencia-publica-almoxarifado-virtual\/#primaryimage\",\"url\":\"https:\/\/www.redelog.rj.gov.br\/redelog\/wp-content\/uploads\/2024\/03\/WhatsApp-Image-2024-03-25-at-2.05.32-PM.jpeg\",\"contentUrl\":\"https:\/\/www.redelog.rj.gov.br\/redelog\/wp-content\/uploads\/2024\/03\/WhatsApp-Image-2024-03-25-at-2.05.32-PM.jpeg\"},{\"@type\":\"BreadcrumbList\",\"@id\":\"https:\/\/redelog.rj.gov.br\/redelog\/informe-no-006-2024-audiencia-publica-almoxarifado-virtual\/#breadcrumb\",\"itemListElement\":[{\"@type\":\"ListItem\",\"position\":1,\"name\":\"Home\",\"item\":\"https:\/\/redelog.rj.gov.br\/redelog\/\"},{\"@type\":\"ListItem\",\"position\":2,\"name\":\"INFORME N\u00ba 006\/2024 &#8211; AUDI\u00caNCIA P\u00daBLICA ALMOXARIFADO VIRTUAL\"}]},{\"@type\":\"WebSite\",\"@id\":\"https:\/\/redelog.rj.gov.br\/redelog\/#website\",\"url\":\"https:\/\/redelog.rj.gov.br\/redelog\/\",\"name\":\"Redelog\",\"description\":\"Site da Rede de Log\u00edstica e Planejamento do Estado do Rio de Janeiro\",\"publisher\":{\"@id\":\"https:\/\/redelog.rj.gov.br\/redelog\/#organization\"},\"potentialAction\":[{\"@type\":\"SearchAction\",\"target\":{\"@type\":\"EntryPoint\",\"urlTemplate\":\"https:\/\/redelog.rj.gov.br\/redelog\/?s={search_term_string}\"},\"query-input\":{\"@type\":\"PropertyValueSpecification\",\"valueRequired\":true,\"valueName\":\"search_term_string\"}}],\"inLanguage\":\"pt-BR\"},{\"@type\":\"Organization\",\"@id\":\"https:\/\/redelog.rj.gov.br\/redelog\/#organization\",\"name\":\"REDELOG\",\"url\":\"https:\/\/redelog.rj.gov.br\/redelog\/\",\"logo\":{\"@type\":\"ImageObject\",\"inLanguage\":\"pt-BR\",\"@id\":\"https:\/\/redelog.rj.gov.br\/redelog\/#\/schema\/logo\/image\/\",\"url\":\"http:\/\/10.10.8.100:8888\/redelog\/wp-content\/uploads\/2019\/09\/Redelog2.png\",\"contentUrl\":\"http:\/\/10.10.8.100:8888\/redelog\/wp-content\/uploads\/2019\/09\/Redelog2.png\",\"width\":565,\"height\":155,\"caption\":\"REDELOG\"},\"image\":{\"@id\":\"https:\/\/redelog.rj.gov.br\/redelog\/#\/schema\/logo\/image\/\"}},{\"@type\":\"Person\",\"@id\":\"https:\/\/redelog.rj.gov.br\/redelog\/#\/schema\/person\/573ef5e716d5fcb9dbd1406140c41a6f\",\"name\":\"Nathalia Rodrigues Cordeiro\",\"image\":{\"@type\":\"ImageObject\",\"inLanguage\":\"pt-BR\",\"@id\":\"https:\/\/redelog.rj.gov.br\/redelog\/#\/schema\/person\/image\/\",\"url\":\"https:\/\/secure.gravatar.com\/avatar\/5198cd81715b5407b4afe7bb8788c14dab502a7befe4c63b467f2ce47d351483?s=96&d=mm&r=g\",\"contentUrl\":\"https:\/\/secure.gravatar.com\/avatar\/5198cd81715b5407b4afe7bb8788c14dab502a7befe4c63b467f2ce47d351483?s=96&d=mm&r=g\",\"caption\":\"Nathalia Rodrigues Cordeiro\"},\"url\":\"https:\/\/redelog.rj.gov.br\/redelog\/author\/nathalia\/\"}]}<\/script>\n<!-- \/ Yoast SEO plugin. -->","yoast_head_json":{"title":"INFORME N\u00ba 006\/2024 - AUDI\u00caNCIA P\u00daBLICA ALMOXARIFADO VIRTUAL - Redelog","robots":{"index":"index","follow":"follow","max-snippet":"max-snippet:-1","max-image-preview":"max-image-preview:large","max-video-preview":"max-video-preview:-1"},"canonical":"https:\/\/redelog.rj.gov.br\/redelog\/informe-no-006-2024-audiencia-publica-almoxarifado-virtual\/","og_locale":"pt_BR","og_type":"article","og_title":"INFORME N\u00ba 006\/2024 - AUDI\u00caNCIA P\u00daBLICA ALMOXARIFADO VIRTUAL - Redelog","og_description":"A Secretaria de Estado de Planejamento e Gest\u00e3o do Governo (SEPLAG-RJ) convida voc\u00ea para participar da audi\u00eancia p\u00fablica para debater a contrata\u00e7\u00e3o de servi\u00e7os cont\u00ednuos de outsourcing para opera\u00e7\u00e3o de almoxarifado virtual, incluindo um m\u00f3dulo inovador de insumos para urg\u00eancia p\u00fablica. O evento ser\u00e1 realizado no dia 04 de abril de 2024, \u00e0s 15h, no [&hellip;]","og_url":"https:\/\/redelog.rj.gov.br\/redelog\/informe-no-006-2024-audiencia-publica-almoxarifado-virtual\/","og_site_name":"Redelog","article_published_time":"2024-03-25T20:39:01+00:00","article_modified_time":"2024-03-25T20:40:21+00:00","og_image":[{"url":"https:\/\/www.redelog.rj.gov.br\/redelog\/wp-content\/uploads\/2024\/03\/WhatsApp-Image-2024-03-25-at-2.05.32-PM.jpeg","type":"","width":"","height":""}],"author":"Nathalia Rodrigues Cordeiro","twitter_card":"summary_large_image","twitter_misc":{"Escrito por":"Nathalia Rodrigues Cordeiro","Est. tempo de leitura":"2 minutos"},"schema":{"@context":"https:\/\/schema.org","@graph":[{"@type":"Article","@id":"https:\/\/redelog.rj.gov.br\/redelog\/informe-no-006-2024-audiencia-publica-almoxarifado-virtual\/#article","isPartOf":{"@id":"https:\/\/redelog.rj.gov.br\/redelog\/informe-no-006-2024-audiencia-publica-almoxarifado-virtual\/"},"author":{"name":"Nathalia Rodrigues Cordeiro","@id":"https:\/\/redelog.rj.gov.br\/redelog\/#\/schema\/person\/573ef5e716d5fcb9dbd1406140c41a6f"},"headline":"INFORME N\u00ba 006\/2024 &#8211; AUDI\u00caNCIA P\u00daBLICA ALMOXARIFADO VIRTUAL","datePublished":"2024-03-25T20:39:01+00:00","dateModified":"2024-03-25T20:40:21+00:00","mainEntityOfPage":{"@id":"https:\/\/redelog.rj.gov.br\/redelog\/informe-no-006-2024-audiencia-publica-almoxarifado-virtual\/"},"wordCount":225,"publisher":{"@id":"https:\/\/redelog.rj.gov.br\/redelog\/#organization"},"image":{"@id":"https:\/\/redelog.rj.gov.br\/redelog\/informe-no-006-2024-audiencia-publica-almoxarifado-virtual\/#primaryimage"},"thumbnailUrl":"https:\/\/www.redelog.rj.gov.br\/redelog\/wp-content\/uploads\/2024\/03\/WhatsApp-Image-2024-03-25-at-2.05.32-PM.jpeg","articleSection":["Capacita\u00e7\u00e3o","Cursos Abertos","Cursos Internos","Informes"],"inLanguage":"pt-BR"},{"@type":"WebPage","@id":"https:\/\/redelog.rj.gov.br\/redelog\/informe-no-006-2024-audiencia-publica-almoxarifado-virtual\/","url":"https:\/\/redelog.rj.gov.br\/redelog\/informe-no-006-2024-audiencia-publica-almoxarifado-virtual\/","name":"INFORME N\u00ba 006\/2024 - AUDI\u00caNCIA P\u00daBLICA ALMOXARIFADO VIRTUAL - Redelog","isPartOf":{"@id":"https:\/\/redelog.rj.gov.br\/redelog\/#website"},"primaryImageOfPage":{"@id":"https:\/\/redelog.rj.gov.br\/redelog\/informe-no-006-2024-audiencia-publica-almoxarifado-virtual\/#primaryimage"},"image":{"@id":"https:\/\/redelog.rj.gov.br\/redelog\/informe-no-006-2024-audiencia-publica-almoxarifado-virtual\/#primaryimage"},"thumbnailUrl":"https:\/\/www.redelog.rj.gov.br\/redelog\/wp-content\/uploads\/2024\/03\/WhatsApp-Image-2024-03-25-at-2.05.32-PM.jpeg","datePublished":"2024-03-25T20:39:01+00:00","dateModified":"2024-03-25T20:40:21+00:00","breadcrumb":{"@id":"https:\/\/redelog.rj.gov.br\/redelog\/informe-no-006-2024-audiencia-publica-almoxarifado-virtual\/#breadcrumb"},"inLanguage":"pt-BR","potentialAction":[{"@type":"ReadAction","target":["https:\/\/redelog.rj.gov.br\/redelog\/informe-no-006-2024-audiencia-publica-almoxarifado-virtual\/"]}]},{"@type":"ImageObject","inLanguage":"pt-BR","@id":"https:\/\/redelog.rj.gov.br\/redelog\/informe-no-006-2024-audiencia-publica-almoxarifado-virtual\/#primaryimage","url":"https:\/\/www.redelog.rj.gov.br\/redelog\/wp-content\/uploads\/2024\/03\/WhatsApp-Image-2024-03-25-at-2.05.32-PM.jpeg","contentUrl":"https:\/\/www.redelog.rj.gov.br\/redelog\/wp-content\/uploads\/2024\/03\/WhatsApp-Image-2024-03-25-at-2.05.32-PM.jpeg"},{"@type":"BreadcrumbList","@id":"https:\/\/redelog.rj.gov.br\/redelog\/informe-no-006-2024-audiencia-publica-almoxarifado-virtual\/#breadcrumb","itemListElement":[{"@type":"ListItem","position":1,"name":"Home","item":"https:\/\/redelog.rj.gov.br\/redelog\/"},{"@type":"ListItem","position":2,"name":"INFORME N\u00ba 006\/2024 &#8211; AUDI\u00caNCIA P\u00daBLICA ALMOXARIFADO VIRTUAL"}]},{"@type":"WebSite","@id":"https:\/\/redelog.rj.gov.br\/redelog\/#website","url":"https:\/\/redelog.rj.gov.br\/redelog\/","name":"Redelog","description":"Site da Rede de Log\u00edstica e Planejamento do Estado do Rio de Janeiro","publisher":{"@id":"https:\/\/redelog.rj.gov.br\/redelog\/#organization"},"potentialAction":[{"@type":"SearchAction","target":{"@type":"EntryPoint","urlTemplate":"https:\/\/redelog.rj.gov.br\/redelog\/?s={search_term_string}"},"query-input":{"@type":"PropertyValueSpecification","valueRequired":true,"valueName":"search_term_string"}}],"inLanguage":"pt-BR"},{"@type":"Organization","@id":"https:\/\/redelog.rj.gov.br\/redelog\/#organization","name":"REDELOG","url":"https:\/\/redelog.rj.gov.br\/redelog\/","logo":{"@type":"ImageObject","inLanguage":"pt-BR","@id":"https:\/\/redelog.rj.gov.br\/redelog\/#\/schema\/logo\/image\/","url":"http:\/\/10.10.8.100:8888\/redelog\/wp-content\/uploads\/2019\/09\/Redelog2.png","contentUrl":"http:\/\/10.10.8.100:8888\/redelog\/wp-content\/uploads\/2019\/09\/Redelog2.png","width":565,"height":155,"caption":"REDELOG"},"image":{"@id":"https:\/\/redelog.rj.gov.br\/redelog\/#\/schema\/logo\/image\/"}},{"@type":"Person","@id":"https:\/\/redelog.rj.gov.br\/redelog\/#\/schema\/person\/573ef5e716d5fcb9dbd1406140c41a6f","name":"Nathalia Rodrigues Cordeiro","image":{"@type":"ImageObject","inLanguage":"pt-BR","@id":"https:\/\/redelog.rj.gov.br\/redelog\/#\/schema\/person\/image\/","url":"https:\/\/secure.gravatar.com\/avatar\/5198cd81715b5407b4afe7bb8788c14dab502a7befe4c63b467f2ce47d351483?s=96&d=mm&r=g","contentUrl":"https:\/\/secure.gravatar.com\/avatar\/5198cd81715b5407b4afe7bb8788c14dab502a7befe4c63b467f2ce47d351483?s=96&d=mm&r=g","caption":"Nathalia Rodrigues Cordeiro"},"url":"https:\/\/redelog.rj.gov.br\/redelog\/author\/nathalia\/"}]}},"_links":{"self":[{"href":"https:\/\/redelog.rj.gov.br\/redelog\/wp-json\/wp\/v2\/posts\/28810","targetHints":{"allow":["GET"]}}],"collection":[{"href":"https:\/\/redelog.rj.gov.br\/redelog\/wp-json\/wp\/v2\/posts"}],"about":[{"href":"https:\/\/redelog.rj.gov.br\/redelog\/wp-json\/wp\/v2\/types\/post"}],"author":[{"embeddable":true,"href":"https:\/\/redelog.rj.gov.br\/redelog\/wp-json\/wp\/v2\/users\/24"}],"replies":[{"embeddable":true,"href":"https:\/\/redelog.rj.gov.br\/redelog\/wp-json\/wp\/v2\/comments?post=28810"}],"version-history":[{"count":4,"href":"https:\/\/redelog.rj.gov.br\/redelog\/wp-json\/wp\/v2\/posts\/28810\/revisions"}],"predecessor-version":[{"id":28815,"href":"https:\/\/redelog.rj.gov.br\/redelog\/wp-json\/wp\/v2\/posts\/28810\/revisions\/28815"}],"wp:attachment":[{"href":"https:\/\/redelog.rj.gov.br\/redelog\/wp-json\/wp\/v2\/media?parent=28810"}],"wp:term":[{"taxonomy":"category","embeddable":true,"href":"https:\/\/redelog.rj.gov.br\/redelog\/wp-json\/wp\/v2\/categories?post=28810"},{"taxonomy":"post_tag","embeddable":true,"href":"https:\/\/redelog.rj.gov.br\/redelog\/wp-json\/wp\/v2\/tags?post=28810"}],"curies":[{"name":"wp","href":"https:\/\/api.w.org\/{rel}","templated":true}]}}