{"id":28542,"date":"2024-03-14T15:40:37","date_gmt":"2024-03-14T18:40:37","guid":{"rendered":"https:\/\/redelog.rj.gov.br\/redelog\/?p=28542"},"modified":"2024-03-14T15:45:57","modified_gmt":"2024-03-14T18:45:57","slug":"deliberacao-tce-no-278-de-24-de-agosto-de-2017","status":"publish","type":"post","link":"https:\/\/redelog.rj.gov.br\/redelog\/deliberacao-tce-no-278-de-24-de-agosto-de-2017\/","title":{"rendered":"DELIBERA\u00c7\u00c3O TCE N\u00ba 278, DE 24 DE AGOSTO DE 2017"},"content":{"rendered":"\t\t<div data-elementor-type=\"wp-post\" data-elementor-id=\"28542\" class=\"elementor elementor-28542\" data-elementor-post-type=\"post\">\n\t\t\t\t\t\t<section class=\"elementor-section elementor-top-section elementor-element elementor-element-ffb1fce elementor-section-boxed elementor-section-height-default elementor-section-height-default\" data-id=\"ffb1fce\" data-element_type=\"section\" data-settings=\"{&quot;jet_parallax_layout_list&quot;:[{&quot;jet_parallax_layout_image&quot;:{&quot;url&quot;:&quot;&quot;,&quot;id&quot;:&quot;&quot;,&quot;size&quot;:&quot;&quot;},&quot;_id&quot;:&quot;542cf91&quot;,&quot;jet_parallax_layout_image_tablet&quot;:{&quot;url&quot;:&quot;&quot;,&quot;id&quot;:&quot;&quot;,&quot;size&quot;:&quot;&quot;},&quot;jet_parallax_layout_image_mobile&quot;:{&quot;url&quot;:&quot;&quot;,&quot;id&quot;:&quot;&quot;,&quot;size&quot;:&quot;&quot;},&quot;jet_parallax_layout_speed&quot;:{&quot;unit&quot;:&quot;%&quot;,&quot;size&quot;:50,&quot;sizes&quot;:[]},&quot;jet_parallax_layout_type&quot;:&quot;scroll&quot;,&quot;jet_parallax_layout_direction&quot;:&quot;1&quot;,&quot;jet_parallax_layout_fx_direction&quot;:null,&quot;jet_parallax_layout_z_index&quot;:&quot;&quot;,&quot;jet_parallax_layout_bg_x&quot;:50,&quot;jet_parallax_layout_bg_x_tablet&quot;:&quot;&quot;,&quot;jet_parallax_layout_bg_x_mobile&quot;:&quot;&quot;,&quot;jet_parallax_layout_bg_y&quot;:50,&quot;jet_parallax_layout_bg_y_tablet&quot;:&quot;&quot;,&quot;jet_parallax_layout_bg_y_mobile&quot;:&quot;&quot;,&quot;jet_parallax_layout_bg_size&quot;:&quot;auto&quot;,&quot;jet_parallax_layout_bg_size_tablet&quot;:&quot;&quot;,&quot;jet_parallax_layout_bg_size_mobile&quot;:&quot;&quot;,&quot;jet_parallax_layout_animation_prop&quot;:&quot;transform&quot;,&quot;jet_parallax_layout_on&quot;:[&quot;desktop&quot;,&quot;tablet&quot;]}]}\">\n\t\t\t\t\t\t<div class=\"elementor-container elementor-column-gap-default\">\n\t\t\t\t\t<div class=\"elementor-column elementor-col-100 elementor-top-column elementor-element elementor-element-29c90b0\" data-id=\"29c90b0\" data-element_type=\"column\">\n\t\t\t<div class=\"elementor-widget-wrap elementor-element-populated\">\n\t\t\t\t\t\t<section class=\"elementor-section elementor-inner-section elementor-element elementor-element-2222ed8 elementor-section-boxed elementor-section-height-default elementor-section-height-default\" data-id=\"2222ed8\" data-element_type=\"section\" data-settings=\"{&quot;jet_parallax_layout_list&quot;:[{&quot;jet_parallax_layout_image&quot;:{&quot;url&quot;:&quot;&quot;,&quot;id&quot;:&quot;&quot;,&quot;size&quot;:&quot;&quot;},&quot;_id&quot;:&quot;bfacebb&quot;,&quot;jet_parallax_layout_image_tablet&quot;:{&quot;url&quot;:&quot;&quot;,&quot;id&quot;:&quot;&quot;,&quot;size&quot;:&quot;&quot;},&quot;jet_parallax_layout_image_mobile&quot;:{&quot;url&quot;:&quot;&quot;,&quot;id&quot;:&quot;&quot;,&quot;size&quot;:&quot;&quot;},&quot;jet_parallax_layout_speed&quot;:{&quot;unit&quot;:&quot;%&quot;,&quot;size&quot;:50,&quot;sizes&quot;:[]},&quot;jet_parallax_layout_type&quot;:&quot;scroll&quot;,&quot;jet_parallax_layout_direction&quot;:&quot;1&quot;,&quot;jet_parallax_layout_fx_direction&quot;:null,&quot;jet_parallax_layout_z_index&quot;:&quot;&quot;,&quot;jet_parallax_layout_bg_x&quot;:50,&quot;jet_parallax_layout_bg_x_tablet&quot;:&quot;&quot;,&quot;jet_parallax_layout_bg_x_mobile&quot;:&quot;&quot;,&quot;jet_parallax_layout_bg_y&quot;:50,&quot;jet_parallax_layout_bg_y_tablet&quot;:&quot;&quot;,&quot;jet_parallax_layout_bg_y_mobile&quot;:&quot;&quot;,&quot;jet_parallax_layout_bg_size&quot;:&quot;auto&quot;,&quot;jet_parallax_layout_bg_size_tablet&quot;:&quot;&quot;,&quot;jet_parallax_layout_bg_size_mobile&quot;:&quot;&quot;,&quot;jet_parallax_layout_animation_prop&quot;:&quot;transform&quot;,&quot;jet_parallax_layout_on&quot;:[&quot;desktop&quot;,&quot;tablet&quot;]}]}\">\n\t\t\t\t\t\t<div class=\"elementor-container elementor-column-gap-default\">\n\t\t\t\t\t<div class=\"elementor-column elementor-col-50 elementor-inner-column elementor-element elementor-element-f72e96d\" data-id=\"f72e96d\" data-element_type=\"column\">\n\t\t\t<div class=\"elementor-widget-wrap\">\n\t\t\t\t\t\t\t<\/div>\n\t\t<\/div>\n\t\t\t\t<div class=\"elementor-column elementor-col-50 elementor-inner-column elementor-element elementor-element-82bba59\" data-id=\"82bba59\" data-element_type=\"column\">\n\t\t\t<div class=\"elementor-widget-wrap elementor-element-populated\">\n\t\t\t\t\t\t<div class=\"elementor-element elementor-element-8461133 elementor-widget elementor-widget-text-editor\" data-id=\"8461133\" data-element_type=\"widget\" data-widget_type=\"text-editor.default\">\n\t\t\t\t\t\t\t\t\t<p><strong>DISP\u00d5E SOBRE A APRESENTA\u00c7\u00c3O DA PRESTA\u00c7\u00c3O DE CONTAS ANUAL DE GEST\u00c3O, NO \u00c2MBITO DA ADMINISTRA\u00c7\u00c3O ESTADUAL E D\u00c1 OUTRAS PROVID\u00caNCIAS.<\/strong><\/p>\t\t\t\t\t\t\t\t<\/div>\n\t\t\t\t\t<\/div>\n\t\t<\/div>\n\t\t\t\t\t<\/div>\n\t\t<\/section>\n\t\t\t\t<div class=\"elementor-element elementor-element-90fc55d elementor-widget elementor-widget-text-editor\" data-id=\"90fc55d\" data-element_type=\"widget\" data-widget_type=\"text-editor.default\">\n\t\t\t\t\t\t\t\t\t<p>O <strong>TRIBUNAL DE CONTAS DO ESTADO DO RIO DE JANEIRO<\/strong>, no uso de suas atribui\u00e7\u00f5es constitucionais, legais e regimentais, e<\/p><p>CONSIDERANDO que compete ao Tribunal de Contas do Estado do Rio de Janeiro &#8211; TCE-RJ julgar as contas dos administradores e demais respons\u00e1veis por dinheiros, bens e valores dos tr\u00eas poderes, da administra\u00e7\u00e3o direta e indireta, inclu\u00eddas as empresas p\u00fablicas, sociedades de economia mista, as autarquias e as funda\u00e7\u00f5es institu\u00eddas ou mantidas pelo Poder P\u00fablico Estadual, nos termos do disposto no art. 123, inciso II da Constitui\u00e7\u00e3o Estadual;<\/p><p>CONSIDERANDO que as pessoas sujeitas \u00e0 Presta\u00e7\u00e3o de Contas s\u00f3 por decis\u00e3o do Tribunal de Contas podem ser liberadas desta responsabilidade (Lei Complementar Estadual n\u00ba 63\/90, art. 7\u00ba);<\/p><p>CONSIDERANDO os princ\u00edpios constitucionais aplic\u00e1veis \u00e0 Administra\u00e7\u00e3o P\u00fablica, em especial os da efetividade, efici\u00eancia, legalidade, legitimidade, proporcionalidade, economicidade e da razo\u00e1vel dura\u00e7\u00e3o do processo;<\/p><p>CONSIDERANDO que estabelecer crit\u00e9rios de seletividade para a constitui\u00e7\u00e3o dos processos de Presta\u00e7\u00e3o de Contas contribui com o aprimoramento do modelo de fiscaliza\u00e7\u00e3o do TCE-RJ, a fim de torn\u00e1-lo mais c\u00e9lere e tempestivo;<\/p><p>CONSIDERANDO o disposto na Delibera\u00e7\u00e3o TCE-RJ n\u00ba 261\/14, que regulamenta o processo eletr\u00f4nico no \u00e2mbito do TCE-RJ,<\/p><p><strong>DELIBERA:<\/strong><\/p><p style=\"text-align: center;\">CAP\u00cdTULO I<\/p><p style=\"text-align: center;\">DAS DISPOSI\u00c7\u00d5ES GERAIS<\/p><p>Art. 1\u00ba Esta Delibera\u00e7\u00e3o disp\u00f5e sobre a apresenta\u00e7\u00e3o da Presta\u00e7\u00e3o de Contas Anual de Gest\u00e3o, no \u00e2mbito da Administra\u00e7\u00e3o estadual, e d\u00e1 outras provid\u00eancias. Par\u00e1grafo \u00fanico. Para os efeitos do caput deste artigo, a Administra\u00e7\u00e3o estadual abrange:<\/p><p>I \u2013 Os \u00f3rg\u00e3os e entidades integrantes da administra\u00e7\u00e3o direta dos Poderes Executivo, Legislativo e Judici\u00e1rio, do Minist\u00e9rio P\u00fablico e do Tribunal de Contas do Estado do Rio de Janeiro;<\/p><p>II \u2013 fundos especiais, constitu\u00eddos como unidades gestoras, vinculadas a \u00f3rg\u00e3os ou entidades do Estado;<\/p><p>III \u2013 autarquias e funda\u00e7\u00f5es institu\u00eddas ou mantidas pelo Poder P\u00fablico estadual;<\/p><p>IV \u2013 cons\u00f3rcios do qual o Estado seja part\u00edcipe;<\/p><p>V \u2013 empresas p\u00fablicas e sociedades de economia mista controladas direta ou indiretamente pelo Poder P\u00fablico estadual;<\/p><p>VI \u2013 Regimes Pr\u00f3prios de Previd\u00eancia Social \u2013 RPPS, independentemente da forma jur\u00eddica de constitui\u00e7\u00e3o;<\/p><p>VII \u2013 demais unidades que, em raz\u00e3o de previs\u00e3o legal, devam prestar contas ao Tribunal.<\/p><p>Art. 2\u00ba Para os fins do disposto nesta Delibera\u00e7\u00e3o entende-se como:<\/p><p>I \u2013 Presta\u00e7\u00e3o de Contas Anual de Gest\u00e3o (PCA): o conjunto de dados, demonstrativos, documentos e informa\u00e7\u00f5es de natureza cont\u00e1bil, financeira, or\u00e7ament\u00e1ria, patrimonial e operacional encaminhados anualmente ao TCE-RJ, organizados de forma a permitir o julgamento t\u00e9cnico sobre as contas.<\/p><p>II \u2013 Respons\u00e1vel pela PCA: aquele revestido de compet\u00eancia para gerir os recursos da unidade jurisdicionada, no exerc\u00edcio a que se referem as contas.<\/p><p>III &#8211; Respons\u00e1vel pelo encaminhamento da PCA: o titular da unidade jurisdicionada, \u00e0 \u00e9poca do envio do PCA ao Tribunal.<\/p><p>IV \u2013 Unidade Central de Controle Interno: a unidade administrativa integrante do sistema de controle interno da Administra\u00e7\u00e3o P\u00fablica estadual, incumbida da coordena\u00e7\u00e3o, do planejamento, da normatiza\u00e7\u00e3o e do controle das atividades do sistema de controle interno, bem como do apoio \u00e0s atividades de controle externo exercidas pelo Tribunal de Contas.<\/p><p>V \u2013 Crit\u00e9rio T\u00e9cnico de Seletividade: a metodologia de trabalho para sele\u00e7\u00e3o de unidades gestoras de interesse para fiscaliza\u00e7\u00e3o, observados os conceitos de materialidade, relev\u00e2ncia, risco e oportunidade.<\/p><p style=\"text-align: center;\">CAP\u00cdTULO II<\/p><p style=\"text-align: center;\">DA CONSTITUI\u00c7\u00c3O DOS PROCESSOS DE PRESTA\u00c7\u00d5ES DE CONTAS<\/p><p style=\"text-align: center;\">Se\u00e7\u00e3o I<\/p><p style=\"text-align: center;\">Dos crit\u00e9rios de apresenta\u00e7\u00e3o<\/p><p>Art. 3\u00ba A Presta\u00e7\u00e3o de Contas Anual de Gest\u00e3o dever\u00e1 ser apresentada exclusivamente por meio eletr\u00f4nico e ser\u00e1 composta pela base de dados do Sistema Integrado de Gest\u00e3o Fiscal \u2013 SIGFIS e, quando couber, pelos documentos previstos nos ANEXOS desta Delibera\u00e7\u00e3o.<\/p><p>Par\u00e1grafo \u00fanico. O cumprimento do dever legal de apresenta\u00e7\u00e3o da presta\u00e7\u00e3o de contas somente ser\u00e1 considerado atendido com o encaminhamento dos dados referentes aos Informes Mensais do SIGFIS, nos termos do disposto em Delibera\u00e7\u00e3o espec\u00edfica deste Tribunal.<\/p><p>Art. 4\u00ba A Presta\u00e7\u00e3o de Contas Anual de Gest\u00e3o ser\u00e1 constitu\u00edda como processo neste TCE-RJ, para fins de instru\u00e7\u00e3o e julgamento, quando as unidades jurisdicionadas forem selecionadas para este fim, conforme crit\u00e9rios t\u00e9cnicos de seletividade.<\/p><p>\u00a7 1\u00ba O Tribunal divulgar\u00e1, at\u00e9 31 de dezembro de cada ano, por ato do Secret\u00e1rio-Geral de Controle Externo autorizado pela Presid\u00eancia, as unidades jurisdicionadas selecionadas, cujos respons\u00e1veis ter\u00e3o processo de Presta\u00e7\u00e3o de Contas Anual de Gest\u00e3o, constitu\u00eddo para fins de instru\u00e7\u00e3o e julgamento.<\/p><p>\u00a7 2\u00ba A Presta\u00e7\u00e3o de Contas Anual de Gest\u00e3o dos respons\u00e1veis pela Assembleia Legislativa, Tribunal de Justi\u00e7a, Tribunal de Contas, Minist\u00e9rio P\u00fablico e entidade ou \u00f3rg\u00e3o que tenha por finalidade a administra\u00e7\u00e3o, o gerenciamento e a operacionaliza\u00e7\u00e3o do Regime Pr\u00f3prio de Previd\u00eancia Social \u2013 RPPS \u2013 do Estado do Rio de Janeiro ter\u00e1, obrigatoriamente, processo constitu\u00eddo anualmente para fins de instru\u00e7\u00e3o e julgamento.<\/p><p>\u00a7 3\u00ba O Plen\u00e1rio ou o Secret\u00e1rio-Geral de Controle Externo com aprova\u00e7\u00e3o da Presid\u00eancia, poder\u00e3o determinar a constitui\u00e7\u00e3o de processos de Presta\u00e7\u00e3o de Contas Anual de Gest\u00e3o de unidades jurisdicionadas n\u00e3o selecionadas.<\/p><p style=\"text-align: center;\">Se\u00e7\u00e3o II<\/p><p style=\"text-align: center;\">Da Organiza\u00e7\u00e3o e Composi\u00e7\u00e3o<\/p><p>Art. 5\u00ba O conte\u00fado das presta\u00e7\u00f5es de contas constitu\u00eddas para fins de instru\u00e7\u00e3o e julgamento, compreender\u00e1, al\u00e9m da base de dados do SIGFIS, o rol de documentos complementares integrantes dos ANEXOS desta Delibera\u00e7\u00e3o exigidos de acordo com a natureza jur\u00eddica de cada unidade jurisdicionada.<\/p><p>Par\u00e1grafo \u00fanico. Nos casos de inexist\u00eancia de quaisquer documentos obrigat\u00f3rios referenciados nos ANEXOS que integram esta Delibera\u00e7\u00e3o, a autoridade competente dever\u00e1 apresentar declara\u00e7\u00e3o negativa, devidamente justificada no mesmo formato previsto para o item do documento correspondente.<\/p><p>Art. 6\u00ba Os registros evidenciados nos documentos encaminhados a este TCE-RJ, por imposi\u00e7\u00e3o desta Delibera\u00e7\u00e3o, dever\u00e3o ser apresentados em obedi\u00eancia \u00e0s normas constitucionais e infraconstitucionais, observadas, no que couber, as normas brasileiras de contabilidade editadas pelo Conselho Federal de Contabilidade, al\u00e9m daquelas oriundas de outros \u00f3rg\u00e3os regulamentadores.<\/p><p style=\"text-align: center;\">Se\u00e7\u00e3o III<\/p><p style=\"text-align: center;\">Dos Prazos<\/p><p>Art. 7\u00ba A documenta\u00e7\u00e3o prevista nos ANEXOS integrantes desta Delibera\u00e7\u00e3o, relativa \u00e0s presta\u00e7\u00f5es de contas constitu\u00eddas para fins de instru\u00e7\u00e3o e julgamento, dever\u00e1 ser remetida por meio do sistema informatizado e-TCERJ no prazo de 180 (cento e oitenta) dias, contados do encerramento do exerc\u00edcio financeiro.<\/p><p>Par\u00e1grafo \u00danico. Na hip\u00f3tese do n\u00e3o atendimento ao estabelecido no caput deste artigo, o Secret\u00e1rio-Geral de Controle Externo poder\u00e1 requisitar, \u00e0 unidade jurisdicionada selecionada, a remessa da documenta\u00e7\u00e3o.<\/p><p>Art. 8\u00ba Os documentos previstos nos ANEXOS desta Delibera\u00e7\u00e3o, referentes \u00e0 Presta\u00e7\u00e3o de Contas Anual de Gest\u00e3o das unidades gestoras que n\u00e3o forem selecionados para constitui\u00e7\u00e3o de processos neste Tribunal para fins de instru\u00e7\u00e3o e julgamento, nos termos desta Delibera\u00e7\u00e3o, permanecer\u00e3o arquivados no \u00f3rg\u00e3o ou entidade de origem, ficando \u00e0 disposi\u00e7\u00e3o do TCE-RJ por 5 (cinco) anos, a contar do exerc\u00edcio seguinte ao exerc\u00edcio de compet\u00eancia, per\u00edodo em que os mesmos poder\u00e3o ser requisitados para encaminhamento ou exame in loco quando da realiza\u00e7\u00e3o de auditorias.<\/p><p>Art. 9\u00ba Transcorrido o prazo referido no artigo anterior sem que tenha havido decis\u00e3o pelo encaminhamento de documentos, as contas ser\u00e3o consideradas encerradas, sem preju\u00edzo, se for o caso, de posterior instaura\u00e7\u00e3o de Tomada de Contas Especial para apura\u00e7\u00e3o dos fatos, identifica\u00e7\u00e3o dos respons\u00e1veis e quantifica\u00e7\u00e3o do dano ao er\u00e1rio porventura ocorrido, na forma definida em Delibera\u00e7\u00e3o espec\u00edfica do TCE-RJ, sem preju\u00edzo do disposto no art. 14 desta Delibera\u00e7\u00e3o.<\/p><p style=\"text-align: center;\">CAP\u00cdTULO III<\/p><p style=\"text-align: center;\">DO ROL DOS RESPONS\u00c1VEIS<\/p><p>Art. 10. O cadastro dos respons\u00e1veis, dispon\u00edvel em m\u00f3dulo pr\u00f3prio no SIGFS, dever\u00e1 conter a identifica\u00e7\u00e3o:<\/p><p>I \u2013 do respons\u00e1vel pelas contas;<\/p><p>II \u2013 do respons\u00e1vel pelo encaminhamento das contas;<\/p><p>III \u2013 do respons\u00e1vel pelo setor cont\u00e1bil;<\/p><p>IV \u2013 do respons\u00e1vel pela Unidade Central de Controle Interno;<\/p><p>V \u2013 de outros respons\u00e1veis, de acordo com a especificidade de cada unidade gestora.<\/p><p>\u00a7 1\u00ba Na hip\u00f3tese de haver mais de um respons\u00e1vel pelas contas, num mesmo exerc\u00edcio financeiro, todos dever\u00e3o ser arrolados com identifica\u00e7\u00e3o do respectivo per\u00edodo de gest\u00e3o.<\/p><p>\u00a7 2\u00ba A responsabilidade pelo encaminhamento de dados e dos documentos previstos nos ANEXOS que integram esta Delibera\u00e7\u00e3o caber\u00e1 ao titular da unidade jurisdicionada \u00e0 \u00e9poca do encaminhamento das contas ao TCE-RJ.<\/p><p>\u00a7 3\u00ba Nos casos de liquida\u00e7\u00e3o, extin\u00e7\u00e3o ou interven\u00e7\u00e3o em autarquia, funda\u00e7\u00e3o p\u00fablica, empresa p\u00fablica e sociedade de economia mista ser\u00e3o arrolados, tamb\u00e9m, o liquidante, o inventariante ou o interventor.<\/p><p>\u00a7 4\u00ba No caso de respons\u00e1vel falecido, o respons\u00e1vel pelo encaminhamento das contas dever\u00e1 identificar o inventariante ou o administrador provis\u00f3rio do esp\u00f3lio e\/ou dos herdeiros\/sucessores.<\/p><p style=\"text-align: center;\">CAP\u00cdTULO IV<\/p><p style=\"text-align: center;\">DAS DISPOSI\u00c7\u00d5ES FINAIS E TRANSIT\u00d3RIAS<\/p><p>Art. 11. Os ANEXOS e MODELOS desta Delibera\u00e7\u00e3o ser\u00e3o atualizados anualmente, por ato pr\u00f3prio do Secret\u00e1rio-Geral de Controle Externo com a aprova\u00e7\u00e3o da Presid\u00eancia e disponibilizados no site deste Tribunal at\u00e9 31 de dezembro de cada ano.<\/p><p>Art. 12. A documenta\u00e7\u00e3o relativa aos bens patrimoniais, bens em almoxarifado e tesouraria prevista nos ANEXOS desta Delibera\u00e7\u00e3o dever\u00e1 ser constitu\u00edda, contendo, no m\u00ednimo, os elementos constantes nos respectivos MODELOS e permanecer\u00e1 arquivada no \u00f3rg\u00e3o ou entidade de origem, ficando \u00e0 disposi\u00e7\u00e3o do TCE-RJ por 5 (cinco) anos, a contar do exerc\u00edcio seguinte ao exerc\u00edcio de compet\u00eancia, per\u00edodo em que poder\u00e1 ser requisitada para encaminhamento ou exame in loco quando da realiza\u00e7\u00e3o de auditorias.<\/p><p>Art. 13. A documenta\u00e7\u00e3o relativa \u00e0 presta\u00e7\u00e3o de contas de transfer\u00eancias financeiras, referentes a aux\u00edlios e subven\u00e7\u00f5es concedidas atrav\u00e9s de termo de colabora\u00e7\u00e3o e fomento, dever\u00e1 ser constitu\u00edda, contendo, no m\u00ednimo, os elementos constantes em ANEXO e respectivos MODELOS desta Delibera\u00e7\u00e3o e permanecer\u00e1 arquivada no \u00f3rg\u00e3o ou entidade de origem, ficando \u00e0 disposi\u00e7\u00e3o do TCE-RJ por 5 (cinco) anos, a contar do exerc\u00edcio do exerc\u00edcio seguinte ao exerc\u00edcio de compet\u00eancia, per\u00edodo em que poder\u00e1 ser requisitada para encaminhamento ou exame in loco quando da realiza\u00e7\u00e3o de auditorias.<\/p><p>Art. 14. As unidades jurisdicionadas dever\u00e3o manter em arquivo, preferencialmente em meio eletr\u00f4nico, os documentos relacionados nos ANEXOS desta Delibera\u00e7\u00e3o, observada a legisla\u00e7\u00e3o espec\u00edfica relativa \u00e0 pol\u00edtica nacional de arquivos p\u00fablicos, independentemente do prazo estabelecido pelo TCE-RJ para suas a\u00e7\u00f5es de fiscaliza\u00e7\u00e3o.<\/p><p>Par\u00e1grafo \u00fanico. O descumprimento do disposto no caput deste artigo poder\u00e1 sujeitar o respons\u00e1vel \u00e0s san\u00e7\u00f5es previstas no art. 63 da Lei Complementar n\u00ba 63, de 1990.<\/p><p>Art. 15. Os demonstrativos cont\u00e1beis que comp\u00f5em as presta\u00e7\u00f5es de contas dever\u00e3o conter as assinaturas do gestor respons\u00e1vel pelo encaminhamento das contas, do respons\u00e1vel pelo setor cont\u00e1bil e os demais documentos dever\u00e3o estar assinados na forma exigida nos MODELOS dos ANEXOS desta Delibera\u00e7\u00e3o.<\/p><p>Art. 16. Excetuando-se as Presta\u00e7\u00f5es de Contas dos Ordenadores de Despesas das unidades jurisdicionadas relacionadas no \u00a7 2\u00ba do art. 4\u00ba, todas as demais Presta\u00e7\u00f5es de Contas, de qualquer natureza, encaminhadas ao TCE-RJ em cumprimento \u00e0s Delibera\u00e7\u00f5es TCE-RJ n\u00ba 49\/82 e n\u00ba 198\/96, que constituam processos em tramita\u00e7\u00e3o no Corpo Instrutivo, sem decis\u00e3o plen\u00e1ria, a partir da entrada em vigor desta Delibera\u00e7\u00e3o, ser\u00e3o arquivadas pela Secretaria-Geral de Controle Externo.<\/p><p>Art. 17. Esta Delibera\u00e7\u00e3o entra em vigor na data da sua publica\u00e7\u00e3o, produzindo efeitos em rela\u00e7\u00e3o \u00e0s presta\u00e7\u00f5es de contas anuais a partir da compet\u00eancia 2017.<\/p><p>Art. 18. Ficam revogadas as disposi\u00e7\u00f5es contr\u00e1rias, em especial as Delibera\u00e7\u00f5es TCE-RJ n\u00ba 49\/82 e n\u00ba 198\/96.<\/p><p style=\"text-align: justify;\">Sala das Sess\u00f5es, 24 de agosto de 2017.<\/p><p style=\"text-align: center;\"><strong>MARIANNA MONTEBELLO WILLEMAN<\/strong><\/p><p style=\"text-align: center;\">Conselheira do TCE-RJ (Presidente Interina)<\/p><p style=\"text-align: right;\">Id: 2056375<\/p>\t\t\t\t\t\t\t\t<\/div>\n\t\t\t\t\t<\/div>\n\t\t<\/div>\n\t\t\t\t\t<\/div>\n\t\t<\/section>\n\t\t\t\t<section class=\"elementor-section elementor-top-section elementor-element elementor-element-8a4eb8f elementor-section-boxed elementor-section-height-default elementor-section-height-default\" data-id=\"8a4eb8f\" data-element_type=\"section\" data-settings=\"{&quot;jet_parallax_layout_list&quot;:[{&quot;jet_parallax_layout_image&quot;:{&quot;url&quot;:&quot;&quot;,&quot;id&quot;:&quot;&quot;,&quot;size&quot;:&quot;&quot;},&quot;_id&quot;:&quot;04dd098&quot;,&quot;jet_parallax_layout_image_tablet&quot;:{&quot;url&quot;:&quot;&quot;,&quot;id&quot;:&quot;&quot;,&quot;size&quot;:&quot;&quot;},&quot;jet_parallax_layout_image_mobile&quot;:{&quot;url&quot;:&quot;&quot;,&quot;id&quot;:&quot;&quot;,&quot;size&quot;:&quot;&quot;},&quot;jet_parallax_layout_speed&quot;:{&quot;unit&quot;:&quot;%&quot;,&quot;size&quot;:50,&quot;sizes&quot;:[]},&quot;jet_parallax_layout_type&quot;:&quot;scroll&quot;,&quot;jet_parallax_layout_direction&quot;:&quot;1&quot;,&quot;jet_parallax_layout_fx_direction&quot;:null,&quot;jet_parallax_layout_z_index&quot;:&quot;&quot;,&quot;jet_parallax_layout_bg_x&quot;:50,&quot;jet_parallax_layout_bg_x_tablet&quot;:&quot;&quot;,&quot;jet_parallax_layout_bg_x_mobile&quot;:&quot;&quot;,&quot;jet_parallax_layout_bg_y&quot;:50,&quot;jet_parallax_layout_bg_y_tablet&quot;:&quot;&quot;,&quot;jet_parallax_layout_bg_y_mobile&quot;:&quot;&quot;,&quot;jet_parallax_layout_bg_size&quot;:&quot;auto&quot;,&quot;jet_parallax_layout_bg_size_tablet&quot;:&quot;&quot;,&quot;jet_parallax_layout_bg_size_mobile&quot;:&quot;&quot;,&quot;jet_parallax_layout_animation_prop&quot;:&quot;transform&quot;,&quot;jet_parallax_layout_on&quot;:[&quot;desktop&quot;,&quot;tablet&quot;]}]}\">\n\t\t\t\t\t\t<div class=\"elementor-container elementor-column-gap-default\">\n\t\t\t\t\t<div class=\"elementor-column elementor-col-100 elementor-top-column elementor-element elementor-element-a2c9755\" data-id=\"a2c9755\" data-element_type=\"column\">\n\t\t\t<div class=\"elementor-widget-wrap elementor-element-populated\">\n\t\t\t\t\t\t<div class=\"elementor-element elementor-element-0a8b924 elementor-widget elementor-widget-text-editor\" data-id=\"0a8b924\" data-element_type=\"widget\" data-widget_type=\"text-editor.default\">\n\t\t\t\t\t\t\t\t\t<p><em>Publicada no DOE em <a href=\"https:\/\/www.redelog.rj.gov.br\/redelog\/wp-content\/uploads\/2024\/03\/DELIBERACAO-No-278-de-24-de-agosto-de-2017.pdf\"><strong>06\/09\/2017<\/strong><\/a>.<\/em><\/p>\t\t\t\t\t\t\t\t<\/div>\n\t\t\t\t\t<\/div>\n\t\t<\/div>\n\t\t\t\t\t<\/div>\n\t\t<\/section>\n\t\t\t\t<section class=\"elementor-section elementor-top-section elementor-element elementor-element-534b870 elementor-section-boxed elementor-section-height-default elementor-section-height-default\" data-id=\"534b870\" data-element_type=\"section\" data-settings=\"{&quot;jet_parallax_layout_list&quot;:[{&quot;jet_parallax_layout_image&quot;:{&quot;url&quot;:&quot;&quot;,&quot;id&quot;:&quot;&quot;,&quot;size&quot;:&quot;&quot;},&quot;_id&quot;:&quot;ab030fc&quot;,&quot;jet_parallax_layout_image_tablet&quot;:{&quot;url&quot;:&quot;&quot;,&quot;id&quot;:&quot;&quot;,&quot;size&quot;:&quot;&quot;},&quot;jet_parallax_layout_image_mobile&quot;:{&quot;url&quot;:&quot;&quot;,&quot;id&quot;:&quot;&quot;,&quot;size&quot;:&quot;&quot;},&quot;jet_parallax_layout_speed&quot;:{&quot;unit&quot;:&quot;%&quot;,&quot;size&quot;:50,&quot;sizes&quot;:[]},&quot;jet_parallax_layout_type&quot;:&quot;scroll&quot;,&quot;jet_parallax_layout_direction&quot;:&quot;1&quot;,&quot;jet_parallax_layout_fx_direction&quot;:null,&quot;jet_parallax_layout_z_index&quot;:&quot;&quot;,&quot;jet_parallax_layout_bg_x&quot;:50,&quot;jet_parallax_layout_bg_x_tablet&quot;:&quot;&quot;,&quot;jet_parallax_layout_bg_x_mobile&quot;:&quot;&quot;,&quot;jet_parallax_layout_bg_y&quot;:50,&quot;jet_parallax_layout_bg_y_tablet&quot;:&quot;&quot;,&quot;jet_parallax_layout_bg_y_mobile&quot;:&quot;&quot;,&quot;jet_parallax_layout_bg_size&quot;:&quot;auto&quot;,&quot;jet_parallax_layout_bg_size_tablet&quot;:&quot;&quot;,&quot;jet_parallax_layout_bg_size_mobile&quot;:&quot;&quot;,&quot;jet_parallax_layout_animation_prop&quot;:&quot;transform&quot;,&quot;jet_parallax_layout_on&quot;:[&quot;desktop&quot;,&quot;tablet&quot;]}]}\">\n\t\t\t\t\t\t<div class=\"elementor-container elementor-column-gap-default\">\n\t\t\t\t\t<div class=\"elementor-column elementor-col-100 elementor-top-column elementor-element elementor-element-8dbb1af\" data-id=\"8dbb1af\" data-element_type=\"column\">\n\t\t\t<div class=\"elementor-widget-wrap elementor-element-populated\">\n\t\t\t\t\t\t<div class=\"elementor-element elementor-element-6bc1156 elementor-widget-divider--view-line elementor-widget elementor-widget-divider\" data-id=\"6bc1156\" data-element_type=\"widget\" data-widget_type=\"divider.default\">\n\t\t\t\t\t\t\t<div class=\"elementor-divider\">\n\t\t\t<span class=\"elementor-divider-separator\">\n\t\t\t\t\t\t<\/span>\n\t\t<\/div>\n\t\t\t\t\t\t<\/div>\n\t\t\t\t\t<\/div>\n\t\t<\/div>\n\t\t\t\t\t<\/div>\n\t\t<\/section>\n\t\t\t\t<section class=\"elementor-section elementor-top-section elementor-element elementor-element-38d5d37 elementor-section-boxed elementor-section-height-default elementor-section-height-default\" data-id=\"38d5d37\" data-element_type=\"section\" id=\"options\" data-settings=\"{&quot;jet_parallax_layout_list&quot;:[{&quot;jet_parallax_layout_image&quot;:{&quot;url&quot;:&quot;&quot;,&quot;id&quot;:&quot;&quot;,&quot;size&quot;:&quot;&quot;},&quot;_id&quot;:&quot;19d7213&quot;,&quot;jet_parallax_layout_image_tablet&quot;:{&quot;url&quot;:&quot;&quot;,&quot;id&quot;:&quot;&quot;,&quot;size&quot;:&quot;&quot;},&quot;jet_parallax_layout_image_mobile&quot;:{&quot;url&quot;:&quot;&quot;,&quot;id&quot;:&quot;&quot;,&quot;size&quot;:&quot;&quot;},&quot;jet_parallax_layout_speed&quot;:{&quot;unit&quot;:&quot;%&quot;,&quot;size&quot;:50,&quot;sizes&quot;:[]},&quot;jet_parallax_layout_type&quot;:&quot;scroll&quot;,&quot;jet_parallax_layout_direction&quot;:&quot;1&quot;,&quot;jet_parallax_layout_fx_direction&quot;:null,&quot;jet_parallax_layout_z_index&quot;:&quot;&quot;,&quot;jet_parallax_layout_bg_x&quot;:50,&quot;jet_parallax_layout_bg_x_tablet&quot;:&quot;&quot;,&quot;jet_parallax_layout_bg_x_mobile&quot;:&quot;&quot;,&quot;jet_parallax_layout_bg_y&quot;:50,&quot;jet_parallax_layout_bg_y_tablet&quot;:&quot;&quot;,&quot;jet_parallax_layout_bg_y_mobile&quot;:&quot;&quot;,&quot;jet_parallax_layout_bg_size&quot;:&quot;auto&quot;,&quot;jet_parallax_layout_bg_size_tablet&quot;:&quot;&quot;,&quot;jet_parallax_layout_bg_size_mobile&quot;:&quot;&quot;,&quot;jet_parallax_layout_animation_prop&quot;:&quot;transform&quot;,&quot;jet_parallax_layout_on&quot;:[&quot;desktop&quot;,&quot;tablet&quot;]}]}\">\n\t\t\t\t\t\t<div class=\"elementor-container elementor-column-gap-default\">\n\t\t\t\t\t<div class=\"elementor-column elementor-col-100 elementor-top-column elementor-element elementor-element-4936a99\" data-id=\"4936a99\" data-element_type=\"column\">\n\t\t\t<div class=\"elementor-widget-wrap elementor-element-populated\">\n\t\t\t\t\t\t<div class=\"elementor-element elementor-element-45cfe66 elementor-widget elementor-widget-shortcode\" data-id=\"45cfe66\" data-element_type=\"widget\" data-widget_type=\"shortcode.default\">\n\t\t\t\t\t\t\t<div class=\"elementor-shortcode\"><div class='printomatic pom-default ' id='id4182' alt='Imprimir' title='Imprimir' data-print_target='#post-28542'><\/div> <div class='printomatictext' id='id4182' alt='Imprimir' title='Imprimir' data-print_target='#post-28542'>Imprimir<\/div><div style='clear: both;'><\/div><\/div>\n\t\t\t\t\t\t<\/div>\n\t\t\t\t<section class=\"elementor-section elementor-inner-section elementor-element elementor-element-3a21973 elementor-section-boxed elementor-section-height-default elementor-section-height-default\" data-id=\"3a21973\" data-element_type=\"section\" data-settings=\"{&quot;jet_parallax_layout_list&quot;:[{&quot;jet_parallax_layout_image&quot;:{&quot;url&quot;:&quot;&quot;,&quot;id&quot;:&quot;&quot;,&quot;size&quot;:&quot;&quot;},&quot;_id&quot;:&quot;4b24ff0&quot;,&quot;jet_parallax_layout_image_tablet&quot;:{&quot;url&quot;:&quot;&quot;,&quot;id&quot;:&quot;&quot;,&quot;size&quot;:&quot;&quot;},&quot;jet_parallax_layout_image_mobile&quot;:{&quot;url&quot;:&quot;&quot;,&quot;id&quot;:&quot;&quot;,&quot;size&quot;:&quot;&quot;},&quot;jet_parallax_layout_speed&quot;:{&quot;unit&quot;:&quot;%&quot;,&quot;size&quot;:50,&quot;sizes&quot;:[]},&quot;jet_parallax_layout_type&quot;:&quot;scroll&quot;,&quot;jet_parallax_layout_direction&quot;:&quot;1&quot;,&quot;jet_parallax_layout_fx_direction&quot;:null,&quot;jet_parallax_layout_z_index&quot;:&quot;&quot;,&quot;jet_parallax_layout_bg_x&quot;:50,&quot;jet_parallax_layout_bg_x_tablet&quot;:&quot;&quot;,&quot;jet_parallax_layout_bg_x_mobile&quot;:&quot;&quot;,&quot;jet_parallax_layout_bg_y&quot;:50,&quot;jet_parallax_layout_bg_y_tablet&quot;:&quot;&quot;,&quot;jet_parallax_layout_bg_y_mobile&quot;:&quot;&quot;,&quot;jet_parallax_layout_bg_size&quot;:&quot;auto&quot;,&quot;jet_parallax_layout_bg_size_tablet&quot;:&quot;&quot;,&quot;jet_parallax_layout_bg_size_mobile&quot;:&quot;&quot;,&quot;jet_parallax_layout_animation_prop&quot;:&quot;transform&quot;,&quot;jet_parallax_layout_on&quot;:[&quot;desktop&quot;,&quot;tablet&quot;]}]}\">\n\t\t\t\t\t\t<div class=\"elementor-container elementor-column-gap-default\">\n\t\t\t\t\t<div class=\"elementor-column elementor-col-50 elementor-inner-column elementor-element elementor-element-afba63c\" data-id=\"afba63c\" data-element_type=\"column\">\n\t\t\t<div class=\"elementor-widget-wrap elementor-element-populated\">\n\t\t\t\t\t\t<div class=\"elementor-element elementor-element-ca5346b elementor-widget elementor-widget-text-editor\" data-id=\"ca5346b\" data-element_type=\"widget\" data-widget_type=\"text-editor.default\">\n\t\t\t\t\t\t\t\t\t<p><strong><a href=\"http:\/\/redelog.rj.gov.br\/redelog\/legislacao-transportes\/\">\u2190 Voltar &#8211; Transportes<\/a><\/strong><\/p>\t\t\t\t\t\t\t\t<\/div>\n\t\t\t\t\t<\/div>\n\t\t<\/div>\n\t\t\t\t<div class=\"elementor-column elementor-col-50 elementor-inner-column elementor-element elementor-element-dd06df7\" data-id=\"dd06df7\" data-element_type=\"column\">\n\t\t\t<div class=\"elementor-widget-wrap\">\n\t\t\t\t\t\t\t<\/div>\n\t\t<\/div>\n\t\t\t\t\t<\/div>\n\t\t<\/section>\n\t\t\t\t\t<\/div>\n\t\t<\/div>\n\t\t\t\t\t<\/div>\n\t\t<\/section>\n\t\t\t\t<section class=\"elementor-section elementor-top-section elementor-element elementor-element-bdca253 elementor-section-boxed elementor-section-height-default elementor-section-height-default\" data-id=\"bdca253\" data-element_type=\"section\" data-settings=\"{&quot;jet_parallax_layout_list&quot;:[{&quot;jet_parallax_layout_image&quot;:{&quot;url&quot;:&quot;&quot;,&quot;id&quot;:&quot;&quot;,&quot;size&quot;:&quot;&quot;},&quot;_id&quot;:&quot;22a0abb&quot;,&quot;jet_parallax_layout_image_tablet&quot;:{&quot;url&quot;:&quot;&quot;,&quot;id&quot;:&quot;&quot;,&quot;size&quot;:&quot;&quot;},&quot;jet_parallax_layout_image_mobile&quot;:{&quot;url&quot;:&quot;&quot;,&quot;id&quot;:&quot;&quot;,&quot;size&quot;:&quot;&quot;},&quot;jet_parallax_layout_speed&quot;:{&quot;unit&quot;:&quot;%&quot;,&quot;size&quot;:50,&quot;sizes&quot;:[]},&quot;jet_parallax_layout_type&quot;:&quot;scroll&quot;,&quot;jet_parallax_layout_direction&quot;:&quot;1&quot;,&quot;jet_parallax_layout_fx_direction&quot;:null,&quot;jet_parallax_layout_z_index&quot;:&quot;&quot;,&quot;jet_parallax_layout_bg_x&quot;:50,&quot;jet_parallax_layout_bg_x_tablet&quot;:&quot;&quot;,&quot;jet_parallax_layout_bg_x_mobile&quot;:&quot;&quot;,&quot;jet_parallax_layout_bg_y&quot;:50,&quot;jet_parallax_layout_bg_y_tablet&quot;:&quot;&quot;,&quot;jet_parallax_layout_bg_y_mobile&quot;:&quot;&quot;,&quot;jet_parallax_layout_bg_size&quot;:&quot;auto&quot;,&quot;jet_parallax_layout_bg_size_tablet&quot;:&quot;&quot;,&quot;jet_parallax_layout_bg_size_mobile&quot;:&quot;&quot;,&quot;jet_parallax_layout_animation_prop&quot;:&quot;transform&quot;,&quot;jet_parallax_layout_on&quot;:[&quot;desktop&quot;,&quot;tablet&quot;]}]}\">\n\t\t\t\t\t\t<div class=\"elementor-container elementor-column-gap-default\">\n\t\t\t\t\t<div class=\"elementor-column elementor-col-100 elementor-top-column elementor-element elementor-element-68f4ad3\" data-id=\"68f4ad3\" data-element_type=\"column\">\n\t\t\t<div class=\"elementor-widget-wrap elementor-element-populated\">\n\t\t\t\t\t\t<div class=\"elementor-element elementor-element-2e5b9df elementor-widget elementor-widget-html\" data-id=\"2e5b9df\" data-element_type=\"widget\" data-widget_type=\"html.default\">\n\t\t\t\t\t<style>\n    h2, .h2-style{\n        font-size: 28px;\n    }\n<\/style>\t\t\t\t<\/div>\n\t\t\t\t\t<\/div>\n\t\t<\/div>\n\t\t\t\t\t<\/div>\n\t\t<\/section>\n\t\t\t\t<section class=\"elementor-section elementor-top-section elementor-element elementor-element-a82196b elementor-section-boxed elementor-section-height-default elementor-section-height-default\" data-id=\"a82196b\" data-element_type=\"section\" data-settings=\"{&quot;jet_parallax_layout_list&quot;:[{&quot;jet_parallax_layout_image&quot;:{&quot;url&quot;:&quot;&quot;,&quot;id&quot;:&quot;&quot;,&quot;size&quot;:&quot;&quot;},&quot;_id&quot;:&quot;5c40c66&quot;,&quot;jet_parallax_layout_image_tablet&quot;:{&quot;url&quot;:&quot;&quot;,&quot;id&quot;:&quot;&quot;,&quot;size&quot;:&quot;&quot;},&quot;jet_parallax_layout_image_mobile&quot;:{&quot;url&quot;:&quot;&quot;,&quot;id&quot;:&quot;&quot;,&quot;size&quot;:&quot;&quot;},&quot;jet_parallax_layout_speed&quot;:{&quot;unit&quot;:&quot;%&quot;,&quot;size&quot;:50,&quot;sizes&quot;:[]},&quot;jet_parallax_layout_type&quot;:&quot;scroll&quot;,&quot;jet_parallax_layout_direction&quot;:&quot;1&quot;,&quot;jet_parallax_layout_fx_direction&quot;:null,&quot;jet_parallax_layout_z_index&quot;:&quot;&quot;,&quot;jet_parallax_layout_bg_x&quot;:50,&quot;jet_parallax_layout_bg_x_tablet&quot;:&quot;&quot;,&quot;jet_parallax_layout_bg_x_mobile&quot;:&quot;&quot;,&quot;jet_parallax_layout_bg_y&quot;:50,&quot;jet_parallax_layout_bg_y_tablet&quot;:&quot;&quot;,&quot;jet_parallax_layout_bg_y_mobile&quot;:&quot;&quot;,&quot;jet_parallax_layout_bg_size&quot;:&quot;auto&quot;,&quot;jet_parallax_layout_bg_size_tablet&quot;:&quot;&quot;,&quot;jet_parallax_layout_bg_size_mobile&quot;:&quot;&quot;,&quot;jet_parallax_layout_animation_prop&quot;:&quot;transform&quot;,&quot;jet_parallax_layout_on&quot;:[&quot;desktop&quot;,&quot;tablet&quot;]}]}\">\n\t\t\t\t\t\t<div class=\"elementor-container elementor-column-gap-default\">\n\t\t\t\t\t<div class=\"elementor-column elementor-col-100 elementor-top-column elementor-element elementor-element-d2d9e44\" data-id=\"d2d9e44\" data-element_type=\"column\">\n\t\t\t<div class=\"elementor-widget-wrap\">\n\t\t\t\t\t\t\t<\/div>\n\t\t<\/div>\n\t\t\t\t\t<\/div>\n\t\t<\/section>\n\t\t\t\t<\/div>\n\t\t","protected":false},"excerpt":{"rendered":"<p>DISP\u00d5E SOBRE A APRESENTA\u00c7\u00c3O DA PRESTA\u00c7\u00c3O DE CONTAS ANUAL DE GEST\u00c3O, NO \u00c2MBITO DA ADMINISTRA\u00c7\u00c3O ESTADUAL E D\u00c1 OUTRAS PROVID\u00caNCIAS. O TRIBUNAL DE CONTAS DO ESTADO DO RIO DE JANEIRO, no uso de suas atribui\u00e7\u00f5es constitucionais, legais e regimentais, e CONSIDERANDO que compete ao Tribunal de Contas do Estado do Rio de Janeiro &#8211; TCE-RJ [&hellip;]<\/p>\n","protected":false},"author":19,"featured_media":0,"comment_status":"closed","ping_status":"open","sticky":false,"template":"","format":"standard","meta":{"_joinchat":[],"footnotes":""},"categories":[23],"tags":[],"class_list":["post-28542","post","type-post","status-publish","format-standard","hentry","category-cat-legislacao"],"yoast_head":"<!-- This site is optimized with the Yoast SEO plugin v25.7 - https:\/\/yoast.com\/wordpress\/plugins\/seo\/ -->\n<title>DELIBERA\u00c7\u00c3O TCE N\u00ba 278, DE 24 DE AGOSTO DE 2017 - Redelog<\/title>\n<meta name=\"robots\" content=\"index, follow, max-snippet:-1, max-image-preview:large, max-video-preview:-1\" \/>\n<link rel=\"canonical\" href=\"https:\/\/redelog.rj.gov.br\/redelog\/deliberacao-tce-no-278-de-24-de-agosto-de-2017\/\" \/>\n<meta property=\"og:locale\" content=\"pt_BR\" \/>\n<meta property=\"og:type\" content=\"article\" \/>\n<meta property=\"og:title\" content=\"DELIBERA\u00c7\u00c3O TCE N\u00ba 278, DE 24 DE AGOSTO DE 2017 - Redelog\" \/>\n<meta property=\"og:description\" content=\"DISP\u00d5E SOBRE A APRESENTA\u00c7\u00c3O DA PRESTA\u00c7\u00c3O DE CONTAS ANUAL DE GEST\u00c3O, NO \u00c2MBITO DA ADMINISTRA\u00c7\u00c3O ESTADUAL E D\u00c1 OUTRAS PROVID\u00caNCIAS. O TRIBUNAL DE CONTAS DO ESTADO DO RIO DE JANEIRO, no uso de suas atribui\u00e7\u00f5es constitucionais, legais e regimentais, e CONSIDERANDO que compete ao Tribunal de Contas do Estado do Rio de Janeiro &#8211; TCE-RJ [&hellip;]\" \/>\n<meta property=\"og:url\" content=\"https:\/\/redelog.rj.gov.br\/redelog\/deliberacao-tce-no-278-de-24-de-agosto-de-2017\/\" \/>\n<meta property=\"og:site_name\" content=\"Redelog\" \/>\n<meta property=\"article:published_time\" content=\"2024-03-14T18:40:37+00:00\" \/>\n<meta property=\"article:modified_time\" content=\"2024-03-14T18:45:57+00:00\" \/>\n<meta name=\"author\" content=\"Juliane Paz Vieira Lima\" \/>\n<meta name=\"twitter:card\" content=\"summary_large_image\" \/>\n<meta name=\"twitter:label1\" content=\"Escrito por\" \/>\n\t<meta name=\"twitter:data1\" content=\"Juliane Paz Vieira Lima\" \/>\n\t<meta name=\"twitter:label2\" content=\"Est. tempo de leitura\" \/>\n\t<meta name=\"twitter:data2\" content=\"5 minutos\" \/>\n<script type=\"application\/ld+json\" class=\"yoast-schema-graph\">{\"@context\":\"https:\/\/schema.org\",\"@graph\":[{\"@type\":\"Article\",\"@id\":\"https:\/\/redelog.rj.gov.br\/redelog\/deliberacao-tce-no-278-de-24-de-agosto-de-2017\/#article\",\"isPartOf\":{\"@id\":\"https:\/\/redelog.rj.gov.br\/redelog\/deliberacao-tce-no-278-de-24-de-agosto-de-2017\/\"},\"author\":{\"name\":\"Juliane Paz Vieira Lima\",\"@id\":\"https:\/\/redelog.rj.gov.br\/redelog\/#\/schema\/person\/a80fe416b9778ee67954a79526756867\"},\"headline\":\"DELIBERA\u00c7\u00c3O TCE N\u00ba 278, DE 24 DE AGOSTO DE 2017\",\"datePublished\":\"2024-03-14T18:40:37+00:00\",\"dateModified\":\"2024-03-14T18:45:57+00:00\",\"mainEntityOfPage\":{\"@id\":\"https:\/\/redelog.rj.gov.br\/redelog\/deliberacao-tce-no-278-de-24-de-agosto-de-2017\/\"},\"wordCount\":2048,\"publisher\":{\"@id\":\"https:\/\/redelog.rj.gov.br\/redelog\/#organization\"},\"articleSection\":[\"Legisla\u00e7\u00e3o\"],\"inLanguage\":\"pt-BR\"},{\"@type\":\"WebPage\",\"@id\":\"https:\/\/redelog.rj.gov.br\/redelog\/deliberacao-tce-no-278-de-24-de-agosto-de-2017\/\",\"url\":\"https:\/\/redelog.rj.gov.br\/redelog\/deliberacao-tce-no-278-de-24-de-agosto-de-2017\/\",\"name\":\"DELIBERA\u00c7\u00c3O TCE N\u00ba 278, DE 24 DE AGOSTO DE 2017 - Redelog\",\"isPartOf\":{\"@id\":\"https:\/\/redelog.rj.gov.br\/redelog\/#website\"},\"datePublished\":\"2024-03-14T18:40:37+00:00\",\"dateModified\":\"2024-03-14T18:45:57+00:00\",\"breadcrumb\":{\"@id\":\"https:\/\/redelog.rj.gov.br\/redelog\/deliberacao-tce-no-278-de-24-de-agosto-de-2017\/#breadcrumb\"},\"inLanguage\":\"pt-BR\",\"potentialAction\":[{\"@type\":\"ReadAction\",\"target\":[\"https:\/\/redelog.rj.gov.br\/redelog\/deliberacao-tce-no-278-de-24-de-agosto-de-2017\/\"]}]},{\"@type\":\"BreadcrumbList\",\"@id\":\"https:\/\/redelog.rj.gov.br\/redelog\/deliberacao-tce-no-278-de-24-de-agosto-de-2017\/#breadcrumb\",\"itemListElement\":[{\"@type\":\"ListItem\",\"position\":1,\"name\":\"Home\",\"item\":\"https:\/\/redelog.rj.gov.br\/redelog\/\"},{\"@type\":\"ListItem\",\"position\":2,\"name\":\"DELIBERA\u00c7\u00c3O TCE N\u00ba 278, DE 24 DE AGOSTO DE 2017\"}]},{\"@type\":\"WebSite\",\"@id\":\"https:\/\/redelog.rj.gov.br\/redelog\/#website\",\"url\":\"https:\/\/redelog.rj.gov.br\/redelog\/\",\"name\":\"Redelog\",\"description\":\"Site da Rede de Log\u00edstica e Planejamento do Estado do Rio de Janeiro\",\"publisher\":{\"@id\":\"https:\/\/redelog.rj.gov.br\/redelog\/#organization\"},\"potentialAction\":[{\"@type\":\"SearchAction\",\"target\":{\"@type\":\"EntryPoint\",\"urlTemplate\":\"https:\/\/redelog.rj.gov.br\/redelog\/?s={search_term_string}\"},\"query-input\":{\"@type\":\"PropertyValueSpecification\",\"valueRequired\":true,\"valueName\":\"search_term_string\"}}],\"inLanguage\":\"pt-BR\"},{\"@type\":\"Organization\",\"@id\":\"https:\/\/redelog.rj.gov.br\/redelog\/#organization\",\"name\":\"REDELOG\",\"url\":\"https:\/\/redelog.rj.gov.br\/redelog\/\",\"logo\":{\"@type\":\"ImageObject\",\"inLanguage\":\"pt-BR\",\"@id\":\"https:\/\/redelog.rj.gov.br\/redelog\/#\/schema\/logo\/image\/\",\"url\":\"http:\/\/10.10.8.100:8888\/redelog\/wp-content\/uploads\/2019\/09\/Redelog2.png\",\"contentUrl\":\"http:\/\/10.10.8.100:8888\/redelog\/wp-content\/uploads\/2019\/09\/Redelog2.png\",\"width\":565,\"height\":155,\"caption\":\"REDELOG\"},\"image\":{\"@id\":\"https:\/\/redelog.rj.gov.br\/redelog\/#\/schema\/logo\/image\/\"}},{\"@type\":\"Person\",\"@id\":\"https:\/\/redelog.rj.gov.br\/redelog\/#\/schema\/person\/a80fe416b9778ee67954a79526756867\",\"name\":\"Juliane Paz Vieira Lima\",\"image\":{\"@type\":\"ImageObject\",\"inLanguage\":\"pt-BR\",\"@id\":\"https:\/\/redelog.rj.gov.br\/redelog\/#\/schema\/person\/image\/\",\"url\":\"https:\/\/secure.gravatar.com\/avatar\/6d81cf8bb20fabd08d236dec1cc7b99d2da26d368e6642dc331f1413653da0a6?s=96&d=mm&r=g\",\"contentUrl\":\"https:\/\/secure.gravatar.com\/avatar\/6d81cf8bb20fabd08d236dec1cc7b99d2da26d368e6642dc331f1413653da0a6?s=96&d=mm&r=g\",\"caption\":\"Juliane Paz Vieira Lima\"},\"url\":\"https:\/\/redelog.rj.gov.br\/redelog\/author\/julianepaz\/\"}]}<\/script>\n<!-- \/ Yoast SEO plugin. -->","yoast_head_json":{"title":"DELIBERA\u00c7\u00c3O TCE N\u00ba 278, DE 24 DE AGOSTO DE 2017 - Redelog","robots":{"index":"index","follow":"follow","max-snippet":"max-snippet:-1","max-image-preview":"max-image-preview:large","max-video-preview":"max-video-preview:-1"},"canonical":"https:\/\/redelog.rj.gov.br\/redelog\/deliberacao-tce-no-278-de-24-de-agosto-de-2017\/","og_locale":"pt_BR","og_type":"article","og_title":"DELIBERA\u00c7\u00c3O TCE N\u00ba 278, DE 24 DE AGOSTO DE 2017 - Redelog","og_description":"DISP\u00d5E SOBRE A APRESENTA\u00c7\u00c3O DA PRESTA\u00c7\u00c3O DE CONTAS ANUAL DE GEST\u00c3O, NO \u00c2MBITO DA ADMINISTRA\u00c7\u00c3O ESTADUAL E D\u00c1 OUTRAS PROVID\u00caNCIAS. O TRIBUNAL DE CONTAS DO ESTADO DO RIO DE JANEIRO, no uso de suas atribui\u00e7\u00f5es constitucionais, legais e regimentais, e CONSIDERANDO que compete ao Tribunal de Contas do Estado do Rio de Janeiro &#8211; TCE-RJ [&hellip;]","og_url":"https:\/\/redelog.rj.gov.br\/redelog\/deliberacao-tce-no-278-de-24-de-agosto-de-2017\/","og_site_name":"Redelog","article_published_time":"2024-03-14T18:40:37+00:00","article_modified_time":"2024-03-14T18:45:57+00:00","author":"Juliane Paz Vieira Lima","twitter_card":"summary_large_image","twitter_misc":{"Escrito por":"Juliane Paz Vieira Lima","Est. tempo de leitura":"5 minutos"},"schema":{"@context":"https:\/\/schema.org","@graph":[{"@type":"Article","@id":"https:\/\/redelog.rj.gov.br\/redelog\/deliberacao-tce-no-278-de-24-de-agosto-de-2017\/#article","isPartOf":{"@id":"https:\/\/redelog.rj.gov.br\/redelog\/deliberacao-tce-no-278-de-24-de-agosto-de-2017\/"},"author":{"name":"Juliane Paz Vieira Lima","@id":"https:\/\/redelog.rj.gov.br\/redelog\/#\/schema\/person\/a80fe416b9778ee67954a79526756867"},"headline":"DELIBERA\u00c7\u00c3O TCE N\u00ba 278, DE 24 DE AGOSTO DE 2017","datePublished":"2024-03-14T18:40:37+00:00","dateModified":"2024-03-14T18:45:57+00:00","mainEntityOfPage":{"@id":"https:\/\/redelog.rj.gov.br\/redelog\/deliberacao-tce-no-278-de-24-de-agosto-de-2017\/"},"wordCount":2048,"publisher":{"@id":"https:\/\/redelog.rj.gov.br\/redelog\/#organization"},"articleSection":["Legisla\u00e7\u00e3o"],"inLanguage":"pt-BR"},{"@type":"WebPage","@id":"https:\/\/redelog.rj.gov.br\/redelog\/deliberacao-tce-no-278-de-24-de-agosto-de-2017\/","url":"https:\/\/redelog.rj.gov.br\/redelog\/deliberacao-tce-no-278-de-24-de-agosto-de-2017\/","name":"DELIBERA\u00c7\u00c3O TCE N\u00ba 278, DE 24 DE AGOSTO DE 2017 - Redelog","isPartOf":{"@id":"https:\/\/redelog.rj.gov.br\/redelog\/#website"},"datePublished":"2024-03-14T18:40:37+00:00","dateModified":"2024-03-14T18:45:57+00:00","breadcrumb":{"@id":"https:\/\/redelog.rj.gov.br\/redelog\/deliberacao-tce-no-278-de-24-de-agosto-de-2017\/#breadcrumb"},"inLanguage":"pt-BR","potentialAction":[{"@type":"ReadAction","target":["https:\/\/redelog.rj.gov.br\/redelog\/deliberacao-tce-no-278-de-24-de-agosto-de-2017\/"]}]},{"@type":"BreadcrumbList","@id":"https:\/\/redelog.rj.gov.br\/redelog\/deliberacao-tce-no-278-de-24-de-agosto-de-2017\/#breadcrumb","itemListElement":[{"@type":"ListItem","position":1,"name":"Home","item":"https:\/\/redelog.rj.gov.br\/redelog\/"},{"@type":"ListItem","position":2,"name":"DELIBERA\u00c7\u00c3O TCE N\u00ba 278, DE 24 DE AGOSTO DE 2017"}]},{"@type":"WebSite","@id":"https:\/\/redelog.rj.gov.br\/redelog\/#website","url":"https:\/\/redelog.rj.gov.br\/redelog\/","name":"Redelog","description":"Site da Rede de Log\u00edstica e Planejamento do Estado do Rio de Janeiro","publisher":{"@id":"https:\/\/redelog.rj.gov.br\/redelog\/#organization"},"potentialAction":[{"@type":"SearchAction","target":{"@type":"EntryPoint","urlTemplate":"https:\/\/redelog.rj.gov.br\/redelog\/?s={search_term_string}"},"query-input":{"@type":"PropertyValueSpecification","valueRequired":true,"valueName":"search_term_string"}}],"inLanguage":"pt-BR"},{"@type":"Organization","@id":"https:\/\/redelog.rj.gov.br\/redelog\/#organization","name":"REDELOG","url":"https:\/\/redelog.rj.gov.br\/redelog\/","logo":{"@type":"ImageObject","inLanguage":"pt-BR","@id":"https:\/\/redelog.rj.gov.br\/redelog\/#\/schema\/logo\/image\/","url":"http:\/\/10.10.8.100:8888\/redelog\/wp-content\/uploads\/2019\/09\/Redelog2.png","contentUrl":"http:\/\/10.10.8.100:8888\/redelog\/wp-content\/uploads\/2019\/09\/Redelog2.png","width":565,"height":155,"caption":"REDELOG"},"image":{"@id":"https:\/\/redelog.rj.gov.br\/redelog\/#\/schema\/logo\/image\/"}},{"@type":"Person","@id":"https:\/\/redelog.rj.gov.br\/redelog\/#\/schema\/person\/a80fe416b9778ee67954a79526756867","name":"Juliane Paz Vieira Lima","image":{"@type":"ImageObject","inLanguage":"pt-BR","@id":"https:\/\/redelog.rj.gov.br\/redelog\/#\/schema\/person\/image\/","url":"https:\/\/secure.gravatar.com\/avatar\/6d81cf8bb20fabd08d236dec1cc7b99d2da26d368e6642dc331f1413653da0a6?s=96&d=mm&r=g","contentUrl":"https:\/\/secure.gravatar.com\/avatar\/6d81cf8bb20fabd08d236dec1cc7b99d2da26d368e6642dc331f1413653da0a6?s=96&d=mm&r=g","caption":"Juliane Paz Vieira Lima"},"url":"https:\/\/redelog.rj.gov.br\/redelog\/author\/julianepaz\/"}]}},"_links":{"self":[{"href":"https:\/\/redelog.rj.gov.br\/redelog\/wp-json\/wp\/v2\/posts\/28542","targetHints":{"allow":["GET"]}}],"collection":[{"href":"https:\/\/redelog.rj.gov.br\/redelog\/wp-json\/wp\/v2\/posts"}],"about":[{"href":"https:\/\/redelog.rj.gov.br\/redelog\/wp-json\/wp\/v2\/types\/post"}],"author":[{"embeddable":true,"href":"https:\/\/redelog.rj.gov.br\/redelog\/wp-json\/wp\/v2\/users\/19"}],"replies":[{"embeddable":true,"href":"https:\/\/redelog.rj.gov.br\/redelog\/wp-json\/wp\/v2\/comments?post=28542"}],"version-history":[{"count":15,"href":"https:\/\/redelog.rj.gov.br\/redelog\/wp-json\/wp\/v2\/posts\/28542\/revisions"}],"predecessor-version":[{"id":28562,"href":"https:\/\/redelog.rj.gov.br\/redelog\/wp-json\/wp\/v2\/posts\/28542\/revisions\/28562"}],"wp:attachment":[{"href":"https:\/\/redelog.rj.gov.br\/redelog\/wp-json\/wp\/v2\/media?parent=28542"}],"wp:term":[{"taxonomy":"category","embeddable":true,"href":"https:\/\/redelog.rj.gov.br\/redelog\/wp-json\/wp\/v2\/categories?post=28542"},{"taxonomy":"post_tag","embeddable":true,"href":"https:\/\/redelog.rj.gov.br\/redelog\/wp-json\/wp\/v2\/tags?post=28542"}],"curies":[{"name":"wp","href":"https:\/\/api.w.org\/{rel}","templated":true}]}}