{"id":28453,"date":"2024-03-13T11:34:50","date_gmt":"2024-03-13T14:34:50","guid":{"rendered":"https:\/\/redelog.rj.gov.br\/redelog\/?p=28453"},"modified":"2024-04-17T14:41:18","modified_gmt":"2024-04-17T17:41:18","slug":"equipe-de-planejamento-da-contratacao","status":"publish","type":"post","link":"https:\/\/redelog.rj.gov.br\/redelog\/equipe-de-planejamento-da-contratacao\/","title":{"rendered":"EQUIPE DE PLANEJAMENTO DA CONTRATA\u00c7\u00c3O"},"content":{"rendered":"\t\t<div data-elementor-type=\"wp-post\" data-elementor-id=\"28453\" class=\"elementor elementor-28453\" data-elementor-post-type=\"post\">\n\t\t\t\t\t\t<section class=\"elementor-section elementor-top-section elementor-element elementor-element-b8a42e4 elementor-section-boxed elementor-section-height-default elementor-section-height-default\" data-id=\"b8a42e4\" data-element_type=\"section\" data-settings=\"{&quot;jet_parallax_layout_list&quot;:[{&quot;jet_parallax_layout_image&quot;:{&quot;url&quot;:&quot;&quot;,&quot;id&quot;:&quot;&quot;,&quot;size&quot;:&quot;&quot;},&quot;_id&quot;:&quot;38613a2&quot;,&quot;jet_parallax_layout_image_tablet&quot;:{&quot;url&quot;:&quot;&quot;,&quot;id&quot;:&quot;&quot;,&quot;size&quot;:&quot;&quot;},&quot;jet_parallax_layout_image_mobile&quot;:{&quot;url&quot;:&quot;&quot;,&quot;id&quot;:&quot;&quot;,&quot;size&quot;:&quot;&quot;},&quot;jet_parallax_layout_speed&quot;:{&quot;unit&quot;:&quot;%&quot;,&quot;size&quot;:50,&quot;sizes&quot;:[]},&quot;jet_parallax_layout_type&quot;:&quot;scroll&quot;,&quot;jet_parallax_layout_direction&quot;:&quot;1&quot;,&quot;jet_parallax_layout_fx_direction&quot;:null,&quot;jet_parallax_layout_z_index&quot;:&quot;&quot;,&quot;jet_parallax_layout_bg_x&quot;:50,&quot;jet_parallax_layout_bg_x_tablet&quot;:&quot;&quot;,&quot;jet_parallax_layout_bg_x_mobile&quot;:&quot;&quot;,&quot;jet_parallax_layout_bg_y&quot;:50,&quot;jet_parallax_layout_bg_y_tablet&quot;:&quot;&quot;,&quot;jet_parallax_layout_bg_y_mobile&quot;:&quot;&quot;,&quot;jet_parallax_layout_bg_size&quot;:&quot;auto&quot;,&quot;jet_parallax_layout_bg_size_tablet&quot;:&quot;&quot;,&quot;jet_parallax_layout_bg_size_mobile&quot;:&quot;&quot;,&quot;jet_parallax_layout_animation_prop&quot;:&quot;transform&quot;,&quot;jet_parallax_layout_on&quot;:[&quot;desktop&quot;,&quot;tablet&quot;]}]}\">\n\t\t\t\t\t\t<div class=\"elementor-container elementor-column-gap-default\">\n\t\t\t\t\t<div class=\"elementor-column elementor-col-100 elementor-top-column elementor-element elementor-element-c2ef7ea\" data-id=\"c2ef7ea\" data-element_type=\"column\">\n\t\t\t<div class=\"elementor-widget-wrap elementor-element-populated\">\n\t\t\t\t\t\t<div class=\"elementor-element elementor-element-7fd4380 elementor-widget-divider--view-line elementor-widget elementor-widget-divider\" data-id=\"7fd4380\" data-element_type=\"widget\" data-widget_type=\"divider.default\">\n\t\t\t\t\t\t\t<div class=\"elementor-divider\">\n\t\t\t<span class=\"elementor-divider-separator\">\n\t\t\t\t\t\t<\/span>\n\t\t<\/div>\n\t\t\t\t\t\t<\/div>\n\t\t\t\t\t<\/div>\n\t\t<\/div>\n\t\t\t\t\t<\/div>\n\t\t<\/section>\n\t\t\t\t<section class=\"elementor-section elementor-top-section elementor-element elementor-element-94c0b79 elementor-section-boxed elementor-section-height-default elementor-section-height-default\" data-id=\"94c0b79\" data-element_type=\"section\" data-settings=\"{&quot;jet_parallax_layout_list&quot;:[{&quot;jet_parallax_layout_image&quot;:{&quot;url&quot;:&quot;&quot;,&quot;id&quot;:&quot;&quot;,&quot;size&quot;:&quot;&quot;},&quot;_id&quot;:&quot;546b2cd&quot;,&quot;jet_parallax_layout_image_tablet&quot;:{&quot;url&quot;:&quot;&quot;,&quot;id&quot;:&quot;&quot;,&quot;size&quot;:&quot;&quot;},&quot;jet_parallax_layout_image_mobile&quot;:{&quot;url&quot;:&quot;&quot;,&quot;id&quot;:&quot;&quot;,&quot;size&quot;:&quot;&quot;},&quot;jet_parallax_layout_speed&quot;:{&quot;unit&quot;:&quot;%&quot;,&quot;size&quot;:50,&quot;sizes&quot;:[]},&quot;jet_parallax_layout_type&quot;:&quot;scroll&quot;,&quot;jet_parallax_layout_direction&quot;:&quot;1&quot;,&quot;jet_parallax_layout_fx_direction&quot;:null,&quot;jet_parallax_layout_z_index&quot;:&quot;&quot;,&quot;jet_parallax_layout_bg_x&quot;:50,&quot;jet_parallax_layout_bg_x_tablet&quot;:&quot;&quot;,&quot;jet_parallax_layout_bg_x_mobile&quot;:&quot;&quot;,&quot;jet_parallax_layout_bg_y&quot;:50,&quot;jet_parallax_layout_bg_y_tablet&quot;:&quot;&quot;,&quot;jet_parallax_layout_bg_y_mobile&quot;:&quot;&quot;,&quot;jet_parallax_layout_bg_size&quot;:&quot;auto&quot;,&quot;jet_parallax_layout_bg_size_tablet&quot;:&quot;&quot;,&quot;jet_parallax_layout_bg_size_mobile&quot;:&quot;&quot;,&quot;jet_parallax_layout_animation_prop&quot;:&quot;transform&quot;,&quot;jet_parallax_layout_on&quot;:[&quot;desktop&quot;,&quot;tablet&quot;]}]}\">\n\t\t\t\t\t\t<div class=\"elementor-container elementor-column-gap-default\">\n\t\t\t\t\t<div class=\"elementor-column elementor-col-100 elementor-top-column elementor-element elementor-element-fd43207\" data-id=\"fd43207\" data-element_type=\"column\">\n\t\t\t<div class=\"elementor-widget-wrap elementor-element-populated\">\n\t\t\t\t\t\t<div class=\"elementor-element elementor-element-578466d elementor-widget elementor-widget-image\" data-id=\"578466d\" data-element_type=\"widget\" data-widget_type=\"image.default\">\n\t\t\t\t\t\t\t\t\t\t\t\t\t\t\t<img fetchpriority=\"high\" decoding=\"async\" width=\"1024\" height=\"577\" src=\"https:\/\/redelog.rj.gov.br\/redelog\/wp-content\/uploads\/2024\/03\/WhatsApp-Image-2024-03-13-at-2.17.45-PM-1024x577.jpeg\" class=\"attachment-large size-large wp-image-28461\" alt=\"\" srcset=\"https:\/\/redelog.rj.gov.br\/redelog\/wp-content\/uploads\/2024\/03\/WhatsApp-Image-2024-03-13-at-2.17.45-PM-1024x577.jpeg 1024w, https:\/\/redelog.rj.gov.br\/redelog\/wp-content\/uploads\/2024\/03\/WhatsApp-Image-2024-03-13-at-2.17.45-PM-300x169.jpeg 300w, https:\/\/redelog.rj.gov.br\/redelog\/wp-content\/uploads\/2024\/03\/WhatsApp-Image-2024-03-13-at-2.17.45-PM-768x433.jpeg 768w, https:\/\/redelog.rj.gov.br\/redelog\/wp-content\/uploads\/2024\/03\/WhatsApp-Image-2024-03-13-at-2.17.45-PM-150x85.jpeg 150w, https:\/\/redelog.rj.gov.br\/redelog\/wp-content\/uploads\/2024\/03\/WhatsApp-Image-2024-03-13-at-2.17.45-PM-600x338.jpeg 600w, https:\/\/redelog.rj.gov.br\/redelog\/wp-content\/uploads\/2024\/03\/WhatsApp-Image-2024-03-13-at-2.17.45-PM.jpeg 1225w\" sizes=\"(max-width: 1024px) 100vw, 1024px\" \/>\t\t\t\t\t\t\t\t\t\t\t\t\t\t\t<\/div>\n\t\t\t\t<div class=\"elementor-element elementor-element-c422b39 elementor-widget elementor-widget-text-editor\" data-id=\"c422b39\" data-element_type=\"widget\" data-widget_type=\"text-editor.default\">\n\t\t\t\t\t\t\t\t\t<p><span style=\"font-weight: 400;\">\u00a0A Equipe de Planejamento da Contrata\u00e7\u00e3o est\u00e1 inserida dentro de um contexto que visa trazer Governan\u00e7a para \u00e0s contrata\u00e7\u00f5es p\u00fablica, institu\u00edda e definida pelo <a href=\"https:\/\/leisestaduais.com.br\/rj\/decreto-n-48650-2023-rio-de-janeiro-dispoe-sobre-a-governanca-logistica-e-a-governanca-das-contratacoes-no-ambito-da-administracao-publica-estadual-direta-autarquica-e-fundacional?q=48.650&amp;origin=instituicao#\"><strong>Decreto n\u00ba 48.650 de 23 de agosto de 2023<\/strong><\/a>, que disp\u00f5es sobre a Governan\u00e7a Log\u00edstica e a Governan\u00e7a das Contrata\u00e7\u00f5es no \u00e2mbito da Administra\u00e7\u00e3o P\u00fablica Estadual Direta, Aut\u00e1rquica e Fundacional.\u00a0<\/span><\/p>\t\t\t\t\t\t\t\t<\/div>\n\t\t\t\t<div class=\"elementor-element elementor-element-3a489f5 elementor-widget elementor-widget-image\" data-id=\"3a489f5\" data-element_type=\"widget\" data-widget_type=\"image.default\">\n\t\t\t\t\t\t\t\t\t\t\t\t\t\t\t<img decoding=\"async\" width=\"1024\" height=\"509\" data-src=\"https:\/\/redelog.rj.gov.br\/redelog\/wp-content\/uploads\/2024\/03\/WhatsApp-Image-2024-03-13-at-2.23.09-PM-1024x509.jpeg\" class=\"attachment-large size-large wp-image-28462 lazyload\" alt=\"\" data-srcset=\"https:\/\/redelog.rj.gov.br\/redelog\/wp-content\/uploads\/2024\/03\/WhatsApp-Image-2024-03-13-at-2.23.09-PM-1024x509.jpeg 1024w, https:\/\/redelog.rj.gov.br\/redelog\/wp-content\/uploads\/2024\/03\/WhatsApp-Image-2024-03-13-at-2.23.09-PM-300x149.jpeg 300w, https:\/\/redelog.rj.gov.br\/redelog\/wp-content\/uploads\/2024\/03\/WhatsApp-Image-2024-03-13-at-2.23.09-PM-768x382.jpeg 768w, https:\/\/redelog.rj.gov.br\/redelog\/wp-content\/uploads\/2024\/03\/WhatsApp-Image-2024-03-13-at-2.23.09-PM-600x298.jpeg 600w, https:\/\/redelog.rj.gov.br\/redelog\/wp-content\/uploads\/2024\/03\/WhatsApp-Image-2024-03-13-at-2.23.09-PM.jpeg 1155w\" data-sizes=\"(max-width: 1024px) 100vw, 1024px\" src=\"data:image\/svg+xml;base64,PHN2ZyB3aWR0aD0iMSIgaGVpZ2h0PSIxIiB4bWxucz0iaHR0cDovL3d3dy53My5vcmcvMjAwMC9zdmciPjwvc3ZnPg==\" style=\"--smush-placeholder-width: 1024px; --smush-placeholder-aspect-ratio: 1024\/509;\" \/>\t\t\t\t\t\t\t\t\t\t\t\t\t\t\t<\/div>\n\t\t\t\t<div class=\"elementor-element elementor-element-002c563 elementor-widget elementor-widget-image\" data-id=\"002c563\" data-element_type=\"widget\" data-widget_type=\"image.default\">\n\t\t\t\t\t\t\t\t\t\t\t\t\t\t\t<img decoding=\"async\" width=\"1024\" height=\"578\" data-src=\"https:\/\/redelog.rj.gov.br\/redelog\/wp-content\/uploads\/2024\/03\/WhatsApp-Image-2024-03-13-at-2.26.00-PM-1024x578.jpeg\" class=\"attachment-large size-large wp-image-28467 lazyload\" alt=\"\" data-srcset=\"https:\/\/redelog.rj.gov.br\/redelog\/wp-content\/uploads\/2024\/03\/WhatsApp-Image-2024-03-13-at-2.26.00-PM-1024x578.jpeg 1024w, https:\/\/redelog.rj.gov.br\/redelog\/wp-content\/uploads\/2024\/03\/WhatsApp-Image-2024-03-13-at-2.26.00-PM-300x169.jpeg 300w, https:\/\/redelog.rj.gov.br\/redelog\/wp-content\/uploads\/2024\/03\/WhatsApp-Image-2024-03-13-at-2.26.00-PM-768x434.jpeg 768w, https:\/\/redelog.rj.gov.br\/redelog\/wp-content\/uploads\/2024\/03\/WhatsApp-Image-2024-03-13-at-2.26.00-PM-150x85.jpeg 150w, https:\/\/redelog.rj.gov.br\/redelog\/wp-content\/uploads\/2024\/03\/WhatsApp-Image-2024-03-13-at-2.26.00-PM-600x339.jpeg 600w, https:\/\/redelog.rj.gov.br\/redelog\/wp-content\/uploads\/2024\/03\/WhatsApp-Image-2024-03-13-at-2.26.00-PM.jpeg 1217w\" data-sizes=\"(max-width: 1024px) 100vw, 1024px\" src=\"data:image\/svg+xml;base64,PHN2ZyB3aWR0aD0iMSIgaGVpZ2h0PSIxIiB4bWxucz0iaHR0cDovL3d3dy53My5vcmcvMjAwMC9zdmciPjwvc3ZnPg==\" style=\"--smush-placeholder-width: 1024px; --smush-placeholder-aspect-ratio: 1024\/578;\" \/>\t\t\t\t\t\t\t\t\t\t\t\t\t\t\t<\/div>\n\t\t\t\t<div class=\"elementor-element elementor-element-bf1e9fb elementor-widget-divider--view-line elementor-widget elementor-widget-divider\" data-id=\"bf1e9fb\" data-element_type=\"widget\" data-widget_type=\"divider.default\">\n\t\t\t\t\t\t\t<div class=\"elementor-divider\">\n\t\t\t<span class=\"elementor-divider-separator\">\n\t\t\t\t\t\t<\/span>\n\t\t<\/div>\n\t\t\t\t\t\t<\/div>\n\t\t\t\t<div class=\"elementor-element elementor-element-8cee359 elementor-widget elementor-widget-heading\" data-id=\"8cee359\" data-element_type=\"widget\" data-widget_type=\"heading.default\">\n\t\t\t\t\t<h3 class=\"elementor-heading-title elementor-size-default\">Para que Serve a Equipe de Planejamento<\/h3>\t\t\t\t<\/div>\n\t\t\t\t<div class=\"elementor-element elementor-element-042a3da elementor-widget elementor-widget-text-editor\" data-id=\"042a3da\" data-element_type=\"widget\" data-widget_type=\"text-editor.default\">\n\t\t\t\t\t\t\t\t\t<p><span style=\"font-weight: 400;\">A equipe de planejamento da contrata\u00e7\u00e3o atuar\u00e1 diretamente na fase preparat\u00f3ria e \u00e9 respons\u00e1vel por elaborar e assinar o Estudo T\u00e9cnico Preliminar (ETP), o Termo de Refer\u00eancia (TR), o or\u00e7amento estimado e o Mapa de Riscos dos processos de contrata\u00e7\u00e3o de bens e servi\u00e7os. Al\u00e9m disso, essa equipe desempenha um papel fundamental no planejamento de todas as contrata\u00e7\u00f5es a serem realizadas, abrangendo todas as modalidades de licita\u00e7\u00e3o, contrata\u00e7\u00e3o direta, contrata\u00e7\u00e3o por ata de registro de pre\u00e7os (seja como participante ou por ades\u00e3o) e demais procedimentos auxiliares, como o credenciamento.<\/span><\/p>\t\t\t\t\t\t\t\t<\/div>\n\t\t\t\t<div class=\"elementor-element elementor-element-c2c8ae2 elementor-widget elementor-widget-image\" data-id=\"c2c8ae2\" data-element_type=\"widget\" data-widget_type=\"image.default\">\n\t\t\t\t\t\t\t\t\t\t\t\t\t\t\t<img decoding=\"async\" width=\"1024\" height=\"553\" data-src=\"https:\/\/redelog.rj.gov.br\/redelog\/wp-content\/uploads\/2024\/03\/WhatsApp-Image-2024-03-13-at-2.30.37-PM-1024x553.jpeg\" class=\"attachment-large size-large wp-image-28477 lazyload\" alt=\"\" data-srcset=\"https:\/\/redelog.rj.gov.br\/redelog\/wp-content\/uploads\/2024\/03\/WhatsApp-Image-2024-03-13-at-2.30.37-PM-1024x553.jpeg 1024w, https:\/\/redelog.rj.gov.br\/redelog\/wp-content\/uploads\/2024\/03\/WhatsApp-Image-2024-03-13-at-2.30.37-PM-300x162.jpeg 300w, https:\/\/redelog.rj.gov.br\/redelog\/wp-content\/uploads\/2024\/03\/WhatsApp-Image-2024-03-13-at-2.30.37-PM-768x415.jpeg 768w, https:\/\/redelog.rj.gov.br\/redelog\/wp-content\/uploads\/2024\/03\/WhatsApp-Image-2024-03-13-at-2.30.37-PM-600x324.jpeg 600w, https:\/\/redelog.rj.gov.br\/redelog\/wp-content\/uploads\/2024\/03\/WhatsApp-Image-2024-03-13-at-2.30.37-PM.jpeg 1187w\" data-sizes=\"(max-width: 1024px) 100vw, 1024px\" src=\"data:image\/svg+xml;base64,PHN2ZyB3aWR0aD0iMSIgaGVpZ2h0PSIxIiB4bWxucz0iaHR0cDovL3d3dy53My5vcmcvMjAwMC9zdmciPjwvc3ZnPg==\" style=\"--smush-placeholder-width: 1024px; --smush-placeholder-aspect-ratio: 1024\/553;\" \/>\t\t\t\t\t\t\t\t\t\t\t\t\t\t\t<\/div>\n\t\t\t\t<div class=\"elementor-element elementor-element-15d0484 elementor-widget elementor-widget-spacer\" data-id=\"15d0484\" data-element_type=\"widget\" data-widget_type=\"spacer.default\">\n\t\t\t\t\t\t\t<div class=\"elementor-spacer\">\n\t\t\t<div class=\"elementor-spacer-inner\"><\/div>\n\t\t<\/div>\n\t\t\t\t\t\t<\/div>\n\t\t\t\t<div class=\"elementor-element elementor-element-6bd5f68 elementor-widget elementor-widget-text-editor\" data-id=\"6bd5f68\" data-element_type=\"widget\" data-widget_type=\"text-editor.default\">\n\t\t\t\t\t\t\t\t\t<p><span style=\"font-weight: 400;\">Cabe, ainda, \u00e0 equipe de planejamento, a verifica\u00e7\u00e3o do enquadramento dos bens de consumo nas categorias de qualidade <\/span><i><span style=\"font-weight: 400;\">comum<\/span><\/i><span style=\"font-weight: 400;\"> e de <\/span><i><span style=\"font-weight: 400;\">luxo<\/span><\/i><span style=\"font-weight: 400;\">. A <a href=\"http:\/\/www.planalto.gov.br\/ccivil_03\/_ato2019-2022\/2021\/lei\/L14133.htm\"><strong>Lei n\u00ba 14.133\/2021<\/strong><\/a>, a Lei de Licita\u00e7\u00f5es e Contratos Administrativos, veda a aquisi\u00e7\u00e3o de artigos de luxo na forma da regulamenta\u00e7\u00e3o.<\/span><\/p>\t\t\t\t\t\t\t\t<\/div>\n\t\t\t\t<div class=\"elementor-element elementor-element-a190c36 elementor-widget elementor-widget-image\" data-id=\"a190c36\" data-element_type=\"widget\" data-widget_type=\"image.default\">\n\t\t\t\t\t\t\t\t\t\t\t\t\t\t\t<img decoding=\"async\" width=\"1024\" height=\"582\" data-src=\"https:\/\/redelog.rj.gov.br\/redelog\/wp-content\/uploads\/2024\/03\/WhatsApp-Image-2024-03-13-at-2.32.53-PM-1024x582.jpeg\" class=\"attachment-large size-large wp-image-28487 lazyload\" alt=\"\" data-srcset=\"https:\/\/redelog.rj.gov.br\/redelog\/wp-content\/uploads\/2024\/03\/WhatsApp-Image-2024-03-13-at-2.32.53-PM-1024x582.jpeg 1024w, https:\/\/redelog.rj.gov.br\/redelog\/wp-content\/uploads\/2024\/03\/WhatsApp-Image-2024-03-13-at-2.32.53-PM-300x170.jpeg 300w, https:\/\/redelog.rj.gov.br\/redelog\/wp-content\/uploads\/2024\/03\/WhatsApp-Image-2024-03-13-at-2.32.53-PM-768x436.jpeg 768w, https:\/\/redelog.rj.gov.br\/redelog\/wp-content\/uploads\/2024\/03\/WhatsApp-Image-2024-03-13-at-2.32.53-PM-150x85.jpeg 150w, https:\/\/redelog.rj.gov.br\/redelog\/wp-content\/uploads\/2024\/03\/WhatsApp-Image-2024-03-13-at-2.32.53-PM-600x341.jpeg 600w, https:\/\/redelog.rj.gov.br\/redelog\/wp-content\/uploads\/2024\/03\/WhatsApp-Image-2024-03-13-at-2.32.53-PM.jpeg 1211w\" data-sizes=\"(max-width: 1024px) 100vw, 1024px\" src=\"data:image\/svg+xml;base64,PHN2ZyB3aWR0aD0iMSIgaGVpZ2h0PSIxIiB4bWxucz0iaHR0cDovL3d3dy53My5vcmcvMjAwMC9zdmciPjwvc3ZnPg==\" style=\"--smush-placeholder-width: 1024px; --smush-placeholder-aspect-ratio: 1024\/582;\" \/>\t\t\t\t\t\t\t\t\t\t\t\t\t\t\t<\/div>\n\t\t\t\t<div class=\"elementor-element elementor-element-3baeaac elementor-widget-divider--view-line elementor-widget elementor-widget-divider\" data-id=\"3baeaac\" data-element_type=\"widget\" data-widget_type=\"divider.default\">\n\t\t\t\t\t\t\t<div class=\"elementor-divider\">\n\t\t\t<span class=\"elementor-divider-separator\">\n\t\t\t\t\t\t<\/span>\n\t\t<\/div>\n\t\t\t\t\t\t<\/div>\n\t\t\t\t<div class=\"elementor-element elementor-element-e655c29 elementor-widget elementor-widget-heading\" data-id=\"e655c29\" data-element_type=\"widget\" data-widget_type=\"heading.default\">\n\t\t\t\t\t<h3 class=\"elementor-heading-title elementor-size-default\">Quem Deve Integrar a Equipe de Planejamento?<\/h3>\t\t\t\t<\/div>\n\t\t\t\t<div class=\"elementor-element elementor-element-e6ad945 elementor-widget elementor-widget-text-editor\" data-id=\"e6ad945\" data-element_type=\"widget\" data-widget_type=\"text-editor.default\">\n\t\t\t\t\t\t\t\t\t<p><span style=\"font-weight: 400;\">\u00c9 importante que a equipe de planejamento seja composta por agentes que contem com as compet\u00eancias necess\u00e1rias para a execu\u00e7\u00e3o das atividades inerentes \u00e0 contrata\u00e7\u00e3o. Tais atividades podem ser divididas em tr\u00eas enfoques principais:<\/span><\/p>\t\t\t\t\t\t\t\t<\/div>\n\t\t\t\t<div class=\"elementor-element elementor-element-d806657 elementor-widget elementor-widget-image\" data-id=\"d806657\" data-element_type=\"widget\" data-widget_type=\"image.default\">\n\t\t\t\t\t\t\t\t\t\t\t\t\t\t\t<img decoding=\"async\" width=\"1024\" height=\"580\" data-src=\"https:\/\/redelog.rj.gov.br\/redelog\/wp-content\/uploads\/2024\/03\/WhatsApp-Image-2024-03-13-at-2.50.00-PM-1024x580.jpeg\" class=\"attachment-large size-large wp-image-28500 lazyload\" alt=\"\" data-srcset=\"https:\/\/redelog.rj.gov.br\/redelog\/wp-content\/uploads\/2024\/03\/WhatsApp-Image-2024-03-13-at-2.50.00-PM-1024x580.jpeg 1024w, https:\/\/redelog.rj.gov.br\/redelog\/wp-content\/uploads\/2024\/03\/WhatsApp-Image-2024-03-13-at-2.50.00-PM-300x170.jpeg 300w, https:\/\/redelog.rj.gov.br\/redelog\/wp-content\/uploads\/2024\/03\/WhatsApp-Image-2024-03-13-at-2.50.00-PM-768x435.jpeg 768w, https:\/\/redelog.rj.gov.br\/redelog\/wp-content\/uploads\/2024\/03\/WhatsApp-Image-2024-03-13-at-2.50.00-PM-150x85.jpeg 150w, https:\/\/redelog.rj.gov.br\/redelog\/wp-content\/uploads\/2024\/03\/WhatsApp-Image-2024-03-13-at-2.50.00-PM-600x340.jpeg 600w, https:\/\/redelog.rj.gov.br\/redelog\/wp-content\/uploads\/2024\/03\/WhatsApp-Image-2024-03-13-at-2.50.00-PM.jpeg 1235w\" data-sizes=\"(max-width: 1024px) 100vw, 1024px\" src=\"data:image\/svg+xml;base64,PHN2ZyB3aWR0aD0iMSIgaGVpZ2h0PSIxIiB4bWxucz0iaHR0cDovL3d3dy53My5vcmcvMjAwMC9zdmciPjwvc3ZnPg==\" style=\"--smush-placeholder-width: 1024px; --smush-placeholder-aspect-ratio: 1024\/580;\" \/>\t\t\t\t\t\t\t\t\t\t\t\t\t\t\t<\/div>\n\t\t\t\t<div class=\"elementor-element elementor-element-1e1b336 elementor-widget elementor-widget-spacer\" data-id=\"1e1b336\" data-element_type=\"widget\" data-widget_type=\"spacer.default\">\n\t\t\t\t\t\t\t<div class=\"elementor-spacer\">\n\t\t\t<div class=\"elementor-spacer-inner\"><\/div>\n\t\t<\/div>\n\t\t\t\t\t\t<\/div>\n\t\t\t\t<div class=\"elementor-element elementor-element-4390f0e elementor-widget elementor-widget-text-editor\" data-id=\"4390f0e\" data-element_type=\"widget\" data-widget_type=\"text-editor.default\">\n\t\t\t\t\t\t\t\t\t<p><span style=\"font-weight: 400;\">Em alguns casos um mesmo agente pode atuar em mais de um papel. Ele pode, por exemplo, ser da \u00e1rea requisitante e, ao mesmo tempo, atuar no setor de contrata\u00e7\u00f5es. No exemplo da T.I., a \u00e1rea t\u00e9cnica pode especificar um equipamento para seu pr\u00f3prio uso como \u00e1rea demandante.<\/span><\/p><p><span style=\"font-weight: 400;\">\u00c9 responsabilidade da administra\u00e7\u00e3o empenhar-se para assegurar que seus servidores que comp\u00f5em a equipe de planejamento possuam a capacidade t\u00e9cnica e a qualifica\u00e7\u00e3o adequada para atender as necessidades demandadas.Para os integrantes da \u00e1rea administrativa que atuam com licita\u00e7\u00f5es e contrata\u00e7\u00f5es h\u00e1 variedade de cursos e demais iniciativas de forma\u00e7\u00e3o indicadas no Portal da Redelog, em <\/span><a href=\"https:\/\/redelog.rj.gov.br\/redelog\/capacitacao\/\"><b>Capacita\u00e7\u00e3o<\/b><\/a><span style=\"font-weight: 400;\">.<\/span><\/p><p><span style=\"font-weight: 400;\">A equipe de planejamento, sob orienta\u00e7\u00e3o do gestor setorial da Redelog, dever\u00e1, ainda, colaborar no levantamento das informa\u00e7\u00f5es necess\u00e1rias para a elabora\u00e7\u00e3o do <\/span><a href=\"https:\/\/redelog.rj.gov.br\/redelog\/plano-de-contratacoes-anual\/\"><b>Plano de Contrata\u00e7\u00f5es Anual \u2013 PCA<\/b><\/a><span style=\"font-weight: 400;\">.\u00a0<\/span><\/p>\t\t\t\t\t\t\t\t<\/div>\n\t\t\t\t<div class=\"elementor-element elementor-element-8a34148 elementor-widget elementor-widget-image\" data-id=\"8a34148\" data-element_type=\"widget\" data-widget_type=\"image.default\">\n\t\t\t\t\t\t\t\t\t\t\t\t\t\t\t<img decoding=\"async\" width=\"1024\" height=\"694\" data-src=\"https:\/\/redelog.rj.gov.br\/redelog\/wp-content\/uploads\/2024\/03\/Atualizacao-RedelogSUPCC-e1710352358721-1024x694.jpg\" class=\"attachment-large size-large wp-image-28504 lazyload\" alt=\"\" data-srcset=\"https:\/\/redelog.rj.gov.br\/redelog\/wp-content\/uploads\/2024\/03\/Atualizacao-RedelogSUPCC-e1710352358721-1024x694.jpg 1024w, https:\/\/redelog.rj.gov.br\/redelog\/wp-content\/uploads\/2024\/03\/Atualizacao-RedelogSUPCC-e1710352358721-300x203.jpg 300w, https:\/\/redelog.rj.gov.br\/redelog\/wp-content\/uploads\/2024\/03\/Atualizacao-RedelogSUPCC-e1710352358721-768x521.jpg 768w, https:\/\/redelog.rj.gov.br\/redelog\/wp-content\/uploads\/2024\/03\/Atualizacao-RedelogSUPCC-e1710352358721-600x407.jpg 600w, https:\/\/redelog.rj.gov.br\/redelog\/wp-content\/uploads\/2024\/03\/Atualizacao-RedelogSUPCC-e1710352358721.jpg 1062w\" data-sizes=\"(max-width: 1024px) 100vw, 1024px\" src=\"data:image\/svg+xml;base64,PHN2ZyB3aWR0aD0iMSIgaGVpZ2h0PSIxIiB4bWxucz0iaHR0cDovL3d3dy53My5vcmcvMjAwMC9zdmciPjwvc3ZnPg==\" style=\"--smush-placeholder-width: 1024px; --smush-placeholder-aspect-ratio: 1024\/694;\" \/>\t\t\t\t\t\t\t\t\t\t\t\t\t\t\t<\/div>\n\t\t\t\t<div class=\"elementor-element elementor-element-e906263 elementor-widget elementor-widget-image\" data-id=\"e906263\" data-element_type=\"widget\" data-widget_type=\"image.default\">\n\t\t\t\t\t\t\t\t\t\t\t\t\t\t\t<img decoding=\"async\" width=\"768\" height=\"506\" data-src=\"https:\/\/redelog.rj.gov.br\/redelog\/wp-content\/uploads\/2024\/03\/Atualizacao-RedelogSUPCC-1-1-e1710352642172-768x506.jpg\" class=\"attachment-medium_large size-medium_large wp-image-28515 lazyload\" alt=\"\" data-srcset=\"https:\/\/redelog.rj.gov.br\/redelog\/wp-content\/uploads\/2024\/03\/Atualizacao-RedelogSUPCC-1-1-e1710352642172-768x506.jpg 768w, https:\/\/redelog.rj.gov.br\/redelog\/wp-content\/uploads\/2024\/03\/Atualizacao-RedelogSUPCC-1-1-e1710352642172-300x198.jpg 300w, https:\/\/redelog.rj.gov.br\/redelog\/wp-content\/uploads\/2024\/03\/Atualizacao-RedelogSUPCC-1-1-e1710352642172-600x395.jpg 600w, https:\/\/redelog.rj.gov.br\/redelog\/wp-content\/uploads\/2024\/03\/Atualizacao-RedelogSUPCC-1-1-e1710352642172.jpg 937w\" data-sizes=\"(max-width: 768px) 100vw, 768px\" src=\"data:image\/svg+xml;base64,PHN2ZyB3aWR0aD0iMSIgaGVpZ2h0PSIxIiB4bWxucz0iaHR0cDovL3d3dy53My5vcmcvMjAwMC9zdmciPjwvc3ZnPg==\" style=\"--smush-placeholder-width: 768px; --smush-placeholder-aspect-ratio: 768\/506;\" \/>\t\t\t\t\t\t\t\t\t\t\t\t\t\t\t<\/div>\n\t\t\t\t<div class=\"elementor-element elementor-element-9f40efd elementor-widget-divider--view-line elementor-widget elementor-widget-divider\" data-id=\"9f40efd\" data-element_type=\"widget\" data-widget_type=\"divider.default\">\n\t\t\t\t\t\t\t<div class=\"elementor-divider\">\n\t\t\t<span class=\"elementor-divider-separator\">\n\t\t\t\t\t\t<\/span>\n\t\t<\/div>\n\t\t\t\t\t\t<\/div>\n\t\t\t\t\t<\/div>\n\t\t<\/div>\n\t\t\t\t\t<\/div>\n\t\t<\/section>\n\t\t\t\t<section class=\"elementor-section elementor-top-section elementor-element elementor-element-bcf4e13 elementor-section-boxed elementor-section-height-default elementor-section-height-default\" data-id=\"bcf4e13\" data-element_type=\"section\" id=\"options\" data-settings=\"{&quot;jet_parallax_layout_list&quot;:[{&quot;jet_parallax_layout_image&quot;:{&quot;url&quot;:&quot;&quot;,&quot;id&quot;:&quot;&quot;,&quot;size&quot;:&quot;&quot;},&quot;_id&quot;:&quot;d3cdd8d&quot;,&quot;jet_parallax_layout_image_tablet&quot;:{&quot;url&quot;:&quot;&quot;,&quot;id&quot;:&quot;&quot;,&quot;size&quot;:&quot;&quot;},&quot;jet_parallax_layout_image_mobile&quot;:{&quot;url&quot;:&quot;&quot;,&quot;id&quot;:&quot;&quot;,&quot;size&quot;:&quot;&quot;},&quot;jet_parallax_layout_speed&quot;:{&quot;unit&quot;:&quot;%&quot;,&quot;size&quot;:50,&quot;sizes&quot;:[]},&quot;jet_parallax_layout_type&quot;:&quot;scroll&quot;,&quot;jet_parallax_layout_direction&quot;:&quot;1&quot;,&quot;jet_parallax_layout_fx_direction&quot;:null,&quot;jet_parallax_layout_z_index&quot;:&quot;&quot;,&quot;jet_parallax_layout_bg_x&quot;:50,&quot;jet_parallax_layout_bg_x_tablet&quot;:&quot;&quot;,&quot;jet_parallax_layout_bg_x_mobile&quot;:&quot;&quot;,&quot;jet_parallax_layout_bg_y&quot;:50,&quot;jet_parallax_layout_bg_y_tablet&quot;:&quot;&quot;,&quot;jet_parallax_layout_bg_y_mobile&quot;:&quot;&quot;,&quot;jet_parallax_layout_bg_size&quot;:&quot;auto&quot;,&quot;jet_parallax_layout_bg_size_tablet&quot;:&quot;&quot;,&quot;jet_parallax_layout_bg_size_mobile&quot;:&quot;&quot;,&quot;jet_parallax_layout_animation_prop&quot;:&quot;transform&quot;,&quot;jet_parallax_layout_on&quot;:[&quot;desktop&quot;,&quot;tablet&quot;]}]}\">\n\t\t\t\t\t\t<div class=\"elementor-container elementor-column-gap-default\">\n\t\t\t\t\t<div class=\"elementor-column elementor-col-100 elementor-top-column elementor-element elementor-element-ce5a159\" data-id=\"ce5a159\" data-element_type=\"column\">\n\t\t\t<div class=\"elementor-widget-wrap elementor-element-populated\">\n\t\t\t\t\t\t<div class=\"elementor-element elementor-element-bee41e5 elementor-widget elementor-widget-shortcode\" data-id=\"bee41e5\" data-element_type=\"widget\" data-widget_type=\"shortcode.default\">\n\t\t\t\t\t\t\t<div class=\"elementor-shortcode\"><div class='printomatic pom-default ' id='id6895' alt='Imprimir' title='Imprimir' data-print_target='#post-28453'><\/div> <div class='printomatictext' id='id6895' alt='Imprimir' title='Imprimir' data-print_target='#post-28453'>Imprimir<\/div><div style='clear: both;'><\/div><\/div>\n\t\t\t\t\t\t<\/div>\n\t\t\t\t\t<\/div>\n\t\t<\/div>\n\t\t\t\t\t<\/div>\n\t\t<\/section>\n\t\t\t\t<section class=\"elementor-section elementor-top-section elementor-element elementor-element-800c09b elementor-section-boxed elementor-section-height-default elementor-section-height-default\" data-id=\"800c09b\" data-element_type=\"section\" data-settings=\"{&quot;jet_parallax_layout_list&quot;:[{&quot;jet_parallax_layout_image&quot;:{&quot;url&quot;:&quot;&quot;,&quot;id&quot;:&quot;&quot;,&quot;size&quot;:&quot;&quot;},&quot;_id&quot;:&quot;71483af&quot;,&quot;jet_parallax_layout_image_tablet&quot;:{&quot;url&quot;:&quot;&quot;,&quot;id&quot;:&quot;&quot;,&quot;size&quot;:&quot;&quot;},&quot;jet_parallax_layout_image_mobile&quot;:{&quot;url&quot;:&quot;&quot;,&quot;id&quot;:&quot;&quot;,&quot;size&quot;:&quot;&quot;},&quot;jet_parallax_layout_speed&quot;:{&quot;unit&quot;:&quot;%&quot;,&quot;size&quot;:50,&quot;sizes&quot;:[]},&quot;jet_parallax_layout_type&quot;:&quot;scroll&quot;,&quot;jet_parallax_layout_direction&quot;:&quot;1&quot;,&quot;jet_parallax_layout_fx_direction&quot;:null,&quot;jet_parallax_layout_z_index&quot;:&quot;&quot;,&quot;jet_parallax_layout_bg_x&quot;:50,&quot;jet_parallax_layout_bg_x_tablet&quot;:&quot;&quot;,&quot;jet_parallax_layout_bg_x_mobile&quot;:&quot;&quot;,&quot;jet_parallax_layout_bg_y&quot;:50,&quot;jet_parallax_layout_bg_y_tablet&quot;:&quot;&quot;,&quot;jet_parallax_layout_bg_y_mobile&quot;:&quot;&quot;,&quot;jet_parallax_layout_bg_size&quot;:&quot;auto&quot;,&quot;jet_parallax_layout_bg_size_tablet&quot;:&quot;&quot;,&quot;jet_parallax_layout_bg_size_mobile&quot;:&quot;&quot;,&quot;jet_parallax_layout_animation_prop&quot;:&quot;transform&quot;,&quot;jet_parallax_layout_on&quot;:[&quot;desktop&quot;,&quot;tablet&quot;]}]}\">\n\t\t\t\t\t\t<div class=\"elementor-container elementor-column-gap-default\">\n\t\t\t\t\t<div class=\"elementor-column elementor-col-50 elementor-top-column elementor-element elementor-element-87f11ae\" data-id=\"87f11ae\" data-element_type=\"column\">\n\t\t\t<div class=\"elementor-widget-wrap elementor-element-populated\">\n\t\t\t\t\t\t<div class=\"elementor-element elementor-element-0f41a4d elementor-widget elementor-widget-text-editor\" data-id=\"0f41a4d\" data-element_type=\"widget\" data-widget_type=\"text-editor.default\">\n\t\t\t\t\t\t\t\t\t<p><a href=\"https:\/\/redelog.rj.gov.br\/redelog\/plano-de-contratacoes-anual-2\/\"><strong>\u2190 Plano de Contrata\u00e7\u00f5es Anuais<\/strong><\/a><\/p>\t\t\t\t\t\t\t\t<\/div>\n\t\t\t\t\t<\/div>\n\t\t<\/div>\n\t\t\t\t<div class=\"elementor-column elementor-col-50 elementor-top-column elementor-element elementor-element-6843873\" data-id=\"6843873\" data-element_type=\"column\">\n\t\t\t<div class=\"elementor-widget-wrap\">\n\t\t\t\t\t\t\t<\/div>\n\t\t<\/div>\n\t\t\t\t\t<\/div>\n\t\t<\/section>\n\t\t\t\t<\/div>\n\t\t","protected":false},"excerpt":{"rendered":"<p>\u00a0A Equipe de Planejamento da Contrata\u00e7\u00e3o est\u00e1 inserida dentro de um contexto que visa trazer Governan\u00e7a para \u00e0s contrata\u00e7\u00f5es p\u00fablica, institu\u00edda e definida pelo Decreto n\u00ba 48.650 de 23 de agosto de 2023, que disp\u00f5es sobre a Governan\u00e7a Log\u00edstica e a Governan\u00e7a das Contrata\u00e7\u00f5es no \u00e2mbito da Administra\u00e7\u00e3o P\u00fablica Estadual Direta, Aut\u00e1rquica e Fundacional.\u00a0 Para [&hellip;]<\/p>\n","protected":false},"author":25,"featured_media":0,"comment_status":"closed","ping_status":"open","sticky":false,"template":"","format":"standard","meta":{"_joinchat":[],"footnotes":""},"categories":[29],"tags":[],"class_list":["post-28453","post","type-post","status-publish","format-standard","hentry","category-cat-fase-planejamento"],"yoast_head":"<!-- This site is optimized with the Yoast SEO plugin v25.7 - https:\/\/yoast.com\/wordpress\/plugins\/seo\/ -->\n<title>EQUIPE DE PLANEJAMENTO DA CONTRATA\u00c7\u00c3O - Redelog<\/title>\n<meta name=\"robots\" content=\"index, follow, max-snippet:-1, max-image-preview:large, max-video-preview:-1\" \/>\n<link rel=\"canonical\" href=\"https:\/\/redelog.rj.gov.br\/redelog\/equipe-de-planejamento-da-contratacao\/\" \/>\n<meta property=\"og:locale\" content=\"pt_BR\" \/>\n<meta property=\"og:type\" content=\"article\" \/>\n<meta property=\"og:title\" content=\"EQUIPE DE PLANEJAMENTO DA CONTRATA\u00c7\u00c3O - Redelog\" \/>\n<meta property=\"og:description\" content=\"\u00a0A Equipe de Planejamento da Contrata\u00e7\u00e3o est\u00e1 inserida dentro de um contexto que visa trazer Governan\u00e7a para \u00e0s contrata\u00e7\u00f5es p\u00fablica, institu\u00edda e definida pelo Decreto n\u00ba 48.650 de 23 de agosto de 2023, que disp\u00f5es sobre a Governan\u00e7a Log\u00edstica e a Governan\u00e7a das Contrata\u00e7\u00f5es no \u00e2mbito da Administra\u00e7\u00e3o P\u00fablica Estadual Direta, Aut\u00e1rquica e Fundacional.\u00a0 Para [&hellip;]\" \/>\n<meta property=\"og:url\" content=\"https:\/\/redelog.rj.gov.br\/redelog\/equipe-de-planejamento-da-contratacao\/\" \/>\n<meta property=\"og:site_name\" content=\"Redelog\" \/>\n<meta property=\"article:published_time\" content=\"2024-03-13T14:34:50+00:00\" \/>\n<meta property=\"article:modified_time\" content=\"2024-04-17T17:41:18+00:00\" \/>\n<meta property=\"og:image\" content=\"https:\/\/www.redelog.rj.gov.br\/redelog\/wp-content\/uploads\/2024\/03\/WhatsApp-Image-2024-03-13-at-2.17.45-PM-1024x577.jpeg\" \/>\n<meta name=\"author\" content=\"Luisa Maravilhas de Carvalho\" \/>\n<meta name=\"twitter:card\" content=\"summary_large_image\" \/>\n<meta name=\"twitter:label1\" content=\"Escrito por\" \/>\n\t<meta name=\"twitter:data1\" content=\"Luisa Maravilhas de Carvalho\" \/>\n\t<meta name=\"twitter:label2\" content=\"Est. tempo de leitura\" \/>\n\t<meta name=\"twitter:data2\" content=\"4 minutos\" \/>\n<script type=\"application\/ld+json\" class=\"yoast-schema-graph\">{\"@context\":\"https:\/\/schema.org\",\"@graph\":[{\"@type\":\"Article\",\"@id\":\"https:\/\/redelog.rj.gov.br\/redelog\/equipe-de-planejamento-da-contratacao\/#article\",\"isPartOf\":{\"@id\":\"https:\/\/redelog.rj.gov.br\/redelog\/equipe-de-planejamento-da-contratacao\/\"},\"author\":{\"name\":\"Luisa Maravilhas de Carvalho\",\"@id\":\"https:\/\/redelog.rj.gov.br\/redelog\/#\/schema\/person\/dd6a5779d3028a21ef65c6e4af7c1edb\"},\"headline\":\"EQUIPE DE PLANEJAMENTO DA CONTRATA\u00c7\u00c3O\",\"datePublished\":\"2024-03-13T14:34:50+00:00\",\"dateModified\":\"2024-04-17T17:41:18+00:00\",\"mainEntityOfPage\":{\"@id\":\"https:\/\/redelog.rj.gov.br\/redelog\/equipe-de-planejamento-da-contratacao\/\"},\"wordCount\":434,\"publisher\":{\"@id\":\"https:\/\/redelog.rj.gov.br\/redelog\/#organization\"},\"image\":{\"@id\":\"https:\/\/redelog.rj.gov.br\/redelog\/equipe-de-planejamento-da-contratacao\/#primaryimage\"},\"thumbnailUrl\":\"https:\/\/www.redelog.rj.gov.br\/redelog\/wp-content\/uploads\/2024\/03\/WhatsApp-Image-2024-03-13-at-2.17.45-PM-1024x577.jpeg\",\"articleSection\":[\"Fase de Planejamento\"],\"inLanguage\":\"pt-BR\"},{\"@type\":\"WebPage\",\"@id\":\"https:\/\/redelog.rj.gov.br\/redelog\/equipe-de-planejamento-da-contratacao\/\",\"url\":\"https:\/\/redelog.rj.gov.br\/redelog\/equipe-de-planejamento-da-contratacao\/\",\"name\":\"EQUIPE DE PLANEJAMENTO DA CONTRATA\u00c7\u00c3O - Redelog\",\"isPartOf\":{\"@id\":\"https:\/\/redelog.rj.gov.br\/redelog\/#website\"},\"primaryImageOfPage\":{\"@id\":\"https:\/\/redelog.rj.gov.br\/redelog\/equipe-de-planejamento-da-contratacao\/#primaryimage\"},\"image\":{\"@id\":\"https:\/\/redelog.rj.gov.br\/redelog\/equipe-de-planejamento-da-contratacao\/#primaryimage\"},\"thumbnailUrl\":\"https:\/\/www.redelog.rj.gov.br\/redelog\/wp-content\/uploads\/2024\/03\/WhatsApp-Image-2024-03-13-at-2.17.45-PM-1024x577.jpeg\",\"datePublished\":\"2024-03-13T14:34:50+00:00\",\"dateModified\":\"2024-04-17T17:41:18+00:00\",\"breadcrumb\":{\"@id\":\"https:\/\/redelog.rj.gov.br\/redelog\/equipe-de-planejamento-da-contratacao\/#breadcrumb\"},\"inLanguage\":\"pt-BR\",\"potentialAction\":[{\"@type\":\"ReadAction\",\"target\":[\"https:\/\/redelog.rj.gov.br\/redelog\/equipe-de-planejamento-da-contratacao\/\"]}]},{\"@type\":\"ImageObject\",\"inLanguage\":\"pt-BR\",\"@id\":\"https:\/\/redelog.rj.gov.br\/redelog\/equipe-de-planejamento-da-contratacao\/#primaryimage\",\"url\":\"https:\/\/www.redelog.rj.gov.br\/redelog\/wp-content\/uploads\/2024\/03\/WhatsApp-Image-2024-03-13-at-2.17.45-PM-1024x577.jpeg\",\"contentUrl\":\"https:\/\/www.redelog.rj.gov.br\/redelog\/wp-content\/uploads\/2024\/03\/WhatsApp-Image-2024-03-13-at-2.17.45-PM-1024x577.jpeg\"},{\"@type\":\"BreadcrumbList\",\"@id\":\"https:\/\/redelog.rj.gov.br\/redelog\/equipe-de-planejamento-da-contratacao\/#breadcrumb\",\"itemListElement\":[{\"@type\":\"ListItem\",\"position\":1,\"name\":\"Home\",\"item\":\"https:\/\/redelog.rj.gov.br\/redelog\/\"},{\"@type\":\"ListItem\",\"position\":2,\"name\":\"EQUIPE DE PLANEJAMENTO DA CONTRATA\u00c7\u00c3O\"}]},{\"@type\":\"WebSite\",\"@id\":\"https:\/\/redelog.rj.gov.br\/redelog\/#website\",\"url\":\"https:\/\/redelog.rj.gov.br\/redelog\/\",\"name\":\"Redelog\",\"description\":\"Site da Rede de Log\u00edstica e Planejamento do Estado do Rio de Janeiro\",\"publisher\":{\"@id\":\"https:\/\/redelog.rj.gov.br\/redelog\/#organization\"},\"potentialAction\":[{\"@type\":\"SearchAction\",\"target\":{\"@type\":\"EntryPoint\",\"urlTemplate\":\"https:\/\/redelog.rj.gov.br\/redelog\/?s={search_term_string}\"},\"query-input\":{\"@type\":\"PropertyValueSpecification\",\"valueRequired\":true,\"valueName\":\"search_term_string\"}}],\"inLanguage\":\"pt-BR\"},{\"@type\":\"Organization\",\"@id\":\"https:\/\/redelog.rj.gov.br\/redelog\/#organization\",\"name\":\"REDELOG\",\"url\":\"https:\/\/redelog.rj.gov.br\/redelog\/\",\"logo\":{\"@type\":\"ImageObject\",\"inLanguage\":\"pt-BR\",\"@id\":\"https:\/\/redelog.rj.gov.br\/redelog\/#\/schema\/logo\/image\/\",\"url\":\"http:\/\/10.10.8.100:8888\/redelog\/wp-content\/uploads\/2019\/09\/Redelog2.png\",\"contentUrl\":\"http:\/\/10.10.8.100:8888\/redelog\/wp-content\/uploads\/2019\/09\/Redelog2.png\",\"width\":565,\"height\":155,\"caption\":\"REDELOG\"},\"image\":{\"@id\":\"https:\/\/redelog.rj.gov.br\/redelog\/#\/schema\/logo\/image\/\"}},{\"@type\":\"Person\",\"@id\":\"https:\/\/redelog.rj.gov.br\/redelog\/#\/schema\/person\/dd6a5779d3028a21ef65c6e4af7c1edb\",\"name\":\"Luisa Maravilhas de Carvalho\",\"image\":{\"@type\":\"ImageObject\",\"inLanguage\":\"pt-BR\",\"@id\":\"https:\/\/redelog.rj.gov.br\/redelog\/#\/schema\/person\/image\/\",\"url\":\"https:\/\/secure.gravatar.com\/avatar\/42eea343007bb4bb43265a1df0b9eebe3b0ff8ee578355b2f834803cdddc604a?s=96&d=mm&r=g\",\"contentUrl\":\"https:\/\/secure.gravatar.com\/avatar\/42eea343007bb4bb43265a1df0b9eebe3b0ff8ee578355b2f834803cdddc604a?s=96&d=mm&r=g\",\"caption\":\"Luisa Maravilhas de Carvalho\"},\"url\":\"https:\/\/redelog.rj.gov.br\/redelog\/author\/luisa-carvalho\/\"}]}<\/script>\n<!-- \/ Yoast SEO plugin. -->","yoast_head_json":{"title":"EQUIPE DE PLANEJAMENTO DA CONTRATA\u00c7\u00c3O - Redelog","robots":{"index":"index","follow":"follow","max-snippet":"max-snippet:-1","max-image-preview":"max-image-preview:large","max-video-preview":"max-video-preview:-1"},"canonical":"https:\/\/redelog.rj.gov.br\/redelog\/equipe-de-planejamento-da-contratacao\/","og_locale":"pt_BR","og_type":"article","og_title":"EQUIPE DE PLANEJAMENTO DA CONTRATA\u00c7\u00c3O - Redelog","og_description":"\u00a0A Equipe de Planejamento da Contrata\u00e7\u00e3o est\u00e1 inserida dentro de um contexto que visa trazer Governan\u00e7a para \u00e0s contrata\u00e7\u00f5es p\u00fablica, institu\u00edda e definida pelo Decreto n\u00ba 48.650 de 23 de agosto de 2023, que disp\u00f5es sobre a Governan\u00e7a Log\u00edstica e a Governan\u00e7a das Contrata\u00e7\u00f5es no \u00e2mbito da Administra\u00e7\u00e3o P\u00fablica Estadual Direta, Aut\u00e1rquica e Fundacional.\u00a0 Para [&hellip;]","og_url":"https:\/\/redelog.rj.gov.br\/redelog\/equipe-de-planejamento-da-contratacao\/","og_site_name":"Redelog","article_published_time":"2024-03-13T14:34:50+00:00","article_modified_time":"2024-04-17T17:41:18+00:00","og_image":[{"url":"https:\/\/www.redelog.rj.gov.br\/redelog\/wp-content\/uploads\/2024\/03\/WhatsApp-Image-2024-03-13-at-2.17.45-PM-1024x577.jpeg","type":"","width":"","height":""}],"author":"Luisa Maravilhas de Carvalho","twitter_card":"summary_large_image","twitter_misc":{"Escrito por":"Luisa Maravilhas de Carvalho","Est. tempo de leitura":"4 minutos"},"schema":{"@context":"https:\/\/schema.org","@graph":[{"@type":"Article","@id":"https:\/\/redelog.rj.gov.br\/redelog\/equipe-de-planejamento-da-contratacao\/#article","isPartOf":{"@id":"https:\/\/redelog.rj.gov.br\/redelog\/equipe-de-planejamento-da-contratacao\/"},"author":{"name":"Luisa Maravilhas de Carvalho","@id":"https:\/\/redelog.rj.gov.br\/redelog\/#\/schema\/person\/dd6a5779d3028a21ef65c6e4af7c1edb"},"headline":"EQUIPE DE PLANEJAMENTO DA CONTRATA\u00c7\u00c3O","datePublished":"2024-03-13T14:34:50+00:00","dateModified":"2024-04-17T17:41:18+00:00","mainEntityOfPage":{"@id":"https:\/\/redelog.rj.gov.br\/redelog\/equipe-de-planejamento-da-contratacao\/"},"wordCount":434,"publisher":{"@id":"https:\/\/redelog.rj.gov.br\/redelog\/#organization"},"image":{"@id":"https:\/\/redelog.rj.gov.br\/redelog\/equipe-de-planejamento-da-contratacao\/#primaryimage"},"thumbnailUrl":"https:\/\/www.redelog.rj.gov.br\/redelog\/wp-content\/uploads\/2024\/03\/WhatsApp-Image-2024-03-13-at-2.17.45-PM-1024x577.jpeg","articleSection":["Fase de Planejamento"],"inLanguage":"pt-BR"},{"@type":"WebPage","@id":"https:\/\/redelog.rj.gov.br\/redelog\/equipe-de-planejamento-da-contratacao\/","url":"https:\/\/redelog.rj.gov.br\/redelog\/equipe-de-planejamento-da-contratacao\/","name":"EQUIPE DE PLANEJAMENTO DA CONTRATA\u00c7\u00c3O - Redelog","isPartOf":{"@id":"https:\/\/redelog.rj.gov.br\/redelog\/#website"},"primaryImageOfPage":{"@id":"https:\/\/redelog.rj.gov.br\/redelog\/equipe-de-planejamento-da-contratacao\/#primaryimage"},"image":{"@id":"https:\/\/redelog.rj.gov.br\/redelog\/equipe-de-planejamento-da-contratacao\/#primaryimage"},"thumbnailUrl":"https:\/\/www.redelog.rj.gov.br\/redelog\/wp-content\/uploads\/2024\/03\/WhatsApp-Image-2024-03-13-at-2.17.45-PM-1024x577.jpeg","datePublished":"2024-03-13T14:34:50+00:00","dateModified":"2024-04-17T17:41:18+00:00","breadcrumb":{"@id":"https:\/\/redelog.rj.gov.br\/redelog\/equipe-de-planejamento-da-contratacao\/#breadcrumb"},"inLanguage":"pt-BR","potentialAction":[{"@type":"ReadAction","target":["https:\/\/redelog.rj.gov.br\/redelog\/equipe-de-planejamento-da-contratacao\/"]}]},{"@type":"ImageObject","inLanguage":"pt-BR","@id":"https:\/\/redelog.rj.gov.br\/redelog\/equipe-de-planejamento-da-contratacao\/#primaryimage","url":"https:\/\/www.redelog.rj.gov.br\/redelog\/wp-content\/uploads\/2024\/03\/WhatsApp-Image-2024-03-13-at-2.17.45-PM-1024x577.jpeg","contentUrl":"https:\/\/www.redelog.rj.gov.br\/redelog\/wp-content\/uploads\/2024\/03\/WhatsApp-Image-2024-03-13-at-2.17.45-PM-1024x577.jpeg"},{"@type":"BreadcrumbList","@id":"https:\/\/redelog.rj.gov.br\/redelog\/equipe-de-planejamento-da-contratacao\/#breadcrumb","itemListElement":[{"@type":"ListItem","position":1,"name":"Home","item":"https:\/\/redelog.rj.gov.br\/redelog\/"},{"@type":"ListItem","position":2,"name":"EQUIPE DE PLANEJAMENTO DA CONTRATA\u00c7\u00c3O"}]},{"@type":"WebSite","@id":"https:\/\/redelog.rj.gov.br\/redelog\/#website","url":"https:\/\/redelog.rj.gov.br\/redelog\/","name":"Redelog","description":"Site da Rede de Log\u00edstica e Planejamento do Estado do Rio de Janeiro","publisher":{"@id":"https:\/\/redelog.rj.gov.br\/redelog\/#organization"},"potentialAction":[{"@type":"SearchAction","target":{"@type":"EntryPoint","urlTemplate":"https:\/\/redelog.rj.gov.br\/redelog\/?s={search_term_string}"},"query-input":{"@type":"PropertyValueSpecification","valueRequired":true,"valueName":"search_term_string"}}],"inLanguage":"pt-BR"},{"@type":"Organization","@id":"https:\/\/redelog.rj.gov.br\/redelog\/#organization","name":"REDELOG","url":"https:\/\/redelog.rj.gov.br\/redelog\/","logo":{"@type":"ImageObject","inLanguage":"pt-BR","@id":"https:\/\/redelog.rj.gov.br\/redelog\/#\/schema\/logo\/image\/","url":"http:\/\/10.10.8.100:8888\/redelog\/wp-content\/uploads\/2019\/09\/Redelog2.png","contentUrl":"http:\/\/10.10.8.100:8888\/redelog\/wp-content\/uploads\/2019\/09\/Redelog2.png","width":565,"height":155,"caption":"REDELOG"},"image":{"@id":"https:\/\/redelog.rj.gov.br\/redelog\/#\/schema\/logo\/image\/"}},{"@type":"Person","@id":"https:\/\/redelog.rj.gov.br\/redelog\/#\/schema\/person\/dd6a5779d3028a21ef65c6e4af7c1edb","name":"Luisa Maravilhas de Carvalho","image":{"@type":"ImageObject","inLanguage":"pt-BR","@id":"https:\/\/redelog.rj.gov.br\/redelog\/#\/schema\/person\/image\/","url":"https:\/\/secure.gravatar.com\/avatar\/42eea343007bb4bb43265a1df0b9eebe3b0ff8ee578355b2f834803cdddc604a?s=96&d=mm&r=g","contentUrl":"https:\/\/secure.gravatar.com\/avatar\/42eea343007bb4bb43265a1df0b9eebe3b0ff8ee578355b2f834803cdddc604a?s=96&d=mm&r=g","caption":"Luisa Maravilhas de Carvalho"},"url":"https:\/\/redelog.rj.gov.br\/redelog\/author\/luisa-carvalho\/"}]}},"_links":{"self":[{"href":"https:\/\/redelog.rj.gov.br\/redelog\/wp-json\/wp\/v2\/posts\/28453","targetHints":{"allow":["GET"]}}],"collection":[{"href":"https:\/\/redelog.rj.gov.br\/redelog\/wp-json\/wp\/v2\/posts"}],"about":[{"href":"https:\/\/redelog.rj.gov.br\/redelog\/wp-json\/wp\/v2\/types\/post"}],"author":[{"embeddable":true,"href":"https:\/\/redelog.rj.gov.br\/redelog\/wp-json\/wp\/v2\/users\/25"}],"replies":[{"embeddable":true,"href":"https:\/\/redelog.rj.gov.br\/redelog\/wp-json\/wp\/v2\/comments?post=28453"}],"version-history":[{"count":52,"href":"https:\/\/redelog.rj.gov.br\/redelog\/wp-json\/wp\/v2\/posts\/28453\/revisions"}],"predecessor-version":[{"id":29625,"href":"https:\/\/redelog.rj.gov.br\/redelog\/wp-json\/wp\/v2\/posts\/28453\/revisions\/29625"}],"wp:attachment":[{"href":"https:\/\/redelog.rj.gov.br\/redelog\/wp-json\/wp\/v2\/media?parent=28453"}],"wp:term":[{"taxonomy":"category","embeddable":true,"href":"https:\/\/redelog.rj.gov.br\/redelog\/wp-json\/wp\/v2\/categories?post=28453"},{"taxonomy":"post_tag","embeddable":true,"href":"https:\/\/redelog.rj.gov.br\/redelog\/wp-json\/wp\/v2\/tags?post=28453"}],"curies":[{"name":"wp","href":"https:\/\/api.w.org\/{rel}","templated":true}]}}