{"id":28179,"date":"2024-02-22T14:12:57","date_gmt":"2024-02-22T17:12:57","guid":{"rendered":"https:\/\/redelog.rj.gov.br\/redelog\/?p=28179"},"modified":"2024-04-17T15:39:25","modified_gmt":"2024-04-17T18:39:25","slug":"o-que-e-o-sistema-de-registro-de-precos-srp-2","status":"publish","type":"post","link":"https:\/\/redelog.rj.gov.br\/redelog\/o-que-e-o-sistema-de-registro-de-precos-srp-2\/","title":{"rendered":"O QUE \u00c9 O SISTEMA DE REGISTRO DE PRE\u00c7OS &#8211; SRP?"},"content":{"rendered":"\t\t<div data-elementor-type=\"wp-post\" data-elementor-id=\"28179\" class=\"elementor elementor-28179\" data-elementor-post-type=\"post\">\n\t\t\t\t\t\t<section class=\"elementor-section elementor-top-section elementor-element elementor-element-781d70b elementor-section-boxed elementor-section-height-default elementor-section-height-default\" data-id=\"781d70b\" data-element_type=\"section\" data-settings=\"{&quot;jet_parallax_layout_list&quot;:[{&quot;jet_parallax_layout_image&quot;:{&quot;url&quot;:&quot;&quot;,&quot;id&quot;:&quot;&quot;,&quot;size&quot;:&quot;&quot;},&quot;_id&quot;:&quot;38613a2&quot;,&quot;jet_parallax_layout_image_tablet&quot;:{&quot;url&quot;:&quot;&quot;,&quot;id&quot;:&quot;&quot;,&quot;size&quot;:&quot;&quot;},&quot;jet_parallax_layout_image_mobile&quot;:{&quot;url&quot;:&quot;&quot;,&quot;id&quot;:&quot;&quot;,&quot;size&quot;:&quot;&quot;},&quot;jet_parallax_layout_speed&quot;:{&quot;unit&quot;:&quot;%&quot;,&quot;size&quot;:50,&quot;sizes&quot;:[]},&quot;jet_parallax_layout_type&quot;:&quot;scroll&quot;,&quot;jet_parallax_layout_direction&quot;:&quot;1&quot;,&quot;jet_parallax_layout_fx_direction&quot;:null,&quot;jet_parallax_layout_z_index&quot;:&quot;&quot;,&quot;jet_parallax_layout_bg_x&quot;:50,&quot;jet_parallax_layout_bg_x_tablet&quot;:&quot;&quot;,&quot;jet_parallax_layout_bg_x_mobile&quot;:&quot;&quot;,&quot;jet_parallax_layout_bg_y&quot;:50,&quot;jet_parallax_layout_bg_y_tablet&quot;:&quot;&quot;,&quot;jet_parallax_layout_bg_y_mobile&quot;:&quot;&quot;,&quot;jet_parallax_layout_bg_size&quot;:&quot;auto&quot;,&quot;jet_parallax_layout_bg_size_tablet&quot;:&quot;&quot;,&quot;jet_parallax_layout_bg_size_mobile&quot;:&quot;&quot;,&quot;jet_parallax_layout_animation_prop&quot;:&quot;transform&quot;,&quot;jet_parallax_layout_on&quot;:[&quot;desktop&quot;,&quot;tablet&quot;]}]}\">\n\t\t\t\t\t\t<div class=\"elementor-container elementor-column-gap-default\">\n\t\t\t\t\t<div class=\"elementor-column elementor-col-100 elementor-top-column elementor-element elementor-element-44d5679\" data-id=\"44d5679\" data-element_type=\"column\">\n\t\t\t<div class=\"elementor-widget-wrap elementor-element-populated\">\n\t\t\t\t\t\t<div class=\"elementor-element elementor-element-52135ad elementor-widget-divider--view-line elementor-widget elementor-widget-divider\" data-id=\"52135ad\" data-element_type=\"widget\" data-widget_type=\"divider.default\">\n\t\t\t\t\t\t\t<div class=\"elementor-divider\">\n\t\t\t<span class=\"elementor-divider-separator\">\n\t\t\t\t\t\t<\/span>\n\t\t<\/div>\n\t\t\t\t\t\t<\/div>\n\t\t\t\t\t<\/div>\n\t\t<\/div>\n\t\t\t\t\t<\/div>\n\t\t<\/section>\n\t\t\t\t<section class=\"elementor-section elementor-top-section elementor-element elementor-element-d378494 elementor-section-boxed elementor-section-height-default elementor-section-height-default\" data-id=\"d378494\" data-element_type=\"section\" data-settings=\"{&quot;jet_parallax_layout_list&quot;:[{&quot;jet_parallax_layout_image&quot;:{&quot;url&quot;:&quot;&quot;,&quot;id&quot;:&quot;&quot;,&quot;size&quot;:&quot;&quot;},&quot;_id&quot;:&quot;9c1d374&quot;,&quot;jet_parallax_layout_image_tablet&quot;:{&quot;url&quot;:&quot;&quot;,&quot;id&quot;:&quot;&quot;,&quot;size&quot;:&quot;&quot;},&quot;jet_parallax_layout_image_mobile&quot;:{&quot;url&quot;:&quot;&quot;,&quot;id&quot;:&quot;&quot;,&quot;size&quot;:&quot;&quot;},&quot;jet_parallax_layout_speed&quot;:{&quot;unit&quot;:&quot;%&quot;,&quot;size&quot;:50,&quot;sizes&quot;:[]},&quot;jet_parallax_layout_type&quot;:&quot;scroll&quot;,&quot;jet_parallax_layout_direction&quot;:&quot;1&quot;,&quot;jet_parallax_layout_fx_direction&quot;:null,&quot;jet_parallax_layout_z_index&quot;:&quot;&quot;,&quot;jet_parallax_layout_bg_x&quot;:50,&quot;jet_parallax_layout_bg_x_tablet&quot;:&quot;&quot;,&quot;jet_parallax_layout_bg_x_mobile&quot;:&quot;&quot;,&quot;jet_parallax_layout_bg_y&quot;:50,&quot;jet_parallax_layout_bg_y_tablet&quot;:&quot;&quot;,&quot;jet_parallax_layout_bg_y_mobile&quot;:&quot;&quot;,&quot;jet_parallax_layout_bg_size&quot;:&quot;auto&quot;,&quot;jet_parallax_layout_bg_size_tablet&quot;:&quot;&quot;,&quot;jet_parallax_layout_bg_size_mobile&quot;:&quot;&quot;,&quot;jet_parallax_layout_animation_prop&quot;:&quot;transform&quot;,&quot;jet_parallax_layout_on&quot;:[&quot;desktop&quot;,&quot;tablet&quot;]}]}\">\n\t\t\t\t\t\t<div class=\"elementor-container elementor-column-gap-default\">\n\t\t\t\t\t<div class=\"elementor-column elementor-col-100 elementor-top-column elementor-element elementor-element-aebe39c\" data-id=\"aebe39c\" data-element_type=\"column\">\n\t\t\t<div class=\"elementor-widget-wrap elementor-element-populated\">\n\t\t\t\t\t\t<section class=\"elementor-section elementor-inner-section elementor-element elementor-element-8b34503 elementor-section-content-middle elementor-section-boxed elementor-section-height-default elementor-section-height-default\" data-id=\"8b34503\" data-element_type=\"section\" data-settings=\"{&quot;jet_parallax_layout_list&quot;:[{&quot;jet_parallax_layout_image&quot;:{&quot;url&quot;:&quot;&quot;,&quot;id&quot;:&quot;&quot;,&quot;size&quot;:&quot;&quot;},&quot;_id&quot;:&quot;634c318&quot;,&quot;jet_parallax_layout_image_tablet&quot;:{&quot;url&quot;:&quot;&quot;,&quot;id&quot;:&quot;&quot;,&quot;size&quot;:&quot;&quot;},&quot;jet_parallax_layout_image_mobile&quot;:{&quot;url&quot;:&quot;&quot;,&quot;id&quot;:&quot;&quot;,&quot;size&quot;:&quot;&quot;},&quot;jet_parallax_layout_speed&quot;:{&quot;unit&quot;:&quot;%&quot;,&quot;size&quot;:50,&quot;sizes&quot;:[]},&quot;jet_parallax_layout_type&quot;:&quot;scroll&quot;,&quot;jet_parallax_layout_direction&quot;:&quot;1&quot;,&quot;jet_parallax_layout_fx_direction&quot;:null,&quot;jet_parallax_layout_z_index&quot;:&quot;&quot;,&quot;jet_parallax_layout_bg_x&quot;:50,&quot;jet_parallax_layout_bg_x_tablet&quot;:&quot;&quot;,&quot;jet_parallax_layout_bg_x_mobile&quot;:&quot;&quot;,&quot;jet_parallax_layout_bg_y&quot;:50,&quot;jet_parallax_layout_bg_y_tablet&quot;:&quot;&quot;,&quot;jet_parallax_layout_bg_y_mobile&quot;:&quot;&quot;,&quot;jet_parallax_layout_bg_size&quot;:&quot;auto&quot;,&quot;jet_parallax_layout_bg_size_tablet&quot;:&quot;&quot;,&quot;jet_parallax_layout_bg_size_mobile&quot;:&quot;&quot;,&quot;jet_parallax_layout_animation_prop&quot;:&quot;transform&quot;,&quot;jet_parallax_layout_on&quot;:[&quot;desktop&quot;,&quot;tablet&quot;]}]}\">\n\t\t\t\t\t\t<div class=\"elementor-container elementor-column-gap-default\">\n\t\t\t\t\t<div class=\"elementor-column elementor-col-100 elementor-inner-column elementor-element elementor-element-8e0c933\" data-id=\"8e0c933\" data-element_type=\"column\">\n\t\t\t<div class=\"elementor-widget-wrap elementor-element-populated\">\n\t\t\t\t\t\t<div class=\"elementor-element elementor-element-de0261b elementor-widget elementor-widget-image\" data-id=\"de0261b\" data-element_type=\"widget\" data-widget_type=\"image.default\">\n\t\t\t\t\t\t\t\t\t\t\t\t\t\t\t<img decoding=\"async\" width=\"152\" height=\"150\" data-src=\"https:\/\/redelog.rj.gov.br\/redelog\/wp-content\/uploads\/2021\/10\/srp1.png\" class=\"attachment-large size-large wp-image-7740 lazyload\" alt=\"\" src=\"data:image\/svg+xml;base64,PHN2ZyB3aWR0aD0iMSIgaGVpZ2h0PSIxIiB4bWxucz0iaHR0cDovL3d3dy53My5vcmcvMjAwMC9zdmciPjwvc3ZnPg==\" style=\"--smush-placeholder-width: 152px; --smush-placeholder-aspect-ratio: 152\/150;\" \/>\t\t\t\t\t\t\t\t\t\t\t\t\t\t\t<\/div>\n\t\t\t\t\t<\/div>\n\t\t<\/div>\n\t\t\t\t\t<\/div>\n\t\t<\/section>\n\t\t\t\t<div class=\"elementor-element elementor-element-f8e63b1 elementor-widget elementor-widget-text-editor\" data-id=\"f8e63b1\" data-element_type=\"widget\" data-widget_type=\"text-editor.default\">\n\t\t\t\t\t\t\t\t\t<ul><li style=\"font-weight: 400;\" aria-level=\"1\"><span style=\"font-weight: 400;\">\u00c9 um <\/span><b>regime de contrata\u00e7\u00e3o<\/b><span style=\"font-weight: 400;\"> que consiste em um conjunto de procedimentos para registro formal de pre\u00e7os de bens e servi\u00e7os para contrata\u00e7\u00e3o eventual e futura.<\/span><\/li><li style=\"font-weight: 400;\" aria-level=\"1\"><span style=\"font-weight: 400;\">\u00c9 um <\/span><b>m\u00e9todo de racionaliza\u00e7\u00e3o<\/b> <span style=\"font-weight: 400;\">pois viabiliza diversas contrata\u00e7\u00f5es, por um prazo pr\u00e9-estabelecido, a partir de um \u00fanico processo licitat\u00f3rio, sem que haja necessidade de realizar licita\u00e7\u00f5es sucessivas para o mesmo objeto.<\/span><\/li><li style=\"font-weight: 400;\" aria-level=\"1\"><span style=\"font-weight: 400;\">\u00c9 um instrumento que <\/span><b>agiliza e otimiza as contrata\u00e7\u00f5es p\u00fablicas<\/b> <span style=\"font-weight: 400;\">uma vez que atende as demandas de v\u00e1rios \u00f3rg\u00e3os e entidades para mesmos produtos e servi\u00e7os.<\/span><\/li><li style=\"font-weight: 400;\" aria-level=\"1\"><span style=\"font-weight: 400;\">\u00c9 um procedimento que se formaliza atrav\u00e9s de Ata de Registro de Pre\u00e7os, que representa o <\/span><b>compromisso<\/b><span style=\"font-weight: 400;\"> estabelecido entre os \u00f3rg\u00e3os e entidades p\u00fablicas, os fornecedores e as condi\u00e7\u00f5es da contrata\u00e7\u00e3o.<\/span><\/li><li style=\"font-weight: 400;\" aria-level=\"1\"><b>O SRP n\u00e3o \u00e9 modalidade de licita\u00e7\u00e3o, mas sim um procedimento auxiliar.<\/b><\/li><\/ul><h4><b>Vantagens do SRP<\/b><\/h4><ul><li style=\"font-weight: 400;\" aria-level=\"1\"><span style=\"font-weight: 400;\">Pressup\u00f5e um <\/span><b>adequado planejamento<\/b><span style=\"font-weight: 400;\">;\u00a0<\/span><\/li><li style=\"font-weight: 400;\" aria-level=\"1\"><b>Padroniza\u00e7\u00e3o<\/b><span style=\"font-weight: 400;\"> de bens e servi\u00e7os contratados;\u00a0<\/span><\/li><li style=\"font-weight: 400;\" aria-level=\"1\"><span style=\"font-weight: 400;\">Obten\u00e7\u00e3o de <\/span><b>economias de escala<\/b><span style=\"font-weight: 400;\">;<\/span><\/li><li style=\"font-weight: 400;\" aria-level=\"1\"><span style=\"font-weight: 400;\">\u00a0<\/span><b>Redu\u00e7\u00e3o dos custos <\/b><span style=\"font-weight: 400;\">com estoque;<\/span><\/li><li style=\"font-weight: 400;\" aria-level=\"1\"><b>Agilidade e otimiza\u00e7\u00e3o <\/b><span style=\"font-weight: 400;\">nas contrata\u00e7\u00f5es p\u00fablicas;<\/span><\/li><li style=\"font-weight: 400;\" aria-level=\"1\"><b>Desnecessidade<\/b><span style=\"font-weight: 400;\"> de dota\u00e7\u00e3o or\u00e7ament\u00e1ria;<\/span><\/li><li style=\"font-weight: 400;\" aria-level=\"1\"><b>Elimina\u00e7\u00e3o do fracionamento<\/b><span style=\"font-weight: 400;\"> indevido da despesa;<\/span><\/li><li style=\"font-weight: 400;\" aria-level=\"1\"><b>Registro de mais de um fornecedor ou prestador de servi\u00e7o<\/b><span style=\"font-weight: 400;\">, desde que aceitem cotar o objeto em pre\u00e7o igual ao proponente vencedor.<\/span><\/li><li style=\"font-weight: 400;\" aria-level=\"1\"><b>Racionaliza\u00e7\u00e3o das licita\u00e7\u00f5es p\u00fablicas<\/b><span style=\"font-weight: 400;\"> pela possibilidade de atendimento a mais de um \u00f3rg\u00e3o ou entidade ou a programas de governo<\/span><\/li><li style=\"font-weight: 400;\" aria-level=\"1\"><b>Economia processual<\/b><span style=\"font-weight: 400;\">, uma vez que o custo m\u00e9dio de um processo licitat\u00f3rio \u00e9 de <\/span><b>R$ 42.534,38<\/b><span style=\"font-weight: 400;\">.<\/span><span style=\"font-weight: 400;\">[3]<\/span><b>\u00a0<\/b><\/li><\/ul><h4><b>Fundamento Legal<\/b><\/h4><ul><li style=\"font-weight: 400;\" aria-level=\"1\"><a href=\"http:\/\/www.planalto.gov.br\/ccivil_03\/_ato2019-2022\/2021\/lei\/L14133.htm\"><b>Lei Federal n\u00ba 14.133\/2021<\/b><\/a><span style=\"font-weight: 400;\">: A Lei Geral de Licita\u00e7\u00f5es e Contratos estabelece o SRP como um dos procedimentos auxiliares das contrata\u00e7\u00f5es:<\/span><\/li><\/ul><p><em><b>Art. 78<\/b><span style=\"font-weight: 400;\">. S\u00e3o <\/span><b>procedimentos auxiliares <\/b><span style=\"font-weight: 400;\">das licita\u00e7\u00f5es e das contrata\u00e7\u00f5es:<\/span><\/em><\/p><p><em><span style=\"font-weight: 400;\">I &#8211; credenciamento;<\/span><\/em><\/p><p><em><span style=\"font-weight: 400;\">II &#8211; pr\u00e9-qualifica\u00e7\u00e3o;<\/span><\/em><\/p><p><em><span style=\"font-weight: 400;\">III &#8211; procedimento de manifesta\u00e7\u00e3o de interesse;<\/span><\/em><\/p><p><em><b>IV &#8211; sistema de registro de pre\u00e7os<\/b><span style=\"font-weight: 400;\">;<\/span><\/em><\/p><p><em><span style=\"font-weight: 400;\">V &#8211; registro cadastral.<\/span><\/em><\/p><p><span style=\"font-weight: 400;\">\u00a0<\/span><\/p><ul><li style=\"font-weight: 400;\" aria-level=\"1\"><a href=\"https:\/\/leisestaduais.com.br\/rj\/decreto-n-48843-2023-rio-de-janeiro-regulamenta-o-sistema-de-registro-de-precos-srp-no-ambito-da-administracao-publica-estadual-direta-autarquica-e-fundacional-e-da-outras-providencias?q=48843&amp;origin=instituicao#\"><b>Decreto Estadual n\u00ba 48.843\/2023<\/b><\/a><span style=\"font-weight: 400;\">: Regulamenta o SRP.<\/span><\/li><\/ul><ul><li><span style=\"font-weight: 400;\"> \u00a0 \u00a0 <\/span><span style=\"font-weight: 400;\">O <a href=\"https:\/\/leisestaduais.com.br\/rj\/decreto-n-48843-2023-rio-de-janeiro-regulamenta-o-sistema-de-registro-de-precos-srp-no-ambito-da-administracao-publica-estadual-direta-autarquica-e-fundacional-e-da-outras-providencias?q=48843&amp;origin=instituicao#\"><strong>Decreto n\u00ba 48.843\/2023<\/strong><\/a> estabeleceu <\/span><b>novas regras <\/b><span style=\"font-weight: 400;\">e procedimentos para a <\/span><b>melhoria do desempenho das contrata\u00e7\u00f5es <\/b><span style=\"font-weight: 400;\">atrav\u00e9s do Sistema de Registro de Pre\u00e7os, tais como:<\/span><\/li><li><span style=\"font-weight: 400;\"> \u00a0 \u00a0 <\/span><span style=\"font-weight: 400;\">Inten\u00e7\u00e3o de Registro de Pre\u00e7os &#8211; IRP: <\/span><b>instrumento de planejamento <\/b><span style=\"font-weight: 400;\">que d\u00e1 publicidade para que os\u00a0 \u00f3rg\u00e3os participem da futura ata de registro de pre\u00e7os, tendo um prazo m\u00ednimo de 8 dias \u00fateis para registrarem suas estimativas de quantidades para as suas futuras contrata\u00e7\u00f5es;<\/span><\/li><li><span style=\"font-weight: 400;\"> \u00a0 \u00a0 <\/span><span style=\"font-weight: 400;\">O SRP poder\u00e1 ser utilizado nas <\/span><b>hip\u00f3teses de inexigibilidade e de dispensa de licita\u00e7\u00e3o<\/b><span style=\"font-weight: 400;\"> para a aquisi\u00e7\u00e3o de bens ou para a contrata\u00e7\u00e3o de servi\u00e7os <\/span><b>por mais de um \u00f3rg\u00e3o ou entidade<\/b><\/li><li><span style=\"font-weight: 400;\"> \u00a0 \u00a0 <\/span><span style=\"font-weight: 400;\">O prazo de vig\u00eancia da ata de registro de pre\u00e7os <\/span><b>ser\u00e1 de 1 (um) ano<\/b><span style=\"font-weight: 400;\"> e <\/span><b>poder\u00e1 ser prorrogado<\/b><span style=\"font-weight: 400;\">, por igual per\u00edodo, <\/span><b>desde que comprovado o pre\u00e7o vantajoso<\/b><span style=\"font-weight: 400;\">.<\/span><\/li><li><span style=\"font-weight: 400;\"> \u00a0 \u00a0 <\/span><span style=\"font-weight: 400;\">A fase preparat\u00f3ria do registro de pre\u00e7os dever\u00e1 observar os procedimentos previstos no <a href=\"https:\/\/leisestaduais.com.br\/rj\/decreto-n-48816-2023-rio-de-janeiro-regulamenta-a-fase-preparatoria-das-contratacoes-de-que-trata-a-lei-no-14-133-de-1o-de-abril-de-2021-no-ambito-da-administracao-publica-estadual-direta-autarquica-e-fundacional?q=48816&amp;origin=instituicao#\"><strong>Decreto n\u00ba 48.816\/2023<\/strong><\/a>;<\/span><\/li><li><span style=\"font-weight: 400;\"> \u00a0 \u00a0 <\/span><span style=\"font-weight: 400;\">Dever\u00e3o ser observados os requisitos de enquadramento de inexigibilidade ou dispensa de licita\u00e7\u00e3o, conforme previsto nos arts. 74 e 75 da NLLC, respectivamente;<\/span><\/li><li><span style=\"font-weight: 400;\"> \u00a0 \u00a0 <\/span><span style=\"font-weight: 400;\">A licita\u00e7\u00e3o para registro de pre\u00e7os ser\u00e1 realizada na modalidade de <\/span><b>concorr\u00eancia<\/b><span style=\"font-weight: 400;\">, do <\/span><b>tipo menor pre\u00e7o<\/b><span style=\"font-weight: 400;\">, ou na modalidade de <\/span><b>preg\u00e3o<\/b><span style=\"font-weight: 400;\"> devendo ser precedida de ampla pesquisa de mercado;<\/span><\/li><li><span style=\"font-weight: 400;\"> \u00a0 \u00a0 <\/span><span style=\"font-weight: 400;\">Na modalidade concorr\u00eancia, o crit\u00e9rio de julgamento <\/span><b>por t\u00e9cnica e pre\u00e7o <\/b><span style=\"font-weight: 400;\">\u00e9 adotado exclusivamente para servi\u00e7os de natureza predominantemente intelectual;<\/span><\/li><li><span style=\"font-weight: 400;\"> \u00a0 \u00a0 <\/span><span style=\"font-weight: 400;\">Na licita\u00e7\u00e3o para registro de pre\u00e7os <\/span><b>n\u00e3o \u00e9 necess\u00e1rio indicar a dota\u00e7\u00e3o or\u00e7ament\u00e1ria<\/b><span style=\"font-weight: 400;\">, sendo esta somente exigida para a formaliza\u00e7\u00e3o do contrato ou outro instrumento h\u00e1bil;<\/span><\/li><li><span style=\"font-weight: 400;\"> \u00a0 \u00a0 <\/span><b>Regras para o remanejamento<\/b><span style=\"font-weight: 400;\"> do quantitativo dos itens com pre\u00e7os registrados em atas;<\/span><\/li><li><span style=\"font-weight: 400;\"> \u00a0 \u00a0 <\/span><b>Regras para ades\u00e3o<\/b><span style=\"font-weight: 400;\"> (carona) \u00e0s atas de registro de pre\u00e7os.<\/span><\/li><li><span style=\"font-weight: 400;\"> \u00a0 \u00a0 <\/span><span style=\"text-decoration: underline;\"><b>Regra de transi\u00e7\u00e3o<\/b><span style=\"font-weight: 400;\">: As ARP vigentes, baseadas no <a href=\"https:\/\/leisestaduais.com.br\/rj\/decreto-n-46751-2019-rio-de-janeiro-regulamenta-o-sistema-de-registro-de-precos-previsto-no-art-15-da-lei-federal-no-8-666-de-21-de-junho-de-1993-e-da-outras-providencias?q=46.751&amp;origin=instituicao#\"><strong>Decreto n\u00ba 46.751\/2019<\/strong><\/a>, da <a href=\"http:\/\/www.planalto.gov.br\/ccivil_03\/Leis\/L8666cons.htm\"><strong>Lei n\u00ba 8.666\/93<\/strong><\/a> e da <a href=\"http:\/\/www.planalto.gov.br\/ccivil_03\/Leis\/2002\/L10520.htm\"><strong>Lei n\u00ba 10.520\/2002<\/strong><\/a>, poder\u00e3o ser utilizadas pelos \u00f3rg\u00e3os participantes e n\u00e3o participantes (aderentes), incluindo os contratos decorrentes destas ARP.<\/span><\/span><\/li><li><span style=\"text-decoration: underline;\"><span style=\"font-weight: 400;\"> \u00a0 \u00a0 <\/span><span style=\"font-weight: 400;\">Regra de transi\u00e7\u00e3o prevista no <a href=\"https:\/\/leisestaduais.com.br\/rj\/decreto-n-48843-2023-rio-de-janeiro-regulamenta-o-sistema-de-registro-de-precos-srp-no-ambito-da-administracao-publica-estadual-direta-autarquica-e-fundacional-e-da-outras-providencias?q=48843&amp;origin=instituicao#\"><strong>Decreto n\u00ba 48.843<\/strong><\/a>:<\/span><\/span><\/li><\/ul><p><span style=\"text-decoration: underline;\"><span style=\"font-weight: 400;\"><br \/><\/span> <i><span style=\"font-weight: 400;\">Art. 37. As atas vigentes, decorrentes de procedimentos realizados sob a vig\u00eancia do <\/span><\/i><em><span style=\"font-weight: 400;\">Decreto n\u00ba <\/span>46.751<span style=\"font-weight: 400;\">, de 27 de agosto de 2019<\/span><\/em><i><span style=\"font-weight: 400;\">, da Lei n\u00ba <\/span><\/i><i><span style=\"font-weight: 400;\">8.666<\/span><\/i><i><span style=\"font-weight: 400;\">, de 21 de junho de 1993, e da Lei n\u00ba <\/span><\/i><i><span style=\"font-weight: 400;\">10.520<\/span><\/i><i><span style=\"font-weight: 400;\">, de 17 de julho de 2002, poder\u00e3o ser utilizadas pelos \u00f3rg\u00e3os ou entidades gerenciadores(as), \u00f3rg\u00e3os ou entidades participantes e \u00f3rg\u00e3os ou entidades n\u00e3o participantes at\u00e9 o t\u00e9rmino de sua vig\u00eancia.<\/span><\/i><\/span><\/p><h4><span style=\"font-weight: 400;\">\u00a0<\/span><b>Alcance do SRP<\/b><\/h4><p><span style=\"font-weight: 400;\">As normas regulamentadoras para as contrata\u00e7\u00f5es de servi\u00e7os e as aquisi\u00e7\u00f5es de bens atrav\u00e9s no SRP se aplicam \u00e0 <\/span><b>administra\u00e7\u00e3o p\u00fablica estadual direta, aut\u00e1rquica e fundacional<\/b><span style=\"font-weight: 400;\"> do Poder Executivo do ERJ.<\/span><\/p><h4><span style=\"font-weight: 400;\">\u00a0<\/span><b>Compatibiliza\u00e7\u00e3o do SRP regido pela Lei Geral de Licita\u00e7\u00f5es e Contratos e aquele regido pela Lei das Estatais<\/b><\/h4><p><span style=\"font-weight: 400;\">Os <\/span><b>regulamentos pr\u00f3prios<\/b><span style=\"font-weight: 400;\"> das sociedades de economia mista e das empresas p\u00fablicas do Estado poder\u00e3o adotar as disposi\u00e7\u00f5es do <a href=\"https:\/\/leisestaduais.com.br\/rj\/decreto-n-48843-2023-rio-de-janeiro-regulamenta-o-sistema-de-registro-de-precos-srp-no-ambito-da-administracao-publica-estadual-direta-autarquica-e-fundacional-e-da-outras-providencias?q=48843&amp;origin=instituicao#\"><strong>Decreto n\u00ba 48.843\/2023<\/strong><\/a>, naquilo que for <\/span><b>compat\u00edvel <\/b><span style=\"font-weight: 400;\">com o disposto na <a href=\"http:\/\/www.planalto.gov.br\/ccivil_03\/_ato2015-2018\/2016\/lei\/l13303.htm\"><strong>Lei Federal n.\u00ba 13.303\/2016<\/strong><\/a>, a qual disp\u00f5e sobre o estatuto jur\u00eddico da empresa p\u00fablica, da sociedade de economia mista e de suas subsidi\u00e1rias, no \u00e2mbito da Uni\u00e3o, dos Estados, do Distrito Federal e dos Munic\u00edpios.<\/span><\/p><h4><b>\u00a0<\/b><b>\u00d3rg\u00e3o T\u00e9cnico<\/b><\/h4><ul><li><span style=\"font-weight: 400;\"> \u00a0 <\/span> <span style=\"font-weight: 400;\">Compete ao \u00d3rg\u00e3o Central do Sistema Log\u00edstico do Poder Executivo instituir as Categorias Estrat\u00e9gicas para a <\/span><b>centraliza\u00e7\u00e3o<\/b><span style=\"font-weight: 400;\"> e realizar os procedimentos licitat\u00f3rios de registro de pre\u00e7os para atendimento das demandas dos \u00f3rg\u00e3os e entidades da Administra\u00e7\u00e3o P\u00fablica Estadual.<\/span><span style=\"font-weight: 400;\">[4]<\/span><\/li><li><span style=\"font-weight: 400;\"> \u00a0 <\/span> <span style=\"font-weight: 400;\">Sendo o SRP um dos instrumentos da Pol\u00edtica de Gest\u00e3o Estrat\u00e9gica de Suprimentos, os \u00f3rg\u00e3os dever\u00e3o seguir as recomenda\u00e7\u00f5es do modelo de compras institu\u00eddo para a categoria estrat\u00e9gica nas suas contrata\u00e7\u00f5es;<\/span><\/li><li><span style=\"font-weight: 400;\"> \u00a0 <\/span> <span style=\"font-weight: 400;\">A inten\u00e7\u00e3o, por parte dos \u00f3rg\u00e3os de realizar processo de contrata\u00e7\u00e3o em desacordo com os modelos de compras estabelecidos dever\u00e1 ser motivada e comunicada ao \u00d3rg\u00e3o Central do Sistema Log\u00edstico.<\/span><\/li><\/ul>\t\t\t\t\t\t\t\t<\/div>\n\t\t\t\t\t<\/div>\n\t\t<\/div>\n\t\t\t\t\t<\/div>\n\t\t<\/section>\n\t\t\t\t<section class=\"elementor-section elementor-top-section elementor-element elementor-element-65ae9dc elementor-section-boxed elementor-section-height-default elementor-section-height-default\" data-id=\"65ae9dc\" data-element_type=\"section\" data-settings=\"{&quot;jet_parallax_layout_list&quot;:[{&quot;jet_parallax_layout_image&quot;:{&quot;url&quot;:&quot;&quot;,&quot;id&quot;:&quot;&quot;,&quot;size&quot;:&quot;&quot;},&quot;_id&quot;:&quot;134b6c1&quot;,&quot;jet_parallax_layout_image_tablet&quot;:{&quot;url&quot;:&quot;&quot;,&quot;id&quot;:&quot;&quot;,&quot;size&quot;:&quot;&quot;},&quot;jet_parallax_layout_image_mobile&quot;:{&quot;url&quot;:&quot;&quot;,&quot;id&quot;:&quot;&quot;,&quot;size&quot;:&quot;&quot;},&quot;jet_parallax_layout_speed&quot;:{&quot;unit&quot;:&quot;%&quot;,&quot;size&quot;:50,&quot;sizes&quot;:[]},&quot;jet_parallax_layout_type&quot;:&quot;scroll&quot;,&quot;jet_parallax_layout_direction&quot;:&quot;1&quot;,&quot;jet_parallax_layout_fx_direction&quot;:null,&quot;jet_parallax_layout_z_index&quot;:&quot;&quot;,&quot;jet_parallax_layout_bg_x&quot;:50,&quot;jet_parallax_layout_bg_x_tablet&quot;:&quot;&quot;,&quot;jet_parallax_layout_bg_x_mobile&quot;:&quot;&quot;,&quot;jet_parallax_layout_bg_y&quot;:50,&quot;jet_parallax_layout_bg_y_tablet&quot;:&quot;&quot;,&quot;jet_parallax_layout_bg_y_mobile&quot;:&quot;&quot;,&quot;jet_parallax_layout_bg_size&quot;:&quot;auto&quot;,&quot;jet_parallax_layout_bg_size_tablet&quot;:&quot;&quot;,&quot;jet_parallax_layout_bg_size_mobile&quot;:&quot;&quot;,&quot;jet_parallax_layout_animation_prop&quot;:&quot;transform&quot;,&quot;jet_parallax_layout_on&quot;:[&quot;desktop&quot;,&quot;tablet&quot;]}]}\">\n\t\t\t\t\t\t<div class=\"elementor-container elementor-column-gap-default\">\n\t\t\t\t\t<div class=\"elementor-column elementor-col-100 elementor-top-column elementor-element elementor-element-1d7dd6d\" data-id=\"1d7dd6d\" data-element_type=\"column\">\n\t\t\t<div class=\"elementor-widget-wrap elementor-element-populated\">\n\t\t\t\t\t\t<div class=\"elementor-element elementor-element-a1267da elementor-widget-divider--view-line elementor-widget elementor-widget-divider\" data-id=\"a1267da\" data-element_type=\"widget\" data-widget_type=\"divider.default\">\n\t\t\t\t\t\t\t<div class=\"elementor-divider\">\n\t\t\t<span class=\"elementor-divider-separator\">\n\t\t\t\t\t\t<\/span>\n\t\t<\/div>\n\t\t\t\t\t\t<\/div>\n\t\t\t\t<div class=\"elementor-element elementor-element-530f72e elementor-widget elementor-widget-text-editor\" data-id=\"530f72e\" data-element_type=\"widget\" data-widget_type=\"text-editor.default\">\n\t\t\t\t\t\t\t\t\t<p style=\"text-align: left;\"><strong>Refer\u00eancias<\/strong><\/p><p style=\"text-align: justify;\"><a href=\"#_ftnref1\" name=\"_ftn1\">[1]<\/a> FERNANDES, Jorge Ulisses Jacoby. Sistema de registro de pre\u00e7o e preg\u00e3o presencial e eletr\u00f4nico.<\/p><p style=\"text-align: justify;\">Belo Horizonte: F\u00f3rum, 2008, p. 31.<\/p><p style=\"text-align: justify;\"><a href=\"#_ftnref2\" name=\"_ftn2\">[2]<\/a> JUSTEN FILHO, Mar\u00e7al. Coment\u00e1rios \u00e0 Lei de Licita\u00e7\u00f5es e Contratos Administrativos.<\/p><ol style=\"text-align: justify;\" start=\"11\"><li>ed. S\u00e3o Paulo: Dial\u00e9tica. 2005. p. 144<\/li><\/ol><p style=\"text-align: justify;\"><a href=\"#_ftnref3\" name=\"_ftn3\">[3]<\/a> Nota T\u00e9cnica N\u00ba 1081\/2017\/CGPLAG\/DG\/SFC do Minist\u00e9rio da Transpar\u00eancia e da CGU: https:\/\/www.gov.br\/cgu\/pt-br\/assuntos\/noticias\/2017\/07\/cgu-divulga-estudo-sobre-eficiencia-dos-pregoes-realizados-pelo-governo-federal\/nota-tecnica-no-1-081-2017-cgplag-dg-sfc-1.pdf\u00a0<\/p><p style=\"text-align: justify;\"><a href=\"#_ftnref4\" name=\"_ftn4\">[4]<\/a> Decreto\u00a0n\u00ba 47.525\/2021. Institui e regulamenta a Pol\u00edtica Estadual de Gest\u00e3o Estrat\u00e9gica de Suprimentos e a Pol\u00edtica Estadual de Compras Centralizadas.<\/p><p style=\"text-align: justify;\"><a href=\"#_ftnref5\" name=\"_ftn5\">[5]<\/a> Decreto n\u00ba 46.665\/2019. Reestrutura o Sistema Estadual de Tecnologia da Informa\u00e7\u00e3o e Comunica\u00e7\u00e3o \u2013 SECTI.<\/p><p style=\"text-align: justify;\"><a href=\"#_ftnref6\" name=\"_ftn6\">[6]<\/a> Portaria SEPLAG\/SUBLOG n\u00ba 3\/2021. Disp\u00f5e sobre a solicita\u00e7\u00e3o de autoriza\u00e7\u00e3o pr\u00e9via para a realiza\u00e7\u00e3o de registro de pre\u00e7os e a comunica\u00e7\u00e3o de ades\u00e3o a atas de registro de pre\u00e7os.<\/p>\t\t\t\t\t\t\t\t<\/div>\n\t\t\t\t<div class=\"elementor-element elementor-element-4f53c88 elementor-widget-divider--view-line elementor-widget elementor-widget-divider\" data-id=\"4f53c88\" data-element_type=\"widget\" data-widget_type=\"divider.default\">\n\t\t\t\t\t\t\t<div class=\"elementor-divider\">\n\t\t\t<span class=\"elementor-divider-separator\">\n\t\t\t\t\t\t<\/span>\n\t\t<\/div>\n\t\t\t\t\t\t<\/div>\n\t\t\t\t\t<\/div>\n\t\t<\/div>\n\t\t\t\t\t<\/div>\n\t\t<\/section>\n\t\t\t\t<section class=\"elementor-section elementor-top-section elementor-element elementor-element-f7485bd elementor-section-boxed elementor-section-height-default elementor-section-height-default\" data-id=\"f7485bd\" data-element_type=\"section\" id=\"options\" data-settings=\"{&quot;jet_parallax_layout_list&quot;:[{&quot;jet_parallax_layout_image&quot;:{&quot;url&quot;:&quot;&quot;,&quot;id&quot;:&quot;&quot;,&quot;size&quot;:&quot;&quot;},&quot;_id&quot;:&quot;110bf2a&quot;,&quot;jet_parallax_layout_image_tablet&quot;:{&quot;url&quot;:&quot;&quot;,&quot;id&quot;:&quot;&quot;,&quot;size&quot;:&quot;&quot;},&quot;jet_parallax_layout_image_mobile&quot;:{&quot;url&quot;:&quot;&quot;,&quot;id&quot;:&quot;&quot;,&quot;size&quot;:&quot;&quot;},&quot;jet_parallax_layout_speed&quot;:{&quot;unit&quot;:&quot;%&quot;,&quot;size&quot;:50,&quot;sizes&quot;:[]},&quot;jet_parallax_layout_type&quot;:&quot;scroll&quot;,&quot;jet_parallax_layout_direction&quot;:&quot;1&quot;,&quot;jet_parallax_layout_fx_direction&quot;:null,&quot;jet_parallax_layout_z_index&quot;:&quot;&quot;,&quot;jet_parallax_layout_bg_x&quot;:50,&quot;jet_parallax_layout_bg_x_tablet&quot;:&quot;&quot;,&quot;jet_parallax_layout_bg_x_mobile&quot;:&quot;&quot;,&quot;jet_parallax_layout_bg_y&quot;:50,&quot;jet_parallax_layout_bg_y_tablet&quot;:&quot;&quot;,&quot;jet_parallax_layout_bg_y_mobile&quot;:&quot;&quot;,&quot;jet_parallax_layout_bg_size&quot;:&quot;auto&quot;,&quot;jet_parallax_layout_bg_size_tablet&quot;:&quot;&quot;,&quot;jet_parallax_layout_bg_size_mobile&quot;:&quot;&quot;,&quot;jet_parallax_layout_animation_prop&quot;:&quot;transform&quot;,&quot;jet_parallax_layout_on&quot;:[&quot;desktop&quot;,&quot;tablet&quot;]}]}\">\n\t\t\t\t\t\t<div class=\"elementor-container elementor-column-gap-default\">\n\t\t\t\t\t<div class=\"elementor-column elementor-col-100 elementor-top-column elementor-element elementor-element-db6f6be\" data-id=\"db6f6be\" data-element_type=\"column\">\n\t\t\t<div class=\"elementor-widget-wrap elementor-element-populated\">\n\t\t\t\t\t\t<div class=\"elementor-element elementor-element-f51730a elementor-widget elementor-widget-shortcode\" data-id=\"f51730a\" data-element_type=\"widget\" data-widget_type=\"shortcode.default\">\n\t\t\t\t\t\t\t<div class=\"elementor-shortcode\"><div class='printomatic pom-default ' id='id1267' alt='Imprimir' title='Imprimir' data-print_target='#post-28179'><\/div> <div class='printomatictext' id='id1267' alt='Imprimir' title='Imprimir' data-print_target='#post-28179'>Imprimir<\/div><div style='clear: both;'><\/div><\/div>\n\t\t\t\t\t\t<\/div>\n\t\t\t\t\t<\/div>\n\t\t<\/div>\n\t\t\t\t\t<\/div>\n\t\t<\/section>\n\t\t\t\t<section class=\"elementor-section elementor-top-section elementor-element elementor-element-80336b8 elementor-section-boxed elementor-section-height-default elementor-section-height-default\" data-id=\"80336b8\" data-element_type=\"section\" data-settings=\"{&quot;jet_parallax_layout_list&quot;:[{&quot;jet_parallax_layout_image&quot;:{&quot;url&quot;:&quot;&quot;,&quot;id&quot;:&quot;&quot;,&quot;size&quot;:&quot;&quot;},&quot;_id&quot;:&quot;86efada&quot;,&quot;jet_parallax_layout_image_tablet&quot;:{&quot;url&quot;:&quot;&quot;,&quot;id&quot;:&quot;&quot;,&quot;size&quot;:&quot;&quot;},&quot;jet_parallax_layout_image_mobile&quot;:{&quot;url&quot;:&quot;&quot;,&quot;id&quot;:&quot;&quot;,&quot;size&quot;:&quot;&quot;},&quot;jet_parallax_layout_speed&quot;:{&quot;unit&quot;:&quot;%&quot;,&quot;size&quot;:50,&quot;sizes&quot;:[]},&quot;jet_parallax_layout_type&quot;:&quot;scroll&quot;,&quot;jet_parallax_layout_direction&quot;:&quot;1&quot;,&quot;jet_parallax_layout_fx_direction&quot;:null,&quot;jet_parallax_layout_z_index&quot;:&quot;&quot;,&quot;jet_parallax_layout_bg_x&quot;:50,&quot;jet_parallax_layout_bg_x_tablet&quot;:&quot;&quot;,&quot;jet_parallax_layout_bg_x_mobile&quot;:&quot;&quot;,&quot;jet_parallax_layout_bg_y&quot;:50,&quot;jet_parallax_layout_bg_y_tablet&quot;:&quot;&quot;,&quot;jet_parallax_layout_bg_y_mobile&quot;:&quot;&quot;,&quot;jet_parallax_layout_bg_size&quot;:&quot;auto&quot;,&quot;jet_parallax_layout_bg_size_tablet&quot;:&quot;&quot;,&quot;jet_parallax_layout_bg_size_mobile&quot;:&quot;&quot;,&quot;jet_parallax_layout_animation_prop&quot;:&quot;transform&quot;,&quot;jet_parallax_layout_on&quot;:[&quot;desktop&quot;,&quot;tablet&quot;]}]}\">\n\t\t\t\t\t\t<div class=\"elementor-container elementor-column-gap-default\">\n\t\t\t\t\t<div class=\"elementor-column elementor-col-50 elementor-top-column elementor-element elementor-element-9dc5893\" data-id=\"9dc5893\" data-element_type=\"column\">\n\t\t\t<div class=\"elementor-widget-wrap elementor-element-populated\">\n\t\t\t\t\t\t<div class=\"elementor-element elementor-element-c102e20 elementor-widget elementor-widget-text-editor\" data-id=\"c102e20\" data-element_type=\"widget\" data-widget_type=\"text-editor.default\">\n\t\t\t\t\t\t\t\t\t<p><a href=\"https:\/\/redelog.rj.gov.br\/redelog\/sistema-de-registro-de-precos-2\/\"><strong>\u2190 Voltar<\/strong><\/a><\/p>\t\t\t\t\t\t\t\t<\/div>\n\t\t\t\t\t<\/div>\n\t\t<\/div>\n\t\t\t\t<div class=\"elementor-column elementor-col-50 elementor-top-column elementor-element elementor-element-a3aa5f7\" data-id=\"a3aa5f7\" data-element_type=\"column\">\n\t\t\t<div class=\"elementor-widget-wrap\">\n\t\t\t\t\t\t\t<\/div>\n\t\t<\/div>\n\t\t\t\t\t<\/div>\n\t\t<\/section>\n\t\t\t\t<\/div>\n\t\t","protected":false},"excerpt":{"rendered":"<p>\u00c9 um regime de contrata\u00e7\u00e3o que consiste em um conjunto de procedimentos para registro formal de pre\u00e7os de bens e servi\u00e7os para contrata\u00e7\u00e3o eventual e futura. \u00c9 um m\u00e9todo de racionaliza\u00e7\u00e3o pois viabiliza diversas contrata\u00e7\u00f5es, por um prazo pr\u00e9-estabelecido, a partir de um \u00fanico processo licitat\u00f3rio, sem que haja necessidade de realizar licita\u00e7\u00f5es sucessivas para [&hellip;]<\/p>\n","protected":false},"author":25,"featured_media":0,"comment_status":"closed","ping_status":"open","sticky":false,"template":"","format":"standard","meta":{"_joinchat":[],"footnotes":""},"categories":[28],"tags":[],"class_list":["post-28179","post","type-post","status-publish","format-standard","hentry","category-cat-fase-preparatoria"],"yoast_head":"<!-- This site is optimized with the Yoast SEO plugin v25.7 - https:\/\/yoast.com\/wordpress\/plugins\/seo\/ -->\n<title>O QUE \u00c9 O SISTEMA DE REGISTRO DE PRE\u00c7OS - SRP? - Redelog<\/title>\n<meta name=\"robots\" content=\"index, follow, max-snippet:-1, max-image-preview:large, max-video-preview:-1\" \/>\n<link rel=\"canonical\" href=\"https:\/\/redelog.rj.gov.br\/redelog\/o-que-e-o-sistema-de-registro-de-precos-srp-2\/\" \/>\n<meta property=\"og:locale\" content=\"pt_BR\" \/>\n<meta property=\"og:type\" content=\"article\" \/>\n<meta property=\"og:title\" content=\"O QUE \u00c9 O SISTEMA DE REGISTRO DE PRE\u00c7OS - SRP? - Redelog\" \/>\n<meta property=\"og:description\" content=\"\u00c9 um regime de contrata\u00e7\u00e3o que consiste em um conjunto de procedimentos para registro formal de pre\u00e7os de bens e servi\u00e7os para contrata\u00e7\u00e3o eventual e futura. \u00c9 um m\u00e9todo de racionaliza\u00e7\u00e3o pois viabiliza diversas contrata\u00e7\u00f5es, por um prazo pr\u00e9-estabelecido, a partir de um \u00fanico processo licitat\u00f3rio, sem que haja necessidade de realizar licita\u00e7\u00f5es sucessivas para [&hellip;]\" \/>\n<meta property=\"og:url\" content=\"https:\/\/redelog.rj.gov.br\/redelog\/o-que-e-o-sistema-de-registro-de-precos-srp-2\/\" \/>\n<meta property=\"og:site_name\" content=\"Redelog\" \/>\n<meta property=\"article:published_time\" content=\"2024-02-22T17:12:57+00:00\" \/>\n<meta property=\"article:modified_time\" content=\"2024-04-17T18:39:25+00:00\" \/>\n<meta property=\"og:image\" content=\"https:\/\/www.redelog.rj.gov.br\/redelog\/wp-content\/uploads\/2021\/10\/srp1.png\" \/>\n<meta name=\"author\" content=\"Luisa Maravilhas de Carvalho\" \/>\n<meta name=\"twitter:card\" content=\"summary_large_image\" \/>\n<meta name=\"twitter:label1\" content=\"Escrito por\" \/>\n\t<meta name=\"twitter:data1\" content=\"Luisa Maravilhas de Carvalho\" \/>\n\t<meta name=\"twitter:label2\" content=\"Est. tempo de leitura\" \/>\n\t<meta name=\"twitter:data2\" content=\"6 minutos\" \/>\n<script type=\"application\/ld+json\" class=\"yoast-schema-graph\">{\"@context\":\"https:\/\/schema.org\",\"@graph\":[{\"@type\":\"Article\",\"@id\":\"https:\/\/redelog.rj.gov.br\/redelog\/o-que-e-o-sistema-de-registro-de-precos-srp-2\/#article\",\"isPartOf\":{\"@id\":\"https:\/\/redelog.rj.gov.br\/redelog\/o-que-e-o-sistema-de-registro-de-precos-srp-2\/\"},\"author\":{\"name\":\"Luisa Maravilhas de Carvalho\",\"@id\":\"https:\/\/redelog.rj.gov.br\/redelog\/#\/schema\/person\/dd6a5779d3028a21ef65c6e4af7c1edb\"},\"headline\":\"O QUE \u00c9 O SISTEMA DE REGISTRO DE PRE\u00c7OS &#8211; SRP?\",\"datePublished\":\"2024-02-22T17:12:57+00:00\",\"dateModified\":\"2024-04-17T18:39:25+00:00\",\"mainEntityOfPage\":{\"@id\":\"https:\/\/redelog.rj.gov.br\/redelog\/o-que-e-o-sistema-de-registro-de-precos-srp-2\/\"},\"wordCount\":1177,\"publisher\":{\"@id\":\"https:\/\/redelog.rj.gov.br\/redelog\/#organization\"},\"image\":{\"@id\":\"https:\/\/redelog.rj.gov.br\/redelog\/o-que-e-o-sistema-de-registro-de-precos-srp-2\/#primaryimage\"},\"thumbnailUrl\":\"https:\/\/www.redelog.rj.gov.br\/redelog\/wp-content\/uploads\/2021\/10\/srp1.png\",\"articleSection\":[\"Fase Preparat\u00f3ria\"],\"inLanguage\":\"pt-BR\"},{\"@type\":\"WebPage\",\"@id\":\"https:\/\/redelog.rj.gov.br\/redelog\/o-que-e-o-sistema-de-registro-de-precos-srp-2\/\",\"url\":\"https:\/\/redelog.rj.gov.br\/redelog\/o-que-e-o-sistema-de-registro-de-precos-srp-2\/\",\"name\":\"O QUE \u00c9 O SISTEMA DE REGISTRO DE PRE\u00c7OS - SRP? - Redelog\",\"isPartOf\":{\"@id\":\"https:\/\/redelog.rj.gov.br\/redelog\/#website\"},\"primaryImageOfPage\":{\"@id\":\"https:\/\/redelog.rj.gov.br\/redelog\/o-que-e-o-sistema-de-registro-de-precos-srp-2\/#primaryimage\"},\"image\":{\"@id\":\"https:\/\/redelog.rj.gov.br\/redelog\/o-que-e-o-sistema-de-registro-de-precos-srp-2\/#primaryimage\"},\"thumbnailUrl\":\"https:\/\/www.redelog.rj.gov.br\/redelog\/wp-content\/uploads\/2021\/10\/srp1.png\",\"datePublished\":\"2024-02-22T17:12:57+00:00\",\"dateModified\":\"2024-04-17T18:39:25+00:00\",\"breadcrumb\":{\"@id\":\"https:\/\/redelog.rj.gov.br\/redelog\/o-que-e-o-sistema-de-registro-de-precos-srp-2\/#breadcrumb\"},\"inLanguage\":\"pt-BR\",\"potentialAction\":[{\"@type\":\"ReadAction\",\"target\":[\"https:\/\/redelog.rj.gov.br\/redelog\/o-que-e-o-sistema-de-registro-de-precos-srp-2\/\"]}]},{\"@type\":\"ImageObject\",\"inLanguage\":\"pt-BR\",\"@id\":\"https:\/\/redelog.rj.gov.br\/redelog\/o-que-e-o-sistema-de-registro-de-precos-srp-2\/#primaryimage\",\"url\":\"https:\/\/www.redelog.rj.gov.br\/redelog\/wp-content\/uploads\/2021\/10\/srp1.png\",\"contentUrl\":\"https:\/\/www.redelog.rj.gov.br\/redelog\/wp-content\/uploads\/2021\/10\/srp1.png\"},{\"@type\":\"BreadcrumbList\",\"@id\":\"https:\/\/redelog.rj.gov.br\/redelog\/o-que-e-o-sistema-de-registro-de-precos-srp-2\/#breadcrumb\",\"itemListElement\":[{\"@type\":\"ListItem\",\"position\":1,\"name\":\"Home\",\"item\":\"https:\/\/redelog.rj.gov.br\/redelog\/\"},{\"@type\":\"ListItem\",\"position\":2,\"name\":\"O QUE \u00c9 O SISTEMA DE REGISTRO DE PRE\u00c7OS &#8211; SRP?\"}]},{\"@type\":\"WebSite\",\"@id\":\"https:\/\/redelog.rj.gov.br\/redelog\/#website\",\"url\":\"https:\/\/redelog.rj.gov.br\/redelog\/\",\"name\":\"Redelog\",\"description\":\"Site da Rede de Log\u00edstica e Planejamento do Estado do Rio de Janeiro\",\"publisher\":{\"@id\":\"https:\/\/redelog.rj.gov.br\/redelog\/#organization\"},\"potentialAction\":[{\"@type\":\"SearchAction\",\"target\":{\"@type\":\"EntryPoint\",\"urlTemplate\":\"https:\/\/redelog.rj.gov.br\/redelog\/?s={search_term_string}\"},\"query-input\":{\"@type\":\"PropertyValueSpecification\",\"valueRequired\":true,\"valueName\":\"search_term_string\"}}],\"inLanguage\":\"pt-BR\"},{\"@type\":\"Organization\",\"@id\":\"https:\/\/redelog.rj.gov.br\/redelog\/#organization\",\"name\":\"REDELOG\",\"url\":\"https:\/\/redelog.rj.gov.br\/redelog\/\",\"logo\":{\"@type\":\"ImageObject\",\"inLanguage\":\"pt-BR\",\"@id\":\"https:\/\/redelog.rj.gov.br\/redelog\/#\/schema\/logo\/image\/\",\"url\":\"http:\/\/10.10.8.100:8888\/redelog\/wp-content\/uploads\/2019\/09\/Redelog2.png\",\"contentUrl\":\"http:\/\/10.10.8.100:8888\/redelog\/wp-content\/uploads\/2019\/09\/Redelog2.png\",\"width\":565,\"height\":155,\"caption\":\"REDELOG\"},\"image\":{\"@id\":\"https:\/\/redelog.rj.gov.br\/redelog\/#\/schema\/logo\/image\/\"}},{\"@type\":\"Person\",\"@id\":\"https:\/\/redelog.rj.gov.br\/redelog\/#\/schema\/person\/dd6a5779d3028a21ef65c6e4af7c1edb\",\"name\":\"Luisa Maravilhas de Carvalho\",\"image\":{\"@type\":\"ImageObject\",\"inLanguage\":\"pt-BR\",\"@id\":\"https:\/\/redelog.rj.gov.br\/redelog\/#\/schema\/person\/image\/\",\"url\":\"https:\/\/secure.gravatar.com\/avatar\/42eea343007bb4bb43265a1df0b9eebe3b0ff8ee578355b2f834803cdddc604a?s=96&d=mm&r=g\",\"contentUrl\":\"https:\/\/secure.gravatar.com\/avatar\/42eea343007bb4bb43265a1df0b9eebe3b0ff8ee578355b2f834803cdddc604a?s=96&d=mm&r=g\",\"caption\":\"Luisa Maravilhas de Carvalho\"},\"url\":\"https:\/\/redelog.rj.gov.br\/redelog\/author\/luisa-carvalho\/\"}]}<\/script>\n<!-- \/ Yoast SEO plugin. -->","yoast_head_json":{"title":"O QUE \u00c9 O SISTEMA DE REGISTRO DE PRE\u00c7OS - SRP? - Redelog","robots":{"index":"index","follow":"follow","max-snippet":"max-snippet:-1","max-image-preview":"max-image-preview:large","max-video-preview":"max-video-preview:-1"},"canonical":"https:\/\/redelog.rj.gov.br\/redelog\/o-que-e-o-sistema-de-registro-de-precos-srp-2\/","og_locale":"pt_BR","og_type":"article","og_title":"O QUE \u00c9 O SISTEMA DE REGISTRO DE PRE\u00c7OS - SRP? - Redelog","og_description":"\u00c9 um regime de contrata\u00e7\u00e3o que consiste em um conjunto de procedimentos para registro formal de pre\u00e7os de bens e servi\u00e7os para contrata\u00e7\u00e3o eventual e futura. \u00c9 um m\u00e9todo de racionaliza\u00e7\u00e3o pois viabiliza diversas contrata\u00e7\u00f5es, por um prazo pr\u00e9-estabelecido, a partir de um \u00fanico processo licitat\u00f3rio, sem que haja necessidade de realizar licita\u00e7\u00f5es sucessivas para [&hellip;]","og_url":"https:\/\/redelog.rj.gov.br\/redelog\/o-que-e-o-sistema-de-registro-de-precos-srp-2\/","og_site_name":"Redelog","article_published_time":"2024-02-22T17:12:57+00:00","article_modified_time":"2024-04-17T18:39:25+00:00","og_image":[{"url":"https:\/\/www.redelog.rj.gov.br\/redelog\/wp-content\/uploads\/2021\/10\/srp1.png","type":"","width":"","height":""}],"author":"Luisa Maravilhas de Carvalho","twitter_card":"summary_large_image","twitter_misc":{"Escrito por":"Luisa Maravilhas de Carvalho","Est. tempo de leitura":"6 minutos"},"schema":{"@context":"https:\/\/schema.org","@graph":[{"@type":"Article","@id":"https:\/\/redelog.rj.gov.br\/redelog\/o-que-e-o-sistema-de-registro-de-precos-srp-2\/#article","isPartOf":{"@id":"https:\/\/redelog.rj.gov.br\/redelog\/o-que-e-o-sistema-de-registro-de-precos-srp-2\/"},"author":{"name":"Luisa Maravilhas de Carvalho","@id":"https:\/\/redelog.rj.gov.br\/redelog\/#\/schema\/person\/dd6a5779d3028a21ef65c6e4af7c1edb"},"headline":"O QUE \u00c9 O SISTEMA DE REGISTRO DE PRE\u00c7OS &#8211; SRP?","datePublished":"2024-02-22T17:12:57+00:00","dateModified":"2024-04-17T18:39:25+00:00","mainEntityOfPage":{"@id":"https:\/\/redelog.rj.gov.br\/redelog\/o-que-e-o-sistema-de-registro-de-precos-srp-2\/"},"wordCount":1177,"publisher":{"@id":"https:\/\/redelog.rj.gov.br\/redelog\/#organization"},"image":{"@id":"https:\/\/redelog.rj.gov.br\/redelog\/o-que-e-o-sistema-de-registro-de-precos-srp-2\/#primaryimage"},"thumbnailUrl":"https:\/\/www.redelog.rj.gov.br\/redelog\/wp-content\/uploads\/2021\/10\/srp1.png","articleSection":["Fase Preparat\u00f3ria"],"inLanguage":"pt-BR"},{"@type":"WebPage","@id":"https:\/\/redelog.rj.gov.br\/redelog\/o-que-e-o-sistema-de-registro-de-precos-srp-2\/","url":"https:\/\/redelog.rj.gov.br\/redelog\/o-que-e-o-sistema-de-registro-de-precos-srp-2\/","name":"O QUE \u00c9 O SISTEMA DE REGISTRO DE PRE\u00c7OS - SRP? - Redelog","isPartOf":{"@id":"https:\/\/redelog.rj.gov.br\/redelog\/#website"},"primaryImageOfPage":{"@id":"https:\/\/redelog.rj.gov.br\/redelog\/o-que-e-o-sistema-de-registro-de-precos-srp-2\/#primaryimage"},"image":{"@id":"https:\/\/redelog.rj.gov.br\/redelog\/o-que-e-o-sistema-de-registro-de-precos-srp-2\/#primaryimage"},"thumbnailUrl":"https:\/\/www.redelog.rj.gov.br\/redelog\/wp-content\/uploads\/2021\/10\/srp1.png","datePublished":"2024-02-22T17:12:57+00:00","dateModified":"2024-04-17T18:39:25+00:00","breadcrumb":{"@id":"https:\/\/redelog.rj.gov.br\/redelog\/o-que-e-o-sistema-de-registro-de-precos-srp-2\/#breadcrumb"},"inLanguage":"pt-BR","potentialAction":[{"@type":"ReadAction","target":["https:\/\/redelog.rj.gov.br\/redelog\/o-que-e-o-sistema-de-registro-de-precos-srp-2\/"]}]},{"@type":"ImageObject","inLanguage":"pt-BR","@id":"https:\/\/redelog.rj.gov.br\/redelog\/o-que-e-o-sistema-de-registro-de-precos-srp-2\/#primaryimage","url":"https:\/\/www.redelog.rj.gov.br\/redelog\/wp-content\/uploads\/2021\/10\/srp1.png","contentUrl":"https:\/\/www.redelog.rj.gov.br\/redelog\/wp-content\/uploads\/2021\/10\/srp1.png"},{"@type":"BreadcrumbList","@id":"https:\/\/redelog.rj.gov.br\/redelog\/o-que-e-o-sistema-de-registro-de-precos-srp-2\/#breadcrumb","itemListElement":[{"@type":"ListItem","position":1,"name":"Home","item":"https:\/\/redelog.rj.gov.br\/redelog\/"},{"@type":"ListItem","position":2,"name":"O QUE \u00c9 O SISTEMA DE REGISTRO DE PRE\u00c7OS &#8211; SRP?"}]},{"@type":"WebSite","@id":"https:\/\/redelog.rj.gov.br\/redelog\/#website","url":"https:\/\/redelog.rj.gov.br\/redelog\/","name":"Redelog","description":"Site da Rede de Log\u00edstica e Planejamento do Estado do Rio de Janeiro","publisher":{"@id":"https:\/\/redelog.rj.gov.br\/redelog\/#organization"},"potentialAction":[{"@type":"SearchAction","target":{"@type":"EntryPoint","urlTemplate":"https:\/\/redelog.rj.gov.br\/redelog\/?s={search_term_string}"},"query-input":{"@type":"PropertyValueSpecification","valueRequired":true,"valueName":"search_term_string"}}],"inLanguage":"pt-BR"},{"@type":"Organization","@id":"https:\/\/redelog.rj.gov.br\/redelog\/#organization","name":"REDELOG","url":"https:\/\/redelog.rj.gov.br\/redelog\/","logo":{"@type":"ImageObject","inLanguage":"pt-BR","@id":"https:\/\/redelog.rj.gov.br\/redelog\/#\/schema\/logo\/image\/","url":"http:\/\/10.10.8.100:8888\/redelog\/wp-content\/uploads\/2019\/09\/Redelog2.png","contentUrl":"http:\/\/10.10.8.100:8888\/redelog\/wp-content\/uploads\/2019\/09\/Redelog2.png","width":565,"height":155,"caption":"REDELOG"},"image":{"@id":"https:\/\/redelog.rj.gov.br\/redelog\/#\/schema\/logo\/image\/"}},{"@type":"Person","@id":"https:\/\/redelog.rj.gov.br\/redelog\/#\/schema\/person\/dd6a5779d3028a21ef65c6e4af7c1edb","name":"Luisa Maravilhas de Carvalho","image":{"@type":"ImageObject","inLanguage":"pt-BR","@id":"https:\/\/redelog.rj.gov.br\/redelog\/#\/schema\/person\/image\/","url":"https:\/\/secure.gravatar.com\/avatar\/42eea343007bb4bb43265a1df0b9eebe3b0ff8ee578355b2f834803cdddc604a?s=96&d=mm&r=g","contentUrl":"https:\/\/secure.gravatar.com\/avatar\/42eea343007bb4bb43265a1df0b9eebe3b0ff8ee578355b2f834803cdddc604a?s=96&d=mm&r=g","caption":"Luisa Maravilhas de Carvalho"},"url":"https:\/\/redelog.rj.gov.br\/redelog\/author\/luisa-carvalho\/"}]}},"_links":{"self":[{"href":"https:\/\/redelog.rj.gov.br\/redelog\/wp-json\/wp\/v2\/posts\/28179","targetHints":{"allow":["GET"]}}],"collection":[{"href":"https:\/\/redelog.rj.gov.br\/redelog\/wp-json\/wp\/v2\/posts"}],"about":[{"href":"https:\/\/redelog.rj.gov.br\/redelog\/wp-json\/wp\/v2\/types\/post"}],"author":[{"embeddable":true,"href":"https:\/\/redelog.rj.gov.br\/redelog\/wp-json\/wp\/v2\/users\/25"}],"replies":[{"embeddable":true,"href":"https:\/\/redelog.rj.gov.br\/redelog\/wp-json\/wp\/v2\/comments?post=28179"}],"version-history":[{"count":10,"href":"https:\/\/redelog.rj.gov.br\/redelog\/wp-json\/wp\/v2\/posts\/28179\/revisions"}],"predecessor-version":[{"id":29664,"href":"https:\/\/redelog.rj.gov.br\/redelog\/wp-json\/wp\/v2\/posts\/28179\/revisions\/29664"}],"wp:attachment":[{"href":"https:\/\/redelog.rj.gov.br\/redelog\/wp-json\/wp\/v2\/media?parent=28179"}],"wp:term":[{"taxonomy":"category","embeddable":true,"href":"https:\/\/redelog.rj.gov.br\/redelog\/wp-json\/wp\/v2\/categories?post=28179"},{"taxonomy":"post_tag","embeddable":true,"href":"https:\/\/redelog.rj.gov.br\/redelog\/wp-json\/wp\/v2\/tags?post=28179"}],"curies":[{"name":"wp","href":"https:\/\/api.w.org\/{rel}","templated":true}]}}